




{"id":41494,"date":"2013-12-06T21:56:00","date_gmt":"2013-12-06T18:56:00","guid":{"rendered":"http:\/\/qtmm.org\/?p=41494"},"modified":"2022-01-26T21:58:04","modified_gmt":"2022-01-26T18:58:04","slug":"refat-cubarov-aqmescitnin-merkeziy-meydaninda-miting-er-angi-maniaga-baqmadan-olacaq","status":"publish","type":"post","link":"https:\/\/qtmm.org\/qt\/refat-cubarov-aqmescitnin-merkeziy-meydaninda-miting-er-angi-maniaga-baqmadan-olacaq\/","title":{"rendered":"Refat \u00c7ubarov: Aqmescitni\u00f1 merkeziy meydan\u0131nda miting er angi mania\u011fa baqmadan olacaq"},"content":{"rendered":"\n<p>2013 senesi dekabr 6 k\u00fcn\u00fc Aqmescitte regional meclislerni\u00f1 reisleri i\u015ftirakinde Milliy Meclisni\u00f1 keni\u015fletilgen topla\u015fuv\u0131 ol\u0131p ke\u00e7ti.<\/p>\n\n\n\n<figure class=\"wp-block-image size-full\"><img loading=\"lazy\" decoding=\"async\" width=\"650\" height=\"304\" src=\"http:\/\/qtmm.org\/wp-content\/uploads\/2022\/01\/1_145.jpeg\" alt=\"\" class=\"wp-image-41495\" srcset=\"https:\/\/qtmm.org\/wp-content\/uploads\/2022\/01\/1_145.jpeg 650w, https:\/\/qtmm.org\/wp-content\/uploads\/2022\/01\/1_145-300x140.jpeg 300w\" sizes=\"auto, (max-width: 650px) 100vw, 650px\" \/><\/figure>\n\n\n\n<p>K\u00fcn tertibine 5 mesele qoyuld\u0131:<\/p>\n\n\n\n<p>1. Halqara insan aqlar\u0131 k\u00fcn\u00fcne ba\u011f\u0131\u015flan\u011fan B\u00fct\u00fcnq\u0131r\u0131m mitingine az\u0131rl\u0131qn\u0131\u00f1 keti\u015fat\u0131 aqq\u0131nda;<\/p>\n\n\n\n<p>2. Lenin rayon\u0131nda regional konferentsiya ke\u00e7ir\u00fcv aqq\u0131nda;<\/p>\n\n\n\n<p>3. Meclis yolba\u015f\u00e7\u0131lar\u0131 ve idare reberlerini\u00f1 Qurultay delegatlar\u0131, yerli milliy idare organlar\u0131n\u0131\u00f1 reisleri, maalliy \u015furalar deputatlar\u0131 ve musulman cemiyetlerini\u00f1 reislerinen &#8220;zonal&#8221; topla\u015fuvlar ke\u00e7ir\u00fcv aqq\u0131nda;<\/p>\n\n\n\n<p>4. Q\u0131r\u0131mtatar halq\u0131 Meclisini\u00f1 vaqt\u0131nca reglamentini tasdiqlav;<\/p>\n\n\n\n<p>5. Q\u0131r\u0131mtatar halq\u0131 Meclisini\u00f1 qurum b\u00f6l\u00fckleri aqq\u0131nda Nizamn\u0131\u00f1 tasdiqlanmas\u0131.<\/p>\n\n\n\n<figure class=\"wp-block-image size-full\"><img loading=\"lazy\" decoding=\"async\" width=\"650\" height=\"308\" src=\"http:\/\/qtmm.org\/wp-content\/uploads\/2022\/01\/2_148.jpeg\" alt=\"\" class=\"wp-image-41499\" srcset=\"https:\/\/qtmm.org\/wp-content\/uploads\/2022\/01\/2_148.jpeg 650w, https:\/\/qtmm.org\/wp-content\/uploads\/2022\/01\/2_148-300x142.jpeg 300w\" sizes=\"auto, (max-width: 650px) 100vw, 650px\" \/><\/figure>\n\n\n\n<p>Halqara insan aqlar\u0131 k\u00fcn\u00fcne ba\u011f\u0131\u015flan\u011fan B\u00fct\u00fcnq\u0131r\u0131m mitingi meselesi boyunca \u00e7\u0131q\u0131\u015fta bulun\u011fan Meclis reisi Refat \u00c7ubarov Aqmescitni\u00f1 merkeziy meydan\u0131nda miting er angi mania\u011fa baqmadan olacaq, dedi.<\/p>\n\n\n\n<p>Jurnalistlerge bu hususta izaat berirken Refat \u00c7ubarov \u015f\u00f6yle dedi: &#8220;K\u00f6rgeni\u00f1iz kibi ayn\u0131 problem \u2013 em Kiyevde, em Aqmescitte naratn\u0131 qoyalar. \u015eu munasebetnen olar (Aqmescit \u015feer icra komiteti) evelden il\u00e2n etilgen mitingni bizge Sal\u011f\u0131r ba\u011f\u00e7as\u0131nda ke\u00e7irmekni tevsiye eteler. Biz ise Aqmescit \u015feer icra komitetini\u00f1 bu teklifini esass\u0131z ve uydur\u0131l\u011fan, dep sayam\u0131z. E\u00f1 m\u00fcimi \u015funda ki, biz bir aftadan berli miting merkeziy meydan\u011fa ke\u00e7ecegini er keske il\u00e2n etkenimizden so\u00f1 \u015feericrakomn\u0131\u00f1 bu tevsiyelerine riayet etip olamam\u0131z&#8221;.<\/p>\n\n\n\n<figure class=\"wp-block-image size-full\"><img loading=\"lazy\" decoding=\"async\" width=\"650\" height=\"265\" src=\"http:\/\/qtmm.org\/wp-content\/uploads\/2022\/01\/3_115.jpeg\" alt=\"\" class=\"wp-image-41503\" srcset=\"https:\/\/qtmm.org\/wp-content\/uploads\/2022\/01\/3_115.jpeg 650w, https:\/\/qtmm.org\/wp-content\/uploads\/2022\/01\/3_115-300x122.jpeg 300w\" sizes=\"auto, (max-width: 650px) 100vw, 650px\" \/><\/figure>\n\n\n\n<p>Bun\u0131\u00f1 ki bi Refat \u00c7ubarov dedi ki, miting te\u015fki\u015fl\u00e2t\u00e7\u0131lar\u0131 naratqa zarar tiysetmeden mitingni\u00f1 davas\u0131z, t\u0131n\u00e7 ke\u00e7mesini temin eterler.<\/p>\n\n\n\n<p>Meclis azalar\u0131 Lenin regional konferentsiyas\u0131n\u0131 2013 senesi dekabr 21-de ke\u00e7irmekni qararla\u015ft\u0131rd\u0131lar. Regional konferentsiyas\u0131nda Lenin regional meclisini\u00f1 reisi saylanacaq.<\/p>\n\n\n\n<p>Meclis reisini\u00f1 muavini Zaur Smirnov topla\u015fuv i\u015ftirak\u00e7ilerine Meclis yolba\u015f\u00e7\u0131lar\u0131 ve idare reberlerini\u00f1 Qurultay delegatlar\u0131, yerli milliy idare organlar\u0131n\u0131\u00f1 reisleri, maalliy \u015furalar deputatlar\u0131 ve musulman cemiyetlerini\u00f1 reislerinen 2013 senesini\u00f1 so\u00f1una qadar &#8220;zonal&#8221; topla\u015fuvlar ke\u00e7ir\u00fcv aqq\u0131nda ayt\u0131rken, birinci b\u00f6yle topla\u015fuvn\u0131\u00f1 Saqta dekabr 7 k\u00fcn\u00fc ke\u00e7ecegini haber etti. Topla\u015fuvlar cedvelinen ise Meclisni\u00f1 sayt\u0131nda tan\u0131\u015f olmaq m\u00fcmk\u00fcn.<\/p>\n\n\n\n<figure class=\"wp-block-image size-full\"><img loading=\"lazy\" decoding=\"async\" width=\"650\" height=\"318\" src=\"http:\/\/qtmm.org\/wp-content\/uploads\/2022\/01\/4_104.jpeg\" alt=\"\" class=\"wp-image-41507\" srcset=\"https:\/\/qtmm.org\/wp-content\/uploads\/2022\/01\/4_104.jpeg 650w, https:\/\/qtmm.org\/wp-content\/uploads\/2022\/01\/4_104-300x147.jpeg 300w\" sizes=\"auto, (max-width: 650px) 100vw, 650px\" \/><\/figure>\n\n\n\n<p>Meclisni\u00f1 vaqt\u0131nca reglamenti esas olaraq qabul etildi. Meclis prezidium\u0131na bazarertesi dekabr 9 k\u00fcn\u00fc Meclis ve Qurultay Tefti\u015f komissiyas\u0131n\u0131\u00f1 t\u00fczet\u00fcvleri esapqa al\u0131n\u011fan\u0131 alda dekabr 9 k\u00fcn\u00fc Vaqt\u0131nca reglamentni\u00f1 so\u00f1 \u015fekilini qabul etmek avale olund\u0131.<\/p>\n\n\n\n<p>Q\u0131r\u0131mtatar halq\u0131 Meclisini\u00f1 qurum b\u00f6l\u00fckleri aqq\u0131nda Nizam da esas olaraq qabul etildi. T\u00fczet\u00fcv ve qo\u015fumcalar ile mezk\u00fcr nizam Meclisni\u00f1 kelecek topla\u015fuv\u0131nda tasdiqlanacaq.<\/p>\n\n\n\n<p>Meclis topla\u015fuv\u0131nda musafir olaraq bulun\u011fan Halq areketi Q\u0131r\u0131m \u015ftab\u0131n\u0131\u00f1 e\u015f koordinator\u0131 Sergey Kovalskiy \u00e7\u0131q\u0131\u015fta bulun\u0131p, dekabr 7 k\u00fcn\u00fc Ukraina yevrointegratsiyas\u0131 i\u00e7\u00fcn nevbetteki miting ke\u00e7irilecegini haber etti ve er kesni i\u015ftirak etmege \u00e7a\u011f\u0131rd\u0131.<\/p>\n\n\n\n<p>Esas meselelerni\u00f1 muzakeresinden so\u00f1 Kiyevde Mustaqillik meydan\u0131ndaki vaziyet baq\u0131ld\u0131. Meclis reisini\u00f1 muavini Ahtem \u00c7iygoz Kiyevde al-az\u0131rda ne qadar q\u0131r\u0131mtatarlar bulun\u011fan\u0131, naraz\u0131l\u0131q aktsiyan\u0131\u00f1 ba\u015f\u0131ndan qa\u00e7 adam i\u015ftirak etkeni aqq\u0131nda mal\u00fcmat berdi.<\/p>\n\n\n\n<p>Bun\u0131\u00f1 kibi de o, qayd etti ki, Ukraina yevrointegratsiyas\u0131 i\u00e7\u00fcn aktsiyada i\u015ftirak etmek i\u00e7\u00fcn Kiyevge \u00e7oq adam ketmege istegenini bildirdi.<\/p>\n","protected":false},"excerpt":{"rendered":"<p>2013 senesi dekabr 6 k\u00fcn\u00fc Aqmescitte regional meclislerni\u00f1 reisleri i\u015ftirakinde Milliy Meclisni\u00f1 keni\u015fletilgen topla\u015fuv\u0131 ol\u0131p ke\u00e7ti. K\u00fcn tertibine 5 mesele qoyuld\u0131: 1. Halqara insan aqlar\u0131 k\u00fcn\u00fcne ba\u011f\u0131\u015flan\u011fan B\u00fct\u00fcnq\u0131r\u0131m mitingine az\u0131rl\u0131qn\u0131\u00f1 keti\u015fat\u0131 aqq\u0131nda; 2. Lenin rayon\u0131nda regional konferentsiya ke\u00e7ir\u00fcv aqq\u0131nda; 3. Meclis yolba\u015f\u00e7\u0131lar\u0131 ve idare reberlerini\u00f1 Qurultay delegatlar\u0131, yerli milliy idare organlar\u0131n\u0131\u00f1 reisleri, maalliy \u015furalar deputatlar\u0131 [&hellip;]<\/p>\n","protected":false},"author":1,"featured_media":41511,"comment_status":"open","ping_status":"open","sticky":false,"template":"","format":"standard","meta":{"inline_featured_image":false,"footnotes":""},"categories":[265],"tags":[],"class_list":["post-41494","post","type-post","status-publish","format-standard","has-post-thumbnail","hentry","category-haberler"],"acf":[],"yoast_head":"<!-- This site is optimized with the Yoast SEO plugin v27.4 - https:\/\/yoast.com\/product\/yoast-seo-wordpress\/ -->\n<title>Refat \u00c7ubarov: Aqmescitni\u00f1 merkeziy meydan\u0131nda miting er angi mania\u011fa baqmadan olacaq - \u041c\u0435\u0434\u0436\u043b\u0456\u0441<\/title>\n<meta name=\"robots\" content=\"index, follow, max-snippet:-1, max-image-preview:large, max-video-preview:-1\" \/>\n<link rel=\"canonical\" href=\"https:\/\/qtmm.org\/qt\/refat-cubarov-aqmescitnin-merkeziy-meydaninda-miting-er-angi-maniaga-baqmadan-olacaq\/\" \/>\n<meta property=\"og:locale\" content=\"en_US\" \/>\n<meta property=\"og:type\" content=\"article\" \/>\n<meta property=\"og:title\" content=\"Refat \u00c7ubarov: Aqmescitni\u00f1 merkeziy meydan\u0131nda miting er angi mania\u011fa baqmadan olacaq - \u041c\u0435\u0434\u0436\u043b\u0456\u0441\" \/>\n<meta property=\"og:description\" content=\"2013 senesi dekabr 6 k\u00fcn\u00fc Aqmescitte regional meclislerni\u00f1 reisleri i\u015ftirakinde Milliy Meclisni\u00f1 keni\u015fletilgen topla\u015fuv\u0131 ol\u0131p ke\u00e7ti. K\u00fcn tertibine 5 mesele qoyuld\u0131: 1. Halqara insan aqlar\u0131 k\u00fcn\u00fcne ba\u011f\u0131\u015flan\u011fan B\u00fct\u00fcnq\u0131r\u0131m mitingine az\u0131rl\u0131qn\u0131\u00f1 keti\u015fat\u0131 aqq\u0131nda; 2. Lenin rayon\u0131nda regional konferentsiya ke\u00e7ir\u00fcv aqq\u0131nda; 3. Meclis yolba\u015f\u00e7\u0131lar\u0131 ve idare reberlerini\u00f1 Qurultay delegatlar\u0131, yerli milliy idare organlar\u0131n\u0131\u00f1 reisleri, maalliy \u015furalar deputatlar\u0131 [&hellip;]\" \/>\n<meta property=\"og:url\" content=\"https:\/\/qtmm.org\/qt\/refat-cubarov-aqmescitnin-merkeziy-meydaninda-miting-er-angi-maniaga-baqmadan-olacaq\/\" \/>\n<meta property=\"og:site_name\" content=\"\u041c\u0435\u0434\u0436\u043b\u0456\u0441\" \/>\n<meta property=\"article:publisher\" content=\"https:\/\/www.facebook.com\/qtmm.info\/\" \/>\n<meta property=\"article:published_time\" content=\"2013-12-06T18:56:00+00:00\" \/>\n<meta property=\"article:modified_time\" content=\"2022-01-26T18:58:04+00:00\" \/>\n<meta property=\"og:image\" content=\"https:\/\/qtmm.org\/wp-content\/uploads\/2022\/01\/5_64.jpeg\" \/>\n\t<meta property=\"og:image:width\" content=\"650\" \/>\n\t<meta property=\"og:image:height\" content=\"355\" \/>\n\t<meta property=\"og:image:type\" content=\"image\/jpeg\" \/>\n<meta name=\"author\" content=\"Developer\" \/>\n<meta name=\"twitter:card\" content=\"summary_large_image\" \/>\n<meta name=\"twitter:label1\" content=\"Written by\" \/>\n\t<meta name=\"twitter:data1\" content=\"Developer\" \/>\n\t<meta name=\"twitter:label2\" content=\"Est. reading time\" \/>\n\t<meta name=\"twitter:data2\" content=\"3 minutes\" \/>\n<script type=\"application\/ld+json\" class=\"yoast-schema-graph\">{\"@context\":\"https:\\\/\\\/schema.org\",\"@graph\":[{\"@type\":\"Article\",\"@id\":\"https:\\\/\\\/qtmm.org\\\/qt\\\/refat-cubarov-aqmescitnin-merkeziy-meydaninda-miting-er-angi-maniaga-baqmadan-olacaq\\\/#article\",\"isPartOf\":{\"@id\":\"https:\\\/\\\/qtmm.org\\\/qt\\\/refat-cubarov-aqmescitnin-merkeziy-meydaninda-miting-er-angi-maniaga-baqmadan-olacaq\\\/\"},\"author\":{\"name\":\"Developer\",\"@id\":\"https:\\\/\\\/qtmm.org\\\/qt\\\/#\\\/schema\\\/person\\\/de562469f971dec226ac06e60bbf74a7\"},\"headline\":\"Refat \u00c7ubarov: Aqmescitni\u00f1 merkeziy meydan\u0131nda miting er angi mania\u011fa baqmadan olacaq\",\"datePublished\":\"2013-12-06T18:56:00+00:00\",\"dateModified\":\"2022-01-26T18:58:04+00:00\",\"mainEntityOfPage\":{\"@id\":\"https:\\\/\\\/qtmm.org\\\/qt\\\/refat-cubarov-aqmescitnin-merkeziy-meydaninda-miting-er-angi-maniaga-baqmadan-olacaq\\\/\"},\"wordCount\":547,\"commentCount\":0,\"publisher\":{\"@id\":\"https:\\\/\\\/qtmm.org\\\/qt\\\/#organization\"},\"image\":{\"@id\":\"https:\\\/\\\/qtmm.org\\\/qt\\\/refat-cubarov-aqmescitnin-merkeziy-meydaninda-miting-er-angi-maniaga-baqmadan-olacaq\\\/#primaryimage\"},\"thumbnailUrl\":\"https:\\\/\\\/qtmm.org\\\/wp-content\\\/uploads\\\/2022\\\/01\\\/5_64.jpeg\",\"articleSection\":[\"Haberler\"],\"inLanguage\":\"qt\",\"potentialAction\":[{\"@type\":\"CommentAction\",\"name\":\"Comment\",\"target\":[\"https:\\\/\\\/qtmm.org\\\/qt\\\/refat-cubarov-aqmescitnin-merkeziy-meydaninda-miting-er-angi-maniaga-baqmadan-olacaq\\\/#respond\"]}]},{\"@type\":\"WebPage\",\"@id\":\"https:\\\/\\\/qtmm.org\\\/qt\\\/refat-cubarov-aqmescitnin-merkeziy-meydaninda-miting-er-angi-maniaga-baqmadan-olacaq\\\/\",\"url\":\"https:\\\/\\\/qtmm.org\\\/qt\\\/refat-cubarov-aqmescitnin-merkeziy-meydaninda-miting-er-angi-maniaga-baqmadan-olacaq\\\/\",\"name\":\"Refat \u00c7ubarov: Aqmescitni\u00f1 merkeziy meydan\u0131nda miting er angi mania\u011fa baqmadan olacaq - \u041c\u0435\u0434\u0436\u043b\u0456\u0441\",\"isPartOf\":{\"@id\":\"https:\\\/\\\/qtmm.org\\\/qt\\\/#website\"},\"primaryImageOfPage\":{\"@id\":\"https:\\\/\\\/qtmm.org\\\/qt\\\/refat-cubarov-aqmescitnin-merkeziy-meydaninda-miting-er-angi-maniaga-baqmadan-olacaq\\\/#primaryimage\"},\"image\":{\"@id\":\"https:\\\/\\\/qtmm.org\\\/qt\\\/refat-cubarov-aqmescitnin-merkeziy-meydaninda-miting-er-angi-maniaga-baqmadan-olacaq\\\/#primaryimage\"},\"thumbnailUrl\":\"https:\\\/\\\/qtmm.org\\\/wp-content\\\/uploads\\\/2022\\\/01\\\/5_64.jpeg\",\"datePublished\":\"2013-12-06T18:56:00+00:00\",\"dateModified\":\"2022-01-26T18:58:04+00:00\",\"breadcrumb\":{\"@id\":\"https:\\\/\\\/qtmm.org\\\/qt\\\/refat-cubarov-aqmescitnin-merkeziy-meydaninda-miting-er-angi-maniaga-baqmadan-olacaq\\\/#breadcrumb\"},\"inLanguage\":\"qt\",\"potentialAction\":[{\"@type\":\"ReadAction\",\"target\":[\"https:\\\/\\\/qtmm.org\\\/qt\\\/refat-cubarov-aqmescitnin-merkeziy-meydaninda-miting-er-angi-maniaga-baqmadan-olacaq\\\/\"]}]},{\"@type\":\"ImageObject\",\"inLanguage\":\"qt\",\"@id\":\"https:\\\/\\\/qtmm.org\\\/qt\\\/refat-cubarov-aqmescitnin-merkeziy-meydaninda-miting-er-angi-maniaga-baqmadan-olacaq\\\/#primaryimage\",\"url\":\"https:\\\/\\\/qtmm.org\\\/wp-content\\\/uploads\\\/2022\\\/01\\\/5_64.jpeg\",\"contentUrl\":\"https:\\\/\\\/qtmm.org\\\/wp-content\\\/uploads\\\/2022\\\/01\\\/5_64.jpeg\",\"width\":650,\"height\":355},{\"@type\":\"BreadcrumbList\",\"@id\":\"https:\\\/\\\/qtmm.org\\\/qt\\\/refat-cubarov-aqmescitnin-merkeziy-meydaninda-miting-er-angi-maniaga-baqmadan-olacaq\\\/#breadcrumb\",\"itemListElement\":[{\"@type\":\"ListItem\",\"position\":1,\"name\":\"\u0413\u043e\u043b\u043e\u0432\u043d\u0430\",\"item\":\"https:\\\/\\\/qtmm.org\\\/qt\\\/\"},{\"@type\":\"ListItem\",\"position\":2,\"name\":\"Refat \u00c7ubarov: Aqmescitni\u00f1 merkeziy meydan\u0131nda miting er angi mania\u011fa baqmadan olacaq\"}]},{\"@type\":\"WebSite\",\"@id\":\"https:\\\/\\\/qtmm.org\\\/qt\\\/#website\",\"url\":\"https:\\\/\\\/qtmm.org\\\/qt\\\/\",\"name\":\"\u041c\u0435\u0434\u0436\u043b\u0456\u0441\",\"description\":\"\",\"publisher\":{\"@id\":\"https:\\\/\\\/qtmm.org\\\/qt\\\/#organization\"},\"potentialAction\":[{\"@type\":\"SearchAction\",\"target\":{\"@type\":\"EntryPoint\",\"urlTemplate\":\"https:\\\/\\\/qtmm.org\\\/qt\\\/?s={search_term_string}\"},\"query-input\":{\"@type\":\"PropertyValueSpecification\",\"valueRequired\":true,\"valueName\":\"search_term_string\"}}],\"inLanguage\":\"qt\"},{\"@type\":\"Organization\",\"@id\":\"https:\\\/\\\/qtmm.org\\\/qt\\\/#organization\",\"name\":\"\u041c\u0435\u0434\u0436\u043b\u0456\u0441\",\"url\":\"https:\\\/\\\/qtmm.org\\\/qt\\\/\",\"logo\":{\"@type\":\"ImageObject\",\"inLanguage\":\"qt\",\"@id\":\"https:\\\/\\\/qtmm.org\\\/qt\\\/#\\\/schema\\\/logo\\\/image\\\/\",\"url\":\"https:\\\/\\\/qtmm.org\\\/wp-content\\\/uploads\\\/2024\\\/12\\\/ua-mejlis-logo-rgb.svg\",\"contentUrl\":\"https:\\\/\\\/qtmm.org\\\/wp-content\\\/uploads\\\/2024\\\/12\\\/ua-mejlis-logo-rgb.svg\",\"caption\":\"\u041c\u0435\u0434\u0436\u043b\u0456\u0441\"},\"image\":{\"@id\":\"https:\\\/\\\/qtmm.org\\\/qt\\\/#\\\/schema\\\/logo\\\/image\\\/\"},\"sameAs\":[\"https:\\\/\\\/www.facebook.com\\\/qtmm.info\\\/\"]},{\"@type\":\"Person\",\"@id\":\"https:\\\/\\\/qtmm.org\\\/qt\\\/#\\\/schema\\\/person\\\/de562469f971dec226ac06e60bbf74a7\",\"name\":\"Developer\",\"image\":{\"@type\":\"ImageObject\",\"inLanguage\":\"qt\",\"@id\":\"https:\\\/\\\/secure.gravatar.com\\\/avatar\\\/392b4cc8fbfeb00b39dfeeab4ee6edded39ffd48e25858637e4765810300227e?s=96&d=mm&r=g\",\"url\":\"https:\\\/\\\/secure.gravatar.com\\\/avatar\\\/392b4cc8fbfeb00b39dfeeab4ee6edded39ffd48e25858637e4765810300227e?s=96&d=mm&r=g\",\"contentUrl\":\"https:\\\/\\\/secure.gravatar.com\\\/avatar\\\/392b4cc8fbfeb00b39dfeeab4ee6edded39ffd48e25858637e4765810300227e?s=96&d=mm&r=g\",\"caption\":\"Developer\"},\"url\":\"https:\\\/\\\/qtmm.org\\\/qt\\\/author\\\/Developer\\\/\"}]}<\/script>\n<!-- \/ Yoast SEO plugin. -->","yoast_head_json":{"title":"Refat \u00c7ubarov: Aqmescitni\u00f1 merkeziy meydan\u0131nda miting er angi mania\u011fa baqmadan olacaq - \u041c\u0435\u0434\u0436\u043b\u0456\u0441","robots":{"index":"index","follow":"follow","max-snippet":"max-snippet:-1","max-image-preview":"max-image-preview:large","max-video-preview":"max-video-preview:-1"},"canonical":"https:\/\/qtmm.org\/qt\/refat-cubarov-aqmescitnin-merkeziy-meydaninda-miting-er-angi-maniaga-baqmadan-olacaq\/","og_locale":"en_US","og_type":"article","og_title":"Refat \u00c7ubarov: Aqmescitni\u00f1 merkeziy meydan\u0131nda miting er angi mania\u011fa baqmadan olacaq - \u041c\u0435\u0434\u0436\u043b\u0456\u0441","og_description":"2013 senesi dekabr 6 k\u00fcn\u00fc Aqmescitte regional meclislerni\u00f1 reisleri i\u015ftirakinde Milliy Meclisni\u00f1 keni\u015fletilgen topla\u015fuv\u0131 ol\u0131p ke\u00e7ti. K\u00fcn tertibine 5 mesele qoyuld\u0131: 1. Halqara insan aqlar\u0131 k\u00fcn\u00fcne ba\u011f\u0131\u015flan\u011fan B\u00fct\u00fcnq\u0131r\u0131m mitingine az\u0131rl\u0131qn\u0131\u00f1 keti\u015fat\u0131 aqq\u0131nda; 2. Lenin rayon\u0131nda regional konferentsiya ke\u00e7ir\u00fcv aqq\u0131nda; 3. Meclis yolba\u015f\u00e7\u0131lar\u0131 ve idare reberlerini\u00f1 Qurultay delegatlar\u0131, yerli milliy idare organlar\u0131n\u0131\u00f1 reisleri, maalliy \u015furalar deputatlar\u0131 [&hellip;]","og_url":"https:\/\/qtmm.org\/qt\/refat-cubarov-aqmescitnin-merkeziy-meydaninda-miting-er-angi-maniaga-baqmadan-olacaq\/","og_site_name":"\u041c\u0435\u0434\u0436\u043b\u0456\u0441","article_publisher":"https:\/\/www.facebook.com\/qtmm.info\/","article_published_time":"2013-12-06T18:56:00+00:00","article_modified_time":"2022-01-26T18:58:04+00:00","og_image":[{"width":650,"height":355,"url":"https:\/\/qtmm.org\/wp-content\/uploads\/2022\/01\/5_64.jpeg","type":"image\/jpeg"}],"author":"Developer","twitter_card":"summary_large_image","twitter_misc":{"Written by":"Developer","Est. reading time":"3 minutes"},"schema":{"@context":"https:\/\/schema.org","@graph":[{"@type":"Article","@id":"https:\/\/qtmm.org\/qt\/refat-cubarov-aqmescitnin-merkeziy-meydaninda-miting-er-angi-maniaga-baqmadan-olacaq\/#article","isPartOf":{"@id":"https:\/\/qtmm.org\/qt\/refat-cubarov-aqmescitnin-merkeziy-meydaninda-miting-er-angi-maniaga-baqmadan-olacaq\/"},"author":{"name":"Developer","@id":"https:\/\/qtmm.org\/qt\/#\/schema\/person\/de562469f971dec226ac06e60bbf74a7"},"headline":"Refat \u00c7ubarov: Aqmescitni\u00f1 merkeziy meydan\u0131nda miting er angi mania\u011fa baqmadan olacaq","datePublished":"2013-12-06T18:56:00+00:00","dateModified":"2022-01-26T18:58:04+00:00","mainEntityOfPage":{"@id":"https:\/\/qtmm.org\/qt\/refat-cubarov-aqmescitnin-merkeziy-meydaninda-miting-er-angi-maniaga-baqmadan-olacaq\/"},"wordCount":547,"commentCount":0,"publisher":{"@id":"https:\/\/qtmm.org\/qt\/#organization"},"image":{"@id":"https:\/\/qtmm.org\/qt\/refat-cubarov-aqmescitnin-merkeziy-meydaninda-miting-er-angi-maniaga-baqmadan-olacaq\/#primaryimage"},"thumbnailUrl":"https:\/\/qtmm.org\/wp-content\/uploads\/2022\/01\/5_64.jpeg","articleSection":["Haberler"],"inLanguage":"qt","potentialAction":[{"@type":"CommentAction","name":"Comment","target":["https:\/\/qtmm.org\/qt\/refat-cubarov-aqmescitnin-merkeziy-meydaninda-miting-er-angi-maniaga-baqmadan-olacaq\/#respond"]}]},{"@type":"WebPage","@id":"https:\/\/qtmm.org\/qt\/refat-cubarov-aqmescitnin-merkeziy-meydaninda-miting-er-angi-maniaga-baqmadan-olacaq\/","url":"https:\/\/qtmm.org\/qt\/refat-cubarov-aqmescitnin-merkeziy-meydaninda-miting-er-angi-maniaga-baqmadan-olacaq\/","name":"Refat \u00c7ubarov: Aqmescitni\u00f1 merkeziy meydan\u0131nda miting er angi mania\u011fa baqmadan olacaq - \u041c\u0435\u0434\u0436\u043b\u0456\u0441","isPartOf":{"@id":"https:\/\/qtmm.org\/qt\/#website"},"primaryImageOfPage":{"@id":"https:\/\/qtmm.org\/qt\/refat-cubarov-aqmescitnin-merkeziy-meydaninda-miting-er-angi-maniaga-baqmadan-olacaq\/#primaryimage"},"image":{"@id":"https:\/\/qtmm.org\/qt\/refat-cubarov-aqmescitnin-merkeziy-meydaninda-miting-er-angi-maniaga-baqmadan-olacaq\/#primaryimage"},"thumbnailUrl":"https:\/\/qtmm.org\/wp-content\/uploads\/2022\/01\/5_64.jpeg","datePublished":"2013-12-06T18:56:00+00:00","dateModified":"2022-01-26T18:58:04+00:00","breadcrumb":{"@id":"https:\/\/qtmm.org\/qt\/refat-cubarov-aqmescitnin-merkeziy-meydaninda-miting-er-angi-maniaga-baqmadan-olacaq\/#breadcrumb"},"inLanguage":"qt","potentialAction":[{"@type":"ReadAction","target":["https:\/\/qtmm.org\/qt\/refat-cubarov-aqmescitnin-merkeziy-meydaninda-miting-er-angi-maniaga-baqmadan-olacaq\/"]}]},{"@type":"ImageObject","inLanguage":"qt","@id":"https:\/\/qtmm.org\/qt\/refat-cubarov-aqmescitnin-merkeziy-meydaninda-miting-er-angi-maniaga-baqmadan-olacaq\/#primaryimage","url":"https:\/\/qtmm.org\/wp-content\/uploads\/2022\/01\/5_64.jpeg","contentUrl":"https:\/\/qtmm.org\/wp-content\/uploads\/2022\/01\/5_64.jpeg","width":650,"height":355},{"@type":"BreadcrumbList","@id":"https:\/\/qtmm.org\/qt\/refat-cubarov-aqmescitnin-merkeziy-meydaninda-miting-er-angi-maniaga-baqmadan-olacaq\/#breadcrumb","itemListElement":[{"@type":"ListItem","position":1,"name":"\u0413\u043e\u043b\u043e\u0432\u043d\u0430","item":"https:\/\/qtmm.org\/qt\/"},{"@type":"ListItem","position":2,"name":"Refat \u00c7ubarov: Aqmescitni\u00f1 merkeziy meydan\u0131nda miting er angi mania\u011fa baqmadan olacaq"}]},{"@type":"WebSite","@id":"https:\/\/qtmm.org\/qt\/#website","url":"https:\/\/qtmm.org\/qt\/","name":"\u041c\u0435\u0434\u0436\u043b\u0456\u0441","description":"","publisher":{"@id":"https:\/\/qtmm.org\/qt\/#organization"},"potentialAction":[{"@type":"SearchAction","target":{"@type":"EntryPoint","urlTemplate":"https:\/\/qtmm.org\/qt\/?s={search_term_string}"},"query-input":{"@type":"PropertyValueSpecification","valueRequired":true,"valueName":"search_term_string"}}],"inLanguage":"qt"},{"@type":"Organization","@id":"https:\/\/qtmm.org\/qt\/#organization","name":"\u041c\u0435\u0434\u0436\u043b\u0456\u0441","url":"https:\/\/qtmm.org\/qt\/","logo":{"@type":"ImageObject","inLanguage":"qt","@id":"https:\/\/qtmm.org\/qt\/#\/schema\/logo\/image\/","url":"https:\/\/qtmm.org\/wp-content\/uploads\/2024\/12\/ua-mejlis-logo-rgb.svg","contentUrl":"https:\/\/qtmm.org\/wp-content\/uploads\/2024\/12\/ua-mejlis-logo-rgb.svg","caption":"\u041c\u0435\u0434\u0436\u043b\u0456\u0441"},"image":{"@id":"https:\/\/qtmm.org\/qt\/#\/schema\/logo\/image\/"},"sameAs":["https:\/\/www.facebook.com\/qtmm.info\/"]},{"@type":"Person","@id":"https:\/\/qtmm.org\/qt\/#\/schema\/person\/de562469f971dec226ac06e60bbf74a7","name":"Developer","image":{"@type":"ImageObject","inLanguage":"qt","@id":"https:\/\/secure.gravatar.com\/avatar\/392b4cc8fbfeb00b39dfeeab4ee6edded39ffd48e25858637e4765810300227e?s=96&d=mm&r=g","url":"https:\/\/secure.gravatar.com\/avatar\/392b4cc8fbfeb00b39dfeeab4ee6edded39ffd48e25858637e4765810300227e?s=96&d=mm&r=g","contentUrl":"https:\/\/secure.gravatar.com\/avatar\/392b4cc8fbfeb00b39dfeeab4ee6edded39ffd48e25858637e4765810300227e?s=96&d=mm&r=g","caption":"Developer"},"url":"https:\/\/qtmm.org\/qt\/author\/Developer\/"}]}},"_links":{"self":[{"href":"https:\/\/qtmm.org\/qt\/wp-json\/wp\/v2\/posts\/41494","targetHints":{"allow":["GET"]}}],"collection":[{"href":"https:\/\/qtmm.org\/qt\/wp-json\/wp\/v2\/posts"}],"about":[{"href":"https:\/\/qtmm.org\/qt\/wp-json\/wp\/v2\/types\/post"}],"author":[{"embeddable":true,"href":"https:\/\/qtmm.org\/qt\/wp-json\/wp\/v2\/users\/1"}],"replies":[{"embeddable":true,"href":"https:\/\/qtmm.org\/qt\/wp-json\/wp\/v2\/comments?post=41494"}],"version-history":[{"count":1,"href":"https:\/\/qtmm.org\/qt\/wp-json\/wp\/v2\/posts\/41494\/revisions"}],"predecessor-version":[{"id":41515,"href":"https:\/\/qtmm.org\/qt\/wp-json\/wp\/v2\/posts\/41494\/revisions\/41515"}],"wp:featuredmedia":[{"embeddable":true,"href":"https:\/\/qtmm.org\/qt\/wp-json\/wp\/v2\/media\/41511"}],"wp:attachment":[{"href":"https:\/\/qtmm.org\/qt\/wp-json\/wp\/v2\/media?parent=41494"}],"wp:term":[{"taxonomy":"category","embeddable":true,"href":"https:\/\/qtmm.org\/qt\/wp-json\/wp\/v2\/categories?post=41494"},{"taxonomy":"post_tag","embeddable":true,"href":"https:\/\/qtmm.org\/qt\/wp-json\/wp\/v2\/tags?post=41494"}],"curies":[{"name":"wp","href":"https:\/\/api.w.org\/{rel}","templated":true}]}}