




{"id":41418,"date":"2013-12-06T21:50:00","date_gmt":"2013-12-06T18:50:00","guid":{"rendered":"http:\/\/qtmm.org\/?p=41418"},"modified":"2022-01-26T21:52:38","modified_gmt":"2022-01-26T18:52:38","slug":"meclis-azadari-ve-muftiyat-milliy-areket-istirakcisi-lutfi-bekirovni-85-yasinen-hayirladilar","status":"publish","type":"post","link":"https:\/\/qtmm.org\/qt\/meclis-azadari-ve-muftiyat-milliy-areket-istirakcisi-lutfi-bekirovni-85-yasinen-hayirladilar\/","title":{"rendered":"Meclis azadar\u0131 ve M\u00fcftiyat milliy areket i\u015ftirak\u00e7isi L\u00fctfi Bekirovn\u0131 85 ya\u015f\u0131nen hay\u0131rlad\u0131lar"},"content":{"rendered":"\n<p>Dekabr 5 k\u00fcn\u00fc Q\u0131r\u0131mtatar halq\u0131 milliy areketini\u00f1 veteran\u0131 L\u00fctfi Bekirov 85 ya\u015f\u0131n\u0131 toldurd\u0131. Qurman rayon\u0131n\u0131\u00f1 Nekrasovo k\u00f6y\u00fcnde L\u00fctfi a\u011fa ailesinen ya\u015fa\u011fan evge on\u0131 hay\u0131rlamaq i\u00e7\u00fcn Q\u0131r\u0131m musulmanlar\u0131n\u0131\u00f1 M\u00fcftiyi Emirali Ablayev, on\u0131\u00f1 muavini Ayder \u0130smailov, Meclis reisini\u00f1 muavini Ayder Acimambetov, K\u00e2tibiyet ba\u015f\u0131 Dil\u00e2ver Akiyev, Meclisni\u00f1 t\u0131\u015f al\u00e2qalar b\u00f6l\u00fcgini\u00f1 ba\u015f\u0131 Ali Hamzin, Meclis azas\u0131 \u015eevket Kaybullayev, Qurultay Merkeziy saylav komissiyas\u0131n\u0131\u00f1 reisi Zair Smedl\u00e2yev ve milliy areket veteranlar\u0131 Zevcet Kurtumerov ve Kurtseit Abdullayev keldiler.<\/p>\n\n\n\n<figure class=\"wp-block-image size-full\"><img loading=\"lazy\" decoding=\"async\" width=\"800\" height=\"536\" src=\"http:\/\/qtmm.org\/wp-content\/uploads\/2022\/01\/zk.jpeg\" alt=\"\" class=\"wp-image-41423\" srcset=\"https:\/\/qtmm.org\/wp-content\/uploads\/2022\/01\/zk.jpeg 800w, https:\/\/qtmm.org\/wp-content\/uploads\/2022\/01\/zk-300x201.jpeg 300w, https:\/\/qtmm.org\/wp-content\/uploads\/2022\/01\/zk-768x515.jpeg 768w\" sizes=\"auto, (max-width: 800px) 100vw, 800px\" \/><\/figure>\n\n\n\n<p>Musafirler L\u00fctfi Bekirov\u011fa halq\u0131m\u0131zn\u0131 vatan\u011fa qaytaruv o\u011frundaki areketke qo\u015fqan issesi i\u00e7\u00fcn te\u015fekk\u00fcr bildiripr, yubil\u00e2r\u011fa sa\u011fl\u0131q tilep, aile ve yaq\u0131nlar\u0131na eyi tileklerde bulund\u0131lar.<\/p>\n\n\n\n<figure class=\"wp-block-image size-full\"><img loading=\"lazy\" decoding=\"async\" width=\"800\" height=\"536\" src=\"http:\/\/qtmm.org\/wp-content\/uploads\/2022\/01\/lutfiybekirov08.jpeg\" alt=\"\" class=\"wp-image-41427\" srcset=\"https:\/\/qtmm.org\/wp-content\/uploads\/2022\/01\/lutfiybekirov08.jpeg 800w, https:\/\/qtmm.org\/wp-content\/uploads\/2022\/01\/lutfiybekirov08-300x201.jpeg 300w, https:\/\/qtmm.org\/wp-content\/uploads\/2022\/01\/lutfiybekirov08-768x515.jpeg 768w\" sizes=\"auto, (max-width: 800px) 100vw, 800px\" \/><\/figure>\n\n\n\n<figure class=\"wp-block-image size-full\"><img loading=\"lazy\" decoding=\"async\" width=\"800\" height=\"536\" src=\"http:\/\/qtmm.org\/wp-content\/uploads\/2022\/01\/lutfiybekirov09.jpeg\" alt=\"\" class=\"wp-image-41431\" srcset=\"https:\/\/qtmm.org\/wp-content\/uploads\/2022\/01\/lutfiybekirov09.jpeg 800w, https:\/\/qtmm.org\/wp-content\/uploads\/2022\/01\/lutfiybekirov09-300x201.jpeg 300w, https:\/\/qtmm.org\/wp-content\/uploads\/2022\/01\/lutfiybekirov09-768x515.jpeg 768w\" sizes=\"auto, (max-width: 800px) 100vw, 800px\" \/><\/figure>\n\n\n\n<p>L\u00fctfi Bekirov o\u00f1a k\u00f6sterilgen b\u00f6yle say\u011f\u0131-diqqattan \u011fayet tesirlenip, musafirlerni qoqul\u0131 qave ve tatl\u0131larnen s\u0131ylad\u0131.<\/p>\n\n\n\n<div class=\"wp-block-image\"><figure class=\"aligncenter size-full\"><img loading=\"lazy\" decoding=\"async\" width=\"536\" height=\"800\" src=\"http:\/\/qtmm.org\/wp-content\/uploads\/2022\/01\/lutfiybekirov02.jpeg\" alt=\"\" class=\"wp-image-41435\" srcset=\"https:\/\/qtmm.org\/wp-content\/uploads\/2022\/01\/lutfiybekirov02.jpeg 536w, https:\/\/qtmm.org\/wp-content\/uploads\/2022\/01\/lutfiybekirov02-201x300.jpeg 201w\" sizes=\"auto, (max-width: 536px) 100vw, 536px\" \/><\/figure><\/div>\n\n\n\n<p><em><strong>Mal\u00fcmat<\/strong><\/em>:&nbsp;&nbsp;<em>L\u00fctfi Bekirov 5 dekabr k\u00fcn\u00fc 1928 senesi Ba\u011f\u00e7asaray rayon\u0131ndaki Eski-Yurt k\u00f6y\u00fcnde Bekir ve \u00dcriye Aliyevler ailesinde d\u00fcnya\u011fa keldi. Cenk vaqt\u0131nda L\u00fctfi fa\u015fistlerge qar\u015f\u0131 vereqalar darqatqan. 1944 senesi aprel ay\u0131nda Q\u0131r\u0131m fa\u015fistlerden azat etildi ve yerli sakinlerni\u00f1 evlerine sovet askerlerini yerle\u015ftirdiler. L\u00fctfini\u00f1 babas\u0131nen dost ol\u011fan sovet subay\u0131 s\u00fcrg\u00fcnlik aqq\u0131nda haber etip, kerek \u015feylerini toplama\u011fa imk\u00e2n berdi. L\u00fctfi ailesinen 12 gece-k\u00fcnd\u00fcz sas\u0131q vagonlar i\u00e7inde ketip. Bekabad vil\u00e2yetindeki bir q\u0131\u015flaqqa ketirildi ve evel mahb\u00fcsler tutul\u011fan baraqlarda yerle\u015ftirildi. 1964 senesi<\/em><\/p>\n\n\n\n<p><em>L\u00fctfi Ta\u015fkent politehnika institut\u0131n\u0131\u00f1 &#8220;Tezya ve aletler&#8221; fakultetine kire. Bekabadda o Cebbar Akimovnen tan\u0131\u015f ola ve on\u0131 \u00f6z\u00fcni\u00f1 ocas\u0131 dep saya. \u00d6zbekistanda te\u015febb\u00fcs\u00e7i gruppalar, maalle komitetleri te\u015fkil oluna. Olarn\u0131\u00f1 vazifesi delegatlarn\u0131 yollamaq i\u00e7\u00fcn para, halq vesiqalar\u0131 alt\u0131na imzalarn\u0131 toplav ve ealini ol\u011fan vaqialardan haberdar etmekten ibaret edi. \u0130\u015fte o zaman L\u00fctfi ait organlarn\u0131\u00f1 nezareti ast\u0131na t\u00fc\u015fe. 1966 senesi okt\u00e2br ay\u0131nda L\u00fctfi Bekirovn\u0131 ta\u00f1da evine kelip yaqalay ve 15 sutka\u011fa qapaylar. Q\u0131r\u0131mtatarlarn\u0131\u00f1 naraz\u0131l\u0131q mitingine toplan\u011fan 500-den ziyade insan i\u00e7inden organlar 7 adamn\u0131 se\u00e7e ve olarn\u0131 &#8220;topla\u015fuv te\u015fkil\u00e2tland\u0131r\u011fanlar\u0131nda&#8221; qabaatlap \u00e7e\u015fit m\u00fcddetke \u00fck\u00fcm eteler.<\/em><\/p>\n\n\n\n<p><em>1968 senesi L\u00fctfi a\u011fa verbovka boyunca Q\u0131r\u0131m\u011fa qayta. Bir qa\u00e7 q\u0131r\u0131mtatar qorantas\u0131n\u0131 Nekrasovo k\u00f6y\u00fcne yerle\u015ftireler. Olar k\u00fcnd\u00fcz devletke, aq\u015fam ise \u00f6z azbar\u0131nda \u00e7al\u0131\u015falar ve milliy areketni de devam eteler. L\u00fctfi Bekirov, \u0130rfan Rustemov ve \u0130zzet Usta k\u00f6yde te\u015febb\u00fcs\u00e7i gruppa tizeler. Q\u0131r\u0131mda ya\u015fa\u011fan q\u0131r\u0131mtatarlar\u011fa tan\u0131\u015flar, aqrabalar kelip, eV ve i\u015f q\u0131d\u0131ralar. Amma yerli akimiyet olar\u011fa nisbeten zuluml\u0131q yapa. A\u011fas\u0131 \u0130zzetni\u00f1 yan\u0131na kelip, bo\u015f evde yerle\u015fken S\u0131dd\u0131h Ustan\u0131 milisler avtomat ve k\u00f6peklernen quv\u0131p \u00e7\u0131qaralar. Olarn\u0131 qor\u00e7alama\u011fa kelgen 20 adam yaqalana. Acele mahkeme yapalar.<\/em><\/p>\n\n\n\n<p><em>1979 senesi L\u00fctfi Bekirov 4 y\u0131l\u011fa, \u0130zzet Usta \u2013 3 y\u0131l\u011fa ve Seyran H\u0131rhara 3 y\u0131l\u011fa azatl\u0131qtan mahrum etileler. Bundan evel 1972 senesi L\u00fctfi Bekirov on\u0131\u00f1 azbar\u0131na kirip \u015famarla\u011fan sarho\u015f adam\u011fa \u015famarnen cevaplan\u011fan\u0131 i\u00e7\u00fcn 2,5 y\u0131l\u011fa \u00fck\u00fcm etilgen edi. As\u0131l\u0131nda bu planla\u015ft\u0131r\u0131l\u011fan bir fesat edi. O zaman L\u00fctfi Bekirov \u00c7ernovts\u0131da yer alt\u0131nda \u00e7al\u0131\u015ft\u0131.<\/em><\/p>\n\n\n\n<p><em>Q\u0131r\u0131m\u011fa k\u00f6\u00e7ip kelgen semetde\u015flerge L\u00fctfi a\u011fa elinden kelgeni qadar yard\u0131m etti. Halq meselesine dair b\u00fct\u00fcn aktsiya ve tedbirlerde faal qatna\u015ft\u0131. Nekrasovo k\u00f6y\u00fcnde cami quruc\u0131l\u0131\u011f\u0131n\u0131\u00f1 i\u015ftirak\u00e7ilerinden biridir.<\/em><\/p>\n\n\n\n<p><em>Bug\u00fcnde-bug\u00fcn L\u00fctfi Bekirov milliy areketteki safda\u015flar\u0131, eki y\u0131l evelsi rahmetli ol\u011fan 60 y\u0131ll\u0131q \u00f6m\u00fcr arqada\u015f\u0131 G\u00fclnarn\u0131 hat\u0131rlap ya\u015famaqta. Olar beraber \u00fc\u00e7 evl\u00e2t \u00f6st\u00fcrdiler. Evl\u00e2tlar\u0131 ise 8 torun ve 6 torun\u00e7e ba\u011f\u0131\u015flad\u0131lar.<\/em><\/p>\n","protected":false},"excerpt":{"rendered":"<p>Dekabr 5 k\u00fcn\u00fc Q\u0131r\u0131mtatar halq\u0131 milliy areketini\u00f1 veteran\u0131 L\u00fctfi Bekirov 85 ya\u015f\u0131n\u0131 toldurd\u0131. Qurman rayon\u0131n\u0131\u00f1 Nekrasovo k\u00f6y\u00fcnde L\u00fctfi a\u011fa ailesinen ya\u015fa\u011fan evge on\u0131 hay\u0131rlamaq i\u00e7\u00fcn Q\u0131r\u0131m musulmanlar\u0131n\u0131\u00f1 M\u00fcftiyi Emirali Ablayev, on\u0131\u00f1 muavini Ayder \u0130smailov, Meclis reisini\u00f1 muavini Ayder Acimambetov, K\u00e2tibiyet ba\u015f\u0131 Dil\u00e2ver Akiyev, Meclisni\u00f1 t\u0131\u015f al\u00e2qalar b\u00f6l\u00fcgini\u00f1 ba\u015f\u0131 Ali Hamzin, Meclis azas\u0131 \u015eevket Kaybullayev, Qurultay [&hellip;]<\/p>\n","protected":false},"author":1,"featured_media":41419,"comment_status":"open","ping_status":"open","sticky":false,"template":"","format":"standard","meta":{"inline_featured_image":false,"footnotes":""},"categories":[265],"tags":[],"class_list":["post-41418","post","type-post","status-publish","format-standard","has-post-thumbnail","hentry","category-haberler"],"acf":[],"yoast_head":"<!-- This site is optimized with the Yoast SEO plugin v27.4 - https:\/\/yoast.com\/product\/yoast-seo-wordpress\/ -->\n<title>Meclis azadar\u0131 ve M\u00fcftiyat milliy areket i\u015ftirak\u00e7isi L\u00fctfi Bekirovn\u0131 85 ya\u015f\u0131nen hay\u0131rlad\u0131lar - \u041c\u0435\u0434\u0436\u043b\u0456\u0441<\/title>\n<meta name=\"robots\" content=\"index, follow, max-snippet:-1, max-image-preview:large, max-video-preview:-1\" \/>\n<link rel=\"canonical\" href=\"https:\/\/qtmm.org\/qt\/meclis-azadari-ve-muftiyat-milliy-areket-istirakcisi-lutfi-bekirovni-85-yasinen-hayirladilar\/\" \/>\n<meta property=\"og:locale\" content=\"en_US\" \/>\n<meta property=\"og:type\" content=\"article\" \/>\n<meta property=\"og:title\" content=\"Meclis azadar\u0131 ve M\u00fcftiyat milliy areket i\u015ftirak\u00e7isi L\u00fctfi Bekirovn\u0131 85 ya\u015f\u0131nen hay\u0131rlad\u0131lar - \u041c\u0435\u0434\u0436\u043b\u0456\u0441\" \/>\n<meta property=\"og:description\" content=\"Dekabr 5 k\u00fcn\u00fc Q\u0131r\u0131mtatar halq\u0131 milliy areketini\u00f1 veteran\u0131 L\u00fctfi Bekirov 85 ya\u015f\u0131n\u0131 toldurd\u0131. Qurman rayon\u0131n\u0131\u00f1 Nekrasovo k\u00f6y\u00fcnde L\u00fctfi a\u011fa ailesinen ya\u015fa\u011fan evge on\u0131 hay\u0131rlamaq i\u00e7\u00fcn Q\u0131r\u0131m musulmanlar\u0131n\u0131\u00f1 M\u00fcftiyi Emirali Ablayev, on\u0131\u00f1 muavini Ayder \u0130smailov, Meclis reisini\u00f1 muavini Ayder Acimambetov, K\u00e2tibiyet ba\u015f\u0131 Dil\u00e2ver Akiyev, Meclisni\u00f1 t\u0131\u015f al\u00e2qalar b\u00f6l\u00fcgini\u00f1 ba\u015f\u0131 Ali Hamzin, Meclis azas\u0131 \u015eevket Kaybullayev, Qurultay [&hellip;]\" \/>\n<meta property=\"og:url\" content=\"https:\/\/qtmm.org\/qt\/meclis-azadari-ve-muftiyat-milliy-areket-istirakcisi-lutfi-bekirovni-85-yasinen-hayirladilar\/\" \/>\n<meta property=\"og:site_name\" content=\"\u041c\u0435\u0434\u0436\u043b\u0456\u0441\" \/>\n<meta property=\"article:publisher\" content=\"https:\/\/www.facebook.com\/qtmm.info\/\" \/>\n<meta property=\"article:published_time\" content=\"2013-12-06T18:50:00+00:00\" \/>\n<meta property=\"article:modified_time\" content=\"2022-01-26T18:52:38+00:00\" \/>\n<meta property=\"og:image\" content=\"https:\/\/qtmm.org\/wp-content\/uploads\/2022\/01\/lutfiybekirov03.jpeg\" \/>\n\t<meta property=\"og:image:width\" content=\"800\" \/>\n\t<meta property=\"og:image:height\" content=\"536\" \/>\n\t<meta property=\"og:image:type\" content=\"image\/jpeg\" \/>\n<meta name=\"author\" content=\"Developer\" \/>\n<meta name=\"twitter:card\" content=\"summary_large_image\" \/>\n<meta name=\"twitter:label1\" content=\"Written by\" \/>\n\t<meta name=\"twitter:data1\" content=\"Developer\" \/>\n\t<meta name=\"twitter:label2\" content=\"Est. reading time\" \/>\n\t<meta name=\"twitter:data2\" content=\"3 minutes\" \/>\n<script type=\"application\/ld+json\" class=\"yoast-schema-graph\">{\"@context\":\"https:\\\/\\\/schema.org\",\"@graph\":[{\"@type\":\"Article\",\"@id\":\"https:\\\/\\\/qtmm.org\\\/qt\\\/meclis-azadari-ve-muftiyat-milliy-areket-istirakcisi-lutfi-bekirovni-85-yasinen-hayirladilar\\\/#article\",\"isPartOf\":{\"@id\":\"https:\\\/\\\/qtmm.org\\\/qt\\\/meclis-azadari-ve-muftiyat-milliy-areket-istirakcisi-lutfi-bekirovni-85-yasinen-hayirladilar\\\/\"},\"author\":{\"name\":\"Developer\",\"@id\":\"https:\\\/\\\/qtmm.org\\\/qt\\\/#\\\/schema\\\/person\\\/de562469f971dec226ac06e60bbf74a7\"},\"headline\":\"Meclis azadar\u0131 ve M\u00fcftiyat milliy areket i\u015ftirak\u00e7isi L\u00fctfi Bekirovn\u0131 85 ya\u015f\u0131nen hay\u0131rlad\u0131lar\",\"datePublished\":\"2013-12-06T18:50:00+00:00\",\"dateModified\":\"2022-01-26T18:52:38+00:00\",\"mainEntityOfPage\":{\"@id\":\"https:\\\/\\\/qtmm.org\\\/qt\\\/meclis-azadari-ve-muftiyat-milliy-areket-istirakcisi-lutfi-bekirovni-85-yasinen-hayirladilar\\\/\"},\"wordCount\":687,\"commentCount\":0,\"publisher\":{\"@id\":\"https:\\\/\\\/qtmm.org\\\/qt\\\/#organization\"},\"image\":{\"@id\":\"https:\\\/\\\/qtmm.org\\\/qt\\\/meclis-azadari-ve-muftiyat-milliy-areket-istirakcisi-lutfi-bekirovni-85-yasinen-hayirladilar\\\/#primaryimage\"},\"thumbnailUrl\":\"https:\\\/\\\/qtmm.org\\\/wp-content\\\/uploads\\\/2022\\\/01\\\/lutfiybekirov03.jpeg\",\"articleSection\":[\"Haberler\"],\"inLanguage\":\"qt\",\"potentialAction\":[{\"@type\":\"CommentAction\",\"name\":\"Comment\",\"target\":[\"https:\\\/\\\/qtmm.org\\\/qt\\\/meclis-azadari-ve-muftiyat-milliy-areket-istirakcisi-lutfi-bekirovni-85-yasinen-hayirladilar\\\/#respond\"]}]},{\"@type\":\"WebPage\",\"@id\":\"https:\\\/\\\/qtmm.org\\\/qt\\\/meclis-azadari-ve-muftiyat-milliy-areket-istirakcisi-lutfi-bekirovni-85-yasinen-hayirladilar\\\/\",\"url\":\"https:\\\/\\\/qtmm.org\\\/qt\\\/meclis-azadari-ve-muftiyat-milliy-areket-istirakcisi-lutfi-bekirovni-85-yasinen-hayirladilar\\\/\",\"name\":\"Meclis azadar\u0131 ve M\u00fcftiyat milliy areket i\u015ftirak\u00e7isi L\u00fctfi Bekirovn\u0131 85 ya\u015f\u0131nen hay\u0131rlad\u0131lar - \u041c\u0435\u0434\u0436\u043b\u0456\u0441\",\"isPartOf\":{\"@id\":\"https:\\\/\\\/qtmm.org\\\/qt\\\/#website\"},\"primaryImageOfPage\":{\"@id\":\"https:\\\/\\\/qtmm.org\\\/qt\\\/meclis-azadari-ve-muftiyat-milliy-areket-istirakcisi-lutfi-bekirovni-85-yasinen-hayirladilar\\\/#primaryimage\"},\"image\":{\"@id\":\"https:\\\/\\\/qtmm.org\\\/qt\\\/meclis-azadari-ve-muftiyat-milliy-areket-istirakcisi-lutfi-bekirovni-85-yasinen-hayirladilar\\\/#primaryimage\"},\"thumbnailUrl\":\"https:\\\/\\\/qtmm.org\\\/wp-content\\\/uploads\\\/2022\\\/01\\\/lutfiybekirov03.jpeg\",\"datePublished\":\"2013-12-06T18:50:00+00:00\",\"dateModified\":\"2022-01-26T18:52:38+00:00\",\"breadcrumb\":{\"@id\":\"https:\\\/\\\/qtmm.org\\\/qt\\\/meclis-azadari-ve-muftiyat-milliy-areket-istirakcisi-lutfi-bekirovni-85-yasinen-hayirladilar\\\/#breadcrumb\"},\"inLanguage\":\"qt\",\"potentialAction\":[{\"@type\":\"ReadAction\",\"target\":[\"https:\\\/\\\/qtmm.org\\\/qt\\\/meclis-azadari-ve-muftiyat-milliy-areket-istirakcisi-lutfi-bekirovni-85-yasinen-hayirladilar\\\/\"]}]},{\"@type\":\"ImageObject\",\"inLanguage\":\"qt\",\"@id\":\"https:\\\/\\\/qtmm.org\\\/qt\\\/meclis-azadari-ve-muftiyat-milliy-areket-istirakcisi-lutfi-bekirovni-85-yasinen-hayirladilar\\\/#primaryimage\",\"url\":\"https:\\\/\\\/qtmm.org\\\/wp-content\\\/uploads\\\/2022\\\/01\\\/lutfiybekirov03.jpeg\",\"contentUrl\":\"https:\\\/\\\/qtmm.org\\\/wp-content\\\/uploads\\\/2022\\\/01\\\/lutfiybekirov03.jpeg\",\"width\":800,\"height\":536},{\"@type\":\"BreadcrumbList\",\"@id\":\"https:\\\/\\\/qtmm.org\\\/qt\\\/meclis-azadari-ve-muftiyat-milliy-areket-istirakcisi-lutfi-bekirovni-85-yasinen-hayirladilar\\\/#breadcrumb\",\"itemListElement\":[{\"@type\":\"ListItem\",\"position\":1,\"name\":\"\u0413\u043e\u043b\u043e\u0432\u043d\u0430\",\"item\":\"https:\\\/\\\/qtmm.org\\\/qt\\\/\"},{\"@type\":\"ListItem\",\"position\":2,\"name\":\"Meclis azadar\u0131 ve M\u00fcftiyat milliy areket i\u015ftirak\u00e7isi L\u00fctfi Bekirovn\u0131 85 ya\u015f\u0131nen hay\u0131rlad\u0131lar\"}]},{\"@type\":\"WebSite\",\"@id\":\"https:\\\/\\\/qtmm.org\\\/qt\\\/#website\",\"url\":\"https:\\\/\\\/qtmm.org\\\/qt\\\/\",\"name\":\"\u041c\u0435\u0434\u0436\u043b\u0456\u0441\",\"description\":\"\",\"publisher\":{\"@id\":\"https:\\\/\\\/qtmm.org\\\/qt\\\/#organization\"},\"potentialAction\":[{\"@type\":\"SearchAction\",\"target\":{\"@type\":\"EntryPoint\",\"urlTemplate\":\"https:\\\/\\\/qtmm.org\\\/qt\\\/?s={search_term_string}\"},\"query-input\":{\"@type\":\"PropertyValueSpecification\",\"valueRequired\":true,\"valueName\":\"search_term_string\"}}],\"inLanguage\":\"qt\"},{\"@type\":\"Organization\",\"@id\":\"https:\\\/\\\/qtmm.org\\\/qt\\\/#organization\",\"name\":\"\u041c\u0435\u0434\u0436\u043b\u0456\u0441\",\"url\":\"https:\\\/\\\/qtmm.org\\\/qt\\\/\",\"logo\":{\"@type\":\"ImageObject\",\"inLanguage\":\"qt\",\"@id\":\"https:\\\/\\\/qtmm.org\\\/qt\\\/#\\\/schema\\\/logo\\\/image\\\/\",\"url\":\"https:\\\/\\\/qtmm.org\\\/wp-content\\\/uploads\\\/2024\\\/12\\\/ua-mejlis-logo-rgb.svg\",\"contentUrl\":\"https:\\\/\\\/qtmm.org\\\/wp-content\\\/uploads\\\/2024\\\/12\\\/ua-mejlis-logo-rgb.svg\",\"caption\":\"\u041c\u0435\u0434\u0436\u043b\u0456\u0441\"},\"image\":{\"@id\":\"https:\\\/\\\/qtmm.org\\\/qt\\\/#\\\/schema\\\/logo\\\/image\\\/\"},\"sameAs\":[\"https:\\\/\\\/www.facebook.com\\\/qtmm.info\\\/\"]},{\"@type\":\"Person\",\"@id\":\"https:\\\/\\\/qtmm.org\\\/qt\\\/#\\\/schema\\\/person\\\/de562469f971dec226ac06e60bbf74a7\",\"name\":\"Developer\",\"image\":{\"@type\":\"ImageObject\",\"inLanguage\":\"qt\",\"@id\":\"https:\\\/\\\/secure.gravatar.com\\\/avatar\\\/392b4cc8fbfeb00b39dfeeab4ee6edded39ffd48e25858637e4765810300227e?s=96&d=mm&r=g\",\"url\":\"https:\\\/\\\/secure.gravatar.com\\\/avatar\\\/392b4cc8fbfeb00b39dfeeab4ee6edded39ffd48e25858637e4765810300227e?s=96&d=mm&r=g\",\"contentUrl\":\"https:\\\/\\\/secure.gravatar.com\\\/avatar\\\/392b4cc8fbfeb00b39dfeeab4ee6edded39ffd48e25858637e4765810300227e?s=96&d=mm&r=g\",\"caption\":\"Developer\"},\"url\":\"https:\\\/\\\/qtmm.org\\\/qt\\\/author\\\/Developer\\\/\"}]}<\/script>\n<!-- \/ Yoast SEO plugin. -->","yoast_head_json":{"title":"Meclis azadar\u0131 ve M\u00fcftiyat milliy areket i\u015ftirak\u00e7isi L\u00fctfi Bekirovn\u0131 85 ya\u015f\u0131nen hay\u0131rlad\u0131lar - \u041c\u0435\u0434\u0436\u043b\u0456\u0441","robots":{"index":"index","follow":"follow","max-snippet":"max-snippet:-1","max-image-preview":"max-image-preview:large","max-video-preview":"max-video-preview:-1"},"canonical":"https:\/\/qtmm.org\/qt\/meclis-azadari-ve-muftiyat-milliy-areket-istirakcisi-lutfi-bekirovni-85-yasinen-hayirladilar\/","og_locale":"en_US","og_type":"article","og_title":"Meclis azadar\u0131 ve M\u00fcftiyat milliy areket i\u015ftirak\u00e7isi L\u00fctfi Bekirovn\u0131 85 ya\u015f\u0131nen hay\u0131rlad\u0131lar - \u041c\u0435\u0434\u0436\u043b\u0456\u0441","og_description":"Dekabr 5 k\u00fcn\u00fc Q\u0131r\u0131mtatar halq\u0131 milliy areketini\u00f1 veteran\u0131 L\u00fctfi Bekirov 85 ya\u015f\u0131n\u0131 toldurd\u0131. Qurman rayon\u0131n\u0131\u00f1 Nekrasovo k\u00f6y\u00fcnde L\u00fctfi a\u011fa ailesinen ya\u015fa\u011fan evge on\u0131 hay\u0131rlamaq i\u00e7\u00fcn Q\u0131r\u0131m musulmanlar\u0131n\u0131\u00f1 M\u00fcftiyi Emirali Ablayev, on\u0131\u00f1 muavini Ayder \u0130smailov, Meclis reisini\u00f1 muavini Ayder Acimambetov, K\u00e2tibiyet ba\u015f\u0131 Dil\u00e2ver Akiyev, Meclisni\u00f1 t\u0131\u015f al\u00e2qalar b\u00f6l\u00fcgini\u00f1 ba\u015f\u0131 Ali Hamzin, Meclis azas\u0131 \u015eevket Kaybullayev, Qurultay [&hellip;]","og_url":"https:\/\/qtmm.org\/qt\/meclis-azadari-ve-muftiyat-milliy-areket-istirakcisi-lutfi-bekirovni-85-yasinen-hayirladilar\/","og_site_name":"\u041c\u0435\u0434\u0436\u043b\u0456\u0441","article_publisher":"https:\/\/www.facebook.com\/qtmm.info\/","article_published_time":"2013-12-06T18:50:00+00:00","article_modified_time":"2022-01-26T18:52:38+00:00","og_image":[{"width":800,"height":536,"url":"https:\/\/qtmm.org\/wp-content\/uploads\/2022\/01\/lutfiybekirov03.jpeg","type":"image\/jpeg"}],"author":"Developer","twitter_card":"summary_large_image","twitter_misc":{"Written by":"Developer","Est. reading time":"3 minutes"},"schema":{"@context":"https:\/\/schema.org","@graph":[{"@type":"Article","@id":"https:\/\/qtmm.org\/qt\/meclis-azadari-ve-muftiyat-milliy-areket-istirakcisi-lutfi-bekirovni-85-yasinen-hayirladilar\/#article","isPartOf":{"@id":"https:\/\/qtmm.org\/qt\/meclis-azadari-ve-muftiyat-milliy-areket-istirakcisi-lutfi-bekirovni-85-yasinen-hayirladilar\/"},"author":{"name":"Developer","@id":"https:\/\/qtmm.org\/qt\/#\/schema\/person\/de562469f971dec226ac06e60bbf74a7"},"headline":"Meclis azadar\u0131 ve M\u00fcftiyat milliy areket i\u015ftirak\u00e7isi L\u00fctfi Bekirovn\u0131 85 ya\u015f\u0131nen hay\u0131rlad\u0131lar","datePublished":"2013-12-06T18:50:00+00:00","dateModified":"2022-01-26T18:52:38+00:00","mainEntityOfPage":{"@id":"https:\/\/qtmm.org\/qt\/meclis-azadari-ve-muftiyat-milliy-areket-istirakcisi-lutfi-bekirovni-85-yasinen-hayirladilar\/"},"wordCount":687,"commentCount":0,"publisher":{"@id":"https:\/\/qtmm.org\/qt\/#organization"},"image":{"@id":"https:\/\/qtmm.org\/qt\/meclis-azadari-ve-muftiyat-milliy-areket-istirakcisi-lutfi-bekirovni-85-yasinen-hayirladilar\/#primaryimage"},"thumbnailUrl":"https:\/\/qtmm.org\/wp-content\/uploads\/2022\/01\/lutfiybekirov03.jpeg","articleSection":["Haberler"],"inLanguage":"qt","potentialAction":[{"@type":"CommentAction","name":"Comment","target":["https:\/\/qtmm.org\/qt\/meclis-azadari-ve-muftiyat-milliy-areket-istirakcisi-lutfi-bekirovni-85-yasinen-hayirladilar\/#respond"]}]},{"@type":"WebPage","@id":"https:\/\/qtmm.org\/qt\/meclis-azadari-ve-muftiyat-milliy-areket-istirakcisi-lutfi-bekirovni-85-yasinen-hayirladilar\/","url":"https:\/\/qtmm.org\/qt\/meclis-azadari-ve-muftiyat-milliy-areket-istirakcisi-lutfi-bekirovni-85-yasinen-hayirladilar\/","name":"Meclis azadar\u0131 ve M\u00fcftiyat milliy areket i\u015ftirak\u00e7isi L\u00fctfi Bekirovn\u0131 85 ya\u015f\u0131nen hay\u0131rlad\u0131lar - \u041c\u0435\u0434\u0436\u043b\u0456\u0441","isPartOf":{"@id":"https:\/\/qtmm.org\/qt\/#website"},"primaryImageOfPage":{"@id":"https:\/\/qtmm.org\/qt\/meclis-azadari-ve-muftiyat-milliy-areket-istirakcisi-lutfi-bekirovni-85-yasinen-hayirladilar\/#primaryimage"},"image":{"@id":"https:\/\/qtmm.org\/qt\/meclis-azadari-ve-muftiyat-milliy-areket-istirakcisi-lutfi-bekirovni-85-yasinen-hayirladilar\/#primaryimage"},"thumbnailUrl":"https:\/\/qtmm.org\/wp-content\/uploads\/2022\/01\/lutfiybekirov03.jpeg","datePublished":"2013-12-06T18:50:00+00:00","dateModified":"2022-01-26T18:52:38+00:00","breadcrumb":{"@id":"https:\/\/qtmm.org\/qt\/meclis-azadari-ve-muftiyat-milliy-areket-istirakcisi-lutfi-bekirovni-85-yasinen-hayirladilar\/#breadcrumb"},"inLanguage":"qt","potentialAction":[{"@type":"ReadAction","target":["https:\/\/qtmm.org\/qt\/meclis-azadari-ve-muftiyat-milliy-areket-istirakcisi-lutfi-bekirovni-85-yasinen-hayirladilar\/"]}]},{"@type":"ImageObject","inLanguage":"qt","@id":"https:\/\/qtmm.org\/qt\/meclis-azadari-ve-muftiyat-milliy-areket-istirakcisi-lutfi-bekirovni-85-yasinen-hayirladilar\/#primaryimage","url":"https:\/\/qtmm.org\/wp-content\/uploads\/2022\/01\/lutfiybekirov03.jpeg","contentUrl":"https:\/\/qtmm.org\/wp-content\/uploads\/2022\/01\/lutfiybekirov03.jpeg","width":800,"height":536},{"@type":"BreadcrumbList","@id":"https:\/\/qtmm.org\/qt\/meclis-azadari-ve-muftiyat-milliy-areket-istirakcisi-lutfi-bekirovni-85-yasinen-hayirladilar\/#breadcrumb","itemListElement":[{"@type":"ListItem","position":1,"name":"\u0413\u043e\u043b\u043e\u0432\u043d\u0430","item":"https:\/\/qtmm.org\/qt\/"},{"@type":"ListItem","position":2,"name":"Meclis azadar\u0131 ve M\u00fcftiyat milliy areket i\u015ftirak\u00e7isi L\u00fctfi Bekirovn\u0131 85 ya\u015f\u0131nen hay\u0131rlad\u0131lar"}]},{"@type":"WebSite","@id":"https:\/\/qtmm.org\/qt\/#website","url":"https:\/\/qtmm.org\/qt\/","name":"\u041c\u0435\u0434\u0436\u043b\u0456\u0441","description":"","publisher":{"@id":"https:\/\/qtmm.org\/qt\/#organization"},"potentialAction":[{"@type":"SearchAction","target":{"@type":"EntryPoint","urlTemplate":"https:\/\/qtmm.org\/qt\/?s={search_term_string}"},"query-input":{"@type":"PropertyValueSpecification","valueRequired":true,"valueName":"search_term_string"}}],"inLanguage":"qt"},{"@type":"Organization","@id":"https:\/\/qtmm.org\/qt\/#organization","name":"\u041c\u0435\u0434\u0436\u043b\u0456\u0441","url":"https:\/\/qtmm.org\/qt\/","logo":{"@type":"ImageObject","inLanguage":"qt","@id":"https:\/\/qtmm.org\/qt\/#\/schema\/logo\/image\/","url":"https:\/\/qtmm.org\/wp-content\/uploads\/2024\/12\/ua-mejlis-logo-rgb.svg","contentUrl":"https:\/\/qtmm.org\/wp-content\/uploads\/2024\/12\/ua-mejlis-logo-rgb.svg","caption":"\u041c\u0435\u0434\u0436\u043b\u0456\u0441"},"image":{"@id":"https:\/\/qtmm.org\/qt\/#\/schema\/logo\/image\/"},"sameAs":["https:\/\/www.facebook.com\/qtmm.info\/"]},{"@type":"Person","@id":"https:\/\/qtmm.org\/qt\/#\/schema\/person\/de562469f971dec226ac06e60bbf74a7","name":"Developer","image":{"@type":"ImageObject","inLanguage":"qt","@id":"https:\/\/secure.gravatar.com\/avatar\/392b4cc8fbfeb00b39dfeeab4ee6edded39ffd48e25858637e4765810300227e?s=96&d=mm&r=g","url":"https:\/\/secure.gravatar.com\/avatar\/392b4cc8fbfeb00b39dfeeab4ee6edded39ffd48e25858637e4765810300227e?s=96&d=mm&r=g","contentUrl":"https:\/\/secure.gravatar.com\/avatar\/392b4cc8fbfeb00b39dfeeab4ee6edded39ffd48e25858637e4765810300227e?s=96&d=mm&r=g","caption":"Developer"},"url":"https:\/\/qtmm.org\/qt\/author\/Developer\/"}]}},"_links":{"self":[{"href":"https:\/\/qtmm.org\/qt\/wp-json\/wp\/v2\/posts\/41418","targetHints":{"allow":["GET"]}}],"collection":[{"href":"https:\/\/qtmm.org\/qt\/wp-json\/wp\/v2\/posts"}],"about":[{"href":"https:\/\/qtmm.org\/qt\/wp-json\/wp\/v2\/types\/post"}],"author":[{"embeddable":true,"href":"https:\/\/qtmm.org\/qt\/wp-json\/wp\/v2\/users\/1"}],"replies":[{"embeddable":true,"href":"https:\/\/qtmm.org\/qt\/wp-json\/wp\/v2\/comments?post=41418"}],"version-history":[{"count":1,"href":"https:\/\/qtmm.org\/qt\/wp-json\/wp\/v2\/posts\/41418\/revisions"}],"predecessor-version":[{"id":41439,"href":"https:\/\/qtmm.org\/qt\/wp-json\/wp\/v2\/posts\/41418\/revisions\/41439"}],"wp:featuredmedia":[{"embeddable":true,"href":"https:\/\/qtmm.org\/qt\/wp-json\/wp\/v2\/media\/41419"}],"wp:attachment":[{"href":"https:\/\/qtmm.org\/qt\/wp-json\/wp\/v2\/media?parent=41418"}],"wp:term":[{"taxonomy":"category","embeddable":true,"href":"https:\/\/qtmm.org\/qt\/wp-json\/wp\/v2\/categories?post=41418"},{"taxonomy":"post_tag","embeddable":true,"href":"https:\/\/qtmm.org\/qt\/wp-json\/wp\/v2\/tags?post=41418"}],"curies":[{"name":"wp","href":"https:\/\/api.w.org\/{rel}","templated":true}]}}