




{"id":41404,"date":"2013-12-06T21:47:00","date_gmt":"2013-12-06T18:47:00","guid":{"rendered":"http:\/\/qtmm.org\/?p=41404"},"modified":"2022-01-26T21:49:53","modified_gmt":"2022-01-26T18:49:53","slug":"meclis-azalari-biz-qirim-sakinlerini-halqara-insan-aqlari-kunune-bagislangan-butunqirim-mitingge-qoltutmaga-cagiramiz","status":"publish","type":"post","link":"https:\/\/qtmm.org\/qt\/meclis-azalari-biz-qirim-sakinlerini-halqara-insan-aqlari-kunune-bagislangan-butunqirim-mitingge-qoltutmaga-cagiramiz\/","title":{"rendered":"Meclis azalar\u0131: Biz Q\u0131r\u0131m sakinlerini Halqara insan aqlar\u0131 k\u00fcn\u00fcne ba\u011f\u0131\u015flan\u011fan B\u00fct\u00fcnq\u0131r\u0131m mitingge qoltutma\u011fa \u00e7a\u011f\u0131ram\u0131z"},"content":{"rendered":"\n<p>2013 senesi dekabr 10 k\u00fcn\u00fc Aqmescitni\u00f1 merkeziy meydan\u0131nda Halqara insan aqlar\u0131 k\u00fcn\u00fcne ba\u011f\u0131\u015flan\u011fan B\u00fct\u00fcnq\u0131r\u0131m miting \u00f6tkerilecek. Mitingni\u00f1 ke\u00e7iri lmesi Ukraina qanunlar\u0131na muvaf\u0131q tertipte keli\u015fildi. Bu aqta dekabr 6 k\u00fcn\u00fc matbuat konferentsiyas\u0131nda Meclis reisini\u00f1 muavinleri Zaur Smirnov ve Nariman Cel\u00e2l, bun\u0131\u00f1 kibi de Meclisni\u00f1 adliye idaresini\u00f1 ba\u015f\u0131 Teyfuq \u011eafarov bildirdiler.<\/p>\n\n\n\n<p>Meclis reisini\u00f1 muavini Nariman Cel\u00e2l hat\u0131rlatt\u0131 ki \u0130nsan aqlar\u0131 boyunca deklaratsiya qabul etilgen k\u00fcn\u00fc 1950 senesinden itibaren d\u00fcnyan\u0131\u00f1 \u00e7e\u015fit yerlerinde aktsiya ve davas\u0131z mitingler ke\u00e7irilmekte.<\/p>\n\n\n\n<p>&#8220;Q\u0131r\u0131mtatar halq\u0131 milliy areketini\u00f1 bir \u00e7oq i\u015ftirak\u00e7ileri SSSRde uquqqor\u00e7alav areketine de qo\u015fuld\u0131lar, \u015fun\u0131\u00f1 i\u00e7\u00fcn de insan aqlar\u0131 i\u00e7\u00fcn k\u00fcre\u015f q\u0131r\u0131mtatarlar i\u00e7\u00fcn \u00f6z aqlar\u0131n\u0131\u00f1 \u011fayr\u0131dan tiklenmesi o\u011frundaki k\u00fcre\u015f old\u0131&#8221;, &#8211; dedi Nariman Cel\u00e2l ve qayd etti ki, Meclis Halqara insan aqlar\u0131 k\u00fcn\u00fcne pek b\u00fcy\u00fck diqqat ay\u0131ra ve er y\u0131l\u0131 dekabr 10 k\u00fcn\u00fc Aqmescitte B\u00fct\u00fcnq\u0131r\u0131m mitingi \u00f6tkerilmekte.<\/p>\n\n\n\n<p>Matbuat konferentsiyas\u0131n\u0131\u00f1 i\u015ftirak\u00e7ileri Meclis ad\u0131ndan Q\u0131r\u0131m sakinlerine muracaatta bulun\u0131p, Halqara insan aqlar\u0131 k\u00fcn\u00fcne ba\u011f\u0131\u015flan\u011fan B\u00fct\u00fcnq\u0131r\u0131m mitingine qoltutma\u011fa \u00e7a\u011f\u0131rd\u0131lar.<\/p>\n\n\n\n<p>&#8220;Biz Q\u0131r\u0131m sakinlerini, milletleri ve dinlerinden qatiy nazar, Ukraina \u00fck\u00fcmeti ve halqara cemaat\u00e7\u0131l\u0131qn\u0131\u00f1 y\u00fcz\u00fcne baq\u0131p Ukrainada insan aqlar\u0131n\u0131 qor\u00e7alav saas\u0131ndaki vaziyetni\u00f1 yaramay ol\u011fan\u0131n\u0131 a\u00e7\u0131qtan-a\u00e7\u0131q aytma\u011fa \u00e7a\u011f\u0131ram\u0131z, &#8211; dedi N. Cel\u00e2l. \u2013 Demek biz b\u00f6yle vaziyetnen raz\u0131 olma\u011fan\u0131m\u0131z ve \u00f6z aqlar\u0131m\u0131n\u0131 mahkemede ya da bug\u00fcn Ukrainada ol\u011fan\u0131 kibi \u00f6z \u015feerlerimizni\u00f1 soqaqlar\u0131nda qor\u00e7alama\u011fa az\u0131rl\u0131\u011f\u0131m\u0131zn\u0131 bildirmek kerekmiz&#8221;.<\/p>\n\n\n\n<figure class=\"wp-block-image size-full\"><img loading=\"lazy\" decoding=\"async\" width=\"650\" height=\"381\" src=\"http:\/\/qtmm.org\/wp-content\/uploads\/2022\/01\/photo_2_3.jpeg\" alt=\"\" class=\"wp-image-41409\" srcset=\"https:\/\/qtmm.org\/wp-content\/uploads\/2022\/01\/photo_2_3.jpeg 650w, https:\/\/qtmm.org\/wp-content\/uploads\/2022\/01\/photo_2_3-300x176.jpeg 300w\" sizes=\"auto, (max-width: 650px) 100vw, 650px\" \/><\/figure>\n\n\n\n<p>Matbuat konferentsiya i\u015ftirak\u00e7ilerini\u00f1 aytqanlar\u0131na k\u00f6re dekabr 10-da olacaq B\u00fct\u00fcnq\u0131r\u0131m mitingine Ukrainadaki i\u00e7timaiy-siyasiy vaziyet \u00f6z\u00fcne has bir \u00f6zg\u00fcnlik bere. &#8220;Ukrainan\u0131\u00f1 epsi vatanda\u015flar\u0131 Kiyevde ve diger \u015feerlerde bir aftadan ziyade vaq\u0131ttan berli belli bir talaplarn\u0131 \u00f6gge s\u00fcrgen Yevromaydan davas\u0131z naraz\u0131l\u0131q aktsiyalar\u0131 ke\u00e7irilgenini bileler, &#8211; dep qayd ettiler Meclis azalar\u0131.<\/p>\n\n\n\n<p>Belli ki, Meclis \u00f6z beyanat\u0131nda bu aktsiyalar\u011fa qoltutqan\u0131n\u0131 bildirip, memleketimizni\u00f1 yevrointegratsiya aqq\u0131ndaki qanunlar\u0131n\u0131\u00f1 edas\u0131n\u0131 teminlep olama\u011fan Nazirler Kabinetini\u00f1 istifa\u011fa ketmesi, Ukraina Yuqar\u0131 \u015euras\u0131na nevbetten t\u0131\u015f saylavlar ke\u00e7irilmesini talap etti&#8221;.<\/p>\n\n\n\n<p>Meclis reisini\u00f1 muavini Zaur Smirnov olacaq B\u00fct\u00fcnq\u0131r\u0131m mitingi aqq\u0131nda ayt\u0131rken, bu k\u00fcnlerde Kiyevde ol\u0131p ke\u00e7eyatqan OSCE azas\u0131 ol\u011fan devletlerni\u00f1 sammitinde esasen insan ve halqlarn\u0131\u00f1 aqlar\u0131n\u0131 qor\u00e7alav aqq\u0131nda laf ketkenini de aytt\u0131.<\/p>\n\n\n\n<p>&#8220;Dekabr 10 k\u00fcn\u00fc mitingde siyasiy-i\u00e7timaiy vaziyetten \u011fayr\u0131 Q\u0131r\u0131m tam\u0131r halq\u0131n\u0131\u00f1 aqlar\u0131 aqq\u0131nda meseleni de k\u00f6terecekmiz, &#8211; dedi Z. Smirnov. Birinci nevbette biz Ukrainan\u0131\u00f1 &#8220;Milliy mens\u00fcpligi boyunca s\u00fcrg\u00fcn etilgen \u015fah\u0131slarn\u0131\u00f1 aqlar\u0131n\u0131 \u011fayr\u0131dan tiklev aqq\u0131nda&#8221; qanun\u0131 qabul etilmesini tekrar talap etermiz&#8221;. Bun\u0131\u00f1 kibi de o, B\u00fct\u00fcnq\u0131r\u0131m mitinginde Q\u0131r\u0131mtatar halq\u0131 s\u00fcrg\u00fcn etilgenini\u00f1 70 y\u0131ll\u0131\u011f\u0131 arfesinde Halqara forum ke\u00e7irilmesini\u00f1 zarurl\u0131\u011f\u0131 aqq\u0131nda Ukraina yolba\u015f\u00e7\u0131lar\u0131 ad\u0131na Muracaat qabul etilecegini bildirdi.<\/p>\n\n\n\n<figure class=\"wp-block-image size-full\"><img loading=\"lazy\" decoding=\"async\" width=\"650\" height=\"305\" src=\"http:\/\/qtmm.org\/wp-content\/uploads\/2022\/01\/photo_3_4.jpeg\" alt=\"\" class=\"wp-image-41413\" srcset=\"https:\/\/qtmm.org\/wp-content\/uploads\/2022\/01\/photo_3_4.jpeg 650w, https:\/\/qtmm.org\/wp-content\/uploads\/2022\/01\/photo_3_4-300x141.jpeg 300w\" sizes=\"auto, (max-width: 650px) 100vw, 650px\" \/><\/figure>\n\n\n\n<p>&#8220;As\u0131l\u0131nda biz Ukraina ve Q\u0131r\u0131m akimiyetleri ve q\u0131r\u0131mtatarlarn\u0131\u00f1 vek\u00e2letli organ\u0131 aras\u0131nda s\u00f6yle\u015f\u00fcvlerni\u00f1 esas\u0131n\u0131 te\u015fkil etecek m\u00fcim meselelerni seslendiremiz&#8221;, &#8211; dedi Meclis reisini\u00f1 muavini Zaur Smirnov.<\/p>\n\n\n\n<p>Meclis adliye idaresini\u00f1 ba\u015f\u0131 Teyfuk \u011eafarov \u015fun\u0131 qayd etti ki, bir \u00e7oq semetde\u015flerimiz Meclisni\u00f1 idare ve h\u0131zmetlerine muracaat ettigi meselelerni\u00f1 \u00e7ezimi faqat halqn\u0131\u00f1 status\u0131 belgilengen ve ait qanun bazas\u0131, c\u00fcmleden &#8220;Milliy mens\u00fcpligi boyunca s\u00fcrg\u00fcn etilgen \u015fah\u0131slarn\u0131\u00f1 aqlar\u0131n\u0131 \u011fayr\u0131dan tiklev aqq\u0131nda&#8221; qanun qabul etilgen so\u00f1 m\u00fcmk\u00fcn olur.<\/p>\n\n\n\n<p>Teyfuk Gafarov emin ki, Ukrainada \u0130nsan aqlar\u0131n\u0131 qor\u00e7alav yal\u0131\u00f1\u0131z laf tart\u0131\u015fmas\u0131na \u00e7evrilmemek kerek. &#8220;Ukrainada vaziyet \u00f6yle ki, bir \u00e7oq meselelerni tek davas\u0131z aktsiyalarda i\u015ftirak et\u00fcvnen \u00e7ezmek m\u00fcmk\u00fcn olur.<\/p>\n\n\n\n<p>So\u00f1unda Meclis reisi N. Cel\u00e2l dekabr 10 k\u00fcn\u00fc olacaq miting Q\u0131r\u0131mtatar halq\u0131 s\u00fcrg\u00fcnligini\u00f1 70 y\u0131ll\u0131\u011f\u0131na ba\u011f\u0131\u015flan\u0131p aqiqatta Milliy Meclis imayesinde ke\u00e7irilecek umumq\u0131r\u0131m tedbirlerni\u00f1 ba\u015flan\u011f\u0131\u00e7\u0131 olacaq, dedi<\/p>\n","protected":false},"excerpt":{"rendered":"<p>2013 senesi dekabr 10 k\u00fcn\u00fc Aqmescitni\u00f1 merkeziy meydan\u0131nda Halqara insan aqlar\u0131 k\u00fcn\u00fcne ba\u011f\u0131\u015flan\u011fan B\u00fct\u00fcnq\u0131r\u0131m miting \u00f6tkerilecek. Mitingni\u00f1 ke\u00e7iri lmesi Ukraina qanunlar\u0131na muvaf\u0131q tertipte keli\u015fildi. Bu aqta dekabr 6 k\u00fcn\u00fc matbuat konferentsiyas\u0131nda Meclis reisini\u00f1 muavinleri Zaur Smirnov ve Nariman Cel\u00e2l, bun\u0131\u00f1 kibi de Meclisni\u00f1 adliye idaresini\u00f1 ba\u015f\u0131 Teyfuq \u011eafarov bildirdiler. Meclis reisini\u00f1 muavini Nariman Cel\u00e2l hat\u0131rlatt\u0131 [&hellip;]<\/p>\n","protected":false},"author":1,"featured_media":41405,"comment_status":"open","ping_status":"open","sticky":false,"template":"","format":"standard","meta":{"inline_featured_image":false,"footnotes":""},"categories":[265],"tags":[],"class_list":["post-41404","post","type-post","status-publish","format-standard","has-post-thumbnail","hentry","category-haberler"],"acf":[],"yoast_head":"<!-- This site is optimized with the Yoast SEO plugin v27.4 - https:\/\/yoast.com\/product\/yoast-seo-wordpress\/ -->\n<title>Meclis azalar\u0131: Biz Q\u0131r\u0131m sakinlerini Halqara insan aqlar\u0131 k\u00fcn\u00fcne ba\u011f\u0131\u015flan\u011fan B\u00fct\u00fcnq\u0131r\u0131m mitingge qoltutma\u011fa \u00e7a\u011f\u0131ram\u0131z - \u041c\u0435\u0434\u0436\u043b\u0456\u0441<\/title>\n<meta name=\"robots\" content=\"index, follow, max-snippet:-1, max-image-preview:large, max-video-preview:-1\" \/>\n<link rel=\"canonical\" href=\"https:\/\/qtmm.org\/qt\/meclis-azalari-biz-qirim-sakinlerini-halqara-insan-aqlari-kunune-bagislangan-butunqirim-mitingge-qoltutmaga-cagiramiz\/\" \/>\n<meta property=\"og:locale\" content=\"en_US\" \/>\n<meta property=\"og:type\" content=\"article\" \/>\n<meta property=\"og:title\" content=\"Meclis azalar\u0131: Biz Q\u0131r\u0131m sakinlerini Halqara insan aqlar\u0131 k\u00fcn\u00fcne ba\u011f\u0131\u015flan\u011fan B\u00fct\u00fcnq\u0131r\u0131m mitingge qoltutma\u011fa \u00e7a\u011f\u0131ram\u0131z - \u041c\u0435\u0434\u0436\u043b\u0456\u0441\" \/>\n<meta property=\"og:description\" content=\"2013 senesi dekabr 10 k\u00fcn\u00fc Aqmescitni\u00f1 merkeziy meydan\u0131nda Halqara insan aqlar\u0131 k\u00fcn\u00fcne ba\u011f\u0131\u015flan\u011fan B\u00fct\u00fcnq\u0131r\u0131m miting \u00f6tkerilecek. Mitingni\u00f1 ke\u00e7iri lmesi Ukraina qanunlar\u0131na muvaf\u0131q tertipte keli\u015fildi. Bu aqta dekabr 6 k\u00fcn\u00fc matbuat konferentsiyas\u0131nda Meclis reisini\u00f1 muavinleri Zaur Smirnov ve Nariman Cel\u00e2l, bun\u0131\u00f1 kibi de Meclisni\u00f1 adliye idaresini\u00f1 ba\u015f\u0131 Teyfuq \u011eafarov bildirdiler. Meclis reisini\u00f1 muavini Nariman Cel\u00e2l hat\u0131rlatt\u0131 [&hellip;]\" \/>\n<meta property=\"og:url\" content=\"https:\/\/qtmm.org\/qt\/meclis-azalari-biz-qirim-sakinlerini-halqara-insan-aqlari-kunune-bagislangan-butunqirim-mitingge-qoltutmaga-cagiramiz\/\" \/>\n<meta property=\"og:site_name\" content=\"\u041c\u0435\u0434\u0436\u043b\u0456\u0441\" \/>\n<meta property=\"article:publisher\" content=\"https:\/\/www.facebook.com\/qtmm.info\/\" \/>\n<meta property=\"article:published_time\" content=\"2013-12-06T18:47:00+00:00\" \/>\n<meta property=\"article:modified_time\" content=\"2022-01-26T18:49:53+00:00\" \/>\n<meta property=\"og:image\" content=\"https:\/\/qtmm.org\/wp-content\/uploads\/2022\/01\/photo_1_3.jpeg\" \/>\n\t<meta property=\"og:image:width\" content=\"650\" \/>\n\t<meta property=\"og:image:height\" content=\"377\" \/>\n\t<meta property=\"og:image:type\" content=\"image\/jpeg\" \/>\n<meta name=\"author\" content=\"Developer\" \/>\n<meta name=\"twitter:card\" content=\"summary_large_image\" \/>\n<meta name=\"twitter:label1\" content=\"Written by\" \/>\n\t<meta name=\"twitter:data1\" content=\"Developer\" \/>\n\t<meta name=\"twitter:label2\" content=\"Est. reading time\" \/>\n\t<meta name=\"twitter:data2\" content=\"4 minutes\" \/>\n<script type=\"application\/ld+json\" class=\"yoast-schema-graph\">{\"@context\":\"https:\\\/\\\/schema.org\",\"@graph\":[{\"@type\":\"Article\",\"@id\":\"https:\\\/\\\/qtmm.org\\\/qt\\\/meclis-azalari-biz-qirim-sakinlerini-halqara-insan-aqlari-kunune-bagislangan-butunqirim-mitingge-qoltutmaga-cagiramiz\\\/#article\",\"isPartOf\":{\"@id\":\"https:\\\/\\\/qtmm.org\\\/qt\\\/meclis-azalari-biz-qirim-sakinlerini-halqara-insan-aqlari-kunune-bagislangan-butunqirim-mitingge-qoltutmaga-cagiramiz\\\/\"},\"author\":{\"name\":\"Developer\",\"@id\":\"https:\\\/\\\/qtmm.org\\\/qt\\\/#\\\/schema\\\/person\\\/de562469f971dec226ac06e60bbf74a7\"},\"headline\":\"Meclis azalar\u0131: Biz Q\u0131r\u0131m sakinlerini Halqara insan aqlar\u0131 k\u00fcn\u00fcne ba\u011f\u0131\u015flan\u011fan B\u00fct\u00fcnq\u0131r\u0131m mitingge qoltutma\u011fa \u00e7a\u011f\u0131ram\u0131z\",\"datePublished\":\"2013-12-06T18:47:00+00:00\",\"dateModified\":\"2022-01-26T18:49:53+00:00\",\"mainEntityOfPage\":{\"@id\":\"https:\\\/\\\/qtmm.org\\\/qt\\\/meclis-azalari-biz-qirim-sakinlerini-halqara-insan-aqlari-kunune-bagislangan-butunqirim-mitingge-qoltutmaga-cagiramiz\\\/\"},\"wordCount\":737,\"commentCount\":0,\"publisher\":{\"@id\":\"https:\\\/\\\/qtmm.org\\\/qt\\\/#organization\"},\"image\":{\"@id\":\"https:\\\/\\\/qtmm.org\\\/qt\\\/meclis-azalari-biz-qirim-sakinlerini-halqara-insan-aqlari-kunune-bagislangan-butunqirim-mitingge-qoltutmaga-cagiramiz\\\/#primaryimage\"},\"thumbnailUrl\":\"https:\\\/\\\/qtmm.org\\\/wp-content\\\/uploads\\\/2022\\\/01\\\/photo_1_3.jpeg\",\"articleSection\":[\"Haberler\"],\"inLanguage\":\"qt\",\"potentialAction\":[{\"@type\":\"CommentAction\",\"name\":\"Comment\",\"target\":[\"https:\\\/\\\/qtmm.org\\\/qt\\\/meclis-azalari-biz-qirim-sakinlerini-halqara-insan-aqlari-kunune-bagislangan-butunqirim-mitingge-qoltutmaga-cagiramiz\\\/#respond\"]}]},{\"@type\":\"WebPage\",\"@id\":\"https:\\\/\\\/qtmm.org\\\/qt\\\/meclis-azalari-biz-qirim-sakinlerini-halqara-insan-aqlari-kunune-bagislangan-butunqirim-mitingge-qoltutmaga-cagiramiz\\\/\",\"url\":\"https:\\\/\\\/qtmm.org\\\/qt\\\/meclis-azalari-biz-qirim-sakinlerini-halqara-insan-aqlari-kunune-bagislangan-butunqirim-mitingge-qoltutmaga-cagiramiz\\\/\",\"name\":\"Meclis azalar\u0131: Biz Q\u0131r\u0131m sakinlerini Halqara insan aqlar\u0131 k\u00fcn\u00fcne ba\u011f\u0131\u015flan\u011fan B\u00fct\u00fcnq\u0131r\u0131m mitingge qoltutma\u011fa \u00e7a\u011f\u0131ram\u0131z - \u041c\u0435\u0434\u0436\u043b\u0456\u0441\",\"isPartOf\":{\"@id\":\"https:\\\/\\\/qtmm.org\\\/qt\\\/#website\"},\"primaryImageOfPage\":{\"@id\":\"https:\\\/\\\/qtmm.org\\\/qt\\\/meclis-azalari-biz-qirim-sakinlerini-halqara-insan-aqlari-kunune-bagislangan-butunqirim-mitingge-qoltutmaga-cagiramiz\\\/#primaryimage\"},\"image\":{\"@id\":\"https:\\\/\\\/qtmm.org\\\/qt\\\/meclis-azalari-biz-qirim-sakinlerini-halqara-insan-aqlari-kunune-bagislangan-butunqirim-mitingge-qoltutmaga-cagiramiz\\\/#primaryimage\"},\"thumbnailUrl\":\"https:\\\/\\\/qtmm.org\\\/wp-content\\\/uploads\\\/2022\\\/01\\\/photo_1_3.jpeg\",\"datePublished\":\"2013-12-06T18:47:00+00:00\",\"dateModified\":\"2022-01-26T18:49:53+00:00\",\"breadcrumb\":{\"@id\":\"https:\\\/\\\/qtmm.org\\\/qt\\\/meclis-azalari-biz-qirim-sakinlerini-halqara-insan-aqlari-kunune-bagislangan-butunqirim-mitingge-qoltutmaga-cagiramiz\\\/#breadcrumb\"},\"inLanguage\":\"qt\",\"potentialAction\":[{\"@type\":\"ReadAction\",\"target\":[\"https:\\\/\\\/qtmm.org\\\/qt\\\/meclis-azalari-biz-qirim-sakinlerini-halqara-insan-aqlari-kunune-bagislangan-butunqirim-mitingge-qoltutmaga-cagiramiz\\\/\"]}]},{\"@type\":\"ImageObject\",\"inLanguage\":\"qt\",\"@id\":\"https:\\\/\\\/qtmm.org\\\/qt\\\/meclis-azalari-biz-qirim-sakinlerini-halqara-insan-aqlari-kunune-bagislangan-butunqirim-mitingge-qoltutmaga-cagiramiz\\\/#primaryimage\",\"url\":\"https:\\\/\\\/qtmm.org\\\/wp-content\\\/uploads\\\/2022\\\/01\\\/photo_1_3.jpeg\",\"contentUrl\":\"https:\\\/\\\/qtmm.org\\\/wp-content\\\/uploads\\\/2022\\\/01\\\/photo_1_3.jpeg\",\"width\":650,\"height\":377},{\"@type\":\"BreadcrumbList\",\"@id\":\"https:\\\/\\\/qtmm.org\\\/qt\\\/meclis-azalari-biz-qirim-sakinlerini-halqara-insan-aqlari-kunune-bagislangan-butunqirim-mitingge-qoltutmaga-cagiramiz\\\/#breadcrumb\",\"itemListElement\":[{\"@type\":\"ListItem\",\"position\":1,\"name\":\"\u0413\u043e\u043b\u043e\u0432\u043d\u0430\",\"item\":\"https:\\\/\\\/qtmm.org\\\/qt\\\/\"},{\"@type\":\"ListItem\",\"position\":2,\"name\":\"Meclis azalar\u0131: Biz Q\u0131r\u0131m sakinlerini Halqara insan aqlar\u0131 k\u00fcn\u00fcne ba\u011f\u0131\u015flan\u011fan B\u00fct\u00fcnq\u0131r\u0131m mitingge qoltutma\u011fa \u00e7a\u011f\u0131ram\u0131z\"}]},{\"@type\":\"WebSite\",\"@id\":\"https:\\\/\\\/qtmm.org\\\/qt\\\/#website\",\"url\":\"https:\\\/\\\/qtmm.org\\\/qt\\\/\",\"name\":\"\u041c\u0435\u0434\u0436\u043b\u0456\u0441\",\"description\":\"\",\"publisher\":{\"@id\":\"https:\\\/\\\/qtmm.org\\\/qt\\\/#organization\"},\"potentialAction\":[{\"@type\":\"SearchAction\",\"target\":{\"@type\":\"EntryPoint\",\"urlTemplate\":\"https:\\\/\\\/qtmm.org\\\/qt\\\/?s={search_term_string}\"},\"query-input\":{\"@type\":\"PropertyValueSpecification\",\"valueRequired\":true,\"valueName\":\"search_term_string\"}}],\"inLanguage\":\"qt\"},{\"@type\":\"Organization\",\"@id\":\"https:\\\/\\\/qtmm.org\\\/qt\\\/#organization\",\"name\":\"\u041c\u0435\u0434\u0436\u043b\u0456\u0441\",\"url\":\"https:\\\/\\\/qtmm.org\\\/qt\\\/\",\"logo\":{\"@type\":\"ImageObject\",\"inLanguage\":\"qt\",\"@id\":\"https:\\\/\\\/qtmm.org\\\/qt\\\/#\\\/schema\\\/logo\\\/image\\\/\",\"url\":\"https:\\\/\\\/qtmm.org\\\/wp-content\\\/uploads\\\/2024\\\/12\\\/ua-mejlis-logo-rgb.svg\",\"contentUrl\":\"https:\\\/\\\/qtmm.org\\\/wp-content\\\/uploads\\\/2024\\\/12\\\/ua-mejlis-logo-rgb.svg\",\"caption\":\"\u041c\u0435\u0434\u0436\u043b\u0456\u0441\"},\"image\":{\"@id\":\"https:\\\/\\\/qtmm.org\\\/qt\\\/#\\\/schema\\\/logo\\\/image\\\/\"},\"sameAs\":[\"https:\\\/\\\/www.facebook.com\\\/qtmm.info\\\/\"]},{\"@type\":\"Person\",\"@id\":\"https:\\\/\\\/qtmm.org\\\/qt\\\/#\\\/schema\\\/person\\\/de562469f971dec226ac06e60bbf74a7\",\"name\":\"Developer\",\"image\":{\"@type\":\"ImageObject\",\"inLanguage\":\"qt\",\"@id\":\"https:\\\/\\\/secure.gravatar.com\\\/avatar\\\/392b4cc8fbfeb00b39dfeeab4ee6edded39ffd48e25858637e4765810300227e?s=96&d=mm&r=g\",\"url\":\"https:\\\/\\\/secure.gravatar.com\\\/avatar\\\/392b4cc8fbfeb00b39dfeeab4ee6edded39ffd48e25858637e4765810300227e?s=96&d=mm&r=g\",\"contentUrl\":\"https:\\\/\\\/secure.gravatar.com\\\/avatar\\\/392b4cc8fbfeb00b39dfeeab4ee6edded39ffd48e25858637e4765810300227e?s=96&d=mm&r=g\",\"caption\":\"Developer\"},\"url\":\"https:\\\/\\\/qtmm.org\\\/qt\\\/author\\\/Developer\\\/\"}]}<\/script>\n<!-- \/ Yoast SEO plugin. -->","yoast_head_json":{"title":"Meclis azalar\u0131: Biz Q\u0131r\u0131m sakinlerini Halqara insan aqlar\u0131 k\u00fcn\u00fcne ba\u011f\u0131\u015flan\u011fan B\u00fct\u00fcnq\u0131r\u0131m mitingge qoltutma\u011fa \u00e7a\u011f\u0131ram\u0131z - \u041c\u0435\u0434\u0436\u043b\u0456\u0441","robots":{"index":"index","follow":"follow","max-snippet":"max-snippet:-1","max-image-preview":"max-image-preview:large","max-video-preview":"max-video-preview:-1"},"canonical":"https:\/\/qtmm.org\/qt\/meclis-azalari-biz-qirim-sakinlerini-halqara-insan-aqlari-kunune-bagislangan-butunqirim-mitingge-qoltutmaga-cagiramiz\/","og_locale":"en_US","og_type":"article","og_title":"Meclis azalar\u0131: Biz Q\u0131r\u0131m sakinlerini Halqara insan aqlar\u0131 k\u00fcn\u00fcne ba\u011f\u0131\u015flan\u011fan B\u00fct\u00fcnq\u0131r\u0131m mitingge qoltutma\u011fa \u00e7a\u011f\u0131ram\u0131z - \u041c\u0435\u0434\u0436\u043b\u0456\u0441","og_description":"2013 senesi dekabr 10 k\u00fcn\u00fc Aqmescitni\u00f1 merkeziy meydan\u0131nda Halqara insan aqlar\u0131 k\u00fcn\u00fcne ba\u011f\u0131\u015flan\u011fan B\u00fct\u00fcnq\u0131r\u0131m miting \u00f6tkerilecek. Mitingni\u00f1 ke\u00e7iri lmesi Ukraina qanunlar\u0131na muvaf\u0131q tertipte keli\u015fildi. Bu aqta dekabr 6 k\u00fcn\u00fc matbuat konferentsiyas\u0131nda Meclis reisini\u00f1 muavinleri Zaur Smirnov ve Nariman Cel\u00e2l, bun\u0131\u00f1 kibi de Meclisni\u00f1 adliye idaresini\u00f1 ba\u015f\u0131 Teyfuq \u011eafarov bildirdiler. Meclis reisini\u00f1 muavini Nariman Cel\u00e2l hat\u0131rlatt\u0131 [&hellip;]","og_url":"https:\/\/qtmm.org\/qt\/meclis-azalari-biz-qirim-sakinlerini-halqara-insan-aqlari-kunune-bagislangan-butunqirim-mitingge-qoltutmaga-cagiramiz\/","og_site_name":"\u041c\u0435\u0434\u0436\u043b\u0456\u0441","article_publisher":"https:\/\/www.facebook.com\/qtmm.info\/","article_published_time":"2013-12-06T18:47:00+00:00","article_modified_time":"2022-01-26T18:49:53+00:00","og_image":[{"width":650,"height":377,"url":"https:\/\/qtmm.org\/wp-content\/uploads\/2022\/01\/photo_1_3.jpeg","type":"image\/jpeg"}],"author":"Developer","twitter_card":"summary_large_image","twitter_misc":{"Written by":"Developer","Est. reading time":"4 minutes"},"schema":{"@context":"https:\/\/schema.org","@graph":[{"@type":"Article","@id":"https:\/\/qtmm.org\/qt\/meclis-azalari-biz-qirim-sakinlerini-halqara-insan-aqlari-kunune-bagislangan-butunqirim-mitingge-qoltutmaga-cagiramiz\/#article","isPartOf":{"@id":"https:\/\/qtmm.org\/qt\/meclis-azalari-biz-qirim-sakinlerini-halqara-insan-aqlari-kunune-bagislangan-butunqirim-mitingge-qoltutmaga-cagiramiz\/"},"author":{"name":"Developer","@id":"https:\/\/qtmm.org\/qt\/#\/schema\/person\/de562469f971dec226ac06e60bbf74a7"},"headline":"Meclis azalar\u0131: Biz Q\u0131r\u0131m sakinlerini Halqara insan aqlar\u0131 k\u00fcn\u00fcne ba\u011f\u0131\u015flan\u011fan B\u00fct\u00fcnq\u0131r\u0131m mitingge qoltutma\u011fa \u00e7a\u011f\u0131ram\u0131z","datePublished":"2013-12-06T18:47:00+00:00","dateModified":"2022-01-26T18:49:53+00:00","mainEntityOfPage":{"@id":"https:\/\/qtmm.org\/qt\/meclis-azalari-biz-qirim-sakinlerini-halqara-insan-aqlari-kunune-bagislangan-butunqirim-mitingge-qoltutmaga-cagiramiz\/"},"wordCount":737,"commentCount":0,"publisher":{"@id":"https:\/\/qtmm.org\/qt\/#organization"},"image":{"@id":"https:\/\/qtmm.org\/qt\/meclis-azalari-biz-qirim-sakinlerini-halqara-insan-aqlari-kunune-bagislangan-butunqirim-mitingge-qoltutmaga-cagiramiz\/#primaryimage"},"thumbnailUrl":"https:\/\/qtmm.org\/wp-content\/uploads\/2022\/01\/photo_1_3.jpeg","articleSection":["Haberler"],"inLanguage":"qt","potentialAction":[{"@type":"CommentAction","name":"Comment","target":["https:\/\/qtmm.org\/qt\/meclis-azalari-biz-qirim-sakinlerini-halqara-insan-aqlari-kunune-bagislangan-butunqirim-mitingge-qoltutmaga-cagiramiz\/#respond"]}]},{"@type":"WebPage","@id":"https:\/\/qtmm.org\/qt\/meclis-azalari-biz-qirim-sakinlerini-halqara-insan-aqlari-kunune-bagislangan-butunqirim-mitingge-qoltutmaga-cagiramiz\/","url":"https:\/\/qtmm.org\/qt\/meclis-azalari-biz-qirim-sakinlerini-halqara-insan-aqlari-kunune-bagislangan-butunqirim-mitingge-qoltutmaga-cagiramiz\/","name":"Meclis azalar\u0131: Biz Q\u0131r\u0131m sakinlerini Halqara insan aqlar\u0131 k\u00fcn\u00fcne ba\u011f\u0131\u015flan\u011fan B\u00fct\u00fcnq\u0131r\u0131m mitingge qoltutma\u011fa \u00e7a\u011f\u0131ram\u0131z - \u041c\u0435\u0434\u0436\u043b\u0456\u0441","isPartOf":{"@id":"https:\/\/qtmm.org\/qt\/#website"},"primaryImageOfPage":{"@id":"https:\/\/qtmm.org\/qt\/meclis-azalari-biz-qirim-sakinlerini-halqara-insan-aqlari-kunune-bagislangan-butunqirim-mitingge-qoltutmaga-cagiramiz\/#primaryimage"},"image":{"@id":"https:\/\/qtmm.org\/qt\/meclis-azalari-biz-qirim-sakinlerini-halqara-insan-aqlari-kunune-bagislangan-butunqirim-mitingge-qoltutmaga-cagiramiz\/#primaryimage"},"thumbnailUrl":"https:\/\/qtmm.org\/wp-content\/uploads\/2022\/01\/photo_1_3.jpeg","datePublished":"2013-12-06T18:47:00+00:00","dateModified":"2022-01-26T18:49:53+00:00","breadcrumb":{"@id":"https:\/\/qtmm.org\/qt\/meclis-azalari-biz-qirim-sakinlerini-halqara-insan-aqlari-kunune-bagislangan-butunqirim-mitingge-qoltutmaga-cagiramiz\/#breadcrumb"},"inLanguage":"qt","potentialAction":[{"@type":"ReadAction","target":["https:\/\/qtmm.org\/qt\/meclis-azalari-biz-qirim-sakinlerini-halqara-insan-aqlari-kunune-bagislangan-butunqirim-mitingge-qoltutmaga-cagiramiz\/"]}]},{"@type":"ImageObject","inLanguage":"qt","@id":"https:\/\/qtmm.org\/qt\/meclis-azalari-biz-qirim-sakinlerini-halqara-insan-aqlari-kunune-bagislangan-butunqirim-mitingge-qoltutmaga-cagiramiz\/#primaryimage","url":"https:\/\/qtmm.org\/wp-content\/uploads\/2022\/01\/photo_1_3.jpeg","contentUrl":"https:\/\/qtmm.org\/wp-content\/uploads\/2022\/01\/photo_1_3.jpeg","width":650,"height":377},{"@type":"BreadcrumbList","@id":"https:\/\/qtmm.org\/qt\/meclis-azalari-biz-qirim-sakinlerini-halqara-insan-aqlari-kunune-bagislangan-butunqirim-mitingge-qoltutmaga-cagiramiz\/#breadcrumb","itemListElement":[{"@type":"ListItem","position":1,"name":"\u0413\u043e\u043b\u043e\u0432\u043d\u0430","item":"https:\/\/qtmm.org\/qt\/"},{"@type":"ListItem","position":2,"name":"Meclis azalar\u0131: Biz Q\u0131r\u0131m sakinlerini Halqara insan aqlar\u0131 k\u00fcn\u00fcne ba\u011f\u0131\u015flan\u011fan B\u00fct\u00fcnq\u0131r\u0131m mitingge qoltutma\u011fa \u00e7a\u011f\u0131ram\u0131z"}]},{"@type":"WebSite","@id":"https:\/\/qtmm.org\/qt\/#website","url":"https:\/\/qtmm.org\/qt\/","name":"\u041c\u0435\u0434\u0436\u043b\u0456\u0441","description":"","publisher":{"@id":"https:\/\/qtmm.org\/qt\/#organization"},"potentialAction":[{"@type":"SearchAction","target":{"@type":"EntryPoint","urlTemplate":"https:\/\/qtmm.org\/qt\/?s={search_term_string}"},"query-input":{"@type":"PropertyValueSpecification","valueRequired":true,"valueName":"search_term_string"}}],"inLanguage":"qt"},{"@type":"Organization","@id":"https:\/\/qtmm.org\/qt\/#organization","name":"\u041c\u0435\u0434\u0436\u043b\u0456\u0441","url":"https:\/\/qtmm.org\/qt\/","logo":{"@type":"ImageObject","inLanguage":"qt","@id":"https:\/\/qtmm.org\/qt\/#\/schema\/logo\/image\/","url":"https:\/\/qtmm.org\/wp-content\/uploads\/2024\/12\/ua-mejlis-logo-rgb.svg","contentUrl":"https:\/\/qtmm.org\/wp-content\/uploads\/2024\/12\/ua-mejlis-logo-rgb.svg","caption":"\u041c\u0435\u0434\u0436\u043b\u0456\u0441"},"image":{"@id":"https:\/\/qtmm.org\/qt\/#\/schema\/logo\/image\/"},"sameAs":["https:\/\/www.facebook.com\/qtmm.info\/"]},{"@type":"Person","@id":"https:\/\/qtmm.org\/qt\/#\/schema\/person\/de562469f971dec226ac06e60bbf74a7","name":"Developer","image":{"@type":"ImageObject","inLanguage":"qt","@id":"https:\/\/secure.gravatar.com\/avatar\/392b4cc8fbfeb00b39dfeeab4ee6edded39ffd48e25858637e4765810300227e?s=96&d=mm&r=g","url":"https:\/\/secure.gravatar.com\/avatar\/392b4cc8fbfeb00b39dfeeab4ee6edded39ffd48e25858637e4765810300227e?s=96&d=mm&r=g","contentUrl":"https:\/\/secure.gravatar.com\/avatar\/392b4cc8fbfeb00b39dfeeab4ee6edded39ffd48e25858637e4765810300227e?s=96&d=mm&r=g","caption":"Developer"},"url":"https:\/\/qtmm.org\/qt\/author\/Developer\/"}]}},"_links":{"self":[{"href":"https:\/\/qtmm.org\/qt\/wp-json\/wp\/v2\/posts\/41404","targetHints":{"allow":["GET"]}}],"collection":[{"href":"https:\/\/qtmm.org\/qt\/wp-json\/wp\/v2\/posts"}],"about":[{"href":"https:\/\/qtmm.org\/qt\/wp-json\/wp\/v2\/types\/post"}],"author":[{"embeddable":true,"href":"https:\/\/qtmm.org\/qt\/wp-json\/wp\/v2\/users\/1"}],"replies":[{"embeddable":true,"href":"https:\/\/qtmm.org\/qt\/wp-json\/wp\/v2\/comments?post=41404"}],"version-history":[{"count":1,"href":"https:\/\/qtmm.org\/qt\/wp-json\/wp\/v2\/posts\/41404\/revisions"}],"predecessor-version":[{"id":41417,"href":"https:\/\/qtmm.org\/qt\/wp-json\/wp\/v2\/posts\/41404\/revisions\/41417"}],"wp:featuredmedia":[{"embeddable":true,"href":"https:\/\/qtmm.org\/qt\/wp-json\/wp\/v2\/media\/41405"}],"wp:attachment":[{"href":"https:\/\/qtmm.org\/qt\/wp-json\/wp\/v2\/media?parent=41404"}],"wp:term":[{"taxonomy":"category","embeddable":true,"href":"https:\/\/qtmm.org\/qt\/wp-json\/wp\/v2\/categories?post=41404"},{"taxonomy":"post_tag","embeddable":true,"href":"https:\/\/qtmm.org\/qt\/wp-json\/wp\/v2\/tags?post=41404"}],"curies":[{"name":"wp","href":"https:\/\/api.w.org\/{rel}","templated":true}]}}