




{"id":41382,"date":"2013-12-05T21:45:00","date_gmt":"2013-12-05T18:45:00","guid":{"rendered":"http:\/\/qtmm.org\/?p=41382"},"modified":"2022-01-26T21:47:30","modified_gmt":"2022-01-26T18:47:30","slug":"qirim-musulmanlarinin-diniy-idaresinde-hidayet-gazetasi-ve-onin-bas-muarriri-zakir-qurtnezirnin-yubileyi-qayd-etildi","status":"publish","type":"post","link":"https:\/\/qtmm.org\/qt\/qirim-musulmanlarinin-diniy-idaresinde-hidayet-gazetasi-ve-onin-bas-muarriri-zakir-qurtnezirnin-yubileyi-qayd-etildi\/","title":{"rendered":"Q\u0131r\u0131m musulmanlar\u0131n\u0131\u00f1 diniy idaresinde \u00abHidayet\u00bb gazetas\u0131 ve on\u0131\u00f1 ba\u015f muarriri Zakir Qurtnezirni\u00f1 yubileyi qayd etildi"},"content":{"rendered":"\n<p>Aqmescitte Q\u0131r\u0131m musulmanlar\u0131 diniy idaresini\u00f1 meclisler zal\u0131nda on\u0131\u00f1 resmiy ne\u015fir organ\u0131 &#8220;Hidayet&#8221; gazetas\u0131n\u0131\u00f1 20 y\u0131ll\u0131\u011f\u0131 ve on\u0131\u00f1 ba\u015f muarriri, yaz\u0131c\u0131, \u015fair, terciman Zakir Qurtnezirni\u00f1 80 y\u0131ll\u0131q yubileyi tantanal\u0131 s\u00fcrette qayd etildi. Yubil\u00e2rn\u0131 Milliy Meclis azalar\u0131, q\u0131r\u0131mtatar yaz\u0131c\u0131lar\u0131, jurnalistler, milliy areket i\u015ftirak\u00e7ileri hay\u0131rlad\u0131lar.<\/p>\n\n\n\n<figure class=\"wp-block-image size-full\"><img loading=\"lazy\" decoding=\"async\" width=\"800\" height=\"536\" src=\"http:\/\/qtmm.org\/wp-content\/uploads\/2022\/01\/dostlar.jpeg\" alt=\"\" class=\"wp-image-41383\" srcset=\"https:\/\/qtmm.org\/wp-content\/uploads\/2022\/01\/dostlar.jpeg 800w, https:\/\/qtmm.org\/wp-content\/uploads\/2022\/01\/dostlar-300x201.jpeg 300w, https:\/\/qtmm.org\/wp-content\/uploads\/2022\/01\/dostlar-768x515.jpeg 768w\" sizes=\"auto, (max-width: 800px) 100vw, 800px\" \/><\/figure>\n\n\n\n<p>Tedbirni\u00f1 ba\u015f\u0131nda Zakir Qurtnezirni\u00f1 \u00f6m\u00fcri ve faaliyeti ve &#8220;Hidayet&#8221; gazetas\u0131n\u0131\u00f1 meydan\u011fa kel\u00fcv tarih\u0131n\u0131 ayd\u0131nlatqan levha k\u00f6sterildi.<\/p>\n\n\n\n<p>Tedbir qaraman\u0131n\u0131\u00f1 sel\u00e2mlav s\u00f6z\u00fcnden so\u00f1 on\u0131 Q\u0131r\u0131m musulmanlar\u0131n\u0131\u00f1 m\u00fcftisi ac\u0131 Emirali Ablayev hay\u0131rlap, &#8220;Hidayet&#8221; gazetas\u0131 q\u0131r\u0131mtatar halq\u0131 tarihiy Vatan\u0131na qaytqan so\u00f1 ne\u015fir etilgen birinci diniy ne\u015fir ol\u011fan\u0131n\u0131 qayd etti.<\/p>\n\n\n\n<p>Gazeta 10 bi\u00f1 nushada ne\u015fir etilip, Q\u0131r\u0131mda \u0130sl\u00e2mn\u0131\u00f1 \u011fayr\u0131dan tiklenmesine h\u0131zmet etmekte. M\u00fcftiy kelecekte gazetan\u0131\u00f1 tiraj\u0131 50 bi\u00f1ge yetecegine eminlik bildirdi, \u00e7\u00fcnki Q\u0131r\u0131mda \u0130sl\u00e2m dinini\u00f1 ya\u015famas\u0131nda on\u0131\u00f1 rol\u00fc pek b\u00fcy\u00fcktir. Haci Emirali Ablayev Zakir Qurtnezirge \u00e7oqy\u0131ll\u0131q namusl\u0131 h\u0131zmeti i\u00e7\u00fcn te\u015fekk\u00fcr bildirdi ve M\u00fcftilik endi 20 y\u0131ldan berli \u00e7\u0131qar\u0131p kelgen gazetan\u0131 meydan\u011fa ketirmek te\u015febb\u00fcsinen ayn\u0131 Zakir Qurtnezir \u00e7\u0131qqan\u0131 ve bu i\u015fni boynuna al\u011fan\u0131n\u0131 hat\u0131rlatt\u0131. Fedak\u00e2r emegi i\u00e7\u00fcn yubil\u00e2r\u011fa leptop ba\u011f\u0131\u015flad\u0131lar.<\/p>\n\n\n\n<figure class=\"wp-block-image size-full\"><img loading=\"lazy\" decoding=\"async\" width=\"650\" height=\"306\" src=\"http:\/\/qtmm.org\/wp-content\/uploads\/2022\/01\/zakirkurtnezir20.jpeg\" alt=\"\" class=\"wp-image-41391\" srcset=\"https:\/\/qtmm.org\/wp-content\/uploads\/2022\/01\/zakirkurtnezir20.jpeg 650w, https:\/\/qtmm.org\/wp-content\/uploads\/2022\/01\/zakirkurtnezir20-300x141.jpeg 300w\" sizes=\"auto, (max-width: 650px) 100vw, 650px\" \/><\/figure>\n\n\n\n<p>Milliy Meclisni\u00f1 reisi Refat \u00c7ubarovn\u0131\u00f1 ad\u0131ndan Zakir Qurtnezirni ve on\u0131\u00f1 muarrirliginde \u00e7\u0131qaan &#8220;Hidayet&#8221; gazetas\u0131n\u0131\u00f1 20 y\u0131ll\u0131\u011f\u0131nen reis muavini Ayder Acimambetov hay\u0131rlad\u0131. Q\u0131r\u0131mtatar yaz\u0131c\u0131lar\u0131 aras\u0131ndan e\u00f1 qartlar\u0131ndan biri ol\u011fan Zakir Qurtnezir ya\u015flar i\u00e7\u00fcn ibrettir, dedi Ayder Acimambetov.<\/p>\n\n\n\n<figure class=\"wp-block-image size-full\"><img loading=\"lazy\" decoding=\"async\" width=\"800\" height=\"536\" src=\"http:\/\/qtmm.org\/wp-content\/uploads\/2022\/01\/all_congrad.jpeg\" alt=\"\" class=\"wp-image-41395\" srcset=\"https:\/\/qtmm.org\/wp-content\/uploads\/2022\/01\/all_congrad.jpeg 800w, https:\/\/qtmm.org\/wp-content\/uploads\/2022\/01\/all_congrad-300x201.jpeg 300w, https:\/\/qtmm.org\/wp-content\/uploads\/2022\/01\/all_congrad-768x515.jpeg 768w\" sizes=\"auto, (max-width: 800px) 100vw, 800px\" \/><\/figure>\n\n\n\n<p>Q\u0131r\u0131mtatar yaz\u0131c\u0131lar birligini\u00f1 reisi Riza Faz\u0131l \u015fun\u0131 ayr\u0131ca qayd etti ki, Zakir Qurtnezir birinci diniy gazetan\u0131 meydan\u011fa ketirmeknen bir s\u0131rada 1999 senesi ac\u0131l\u0131qqa bar\u0131p kelgen so\u00f1 yaz\u0131c\u0131lar aras\u0131nda birinci ol\u0131p Mekkege ac\u0131l\u0131q aqq\u0131nda yazd\u0131. Zakir Qurtnezir daa \u00e7oq kitaplar yazar, dedi R. Faz\u0131l. Yubil\u00e2rn\u0131\u00f1 kendisi ise yaq\u0131n k\u00fcnlerde on\u0131\u00f1 eki kitab\u0131 d\u00fcnya y\u00fcz\u00fcni k\u00f6recegini haber etti.<\/p>\n\n\n\n<p>S\u0131caq dostane m\u00fcitte ke\u00e7ken tedbirde yubil\u00e2rn\u0131\u00f1 ad\u0131na samimiy tebrik s\u00f6zleri ya\u00f1\u011f\u0131rad\u0131. Tantanal\u0131 q\u0131s\u0131mdan so\u00f1 tedbir i\u015ftirak\u00e7ilerini &#8220;Hidayet&#8221; gazetas\u0131 logos\u0131nen s\u00fcslengen tortnen s\u0131ylad\u0131lar.<\/p>\n\n\n\n<figure class=\"wp-block-image size-full\"><img loading=\"lazy\" decoding=\"async\" width=\"800\" height=\"536\" src=\"http:\/\/qtmm.org\/wp-content\/uploads\/2022\/01\/tort_1.jpeg\" alt=\"\" class=\"wp-image-41399\" srcset=\"https:\/\/qtmm.org\/wp-content\/uploads\/2022\/01\/tort_1.jpeg 800w, https:\/\/qtmm.org\/wp-content\/uploads\/2022\/01\/tort_1-300x201.jpeg 300w, https:\/\/qtmm.org\/wp-content\/uploads\/2022\/01\/tort_1-768x515.jpeg 768w\" sizes=\"auto, (max-width: 800px) 100vw, 800px\" \/><\/figure>\n\n\n\n<p><strong><em>Mal\u00fcmat i\u00e7\u00fcn:<\/em>&nbsp;<\/strong><em>Zakir Qurtnezir \u2013 q\u0131r\u0131mtatar yaz\u0131c\u0131s\u0131, \u015fair ve jurnalist. 1933 senesi dekabr 2-de Bal\u0131qlava rayon\u0131n\u0131\u00f1 Varnautka k\u00f6y\u00fcnde d\u00fcnya\u011fa keldi. Jurnalist olaraq emek faaliyetini 1957 senesi \u00d6zbekistanda ba\u015flad\u0131. 1993 senesinden ba\u015flap bug\u00fcnge qadar &#8220;Hidayet&#8221; diniy gazetas\u0131n\u0131 ne\u015firge az\u0131rlamaqta. 1982-2009 seneleri Zakir Qurtnezir &#8220;Y\u0131ld\u0131z&#8221; mecmuas\u0131 muarririni\u00f1 muavini old\u0131. On\u0131\u00f1 qalemi alt\u0131ndan bir qa\u00e7 \u015fiirler c\u0131y\u0131nt\u0131\u011f\u0131, povest ve ik\u00e2yeler kitaplar\u0131, diniy kitaplar ne\u015fir etildi.<\/em><\/p>\n\n\n\n<p><em>&#8220;Hidayet&#8221; gazetas\u0131 1993 senesinden berli 10 bi\u00f1 nushada ayda bir kere \u00e7\u0131qa. Gazeta esasen \u0130sl\u00e2m esaslar\u0131, Q\u0131r\u0131mda diniy ayat mevzular\u0131n\u0131 ayd\u0131nlata.<\/em><\/p>\n","protected":false},"excerpt":{"rendered":"<p>Aqmescitte Q\u0131r\u0131m musulmanlar\u0131 diniy idaresini\u00f1 meclisler zal\u0131nda on\u0131\u00f1 resmiy ne\u015fir organ\u0131 &#8220;Hidayet&#8221; gazetas\u0131n\u0131\u00f1 20 y\u0131ll\u0131\u011f\u0131 ve on\u0131\u00f1 ba\u015f muarriri, yaz\u0131c\u0131, \u015fair, terciman Zakir Qurtnezirni\u00f1 80 y\u0131ll\u0131q yubileyi tantanal\u0131 s\u00fcrette qayd etildi. Yubil\u00e2rn\u0131 Milliy Meclis azalar\u0131, q\u0131r\u0131mtatar yaz\u0131c\u0131lar\u0131, jurnalistler, milliy areket i\u015ftirak\u00e7ileri hay\u0131rlad\u0131lar. Tedbirni\u00f1 ba\u015f\u0131nda Zakir Qurtnezirni\u00f1 \u00f6m\u00fcri ve faaliyeti ve &#8220;Hidayet&#8221; gazetas\u0131n\u0131\u00f1 meydan\u011fa kel\u00fcv tarih\u0131n\u0131 [&hellip;]<\/p>\n","protected":false},"author":1,"featured_media":41387,"comment_status":"open","ping_status":"open","sticky":false,"template":"","format":"standard","meta":{"inline_featured_image":false,"footnotes":""},"categories":[265],"tags":[],"class_list":["post-41382","post","type-post","status-publish","format-standard","has-post-thumbnail","hentry","category-haberler"],"acf":[],"yoast_head":"<!-- This site is optimized with the Yoast SEO plugin v27.4 - https:\/\/yoast.com\/product\/yoast-seo-wordpress\/ -->\n<title>Q\u0131r\u0131m musulmanlar\u0131n\u0131\u00f1 diniy idaresinde \u00abHidayet\u00bb gazetas\u0131 ve on\u0131\u00f1 ba\u015f muarriri Zakir Qurtnezirni\u00f1 yubileyi qayd etildi - \u041c\u0435\u0434\u0436\u043b\u0456\u0441<\/title>\n<meta name=\"robots\" content=\"index, follow, max-snippet:-1, max-image-preview:large, max-video-preview:-1\" \/>\n<link rel=\"canonical\" href=\"https:\/\/qtmm.org\/qt\/qirim-musulmanlarinin-diniy-idaresinde-hidayet-gazetasi-ve-onin-bas-muarriri-zakir-qurtnezirnin-yubileyi-qayd-etildi\/\" \/>\n<meta property=\"og:locale\" content=\"en_US\" \/>\n<meta property=\"og:type\" content=\"article\" \/>\n<meta property=\"og:title\" content=\"Q\u0131r\u0131m musulmanlar\u0131n\u0131\u00f1 diniy idaresinde \u00abHidayet\u00bb gazetas\u0131 ve on\u0131\u00f1 ba\u015f muarriri Zakir Qurtnezirni\u00f1 yubileyi qayd etildi - \u041c\u0435\u0434\u0436\u043b\u0456\u0441\" \/>\n<meta property=\"og:description\" content=\"Aqmescitte Q\u0131r\u0131m musulmanlar\u0131 diniy idaresini\u00f1 meclisler zal\u0131nda on\u0131\u00f1 resmiy ne\u015fir organ\u0131 &#8220;Hidayet&#8221; gazetas\u0131n\u0131\u00f1 20 y\u0131ll\u0131\u011f\u0131 ve on\u0131\u00f1 ba\u015f muarriri, yaz\u0131c\u0131, \u015fair, terciman Zakir Qurtnezirni\u00f1 80 y\u0131ll\u0131q yubileyi tantanal\u0131 s\u00fcrette qayd etildi. Yubil\u00e2rn\u0131 Milliy Meclis azalar\u0131, q\u0131r\u0131mtatar yaz\u0131c\u0131lar\u0131, jurnalistler, milliy areket i\u015ftirak\u00e7ileri hay\u0131rlad\u0131lar. Tedbirni\u00f1 ba\u015f\u0131nda Zakir Qurtnezirni\u00f1 \u00f6m\u00fcri ve faaliyeti ve &#8220;Hidayet&#8221; gazetas\u0131n\u0131\u00f1 meydan\u011fa kel\u00fcv tarih\u0131n\u0131 [&hellip;]\" \/>\n<meta property=\"og:url\" content=\"https:\/\/qtmm.org\/qt\/qirim-musulmanlarinin-diniy-idaresinde-hidayet-gazetasi-ve-onin-bas-muarriri-zakir-qurtnezirnin-yubileyi-qayd-etildi\/\" \/>\n<meta property=\"og:site_name\" content=\"\u041c\u0435\u0434\u0436\u043b\u0456\u0441\" \/>\n<meta property=\"article:publisher\" content=\"https:\/\/www.facebook.com\/qtmm.info\/\" \/>\n<meta property=\"article:published_time\" content=\"2013-12-05T18:45:00+00:00\" \/>\n<meta property=\"article:modified_time\" content=\"2022-01-26T18:47:30+00:00\" \/>\n<meta property=\"og:image\" content=\"https:\/\/qtmm.org\/wp-content\/uploads\/2022\/01\/muftiy.jpeg\" \/>\n\t<meta property=\"og:image:width\" content=\"800\" \/>\n\t<meta property=\"og:image:height\" content=\"536\" \/>\n\t<meta property=\"og:image:type\" content=\"image\/jpeg\" \/>\n<meta name=\"author\" content=\"Developer\" \/>\n<meta name=\"twitter:card\" content=\"summary_large_image\" \/>\n<meta name=\"twitter:label1\" content=\"Written by\" \/>\n\t<meta name=\"twitter:data1\" content=\"Developer\" \/>\n\t<meta name=\"twitter:label2\" content=\"Est. reading time\" \/>\n\t<meta name=\"twitter:data2\" content=\"3 minutes\" \/>\n<script type=\"application\/ld+json\" class=\"yoast-schema-graph\">{\"@context\":\"https:\\\/\\\/schema.org\",\"@graph\":[{\"@type\":\"Article\",\"@id\":\"https:\\\/\\\/qtmm.org\\\/qt\\\/qirim-musulmanlarinin-diniy-idaresinde-hidayet-gazetasi-ve-onin-bas-muarriri-zakir-qurtnezirnin-yubileyi-qayd-etildi\\\/#article\",\"isPartOf\":{\"@id\":\"https:\\\/\\\/qtmm.org\\\/qt\\\/qirim-musulmanlarinin-diniy-idaresinde-hidayet-gazetasi-ve-onin-bas-muarriri-zakir-qurtnezirnin-yubileyi-qayd-etildi\\\/\"},\"author\":{\"name\":\"Developer\",\"@id\":\"https:\\\/\\\/qtmm.org\\\/qt\\\/#\\\/schema\\\/person\\\/de562469f971dec226ac06e60bbf74a7\"},\"headline\":\"Q\u0131r\u0131m musulmanlar\u0131n\u0131\u00f1 diniy idaresinde \u00abHidayet\u00bb gazetas\u0131 ve on\u0131\u00f1 ba\u015f muarriri Zakir Qurtnezirni\u00f1 yubileyi qayd etildi\",\"datePublished\":\"2013-12-05T18:45:00+00:00\",\"dateModified\":\"2022-01-26T18:47:30+00:00\",\"mainEntityOfPage\":{\"@id\":\"https:\\\/\\\/qtmm.org\\\/qt\\\/qirim-musulmanlarinin-diniy-idaresinde-hidayet-gazetasi-ve-onin-bas-muarriri-zakir-qurtnezirnin-yubileyi-qayd-etildi\\\/\"},\"wordCount\":524,\"commentCount\":0,\"publisher\":{\"@id\":\"https:\\\/\\\/qtmm.org\\\/qt\\\/#organization\"},\"image\":{\"@id\":\"https:\\\/\\\/qtmm.org\\\/qt\\\/qirim-musulmanlarinin-diniy-idaresinde-hidayet-gazetasi-ve-onin-bas-muarriri-zakir-qurtnezirnin-yubileyi-qayd-etildi\\\/#primaryimage\"},\"thumbnailUrl\":\"https:\\\/\\\/qtmm.org\\\/wp-content\\\/uploads\\\/2022\\\/01\\\/muftiy.jpeg\",\"articleSection\":[\"Haberler\"],\"inLanguage\":\"qt\",\"potentialAction\":[{\"@type\":\"CommentAction\",\"name\":\"Comment\",\"target\":[\"https:\\\/\\\/qtmm.org\\\/qt\\\/qirim-musulmanlarinin-diniy-idaresinde-hidayet-gazetasi-ve-onin-bas-muarriri-zakir-qurtnezirnin-yubileyi-qayd-etildi\\\/#respond\"]}]},{\"@type\":\"WebPage\",\"@id\":\"https:\\\/\\\/qtmm.org\\\/qt\\\/qirim-musulmanlarinin-diniy-idaresinde-hidayet-gazetasi-ve-onin-bas-muarriri-zakir-qurtnezirnin-yubileyi-qayd-etildi\\\/\",\"url\":\"https:\\\/\\\/qtmm.org\\\/qt\\\/qirim-musulmanlarinin-diniy-idaresinde-hidayet-gazetasi-ve-onin-bas-muarriri-zakir-qurtnezirnin-yubileyi-qayd-etildi\\\/\",\"name\":\"Q\u0131r\u0131m musulmanlar\u0131n\u0131\u00f1 diniy idaresinde \u00abHidayet\u00bb gazetas\u0131 ve on\u0131\u00f1 ba\u015f muarriri Zakir Qurtnezirni\u00f1 yubileyi qayd etildi - \u041c\u0435\u0434\u0436\u043b\u0456\u0441\",\"isPartOf\":{\"@id\":\"https:\\\/\\\/qtmm.org\\\/qt\\\/#website\"},\"primaryImageOfPage\":{\"@id\":\"https:\\\/\\\/qtmm.org\\\/qt\\\/qirim-musulmanlarinin-diniy-idaresinde-hidayet-gazetasi-ve-onin-bas-muarriri-zakir-qurtnezirnin-yubileyi-qayd-etildi\\\/#primaryimage\"},\"image\":{\"@id\":\"https:\\\/\\\/qtmm.org\\\/qt\\\/qirim-musulmanlarinin-diniy-idaresinde-hidayet-gazetasi-ve-onin-bas-muarriri-zakir-qurtnezirnin-yubileyi-qayd-etildi\\\/#primaryimage\"},\"thumbnailUrl\":\"https:\\\/\\\/qtmm.org\\\/wp-content\\\/uploads\\\/2022\\\/01\\\/muftiy.jpeg\",\"datePublished\":\"2013-12-05T18:45:00+00:00\",\"dateModified\":\"2022-01-26T18:47:30+00:00\",\"breadcrumb\":{\"@id\":\"https:\\\/\\\/qtmm.org\\\/qt\\\/qirim-musulmanlarinin-diniy-idaresinde-hidayet-gazetasi-ve-onin-bas-muarriri-zakir-qurtnezirnin-yubileyi-qayd-etildi\\\/#breadcrumb\"},\"inLanguage\":\"qt\",\"potentialAction\":[{\"@type\":\"ReadAction\",\"target\":[\"https:\\\/\\\/qtmm.org\\\/qt\\\/qirim-musulmanlarinin-diniy-idaresinde-hidayet-gazetasi-ve-onin-bas-muarriri-zakir-qurtnezirnin-yubileyi-qayd-etildi\\\/\"]}]},{\"@type\":\"ImageObject\",\"inLanguage\":\"qt\",\"@id\":\"https:\\\/\\\/qtmm.org\\\/qt\\\/qirim-musulmanlarinin-diniy-idaresinde-hidayet-gazetasi-ve-onin-bas-muarriri-zakir-qurtnezirnin-yubileyi-qayd-etildi\\\/#primaryimage\",\"url\":\"https:\\\/\\\/qtmm.org\\\/wp-content\\\/uploads\\\/2022\\\/01\\\/muftiy.jpeg\",\"contentUrl\":\"https:\\\/\\\/qtmm.org\\\/wp-content\\\/uploads\\\/2022\\\/01\\\/muftiy.jpeg\",\"width\":800,\"height\":536},{\"@type\":\"BreadcrumbList\",\"@id\":\"https:\\\/\\\/qtmm.org\\\/qt\\\/qirim-musulmanlarinin-diniy-idaresinde-hidayet-gazetasi-ve-onin-bas-muarriri-zakir-qurtnezirnin-yubileyi-qayd-etildi\\\/#breadcrumb\",\"itemListElement\":[{\"@type\":\"ListItem\",\"position\":1,\"name\":\"\u0413\u043e\u043b\u043e\u0432\u043d\u0430\",\"item\":\"https:\\\/\\\/qtmm.org\\\/qt\\\/\"},{\"@type\":\"ListItem\",\"position\":2,\"name\":\"Q\u0131r\u0131m musulmanlar\u0131n\u0131\u00f1 diniy idaresinde \u00abHidayet\u00bb gazetas\u0131 ve on\u0131\u00f1 ba\u015f muarriri Zakir Qurtnezirni\u00f1 yubileyi qayd etildi\"}]},{\"@type\":\"WebSite\",\"@id\":\"https:\\\/\\\/qtmm.org\\\/qt\\\/#website\",\"url\":\"https:\\\/\\\/qtmm.org\\\/qt\\\/\",\"name\":\"\u041c\u0435\u0434\u0436\u043b\u0456\u0441\",\"description\":\"\",\"publisher\":{\"@id\":\"https:\\\/\\\/qtmm.org\\\/qt\\\/#organization\"},\"potentialAction\":[{\"@type\":\"SearchAction\",\"target\":{\"@type\":\"EntryPoint\",\"urlTemplate\":\"https:\\\/\\\/qtmm.org\\\/qt\\\/?s={search_term_string}\"},\"query-input\":{\"@type\":\"PropertyValueSpecification\",\"valueRequired\":true,\"valueName\":\"search_term_string\"}}],\"inLanguage\":\"qt\"},{\"@type\":\"Organization\",\"@id\":\"https:\\\/\\\/qtmm.org\\\/qt\\\/#organization\",\"name\":\"\u041c\u0435\u0434\u0436\u043b\u0456\u0441\",\"url\":\"https:\\\/\\\/qtmm.org\\\/qt\\\/\",\"logo\":{\"@type\":\"ImageObject\",\"inLanguage\":\"qt\",\"@id\":\"https:\\\/\\\/qtmm.org\\\/qt\\\/#\\\/schema\\\/logo\\\/image\\\/\",\"url\":\"https:\\\/\\\/qtmm.org\\\/wp-content\\\/uploads\\\/2024\\\/12\\\/ua-mejlis-logo-rgb.svg\",\"contentUrl\":\"https:\\\/\\\/qtmm.org\\\/wp-content\\\/uploads\\\/2024\\\/12\\\/ua-mejlis-logo-rgb.svg\",\"caption\":\"\u041c\u0435\u0434\u0436\u043b\u0456\u0441\"},\"image\":{\"@id\":\"https:\\\/\\\/qtmm.org\\\/qt\\\/#\\\/schema\\\/logo\\\/image\\\/\"},\"sameAs\":[\"https:\\\/\\\/www.facebook.com\\\/qtmm.info\\\/\"]},{\"@type\":\"Person\",\"@id\":\"https:\\\/\\\/qtmm.org\\\/qt\\\/#\\\/schema\\\/person\\\/de562469f971dec226ac06e60bbf74a7\",\"name\":\"Developer\",\"image\":{\"@type\":\"ImageObject\",\"inLanguage\":\"qt\",\"@id\":\"https:\\\/\\\/secure.gravatar.com\\\/avatar\\\/392b4cc8fbfeb00b39dfeeab4ee6edded39ffd48e25858637e4765810300227e?s=96&d=mm&r=g\",\"url\":\"https:\\\/\\\/secure.gravatar.com\\\/avatar\\\/392b4cc8fbfeb00b39dfeeab4ee6edded39ffd48e25858637e4765810300227e?s=96&d=mm&r=g\",\"contentUrl\":\"https:\\\/\\\/secure.gravatar.com\\\/avatar\\\/392b4cc8fbfeb00b39dfeeab4ee6edded39ffd48e25858637e4765810300227e?s=96&d=mm&r=g\",\"caption\":\"Developer\"},\"url\":\"https:\\\/\\\/qtmm.org\\\/qt\\\/author\\\/Developer\\\/\"}]}<\/script>\n<!-- \/ Yoast SEO plugin. -->","yoast_head_json":{"title":"Q\u0131r\u0131m musulmanlar\u0131n\u0131\u00f1 diniy idaresinde \u00abHidayet\u00bb gazetas\u0131 ve on\u0131\u00f1 ba\u015f muarriri Zakir Qurtnezirni\u00f1 yubileyi qayd etildi - \u041c\u0435\u0434\u0436\u043b\u0456\u0441","robots":{"index":"index","follow":"follow","max-snippet":"max-snippet:-1","max-image-preview":"max-image-preview:large","max-video-preview":"max-video-preview:-1"},"canonical":"https:\/\/qtmm.org\/qt\/qirim-musulmanlarinin-diniy-idaresinde-hidayet-gazetasi-ve-onin-bas-muarriri-zakir-qurtnezirnin-yubileyi-qayd-etildi\/","og_locale":"en_US","og_type":"article","og_title":"Q\u0131r\u0131m musulmanlar\u0131n\u0131\u00f1 diniy idaresinde \u00abHidayet\u00bb gazetas\u0131 ve on\u0131\u00f1 ba\u015f muarriri Zakir Qurtnezirni\u00f1 yubileyi qayd etildi - \u041c\u0435\u0434\u0436\u043b\u0456\u0441","og_description":"Aqmescitte Q\u0131r\u0131m musulmanlar\u0131 diniy idaresini\u00f1 meclisler zal\u0131nda on\u0131\u00f1 resmiy ne\u015fir organ\u0131 &#8220;Hidayet&#8221; gazetas\u0131n\u0131\u00f1 20 y\u0131ll\u0131\u011f\u0131 ve on\u0131\u00f1 ba\u015f muarriri, yaz\u0131c\u0131, \u015fair, terciman Zakir Qurtnezirni\u00f1 80 y\u0131ll\u0131q yubileyi tantanal\u0131 s\u00fcrette qayd etildi. Yubil\u00e2rn\u0131 Milliy Meclis azalar\u0131, q\u0131r\u0131mtatar yaz\u0131c\u0131lar\u0131, jurnalistler, milliy areket i\u015ftirak\u00e7ileri hay\u0131rlad\u0131lar. Tedbirni\u00f1 ba\u015f\u0131nda Zakir Qurtnezirni\u00f1 \u00f6m\u00fcri ve faaliyeti ve &#8220;Hidayet&#8221; gazetas\u0131n\u0131\u00f1 meydan\u011fa kel\u00fcv tarih\u0131n\u0131 [&hellip;]","og_url":"https:\/\/qtmm.org\/qt\/qirim-musulmanlarinin-diniy-idaresinde-hidayet-gazetasi-ve-onin-bas-muarriri-zakir-qurtnezirnin-yubileyi-qayd-etildi\/","og_site_name":"\u041c\u0435\u0434\u0436\u043b\u0456\u0441","article_publisher":"https:\/\/www.facebook.com\/qtmm.info\/","article_published_time":"2013-12-05T18:45:00+00:00","article_modified_time":"2022-01-26T18:47:30+00:00","og_image":[{"width":800,"height":536,"url":"https:\/\/qtmm.org\/wp-content\/uploads\/2022\/01\/muftiy.jpeg","type":"image\/jpeg"}],"author":"Developer","twitter_card":"summary_large_image","twitter_misc":{"Written by":"Developer","Est. reading time":"3 minutes"},"schema":{"@context":"https:\/\/schema.org","@graph":[{"@type":"Article","@id":"https:\/\/qtmm.org\/qt\/qirim-musulmanlarinin-diniy-idaresinde-hidayet-gazetasi-ve-onin-bas-muarriri-zakir-qurtnezirnin-yubileyi-qayd-etildi\/#article","isPartOf":{"@id":"https:\/\/qtmm.org\/qt\/qirim-musulmanlarinin-diniy-idaresinde-hidayet-gazetasi-ve-onin-bas-muarriri-zakir-qurtnezirnin-yubileyi-qayd-etildi\/"},"author":{"name":"Developer","@id":"https:\/\/qtmm.org\/qt\/#\/schema\/person\/de562469f971dec226ac06e60bbf74a7"},"headline":"Q\u0131r\u0131m musulmanlar\u0131n\u0131\u00f1 diniy idaresinde \u00abHidayet\u00bb gazetas\u0131 ve on\u0131\u00f1 ba\u015f muarriri Zakir Qurtnezirni\u00f1 yubileyi qayd etildi","datePublished":"2013-12-05T18:45:00+00:00","dateModified":"2022-01-26T18:47:30+00:00","mainEntityOfPage":{"@id":"https:\/\/qtmm.org\/qt\/qirim-musulmanlarinin-diniy-idaresinde-hidayet-gazetasi-ve-onin-bas-muarriri-zakir-qurtnezirnin-yubileyi-qayd-etildi\/"},"wordCount":524,"commentCount":0,"publisher":{"@id":"https:\/\/qtmm.org\/qt\/#organization"},"image":{"@id":"https:\/\/qtmm.org\/qt\/qirim-musulmanlarinin-diniy-idaresinde-hidayet-gazetasi-ve-onin-bas-muarriri-zakir-qurtnezirnin-yubileyi-qayd-etildi\/#primaryimage"},"thumbnailUrl":"https:\/\/qtmm.org\/wp-content\/uploads\/2022\/01\/muftiy.jpeg","articleSection":["Haberler"],"inLanguage":"qt","potentialAction":[{"@type":"CommentAction","name":"Comment","target":["https:\/\/qtmm.org\/qt\/qirim-musulmanlarinin-diniy-idaresinde-hidayet-gazetasi-ve-onin-bas-muarriri-zakir-qurtnezirnin-yubileyi-qayd-etildi\/#respond"]}]},{"@type":"WebPage","@id":"https:\/\/qtmm.org\/qt\/qirim-musulmanlarinin-diniy-idaresinde-hidayet-gazetasi-ve-onin-bas-muarriri-zakir-qurtnezirnin-yubileyi-qayd-etildi\/","url":"https:\/\/qtmm.org\/qt\/qirim-musulmanlarinin-diniy-idaresinde-hidayet-gazetasi-ve-onin-bas-muarriri-zakir-qurtnezirnin-yubileyi-qayd-etildi\/","name":"Q\u0131r\u0131m musulmanlar\u0131n\u0131\u00f1 diniy idaresinde \u00abHidayet\u00bb gazetas\u0131 ve on\u0131\u00f1 ba\u015f muarriri Zakir Qurtnezirni\u00f1 yubileyi qayd etildi - \u041c\u0435\u0434\u0436\u043b\u0456\u0441","isPartOf":{"@id":"https:\/\/qtmm.org\/qt\/#website"},"primaryImageOfPage":{"@id":"https:\/\/qtmm.org\/qt\/qirim-musulmanlarinin-diniy-idaresinde-hidayet-gazetasi-ve-onin-bas-muarriri-zakir-qurtnezirnin-yubileyi-qayd-etildi\/#primaryimage"},"image":{"@id":"https:\/\/qtmm.org\/qt\/qirim-musulmanlarinin-diniy-idaresinde-hidayet-gazetasi-ve-onin-bas-muarriri-zakir-qurtnezirnin-yubileyi-qayd-etildi\/#primaryimage"},"thumbnailUrl":"https:\/\/qtmm.org\/wp-content\/uploads\/2022\/01\/muftiy.jpeg","datePublished":"2013-12-05T18:45:00+00:00","dateModified":"2022-01-26T18:47:30+00:00","breadcrumb":{"@id":"https:\/\/qtmm.org\/qt\/qirim-musulmanlarinin-diniy-idaresinde-hidayet-gazetasi-ve-onin-bas-muarriri-zakir-qurtnezirnin-yubileyi-qayd-etildi\/#breadcrumb"},"inLanguage":"qt","potentialAction":[{"@type":"ReadAction","target":["https:\/\/qtmm.org\/qt\/qirim-musulmanlarinin-diniy-idaresinde-hidayet-gazetasi-ve-onin-bas-muarriri-zakir-qurtnezirnin-yubileyi-qayd-etildi\/"]}]},{"@type":"ImageObject","inLanguage":"qt","@id":"https:\/\/qtmm.org\/qt\/qirim-musulmanlarinin-diniy-idaresinde-hidayet-gazetasi-ve-onin-bas-muarriri-zakir-qurtnezirnin-yubileyi-qayd-etildi\/#primaryimage","url":"https:\/\/qtmm.org\/wp-content\/uploads\/2022\/01\/muftiy.jpeg","contentUrl":"https:\/\/qtmm.org\/wp-content\/uploads\/2022\/01\/muftiy.jpeg","width":800,"height":536},{"@type":"BreadcrumbList","@id":"https:\/\/qtmm.org\/qt\/qirim-musulmanlarinin-diniy-idaresinde-hidayet-gazetasi-ve-onin-bas-muarriri-zakir-qurtnezirnin-yubileyi-qayd-etildi\/#breadcrumb","itemListElement":[{"@type":"ListItem","position":1,"name":"\u0413\u043e\u043b\u043e\u0432\u043d\u0430","item":"https:\/\/qtmm.org\/qt\/"},{"@type":"ListItem","position":2,"name":"Q\u0131r\u0131m musulmanlar\u0131n\u0131\u00f1 diniy idaresinde \u00abHidayet\u00bb gazetas\u0131 ve on\u0131\u00f1 ba\u015f muarriri Zakir Qurtnezirni\u00f1 yubileyi qayd etildi"}]},{"@type":"WebSite","@id":"https:\/\/qtmm.org\/qt\/#website","url":"https:\/\/qtmm.org\/qt\/","name":"\u041c\u0435\u0434\u0436\u043b\u0456\u0441","description":"","publisher":{"@id":"https:\/\/qtmm.org\/qt\/#organization"},"potentialAction":[{"@type":"SearchAction","target":{"@type":"EntryPoint","urlTemplate":"https:\/\/qtmm.org\/qt\/?s={search_term_string}"},"query-input":{"@type":"PropertyValueSpecification","valueRequired":true,"valueName":"search_term_string"}}],"inLanguage":"qt"},{"@type":"Organization","@id":"https:\/\/qtmm.org\/qt\/#organization","name":"\u041c\u0435\u0434\u0436\u043b\u0456\u0441","url":"https:\/\/qtmm.org\/qt\/","logo":{"@type":"ImageObject","inLanguage":"qt","@id":"https:\/\/qtmm.org\/qt\/#\/schema\/logo\/image\/","url":"https:\/\/qtmm.org\/wp-content\/uploads\/2024\/12\/ua-mejlis-logo-rgb.svg","contentUrl":"https:\/\/qtmm.org\/wp-content\/uploads\/2024\/12\/ua-mejlis-logo-rgb.svg","caption":"\u041c\u0435\u0434\u0436\u043b\u0456\u0441"},"image":{"@id":"https:\/\/qtmm.org\/qt\/#\/schema\/logo\/image\/"},"sameAs":["https:\/\/www.facebook.com\/qtmm.info\/"]},{"@type":"Person","@id":"https:\/\/qtmm.org\/qt\/#\/schema\/person\/de562469f971dec226ac06e60bbf74a7","name":"Developer","image":{"@type":"ImageObject","inLanguage":"qt","@id":"https:\/\/secure.gravatar.com\/avatar\/392b4cc8fbfeb00b39dfeeab4ee6edded39ffd48e25858637e4765810300227e?s=96&d=mm&r=g","url":"https:\/\/secure.gravatar.com\/avatar\/392b4cc8fbfeb00b39dfeeab4ee6edded39ffd48e25858637e4765810300227e?s=96&d=mm&r=g","contentUrl":"https:\/\/secure.gravatar.com\/avatar\/392b4cc8fbfeb00b39dfeeab4ee6edded39ffd48e25858637e4765810300227e?s=96&d=mm&r=g","caption":"Developer"},"url":"https:\/\/qtmm.org\/qt\/author\/Developer\/"}]}},"_links":{"self":[{"href":"https:\/\/qtmm.org\/qt\/wp-json\/wp\/v2\/posts\/41382","targetHints":{"allow":["GET"]}}],"collection":[{"href":"https:\/\/qtmm.org\/qt\/wp-json\/wp\/v2\/posts"}],"about":[{"href":"https:\/\/qtmm.org\/qt\/wp-json\/wp\/v2\/types\/post"}],"author":[{"embeddable":true,"href":"https:\/\/qtmm.org\/qt\/wp-json\/wp\/v2\/users\/1"}],"replies":[{"embeddable":true,"href":"https:\/\/qtmm.org\/qt\/wp-json\/wp\/v2\/comments?post=41382"}],"version-history":[{"count":1,"href":"https:\/\/qtmm.org\/qt\/wp-json\/wp\/v2\/posts\/41382\/revisions"}],"predecessor-version":[{"id":41403,"href":"https:\/\/qtmm.org\/qt\/wp-json\/wp\/v2\/posts\/41382\/revisions\/41403"}],"wp:featuredmedia":[{"embeddable":true,"href":"https:\/\/qtmm.org\/qt\/wp-json\/wp\/v2\/media\/41387"}],"wp:attachment":[{"href":"https:\/\/qtmm.org\/qt\/wp-json\/wp\/v2\/media?parent=41382"}],"wp:term":[{"taxonomy":"category","embeddable":true,"href":"https:\/\/qtmm.org\/qt\/wp-json\/wp\/v2\/categories?post=41382"},{"taxonomy":"post_tag","embeddable":true,"href":"https:\/\/qtmm.org\/qt\/wp-json\/wp\/v2\/tags?post=41382"}],"curies":[{"name":"wp","href":"https:\/\/api.w.org\/{rel}","templated":true}]}}