




{"id":41360,"date":"2013-12-04T21:43:00","date_gmt":"2013-12-04T18:43:00","guid":{"rendered":"http:\/\/qtmm.org\/?p=41360"},"modified":"2022-01-26T21:45:40","modified_gmt":"2022-01-26T18:45:40","slug":"refat-cubarov-halqara-forum-mitlaqa-2014-senesi-mayis-18-qirimtatar-halqi-surgunliginin-70-yilligi-arfesinde-kecirilmek-kere","status":"publish","type":"post","link":"https:\/\/qtmm.org\/qt\/refat-cubarov-halqara-forum-mitlaqa-2014-senesi-mayis-18-qirimtatar-halqi-surgunliginin-70-yilligi-arfesinde-kecirilmek-kere\/","title":{"rendered":"Refat \u00c7ubarov: Halqara forum m\u0131tlaqa 2014 senesi may\u0131s 18 &#8211; q\u0131r\u0131mtatar halq\u0131 s\u00fcrg\u00fcnligini\u00f1 70 y\u0131ll\u0131\u011f\u0131 arfesinde ke\u00e7irilmek kere"},"content":{"rendered":"\n<p>2013 senesi dekabr 4 k\u00fcn\u00fc Kiyevde Q\u0131r\u0131mtatar halq\u0131 Meclisini\u00f1 reisi Refat \u00c7ubarov ve Ukraina halq deputat\u0131 Mustafa Cemilev OSCE Milliy azl\u0131qlarn\u0131\u00f1 i\u015fleri boyunca aliy komissar Astrid Tors ile k\u00f6r\u00fc\u015ftiler.<\/p>\n\n\n\n<p>K\u00f6r\u00fc\u015f\u00fcvde bun\u0131\u00f1 kibi de Aliy komissar ofisini\u00f1 \u00fcyken mesleat\u00e7\u0131s\u0131 Bob Din ve Ukraina halq deputat\u0131n\u0131\u00f1 yard\u0131mc\u0131s\u0131 Aleksey Skorik i\u015ftirak ettiler.<\/p>\n\n\n\n<p>Qararnen eki saat devam etken k\u00f6r\u00fc\u015f\u00fcvde taraflar Q\u0131r\u0131mdaki vaziyet ve q\u0131r\u0131mtatar halq\u0131n\u0131\u00f1 al\u0131na dair mesele ve bun\u0131\u00f1 kibi de 2013 senesi noyabr 21 k\u00fcn\u00fc Ukraina Nazirler Kabineti Ukraina ve Avropa Birligini\u00f1 birle\u015fmesi aqq\u0131nda a\u00f1la\u015fman\u0131\u00f1 imzalanmas\u0131na az\u0131rl\u0131qn\u0131 toqtat\u0131p turmaq boyunca qarar\u0131ndan so\u00f1 meydan\u011fa kelgen siyasiy inq\u0131raz ve Q\u0131r\u0131mtatar halq\u0131n\u0131\u00f1 aqlar\u0131n\u0131 tiklev boyunca Halqara forumn\u0131 ke\u00e7ir\u00fcvni\u00f1 istiqballeri muzakere etildi.<\/p>\n\n\n\n<figure class=\"wp-block-image size-full\"><img loading=\"lazy\" decoding=\"async\" width=\"650\" height=\"297\" src=\"http:\/\/qtmm.org\/wp-content\/uploads\/2022\/01\/foto_3_2.jpeg\" alt=\"\" class=\"wp-image-41365\" srcset=\"https:\/\/qtmm.org\/wp-content\/uploads\/2022\/01\/foto_3_2.jpeg 650w, https:\/\/qtmm.org\/wp-content\/uploads\/2022\/01\/foto_3_2-300x137.jpeg 300w\" sizes=\"auto, (max-width: 650px) 100vw, 650px\" \/><\/figure>\n\n\n\n<p>K\u00f6r\u00fc\u015f\u00fcv i\u015ftirak\u00e7ileri devlet ve cumhuriyet akimiyeti q\u0131r\u0131mtatarlarn\u0131\u00f1 vek\u00e2letli organ\u0131 ile dialog\u0131 m\u00fcmk\u00fcnligine dair meseleler de tafsil\u00e2tl\u0131 baq\u0131ld\u0131, Meclis yolba\u015f\u00e7\u0131s\u0131 qayd etti ki, q\u0131r\u0131mtatar halq\u0131n\u0131\u00f1 \u00f6z tarihiy Vatan\u0131ndan s\u00fcrg\u00fcn etilgenini\u00f1 70 y\u0131ll\u0131\u011f\u0131t arfesinde q\u0131r\u0131mtatarlar ukrain devleti ve Ukrainada q\u0131r\u0131mtatarlar meselesini\u00f1 \u00e7ezimine celp etilgen halqara te\u015fkil\u00e2tlar, birinci nevbette OSCE ve Avropa Birliginden tam cevaplarn\u0131 almas\u0131 pek m\u00fcimdir.<\/p>\n\n\n\n<figure class=\"wp-block-image size-full\"><img loading=\"lazy\" decoding=\"async\" width=\"650\" height=\"358\" src=\"http:\/\/qtmm.org\/wp-content\/uploads\/2022\/01\/foto_4_1.jpeg\" alt=\"\" class=\"wp-image-41369\" srcset=\"https:\/\/qtmm.org\/wp-content\/uploads\/2022\/01\/foto_4_1.jpeg 650w, https:\/\/qtmm.org\/wp-content\/uploads\/2022\/01\/foto_4_1-300x165.jpeg 300w\" sizes=\"auto, (max-width: 650px) 100vw, 650px\" \/><\/figure>\n\n\n\n<p>&#8220;Q\u0131r\u0131mtatar halq\u0131 Ukrainan\u0131\u00f1 &#8220;Milliy mens\u00fcpligine k\u00f6re s\u00fcrg\u00fcn etilgen \u015fah\u0131slarn\u0131\u00f1 aqlar\u0131n\u0131 \u011fayr\u0131dan tiklev aqq\u0131nda&#8221; Qanun m\u0131tlaqa qabul etilecegini beklemekte&#8221;, &#8211; dedi R. \u00c7ubarov. \u2013 Biz \u00fcm\u00fct etemiz ki, Ukraina e\u00f1 yaq\u0131n zamanda 2014 senesi may\u0131s 18 &#8211; q\u0131r\u0131mtatar halq\u0131 s\u00fcrg\u00fcnligini\u00f1 70 y\u0131ll\u0131\u011f\u0131 arfesinde Halqara forum ke\u00e7irilmesi boyunca \u00f6z pozitsiyas\u0131n\u0131 seslendirir&#8221;.<\/p>\n\n\n\n<p>Ukraina halq deputat\u0131 M. Cemilev OSCE Aliy komissar\u0131 ile subette dedi ki, akimiyet q\u0131r\u0131mtatar halq\u0131na akimiyet menfaatlar\u0131ndan ve siyasiy k\u00f6\u00f1\u00fcnktura\u011fa ba\u011fl\u0131 obyektke kibi degil de , Ukraina siyasiy, iqtisadiy ve i\u00e7timaiy ayat\u0131n\u0131\u00f1 subyektlerinden biri s\u0131fat\u0131nda yana\u015fmas\u0131 zarur.<\/p>\n\n\n\n<figure class=\"wp-block-image size-full\"><img loading=\"lazy\" decoding=\"async\" width=\"650\" height=\"381\" src=\"http:\/\/qtmm.org\/wp-content\/uploads\/2022\/01\/foto_12.jpeg\" alt=\"\" class=\"wp-image-41373\" srcset=\"https:\/\/qtmm.org\/wp-content\/uploads\/2022\/01\/foto_12.jpeg 650w, https:\/\/qtmm.org\/wp-content\/uploads\/2022\/01\/foto_12-300x176.jpeg 300w\" sizes=\"auto, (max-width: 650px) 100vw, 650px\" \/><\/figure>\n\n\n\n<p>\u00d6z nevbetinde OSCE Aliy komissar\u0131 Astrid Tors ofis OSCE azas\u0131 ol\u011fan Ukrainadaki vaqialar\u011fa, bilhassa insan ve millet aqalar\u0131n\u0131 qor\u00e7alav saas\u0131ndaki vaziyetni diqqatnen k\u00f6zetecegini bildirdi. Aliy Komissarn\u0131\u00f1 s\u00f6ylegenine k\u00f6re on\u0131\u00f1 ve on\u0131\u00f1 komandas\u0131 i\u00e7\u00fcn q\u0131r\u0131mtatarlar ke\u00e7ken yol pek q\u0131ymetlidir.<\/p>\n\n\n\n<p>&#8220;Men a\u00f1lay\u0131m ki, q\u0131r\u0131mtatar meselesi \u00e7ezimini\u00f1 sozulmas\u0131 insanlar, bilhassa gen\u00e7ler aras\u0131nda sab\u0131rs\u0131zl\u0131q ve \u00f6z aqlar\u0131n\u0131 qoruvn\u0131\u00f1 ba\u015fqa yollar\u0131n\u0131 ara\u015ft\u0131rmas\u0131na siltem olur&#8221;, &#8211; dedi Astrid Tors.<\/p>\n\n\n\n<figure class=\"wp-block-image size-full\"><img loading=\"lazy\" decoding=\"async\" width=\"656\" height=\"492\" src=\"http:\/\/qtmm.org\/wp-content\/uploads\/2022\/01\/foto_1_11.jpeg\" alt=\"\" class=\"wp-image-41377\" srcset=\"https:\/\/qtmm.org\/wp-content\/uploads\/2022\/01\/foto_1_11.jpeg 656w, https:\/\/qtmm.org\/wp-content\/uploads\/2022\/01\/foto_1_11-300x225.jpeg 300w\" sizes=\"auto, (max-width: 656px) 100vw, 656px\" \/><\/figure>\n\n\n\n<p>Subetde\u015flerine h\u0131tap eterek Aliy Komissar q\u0131r\u0131mtatarlarn\u0131\u00f1 liderleri kelecekte de demokratiya printsipleri esas\u0131nda i\u015f k\u00f6receklerine i\u015fan\u00e7 bildirip, OSCE Aliy komissar\u0131 taraf\u0131ndan Nansen muk\u00e2fat\u0131n\u0131\u00f1 saibi ol\u011fan Mustafa Cemilev ile tan\u0131\u015f ol\u011fan\u0131n\u0131 kendisi i\u00e7\u00fcn b\u00fcy\u00fck \u015feref, dep bilgenini qayd etti.<\/p>\n\n\n\n<p><em><u>Mal\u00fcmat i\u00e7\u00fcn:<\/u><\/em>&nbsp;&nbsp; 2013 senesi yazda Finl\u00e2ndiyan\u0131\u00f1 migratsiya ve Avropa ba\u011flar\u0131 boyunca sab\u0131q nazir Astrid Tors OSCE Milliy azl\u0131qlarn\u0131\u00f1 i\u015fleri boyunca aliy komissar olaraq sayland\u0131. A. Tors Avropa parlamentini\u00f1 azas\u0131 da old\u0131. On\u0131\u00f1 Aliy Komissar vazifesine tayinlenmesi OSCE azas\u0131 ol\u011fan 57 devletni\u00f1 umumiy qarar\u0131d\u0131r. Bu vazifede \u00fc\u00e7 y\u0131l \u00e7al\u0131\u015facaq Astrid Torsn\u0131\u00f1 i\u015f m\u00fcddeti 2013 senesi avgust 20-de ba\u015fland\u0131.<\/p>\n","protected":false},"excerpt":{"rendered":"<p>2013 senesi dekabr 4 k\u00fcn\u00fc Kiyevde Q\u0131r\u0131mtatar halq\u0131 Meclisini\u00f1 reisi Refat \u00c7ubarov ve Ukraina halq deputat\u0131 Mustafa Cemilev OSCE Milliy azl\u0131qlarn\u0131\u00f1 i\u015fleri boyunca aliy komissar Astrid Tors ile k\u00f6r\u00fc\u015ftiler. K\u00f6r\u00fc\u015f\u00fcvde bun\u0131\u00f1 kibi de Aliy komissar ofisini\u00f1 \u00fcyken mesleat\u00e7\u0131s\u0131 Bob Din ve Ukraina halq deputat\u0131n\u0131\u00f1 yard\u0131mc\u0131s\u0131 Aleksey Skorik i\u015ftirak ettiler. Qararnen eki saat devam etken k\u00f6r\u00fc\u015f\u00fcvde [&hellip;]<\/p>\n","protected":false},"author":1,"featured_media":41361,"comment_status":"open","ping_status":"open","sticky":false,"template":"","format":"standard","meta":{"inline_featured_image":false,"footnotes":""},"categories":[265],"tags":[],"class_list":["post-41360","post","type-post","status-publish","format-standard","has-post-thumbnail","hentry","category-haberler"],"acf":[],"yoast_head":"<!-- This site is optimized with the Yoast SEO plugin v27.4 - https:\/\/yoast.com\/product\/yoast-seo-wordpress\/ -->\n<title>Refat \u00c7ubarov: Halqara forum m\u0131tlaqa 2014 senesi may\u0131s 18 - q\u0131r\u0131mtatar halq\u0131 s\u00fcrg\u00fcnligini\u00f1 70 y\u0131ll\u0131\u011f\u0131 arfesinde ke\u00e7irilmek kere - \u041c\u0435\u0434\u0436\u043b\u0456\u0441<\/title>\n<meta name=\"robots\" content=\"index, follow, max-snippet:-1, max-image-preview:large, max-video-preview:-1\" \/>\n<link rel=\"canonical\" href=\"https:\/\/qtmm.org\/qt\/refat-cubarov-halqara-forum-mitlaqa-2014-senesi-mayis-18-qirimtatar-halqi-surgunliginin-70-yilligi-arfesinde-kecirilmek-kere\/\" \/>\n<meta property=\"og:locale\" content=\"en_US\" \/>\n<meta property=\"og:type\" content=\"article\" \/>\n<meta property=\"og:title\" content=\"Refat \u00c7ubarov: Halqara forum m\u0131tlaqa 2014 senesi may\u0131s 18 - q\u0131r\u0131mtatar halq\u0131 s\u00fcrg\u00fcnligini\u00f1 70 y\u0131ll\u0131\u011f\u0131 arfesinde ke\u00e7irilmek kere - \u041c\u0435\u0434\u0436\u043b\u0456\u0441\" \/>\n<meta property=\"og:description\" content=\"2013 senesi dekabr 4 k\u00fcn\u00fc Kiyevde Q\u0131r\u0131mtatar halq\u0131 Meclisini\u00f1 reisi Refat \u00c7ubarov ve Ukraina halq deputat\u0131 Mustafa Cemilev OSCE Milliy azl\u0131qlarn\u0131\u00f1 i\u015fleri boyunca aliy komissar Astrid Tors ile k\u00f6r\u00fc\u015ftiler. K\u00f6r\u00fc\u015f\u00fcvde bun\u0131\u00f1 kibi de Aliy komissar ofisini\u00f1 \u00fcyken mesleat\u00e7\u0131s\u0131 Bob Din ve Ukraina halq deputat\u0131n\u0131\u00f1 yard\u0131mc\u0131s\u0131 Aleksey Skorik i\u015ftirak ettiler. Qararnen eki saat devam etken k\u00f6r\u00fc\u015f\u00fcvde [&hellip;]\" \/>\n<meta property=\"og:url\" content=\"https:\/\/qtmm.org\/qt\/refat-cubarov-halqara-forum-mitlaqa-2014-senesi-mayis-18-qirimtatar-halqi-surgunliginin-70-yilligi-arfesinde-kecirilmek-kere\/\" \/>\n<meta property=\"og:site_name\" content=\"\u041c\u0435\u0434\u0436\u043b\u0456\u0441\" \/>\n<meta property=\"article:publisher\" content=\"https:\/\/www.facebook.com\/qtmm.info\/\" \/>\n<meta property=\"article:published_time\" content=\"2013-12-04T18:43:00+00:00\" \/>\n<meta property=\"article:modified_time\" content=\"2022-01-26T18:45:40+00:00\" \/>\n<meta property=\"og:image\" content=\"https:\/\/qtmm.org\/wp-content\/uploads\/2022\/01\/foto_2_9.jpeg\" \/>\n\t<meta property=\"og:image:width\" content=\"650\" \/>\n\t<meta property=\"og:image:height\" content=\"411\" \/>\n\t<meta property=\"og:image:type\" content=\"image\/jpeg\" \/>\n<meta name=\"author\" content=\"Developer\" \/>\n<meta name=\"twitter:card\" content=\"summary_large_image\" \/>\n<meta name=\"twitter:label1\" content=\"Written by\" \/>\n\t<meta name=\"twitter:data1\" content=\"Developer\" \/>\n\t<meta name=\"twitter:label2\" content=\"Est. reading time\" \/>\n\t<meta name=\"twitter:data2\" content=\"3 minutes\" \/>\n<script type=\"application\/ld+json\" class=\"yoast-schema-graph\">{\"@context\":\"https:\\\/\\\/schema.org\",\"@graph\":[{\"@type\":\"Article\",\"@id\":\"https:\\\/\\\/qtmm.org\\\/qt\\\/refat-cubarov-halqara-forum-mitlaqa-2014-senesi-mayis-18-qirimtatar-halqi-surgunliginin-70-yilligi-arfesinde-kecirilmek-kere\\\/#article\",\"isPartOf\":{\"@id\":\"https:\\\/\\\/qtmm.org\\\/qt\\\/refat-cubarov-halqara-forum-mitlaqa-2014-senesi-mayis-18-qirimtatar-halqi-surgunliginin-70-yilligi-arfesinde-kecirilmek-kere\\\/\"},\"author\":{\"name\":\"Developer\",\"@id\":\"https:\\\/\\\/qtmm.org\\\/qt\\\/#\\\/schema\\\/person\\\/de562469f971dec226ac06e60bbf74a7\"},\"headline\":\"Refat \u00c7ubarov: Halqara forum m\u0131tlaqa 2014 senesi may\u0131s 18 &#8211; q\u0131r\u0131mtatar halq\u0131 s\u00fcrg\u00fcnligini\u00f1 70 y\u0131ll\u0131\u011f\u0131 arfesinde ke\u00e7irilmek kere\",\"datePublished\":\"2013-12-04T18:43:00+00:00\",\"dateModified\":\"2022-01-26T18:45:40+00:00\",\"mainEntityOfPage\":{\"@id\":\"https:\\\/\\\/qtmm.org\\\/qt\\\/refat-cubarov-halqara-forum-mitlaqa-2014-senesi-mayis-18-qirimtatar-halqi-surgunliginin-70-yilligi-arfesinde-kecirilmek-kere\\\/\"},\"wordCount\":573,\"commentCount\":0,\"publisher\":{\"@id\":\"https:\\\/\\\/qtmm.org\\\/qt\\\/#organization\"},\"image\":{\"@id\":\"https:\\\/\\\/qtmm.org\\\/qt\\\/refat-cubarov-halqara-forum-mitlaqa-2014-senesi-mayis-18-qirimtatar-halqi-surgunliginin-70-yilligi-arfesinde-kecirilmek-kere\\\/#primaryimage\"},\"thumbnailUrl\":\"https:\\\/\\\/qtmm.org\\\/wp-content\\\/uploads\\\/2022\\\/01\\\/foto_2_9.jpeg\",\"articleSection\":[\"Haberler\"],\"inLanguage\":\"qt\",\"potentialAction\":[{\"@type\":\"CommentAction\",\"name\":\"Comment\",\"target\":[\"https:\\\/\\\/qtmm.org\\\/qt\\\/refat-cubarov-halqara-forum-mitlaqa-2014-senesi-mayis-18-qirimtatar-halqi-surgunliginin-70-yilligi-arfesinde-kecirilmek-kere\\\/#respond\"]}]},{\"@type\":\"WebPage\",\"@id\":\"https:\\\/\\\/qtmm.org\\\/qt\\\/refat-cubarov-halqara-forum-mitlaqa-2014-senesi-mayis-18-qirimtatar-halqi-surgunliginin-70-yilligi-arfesinde-kecirilmek-kere\\\/\",\"url\":\"https:\\\/\\\/qtmm.org\\\/qt\\\/refat-cubarov-halqara-forum-mitlaqa-2014-senesi-mayis-18-qirimtatar-halqi-surgunliginin-70-yilligi-arfesinde-kecirilmek-kere\\\/\",\"name\":\"Refat \u00c7ubarov: Halqara forum m\u0131tlaqa 2014 senesi may\u0131s 18 - q\u0131r\u0131mtatar halq\u0131 s\u00fcrg\u00fcnligini\u00f1 70 y\u0131ll\u0131\u011f\u0131 arfesinde ke\u00e7irilmek kere - \u041c\u0435\u0434\u0436\u043b\u0456\u0441\",\"isPartOf\":{\"@id\":\"https:\\\/\\\/qtmm.org\\\/qt\\\/#website\"},\"primaryImageOfPage\":{\"@id\":\"https:\\\/\\\/qtmm.org\\\/qt\\\/refat-cubarov-halqara-forum-mitlaqa-2014-senesi-mayis-18-qirimtatar-halqi-surgunliginin-70-yilligi-arfesinde-kecirilmek-kere\\\/#primaryimage\"},\"image\":{\"@id\":\"https:\\\/\\\/qtmm.org\\\/qt\\\/refat-cubarov-halqara-forum-mitlaqa-2014-senesi-mayis-18-qirimtatar-halqi-surgunliginin-70-yilligi-arfesinde-kecirilmek-kere\\\/#primaryimage\"},\"thumbnailUrl\":\"https:\\\/\\\/qtmm.org\\\/wp-content\\\/uploads\\\/2022\\\/01\\\/foto_2_9.jpeg\",\"datePublished\":\"2013-12-04T18:43:00+00:00\",\"dateModified\":\"2022-01-26T18:45:40+00:00\",\"breadcrumb\":{\"@id\":\"https:\\\/\\\/qtmm.org\\\/qt\\\/refat-cubarov-halqara-forum-mitlaqa-2014-senesi-mayis-18-qirimtatar-halqi-surgunliginin-70-yilligi-arfesinde-kecirilmek-kere\\\/#breadcrumb\"},\"inLanguage\":\"qt\",\"potentialAction\":[{\"@type\":\"ReadAction\",\"target\":[\"https:\\\/\\\/qtmm.org\\\/qt\\\/refat-cubarov-halqara-forum-mitlaqa-2014-senesi-mayis-18-qirimtatar-halqi-surgunliginin-70-yilligi-arfesinde-kecirilmek-kere\\\/\"]}]},{\"@type\":\"ImageObject\",\"inLanguage\":\"qt\",\"@id\":\"https:\\\/\\\/qtmm.org\\\/qt\\\/refat-cubarov-halqara-forum-mitlaqa-2014-senesi-mayis-18-qirimtatar-halqi-surgunliginin-70-yilligi-arfesinde-kecirilmek-kere\\\/#primaryimage\",\"url\":\"https:\\\/\\\/qtmm.org\\\/wp-content\\\/uploads\\\/2022\\\/01\\\/foto_2_9.jpeg\",\"contentUrl\":\"https:\\\/\\\/qtmm.org\\\/wp-content\\\/uploads\\\/2022\\\/01\\\/foto_2_9.jpeg\",\"width\":650,\"height\":411},{\"@type\":\"BreadcrumbList\",\"@id\":\"https:\\\/\\\/qtmm.org\\\/qt\\\/refat-cubarov-halqara-forum-mitlaqa-2014-senesi-mayis-18-qirimtatar-halqi-surgunliginin-70-yilligi-arfesinde-kecirilmek-kere\\\/#breadcrumb\",\"itemListElement\":[{\"@type\":\"ListItem\",\"position\":1,\"name\":\"\u0413\u043e\u043b\u043e\u0432\u043d\u0430\",\"item\":\"https:\\\/\\\/qtmm.org\\\/qt\\\/\"},{\"@type\":\"ListItem\",\"position\":2,\"name\":\"Refat \u00c7ubarov: Halqara forum m\u0131tlaqa 2014 senesi may\u0131s 18 &#8211; q\u0131r\u0131mtatar halq\u0131 s\u00fcrg\u00fcnligini\u00f1 70 y\u0131ll\u0131\u011f\u0131 arfesinde ke\u00e7irilmek kere\"}]},{\"@type\":\"WebSite\",\"@id\":\"https:\\\/\\\/qtmm.org\\\/qt\\\/#website\",\"url\":\"https:\\\/\\\/qtmm.org\\\/qt\\\/\",\"name\":\"\u041c\u0435\u0434\u0436\u043b\u0456\u0441\",\"description\":\"\",\"publisher\":{\"@id\":\"https:\\\/\\\/qtmm.org\\\/qt\\\/#organization\"},\"potentialAction\":[{\"@type\":\"SearchAction\",\"target\":{\"@type\":\"EntryPoint\",\"urlTemplate\":\"https:\\\/\\\/qtmm.org\\\/qt\\\/?s={search_term_string}\"},\"query-input\":{\"@type\":\"PropertyValueSpecification\",\"valueRequired\":true,\"valueName\":\"search_term_string\"}}],\"inLanguage\":\"qt\"},{\"@type\":\"Organization\",\"@id\":\"https:\\\/\\\/qtmm.org\\\/qt\\\/#organization\",\"name\":\"\u041c\u0435\u0434\u0436\u043b\u0456\u0441\",\"url\":\"https:\\\/\\\/qtmm.org\\\/qt\\\/\",\"logo\":{\"@type\":\"ImageObject\",\"inLanguage\":\"qt\",\"@id\":\"https:\\\/\\\/qtmm.org\\\/qt\\\/#\\\/schema\\\/logo\\\/image\\\/\",\"url\":\"https:\\\/\\\/qtmm.org\\\/wp-content\\\/uploads\\\/2024\\\/12\\\/ua-mejlis-logo-rgb.svg\",\"contentUrl\":\"https:\\\/\\\/qtmm.org\\\/wp-content\\\/uploads\\\/2024\\\/12\\\/ua-mejlis-logo-rgb.svg\",\"caption\":\"\u041c\u0435\u0434\u0436\u043b\u0456\u0441\"},\"image\":{\"@id\":\"https:\\\/\\\/qtmm.org\\\/qt\\\/#\\\/schema\\\/logo\\\/image\\\/\"},\"sameAs\":[\"https:\\\/\\\/www.facebook.com\\\/qtmm.info\\\/\"]},{\"@type\":\"Person\",\"@id\":\"https:\\\/\\\/qtmm.org\\\/qt\\\/#\\\/schema\\\/person\\\/de562469f971dec226ac06e60bbf74a7\",\"name\":\"Developer\",\"image\":{\"@type\":\"ImageObject\",\"inLanguage\":\"qt\",\"@id\":\"https:\\\/\\\/secure.gravatar.com\\\/avatar\\\/392b4cc8fbfeb00b39dfeeab4ee6edded39ffd48e25858637e4765810300227e?s=96&d=mm&r=g\",\"url\":\"https:\\\/\\\/secure.gravatar.com\\\/avatar\\\/392b4cc8fbfeb00b39dfeeab4ee6edded39ffd48e25858637e4765810300227e?s=96&d=mm&r=g\",\"contentUrl\":\"https:\\\/\\\/secure.gravatar.com\\\/avatar\\\/392b4cc8fbfeb00b39dfeeab4ee6edded39ffd48e25858637e4765810300227e?s=96&d=mm&r=g\",\"caption\":\"Developer\"},\"url\":\"https:\\\/\\\/qtmm.org\\\/qt\\\/author\\\/Developer\\\/\"}]}<\/script>\n<!-- \/ Yoast SEO plugin. -->","yoast_head_json":{"title":"Refat \u00c7ubarov: Halqara forum m\u0131tlaqa 2014 senesi may\u0131s 18 - q\u0131r\u0131mtatar halq\u0131 s\u00fcrg\u00fcnligini\u00f1 70 y\u0131ll\u0131\u011f\u0131 arfesinde ke\u00e7irilmek kere - \u041c\u0435\u0434\u0436\u043b\u0456\u0441","robots":{"index":"index","follow":"follow","max-snippet":"max-snippet:-1","max-image-preview":"max-image-preview:large","max-video-preview":"max-video-preview:-1"},"canonical":"https:\/\/qtmm.org\/qt\/refat-cubarov-halqara-forum-mitlaqa-2014-senesi-mayis-18-qirimtatar-halqi-surgunliginin-70-yilligi-arfesinde-kecirilmek-kere\/","og_locale":"en_US","og_type":"article","og_title":"Refat \u00c7ubarov: Halqara forum m\u0131tlaqa 2014 senesi may\u0131s 18 - q\u0131r\u0131mtatar halq\u0131 s\u00fcrg\u00fcnligini\u00f1 70 y\u0131ll\u0131\u011f\u0131 arfesinde ke\u00e7irilmek kere - \u041c\u0435\u0434\u0436\u043b\u0456\u0441","og_description":"2013 senesi dekabr 4 k\u00fcn\u00fc Kiyevde Q\u0131r\u0131mtatar halq\u0131 Meclisini\u00f1 reisi Refat \u00c7ubarov ve Ukraina halq deputat\u0131 Mustafa Cemilev OSCE Milliy azl\u0131qlarn\u0131\u00f1 i\u015fleri boyunca aliy komissar Astrid Tors ile k\u00f6r\u00fc\u015ftiler. K\u00f6r\u00fc\u015f\u00fcvde bun\u0131\u00f1 kibi de Aliy komissar ofisini\u00f1 \u00fcyken mesleat\u00e7\u0131s\u0131 Bob Din ve Ukraina halq deputat\u0131n\u0131\u00f1 yard\u0131mc\u0131s\u0131 Aleksey Skorik i\u015ftirak ettiler. Qararnen eki saat devam etken k\u00f6r\u00fc\u015f\u00fcvde [&hellip;]","og_url":"https:\/\/qtmm.org\/qt\/refat-cubarov-halqara-forum-mitlaqa-2014-senesi-mayis-18-qirimtatar-halqi-surgunliginin-70-yilligi-arfesinde-kecirilmek-kere\/","og_site_name":"\u041c\u0435\u0434\u0436\u043b\u0456\u0441","article_publisher":"https:\/\/www.facebook.com\/qtmm.info\/","article_published_time":"2013-12-04T18:43:00+00:00","article_modified_time":"2022-01-26T18:45:40+00:00","og_image":[{"width":650,"height":411,"url":"https:\/\/qtmm.org\/wp-content\/uploads\/2022\/01\/foto_2_9.jpeg","type":"image\/jpeg"}],"author":"Developer","twitter_card":"summary_large_image","twitter_misc":{"Written by":"Developer","Est. reading time":"3 minutes"},"schema":{"@context":"https:\/\/schema.org","@graph":[{"@type":"Article","@id":"https:\/\/qtmm.org\/qt\/refat-cubarov-halqara-forum-mitlaqa-2014-senesi-mayis-18-qirimtatar-halqi-surgunliginin-70-yilligi-arfesinde-kecirilmek-kere\/#article","isPartOf":{"@id":"https:\/\/qtmm.org\/qt\/refat-cubarov-halqara-forum-mitlaqa-2014-senesi-mayis-18-qirimtatar-halqi-surgunliginin-70-yilligi-arfesinde-kecirilmek-kere\/"},"author":{"name":"Developer","@id":"https:\/\/qtmm.org\/qt\/#\/schema\/person\/de562469f971dec226ac06e60bbf74a7"},"headline":"Refat \u00c7ubarov: Halqara forum m\u0131tlaqa 2014 senesi may\u0131s 18 &#8211; q\u0131r\u0131mtatar halq\u0131 s\u00fcrg\u00fcnligini\u00f1 70 y\u0131ll\u0131\u011f\u0131 arfesinde ke\u00e7irilmek kere","datePublished":"2013-12-04T18:43:00+00:00","dateModified":"2022-01-26T18:45:40+00:00","mainEntityOfPage":{"@id":"https:\/\/qtmm.org\/qt\/refat-cubarov-halqara-forum-mitlaqa-2014-senesi-mayis-18-qirimtatar-halqi-surgunliginin-70-yilligi-arfesinde-kecirilmek-kere\/"},"wordCount":573,"commentCount":0,"publisher":{"@id":"https:\/\/qtmm.org\/qt\/#organization"},"image":{"@id":"https:\/\/qtmm.org\/qt\/refat-cubarov-halqara-forum-mitlaqa-2014-senesi-mayis-18-qirimtatar-halqi-surgunliginin-70-yilligi-arfesinde-kecirilmek-kere\/#primaryimage"},"thumbnailUrl":"https:\/\/qtmm.org\/wp-content\/uploads\/2022\/01\/foto_2_9.jpeg","articleSection":["Haberler"],"inLanguage":"qt","potentialAction":[{"@type":"CommentAction","name":"Comment","target":["https:\/\/qtmm.org\/qt\/refat-cubarov-halqara-forum-mitlaqa-2014-senesi-mayis-18-qirimtatar-halqi-surgunliginin-70-yilligi-arfesinde-kecirilmek-kere\/#respond"]}]},{"@type":"WebPage","@id":"https:\/\/qtmm.org\/qt\/refat-cubarov-halqara-forum-mitlaqa-2014-senesi-mayis-18-qirimtatar-halqi-surgunliginin-70-yilligi-arfesinde-kecirilmek-kere\/","url":"https:\/\/qtmm.org\/qt\/refat-cubarov-halqara-forum-mitlaqa-2014-senesi-mayis-18-qirimtatar-halqi-surgunliginin-70-yilligi-arfesinde-kecirilmek-kere\/","name":"Refat \u00c7ubarov: Halqara forum m\u0131tlaqa 2014 senesi may\u0131s 18 - q\u0131r\u0131mtatar halq\u0131 s\u00fcrg\u00fcnligini\u00f1 70 y\u0131ll\u0131\u011f\u0131 arfesinde ke\u00e7irilmek kere - \u041c\u0435\u0434\u0436\u043b\u0456\u0441","isPartOf":{"@id":"https:\/\/qtmm.org\/qt\/#website"},"primaryImageOfPage":{"@id":"https:\/\/qtmm.org\/qt\/refat-cubarov-halqara-forum-mitlaqa-2014-senesi-mayis-18-qirimtatar-halqi-surgunliginin-70-yilligi-arfesinde-kecirilmek-kere\/#primaryimage"},"image":{"@id":"https:\/\/qtmm.org\/qt\/refat-cubarov-halqara-forum-mitlaqa-2014-senesi-mayis-18-qirimtatar-halqi-surgunliginin-70-yilligi-arfesinde-kecirilmek-kere\/#primaryimage"},"thumbnailUrl":"https:\/\/qtmm.org\/wp-content\/uploads\/2022\/01\/foto_2_9.jpeg","datePublished":"2013-12-04T18:43:00+00:00","dateModified":"2022-01-26T18:45:40+00:00","breadcrumb":{"@id":"https:\/\/qtmm.org\/qt\/refat-cubarov-halqara-forum-mitlaqa-2014-senesi-mayis-18-qirimtatar-halqi-surgunliginin-70-yilligi-arfesinde-kecirilmek-kere\/#breadcrumb"},"inLanguage":"qt","potentialAction":[{"@type":"ReadAction","target":["https:\/\/qtmm.org\/qt\/refat-cubarov-halqara-forum-mitlaqa-2014-senesi-mayis-18-qirimtatar-halqi-surgunliginin-70-yilligi-arfesinde-kecirilmek-kere\/"]}]},{"@type":"ImageObject","inLanguage":"qt","@id":"https:\/\/qtmm.org\/qt\/refat-cubarov-halqara-forum-mitlaqa-2014-senesi-mayis-18-qirimtatar-halqi-surgunliginin-70-yilligi-arfesinde-kecirilmek-kere\/#primaryimage","url":"https:\/\/qtmm.org\/wp-content\/uploads\/2022\/01\/foto_2_9.jpeg","contentUrl":"https:\/\/qtmm.org\/wp-content\/uploads\/2022\/01\/foto_2_9.jpeg","width":650,"height":411},{"@type":"BreadcrumbList","@id":"https:\/\/qtmm.org\/qt\/refat-cubarov-halqara-forum-mitlaqa-2014-senesi-mayis-18-qirimtatar-halqi-surgunliginin-70-yilligi-arfesinde-kecirilmek-kere\/#breadcrumb","itemListElement":[{"@type":"ListItem","position":1,"name":"\u0413\u043e\u043b\u043e\u0432\u043d\u0430","item":"https:\/\/qtmm.org\/qt\/"},{"@type":"ListItem","position":2,"name":"Refat \u00c7ubarov: Halqara forum m\u0131tlaqa 2014 senesi may\u0131s 18 &#8211; q\u0131r\u0131mtatar halq\u0131 s\u00fcrg\u00fcnligini\u00f1 70 y\u0131ll\u0131\u011f\u0131 arfesinde ke\u00e7irilmek kere"}]},{"@type":"WebSite","@id":"https:\/\/qtmm.org\/qt\/#website","url":"https:\/\/qtmm.org\/qt\/","name":"\u041c\u0435\u0434\u0436\u043b\u0456\u0441","description":"","publisher":{"@id":"https:\/\/qtmm.org\/qt\/#organization"},"potentialAction":[{"@type":"SearchAction","target":{"@type":"EntryPoint","urlTemplate":"https:\/\/qtmm.org\/qt\/?s={search_term_string}"},"query-input":{"@type":"PropertyValueSpecification","valueRequired":true,"valueName":"search_term_string"}}],"inLanguage":"qt"},{"@type":"Organization","@id":"https:\/\/qtmm.org\/qt\/#organization","name":"\u041c\u0435\u0434\u0436\u043b\u0456\u0441","url":"https:\/\/qtmm.org\/qt\/","logo":{"@type":"ImageObject","inLanguage":"qt","@id":"https:\/\/qtmm.org\/qt\/#\/schema\/logo\/image\/","url":"https:\/\/qtmm.org\/wp-content\/uploads\/2024\/12\/ua-mejlis-logo-rgb.svg","contentUrl":"https:\/\/qtmm.org\/wp-content\/uploads\/2024\/12\/ua-mejlis-logo-rgb.svg","caption":"\u041c\u0435\u0434\u0436\u043b\u0456\u0441"},"image":{"@id":"https:\/\/qtmm.org\/qt\/#\/schema\/logo\/image\/"},"sameAs":["https:\/\/www.facebook.com\/qtmm.info\/"]},{"@type":"Person","@id":"https:\/\/qtmm.org\/qt\/#\/schema\/person\/de562469f971dec226ac06e60bbf74a7","name":"Developer","image":{"@type":"ImageObject","inLanguage":"qt","@id":"https:\/\/secure.gravatar.com\/avatar\/392b4cc8fbfeb00b39dfeeab4ee6edded39ffd48e25858637e4765810300227e?s=96&d=mm&r=g","url":"https:\/\/secure.gravatar.com\/avatar\/392b4cc8fbfeb00b39dfeeab4ee6edded39ffd48e25858637e4765810300227e?s=96&d=mm&r=g","contentUrl":"https:\/\/secure.gravatar.com\/avatar\/392b4cc8fbfeb00b39dfeeab4ee6edded39ffd48e25858637e4765810300227e?s=96&d=mm&r=g","caption":"Developer"},"url":"https:\/\/qtmm.org\/qt\/author\/Developer\/"}]}},"_links":{"self":[{"href":"https:\/\/qtmm.org\/qt\/wp-json\/wp\/v2\/posts\/41360","targetHints":{"allow":["GET"]}}],"collection":[{"href":"https:\/\/qtmm.org\/qt\/wp-json\/wp\/v2\/posts"}],"about":[{"href":"https:\/\/qtmm.org\/qt\/wp-json\/wp\/v2\/types\/post"}],"author":[{"embeddable":true,"href":"https:\/\/qtmm.org\/qt\/wp-json\/wp\/v2\/users\/1"}],"replies":[{"embeddable":true,"href":"https:\/\/qtmm.org\/qt\/wp-json\/wp\/v2\/comments?post=41360"}],"version-history":[{"count":1,"href":"https:\/\/qtmm.org\/qt\/wp-json\/wp\/v2\/posts\/41360\/revisions"}],"predecessor-version":[{"id":41381,"href":"https:\/\/qtmm.org\/qt\/wp-json\/wp\/v2\/posts\/41360\/revisions\/41381"}],"wp:featuredmedia":[{"embeddable":true,"href":"https:\/\/qtmm.org\/qt\/wp-json\/wp\/v2\/media\/41361"}],"wp:attachment":[{"href":"https:\/\/qtmm.org\/qt\/wp-json\/wp\/v2\/media?parent=41360"}],"wp:term":[{"taxonomy":"category","embeddable":true,"href":"https:\/\/qtmm.org\/qt\/wp-json\/wp\/v2\/categories?post=41360"},{"taxonomy":"post_tag","embeddable":true,"href":"https:\/\/qtmm.org\/qt\/wp-json\/wp\/v2\/tags?post=41360"}],"curies":[{"name":"wp","href":"https:\/\/api.w.org\/{rel}","templated":true}]}}