




{"id":41358,"date":"2013-12-03T21:43:00","date_gmt":"2013-12-03T18:43:00","guid":{"rendered":"http:\/\/qtmm.org\/?p=41358"},"modified":"2022-01-26T21:43:46","modified_gmt":"2022-01-26T18:43:46","slug":"meclis-prezidiumi-ukraina-nazirler-kabinetini-istifaga-ciqarmaq-ve-ukraina-yuqari-surasina-nevbetten-tis-saylavlarni-kecirmek-talaplarina-qoltuta","status":"publish","type":"post","link":"https:\/\/qtmm.org\/qt\/meclis-prezidiumi-ukraina-nazirler-kabinetini-istifaga-ciqarmaq-ve-ukraina-yuqari-surasina-nevbetten-tis-saylavlarni-kecirmek-talaplarina-qoltuta\/","title":{"rendered":"Meclis Prezidium\u0131 Ukraina Nazirler Kabinetini istifa\u011fa \u00e7\u0131qarmaq ve Ukraina Yuqar\u0131 \u015euras\u0131na nevbetten t\u0131\u015f saylavlarn\u0131 ke\u00e7irmek talaplar\u0131na qoltuta"},"content":{"rendered":"\n<p class=\"has-text-align-center\"><strong>Q\u0131r\u0131mtatar halq\u0131 Meclisini\u00f1<\/strong><\/p>\n\n\n\n<p class=\"has-text-align-center\"><strong>&#8220;Ukrainadaki siyasiy vaziyet aqq\u0131nda&#8221; Beyanat\u0131<\/strong><\/p>\n\n\n\n<p>Ukraina Nazirler Kabinetini\u00f1 Ukraina ve Avropa Birligini\u00f1 birle\u015fmesi aqq\u0131nda a\u00f1la\u015fman\u0131\u00f1 imzalanmas\u0131na az\u0131rl\u0131qn\u0131 toqtat\u0131p turmaq boyunca al\u011fan qarar\u0131 ve Ukraina Prezidenti \u015earqiy ortaql\u0131q Viln\u00fcs sammiti vaqt\u0131nda A\u00f1la\u015fman\u0131 imzalamaqtan vazge\u00e7keni aqibetinde Ukrainada siyasiy inq\u0131raz ep surat almaqta.<\/p>\n\n\n\n<p>Y\u0131llarca Avropa Birliginen yaq\u0131nla\u015fmaq yolunda ketkenlerini bildirgen Ukraina \u00dck\u00fcmeti ve Prezidenti pozitsiyalar\u0131nda bu qadar qarama-qar\u015f\u0131 kardinal de\u00f1i\u015fmeler \u00e7oqmilletli Ukraina cemiyetini\u00f1 \u011fadab\u0131 ve naraz\u0131l\u0131\u011f\u0131n\u0131 qoz\u011fad\u0131. Ukrainan\u0131\u00f1 millionlarnen vatanda\u015flar\u0131 Ukrainan\u0131\u00f1 Yevropa integratsiyas\u0131na qoltutmaq i\u00e7\u00fcn bar\u0131\u015f\u0131q toplant\u0131 ve numay\u0131\u015flarn\u0131\u00f1 i\u015ftirak\u00e7isi old\u0131lar.<\/p>\n\n\n\n<p>Ukrainan\u0131\u00f1 resmiy akimiyeti cemiyetnen qonu\u015fmaq yerine insanlarn\u0131\u00f1 t\u0131n\u00e7 aktsiyalar\u0131n\u0131 darma-da\u011f\u0131n et\u00fcv, i\u015ftirak\u00e7ilerni k\u00f6teklevnen cevapland\u0131. Noyabr 30 k\u00fcn\u00fc ta\u00f1da b\u00fct\u00fcn d\u00fcnya Ukraina \u0130\u00e7ki i\u015fler nazirligini\u00f1 mahsus k\u00fc\u00e7leri Kiyevde Mustaqillik meydan\u0131ndaki t\u0131n\u00e7 aktsiya i\u015ftirak\u00e7ilerini vah\u015fiyane k\u00f6teklegenini\u00f1 \u015faat\u0131 old\u0131.<\/p>\n\n\n\n<p>Studentlerge, umumen Ukraina qanunlar\u0131na muvaf\u0131q \u00f6z vatanda\u015fl\u0131q pozitsiyas\u0131n\u0131 ifade etmege istegenlerge nisbeten i\u00e7 aqlan\u0131lma\u011fan zulum b\u00fct\u00fcn Ukrainan\u0131 ayaqqa tursatt\u0131.<\/p>\n\n\n\n<p>2013 senesi dekabr 1 k\u00fcn\u00fc Ukrainan\u0131\u00f1 milliondan ziyade sakini Mustaqillik meaydan\u0131na ve Kiyevni\u00f1 merkeziy soqaqlar\u0131na \u00e7\u0131q\u0131p N.Ya. Azarovn\u0131\u00f1 reisligindeki Ukraina Nazirler Kabinetini istifa\u011fa yollamaq, Ukrainan\u0131\u00f1 Avropa\u011fa integratsiyas\u0131 i\u00e7\u00fcn t\u0131n\u00e7 aktsiya i\u015ftirak\u00e7ilerini da\u011f\u0131tuvada su\u00e7l\u0131larn\u0131 cezalamaqn\u0131 talap ettiler.<\/p>\n\n\n\n<p>\u00dck\u00fcmran partiya ve on\u0131\u00f1 tarafdarlar\u0131 ol\u011fan kommunistler Ukraina Yuqar\u0131 \u015euras\u0131nda \u00e7oqluqn\u0131 te\u015fkil etkenleri alda bu sefer de ukrain halq\u0131n\u0131\u00f1 talab\u0131 ve iradesini diqqatqa almad\u0131lar. 2013 senesi dekabr 3-te Ukraina parlamentinde N. Azarov reisligindeki Ukraina Nazirler Kabinetini\u00f1 istifa\u011fa yollan\u0131lmas\u0131 i\u00e7\u00fcn rey berilgende oylar yeti\u015fmedi.<\/p>\n\n\n\n<p>Bug\u00fcn Ukrainadaki vaziyet Ukrainan\u0131\u00f1 territorial b\u00fct\u00fcnligi ve mustaqilligini tel\u00fcke alt\u0131na ta\u015flay. Vaqialarn\u0131\u00f1 b\u00f6yle keti\u015fat\u0131na Ukraina regionlar\u0131n\u0131\u00f1 bir q\u0131sm\u0131ndaki yerli \u015furalar, \u015fu c\u00fcmleden \u00fck\u00fcmran partiyan\u0131\u00f1 avalesi boyunca qarar al\u011fan Q\u0131r\u0131m Yuqar\u0131 \u015euras\u0131n\u0131\u00f1 qarar\u0131nda vefqulade vaziyet kirsetmek ve Ukraina vatanda\u015flar\u0131n\u0131\u00f1 t\u0131n\u00e7 aktsiyalar\u0131n\u0131 k\u00fc\u00e7 ile toqtatmaq talaplar\u0131 mevcut.<\/p>\n\n\n\n<p>Ukraina \u00f6z mustaqilligini il\u00e2n etken k\u00fcnden ba\u015flap Ukraina territorial b\u00fct\u00fcnligi ve mustaqilligine qoltutqan Q\u0131r\u0131mtatarlarn\u0131\u00f1 aliy vek\u00e2letli organ\u0131 ol\u011fan Q\u0131r\u0131mtatar halq\u0131 Meclisini\u00f1 Prezidium\u0131 memleket i\u00e7indeki siyasiy vaziyetni\u00f1 inki\u015faf\u0131ndan ve avtoritar rejim tadbiq etilmesinden \u011fayet kederlenmekte.<\/p>\n\n\n\n<p>Milliy Meclis Prezidium\u0131 ukrain cemiyeti \u00e7oqlu\u011f\u0131n\u0131\u00f1 Ukraina ve Avropa Birligini\u00f1 birle\u015fmesi aqq\u0131ndaki A\u00f1la\u015fma imzalanmas\u0131n\u0131 talap et\u00fcvlerine qoltuta. Ukrainada muntazam siyasiy, uquqiy ve iqtisadiy isl\u00e2atlarn\u0131\u00f1 ke\u00e7irilmesi tek Avropan\u0131\u00f1 insan, milliy azl\u0131qlar ve tam\u0131r halqlarn\u0131\u00f1 aqlar\u0131 saas\u0131nda standartlar\u0131 esas\u0131nda m\u00fcmk\u00fcn olur.<\/p>\n\n\n\n<p>Milliy Meclis Prezidium\u0131 ep kerginle\u015fmekte ol\u011fan qapa-qar\u015f\u0131l\u0131q devam\u0131nda yol berilgen er angi zorbal\u0131q areketlerini qaralamaqta ve Ukraina siyasiy ve i\u00e7timaiy \u00f6m\u00fcr subyektlerini inq\u0131razdan \u00e7\u0131qmaqn\u0131\u00f1 davas\u0131z yolun\u0131 tapma\u011fa \u00e7a\u011f\u0131ra.<\/p>\n\n\n\n<p>Bu vaziyette Milliy Meclis Prezidium\u0131 Ukrainan\u0131\u00f1 Avropa integratsiyas\u0131 aqq\u0131nda Ukraina qanun\u0131n\u0131\u00f1 edas\u0131n\u0131 teminlemegen Ukraina Nazirler Kabinetini istifa\u011fa \u00e7\u0131qarmaq ve Ukraina Yuqar\u0131 \u015euras\u0131na nevbetten t\u0131\u015f saylavlarn\u0131 ke\u00e7irmek talaplar\u0131na qoltuta<\/p>\n\n\n\n<p><br><strong>Refat \u00c7ubarov<br>Q\u0131r\u0131mtatar halq\u0131 Meclisini\u00f1 reisi<\/strong><\/p>\n\n\n\n<p><br><strong><em>2013 senesi dekabr 3<\/em><\/strong><\/p>\n","protected":false},"excerpt":{"rendered":"<p>Q\u0131r\u0131mtatar halq\u0131 Meclisini\u00f1 &#8220;Ukrainadaki siyasiy vaziyet aqq\u0131nda&#8221; Beyanat\u0131 Ukraina Nazirler Kabinetini\u00f1 Ukraina ve Avropa Birligini\u00f1 birle\u015fmesi aqq\u0131nda a\u00f1la\u015fman\u0131\u00f1 imzalanmas\u0131na az\u0131rl\u0131qn\u0131 toqtat\u0131p turmaq boyunca al\u011fan qarar\u0131 ve Ukraina Prezidenti \u015earqiy ortaql\u0131q Viln\u00fcs sammiti vaqt\u0131nda A\u00f1la\u015fman\u0131 imzalamaqtan vazge\u00e7keni aqibetinde Ukrainada siyasiy inq\u0131raz ep surat almaqta. Y\u0131llarca Avropa Birliginen yaq\u0131nla\u015fmaq yolunda ketkenlerini bildirgen Ukraina \u00dck\u00fcmeti ve Prezidenti pozitsiyalar\u0131nda [&hellip;]<\/p>\n","protected":false},"author":1,"featured_media":0,"comment_status":"open","ping_status":"open","sticky":false,"template":"","format":"standard","meta":{"inline_featured_image":false,"footnotes":""},"categories":[265],"tags":[],"class_list":["post-41358","post","type-post","status-publish","format-standard","hentry","category-haberler"],"acf":[],"yoast_head":"<!-- This site is optimized with the Yoast SEO plugin v27.4 - https:\/\/yoast.com\/product\/yoast-seo-wordpress\/ -->\n<title>Meclis Prezidium\u0131 Ukraina Nazirler Kabinetini istifa\u011fa \u00e7\u0131qarmaq ve Ukraina Yuqar\u0131 \u015euras\u0131na nevbetten t\u0131\u015f saylavlarn\u0131 ke\u00e7irmek talaplar\u0131na qoltuta - \u041c\u0435\u0434\u0436\u043b\u0456\u0441<\/title>\n<meta name=\"robots\" content=\"index, follow, max-snippet:-1, max-image-preview:large, max-video-preview:-1\" \/>\n<link rel=\"canonical\" href=\"https:\/\/qtmm.org\/qt\/meclis-prezidiumi-ukraina-nazirler-kabinetini-istifaga-ciqarmaq-ve-ukraina-yuqari-surasina-nevbetten-tis-saylavlarni-kecirmek-talaplarina-qoltuta\/\" \/>\n<meta property=\"og:locale\" content=\"en_US\" \/>\n<meta property=\"og:type\" content=\"article\" \/>\n<meta property=\"og:title\" content=\"Meclis Prezidium\u0131 Ukraina Nazirler Kabinetini istifa\u011fa \u00e7\u0131qarmaq ve Ukraina Yuqar\u0131 \u015euras\u0131na nevbetten t\u0131\u015f saylavlarn\u0131 ke\u00e7irmek talaplar\u0131na qoltuta - \u041c\u0435\u0434\u0436\u043b\u0456\u0441\" \/>\n<meta property=\"og:description\" content=\"Q\u0131r\u0131mtatar halq\u0131 Meclisini\u00f1 &#8220;Ukrainadaki siyasiy vaziyet aqq\u0131nda&#8221; Beyanat\u0131 Ukraina Nazirler Kabinetini\u00f1 Ukraina ve Avropa Birligini\u00f1 birle\u015fmesi aqq\u0131nda a\u00f1la\u015fman\u0131\u00f1 imzalanmas\u0131na az\u0131rl\u0131qn\u0131 toqtat\u0131p turmaq boyunca al\u011fan qarar\u0131 ve Ukraina Prezidenti \u015earqiy ortaql\u0131q Viln\u00fcs sammiti vaqt\u0131nda A\u00f1la\u015fman\u0131 imzalamaqtan vazge\u00e7keni aqibetinde Ukrainada siyasiy inq\u0131raz ep surat almaqta. Y\u0131llarca Avropa Birliginen yaq\u0131nla\u015fmaq yolunda ketkenlerini bildirgen Ukraina \u00dck\u00fcmeti ve Prezidenti pozitsiyalar\u0131nda [&hellip;]\" \/>\n<meta property=\"og:url\" content=\"https:\/\/qtmm.org\/qt\/meclis-prezidiumi-ukraina-nazirler-kabinetini-istifaga-ciqarmaq-ve-ukraina-yuqari-surasina-nevbetten-tis-saylavlarni-kecirmek-talaplarina-qoltuta\/\" \/>\n<meta property=\"og:site_name\" content=\"\u041c\u0435\u0434\u0436\u043b\u0456\u0441\" \/>\n<meta property=\"article:publisher\" content=\"https:\/\/www.facebook.com\/qtmm.info\/\" \/>\n<meta property=\"article:published_time\" content=\"2013-12-03T18:43:00+00:00\" \/>\n<meta property=\"article:modified_time\" content=\"2022-01-26T18:43:46+00:00\" \/>\n<meta name=\"author\" content=\"Developer\" \/>\n<meta name=\"twitter:card\" content=\"summary_large_image\" \/>\n<meta name=\"twitter:label1\" content=\"Written by\" \/>\n\t<meta name=\"twitter:data1\" content=\"Developer\" \/>\n\t<meta name=\"twitter:label2\" content=\"Est. reading time\" \/>\n\t<meta name=\"twitter:data2\" content=\"3 minutes\" \/>\n<script type=\"application\/ld+json\" class=\"yoast-schema-graph\">{\"@context\":\"https:\\\/\\\/schema.org\",\"@graph\":[{\"@type\":\"Article\",\"@id\":\"https:\\\/\\\/qtmm.org\\\/qt\\\/meclis-prezidiumi-ukraina-nazirler-kabinetini-istifaga-ciqarmaq-ve-ukraina-yuqari-surasina-nevbetten-tis-saylavlarni-kecirmek-talaplarina-qoltuta\\\/#article\",\"isPartOf\":{\"@id\":\"https:\\\/\\\/qtmm.org\\\/qt\\\/meclis-prezidiumi-ukraina-nazirler-kabinetini-istifaga-ciqarmaq-ve-ukraina-yuqari-surasina-nevbetten-tis-saylavlarni-kecirmek-talaplarina-qoltuta\\\/\"},\"author\":{\"name\":\"Developer\",\"@id\":\"https:\\\/\\\/qtmm.org\\\/qt\\\/#\\\/schema\\\/person\\\/de562469f971dec226ac06e60bbf74a7\"},\"headline\":\"Meclis Prezidium\u0131 Ukraina Nazirler Kabinetini istifa\u011fa \u00e7\u0131qarmaq ve Ukraina Yuqar\u0131 \u015euras\u0131na nevbetten t\u0131\u015f saylavlarn\u0131 ke\u00e7irmek talaplar\u0131na qoltuta\",\"datePublished\":\"2013-12-03T18:43:00+00:00\",\"dateModified\":\"2022-01-26T18:43:46+00:00\",\"mainEntityOfPage\":{\"@id\":\"https:\\\/\\\/qtmm.org\\\/qt\\\/meclis-prezidiumi-ukraina-nazirler-kabinetini-istifaga-ciqarmaq-ve-ukraina-yuqari-surasina-nevbetten-tis-saylavlarni-kecirmek-talaplarina-qoltuta\\\/\"},\"wordCount\":577,\"commentCount\":0,\"publisher\":{\"@id\":\"https:\\\/\\\/qtmm.org\\\/qt\\\/#organization\"},\"articleSection\":[\"Haberler\"],\"inLanguage\":\"qt\",\"potentialAction\":[{\"@type\":\"CommentAction\",\"name\":\"Comment\",\"target\":[\"https:\\\/\\\/qtmm.org\\\/qt\\\/meclis-prezidiumi-ukraina-nazirler-kabinetini-istifaga-ciqarmaq-ve-ukraina-yuqari-surasina-nevbetten-tis-saylavlarni-kecirmek-talaplarina-qoltuta\\\/#respond\"]}]},{\"@type\":\"WebPage\",\"@id\":\"https:\\\/\\\/qtmm.org\\\/qt\\\/meclis-prezidiumi-ukraina-nazirler-kabinetini-istifaga-ciqarmaq-ve-ukraina-yuqari-surasina-nevbetten-tis-saylavlarni-kecirmek-talaplarina-qoltuta\\\/\",\"url\":\"https:\\\/\\\/qtmm.org\\\/qt\\\/meclis-prezidiumi-ukraina-nazirler-kabinetini-istifaga-ciqarmaq-ve-ukraina-yuqari-surasina-nevbetten-tis-saylavlarni-kecirmek-talaplarina-qoltuta\\\/\",\"name\":\"Meclis Prezidium\u0131 Ukraina Nazirler Kabinetini istifa\u011fa \u00e7\u0131qarmaq ve Ukraina Yuqar\u0131 \u015euras\u0131na nevbetten t\u0131\u015f saylavlarn\u0131 ke\u00e7irmek talaplar\u0131na qoltuta - \u041c\u0435\u0434\u0436\u043b\u0456\u0441\",\"isPartOf\":{\"@id\":\"https:\\\/\\\/qtmm.org\\\/qt\\\/#website\"},\"datePublished\":\"2013-12-03T18:43:00+00:00\",\"dateModified\":\"2022-01-26T18:43:46+00:00\",\"breadcrumb\":{\"@id\":\"https:\\\/\\\/qtmm.org\\\/qt\\\/meclis-prezidiumi-ukraina-nazirler-kabinetini-istifaga-ciqarmaq-ve-ukraina-yuqari-surasina-nevbetten-tis-saylavlarni-kecirmek-talaplarina-qoltuta\\\/#breadcrumb\"},\"inLanguage\":\"qt\",\"potentialAction\":[{\"@type\":\"ReadAction\",\"target\":[\"https:\\\/\\\/qtmm.org\\\/qt\\\/meclis-prezidiumi-ukraina-nazirler-kabinetini-istifaga-ciqarmaq-ve-ukraina-yuqari-surasina-nevbetten-tis-saylavlarni-kecirmek-talaplarina-qoltuta\\\/\"]}]},{\"@type\":\"BreadcrumbList\",\"@id\":\"https:\\\/\\\/qtmm.org\\\/qt\\\/meclis-prezidiumi-ukraina-nazirler-kabinetini-istifaga-ciqarmaq-ve-ukraina-yuqari-surasina-nevbetten-tis-saylavlarni-kecirmek-talaplarina-qoltuta\\\/#breadcrumb\",\"itemListElement\":[{\"@type\":\"ListItem\",\"position\":1,\"name\":\"\u0413\u043e\u043b\u043e\u0432\u043d\u0430\",\"item\":\"https:\\\/\\\/qtmm.org\\\/qt\\\/\"},{\"@type\":\"ListItem\",\"position\":2,\"name\":\"Meclis Prezidium\u0131 Ukraina Nazirler Kabinetini istifa\u011fa \u00e7\u0131qarmaq ve Ukraina Yuqar\u0131 \u015euras\u0131na nevbetten t\u0131\u015f saylavlarn\u0131 ke\u00e7irmek talaplar\u0131na qoltuta\"}]},{\"@type\":\"WebSite\",\"@id\":\"https:\\\/\\\/qtmm.org\\\/qt\\\/#website\",\"url\":\"https:\\\/\\\/qtmm.org\\\/qt\\\/\",\"name\":\"\u041c\u0435\u0434\u0436\u043b\u0456\u0441\",\"description\":\"\",\"publisher\":{\"@id\":\"https:\\\/\\\/qtmm.org\\\/qt\\\/#organization\"},\"potentialAction\":[{\"@type\":\"SearchAction\",\"target\":{\"@type\":\"EntryPoint\",\"urlTemplate\":\"https:\\\/\\\/qtmm.org\\\/qt\\\/?s={search_term_string}\"},\"query-input\":{\"@type\":\"PropertyValueSpecification\",\"valueRequired\":true,\"valueName\":\"search_term_string\"}}],\"inLanguage\":\"qt\"},{\"@type\":\"Organization\",\"@id\":\"https:\\\/\\\/qtmm.org\\\/qt\\\/#organization\",\"name\":\"\u041c\u0435\u0434\u0436\u043b\u0456\u0441\",\"url\":\"https:\\\/\\\/qtmm.org\\\/qt\\\/\",\"logo\":{\"@type\":\"ImageObject\",\"inLanguage\":\"qt\",\"@id\":\"https:\\\/\\\/qtmm.org\\\/qt\\\/#\\\/schema\\\/logo\\\/image\\\/\",\"url\":\"https:\\\/\\\/qtmm.org\\\/wp-content\\\/uploads\\\/2024\\\/12\\\/ua-mejlis-logo-rgb.svg\",\"contentUrl\":\"https:\\\/\\\/qtmm.org\\\/wp-content\\\/uploads\\\/2024\\\/12\\\/ua-mejlis-logo-rgb.svg\",\"caption\":\"\u041c\u0435\u0434\u0436\u043b\u0456\u0441\"},\"image\":{\"@id\":\"https:\\\/\\\/qtmm.org\\\/qt\\\/#\\\/schema\\\/logo\\\/image\\\/\"},\"sameAs\":[\"https:\\\/\\\/www.facebook.com\\\/qtmm.info\\\/\"]},{\"@type\":\"Person\",\"@id\":\"https:\\\/\\\/qtmm.org\\\/qt\\\/#\\\/schema\\\/person\\\/de562469f971dec226ac06e60bbf74a7\",\"name\":\"Developer\",\"image\":{\"@type\":\"ImageObject\",\"inLanguage\":\"qt\",\"@id\":\"https:\\\/\\\/secure.gravatar.com\\\/avatar\\\/392b4cc8fbfeb00b39dfeeab4ee6edded39ffd48e25858637e4765810300227e?s=96&d=mm&r=g\",\"url\":\"https:\\\/\\\/secure.gravatar.com\\\/avatar\\\/392b4cc8fbfeb00b39dfeeab4ee6edded39ffd48e25858637e4765810300227e?s=96&d=mm&r=g\",\"contentUrl\":\"https:\\\/\\\/secure.gravatar.com\\\/avatar\\\/392b4cc8fbfeb00b39dfeeab4ee6edded39ffd48e25858637e4765810300227e?s=96&d=mm&r=g\",\"caption\":\"Developer\"},\"url\":\"https:\\\/\\\/qtmm.org\\\/qt\\\/author\\\/Developer\\\/\"}]}<\/script>\n<!-- \/ Yoast SEO plugin. -->","yoast_head_json":{"title":"Meclis Prezidium\u0131 Ukraina Nazirler Kabinetini istifa\u011fa \u00e7\u0131qarmaq ve Ukraina Yuqar\u0131 \u015euras\u0131na nevbetten t\u0131\u015f saylavlarn\u0131 ke\u00e7irmek talaplar\u0131na qoltuta - \u041c\u0435\u0434\u0436\u043b\u0456\u0441","robots":{"index":"index","follow":"follow","max-snippet":"max-snippet:-1","max-image-preview":"max-image-preview:large","max-video-preview":"max-video-preview:-1"},"canonical":"https:\/\/qtmm.org\/qt\/meclis-prezidiumi-ukraina-nazirler-kabinetini-istifaga-ciqarmaq-ve-ukraina-yuqari-surasina-nevbetten-tis-saylavlarni-kecirmek-talaplarina-qoltuta\/","og_locale":"en_US","og_type":"article","og_title":"Meclis Prezidium\u0131 Ukraina Nazirler Kabinetini istifa\u011fa \u00e7\u0131qarmaq ve Ukraina Yuqar\u0131 \u015euras\u0131na nevbetten t\u0131\u015f saylavlarn\u0131 ke\u00e7irmek talaplar\u0131na qoltuta - \u041c\u0435\u0434\u0436\u043b\u0456\u0441","og_description":"Q\u0131r\u0131mtatar halq\u0131 Meclisini\u00f1 &#8220;Ukrainadaki siyasiy vaziyet aqq\u0131nda&#8221; Beyanat\u0131 Ukraina Nazirler Kabinetini\u00f1 Ukraina ve Avropa Birligini\u00f1 birle\u015fmesi aqq\u0131nda a\u00f1la\u015fman\u0131\u00f1 imzalanmas\u0131na az\u0131rl\u0131qn\u0131 toqtat\u0131p turmaq boyunca al\u011fan qarar\u0131 ve Ukraina Prezidenti \u015earqiy ortaql\u0131q Viln\u00fcs sammiti vaqt\u0131nda A\u00f1la\u015fman\u0131 imzalamaqtan vazge\u00e7keni aqibetinde Ukrainada siyasiy inq\u0131raz ep surat almaqta. Y\u0131llarca Avropa Birliginen yaq\u0131nla\u015fmaq yolunda ketkenlerini bildirgen Ukraina \u00dck\u00fcmeti ve Prezidenti pozitsiyalar\u0131nda [&hellip;]","og_url":"https:\/\/qtmm.org\/qt\/meclis-prezidiumi-ukraina-nazirler-kabinetini-istifaga-ciqarmaq-ve-ukraina-yuqari-surasina-nevbetten-tis-saylavlarni-kecirmek-talaplarina-qoltuta\/","og_site_name":"\u041c\u0435\u0434\u0436\u043b\u0456\u0441","article_publisher":"https:\/\/www.facebook.com\/qtmm.info\/","article_published_time":"2013-12-03T18:43:00+00:00","article_modified_time":"2022-01-26T18:43:46+00:00","author":"Developer","twitter_card":"summary_large_image","twitter_misc":{"Written by":"Developer","Est. reading time":"3 minutes"},"schema":{"@context":"https:\/\/schema.org","@graph":[{"@type":"Article","@id":"https:\/\/qtmm.org\/qt\/meclis-prezidiumi-ukraina-nazirler-kabinetini-istifaga-ciqarmaq-ve-ukraina-yuqari-surasina-nevbetten-tis-saylavlarni-kecirmek-talaplarina-qoltuta\/#article","isPartOf":{"@id":"https:\/\/qtmm.org\/qt\/meclis-prezidiumi-ukraina-nazirler-kabinetini-istifaga-ciqarmaq-ve-ukraina-yuqari-surasina-nevbetten-tis-saylavlarni-kecirmek-talaplarina-qoltuta\/"},"author":{"name":"Developer","@id":"https:\/\/qtmm.org\/qt\/#\/schema\/person\/de562469f971dec226ac06e60bbf74a7"},"headline":"Meclis Prezidium\u0131 Ukraina Nazirler Kabinetini istifa\u011fa \u00e7\u0131qarmaq ve Ukraina Yuqar\u0131 \u015euras\u0131na nevbetten t\u0131\u015f saylavlarn\u0131 ke\u00e7irmek talaplar\u0131na qoltuta","datePublished":"2013-12-03T18:43:00+00:00","dateModified":"2022-01-26T18:43:46+00:00","mainEntityOfPage":{"@id":"https:\/\/qtmm.org\/qt\/meclis-prezidiumi-ukraina-nazirler-kabinetini-istifaga-ciqarmaq-ve-ukraina-yuqari-surasina-nevbetten-tis-saylavlarni-kecirmek-talaplarina-qoltuta\/"},"wordCount":577,"commentCount":0,"publisher":{"@id":"https:\/\/qtmm.org\/qt\/#organization"},"articleSection":["Haberler"],"inLanguage":"qt","potentialAction":[{"@type":"CommentAction","name":"Comment","target":["https:\/\/qtmm.org\/qt\/meclis-prezidiumi-ukraina-nazirler-kabinetini-istifaga-ciqarmaq-ve-ukraina-yuqari-surasina-nevbetten-tis-saylavlarni-kecirmek-talaplarina-qoltuta\/#respond"]}]},{"@type":"WebPage","@id":"https:\/\/qtmm.org\/qt\/meclis-prezidiumi-ukraina-nazirler-kabinetini-istifaga-ciqarmaq-ve-ukraina-yuqari-surasina-nevbetten-tis-saylavlarni-kecirmek-talaplarina-qoltuta\/","url":"https:\/\/qtmm.org\/qt\/meclis-prezidiumi-ukraina-nazirler-kabinetini-istifaga-ciqarmaq-ve-ukraina-yuqari-surasina-nevbetten-tis-saylavlarni-kecirmek-talaplarina-qoltuta\/","name":"Meclis Prezidium\u0131 Ukraina Nazirler Kabinetini istifa\u011fa \u00e7\u0131qarmaq ve Ukraina Yuqar\u0131 \u015euras\u0131na nevbetten t\u0131\u015f saylavlarn\u0131 ke\u00e7irmek talaplar\u0131na qoltuta - \u041c\u0435\u0434\u0436\u043b\u0456\u0441","isPartOf":{"@id":"https:\/\/qtmm.org\/qt\/#website"},"datePublished":"2013-12-03T18:43:00+00:00","dateModified":"2022-01-26T18:43:46+00:00","breadcrumb":{"@id":"https:\/\/qtmm.org\/qt\/meclis-prezidiumi-ukraina-nazirler-kabinetini-istifaga-ciqarmaq-ve-ukraina-yuqari-surasina-nevbetten-tis-saylavlarni-kecirmek-talaplarina-qoltuta\/#breadcrumb"},"inLanguage":"qt","potentialAction":[{"@type":"ReadAction","target":["https:\/\/qtmm.org\/qt\/meclis-prezidiumi-ukraina-nazirler-kabinetini-istifaga-ciqarmaq-ve-ukraina-yuqari-surasina-nevbetten-tis-saylavlarni-kecirmek-talaplarina-qoltuta\/"]}]},{"@type":"BreadcrumbList","@id":"https:\/\/qtmm.org\/qt\/meclis-prezidiumi-ukraina-nazirler-kabinetini-istifaga-ciqarmaq-ve-ukraina-yuqari-surasina-nevbetten-tis-saylavlarni-kecirmek-talaplarina-qoltuta\/#breadcrumb","itemListElement":[{"@type":"ListItem","position":1,"name":"\u0413\u043e\u043b\u043e\u0432\u043d\u0430","item":"https:\/\/qtmm.org\/qt\/"},{"@type":"ListItem","position":2,"name":"Meclis Prezidium\u0131 Ukraina Nazirler Kabinetini istifa\u011fa \u00e7\u0131qarmaq ve Ukraina Yuqar\u0131 \u015euras\u0131na nevbetten t\u0131\u015f saylavlarn\u0131 ke\u00e7irmek talaplar\u0131na qoltuta"}]},{"@type":"WebSite","@id":"https:\/\/qtmm.org\/qt\/#website","url":"https:\/\/qtmm.org\/qt\/","name":"\u041c\u0435\u0434\u0436\u043b\u0456\u0441","description":"","publisher":{"@id":"https:\/\/qtmm.org\/qt\/#organization"},"potentialAction":[{"@type":"SearchAction","target":{"@type":"EntryPoint","urlTemplate":"https:\/\/qtmm.org\/qt\/?s={search_term_string}"},"query-input":{"@type":"PropertyValueSpecification","valueRequired":true,"valueName":"search_term_string"}}],"inLanguage":"qt"},{"@type":"Organization","@id":"https:\/\/qtmm.org\/qt\/#organization","name":"\u041c\u0435\u0434\u0436\u043b\u0456\u0441","url":"https:\/\/qtmm.org\/qt\/","logo":{"@type":"ImageObject","inLanguage":"qt","@id":"https:\/\/qtmm.org\/qt\/#\/schema\/logo\/image\/","url":"https:\/\/qtmm.org\/wp-content\/uploads\/2024\/12\/ua-mejlis-logo-rgb.svg","contentUrl":"https:\/\/qtmm.org\/wp-content\/uploads\/2024\/12\/ua-mejlis-logo-rgb.svg","caption":"\u041c\u0435\u0434\u0436\u043b\u0456\u0441"},"image":{"@id":"https:\/\/qtmm.org\/qt\/#\/schema\/logo\/image\/"},"sameAs":["https:\/\/www.facebook.com\/qtmm.info\/"]},{"@type":"Person","@id":"https:\/\/qtmm.org\/qt\/#\/schema\/person\/de562469f971dec226ac06e60bbf74a7","name":"Developer","image":{"@type":"ImageObject","inLanguage":"qt","@id":"https:\/\/secure.gravatar.com\/avatar\/392b4cc8fbfeb00b39dfeeab4ee6edded39ffd48e25858637e4765810300227e?s=96&d=mm&r=g","url":"https:\/\/secure.gravatar.com\/avatar\/392b4cc8fbfeb00b39dfeeab4ee6edded39ffd48e25858637e4765810300227e?s=96&d=mm&r=g","contentUrl":"https:\/\/secure.gravatar.com\/avatar\/392b4cc8fbfeb00b39dfeeab4ee6edded39ffd48e25858637e4765810300227e?s=96&d=mm&r=g","caption":"Developer"},"url":"https:\/\/qtmm.org\/qt\/author\/Developer\/"}]}},"_links":{"self":[{"href":"https:\/\/qtmm.org\/qt\/wp-json\/wp\/v2\/posts\/41358","targetHints":{"allow":["GET"]}}],"collection":[{"href":"https:\/\/qtmm.org\/qt\/wp-json\/wp\/v2\/posts"}],"about":[{"href":"https:\/\/qtmm.org\/qt\/wp-json\/wp\/v2\/types\/post"}],"author":[{"embeddable":true,"href":"https:\/\/qtmm.org\/qt\/wp-json\/wp\/v2\/users\/1"}],"replies":[{"embeddable":true,"href":"https:\/\/qtmm.org\/qt\/wp-json\/wp\/v2\/comments?post=41358"}],"version-history":[{"count":1,"href":"https:\/\/qtmm.org\/qt\/wp-json\/wp\/v2\/posts\/41358\/revisions"}],"predecessor-version":[{"id":41359,"href":"https:\/\/qtmm.org\/qt\/wp-json\/wp\/v2\/posts\/41358\/revisions\/41359"}],"wp:attachment":[{"href":"https:\/\/qtmm.org\/qt\/wp-json\/wp\/v2\/media?parent=41358"}],"wp:term":[{"taxonomy":"category","embeddable":true,"href":"https:\/\/qtmm.org\/qt\/wp-json\/wp\/v2\/categories?post=41358"},{"taxonomy":"post_tag","embeddable":true,"href":"https:\/\/qtmm.org\/qt\/wp-json\/wp\/v2\/tags?post=41358"}],"curies":[{"name":"wp","href":"https:\/\/api.w.org\/{rel}","templated":true}]}}