




{"id":41312,"date":"2013-12-03T21:40:00","date_gmt":"2013-12-03T18:40:00","guid":{"rendered":"http:\/\/qtmm.org\/?p=41312"},"modified":"2022-01-26T21:43:04","modified_gmt":"2022-01-26T18:43:04","slug":"ahtem-ciygoz-qirimtatarlar-kiyevge-mustaqillik-meydanina-aktiv-keteler","status":"publish","type":"post","link":"https:\/\/qtmm.org\/qt\/ahtem-ciygoz-qirimtatarlar-kiyevge-mustaqillik-meydanina-aktiv-keteler\/","title":{"rendered":"Ahtem \u00c7iygoz: \u00abQ\u0131r\u0131mtatarlar Kiyevge Mustaqillik meydan\u0131na aktiv keteler\u00bb"},"content":{"rendered":"\n<p>Semetde\u015fler, regional ve yerli meclislerni\u00f1 reisleri ve azalar\u0131, Q\u0131r\u0131mtatar halq\u0131 Qurultay\u0131n\u0131\u00f1 delegatlar\u0131, b\u00fct\u00fcn seviyelerdeki \u015furalarn\u0131\u00f1 q\u0131r\u0131mtatar deputatlar\u0131n\u0131\u00f1 diqqat\u0131na!<\/p>\n\n\n\n<p>So\u00f1ki k\u00fcnlerde pek \u00e7oq semetde\u015flerimiz Kiyevni\u00f1 Mustaqillik meydan\u0131nda ke\u00e7irilmekte ol\u011fan Ukrainan\u0131\u00f1 Avropa integratsiyas\u0131 y\u00f6neli\u015fine qoltutmaq i\u00e7\u00fcn bar\u0131\u015f\u0131q aktsiyalar\u0131nda i\u015ftirak etmek meselesinen Milliy Mecliske muracaat eteler.<\/p>\n\n\n\n<p>Haber etemiz ki, Ukrainan\u0131\u00f1 Avropa integratsiyas\u0131 y\u00f6neli\u015fine qoltutmaq i\u00e7\u00fcn bar\u0131\u015f\u0131q aktsiyalar\u0131nda q\u0131r\u0131mtatarlar i\u015ftirakini idare etmek vazifesi Meclis reisini\u00f1 muavini Ahtem \u00c7iygozge avale etildi<\/p>\n\n\n\n<p>Ahtem \u00c7iygoz ile ba\u011flanmaq i\u00e7\u00fcn telefon nomeri: 050 930 41 16<\/p>\n\n\n\n<hr class=\"wp-block-separator\"\/>\n\n\n\n<p>Kiyevde Mustaqillik meydan\u0131nda Ukrainan\u0131\u00f1 Avropa integratsiyas\u0131 y\u00f6neli\u015fine qoltutmaq boyunca aktsiya devam etmekte.<\/p>\n\n\n\n<figure class=\"wp-block-image size-full\"><img loading=\"lazy\" decoding=\"async\" width=\"650\" height=\"353\" src=\"http:\/\/qtmm.org\/wp-content\/uploads\/2022\/01\/qt_maydan1.jpeg\" alt=\"\" class=\"wp-image-41313\" srcset=\"https:\/\/qtmm.org\/wp-content\/uploads\/2022\/01\/qt_maydan1.jpeg 650w, https:\/\/qtmm.org\/wp-content\/uploads\/2022\/01\/qt_maydan1-300x163.jpeg 300w\" sizes=\"auto, (max-width: 650px) 100vw, 650px\" \/><\/figure>\n\n\n\n<p>\u00d6z vatanda\u015fl\u0131q pozitsiyas\u0131n\u0131 ifade etmege istegen q\u0131r\u0131mtatarlar te\u015fkil\u00e2tl\u0131 \u015fekilde Kiyevge ketmekteler.<\/p>\n\n\n\n<figure class=\"wp-block-image size-full\"><img loading=\"lazy\" decoding=\"async\" width=\"650\" height=\"346\" src=\"http:\/\/qtmm.org\/wp-content\/uploads\/2022\/01\/qtmaydan10.jpeg\" alt=\"\" class=\"wp-image-41317\" srcset=\"https:\/\/qtmm.org\/wp-content\/uploads\/2022\/01\/qtmaydan10.jpeg 650w, https:\/\/qtmm.org\/wp-content\/uploads\/2022\/01\/qtmaydan10-300x160.jpeg 300w\" sizes=\"auto, (max-width: 650px) 100vw, 650px\" \/><\/figure>\n\n\n\n<p>Bu aqta Meclis reisini\u00f1 muavini Ahtem \u00c7iygoz bildirdi . On\u0131\u00f1 bergen mal\u00fcmat\u0131na k\u00f6re Kiyevdeki Meydanda bug\u00fcnde-bug\u00fcn 100-ge yaq\u0131n q\u0131r\u0131mtatar\u0131 bulunmaqta.<\/p>\n\n\n\n<figure class=\"wp-block-image size-full\"><img loading=\"lazy\" decoding=\"async\" width=\"650\" height=\"291\" src=\"http:\/\/qtmm.org\/wp-content\/uploads\/2022\/01\/qtmaydan3.jpeg\" alt=\"\" class=\"wp-image-41321\" srcset=\"https:\/\/qtmm.org\/wp-content\/uploads\/2022\/01\/qtmaydan3.jpeg 650w, https:\/\/qtmm.org\/wp-content\/uploads\/2022\/01\/qtmaydan3-300x134.jpeg 300w\" sizes=\"auto, (max-width: 650px) 100vw, 650px\" \/><\/figure>\n\n\n\n<p>&#8220;Kiyevge ketmek i\u00e7\u00fcn gruppalar te\u015fkil etile, &#8211; dedi Ahtem \u00c7iygoz. \u2013 \u015eimdi Meydanda Aqme\u00e7et, Ba\u011f\u00e7asaray, Sudaq ve \u0130sl\u00e2m Terek rayonlar\u0131n\u0131\u00f1 vekilleri bulunmaqtalar. Pek \u00e7oq q\u0131r\u0131mtatarlar naraz\u0131l\u0131q aktsiyas\u0131na qo\u015fulmaq istegini bildirdiler. Q\u0131r\u0131mtatarlar Meydanda olduq\u00e7a \u00e7lqluqn\u0131 te\u015fkil etmege isteyler&#8221;.<\/p>\n\n\n\n<figure class=\"wp-block-image size-full\"><img loading=\"lazy\" decoding=\"async\" width=\"650\" height=\"409\" src=\"http:\/\/qtmm.org\/wp-content\/uploads\/2022\/01\/qtmaydan8.jpeg\" alt=\"\" class=\"wp-image-41325\" srcset=\"https:\/\/qtmm.org\/wp-content\/uploads\/2022\/01\/qtmaydan8.jpeg 650w, https:\/\/qtmm.org\/wp-content\/uploads\/2022\/01\/qtmaydan8-300x189.jpeg 300w\" sizes=\"auto, (max-width: 650px) 100vw, 650px\" \/><\/figure>\n\n\n\n<p>&#8220;Biz Kiyevdeki Mustaqillik meydan\u0131na Q\u0131r\u0131m regionlar\u0131ndan mobil gruppalarn\u0131 te\u015fkil etmege t\u0131r\u0131\u015fam\u0131z&#8221;, &#8211; dedi Meclis reisini\u00f1 muavini A. \u00c7iygoz.<\/p>\n\n\n\n<figure class=\"wp-block-image size-full\"><img loading=\"lazy\" decoding=\"async\" width=\"650\" height=\"443\" src=\"http:\/\/qtmm.org\/wp-content\/uploads\/2022\/01\/qtmaydan5.jpeg\" alt=\"\" class=\"wp-image-41329\" srcset=\"https:\/\/qtmm.org\/wp-content\/uploads\/2022\/01\/qtmaydan5.jpeg 650w, https:\/\/qtmm.org\/wp-content\/uploads\/2022\/01\/qtmaydan5-300x204.jpeg 300w\" sizes=\"auto, (max-width: 650px) 100vw, 650px\" \/><\/figure>\n\n\n\n<p>\u015eun\u0131 da qayd etmeli ki, Kiyevdeki Meydanda t\u0131n\u00e7 aktsiyan\u0131\u00f1 birinci k\u00fcn\u00fcnden Kiyevdeki q\u0131r\u0131mtatar cemiyetini\u00f1 vekilleri, bun\u0131\u00f1 kibi de q\u0131r\u0131mtatar studentleri de bulunmaqtalar.<\/p>\n\n\n\n<figure class=\"wp-block-image size-full\"><img loading=\"lazy\" decoding=\"async\" width=\"650\" height=\"463\" src=\"http:\/\/qtmm.org\/wp-content\/uploads\/2022\/01\/qtmaydan7.jpeg\" alt=\"\" class=\"wp-image-41333\" srcset=\"https:\/\/qtmm.org\/wp-content\/uploads\/2022\/01\/qtmaydan7.jpeg 650w, https:\/\/qtmm.org\/wp-content\/uploads\/2022\/01\/qtmaydan7-300x214.jpeg 300w\" sizes=\"auto, (max-width: 650px) 100vw, 650px\" \/><\/figure>\n\n\n\n<figure class=\"wp-block-image size-full\"><img loading=\"lazy\" decoding=\"async\" width=\"650\" height=\"682\" src=\"http:\/\/qtmm.org\/wp-content\/uploads\/2022\/01\/qtmaydan4.jpeg\" alt=\"\" class=\"wp-image-41337\" srcset=\"https:\/\/qtmm.org\/wp-content\/uploads\/2022\/01\/qtmaydan4.jpeg 650w, https:\/\/qtmm.org\/wp-content\/uploads\/2022\/01\/qtmaydan4-286x300.jpeg 286w\" sizes=\"auto, (max-width: 650px) 100vw, 650px\" \/><\/figure>\n\n\n\n<figure class=\"wp-block-image size-full\"><img loading=\"lazy\" decoding=\"async\" width=\"650\" height=\"362\" src=\"http:\/\/qtmm.org\/wp-content\/uploads\/2022\/01\/qtmaydan9.jpeg\" alt=\"\" class=\"wp-image-41341\" srcset=\"https:\/\/qtmm.org\/wp-content\/uploads\/2022\/01\/qtmaydan9.jpeg 650w, https:\/\/qtmm.org\/wp-content\/uploads\/2022\/01\/qtmaydan9-300x167.jpeg 300w\" sizes=\"auto, (max-width: 650px) 100vw, 650px\" \/><\/figure>\n\n\n\n<figure class=\"wp-block-image size-full\"><img loading=\"lazy\" decoding=\"async\" width=\"650\" height=\"355\" src=\"http:\/\/qtmm.org\/wp-content\/uploads\/2022\/01\/qtmaydan2.jpeg\" alt=\"\" class=\"wp-image-41345\" srcset=\"https:\/\/qtmm.org\/wp-content\/uploads\/2022\/01\/qtmaydan2.jpeg 650w, https:\/\/qtmm.org\/wp-content\/uploads\/2022\/01\/qtmaydan2-300x164.jpeg 300w\" sizes=\"auto, (max-width: 650px) 100vw, 650px\" \/><\/figure>\n\n\n\n<figure class=\"wp-block-image size-full\"><img loading=\"lazy\" decoding=\"async\" width=\"650\" height=\"492\" src=\"http:\/\/qtmm.org\/wp-content\/uploads\/2022\/01\/qtmaydan11.jpeg\" alt=\"\" class=\"wp-image-41349\" srcset=\"https:\/\/qtmm.org\/wp-content\/uploads\/2022\/01\/qtmaydan11.jpeg 650w, https:\/\/qtmm.org\/wp-content\/uploads\/2022\/01\/qtmaydan11-300x227.jpeg 300w\" sizes=\"auto, (max-width: 650px) 100vw, 650px\" \/><\/figure>\n\n\n\n<figure class=\"wp-block-image size-full\"><img loading=\"lazy\" decoding=\"async\" width=\"650\" height=\"313\" src=\"http:\/\/qtmm.org\/wp-content\/uploads\/2022\/01\/qtmaydan6.jpeg\" alt=\"\" class=\"wp-image-41353\" srcset=\"https:\/\/qtmm.org\/wp-content\/uploads\/2022\/01\/qtmaydan6.jpeg 650w, https:\/\/qtmm.org\/wp-content\/uploads\/2022\/01\/qtmaydan6-300x144.jpeg 300w\" sizes=\"auto, (max-width: 650px) 100vw, 650px\" \/><\/figure>\n","protected":false},"excerpt":{"rendered":"<p>Semetde\u015fler, regional ve yerli meclislerni\u00f1 reisleri ve azalar\u0131, Q\u0131r\u0131mtatar halq\u0131 Qurultay\u0131n\u0131\u00f1 delegatlar\u0131, b\u00fct\u00fcn seviyelerdeki \u015furalarn\u0131\u00f1 q\u0131r\u0131mtatar deputatlar\u0131n\u0131\u00f1 diqqat\u0131na! So\u00f1ki k\u00fcnlerde pek \u00e7oq semetde\u015flerimiz Kiyevni\u00f1 Mustaqillik meydan\u0131nda ke\u00e7irilmekte ol\u011fan Ukrainan\u0131\u00f1 Avropa integratsiyas\u0131 y\u00f6neli\u015fine qoltutmaq i\u00e7\u00fcn bar\u0131\u015f\u0131q aktsiyalar\u0131nda i\u015ftirak etmek meselesinen Milliy Mecliske muracaat eteler. Haber etemiz ki, Ukrainan\u0131\u00f1 Avropa integratsiyas\u0131 y\u00f6neli\u015fine qoltutmaq i\u00e7\u00fcn bar\u0131\u015f\u0131q aktsiyalar\u0131nda q\u0131r\u0131mtatarlar [&hellip;]<\/p>\n","protected":false},"author":1,"featured_media":0,"comment_status":"open","ping_status":"open","sticky":false,"template":"","format":"standard","meta":{"inline_featured_image":false,"footnotes":""},"categories":[265],"tags":[],"class_list":["post-41312","post","type-post","status-publish","format-standard","hentry","category-haberler"],"acf":[],"yoast_head":"<!-- This site is optimized with the Yoast SEO plugin v27.4 - https:\/\/yoast.com\/product\/yoast-seo-wordpress\/ -->\n<title>Ahtem \u00c7iygoz: \u00abQ\u0131r\u0131mtatarlar Kiyevge Mustaqillik meydan\u0131na aktiv keteler\u00bb - \u041c\u0435\u0434\u0436\u043b\u0456\u0441<\/title>\n<meta name=\"robots\" content=\"index, follow, max-snippet:-1, max-image-preview:large, max-video-preview:-1\" \/>\n<link rel=\"canonical\" href=\"https:\/\/qtmm.org\/qt\/ahtem-ciygoz-qirimtatarlar-kiyevge-mustaqillik-meydanina-aktiv-keteler\/\" \/>\n<meta property=\"og:locale\" content=\"en_US\" \/>\n<meta property=\"og:type\" content=\"article\" \/>\n<meta property=\"og:title\" content=\"Ahtem \u00c7iygoz: \u00abQ\u0131r\u0131mtatarlar Kiyevge Mustaqillik meydan\u0131na aktiv keteler\u00bb - \u041c\u0435\u0434\u0436\u043b\u0456\u0441\" \/>\n<meta property=\"og:description\" content=\"Semetde\u015fler, regional ve yerli meclislerni\u00f1 reisleri ve azalar\u0131, Q\u0131r\u0131mtatar halq\u0131 Qurultay\u0131n\u0131\u00f1 delegatlar\u0131, b\u00fct\u00fcn seviyelerdeki \u015furalarn\u0131\u00f1 q\u0131r\u0131mtatar deputatlar\u0131n\u0131\u00f1 diqqat\u0131na! So\u00f1ki k\u00fcnlerde pek \u00e7oq semetde\u015flerimiz Kiyevni\u00f1 Mustaqillik meydan\u0131nda ke\u00e7irilmekte ol\u011fan Ukrainan\u0131\u00f1 Avropa integratsiyas\u0131 y\u00f6neli\u015fine qoltutmaq i\u00e7\u00fcn bar\u0131\u015f\u0131q aktsiyalar\u0131nda i\u015ftirak etmek meselesinen Milliy Mecliske muracaat eteler. Haber etemiz ki, Ukrainan\u0131\u00f1 Avropa integratsiyas\u0131 y\u00f6neli\u015fine qoltutmaq i\u00e7\u00fcn bar\u0131\u015f\u0131q aktsiyalar\u0131nda q\u0131r\u0131mtatarlar [&hellip;]\" \/>\n<meta property=\"og:url\" content=\"https:\/\/qtmm.org\/qt\/ahtem-ciygoz-qirimtatarlar-kiyevge-mustaqillik-meydanina-aktiv-keteler\/\" \/>\n<meta property=\"og:site_name\" content=\"\u041c\u0435\u0434\u0436\u043b\u0456\u0441\" \/>\n<meta property=\"article:publisher\" content=\"https:\/\/www.facebook.com\/qtmm.info\/\" \/>\n<meta property=\"article:published_time\" content=\"2013-12-03T18:40:00+00:00\" \/>\n<meta property=\"article:modified_time\" content=\"2022-01-26T18:43:04+00:00\" \/>\n<meta property=\"og:image\" content=\"https:\/\/qtmm.org\/wp-content\/uploads\/2022\/01\/qt_maydan1.jpeg\" \/>\n\t<meta property=\"og:image:width\" content=\"650\" \/>\n\t<meta property=\"og:image:height\" content=\"353\" \/>\n\t<meta property=\"og:image:type\" content=\"image\/jpeg\" \/>\n<meta name=\"author\" content=\"Developer\" \/>\n<meta name=\"twitter:card\" content=\"summary_large_image\" \/>\n<meta name=\"twitter:label1\" content=\"Written by\" \/>\n\t<meta name=\"twitter:data1\" content=\"Developer\" \/>\n\t<meta name=\"twitter:label2\" content=\"Est. reading time\" \/>\n\t<meta name=\"twitter:data2\" content=\"1 minute\" \/>\n<script type=\"application\/ld+json\" class=\"yoast-schema-graph\">{\"@context\":\"https:\\\/\\\/schema.org\",\"@graph\":[{\"@type\":\"Article\",\"@id\":\"https:\\\/\\\/qtmm.org\\\/qt\\\/ahtem-ciygoz-qirimtatarlar-kiyevge-mustaqillik-meydanina-aktiv-keteler\\\/#article\",\"isPartOf\":{\"@id\":\"https:\\\/\\\/qtmm.org\\\/qt\\\/ahtem-ciygoz-qirimtatarlar-kiyevge-mustaqillik-meydanina-aktiv-keteler\\\/\"},\"author\":{\"name\":\"Developer\",\"@id\":\"https:\\\/\\\/qtmm.org\\\/qt\\\/#\\\/schema\\\/person\\\/de562469f971dec226ac06e60bbf74a7\"},\"headline\":\"Ahtem \u00c7iygoz: \u00abQ\u0131r\u0131mtatarlar Kiyevge Mustaqillik meydan\u0131na aktiv keteler\u00bb\",\"datePublished\":\"2013-12-03T18:40:00+00:00\",\"dateModified\":\"2022-01-26T18:43:04+00:00\",\"mainEntityOfPage\":{\"@id\":\"https:\\\/\\\/qtmm.org\\\/qt\\\/ahtem-ciygoz-qirimtatarlar-kiyevge-mustaqillik-meydanina-aktiv-keteler\\\/\"},\"wordCount\":283,\"commentCount\":0,\"publisher\":{\"@id\":\"https:\\\/\\\/qtmm.org\\\/qt\\\/#organization\"},\"image\":{\"@id\":\"https:\\\/\\\/qtmm.org\\\/qt\\\/ahtem-ciygoz-qirimtatarlar-kiyevge-mustaqillik-meydanina-aktiv-keteler\\\/#primaryimage\"},\"thumbnailUrl\":\"http:\\\/\\\/qtmm.org\\\/wp-content\\\/uploads\\\/2022\\\/01\\\/qt_maydan1.jpeg\",\"articleSection\":[\"Haberler\"],\"inLanguage\":\"qt\",\"potentialAction\":[{\"@type\":\"CommentAction\",\"name\":\"Comment\",\"target\":[\"https:\\\/\\\/qtmm.org\\\/qt\\\/ahtem-ciygoz-qirimtatarlar-kiyevge-mustaqillik-meydanina-aktiv-keteler\\\/#respond\"]}]},{\"@type\":\"WebPage\",\"@id\":\"https:\\\/\\\/qtmm.org\\\/qt\\\/ahtem-ciygoz-qirimtatarlar-kiyevge-mustaqillik-meydanina-aktiv-keteler\\\/\",\"url\":\"https:\\\/\\\/qtmm.org\\\/qt\\\/ahtem-ciygoz-qirimtatarlar-kiyevge-mustaqillik-meydanina-aktiv-keteler\\\/\",\"name\":\"Ahtem \u00c7iygoz: \u00abQ\u0131r\u0131mtatarlar Kiyevge Mustaqillik meydan\u0131na aktiv keteler\u00bb - \u041c\u0435\u0434\u0436\u043b\u0456\u0441\",\"isPartOf\":{\"@id\":\"https:\\\/\\\/qtmm.org\\\/qt\\\/#website\"},\"primaryImageOfPage\":{\"@id\":\"https:\\\/\\\/qtmm.org\\\/qt\\\/ahtem-ciygoz-qirimtatarlar-kiyevge-mustaqillik-meydanina-aktiv-keteler\\\/#primaryimage\"},\"image\":{\"@id\":\"https:\\\/\\\/qtmm.org\\\/qt\\\/ahtem-ciygoz-qirimtatarlar-kiyevge-mustaqillik-meydanina-aktiv-keteler\\\/#primaryimage\"},\"thumbnailUrl\":\"http:\\\/\\\/qtmm.org\\\/wp-content\\\/uploads\\\/2022\\\/01\\\/qt_maydan1.jpeg\",\"datePublished\":\"2013-12-03T18:40:00+00:00\",\"dateModified\":\"2022-01-26T18:43:04+00:00\",\"breadcrumb\":{\"@id\":\"https:\\\/\\\/qtmm.org\\\/qt\\\/ahtem-ciygoz-qirimtatarlar-kiyevge-mustaqillik-meydanina-aktiv-keteler\\\/#breadcrumb\"},\"inLanguage\":\"qt\",\"potentialAction\":[{\"@type\":\"ReadAction\",\"target\":[\"https:\\\/\\\/qtmm.org\\\/qt\\\/ahtem-ciygoz-qirimtatarlar-kiyevge-mustaqillik-meydanina-aktiv-keteler\\\/\"]}]},{\"@type\":\"ImageObject\",\"inLanguage\":\"qt\",\"@id\":\"https:\\\/\\\/qtmm.org\\\/qt\\\/ahtem-ciygoz-qirimtatarlar-kiyevge-mustaqillik-meydanina-aktiv-keteler\\\/#primaryimage\",\"url\":\"http:\\\/\\\/qtmm.org\\\/wp-content\\\/uploads\\\/2022\\\/01\\\/qt_maydan1.jpeg\",\"contentUrl\":\"http:\\\/\\\/qtmm.org\\\/wp-content\\\/uploads\\\/2022\\\/01\\\/qt_maydan1.jpeg\"},{\"@type\":\"BreadcrumbList\",\"@id\":\"https:\\\/\\\/qtmm.org\\\/qt\\\/ahtem-ciygoz-qirimtatarlar-kiyevge-mustaqillik-meydanina-aktiv-keteler\\\/#breadcrumb\",\"itemListElement\":[{\"@type\":\"ListItem\",\"position\":1,\"name\":\"\u0413\u043e\u043b\u043e\u0432\u043d\u0430\",\"item\":\"https:\\\/\\\/qtmm.org\\\/qt\\\/\"},{\"@type\":\"ListItem\",\"position\":2,\"name\":\"Ahtem \u00c7iygoz: \u00abQ\u0131r\u0131mtatarlar Kiyevge Mustaqillik meydan\u0131na aktiv keteler\u00bb\"}]},{\"@type\":\"WebSite\",\"@id\":\"https:\\\/\\\/qtmm.org\\\/qt\\\/#website\",\"url\":\"https:\\\/\\\/qtmm.org\\\/qt\\\/\",\"name\":\"\u041c\u0435\u0434\u0436\u043b\u0456\u0441\",\"description\":\"\",\"publisher\":{\"@id\":\"https:\\\/\\\/qtmm.org\\\/qt\\\/#organization\"},\"potentialAction\":[{\"@type\":\"SearchAction\",\"target\":{\"@type\":\"EntryPoint\",\"urlTemplate\":\"https:\\\/\\\/qtmm.org\\\/qt\\\/?s={search_term_string}\"},\"query-input\":{\"@type\":\"PropertyValueSpecification\",\"valueRequired\":true,\"valueName\":\"search_term_string\"}}],\"inLanguage\":\"qt\"},{\"@type\":\"Organization\",\"@id\":\"https:\\\/\\\/qtmm.org\\\/qt\\\/#organization\",\"name\":\"\u041c\u0435\u0434\u0436\u043b\u0456\u0441\",\"url\":\"https:\\\/\\\/qtmm.org\\\/qt\\\/\",\"logo\":{\"@type\":\"ImageObject\",\"inLanguage\":\"qt\",\"@id\":\"https:\\\/\\\/qtmm.org\\\/qt\\\/#\\\/schema\\\/logo\\\/image\\\/\",\"url\":\"https:\\\/\\\/qtmm.org\\\/wp-content\\\/uploads\\\/2024\\\/12\\\/ua-mejlis-logo-rgb.svg\",\"contentUrl\":\"https:\\\/\\\/qtmm.org\\\/wp-content\\\/uploads\\\/2024\\\/12\\\/ua-mejlis-logo-rgb.svg\",\"caption\":\"\u041c\u0435\u0434\u0436\u043b\u0456\u0441\"},\"image\":{\"@id\":\"https:\\\/\\\/qtmm.org\\\/qt\\\/#\\\/schema\\\/logo\\\/image\\\/\"},\"sameAs\":[\"https:\\\/\\\/www.facebook.com\\\/qtmm.info\\\/\"]},{\"@type\":\"Person\",\"@id\":\"https:\\\/\\\/qtmm.org\\\/qt\\\/#\\\/schema\\\/person\\\/de562469f971dec226ac06e60bbf74a7\",\"name\":\"Developer\",\"image\":{\"@type\":\"ImageObject\",\"inLanguage\":\"qt\",\"@id\":\"https:\\\/\\\/secure.gravatar.com\\\/avatar\\\/392b4cc8fbfeb00b39dfeeab4ee6edded39ffd48e25858637e4765810300227e?s=96&d=mm&r=g\",\"url\":\"https:\\\/\\\/secure.gravatar.com\\\/avatar\\\/392b4cc8fbfeb00b39dfeeab4ee6edded39ffd48e25858637e4765810300227e?s=96&d=mm&r=g\",\"contentUrl\":\"https:\\\/\\\/secure.gravatar.com\\\/avatar\\\/392b4cc8fbfeb00b39dfeeab4ee6edded39ffd48e25858637e4765810300227e?s=96&d=mm&r=g\",\"caption\":\"Developer\"},\"url\":\"https:\\\/\\\/qtmm.org\\\/qt\\\/author\\\/Developer\\\/\"}]}<\/script>\n<!-- \/ Yoast SEO plugin. -->","yoast_head_json":{"title":"Ahtem \u00c7iygoz: \u00abQ\u0131r\u0131mtatarlar Kiyevge Mustaqillik meydan\u0131na aktiv keteler\u00bb - \u041c\u0435\u0434\u0436\u043b\u0456\u0441","robots":{"index":"index","follow":"follow","max-snippet":"max-snippet:-1","max-image-preview":"max-image-preview:large","max-video-preview":"max-video-preview:-1"},"canonical":"https:\/\/qtmm.org\/qt\/ahtem-ciygoz-qirimtatarlar-kiyevge-mustaqillik-meydanina-aktiv-keteler\/","og_locale":"en_US","og_type":"article","og_title":"Ahtem \u00c7iygoz: \u00abQ\u0131r\u0131mtatarlar Kiyevge Mustaqillik meydan\u0131na aktiv keteler\u00bb - \u041c\u0435\u0434\u0436\u043b\u0456\u0441","og_description":"Semetde\u015fler, regional ve yerli meclislerni\u00f1 reisleri ve azalar\u0131, Q\u0131r\u0131mtatar halq\u0131 Qurultay\u0131n\u0131\u00f1 delegatlar\u0131, b\u00fct\u00fcn seviyelerdeki \u015furalarn\u0131\u00f1 q\u0131r\u0131mtatar deputatlar\u0131n\u0131\u00f1 diqqat\u0131na! So\u00f1ki k\u00fcnlerde pek \u00e7oq semetde\u015flerimiz Kiyevni\u00f1 Mustaqillik meydan\u0131nda ke\u00e7irilmekte ol\u011fan Ukrainan\u0131\u00f1 Avropa integratsiyas\u0131 y\u00f6neli\u015fine qoltutmaq i\u00e7\u00fcn bar\u0131\u015f\u0131q aktsiyalar\u0131nda i\u015ftirak etmek meselesinen Milliy Mecliske muracaat eteler. Haber etemiz ki, Ukrainan\u0131\u00f1 Avropa integratsiyas\u0131 y\u00f6neli\u015fine qoltutmaq i\u00e7\u00fcn bar\u0131\u015f\u0131q aktsiyalar\u0131nda q\u0131r\u0131mtatarlar [&hellip;]","og_url":"https:\/\/qtmm.org\/qt\/ahtem-ciygoz-qirimtatarlar-kiyevge-mustaqillik-meydanina-aktiv-keteler\/","og_site_name":"\u041c\u0435\u0434\u0436\u043b\u0456\u0441","article_publisher":"https:\/\/www.facebook.com\/qtmm.info\/","article_published_time":"2013-12-03T18:40:00+00:00","article_modified_time":"2022-01-26T18:43:04+00:00","og_image":[{"width":650,"height":353,"url":"https:\/\/qtmm.org\/wp-content\/uploads\/2022\/01\/qt_maydan1.jpeg","type":"image\/jpeg"}],"author":"Developer","twitter_card":"summary_large_image","twitter_misc":{"Written by":"Developer","Est. reading time":"1 minute"},"schema":{"@context":"https:\/\/schema.org","@graph":[{"@type":"Article","@id":"https:\/\/qtmm.org\/qt\/ahtem-ciygoz-qirimtatarlar-kiyevge-mustaqillik-meydanina-aktiv-keteler\/#article","isPartOf":{"@id":"https:\/\/qtmm.org\/qt\/ahtem-ciygoz-qirimtatarlar-kiyevge-mustaqillik-meydanina-aktiv-keteler\/"},"author":{"name":"Developer","@id":"https:\/\/qtmm.org\/qt\/#\/schema\/person\/de562469f971dec226ac06e60bbf74a7"},"headline":"Ahtem \u00c7iygoz: \u00abQ\u0131r\u0131mtatarlar Kiyevge Mustaqillik meydan\u0131na aktiv keteler\u00bb","datePublished":"2013-12-03T18:40:00+00:00","dateModified":"2022-01-26T18:43:04+00:00","mainEntityOfPage":{"@id":"https:\/\/qtmm.org\/qt\/ahtem-ciygoz-qirimtatarlar-kiyevge-mustaqillik-meydanina-aktiv-keteler\/"},"wordCount":283,"commentCount":0,"publisher":{"@id":"https:\/\/qtmm.org\/qt\/#organization"},"image":{"@id":"https:\/\/qtmm.org\/qt\/ahtem-ciygoz-qirimtatarlar-kiyevge-mustaqillik-meydanina-aktiv-keteler\/#primaryimage"},"thumbnailUrl":"http:\/\/qtmm.org\/wp-content\/uploads\/2022\/01\/qt_maydan1.jpeg","articleSection":["Haberler"],"inLanguage":"qt","potentialAction":[{"@type":"CommentAction","name":"Comment","target":["https:\/\/qtmm.org\/qt\/ahtem-ciygoz-qirimtatarlar-kiyevge-mustaqillik-meydanina-aktiv-keteler\/#respond"]}]},{"@type":"WebPage","@id":"https:\/\/qtmm.org\/qt\/ahtem-ciygoz-qirimtatarlar-kiyevge-mustaqillik-meydanina-aktiv-keteler\/","url":"https:\/\/qtmm.org\/qt\/ahtem-ciygoz-qirimtatarlar-kiyevge-mustaqillik-meydanina-aktiv-keteler\/","name":"Ahtem \u00c7iygoz: \u00abQ\u0131r\u0131mtatarlar Kiyevge Mustaqillik meydan\u0131na aktiv keteler\u00bb - \u041c\u0435\u0434\u0436\u043b\u0456\u0441","isPartOf":{"@id":"https:\/\/qtmm.org\/qt\/#website"},"primaryImageOfPage":{"@id":"https:\/\/qtmm.org\/qt\/ahtem-ciygoz-qirimtatarlar-kiyevge-mustaqillik-meydanina-aktiv-keteler\/#primaryimage"},"image":{"@id":"https:\/\/qtmm.org\/qt\/ahtem-ciygoz-qirimtatarlar-kiyevge-mustaqillik-meydanina-aktiv-keteler\/#primaryimage"},"thumbnailUrl":"http:\/\/qtmm.org\/wp-content\/uploads\/2022\/01\/qt_maydan1.jpeg","datePublished":"2013-12-03T18:40:00+00:00","dateModified":"2022-01-26T18:43:04+00:00","breadcrumb":{"@id":"https:\/\/qtmm.org\/qt\/ahtem-ciygoz-qirimtatarlar-kiyevge-mustaqillik-meydanina-aktiv-keteler\/#breadcrumb"},"inLanguage":"qt","potentialAction":[{"@type":"ReadAction","target":["https:\/\/qtmm.org\/qt\/ahtem-ciygoz-qirimtatarlar-kiyevge-mustaqillik-meydanina-aktiv-keteler\/"]}]},{"@type":"ImageObject","inLanguage":"qt","@id":"https:\/\/qtmm.org\/qt\/ahtem-ciygoz-qirimtatarlar-kiyevge-mustaqillik-meydanina-aktiv-keteler\/#primaryimage","url":"http:\/\/qtmm.org\/wp-content\/uploads\/2022\/01\/qt_maydan1.jpeg","contentUrl":"http:\/\/qtmm.org\/wp-content\/uploads\/2022\/01\/qt_maydan1.jpeg"},{"@type":"BreadcrumbList","@id":"https:\/\/qtmm.org\/qt\/ahtem-ciygoz-qirimtatarlar-kiyevge-mustaqillik-meydanina-aktiv-keteler\/#breadcrumb","itemListElement":[{"@type":"ListItem","position":1,"name":"\u0413\u043e\u043b\u043e\u0432\u043d\u0430","item":"https:\/\/qtmm.org\/qt\/"},{"@type":"ListItem","position":2,"name":"Ahtem \u00c7iygoz: \u00abQ\u0131r\u0131mtatarlar Kiyevge Mustaqillik meydan\u0131na aktiv keteler\u00bb"}]},{"@type":"WebSite","@id":"https:\/\/qtmm.org\/qt\/#website","url":"https:\/\/qtmm.org\/qt\/","name":"\u041c\u0435\u0434\u0436\u043b\u0456\u0441","description":"","publisher":{"@id":"https:\/\/qtmm.org\/qt\/#organization"},"potentialAction":[{"@type":"SearchAction","target":{"@type":"EntryPoint","urlTemplate":"https:\/\/qtmm.org\/qt\/?s={search_term_string}"},"query-input":{"@type":"PropertyValueSpecification","valueRequired":true,"valueName":"search_term_string"}}],"inLanguage":"qt"},{"@type":"Organization","@id":"https:\/\/qtmm.org\/qt\/#organization","name":"\u041c\u0435\u0434\u0436\u043b\u0456\u0441","url":"https:\/\/qtmm.org\/qt\/","logo":{"@type":"ImageObject","inLanguage":"qt","@id":"https:\/\/qtmm.org\/qt\/#\/schema\/logo\/image\/","url":"https:\/\/qtmm.org\/wp-content\/uploads\/2024\/12\/ua-mejlis-logo-rgb.svg","contentUrl":"https:\/\/qtmm.org\/wp-content\/uploads\/2024\/12\/ua-mejlis-logo-rgb.svg","caption":"\u041c\u0435\u0434\u0436\u043b\u0456\u0441"},"image":{"@id":"https:\/\/qtmm.org\/qt\/#\/schema\/logo\/image\/"},"sameAs":["https:\/\/www.facebook.com\/qtmm.info\/"]},{"@type":"Person","@id":"https:\/\/qtmm.org\/qt\/#\/schema\/person\/de562469f971dec226ac06e60bbf74a7","name":"Developer","image":{"@type":"ImageObject","inLanguage":"qt","@id":"https:\/\/secure.gravatar.com\/avatar\/392b4cc8fbfeb00b39dfeeab4ee6edded39ffd48e25858637e4765810300227e?s=96&d=mm&r=g","url":"https:\/\/secure.gravatar.com\/avatar\/392b4cc8fbfeb00b39dfeeab4ee6edded39ffd48e25858637e4765810300227e?s=96&d=mm&r=g","contentUrl":"https:\/\/secure.gravatar.com\/avatar\/392b4cc8fbfeb00b39dfeeab4ee6edded39ffd48e25858637e4765810300227e?s=96&d=mm&r=g","caption":"Developer"},"url":"https:\/\/qtmm.org\/qt\/author\/Developer\/"}]}},"_links":{"self":[{"href":"https:\/\/qtmm.org\/qt\/wp-json\/wp\/v2\/posts\/41312","targetHints":{"allow":["GET"]}}],"collection":[{"href":"https:\/\/qtmm.org\/qt\/wp-json\/wp\/v2\/posts"}],"about":[{"href":"https:\/\/qtmm.org\/qt\/wp-json\/wp\/v2\/types\/post"}],"author":[{"embeddable":true,"href":"https:\/\/qtmm.org\/qt\/wp-json\/wp\/v2\/users\/1"}],"replies":[{"embeddable":true,"href":"https:\/\/qtmm.org\/qt\/wp-json\/wp\/v2\/comments?post=41312"}],"version-history":[{"count":1,"href":"https:\/\/qtmm.org\/qt\/wp-json\/wp\/v2\/posts\/41312\/revisions"}],"predecessor-version":[{"id":41357,"href":"https:\/\/qtmm.org\/qt\/wp-json\/wp\/v2\/posts\/41312\/revisions\/41357"}],"wp:attachment":[{"href":"https:\/\/qtmm.org\/qt\/wp-json\/wp\/v2\/media?parent=41312"}],"wp:term":[{"taxonomy":"category","embeddable":true,"href":"https:\/\/qtmm.org\/qt\/wp-json\/wp\/v2\/categories?post=41312"},{"taxonomy":"post_tag","embeddable":true,"href":"https:\/\/qtmm.org\/qt\/wp-json\/wp\/v2\/tags?post=41312"}],"curies":[{"name":"wp","href":"https:\/\/api.w.org\/{rel}","templated":true}]}}