




{"id":41310,"date":"2013-12-03T21:39:00","date_gmt":"2013-12-03T18:39:00","guid":{"rendered":"http:\/\/qtmm.org\/?p=41310"},"modified":"2022-01-26T21:40:18","modified_gmt":"2022-01-26T18:40:18","slug":"milliy-areketimiznitn-faal-istirakcisi-remzi-ilyasqa-onin-anasi-mumine-celil-qizi-yagic-agir-hastaliqtan-son-vefat-etkeni-munasebetinen-teren-taziyemizni-bildiremiz","status":"publish","type":"post","link":"https:\/\/qtmm.org\/qt\/milliy-areketimiznitn-faal-istirakcisi-remzi-ilyasqa-onin-anasi-mumine-celil-qizi-yagic-agir-hastaliqtan-son-vefat-etkeni-munasebetinen-teren-taziyemizni-bildiremiz\/","title":{"rendered":"Milliy areketimiznit\u00f1 faal i\u015ftirak\u00e7isi Remzi \u0130lyasqa on\u0131\u00f1 anas\u0131 M\u00fcmine Celil q\u0131z\u0131 Yagi\u00e7 a\u011f\u0131r hastal\u0131qtan so\u00f1 vefat etkeni munasebetinen teren taziyemizni bildiremiz"},"content":{"rendered":"\n<p class=\"has-text-align-center\">Milliy areketimiznit\u00f1 faal i\u015ftirak\u00e7isi, y\u0131llar devam\u0131nda milliy qurumlarda yolba\u015f\u00e7\u0131 vazifelerinde \u00e7al\u0131\u015fqan Milliy Meclis azas\u0131 ve Q\u0131r\u0131m Yuqar\u0131 \u015euras\u0131n\u0131\u00f1 deputat\u0131 Remzi \u0130lyasqa on\u0131\u00f1 anas\u0131, 1931 senesi Alu\u015fta rayon\u0131 Tuaq k\u00f6y\u00fcnde do\u011f\u011fan<\/p>\n\n\n\n<p class=\"has-text-align-center\"><strong>M\u00fcmine Celil q\u0131z\u0131 Yagi\u00e7<\/strong><\/p>\n\n\n\n<p class=\"has-text-align-center\">a\u011f\u0131r hastal\u0131qtan so\u00f1 vefat etkeni munasebetinen teren taziyemizni bildiremiz ve yaq\u0131nlar\u0131n\u0131\u00f1 c\u00fcmlesine ba\u015f sa\u011fl\u0131\u011f\u0131 tileymiz.<\/p>\n\n\n\n<p class=\"has-text-align-center\"><strong>Merhume Allan\u0131\u00f1 rahmetinde olsun.<\/strong><\/p>\n\n\n\n<p class=\"has-text-align-right\">Milliy Meclis azalar\u0131<\/p>\n","protected":false},"excerpt":{"rendered":"<p>Milliy areketimiznit\u00f1 faal i\u015ftirak\u00e7isi, y\u0131llar devam\u0131nda milliy qurumlarda yolba\u015f\u00e7\u0131 vazifelerinde \u00e7al\u0131\u015fqan Milliy Meclis azas\u0131 ve Q\u0131r\u0131m Yuqar\u0131 \u015euras\u0131n\u0131\u00f1 deputat\u0131 Remzi \u0130lyasqa on\u0131\u00f1 anas\u0131, 1931 senesi Alu\u015fta rayon\u0131 Tuaq k\u00f6y\u00fcnde do\u011f\u011fan M\u00fcmine Celil q\u0131z\u0131 Yagi\u00e7 a\u011f\u0131r hastal\u0131qtan so\u00f1 vefat etkeni munasebetinen teren taziyemizni bildiremiz ve yaq\u0131nlar\u0131n\u0131\u00f1 c\u00fcmlesine ba\u015f sa\u011fl\u0131\u011f\u0131 tileymiz. Merhume Allan\u0131\u00f1 rahmetinde olsun. Milliy Meclis [&hellip;]<\/p>\n","protected":false},"author":1,"featured_media":0,"comment_status":"open","ping_status":"open","sticky":false,"template":"","format":"standard","meta":{"inline_featured_image":false,"footnotes":""},"categories":[265],"tags":[],"class_list":["post-41310","post","type-post","status-publish","format-standard","hentry","category-haberler"],"acf":[],"yoast_head":"<!-- This site is optimized with the Yoast SEO plugin v27.4 - https:\/\/yoast.com\/product\/yoast-seo-wordpress\/ -->\n<title>Milliy areketimiznit\u00f1 faal i\u015ftirak\u00e7isi Remzi \u0130lyasqa on\u0131\u00f1 anas\u0131 M\u00fcmine Celil q\u0131z\u0131 Yagi\u00e7 a\u011f\u0131r hastal\u0131qtan so\u00f1 vefat etkeni munasebetinen teren taziyemizni bildiremiz - \u041c\u0435\u0434\u0436\u043b\u0456\u0441<\/title>\n<meta name=\"robots\" content=\"index, follow, max-snippet:-1, max-image-preview:large, max-video-preview:-1\" \/>\n<link rel=\"canonical\" href=\"https:\/\/qtmm.org\/qt\/milliy-areketimiznitn-faal-istirakcisi-remzi-ilyasqa-onin-anasi-mumine-celil-qizi-yagic-agir-hastaliqtan-son-vefat-etkeni-munasebetinen-teren-taziyemizni-bildiremiz\/\" \/>\n<meta property=\"og:locale\" content=\"en_US\" \/>\n<meta property=\"og:type\" content=\"article\" \/>\n<meta property=\"og:title\" content=\"Milliy areketimiznit\u00f1 faal i\u015ftirak\u00e7isi Remzi \u0130lyasqa on\u0131\u00f1 anas\u0131 M\u00fcmine Celil q\u0131z\u0131 Yagi\u00e7 a\u011f\u0131r hastal\u0131qtan so\u00f1 vefat etkeni munasebetinen teren taziyemizni bildiremiz - \u041c\u0435\u0434\u0436\u043b\u0456\u0441\" \/>\n<meta property=\"og:description\" content=\"Milliy areketimiznit\u00f1 faal i\u015ftirak\u00e7isi, y\u0131llar devam\u0131nda milliy qurumlarda yolba\u015f\u00e7\u0131 vazifelerinde \u00e7al\u0131\u015fqan Milliy Meclis azas\u0131 ve Q\u0131r\u0131m Yuqar\u0131 \u015euras\u0131n\u0131\u00f1 deputat\u0131 Remzi \u0130lyasqa on\u0131\u00f1 anas\u0131, 1931 senesi Alu\u015fta rayon\u0131 Tuaq k\u00f6y\u00fcnde do\u011f\u011fan M\u00fcmine Celil q\u0131z\u0131 Yagi\u00e7 a\u011f\u0131r hastal\u0131qtan so\u00f1 vefat etkeni munasebetinen teren taziyemizni bildiremiz ve yaq\u0131nlar\u0131n\u0131\u00f1 c\u00fcmlesine ba\u015f sa\u011fl\u0131\u011f\u0131 tileymiz. Merhume Allan\u0131\u00f1 rahmetinde olsun. Milliy Meclis [&hellip;]\" \/>\n<meta property=\"og:url\" content=\"https:\/\/qtmm.org\/qt\/milliy-areketimiznitn-faal-istirakcisi-remzi-ilyasqa-onin-anasi-mumine-celil-qizi-yagic-agir-hastaliqtan-son-vefat-etkeni-munasebetinen-teren-taziyemizni-bildiremiz\/\" \/>\n<meta property=\"og:site_name\" content=\"\u041c\u0435\u0434\u0436\u043b\u0456\u0441\" \/>\n<meta property=\"article:publisher\" content=\"https:\/\/www.facebook.com\/qtmm.info\/\" \/>\n<meta property=\"article:published_time\" content=\"2013-12-03T18:39:00+00:00\" \/>\n<meta property=\"article:modified_time\" content=\"2022-01-26T18:40:18+00:00\" \/>\n<meta name=\"author\" content=\"Developer\" \/>\n<meta name=\"twitter:card\" content=\"summary_large_image\" \/>\n<meta name=\"twitter:label1\" content=\"Written by\" \/>\n\t<meta name=\"twitter:data1\" content=\"Developer\" \/>\n<script type=\"application\/ld+json\" class=\"yoast-schema-graph\">{\"@context\":\"https:\\\/\\\/schema.org\",\"@graph\":[{\"@type\":\"Article\",\"@id\":\"https:\\\/\\\/qtmm.org\\\/qt\\\/milliy-areketimiznitn-faal-istirakcisi-remzi-ilyasqa-onin-anasi-mumine-celil-qizi-yagic-agir-hastaliqtan-son-vefat-etkeni-munasebetinen-teren-taziyemizni-bildiremiz\\\/#article\",\"isPartOf\":{\"@id\":\"https:\\\/\\\/qtmm.org\\\/qt\\\/milliy-areketimiznitn-faal-istirakcisi-remzi-ilyasqa-onin-anasi-mumine-celil-qizi-yagic-agir-hastaliqtan-son-vefat-etkeni-munasebetinen-teren-taziyemizni-bildiremiz\\\/\"},\"author\":{\"name\":\"Developer\",\"@id\":\"https:\\\/\\\/qtmm.org\\\/qt\\\/#\\\/schema\\\/person\\\/de562469f971dec226ac06e60bbf74a7\"},\"headline\":\"Milliy areketimiznit\u00f1 faal i\u015ftirak\u00e7isi Remzi \u0130lyasqa on\u0131\u00f1 anas\u0131 M\u00fcmine Celil q\u0131z\u0131 Yagi\u00e7 a\u011f\u0131r hastal\u0131qtan so\u00f1 vefat etkeni munasebetinen teren taziyemizni bildiremiz\",\"datePublished\":\"2013-12-03T18:39:00+00:00\",\"dateModified\":\"2022-01-26T18:40:18+00:00\",\"mainEntityOfPage\":{\"@id\":\"https:\\\/\\\/qtmm.org\\\/qt\\\/milliy-areketimiznitn-faal-istirakcisi-remzi-ilyasqa-onin-anasi-mumine-celil-qizi-yagic-agir-hastaliqtan-son-vefat-etkeni-munasebetinen-teren-taziyemizni-bildiremiz\\\/\"},\"wordCount\":102,\"commentCount\":0,\"publisher\":{\"@id\":\"https:\\\/\\\/qtmm.org\\\/qt\\\/#organization\"},\"articleSection\":[\"Haberler\"],\"inLanguage\":\"qt\",\"potentialAction\":[{\"@type\":\"CommentAction\",\"name\":\"Comment\",\"target\":[\"https:\\\/\\\/qtmm.org\\\/qt\\\/milliy-areketimiznitn-faal-istirakcisi-remzi-ilyasqa-onin-anasi-mumine-celil-qizi-yagic-agir-hastaliqtan-son-vefat-etkeni-munasebetinen-teren-taziyemizni-bildiremiz\\\/#respond\"]}]},{\"@type\":\"WebPage\",\"@id\":\"https:\\\/\\\/qtmm.org\\\/qt\\\/milliy-areketimiznitn-faal-istirakcisi-remzi-ilyasqa-onin-anasi-mumine-celil-qizi-yagic-agir-hastaliqtan-son-vefat-etkeni-munasebetinen-teren-taziyemizni-bildiremiz\\\/\",\"url\":\"https:\\\/\\\/qtmm.org\\\/qt\\\/milliy-areketimiznitn-faal-istirakcisi-remzi-ilyasqa-onin-anasi-mumine-celil-qizi-yagic-agir-hastaliqtan-son-vefat-etkeni-munasebetinen-teren-taziyemizni-bildiremiz\\\/\",\"name\":\"Milliy areketimiznit\u00f1 faal i\u015ftirak\u00e7isi Remzi \u0130lyasqa on\u0131\u00f1 anas\u0131 M\u00fcmine Celil q\u0131z\u0131 Yagi\u00e7 a\u011f\u0131r hastal\u0131qtan so\u00f1 vefat etkeni munasebetinen teren taziyemizni bildiremiz - \u041c\u0435\u0434\u0436\u043b\u0456\u0441\",\"isPartOf\":{\"@id\":\"https:\\\/\\\/qtmm.org\\\/qt\\\/#website\"},\"datePublished\":\"2013-12-03T18:39:00+00:00\",\"dateModified\":\"2022-01-26T18:40:18+00:00\",\"breadcrumb\":{\"@id\":\"https:\\\/\\\/qtmm.org\\\/qt\\\/milliy-areketimiznitn-faal-istirakcisi-remzi-ilyasqa-onin-anasi-mumine-celil-qizi-yagic-agir-hastaliqtan-son-vefat-etkeni-munasebetinen-teren-taziyemizni-bildiremiz\\\/#breadcrumb\"},\"inLanguage\":\"qt\",\"potentialAction\":[{\"@type\":\"ReadAction\",\"target\":[\"https:\\\/\\\/qtmm.org\\\/qt\\\/milliy-areketimiznitn-faal-istirakcisi-remzi-ilyasqa-onin-anasi-mumine-celil-qizi-yagic-agir-hastaliqtan-son-vefat-etkeni-munasebetinen-teren-taziyemizni-bildiremiz\\\/\"]}]},{\"@type\":\"BreadcrumbList\",\"@id\":\"https:\\\/\\\/qtmm.org\\\/qt\\\/milliy-areketimiznitn-faal-istirakcisi-remzi-ilyasqa-onin-anasi-mumine-celil-qizi-yagic-agir-hastaliqtan-son-vefat-etkeni-munasebetinen-teren-taziyemizni-bildiremiz\\\/#breadcrumb\",\"itemListElement\":[{\"@type\":\"ListItem\",\"position\":1,\"name\":\"\u0413\u043e\u043b\u043e\u0432\u043d\u0430\",\"item\":\"https:\\\/\\\/qtmm.org\\\/qt\\\/\"},{\"@type\":\"ListItem\",\"position\":2,\"name\":\"Milliy areketimiznit\u00f1 faal i\u015ftirak\u00e7isi Remzi \u0130lyasqa on\u0131\u00f1 anas\u0131 M\u00fcmine Celil q\u0131z\u0131 Yagi\u00e7 a\u011f\u0131r hastal\u0131qtan so\u00f1 vefat etkeni munasebetinen teren taziyemizni bildiremiz\"}]},{\"@type\":\"WebSite\",\"@id\":\"https:\\\/\\\/qtmm.org\\\/qt\\\/#website\",\"url\":\"https:\\\/\\\/qtmm.org\\\/qt\\\/\",\"name\":\"\u041c\u0435\u0434\u0436\u043b\u0456\u0441\",\"description\":\"\",\"publisher\":{\"@id\":\"https:\\\/\\\/qtmm.org\\\/qt\\\/#organization\"},\"potentialAction\":[{\"@type\":\"SearchAction\",\"target\":{\"@type\":\"EntryPoint\",\"urlTemplate\":\"https:\\\/\\\/qtmm.org\\\/qt\\\/?s={search_term_string}\"},\"query-input\":{\"@type\":\"PropertyValueSpecification\",\"valueRequired\":true,\"valueName\":\"search_term_string\"}}],\"inLanguage\":\"qt\"},{\"@type\":\"Organization\",\"@id\":\"https:\\\/\\\/qtmm.org\\\/qt\\\/#organization\",\"name\":\"\u041c\u0435\u0434\u0436\u043b\u0456\u0441\",\"url\":\"https:\\\/\\\/qtmm.org\\\/qt\\\/\",\"logo\":{\"@type\":\"ImageObject\",\"inLanguage\":\"qt\",\"@id\":\"https:\\\/\\\/qtmm.org\\\/qt\\\/#\\\/schema\\\/logo\\\/image\\\/\",\"url\":\"https:\\\/\\\/qtmm.org\\\/wp-content\\\/uploads\\\/2024\\\/12\\\/ua-mejlis-logo-rgb.svg\",\"contentUrl\":\"https:\\\/\\\/qtmm.org\\\/wp-content\\\/uploads\\\/2024\\\/12\\\/ua-mejlis-logo-rgb.svg\",\"caption\":\"\u041c\u0435\u0434\u0436\u043b\u0456\u0441\"},\"image\":{\"@id\":\"https:\\\/\\\/qtmm.org\\\/qt\\\/#\\\/schema\\\/logo\\\/image\\\/\"},\"sameAs\":[\"https:\\\/\\\/www.facebook.com\\\/qtmm.info\\\/\"]},{\"@type\":\"Person\",\"@id\":\"https:\\\/\\\/qtmm.org\\\/qt\\\/#\\\/schema\\\/person\\\/de562469f971dec226ac06e60bbf74a7\",\"name\":\"Developer\",\"image\":{\"@type\":\"ImageObject\",\"inLanguage\":\"qt\",\"@id\":\"https:\\\/\\\/secure.gravatar.com\\\/avatar\\\/392b4cc8fbfeb00b39dfeeab4ee6edded39ffd48e25858637e4765810300227e?s=96&d=mm&r=g\",\"url\":\"https:\\\/\\\/secure.gravatar.com\\\/avatar\\\/392b4cc8fbfeb00b39dfeeab4ee6edded39ffd48e25858637e4765810300227e?s=96&d=mm&r=g\",\"contentUrl\":\"https:\\\/\\\/secure.gravatar.com\\\/avatar\\\/392b4cc8fbfeb00b39dfeeab4ee6edded39ffd48e25858637e4765810300227e?s=96&d=mm&r=g\",\"caption\":\"Developer\"},\"url\":\"https:\\\/\\\/qtmm.org\\\/qt\\\/author\\\/Developer\\\/\"}]}<\/script>\n<!-- \/ Yoast SEO plugin. -->","yoast_head_json":{"title":"Milliy areketimiznit\u00f1 faal i\u015ftirak\u00e7isi Remzi \u0130lyasqa on\u0131\u00f1 anas\u0131 M\u00fcmine Celil q\u0131z\u0131 Yagi\u00e7 a\u011f\u0131r hastal\u0131qtan so\u00f1 vefat etkeni munasebetinen teren taziyemizni bildiremiz - \u041c\u0435\u0434\u0436\u043b\u0456\u0441","robots":{"index":"index","follow":"follow","max-snippet":"max-snippet:-1","max-image-preview":"max-image-preview:large","max-video-preview":"max-video-preview:-1"},"canonical":"https:\/\/qtmm.org\/qt\/milliy-areketimiznitn-faal-istirakcisi-remzi-ilyasqa-onin-anasi-mumine-celil-qizi-yagic-agir-hastaliqtan-son-vefat-etkeni-munasebetinen-teren-taziyemizni-bildiremiz\/","og_locale":"en_US","og_type":"article","og_title":"Milliy areketimiznit\u00f1 faal i\u015ftirak\u00e7isi Remzi \u0130lyasqa on\u0131\u00f1 anas\u0131 M\u00fcmine Celil q\u0131z\u0131 Yagi\u00e7 a\u011f\u0131r hastal\u0131qtan so\u00f1 vefat etkeni munasebetinen teren taziyemizni bildiremiz - \u041c\u0435\u0434\u0436\u043b\u0456\u0441","og_description":"Milliy areketimiznit\u00f1 faal i\u015ftirak\u00e7isi, y\u0131llar devam\u0131nda milliy qurumlarda yolba\u015f\u00e7\u0131 vazifelerinde \u00e7al\u0131\u015fqan Milliy Meclis azas\u0131 ve Q\u0131r\u0131m Yuqar\u0131 \u015euras\u0131n\u0131\u00f1 deputat\u0131 Remzi \u0130lyasqa on\u0131\u00f1 anas\u0131, 1931 senesi Alu\u015fta rayon\u0131 Tuaq k\u00f6y\u00fcnde do\u011f\u011fan M\u00fcmine Celil q\u0131z\u0131 Yagi\u00e7 a\u011f\u0131r hastal\u0131qtan so\u00f1 vefat etkeni munasebetinen teren taziyemizni bildiremiz ve yaq\u0131nlar\u0131n\u0131\u00f1 c\u00fcmlesine ba\u015f sa\u011fl\u0131\u011f\u0131 tileymiz. Merhume Allan\u0131\u00f1 rahmetinde olsun. Milliy Meclis [&hellip;]","og_url":"https:\/\/qtmm.org\/qt\/milliy-areketimiznitn-faal-istirakcisi-remzi-ilyasqa-onin-anasi-mumine-celil-qizi-yagic-agir-hastaliqtan-son-vefat-etkeni-munasebetinen-teren-taziyemizni-bildiremiz\/","og_site_name":"\u041c\u0435\u0434\u0436\u043b\u0456\u0441","article_publisher":"https:\/\/www.facebook.com\/qtmm.info\/","article_published_time":"2013-12-03T18:39:00+00:00","article_modified_time":"2022-01-26T18:40:18+00:00","author":"Developer","twitter_card":"summary_large_image","twitter_misc":{"Written by":"Developer"},"schema":{"@context":"https:\/\/schema.org","@graph":[{"@type":"Article","@id":"https:\/\/qtmm.org\/qt\/milliy-areketimiznitn-faal-istirakcisi-remzi-ilyasqa-onin-anasi-mumine-celil-qizi-yagic-agir-hastaliqtan-son-vefat-etkeni-munasebetinen-teren-taziyemizni-bildiremiz\/#article","isPartOf":{"@id":"https:\/\/qtmm.org\/qt\/milliy-areketimiznitn-faal-istirakcisi-remzi-ilyasqa-onin-anasi-mumine-celil-qizi-yagic-agir-hastaliqtan-son-vefat-etkeni-munasebetinen-teren-taziyemizni-bildiremiz\/"},"author":{"name":"Developer","@id":"https:\/\/qtmm.org\/qt\/#\/schema\/person\/de562469f971dec226ac06e60bbf74a7"},"headline":"Milliy areketimiznit\u00f1 faal i\u015ftirak\u00e7isi Remzi \u0130lyasqa on\u0131\u00f1 anas\u0131 M\u00fcmine Celil q\u0131z\u0131 Yagi\u00e7 a\u011f\u0131r hastal\u0131qtan so\u00f1 vefat etkeni munasebetinen teren taziyemizni bildiremiz","datePublished":"2013-12-03T18:39:00+00:00","dateModified":"2022-01-26T18:40:18+00:00","mainEntityOfPage":{"@id":"https:\/\/qtmm.org\/qt\/milliy-areketimiznitn-faal-istirakcisi-remzi-ilyasqa-onin-anasi-mumine-celil-qizi-yagic-agir-hastaliqtan-son-vefat-etkeni-munasebetinen-teren-taziyemizni-bildiremiz\/"},"wordCount":102,"commentCount":0,"publisher":{"@id":"https:\/\/qtmm.org\/qt\/#organization"},"articleSection":["Haberler"],"inLanguage":"qt","potentialAction":[{"@type":"CommentAction","name":"Comment","target":["https:\/\/qtmm.org\/qt\/milliy-areketimiznitn-faal-istirakcisi-remzi-ilyasqa-onin-anasi-mumine-celil-qizi-yagic-agir-hastaliqtan-son-vefat-etkeni-munasebetinen-teren-taziyemizni-bildiremiz\/#respond"]}]},{"@type":"WebPage","@id":"https:\/\/qtmm.org\/qt\/milliy-areketimiznitn-faal-istirakcisi-remzi-ilyasqa-onin-anasi-mumine-celil-qizi-yagic-agir-hastaliqtan-son-vefat-etkeni-munasebetinen-teren-taziyemizni-bildiremiz\/","url":"https:\/\/qtmm.org\/qt\/milliy-areketimiznitn-faal-istirakcisi-remzi-ilyasqa-onin-anasi-mumine-celil-qizi-yagic-agir-hastaliqtan-son-vefat-etkeni-munasebetinen-teren-taziyemizni-bildiremiz\/","name":"Milliy areketimiznit\u00f1 faal i\u015ftirak\u00e7isi Remzi \u0130lyasqa on\u0131\u00f1 anas\u0131 M\u00fcmine Celil q\u0131z\u0131 Yagi\u00e7 a\u011f\u0131r hastal\u0131qtan so\u00f1 vefat etkeni munasebetinen teren taziyemizni bildiremiz - \u041c\u0435\u0434\u0436\u043b\u0456\u0441","isPartOf":{"@id":"https:\/\/qtmm.org\/qt\/#website"},"datePublished":"2013-12-03T18:39:00+00:00","dateModified":"2022-01-26T18:40:18+00:00","breadcrumb":{"@id":"https:\/\/qtmm.org\/qt\/milliy-areketimiznitn-faal-istirakcisi-remzi-ilyasqa-onin-anasi-mumine-celil-qizi-yagic-agir-hastaliqtan-son-vefat-etkeni-munasebetinen-teren-taziyemizni-bildiremiz\/#breadcrumb"},"inLanguage":"qt","potentialAction":[{"@type":"ReadAction","target":["https:\/\/qtmm.org\/qt\/milliy-areketimiznitn-faal-istirakcisi-remzi-ilyasqa-onin-anasi-mumine-celil-qizi-yagic-agir-hastaliqtan-son-vefat-etkeni-munasebetinen-teren-taziyemizni-bildiremiz\/"]}]},{"@type":"BreadcrumbList","@id":"https:\/\/qtmm.org\/qt\/milliy-areketimiznitn-faal-istirakcisi-remzi-ilyasqa-onin-anasi-mumine-celil-qizi-yagic-agir-hastaliqtan-son-vefat-etkeni-munasebetinen-teren-taziyemizni-bildiremiz\/#breadcrumb","itemListElement":[{"@type":"ListItem","position":1,"name":"\u0413\u043e\u043b\u043e\u0432\u043d\u0430","item":"https:\/\/qtmm.org\/qt\/"},{"@type":"ListItem","position":2,"name":"Milliy areketimiznit\u00f1 faal i\u015ftirak\u00e7isi Remzi \u0130lyasqa on\u0131\u00f1 anas\u0131 M\u00fcmine Celil q\u0131z\u0131 Yagi\u00e7 a\u011f\u0131r hastal\u0131qtan so\u00f1 vefat etkeni munasebetinen teren taziyemizni bildiremiz"}]},{"@type":"WebSite","@id":"https:\/\/qtmm.org\/qt\/#website","url":"https:\/\/qtmm.org\/qt\/","name":"\u041c\u0435\u0434\u0436\u043b\u0456\u0441","description":"","publisher":{"@id":"https:\/\/qtmm.org\/qt\/#organization"},"potentialAction":[{"@type":"SearchAction","target":{"@type":"EntryPoint","urlTemplate":"https:\/\/qtmm.org\/qt\/?s={search_term_string}"},"query-input":{"@type":"PropertyValueSpecification","valueRequired":true,"valueName":"search_term_string"}}],"inLanguage":"qt"},{"@type":"Organization","@id":"https:\/\/qtmm.org\/qt\/#organization","name":"\u041c\u0435\u0434\u0436\u043b\u0456\u0441","url":"https:\/\/qtmm.org\/qt\/","logo":{"@type":"ImageObject","inLanguage":"qt","@id":"https:\/\/qtmm.org\/qt\/#\/schema\/logo\/image\/","url":"https:\/\/qtmm.org\/wp-content\/uploads\/2024\/12\/ua-mejlis-logo-rgb.svg","contentUrl":"https:\/\/qtmm.org\/wp-content\/uploads\/2024\/12\/ua-mejlis-logo-rgb.svg","caption":"\u041c\u0435\u0434\u0436\u043b\u0456\u0441"},"image":{"@id":"https:\/\/qtmm.org\/qt\/#\/schema\/logo\/image\/"},"sameAs":["https:\/\/www.facebook.com\/qtmm.info\/"]},{"@type":"Person","@id":"https:\/\/qtmm.org\/qt\/#\/schema\/person\/de562469f971dec226ac06e60bbf74a7","name":"Developer","image":{"@type":"ImageObject","inLanguage":"qt","@id":"https:\/\/secure.gravatar.com\/avatar\/392b4cc8fbfeb00b39dfeeab4ee6edded39ffd48e25858637e4765810300227e?s=96&d=mm&r=g","url":"https:\/\/secure.gravatar.com\/avatar\/392b4cc8fbfeb00b39dfeeab4ee6edded39ffd48e25858637e4765810300227e?s=96&d=mm&r=g","contentUrl":"https:\/\/secure.gravatar.com\/avatar\/392b4cc8fbfeb00b39dfeeab4ee6edded39ffd48e25858637e4765810300227e?s=96&d=mm&r=g","caption":"Developer"},"url":"https:\/\/qtmm.org\/qt\/author\/Developer\/"}]}},"_links":{"self":[{"href":"https:\/\/qtmm.org\/qt\/wp-json\/wp\/v2\/posts\/41310","targetHints":{"allow":["GET"]}}],"collection":[{"href":"https:\/\/qtmm.org\/qt\/wp-json\/wp\/v2\/posts"}],"about":[{"href":"https:\/\/qtmm.org\/qt\/wp-json\/wp\/v2\/types\/post"}],"author":[{"embeddable":true,"href":"https:\/\/qtmm.org\/qt\/wp-json\/wp\/v2\/users\/1"}],"replies":[{"embeddable":true,"href":"https:\/\/qtmm.org\/qt\/wp-json\/wp\/v2\/comments?post=41310"}],"version-history":[{"count":1,"href":"https:\/\/qtmm.org\/qt\/wp-json\/wp\/v2\/posts\/41310\/revisions"}],"predecessor-version":[{"id":41311,"href":"https:\/\/qtmm.org\/qt\/wp-json\/wp\/v2\/posts\/41310\/revisions\/41311"}],"wp:attachment":[{"href":"https:\/\/qtmm.org\/qt\/wp-json\/wp\/v2\/media?parent=41310"}],"wp:term":[{"taxonomy":"category","embeddable":true,"href":"https:\/\/qtmm.org\/qt\/wp-json\/wp\/v2\/categories?post=41310"},{"taxonomy":"post_tag","embeddable":true,"href":"https:\/\/qtmm.org\/qt\/wp-json\/wp\/v2\/tags?post=41310"}],"curies":[{"name":"wp","href":"https:\/\/api.w.org\/{rel}","templated":true}]}}