




{"id":41296,"date":"2013-12-02T21:38:00","date_gmt":"2013-12-02T18:38:00","guid":{"rendered":"http:\/\/qtmm.org\/?p=41296"},"modified":"2022-01-26T21:39:18","modified_gmt":"2022-01-26T18:39:18","slug":"2013-senesi-dekabr-2-kunu-meclis-prezidiuminin-toplasuvi-olip-kecti","status":"publish","type":"post","link":"https:\/\/qtmm.org\/qt\/2013-senesi-dekabr-2-kunu-meclis-prezidiuminin-toplasuvi-olip-kecti\/","title":{"rendered":"2013 senesi dekabr 2 k\u00fcn\u00fc Meclis Prezidium\u0131n\u0131\u00f1 topla\u015fuv\u0131 ol\u0131p ke\u00e7ti"},"content":{"rendered":"\n<p>Ukraina halq deputat\u0131 Mustafa Cemilev, Qurultay Tefti\u015f komissiyas\u0131n\u0131\u00f1 reisi Ali \u00d6zenba\u015f ve Aqmescit regional meclis reisi Lemmar Yunusov i\u015ftirak etken topla\u015fuvn\u0131\u00f1 devam\u0131nda Meclis reisini\u00f1 muavini Ahtem \u00c7iygoz bulun\u011fanlarn\u0131 dekabr 10-da Halqara insan aqlar\u0131 k\u00fcn\u00fcne ba\u011f\u0131\u015flan\u011fan B\u00fct\u00fcnq\u0131r\u0131m mitingine az\u0131rl\u0131q aqq\u0131nda mal\u00fcmat berdi.<\/p>\n\n\n\n<figure class=\"wp-block-image size-full\"><img loading=\"lazy\" decoding=\"async\" width=\"650\" height=\"391\" src=\"http:\/\/qtmm.org\/wp-content\/uploads\/2022\/01\/photo_1_2.jpeg\" alt=\"\" class=\"wp-image-41297\" srcset=\"https:\/\/qtmm.org\/wp-content\/uploads\/2022\/01\/photo_1_2.jpeg 650w, https:\/\/qtmm.org\/wp-content\/uploads\/2022\/01\/photo_1_2-300x180.jpeg 300w\" sizes=\"auto, (max-width: 650px) 100vw, 650px\" \/><\/figure>\n\n\n\n<p>A. \u00c7iygozn\u0131\u00f1 aytqan\u0131na k\u00f6re epsi regional ve yerli meclisler planla\u015ft\u0131r\u0131l\u011fan mitingde i\u015ftirak eteceklerini tasdiqlad\u0131lar.<\/p>\n\n\n\n<p>&#8220;Dekabr 10-na qadar milliy matbuat vastalar\u0131nda Halqara insan aqlar\u0131 k\u00fcn\u00fcne ba\u011f\u0131\u015flan\u011fan videorolik numay\u0131\u015f etilecek, &#8211; bildirdi Meclisni\u00f1 informatsion-analitik idaresini\u00f1 ba\u015f\u0131 Nariman Cel\u00e2l. \u2013 Bun\u0131\u00f1 kibi de dekabr 5 k\u00fcn\u00fc Meclis reisi muavinlerini\u00f1 i\u015ftirakinde matbuat konferentsiyas\u0131n\u0131 ke\u00e7irmek planla\u015ft\u0131r\u0131la&#8221;<\/p>\n\n\n\n<figure class=\"wp-block-image size-full\"><img loading=\"lazy\" decoding=\"async\" width=\"650\" height=\"344\" src=\"http:\/\/qtmm.org\/wp-content\/uploads\/2022\/01\/photo_2_2.jpeg\" alt=\"\" class=\"wp-image-41301\" srcset=\"https:\/\/qtmm.org\/wp-content\/uploads\/2022\/01\/photo_2_2.jpeg 650w, https:\/\/qtmm.org\/wp-content\/uploads\/2022\/01\/photo_2_2-300x159.jpeg 300w\" sizes=\"auto, (max-width: 650px) 100vw, 650px\" \/><\/figure>\n\n\n\n<p>Meclis Prezidium\u0131n\u0131\u00f1 azalar\u0131 Meclisni\u00f1 dekabr 5-te ke\u00e7irilecek topla\u015fuv k\u00fcn tertibini\u00f1 leyhas\u0131n\u0131 muzakere ettiler.<\/p>\n\n\n\n<p>&#8220;Topla\u015fuv k\u00fcn tertibini\u00f1 leyhas\u0131na Lenin rayon\u0131nda regional meclisni\u00f1 ya\u00f1\u0131 reisi saylanacaq regional konferentsiyan\u0131 ke\u00e7ir\u00fcv k\u00fcn\u00fcni tasdiqlamaq meselesi de kirsetildi, &#8211; dep seslendirli Meclis reisi R. \u00c7ubarov. \u2013 Bun\u0131\u00f1 kibi de o, diqqatn\u0131 \u015fu\u00f1a celp etti ki dekabr ay\u0131 devam\u0131nda Q\u0131r\u0131mn\u0131\u00f1 10 region\u0131nda Meclis reisi, Meclis idare ve h\u0131zmetlerini\u00f1 yolba\u015f\u00e7\u0131lar\u0131, Q\u0131r\u0131m musulmanlar\u0131 diniy idaresi, regional ve yerli meclisler, yerli \u015furalarn\u0131\u00f1 deputatlar\u0131 ve 6-nc\u0131 \u00e7a\u011f\u0131r\u0131l\u0131\u015f Qurultay delegatlar\u0131n\u0131\u00f1 i\u015ftirakinde keni\u015fletilgen i\u015f\u00e7 topla\u015fuvlarn\u0131\u00f1 ke\u00e7irilmesi planla\u015ft\u0131r\u0131ld\u0131.<\/p>\n\n\n\n<p>Prezidium topla\u015fuv\u0131nda bun\u0131\u00f1 kibi de Ukrainadaki siyasiy vaziyet ve noyabr 30-dan dekabr 1-ge ke\u00e7er gecesi &#8220;Yevromaydan&#8221; t\u0131n\u00e7 i\u015ftirak\u00e7ilerini\u00f1 qanl\u0131 da\u011f\u0131t\u0131lmas\u0131 munasebetinen Meclisni\u00f1 mahsus beyanat\u0131n\u0131 qabul et\u00fcv qarar\u0131 al\u0131nd\u0131.<\/p>\n\n\n\n<p>Kiyevde dekabr 1 k\u00fcn\u00fc &#8220;Halq toplant\u0131s\u0131nda&#8221; \u00e7\u0131q\u0131\u015fta bulun\u011fan Meclis reisi Refat \u00c7ubarov tahminen 1 milliondan ziyade numay\u0131\u015f\u00e7\u0131larn\u0131 topla\u011fan &#8220;Yevromaydan&#8221; pozitiv energiyas\u0131 ve vatanperverlik ruh\u0131n\u0131\u00f1 y\u00fcksek seviyesini qayd etti.<\/p>\n\n\n\n<figure class=\"wp-block-embed is-type-video is-provider-youtube wp-block-embed-youtube wp-embed-aspect-16-9 wp-has-aspect-ratio\"><div class=\"wp-block-embed__wrapper\">\n<iframe loading=\"lazy\" title=\"\u0413\u043b\u0430\u0432\u0430 \u041c\u0435\u0434\u0436\u043b\u0438\u0441\u0430 \u0432 \u041a\u0438\u0435\u0432\u0435 \u043d\u0430 &quot;\u041d\u0430\u0440\u043e\u0434\u043d\u043e\u043c \u0432\u0435\u0447\u0435&quot;\" width=\"640\" height=\"360\" src=\"https:\/\/www.youtube.com\/embed\/EXdOtrNYEx8?feature=oembed\" frameborder=\"0\" allow=\"accelerometer; autoplay; clipboard-write; encrypted-media; gyroscope; picture-in-picture; web-share\" referrerpolicy=\"strict-origin-when-cross-origin\" allowfullscreen><\/iframe>\n<\/div><\/figure>\n","protected":false},"excerpt":{"rendered":"<p>Ukraina halq deputat\u0131 Mustafa Cemilev, Qurultay Tefti\u015f komissiyas\u0131n\u0131\u00f1 reisi Ali \u00d6zenba\u015f ve Aqmescit regional meclis reisi Lemmar Yunusov i\u015ftirak etken topla\u015fuvn\u0131\u00f1 devam\u0131nda Meclis reisini\u00f1 muavini Ahtem \u00c7iygoz bulun\u011fanlarn\u0131 dekabr 10-da Halqara insan aqlar\u0131 k\u00fcn\u00fcne ba\u011f\u0131\u015flan\u011fan B\u00fct\u00fcnq\u0131r\u0131m mitingine az\u0131rl\u0131q aqq\u0131nda mal\u00fcmat berdi. A. \u00c7iygozn\u0131\u00f1 aytqan\u0131na k\u00f6re epsi regional ve yerli meclisler planla\u015ft\u0131r\u0131l\u011fan mitingde i\u015ftirak eteceklerini tasdiqlad\u0131lar. [&hellip;]<\/p>\n","protected":false},"author":1,"featured_media":41305,"comment_status":"open","ping_status":"open","sticky":false,"template":"","format":"standard","meta":{"inline_featured_image":false,"footnotes":""},"categories":[265],"tags":[],"class_list":["post-41296","post","type-post","status-publish","format-standard","has-post-thumbnail","hentry","category-haberler"],"acf":[],"yoast_head":"<!-- This site is optimized with the Yoast SEO plugin v27.4 - https:\/\/yoast.com\/product\/yoast-seo-wordpress\/ -->\n<title>2013 senesi dekabr 2 k\u00fcn\u00fc Meclis Prezidium\u0131n\u0131\u00f1 topla\u015fuv\u0131 ol\u0131p ke\u00e7ti - \u041c\u0435\u0434\u0436\u043b\u0456\u0441<\/title>\n<meta name=\"robots\" content=\"index, follow, max-snippet:-1, max-image-preview:large, max-video-preview:-1\" \/>\n<link rel=\"canonical\" href=\"https:\/\/qtmm.org\/qt\/2013-senesi-dekabr-2-kunu-meclis-prezidiuminin-toplasuvi-olip-kecti\/\" \/>\n<meta property=\"og:locale\" content=\"en_US\" \/>\n<meta property=\"og:type\" content=\"article\" \/>\n<meta property=\"og:title\" content=\"2013 senesi dekabr 2 k\u00fcn\u00fc Meclis Prezidium\u0131n\u0131\u00f1 topla\u015fuv\u0131 ol\u0131p ke\u00e7ti - \u041c\u0435\u0434\u0436\u043b\u0456\u0441\" \/>\n<meta property=\"og:description\" content=\"Ukraina halq deputat\u0131 Mustafa Cemilev, Qurultay Tefti\u015f komissiyas\u0131n\u0131\u00f1 reisi Ali \u00d6zenba\u015f ve Aqmescit regional meclis reisi Lemmar Yunusov i\u015ftirak etken topla\u015fuvn\u0131\u00f1 devam\u0131nda Meclis reisini\u00f1 muavini Ahtem \u00c7iygoz bulun\u011fanlarn\u0131 dekabr 10-da Halqara insan aqlar\u0131 k\u00fcn\u00fcne ba\u011f\u0131\u015flan\u011fan B\u00fct\u00fcnq\u0131r\u0131m mitingine az\u0131rl\u0131q aqq\u0131nda mal\u00fcmat berdi. A. \u00c7iygozn\u0131\u00f1 aytqan\u0131na k\u00f6re epsi regional ve yerli meclisler planla\u015ft\u0131r\u0131l\u011fan mitingde i\u015ftirak eteceklerini tasdiqlad\u0131lar. [&hellip;]\" \/>\n<meta property=\"og:url\" content=\"https:\/\/qtmm.org\/qt\/2013-senesi-dekabr-2-kunu-meclis-prezidiuminin-toplasuvi-olip-kecti\/\" \/>\n<meta property=\"og:site_name\" content=\"\u041c\u0435\u0434\u0436\u043b\u0456\u0441\" \/>\n<meta property=\"article:publisher\" content=\"https:\/\/www.facebook.com\/qtmm.info\/\" \/>\n<meta property=\"article:published_time\" content=\"2013-12-02T18:38:00+00:00\" \/>\n<meta property=\"article:modified_time\" content=\"2022-01-26T18:39:18+00:00\" \/>\n<meta property=\"og:image\" content=\"https:\/\/qtmm.org\/wp-content\/uploads\/2022\/01\/photo3.jpeg\" \/>\n\t<meta property=\"og:image:width\" content=\"650\" \/>\n\t<meta property=\"og:image:height\" content=\"417\" \/>\n\t<meta property=\"og:image:type\" content=\"image\/jpeg\" \/>\n<meta name=\"author\" content=\"Developer\" \/>\n<meta name=\"twitter:card\" content=\"summary_large_image\" \/>\n<meta name=\"twitter:label1\" content=\"Written by\" \/>\n\t<meta name=\"twitter:data1\" content=\"Developer\" \/>\n\t<meta name=\"twitter:label2\" content=\"Est. reading time\" \/>\n\t<meta name=\"twitter:data2\" content=\"2 minutes\" \/>\n<script type=\"application\/ld+json\" class=\"yoast-schema-graph\">{\"@context\":\"https:\\\/\\\/schema.org\",\"@graph\":[{\"@type\":\"Article\",\"@id\":\"https:\\\/\\\/qtmm.org\\\/qt\\\/2013-senesi-dekabr-2-kunu-meclis-prezidiuminin-toplasuvi-olip-kecti\\\/#article\",\"isPartOf\":{\"@id\":\"https:\\\/\\\/qtmm.org\\\/qt\\\/2013-senesi-dekabr-2-kunu-meclis-prezidiuminin-toplasuvi-olip-kecti\\\/\"},\"author\":{\"name\":\"Developer\",\"@id\":\"https:\\\/\\\/qtmm.org\\\/qt\\\/#\\\/schema\\\/person\\\/de562469f971dec226ac06e60bbf74a7\"},\"headline\":\"2013 senesi dekabr 2 k\u00fcn\u00fc Meclis Prezidium\u0131n\u0131\u00f1 topla\u015fuv\u0131 ol\u0131p ke\u00e7ti\",\"datePublished\":\"2013-12-02T18:38:00+00:00\",\"dateModified\":\"2022-01-26T18:39:18+00:00\",\"mainEntityOfPage\":{\"@id\":\"https:\\\/\\\/qtmm.org\\\/qt\\\/2013-senesi-dekabr-2-kunu-meclis-prezidiuminin-toplasuvi-olip-kecti\\\/\"},\"wordCount\":333,\"commentCount\":0,\"publisher\":{\"@id\":\"https:\\\/\\\/qtmm.org\\\/qt\\\/#organization\"},\"image\":{\"@id\":\"https:\\\/\\\/qtmm.org\\\/qt\\\/2013-senesi-dekabr-2-kunu-meclis-prezidiuminin-toplasuvi-olip-kecti\\\/#primaryimage\"},\"thumbnailUrl\":\"https:\\\/\\\/qtmm.org\\\/wp-content\\\/uploads\\\/2022\\\/01\\\/photo3.jpeg\",\"articleSection\":[\"Haberler\"],\"inLanguage\":\"qt\",\"potentialAction\":[{\"@type\":\"CommentAction\",\"name\":\"Comment\",\"target\":[\"https:\\\/\\\/qtmm.org\\\/qt\\\/2013-senesi-dekabr-2-kunu-meclis-prezidiuminin-toplasuvi-olip-kecti\\\/#respond\"]}]},{\"@type\":\"WebPage\",\"@id\":\"https:\\\/\\\/qtmm.org\\\/qt\\\/2013-senesi-dekabr-2-kunu-meclis-prezidiuminin-toplasuvi-olip-kecti\\\/\",\"url\":\"https:\\\/\\\/qtmm.org\\\/qt\\\/2013-senesi-dekabr-2-kunu-meclis-prezidiuminin-toplasuvi-olip-kecti\\\/\",\"name\":\"2013 senesi dekabr 2 k\u00fcn\u00fc Meclis Prezidium\u0131n\u0131\u00f1 topla\u015fuv\u0131 ol\u0131p ke\u00e7ti - \u041c\u0435\u0434\u0436\u043b\u0456\u0441\",\"isPartOf\":{\"@id\":\"https:\\\/\\\/qtmm.org\\\/qt\\\/#website\"},\"primaryImageOfPage\":{\"@id\":\"https:\\\/\\\/qtmm.org\\\/qt\\\/2013-senesi-dekabr-2-kunu-meclis-prezidiuminin-toplasuvi-olip-kecti\\\/#primaryimage\"},\"image\":{\"@id\":\"https:\\\/\\\/qtmm.org\\\/qt\\\/2013-senesi-dekabr-2-kunu-meclis-prezidiuminin-toplasuvi-olip-kecti\\\/#primaryimage\"},\"thumbnailUrl\":\"https:\\\/\\\/qtmm.org\\\/wp-content\\\/uploads\\\/2022\\\/01\\\/photo3.jpeg\",\"datePublished\":\"2013-12-02T18:38:00+00:00\",\"dateModified\":\"2022-01-26T18:39:18+00:00\",\"breadcrumb\":{\"@id\":\"https:\\\/\\\/qtmm.org\\\/qt\\\/2013-senesi-dekabr-2-kunu-meclis-prezidiuminin-toplasuvi-olip-kecti\\\/#breadcrumb\"},\"inLanguage\":\"qt\",\"potentialAction\":[{\"@type\":\"ReadAction\",\"target\":[\"https:\\\/\\\/qtmm.org\\\/qt\\\/2013-senesi-dekabr-2-kunu-meclis-prezidiuminin-toplasuvi-olip-kecti\\\/\"]}]},{\"@type\":\"ImageObject\",\"inLanguage\":\"qt\",\"@id\":\"https:\\\/\\\/qtmm.org\\\/qt\\\/2013-senesi-dekabr-2-kunu-meclis-prezidiuminin-toplasuvi-olip-kecti\\\/#primaryimage\",\"url\":\"https:\\\/\\\/qtmm.org\\\/wp-content\\\/uploads\\\/2022\\\/01\\\/photo3.jpeg\",\"contentUrl\":\"https:\\\/\\\/qtmm.org\\\/wp-content\\\/uploads\\\/2022\\\/01\\\/photo3.jpeg\",\"width\":650,\"height\":417},{\"@type\":\"BreadcrumbList\",\"@id\":\"https:\\\/\\\/qtmm.org\\\/qt\\\/2013-senesi-dekabr-2-kunu-meclis-prezidiuminin-toplasuvi-olip-kecti\\\/#breadcrumb\",\"itemListElement\":[{\"@type\":\"ListItem\",\"position\":1,\"name\":\"\u0413\u043e\u043b\u043e\u0432\u043d\u0430\",\"item\":\"https:\\\/\\\/qtmm.org\\\/qt\\\/\"},{\"@type\":\"ListItem\",\"position\":2,\"name\":\"2013 senesi dekabr 2 k\u00fcn\u00fc Meclis Prezidium\u0131n\u0131\u00f1 topla\u015fuv\u0131 ol\u0131p ke\u00e7ti\"}]},{\"@type\":\"WebSite\",\"@id\":\"https:\\\/\\\/qtmm.org\\\/qt\\\/#website\",\"url\":\"https:\\\/\\\/qtmm.org\\\/qt\\\/\",\"name\":\"\u041c\u0435\u0434\u0436\u043b\u0456\u0441\",\"description\":\"\",\"publisher\":{\"@id\":\"https:\\\/\\\/qtmm.org\\\/qt\\\/#organization\"},\"potentialAction\":[{\"@type\":\"SearchAction\",\"target\":{\"@type\":\"EntryPoint\",\"urlTemplate\":\"https:\\\/\\\/qtmm.org\\\/qt\\\/?s={search_term_string}\"},\"query-input\":{\"@type\":\"PropertyValueSpecification\",\"valueRequired\":true,\"valueName\":\"search_term_string\"}}],\"inLanguage\":\"qt\"},{\"@type\":\"Organization\",\"@id\":\"https:\\\/\\\/qtmm.org\\\/qt\\\/#organization\",\"name\":\"\u041c\u0435\u0434\u0436\u043b\u0456\u0441\",\"url\":\"https:\\\/\\\/qtmm.org\\\/qt\\\/\",\"logo\":{\"@type\":\"ImageObject\",\"inLanguage\":\"qt\",\"@id\":\"https:\\\/\\\/qtmm.org\\\/qt\\\/#\\\/schema\\\/logo\\\/image\\\/\",\"url\":\"https:\\\/\\\/qtmm.org\\\/wp-content\\\/uploads\\\/2024\\\/12\\\/ua-mejlis-logo-rgb.svg\",\"contentUrl\":\"https:\\\/\\\/qtmm.org\\\/wp-content\\\/uploads\\\/2024\\\/12\\\/ua-mejlis-logo-rgb.svg\",\"caption\":\"\u041c\u0435\u0434\u0436\u043b\u0456\u0441\"},\"image\":{\"@id\":\"https:\\\/\\\/qtmm.org\\\/qt\\\/#\\\/schema\\\/logo\\\/image\\\/\"},\"sameAs\":[\"https:\\\/\\\/www.facebook.com\\\/qtmm.info\\\/\"]},{\"@type\":\"Person\",\"@id\":\"https:\\\/\\\/qtmm.org\\\/qt\\\/#\\\/schema\\\/person\\\/de562469f971dec226ac06e60bbf74a7\",\"name\":\"Developer\",\"image\":{\"@type\":\"ImageObject\",\"inLanguage\":\"qt\",\"@id\":\"https:\\\/\\\/secure.gravatar.com\\\/avatar\\\/392b4cc8fbfeb00b39dfeeab4ee6edded39ffd48e25858637e4765810300227e?s=96&d=mm&r=g\",\"url\":\"https:\\\/\\\/secure.gravatar.com\\\/avatar\\\/392b4cc8fbfeb00b39dfeeab4ee6edded39ffd48e25858637e4765810300227e?s=96&d=mm&r=g\",\"contentUrl\":\"https:\\\/\\\/secure.gravatar.com\\\/avatar\\\/392b4cc8fbfeb00b39dfeeab4ee6edded39ffd48e25858637e4765810300227e?s=96&d=mm&r=g\",\"caption\":\"Developer\"},\"url\":\"https:\\\/\\\/qtmm.org\\\/qt\\\/author\\\/Developer\\\/\"}]}<\/script>\n<!-- \/ Yoast SEO plugin. -->","yoast_head_json":{"title":"2013 senesi dekabr 2 k\u00fcn\u00fc Meclis Prezidium\u0131n\u0131\u00f1 topla\u015fuv\u0131 ol\u0131p ke\u00e7ti - \u041c\u0435\u0434\u0436\u043b\u0456\u0441","robots":{"index":"index","follow":"follow","max-snippet":"max-snippet:-1","max-image-preview":"max-image-preview:large","max-video-preview":"max-video-preview:-1"},"canonical":"https:\/\/qtmm.org\/qt\/2013-senesi-dekabr-2-kunu-meclis-prezidiuminin-toplasuvi-olip-kecti\/","og_locale":"en_US","og_type":"article","og_title":"2013 senesi dekabr 2 k\u00fcn\u00fc Meclis Prezidium\u0131n\u0131\u00f1 topla\u015fuv\u0131 ol\u0131p ke\u00e7ti - \u041c\u0435\u0434\u0436\u043b\u0456\u0441","og_description":"Ukraina halq deputat\u0131 Mustafa Cemilev, Qurultay Tefti\u015f komissiyas\u0131n\u0131\u00f1 reisi Ali \u00d6zenba\u015f ve Aqmescit regional meclis reisi Lemmar Yunusov i\u015ftirak etken topla\u015fuvn\u0131\u00f1 devam\u0131nda Meclis reisini\u00f1 muavini Ahtem \u00c7iygoz bulun\u011fanlarn\u0131 dekabr 10-da Halqara insan aqlar\u0131 k\u00fcn\u00fcne ba\u011f\u0131\u015flan\u011fan B\u00fct\u00fcnq\u0131r\u0131m mitingine az\u0131rl\u0131q aqq\u0131nda mal\u00fcmat berdi. A. \u00c7iygozn\u0131\u00f1 aytqan\u0131na k\u00f6re epsi regional ve yerli meclisler planla\u015ft\u0131r\u0131l\u011fan mitingde i\u015ftirak eteceklerini tasdiqlad\u0131lar. [&hellip;]","og_url":"https:\/\/qtmm.org\/qt\/2013-senesi-dekabr-2-kunu-meclis-prezidiuminin-toplasuvi-olip-kecti\/","og_site_name":"\u041c\u0435\u0434\u0436\u043b\u0456\u0441","article_publisher":"https:\/\/www.facebook.com\/qtmm.info\/","article_published_time":"2013-12-02T18:38:00+00:00","article_modified_time":"2022-01-26T18:39:18+00:00","og_image":[{"width":650,"height":417,"url":"https:\/\/qtmm.org\/wp-content\/uploads\/2022\/01\/photo3.jpeg","type":"image\/jpeg"}],"author":"Developer","twitter_card":"summary_large_image","twitter_misc":{"Written by":"Developer","Est. reading time":"2 minutes"},"schema":{"@context":"https:\/\/schema.org","@graph":[{"@type":"Article","@id":"https:\/\/qtmm.org\/qt\/2013-senesi-dekabr-2-kunu-meclis-prezidiuminin-toplasuvi-olip-kecti\/#article","isPartOf":{"@id":"https:\/\/qtmm.org\/qt\/2013-senesi-dekabr-2-kunu-meclis-prezidiuminin-toplasuvi-olip-kecti\/"},"author":{"name":"Developer","@id":"https:\/\/qtmm.org\/qt\/#\/schema\/person\/de562469f971dec226ac06e60bbf74a7"},"headline":"2013 senesi dekabr 2 k\u00fcn\u00fc Meclis Prezidium\u0131n\u0131\u00f1 topla\u015fuv\u0131 ol\u0131p ke\u00e7ti","datePublished":"2013-12-02T18:38:00+00:00","dateModified":"2022-01-26T18:39:18+00:00","mainEntityOfPage":{"@id":"https:\/\/qtmm.org\/qt\/2013-senesi-dekabr-2-kunu-meclis-prezidiuminin-toplasuvi-olip-kecti\/"},"wordCount":333,"commentCount":0,"publisher":{"@id":"https:\/\/qtmm.org\/qt\/#organization"},"image":{"@id":"https:\/\/qtmm.org\/qt\/2013-senesi-dekabr-2-kunu-meclis-prezidiuminin-toplasuvi-olip-kecti\/#primaryimage"},"thumbnailUrl":"https:\/\/qtmm.org\/wp-content\/uploads\/2022\/01\/photo3.jpeg","articleSection":["Haberler"],"inLanguage":"qt","potentialAction":[{"@type":"CommentAction","name":"Comment","target":["https:\/\/qtmm.org\/qt\/2013-senesi-dekabr-2-kunu-meclis-prezidiuminin-toplasuvi-olip-kecti\/#respond"]}]},{"@type":"WebPage","@id":"https:\/\/qtmm.org\/qt\/2013-senesi-dekabr-2-kunu-meclis-prezidiuminin-toplasuvi-olip-kecti\/","url":"https:\/\/qtmm.org\/qt\/2013-senesi-dekabr-2-kunu-meclis-prezidiuminin-toplasuvi-olip-kecti\/","name":"2013 senesi dekabr 2 k\u00fcn\u00fc Meclis Prezidium\u0131n\u0131\u00f1 topla\u015fuv\u0131 ol\u0131p ke\u00e7ti - \u041c\u0435\u0434\u0436\u043b\u0456\u0441","isPartOf":{"@id":"https:\/\/qtmm.org\/qt\/#website"},"primaryImageOfPage":{"@id":"https:\/\/qtmm.org\/qt\/2013-senesi-dekabr-2-kunu-meclis-prezidiuminin-toplasuvi-olip-kecti\/#primaryimage"},"image":{"@id":"https:\/\/qtmm.org\/qt\/2013-senesi-dekabr-2-kunu-meclis-prezidiuminin-toplasuvi-olip-kecti\/#primaryimage"},"thumbnailUrl":"https:\/\/qtmm.org\/wp-content\/uploads\/2022\/01\/photo3.jpeg","datePublished":"2013-12-02T18:38:00+00:00","dateModified":"2022-01-26T18:39:18+00:00","breadcrumb":{"@id":"https:\/\/qtmm.org\/qt\/2013-senesi-dekabr-2-kunu-meclis-prezidiuminin-toplasuvi-olip-kecti\/#breadcrumb"},"inLanguage":"qt","potentialAction":[{"@type":"ReadAction","target":["https:\/\/qtmm.org\/qt\/2013-senesi-dekabr-2-kunu-meclis-prezidiuminin-toplasuvi-olip-kecti\/"]}]},{"@type":"ImageObject","inLanguage":"qt","@id":"https:\/\/qtmm.org\/qt\/2013-senesi-dekabr-2-kunu-meclis-prezidiuminin-toplasuvi-olip-kecti\/#primaryimage","url":"https:\/\/qtmm.org\/wp-content\/uploads\/2022\/01\/photo3.jpeg","contentUrl":"https:\/\/qtmm.org\/wp-content\/uploads\/2022\/01\/photo3.jpeg","width":650,"height":417},{"@type":"BreadcrumbList","@id":"https:\/\/qtmm.org\/qt\/2013-senesi-dekabr-2-kunu-meclis-prezidiuminin-toplasuvi-olip-kecti\/#breadcrumb","itemListElement":[{"@type":"ListItem","position":1,"name":"\u0413\u043e\u043b\u043e\u0432\u043d\u0430","item":"https:\/\/qtmm.org\/qt\/"},{"@type":"ListItem","position":2,"name":"2013 senesi dekabr 2 k\u00fcn\u00fc Meclis Prezidium\u0131n\u0131\u00f1 topla\u015fuv\u0131 ol\u0131p ke\u00e7ti"}]},{"@type":"WebSite","@id":"https:\/\/qtmm.org\/qt\/#website","url":"https:\/\/qtmm.org\/qt\/","name":"\u041c\u0435\u0434\u0436\u043b\u0456\u0441","description":"","publisher":{"@id":"https:\/\/qtmm.org\/qt\/#organization"},"potentialAction":[{"@type":"SearchAction","target":{"@type":"EntryPoint","urlTemplate":"https:\/\/qtmm.org\/qt\/?s={search_term_string}"},"query-input":{"@type":"PropertyValueSpecification","valueRequired":true,"valueName":"search_term_string"}}],"inLanguage":"qt"},{"@type":"Organization","@id":"https:\/\/qtmm.org\/qt\/#organization","name":"\u041c\u0435\u0434\u0436\u043b\u0456\u0441","url":"https:\/\/qtmm.org\/qt\/","logo":{"@type":"ImageObject","inLanguage":"qt","@id":"https:\/\/qtmm.org\/qt\/#\/schema\/logo\/image\/","url":"https:\/\/qtmm.org\/wp-content\/uploads\/2024\/12\/ua-mejlis-logo-rgb.svg","contentUrl":"https:\/\/qtmm.org\/wp-content\/uploads\/2024\/12\/ua-mejlis-logo-rgb.svg","caption":"\u041c\u0435\u0434\u0436\u043b\u0456\u0441"},"image":{"@id":"https:\/\/qtmm.org\/qt\/#\/schema\/logo\/image\/"},"sameAs":["https:\/\/www.facebook.com\/qtmm.info\/"]},{"@type":"Person","@id":"https:\/\/qtmm.org\/qt\/#\/schema\/person\/de562469f971dec226ac06e60bbf74a7","name":"Developer","image":{"@type":"ImageObject","inLanguage":"qt","@id":"https:\/\/secure.gravatar.com\/avatar\/392b4cc8fbfeb00b39dfeeab4ee6edded39ffd48e25858637e4765810300227e?s=96&d=mm&r=g","url":"https:\/\/secure.gravatar.com\/avatar\/392b4cc8fbfeb00b39dfeeab4ee6edded39ffd48e25858637e4765810300227e?s=96&d=mm&r=g","contentUrl":"https:\/\/secure.gravatar.com\/avatar\/392b4cc8fbfeb00b39dfeeab4ee6edded39ffd48e25858637e4765810300227e?s=96&d=mm&r=g","caption":"Developer"},"url":"https:\/\/qtmm.org\/qt\/author\/Developer\/"}]}},"_links":{"self":[{"href":"https:\/\/qtmm.org\/qt\/wp-json\/wp\/v2\/posts\/41296","targetHints":{"allow":["GET"]}}],"collection":[{"href":"https:\/\/qtmm.org\/qt\/wp-json\/wp\/v2\/posts"}],"about":[{"href":"https:\/\/qtmm.org\/qt\/wp-json\/wp\/v2\/types\/post"}],"author":[{"embeddable":true,"href":"https:\/\/qtmm.org\/qt\/wp-json\/wp\/v2\/users\/1"}],"replies":[{"embeddable":true,"href":"https:\/\/qtmm.org\/qt\/wp-json\/wp\/v2\/comments?post=41296"}],"version-history":[{"count":1,"href":"https:\/\/qtmm.org\/qt\/wp-json\/wp\/v2\/posts\/41296\/revisions"}],"predecessor-version":[{"id":41309,"href":"https:\/\/qtmm.org\/qt\/wp-json\/wp\/v2\/posts\/41296\/revisions\/41309"}],"wp:featuredmedia":[{"embeddable":true,"href":"https:\/\/qtmm.org\/qt\/wp-json\/wp\/v2\/media\/41305"}],"wp:attachment":[{"href":"https:\/\/qtmm.org\/qt\/wp-json\/wp\/v2\/media?parent=41296"}],"wp:term":[{"taxonomy":"category","embeddable":true,"href":"https:\/\/qtmm.org\/qt\/wp-json\/wp\/v2\/categories?post=41296"},{"taxonomy":"post_tag","embeddable":true,"href":"https:\/\/qtmm.org\/qt\/wp-json\/wp\/v2\/tags?post=41296"}],"curies":[{"name":"wp","href":"https:\/\/api.w.org\/{rel}","templated":true}]}}