




{"id":41286,"date":"2013-12-02T21:36:00","date_gmt":"2013-12-02T18:36:00","guid":{"rendered":"http:\/\/qtmm.org\/?p=41286"},"modified":"2022-01-26T21:37:54","modified_gmt":"2022-01-26T18:37:54","slug":"aqmescitte-qirimtatar-halqinin-lideri-mustafa-cemilevnin-omuri-ve-faaliyetine-bagislangan-sergi-acildi","status":"publish","type":"post","link":"https:\/\/qtmm.org\/qt\/aqmescitte-qirimtatar-halqinin-lideri-mustafa-cemilevnin-omuri-ve-faaliyetine-bagislangan-sergi-acildi\/","title":{"rendered":"Aqmescitte q\u0131r\u0131mtatar halq\u0131n\u0131\u00f1 lideri Mustafa Cemilevni\u00f1 \u00f6m\u00fcri ve faaliyetine ba\u011f\u0131\u015flan\u011fan sergi a\u00e7\u0131ld\u0131"},"content":{"rendered":"\n<p>Aqmescitte&nbsp;<a href=\"http:\/\/www.krtmuseum.com.ua\/\" target=\"_blank\" rel=\"noreferrer noopener\">Q\u0131r\u0131mtatar sanat m\u00fczeyinde<\/a>&nbsp;dekabr 2 k\u00fcn\u00fc q\u0131r\u0131mtatar halq\u0131n\u0131\u00f1 lideri, d\u00fcnyaca belli uquqqor\u00e7alay\u0131c\u0131, SSSRde insan aqlar\u0131n\u0131 qoruv boyunca te\u015febb\u00fcs\u00e7i gruppan\u0131\u00f1 tesis\u00e7isi, Ukraina halq deputat\u0131, 2013 senesi noyabr 13 k\u00fcn\u00fc 70 ya\u015f\u0131n\u0131 toldur\u011fan Mustafa Cemilevni\u00f1 \u00f6m\u00fcri ve faaliyetine ba\u011f\u0131\u015flan\u011fan &#8220;Halq\u0131ma duanen&#8221; sergi a\u00e7\u0131ld\u0131.<\/p>\n\n\n\n<p>Q\u0131r\u0131m medeniyet nazirligi, Q\u0131r\u0131mtatar sanat m\u00fczeyi ve Q\u0131r\u0131mtatar qad\u0131n-q\u0131zlar ligas\u0131 te\u015fkil\u00e2tland\u0131r\u011fan sergide seyircilerni\u00f1 diqqat\u0131na Mustafa Cemilevni\u00f1 \u015fahsiy kollektsiyas\u0131ndan sergi \u00e7al\u0131\u015fqan devirge berilgen 200-den ziyade eksponat \u2013 resimler, muk\u00e2fat, yarl\u0131q, vesiqa ve medaller taqdim olund\u0131.<\/p>\n\n\n\n<p>Sergi a\u00e7\u0131l\u0131\u015f\u0131nda Ukraina halq deputat\u0131, q\u0131r\u0131mtatar halq\u0131n\u0131\u00f1 lideri, sergi qaraman\u0131 Mustafa Cemilev, on\u0131\u00f1 refiqas\u0131, Q\u0131r\u0131mtatar qad\u0131nlar ligas\u0131n\u0131\u00f1 reisi Safinar Cemileva, Milliy Meclis reisi Refat \u00c7ubarov, Qurultay Merkeziy saylav komissiyas\u0131n\u0131\u00f1 reisi Zair Smedl\u00e2yev, Qurultay Tefti\u015f komissiyas\u0131n\u0131\u00f1 reisi Ali \u00d6zenba\u015f, Meclis azalar\u0131 Riza \u015eevqiyev ve Mustafa Mau\u015fev, Q\u0131r\u0131m cemaat\u00e7\u0131l\u0131\u011f\u0131n\u0131\u00f1 vekilleri i\u015ftirak ettiler.<\/p>\n\n\n\n<p>&#8220;Say\u011f\u0131l\u0131 dostlar, milliy k\u00fcre\u015fimiz devam\u0131nda milliy meselemizni\u00f1 \u00e7eziminen ba\u011fl\u0131 bir \u00e7oq vaqialar ol\u0131p ke\u00e7ti, amma biz daima demokratik printsiplerge k\u00f6re areket ettik ve bug\u00fcn de olar\u011fa esaslanaraq i\u015f k\u00f6remiz, &#8211; dedi Mustafa Cemilev. \u2013 Ayn\u0131 \u015fu sebep ile q\u0131r\u0131mtatar halq\u0131n\u0131\u00f1 miliy areketi d\u00fcndaki diger milliy areketler i\u00e7\u00fcn ibret old\u0131. \u015eun\u0131 qayd etmeli ki, eger bizim areketimiz birlikli olmasayd\u0131, bug\u00fcn biz b\u00f6yle neticelerni elde etmez edik&#8221;.<\/p>\n\n\n\n<figure class=\"wp-block-image size-full\"><img loading=\"lazy\" decoding=\"async\" width=\"650\" height=\"557\" src=\"http:\/\/qtmm.org\/wp-content\/uploads\/2022\/01\/2_147.jpeg\" alt=\"\" class=\"wp-image-41287\" srcset=\"https:\/\/qtmm.org\/wp-content\/uploads\/2022\/01\/2_147.jpeg 650w, https:\/\/qtmm.org\/wp-content\/uploads\/2022\/01\/2_147-300x257.jpeg 300w\" sizes=\"auto, (max-width: 650px) 100vw, 650px\" \/><\/figure>\n\n\n\n<p>Meclis reisi Refat \u00c7ubarov \u00f6z nevbetinde er kesni sergi a\u00e7\u0131l\u0131\u015f\u0131nen hay\u0131rlad\u0131. &#8220;Bug\u00fcn m\u0131nda epsi eksponatlar sergilenmegenine baqmadan, bu sergini\u00f1 halq\u0131m\u0131z i\u00e7\u00fcn emiyeti ker\u00e7ekten de b\u00fcy\u00fcktir&#8221;, &#8211; dedi Refat \u00c7ubarov. \u2013 Q\u0131r\u0131mtatar halq\u0131 milliy areketi liderini\u00f1 \u00f6m\u00fcri ve faaliyetine ba\u011f\u0131\u015flan\u011fan sergi milliy areketni\u00f1 tarih\u0131m\u0131zdaki rol\u00fcni k\u00f6stermekte&#8221;<\/p>\n\n\n\n<p>Bun\u0131\u00f1 kibi de o, qayd etti ki, halqn\u0131\u00f1 tarih\u0131 aqq\u0131nda \u00f6z \u00f6m\u00fcrini halq\u0131 ve Vatan\u0131na ba\u011f\u0131\u015fla\u011fan insanlar aqq\u0131nda aytmadan ik\u00e2ye etmek olmaz. &#8220;Mustafa a\u011fan\u0131\u00f1 milliy areketimiz i\u00e7\u00fcn yapqan h\u0131zmetini\u00f1 q\u0131ymeti \u00f6l\u00e7\u00fcsizdir, &#8211; dep qayd etti Meclis reisi. \u2013 O, er keske areketni\u00f1 maqsad\u0131n\u0131 a\u00f1latma\u011fa t\u0131r\u0131\u015ft\u0131 ve men eminim ki, kelecekte tarih\u00e7\u0131lar yap\u0131l\u011fan i\u015fni\u00f1 talilini yaparlar&#8221;<\/p>\n\n\n\n<p>R.\u00c7ubarov sergini te\u015fkil etmege yard\u0131mda bulun\u011fanlar\u011fa te\u015fekk\u00fcr bildirip, bu kibi sergilerni gen\u00e7lerge a\u00f1latmaq i\u00e7\u00fcn milliy mekteplerde ke\u00e7irmekni teklif etti.<\/p>\n\n\n\n<p>&#8220;Halq\u0131ma duanen&#8221; sergi Q\u0131r\u0131mtatar sanat m\u00fczeyinde Aqmescit \u015feeri, \u00c7ehov soqa\u011f\u0131 17 adresi boyunca \u00fc\u00e7 afta devam etecek.<\/p>\n","protected":false},"excerpt":{"rendered":"<p>Aqmescitte&nbsp;Q\u0131r\u0131mtatar sanat m\u00fczeyinde&nbsp;dekabr 2 k\u00fcn\u00fc q\u0131r\u0131mtatar halq\u0131n\u0131\u00f1 lideri, d\u00fcnyaca belli uquqqor\u00e7alay\u0131c\u0131, SSSRde insan aqlar\u0131n\u0131 qoruv boyunca te\u015febb\u00fcs\u00e7i gruppan\u0131\u00f1 tesis\u00e7isi, Ukraina halq deputat\u0131, 2013 senesi noyabr 13 k\u00fcn\u00fc 70 ya\u015f\u0131n\u0131 toldur\u011fan Mustafa Cemilevni\u00f1 \u00f6m\u00fcri ve faaliyetine ba\u011f\u0131\u015flan\u011fan &#8220;Halq\u0131ma duanen&#8221; sergi a\u00e7\u0131ld\u0131. Q\u0131r\u0131m medeniyet nazirligi, Q\u0131r\u0131mtatar sanat m\u00fczeyi ve Q\u0131r\u0131mtatar qad\u0131n-q\u0131zlar ligas\u0131 te\u015fkil\u00e2tland\u0131r\u011fan sergide seyircilerni\u00f1 diqqat\u0131na Mustafa [&hellip;]<\/p>\n","protected":false},"author":1,"featured_media":41291,"comment_status":"open","ping_status":"open","sticky":false,"template":"","format":"standard","meta":{"inline_featured_image":false,"footnotes":""},"categories":[265],"tags":[],"class_list":["post-41286","post","type-post","status-publish","format-standard","has-post-thumbnail","hentry","category-haberler"],"acf":[],"yoast_head":"<!-- This site is optimized with the Yoast SEO plugin v27.4 - https:\/\/yoast.com\/product\/yoast-seo-wordpress\/ -->\n<title>Aqmescitte q\u0131r\u0131mtatar halq\u0131n\u0131\u00f1 lideri Mustafa Cemilevni\u00f1 \u00f6m\u00fcri ve faaliyetine ba\u011f\u0131\u015flan\u011fan sergi a\u00e7\u0131ld\u0131 - \u041c\u0435\u0434\u0436\u043b\u0456\u0441<\/title>\n<meta name=\"robots\" content=\"index, follow, max-snippet:-1, max-image-preview:large, max-video-preview:-1\" \/>\n<link rel=\"canonical\" href=\"https:\/\/qtmm.org\/qt\/aqmescitte-qirimtatar-halqinin-lideri-mustafa-cemilevnin-omuri-ve-faaliyetine-bagislangan-sergi-acildi\/\" \/>\n<meta property=\"og:locale\" content=\"en_US\" \/>\n<meta property=\"og:type\" content=\"article\" \/>\n<meta property=\"og:title\" content=\"Aqmescitte q\u0131r\u0131mtatar halq\u0131n\u0131\u00f1 lideri Mustafa Cemilevni\u00f1 \u00f6m\u00fcri ve faaliyetine ba\u011f\u0131\u015flan\u011fan sergi a\u00e7\u0131ld\u0131 - \u041c\u0435\u0434\u0436\u043b\u0456\u0441\" \/>\n<meta property=\"og:description\" content=\"Aqmescitte&nbsp;Q\u0131r\u0131mtatar sanat m\u00fczeyinde&nbsp;dekabr 2 k\u00fcn\u00fc q\u0131r\u0131mtatar halq\u0131n\u0131\u00f1 lideri, d\u00fcnyaca belli uquqqor\u00e7alay\u0131c\u0131, SSSRde insan aqlar\u0131n\u0131 qoruv boyunca te\u015febb\u00fcs\u00e7i gruppan\u0131\u00f1 tesis\u00e7isi, Ukraina halq deputat\u0131, 2013 senesi noyabr 13 k\u00fcn\u00fc 70 ya\u015f\u0131n\u0131 toldur\u011fan Mustafa Cemilevni\u00f1 \u00f6m\u00fcri ve faaliyetine ba\u011f\u0131\u015flan\u011fan &#8220;Halq\u0131ma duanen&#8221; sergi a\u00e7\u0131ld\u0131. Q\u0131r\u0131m medeniyet nazirligi, Q\u0131r\u0131mtatar sanat m\u00fczeyi ve Q\u0131r\u0131mtatar qad\u0131n-q\u0131zlar ligas\u0131 te\u015fkil\u00e2tland\u0131r\u011fan sergide seyircilerni\u00f1 diqqat\u0131na Mustafa [&hellip;]\" \/>\n<meta property=\"og:url\" content=\"https:\/\/qtmm.org\/qt\/aqmescitte-qirimtatar-halqinin-lideri-mustafa-cemilevnin-omuri-ve-faaliyetine-bagislangan-sergi-acildi\/\" \/>\n<meta property=\"og:site_name\" content=\"\u041c\u0435\u0434\u0436\u043b\u0456\u0441\" \/>\n<meta property=\"article:publisher\" content=\"https:\/\/www.facebook.com\/qtmm.info\/\" \/>\n<meta property=\"article:published_time\" content=\"2013-12-02T18:36:00+00:00\" \/>\n<meta property=\"article:modified_time\" content=\"2022-01-26T18:37:54+00:00\" \/>\n<meta property=\"og:image\" content=\"https:\/\/qtmm.org\/wp-content\/uploads\/2022\/01\/1_144.jpeg\" \/>\n\t<meta property=\"og:image:width\" content=\"650\" \/>\n\t<meta property=\"og:image:height\" content=\"396\" \/>\n\t<meta property=\"og:image:type\" content=\"image\/jpeg\" \/>\n<meta name=\"author\" content=\"Developer\" \/>\n<meta name=\"twitter:card\" content=\"summary_large_image\" \/>\n<meta name=\"twitter:label1\" content=\"Written by\" \/>\n\t<meta name=\"twitter:data1\" content=\"Developer\" \/>\n\t<meta name=\"twitter:label2\" content=\"Est. reading time\" \/>\n\t<meta name=\"twitter:data2\" content=\"2 minutes\" \/>\n<script type=\"application\/ld+json\" class=\"yoast-schema-graph\">{\"@context\":\"https:\\\/\\\/schema.org\",\"@graph\":[{\"@type\":\"Article\",\"@id\":\"https:\\\/\\\/qtmm.org\\\/qt\\\/aqmescitte-qirimtatar-halqinin-lideri-mustafa-cemilevnin-omuri-ve-faaliyetine-bagislangan-sergi-acildi\\\/#article\",\"isPartOf\":{\"@id\":\"https:\\\/\\\/qtmm.org\\\/qt\\\/aqmescitte-qirimtatar-halqinin-lideri-mustafa-cemilevnin-omuri-ve-faaliyetine-bagislangan-sergi-acildi\\\/\"},\"author\":{\"name\":\"Developer\",\"@id\":\"https:\\\/\\\/qtmm.org\\\/qt\\\/#\\\/schema\\\/person\\\/de562469f971dec226ac06e60bbf74a7\"},\"headline\":\"Aqmescitte q\u0131r\u0131mtatar halq\u0131n\u0131\u00f1 lideri Mustafa Cemilevni\u00f1 \u00f6m\u00fcri ve faaliyetine ba\u011f\u0131\u015flan\u011fan sergi a\u00e7\u0131ld\u0131\",\"datePublished\":\"2013-12-02T18:36:00+00:00\",\"dateModified\":\"2022-01-26T18:37:54+00:00\",\"mainEntityOfPage\":{\"@id\":\"https:\\\/\\\/qtmm.org\\\/qt\\\/aqmescitte-qirimtatar-halqinin-lideri-mustafa-cemilevnin-omuri-ve-faaliyetine-bagislangan-sergi-acildi\\\/\"},\"wordCount\":471,\"commentCount\":0,\"publisher\":{\"@id\":\"https:\\\/\\\/qtmm.org\\\/qt\\\/#organization\"},\"image\":{\"@id\":\"https:\\\/\\\/qtmm.org\\\/qt\\\/aqmescitte-qirimtatar-halqinin-lideri-mustafa-cemilevnin-omuri-ve-faaliyetine-bagislangan-sergi-acildi\\\/#primaryimage\"},\"thumbnailUrl\":\"https:\\\/\\\/qtmm.org\\\/wp-content\\\/uploads\\\/2022\\\/01\\\/1_144.jpeg\",\"articleSection\":[\"Haberler\"],\"inLanguage\":\"qt\",\"potentialAction\":[{\"@type\":\"CommentAction\",\"name\":\"Comment\",\"target\":[\"https:\\\/\\\/qtmm.org\\\/qt\\\/aqmescitte-qirimtatar-halqinin-lideri-mustafa-cemilevnin-omuri-ve-faaliyetine-bagislangan-sergi-acildi\\\/#respond\"]}]},{\"@type\":\"WebPage\",\"@id\":\"https:\\\/\\\/qtmm.org\\\/qt\\\/aqmescitte-qirimtatar-halqinin-lideri-mustafa-cemilevnin-omuri-ve-faaliyetine-bagislangan-sergi-acildi\\\/\",\"url\":\"https:\\\/\\\/qtmm.org\\\/qt\\\/aqmescitte-qirimtatar-halqinin-lideri-mustafa-cemilevnin-omuri-ve-faaliyetine-bagislangan-sergi-acildi\\\/\",\"name\":\"Aqmescitte q\u0131r\u0131mtatar halq\u0131n\u0131\u00f1 lideri Mustafa Cemilevni\u00f1 \u00f6m\u00fcri ve faaliyetine ba\u011f\u0131\u015flan\u011fan sergi a\u00e7\u0131ld\u0131 - \u041c\u0435\u0434\u0436\u043b\u0456\u0441\",\"isPartOf\":{\"@id\":\"https:\\\/\\\/qtmm.org\\\/qt\\\/#website\"},\"primaryImageOfPage\":{\"@id\":\"https:\\\/\\\/qtmm.org\\\/qt\\\/aqmescitte-qirimtatar-halqinin-lideri-mustafa-cemilevnin-omuri-ve-faaliyetine-bagislangan-sergi-acildi\\\/#primaryimage\"},\"image\":{\"@id\":\"https:\\\/\\\/qtmm.org\\\/qt\\\/aqmescitte-qirimtatar-halqinin-lideri-mustafa-cemilevnin-omuri-ve-faaliyetine-bagislangan-sergi-acildi\\\/#primaryimage\"},\"thumbnailUrl\":\"https:\\\/\\\/qtmm.org\\\/wp-content\\\/uploads\\\/2022\\\/01\\\/1_144.jpeg\",\"datePublished\":\"2013-12-02T18:36:00+00:00\",\"dateModified\":\"2022-01-26T18:37:54+00:00\",\"breadcrumb\":{\"@id\":\"https:\\\/\\\/qtmm.org\\\/qt\\\/aqmescitte-qirimtatar-halqinin-lideri-mustafa-cemilevnin-omuri-ve-faaliyetine-bagislangan-sergi-acildi\\\/#breadcrumb\"},\"inLanguage\":\"qt\",\"potentialAction\":[{\"@type\":\"ReadAction\",\"target\":[\"https:\\\/\\\/qtmm.org\\\/qt\\\/aqmescitte-qirimtatar-halqinin-lideri-mustafa-cemilevnin-omuri-ve-faaliyetine-bagislangan-sergi-acildi\\\/\"]}]},{\"@type\":\"ImageObject\",\"inLanguage\":\"qt\",\"@id\":\"https:\\\/\\\/qtmm.org\\\/qt\\\/aqmescitte-qirimtatar-halqinin-lideri-mustafa-cemilevnin-omuri-ve-faaliyetine-bagislangan-sergi-acildi\\\/#primaryimage\",\"url\":\"https:\\\/\\\/qtmm.org\\\/wp-content\\\/uploads\\\/2022\\\/01\\\/1_144.jpeg\",\"contentUrl\":\"https:\\\/\\\/qtmm.org\\\/wp-content\\\/uploads\\\/2022\\\/01\\\/1_144.jpeg\",\"width\":650,\"height\":396},{\"@type\":\"BreadcrumbList\",\"@id\":\"https:\\\/\\\/qtmm.org\\\/qt\\\/aqmescitte-qirimtatar-halqinin-lideri-mustafa-cemilevnin-omuri-ve-faaliyetine-bagislangan-sergi-acildi\\\/#breadcrumb\",\"itemListElement\":[{\"@type\":\"ListItem\",\"position\":1,\"name\":\"\u0413\u043e\u043b\u043e\u0432\u043d\u0430\",\"item\":\"https:\\\/\\\/qtmm.org\\\/qt\\\/\"},{\"@type\":\"ListItem\",\"position\":2,\"name\":\"Aqmescitte q\u0131r\u0131mtatar halq\u0131n\u0131\u00f1 lideri Mustafa Cemilevni\u00f1 \u00f6m\u00fcri ve faaliyetine ba\u011f\u0131\u015flan\u011fan sergi a\u00e7\u0131ld\u0131\"}]},{\"@type\":\"WebSite\",\"@id\":\"https:\\\/\\\/qtmm.org\\\/qt\\\/#website\",\"url\":\"https:\\\/\\\/qtmm.org\\\/qt\\\/\",\"name\":\"\u041c\u0435\u0434\u0436\u043b\u0456\u0441\",\"description\":\"\",\"publisher\":{\"@id\":\"https:\\\/\\\/qtmm.org\\\/qt\\\/#organization\"},\"potentialAction\":[{\"@type\":\"SearchAction\",\"target\":{\"@type\":\"EntryPoint\",\"urlTemplate\":\"https:\\\/\\\/qtmm.org\\\/qt\\\/?s={search_term_string}\"},\"query-input\":{\"@type\":\"PropertyValueSpecification\",\"valueRequired\":true,\"valueName\":\"search_term_string\"}}],\"inLanguage\":\"qt\"},{\"@type\":\"Organization\",\"@id\":\"https:\\\/\\\/qtmm.org\\\/qt\\\/#organization\",\"name\":\"\u041c\u0435\u0434\u0436\u043b\u0456\u0441\",\"url\":\"https:\\\/\\\/qtmm.org\\\/qt\\\/\",\"logo\":{\"@type\":\"ImageObject\",\"inLanguage\":\"qt\",\"@id\":\"https:\\\/\\\/qtmm.org\\\/qt\\\/#\\\/schema\\\/logo\\\/image\\\/\",\"url\":\"https:\\\/\\\/qtmm.org\\\/wp-content\\\/uploads\\\/2024\\\/12\\\/ua-mejlis-logo-rgb.svg\",\"contentUrl\":\"https:\\\/\\\/qtmm.org\\\/wp-content\\\/uploads\\\/2024\\\/12\\\/ua-mejlis-logo-rgb.svg\",\"caption\":\"\u041c\u0435\u0434\u0436\u043b\u0456\u0441\"},\"image\":{\"@id\":\"https:\\\/\\\/qtmm.org\\\/qt\\\/#\\\/schema\\\/logo\\\/image\\\/\"},\"sameAs\":[\"https:\\\/\\\/www.facebook.com\\\/qtmm.info\\\/\"]},{\"@type\":\"Person\",\"@id\":\"https:\\\/\\\/qtmm.org\\\/qt\\\/#\\\/schema\\\/person\\\/de562469f971dec226ac06e60bbf74a7\",\"name\":\"Developer\",\"image\":{\"@type\":\"ImageObject\",\"inLanguage\":\"qt\",\"@id\":\"https:\\\/\\\/secure.gravatar.com\\\/avatar\\\/392b4cc8fbfeb00b39dfeeab4ee6edded39ffd48e25858637e4765810300227e?s=96&d=mm&r=g\",\"url\":\"https:\\\/\\\/secure.gravatar.com\\\/avatar\\\/392b4cc8fbfeb00b39dfeeab4ee6edded39ffd48e25858637e4765810300227e?s=96&d=mm&r=g\",\"contentUrl\":\"https:\\\/\\\/secure.gravatar.com\\\/avatar\\\/392b4cc8fbfeb00b39dfeeab4ee6edded39ffd48e25858637e4765810300227e?s=96&d=mm&r=g\",\"caption\":\"Developer\"},\"url\":\"https:\\\/\\\/qtmm.org\\\/qt\\\/author\\\/Developer\\\/\"}]}<\/script>\n<!-- \/ Yoast SEO plugin. -->","yoast_head_json":{"title":"Aqmescitte q\u0131r\u0131mtatar halq\u0131n\u0131\u00f1 lideri Mustafa Cemilevni\u00f1 \u00f6m\u00fcri ve faaliyetine ba\u011f\u0131\u015flan\u011fan sergi a\u00e7\u0131ld\u0131 - \u041c\u0435\u0434\u0436\u043b\u0456\u0441","robots":{"index":"index","follow":"follow","max-snippet":"max-snippet:-1","max-image-preview":"max-image-preview:large","max-video-preview":"max-video-preview:-1"},"canonical":"https:\/\/qtmm.org\/qt\/aqmescitte-qirimtatar-halqinin-lideri-mustafa-cemilevnin-omuri-ve-faaliyetine-bagislangan-sergi-acildi\/","og_locale":"en_US","og_type":"article","og_title":"Aqmescitte q\u0131r\u0131mtatar halq\u0131n\u0131\u00f1 lideri Mustafa Cemilevni\u00f1 \u00f6m\u00fcri ve faaliyetine ba\u011f\u0131\u015flan\u011fan sergi a\u00e7\u0131ld\u0131 - \u041c\u0435\u0434\u0436\u043b\u0456\u0441","og_description":"Aqmescitte&nbsp;Q\u0131r\u0131mtatar sanat m\u00fczeyinde&nbsp;dekabr 2 k\u00fcn\u00fc q\u0131r\u0131mtatar halq\u0131n\u0131\u00f1 lideri, d\u00fcnyaca belli uquqqor\u00e7alay\u0131c\u0131, SSSRde insan aqlar\u0131n\u0131 qoruv boyunca te\u015febb\u00fcs\u00e7i gruppan\u0131\u00f1 tesis\u00e7isi, Ukraina halq deputat\u0131, 2013 senesi noyabr 13 k\u00fcn\u00fc 70 ya\u015f\u0131n\u0131 toldur\u011fan Mustafa Cemilevni\u00f1 \u00f6m\u00fcri ve faaliyetine ba\u011f\u0131\u015flan\u011fan &#8220;Halq\u0131ma duanen&#8221; sergi a\u00e7\u0131ld\u0131. Q\u0131r\u0131m medeniyet nazirligi, Q\u0131r\u0131mtatar sanat m\u00fczeyi ve Q\u0131r\u0131mtatar qad\u0131n-q\u0131zlar ligas\u0131 te\u015fkil\u00e2tland\u0131r\u011fan sergide seyircilerni\u00f1 diqqat\u0131na Mustafa [&hellip;]","og_url":"https:\/\/qtmm.org\/qt\/aqmescitte-qirimtatar-halqinin-lideri-mustafa-cemilevnin-omuri-ve-faaliyetine-bagislangan-sergi-acildi\/","og_site_name":"\u041c\u0435\u0434\u0436\u043b\u0456\u0441","article_publisher":"https:\/\/www.facebook.com\/qtmm.info\/","article_published_time":"2013-12-02T18:36:00+00:00","article_modified_time":"2022-01-26T18:37:54+00:00","og_image":[{"width":650,"height":396,"url":"https:\/\/qtmm.org\/wp-content\/uploads\/2022\/01\/1_144.jpeg","type":"image\/jpeg"}],"author":"Developer","twitter_card":"summary_large_image","twitter_misc":{"Written by":"Developer","Est. reading time":"2 minutes"},"schema":{"@context":"https:\/\/schema.org","@graph":[{"@type":"Article","@id":"https:\/\/qtmm.org\/qt\/aqmescitte-qirimtatar-halqinin-lideri-mustafa-cemilevnin-omuri-ve-faaliyetine-bagislangan-sergi-acildi\/#article","isPartOf":{"@id":"https:\/\/qtmm.org\/qt\/aqmescitte-qirimtatar-halqinin-lideri-mustafa-cemilevnin-omuri-ve-faaliyetine-bagislangan-sergi-acildi\/"},"author":{"name":"Developer","@id":"https:\/\/qtmm.org\/qt\/#\/schema\/person\/de562469f971dec226ac06e60bbf74a7"},"headline":"Aqmescitte q\u0131r\u0131mtatar halq\u0131n\u0131\u00f1 lideri Mustafa Cemilevni\u00f1 \u00f6m\u00fcri ve faaliyetine ba\u011f\u0131\u015flan\u011fan sergi a\u00e7\u0131ld\u0131","datePublished":"2013-12-02T18:36:00+00:00","dateModified":"2022-01-26T18:37:54+00:00","mainEntityOfPage":{"@id":"https:\/\/qtmm.org\/qt\/aqmescitte-qirimtatar-halqinin-lideri-mustafa-cemilevnin-omuri-ve-faaliyetine-bagislangan-sergi-acildi\/"},"wordCount":471,"commentCount":0,"publisher":{"@id":"https:\/\/qtmm.org\/qt\/#organization"},"image":{"@id":"https:\/\/qtmm.org\/qt\/aqmescitte-qirimtatar-halqinin-lideri-mustafa-cemilevnin-omuri-ve-faaliyetine-bagislangan-sergi-acildi\/#primaryimage"},"thumbnailUrl":"https:\/\/qtmm.org\/wp-content\/uploads\/2022\/01\/1_144.jpeg","articleSection":["Haberler"],"inLanguage":"qt","potentialAction":[{"@type":"CommentAction","name":"Comment","target":["https:\/\/qtmm.org\/qt\/aqmescitte-qirimtatar-halqinin-lideri-mustafa-cemilevnin-omuri-ve-faaliyetine-bagislangan-sergi-acildi\/#respond"]}]},{"@type":"WebPage","@id":"https:\/\/qtmm.org\/qt\/aqmescitte-qirimtatar-halqinin-lideri-mustafa-cemilevnin-omuri-ve-faaliyetine-bagislangan-sergi-acildi\/","url":"https:\/\/qtmm.org\/qt\/aqmescitte-qirimtatar-halqinin-lideri-mustafa-cemilevnin-omuri-ve-faaliyetine-bagislangan-sergi-acildi\/","name":"Aqmescitte q\u0131r\u0131mtatar halq\u0131n\u0131\u00f1 lideri Mustafa Cemilevni\u00f1 \u00f6m\u00fcri ve faaliyetine ba\u011f\u0131\u015flan\u011fan sergi a\u00e7\u0131ld\u0131 - \u041c\u0435\u0434\u0436\u043b\u0456\u0441","isPartOf":{"@id":"https:\/\/qtmm.org\/qt\/#website"},"primaryImageOfPage":{"@id":"https:\/\/qtmm.org\/qt\/aqmescitte-qirimtatar-halqinin-lideri-mustafa-cemilevnin-omuri-ve-faaliyetine-bagislangan-sergi-acildi\/#primaryimage"},"image":{"@id":"https:\/\/qtmm.org\/qt\/aqmescitte-qirimtatar-halqinin-lideri-mustafa-cemilevnin-omuri-ve-faaliyetine-bagislangan-sergi-acildi\/#primaryimage"},"thumbnailUrl":"https:\/\/qtmm.org\/wp-content\/uploads\/2022\/01\/1_144.jpeg","datePublished":"2013-12-02T18:36:00+00:00","dateModified":"2022-01-26T18:37:54+00:00","breadcrumb":{"@id":"https:\/\/qtmm.org\/qt\/aqmescitte-qirimtatar-halqinin-lideri-mustafa-cemilevnin-omuri-ve-faaliyetine-bagislangan-sergi-acildi\/#breadcrumb"},"inLanguage":"qt","potentialAction":[{"@type":"ReadAction","target":["https:\/\/qtmm.org\/qt\/aqmescitte-qirimtatar-halqinin-lideri-mustafa-cemilevnin-omuri-ve-faaliyetine-bagislangan-sergi-acildi\/"]}]},{"@type":"ImageObject","inLanguage":"qt","@id":"https:\/\/qtmm.org\/qt\/aqmescitte-qirimtatar-halqinin-lideri-mustafa-cemilevnin-omuri-ve-faaliyetine-bagislangan-sergi-acildi\/#primaryimage","url":"https:\/\/qtmm.org\/wp-content\/uploads\/2022\/01\/1_144.jpeg","contentUrl":"https:\/\/qtmm.org\/wp-content\/uploads\/2022\/01\/1_144.jpeg","width":650,"height":396},{"@type":"BreadcrumbList","@id":"https:\/\/qtmm.org\/qt\/aqmescitte-qirimtatar-halqinin-lideri-mustafa-cemilevnin-omuri-ve-faaliyetine-bagislangan-sergi-acildi\/#breadcrumb","itemListElement":[{"@type":"ListItem","position":1,"name":"\u0413\u043e\u043b\u043e\u0432\u043d\u0430","item":"https:\/\/qtmm.org\/qt\/"},{"@type":"ListItem","position":2,"name":"Aqmescitte q\u0131r\u0131mtatar halq\u0131n\u0131\u00f1 lideri Mustafa Cemilevni\u00f1 \u00f6m\u00fcri ve faaliyetine ba\u011f\u0131\u015flan\u011fan sergi a\u00e7\u0131ld\u0131"}]},{"@type":"WebSite","@id":"https:\/\/qtmm.org\/qt\/#website","url":"https:\/\/qtmm.org\/qt\/","name":"\u041c\u0435\u0434\u0436\u043b\u0456\u0441","description":"","publisher":{"@id":"https:\/\/qtmm.org\/qt\/#organization"},"potentialAction":[{"@type":"SearchAction","target":{"@type":"EntryPoint","urlTemplate":"https:\/\/qtmm.org\/qt\/?s={search_term_string}"},"query-input":{"@type":"PropertyValueSpecification","valueRequired":true,"valueName":"search_term_string"}}],"inLanguage":"qt"},{"@type":"Organization","@id":"https:\/\/qtmm.org\/qt\/#organization","name":"\u041c\u0435\u0434\u0436\u043b\u0456\u0441","url":"https:\/\/qtmm.org\/qt\/","logo":{"@type":"ImageObject","inLanguage":"qt","@id":"https:\/\/qtmm.org\/qt\/#\/schema\/logo\/image\/","url":"https:\/\/qtmm.org\/wp-content\/uploads\/2024\/12\/ua-mejlis-logo-rgb.svg","contentUrl":"https:\/\/qtmm.org\/wp-content\/uploads\/2024\/12\/ua-mejlis-logo-rgb.svg","caption":"\u041c\u0435\u0434\u0436\u043b\u0456\u0441"},"image":{"@id":"https:\/\/qtmm.org\/qt\/#\/schema\/logo\/image\/"},"sameAs":["https:\/\/www.facebook.com\/qtmm.info\/"]},{"@type":"Person","@id":"https:\/\/qtmm.org\/qt\/#\/schema\/person\/de562469f971dec226ac06e60bbf74a7","name":"Developer","image":{"@type":"ImageObject","inLanguage":"qt","@id":"https:\/\/secure.gravatar.com\/avatar\/392b4cc8fbfeb00b39dfeeab4ee6edded39ffd48e25858637e4765810300227e?s=96&d=mm&r=g","url":"https:\/\/secure.gravatar.com\/avatar\/392b4cc8fbfeb00b39dfeeab4ee6edded39ffd48e25858637e4765810300227e?s=96&d=mm&r=g","contentUrl":"https:\/\/secure.gravatar.com\/avatar\/392b4cc8fbfeb00b39dfeeab4ee6edded39ffd48e25858637e4765810300227e?s=96&d=mm&r=g","caption":"Developer"},"url":"https:\/\/qtmm.org\/qt\/author\/Developer\/"}]}},"_links":{"self":[{"href":"https:\/\/qtmm.org\/qt\/wp-json\/wp\/v2\/posts\/41286","targetHints":{"allow":["GET"]}}],"collection":[{"href":"https:\/\/qtmm.org\/qt\/wp-json\/wp\/v2\/posts"}],"about":[{"href":"https:\/\/qtmm.org\/qt\/wp-json\/wp\/v2\/types\/post"}],"author":[{"embeddable":true,"href":"https:\/\/qtmm.org\/qt\/wp-json\/wp\/v2\/users\/1"}],"replies":[{"embeddable":true,"href":"https:\/\/qtmm.org\/qt\/wp-json\/wp\/v2\/comments?post=41286"}],"version-history":[{"count":1,"href":"https:\/\/qtmm.org\/qt\/wp-json\/wp\/v2\/posts\/41286\/revisions"}],"predecessor-version":[{"id":41295,"href":"https:\/\/qtmm.org\/qt\/wp-json\/wp\/v2\/posts\/41286\/revisions\/41295"}],"wp:featuredmedia":[{"embeddable":true,"href":"https:\/\/qtmm.org\/qt\/wp-json\/wp\/v2\/media\/41291"}],"wp:attachment":[{"href":"https:\/\/qtmm.org\/qt\/wp-json\/wp\/v2\/media?parent=41286"}],"wp:term":[{"taxonomy":"category","embeddable":true,"href":"https:\/\/qtmm.org\/qt\/wp-json\/wp\/v2\/categories?post=41286"},{"taxonomy":"post_tag","embeddable":true,"href":"https:\/\/qtmm.org\/qt\/wp-json\/wp\/v2\/tags?post=41286"}],"curies":[{"name":"wp","href":"https:\/\/api.w.org\/{rel}","templated":true}]}}