




{"id":41280,"date":"2013-12-02T21:35:00","date_gmt":"2013-12-02T18:35:00","guid":{"rendered":"http:\/\/qtmm.org\/?p=41280"},"modified":"2022-01-26T21:36:36","modified_gmt":"2022-01-26T18:36:36","slug":"qurultay-ruh-fraktsiyasinin-basi-refat-cubarov-menim-meslekdeslerim-ukrainani-sarsituv-telukeli-yoluna-ciqtilar","status":"publish","type":"post","link":"https:\/\/qtmm.org\/qt\/qurultay-ruh-fraktsiyasinin-basi-refat-cubarov-menim-meslekdeslerim-ukrainani-sarsituv-telukeli-yoluna-ciqtilar\/","title":{"rendered":"\u00abQurultay-Ruh\u00bb fraktsiyas\u0131n\u0131\u00f1 ba\u015f\u0131 Refat \u00c7ubarov: \u00abMenim meslekde\u015flerim Ukrainan\u0131 sars\u0131tuv tel\u00fckeli yoluna \u00e7\u0131qt\u0131lar\u00bb"},"content":{"rendered":"\n<p>&#8220;Qurultay-Ruh&#8221; deputat fraktsiyas\u0131n\u0131\u00f1 ba\u015f\u0131, Q\u0131r\u0131mtatar halq\u0131 Meclisini\u00f1 reisi Refat \u00c7ubarov 2013 senesi dekabr 2 k\u00fcn\u00fc Q\u0131r\u0131m Yuqar\u0131 \u015euras\u0131n\u0131\u00f1 Ukraina Prezidentine vefqulade vaziyetni il\u00e2n etmesi boyunca muracaat\u0131 qabul etilmesini jurnalistlerge izaat etti.<\/p>\n\n\n\n<p>&#8220;Bu art\u0131q Q\u0131r\u0131m Yuqar\u0131 \u015euras\u0131 degil, bu \u2013 bug\u00fcnyu \u00fck\u00fcmranl\u0131q etken b\u00fct\u00fcnukrain partiyalardan birini\u00f1 te\u015fkil\u00e2t\u0131d\u0131r. Olar partiyan\u0131\u00f1 nevbetten t\u0131\u015f sessiya topla\u015fuv\u0131n\u0131 ke\u00e7irmek ve cenap Prezidentni vefqulade vaziyet kirsetmege \u00e7a\u011f\u0131rmaq avalesini yerine ketireler. Em olar bu vazifeni becerdiler, amma Q\u0131r\u0131m cemiyeti i\u00e7\u00fcn qaba ve havfl\u0131 bir \u015fekilde yapt\u0131lar. Olarn\u0131\u00f1 bug\u00fcnki a\u00e7\u0131qlamalar\u0131 endi du\u015fmaniy bir harakter ta\u015f\u0131maqta. Bug\u00fcn m\u0131nda biz k\u00f6rdik ki, menim meslekde\u015flerim Ukrainan\u0131 sars\u0131tuv tel\u00fckeli yoluna \u00e7\u0131qt\u0131lar. Ukraina ke\u00e7rekten de tel\u00fcke alt\u0131nda \u2013 territorial b\u00fct\u00fcnligi tel\u00fckesi alt\u0131ndad\u0131r. Zenaatda\u015flar\u0131mn\u0131\u00f1 \u00e7oqus\u0131 bun\u0131 a\u00f1lamaq degil de, aksine Ukraina dezintegratsiya olmas\u0131na yard\u0131m eteler. Mencesine bu e\u00f1 b\u00fcy\u00fck tel\u00fckedir&#8221;, &#8211; dep qayd etti Refat \u00c7ubarov.<\/p>\n\n\n\n<figure class=\"wp-block-image size-full\"><img loading=\"lazy\" decoding=\"async\" width=\"670\" height=\"310\" src=\"http:\/\/qtmm.org\/wp-content\/uploads\/2022\/01\/refat_chubarov.jpeg\" alt=\"\" class=\"wp-image-41281\" srcset=\"https:\/\/qtmm.org\/wp-content\/uploads\/2022\/01\/refat_chubarov.jpeg 670w, https:\/\/qtmm.org\/wp-content\/uploads\/2022\/01\/refat_chubarov-300x139.jpeg 300w\" sizes=\"auto, (max-width: 670px) 100vw, 670px\" \/><\/figure>\n\n\n\n<p>2013 senesi dekabr 2 k\u00fcn\u00fc Q\u0131r\u0131m Yuqar\u0131 \u015euras\u0131n\u0131\u00f1 nevbetten t\u0131\u015f topla\u015fuv\u0131nda bulun\u011fan 78 deputattan 76-s\u0131 Ukraina Prezidenti Viktor Yanukovi\u00e7ke muracaatta bulun\u0131p, toqtamadan, er angi \u00e7are-tedbirler vastas\u0131nen cemaat tertip-nizam\u0131n\u0131 tiklemege, eger keti\u015fat bun\u0131 talap etse vefqulade vaziyet il\u00e2n etmege \u00e7a\u011f\u0131rd\u0131.<\/p>\n\n\n\n<p>&#8220;Qurultay-Ruh&#8221; fraktsiyas\u0131n\u0131\u00f1 azalar\u0131 Refat \u00c7ubarov ve Leonid Pilunskiy qar\u015f\u0131 \u00e7\u0131qt\u0131lar.<\/p>\n","protected":false},"excerpt":{"rendered":"<p>&#8220;Qurultay-Ruh&#8221; deputat fraktsiyas\u0131n\u0131\u00f1 ba\u015f\u0131, Q\u0131r\u0131mtatar halq\u0131 Meclisini\u00f1 reisi Refat \u00c7ubarov 2013 senesi dekabr 2 k\u00fcn\u00fc Q\u0131r\u0131m Yuqar\u0131 \u015euras\u0131n\u0131\u00f1 Ukraina Prezidentine vefqulade vaziyetni il\u00e2n etmesi boyunca muracaat\u0131 qabul etilmesini jurnalistlerge izaat etti. &#8220;Bu art\u0131q Q\u0131r\u0131m Yuqar\u0131 \u015euras\u0131 degil, bu \u2013 bug\u00fcnyu \u00fck\u00fcmranl\u0131q etken b\u00fct\u00fcnukrain partiyalardan birini\u00f1 te\u015fkil\u00e2t\u0131d\u0131r. Olar partiyan\u0131\u00f1 nevbetten t\u0131\u015f sessiya topla\u015fuv\u0131n\u0131 ke\u00e7irmek ve cenap [&hellip;]<\/p>\n","protected":false},"author":1,"featured_media":0,"comment_status":"open","ping_status":"open","sticky":false,"template":"","format":"standard","meta":{"inline_featured_image":false,"footnotes":""},"categories":[265],"tags":[],"class_list":["post-41280","post","type-post","status-publish","format-standard","hentry","category-haberler"],"acf":[],"yoast_head":"<!-- This site is optimized with the Yoast SEO plugin v27.4 - https:\/\/yoast.com\/product\/yoast-seo-wordpress\/ -->\n<title>\u00abQurultay-Ruh\u00bb fraktsiyas\u0131n\u0131\u00f1 ba\u015f\u0131 Refat \u00c7ubarov: \u00abMenim meslekde\u015flerim Ukrainan\u0131 sars\u0131tuv tel\u00fckeli yoluna \u00e7\u0131qt\u0131lar\u00bb - \u041c\u0435\u0434\u0436\u043b\u0456\u0441<\/title>\n<meta name=\"robots\" content=\"index, follow, max-snippet:-1, max-image-preview:large, max-video-preview:-1\" \/>\n<link rel=\"canonical\" href=\"https:\/\/qtmm.org\/qt\/qurultay-ruh-fraktsiyasinin-basi-refat-cubarov-menim-meslekdeslerim-ukrainani-sarsituv-telukeli-yoluna-ciqtilar\/\" \/>\n<meta property=\"og:locale\" content=\"en_US\" \/>\n<meta property=\"og:type\" content=\"article\" \/>\n<meta property=\"og:title\" content=\"\u00abQurultay-Ruh\u00bb fraktsiyas\u0131n\u0131\u00f1 ba\u015f\u0131 Refat \u00c7ubarov: \u00abMenim meslekde\u015flerim Ukrainan\u0131 sars\u0131tuv tel\u00fckeli yoluna \u00e7\u0131qt\u0131lar\u00bb - \u041c\u0435\u0434\u0436\u043b\u0456\u0441\" \/>\n<meta property=\"og:description\" content=\"&#8220;Qurultay-Ruh&#8221; deputat fraktsiyas\u0131n\u0131\u00f1 ba\u015f\u0131, Q\u0131r\u0131mtatar halq\u0131 Meclisini\u00f1 reisi Refat \u00c7ubarov 2013 senesi dekabr 2 k\u00fcn\u00fc Q\u0131r\u0131m Yuqar\u0131 \u015euras\u0131n\u0131\u00f1 Ukraina Prezidentine vefqulade vaziyetni il\u00e2n etmesi boyunca muracaat\u0131 qabul etilmesini jurnalistlerge izaat etti. &#8220;Bu art\u0131q Q\u0131r\u0131m Yuqar\u0131 \u015euras\u0131 degil, bu \u2013 bug\u00fcnyu \u00fck\u00fcmranl\u0131q etken b\u00fct\u00fcnukrain partiyalardan birini\u00f1 te\u015fkil\u00e2t\u0131d\u0131r. Olar partiyan\u0131\u00f1 nevbetten t\u0131\u015f sessiya topla\u015fuv\u0131n\u0131 ke\u00e7irmek ve cenap [&hellip;]\" \/>\n<meta property=\"og:url\" content=\"https:\/\/qtmm.org\/qt\/qurultay-ruh-fraktsiyasinin-basi-refat-cubarov-menim-meslekdeslerim-ukrainani-sarsituv-telukeli-yoluna-ciqtilar\/\" \/>\n<meta property=\"og:site_name\" content=\"\u041c\u0435\u0434\u0436\u043b\u0456\u0441\" \/>\n<meta property=\"article:publisher\" content=\"https:\/\/www.facebook.com\/qtmm.info\/\" \/>\n<meta property=\"article:published_time\" content=\"2013-12-02T18:35:00+00:00\" \/>\n<meta property=\"article:modified_time\" content=\"2022-01-26T18:36:36+00:00\" \/>\n<meta property=\"og:image\" content=\"https:\/\/qtmm.org\/wp-content\/uploads\/2022\/01\/refat_chubarov.jpeg\" \/>\n\t<meta property=\"og:image:width\" content=\"670\" \/>\n\t<meta property=\"og:image:height\" content=\"310\" \/>\n\t<meta property=\"og:image:type\" content=\"image\/jpeg\" \/>\n<meta name=\"author\" content=\"Developer\" \/>\n<meta name=\"twitter:card\" content=\"summary_large_image\" \/>\n<meta name=\"twitter:label1\" content=\"Written by\" \/>\n\t<meta name=\"twitter:data1\" content=\"Developer\" \/>\n\t<meta name=\"twitter:label2\" content=\"Est. reading time\" \/>\n\t<meta name=\"twitter:data2\" content=\"1 minute\" \/>\n<script type=\"application\/ld+json\" class=\"yoast-schema-graph\">{\"@context\":\"https:\\\/\\\/schema.org\",\"@graph\":[{\"@type\":\"Article\",\"@id\":\"https:\\\/\\\/qtmm.org\\\/qt\\\/qurultay-ruh-fraktsiyasinin-basi-refat-cubarov-menim-meslekdeslerim-ukrainani-sarsituv-telukeli-yoluna-ciqtilar\\\/#article\",\"isPartOf\":{\"@id\":\"https:\\\/\\\/qtmm.org\\\/qt\\\/qurultay-ruh-fraktsiyasinin-basi-refat-cubarov-menim-meslekdeslerim-ukrainani-sarsituv-telukeli-yoluna-ciqtilar\\\/\"},\"author\":{\"name\":\"Developer\",\"@id\":\"https:\\\/\\\/qtmm.org\\\/qt\\\/#\\\/schema\\\/person\\\/de562469f971dec226ac06e60bbf74a7\"},\"headline\":\"\u00abQurultay-Ruh\u00bb fraktsiyas\u0131n\u0131\u00f1 ba\u015f\u0131 Refat \u00c7ubarov: \u00abMenim meslekde\u015flerim Ukrainan\u0131 sars\u0131tuv tel\u00fckeli yoluna \u00e7\u0131qt\u0131lar\u00bb\",\"datePublished\":\"2013-12-02T18:35:00+00:00\",\"dateModified\":\"2022-01-26T18:36:36+00:00\",\"mainEntityOfPage\":{\"@id\":\"https:\\\/\\\/qtmm.org\\\/qt\\\/qurultay-ruh-fraktsiyasinin-basi-refat-cubarov-menim-meslekdeslerim-ukrainani-sarsituv-telukeli-yoluna-ciqtilar\\\/\"},\"wordCount\":261,\"commentCount\":0,\"publisher\":{\"@id\":\"https:\\\/\\\/qtmm.org\\\/qt\\\/#organization\"},\"image\":{\"@id\":\"https:\\\/\\\/qtmm.org\\\/qt\\\/qurultay-ruh-fraktsiyasinin-basi-refat-cubarov-menim-meslekdeslerim-ukrainani-sarsituv-telukeli-yoluna-ciqtilar\\\/#primaryimage\"},\"thumbnailUrl\":\"http:\\\/\\\/qtmm.org\\\/wp-content\\\/uploads\\\/2022\\\/01\\\/refat_chubarov.jpeg\",\"articleSection\":[\"Haberler\"],\"inLanguage\":\"qt\",\"potentialAction\":[{\"@type\":\"CommentAction\",\"name\":\"Comment\",\"target\":[\"https:\\\/\\\/qtmm.org\\\/qt\\\/qurultay-ruh-fraktsiyasinin-basi-refat-cubarov-menim-meslekdeslerim-ukrainani-sarsituv-telukeli-yoluna-ciqtilar\\\/#respond\"]}]},{\"@type\":\"WebPage\",\"@id\":\"https:\\\/\\\/qtmm.org\\\/qt\\\/qurultay-ruh-fraktsiyasinin-basi-refat-cubarov-menim-meslekdeslerim-ukrainani-sarsituv-telukeli-yoluna-ciqtilar\\\/\",\"url\":\"https:\\\/\\\/qtmm.org\\\/qt\\\/qurultay-ruh-fraktsiyasinin-basi-refat-cubarov-menim-meslekdeslerim-ukrainani-sarsituv-telukeli-yoluna-ciqtilar\\\/\",\"name\":\"\u00abQurultay-Ruh\u00bb fraktsiyas\u0131n\u0131\u00f1 ba\u015f\u0131 Refat \u00c7ubarov: \u00abMenim meslekde\u015flerim Ukrainan\u0131 sars\u0131tuv tel\u00fckeli yoluna \u00e7\u0131qt\u0131lar\u00bb - \u041c\u0435\u0434\u0436\u043b\u0456\u0441\",\"isPartOf\":{\"@id\":\"https:\\\/\\\/qtmm.org\\\/qt\\\/#website\"},\"primaryImageOfPage\":{\"@id\":\"https:\\\/\\\/qtmm.org\\\/qt\\\/qurultay-ruh-fraktsiyasinin-basi-refat-cubarov-menim-meslekdeslerim-ukrainani-sarsituv-telukeli-yoluna-ciqtilar\\\/#primaryimage\"},\"image\":{\"@id\":\"https:\\\/\\\/qtmm.org\\\/qt\\\/qurultay-ruh-fraktsiyasinin-basi-refat-cubarov-menim-meslekdeslerim-ukrainani-sarsituv-telukeli-yoluna-ciqtilar\\\/#primaryimage\"},\"thumbnailUrl\":\"http:\\\/\\\/qtmm.org\\\/wp-content\\\/uploads\\\/2022\\\/01\\\/refat_chubarov.jpeg\",\"datePublished\":\"2013-12-02T18:35:00+00:00\",\"dateModified\":\"2022-01-26T18:36:36+00:00\",\"breadcrumb\":{\"@id\":\"https:\\\/\\\/qtmm.org\\\/qt\\\/qurultay-ruh-fraktsiyasinin-basi-refat-cubarov-menim-meslekdeslerim-ukrainani-sarsituv-telukeli-yoluna-ciqtilar\\\/#breadcrumb\"},\"inLanguage\":\"qt\",\"potentialAction\":[{\"@type\":\"ReadAction\",\"target\":[\"https:\\\/\\\/qtmm.org\\\/qt\\\/qurultay-ruh-fraktsiyasinin-basi-refat-cubarov-menim-meslekdeslerim-ukrainani-sarsituv-telukeli-yoluna-ciqtilar\\\/\"]}]},{\"@type\":\"ImageObject\",\"inLanguage\":\"qt\",\"@id\":\"https:\\\/\\\/qtmm.org\\\/qt\\\/qurultay-ruh-fraktsiyasinin-basi-refat-cubarov-menim-meslekdeslerim-ukrainani-sarsituv-telukeli-yoluna-ciqtilar\\\/#primaryimage\",\"url\":\"http:\\\/\\\/qtmm.org\\\/wp-content\\\/uploads\\\/2022\\\/01\\\/refat_chubarov.jpeg\",\"contentUrl\":\"http:\\\/\\\/qtmm.org\\\/wp-content\\\/uploads\\\/2022\\\/01\\\/refat_chubarov.jpeg\"},{\"@type\":\"BreadcrumbList\",\"@id\":\"https:\\\/\\\/qtmm.org\\\/qt\\\/qurultay-ruh-fraktsiyasinin-basi-refat-cubarov-menim-meslekdeslerim-ukrainani-sarsituv-telukeli-yoluna-ciqtilar\\\/#breadcrumb\",\"itemListElement\":[{\"@type\":\"ListItem\",\"position\":1,\"name\":\"\u0413\u043e\u043b\u043e\u0432\u043d\u0430\",\"item\":\"https:\\\/\\\/qtmm.org\\\/qt\\\/\"},{\"@type\":\"ListItem\",\"position\":2,\"name\":\"\u00abQurultay-Ruh\u00bb fraktsiyas\u0131n\u0131\u00f1 ba\u015f\u0131 Refat \u00c7ubarov: \u00abMenim meslekde\u015flerim Ukrainan\u0131 sars\u0131tuv tel\u00fckeli yoluna \u00e7\u0131qt\u0131lar\u00bb\"}]},{\"@type\":\"WebSite\",\"@id\":\"https:\\\/\\\/qtmm.org\\\/qt\\\/#website\",\"url\":\"https:\\\/\\\/qtmm.org\\\/qt\\\/\",\"name\":\"\u041c\u0435\u0434\u0436\u043b\u0456\u0441\",\"description\":\"\",\"publisher\":{\"@id\":\"https:\\\/\\\/qtmm.org\\\/qt\\\/#organization\"},\"potentialAction\":[{\"@type\":\"SearchAction\",\"target\":{\"@type\":\"EntryPoint\",\"urlTemplate\":\"https:\\\/\\\/qtmm.org\\\/qt\\\/?s={search_term_string}\"},\"query-input\":{\"@type\":\"PropertyValueSpecification\",\"valueRequired\":true,\"valueName\":\"search_term_string\"}}],\"inLanguage\":\"qt\"},{\"@type\":\"Organization\",\"@id\":\"https:\\\/\\\/qtmm.org\\\/qt\\\/#organization\",\"name\":\"\u041c\u0435\u0434\u0436\u043b\u0456\u0441\",\"url\":\"https:\\\/\\\/qtmm.org\\\/qt\\\/\",\"logo\":{\"@type\":\"ImageObject\",\"inLanguage\":\"qt\",\"@id\":\"https:\\\/\\\/qtmm.org\\\/qt\\\/#\\\/schema\\\/logo\\\/image\\\/\",\"url\":\"https:\\\/\\\/qtmm.org\\\/wp-content\\\/uploads\\\/2024\\\/12\\\/ua-mejlis-logo-rgb.svg\",\"contentUrl\":\"https:\\\/\\\/qtmm.org\\\/wp-content\\\/uploads\\\/2024\\\/12\\\/ua-mejlis-logo-rgb.svg\",\"caption\":\"\u041c\u0435\u0434\u0436\u043b\u0456\u0441\"},\"image\":{\"@id\":\"https:\\\/\\\/qtmm.org\\\/qt\\\/#\\\/schema\\\/logo\\\/image\\\/\"},\"sameAs\":[\"https:\\\/\\\/www.facebook.com\\\/qtmm.info\\\/\"]},{\"@type\":\"Person\",\"@id\":\"https:\\\/\\\/qtmm.org\\\/qt\\\/#\\\/schema\\\/person\\\/de562469f971dec226ac06e60bbf74a7\",\"name\":\"Developer\",\"image\":{\"@type\":\"ImageObject\",\"inLanguage\":\"qt\",\"@id\":\"https:\\\/\\\/secure.gravatar.com\\\/avatar\\\/392b4cc8fbfeb00b39dfeeab4ee6edded39ffd48e25858637e4765810300227e?s=96&d=mm&r=g\",\"url\":\"https:\\\/\\\/secure.gravatar.com\\\/avatar\\\/392b4cc8fbfeb00b39dfeeab4ee6edded39ffd48e25858637e4765810300227e?s=96&d=mm&r=g\",\"contentUrl\":\"https:\\\/\\\/secure.gravatar.com\\\/avatar\\\/392b4cc8fbfeb00b39dfeeab4ee6edded39ffd48e25858637e4765810300227e?s=96&d=mm&r=g\",\"caption\":\"Developer\"},\"url\":\"https:\\\/\\\/qtmm.org\\\/qt\\\/author\\\/Developer\\\/\"}]}<\/script>\n<!-- \/ Yoast SEO plugin. -->","yoast_head_json":{"title":"\u00abQurultay-Ruh\u00bb fraktsiyas\u0131n\u0131\u00f1 ba\u015f\u0131 Refat \u00c7ubarov: \u00abMenim meslekde\u015flerim Ukrainan\u0131 sars\u0131tuv tel\u00fckeli yoluna \u00e7\u0131qt\u0131lar\u00bb - \u041c\u0435\u0434\u0436\u043b\u0456\u0441","robots":{"index":"index","follow":"follow","max-snippet":"max-snippet:-1","max-image-preview":"max-image-preview:large","max-video-preview":"max-video-preview:-1"},"canonical":"https:\/\/qtmm.org\/qt\/qurultay-ruh-fraktsiyasinin-basi-refat-cubarov-menim-meslekdeslerim-ukrainani-sarsituv-telukeli-yoluna-ciqtilar\/","og_locale":"en_US","og_type":"article","og_title":"\u00abQurultay-Ruh\u00bb fraktsiyas\u0131n\u0131\u00f1 ba\u015f\u0131 Refat \u00c7ubarov: \u00abMenim meslekde\u015flerim Ukrainan\u0131 sars\u0131tuv tel\u00fckeli yoluna \u00e7\u0131qt\u0131lar\u00bb - \u041c\u0435\u0434\u0436\u043b\u0456\u0441","og_description":"&#8220;Qurultay-Ruh&#8221; deputat fraktsiyas\u0131n\u0131\u00f1 ba\u015f\u0131, Q\u0131r\u0131mtatar halq\u0131 Meclisini\u00f1 reisi Refat \u00c7ubarov 2013 senesi dekabr 2 k\u00fcn\u00fc Q\u0131r\u0131m Yuqar\u0131 \u015euras\u0131n\u0131\u00f1 Ukraina Prezidentine vefqulade vaziyetni il\u00e2n etmesi boyunca muracaat\u0131 qabul etilmesini jurnalistlerge izaat etti. &#8220;Bu art\u0131q Q\u0131r\u0131m Yuqar\u0131 \u015euras\u0131 degil, bu \u2013 bug\u00fcnyu \u00fck\u00fcmranl\u0131q etken b\u00fct\u00fcnukrain partiyalardan birini\u00f1 te\u015fkil\u00e2t\u0131d\u0131r. Olar partiyan\u0131\u00f1 nevbetten t\u0131\u015f sessiya topla\u015fuv\u0131n\u0131 ke\u00e7irmek ve cenap [&hellip;]","og_url":"https:\/\/qtmm.org\/qt\/qurultay-ruh-fraktsiyasinin-basi-refat-cubarov-menim-meslekdeslerim-ukrainani-sarsituv-telukeli-yoluna-ciqtilar\/","og_site_name":"\u041c\u0435\u0434\u0436\u043b\u0456\u0441","article_publisher":"https:\/\/www.facebook.com\/qtmm.info\/","article_published_time":"2013-12-02T18:35:00+00:00","article_modified_time":"2022-01-26T18:36:36+00:00","og_image":[{"width":670,"height":310,"url":"https:\/\/qtmm.org\/wp-content\/uploads\/2022\/01\/refat_chubarov.jpeg","type":"image\/jpeg"}],"author":"Developer","twitter_card":"summary_large_image","twitter_misc":{"Written by":"Developer","Est. reading time":"1 minute"},"schema":{"@context":"https:\/\/schema.org","@graph":[{"@type":"Article","@id":"https:\/\/qtmm.org\/qt\/qurultay-ruh-fraktsiyasinin-basi-refat-cubarov-menim-meslekdeslerim-ukrainani-sarsituv-telukeli-yoluna-ciqtilar\/#article","isPartOf":{"@id":"https:\/\/qtmm.org\/qt\/qurultay-ruh-fraktsiyasinin-basi-refat-cubarov-menim-meslekdeslerim-ukrainani-sarsituv-telukeli-yoluna-ciqtilar\/"},"author":{"name":"Developer","@id":"https:\/\/qtmm.org\/qt\/#\/schema\/person\/de562469f971dec226ac06e60bbf74a7"},"headline":"\u00abQurultay-Ruh\u00bb fraktsiyas\u0131n\u0131\u00f1 ba\u015f\u0131 Refat \u00c7ubarov: \u00abMenim meslekde\u015flerim Ukrainan\u0131 sars\u0131tuv tel\u00fckeli yoluna \u00e7\u0131qt\u0131lar\u00bb","datePublished":"2013-12-02T18:35:00+00:00","dateModified":"2022-01-26T18:36:36+00:00","mainEntityOfPage":{"@id":"https:\/\/qtmm.org\/qt\/qurultay-ruh-fraktsiyasinin-basi-refat-cubarov-menim-meslekdeslerim-ukrainani-sarsituv-telukeli-yoluna-ciqtilar\/"},"wordCount":261,"commentCount":0,"publisher":{"@id":"https:\/\/qtmm.org\/qt\/#organization"},"image":{"@id":"https:\/\/qtmm.org\/qt\/qurultay-ruh-fraktsiyasinin-basi-refat-cubarov-menim-meslekdeslerim-ukrainani-sarsituv-telukeli-yoluna-ciqtilar\/#primaryimage"},"thumbnailUrl":"http:\/\/qtmm.org\/wp-content\/uploads\/2022\/01\/refat_chubarov.jpeg","articleSection":["Haberler"],"inLanguage":"qt","potentialAction":[{"@type":"CommentAction","name":"Comment","target":["https:\/\/qtmm.org\/qt\/qurultay-ruh-fraktsiyasinin-basi-refat-cubarov-menim-meslekdeslerim-ukrainani-sarsituv-telukeli-yoluna-ciqtilar\/#respond"]}]},{"@type":"WebPage","@id":"https:\/\/qtmm.org\/qt\/qurultay-ruh-fraktsiyasinin-basi-refat-cubarov-menim-meslekdeslerim-ukrainani-sarsituv-telukeli-yoluna-ciqtilar\/","url":"https:\/\/qtmm.org\/qt\/qurultay-ruh-fraktsiyasinin-basi-refat-cubarov-menim-meslekdeslerim-ukrainani-sarsituv-telukeli-yoluna-ciqtilar\/","name":"\u00abQurultay-Ruh\u00bb fraktsiyas\u0131n\u0131\u00f1 ba\u015f\u0131 Refat \u00c7ubarov: \u00abMenim meslekde\u015flerim Ukrainan\u0131 sars\u0131tuv tel\u00fckeli yoluna \u00e7\u0131qt\u0131lar\u00bb - \u041c\u0435\u0434\u0436\u043b\u0456\u0441","isPartOf":{"@id":"https:\/\/qtmm.org\/qt\/#website"},"primaryImageOfPage":{"@id":"https:\/\/qtmm.org\/qt\/qurultay-ruh-fraktsiyasinin-basi-refat-cubarov-menim-meslekdeslerim-ukrainani-sarsituv-telukeli-yoluna-ciqtilar\/#primaryimage"},"image":{"@id":"https:\/\/qtmm.org\/qt\/qurultay-ruh-fraktsiyasinin-basi-refat-cubarov-menim-meslekdeslerim-ukrainani-sarsituv-telukeli-yoluna-ciqtilar\/#primaryimage"},"thumbnailUrl":"http:\/\/qtmm.org\/wp-content\/uploads\/2022\/01\/refat_chubarov.jpeg","datePublished":"2013-12-02T18:35:00+00:00","dateModified":"2022-01-26T18:36:36+00:00","breadcrumb":{"@id":"https:\/\/qtmm.org\/qt\/qurultay-ruh-fraktsiyasinin-basi-refat-cubarov-menim-meslekdeslerim-ukrainani-sarsituv-telukeli-yoluna-ciqtilar\/#breadcrumb"},"inLanguage":"qt","potentialAction":[{"@type":"ReadAction","target":["https:\/\/qtmm.org\/qt\/qurultay-ruh-fraktsiyasinin-basi-refat-cubarov-menim-meslekdeslerim-ukrainani-sarsituv-telukeli-yoluna-ciqtilar\/"]}]},{"@type":"ImageObject","inLanguage":"qt","@id":"https:\/\/qtmm.org\/qt\/qurultay-ruh-fraktsiyasinin-basi-refat-cubarov-menim-meslekdeslerim-ukrainani-sarsituv-telukeli-yoluna-ciqtilar\/#primaryimage","url":"http:\/\/qtmm.org\/wp-content\/uploads\/2022\/01\/refat_chubarov.jpeg","contentUrl":"http:\/\/qtmm.org\/wp-content\/uploads\/2022\/01\/refat_chubarov.jpeg"},{"@type":"BreadcrumbList","@id":"https:\/\/qtmm.org\/qt\/qurultay-ruh-fraktsiyasinin-basi-refat-cubarov-menim-meslekdeslerim-ukrainani-sarsituv-telukeli-yoluna-ciqtilar\/#breadcrumb","itemListElement":[{"@type":"ListItem","position":1,"name":"\u0413\u043e\u043b\u043e\u0432\u043d\u0430","item":"https:\/\/qtmm.org\/qt\/"},{"@type":"ListItem","position":2,"name":"\u00abQurultay-Ruh\u00bb fraktsiyas\u0131n\u0131\u00f1 ba\u015f\u0131 Refat \u00c7ubarov: \u00abMenim meslekde\u015flerim Ukrainan\u0131 sars\u0131tuv tel\u00fckeli yoluna \u00e7\u0131qt\u0131lar\u00bb"}]},{"@type":"WebSite","@id":"https:\/\/qtmm.org\/qt\/#website","url":"https:\/\/qtmm.org\/qt\/","name":"\u041c\u0435\u0434\u0436\u043b\u0456\u0441","description":"","publisher":{"@id":"https:\/\/qtmm.org\/qt\/#organization"},"potentialAction":[{"@type":"SearchAction","target":{"@type":"EntryPoint","urlTemplate":"https:\/\/qtmm.org\/qt\/?s={search_term_string}"},"query-input":{"@type":"PropertyValueSpecification","valueRequired":true,"valueName":"search_term_string"}}],"inLanguage":"qt"},{"@type":"Organization","@id":"https:\/\/qtmm.org\/qt\/#organization","name":"\u041c\u0435\u0434\u0436\u043b\u0456\u0441","url":"https:\/\/qtmm.org\/qt\/","logo":{"@type":"ImageObject","inLanguage":"qt","@id":"https:\/\/qtmm.org\/qt\/#\/schema\/logo\/image\/","url":"https:\/\/qtmm.org\/wp-content\/uploads\/2024\/12\/ua-mejlis-logo-rgb.svg","contentUrl":"https:\/\/qtmm.org\/wp-content\/uploads\/2024\/12\/ua-mejlis-logo-rgb.svg","caption":"\u041c\u0435\u0434\u0436\u043b\u0456\u0441"},"image":{"@id":"https:\/\/qtmm.org\/qt\/#\/schema\/logo\/image\/"},"sameAs":["https:\/\/www.facebook.com\/qtmm.info\/"]},{"@type":"Person","@id":"https:\/\/qtmm.org\/qt\/#\/schema\/person\/de562469f971dec226ac06e60bbf74a7","name":"Developer","image":{"@type":"ImageObject","inLanguage":"qt","@id":"https:\/\/secure.gravatar.com\/avatar\/392b4cc8fbfeb00b39dfeeab4ee6edded39ffd48e25858637e4765810300227e?s=96&d=mm&r=g","url":"https:\/\/secure.gravatar.com\/avatar\/392b4cc8fbfeb00b39dfeeab4ee6edded39ffd48e25858637e4765810300227e?s=96&d=mm&r=g","contentUrl":"https:\/\/secure.gravatar.com\/avatar\/392b4cc8fbfeb00b39dfeeab4ee6edded39ffd48e25858637e4765810300227e?s=96&d=mm&r=g","caption":"Developer"},"url":"https:\/\/qtmm.org\/qt\/author\/Developer\/"}]}},"_links":{"self":[{"href":"https:\/\/qtmm.org\/qt\/wp-json\/wp\/v2\/posts\/41280","targetHints":{"allow":["GET"]}}],"collection":[{"href":"https:\/\/qtmm.org\/qt\/wp-json\/wp\/v2\/posts"}],"about":[{"href":"https:\/\/qtmm.org\/qt\/wp-json\/wp\/v2\/types\/post"}],"author":[{"embeddable":true,"href":"https:\/\/qtmm.org\/qt\/wp-json\/wp\/v2\/users\/1"}],"replies":[{"embeddable":true,"href":"https:\/\/qtmm.org\/qt\/wp-json\/wp\/v2\/comments?post=41280"}],"version-history":[{"count":1,"href":"https:\/\/qtmm.org\/qt\/wp-json\/wp\/v2\/posts\/41280\/revisions"}],"predecessor-version":[{"id":41285,"href":"https:\/\/qtmm.org\/qt\/wp-json\/wp\/v2\/posts\/41280\/revisions\/41285"}],"wp:attachment":[{"href":"https:\/\/qtmm.org\/qt\/wp-json\/wp\/v2\/media?parent=41280"}],"wp:term":[{"taxonomy":"category","embeddable":true,"href":"https:\/\/qtmm.org\/qt\/wp-json\/wp\/v2\/categories?post=41280"},{"taxonomy":"post_tag","embeddable":true,"href":"https:\/\/qtmm.org\/qt\/wp-json\/wp\/v2\/tags?post=41280"}],"curies":[{"name":"wp","href":"https:\/\/api.w.org\/{rel}","templated":true}]}}