




{"id":41272,"date":"2013-11-30T21:34:00","date_gmt":"2013-11-30T18:34:00","guid":{"rendered":"http:\/\/qtmm.org\/?p=41272"},"modified":"2022-01-26T21:35:07","modified_gmt":"2022-01-26T18:35:07","slug":"natalya-gorbanevskaya-vefat-etti","status":"publish","type":"post","link":"https:\/\/qtmm.org\/qt\/natalya-gorbanevskaya-vefat-etti\/","title":{"rendered":"Natalya Gorbanevskaya vefat etti\u2026"},"content":{"rendered":"\n<p>2013 senesi noyabr 29 k\u00fcn\u00fc Parijde 77 ya\u015f\u0131nda rus \u015fairesi, terciman, uquqqora\u00e7alay\u0131c\u0131, SSSRde dissident areketini\u00f1 i\u015ftirak\u00e7isi, sovet kamplar\u0131n\u0131\u00f1 siyasiy mahb\u00fcsi Natalya Yevgenyevna Gorbanevskaya vefat etti.<\/p>\n\n\n\n<p>Natalya Yevgenyevna Gorbanevskaya Moskvada 1936 senesi d\u00fcnya\u011fa kelgen edi. Lenigrad universitetini &#8220;filolog, orta mektepni\u00f1 rus tili ve edebiyat\u0131 ocas\u0131&#8221; diplom\u0131 ile bitirip, o k\u00fct\u00fcphaneci, bibliograf, tehnikiy ve ilmiy terciman ol\u0131p \u00e7al\u0131\u015ft\u0131. Natalya Gorbanevskaya &#8220;A\u011f\u0131mdaki vaqialar hronikas\u0131&#8221; (&#8220;Hronika teku\u015f\u00e7ih sob\u0131tiy&#8221;) elyazma b\u00fclletenini\u00f1 te\u015febb\u00fcs\u00e7isi, m\u00fcellifi ve muarriri edi.<\/p>\n\n\n\n<figure class=\"wp-block-image size-full\"><img loading=\"lazy\" decoding=\"async\" width=\"670\" height=\"310\" src=\"http:\/\/qtmm.org\/wp-content\/uploads\/2022\/01\/natalya_gorbanevskaya_soboleznovaniya.jpeg\" alt=\"\" class=\"wp-image-41273\" srcset=\"https:\/\/qtmm.org\/wp-content\/uploads\/2022\/01\/natalya_gorbanevskaya_soboleznovaniya.jpeg 670w, https:\/\/qtmm.org\/wp-content\/uploads\/2022\/01\/natalya_gorbanevskaya_soboleznovaniya-300x139.jpeg 300w\" sizes=\"auto, (max-width: 670px) 100vw, 670px\" \/><\/figure>\n\n\n\n<p>1968 senesi avgust 25 k\u00fcn\u00fc ol\u011fan sovet qo\u015funlar\u0131n\u0131\u00f1 \u00c7ehoslovakiya\u011fa kirsetilmesine qar\u015f\u0131 numay\u0131\u015fn\u0131\u00f1 i\u015ftirak\u00e7isidir. Bir y\u0131ldan so\u00f1 yaqalan\u0131p, Serbskiy ad\u0131na Mahkeme psihiatriyas\u0131 institut\u0131na yollan\u0131ld\u0131. Natalya Gorbanevskaya ruhiy hasta olaraq tan\u0131ld\u0131 ve on\u0131 Qazandaki apshane tipindeki ruhiy hastalar hastahanesine tedaviylenmege zorlap yollad\u0131lar.<\/p>\n\n\n\n<p>1970 senelerde \u015faire Parijge icret etip, &#8220;Kontinent&#8221; mecmuas\u0131n\u0131\u00f1 muarririyetinde, &#8220;Russkaya m\u0131sl&#8221; (&#8220;Rus fikiri&#8221;) gazetinde \u00e7al\u0131\u015ft\u0131, &#8220;Azatl\u0131q&#8221; radios\u0131n\u0131\u00f1 \u015ftats\u0131z habercisi old\u0131. So\u00f1undan, \u00f6z hat\u0131rlavlar\u0131nda Natalya Gorbanevskaya icretini\u00f1 sebebini b\u00f6yle a\u00f1latt\u0131: &#8220;Men emin edim ki, ekinci kere meni apshanege degil de, kampta \u00fc\u00e7 y\u0131l degil de yedi y\u0131l berseler de dayan\u0131r edim, psihiatrik klinika\u011fa soqarlar&#8221;.<br><br>1971 senesi Gorbanevskaya &#8220;Aq\u0131ls\u0131zl\u0131qnen cezalan\u011fanlar&#8221; kitab\u0131nda &#8220;Bedava tibbiy yard\u0131m&#8221; yaz\u0131s\u0131nda SSSde psihiatriyan\u0131\u00f1 suistimal etilgenini fa\u015f etti.<br>2012 senesi Natalya Gorbanevskaya dostu ve meslekde\u015fi Mustafa Cemilevni\u00f1 daveti ile Q\u0131r\u0131mn\u0131 ziyaret etip, bir gruppa uquqqoruy\u0131c\u0131larnen birlikte sovet siyasiy mahb\u00fcslerini\u00f1 k\u00f6r\u00fc\u015f\u00fcvinde, bun\u0131\u00f1 kibi de q\u0131r\u0131mtatar halq\u0131 s\u00fcrg\u00fcnligini\u00f1 68 y\u0131ll\u0131\u011f\u0131na ba\u011f\u0131\u015flan\u011fan Umumq\u0131r\u0131m matem mitinginde i\u015ftirak etti.<\/p>\n\n\n\n<p>Natalya Gorbanevskaya 2012 senesi Q\u0131r\u0131mda kommunist rejim mahb\u00fcsleri ve uquqqoruy\u0131c\u0131lar\u0131n\u0131\u00f1 er y\u0131ll\u0131q mu\u015faveresi &#8211; &#8220;Q\u0131r\u0131m forum\u0131&#8221; qurulmas\u0131n\u0131\u00f1 te\u015febb\u00fcs\u00e7isi old\u0131.<\/p>\n\n\n\n<p>Natalya Gorbanevskayan\u0131\u00f1 ad\u0131 q\u0131r\u0131mtatar halq\u0131n\u0131\u00f1 minnetdar hat\u0131ras\u0131nda insan aqlar\u0131n\u0131, tarihiy yurtlar\u0131ndan quvul\u011fan halqlarn\u0131\u00f1 aqlar\u0131n\u0131 qor\u00e7alavda ces\u00fcrlik, fedaiylik ve metanet timsali ol\u0131p ebediy saqlanacaq.<\/p>\n\n\n\n<p>Q\u0131r\u0131mtatar halq\u0131n\u0131\u00f1 Meclisi Natalya Gorbanevskaya vefat\u0131 munasebetinen yaq\u0131nlar\u0131, dostlar\u0131 ve meslekde\u015flerine teren taziyesini bildirip, ba\u015f sa\u011fl\u0131\u011f\u0131 tiley.<\/p>\n","protected":false},"excerpt":{"rendered":"<p>2013 senesi noyabr 29 k\u00fcn\u00fc Parijde 77 ya\u015f\u0131nda rus \u015fairesi, terciman, uquqqora\u00e7alay\u0131c\u0131, SSSRde dissident areketini\u00f1 i\u015ftirak\u00e7isi, sovet kamplar\u0131n\u0131\u00f1 siyasiy mahb\u00fcsi Natalya Yevgenyevna Gorbanevskaya vefat etti. Natalya Yevgenyevna Gorbanevskaya Moskvada 1936 senesi d\u00fcnya\u011fa kelgen edi. Lenigrad universitetini &#8220;filolog, orta mektepni\u00f1 rus tili ve edebiyat\u0131 ocas\u0131&#8221; diplom\u0131 ile bitirip, o k\u00fct\u00fcphaneci, bibliograf, tehnikiy ve ilmiy terciman ol\u0131p [&hellip;]<\/p>\n","protected":false},"author":1,"featured_media":0,"comment_status":"open","ping_status":"open","sticky":false,"template":"","format":"standard","meta":{"inline_featured_image":false,"footnotes":""},"categories":[265],"tags":[],"class_list":["post-41272","post","type-post","status-publish","format-standard","hentry","category-haberler"],"acf":[],"yoast_head":"<!-- This site is optimized with the Yoast SEO plugin v27.4 - https:\/\/yoast.com\/product\/yoast-seo-wordpress\/ -->\n<title>Natalya Gorbanevskaya vefat etti\u2026 - \u041c\u0435\u0434\u0436\u043b\u0456\u0441<\/title>\n<meta name=\"robots\" content=\"index, follow, max-snippet:-1, max-image-preview:large, max-video-preview:-1\" \/>\n<link rel=\"canonical\" href=\"https:\/\/qtmm.org\/qt\/natalya-gorbanevskaya-vefat-etti\/\" \/>\n<meta property=\"og:locale\" content=\"en_US\" \/>\n<meta property=\"og:type\" content=\"article\" \/>\n<meta property=\"og:title\" content=\"Natalya Gorbanevskaya vefat etti\u2026 - \u041c\u0435\u0434\u0436\u043b\u0456\u0441\" \/>\n<meta property=\"og:description\" content=\"2013 senesi noyabr 29 k\u00fcn\u00fc Parijde 77 ya\u015f\u0131nda rus \u015fairesi, terciman, uquqqora\u00e7alay\u0131c\u0131, SSSRde dissident areketini\u00f1 i\u015ftirak\u00e7isi, sovet kamplar\u0131n\u0131\u00f1 siyasiy mahb\u00fcsi Natalya Yevgenyevna Gorbanevskaya vefat etti. Natalya Yevgenyevna Gorbanevskaya Moskvada 1936 senesi d\u00fcnya\u011fa kelgen edi. Lenigrad universitetini &#8220;filolog, orta mektepni\u00f1 rus tili ve edebiyat\u0131 ocas\u0131&#8221; diplom\u0131 ile bitirip, o k\u00fct\u00fcphaneci, bibliograf, tehnikiy ve ilmiy terciman ol\u0131p [&hellip;]\" \/>\n<meta property=\"og:url\" content=\"https:\/\/qtmm.org\/qt\/natalya-gorbanevskaya-vefat-etti\/\" \/>\n<meta property=\"og:site_name\" content=\"\u041c\u0435\u0434\u0436\u043b\u0456\u0441\" \/>\n<meta property=\"article:publisher\" content=\"https:\/\/www.facebook.com\/qtmm.info\/\" \/>\n<meta property=\"article:published_time\" content=\"2013-11-30T18:34:00+00:00\" \/>\n<meta property=\"article:modified_time\" content=\"2022-01-26T18:35:07+00:00\" \/>\n<meta property=\"og:image\" content=\"https:\/\/qtmm.org\/wp-content\/uploads\/2022\/01\/natalya_gorbanevskaya_soboleznovaniya.jpeg\" \/>\n\t<meta property=\"og:image:width\" content=\"670\" \/>\n\t<meta property=\"og:image:height\" content=\"310\" \/>\n\t<meta property=\"og:image:type\" content=\"image\/jpeg\" \/>\n<meta name=\"author\" content=\"Developer\" \/>\n<meta name=\"twitter:card\" content=\"summary_large_image\" \/>\n<meta name=\"twitter:label1\" content=\"Written by\" \/>\n\t<meta name=\"twitter:data1\" content=\"Developer\" \/>\n\t<meta name=\"twitter:label2\" content=\"Est. reading time\" \/>\n\t<meta name=\"twitter:data2\" content=\"2 minutes\" \/>\n<script type=\"application\/ld+json\" class=\"yoast-schema-graph\">{\"@context\":\"https:\\\/\\\/schema.org\",\"@graph\":[{\"@type\":\"Article\",\"@id\":\"https:\\\/\\\/qtmm.org\\\/qt\\\/natalya-gorbanevskaya-vefat-etti\\\/#article\",\"isPartOf\":{\"@id\":\"https:\\\/\\\/qtmm.org\\\/qt\\\/natalya-gorbanevskaya-vefat-etti\\\/\"},\"author\":{\"name\":\"Developer\",\"@id\":\"https:\\\/\\\/qtmm.org\\\/qt\\\/#\\\/schema\\\/person\\\/de562469f971dec226ac06e60bbf74a7\"},\"headline\":\"Natalya Gorbanevskaya vefat etti\u2026\",\"datePublished\":\"2013-11-30T18:34:00+00:00\",\"dateModified\":\"2022-01-26T18:35:07+00:00\",\"mainEntityOfPage\":{\"@id\":\"https:\\\/\\\/qtmm.org\\\/qt\\\/natalya-gorbanevskaya-vefat-etti\\\/\"},\"wordCount\":379,\"commentCount\":0,\"publisher\":{\"@id\":\"https:\\\/\\\/qtmm.org\\\/qt\\\/#organization\"},\"image\":{\"@id\":\"https:\\\/\\\/qtmm.org\\\/qt\\\/natalya-gorbanevskaya-vefat-etti\\\/#primaryimage\"},\"thumbnailUrl\":\"http:\\\/\\\/qtmm.org\\\/wp-content\\\/uploads\\\/2022\\\/01\\\/natalya_gorbanevskaya_soboleznovaniya.jpeg\",\"articleSection\":[\"Haberler\"],\"inLanguage\":\"qt\",\"potentialAction\":[{\"@type\":\"CommentAction\",\"name\":\"Comment\",\"target\":[\"https:\\\/\\\/qtmm.org\\\/qt\\\/natalya-gorbanevskaya-vefat-etti\\\/#respond\"]}]},{\"@type\":\"WebPage\",\"@id\":\"https:\\\/\\\/qtmm.org\\\/qt\\\/natalya-gorbanevskaya-vefat-etti\\\/\",\"url\":\"https:\\\/\\\/qtmm.org\\\/qt\\\/natalya-gorbanevskaya-vefat-etti\\\/\",\"name\":\"Natalya Gorbanevskaya vefat etti\u2026 - \u041c\u0435\u0434\u0436\u043b\u0456\u0441\",\"isPartOf\":{\"@id\":\"https:\\\/\\\/qtmm.org\\\/qt\\\/#website\"},\"primaryImageOfPage\":{\"@id\":\"https:\\\/\\\/qtmm.org\\\/qt\\\/natalya-gorbanevskaya-vefat-etti\\\/#primaryimage\"},\"image\":{\"@id\":\"https:\\\/\\\/qtmm.org\\\/qt\\\/natalya-gorbanevskaya-vefat-etti\\\/#primaryimage\"},\"thumbnailUrl\":\"http:\\\/\\\/qtmm.org\\\/wp-content\\\/uploads\\\/2022\\\/01\\\/natalya_gorbanevskaya_soboleznovaniya.jpeg\",\"datePublished\":\"2013-11-30T18:34:00+00:00\",\"dateModified\":\"2022-01-26T18:35:07+00:00\",\"breadcrumb\":{\"@id\":\"https:\\\/\\\/qtmm.org\\\/qt\\\/natalya-gorbanevskaya-vefat-etti\\\/#breadcrumb\"},\"inLanguage\":\"qt\",\"potentialAction\":[{\"@type\":\"ReadAction\",\"target\":[\"https:\\\/\\\/qtmm.org\\\/qt\\\/natalya-gorbanevskaya-vefat-etti\\\/\"]}]},{\"@type\":\"ImageObject\",\"inLanguage\":\"qt\",\"@id\":\"https:\\\/\\\/qtmm.org\\\/qt\\\/natalya-gorbanevskaya-vefat-etti\\\/#primaryimage\",\"url\":\"http:\\\/\\\/qtmm.org\\\/wp-content\\\/uploads\\\/2022\\\/01\\\/natalya_gorbanevskaya_soboleznovaniya.jpeg\",\"contentUrl\":\"http:\\\/\\\/qtmm.org\\\/wp-content\\\/uploads\\\/2022\\\/01\\\/natalya_gorbanevskaya_soboleznovaniya.jpeg\"},{\"@type\":\"BreadcrumbList\",\"@id\":\"https:\\\/\\\/qtmm.org\\\/qt\\\/natalya-gorbanevskaya-vefat-etti\\\/#breadcrumb\",\"itemListElement\":[{\"@type\":\"ListItem\",\"position\":1,\"name\":\"\u0413\u043e\u043b\u043e\u0432\u043d\u0430\",\"item\":\"https:\\\/\\\/qtmm.org\\\/qt\\\/\"},{\"@type\":\"ListItem\",\"position\":2,\"name\":\"Natalya Gorbanevskaya vefat etti\u2026\"}]},{\"@type\":\"WebSite\",\"@id\":\"https:\\\/\\\/qtmm.org\\\/qt\\\/#website\",\"url\":\"https:\\\/\\\/qtmm.org\\\/qt\\\/\",\"name\":\"\u041c\u0435\u0434\u0436\u043b\u0456\u0441\",\"description\":\"\",\"publisher\":{\"@id\":\"https:\\\/\\\/qtmm.org\\\/qt\\\/#organization\"},\"potentialAction\":[{\"@type\":\"SearchAction\",\"target\":{\"@type\":\"EntryPoint\",\"urlTemplate\":\"https:\\\/\\\/qtmm.org\\\/qt\\\/?s={search_term_string}\"},\"query-input\":{\"@type\":\"PropertyValueSpecification\",\"valueRequired\":true,\"valueName\":\"search_term_string\"}}],\"inLanguage\":\"qt\"},{\"@type\":\"Organization\",\"@id\":\"https:\\\/\\\/qtmm.org\\\/qt\\\/#organization\",\"name\":\"\u041c\u0435\u0434\u0436\u043b\u0456\u0441\",\"url\":\"https:\\\/\\\/qtmm.org\\\/qt\\\/\",\"logo\":{\"@type\":\"ImageObject\",\"inLanguage\":\"qt\",\"@id\":\"https:\\\/\\\/qtmm.org\\\/qt\\\/#\\\/schema\\\/logo\\\/image\\\/\",\"url\":\"https:\\\/\\\/qtmm.org\\\/wp-content\\\/uploads\\\/2024\\\/12\\\/ua-mejlis-logo-rgb.svg\",\"contentUrl\":\"https:\\\/\\\/qtmm.org\\\/wp-content\\\/uploads\\\/2024\\\/12\\\/ua-mejlis-logo-rgb.svg\",\"caption\":\"\u041c\u0435\u0434\u0436\u043b\u0456\u0441\"},\"image\":{\"@id\":\"https:\\\/\\\/qtmm.org\\\/qt\\\/#\\\/schema\\\/logo\\\/image\\\/\"},\"sameAs\":[\"https:\\\/\\\/www.facebook.com\\\/qtmm.info\\\/\"]},{\"@type\":\"Person\",\"@id\":\"https:\\\/\\\/qtmm.org\\\/qt\\\/#\\\/schema\\\/person\\\/de562469f971dec226ac06e60bbf74a7\",\"name\":\"Developer\",\"image\":{\"@type\":\"ImageObject\",\"inLanguage\":\"qt\",\"@id\":\"https:\\\/\\\/secure.gravatar.com\\\/avatar\\\/392b4cc8fbfeb00b39dfeeab4ee6edded39ffd48e25858637e4765810300227e?s=96&d=mm&r=g\",\"url\":\"https:\\\/\\\/secure.gravatar.com\\\/avatar\\\/392b4cc8fbfeb00b39dfeeab4ee6edded39ffd48e25858637e4765810300227e?s=96&d=mm&r=g\",\"contentUrl\":\"https:\\\/\\\/secure.gravatar.com\\\/avatar\\\/392b4cc8fbfeb00b39dfeeab4ee6edded39ffd48e25858637e4765810300227e?s=96&d=mm&r=g\",\"caption\":\"Developer\"},\"url\":\"https:\\\/\\\/qtmm.org\\\/qt\\\/author\\\/Developer\\\/\"}]}<\/script>\n<!-- \/ Yoast SEO plugin. -->","yoast_head_json":{"title":"Natalya Gorbanevskaya vefat etti\u2026 - \u041c\u0435\u0434\u0436\u043b\u0456\u0441","robots":{"index":"index","follow":"follow","max-snippet":"max-snippet:-1","max-image-preview":"max-image-preview:large","max-video-preview":"max-video-preview:-1"},"canonical":"https:\/\/qtmm.org\/qt\/natalya-gorbanevskaya-vefat-etti\/","og_locale":"en_US","og_type":"article","og_title":"Natalya Gorbanevskaya vefat etti\u2026 - \u041c\u0435\u0434\u0436\u043b\u0456\u0441","og_description":"2013 senesi noyabr 29 k\u00fcn\u00fc Parijde 77 ya\u015f\u0131nda rus \u015fairesi, terciman, uquqqora\u00e7alay\u0131c\u0131, SSSRde dissident areketini\u00f1 i\u015ftirak\u00e7isi, sovet kamplar\u0131n\u0131\u00f1 siyasiy mahb\u00fcsi Natalya Yevgenyevna Gorbanevskaya vefat etti. Natalya Yevgenyevna Gorbanevskaya Moskvada 1936 senesi d\u00fcnya\u011fa kelgen edi. Lenigrad universitetini &#8220;filolog, orta mektepni\u00f1 rus tili ve edebiyat\u0131 ocas\u0131&#8221; diplom\u0131 ile bitirip, o k\u00fct\u00fcphaneci, bibliograf, tehnikiy ve ilmiy terciman ol\u0131p [&hellip;]","og_url":"https:\/\/qtmm.org\/qt\/natalya-gorbanevskaya-vefat-etti\/","og_site_name":"\u041c\u0435\u0434\u0436\u043b\u0456\u0441","article_publisher":"https:\/\/www.facebook.com\/qtmm.info\/","article_published_time":"2013-11-30T18:34:00+00:00","article_modified_time":"2022-01-26T18:35:07+00:00","og_image":[{"width":670,"height":310,"url":"https:\/\/qtmm.org\/wp-content\/uploads\/2022\/01\/natalya_gorbanevskaya_soboleznovaniya.jpeg","type":"image\/jpeg"}],"author":"Developer","twitter_card":"summary_large_image","twitter_misc":{"Written by":"Developer","Est. reading time":"2 minutes"},"schema":{"@context":"https:\/\/schema.org","@graph":[{"@type":"Article","@id":"https:\/\/qtmm.org\/qt\/natalya-gorbanevskaya-vefat-etti\/#article","isPartOf":{"@id":"https:\/\/qtmm.org\/qt\/natalya-gorbanevskaya-vefat-etti\/"},"author":{"name":"Developer","@id":"https:\/\/qtmm.org\/qt\/#\/schema\/person\/de562469f971dec226ac06e60bbf74a7"},"headline":"Natalya Gorbanevskaya vefat etti\u2026","datePublished":"2013-11-30T18:34:00+00:00","dateModified":"2022-01-26T18:35:07+00:00","mainEntityOfPage":{"@id":"https:\/\/qtmm.org\/qt\/natalya-gorbanevskaya-vefat-etti\/"},"wordCount":379,"commentCount":0,"publisher":{"@id":"https:\/\/qtmm.org\/qt\/#organization"},"image":{"@id":"https:\/\/qtmm.org\/qt\/natalya-gorbanevskaya-vefat-etti\/#primaryimage"},"thumbnailUrl":"http:\/\/qtmm.org\/wp-content\/uploads\/2022\/01\/natalya_gorbanevskaya_soboleznovaniya.jpeg","articleSection":["Haberler"],"inLanguage":"qt","potentialAction":[{"@type":"CommentAction","name":"Comment","target":["https:\/\/qtmm.org\/qt\/natalya-gorbanevskaya-vefat-etti\/#respond"]}]},{"@type":"WebPage","@id":"https:\/\/qtmm.org\/qt\/natalya-gorbanevskaya-vefat-etti\/","url":"https:\/\/qtmm.org\/qt\/natalya-gorbanevskaya-vefat-etti\/","name":"Natalya Gorbanevskaya vefat etti\u2026 - \u041c\u0435\u0434\u0436\u043b\u0456\u0441","isPartOf":{"@id":"https:\/\/qtmm.org\/qt\/#website"},"primaryImageOfPage":{"@id":"https:\/\/qtmm.org\/qt\/natalya-gorbanevskaya-vefat-etti\/#primaryimage"},"image":{"@id":"https:\/\/qtmm.org\/qt\/natalya-gorbanevskaya-vefat-etti\/#primaryimage"},"thumbnailUrl":"http:\/\/qtmm.org\/wp-content\/uploads\/2022\/01\/natalya_gorbanevskaya_soboleznovaniya.jpeg","datePublished":"2013-11-30T18:34:00+00:00","dateModified":"2022-01-26T18:35:07+00:00","breadcrumb":{"@id":"https:\/\/qtmm.org\/qt\/natalya-gorbanevskaya-vefat-etti\/#breadcrumb"},"inLanguage":"qt","potentialAction":[{"@type":"ReadAction","target":["https:\/\/qtmm.org\/qt\/natalya-gorbanevskaya-vefat-etti\/"]}]},{"@type":"ImageObject","inLanguage":"qt","@id":"https:\/\/qtmm.org\/qt\/natalya-gorbanevskaya-vefat-etti\/#primaryimage","url":"http:\/\/qtmm.org\/wp-content\/uploads\/2022\/01\/natalya_gorbanevskaya_soboleznovaniya.jpeg","contentUrl":"http:\/\/qtmm.org\/wp-content\/uploads\/2022\/01\/natalya_gorbanevskaya_soboleznovaniya.jpeg"},{"@type":"BreadcrumbList","@id":"https:\/\/qtmm.org\/qt\/natalya-gorbanevskaya-vefat-etti\/#breadcrumb","itemListElement":[{"@type":"ListItem","position":1,"name":"\u0413\u043e\u043b\u043e\u0432\u043d\u0430","item":"https:\/\/qtmm.org\/qt\/"},{"@type":"ListItem","position":2,"name":"Natalya Gorbanevskaya vefat etti\u2026"}]},{"@type":"WebSite","@id":"https:\/\/qtmm.org\/qt\/#website","url":"https:\/\/qtmm.org\/qt\/","name":"\u041c\u0435\u0434\u0436\u043b\u0456\u0441","description":"","publisher":{"@id":"https:\/\/qtmm.org\/qt\/#organization"},"potentialAction":[{"@type":"SearchAction","target":{"@type":"EntryPoint","urlTemplate":"https:\/\/qtmm.org\/qt\/?s={search_term_string}"},"query-input":{"@type":"PropertyValueSpecification","valueRequired":true,"valueName":"search_term_string"}}],"inLanguage":"qt"},{"@type":"Organization","@id":"https:\/\/qtmm.org\/qt\/#organization","name":"\u041c\u0435\u0434\u0436\u043b\u0456\u0441","url":"https:\/\/qtmm.org\/qt\/","logo":{"@type":"ImageObject","inLanguage":"qt","@id":"https:\/\/qtmm.org\/qt\/#\/schema\/logo\/image\/","url":"https:\/\/qtmm.org\/wp-content\/uploads\/2024\/12\/ua-mejlis-logo-rgb.svg","contentUrl":"https:\/\/qtmm.org\/wp-content\/uploads\/2024\/12\/ua-mejlis-logo-rgb.svg","caption":"\u041c\u0435\u0434\u0436\u043b\u0456\u0441"},"image":{"@id":"https:\/\/qtmm.org\/qt\/#\/schema\/logo\/image\/"},"sameAs":["https:\/\/www.facebook.com\/qtmm.info\/"]},{"@type":"Person","@id":"https:\/\/qtmm.org\/qt\/#\/schema\/person\/de562469f971dec226ac06e60bbf74a7","name":"Developer","image":{"@type":"ImageObject","inLanguage":"qt","@id":"https:\/\/secure.gravatar.com\/avatar\/392b4cc8fbfeb00b39dfeeab4ee6edded39ffd48e25858637e4765810300227e?s=96&d=mm&r=g","url":"https:\/\/secure.gravatar.com\/avatar\/392b4cc8fbfeb00b39dfeeab4ee6edded39ffd48e25858637e4765810300227e?s=96&d=mm&r=g","contentUrl":"https:\/\/secure.gravatar.com\/avatar\/392b4cc8fbfeb00b39dfeeab4ee6edded39ffd48e25858637e4765810300227e?s=96&d=mm&r=g","caption":"Developer"},"url":"https:\/\/qtmm.org\/qt\/author\/Developer\/"}]}},"_links":{"self":[{"href":"https:\/\/qtmm.org\/qt\/wp-json\/wp\/v2\/posts\/41272","targetHints":{"allow":["GET"]}}],"collection":[{"href":"https:\/\/qtmm.org\/qt\/wp-json\/wp\/v2\/posts"}],"about":[{"href":"https:\/\/qtmm.org\/qt\/wp-json\/wp\/v2\/types\/post"}],"author":[{"embeddable":true,"href":"https:\/\/qtmm.org\/qt\/wp-json\/wp\/v2\/users\/1"}],"replies":[{"embeddable":true,"href":"https:\/\/qtmm.org\/qt\/wp-json\/wp\/v2\/comments?post=41272"}],"version-history":[{"count":1,"href":"https:\/\/qtmm.org\/qt\/wp-json\/wp\/v2\/posts\/41272\/revisions"}],"predecessor-version":[{"id":41277,"href":"https:\/\/qtmm.org\/qt\/wp-json\/wp\/v2\/posts\/41272\/revisions\/41277"}],"wp:attachment":[{"href":"https:\/\/qtmm.org\/qt\/wp-json\/wp\/v2\/media?parent=41272"}],"wp:term":[{"taxonomy":"category","embeddable":true,"href":"https:\/\/qtmm.org\/qt\/wp-json\/wp\/v2\/categories?post=41272"},{"taxonomy":"post_tag","embeddable":true,"href":"https:\/\/qtmm.org\/qt\/wp-json\/wp\/v2\/tags?post=41272"}],"curies":[{"name":"wp","href":"https:\/\/api.w.org\/{rel}","templated":true}]}}