




{"id":41270,"date":"2013-11-30T21:33:00","date_gmt":"2013-11-30T18:33:00","guid":{"rendered":"http:\/\/qtmm.org\/?p=41270"},"modified":"2022-01-26T21:34:07","modified_gmt":"2022-01-26T18:34:07","slug":"ukraina-halq-deputati-mustafa-cemilev-ve-meclis-azalari-ali-hamzin-ve-aslan-omer-qirimli-vilnuste-olip-kecken-sarq-ortaqligi-sammitinde-istirak-ettiler","status":"publish","type":"post","link":"https:\/\/qtmm.org\/qt\/ukraina-halq-deputati-mustafa-cemilev-ve-meclis-azalari-ali-hamzin-ve-aslan-omer-qirimli-vilnuste-olip-kecken-sarq-ortaqligi-sammitinde-istirak-ettiler\/","title":{"rendered":"Ukraina halq deputat\u0131 Mustafa Cemilev ve Meclis azalar\u0131 Ali Hamzin ve Aslan \u00d6mer Q\u0131r\u0131ml\u0131 Viln\u00fcste ol\u0131p ke\u00e7ken \u00ab\u015earq ortaql\u0131\u011f\u0131\u00bb sammitinde i\u015ftirak ettiler"},"content":{"rendered":"\n<p>Noyabr 27- 28 k\u00fcnleri Ukraina halq deputat\u0131 Mustafa Cemilev Litvaniya Seymini\u00f1 daveti boyunca Viln\u00fcste ol\u0131p ke\u00e7ken &#8220;\u015earq ortaql\u0131\u011f\u0131&#8221; sammiti \u00e7er\u00e7ivesindeki &#8220;Demokratiya parlament forum\u0131&#8221; sammitinde i\u015ftirak etti.<\/p>\n\n\n\n<p>Belli ki sammitni Avropa Birliginde reislik yapqan devlet olaraq Litvaniya parlamenti te\u015fkil etip, sammitte Avropa Birligi ve Ukraina birle\u015fmesi aqq\u0131nda a\u00f1la\u015fma imzalanmas\u0131 beklenile edi.<\/p>\n\n\n\n<p>&#8220;Demokratiya parlament forum\u0131&#8221; sammiti Avropa Birligine aza devletlerni\u00f1 t\u0131\u015f i\u015fler boyunca komitet yolba\u015f\u00e7\u0131lar\u0131 i\u00e7\u00fcn te\u015fkil etilip, Avropa Birliginen birle\u015fmege t\u0131r\u0131\u015fqan devletlerde demokratiya ve avropa degerlikleri inki\u015faf\u0131n\u0131\u00f1 meselelerine ba\u011f\u0131\u015fland\u0131.<\/p>\n\n\n\n<p>Sammitni\u00f1 Seym t\u0131\u015fq\u0131 i\u015fler boyunca komitet reisi professor Benediktas Yuodka al\u0131p bard\u0131\u011f\u0131 Ukrainada Avropa Birligi ve Ukraina birle\u015fmesi aqq\u0131nda a\u00f1la\u015fma imzalanmas\u0131 arfesindeki vaziyetke ba\u011f\u0131\u015flan\u011fan sessiyas\u0131nda\u00a0mahsus maruzanen q\u0131r\u0131mtatar halq\u0131n\u0131\u00f1 lideri, belli sovet dissidenti, Ukraina halq deputat\u0131 Mustafa Cemilev \u00e7\u0131q\u0131\u015fta bulund\u0131.<\/p>\n\n\n\n<p>Q\u0131r\u0131mtatar halq\u0131n\u0131\u00f1 bug\u00fcnki vaziyetini tarif eterek Mustafa Cemilev sammit i\u015ftirak\u00e7ilerini\u00f1 diqqat\u0131n\u0131 \u015fu\u00f1a celp etti ki, q\u0131r\u0131mtatarlar Ukraina mustaqilligi devrinde aqs\u0131mlan\u011fanlar\u0131na baqmadan &#8220;Qurultay \u2013 Meclis&#8221; milliy idare qurum\u0131 Avropa Birligi ve Ukraina birle\u015fmesi aqq\u0131nda a\u00f1la\u015fma imzalanmas\u0131n\u0131\u00f1 tarafdar\u0131d\u0131r. &#8220;Avropa Birligi ve Ukraina birle\u015fmesi aqq\u0131nda a\u00f1la\u015fman\u0131\u00f1 imzalanuv\u0131 bir \u00e7oq problemlerni\u00f1, \u015fu c\u00fcmleden az say\u0131l\u0131 milletlerni\u00f1 meselelerini de, \u00e7ezilmesine yol a\u00e7ar edi&#8221;. \u2013 dedi Mustafa Cemilev.<\/p>\n\n\n\n<p>Avropa Birligi ve Ukraina birle\u015fmesi aqq\u0131nda a\u00f1la\u015fma imzalanmas\u0131na Rusiyeni\u00f1 menfiy munasebetini qayd etken Mustafa Cemilev Avropa Birligi devletlerini Ukrainan\u0131\u00f1 &#8220;s\u0131rt qom\u015fus\u0131n\u0131&#8221;\u00f1 areketlerini bo\u015fqa \u00e7\u0131qarma\u011fa ve Ukraina\u011fa Avropa cemiyetine qat\u0131lmas\u0131na yard\u0131m etmege \u00e7a\u011f\u0131rd\u0131.<\/p>\n\n\n\n<p>Ukrainadaki vaziyetke ba\u011f\u0131\u015flan\u011fan sessiyada bun\u0131\u00f1 kibi de siyasiy erbaplar Pet K\u00f6ks (Ukrainada Avropa Parlamenti &#8220;K\u00f6ks-Kvasnevskiy&#8221; nezaret missiyas\u0131n\u0131\u00f1 azas\u0131), Avropa parlamenti t\u0131\u015f i\u015fleri komitetini\u00f1 ba\u015f\u0131 Elmar Brok, Ukraina Yuqar\u0131 \u015euras\u0131 t\u0131\u015f i\u015fleri komitetini\u00f1 ba\u015f\u0131 Vitaliy Kal\u00fcjn\u0131y, &#8220;UDAR Vitaliya Kli\u00e7ko&#8221; partiyas\u0131n\u0131\u00f1 ba\u015f\u0131 Vitaliy Kli\u00e7ko, Ukraina halq deputatlar\u0131 B\u00f6ris Taras\u00fck, Petr Poro\u015fenko ve Nikolay Katerin\u00e7uk \u00e7\u0131q\u0131\u015fta bulund\u0131lar. Olarn\u0131\u00f1 s\u00f6zleri ukrain \u00fck\u00fcmeti Avropa Birligi ve Ukraina birle\u015fmesi aqq\u0131nda a\u00f1la\u015fman\u0131\u00f1 imzalanmas\u0131na qar\u015f\u0131 \u00e7\u0131qqan\u0131 neticesinde meydan\u011fa kelgen vaziyet aqq\u0131nda old\u0131.<\/p>\n\n\n\n<p>Forumn\u0131\u00f1 so\u00f1unda &#8221; Demokratiya parlament forum\u0131 i\u015ftirak\u00e7ilerini\u00f1 \u015earqiy Avropa ortaql\u0131\u011f\u0131na ve ukrainlerni\u00f1 \u00fcm\u00fctlerine nisbeten beyanat\u0131&#8221; qabul etildi.<\/p>\n\n\n\n<p>Mezk\u00fcr beyanatn\u0131\u00f1 m\u00fcellifleri Emanuelis Zingers, Vitautas Landsbergis ve B\u00f6ris Taras\u00fck ol\u0131p, vesiqan\u0131 diger i\u015ftirak\u00e7iler s\u0131ras\u0131nda Ukraina halq deputat\u0131 Mustafa Cemilev de imzalad\u0131. Bun\u0131\u00f1 kibi de forum neticelerine k\u00f6re &#8220;&#8221;Demokratiya parlament forum\u0131&#8221; sammiti Avropa Birligine aza devletlerni\u00f1 t\u0131\u015f i\u015fler boyunca komitet reislerini\u00f1 k\u00f6r\u00fc\u015f\u00fcvi: global i\u015fbirlik yolunda&#8221; umumiy qarar al\u0131nd\u0131.<\/p>\n\n\n\n<p>28 noyabrde k\u00fcnni\u00f1 ekinci yar\u0131s\u0131nda Avropa Parlamentini\u00f1 deputat\u0131 Vitauatas Landsbergis te\u015fkil etken matbuat konferentsiyas\u0131 ke\u00e7irildi. Ukraina halq deputatlar\u0131 Mustafa Cemilev, B\u00f6ris Taras\u00fck, Nikolay K\u00f6rney\u00e7uk ve Litva Seymini\u00f1 t\u0131\u015f i\u015fleri komitetini\u00f1 azas\u0131 Emanuelis Zingers Ukrainadaki bug\u00fcnki vaziyetni ve Q\u0131r\u0131mn\u0131\u00f1 tam\u0131r halq\u0131 ol\u011fan q\u0131r\u0131mtatarlarn\u0131\u00f1 ker\u00e7ek al\u0131n\u0131 tarif ettiler.<\/p>\n\n\n\n<p>K\u00f6r\u00fc\u015f\u00fcvni professor Vitautas Landsbergis ve Meclisni\u00f1 Litvadaki vekili d-r Alas Yakubauskas al\u0131p bard\u0131lar. Mustafa Cemilev Q\u0131r\u0131mdaki vaziyet aqq\u0131nda tafsil\u00e2tl\u0131 mal\u00fcmat berip, Meclisni\u00f1 te\u015febb\u00fcsi ile 2014 senesi Q\u0131r\u0131mtatar halq\u0131n\u0131\u00f1 meseleleri boyunca Halqara forum \u00e7a\u011f\u0131r\u0131lmas\u0131n\u0131\u00f1 sebeplerini a\u00f1latt\u0131. Meclisni\u00f1 sab\u0131q reis qayd etti ki, Q\u0131r\u0131mtatarlarn\u0131\u00f1 vek\u00e2letli organ\u0131 Ukraina demokratik k\u00fc\u00e7lerini\u00f1, on\u0131\u00f1 territorial b\u00fct\u00fcnligi ve mustaqilligini\u00f1 tarafdar\u0131 olaraq Avropa Birligi ve Ukraina birle\u015fmesi aqq\u0131nda a\u00f1la\u015fman\u0131\u00f1 imzalanmas\u0131 i\u00e7\u00fcn faal areket ete.<\/p>\n\n\n\n<p>29 noyabr k\u00fcn\u00fc Meclis delegatsiyas\u0131 Ukraina halq deputat\u0131 Mustafa Cemilevni\u00f1 reberliginde Litvaniya tatarlar\u0131n\u0131\u00f1 toplu tarihiy ya\u015fa\u011fan yeri Trakay \u015feerini ziyaret etip, Trakay \u015feerini\u00f1 ba\u015f\u0131 Vitatus Zaletskas ve \u00f6z-\u00f6z\u00fcni idare et\u00fcv memuriyetini\u00f1 direktor\u0131 Asta Kandratavi\u00e7ene ile k\u00f6r\u00fc\u015fti. Subet devam\u0131nda taraflardan q\u0131r\u0131mtatar ve litvaniya halqlar\u0131 aras\u0131nda medeniy ve gumanitar al\u00e2qalarn\u0131 pekitmek az\u0131rl\u0131\u011f\u0131n\u0131 bildirdiler.<\/p>\n\n\n\n<p>Viln\u00fcste resmiy ziyaret devam\u0131nda Mustafa Cemilevge Meclis reisini\u00f1 muavini, T\u0131\u015fq\u0131 iqtisadiy al\u00e2qalar, yat\u0131r\u0131m ve milliy iqtisadiyat inki\u015faf\u0131 idaresini\u00f1 ba\u015f\u0131 Aslan \u00d6mer Q\u0131r\u0131ml\u0131 ve Meclisni\u00f1 t\u0131\u015fq\u0131 al\u00e2qalar idaresini\u00f1 ba\u015f\u0131 Adi Hamzin, bun\u0131\u00f1 kibi de Meclisni\u00f1 Litvaniyadaki vekili d-r Alas Yakubauskas refaqatl\u0131q yapt\u0131lar.<\/p>\n","protected":false},"excerpt":{"rendered":"<p>Noyabr 27- 28 k\u00fcnleri Ukraina halq deputat\u0131 Mustafa Cemilev Litvaniya Seymini\u00f1 daveti boyunca Viln\u00fcste ol\u0131p ke\u00e7ken &#8220;\u015earq ortaql\u0131\u011f\u0131&#8221; sammiti \u00e7er\u00e7ivesindeki &#8220;Demokratiya parlament forum\u0131&#8221; sammitinde i\u015ftirak etti. Belli ki sammitni Avropa Birliginde reislik yapqan devlet olaraq Litvaniya parlamenti te\u015fkil etip, sammitte Avropa Birligi ve Ukraina birle\u015fmesi aqq\u0131nda a\u00f1la\u015fma imzalanmas\u0131 beklenile edi. &#8220;Demokratiya parlament forum\u0131&#8221; sammiti Avropa [&hellip;]<\/p>\n","protected":false},"author":1,"featured_media":0,"comment_status":"open","ping_status":"open","sticky":false,"template":"","format":"standard","meta":{"inline_featured_image":false,"footnotes":""},"categories":[265],"tags":[],"class_list":["post-41270","post","type-post","status-publish","format-standard","hentry","category-haberler"],"acf":[],"yoast_head":"<!-- This site is optimized with the Yoast SEO plugin v27.4 - https:\/\/yoast.com\/product\/yoast-seo-wordpress\/ -->\n<title>Ukraina halq deputat\u0131 Mustafa Cemilev ve Meclis azalar\u0131 Ali Hamzin ve Aslan \u00d6mer Q\u0131r\u0131ml\u0131 Viln\u00fcste ol\u0131p ke\u00e7ken \u00ab\u015earq ortaql\u0131\u011f\u0131\u00bb sammitinde i\u015ftirak ettiler - \u041c\u0435\u0434\u0436\u043b\u0456\u0441<\/title>\n<meta name=\"robots\" content=\"index, follow, max-snippet:-1, max-image-preview:large, max-video-preview:-1\" \/>\n<link rel=\"canonical\" href=\"https:\/\/qtmm.org\/qt\/ukraina-halq-deputati-mustafa-cemilev-ve-meclis-azalari-ali-hamzin-ve-aslan-omer-qirimli-vilnuste-olip-kecken-sarq-ortaqligi-sammitinde-istirak-ettiler\/\" \/>\n<meta property=\"og:locale\" content=\"en_US\" \/>\n<meta property=\"og:type\" content=\"article\" \/>\n<meta property=\"og:title\" content=\"Ukraina halq deputat\u0131 Mustafa Cemilev ve Meclis azalar\u0131 Ali Hamzin ve Aslan \u00d6mer Q\u0131r\u0131ml\u0131 Viln\u00fcste ol\u0131p ke\u00e7ken \u00ab\u015earq ortaql\u0131\u011f\u0131\u00bb sammitinde i\u015ftirak ettiler - \u041c\u0435\u0434\u0436\u043b\u0456\u0441\" \/>\n<meta property=\"og:description\" content=\"Noyabr 27- 28 k\u00fcnleri Ukraina halq deputat\u0131 Mustafa Cemilev Litvaniya Seymini\u00f1 daveti boyunca Viln\u00fcste ol\u0131p ke\u00e7ken &#8220;\u015earq ortaql\u0131\u011f\u0131&#8221; sammiti \u00e7er\u00e7ivesindeki &#8220;Demokratiya parlament forum\u0131&#8221; sammitinde i\u015ftirak etti. Belli ki sammitni Avropa Birliginde reislik yapqan devlet olaraq Litvaniya parlamenti te\u015fkil etip, sammitte Avropa Birligi ve Ukraina birle\u015fmesi aqq\u0131nda a\u00f1la\u015fma imzalanmas\u0131 beklenile edi. &#8220;Demokratiya parlament forum\u0131&#8221; sammiti Avropa [&hellip;]\" \/>\n<meta property=\"og:url\" content=\"https:\/\/qtmm.org\/qt\/ukraina-halq-deputati-mustafa-cemilev-ve-meclis-azalari-ali-hamzin-ve-aslan-omer-qirimli-vilnuste-olip-kecken-sarq-ortaqligi-sammitinde-istirak-ettiler\/\" \/>\n<meta property=\"og:site_name\" content=\"\u041c\u0435\u0434\u0436\u043b\u0456\u0441\" \/>\n<meta property=\"article:publisher\" content=\"https:\/\/www.facebook.com\/qtmm.info\/\" \/>\n<meta property=\"article:published_time\" content=\"2013-11-30T18:33:00+00:00\" \/>\n<meta property=\"article:modified_time\" content=\"2022-01-26T18:34:07+00:00\" \/>\n<meta name=\"author\" content=\"Developer\" \/>\n<meta name=\"twitter:card\" content=\"summary_large_image\" \/>\n<meta name=\"twitter:label1\" content=\"Written by\" \/>\n\t<meta name=\"twitter:data1\" content=\"Developer\" \/>\n\t<meta name=\"twitter:label2\" content=\"Est. reading time\" \/>\n\t<meta name=\"twitter:data2\" content=\"4 minutes\" \/>\n<script type=\"application\/ld+json\" class=\"yoast-schema-graph\">{\"@context\":\"https:\\\/\\\/schema.org\",\"@graph\":[{\"@type\":\"Article\",\"@id\":\"https:\\\/\\\/qtmm.org\\\/qt\\\/ukraina-halq-deputati-mustafa-cemilev-ve-meclis-azalari-ali-hamzin-ve-aslan-omer-qirimli-vilnuste-olip-kecken-sarq-ortaqligi-sammitinde-istirak-ettiler\\\/#article\",\"isPartOf\":{\"@id\":\"https:\\\/\\\/qtmm.org\\\/qt\\\/ukraina-halq-deputati-mustafa-cemilev-ve-meclis-azalari-ali-hamzin-ve-aslan-omer-qirimli-vilnuste-olip-kecken-sarq-ortaqligi-sammitinde-istirak-ettiler\\\/\"},\"author\":{\"name\":\"Developer\",\"@id\":\"https:\\\/\\\/qtmm.org\\\/qt\\\/#\\\/schema\\\/person\\\/de562469f971dec226ac06e60bbf74a7\"},\"headline\":\"Ukraina halq deputat\u0131 Mustafa Cemilev ve Meclis azalar\u0131 Ali Hamzin ve Aslan \u00d6mer Q\u0131r\u0131ml\u0131 Viln\u00fcste ol\u0131p ke\u00e7ken \u00ab\u015earq ortaql\u0131\u011f\u0131\u00bb sammitinde i\u015ftirak ettiler\",\"datePublished\":\"2013-11-30T18:33:00+00:00\",\"dateModified\":\"2022-01-26T18:34:07+00:00\",\"mainEntityOfPage\":{\"@id\":\"https:\\\/\\\/qtmm.org\\\/qt\\\/ukraina-halq-deputati-mustafa-cemilev-ve-meclis-azalari-ali-hamzin-ve-aslan-omer-qirimli-vilnuste-olip-kecken-sarq-ortaqligi-sammitinde-istirak-ettiler\\\/\"},\"wordCount\":779,\"commentCount\":0,\"publisher\":{\"@id\":\"https:\\\/\\\/qtmm.org\\\/qt\\\/#organization\"},\"articleSection\":[\"Haberler\"],\"inLanguage\":\"qt\",\"potentialAction\":[{\"@type\":\"CommentAction\",\"name\":\"Comment\",\"target\":[\"https:\\\/\\\/qtmm.org\\\/qt\\\/ukraina-halq-deputati-mustafa-cemilev-ve-meclis-azalari-ali-hamzin-ve-aslan-omer-qirimli-vilnuste-olip-kecken-sarq-ortaqligi-sammitinde-istirak-ettiler\\\/#respond\"]}]},{\"@type\":\"WebPage\",\"@id\":\"https:\\\/\\\/qtmm.org\\\/qt\\\/ukraina-halq-deputati-mustafa-cemilev-ve-meclis-azalari-ali-hamzin-ve-aslan-omer-qirimli-vilnuste-olip-kecken-sarq-ortaqligi-sammitinde-istirak-ettiler\\\/\",\"url\":\"https:\\\/\\\/qtmm.org\\\/qt\\\/ukraina-halq-deputati-mustafa-cemilev-ve-meclis-azalari-ali-hamzin-ve-aslan-omer-qirimli-vilnuste-olip-kecken-sarq-ortaqligi-sammitinde-istirak-ettiler\\\/\",\"name\":\"Ukraina halq deputat\u0131 Mustafa Cemilev ve Meclis azalar\u0131 Ali Hamzin ve Aslan \u00d6mer Q\u0131r\u0131ml\u0131 Viln\u00fcste ol\u0131p ke\u00e7ken \u00ab\u015earq ortaql\u0131\u011f\u0131\u00bb sammitinde i\u015ftirak ettiler - \u041c\u0435\u0434\u0436\u043b\u0456\u0441\",\"isPartOf\":{\"@id\":\"https:\\\/\\\/qtmm.org\\\/qt\\\/#website\"},\"datePublished\":\"2013-11-30T18:33:00+00:00\",\"dateModified\":\"2022-01-26T18:34:07+00:00\",\"breadcrumb\":{\"@id\":\"https:\\\/\\\/qtmm.org\\\/qt\\\/ukraina-halq-deputati-mustafa-cemilev-ve-meclis-azalari-ali-hamzin-ve-aslan-omer-qirimli-vilnuste-olip-kecken-sarq-ortaqligi-sammitinde-istirak-ettiler\\\/#breadcrumb\"},\"inLanguage\":\"qt\",\"potentialAction\":[{\"@type\":\"ReadAction\",\"target\":[\"https:\\\/\\\/qtmm.org\\\/qt\\\/ukraina-halq-deputati-mustafa-cemilev-ve-meclis-azalari-ali-hamzin-ve-aslan-omer-qirimli-vilnuste-olip-kecken-sarq-ortaqligi-sammitinde-istirak-ettiler\\\/\"]}]},{\"@type\":\"BreadcrumbList\",\"@id\":\"https:\\\/\\\/qtmm.org\\\/qt\\\/ukraina-halq-deputati-mustafa-cemilev-ve-meclis-azalari-ali-hamzin-ve-aslan-omer-qirimli-vilnuste-olip-kecken-sarq-ortaqligi-sammitinde-istirak-ettiler\\\/#breadcrumb\",\"itemListElement\":[{\"@type\":\"ListItem\",\"position\":1,\"name\":\"\u0413\u043e\u043b\u043e\u0432\u043d\u0430\",\"item\":\"https:\\\/\\\/qtmm.org\\\/qt\\\/\"},{\"@type\":\"ListItem\",\"position\":2,\"name\":\"Ukraina halq deputat\u0131 Mustafa Cemilev ve Meclis azalar\u0131 Ali Hamzin ve Aslan \u00d6mer Q\u0131r\u0131ml\u0131 Viln\u00fcste ol\u0131p ke\u00e7ken \u00ab\u015earq ortaql\u0131\u011f\u0131\u00bb sammitinde i\u015ftirak ettiler\"}]},{\"@type\":\"WebSite\",\"@id\":\"https:\\\/\\\/qtmm.org\\\/qt\\\/#website\",\"url\":\"https:\\\/\\\/qtmm.org\\\/qt\\\/\",\"name\":\"\u041c\u0435\u0434\u0436\u043b\u0456\u0441\",\"description\":\"\",\"publisher\":{\"@id\":\"https:\\\/\\\/qtmm.org\\\/qt\\\/#organization\"},\"potentialAction\":[{\"@type\":\"SearchAction\",\"target\":{\"@type\":\"EntryPoint\",\"urlTemplate\":\"https:\\\/\\\/qtmm.org\\\/qt\\\/?s={search_term_string}\"},\"query-input\":{\"@type\":\"PropertyValueSpecification\",\"valueRequired\":true,\"valueName\":\"search_term_string\"}}],\"inLanguage\":\"qt\"},{\"@type\":\"Organization\",\"@id\":\"https:\\\/\\\/qtmm.org\\\/qt\\\/#organization\",\"name\":\"\u041c\u0435\u0434\u0436\u043b\u0456\u0441\",\"url\":\"https:\\\/\\\/qtmm.org\\\/qt\\\/\",\"logo\":{\"@type\":\"ImageObject\",\"inLanguage\":\"qt\",\"@id\":\"https:\\\/\\\/qtmm.org\\\/qt\\\/#\\\/schema\\\/logo\\\/image\\\/\",\"url\":\"https:\\\/\\\/qtmm.org\\\/wp-content\\\/uploads\\\/2024\\\/12\\\/ua-mejlis-logo-rgb.svg\",\"contentUrl\":\"https:\\\/\\\/qtmm.org\\\/wp-content\\\/uploads\\\/2024\\\/12\\\/ua-mejlis-logo-rgb.svg\",\"caption\":\"\u041c\u0435\u0434\u0436\u043b\u0456\u0441\"},\"image\":{\"@id\":\"https:\\\/\\\/qtmm.org\\\/qt\\\/#\\\/schema\\\/logo\\\/image\\\/\"},\"sameAs\":[\"https:\\\/\\\/www.facebook.com\\\/qtmm.info\\\/\"]},{\"@type\":\"Person\",\"@id\":\"https:\\\/\\\/qtmm.org\\\/qt\\\/#\\\/schema\\\/person\\\/de562469f971dec226ac06e60bbf74a7\",\"name\":\"Developer\",\"image\":{\"@type\":\"ImageObject\",\"inLanguage\":\"qt\",\"@id\":\"https:\\\/\\\/secure.gravatar.com\\\/avatar\\\/392b4cc8fbfeb00b39dfeeab4ee6edded39ffd48e25858637e4765810300227e?s=96&d=mm&r=g\",\"url\":\"https:\\\/\\\/secure.gravatar.com\\\/avatar\\\/392b4cc8fbfeb00b39dfeeab4ee6edded39ffd48e25858637e4765810300227e?s=96&d=mm&r=g\",\"contentUrl\":\"https:\\\/\\\/secure.gravatar.com\\\/avatar\\\/392b4cc8fbfeb00b39dfeeab4ee6edded39ffd48e25858637e4765810300227e?s=96&d=mm&r=g\",\"caption\":\"Developer\"},\"url\":\"https:\\\/\\\/qtmm.org\\\/qt\\\/author\\\/Developer\\\/\"}]}<\/script>\n<!-- \/ Yoast SEO plugin. -->","yoast_head_json":{"title":"Ukraina halq deputat\u0131 Mustafa Cemilev ve Meclis azalar\u0131 Ali Hamzin ve Aslan \u00d6mer Q\u0131r\u0131ml\u0131 Viln\u00fcste ol\u0131p ke\u00e7ken \u00ab\u015earq ortaql\u0131\u011f\u0131\u00bb sammitinde i\u015ftirak ettiler - \u041c\u0435\u0434\u0436\u043b\u0456\u0441","robots":{"index":"index","follow":"follow","max-snippet":"max-snippet:-1","max-image-preview":"max-image-preview:large","max-video-preview":"max-video-preview:-1"},"canonical":"https:\/\/qtmm.org\/qt\/ukraina-halq-deputati-mustafa-cemilev-ve-meclis-azalari-ali-hamzin-ve-aslan-omer-qirimli-vilnuste-olip-kecken-sarq-ortaqligi-sammitinde-istirak-ettiler\/","og_locale":"en_US","og_type":"article","og_title":"Ukraina halq deputat\u0131 Mustafa Cemilev ve Meclis azalar\u0131 Ali Hamzin ve Aslan \u00d6mer Q\u0131r\u0131ml\u0131 Viln\u00fcste ol\u0131p ke\u00e7ken \u00ab\u015earq ortaql\u0131\u011f\u0131\u00bb sammitinde i\u015ftirak ettiler - \u041c\u0435\u0434\u0436\u043b\u0456\u0441","og_description":"Noyabr 27- 28 k\u00fcnleri Ukraina halq deputat\u0131 Mustafa Cemilev Litvaniya Seymini\u00f1 daveti boyunca Viln\u00fcste ol\u0131p ke\u00e7ken &#8220;\u015earq ortaql\u0131\u011f\u0131&#8221; sammiti \u00e7er\u00e7ivesindeki &#8220;Demokratiya parlament forum\u0131&#8221; sammitinde i\u015ftirak etti. Belli ki sammitni Avropa Birliginde reislik yapqan devlet olaraq Litvaniya parlamenti te\u015fkil etip, sammitte Avropa Birligi ve Ukraina birle\u015fmesi aqq\u0131nda a\u00f1la\u015fma imzalanmas\u0131 beklenile edi. &#8220;Demokratiya parlament forum\u0131&#8221; sammiti Avropa [&hellip;]","og_url":"https:\/\/qtmm.org\/qt\/ukraina-halq-deputati-mustafa-cemilev-ve-meclis-azalari-ali-hamzin-ve-aslan-omer-qirimli-vilnuste-olip-kecken-sarq-ortaqligi-sammitinde-istirak-ettiler\/","og_site_name":"\u041c\u0435\u0434\u0436\u043b\u0456\u0441","article_publisher":"https:\/\/www.facebook.com\/qtmm.info\/","article_published_time":"2013-11-30T18:33:00+00:00","article_modified_time":"2022-01-26T18:34:07+00:00","author":"Developer","twitter_card":"summary_large_image","twitter_misc":{"Written by":"Developer","Est. reading time":"4 minutes"},"schema":{"@context":"https:\/\/schema.org","@graph":[{"@type":"Article","@id":"https:\/\/qtmm.org\/qt\/ukraina-halq-deputati-mustafa-cemilev-ve-meclis-azalari-ali-hamzin-ve-aslan-omer-qirimli-vilnuste-olip-kecken-sarq-ortaqligi-sammitinde-istirak-ettiler\/#article","isPartOf":{"@id":"https:\/\/qtmm.org\/qt\/ukraina-halq-deputati-mustafa-cemilev-ve-meclis-azalari-ali-hamzin-ve-aslan-omer-qirimli-vilnuste-olip-kecken-sarq-ortaqligi-sammitinde-istirak-ettiler\/"},"author":{"name":"Developer","@id":"https:\/\/qtmm.org\/qt\/#\/schema\/person\/de562469f971dec226ac06e60bbf74a7"},"headline":"Ukraina halq deputat\u0131 Mustafa Cemilev ve Meclis azalar\u0131 Ali Hamzin ve Aslan \u00d6mer Q\u0131r\u0131ml\u0131 Viln\u00fcste ol\u0131p ke\u00e7ken \u00ab\u015earq ortaql\u0131\u011f\u0131\u00bb sammitinde i\u015ftirak ettiler","datePublished":"2013-11-30T18:33:00+00:00","dateModified":"2022-01-26T18:34:07+00:00","mainEntityOfPage":{"@id":"https:\/\/qtmm.org\/qt\/ukraina-halq-deputati-mustafa-cemilev-ve-meclis-azalari-ali-hamzin-ve-aslan-omer-qirimli-vilnuste-olip-kecken-sarq-ortaqligi-sammitinde-istirak-ettiler\/"},"wordCount":779,"commentCount":0,"publisher":{"@id":"https:\/\/qtmm.org\/qt\/#organization"},"articleSection":["Haberler"],"inLanguage":"qt","potentialAction":[{"@type":"CommentAction","name":"Comment","target":["https:\/\/qtmm.org\/qt\/ukraina-halq-deputati-mustafa-cemilev-ve-meclis-azalari-ali-hamzin-ve-aslan-omer-qirimli-vilnuste-olip-kecken-sarq-ortaqligi-sammitinde-istirak-ettiler\/#respond"]}]},{"@type":"WebPage","@id":"https:\/\/qtmm.org\/qt\/ukraina-halq-deputati-mustafa-cemilev-ve-meclis-azalari-ali-hamzin-ve-aslan-omer-qirimli-vilnuste-olip-kecken-sarq-ortaqligi-sammitinde-istirak-ettiler\/","url":"https:\/\/qtmm.org\/qt\/ukraina-halq-deputati-mustafa-cemilev-ve-meclis-azalari-ali-hamzin-ve-aslan-omer-qirimli-vilnuste-olip-kecken-sarq-ortaqligi-sammitinde-istirak-ettiler\/","name":"Ukraina halq deputat\u0131 Mustafa Cemilev ve Meclis azalar\u0131 Ali Hamzin ve Aslan \u00d6mer Q\u0131r\u0131ml\u0131 Viln\u00fcste ol\u0131p ke\u00e7ken \u00ab\u015earq ortaql\u0131\u011f\u0131\u00bb sammitinde i\u015ftirak ettiler - \u041c\u0435\u0434\u0436\u043b\u0456\u0441","isPartOf":{"@id":"https:\/\/qtmm.org\/qt\/#website"},"datePublished":"2013-11-30T18:33:00+00:00","dateModified":"2022-01-26T18:34:07+00:00","breadcrumb":{"@id":"https:\/\/qtmm.org\/qt\/ukraina-halq-deputati-mustafa-cemilev-ve-meclis-azalari-ali-hamzin-ve-aslan-omer-qirimli-vilnuste-olip-kecken-sarq-ortaqligi-sammitinde-istirak-ettiler\/#breadcrumb"},"inLanguage":"qt","potentialAction":[{"@type":"ReadAction","target":["https:\/\/qtmm.org\/qt\/ukraina-halq-deputati-mustafa-cemilev-ve-meclis-azalari-ali-hamzin-ve-aslan-omer-qirimli-vilnuste-olip-kecken-sarq-ortaqligi-sammitinde-istirak-ettiler\/"]}]},{"@type":"BreadcrumbList","@id":"https:\/\/qtmm.org\/qt\/ukraina-halq-deputati-mustafa-cemilev-ve-meclis-azalari-ali-hamzin-ve-aslan-omer-qirimli-vilnuste-olip-kecken-sarq-ortaqligi-sammitinde-istirak-ettiler\/#breadcrumb","itemListElement":[{"@type":"ListItem","position":1,"name":"\u0413\u043e\u043b\u043e\u0432\u043d\u0430","item":"https:\/\/qtmm.org\/qt\/"},{"@type":"ListItem","position":2,"name":"Ukraina halq deputat\u0131 Mustafa Cemilev ve Meclis azalar\u0131 Ali Hamzin ve Aslan \u00d6mer Q\u0131r\u0131ml\u0131 Viln\u00fcste ol\u0131p ke\u00e7ken \u00ab\u015earq ortaql\u0131\u011f\u0131\u00bb sammitinde i\u015ftirak ettiler"}]},{"@type":"WebSite","@id":"https:\/\/qtmm.org\/qt\/#website","url":"https:\/\/qtmm.org\/qt\/","name":"\u041c\u0435\u0434\u0436\u043b\u0456\u0441","description":"","publisher":{"@id":"https:\/\/qtmm.org\/qt\/#organization"},"potentialAction":[{"@type":"SearchAction","target":{"@type":"EntryPoint","urlTemplate":"https:\/\/qtmm.org\/qt\/?s={search_term_string}"},"query-input":{"@type":"PropertyValueSpecification","valueRequired":true,"valueName":"search_term_string"}}],"inLanguage":"qt"},{"@type":"Organization","@id":"https:\/\/qtmm.org\/qt\/#organization","name":"\u041c\u0435\u0434\u0436\u043b\u0456\u0441","url":"https:\/\/qtmm.org\/qt\/","logo":{"@type":"ImageObject","inLanguage":"qt","@id":"https:\/\/qtmm.org\/qt\/#\/schema\/logo\/image\/","url":"https:\/\/qtmm.org\/wp-content\/uploads\/2024\/12\/ua-mejlis-logo-rgb.svg","contentUrl":"https:\/\/qtmm.org\/wp-content\/uploads\/2024\/12\/ua-mejlis-logo-rgb.svg","caption":"\u041c\u0435\u0434\u0436\u043b\u0456\u0441"},"image":{"@id":"https:\/\/qtmm.org\/qt\/#\/schema\/logo\/image\/"},"sameAs":["https:\/\/www.facebook.com\/qtmm.info\/"]},{"@type":"Person","@id":"https:\/\/qtmm.org\/qt\/#\/schema\/person\/de562469f971dec226ac06e60bbf74a7","name":"Developer","image":{"@type":"ImageObject","inLanguage":"qt","@id":"https:\/\/secure.gravatar.com\/avatar\/392b4cc8fbfeb00b39dfeeab4ee6edded39ffd48e25858637e4765810300227e?s=96&d=mm&r=g","url":"https:\/\/secure.gravatar.com\/avatar\/392b4cc8fbfeb00b39dfeeab4ee6edded39ffd48e25858637e4765810300227e?s=96&d=mm&r=g","contentUrl":"https:\/\/secure.gravatar.com\/avatar\/392b4cc8fbfeb00b39dfeeab4ee6edded39ffd48e25858637e4765810300227e?s=96&d=mm&r=g","caption":"Developer"},"url":"https:\/\/qtmm.org\/qt\/author\/Developer\/"}]}},"_links":{"self":[{"href":"https:\/\/qtmm.org\/qt\/wp-json\/wp\/v2\/posts\/41270","targetHints":{"allow":["GET"]}}],"collection":[{"href":"https:\/\/qtmm.org\/qt\/wp-json\/wp\/v2\/posts"}],"about":[{"href":"https:\/\/qtmm.org\/qt\/wp-json\/wp\/v2\/types\/post"}],"author":[{"embeddable":true,"href":"https:\/\/qtmm.org\/qt\/wp-json\/wp\/v2\/users\/1"}],"replies":[{"embeddable":true,"href":"https:\/\/qtmm.org\/qt\/wp-json\/wp\/v2\/comments?post=41270"}],"version-history":[{"count":1,"href":"https:\/\/qtmm.org\/qt\/wp-json\/wp\/v2\/posts\/41270\/revisions"}],"predecessor-version":[{"id":41271,"href":"https:\/\/qtmm.org\/qt\/wp-json\/wp\/v2\/posts\/41270\/revisions\/41271"}],"wp:attachment":[{"href":"https:\/\/qtmm.org\/qt\/wp-json\/wp\/v2\/media?parent=41270"}],"wp:term":[{"taxonomy":"category","embeddable":true,"href":"https:\/\/qtmm.org\/qt\/wp-json\/wp\/v2\/categories?post=41270"},{"taxonomy":"post_tag","embeddable":true,"href":"https:\/\/qtmm.org\/qt\/wp-json\/wp\/v2\/tags?post=41270"}],"curies":[{"name":"wp","href":"https:\/\/api.w.org\/{rel}","templated":true}]}}