




{"id":41260,"date":"2013-11-30T21:31:00","date_gmt":"2013-11-30T18:31:00","guid":{"rendered":"http:\/\/qtmm.org\/?p=41260"},"modified":"2022-01-26T21:33:06","modified_gmt":"2022-01-26T18:33:06","slug":"ukraina-halq-deputati-mustafa-cemilevnin-vilnusteki-sammite-ciqisi","status":"publish","type":"post","link":"https:\/\/qtmm.org\/qt\/ukraina-halq-deputati-mustafa-cemilevnin-vilnusteki-sammite-ciqisi\/","title":{"rendered":"Ukraina halq deputat\u0131 Mustafa Cemilevni\u00f1 Viln\u00fcsteki sammite \u00e7\u0131q\u0131\u015f\u0131"},"content":{"rendered":"\n<p class=\"has-text-align-center\"><strong>Ukraina halq deputat\u0131 Mustafa Cemilevni\u00f1 Viln\u00fcsteki sammite \u00e7\u0131q\u0131\u015f\u0131<\/strong><\/p>\n\n\n\n<p class=\"has-text-align-center\"><em>&#8220;Demokratiya parlament sammiti&#8221;<br>2013 senesi noyabr 28, Litvaniya, Viln\u00fcs \u015f.<\/em><\/p>\n\n\n\n<p class=\"has-text-align-center\"><strong>Say\u011f\u0131l\u0131 reis cenaplar\u0131, \u00fcrmetli han\u0131m ve beyefendiler!<\/strong><\/p>\n\n\n\n<p>Q\u0131r\u0131mtatar halq\u0131 Qurultay\u0131n\u0131\u00f1 qarar\u0131na binaen men m\u0131nda faqat Ukraina halq deputat\u0131 olaraq degil de, Q\u0131r\u0131m yar\u0131madas\u0131n\u0131\u00f1 tam\u0131r halq\u0131, 1944 senesi \u00f6z yurtundan s\u00fcrg\u00fcn etilgen, soyq\u0131r\u0131m\u011fa o\u011frat\u0131l\u011fan, so\u00f1ra on y\u0131llar devam\u0131nda zorbal\u0131qs\u0131z ve demokratik usullarnen Vatan\u011fa qaytmaq ve aqlar\u0131n\u0131 tiklemek i\u00e7\u00fcn k\u00fcre\u015fken q\u0131r\u0131mtatar halq\u0131 ad\u0131ndan da qonu\u015fmaqtam. Men sizge Ukrainan\u0131\u00f1 Avropa integratsiyas\u0131 noqtai nazar\u0131ndan q\u0131r\u0131mtatar halq\u0131n\u0131\u00f1 problemleri aqq\u0131nda qonu\u015fmam 15 daqqa\u00f1\u0131zn\u0131 al\u0131r edi. L\u00e2kin belgilengen reglament \u00e7\u0131q\u0131\u015flarn\u0131\u00f1 vaqt\u0131n\u0131 s\u0131\u00f1\u0131rla\u011fan\u0131 sebebinden men de \u00e7\u0131q\u0131\u015f\u0131mn\u0131\u00f1 vaqt\u0131n\u0131 q\u0131sqartmaq zorunday\u0131m.<\/p>\n\n\n\n<p>Q\u0131r\u0131mtatar halq\u0131n\u0131\u00f1 milliy areketi SSSR hudud\u0131ndaki e\u00f1 k\u00fctleviy demokratik areketlerden biri olaraq umumittifaq uquqqoruv areketini\u00f1 k\u00fc\u00e7l\u00fc alqalar\u0131ndan biri edi. Kommunist rejimi ve sovetler imperiyas\u0131n\u0131\u00f1 da\u011f\u0131lmas\u0131na \u00f6z issesini qo\u015ft\u0131. Biz pek o qadar \u00f6ptimist degil edik ve biz hayatta ekende imperiyan\u0131\u00f1 y\u0131q\u0131lmas\u0131n\u0131 k\u00f6rermiz, dep \u00fcm\u00fct etmedik. Bizim ba\u015f vazifemiz cemiyet ve devletni\u00f1 demokratik olmas\u0131na iri\u015fmek ve bir \u00e7oq problemlerni\u00f1, \u015fu c\u00fcmleden q\u0131r\u0131mtatarlarn\u0131\u00f1 \u00f6z yurtuna qaytuv\u0131 ve milliy-territorial muhtariyetni\u00f1 tiklenmesi meselesini\u00f1 \u00e7ezilmesini teminlemek kerek edi. Amma vaqialar pek h\u0131zl\u0131 inki\u015faf etkeni neticesinde 74 y\u0131l terror ve zorbal\u0131qta tur\u011fan imperiya olduq\u00e7a ye\u00f1il ve qans\u0131z viran old\u0131.<\/p>\n\n\n\n<p>Sovetler memleketi alan\u0131nda peyda ol\u011fan devletlerni\u00f1 baz\u0131lar\u0131 serbestlik ve demokratiya \u015fartlar\u0131na az\u0131r olma\u011fanlar\u0131 k\u00f6r\u00fcldi. Bir \u00e7oq devletlerde akimiyet evelki sovet \u00fck\u00fcmeti hadimlerini\u00f1, yani \u00f6z halqlar\u0131 i\u00e7\u00fcn serbestlik ve demokratiya\u011fa asl\u0131 da istemegen, aksine Moskvadaki patronlar\u0131n\u0131\u00f1 emirlerine boysunaraq demokratik areketlerge basq\u0131 etken \u015fah\u0131slarn\u0131\u00f1 eline ke\u00e7ti. \u015eun\u0131\u00f1 i\u00e7\u00fcn de baz\u0131 sab\u0131q sovet devletleri, mesel\u00e2 Balt\u0131qboyu devletler Avropa Birligi ve NATO azalar\u0131 olmaq i\u00e7\u00fcn y\u00fcksek seviyege k\u00f6terilgen olsalar, ya\u00f1\u0131 qurul\u011fan diger devletlerde evelsi sovet rejiminden az farq etken rejim \u00fck\u00fcm s\u00fcrmekni devam etti.<\/p>\n\n\n\n<p>SSSR regionlar\u0131n\u0131\u00f1 i\u00e7inde Ukraina serbestlik ve mustaqillik areketi k\u00fc\u00e7l\u00fc ol\u011fan \u00fclkelerden biri edi. Ukraina ealisi SSSR ealisini\u00f1 ancaq 22 fay\u0131z\u0131n\u0131 te\u015fkil etkenine baqmadan SSSR apshane ve kamplar\u0131ndaki siyasiy mahb\u00fcslerni\u00f1 45 fay\u0131z\u0131 ukrainler edi. Bu\u00f1a baqmadan Ukrainan\u0131\u00f1 demokratla\u015ft\u0131ruv ve Avropa integratsiyas\u0131na mania ol\u011fan bir \u00e7oq faktorlar mevcutt\u0131r. Bu faktorlar s\u0131ras\u0131nda on\u0131\u00f1 siyaseti ve iqtisadiyat\u0131na qocaman qom\u015fu devletni\u00f1 tesiri e\u00f1 m\u00fcimi ve belgileyicisidir. Ukraina bug\u00fcn demokratik ve totalitar devletler ortas\u0131nda qald\u0131. Ukrainan\u0131\u00f1 kelecegi birinci nevbette bizge, \u015fu devletni\u00f1 vatanda\u015flar\u0131na, demokratik serbestligimizni qor\u00e7alavdaki aktivligimige ba\u011fl\u0131, ayn\u0131 zamamnda Ukraina\u011fa avropa qurumlar\u0131 k\u00f6sterecek yard\u0131m seviyesine de ba\u011fl\u0131d\u0131r.<\/p>\n\n\n\n<p>Q\u0131r\u0131mtatarlarn\u0131\u00f1 baya\u011f\u0131 bir q\u0131sm\u0131 &#8220;perestooyka&#8221; devrinde ve Ukraina mustaqilligini\u00f1 birinci y\u0131llar\u0131nda s\u00fcrg\u00fcnlik yerlerinden Q\u0131r\u0131m\u011fa qayt\u0131p keldi, amma \u00f6z yurtunda \u015fiddetli rus \u015fovinizminen qar\u015f\u0131la\u015ft\u0131. \u015eovinizm derecesi ve umumen cemiyetni\u00f1 maneviy sa\u011flaml\u0131\u011f\u0131 aqq\u0131nda sotsiologik ara\u015ft\u0131rmalar neticeleri del\u00e2let bermekte. B\u00f6yleliknen, bu sene baarde derc olun\u011fan neticelerge k\u00f6re Q\u0131r\u0131m ealisini\u00f1 84 fay\u0131z\u0131 20-nci as\u0131rn\u0131\u00f1 ba\u015f cinayet\u00e7ilerden biri ol\u011fan Stalinni b\u00fcy\u00fck devlet erbab\u0131 dep saya ve on\u0131\u00f1 cinayetliklerini aqlamaqta. Rus tilli k\u00fctleviy matbuat vastalar\u0131nda ayn\u0131 b\u00f6yle te\u015fviqat al\u0131p bar\u0131la.<\/p>\n\n\n\n<p>Rusiye separatizmine qar\u015f\u0131 ve Ukrainan\u0131\u00f1 b\u00fct\u00fcnligi i\u00e7\u00fcn arekette q\u0131r\u0131mtatarlar ba\u015f siyasiy k\u00fc\u00e7 ol\u011fan\u0131na baqmadan Ukraina \u00fck\u00fcmeti q\u0131r\u0131mtatarlarn\u0131\u00f1 qanuniy aqlar\u0131n\u0131 qor\u00e7alamaq i\u00e7\u00fcn i\u00e7 bir ciddiy \u00e7are k\u00f6rmedi. Olar al\u00e2 bug\u00fcn de Q\u0131r\u0131m ealisini\u00f1 e\u00f1 aqs\u0131mlan\u011fan bir q\u0131sm\u0131 ol\u0131p qalmaqtalar. Bizim areketlerimizge baqmadan Ukrainada al\u00e2 daa halqn\u0131\u00f1 aqlar\u0131n\u0131 qoor\u00e7alav boyunca qanun qabul etilmedi, albuki b\u00fct\u00fcn sab\u0131q kommunist devletlerinde angilerini\u00f1 hakllar\u0131 s\u00fcrg\u00fcn etilgen, b\u00f6yle qanunlar \u00e7oq y\u0131llar evelsi qabul etildi.<\/p>\n\n\n\n<p>Q\u0131r\u0131mtatarlar \u015fimdi muhtariyat ealisini\u00f1 14 fay\u0131z\u0131n\u0131 te\u015fkil etkenlerine baqmadan \u00fck\u00fcmet qurumlar\u0131nda olarn\u0131\u00f1 say\u0131s\u0131 2-3 fay\u0131zdan ziyade degil. Anayasa normas\u0131 b\u00fct\u00fcn milletlerge ana tilinde tasil almaq aqq\u0131n\u0131 bergenine baqmadan q\u0131r\u0131mtatarlar\u011fa nisbeten bu norma \u00e7al\u0131\u015fmay. Sebebi ana tilinde tasil bergen mekteplerni\u00f1 yoqlu\u011f\u0131, 90 fay\u0131zdan ziyade q\u0131r\u0131mtatar balalar\u0131 rus tilli mekteplerde oquma\u011fa mecburlar. Eger de yar\u0131mas\u0131rl\u0131q devir i\u00e7inde q\u0131r\u0131mtatar tili yasaqlan\u011fan\u0131n\u0131 k\u00f6z \u00f6g\u00fcne alsaq, q\u0131r\u0131mtatar milletini\u00f1 assimile olmas\u0131 ve \u011fay\u0131p olmas\u0131 bes-bellidir.<\/p>\n\n\n\n<p>Q\u0131r\u0131mtatarlar topraqn\u0131 hususiyle\u015ftir\u00fcv saas\u0131nda da musaviy aqlardan mahrumlar, \u00e7\u00fcnki Ukraina topraq qanun\u0131na k\u00f6re topraq faqat kolhoz azalar\u0131na \u015fahsiy m\u00fclk olaraq berildi. Y\u00fcz bi\u00f1den ziyade q\u0131r\u0131mtatar\u0131 yurtuna qayt\u0131p olamay ve s\u00fcrg\u00fcnlik yerlerinde ya\u015famaq zorundad\u0131r.<\/p>\n\n\n\n<figure class=\"wp-block-image size-full\"><img loading=\"lazy\" decoding=\"async\" width=\"650\" height=\"352\" src=\"http:\/\/qtmm.org\/wp-content\/uploads\/2022\/01\/doklad_m.dzhemileva-na-sammite_2.jpg\" alt=\"\" class=\"wp-image-41265\" srcset=\"https:\/\/qtmm.org\/wp-content\/uploads\/2022\/01\/doklad_m.dzhemileva-na-sammite_2.jpg 650w, https:\/\/qtmm.org\/wp-content\/uploads\/2022\/01\/doklad_m.dzhemileva-na-sammite_2-300x162.jpg 300w\" sizes=\"auto, (max-width: 650px) 100vw, 650px\" \/><\/figure>\n\n\n\n<p>Akimiyetni\u00f1 q\u0131r\u0131mtatarlar\u0131na nisbeten b\u00f6yle munasebetini\u00f1 sebebi q\u0131r\u0131mtatarlar akimiyet \u00f6g\u00fcnde yaltaqlanma\u011fa istemeyler ve saylavlarda Qurultay qararlar\u0131na muvaf\u0131q esasen Ukraina demokratik k\u00fc\u00e7lerine qoltutalar. Ukraina Tel\u00fckesizlik h\u0131zmetini\u00f1 taliline k\u00f6re q\u0131r\u0131mtatarlar ve olarn\u0131\u00f1 vek\u00e2letli organ\u0131 bug\u00fcnki \u00fck\u00fcmetke muhalif ol\u011fan ba\u015f te\u015fkiliy siyasiy k\u00fc\u00e7 olaraq tan\u0131la ve \u015fun\u0131\u00f1 i\u00e7\u00fcn de Meclisni\u00f1 tesirini zay\u0131flatmaq, q\u0131r\u0131mtatarlarn\u0131 par\u00e7alamaq boyunca \u00e7are-tedbirler k\u00f6r\u00fclmekte. Qom\u015fu devletni\u00f1 ayn\u0131 b\u00f6yle h\u0131zmetleri q\u0131r\u0131mtatarlarn\u0131 \u00f6z strategik menfaatlar\u0131n\u0131\u00f1 ba\u015f manias\u0131 olaraq k\u00f6reler ve Meclis em de q\u0131r\u0131mtatarlar\u011fa nisbeten ayn\u0131 \u015fu areketlerni qullanalar.<\/p>\n\n\n\n<p>S\u00fcrg\u00fcn etilgenlerni\u00f1 problemini davas\u0131z \u00e7ezmek maqsad\u0131nda biz \u00fc\u00e7 y\u0131l evelsi Q\u0131r\u0131mtatar halq\u0131 aqlar\u0131n\u0131\u00f1 \u011fayr\u0131dan tiklemek yollar\u0131n\u0131 muzakere etmek i\u00e7\u00fcn halqara konferentsiya \u00e7a\u011f\u0131rmaqn\u0131 teklif etken edik. Biz OSCE ve Avropa Birligine bu te\u015febb\u00fcske qoltutqanlar\u0131 ve bu y\u00f6neli\u015fte k\u00f6rgen tedbirleri i\u00e7\u00fcn minnetdarm\u0131z. Sent\u00e2br 19 k\u00fcn\u00fc Avropa komissar\u0131 \u015etefan F\u00fcle bu konferentsiyan\u0131 q\u0131r\u0131mtatarlar s\u00fcrg\u00fcnligini\u00f1 70 y\u0131ll\u0131\u011f\u0131 arfesinde yani 2014 senesi may\u0131s 18-ge qadar Q\u0131r\u0131mda ke\u00e7irmek teklifini \u00f6gge s\u00fcrdi. L\u00e2kin Ukraina akimiyeti taraf\u0131ndan bu teklifke i\u00e7 bir seslen\u00fcv olmad\u0131.<\/p>\n\n\n\n<p>Ukraina ve Avropa Birligi aras\u0131ndaki birle\u015fme aqq\u0131nda a\u00f1la\u015fman\u0131\u00f1 imzalanmas\u0131 bir \u00e7oq problemlerni\u00f1, \u015fu c\u00fcmleden az say\u0131s\u0131 milletlerni qor\u00e7alavn\u0131\u00f1 Avropa standartlar\u0131na k\u00f6re tsivil \u015fekilde \u00e7ezilmesine yol a\u00e7acaq edi. Amma bu y\u00f6neli\u015fte Ukraina yolba\u015f\u00e7\u0131lar\u0131nda cesaret k\u00f6rmedik. O qom\u015fu devletni\u00f1 \u015fantaj\u0131na qolay berildi.<\/p>\n\n\n\n<p>Ve so\u00f1kisi, \u00fc\u00e7 k\u00fcn evel Ukrainada 5 million ukrainni\u00f1 el\u00e2k\u0131na ketirgen a\u00e7l\u0131qn\u0131\u00f1 80 y\u0131ll\u0131\u011f\u0131 devlet seviyesinde qayd etildi. Ebet, aradan \u00e7oq y\u0131llar ke\u00e7ti, amma 5 millionl\u0131q cesetler s\u00fcr\u00fcsi i\u00e7inde bir bu\u00e7uq-eki million bala\u00e7\u0131qlarn\u0131\u00f1 cesetlerini bir tasavur eti\u00f1iz. Bu misli k\u00f6r\u00fclmegen cinayetni\u00f1 ba\u015f maqsad\u0131 iqtisadiy ve siyasiy mustaqillike iri\u015fip kollektivle\u015ftir\u00fcvge qar\u015f\u0131 \u00e7\u0131qqan ukrainlerni\u00f1 \u0131nt\u0131luvlar\u0131n\u0131 toqtatmaq, ya da o devirdeki ibarege k\u00f6re &#8220;ukrain millet\u00e7iligini\u00f1 belkemigini q\u0131rmaq&#8221; edi. Bug\u00fcn Kreml reberleri sab\u0131q sovetler alan\u0131nda \u00f6z tesirini saqlap qalmaq i\u00e7\u00fcn \u015fantaj ve iqtisadiy \u00e7arelernen Ukrainan\u0131\u00f1 Avropa halqlar\u0131 ailesine yolun\u0131 qapatma\u011fa t\u0131r\u0131\u015fmaqta.<\/p>\n\n\n\n<p>Bu \u015faraitlerde biz b\u00fct\u00fcn devletlerni\u00f1 parlamentleri ve halqara te\u015fkil\u00e2tlarn\u0131 qom\u015fu devletni\u00f1 areketlerini toqtatma\u011fa ve Ukrainan\u0131\u00f1 Avropa cemiyetine qat\u0131lmas\u0131na qoltutma\u011fa \u00e7a\u011f\u0131ram\u0131z.<\/p>\n\n\n\n<p class=\"has-text-align-center\"><strong>Diqqat\u0131\u00f1\u0131z i\u00e7\u00fcn te\u015fekk\u00fcr.<\/strong><\/p>\n","protected":false},"excerpt":{"rendered":"<p>Ukraina halq deputat\u0131 Mustafa Cemilevni\u00f1 Viln\u00fcsteki sammite \u00e7\u0131q\u0131\u015f\u0131 &#8220;Demokratiya parlament sammiti&#8221;2013 senesi noyabr 28, Litvaniya, Viln\u00fcs \u015f. Say\u011f\u0131l\u0131 reis cenaplar\u0131, \u00fcrmetli han\u0131m ve beyefendiler! Q\u0131r\u0131mtatar halq\u0131 Qurultay\u0131n\u0131\u00f1 qarar\u0131na binaen men m\u0131nda faqat Ukraina halq deputat\u0131 olaraq degil de, Q\u0131r\u0131m yar\u0131madas\u0131n\u0131\u00f1 tam\u0131r halq\u0131, 1944 senesi \u00f6z yurtundan s\u00fcrg\u00fcn etilgen, soyq\u0131r\u0131m\u011fa o\u011frat\u0131l\u011fan, so\u00f1ra on y\u0131llar devam\u0131nda zorbal\u0131qs\u0131z [&hellip;]<\/p>\n","protected":false},"author":1,"featured_media":41261,"comment_status":"open","ping_status":"open","sticky":false,"template":"","format":"standard","meta":{"inline_featured_image":false,"footnotes":""},"categories":[265],"tags":[],"class_list":["post-41260","post","type-post","status-publish","format-standard","has-post-thumbnail","hentry","category-haberler"],"acf":[],"yoast_head":"<!-- This site is optimized with the Yoast SEO plugin v27.4 - https:\/\/yoast.com\/product\/yoast-seo-wordpress\/ -->\n<title>Ukraina halq deputat\u0131 Mustafa Cemilevni\u00f1 Viln\u00fcsteki sammite \u00e7\u0131q\u0131\u015f\u0131 - \u041c\u0435\u0434\u0436\u043b\u0456\u0441<\/title>\n<meta name=\"robots\" content=\"index, follow, max-snippet:-1, max-image-preview:large, max-video-preview:-1\" \/>\n<link rel=\"canonical\" href=\"https:\/\/qtmm.org\/qt\/ukraina-halq-deputati-mustafa-cemilevnin-vilnusteki-sammite-ciqisi\/\" \/>\n<meta property=\"og:locale\" content=\"en_US\" \/>\n<meta property=\"og:type\" content=\"article\" \/>\n<meta property=\"og:title\" content=\"Ukraina halq deputat\u0131 Mustafa Cemilevni\u00f1 Viln\u00fcsteki sammite \u00e7\u0131q\u0131\u015f\u0131 - \u041c\u0435\u0434\u0436\u043b\u0456\u0441\" \/>\n<meta property=\"og:description\" content=\"Ukraina halq deputat\u0131 Mustafa Cemilevni\u00f1 Viln\u00fcsteki sammite \u00e7\u0131q\u0131\u015f\u0131 &#8220;Demokratiya parlament sammiti&#8221;2013 senesi noyabr 28, Litvaniya, Viln\u00fcs \u015f. Say\u011f\u0131l\u0131 reis cenaplar\u0131, \u00fcrmetli han\u0131m ve beyefendiler! Q\u0131r\u0131mtatar halq\u0131 Qurultay\u0131n\u0131\u00f1 qarar\u0131na binaen men m\u0131nda faqat Ukraina halq deputat\u0131 olaraq degil de, Q\u0131r\u0131m yar\u0131madas\u0131n\u0131\u00f1 tam\u0131r halq\u0131, 1944 senesi \u00f6z yurtundan s\u00fcrg\u00fcn etilgen, soyq\u0131r\u0131m\u011fa o\u011frat\u0131l\u011fan, so\u00f1ra on y\u0131llar devam\u0131nda zorbal\u0131qs\u0131z [&hellip;]\" \/>\n<meta property=\"og:url\" content=\"https:\/\/qtmm.org\/qt\/ukraina-halq-deputati-mustafa-cemilevnin-vilnusteki-sammite-ciqisi\/\" \/>\n<meta property=\"og:site_name\" content=\"\u041c\u0435\u0434\u0436\u043b\u0456\u0441\" \/>\n<meta property=\"article:publisher\" content=\"https:\/\/www.facebook.com\/qtmm.info\/\" \/>\n<meta property=\"article:published_time\" content=\"2013-11-30T18:31:00+00:00\" \/>\n<meta property=\"article:modified_time\" content=\"2022-01-26T18:33:06+00:00\" \/>\n<meta property=\"og:image\" content=\"https:\/\/qtmm.org\/wp-content\/uploads\/2022\/01\/doklad_m.dzhemileva-na-sammite_1.jpg\" \/>\n\t<meta property=\"og:image:width\" content=\"650\" \/>\n\t<meta property=\"og:image:height\" content=\"377\" \/>\n\t<meta property=\"og:image:type\" content=\"image\/jpeg\" \/>\n<meta name=\"author\" content=\"Developer\" \/>\n<meta name=\"twitter:card\" content=\"summary_large_image\" \/>\n<meta name=\"twitter:label1\" content=\"Written by\" \/>\n\t<meta name=\"twitter:data1\" content=\"Developer\" \/>\n\t<meta name=\"twitter:label2\" content=\"Est. reading time\" \/>\n\t<meta name=\"twitter:data2\" content=\"6 minutes\" \/>\n<script type=\"application\/ld+json\" class=\"yoast-schema-graph\">{\"@context\":\"https:\\\/\\\/schema.org\",\"@graph\":[{\"@type\":\"Article\",\"@id\":\"https:\\\/\\\/qtmm.org\\\/qt\\\/ukraina-halq-deputati-mustafa-cemilevnin-vilnusteki-sammite-ciqisi\\\/#article\",\"isPartOf\":{\"@id\":\"https:\\\/\\\/qtmm.org\\\/qt\\\/ukraina-halq-deputati-mustafa-cemilevnin-vilnusteki-sammite-ciqisi\\\/\"},\"author\":{\"name\":\"Developer\",\"@id\":\"https:\\\/\\\/qtmm.org\\\/qt\\\/#\\\/schema\\\/person\\\/de562469f971dec226ac06e60bbf74a7\"},\"headline\":\"Ukraina halq deputat\u0131 Mustafa Cemilevni\u00f1 Viln\u00fcsteki sammite \u00e7\u0131q\u0131\u015f\u0131\",\"datePublished\":\"2013-11-30T18:31:00+00:00\",\"dateModified\":\"2022-01-26T18:33:06+00:00\",\"mainEntityOfPage\":{\"@id\":\"https:\\\/\\\/qtmm.org\\\/qt\\\/ukraina-halq-deputati-mustafa-cemilevnin-vilnusteki-sammite-ciqisi\\\/\"},\"wordCount\":1293,\"commentCount\":0,\"publisher\":{\"@id\":\"https:\\\/\\\/qtmm.org\\\/qt\\\/#organization\"},\"image\":{\"@id\":\"https:\\\/\\\/qtmm.org\\\/qt\\\/ukraina-halq-deputati-mustafa-cemilevnin-vilnusteki-sammite-ciqisi\\\/#primaryimage\"},\"thumbnailUrl\":\"https:\\\/\\\/qtmm.org\\\/wp-content\\\/uploads\\\/2022\\\/01\\\/doklad_m.dzhemileva-na-sammite_1.jpg\",\"articleSection\":[\"Haberler\"],\"inLanguage\":\"qt\",\"potentialAction\":[{\"@type\":\"CommentAction\",\"name\":\"Comment\",\"target\":[\"https:\\\/\\\/qtmm.org\\\/qt\\\/ukraina-halq-deputati-mustafa-cemilevnin-vilnusteki-sammite-ciqisi\\\/#respond\"]}]},{\"@type\":\"WebPage\",\"@id\":\"https:\\\/\\\/qtmm.org\\\/qt\\\/ukraina-halq-deputati-mustafa-cemilevnin-vilnusteki-sammite-ciqisi\\\/\",\"url\":\"https:\\\/\\\/qtmm.org\\\/qt\\\/ukraina-halq-deputati-mustafa-cemilevnin-vilnusteki-sammite-ciqisi\\\/\",\"name\":\"Ukraina halq deputat\u0131 Mustafa Cemilevni\u00f1 Viln\u00fcsteki sammite \u00e7\u0131q\u0131\u015f\u0131 - \u041c\u0435\u0434\u0436\u043b\u0456\u0441\",\"isPartOf\":{\"@id\":\"https:\\\/\\\/qtmm.org\\\/qt\\\/#website\"},\"primaryImageOfPage\":{\"@id\":\"https:\\\/\\\/qtmm.org\\\/qt\\\/ukraina-halq-deputati-mustafa-cemilevnin-vilnusteki-sammite-ciqisi\\\/#primaryimage\"},\"image\":{\"@id\":\"https:\\\/\\\/qtmm.org\\\/qt\\\/ukraina-halq-deputati-mustafa-cemilevnin-vilnusteki-sammite-ciqisi\\\/#primaryimage\"},\"thumbnailUrl\":\"https:\\\/\\\/qtmm.org\\\/wp-content\\\/uploads\\\/2022\\\/01\\\/doklad_m.dzhemileva-na-sammite_1.jpg\",\"datePublished\":\"2013-11-30T18:31:00+00:00\",\"dateModified\":\"2022-01-26T18:33:06+00:00\",\"breadcrumb\":{\"@id\":\"https:\\\/\\\/qtmm.org\\\/qt\\\/ukraina-halq-deputati-mustafa-cemilevnin-vilnusteki-sammite-ciqisi\\\/#breadcrumb\"},\"inLanguage\":\"qt\",\"potentialAction\":[{\"@type\":\"ReadAction\",\"target\":[\"https:\\\/\\\/qtmm.org\\\/qt\\\/ukraina-halq-deputati-mustafa-cemilevnin-vilnusteki-sammite-ciqisi\\\/\"]}]},{\"@type\":\"ImageObject\",\"inLanguage\":\"qt\",\"@id\":\"https:\\\/\\\/qtmm.org\\\/qt\\\/ukraina-halq-deputati-mustafa-cemilevnin-vilnusteki-sammite-ciqisi\\\/#primaryimage\",\"url\":\"https:\\\/\\\/qtmm.org\\\/wp-content\\\/uploads\\\/2022\\\/01\\\/doklad_m.dzhemileva-na-sammite_1.jpg\",\"contentUrl\":\"https:\\\/\\\/qtmm.org\\\/wp-content\\\/uploads\\\/2022\\\/01\\\/doklad_m.dzhemileva-na-sammite_1.jpg\",\"width\":650,\"height\":377},{\"@type\":\"BreadcrumbList\",\"@id\":\"https:\\\/\\\/qtmm.org\\\/qt\\\/ukraina-halq-deputati-mustafa-cemilevnin-vilnusteki-sammite-ciqisi\\\/#breadcrumb\",\"itemListElement\":[{\"@type\":\"ListItem\",\"position\":1,\"name\":\"\u0413\u043e\u043b\u043e\u0432\u043d\u0430\",\"item\":\"https:\\\/\\\/qtmm.org\\\/qt\\\/\"},{\"@type\":\"ListItem\",\"position\":2,\"name\":\"Ukraina halq deputat\u0131 Mustafa Cemilevni\u00f1 Viln\u00fcsteki sammite \u00e7\u0131q\u0131\u015f\u0131\"}]},{\"@type\":\"WebSite\",\"@id\":\"https:\\\/\\\/qtmm.org\\\/qt\\\/#website\",\"url\":\"https:\\\/\\\/qtmm.org\\\/qt\\\/\",\"name\":\"\u041c\u0435\u0434\u0436\u043b\u0456\u0441\",\"description\":\"\",\"publisher\":{\"@id\":\"https:\\\/\\\/qtmm.org\\\/qt\\\/#organization\"},\"potentialAction\":[{\"@type\":\"SearchAction\",\"target\":{\"@type\":\"EntryPoint\",\"urlTemplate\":\"https:\\\/\\\/qtmm.org\\\/qt\\\/?s={search_term_string}\"},\"query-input\":{\"@type\":\"PropertyValueSpecification\",\"valueRequired\":true,\"valueName\":\"search_term_string\"}}],\"inLanguage\":\"qt\"},{\"@type\":\"Organization\",\"@id\":\"https:\\\/\\\/qtmm.org\\\/qt\\\/#organization\",\"name\":\"\u041c\u0435\u0434\u0436\u043b\u0456\u0441\",\"url\":\"https:\\\/\\\/qtmm.org\\\/qt\\\/\",\"logo\":{\"@type\":\"ImageObject\",\"inLanguage\":\"qt\",\"@id\":\"https:\\\/\\\/qtmm.org\\\/qt\\\/#\\\/schema\\\/logo\\\/image\\\/\",\"url\":\"https:\\\/\\\/qtmm.org\\\/wp-content\\\/uploads\\\/2024\\\/12\\\/ua-mejlis-logo-rgb.svg\",\"contentUrl\":\"https:\\\/\\\/qtmm.org\\\/wp-content\\\/uploads\\\/2024\\\/12\\\/ua-mejlis-logo-rgb.svg\",\"caption\":\"\u041c\u0435\u0434\u0436\u043b\u0456\u0441\"},\"image\":{\"@id\":\"https:\\\/\\\/qtmm.org\\\/qt\\\/#\\\/schema\\\/logo\\\/image\\\/\"},\"sameAs\":[\"https:\\\/\\\/www.facebook.com\\\/qtmm.info\\\/\"]},{\"@type\":\"Person\",\"@id\":\"https:\\\/\\\/qtmm.org\\\/qt\\\/#\\\/schema\\\/person\\\/de562469f971dec226ac06e60bbf74a7\",\"name\":\"Developer\",\"image\":{\"@type\":\"ImageObject\",\"inLanguage\":\"qt\",\"@id\":\"https:\\\/\\\/secure.gravatar.com\\\/avatar\\\/392b4cc8fbfeb00b39dfeeab4ee6edded39ffd48e25858637e4765810300227e?s=96&d=mm&r=g\",\"url\":\"https:\\\/\\\/secure.gravatar.com\\\/avatar\\\/392b4cc8fbfeb00b39dfeeab4ee6edded39ffd48e25858637e4765810300227e?s=96&d=mm&r=g\",\"contentUrl\":\"https:\\\/\\\/secure.gravatar.com\\\/avatar\\\/392b4cc8fbfeb00b39dfeeab4ee6edded39ffd48e25858637e4765810300227e?s=96&d=mm&r=g\",\"caption\":\"Developer\"},\"url\":\"https:\\\/\\\/qtmm.org\\\/qt\\\/author\\\/Developer\\\/\"}]}<\/script>\n<!-- \/ Yoast SEO plugin. -->","yoast_head_json":{"title":"Ukraina halq deputat\u0131 Mustafa Cemilevni\u00f1 Viln\u00fcsteki sammite \u00e7\u0131q\u0131\u015f\u0131 - \u041c\u0435\u0434\u0436\u043b\u0456\u0441","robots":{"index":"index","follow":"follow","max-snippet":"max-snippet:-1","max-image-preview":"max-image-preview:large","max-video-preview":"max-video-preview:-1"},"canonical":"https:\/\/qtmm.org\/qt\/ukraina-halq-deputati-mustafa-cemilevnin-vilnusteki-sammite-ciqisi\/","og_locale":"en_US","og_type":"article","og_title":"Ukraina halq deputat\u0131 Mustafa Cemilevni\u00f1 Viln\u00fcsteki sammite \u00e7\u0131q\u0131\u015f\u0131 - \u041c\u0435\u0434\u0436\u043b\u0456\u0441","og_description":"Ukraina halq deputat\u0131 Mustafa Cemilevni\u00f1 Viln\u00fcsteki sammite \u00e7\u0131q\u0131\u015f\u0131 &#8220;Demokratiya parlament sammiti&#8221;2013 senesi noyabr 28, Litvaniya, Viln\u00fcs \u015f. Say\u011f\u0131l\u0131 reis cenaplar\u0131, \u00fcrmetli han\u0131m ve beyefendiler! Q\u0131r\u0131mtatar halq\u0131 Qurultay\u0131n\u0131\u00f1 qarar\u0131na binaen men m\u0131nda faqat Ukraina halq deputat\u0131 olaraq degil de, Q\u0131r\u0131m yar\u0131madas\u0131n\u0131\u00f1 tam\u0131r halq\u0131, 1944 senesi \u00f6z yurtundan s\u00fcrg\u00fcn etilgen, soyq\u0131r\u0131m\u011fa o\u011frat\u0131l\u011fan, so\u00f1ra on y\u0131llar devam\u0131nda zorbal\u0131qs\u0131z [&hellip;]","og_url":"https:\/\/qtmm.org\/qt\/ukraina-halq-deputati-mustafa-cemilevnin-vilnusteki-sammite-ciqisi\/","og_site_name":"\u041c\u0435\u0434\u0436\u043b\u0456\u0441","article_publisher":"https:\/\/www.facebook.com\/qtmm.info\/","article_published_time":"2013-11-30T18:31:00+00:00","article_modified_time":"2022-01-26T18:33:06+00:00","og_image":[{"width":650,"height":377,"url":"https:\/\/qtmm.org\/wp-content\/uploads\/2022\/01\/doklad_m.dzhemileva-na-sammite_1.jpg","type":"image\/jpeg"}],"author":"Developer","twitter_card":"summary_large_image","twitter_misc":{"Written by":"Developer","Est. reading time":"6 minutes"},"schema":{"@context":"https:\/\/schema.org","@graph":[{"@type":"Article","@id":"https:\/\/qtmm.org\/qt\/ukraina-halq-deputati-mustafa-cemilevnin-vilnusteki-sammite-ciqisi\/#article","isPartOf":{"@id":"https:\/\/qtmm.org\/qt\/ukraina-halq-deputati-mustafa-cemilevnin-vilnusteki-sammite-ciqisi\/"},"author":{"name":"Developer","@id":"https:\/\/qtmm.org\/qt\/#\/schema\/person\/de562469f971dec226ac06e60bbf74a7"},"headline":"Ukraina halq deputat\u0131 Mustafa Cemilevni\u00f1 Viln\u00fcsteki sammite \u00e7\u0131q\u0131\u015f\u0131","datePublished":"2013-11-30T18:31:00+00:00","dateModified":"2022-01-26T18:33:06+00:00","mainEntityOfPage":{"@id":"https:\/\/qtmm.org\/qt\/ukraina-halq-deputati-mustafa-cemilevnin-vilnusteki-sammite-ciqisi\/"},"wordCount":1293,"commentCount":0,"publisher":{"@id":"https:\/\/qtmm.org\/qt\/#organization"},"image":{"@id":"https:\/\/qtmm.org\/qt\/ukraina-halq-deputati-mustafa-cemilevnin-vilnusteki-sammite-ciqisi\/#primaryimage"},"thumbnailUrl":"https:\/\/qtmm.org\/wp-content\/uploads\/2022\/01\/doklad_m.dzhemileva-na-sammite_1.jpg","articleSection":["Haberler"],"inLanguage":"qt","potentialAction":[{"@type":"CommentAction","name":"Comment","target":["https:\/\/qtmm.org\/qt\/ukraina-halq-deputati-mustafa-cemilevnin-vilnusteki-sammite-ciqisi\/#respond"]}]},{"@type":"WebPage","@id":"https:\/\/qtmm.org\/qt\/ukraina-halq-deputati-mustafa-cemilevnin-vilnusteki-sammite-ciqisi\/","url":"https:\/\/qtmm.org\/qt\/ukraina-halq-deputati-mustafa-cemilevnin-vilnusteki-sammite-ciqisi\/","name":"Ukraina halq deputat\u0131 Mustafa Cemilevni\u00f1 Viln\u00fcsteki sammite \u00e7\u0131q\u0131\u015f\u0131 - \u041c\u0435\u0434\u0436\u043b\u0456\u0441","isPartOf":{"@id":"https:\/\/qtmm.org\/qt\/#website"},"primaryImageOfPage":{"@id":"https:\/\/qtmm.org\/qt\/ukraina-halq-deputati-mustafa-cemilevnin-vilnusteki-sammite-ciqisi\/#primaryimage"},"image":{"@id":"https:\/\/qtmm.org\/qt\/ukraina-halq-deputati-mustafa-cemilevnin-vilnusteki-sammite-ciqisi\/#primaryimage"},"thumbnailUrl":"https:\/\/qtmm.org\/wp-content\/uploads\/2022\/01\/doklad_m.dzhemileva-na-sammite_1.jpg","datePublished":"2013-11-30T18:31:00+00:00","dateModified":"2022-01-26T18:33:06+00:00","breadcrumb":{"@id":"https:\/\/qtmm.org\/qt\/ukraina-halq-deputati-mustafa-cemilevnin-vilnusteki-sammite-ciqisi\/#breadcrumb"},"inLanguage":"qt","potentialAction":[{"@type":"ReadAction","target":["https:\/\/qtmm.org\/qt\/ukraina-halq-deputati-mustafa-cemilevnin-vilnusteki-sammite-ciqisi\/"]}]},{"@type":"ImageObject","inLanguage":"qt","@id":"https:\/\/qtmm.org\/qt\/ukraina-halq-deputati-mustafa-cemilevnin-vilnusteki-sammite-ciqisi\/#primaryimage","url":"https:\/\/qtmm.org\/wp-content\/uploads\/2022\/01\/doklad_m.dzhemileva-na-sammite_1.jpg","contentUrl":"https:\/\/qtmm.org\/wp-content\/uploads\/2022\/01\/doklad_m.dzhemileva-na-sammite_1.jpg","width":650,"height":377},{"@type":"BreadcrumbList","@id":"https:\/\/qtmm.org\/qt\/ukraina-halq-deputati-mustafa-cemilevnin-vilnusteki-sammite-ciqisi\/#breadcrumb","itemListElement":[{"@type":"ListItem","position":1,"name":"\u0413\u043e\u043b\u043e\u0432\u043d\u0430","item":"https:\/\/qtmm.org\/qt\/"},{"@type":"ListItem","position":2,"name":"Ukraina halq deputat\u0131 Mustafa Cemilevni\u00f1 Viln\u00fcsteki sammite \u00e7\u0131q\u0131\u015f\u0131"}]},{"@type":"WebSite","@id":"https:\/\/qtmm.org\/qt\/#website","url":"https:\/\/qtmm.org\/qt\/","name":"\u041c\u0435\u0434\u0436\u043b\u0456\u0441","description":"","publisher":{"@id":"https:\/\/qtmm.org\/qt\/#organization"},"potentialAction":[{"@type":"SearchAction","target":{"@type":"EntryPoint","urlTemplate":"https:\/\/qtmm.org\/qt\/?s={search_term_string}"},"query-input":{"@type":"PropertyValueSpecification","valueRequired":true,"valueName":"search_term_string"}}],"inLanguage":"qt"},{"@type":"Organization","@id":"https:\/\/qtmm.org\/qt\/#organization","name":"\u041c\u0435\u0434\u0436\u043b\u0456\u0441","url":"https:\/\/qtmm.org\/qt\/","logo":{"@type":"ImageObject","inLanguage":"qt","@id":"https:\/\/qtmm.org\/qt\/#\/schema\/logo\/image\/","url":"https:\/\/qtmm.org\/wp-content\/uploads\/2024\/12\/ua-mejlis-logo-rgb.svg","contentUrl":"https:\/\/qtmm.org\/wp-content\/uploads\/2024\/12\/ua-mejlis-logo-rgb.svg","caption":"\u041c\u0435\u0434\u0436\u043b\u0456\u0441"},"image":{"@id":"https:\/\/qtmm.org\/qt\/#\/schema\/logo\/image\/"},"sameAs":["https:\/\/www.facebook.com\/qtmm.info\/"]},{"@type":"Person","@id":"https:\/\/qtmm.org\/qt\/#\/schema\/person\/de562469f971dec226ac06e60bbf74a7","name":"Developer","image":{"@type":"ImageObject","inLanguage":"qt","@id":"https:\/\/secure.gravatar.com\/avatar\/392b4cc8fbfeb00b39dfeeab4ee6edded39ffd48e25858637e4765810300227e?s=96&d=mm&r=g","url":"https:\/\/secure.gravatar.com\/avatar\/392b4cc8fbfeb00b39dfeeab4ee6edded39ffd48e25858637e4765810300227e?s=96&d=mm&r=g","contentUrl":"https:\/\/secure.gravatar.com\/avatar\/392b4cc8fbfeb00b39dfeeab4ee6edded39ffd48e25858637e4765810300227e?s=96&d=mm&r=g","caption":"Developer"},"url":"https:\/\/qtmm.org\/qt\/author\/Developer\/"}]}},"_links":{"self":[{"href":"https:\/\/qtmm.org\/qt\/wp-json\/wp\/v2\/posts\/41260","targetHints":{"allow":["GET"]}}],"collection":[{"href":"https:\/\/qtmm.org\/qt\/wp-json\/wp\/v2\/posts"}],"about":[{"href":"https:\/\/qtmm.org\/qt\/wp-json\/wp\/v2\/types\/post"}],"author":[{"embeddable":true,"href":"https:\/\/qtmm.org\/qt\/wp-json\/wp\/v2\/users\/1"}],"replies":[{"embeddable":true,"href":"https:\/\/qtmm.org\/qt\/wp-json\/wp\/v2\/comments?post=41260"}],"version-history":[{"count":1,"href":"https:\/\/qtmm.org\/qt\/wp-json\/wp\/v2\/posts\/41260\/revisions"}],"predecessor-version":[{"id":41269,"href":"https:\/\/qtmm.org\/qt\/wp-json\/wp\/v2\/posts\/41260\/revisions\/41269"}],"wp:featuredmedia":[{"embeddable":true,"href":"https:\/\/qtmm.org\/qt\/wp-json\/wp\/v2\/media\/41261"}],"wp:attachment":[{"href":"https:\/\/qtmm.org\/qt\/wp-json\/wp\/v2\/media?parent=41260"}],"wp:term":[{"taxonomy":"category","embeddable":true,"href":"https:\/\/qtmm.org\/qt\/wp-json\/wp\/v2\/categories?post=41260"},{"taxonomy":"post_tag","embeddable":true,"href":"https:\/\/qtmm.org\/qt\/wp-json\/wp\/v2\/tags?post=41260"}],"curies":[{"name":"wp","href":"https:\/\/api.w.org\/{rel}","templated":true}]}}