




{"id":41258,"date":"2013-11-29T21:30:00","date_gmt":"2013-11-29T18:30:00","guid":{"rendered":"http:\/\/qtmm.org\/?p=41258"},"modified":"2022-01-26T21:31:26","modified_gmt":"2022-01-26T18:31:26","slug":"meclis-reisi-refat-cubarov-oz-muavinleri-ile-is-toplasuvi-kecirdi","status":"publish","type":"post","link":"https:\/\/qtmm.org\/qt\/meclis-reisi-refat-cubarov-oz-muavinleri-ile-is-toplasuvi-kecirdi\/","title":{"rendered":"Meclis reisi Refat \u00c7ubarov \u00f6z muavinleri ile i\u015f topla\u015fuv\u0131 ke\u00e7irdi"},"content":{"rendered":"\n<p>2013 senesi 29 noyabr k\u00fcn\u00fc Meclis reisi Refat \u00c7ubarov \u00f6z muavinleri Zaur Smirnov, Ahtem \u00c7iygoz, Nariman Cel\u00e2l ve Ayder Acimambetov ile topla\u015fuv ke\u00e7irdi. Topla\u015fuvda Meclis K\u00e2tibiyetini\u00f1 ba\u015f\u0131 Dil\u00e2ver Akiyev de i\u015ftirak etti.<\/p>\n\n\n\n<p>Topla\u015fuv devam\u0131nda Meclis yolba\u015f\u00e7\u0131s\u0131 dekabr ay\u0131nda Meclis yolba\u015f\u00e7\u0131lar\u0131 ve Q\u0131r\u0131m musulmanlar\u0131n\u0131\u00f1 diniy idaresi i\u015ftirakinde Q\u0131r\u0131mn\u0131\u00f1 10 region\u0131nda ke\u00e7irilecek seyyar keni\u015fletilgen i\u015f topla\u015fuvlarn\u0131\u00f1 cedvelini seslendirdi.<\/p>\n\n\n\n<p>&#8220;Y\u0131ln\u0131\u00f1 so\u00f1ki ay\u0131nda biz regional ve yerli meclisler, yerli \u015furalarn\u0131\u00f1 deputatlar\u0131 ve 6-nc\u0131 \u00e7a\u011f\u0131r\u0131l\u0131\u015f Qurultay deputatlar\u0131 ile k\u00f6r\u00fc\u015fip, meselelerni\u00f1 keni\u015f dairesini muzakere etmekni planla\u015ft\u0131ram\u0131z&#8221;, &#8211; dep a\u00f1latt\u0131 R. \u00c7ubarov.<\/p>\n\n\n\n<p>Bun\u0131\u00f1 kibi de Meclis reisi Meclisni\u00f1 b\u00fct\u00fcn idareleri ve h\u0131zmetlerini\u00f1 reberleri bu topla\u015fuvlarda m\u0131tlaqa i\u015ftirak eteceklerine diqqatn\u0131 celp etti.<\/p>\n\n\n\n<p>Bundan da \u011fayr\u0131, topla\u015fuv i\u015ftirak\u00e7ileri Aqmescitte dekabr 10-da \u0130nsan aqlar\u0131 halqara k\u00fcn\u00fcne ba\u011f\u0131\u015flan\u011fan Umumq\u0131r\u0131m mitingini ke\u00e7ir\u00fcv boyunca te\u015fkiliy i \u015fni muzakere ettiler.<\/p>\n\n\n\n<p>Meclis reisi Zaur Smirnov\u011fa h\u0131tap eterek planla\u015ft\u0131r\u0131l\u011fan miting aqq\u0131nda semetde\u015flerimizni haberdar etmek i\u00e7\u00fcn o\u00f1a regional ve yerli meclisler, yerli \u015furalarn\u0131\u00f1 deputatlar\u0131 ve 6-nc\u0131 \u00e7a\u011f\u0131r\u0131l\u0131\u015f Qurultay deputatlar\u0131 ile zarur i\u015f ke\u00e7irmekni avale etti.<\/p>\n","protected":false},"excerpt":{"rendered":"<p>2013 senesi 29 noyabr k\u00fcn\u00fc Meclis reisi Refat \u00c7ubarov \u00f6z muavinleri Zaur Smirnov, Ahtem \u00c7iygoz, Nariman Cel\u00e2l ve Ayder Acimambetov ile topla\u015fuv ke\u00e7irdi. Topla\u015fuvda Meclis K\u00e2tibiyetini\u00f1 ba\u015f\u0131 Dil\u00e2ver Akiyev de i\u015ftirak etti. Topla\u015fuv devam\u0131nda Meclis yolba\u015f\u00e7\u0131s\u0131 dekabr ay\u0131nda Meclis yolba\u015f\u00e7\u0131lar\u0131 ve Q\u0131r\u0131m musulmanlar\u0131n\u0131\u00f1 diniy idaresi i\u015ftirakinde Q\u0131r\u0131mn\u0131\u00f1 10 region\u0131nda ke\u00e7irilecek seyyar keni\u015fletilgen i\u015f topla\u015fuvlarn\u0131\u00f1 cedvelini [&hellip;]<\/p>\n","protected":false},"author":1,"featured_media":0,"comment_status":"open","ping_status":"open","sticky":false,"template":"","format":"standard","meta":{"inline_featured_image":false,"footnotes":""},"categories":[265],"tags":[],"class_list":["post-41258","post","type-post","status-publish","format-standard","hentry","category-haberler"],"acf":[],"yoast_head":"<!-- This site is optimized with the Yoast SEO plugin v27.4 - https:\/\/yoast.com\/product\/yoast-seo-wordpress\/ -->\n<title>Meclis reisi Refat \u00c7ubarov \u00f6z muavinleri ile i\u015f topla\u015fuv\u0131 ke\u00e7irdi - \u041c\u0435\u0434\u0436\u043b\u0456\u0441<\/title>\n<meta name=\"robots\" content=\"index, follow, max-snippet:-1, max-image-preview:large, max-video-preview:-1\" \/>\n<link rel=\"canonical\" href=\"https:\/\/qtmm.org\/qt\/meclis-reisi-refat-cubarov-oz-muavinleri-ile-is-toplasuvi-kecirdi\/\" \/>\n<meta property=\"og:locale\" content=\"en_US\" \/>\n<meta property=\"og:type\" content=\"article\" \/>\n<meta property=\"og:title\" content=\"Meclis reisi Refat \u00c7ubarov \u00f6z muavinleri ile i\u015f topla\u015fuv\u0131 ke\u00e7irdi - \u041c\u0435\u0434\u0436\u043b\u0456\u0441\" \/>\n<meta property=\"og:description\" content=\"2013 senesi 29 noyabr k\u00fcn\u00fc Meclis reisi Refat \u00c7ubarov \u00f6z muavinleri Zaur Smirnov, Ahtem \u00c7iygoz, Nariman Cel\u00e2l ve Ayder Acimambetov ile topla\u015fuv ke\u00e7irdi. Topla\u015fuvda Meclis K\u00e2tibiyetini\u00f1 ba\u015f\u0131 Dil\u00e2ver Akiyev de i\u015ftirak etti. Topla\u015fuv devam\u0131nda Meclis yolba\u015f\u00e7\u0131s\u0131 dekabr ay\u0131nda Meclis yolba\u015f\u00e7\u0131lar\u0131 ve Q\u0131r\u0131m musulmanlar\u0131n\u0131\u00f1 diniy idaresi i\u015ftirakinde Q\u0131r\u0131mn\u0131\u00f1 10 region\u0131nda ke\u00e7irilecek seyyar keni\u015fletilgen i\u015f topla\u015fuvlarn\u0131\u00f1 cedvelini [&hellip;]\" \/>\n<meta property=\"og:url\" content=\"https:\/\/qtmm.org\/qt\/meclis-reisi-refat-cubarov-oz-muavinleri-ile-is-toplasuvi-kecirdi\/\" \/>\n<meta property=\"og:site_name\" content=\"\u041c\u0435\u0434\u0436\u043b\u0456\u0441\" \/>\n<meta property=\"article:publisher\" content=\"https:\/\/www.facebook.com\/qtmm.info\/\" \/>\n<meta property=\"article:published_time\" content=\"2013-11-29T18:30:00+00:00\" \/>\n<meta property=\"article:modified_time\" content=\"2022-01-26T18:31:26+00:00\" \/>\n<meta name=\"author\" content=\"Developer\" \/>\n<meta name=\"twitter:card\" content=\"summary_large_image\" \/>\n<meta name=\"twitter:label1\" content=\"Written by\" \/>\n\t<meta name=\"twitter:data1\" content=\"Developer\" \/>\n\t<meta name=\"twitter:label2\" content=\"Est. reading time\" \/>\n\t<meta name=\"twitter:data2\" content=\"1 minute\" \/>\n<script type=\"application\/ld+json\" class=\"yoast-schema-graph\">{\"@context\":\"https:\\\/\\\/schema.org\",\"@graph\":[{\"@type\":\"Article\",\"@id\":\"https:\\\/\\\/qtmm.org\\\/qt\\\/meclis-reisi-refat-cubarov-oz-muavinleri-ile-is-toplasuvi-kecirdi\\\/#article\",\"isPartOf\":{\"@id\":\"https:\\\/\\\/qtmm.org\\\/qt\\\/meclis-reisi-refat-cubarov-oz-muavinleri-ile-is-toplasuvi-kecirdi\\\/\"},\"author\":{\"name\":\"Developer\",\"@id\":\"https:\\\/\\\/qtmm.org\\\/qt\\\/#\\\/schema\\\/person\\\/de562469f971dec226ac06e60bbf74a7\"},\"headline\":\"Meclis reisi Refat \u00c7ubarov \u00f6z muavinleri ile i\u015f topla\u015fuv\u0131 ke\u00e7irdi\",\"datePublished\":\"2013-11-29T18:30:00+00:00\",\"dateModified\":\"2022-01-26T18:31:26+00:00\",\"mainEntityOfPage\":{\"@id\":\"https:\\\/\\\/qtmm.org\\\/qt\\\/meclis-reisi-refat-cubarov-oz-muavinleri-ile-is-toplasuvi-kecirdi\\\/\"},\"wordCount\":232,\"commentCount\":0,\"publisher\":{\"@id\":\"https:\\\/\\\/qtmm.org\\\/qt\\\/#organization\"},\"articleSection\":[\"Haberler\"],\"inLanguage\":\"qt\",\"potentialAction\":[{\"@type\":\"CommentAction\",\"name\":\"Comment\",\"target\":[\"https:\\\/\\\/qtmm.org\\\/qt\\\/meclis-reisi-refat-cubarov-oz-muavinleri-ile-is-toplasuvi-kecirdi\\\/#respond\"]}]},{\"@type\":\"WebPage\",\"@id\":\"https:\\\/\\\/qtmm.org\\\/qt\\\/meclis-reisi-refat-cubarov-oz-muavinleri-ile-is-toplasuvi-kecirdi\\\/\",\"url\":\"https:\\\/\\\/qtmm.org\\\/qt\\\/meclis-reisi-refat-cubarov-oz-muavinleri-ile-is-toplasuvi-kecirdi\\\/\",\"name\":\"Meclis reisi Refat \u00c7ubarov \u00f6z muavinleri ile i\u015f topla\u015fuv\u0131 ke\u00e7irdi - \u041c\u0435\u0434\u0436\u043b\u0456\u0441\",\"isPartOf\":{\"@id\":\"https:\\\/\\\/qtmm.org\\\/qt\\\/#website\"},\"datePublished\":\"2013-11-29T18:30:00+00:00\",\"dateModified\":\"2022-01-26T18:31:26+00:00\",\"breadcrumb\":{\"@id\":\"https:\\\/\\\/qtmm.org\\\/qt\\\/meclis-reisi-refat-cubarov-oz-muavinleri-ile-is-toplasuvi-kecirdi\\\/#breadcrumb\"},\"inLanguage\":\"qt\",\"potentialAction\":[{\"@type\":\"ReadAction\",\"target\":[\"https:\\\/\\\/qtmm.org\\\/qt\\\/meclis-reisi-refat-cubarov-oz-muavinleri-ile-is-toplasuvi-kecirdi\\\/\"]}]},{\"@type\":\"BreadcrumbList\",\"@id\":\"https:\\\/\\\/qtmm.org\\\/qt\\\/meclis-reisi-refat-cubarov-oz-muavinleri-ile-is-toplasuvi-kecirdi\\\/#breadcrumb\",\"itemListElement\":[{\"@type\":\"ListItem\",\"position\":1,\"name\":\"\u0413\u043e\u043b\u043e\u0432\u043d\u0430\",\"item\":\"https:\\\/\\\/qtmm.org\\\/qt\\\/\"},{\"@type\":\"ListItem\",\"position\":2,\"name\":\"Meclis reisi Refat \u00c7ubarov \u00f6z muavinleri ile i\u015f topla\u015fuv\u0131 ke\u00e7irdi\"}]},{\"@type\":\"WebSite\",\"@id\":\"https:\\\/\\\/qtmm.org\\\/qt\\\/#website\",\"url\":\"https:\\\/\\\/qtmm.org\\\/qt\\\/\",\"name\":\"\u041c\u0435\u0434\u0436\u043b\u0456\u0441\",\"description\":\"\",\"publisher\":{\"@id\":\"https:\\\/\\\/qtmm.org\\\/qt\\\/#organization\"},\"potentialAction\":[{\"@type\":\"SearchAction\",\"target\":{\"@type\":\"EntryPoint\",\"urlTemplate\":\"https:\\\/\\\/qtmm.org\\\/qt\\\/?s={search_term_string}\"},\"query-input\":{\"@type\":\"PropertyValueSpecification\",\"valueRequired\":true,\"valueName\":\"search_term_string\"}}],\"inLanguage\":\"qt\"},{\"@type\":\"Organization\",\"@id\":\"https:\\\/\\\/qtmm.org\\\/qt\\\/#organization\",\"name\":\"\u041c\u0435\u0434\u0436\u043b\u0456\u0441\",\"url\":\"https:\\\/\\\/qtmm.org\\\/qt\\\/\",\"logo\":{\"@type\":\"ImageObject\",\"inLanguage\":\"qt\",\"@id\":\"https:\\\/\\\/qtmm.org\\\/qt\\\/#\\\/schema\\\/logo\\\/image\\\/\",\"url\":\"https:\\\/\\\/qtmm.org\\\/wp-content\\\/uploads\\\/2024\\\/12\\\/ua-mejlis-logo-rgb.svg\",\"contentUrl\":\"https:\\\/\\\/qtmm.org\\\/wp-content\\\/uploads\\\/2024\\\/12\\\/ua-mejlis-logo-rgb.svg\",\"caption\":\"\u041c\u0435\u0434\u0436\u043b\u0456\u0441\"},\"image\":{\"@id\":\"https:\\\/\\\/qtmm.org\\\/qt\\\/#\\\/schema\\\/logo\\\/image\\\/\"},\"sameAs\":[\"https:\\\/\\\/www.facebook.com\\\/qtmm.info\\\/\"]},{\"@type\":\"Person\",\"@id\":\"https:\\\/\\\/qtmm.org\\\/qt\\\/#\\\/schema\\\/person\\\/de562469f971dec226ac06e60bbf74a7\",\"name\":\"Developer\",\"image\":{\"@type\":\"ImageObject\",\"inLanguage\":\"qt\",\"@id\":\"https:\\\/\\\/secure.gravatar.com\\\/avatar\\\/392b4cc8fbfeb00b39dfeeab4ee6edded39ffd48e25858637e4765810300227e?s=96&d=mm&r=g\",\"url\":\"https:\\\/\\\/secure.gravatar.com\\\/avatar\\\/392b4cc8fbfeb00b39dfeeab4ee6edded39ffd48e25858637e4765810300227e?s=96&d=mm&r=g\",\"contentUrl\":\"https:\\\/\\\/secure.gravatar.com\\\/avatar\\\/392b4cc8fbfeb00b39dfeeab4ee6edded39ffd48e25858637e4765810300227e?s=96&d=mm&r=g\",\"caption\":\"Developer\"},\"url\":\"https:\\\/\\\/qtmm.org\\\/qt\\\/author\\\/Developer\\\/\"}]}<\/script>\n<!-- \/ Yoast SEO plugin. -->","yoast_head_json":{"title":"Meclis reisi Refat \u00c7ubarov \u00f6z muavinleri ile i\u015f topla\u015fuv\u0131 ke\u00e7irdi - \u041c\u0435\u0434\u0436\u043b\u0456\u0441","robots":{"index":"index","follow":"follow","max-snippet":"max-snippet:-1","max-image-preview":"max-image-preview:large","max-video-preview":"max-video-preview:-1"},"canonical":"https:\/\/qtmm.org\/qt\/meclis-reisi-refat-cubarov-oz-muavinleri-ile-is-toplasuvi-kecirdi\/","og_locale":"en_US","og_type":"article","og_title":"Meclis reisi Refat \u00c7ubarov \u00f6z muavinleri ile i\u015f topla\u015fuv\u0131 ke\u00e7irdi - \u041c\u0435\u0434\u0436\u043b\u0456\u0441","og_description":"2013 senesi 29 noyabr k\u00fcn\u00fc Meclis reisi Refat \u00c7ubarov \u00f6z muavinleri Zaur Smirnov, Ahtem \u00c7iygoz, Nariman Cel\u00e2l ve Ayder Acimambetov ile topla\u015fuv ke\u00e7irdi. Topla\u015fuvda Meclis K\u00e2tibiyetini\u00f1 ba\u015f\u0131 Dil\u00e2ver Akiyev de i\u015ftirak etti. Topla\u015fuv devam\u0131nda Meclis yolba\u015f\u00e7\u0131s\u0131 dekabr ay\u0131nda Meclis yolba\u015f\u00e7\u0131lar\u0131 ve Q\u0131r\u0131m musulmanlar\u0131n\u0131\u00f1 diniy idaresi i\u015ftirakinde Q\u0131r\u0131mn\u0131\u00f1 10 region\u0131nda ke\u00e7irilecek seyyar keni\u015fletilgen i\u015f topla\u015fuvlarn\u0131\u00f1 cedvelini [&hellip;]","og_url":"https:\/\/qtmm.org\/qt\/meclis-reisi-refat-cubarov-oz-muavinleri-ile-is-toplasuvi-kecirdi\/","og_site_name":"\u041c\u0435\u0434\u0436\u043b\u0456\u0441","article_publisher":"https:\/\/www.facebook.com\/qtmm.info\/","article_published_time":"2013-11-29T18:30:00+00:00","article_modified_time":"2022-01-26T18:31:26+00:00","author":"Developer","twitter_card":"summary_large_image","twitter_misc":{"Written by":"Developer","Est. reading time":"1 minute"},"schema":{"@context":"https:\/\/schema.org","@graph":[{"@type":"Article","@id":"https:\/\/qtmm.org\/qt\/meclis-reisi-refat-cubarov-oz-muavinleri-ile-is-toplasuvi-kecirdi\/#article","isPartOf":{"@id":"https:\/\/qtmm.org\/qt\/meclis-reisi-refat-cubarov-oz-muavinleri-ile-is-toplasuvi-kecirdi\/"},"author":{"name":"Developer","@id":"https:\/\/qtmm.org\/qt\/#\/schema\/person\/de562469f971dec226ac06e60bbf74a7"},"headline":"Meclis reisi Refat \u00c7ubarov \u00f6z muavinleri ile i\u015f topla\u015fuv\u0131 ke\u00e7irdi","datePublished":"2013-11-29T18:30:00+00:00","dateModified":"2022-01-26T18:31:26+00:00","mainEntityOfPage":{"@id":"https:\/\/qtmm.org\/qt\/meclis-reisi-refat-cubarov-oz-muavinleri-ile-is-toplasuvi-kecirdi\/"},"wordCount":232,"commentCount":0,"publisher":{"@id":"https:\/\/qtmm.org\/qt\/#organization"},"articleSection":["Haberler"],"inLanguage":"qt","potentialAction":[{"@type":"CommentAction","name":"Comment","target":["https:\/\/qtmm.org\/qt\/meclis-reisi-refat-cubarov-oz-muavinleri-ile-is-toplasuvi-kecirdi\/#respond"]}]},{"@type":"WebPage","@id":"https:\/\/qtmm.org\/qt\/meclis-reisi-refat-cubarov-oz-muavinleri-ile-is-toplasuvi-kecirdi\/","url":"https:\/\/qtmm.org\/qt\/meclis-reisi-refat-cubarov-oz-muavinleri-ile-is-toplasuvi-kecirdi\/","name":"Meclis reisi Refat \u00c7ubarov \u00f6z muavinleri ile i\u015f topla\u015fuv\u0131 ke\u00e7irdi - \u041c\u0435\u0434\u0436\u043b\u0456\u0441","isPartOf":{"@id":"https:\/\/qtmm.org\/qt\/#website"},"datePublished":"2013-11-29T18:30:00+00:00","dateModified":"2022-01-26T18:31:26+00:00","breadcrumb":{"@id":"https:\/\/qtmm.org\/qt\/meclis-reisi-refat-cubarov-oz-muavinleri-ile-is-toplasuvi-kecirdi\/#breadcrumb"},"inLanguage":"qt","potentialAction":[{"@type":"ReadAction","target":["https:\/\/qtmm.org\/qt\/meclis-reisi-refat-cubarov-oz-muavinleri-ile-is-toplasuvi-kecirdi\/"]}]},{"@type":"BreadcrumbList","@id":"https:\/\/qtmm.org\/qt\/meclis-reisi-refat-cubarov-oz-muavinleri-ile-is-toplasuvi-kecirdi\/#breadcrumb","itemListElement":[{"@type":"ListItem","position":1,"name":"\u0413\u043e\u043b\u043e\u0432\u043d\u0430","item":"https:\/\/qtmm.org\/qt\/"},{"@type":"ListItem","position":2,"name":"Meclis reisi Refat \u00c7ubarov \u00f6z muavinleri ile i\u015f topla\u015fuv\u0131 ke\u00e7irdi"}]},{"@type":"WebSite","@id":"https:\/\/qtmm.org\/qt\/#website","url":"https:\/\/qtmm.org\/qt\/","name":"\u041c\u0435\u0434\u0436\u043b\u0456\u0441","description":"","publisher":{"@id":"https:\/\/qtmm.org\/qt\/#organization"},"potentialAction":[{"@type":"SearchAction","target":{"@type":"EntryPoint","urlTemplate":"https:\/\/qtmm.org\/qt\/?s={search_term_string}"},"query-input":{"@type":"PropertyValueSpecification","valueRequired":true,"valueName":"search_term_string"}}],"inLanguage":"qt"},{"@type":"Organization","@id":"https:\/\/qtmm.org\/qt\/#organization","name":"\u041c\u0435\u0434\u0436\u043b\u0456\u0441","url":"https:\/\/qtmm.org\/qt\/","logo":{"@type":"ImageObject","inLanguage":"qt","@id":"https:\/\/qtmm.org\/qt\/#\/schema\/logo\/image\/","url":"https:\/\/qtmm.org\/wp-content\/uploads\/2024\/12\/ua-mejlis-logo-rgb.svg","contentUrl":"https:\/\/qtmm.org\/wp-content\/uploads\/2024\/12\/ua-mejlis-logo-rgb.svg","caption":"\u041c\u0435\u0434\u0436\u043b\u0456\u0441"},"image":{"@id":"https:\/\/qtmm.org\/qt\/#\/schema\/logo\/image\/"},"sameAs":["https:\/\/www.facebook.com\/qtmm.info\/"]},{"@type":"Person","@id":"https:\/\/qtmm.org\/qt\/#\/schema\/person\/de562469f971dec226ac06e60bbf74a7","name":"Developer","image":{"@type":"ImageObject","inLanguage":"qt","@id":"https:\/\/secure.gravatar.com\/avatar\/392b4cc8fbfeb00b39dfeeab4ee6edded39ffd48e25858637e4765810300227e?s=96&d=mm&r=g","url":"https:\/\/secure.gravatar.com\/avatar\/392b4cc8fbfeb00b39dfeeab4ee6edded39ffd48e25858637e4765810300227e?s=96&d=mm&r=g","contentUrl":"https:\/\/secure.gravatar.com\/avatar\/392b4cc8fbfeb00b39dfeeab4ee6edded39ffd48e25858637e4765810300227e?s=96&d=mm&r=g","caption":"Developer"},"url":"https:\/\/qtmm.org\/qt\/author\/Developer\/"}]}},"_links":{"self":[{"href":"https:\/\/qtmm.org\/qt\/wp-json\/wp\/v2\/posts\/41258","targetHints":{"allow":["GET"]}}],"collection":[{"href":"https:\/\/qtmm.org\/qt\/wp-json\/wp\/v2\/posts"}],"about":[{"href":"https:\/\/qtmm.org\/qt\/wp-json\/wp\/v2\/types\/post"}],"author":[{"embeddable":true,"href":"https:\/\/qtmm.org\/qt\/wp-json\/wp\/v2\/users\/1"}],"replies":[{"embeddable":true,"href":"https:\/\/qtmm.org\/qt\/wp-json\/wp\/v2\/comments?post=41258"}],"version-history":[{"count":1,"href":"https:\/\/qtmm.org\/qt\/wp-json\/wp\/v2\/posts\/41258\/revisions"}],"predecessor-version":[{"id":41259,"href":"https:\/\/qtmm.org\/qt\/wp-json\/wp\/v2\/posts\/41258\/revisions\/41259"}],"wp:attachment":[{"href":"https:\/\/qtmm.org\/qt\/wp-json\/wp\/v2\/media?parent=41258"}],"wp:term":[{"taxonomy":"category","embeddable":true,"href":"https:\/\/qtmm.org\/qt\/wp-json\/wp\/v2\/categories?post=41258"},{"taxonomy":"post_tag","embeddable":true,"href":"https:\/\/qtmm.org\/qt\/wp-json\/wp\/v2\/tags?post=41258"}],"curies":[{"name":"wp","href":"https:\/\/api.w.org\/{rel}","templated":true}]}}