




{"id":41232,"date":"2013-11-29T21:26:00","date_gmt":"2013-11-29T18:26:00","guid":{"rendered":"http:\/\/qtmm.org\/?p=41232"},"modified":"2022-01-26T21:30:11","modified_gmt":"2022-01-26T18:30:11","slug":"meclis-reisi-refat-cubarov-ukraina-avropa-halqlari-ailesine-mitlaqa-qosulacagina-emin","status":"publish","type":"post","link":"https:\/\/qtmm.org\/qt\/meclis-reisi-refat-cubarov-ukraina-avropa-halqlari-ailesine-mitlaqa-qosulacagina-emin\/","title":{"rendered":"Meclis reisi Refat \u00c7ubarov Ukraina Avropa halqlar\u0131 ailesine m\u0131tlaqa qo\u015fulaca\u011f\u0131na emin"},"content":{"rendered":"\n<p>Ukraina Avropa halqlar\u0131n\u0131\u00f1 ailesinde oluv\u0131n\u0131\u00f1 istegi Ukraina vatanda\u015flar\u0131n\u0131 birle\u015ftirdi. Bu aqta Milliy Meclis reisi Refat \u00c7ubarov Aqmescitte noyabr 28-de ol\u011fan &#8220;Men Avropa Birligini se\u00e7em&#8221; aktsiyas\u0131nda \u00e7\u0131q\u0131\u015fta bulun\u011fanda bildirdi, dep\u00a0haber eteler Q\u0131r\u0131m k\u00fctleviy matbuat vastalar\u0131.<\/p>\n\n\n\n<figure class=\"wp-block-image size-full\"><img loading=\"lazy\" decoding=\"async\" width=\"650\" height=\"383\" src=\"http:\/\/qtmm.org\/wp-content\/uploads\/2022\/01\/g1xpspdewva.jpeg\" alt=\"\" class=\"wp-image-41233\" srcset=\"https:\/\/qtmm.org\/wp-content\/uploads\/2022\/01\/g1xpspdewva.jpeg 650w, https:\/\/qtmm.org\/wp-content\/uploads\/2022\/01\/g1xpspdewva-300x177.jpeg 300w\" sizes=\"auto, (max-width: 650px) 100vw, 650px\" \/><\/figure>\n\n\n\n<p>Aqmescitni\u00f1 merkeziy meydan\u0131na Q\u0131r\u0131mda ya\u015fa\u011fan \u00e7e\u015fit millet vekilleri topland\u0131lar. Aktsiya i\u015ftirak\u00e7ileri aras\u0131nda bulun\u011fan \u00e7oq ya\u015flar, q\u0131r\u0131mtatar milliy areket veteranlar\u0131, Meclis azalar\u0131, cemaat te\u015fkil\u00e2tlar\u0131n\u0131\u00f1 azalar\u0131 ellerinde ukrain vei q\u0131r\u0131mtatar milliy bayraqlar\u0131 ve Avropa Birligi bayraqlar\u0131 ile Ukraina gimnini icra etip, &#8220;Ukraina \u2013 bu Avropa&#8221;, &#8220;Yanukovi\u00e7, imzala!&#8221; degen s\u00f6zlerni aytt\u0131lar.<\/p>\n\n\n\n<p>Miting devam\u0131nda Q\u0131r\u0131mtatar halq\u0131 Meclisini\u00f1, Q\u0131r\u0131m cemaat te\u015fkil\u00e2tlar\u0131n\u0131\u00f1 azalar\u0131 ve q\u0131r\u0131mtatar halq\u0131 milliy areketini\u00f1 veteranlar\u0131 \u00e7\u0131q\u0131\u015fta bulund\u0131lar.<\/p>\n\n\n\n<figure class=\"wp-block-image size-full\"><img loading=\"lazy\" decoding=\"async\" width=\"800\" height=\"534\" src=\"http:\/\/qtmm.org\/wp-content\/uploads\/2022\/01\/3ec.jpeg\" alt=\"\" class=\"wp-image-41241\" srcset=\"https:\/\/qtmm.org\/wp-content\/uploads\/2022\/01\/3ec.jpeg 800w, https:\/\/qtmm.org\/wp-content\/uploads\/2022\/01\/3ec-300x200.jpeg 300w, https:\/\/qtmm.org\/wp-content\/uploads\/2022\/01\/3ec-768x513.jpeg 768w\" sizes=\"auto, (max-width: 800px) 100vw, 800px\" \/><\/figure>\n\n\n\n<p>&#8220;Men insanlarn\u0131 neler birle\u015ftirip olur, dep \u00e7oq t\u00fc\u015f\u00fcnem. Ve niayet, vaziyetni\u00f1 \u00f6z\u00fc bun\u0131 belgiledi. Men m\u0131nda, meydanda \u00e7e\u015fit tillerde qonu\u015fqan ve belki de Q\u0131r\u0131mn\u0131\u00f1 a\u011f\u0131mdaki vaziyetine farql\u0131 q\u0131ymet kesken, amma episi Ukraina serbest Avropa halqlar\u0131 ailesinde olmas\u0131n\u0131 istegen insanlarn\u0131 ve bilhassa ya\u015flarn\u0131 k\u00f6rip pek sevinem. \u0130\u015fte bu bizim epimizni birle\u015ftirdi&#8221;, &#8211; dedi \u00f6z \u00e7\u0131q\u0131\u015f\u0131nda Milliy Meclis reisi Refat \u00c7ubarov.<\/p>\n\n\n\n<div class=\"wp-block-image\"><figure class=\"aligncenter size-full\"><img loading=\"lazy\" decoding=\"async\" width=\"650\" height=\"364\" src=\"http:\/\/qtmm.org\/wp-content\/uploads\/2022\/01\/oranmhkebvs-1.jpeg\" alt=\"\" class=\"wp-image-41249\" srcset=\"https:\/\/qtmm.org\/wp-content\/uploads\/2022\/01\/oranmhkebvs-1.jpeg 650w, https:\/\/qtmm.org\/wp-content\/uploads\/2022\/01\/oranmhkebvs-1-300x168.jpeg 300w\" sizes=\"auto, (max-width: 650px) 100vw, 650px\" \/><\/figure><\/div>\n\n\n\n<p>&#8220;Niayet, uquq, serbestlik, biri-birini\u00f1 qadirini bilgenler aras\u0131nda, Avropa ailesinde bulunmaq istegimiz bizni birle\u015ftirdi. Sab\u0131r eti\u00f1iz, bug\u00fcn olmasa, eminim ki, elbetteki yar\u0131n \u2013 biz anda olurm\u0131z&#8221;, &#8211; dep qayd etti Q\u0131r\u0131mtatar halq\u0131 Meclisini\u00f1 reisi.<\/p>\n\n\n\n<p>Ukrain devletini\u00f1 Avropa integratsiyas\u0131 yonuli\u015fine qoltutmaq kerekligini Meclis K\u00e2tibiyetini\u00f1 ba\u015f\u0131 Dil\u00e2ver Akiyev de \u00f6z \u00e7\u0131q\u0131\u015f\u0131nda bildirdi.<\/p>\n\n\n\n<figure class=\"wp-block-image size-full\"><img loading=\"lazy\" decoding=\"async\" width=\"650\" height=\"380\" src=\"http:\/\/qtmm.org\/wp-content\/uploads\/2022\/01\/bfqkuhihkqa.jpeg\" alt=\"\" class=\"wp-image-41253\" srcset=\"https:\/\/qtmm.org\/wp-content\/uploads\/2022\/01\/bfqkuhihkqa.jpeg 650w, https:\/\/qtmm.org\/wp-content\/uploads\/2022\/01\/bfqkuhihkqa-300x175.jpeg 300w\" sizes=\"auto, (max-width: 650px) 100vw, 650px\" \/><\/figure>\n","protected":false},"excerpt":{"rendered":"<p>Ukraina Avropa halqlar\u0131n\u0131\u00f1 ailesinde oluv\u0131n\u0131\u00f1 istegi Ukraina vatanda\u015flar\u0131n\u0131 birle\u015ftirdi. Bu aqta Milliy Meclis reisi Refat \u00c7ubarov Aqmescitte noyabr 28-de ol\u011fan &#8220;Men Avropa Birligini se\u00e7em&#8221; aktsiyas\u0131nda \u00e7\u0131q\u0131\u015fta bulun\u011fanda bildirdi, dep\u00a0haber eteler Q\u0131r\u0131m k\u00fctleviy matbuat vastalar\u0131. Aqmescitni\u00f1 merkeziy meydan\u0131na Q\u0131r\u0131mda ya\u015fa\u011fan \u00e7e\u015fit millet vekilleri topland\u0131lar. Aktsiya i\u015ftirak\u00e7ileri aras\u0131nda bulun\u011fan \u00e7oq ya\u015flar, q\u0131r\u0131mtatar milliy areket veteranlar\u0131, Meclis azalar\u0131, [&hellip;]<\/p>\n","protected":false},"author":1,"featured_media":41237,"comment_status":"open","ping_status":"open","sticky":false,"template":"","format":"standard","meta":{"inline_featured_image":false,"footnotes":""},"categories":[265],"tags":[],"class_list":["post-41232","post","type-post","status-publish","format-standard","has-post-thumbnail","hentry","category-haberler"],"acf":[],"yoast_head":"<!-- This site is optimized with the Yoast SEO plugin v27.4 - https:\/\/yoast.com\/product\/yoast-seo-wordpress\/ -->\n<title>Meclis reisi Refat \u00c7ubarov Ukraina Avropa halqlar\u0131 ailesine m\u0131tlaqa qo\u015fulaca\u011f\u0131na emin - \u041c\u0435\u0434\u0436\u043b\u0456\u0441<\/title>\n<meta name=\"robots\" content=\"index, follow, max-snippet:-1, max-image-preview:large, max-video-preview:-1\" \/>\n<link rel=\"canonical\" href=\"https:\/\/qtmm.org\/qt\/meclis-reisi-refat-cubarov-ukraina-avropa-halqlari-ailesine-mitlaqa-qosulacagina-emin\/\" \/>\n<meta property=\"og:locale\" content=\"en_US\" \/>\n<meta property=\"og:type\" content=\"article\" \/>\n<meta property=\"og:title\" content=\"Meclis reisi Refat \u00c7ubarov Ukraina Avropa halqlar\u0131 ailesine m\u0131tlaqa qo\u015fulaca\u011f\u0131na emin - \u041c\u0435\u0434\u0436\u043b\u0456\u0441\" \/>\n<meta property=\"og:description\" content=\"Ukraina Avropa halqlar\u0131n\u0131\u00f1 ailesinde oluv\u0131n\u0131\u00f1 istegi Ukraina vatanda\u015flar\u0131n\u0131 birle\u015ftirdi. Bu aqta Milliy Meclis reisi Refat \u00c7ubarov Aqmescitte noyabr 28-de ol\u011fan &#8220;Men Avropa Birligini se\u00e7em&#8221; aktsiyas\u0131nda \u00e7\u0131q\u0131\u015fta bulun\u011fanda bildirdi, dep\u00a0haber eteler Q\u0131r\u0131m k\u00fctleviy matbuat vastalar\u0131. Aqmescitni\u00f1 merkeziy meydan\u0131na Q\u0131r\u0131mda ya\u015fa\u011fan \u00e7e\u015fit millet vekilleri topland\u0131lar. Aktsiya i\u015ftirak\u00e7ileri aras\u0131nda bulun\u011fan \u00e7oq ya\u015flar, q\u0131r\u0131mtatar milliy areket veteranlar\u0131, Meclis azalar\u0131, [&hellip;]\" \/>\n<meta property=\"og:url\" content=\"https:\/\/qtmm.org\/qt\/meclis-reisi-refat-cubarov-ukraina-avropa-halqlari-ailesine-mitlaqa-qosulacagina-emin\/\" \/>\n<meta property=\"og:site_name\" content=\"\u041c\u0435\u0434\u0436\u043b\u0456\u0441\" \/>\n<meta property=\"article:publisher\" content=\"https:\/\/www.facebook.com\/qtmm.info\/\" \/>\n<meta property=\"article:published_time\" content=\"2013-11-29T18:26:00+00:00\" \/>\n<meta property=\"article:modified_time\" content=\"2022-01-26T18:30:11+00:00\" \/>\n<meta property=\"og:image\" content=\"https:\/\/qtmm.org\/wp-content\/uploads\/2022\/01\/4us.jpeg\" \/>\n\t<meta property=\"og:image:width\" content=\"800\" \/>\n\t<meta property=\"og:image:height\" content=\"530\" \/>\n\t<meta property=\"og:image:type\" content=\"image\/jpeg\" \/>\n<meta name=\"author\" content=\"Developer\" \/>\n<meta name=\"twitter:card\" content=\"summary_large_image\" \/>\n<meta name=\"twitter:label1\" content=\"Written by\" \/>\n\t<meta name=\"twitter:data1\" content=\"Developer\" \/>\n\t<meta name=\"twitter:label2\" content=\"Est. reading time\" \/>\n\t<meta name=\"twitter:data2\" content=\"1 minute\" \/>\n<script type=\"application\/ld+json\" class=\"yoast-schema-graph\">{\"@context\":\"https:\\\/\\\/schema.org\",\"@graph\":[{\"@type\":\"Article\",\"@id\":\"https:\\\/\\\/qtmm.org\\\/qt\\\/meclis-reisi-refat-cubarov-ukraina-avropa-halqlari-ailesine-mitlaqa-qosulacagina-emin\\\/#article\",\"isPartOf\":{\"@id\":\"https:\\\/\\\/qtmm.org\\\/qt\\\/meclis-reisi-refat-cubarov-ukraina-avropa-halqlari-ailesine-mitlaqa-qosulacagina-emin\\\/\"},\"author\":{\"name\":\"Developer\",\"@id\":\"https:\\\/\\\/qtmm.org\\\/qt\\\/#\\\/schema\\\/person\\\/de562469f971dec226ac06e60bbf74a7\"},\"headline\":\"Meclis reisi Refat \u00c7ubarov Ukraina Avropa halqlar\u0131 ailesine m\u0131tlaqa qo\u015fulaca\u011f\u0131na emin\",\"datePublished\":\"2013-11-29T18:26:00+00:00\",\"dateModified\":\"2022-01-26T18:30:11+00:00\",\"mainEntityOfPage\":{\"@id\":\"https:\\\/\\\/qtmm.org\\\/qt\\\/meclis-reisi-refat-cubarov-ukraina-avropa-halqlari-ailesine-mitlaqa-qosulacagina-emin\\\/\"},\"wordCount\":293,\"commentCount\":0,\"publisher\":{\"@id\":\"https:\\\/\\\/qtmm.org\\\/qt\\\/#organization\"},\"image\":{\"@id\":\"https:\\\/\\\/qtmm.org\\\/qt\\\/meclis-reisi-refat-cubarov-ukraina-avropa-halqlari-ailesine-mitlaqa-qosulacagina-emin\\\/#primaryimage\"},\"thumbnailUrl\":\"https:\\\/\\\/qtmm.org\\\/wp-content\\\/uploads\\\/2022\\\/01\\\/4us.jpeg\",\"articleSection\":[\"Haberler\"],\"inLanguage\":\"qt\",\"potentialAction\":[{\"@type\":\"CommentAction\",\"name\":\"Comment\",\"target\":[\"https:\\\/\\\/qtmm.org\\\/qt\\\/meclis-reisi-refat-cubarov-ukraina-avropa-halqlari-ailesine-mitlaqa-qosulacagina-emin\\\/#respond\"]}]},{\"@type\":\"WebPage\",\"@id\":\"https:\\\/\\\/qtmm.org\\\/qt\\\/meclis-reisi-refat-cubarov-ukraina-avropa-halqlari-ailesine-mitlaqa-qosulacagina-emin\\\/\",\"url\":\"https:\\\/\\\/qtmm.org\\\/qt\\\/meclis-reisi-refat-cubarov-ukraina-avropa-halqlari-ailesine-mitlaqa-qosulacagina-emin\\\/\",\"name\":\"Meclis reisi Refat \u00c7ubarov Ukraina Avropa halqlar\u0131 ailesine m\u0131tlaqa qo\u015fulaca\u011f\u0131na emin - \u041c\u0435\u0434\u0436\u043b\u0456\u0441\",\"isPartOf\":{\"@id\":\"https:\\\/\\\/qtmm.org\\\/qt\\\/#website\"},\"primaryImageOfPage\":{\"@id\":\"https:\\\/\\\/qtmm.org\\\/qt\\\/meclis-reisi-refat-cubarov-ukraina-avropa-halqlari-ailesine-mitlaqa-qosulacagina-emin\\\/#primaryimage\"},\"image\":{\"@id\":\"https:\\\/\\\/qtmm.org\\\/qt\\\/meclis-reisi-refat-cubarov-ukraina-avropa-halqlari-ailesine-mitlaqa-qosulacagina-emin\\\/#primaryimage\"},\"thumbnailUrl\":\"https:\\\/\\\/qtmm.org\\\/wp-content\\\/uploads\\\/2022\\\/01\\\/4us.jpeg\",\"datePublished\":\"2013-11-29T18:26:00+00:00\",\"dateModified\":\"2022-01-26T18:30:11+00:00\",\"breadcrumb\":{\"@id\":\"https:\\\/\\\/qtmm.org\\\/qt\\\/meclis-reisi-refat-cubarov-ukraina-avropa-halqlari-ailesine-mitlaqa-qosulacagina-emin\\\/#breadcrumb\"},\"inLanguage\":\"qt\",\"potentialAction\":[{\"@type\":\"ReadAction\",\"target\":[\"https:\\\/\\\/qtmm.org\\\/qt\\\/meclis-reisi-refat-cubarov-ukraina-avropa-halqlari-ailesine-mitlaqa-qosulacagina-emin\\\/\"]}]},{\"@type\":\"ImageObject\",\"inLanguage\":\"qt\",\"@id\":\"https:\\\/\\\/qtmm.org\\\/qt\\\/meclis-reisi-refat-cubarov-ukraina-avropa-halqlari-ailesine-mitlaqa-qosulacagina-emin\\\/#primaryimage\",\"url\":\"https:\\\/\\\/qtmm.org\\\/wp-content\\\/uploads\\\/2022\\\/01\\\/4us.jpeg\",\"contentUrl\":\"https:\\\/\\\/qtmm.org\\\/wp-content\\\/uploads\\\/2022\\\/01\\\/4us.jpeg\",\"width\":800,\"height\":530},{\"@type\":\"BreadcrumbList\",\"@id\":\"https:\\\/\\\/qtmm.org\\\/qt\\\/meclis-reisi-refat-cubarov-ukraina-avropa-halqlari-ailesine-mitlaqa-qosulacagina-emin\\\/#breadcrumb\",\"itemListElement\":[{\"@type\":\"ListItem\",\"position\":1,\"name\":\"\u0413\u043e\u043b\u043e\u0432\u043d\u0430\",\"item\":\"https:\\\/\\\/qtmm.org\\\/qt\\\/\"},{\"@type\":\"ListItem\",\"position\":2,\"name\":\"Meclis reisi Refat \u00c7ubarov Ukraina Avropa halqlar\u0131 ailesine m\u0131tlaqa qo\u015fulaca\u011f\u0131na emin\"}]},{\"@type\":\"WebSite\",\"@id\":\"https:\\\/\\\/qtmm.org\\\/qt\\\/#website\",\"url\":\"https:\\\/\\\/qtmm.org\\\/qt\\\/\",\"name\":\"\u041c\u0435\u0434\u0436\u043b\u0456\u0441\",\"description\":\"\",\"publisher\":{\"@id\":\"https:\\\/\\\/qtmm.org\\\/qt\\\/#organization\"},\"potentialAction\":[{\"@type\":\"SearchAction\",\"target\":{\"@type\":\"EntryPoint\",\"urlTemplate\":\"https:\\\/\\\/qtmm.org\\\/qt\\\/?s={search_term_string}\"},\"query-input\":{\"@type\":\"PropertyValueSpecification\",\"valueRequired\":true,\"valueName\":\"search_term_string\"}}],\"inLanguage\":\"qt\"},{\"@type\":\"Organization\",\"@id\":\"https:\\\/\\\/qtmm.org\\\/qt\\\/#organization\",\"name\":\"\u041c\u0435\u0434\u0436\u043b\u0456\u0441\",\"url\":\"https:\\\/\\\/qtmm.org\\\/qt\\\/\",\"logo\":{\"@type\":\"ImageObject\",\"inLanguage\":\"qt\",\"@id\":\"https:\\\/\\\/qtmm.org\\\/qt\\\/#\\\/schema\\\/logo\\\/image\\\/\",\"url\":\"https:\\\/\\\/qtmm.org\\\/wp-content\\\/uploads\\\/2024\\\/12\\\/ua-mejlis-logo-rgb.svg\",\"contentUrl\":\"https:\\\/\\\/qtmm.org\\\/wp-content\\\/uploads\\\/2024\\\/12\\\/ua-mejlis-logo-rgb.svg\",\"caption\":\"\u041c\u0435\u0434\u0436\u043b\u0456\u0441\"},\"image\":{\"@id\":\"https:\\\/\\\/qtmm.org\\\/qt\\\/#\\\/schema\\\/logo\\\/image\\\/\"},\"sameAs\":[\"https:\\\/\\\/www.facebook.com\\\/qtmm.info\\\/\"]},{\"@type\":\"Person\",\"@id\":\"https:\\\/\\\/qtmm.org\\\/qt\\\/#\\\/schema\\\/person\\\/de562469f971dec226ac06e60bbf74a7\",\"name\":\"Developer\",\"image\":{\"@type\":\"ImageObject\",\"inLanguage\":\"qt\",\"@id\":\"https:\\\/\\\/secure.gravatar.com\\\/avatar\\\/392b4cc8fbfeb00b39dfeeab4ee6edded39ffd48e25858637e4765810300227e?s=96&d=mm&r=g\",\"url\":\"https:\\\/\\\/secure.gravatar.com\\\/avatar\\\/392b4cc8fbfeb00b39dfeeab4ee6edded39ffd48e25858637e4765810300227e?s=96&d=mm&r=g\",\"contentUrl\":\"https:\\\/\\\/secure.gravatar.com\\\/avatar\\\/392b4cc8fbfeb00b39dfeeab4ee6edded39ffd48e25858637e4765810300227e?s=96&d=mm&r=g\",\"caption\":\"Developer\"},\"url\":\"https:\\\/\\\/qtmm.org\\\/qt\\\/author\\\/Developer\\\/\"}]}<\/script>\n<!-- \/ Yoast SEO plugin. -->","yoast_head_json":{"title":"Meclis reisi Refat \u00c7ubarov Ukraina Avropa halqlar\u0131 ailesine m\u0131tlaqa qo\u015fulaca\u011f\u0131na emin - \u041c\u0435\u0434\u0436\u043b\u0456\u0441","robots":{"index":"index","follow":"follow","max-snippet":"max-snippet:-1","max-image-preview":"max-image-preview:large","max-video-preview":"max-video-preview:-1"},"canonical":"https:\/\/qtmm.org\/qt\/meclis-reisi-refat-cubarov-ukraina-avropa-halqlari-ailesine-mitlaqa-qosulacagina-emin\/","og_locale":"en_US","og_type":"article","og_title":"Meclis reisi Refat \u00c7ubarov Ukraina Avropa halqlar\u0131 ailesine m\u0131tlaqa qo\u015fulaca\u011f\u0131na emin - \u041c\u0435\u0434\u0436\u043b\u0456\u0441","og_description":"Ukraina Avropa halqlar\u0131n\u0131\u00f1 ailesinde oluv\u0131n\u0131\u00f1 istegi Ukraina vatanda\u015flar\u0131n\u0131 birle\u015ftirdi. Bu aqta Milliy Meclis reisi Refat \u00c7ubarov Aqmescitte noyabr 28-de ol\u011fan &#8220;Men Avropa Birligini se\u00e7em&#8221; aktsiyas\u0131nda \u00e7\u0131q\u0131\u015fta bulun\u011fanda bildirdi, dep\u00a0haber eteler Q\u0131r\u0131m k\u00fctleviy matbuat vastalar\u0131. Aqmescitni\u00f1 merkeziy meydan\u0131na Q\u0131r\u0131mda ya\u015fa\u011fan \u00e7e\u015fit millet vekilleri topland\u0131lar. Aktsiya i\u015ftirak\u00e7ileri aras\u0131nda bulun\u011fan \u00e7oq ya\u015flar, q\u0131r\u0131mtatar milliy areket veteranlar\u0131, Meclis azalar\u0131, [&hellip;]","og_url":"https:\/\/qtmm.org\/qt\/meclis-reisi-refat-cubarov-ukraina-avropa-halqlari-ailesine-mitlaqa-qosulacagina-emin\/","og_site_name":"\u041c\u0435\u0434\u0436\u043b\u0456\u0441","article_publisher":"https:\/\/www.facebook.com\/qtmm.info\/","article_published_time":"2013-11-29T18:26:00+00:00","article_modified_time":"2022-01-26T18:30:11+00:00","og_image":[{"width":800,"height":530,"url":"https:\/\/qtmm.org\/wp-content\/uploads\/2022\/01\/4us.jpeg","type":"image\/jpeg"}],"author":"Developer","twitter_card":"summary_large_image","twitter_misc":{"Written by":"Developer","Est. reading time":"1 minute"},"schema":{"@context":"https:\/\/schema.org","@graph":[{"@type":"Article","@id":"https:\/\/qtmm.org\/qt\/meclis-reisi-refat-cubarov-ukraina-avropa-halqlari-ailesine-mitlaqa-qosulacagina-emin\/#article","isPartOf":{"@id":"https:\/\/qtmm.org\/qt\/meclis-reisi-refat-cubarov-ukraina-avropa-halqlari-ailesine-mitlaqa-qosulacagina-emin\/"},"author":{"name":"Developer","@id":"https:\/\/qtmm.org\/qt\/#\/schema\/person\/de562469f971dec226ac06e60bbf74a7"},"headline":"Meclis reisi Refat \u00c7ubarov Ukraina Avropa halqlar\u0131 ailesine m\u0131tlaqa qo\u015fulaca\u011f\u0131na emin","datePublished":"2013-11-29T18:26:00+00:00","dateModified":"2022-01-26T18:30:11+00:00","mainEntityOfPage":{"@id":"https:\/\/qtmm.org\/qt\/meclis-reisi-refat-cubarov-ukraina-avropa-halqlari-ailesine-mitlaqa-qosulacagina-emin\/"},"wordCount":293,"commentCount":0,"publisher":{"@id":"https:\/\/qtmm.org\/qt\/#organization"},"image":{"@id":"https:\/\/qtmm.org\/qt\/meclis-reisi-refat-cubarov-ukraina-avropa-halqlari-ailesine-mitlaqa-qosulacagina-emin\/#primaryimage"},"thumbnailUrl":"https:\/\/qtmm.org\/wp-content\/uploads\/2022\/01\/4us.jpeg","articleSection":["Haberler"],"inLanguage":"qt","potentialAction":[{"@type":"CommentAction","name":"Comment","target":["https:\/\/qtmm.org\/qt\/meclis-reisi-refat-cubarov-ukraina-avropa-halqlari-ailesine-mitlaqa-qosulacagina-emin\/#respond"]}]},{"@type":"WebPage","@id":"https:\/\/qtmm.org\/qt\/meclis-reisi-refat-cubarov-ukraina-avropa-halqlari-ailesine-mitlaqa-qosulacagina-emin\/","url":"https:\/\/qtmm.org\/qt\/meclis-reisi-refat-cubarov-ukraina-avropa-halqlari-ailesine-mitlaqa-qosulacagina-emin\/","name":"Meclis reisi Refat \u00c7ubarov Ukraina Avropa halqlar\u0131 ailesine m\u0131tlaqa qo\u015fulaca\u011f\u0131na emin - \u041c\u0435\u0434\u0436\u043b\u0456\u0441","isPartOf":{"@id":"https:\/\/qtmm.org\/qt\/#website"},"primaryImageOfPage":{"@id":"https:\/\/qtmm.org\/qt\/meclis-reisi-refat-cubarov-ukraina-avropa-halqlari-ailesine-mitlaqa-qosulacagina-emin\/#primaryimage"},"image":{"@id":"https:\/\/qtmm.org\/qt\/meclis-reisi-refat-cubarov-ukraina-avropa-halqlari-ailesine-mitlaqa-qosulacagina-emin\/#primaryimage"},"thumbnailUrl":"https:\/\/qtmm.org\/wp-content\/uploads\/2022\/01\/4us.jpeg","datePublished":"2013-11-29T18:26:00+00:00","dateModified":"2022-01-26T18:30:11+00:00","breadcrumb":{"@id":"https:\/\/qtmm.org\/qt\/meclis-reisi-refat-cubarov-ukraina-avropa-halqlari-ailesine-mitlaqa-qosulacagina-emin\/#breadcrumb"},"inLanguage":"qt","potentialAction":[{"@type":"ReadAction","target":["https:\/\/qtmm.org\/qt\/meclis-reisi-refat-cubarov-ukraina-avropa-halqlari-ailesine-mitlaqa-qosulacagina-emin\/"]}]},{"@type":"ImageObject","inLanguage":"qt","@id":"https:\/\/qtmm.org\/qt\/meclis-reisi-refat-cubarov-ukraina-avropa-halqlari-ailesine-mitlaqa-qosulacagina-emin\/#primaryimage","url":"https:\/\/qtmm.org\/wp-content\/uploads\/2022\/01\/4us.jpeg","contentUrl":"https:\/\/qtmm.org\/wp-content\/uploads\/2022\/01\/4us.jpeg","width":800,"height":530},{"@type":"BreadcrumbList","@id":"https:\/\/qtmm.org\/qt\/meclis-reisi-refat-cubarov-ukraina-avropa-halqlari-ailesine-mitlaqa-qosulacagina-emin\/#breadcrumb","itemListElement":[{"@type":"ListItem","position":1,"name":"\u0413\u043e\u043b\u043e\u0432\u043d\u0430","item":"https:\/\/qtmm.org\/qt\/"},{"@type":"ListItem","position":2,"name":"Meclis reisi Refat \u00c7ubarov Ukraina Avropa halqlar\u0131 ailesine m\u0131tlaqa qo\u015fulaca\u011f\u0131na emin"}]},{"@type":"WebSite","@id":"https:\/\/qtmm.org\/qt\/#website","url":"https:\/\/qtmm.org\/qt\/","name":"\u041c\u0435\u0434\u0436\u043b\u0456\u0441","description":"","publisher":{"@id":"https:\/\/qtmm.org\/qt\/#organization"},"potentialAction":[{"@type":"SearchAction","target":{"@type":"EntryPoint","urlTemplate":"https:\/\/qtmm.org\/qt\/?s={search_term_string}"},"query-input":{"@type":"PropertyValueSpecification","valueRequired":true,"valueName":"search_term_string"}}],"inLanguage":"qt"},{"@type":"Organization","@id":"https:\/\/qtmm.org\/qt\/#organization","name":"\u041c\u0435\u0434\u0436\u043b\u0456\u0441","url":"https:\/\/qtmm.org\/qt\/","logo":{"@type":"ImageObject","inLanguage":"qt","@id":"https:\/\/qtmm.org\/qt\/#\/schema\/logo\/image\/","url":"https:\/\/qtmm.org\/wp-content\/uploads\/2024\/12\/ua-mejlis-logo-rgb.svg","contentUrl":"https:\/\/qtmm.org\/wp-content\/uploads\/2024\/12\/ua-mejlis-logo-rgb.svg","caption":"\u041c\u0435\u0434\u0436\u043b\u0456\u0441"},"image":{"@id":"https:\/\/qtmm.org\/qt\/#\/schema\/logo\/image\/"},"sameAs":["https:\/\/www.facebook.com\/qtmm.info\/"]},{"@type":"Person","@id":"https:\/\/qtmm.org\/qt\/#\/schema\/person\/de562469f971dec226ac06e60bbf74a7","name":"Developer","image":{"@type":"ImageObject","inLanguage":"qt","@id":"https:\/\/secure.gravatar.com\/avatar\/392b4cc8fbfeb00b39dfeeab4ee6edded39ffd48e25858637e4765810300227e?s=96&d=mm&r=g","url":"https:\/\/secure.gravatar.com\/avatar\/392b4cc8fbfeb00b39dfeeab4ee6edded39ffd48e25858637e4765810300227e?s=96&d=mm&r=g","contentUrl":"https:\/\/secure.gravatar.com\/avatar\/392b4cc8fbfeb00b39dfeeab4ee6edded39ffd48e25858637e4765810300227e?s=96&d=mm&r=g","caption":"Developer"},"url":"https:\/\/qtmm.org\/qt\/author\/Developer\/"}]}},"_links":{"self":[{"href":"https:\/\/qtmm.org\/qt\/wp-json\/wp\/v2\/posts\/41232","targetHints":{"allow":["GET"]}}],"collection":[{"href":"https:\/\/qtmm.org\/qt\/wp-json\/wp\/v2\/posts"}],"about":[{"href":"https:\/\/qtmm.org\/qt\/wp-json\/wp\/v2\/types\/post"}],"author":[{"embeddable":true,"href":"https:\/\/qtmm.org\/qt\/wp-json\/wp\/v2\/users\/1"}],"replies":[{"embeddable":true,"href":"https:\/\/qtmm.org\/qt\/wp-json\/wp\/v2\/comments?post=41232"}],"version-history":[{"count":1,"href":"https:\/\/qtmm.org\/qt\/wp-json\/wp\/v2\/posts\/41232\/revisions"}],"predecessor-version":[{"id":41257,"href":"https:\/\/qtmm.org\/qt\/wp-json\/wp\/v2\/posts\/41232\/revisions\/41257"}],"wp:featuredmedia":[{"embeddable":true,"href":"https:\/\/qtmm.org\/qt\/wp-json\/wp\/v2\/media\/41237"}],"wp:attachment":[{"href":"https:\/\/qtmm.org\/qt\/wp-json\/wp\/v2\/media?parent=41232"}],"wp:term":[{"taxonomy":"category","embeddable":true,"href":"https:\/\/qtmm.org\/qt\/wp-json\/wp\/v2\/categories?post=41232"},{"taxonomy":"post_tag","embeddable":true,"href":"https:\/\/qtmm.org\/qt\/wp-json\/wp\/v2\/tags?post=41232"}],"curies":[{"name":"wp","href":"https:\/\/api.w.org\/{rel}","templated":true}]}}