




{"id":41187,"date":"2013-11-28T21:23:00","date_gmt":"2013-11-28T18:23:00","guid":{"rendered":"http:\/\/qtmm.org\/?p=41187"},"modified":"2022-01-26T21:26:37","modified_gmt":"2022-01-26T18:26:37","slug":"2013-senesi-noyabr-28-kunu-aqmescit-regional-meclisnin-kenisletilgen-toplasuvi-olip-kecti","status":"publish","type":"post","link":"https:\/\/qtmm.org\/qt\/2013-senesi-noyabr-28-kunu-aqmescit-regional-meclisnin-kenisletilgen-toplasuvi-olip-kecti\/","title":{"rendered":"2013 senesi noyabr 28 k\u00fcn\u00fc Aqmescit regional meclisni\u00f1 keni\u015fletilgen topla\u015fuv\u0131 ol\u0131p ke\u00e7ti"},"content":{"rendered":"\n<p>Lemmar Yunusovn\u0131\u00f1 reisliginde ke\u00e7irilgen bu topla\u015fuvn\u0131\u00f1 i\u015finde Aqmescit rayon\u0131 yerli meclislerni\u00f1 reisleri ve azalar\u0131, bun\u0131\u00f1 kibi de Q\u0131r\u0131m musulmanlar\u0131n\u0131\u00f1 m\u00fcftisi ac\u0131 Emirali Ablayev, Meclis reisi Refat \u00c7ubarov, on\u0131\u00f1 muavinleri Zaur Smirnov, Nariman Cel\u00e2l ve Ayder Acimambetov, VI \u00e7a\u011f\u0131r\u0131l\u0131\u015f Qurultay\u0131 Tefti\u015f komissiyas\u0131n\u0131\u00f1 reisi Ali \u00d6zenba\u015f, Meclis azalar\u0131 Gayana Y\u00fcksel ve Dinara Seytgaziyeva i\u015ftirak etip, Halqara insan aqlar\u0131 k\u00fcn\u00fcne ba\u011f\u0131\u015flan\u011fan mitingge az\u0131rl\u0131q ve Mamut Sultan vadiysindeki vaziyetni muzakere ettiler.<\/p>\n\n\n\n<figure class=\"wp-block-image size-full\"><img loading=\"lazy\" decoding=\"async\" width=\"650\" height=\"321\" src=\"http:\/\/qtmm.org\/wp-content\/uploads\/2022\/01\/1_142.jpeg\" alt=\"\" class=\"wp-image-41189\" srcset=\"https:\/\/qtmm.org\/wp-content\/uploads\/2022\/01\/1_142.jpeg 650w, https:\/\/qtmm.org\/wp-content\/uploads\/2022\/01\/1_142-300x148.jpeg 300w\" sizes=\"auto, (max-width: 650px) 100vw, 650px\" \/><\/figure>\n\n\n\n<p>Meclis reisini\u00f1 muavini, Meclisni\u00f1 milliy idare organlar\u0131, QMC devlet icra akimiyeti, yerli idare organlar\u0131, epsi seviyelerdeki \u015furalarn\u0131\u00f1 deputatlar\u0131nen \u00e7al\u0131\u015fuv idaresini\u00f1 ba\u015f\u0131 Zaur Smirnov Aqmescit rayon\u0131 yerli meclislerni\u00f1 reisleri ve azalar\u0131na muracaat etip, olacaq tedbir aqq\u0131nda semetde\u015flerni olduq\u00e7a haberdar etmekni teminlev ricas\u0131nda bulund\u0131.<\/p>\n\n\n\n<figure class=\"wp-block-image size-full\"><img loading=\"lazy\" decoding=\"async\" width=\"650\" height=\"426\" src=\"http:\/\/qtmm.org\/wp-content\/uploads\/2022\/01\/4_103.jpeg\" alt=\"\" class=\"wp-image-41194\" srcset=\"https:\/\/qtmm.org\/wp-content\/uploads\/2022\/01\/4_103.jpeg 650w, https:\/\/qtmm.org\/wp-content\/uploads\/2022\/01\/4_103-300x197.jpeg 300w\" sizes=\"auto, (max-width: 650px) 100vw, 650px\" \/><\/figure>\n\n\n\n<p>&#8220;Biz epimiz aktiv ol\u0131p, Halqara insan aqlar\u0131 k\u00fcn\u00fcne ba\u011f\u0131\u015flan\u011fan mitingge \u00e7oq\u00e7a semetde\u015flerimizni celp etmelimiz, &#8211; dedi Zaur Smirnov. \u2013 Bun\u0131\u00f1 kibi de o, mitingni ke\u00e7ir\u00fcv boyunca Te\u015fkiliy komitet azalar\u0131na tedbir ke\u00e7irilgen vaq\u0131tta cemaat tertip-nizam\u0131n\u0131\u00f1 teminlenilmesine diqqatnen yana\u015fmalar\u0131n\u0131 rica etti.<\/p>\n\n\n\n<figure class=\"wp-block-image size-full\"><img loading=\"lazy\" decoding=\"async\" width=\"652\" height=\"316\" src=\"http:\/\/qtmm.org\/wp-content\/uploads\/2022\/01\/2_145.jpeg\" alt=\"\" class=\"wp-image-41199\" srcset=\"https:\/\/qtmm.org\/wp-content\/uploads\/2022\/01\/2_145.jpeg 652w, https:\/\/qtmm.org\/wp-content\/uploads\/2022\/01\/2_145-300x145.jpeg 300w\" sizes=\"auto, (max-width: 652px) 100vw, 652px\" \/><\/figure>\n\n\n\n<p>K\u00fcn terbinini nevbetteki mesele Aqmescit rayon\u0131 Mamut Sultan vadiysinde yerli akimiyet cami quruc\u0131l\u0131\u011f\u0131na ay\u0131r\u011fan topra\u011f\u0131n\u0131 kendisi bazar ve yarmal\u0131q i\u00e7\u00fcn bermek qarar\u0131n\u0131 al\u011fan so\u00f1 qopqan dava aqibetinde meydan\u011fa kelgen vaziyet muzakeresine ba\u011f\u0131\u015fland\u0131.<\/p>\n\n\n\n<figure class=\"wp-block-image size-full\"><img loading=\"lazy\" decoding=\"async\" width=\"650\" height=\"306\" src=\"http:\/\/qtmm.org\/wp-content\/uploads\/2022\/01\/3_113.jpeg\" alt=\"\" class=\"wp-image-41203\" srcset=\"https:\/\/qtmm.org\/wp-content\/uploads\/2022\/01\/3_113.jpeg 650w, https:\/\/qtmm.org\/wp-content\/uploads\/2022\/01\/3_113-300x141.jpeg 300w\" sizes=\"auto, (max-width: 650px) 100vw, 650px\" \/><\/figure>\n\n\n\n<p>Belli ki, vadiyni\u00f1 &#8220;B\u00fcki&#8221; massivi rayon\u0131nda 0,2 gektarl\u0131q yerni Q\u0131r\u0131m M\u00fcftiligi cami quruc\u0131l\u0131\u011f\u0131 i\u00e7\u00fcn sora\u011fan ve evel \u015fu yerni\u00f1 k\u00f6y \u015furas\u0131 bu topraqn\u0131 ay\u0131r\u011fan edi.<\/p>\n\n\n\n<figure class=\"wp-block-image size-full\"><img loading=\"lazy\" decoding=\"async\" width=\"650\" height=\"412\" src=\"http:\/\/qtmm.org\/wp-content\/uploads\/2022\/01\/5_63.jpeg\" alt=\"\" class=\"wp-image-41207\" srcset=\"https:\/\/qtmm.org\/wp-content\/uploads\/2022\/01\/5_63.jpeg 650w, https:\/\/qtmm.org\/wp-content\/uploads\/2022\/01\/5_63-300x190.jpeg 300w\" sizes=\"auto, (max-width: 650px) 100vw, 650px\" \/><\/figure>\n\n\n\n<p>Yerli meclis azalar\u0131 ve yerli sakinler \u00e7\u0131q\u0131\u015fta bulunaraq yerli akimiyet taraf\u0131ndan yap\u0131l\u011fan areketler dava\u011fa al\u0131p kelgenini qayd ettiler. &#8220;Biz ibadethaneler, camiler quruc\u0131l\u0131\u011f\u0131 aqq\u0131nda aytam\u0131z, akimiyet ise \u00f6z iqtisadiy maqsadlar\u0131n\u0131 qor\u00e7alap, bizge qulaq asmay, &#8211; dediler yerli sakinler.<\/p>\n\n\n\n<figure class=\"wp-block-image size-full\"><img loading=\"lazy\" decoding=\"async\" width=\"650\" height=\"284\" src=\"http:\/\/qtmm.org\/wp-content\/uploads\/2022\/01\/photo_4-1.jpeg\" alt=\"\" class=\"wp-image-41211\" srcset=\"https:\/\/qtmm.org\/wp-content\/uploads\/2022\/01\/photo_4-1.jpeg 650w, https:\/\/qtmm.org\/wp-content\/uploads\/2022\/01\/photo_4-1-300x131.jpeg 300w\" sizes=\"auto, (max-width: 650px) 100vw, 650px\" \/><\/figure>\n\n\n\n<p>\u00d6z nevbetinde Meclis reisini\u00f1 muavini Zaur Smirnov ve Aqmescit regional meclis reisi Lemmar Yunusov topla\u015fuv i\u015ftirak\u00e7ilerini Q\u0131r\u0131m Musulmanlar\u0131n\u0131\u00f1 m\u00fcftisi, Mamut-Sultan k\u00f6y \u015furas\u0131, Cumhuriyet Milletler komiteti, Cumhuriyet topraq komiteti ve Aqmescit devlet rayon memuriyeti reisini\u00f1 muavini aras\u0131nda s\u00f6yle\u015f\u00fcvlerni\u00f1 neticesi ol\u011fan protokol leyhas\u0131nen tan\u0131\u015f etti.<\/p>\n\n\n\n<figure class=\"wp-block-image size-full\"><img loading=\"lazy\" decoding=\"async\" width=\"650\" height=\"400\" src=\"http:\/\/qtmm.org\/wp-content\/uploads\/2022\/01\/7_22.jpeg\" alt=\"\" class=\"wp-image-41215\" srcset=\"https:\/\/qtmm.org\/wp-content\/uploads\/2022\/01\/7_22.jpeg 650w, https:\/\/qtmm.org\/wp-content\/uploads\/2022\/01\/7_22-300x185.jpeg 300w\" sizes=\"auto, (max-width: 650px) 100vw, 650px\" \/><\/figure>\n\n\n\n<p>Bu vesiqa leyhas\u0131na k\u00f6re taraflar Q\u0131r\u0131m musulmanlar\u0131 diniy idaresine B\u00fcki, \u015eumhay (Zare\u00e7noye) ve Eski Orda (Lozovoye) massivlerinde Mamut Sultan vadiysini\u00f1 merkeziy cami, B\u00fckide maalle cami qurmaq, B\u00fcki massivinde qoyul\u011fan temel ta\u015f\u0131n\u0131\u00f1 yerine hat\u0131ra ta\u015f\u0131n\u0131 qoymaq ve Eski Ordada Yaltinskaya soqa\u011f\u0131nda evelki musulman mezarl\u0131\u011f\u0131 yerinde ba\u011f\u00e7a yapmaqn\u0131 qararla\u015ft\u0131rd\u0131lar.<\/p>\n\n\n\n<figure class=\"wp-block-image size-full\"><img loading=\"lazy\" decoding=\"async\" width=\"650\" height=\"341\" src=\"http:\/\/qtmm.org\/wp-content\/uploads\/2022\/01\/photo_7_1.jpeg\" alt=\"\" class=\"wp-image-41219\" srcset=\"https:\/\/qtmm.org\/wp-content\/uploads\/2022\/01\/photo_7_1.jpeg 650w, https:\/\/qtmm.org\/wp-content\/uploads\/2022\/01\/photo_7_1-300x157.jpeg 300w\" sizes=\"auto, (max-width: 650px) 100vw, 650px\" \/><\/figure>\n\n\n\n<p>Meclis reisi Refat \u00c7ubarovn\u0131\u00f1 aytqan\u0131na k\u00f6re, cami quruc\u0131l\u0131\u011f\u0131na dair meselelerni\u00f1 \u00e7eziminde printsipler saqlan\u0131r ve musulmanlarn\u0131\u00f1 ibadethanelerin m\u0131tlaqa qurul\u0131r. Bun\u0131\u00f1 kibi de o, menfaatdar taraflar\u011fa p\u0131traql\u0131 meselelerni \u00e7ez\u00fcv usul\u0131 ve taktikas\u0131n\u0131 de\u00f1i\u015ftirmekni tevsiye etti.<\/p>\n\n\n\n<figure class=\"wp-block-image size-full\"><img loading=\"lazy\" decoding=\"async\" width=\"650\" height=\"423\" src=\"http:\/\/qtmm.org\/wp-content\/uploads\/2022\/01\/6_46.jpeg\" alt=\"\" class=\"wp-image-41223\" srcset=\"https:\/\/qtmm.org\/wp-content\/uploads\/2022\/01\/6_46.jpeg 650w, https:\/\/qtmm.org\/wp-content\/uploads\/2022\/01\/6_46-300x195.jpeg 300w\" sizes=\"auto, (max-width: 650px) 100vw, 650px\" \/><\/figure>\n\n\n\n<p>&#8220;Men eminim ki, so\u00f1ki qararn\u0131 Q\u0131r\u0131m musulmanlar\u0131n\u0131\u00f1 m\u00fcftisi almaq kerek, &#8211; dep devam etti \u00c7ubarov. \u2013 Meclis, yerli ve regional meclislerni\u00f1 vazifesi ise taraflarn\u0131\u00f1 menfaatlar\u0131na cevap bergen qararn\u0131 alma\u011fa semereli qoltutmaqt\u0131r&#8221;.<\/p>\n\n\n\n<figure class=\"wp-block-image size-full\"><img loading=\"lazy\" decoding=\"async\" width=\"650\" height=\"385\" src=\"http:\/\/qtmm.org\/wp-content\/uploads\/2022\/01\/photo_6_1.jpeg\" alt=\"\" class=\"wp-image-41227\" srcset=\"https:\/\/qtmm.org\/wp-content\/uploads\/2022\/01\/photo_6_1.jpeg 650w, https:\/\/qtmm.org\/wp-content\/uploads\/2022\/01\/photo_6_1-300x178.jpeg 300w\" sizes=\"auto, (max-width: 650px) 100vw, 650px\" \/><\/figure>\n","protected":false},"excerpt":{"rendered":"<p>Lemmar Yunusovn\u0131\u00f1 reisliginde ke\u00e7irilgen bu topla\u015fuvn\u0131\u00f1 i\u015finde Aqmescit rayon\u0131 yerli meclislerni\u00f1 reisleri ve azalar\u0131, bun\u0131\u00f1 kibi de Q\u0131r\u0131m musulmanlar\u0131n\u0131\u00f1 m\u00fcftisi ac\u0131 Emirali Ablayev, Meclis reisi Refat \u00c7ubarov, on\u0131\u00f1 muavinleri Zaur Smirnov, Nariman Cel\u00e2l ve Ayder Acimambetov, VI \u00e7a\u011f\u0131r\u0131l\u0131\u015f Qurultay\u0131 Tefti\u015f komissiyas\u0131n\u0131\u00f1 reisi Ali \u00d6zenba\u015f, Meclis azalar\u0131 Gayana Y\u00fcksel ve Dinara Seytgaziyeva i\u015ftirak etip, Halqara insan [&hellip;]<\/p>\n","protected":false},"author":1,"featured_media":0,"comment_status":"open","ping_status":"open","sticky":false,"template":"","format":"standard","meta":{"inline_featured_image":false,"footnotes":""},"categories":[265],"tags":[],"class_list":["post-41187","post","type-post","status-publish","format-standard","hentry","category-haberler"],"acf":[],"yoast_head":"<!-- This site is optimized with the Yoast SEO plugin v27.4 - https:\/\/yoast.com\/product\/yoast-seo-wordpress\/ -->\n<title>2013 senesi noyabr 28 k\u00fcn\u00fc Aqmescit regional meclisni\u00f1 keni\u015fletilgen topla\u015fuv\u0131 ol\u0131p ke\u00e7ti - \u041c\u0435\u0434\u0436\u043b\u0456\u0441<\/title>\n<meta name=\"robots\" content=\"index, follow, max-snippet:-1, max-image-preview:large, max-video-preview:-1\" \/>\n<link rel=\"canonical\" href=\"https:\/\/qtmm.org\/qt\/2013-senesi-noyabr-28-kunu-aqmescit-regional-meclisnin-kenisletilgen-toplasuvi-olip-kecti\/\" \/>\n<meta property=\"og:locale\" content=\"en_US\" \/>\n<meta property=\"og:type\" content=\"article\" \/>\n<meta property=\"og:title\" content=\"2013 senesi noyabr 28 k\u00fcn\u00fc Aqmescit regional meclisni\u00f1 keni\u015fletilgen topla\u015fuv\u0131 ol\u0131p ke\u00e7ti - \u041c\u0435\u0434\u0436\u043b\u0456\u0441\" \/>\n<meta property=\"og:description\" content=\"Lemmar Yunusovn\u0131\u00f1 reisliginde ke\u00e7irilgen bu topla\u015fuvn\u0131\u00f1 i\u015finde Aqmescit rayon\u0131 yerli meclislerni\u00f1 reisleri ve azalar\u0131, bun\u0131\u00f1 kibi de Q\u0131r\u0131m musulmanlar\u0131n\u0131\u00f1 m\u00fcftisi ac\u0131 Emirali Ablayev, Meclis reisi Refat \u00c7ubarov, on\u0131\u00f1 muavinleri Zaur Smirnov, Nariman Cel\u00e2l ve Ayder Acimambetov, VI \u00e7a\u011f\u0131r\u0131l\u0131\u015f Qurultay\u0131 Tefti\u015f komissiyas\u0131n\u0131\u00f1 reisi Ali \u00d6zenba\u015f, Meclis azalar\u0131 Gayana Y\u00fcksel ve Dinara Seytgaziyeva i\u015ftirak etip, Halqara insan [&hellip;]\" \/>\n<meta property=\"og:url\" content=\"https:\/\/qtmm.org\/qt\/2013-senesi-noyabr-28-kunu-aqmescit-regional-meclisnin-kenisletilgen-toplasuvi-olip-kecti\/\" \/>\n<meta property=\"og:site_name\" content=\"\u041c\u0435\u0434\u0436\u043b\u0456\u0441\" \/>\n<meta property=\"article:publisher\" content=\"https:\/\/www.facebook.com\/qtmm.info\/\" \/>\n<meta property=\"article:published_time\" content=\"2013-11-28T18:23:00+00:00\" \/>\n<meta property=\"article:modified_time\" content=\"2022-01-26T18:26:37+00:00\" \/>\n<meta property=\"og:image\" content=\"https:\/\/qtmm.org\/wp-content\/uploads\/2022\/01\/1_142.jpeg\" \/>\n\t<meta property=\"og:image:width\" content=\"650\" \/>\n\t<meta property=\"og:image:height\" content=\"321\" \/>\n\t<meta property=\"og:image:type\" content=\"image\/jpeg\" \/>\n<meta name=\"author\" content=\"Developer\" \/>\n<meta name=\"twitter:card\" content=\"summary_large_image\" \/>\n<meta name=\"twitter:label1\" content=\"Written by\" \/>\n\t<meta name=\"twitter:data1\" content=\"Developer\" \/>\n\t<meta name=\"twitter:label2\" content=\"Est. reading time\" \/>\n\t<meta name=\"twitter:data2\" content=\"3 minutes\" \/>\n<script type=\"application\/ld+json\" class=\"yoast-schema-graph\">{\"@context\":\"https:\\\/\\\/schema.org\",\"@graph\":[{\"@type\":\"Article\",\"@id\":\"https:\\\/\\\/qtmm.org\\\/qt\\\/2013-senesi-noyabr-28-kunu-aqmescit-regional-meclisnin-kenisletilgen-toplasuvi-olip-kecti\\\/#article\",\"isPartOf\":{\"@id\":\"https:\\\/\\\/qtmm.org\\\/qt\\\/2013-senesi-noyabr-28-kunu-aqmescit-regional-meclisnin-kenisletilgen-toplasuvi-olip-kecti\\\/\"},\"author\":{\"name\":\"Developer\",\"@id\":\"https:\\\/\\\/qtmm.org\\\/qt\\\/#\\\/schema\\\/person\\\/de562469f971dec226ac06e60bbf74a7\"},\"headline\":\"2013 senesi noyabr 28 k\u00fcn\u00fc Aqmescit regional meclisni\u00f1 keni\u015fletilgen topla\u015fuv\u0131 ol\u0131p ke\u00e7ti\",\"datePublished\":\"2013-11-28T18:23:00+00:00\",\"dateModified\":\"2022-01-26T18:26:37+00:00\",\"mainEntityOfPage\":{\"@id\":\"https:\\\/\\\/qtmm.org\\\/qt\\\/2013-senesi-noyabr-28-kunu-aqmescit-regional-meclisnin-kenisletilgen-toplasuvi-olip-kecti\\\/\"},\"wordCount\":536,\"commentCount\":0,\"publisher\":{\"@id\":\"https:\\\/\\\/qtmm.org\\\/qt\\\/#organization\"},\"image\":{\"@id\":\"https:\\\/\\\/qtmm.org\\\/qt\\\/2013-senesi-noyabr-28-kunu-aqmescit-regional-meclisnin-kenisletilgen-toplasuvi-olip-kecti\\\/#primaryimage\"},\"thumbnailUrl\":\"http:\\\/\\\/qtmm.org\\\/wp-content\\\/uploads\\\/2022\\\/01\\\/1_142.jpeg\",\"articleSection\":[\"Haberler\"],\"inLanguage\":\"qt\",\"potentialAction\":[{\"@type\":\"CommentAction\",\"name\":\"Comment\",\"target\":[\"https:\\\/\\\/qtmm.org\\\/qt\\\/2013-senesi-noyabr-28-kunu-aqmescit-regional-meclisnin-kenisletilgen-toplasuvi-olip-kecti\\\/#respond\"]}]},{\"@type\":\"WebPage\",\"@id\":\"https:\\\/\\\/qtmm.org\\\/qt\\\/2013-senesi-noyabr-28-kunu-aqmescit-regional-meclisnin-kenisletilgen-toplasuvi-olip-kecti\\\/\",\"url\":\"https:\\\/\\\/qtmm.org\\\/qt\\\/2013-senesi-noyabr-28-kunu-aqmescit-regional-meclisnin-kenisletilgen-toplasuvi-olip-kecti\\\/\",\"name\":\"2013 senesi noyabr 28 k\u00fcn\u00fc Aqmescit regional meclisni\u00f1 keni\u015fletilgen topla\u015fuv\u0131 ol\u0131p ke\u00e7ti - \u041c\u0435\u0434\u0436\u043b\u0456\u0441\",\"isPartOf\":{\"@id\":\"https:\\\/\\\/qtmm.org\\\/qt\\\/#website\"},\"primaryImageOfPage\":{\"@id\":\"https:\\\/\\\/qtmm.org\\\/qt\\\/2013-senesi-noyabr-28-kunu-aqmescit-regional-meclisnin-kenisletilgen-toplasuvi-olip-kecti\\\/#primaryimage\"},\"image\":{\"@id\":\"https:\\\/\\\/qtmm.org\\\/qt\\\/2013-senesi-noyabr-28-kunu-aqmescit-regional-meclisnin-kenisletilgen-toplasuvi-olip-kecti\\\/#primaryimage\"},\"thumbnailUrl\":\"http:\\\/\\\/qtmm.org\\\/wp-content\\\/uploads\\\/2022\\\/01\\\/1_142.jpeg\",\"datePublished\":\"2013-11-28T18:23:00+00:00\",\"dateModified\":\"2022-01-26T18:26:37+00:00\",\"breadcrumb\":{\"@id\":\"https:\\\/\\\/qtmm.org\\\/qt\\\/2013-senesi-noyabr-28-kunu-aqmescit-regional-meclisnin-kenisletilgen-toplasuvi-olip-kecti\\\/#breadcrumb\"},\"inLanguage\":\"qt\",\"potentialAction\":[{\"@type\":\"ReadAction\",\"target\":[\"https:\\\/\\\/qtmm.org\\\/qt\\\/2013-senesi-noyabr-28-kunu-aqmescit-regional-meclisnin-kenisletilgen-toplasuvi-olip-kecti\\\/\"]}]},{\"@type\":\"ImageObject\",\"inLanguage\":\"qt\",\"@id\":\"https:\\\/\\\/qtmm.org\\\/qt\\\/2013-senesi-noyabr-28-kunu-aqmescit-regional-meclisnin-kenisletilgen-toplasuvi-olip-kecti\\\/#primaryimage\",\"url\":\"http:\\\/\\\/qtmm.org\\\/wp-content\\\/uploads\\\/2022\\\/01\\\/1_142.jpeg\",\"contentUrl\":\"http:\\\/\\\/qtmm.org\\\/wp-content\\\/uploads\\\/2022\\\/01\\\/1_142.jpeg\"},{\"@type\":\"BreadcrumbList\",\"@id\":\"https:\\\/\\\/qtmm.org\\\/qt\\\/2013-senesi-noyabr-28-kunu-aqmescit-regional-meclisnin-kenisletilgen-toplasuvi-olip-kecti\\\/#breadcrumb\",\"itemListElement\":[{\"@type\":\"ListItem\",\"position\":1,\"name\":\"\u0413\u043e\u043b\u043e\u0432\u043d\u0430\",\"item\":\"https:\\\/\\\/qtmm.org\\\/qt\\\/\"},{\"@type\":\"ListItem\",\"position\":2,\"name\":\"2013 senesi noyabr 28 k\u00fcn\u00fc Aqmescit regional meclisni\u00f1 keni\u015fletilgen topla\u015fuv\u0131 ol\u0131p ke\u00e7ti\"}]},{\"@type\":\"WebSite\",\"@id\":\"https:\\\/\\\/qtmm.org\\\/qt\\\/#website\",\"url\":\"https:\\\/\\\/qtmm.org\\\/qt\\\/\",\"name\":\"\u041c\u0435\u0434\u0436\u043b\u0456\u0441\",\"description\":\"\",\"publisher\":{\"@id\":\"https:\\\/\\\/qtmm.org\\\/qt\\\/#organization\"},\"potentialAction\":[{\"@type\":\"SearchAction\",\"target\":{\"@type\":\"EntryPoint\",\"urlTemplate\":\"https:\\\/\\\/qtmm.org\\\/qt\\\/?s={search_term_string}\"},\"query-input\":{\"@type\":\"PropertyValueSpecification\",\"valueRequired\":true,\"valueName\":\"search_term_string\"}}],\"inLanguage\":\"qt\"},{\"@type\":\"Organization\",\"@id\":\"https:\\\/\\\/qtmm.org\\\/qt\\\/#organization\",\"name\":\"\u041c\u0435\u0434\u0436\u043b\u0456\u0441\",\"url\":\"https:\\\/\\\/qtmm.org\\\/qt\\\/\",\"logo\":{\"@type\":\"ImageObject\",\"inLanguage\":\"qt\",\"@id\":\"https:\\\/\\\/qtmm.org\\\/qt\\\/#\\\/schema\\\/logo\\\/image\\\/\",\"url\":\"https:\\\/\\\/qtmm.org\\\/wp-content\\\/uploads\\\/2024\\\/12\\\/ua-mejlis-logo-rgb.svg\",\"contentUrl\":\"https:\\\/\\\/qtmm.org\\\/wp-content\\\/uploads\\\/2024\\\/12\\\/ua-mejlis-logo-rgb.svg\",\"caption\":\"\u041c\u0435\u0434\u0436\u043b\u0456\u0441\"},\"image\":{\"@id\":\"https:\\\/\\\/qtmm.org\\\/qt\\\/#\\\/schema\\\/logo\\\/image\\\/\"},\"sameAs\":[\"https:\\\/\\\/www.facebook.com\\\/qtmm.info\\\/\"]},{\"@type\":\"Person\",\"@id\":\"https:\\\/\\\/qtmm.org\\\/qt\\\/#\\\/schema\\\/person\\\/de562469f971dec226ac06e60bbf74a7\",\"name\":\"Developer\",\"image\":{\"@type\":\"ImageObject\",\"inLanguage\":\"qt\",\"@id\":\"https:\\\/\\\/secure.gravatar.com\\\/avatar\\\/392b4cc8fbfeb00b39dfeeab4ee6edded39ffd48e25858637e4765810300227e?s=96&d=mm&r=g\",\"url\":\"https:\\\/\\\/secure.gravatar.com\\\/avatar\\\/392b4cc8fbfeb00b39dfeeab4ee6edded39ffd48e25858637e4765810300227e?s=96&d=mm&r=g\",\"contentUrl\":\"https:\\\/\\\/secure.gravatar.com\\\/avatar\\\/392b4cc8fbfeb00b39dfeeab4ee6edded39ffd48e25858637e4765810300227e?s=96&d=mm&r=g\",\"caption\":\"Developer\"},\"url\":\"https:\\\/\\\/qtmm.org\\\/qt\\\/author\\\/Developer\\\/\"}]}<\/script>\n<!-- \/ Yoast SEO plugin. -->","yoast_head_json":{"title":"2013 senesi noyabr 28 k\u00fcn\u00fc Aqmescit regional meclisni\u00f1 keni\u015fletilgen topla\u015fuv\u0131 ol\u0131p ke\u00e7ti - \u041c\u0435\u0434\u0436\u043b\u0456\u0441","robots":{"index":"index","follow":"follow","max-snippet":"max-snippet:-1","max-image-preview":"max-image-preview:large","max-video-preview":"max-video-preview:-1"},"canonical":"https:\/\/qtmm.org\/qt\/2013-senesi-noyabr-28-kunu-aqmescit-regional-meclisnin-kenisletilgen-toplasuvi-olip-kecti\/","og_locale":"en_US","og_type":"article","og_title":"2013 senesi noyabr 28 k\u00fcn\u00fc Aqmescit regional meclisni\u00f1 keni\u015fletilgen topla\u015fuv\u0131 ol\u0131p ke\u00e7ti - \u041c\u0435\u0434\u0436\u043b\u0456\u0441","og_description":"Lemmar Yunusovn\u0131\u00f1 reisliginde ke\u00e7irilgen bu topla\u015fuvn\u0131\u00f1 i\u015finde Aqmescit rayon\u0131 yerli meclislerni\u00f1 reisleri ve azalar\u0131, bun\u0131\u00f1 kibi de Q\u0131r\u0131m musulmanlar\u0131n\u0131\u00f1 m\u00fcftisi ac\u0131 Emirali Ablayev, Meclis reisi Refat \u00c7ubarov, on\u0131\u00f1 muavinleri Zaur Smirnov, Nariman Cel\u00e2l ve Ayder Acimambetov, VI \u00e7a\u011f\u0131r\u0131l\u0131\u015f Qurultay\u0131 Tefti\u015f komissiyas\u0131n\u0131\u00f1 reisi Ali \u00d6zenba\u015f, Meclis azalar\u0131 Gayana Y\u00fcksel ve Dinara Seytgaziyeva i\u015ftirak etip, Halqara insan [&hellip;]","og_url":"https:\/\/qtmm.org\/qt\/2013-senesi-noyabr-28-kunu-aqmescit-regional-meclisnin-kenisletilgen-toplasuvi-olip-kecti\/","og_site_name":"\u041c\u0435\u0434\u0436\u043b\u0456\u0441","article_publisher":"https:\/\/www.facebook.com\/qtmm.info\/","article_published_time":"2013-11-28T18:23:00+00:00","article_modified_time":"2022-01-26T18:26:37+00:00","og_image":[{"width":650,"height":321,"url":"https:\/\/qtmm.org\/wp-content\/uploads\/2022\/01\/1_142.jpeg","type":"image\/jpeg"}],"author":"Developer","twitter_card":"summary_large_image","twitter_misc":{"Written by":"Developer","Est. reading time":"3 minutes"},"schema":{"@context":"https:\/\/schema.org","@graph":[{"@type":"Article","@id":"https:\/\/qtmm.org\/qt\/2013-senesi-noyabr-28-kunu-aqmescit-regional-meclisnin-kenisletilgen-toplasuvi-olip-kecti\/#article","isPartOf":{"@id":"https:\/\/qtmm.org\/qt\/2013-senesi-noyabr-28-kunu-aqmescit-regional-meclisnin-kenisletilgen-toplasuvi-olip-kecti\/"},"author":{"name":"Developer","@id":"https:\/\/qtmm.org\/qt\/#\/schema\/person\/de562469f971dec226ac06e60bbf74a7"},"headline":"2013 senesi noyabr 28 k\u00fcn\u00fc Aqmescit regional meclisni\u00f1 keni\u015fletilgen topla\u015fuv\u0131 ol\u0131p ke\u00e7ti","datePublished":"2013-11-28T18:23:00+00:00","dateModified":"2022-01-26T18:26:37+00:00","mainEntityOfPage":{"@id":"https:\/\/qtmm.org\/qt\/2013-senesi-noyabr-28-kunu-aqmescit-regional-meclisnin-kenisletilgen-toplasuvi-olip-kecti\/"},"wordCount":536,"commentCount":0,"publisher":{"@id":"https:\/\/qtmm.org\/qt\/#organization"},"image":{"@id":"https:\/\/qtmm.org\/qt\/2013-senesi-noyabr-28-kunu-aqmescit-regional-meclisnin-kenisletilgen-toplasuvi-olip-kecti\/#primaryimage"},"thumbnailUrl":"http:\/\/qtmm.org\/wp-content\/uploads\/2022\/01\/1_142.jpeg","articleSection":["Haberler"],"inLanguage":"qt","potentialAction":[{"@type":"CommentAction","name":"Comment","target":["https:\/\/qtmm.org\/qt\/2013-senesi-noyabr-28-kunu-aqmescit-regional-meclisnin-kenisletilgen-toplasuvi-olip-kecti\/#respond"]}]},{"@type":"WebPage","@id":"https:\/\/qtmm.org\/qt\/2013-senesi-noyabr-28-kunu-aqmescit-regional-meclisnin-kenisletilgen-toplasuvi-olip-kecti\/","url":"https:\/\/qtmm.org\/qt\/2013-senesi-noyabr-28-kunu-aqmescit-regional-meclisnin-kenisletilgen-toplasuvi-olip-kecti\/","name":"2013 senesi noyabr 28 k\u00fcn\u00fc Aqmescit regional meclisni\u00f1 keni\u015fletilgen topla\u015fuv\u0131 ol\u0131p ke\u00e7ti - \u041c\u0435\u0434\u0436\u043b\u0456\u0441","isPartOf":{"@id":"https:\/\/qtmm.org\/qt\/#website"},"primaryImageOfPage":{"@id":"https:\/\/qtmm.org\/qt\/2013-senesi-noyabr-28-kunu-aqmescit-regional-meclisnin-kenisletilgen-toplasuvi-olip-kecti\/#primaryimage"},"image":{"@id":"https:\/\/qtmm.org\/qt\/2013-senesi-noyabr-28-kunu-aqmescit-regional-meclisnin-kenisletilgen-toplasuvi-olip-kecti\/#primaryimage"},"thumbnailUrl":"http:\/\/qtmm.org\/wp-content\/uploads\/2022\/01\/1_142.jpeg","datePublished":"2013-11-28T18:23:00+00:00","dateModified":"2022-01-26T18:26:37+00:00","breadcrumb":{"@id":"https:\/\/qtmm.org\/qt\/2013-senesi-noyabr-28-kunu-aqmescit-regional-meclisnin-kenisletilgen-toplasuvi-olip-kecti\/#breadcrumb"},"inLanguage":"qt","potentialAction":[{"@type":"ReadAction","target":["https:\/\/qtmm.org\/qt\/2013-senesi-noyabr-28-kunu-aqmescit-regional-meclisnin-kenisletilgen-toplasuvi-olip-kecti\/"]}]},{"@type":"ImageObject","inLanguage":"qt","@id":"https:\/\/qtmm.org\/qt\/2013-senesi-noyabr-28-kunu-aqmescit-regional-meclisnin-kenisletilgen-toplasuvi-olip-kecti\/#primaryimage","url":"http:\/\/qtmm.org\/wp-content\/uploads\/2022\/01\/1_142.jpeg","contentUrl":"http:\/\/qtmm.org\/wp-content\/uploads\/2022\/01\/1_142.jpeg"},{"@type":"BreadcrumbList","@id":"https:\/\/qtmm.org\/qt\/2013-senesi-noyabr-28-kunu-aqmescit-regional-meclisnin-kenisletilgen-toplasuvi-olip-kecti\/#breadcrumb","itemListElement":[{"@type":"ListItem","position":1,"name":"\u0413\u043e\u043b\u043e\u0432\u043d\u0430","item":"https:\/\/qtmm.org\/qt\/"},{"@type":"ListItem","position":2,"name":"2013 senesi noyabr 28 k\u00fcn\u00fc Aqmescit regional meclisni\u00f1 keni\u015fletilgen topla\u015fuv\u0131 ol\u0131p ke\u00e7ti"}]},{"@type":"WebSite","@id":"https:\/\/qtmm.org\/qt\/#website","url":"https:\/\/qtmm.org\/qt\/","name":"\u041c\u0435\u0434\u0436\u043b\u0456\u0441","description":"","publisher":{"@id":"https:\/\/qtmm.org\/qt\/#organization"},"potentialAction":[{"@type":"SearchAction","target":{"@type":"EntryPoint","urlTemplate":"https:\/\/qtmm.org\/qt\/?s={search_term_string}"},"query-input":{"@type":"PropertyValueSpecification","valueRequired":true,"valueName":"search_term_string"}}],"inLanguage":"qt"},{"@type":"Organization","@id":"https:\/\/qtmm.org\/qt\/#organization","name":"\u041c\u0435\u0434\u0436\u043b\u0456\u0441","url":"https:\/\/qtmm.org\/qt\/","logo":{"@type":"ImageObject","inLanguage":"qt","@id":"https:\/\/qtmm.org\/qt\/#\/schema\/logo\/image\/","url":"https:\/\/qtmm.org\/wp-content\/uploads\/2024\/12\/ua-mejlis-logo-rgb.svg","contentUrl":"https:\/\/qtmm.org\/wp-content\/uploads\/2024\/12\/ua-mejlis-logo-rgb.svg","caption":"\u041c\u0435\u0434\u0436\u043b\u0456\u0441"},"image":{"@id":"https:\/\/qtmm.org\/qt\/#\/schema\/logo\/image\/"},"sameAs":["https:\/\/www.facebook.com\/qtmm.info\/"]},{"@type":"Person","@id":"https:\/\/qtmm.org\/qt\/#\/schema\/person\/de562469f971dec226ac06e60bbf74a7","name":"Developer","image":{"@type":"ImageObject","inLanguage":"qt","@id":"https:\/\/secure.gravatar.com\/avatar\/392b4cc8fbfeb00b39dfeeab4ee6edded39ffd48e25858637e4765810300227e?s=96&d=mm&r=g","url":"https:\/\/secure.gravatar.com\/avatar\/392b4cc8fbfeb00b39dfeeab4ee6edded39ffd48e25858637e4765810300227e?s=96&d=mm&r=g","contentUrl":"https:\/\/secure.gravatar.com\/avatar\/392b4cc8fbfeb00b39dfeeab4ee6edded39ffd48e25858637e4765810300227e?s=96&d=mm&r=g","caption":"Developer"},"url":"https:\/\/qtmm.org\/qt\/author\/Developer\/"}]}},"_links":{"self":[{"href":"https:\/\/qtmm.org\/qt\/wp-json\/wp\/v2\/posts\/41187","targetHints":{"allow":["GET"]}}],"collection":[{"href":"https:\/\/qtmm.org\/qt\/wp-json\/wp\/v2\/posts"}],"about":[{"href":"https:\/\/qtmm.org\/qt\/wp-json\/wp\/v2\/types\/post"}],"author":[{"embeddable":true,"href":"https:\/\/qtmm.org\/qt\/wp-json\/wp\/v2\/users\/1"}],"replies":[{"embeddable":true,"href":"https:\/\/qtmm.org\/qt\/wp-json\/wp\/v2\/comments?post=41187"}],"version-history":[{"count":1,"href":"https:\/\/qtmm.org\/qt\/wp-json\/wp\/v2\/posts\/41187\/revisions"}],"predecessor-version":[{"id":41231,"href":"https:\/\/qtmm.org\/qt\/wp-json\/wp\/v2\/posts\/41187\/revisions\/41231"}],"wp:attachment":[{"href":"https:\/\/qtmm.org\/qt\/wp-json\/wp\/v2\/media?parent=41187"}],"wp:term":[{"taxonomy":"category","embeddable":true,"href":"https:\/\/qtmm.org\/qt\/wp-json\/wp\/v2\/categories?post=41187"},{"taxonomy":"post_tag","embeddable":true,"href":"https:\/\/qtmm.org\/qt\/wp-json\/wp\/v2\/tags?post=41187"}],"curies":[{"name":"wp","href":"https:\/\/api.w.org\/{rel}","templated":true}]}}