




{"id":41159,"date":"2013-11-28T21:22:00","date_gmt":"2013-11-28T18:22:00","guid":{"rendered":"http:\/\/qtmm.org\/?p=41159"},"modified":"2022-01-26T21:23:33","modified_gmt":"2022-01-26T18:23:33","slug":"bekir-mamutov-qirimtatar-tilinde-nesir-etilgen-qirim-gazetasi-qapaluv-telukesi-altinda-bulunmaqta","status":"publish","type":"post","link":"https:\/\/qtmm.org\/qt\/bekir-mamutov-qirimtatar-tilinde-nesir-etilgen-qirim-gazetasi-qapaluv-telukesi-altinda-bulunmaqta\/","title":{"rendered":"Bekir Mamutov: Q\u0131r\u0131mtatar tilinde ne\u015fir etilgen \u00abQ\u0131r\u0131m\u00bb gazetas\u0131 qapaluv tel\u00fckesi alt\u0131nda bulunmaqta"},"content":{"rendered":"\n<p>Q\u0131r\u0131mda milliy ne\u015firlerni\u00f1 qapaluv\u0131 havf\u0131 ve q\u0131r\u0131mtatar milliy k\u00fctleviy matbuat vastalar\u0131n\u0131\u00f1 \u011fayet a\u011f\u0131r vaziyeti aqq\u0131nda 2013 senesi noyabr 28-de \u00f6tkerilgen matbuat konferentsiyas\u0131nda Meclisni\u00f1 medeniyet, tarih ve maneviy \u00f6m\u00fcr meseleleri boyunca idaresini\u00f1 ba\u015f\u0131, &#8220;Q\u0131r\u0131m&#8221; gazetas\u0131n\u0131\u00f1 ba\u015f muarriri Bekir Mamutov, &#8220;Q\u0131r\u0131m qaraylar&#8221; ilmiy ke\u00f1e\u015fni\u00f1 reisi, akademik Yuriy Polkanov, milliy areket veteran\u0131 \u0130zzet \u0130zedinov ve cemaat erbab\u0131 Rasim Kerimov s\u00f6z y\u00fcrsettiler.<\/p>\n\n\n\n<p>Endi \u00e7oqtan finansirlev toqtat\u0131l\u011fan\u0131, b\u00fct\u00fcn muracaatlar ise cevaps\u0131z qal\u011fan\u0131n\u0131 Bekir Mamutov &#8220;Q\u0131r\u0131m&#8221; gazetas\u0131n\u0131\u00f1 misalinde aytt\u0131.<\/p>\n\n\n\n<p>&#8220;Al-az\u0131rda &#8220;Q\u0131r\u0131m&#8221; gazetas\u0131 qapaluv ve demek, yoq oluv havf\u0131 alt\u0131nda bulunmaqta, &#8211; dedi gazeta\u011fa \u00e7oq y\u0131llardan berli ba\u015f muarrirlik yapqan Bekir Mamutov, &#8211; Bug\u00fcnde-bug\u00fcn Sotsial siyaset nazirligini\u00f1 gazeta ne\u015firine ay\u0131r\u011fan 300 bi\u00f1 grivn\u00e2dan 149 bi\u00f1i haznadarl\u0131qn\u0131\u00f1 esab\u0131nda qalmaqta, gazetan\u0131\u00f1 esaplar\u0131 \u00f6denilmey qala&#8221;.<\/p>\n\n\n\n<figure class=\"wp-block-image size-full\"><img loading=\"lazy\" decoding=\"async\" width=\"650\" height=\"441\" src=\"http:\/\/qtmm.org\/wp-content\/uploads\/2022\/01\/img_2918.jpeg\" alt=\"\" class=\"wp-image-41166\" srcset=\"https:\/\/qtmm.org\/wp-content\/uploads\/2022\/01\/img_2918.jpeg 650w, https:\/\/qtmm.org\/wp-content\/uploads\/2022\/01\/img_2918-300x204.jpeg 300w\" sizes=\"auto, (max-width: 650px) 100vw, 650px\" \/><\/figure>\n\n\n\n<p>B.Mamutov emin ki, ne\u015firge e\u00f1 b\u00fcy\u00fck yard\u0131mn\u0131 daima abuneciler k\u00f6stereler. &#8220;Eger q\u0131r\u0131mtatarlar milliy gazetalar\u011fa abune olsalar, bu e\u00f1 yah\u015f\u0131 yard\u0131m olur&#8221;, &#8211; dedi B.Mamutov ve \u015fun\u0131 da teess\u00fcfnen qayd etti ki, milliy gazeta ve mecmualarn\u0131\u00f1 tarqat\u0131luv alan\u0131 pek s\u0131\u00f1\u0131rl\u0131.<\/p>\n\n\n\n<p>&#8220;\u00c7e\u015fit sebeplerge k\u00f6re tiraj\u0131m\u0131z 4 bi\u00f1den 3 bi\u00f1ge t\u00fc\u015fti&#8221;, &#8211; dedi Bekir Mamutov ve al-az\u0131rda gazetan\u0131\u00f1 &#8220;Tavrida&#8221; ne\u015friyat\u0131na borcu ol\u011fan\u0131n\u0131, l\u00e2kin \u00f6demege \u00e7aresi yoqlu\u011f\u0131n\u0131 bildirdi.<\/p>\n\n\n\n<p>Bekir Mamutov &#8220;Q\u0131r\u0131m&#8221; gazetas\u0131 q\u0131r\u0131mtatar tilinde \u00e7\u0131qqan bir qa\u00e7 gazetni\u00f1 biri ol\u011fan\u0131n\u0131 da s\u00f6yledi. Bundan da \u011fayr\u0131, bu gazeta q\u0131r\u0131mtatarlar vatan\u011fa qaytqan so\u00f1 q\u0131r\u0131mtatar tilinde \u00e7\u0131qqan birinci devlet ne\u015firidir. &#8220;Q\u0131r\u0131m&#8221; 1989 senesi iy\u00fcl 1-den \u00e7\u0131qmaqta, &#8211; hat\u0131rlatt\u0131 gazetan\u0131\u00f1 ba\u015f muarriri. 2005 senesinden ba\u015flap gazetada Q\u0131r\u0131m qaraylar\u0131n\u0131\u00f1 ayat\u0131n\u0131 ayd\u0131nlatqan &#8220;Q\u0131r\u0131m qaraylar&#8221; saifesi de il\u00e2ve etilmekte.<\/p>\n\n\n\n<figure class=\"wp-block-image size-full\"><img loading=\"lazy\" decoding=\"async\" width=\"650\" height=\"338\" src=\"http:\/\/qtmm.org\/wp-content\/uploads\/2022\/01\/img_2920.jpeg\" alt=\"\" class=\"wp-image-41170\" srcset=\"https:\/\/qtmm.org\/wp-content\/uploads\/2022\/01\/img_2920.jpeg 650w, https:\/\/qtmm.org\/wp-content\/uploads\/2022\/01\/img_2920-300x156.jpeg 300w\" sizes=\"auto, (max-width: 650px) 100vw, 650px\" \/><\/figure>\n\n\n\n<p>&#8220;Q\u0131r\u0131m qaraylar&#8221; ilmiy ke\u00f1e\u015fni\u00f1 reisi, akademik Yuriy Polkanovn\u0131\u00f1 aytqan\u0131na k\u00f6re &#8220;Q\u0131r\u0131m&#8221; gazetas\u0131 Q\u0131r\u0131m qaraylar\u0131 i\u00e7\u00fcn tek Ukrainada degil, b\u00fct\u00fcn d\u00fcnyada \u00e7\u0131qqan yek\u00e2ne gazetad\u0131r. &#8220;Biz, Q\u0131r\u0131m qaraylar\u0131 i\u00e7\u00fcn, gazeta ille bug\u00fcn, bizni aziz yerlerimizden bile mahrum etkenlerinde, \u011fayet m\u00fcimdir, &#8211; devam etti Yu. Polkanov. \u2013 Biz i\u00e7\u00fcn, bu \u00f6z\u00fcne has bir entsiklopediya, \u00e7\u00fcnki gazetada zengin etnografik, tarihiy ve til malzemeleri bar&#8221;.<\/p>\n\n\n\n<p>\u0130zzet \u0130zedinov, \u00f6z nevbetinde qayd etti ki, ana tilinde gazeta ve mecmualar q\u0131r\u0131mtatarlarn\u0131\u00f1 \u00f6m\u00fcrinde m\u00fcim rol oynamaqta, \u00e7\u00fcnki q\u0131r\u0131mtatar tilini saqlamaq ve inki\u015faf etmege yard\u0131m eteler.<\/p>\n\n\n\n<p>\u015eun\u0131 qayd etmeli ki,\u00a0VI \u00e7a\u011f\u0131r\u0131l\u0131\u015f Qurultay\u0131n\u0131\u00f1 Tefti\u015f komissiyas\u0131 Qurultay delegatlar\u0131na, regional ve yerli meclislerni\u00f1 azalar\u0131na semetde\u015fler aras\u0131nda milliy k\u00fctleviy matbuat vastalar\u0131na abune olmaqn\u0131 te\u015fviq etmek muracaat\u0131nda bulund\u0131.<\/p>\n\n\n\n<figure class=\"wp-block-image size-full\"><img loading=\"lazy\" decoding=\"async\" width=\"650\" height=\"375\" src=\"http:\/\/qtmm.org\/wp-content\/uploads\/2022\/01\/img_2921.jpeg\" alt=\"\" class=\"wp-image-41178\" srcset=\"https:\/\/qtmm.org\/wp-content\/uploads\/2022\/01\/img_2921.jpeg 650w, https:\/\/qtmm.org\/wp-content\/uploads\/2022\/01\/img_2921-300x173.jpeg 300w\" sizes=\"auto, (max-width: 650px) 100vw, 650px\" \/><\/figure>\n","protected":false},"excerpt":{"rendered":"<p>Q\u0131r\u0131mda milliy ne\u015firlerni\u00f1 qapaluv\u0131 havf\u0131 ve q\u0131r\u0131mtatar milliy k\u00fctleviy matbuat vastalar\u0131n\u0131\u00f1 \u011fayet a\u011f\u0131r vaziyeti aqq\u0131nda 2013 senesi noyabr 28-de \u00f6tkerilgen matbuat konferentsiyas\u0131nda Meclisni\u00f1 medeniyet, tarih ve maneviy \u00f6m\u00fcr meseleleri boyunca idaresini\u00f1 ba\u015f\u0131, &#8220;Q\u0131r\u0131m&#8221; gazetas\u0131n\u0131\u00f1 ba\u015f muarriri Bekir Mamutov, &#8220;Q\u0131r\u0131m qaraylar&#8221; ilmiy ke\u00f1e\u015fni\u00f1 reisi, akademik Yuriy Polkanov, milliy areket veteran\u0131 \u0130zzet \u0130zedinov ve cemaat erbab\u0131 Rasim [&hellip;]<\/p>\n","protected":false},"author":1,"featured_media":41161,"comment_status":"open","ping_status":"open","sticky":false,"template":"","format":"standard","meta":{"inline_featured_image":false,"footnotes":""},"categories":[265],"tags":[],"class_list":["post-41159","post","type-post","status-publish","format-standard","has-post-thumbnail","hentry","category-haberler"],"acf":[],"yoast_head":"<!-- This site is optimized with the Yoast SEO plugin v27.4 - https:\/\/yoast.com\/product\/yoast-seo-wordpress\/ -->\n<title>Bekir Mamutov: Q\u0131r\u0131mtatar tilinde ne\u015fir etilgen \u00abQ\u0131r\u0131m\u00bb gazetas\u0131 qapaluv tel\u00fckesi alt\u0131nda bulunmaqta - \u041c\u0435\u0434\u0436\u043b\u0456\u0441<\/title>\n<meta name=\"robots\" content=\"index, follow, max-snippet:-1, max-image-preview:large, max-video-preview:-1\" \/>\n<link rel=\"canonical\" href=\"https:\/\/qtmm.org\/qt\/bekir-mamutov-qirimtatar-tilinde-nesir-etilgen-qirim-gazetasi-qapaluv-telukesi-altinda-bulunmaqta\/\" \/>\n<meta property=\"og:locale\" content=\"en_US\" \/>\n<meta property=\"og:type\" content=\"article\" \/>\n<meta property=\"og:title\" content=\"Bekir Mamutov: Q\u0131r\u0131mtatar tilinde ne\u015fir etilgen \u00abQ\u0131r\u0131m\u00bb gazetas\u0131 qapaluv tel\u00fckesi alt\u0131nda bulunmaqta - \u041c\u0435\u0434\u0436\u043b\u0456\u0441\" \/>\n<meta property=\"og:description\" content=\"Q\u0131r\u0131mda milliy ne\u015firlerni\u00f1 qapaluv\u0131 havf\u0131 ve q\u0131r\u0131mtatar milliy k\u00fctleviy matbuat vastalar\u0131n\u0131\u00f1 \u011fayet a\u011f\u0131r vaziyeti aqq\u0131nda 2013 senesi noyabr 28-de \u00f6tkerilgen matbuat konferentsiyas\u0131nda Meclisni\u00f1 medeniyet, tarih ve maneviy \u00f6m\u00fcr meseleleri boyunca idaresini\u00f1 ba\u015f\u0131, &#8220;Q\u0131r\u0131m&#8221; gazetas\u0131n\u0131\u00f1 ba\u015f muarriri Bekir Mamutov, &#8220;Q\u0131r\u0131m qaraylar&#8221; ilmiy ke\u00f1e\u015fni\u00f1 reisi, akademik Yuriy Polkanov, milliy areket veteran\u0131 \u0130zzet \u0130zedinov ve cemaat erbab\u0131 Rasim [&hellip;]\" \/>\n<meta property=\"og:url\" content=\"https:\/\/qtmm.org\/qt\/bekir-mamutov-qirimtatar-tilinde-nesir-etilgen-qirim-gazetasi-qapaluv-telukesi-altinda-bulunmaqta\/\" \/>\n<meta property=\"og:site_name\" content=\"\u041c\u0435\u0434\u0436\u043b\u0456\u0441\" \/>\n<meta property=\"article:publisher\" content=\"https:\/\/www.facebook.com\/qtmm.info\/\" \/>\n<meta property=\"article:published_time\" content=\"2013-11-28T18:22:00+00:00\" \/>\n<meta property=\"article:modified_time\" content=\"2022-01-26T18:23:33+00:00\" \/>\n<meta property=\"og:image\" content=\"https:\/\/qtmm.org\/wp-content\/uploads\/2022\/01\/img_2917.jpeg\" \/>\n\t<meta property=\"og:image:width\" content=\"650\" \/>\n\t<meta property=\"og:image:height\" content=\"386\" \/>\n\t<meta property=\"og:image:type\" content=\"image\/jpeg\" \/>\n<meta name=\"author\" content=\"Developer\" \/>\n<meta name=\"twitter:card\" content=\"summary_large_image\" \/>\n<meta name=\"twitter:label1\" content=\"Written by\" \/>\n\t<meta name=\"twitter:data1\" content=\"Developer\" \/>\n\t<meta name=\"twitter:label2\" content=\"Est. reading time\" \/>\n\t<meta name=\"twitter:data2\" content=\"2 minutes\" \/>\n<script type=\"application\/ld+json\" class=\"yoast-schema-graph\">{\"@context\":\"https:\\\/\\\/schema.org\",\"@graph\":[{\"@type\":\"Article\",\"@id\":\"https:\\\/\\\/qtmm.org\\\/qt\\\/bekir-mamutov-qirimtatar-tilinde-nesir-etilgen-qirim-gazetasi-qapaluv-telukesi-altinda-bulunmaqta\\\/#article\",\"isPartOf\":{\"@id\":\"https:\\\/\\\/qtmm.org\\\/qt\\\/bekir-mamutov-qirimtatar-tilinde-nesir-etilgen-qirim-gazetasi-qapaluv-telukesi-altinda-bulunmaqta\\\/\"},\"author\":{\"name\":\"Developer\",\"@id\":\"https:\\\/\\\/qtmm.org\\\/qt\\\/#\\\/schema\\\/person\\\/de562469f971dec226ac06e60bbf74a7\"},\"headline\":\"Bekir Mamutov: Q\u0131r\u0131mtatar tilinde ne\u015fir etilgen \u00abQ\u0131r\u0131m\u00bb gazetas\u0131 qapaluv tel\u00fckesi alt\u0131nda bulunmaqta\",\"datePublished\":\"2013-11-28T18:22:00+00:00\",\"dateModified\":\"2022-01-26T18:23:33+00:00\",\"mainEntityOfPage\":{\"@id\":\"https:\\\/\\\/qtmm.org\\\/qt\\\/bekir-mamutov-qirimtatar-tilinde-nesir-etilgen-qirim-gazetasi-qapaluv-telukesi-altinda-bulunmaqta\\\/\"},\"wordCount\":499,\"commentCount\":0,\"publisher\":{\"@id\":\"https:\\\/\\\/qtmm.org\\\/qt\\\/#organization\"},\"image\":{\"@id\":\"https:\\\/\\\/qtmm.org\\\/qt\\\/bekir-mamutov-qirimtatar-tilinde-nesir-etilgen-qirim-gazetasi-qapaluv-telukesi-altinda-bulunmaqta\\\/#primaryimage\"},\"thumbnailUrl\":\"https:\\\/\\\/qtmm.org\\\/wp-content\\\/uploads\\\/2022\\\/01\\\/img_2917.jpeg\",\"articleSection\":[\"Haberler\"],\"inLanguage\":\"qt\",\"potentialAction\":[{\"@type\":\"CommentAction\",\"name\":\"Comment\",\"target\":[\"https:\\\/\\\/qtmm.org\\\/qt\\\/bekir-mamutov-qirimtatar-tilinde-nesir-etilgen-qirim-gazetasi-qapaluv-telukesi-altinda-bulunmaqta\\\/#respond\"]}]},{\"@type\":\"WebPage\",\"@id\":\"https:\\\/\\\/qtmm.org\\\/qt\\\/bekir-mamutov-qirimtatar-tilinde-nesir-etilgen-qirim-gazetasi-qapaluv-telukesi-altinda-bulunmaqta\\\/\",\"url\":\"https:\\\/\\\/qtmm.org\\\/qt\\\/bekir-mamutov-qirimtatar-tilinde-nesir-etilgen-qirim-gazetasi-qapaluv-telukesi-altinda-bulunmaqta\\\/\",\"name\":\"Bekir Mamutov: Q\u0131r\u0131mtatar tilinde ne\u015fir etilgen \u00abQ\u0131r\u0131m\u00bb gazetas\u0131 qapaluv tel\u00fckesi alt\u0131nda bulunmaqta - \u041c\u0435\u0434\u0436\u043b\u0456\u0441\",\"isPartOf\":{\"@id\":\"https:\\\/\\\/qtmm.org\\\/qt\\\/#website\"},\"primaryImageOfPage\":{\"@id\":\"https:\\\/\\\/qtmm.org\\\/qt\\\/bekir-mamutov-qirimtatar-tilinde-nesir-etilgen-qirim-gazetasi-qapaluv-telukesi-altinda-bulunmaqta\\\/#primaryimage\"},\"image\":{\"@id\":\"https:\\\/\\\/qtmm.org\\\/qt\\\/bekir-mamutov-qirimtatar-tilinde-nesir-etilgen-qirim-gazetasi-qapaluv-telukesi-altinda-bulunmaqta\\\/#primaryimage\"},\"thumbnailUrl\":\"https:\\\/\\\/qtmm.org\\\/wp-content\\\/uploads\\\/2022\\\/01\\\/img_2917.jpeg\",\"datePublished\":\"2013-11-28T18:22:00+00:00\",\"dateModified\":\"2022-01-26T18:23:33+00:00\",\"breadcrumb\":{\"@id\":\"https:\\\/\\\/qtmm.org\\\/qt\\\/bekir-mamutov-qirimtatar-tilinde-nesir-etilgen-qirim-gazetasi-qapaluv-telukesi-altinda-bulunmaqta\\\/#breadcrumb\"},\"inLanguage\":\"qt\",\"potentialAction\":[{\"@type\":\"ReadAction\",\"target\":[\"https:\\\/\\\/qtmm.org\\\/qt\\\/bekir-mamutov-qirimtatar-tilinde-nesir-etilgen-qirim-gazetasi-qapaluv-telukesi-altinda-bulunmaqta\\\/\"]}]},{\"@type\":\"ImageObject\",\"inLanguage\":\"qt\",\"@id\":\"https:\\\/\\\/qtmm.org\\\/qt\\\/bekir-mamutov-qirimtatar-tilinde-nesir-etilgen-qirim-gazetasi-qapaluv-telukesi-altinda-bulunmaqta\\\/#primaryimage\",\"url\":\"https:\\\/\\\/qtmm.org\\\/wp-content\\\/uploads\\\/2022\\\/01\\\/img_2917.jpeg\",\"contentUrl\":\"https:\\\/\\\/qtmm.org\\\/wp-content\\\/uploads\\\/2022\\\/01\\\/img_2917.jpeg\",\"width\":650,\"height\":386},{\"@type\":\"BreadcrumbList\",\"@id\":\"https:\\\/\\\/qtmm.org\\\/qt\\\/bekir-mamutov-qirimtatar-tilinde-nesir-etilgen-qirim-gazetasi-qapaluv-telukesi-altinda-bulunmaqta\\\/#breadcrumb\",\"itemListElement\":[{\"@type\":\"ListItem\",\"position\":1,\"name\":\"\u0413\u043e\u043b\u043e\u0432\u043d\u0430\",\"item\":\"https:\\\/\\\/qtmm.org\\\/qt\\\/\"},{\"@type\":\"ListItem\",\"position\":2,\"name\":\"Bekir Mamutov: Q\u0131r\u0131mtatar tilinde ne\u015fir etilgen \u00abQ\u0131r\u0131m\u00bb gazetas\u0131 qapaluv tel\u00fckesi alt\u0131nda bulunmaqta\"}]},{\"@type\":\"WebSite\",\"@id\":\"https:\\\/\\\/qtmm.org\\\/qt\\\/#website\",\"url\":\"https:\\\/\\\/qtmm.org\\\/qt\\\/\",\"name\":\"\u041c\u0435\u0434\u0436\u043b\u0456\u0441\",\"description\":\"\",\"publisher\":{\"@id\":\"https:\\\/\\\/qtmm.org\\\/qt\\\/#organization\"},\"potentialAction\":[{\"@type\":\"SearchAction\",\"target\":{\"@type\":\"EntryPoint\",\"urlTemplate\":\"https:\\\/\\\/qtmm.org\\\/qt\\\/?s={search_term_string}\"},\"query-input\":{\"@type\":\"PropertyValueSpecification\",\"valueRequired\":true,\"valueName\":\"search_term_string\"}}],\"inLanguage\":\"qt\"},{\"@type\":\"Organization\",\"@id\":\"https:\\\/\\\/qtmm.org\\\/qt\\\/#organization\",\"name\":\"\u041c\u0435\u0434\u0436\u043b\u0456\u0441\",\"url\":\"https:\\\/\\\/qtmm.org\\\/qt\\\/\",\"logo\":{\"@type\":\"ImageObject\",\"inLanguage\":\"qt\",\"@id\":\"https:\\\/\\\/qtmm.org\\\/qt\\\/#\\\/schema\\\/logo\\\/image\\\/\",\"url\":\"https:\\\/\\\/qtmm.org\\\/wp-content\\\/uploads\\\/2024\\\/12\\\/ua-mejlis-logo-rgb.svg\",\"contentUrl\":\"https:\\\/\\\/qtmm.org\\\/wp-content\\\/uploads\\\/2024\\\/12\\\/ua-mejlis-logo-rgb.svg\",\"caption\":\"\u041c\u0435\u0434\u0436\u043b\u0456\u0441\"},\"image\":{\"@id\":\"https:\\\/\\\/qtmm.org\\\/qt\\\/#\\\/schema\\\/logo\\\/image\\\/\"},\"sameAs\":[\"https:\\\/\\\/www.facebook.com\\\/qtmm.info\\\/\"]},{\"@type\":\"Person\",\"@id\":\"https:\\\/\\\/qtmm.org\\\/qt\\\/#\\\/schema\\\/person\\\/de562469f971dec226ac06e60bbf74a7\",\"name\":\"Developer\",\"image\":{\"@type\":\"ImageObject\",\"inLanguage\":\"qt\",\"@id\":\"https:\\\/\\\/secure.gravatar.com\\\/avatar\\\/392b4cc8fbfeb00b39dfeeab4ee6edded39ffd48e25858637e4765810300227e?s=96&d=mm&r=g\",\"url\":\"https:\\\/\\\/secure.gravatar.com\\\/avatar\\\/392b4cc8fbfeb00b39dfeeab4ee6edded39ffd48e25858637e4765810300227e?s=96&d=mm&r=g\",\"contentUrl\":\"https:\\\/\\\/secure.gravatar.com\\\/avatar\\\/392b4cc8fbfeb00b39dfeeab4ee6edded39ffd48e25858637e4765810300227e?s=96&d=mm&r=g\",\"caption\":\"Developer\"},\"url\":\"https:\\\/\\\/qtmm.org\\\/qt\\\/author\\\/Developer\\\/\"}]}<\/script>\n<!-- \/ Yoast SEO plugin. -->","yoast_head_json":{"title":"Bekir Mamutov: Q\u0131r\u0131mtatar tilinde ne\u015fir etilgen \u00abQ\u0131r\u0131m\u00bb gazetas\u0131 qapaluv tel\u00fckesi alt\u0131nda bulunmaqta - \u041c\u0435\u0434\u0436\u043b\u0456\u0441","robots":{"index":"index","follow":"follow","max-snippet":"max-snippet:-1","max-image-preview":"max-image-preview:large","max-video-preview":"max-video-preview:-1"},"canonical":"https:\/\/qtmm.org\/qt\/bekir-mamutov-qirimtatar-tilinde-nesir-etilgen-qirim-gazetasi-qapaluv-telukesi-altinda-bulunmaqta\/","og_locale":"en_US","og_type":"article","og_title":"Bekir Mamutov: Q\u0131r\u0131mtatar tilinde ne\u015fir etilgen \u00abQ\u0131r\u0131m\u00bb gazetas\u0131 qapaluv tel\u00fckesi alt\u0131nda bulunmaqta - \u041c\u0435\u0434\u0436\u043b\u0456\u0441","og_description":"Q\u0131r\u0131mda milliy ne\u015firlerni\u00f1 qapaluv\u0131 havf\u0131 ve q\u0131r\u0131mtatar milliy k\u00fctleviy matbuat vastalar\u0131n\u0131\u00f1 \u011fayet a\u011f\u0131r vaziyeti aqq\u0131nda 2013 senesi noyabr 28-de \u00f6tkerilgen matbuat konferentsiyas\u0131nda Meclisni\u00f1 medeniyet, tarih ve maneviy \u00f6m\u00fcr meseleleri boyunca idaresini\u00f1 ba\u015f\u0131, &#8220;Q\u0131r\u0131m&#8221; gazetas\u0131n\u0131\u00f1 ba\u015f muarriri Bekir Mamutov, &#8220;Q\u0131r\u0131m qaraylar&#8221; ilmiy ke\u00f1e\u015fni\u00f1 reisi, akademik Yuriy Polkanov, milliy areket veteran\u0131 \u0130zzet \u0130zedinov ve cemaat erbab\u0131 Rasim [&hellip;]","og_url":"https:\/\/qtmm.org\/qt\/bekir-mamutov-qirimtatar-tilinde-nesir-etilgen-qirim-gazetasi-qapaluv-telukesi-altinda-bulunmaqta\/","og_site_name":"\u041c\u0435\u0434\u0436\u043b\u0456\u0441","article_publisher":"https:\/\/www.facebook.com\/qtmm.info\/","article_published_time":"2013-11-28T18:22:00+00:00","article_modified_time":"2022-01-26T18:23:33+00:00","og_image":[{"width":650,"height":386,"url":"https:\/\/qtmm.org\/wp-content\/uploads\/2022\/01\/img_2917.jpeg","type":"image\/jpeg"}],"author":"Developer","twitter_card":"summary_large_image","twitter_misc":{"Written by":"Developer","Est. reading time":"2 minutes"},"schema":{"@context":"https:\/\/schema.org","@graph":[{"@type":"Article","@id":"https:\/\/qtmm.org\/qt\/bekir-mamutov-qirimtatar-tilinde-nesir-etilgen-qirim-gazetasi-qapaluv-telukesi-altinda-bulunmaqta\/#article","isPartOf":{"@id":"https:\/\/qtmm.org\/qt\/bekir-mamutov-qirimtatar-tilinde-nesir-etilgen-qirim-gazetasi-qapaluv-telukesi-altinda-bulunmaqta\/"},"author":{"name":"Developer","@id":"https:\/\/qtmm.org\/qt\/#\/schema\/person\/de562469f971dec226ac06e60bbf74a7"},"headline":"Bekir Mamutov: Q\u0131r\u0131mtatar tilinde ne\u015fir etilgen \u00abQ\u0131r\u0131m\u00bb gazetas\u0131 qapaluv tel\u00fckesi alt\u0131nda bulunmaqta","datePublished":"2013-11-28T18:22:00+00:00","dateModified":"2022-01-26T18:23:33+00:00","mainEntityOfPage":{"@id":"https:\/\/qtmm.org\/qt\/bekir-mamutov-qirimtatar-tilinde-nesir-etilgen-qirim-gazetasi-qapaluv-telukesi-altinda-bulunmaqta\/"},"wordCount":499,"commentCount":0,"publisher":{"@id":"https:\/\/qtmm.org\/qt\/#organization"},"image":{"@id":"https:\/\/qtmm.org\/qt\/bekir-mamutov-qirimtatar-tilinde-nesir-etilgen-qirim-gazetasi-qapaluv-telukesi-altinda-bulunmaqta\/#primaryimage"},"thumbnailUrl":"https:\/\/qtmm.org\/wp-content\/uploads\/2022\/01\/img_2917.jpeg","articleSection":["Haberler"],"inLanguage":"qt","potentialAction":[{"@type":"CommentAction","name":"Comment","target":["https:\/\/qtmm.org\/qt\/bekir-mamutov-qirimtatar-tilinde-nesir-etilgen-qirim-gazetasi-qapaluv-telukesi-altinda-bulunmaqta\/#respond"]}]},{"@type":"WebPage","@id":"https:\/\/qtmm.org\/qt\/bekir-mamutov-qirimtatar-tilinde-nesir-etilgen-qirim-gazetasi-qapaluv-telukesi-altinda-bulunmaqta\/","url":"https:\/\/qtmm.org\/qt\/bekir-mamutov-qirimtatar-tilinde-nesir-etilgen-qirim-gazetasi-qapaluv-telukesi-altinda-bulunmaqta\/","name":"Bekir Mamutov: Q\u0131r\u0131mtatar tilinde ne\u015fir etilgen \u00abQ\u0131r\u0131m\u00bb gazetas\u0131 qapaluv tel\u00fckesi alt\u0131nda bulunmaqta - \u041c\u0435\u0434\u0436\u043b\u0456\u0441","isPartOf":{"@id":"https:\/\/qtmm.org\/qt\/#website"},"primaryImageOfPage":{"@id":"https:\/\/qtmm.org\/qt\/bekir-mamutov-qirimtatar-tilinde-nesir-etilgen-qirim-gazetasi-qapaluv-telukesi-altinda-bulunmaqta\/#primaryimage"},"image":{"@id":"https:\/\/qtmm.org\/qt\/bekir-mamutov-qirimtatar-tilinde-nesir-etilgen-qirim-gazetasi-qapaluv-telukesi-altinda-bulunmaqta\/#primaryimage"},"thumbnailUrl":"https:\/\/qtmm.org\/wp-content\/uploads\/2022\/01\/img_2917.jpeg","datePublished":"2013-11-28T18:22:00+00:00","dateModified":"2022-01-26T18:23:33+00:00","breadcrumb":{"@id":"https:\/\/qtmm.org\/qt\/bekir-mamutov-qirimtatar-tilinde-nesir-etilgen-qirim-gazetasi-qapaluv-telukesi-altinda-bulunmaqta\/#breadcrumb"},"inLanguage":"qt","potentialAction":[{"@type":"ReadAction","target":["https:\/\/qtmm.org\/qt\/bekir-mamutov-qirimtatar-tilinde-nesir-etilgen-qirim-gazetasi-qapaluv-telukesi-altinda-bulunmaqta\/"]}]},{"@type":"ImageObject","inLanguage":"qt","@id":"https:\/\/qtmm.org\/qt\/bekir-mamutov-qirimtatar-tilinde-nesir-etilgen-qirim-gazetasi-qapaluv-telukesi-altinda-bulunmaqta\/#primaryimage","url":"https:\/\/qtmm.org\/wp-content\/uploads\/2022\/01\/img_2917.jpeg","contentUrl":"https:\/\/qtmm.org\/wp-content\/uploads\/2022\/01\/img_2917.jpeg","width":650,"height":386},{"@type":"BreadcrumbList","@id":"https:\/\/qtmm.org\/qt\/bekir-mamutov-qirimtatar-tilinde-nesir-etilgen-qirim-gazetasi-qapaluv-telukesi-altinda-bulunmaqta\/#breadcrumb","itemListElement":[{"@type":"ListItem","position":1,"name":"\u0413\u043e\u043b\u043e\u0432\u043d\u0430","item":"https:\/\/qtmm.org\/qt\/"},{"@type":"ListItem","position":2,"name":"Bekir Mamutov: Q\u0131r\u0131mtatar tilinde ne\u015fir etilgen \u00abQ\u0131r\u0131m\u00bb gazetas\u0131 qapaluv tel\u00fckesi alt\u0131nda bulunmaqta"}]},{"@type":"WebSite","@id":"https:\/\/qtmm.org\/qt\/#website","url":"https:\/\/qtmm.org\/qt\/","name":"\u041c\u0435\u0434\u0436\u043b\u0456\u0441","description":"","publisher":{"@id":"https:\/\/qtmm.org\/qt\/#organization"},"potentialAction":[{"@type":"SearchAction","target":{"@type":"EntryPoint","urlTemplate":"https:\/\/qtmm.org\/qt\/?s={search_term_string}"},"query-input":{"@type":"PropertyValueSpecification","valueRequired":true,"valueName":"search_term_string"}}],"inLanguage":"qt"},{"@type":"Organization","@id":"https:\/\/qtmm.org\/qt\/#organization","name":"\u041c\u0435\u0434\u0436\u043b\u0456\u0441","url":"https:\/\/qtmm.org\/qt\/","logo":{"@type":"ImageObject","inLanguage":"qt","@id":"https:\/\/qtmm.org\/qt\/#\/schema\/logo\/image\/","url":"https:\/\/qtmm.org\/wp-content\/uploads\/2024\/12\/ua-mejlis-logo-rgb.svg","contentUrl":"https:\/\/qtmm.org\/wp-content\/uploads\/2024\/12\/ua-mejlis-logo-rgb.svg","caption":"\u041c\u0435\u0434\u0436\u043b\u0456\u0441"},"image":{"@id":"https:\/\/qtmm.org\/qt\/#\/schema\/logo\/image\/"},"sameAs":["https:\/\/www.facebook.com\/qtmm.info\/"]},{"@type":"Person","@id":"https:\/\/qtmm.org\/qt\/#\/schema\/person\/de562469f971dec226ac06e60bbf74a7","name":"Developer","image":{"@type":"ImageObject","inLanguage":"qt","@id":"https:\/\/secure.gravatar.com\/avatar\/392b4cc8fbfeb00b39dfeeab4ee6edded39ffd48e25858637e4765810300227e?s=96&d=mm&r=g","url":"https:\/\/secure.gravatar.com\/avatar\/392b4cc8fbfeb00b39dfeeab4ee6edded39ffd48e25858637e4765810300227e?s=96&d=mm&r=g","contentUrl":"https:\/\/secure.gravatar.com\/avatar\/392b4cc8fbfeb00b39dfeeab4ee6edded39ffd48e25858637e4765810300227e?s=96&d=mm&r=g","caption":"Developer"},"url":"https:\/\/qtmm.org\/qt\/author\/Developer\/"}]}},"_links":{"self":[{"href":"https:\/\/qtmm.org\/qt\/wp-json\/wp\/v2\/posts\/41159","targetHints":{"allow":["GET"]}}],"collection":[{"href":"https:\/\/qtmm.org\/qt\/wp-json\/wp\/v2\/posts"}],"about":[{"href":"https:\/\/qtmm.org\/qt\/wp-json\/wp\/v2\/types\/post"}],"author":[{"embeddable":true,"href":"https:\/\/qtmm.org\/qt\/wp-json\/wp\/v2\/users\/1"}],"replies":[{"embeddable":true,"href":"https:\/\/qtmm.org\/qt\/wp-json\/wp\/v2\/comments?post=41159"}],"version-history":[{"count":1,"href":"https:\/\/qtmm.org\/qt\/wp-json\/wp\/v2\/posts\/41159\/revisions"}],"predecessor-version":[{"id":41186,"href":"https:\/\/qtmm.org\/qt\/wp-json\/wp\/v2\/posts\/41159\/revisions\/41186"}],"wp:featuredmedia":[{"embeddable":true,"href":"https:\/\/qtmm.org\/qt\/wp-json\/wp\/v2\/media\/41161"}],"wp:attachment":[{"href":"https:\/\/qtmm.org\/qt\/wp-json\/wp\/v2\/media?parent=41159"}],"wp:term":[{"taxonomy":"category","embeddable":true,"href":"https:\/\/qtmm.org\/qt\/wp-json\/wp\/v2\/categories?post=41159"},{"taxonomy":"post_tag","embeddable":true,"href":"https:\/\/qtmm.org\/qt\/wp-json\/wp\/v2\/tags?post=41159"}],"curies":[{"name":"wp","href":"https:\/\/api.w.org\/{rel}","templated":true}]}}