




{"id":41079,"date":"2013-11-26T21:17:00","date_gmt":"2013-11-26T18:17:00","guid":{"rendered":"http:\/\/qtmm.org\/?p=41079"},"modified":"2022-01-26T21:21:11","modified_gmt":"2022-01-26T18:21:11","slug":"meclis-reisi-refat-cubarov-er-angi-yaris-balalarnin-oz-medeniyetini-ogrenmek-oz-yurtu-oz-halqinin-vatanperveri-olmasina-siltemdir","status":"publish","type":"post","link":"https:\/\/qtmm.org\/qt\/meclis-reisi-refat-cubarov-er-angi-yaris-balalarnin-oz-medeniyetini-ogrenmek-oz-yurtu-oz-halqinin-vatanperveri-olmasina-siltemdir\/","title":{"rendered":"Meclis reisi Refat \u00c7ubarov: \u00abEr angi yar\u0131\u015f balalarn\u0131\u00f1 \u00f6z medeniyetini \u00f6grenmek, \u00f6z yurtu, \u00f6z halq\u0131n\u0131\u00f1 vatanperveri olmas\u0131na siltemdir\u00bb"},"content":{"rendered":"\n<p>Qarasuvbazarda noyabr 26-da Bekir \u00c7oban zade do\u011f\u011fan\u0131n\u0131\u00f1 120 y\u0131ll\u0131\u011f\u0131na ba\u011f\u0131\u015flan\u011fan yar\u0131\u015fn\u0131\u00f1 \u00fc\u00e7 nominatsiyada: &#8220;Bekir \u00c7oban zade eserlerini bediiy oquv&#8221;, &#8220;Bekir \u00c7oban zade eserleri mevzus\u0131na e\u00f1 yah\u015f\u0131 resim&#8221; ve &#8220;Q\u0131r\u0131mtatar edebiyat\u0131 ocalar\u0131n\u0131\u00f1 m\u00fcltimedia taqdimi&#8221; neticelerine yek\u00fcn \u00e7ek\u00fcv merasimi \u00f6tkerildi.<\/p>\n\n\n\n<figure class=\"wp-block-image size-full\"><img loading=\"lazy\" decoding=\"async\" width=\"800\" height=\"600\" src=\"http:\/\/qtmm.org\/wp-content\/uploads\/2022\/01\/img_2865.jpeg\" alt=\"\" class=\"wp-image-41084\" srcset=\"https:\/\/qtmm.org\/wp-content\/uploads\/2022\/01\/img_2865.jpeg 800w, https:\/\/qtmm.org\/wp-content\/uploads\/2022\/01\/img_2865-300x225.jpeg 300w, https:\/\/qtmm.org\/wp-content\/uploads\/2022\/01\/img_2865-768x576.jpeg 768w\" sizes=\"auto, (max-width: 800px) 100vw, 800px\" \/><\/figure>\n\n\n\n<p>\u0130cadiy tedbirde Meclis reisi Refat \u00c7ubarov, Meclisni\u00f1 q\u0131r\u0131mtatar tilinde tasil ve q\u0131r\u0131mtatar tilini Q\u0131r\u0131mn\u0131\u00f1 devlet ve cemaat \u00f6m\u00fcrini\u00f1 b\u00fct\u00fcn saalar\u0131na tadbiq et\u00fcv meseleleri boyunca idareni\u00f1 ba\u015f\u0131 Emine Avamileva, Bekir \u00c7oban zade fond\u0131n\u0131\u00f1 direktor\u0131, Qurultay delegat\u0131 Remzi Velil\u00e2yev, \u015feerni\u00f1 yolba\u015f\u00e7\u0131s\u0131 Albert Kangiyev, Qarasuvbazar rayon devlet memuriyeti ba\u015f\u0131n\u0131\u00f1 muavini Nikolay Stega\u00e7\u00f6v ve \u015feer sakinleri i\u015ftirak ettiler.<\/p>\n\n\n\n<p>&#8220;Er angi yar\u0131\u015f balalarn\u0131\u00f1 \u00f6z medeniyetini \u00f6grenmek, \u00f6z yurtu, \u00f6z halq\u0131n\u0131\u00f1 vatanperveri olmas\u0131na siltemdir&#8221;, &#8211; dep ba\u015flad\u0131 \u00f6z \u00e7\u0131q\u0131\u015f\u0131n\u0131 Refat \u00c7ubarov. Meclis reisi tedbir te\u015fkil\u00e2t\u00e7\u0131lar\u0131na, \u00f6z talebelerini bu yar\u0131\u015fqa az\u0131rla\u011fan ocalar\u011fa te\u015fekk\u00fcr bildirip, yar\u0131\u015fta muvafaqiyetler tiledi.<\/p>\n\n\n\n<figure class=\"wp-block-image size-full\"><img loading=\"lazy\" decoding=\"async\" width=\"800\" height=\"600\" src=\"http:\/\/qtmm.org\/wp-content\/uploads\/2022\/01\/top2.jpeg\" alt=\"\" class=\"wp-image-41092\" srcset=\"https:\/\/qtmm.org\/wp-content\/uploads\/2022\/01\/top2.jpeg 800w, https:\/\/qtmm.org\/wp-content\/uploads\/2022\/01\/top2-300x225.jpeg 300w, https:\/\/qtmm.org\/wp-content\/uploads\/2022\/01\/top2-768x576.jpeg 768w\" sizes=\"auto, (max-width: 800px) 100vw, 800px\" \/><\/figure>\n\n\n\n<p>B\u00f6yle yar\u0131\u015flar parlaq ve istidatl\u0131 balalarn\u0131 tapma\u011fa yard\u0131m etkenini qayd etken Refat \u00c7ubarov: &#8220;\u00dcm\u00fct etem ki, bun\u0131\u00f1 kibi yar\u0131\u015flar er yerde ke\u00e7irilip, halq\u0131m\u0131zn\u0131\u00f1 kelecegini belgileycek ya\u00f1\u0131 nesilni \u015fekillendirirler&#8221;, dedi.<\/p>\n\n\n\n<p>Emine Avamileva, \u00f6z nevbetinde \u015fun\u0131 qayd etti ki, Qarasubazarda endi \u00e7oq y\u0131llardan berli pek y\u00fcksek bir seviyede ad\u0131 \u015fu \u015feer ile ba\u011fl\u0131 ol\u011fan Bekir \u00c7oban zadeni\u00f1 hat\u0131ras\u0131na ba\u011f\u0131\u015flan\u011fan tedbirler ke\u00e7irilmekte. &#8220;\u0130lk-evel\u00e2 men balalar\u0131na tarih\u0131m\u0131zn\u0131 a\u00f1latqan ve vatanperverlik duy\u011fus\u0131n\u0131 a\u015fla\u011fan ana-babalar\u011fa b\u00fcy\u00fckten-b\u00fcy\u00fck te\u015fek\u00fcrimni bildirmek isteyim, &#8211; dedi Meclisni\u00f1 q\u0131r\u0131mtatar tilinde tasil ve q\u0131r\u0131mtatar tilini Q\u0131r\u0131mn\u0131\u00f1 devlet ve cemaat \u00f6m\u00fcrini\u00f1 b\u00fct\u00fcn saalar\u0131na tadbiq et\u00fcv meseleleri boyunca idareni\u00f1 ba\u015f\u0131 Emine Avamileva<\/p>\n\n\n\n<figure class=\"wp-block-image size-full\"><img loading=\"lazy\" decoding=\"async\" width=\"800\" height=\"600\" src=\"http:\/\/qtmm.org\/wp-content\/uploads\/2022\/01\/img_2858.jpeg\" alt=\"\" class=\"wp-image-41096\" srcset=\"https:\/\/qtmm.org\/wp-content\/uploads\/2022\/01\/img_2858.jpeg 800w, https:\/\/qtmm.org\/wp-content\/uploads\/2022\/01\/img_2858-300x225.jpeg 300w, https:\/\/qtmm.org\/wp-content\/uploads\/2022\/01\/img_2858-768x576.jpeg 768w\" sizes=\"auto, (max-width: 800px) 100vw, 800px\" \/><\/figure>\n\n\n\n<p>Yar\u0131\u015fta i\u015ftirak etken balalar \u00fc\u00e7 kategoriya\u011fa \u2013 1-4 s\u0131n\u0131f talebeleri, 5-8 s\u0131n\u0131f talebeleri ve 9-11 s\u0131n\u0131f talebelerine b\u00f6l\u00fcnip, Bekir \u00c7oban zadeni\u00f1 \u015fiirlerini q\u0131r\u0131mtatar ve rus tillerinde oqud\u0131lar. Yar\u0131\u015ftaki \u00e7\u0131q\u0131\u015flardan so\u00f1 j\u00fcri eyyeti \u011faliplerni belgiledi. Olar\u011fa diplom ve q\u0131ymetli bah\u015f\u0131\u015flar berildi.<\/p>\n\n\n\n<figure class=\"wp-block-image size-large\"><img loading=\"lazy\" decoding=\"async\" width=\"1024\" height=\"768\" src=\"http:\/\/qtmm.org\/wp-content\/uploads\/2022\/01\/img_2866-1024x768.jpeg\" alt=\"\" class=\"wp-image-41102\" srcset=\"https:\/\/qtmm.org\/wp-content\/uploads\/2022\/01\/img_2866-1024x768.jpeg 1024w, https:\/\/qtmm.org\/wp-content\/uploads\/2022\/01\/img_2866-300x225.jpeg 300w, https:\/\/qtmm.org\/wp-content\/uploads\/2022\/01\/img_2866-768x576.jpeg 768w, https:\/\/qtmm.org\/wp-content\/uploads\/2022\/01\/img_2866-1536x1152.jpeg 1536w, https:\/\/qtmm.org\/wp-content\/uploads\/2022\/01\/img_2866-2048x1536.jpeg 2048w\" sizes=\"auto, (max-width: 1024px) 100vw, 1024px\" \/><\/figure>\n\n\n\n<figure class=\"wp-block-image size-full\"><img loading=\"lazy\" decoding=\"async\" width=\"650\" height=\"474\" src=\"http:\/\/qtmm.org\/wp-content\/uploads\/2022\/01\/img_2884_1.jpeg\" alt=\"\" class=\"wp-image-41106\" srcset=\"https:\/\/qtmm.org\/wp-content\/uploads\/2022\/01\/img_2884_1.jpeg 650w, https:\/\/qtmm.org\/wp-content\/uploads\/2022\/01\/img_2884_1-300x219.jpeg 300w\" sizes=\"auto, (max-width: 650px) 100vw, 650px\" \/><\/figure>\n\n\n\n<p>Milliy Meclis ad\u0131ndan Refat \u00c7ubarov tedbir te\u015fkil\u00e2t\u00e7\u0131lar\u0131na ve evel yar\u0131\u015fta \u011falip \u00e7\u0131qqanlarn\u0131 fahriy yarl\u0131qlarnen taqdirledi. Yarl\u0131qlar \u00c7oban zade ad\u0131na k\u00fct\u00fcphane m\u00fcdiri Zeyneb Cemileva, rayon m\u00fczeyini\u00f1 direktor\u0131 Marlena Kel\u00e2mova, \u015feer tasil b\u00f6l\u00fcgi usulc\u0131s\u0131 Vade Ametova, q\u0131r\u0131mtatar tili ocas\u0131 G\u00fclnar Ka\u00e7kayeva ve 10-nc\u0131 s\u0131n\u0131f talebesi Feride Fakidova ve 11 klass talabesi Mavile Bah\u015f\u0131\u015feva\u011fa berildi.<\/p>\n\n\n\n<p><strong>Mal\u00fcmat i\u00e7\u00fcn:<\/strong>\u00a0<em>y\u0131l devam\u0131nda yar\u0131\u015f ve yar\u0131\u015f neticelerine yek\u00fcn \u00e7ek\u00fcv merasimi Bekir \u00c7oban zade fond\u0131 ve on\u0131\u00f1 quruc\u0131s\u0131 Resul Velil\u00e2yevni\u00f1 yard\u0131m\u0131 sayesinde ke\u00e7irildi<\/em><\/p>\n\n\n\n<figure class=\"wp-block-image size-full\"><img loading=\"lazy\" decoding=\"async\" width=\"800\" height=\"600\" src=\"http:\/\/qtmm.org\/wp-content\/uploads\/2022\/01\/img_2862.jpeg\" alt=\"\" class=\"wp-image-41110\" srcset=\"https:\/\/qtmm.org\/wp-content\/uploads\/2022\/01\/img_2862.jpeg 800w, https:\/\/qtmm.org\/wp-content\/uploads\/2022\/01\/img_2862-300x225.jpeg 300w, https:\/\/qtmm.org\/wp-content\/uploads\/2022\/01\/img_2862-768x576.jpeg 768w\" sizes=\"auto, (max-width: 800px) 100vw, 800px\" \/><\/figure>\n\n\n\n<figure class=\"wp-block-gallery columns-3 is-cropped wp-block-gallery-1 is-layout-flex wp-block-gallery-is-layout-flex\"><ul class=\"blocks-gallery-grid\"><li class=\"blocks-gallery-item\"><figure><a href=\"http:\/\/qtmm.org\/wp-content\/uploads\/2022\/01\/img_2848.jpeg\"><img loading=\"lazy\" decoding=\"async\" width=\"800\" height=\"600\" src=\"http:\/\/qtmm.org\/wp-content\/uploads\/2022\/01\/img_2848.jpeg\" alt=\"\" data-id=\"41122\" data-full-url=\"http:\/\/qtmm.org\/wp-content\/uploads\/2022\/01\/img_2848.jpeg\" data-link=\"http:\/\/qtmm.org\/qt\/?attachment_id=41122\" class=\"wp-image-41122\" srcset=\"https:\/\/qtmm.org\/wp-content\/uploads\/2022\/01\/img_2848.jpeg 800w, https:\/\/qtmm.org\/wp-content\/uploads\/2022\/01\/img_2848-300x225.jpeg 300w, https:\/\/qtmm.org\/wp-content\/uploads\/2022\/01\/img_2848-768x576.jpeg 768w\" sizes=\"auto, (max-width: 800px) 100vw, 800px\" \/><\/a><\/figure><\/li><li class=\"blocks-gallery-item\"><figure><a href=\"http:\/\/qtmm.org\/wp-content\/uploads\/2022\/01\/img_2868-scaled.jpeg\"><img loading=\"lazy\" decoding=\"async\" width=\"1024\" height=\"768\" src=\"http:\/\/qtmm.org\/wp-content\/uploads\/2022\/01\/img_2868-1024x768.jpeg\" alt=\"\" data-id=\"41127\" data-full-url=\"http:\/\/qtmm.org\/wp-content\/uploads\/2022\/01\/img_2868-scaled.jpeg\" data-link=\"http:\/\/qtmm.org\/qt\/?attachment_id=41127\" class=\"wp-image-41127\" srcset=\"https:\/\/qtmm.org\/wp-content\/uploads\/2022\/01\/img_2868-1024x768.jpeg 1024w, https:\/\/qtmm.org\/wp-content\/uploads\/2022\/01\/img_2868-300x225.jpeg 300w, https:\/\/qtmm.org\/wp-content\/uploads\/2022\/01\/img_2868-768x576.jpeg 768w, https:\/\/qtmm.org\/wp-content\/uploads\/2022\/01\/img_2868-1536x1152.jpeg 1536w, https:\/\/qtmm.org\/wp-content\/uploads\/2022\/01\/img_2868-2048x1536.jpeg 2048w\" sizes=\"auto, (max-width: 1024px) 100vw, 1024px\" \/><\/a><\/figure><\/li><li class=\"blocks-gallery-item\"><figure><a href=\"http:\/\/qtmm.org\/wp-content\/uploads\/2022\/01\/img_2872-scaled.jpeg\"><img loading=\"lazy\" decoding=\"async\" width=\"1024\" height=\"768\" src=\"http:\/\/qtmm.org\/wp-content\/uploads\/2022\/01\/img_2872-1024x768.jpeg\" alt=\"\" data-id=\"41131\" data-full-url=\"http:\/\/qtmm.org\/wp-content\/uploads\/2022\/01\/img_2872-scaled.jpeg\" data-link=\"http:\/\/qtmm.org\/qt\/?attachment_id=41131\" class=\"wp-image-41131\" srcset=\"https:\/\/qtmm.org\/wp-content\/uploads\/2022\/01\/img_2872-1024x768.jpeg 1024w, https:\/\/qtmm.org\/wp-content\/uploads\/2022\/01\/img_2872-300x225.jpeg 300w, https:\/\/qtmm.org\/wp-content\/uploads\/2022\/01\/img_2872-768x576.jpeg 768w, https:\/\/qtmm.org\/wp-content\/uploads\/2022\/01\/img_2872-1536x1152.jpeg 1536w, https:\/\/qtmm.org\/wp-content\/uploads\/2022\/01\/img_2872-2048x1536.jpeg 2048w\" sizes=\"auto, (max-width: 1024px) 100vw, 1024px\" \/><\/a><\/figure><\/li><li class=\"blocks-gallery-item\"><figure><a href=\"http:\/\/qtmm.org\/wp-content\/uploads\/2022\/01\/img_2878_2.jpeg\"><img loading=\"lazy\" decoding=\"async\" width=\"800\" height=\"600\" src=\"http:\/\/qtmm.org\/wp-content\/uploads\/2022\/01\/img_2878_2.jpeg\" alt=\"\" data-id=\"41135\" data-full-url=\"http:\/\/qtmm.org\/wp-content\/uploads\/2022\/01\/img_2878_2.jpeg\" data-link=\"http:\/\/qtmm.org\/qt\/?attachment_id=41135\" class=\"wp-image-41135\" srcset=\"https:\/\/qtmm.org\/wp-content\/uploads\/2022\/01\/img_2878_2.jpeg 800w, https:\/\/qtmm.org\/wp-content\/uploads\/2022\/01\/img_2878_2-300x225.jpeg 300w, https:\/\/qtmm.org\/wp-content\/uploads\/2022\/01\/img_2878_2-768x576.jpeg 768w\" sizes=\"auto, (max-width: 800px) 100vw, 800px\" \/><\/a><\/figure><\/li><li class=\"blocks-gallery-item\"><figure><a href=\"http:\/\/qtmm.org\/wp-content\/uploads\/2022\/01\/img_2886_1.jpeg\"><img loading=\"lazy\" decoding=\"async\" width=\"800\" height=\"600\" src=\"http:\/\/qtmm.org\/wp-content\/uploads\/2022\/01\/img_2886_1.jpeg\" alt=\"\" data-id=\"41139\" data-full-url=\"http:\/\/qtmm.org\/wp-content\/uploads\/2022\/01\/img_2886_1.jpeg\" data-link=\"http:\/\/qtmm.org\/qt\/?attachment_id=41139\" class=\"wp-image-41139\" srcset=\"https:\/\/qtmm.org\/wp-content\/uploads\/2022\/01\/img_2886_1.jpeg 800w, https:\/\/qtmm.org\/wp-content\/uploads\/2022\/01\/img_2886_1-300x225.jpeg 300w, https:\/\/qtmm.org\/wp-content\/uploads\/2022\/01\/img_2886_1-768x576.jpeg 768w\" sizes=\"auto, (max-width: 800px) 100vw, 800px\" \/><\/a><\/figure><\/li><\/ul><\/figure>\n","protected":false},"excerpt":{"rendered":"<p>Qarasuvbazarda noyabr 26-da Bekir \u00c7oban zade do\u011f\u011fan\u0131n\u0131\u00f1 120 y\u0131ll\u0131\u011f\u0131na ba\u011f\u0131\u015flan\u011fan yar\u0131\u015fn\u0131\u00f1 \u00fc\u00e7 nominatsiyada: &#8220;Bekir \u00c7oban zade eserlerini bediiy oquv&#8221;, &#8220;Bekir \u00c7oban zade eserleri mevzus\u0131na e\u00f1 yah\u015f\u0131 resim&#8221; ve &#8220;Q\u0131r\u0131mtatar edebiyat\u0131 ocalar\u0131n\u0131\u00f1 m\u00fcltimedia taqdimi&#8221; neticelerine yek\u00fcn \u00e7ek\u00fcv merasimi \u00f6tkerildi. \u0130cadiy tedbirde Meclis reisi Refat \u00c7ubarov, Meclisni\u00f1 q\u0131r\u0131mtatar tilinde tasil ve q\u0131r\u0131mtatar tilini Q\u0131r\u0131mn\u0131\u00f1 devlet ve cemaat [&hellip;]<\/p>\n","protected":false},"author":1,"featured_media":0,"comment_status":"open","ping_status":"open","sticky":false,"template":"","format":"standard","meta":{"inline_featured_image":false,"footnotes":""},"categories":[265],"tags":[],"class_list":["post-41079","post","type-post","status-publish","format-standard","hentry","category-haberler"],"acf":[],"yoast_head":"<!-- This site is optimized with the Yoast SEO plugin v27.4 - https:\/\/yoast.com\/product\/yoast-seo-wordpress\/ -->\n<title>Meclis reisi Refat \u00c7ubarov: \u00abEr angi yar\u0131\u015f balalarn\u0131\u00f1 \u00f6z medeniyetini \u00f6grenmek, \u00f6z yurtu, \u00f6z halq\u0131n\u0131\u00f1 vatanperveri olmas\u0131na siltemdir\u00bb - \u041c\u0435\u0434\u0436\u043b\u0456\u0441<\/title>\n<meta name=\"robots\" content=\"index, follow, max-snippet:-1, max-image-preview:large, max-video-preview:-1\" \/>\n<link rel=\"canonical\" href=\"https:\/\/qtmm.org\/qt\/meclis-reisi-refat-cubarov-er-angi-yaris-balalarnin-oz-medeniyetini-ogrenmek-oz-yurtu-oz-halqinin-vatanperveri-olmasina-siltemdir\/\" \/>\n<meta property=\"og:locale\" content=\"en_US\" \/>\n<meta property=\"og:type\" content=\"article\" \/>\n<meta property=\"og:title\" content=\"Meclis reisi Refat \u00c7ubarov: \u00abEr angi yar\u0131\u015f balalarn\u0131\u00f1 \u00f6z medeniyetini \u00f6grenmek, \u00f6z yurtu, \u00f6z halq\u0131n\u0131\u00f1 vatanperveri olmas\u0131na siltemdir\u00bb - \u041c\u0435\u0434\u0436\u043b\u0456\u0441\" \/>\n<meta property=\"og:description\" content=\"Qarasuvbazarda noyabr 26-da Bekir \u00c7oban zade do\u011f\u011fan\u0131n\u0131\u00f1 120 y\u0131ll\u0131\u011f\u0131na ba\u011f\u0131\u015flan\u011fan yar\u0131\u015fn\u0131\u00f1 \u00fc\u00e7 nominatsiyada: &#8220;Bekir \u00c7oban zade eserlerini bediiy oquv&#8221;, &#8220;Bekir \u00c7oban zade eserleri mevzus\u0131na e\u00f1 yah\u015f\u0131 resim&#8221; ve &#8220;Q\u0131r\u0131mtatar edebiyat\u0131 ocalar\u0131n\u0131\u00f1 m\u00fcltimedia taqdimi&#8221; neticelerine yek\u00fcn \u00e7ek\u00fcv merasimi \u00f6tkerildi. \u0130cadiy tedbirde Meclis reisi Refat \u00c7ubarov, Meclisni\u00f1 q\u0131r\u0131mtatar tilinde tasil ve q\u0131r\u0131mtatar tilini Q\u0131r\u0131mn\u0131\u00f1 devlet ve cemaat [&hellip;]\" \/>\n<meta property=\"og:url\" content=\"https:\/\/qtmm.org\/qt\/meclis-reisi-refat-cubarov-er-angi-yaris-balalarnin-oz-medeniyetini-ogrenmek-oz-yurtu-oz-halqinin-vatanperveri-olmasina-siltemdir\/\" \/>\n<meta property=\"og:site_name\" content=\"\u041c\u0435\u0434\u0436\u043b\u0456\u0441\" \/>\n<meta property=\"article:publisher\" content=\"https:\/\/www.facebook.com\/qtmm.info\/\" \/>\n<meta property=\"article:published_time\" content=\"2013-11-26T18:17:00+00:00\" \/>\n<meta property=\"article:modified_time\" content=\"2022-01-26T18:21:11+00:00\" \/>\n<meta property=\"og:image\" content=\"https:\/\/qtmm.org\/wp-content\/uploads\/2022\/01\/img_2865.jpeg\" \/>\n\t<meta property=\"og:image:width\" content=\"800\" \/>\n\t<meta property=\"og:image:height\" content=\"600\" \/>\n\t<meta property=\"og:image:type\" content=\"image\/jpeg\" \/>\n<meta name=\"author\" content=\"Developer\" \/>\n<meta name=\"twitter:card\" content=\"summary_large_image\" \/>\n<meta name=\"twitter:label1\" content=\"Written by\" \/>\n\t<meta name=\"twitter:data1\" content=\"Developer\" \/>\n\t<meta name=\"twitter:label2\" content=\"Est. reading time\" \/>\n\t<meta name=\"twitter:data2\" content=\"2 minutes\" \/>\n<script type=\"application\/ld+json\" class=\"yoast-schema-graph\">{\"@context\":\"https:\\\/\\\/schema.org\",\"@graph\":[{\"@type\":\"Article\",\"@id\":\"https:\\\/\\\/qtmm.org\\\/qt\\\/meclis-reisi-refat-cubarov-er-angi-yaris-balalarnin-oz-medeniyetini-ogrenmek-oz-yurtu-oz-halqinin-vatanperveri-olmasina-siltemdir\\\/#article\",\"isPartOf\":{\"@id\":\"https:\\\/\\\/qtmm.org\\\/qt\\\/meclis-reisi-refat-cubarov-er-angi-yaris-balalarnin-oz-medeniyetini-ogrenmek-oz-yurtu-oz-halqinin-vatanperveri-olmasina-siltemdir\\\/\"},\"author\":{\"name\":\"Developer\",\"@id\":\"https:\\\/\\\/qtmm.org\\\/qt\\\/#\\\/schema\\\/person\\\/de562469f971dec226ac06e60bbf74a7\"},\"headline\":\"Meclis reisi Refat \u00c7ubarov: \u00abEr angi yar\u0131\u015f balalarn\u0131\u00f1 \u00f6z medeniyetini \u00f6grenmek, \u00f6z yurtu, \u00f6z halq\u0131n\u0131\u00f1 vatanperveri olmas\u0131na siltemdir\u00bb\",\"datePublished\":\"2013-11-26T18:17:00+00:00\",\"dateModified\":\"2022-01-26T18:21:11+00:00\",\"mainEntityOfPage\":{\"@id\":\"https:\\\/\\\/qtmm.org\\\/qt\\\/meclis-reisi-refat-cubarov-er-angi-yaris-balalarnin-oz-medeniyetini-ogrenmek-oz-yurtu-oz-halqinin-vatanperveri-olmasina-siltemdir\\\/\"},\"wordCount\":500,\"commentCount\":0,\"publisher\":{\"@id\":\"https:\\\/\\\/qtmm.org\\\/qt\\\/#organization\"},\"image\":{\"@id\":\"https:\\\/\\\/qtmm.org\\\/qt\\\/meclis-reisi-refat-cubarov-er-angi-yaris-balalarnin-oz-medeniyetini-ogrenmek-oz-yurtu-oz-halqinin-vatanperveri-olmasina-siltemdir\\\/#primaryimage\"},\"thumbnailUrl\":\"http:\\\/\\\/qtmm.org\\\/wp-content\\\/uploads\\\/2022\\\/01\\\/img_2865.jpeg\",\"articleSection\":[\"Haberler\"],\"inLanguage\":\"qt\",\"potentialAction\":[{\"@type\":\"CommentAction\",\"name\":\"Comment\",\"target\":[\"https:\\\/\\\/qtmm.org\\\/qt\\\/meclis-reisi-refat-cubarov-er-angi-yaris-balalarnin-oz-medeniyetini-ogrenmek-oz-yurtu-oz-halqinin-vatanperveri-olmasina-siltemdir\\\/#respond\"]}]},{\"@type\":\"WebPage\",\"@id\":\"https:\\\/\\\/qtmm.org\\\/qt\\\/meclis-reisi-refat-cubarov-er-angi-yaris-balalarnin-oz-medeniyetini-ogrenmek-oz-yurtu-oz-halqinin-vatanperveri-olmasina-siltemdir\\\/\",\"url\":\"https:\\\/\\\/qtmm.org\\\/qt\\\/meclis-reisi-refat-cubarov-er-angi-yaris-balalarnin-oz-medeniyetini-ogrenmek-oz-yurtu-oz-halqinin-vatanperveri-olmasina-siltemdir\\\/\",\"name\":\"Meclis reisi Refat \u00c7ubarov: \u00abEr angi yar\u0131\u015f balalarn\u0131\u00f1 \u00f6z medeniyetini \u00f6grenmek, \u00f6z yurtu, \u00f6z halq\u0131n\u0131\u00f1 vatanperveri olmas\u0131na siltemdir\u00bb - \u041c\u0435\u0434\u0436\u043b\u0456\u0441\",\"isPartOf\":{\"@id\":\"https:\\\/\\\/qtmm.org\\\/qt\\\/#website\"},\"primaryImageOfPage\":{\"@id\":\"https:\\\/\\\/qtmm.org\\\/qt\\\/meclis-reisi-refat-cubarov-er-angi-yaris-balalarnin-oz-medeniyetini-ogrenmek-oz-yurtu-oz-halqinin-vatanperveri-olmasina-siltemdir\\\/#primaryimage\"},\"image\":{\"@id\":\"https:\\\/\\\/qtmm.org\\\/qt\\\/meclis-reisi-refat-cubarov-er-angi-yaris-balalarnin-oz-medeniyetini-ogrenmek-oz-yurtu-oz-halqinin-vatanperveri-olmasina-siltemdir\\\/#primaryimage\"},\"thumbnailUrl\":\"http:\\\/\\\/qtmm.org\\\/wp-content\\\/uploads\\\/2022\\\/01\\\/img_2865.jpeg\",\"datePublished\":\"2013-11-26T18:17:00+00:00\",\"dateModified\":\"2022-01-26T18:21:11+00:00\",\"breadcrumb\":{\"@id\":\"https:\\\/\\\/qtmm.org\\\/qt\\\/meclis-reisi-refat-cubarov-er-angi-yaris-balalarnin-oz-medeniyetini-ogrenmek-oz-yurtu-oz-halqinin-vatanperveri-olmasina-siltemdir\\\/#breadcrumb\"},\"inLanguage\":\"qt\",\"potentialAction\":[{\"@type\":\"ReadAction\",\"target\":[\"https:\\\/\\\/qtmm.org\\\/qt\\\/meclis-reisi-refat-cubarov-er-angi-yaris-balalarnin-oz-medeniyetini-ogrenmek-oz-yurtu-oz-halqinin-vatanperveri-olmasina-siltemdir\\\/\"]}]},{\"@type\":\"ImageObject\",\"inLanguage\":\"qt\",\"@id\":\"https:\\\/\\\/qtmm.org\\\/qt\\\/meclis-reisi-refat-cubarov-er-angi-yaris-balalarnin-oz-medeniyetini-ogrenmek-oz-yurtu-oz-halqinin-vatanperveri-olmasina-siltemdir\\\/#primaryimage\",\"url\":\"http:\\\/\\\/qtmm.org\\\/wp-content\\\/uploads\\\/2022\\\/01\\\/img_2865.jpeg\",\"contentUrl\":\"http:\\\/\\\/qtmm.org\\\/wp-content\\\/uploads\\\/2022\\\/01\\\/img_2865.jpeg\"},{\"@type\":\"BreadcrumbList\",\"@id\":\"https:\\\/\\\/qtmm.org\\\/qt\\\/meclis-reisi-refat-cubarov-er-angi-yaris-balalarnin-oz-medeniyetini-ogrenmek-oz-yurtu-oz-halqinin-vatanperveri-olmasina-siltemdir\\\/#breadcrumb\",\"itemListElement\":[{\"@type\":\"ListItem\",\"position\":1,\"name\":\"\u0413\u043e\u043b\u043e\u0432\u043d\u0430\",\"item\":\"https:\\\/\\\/qtmm.org\\\/qt\\\/\"},{\"@type\":\"ListItem\",\"position\":2,\"name\":\"Meclis reisi Refat \u00c7ubarov: \u00abEr angi yar\u0131\u015f balalarn\u0131\u00f1 \u00f6z medeniyetini \u00f6grenmek, \u00f6z yurtu, \u00f6z halq\u0131n\u0131\u00f1 vatanperveri olmas\u0131na siltemdir\u00bb\"}]},{\"@type\":\"WebSite\",\"@id\":\"https:\\\/\\\/qtmm.org\\\/qt\\\/#website\",\"url\":\"https:\\\/\\\/qtmm.org\\\/qt\\\/\",\"name\":\"\u041c\u0435\u0434\u0436\u043b\u0456\u0441\",\"description\":\"\",\"publisher\":{\"@id\":\"https:\\\/\\\/qtmm.org\\\/qt\\\/#organization\"},\"potentialAction\":[{\"@type\":\"SearchAction\",\"target\":{\"@type\":\"EntryPoint\",\"urlTemplate\":\"https:\\\/\\\/qtmm.org\\\/qt\\\/?s={search_term_string}\"},\"query-input\":{\"@type\":\"PropertyValueSpecification\",\"valueRequired\":true,\"valueName\":\"search_term_string\"}}],\"inLanguage\":\"qt\"},{\"@type\":\"Organization\",\"@id\":\"https:\\\/\\\/qtmm.org\\\/qt\\\/#organization\",\"name\":\"\u041c\u0435\u0434\u0436\u043b\u0456\u0441\",\"url\":\"https:\\\/\\\/qtmm.org\\\/qt\\\/\",\"logo\":{\"@type\":\"ImageObject\",\"inLanguage\":\"qt\",\"@id\":\"https:\\\/\\\/qtmm.org\\\/qt\\\/#\\\/schema\\\/logo\\\/image\\\/\",\"url\":\"https:\\\/\\\/qtmm.org\\\/wp-content\\\/uploads\\\/2024\\\/12\\\/ua-mejlis-logo-rgb.svg\",\"contentUrl\":\"https:\\\/\\\/qtmm.org\\\/wp-content\\\/uploads\\\/2024\\\/12\\\/ua-mejlis-logo-rgb.svg\",\"caption\":\"\u041c\u0435\u0434\u0436\u043b\u0456\u0441\"},\"image\":{\"@id\":\"https:\\\/\\\/qtmm.org\\\/qt\\\/#\\\/schema\\\/logo\\\/image\\\/\"},\"sameAs\":[\"https:\\\/\\\/www.facebook.com\\\/qtmm.info\\\/\"]},{\"@type\":\"Person\",\"@id\":\"https:\\\/\\\/qtmm.org\\\/qt\\\/#\\\/schema\\\/person\\\/de562469f971dec226ac06e60bbf74a7\",\"name\":\"Developer\",\"image\":{\"@type\":\"ImageObject\",\"inLanguage\":\"qt\",\"@id\":\"https:\\\/\\\/secure.gravatar.com\\\/avatar\\\/392b4cc8fbfeb00b39dfeeab4ee6edded39ffd48e25858637e4765810300227e?s=96&d=mm&r=g\",\"url\":\"https:\\\/\\\/secure.gravatar.com\\\/avatar\\\/392b4cc8fbfeb00b39dfeeab4ee6edded39ffd48e25858637e4765810300227e?s=96&d=mm&r=g\",\"contentUrl\":\"https:\\\/\\\/secure.gravatar.com\\\/avatar\\\/392b4cc8fbfeb00b39dfeeab4ee6edded39ffd48e25858637e4765810300227e?s=96&d=mm&r=g\",\"caption\":\"Developer\"},\"url\":\"https:\\\/\\\/qtmm.org\\\/qt\\\/author\\\/Developer\\\/\"}]}<\/script>\n<!-- \/ Yoast SEO plugin. -->","yoast_head_json":{"title":"Meclis reisi Refat \u00c7ubarov: \u00abEr angi yar\u0131\u015f balalarn\u0131\u00f1 \u00f6z medeniyetini \u00f6grenmek, \u00f6z yurtu, \u00f6z halq\u0131n\u0131\u00f1 vatanperveri olmas\u0131na siltemdir\u00bb - \u041c\u0435\u0434\u0436\u043b\u0456\u0441","robots":{"index":"index","follow":"follow","max-snippet":"max-snippet:-1","max-image-preview":"max-image-preview:large","max-video-preview":"max-video-preview:-1"},"canonical":"https:\/\/qtmm.org\/qt\/meclis-reisi-refat-cubarov-er-angi-yaris-balalarnin-oz-medeniyetini-ogrenmek-oz-yurtu-oz-halqinin-vatanperveri-olmasina-siltemdir\/","og_locale":"en_US","og_type":"article","og_title":"Meclis reisi Refat \u00c7ubarov: \u00abEr angi yar\u0131\u015f balalarn\u0131\u00f1 \u00f6z medeniyetini \u00f6grenmek, \u00f6z yurtu, \u00f6z halq\u0131n\u0131\u00f1 vatanperveri olmas\u0131na siltemdir\u00bb - \u041c\u0435\u0434\u0436\u043b\u0456\u0441","og_description":"Qarasuvbazarda noyabr 26-da Bekir \u00c7oban zade do\u011f\u011fan\u0131n\u0131\u00f1 120 y\u0131ll\u0131\u011f\u0131na ba\u011f\u0131\u015flan\u011fan yar\u0131\u015fn\u0131\u00f1 \u00fc\u00e7 nominatsiyada: &#8220;Bekir \u00c7oban zade eserlerini bediiy oquv&#8221;, &#8220;Bekir \u00c7oban zade eserleri mevzus\u0131na e\u00f1 yah\u015f\u0131 resim&#8221; ve &#8220;Q\u0131r\u0131mtatar edebiyat\u0131 ocalar\u0131n\u0131\u00f1 m\u00fcltimedia taqdimi&#8221; neticelerine yek\u00fcn \u00e7ek\u00fcv merasimi \u00f6tkerildi. \u0130cadiy tedbirde Meclis reisi Refat \u00c7ubarov, Meclisni\u00f1 q\u0131r\u0131mtatar tilinde tasil ve q\u0131r\u0131mtatar tilini Q\u0131r\u0131mn\u0131\u00f1 devlet ve cemaat [&hellip;]","og_url":"https:\/\/qtmm.org\/qt\/meclis-reisi-refat-cubarov-er-angi-yaris-balalarnin-oz-medeniyetini-ogrenmek-oz-yurtu-oz-halqinin-vatanperveri-olmasina-siltemdir\/","og_site_name":"\u041c\u0435\u0434\u0436\u043b\u0456\u0441","article_publisher":"https:\/\/www.facebook.com\/qtmm.info\/","article_published_time":"2013-11-26T18:17:00+00:00","article_modified_time":"2022-01-26T18:21:11+00:00","og_image":[{"width":800,"height":600,"url":"https:\/\/qtmm.org\/wp-content\/uploads\/2022\/01\/img_2865.jpeg","type":"image\/jpeg"}],"author":"Developer","twitter_card":"summary_large_image","twitter_misc":{"Written by":"Developer","Est. reading time":"2 minutes"},"schema":{"@context":"https:\/\/schema.org","@graph":[{"@type":"Article","@id":"https:\/\/qtmm.org\/qt\/meclis-reisi-refat-cubarov-er-angi-yaris-balalarnin-oz-medeniyetini-ogrenmek-oz-yurtu-oz-halqinin-vatanperveri-olmasina-siltemdir\/#article","isPartOf":{"@id":"https:\/\/qtmm.org\/qt\/meclis-reisi-refat-cubarov-er-angi-yaris-balalarnin-oz-medeniyetini-ogrenmek-oz-yurtu-oz-halqinin-vatanperveri-olmasina-siltemdir\/"},"author":{"name":"Developer","@id":"https:\/\/qtmm.org\/qt\/#\/schema\/person\/de562469f971dec226ac06e60bbf74a7"},"headline":"Meclis reisi Refat \u00c7ubarov: \u00abEr angi yar\u0131\u015f balalarn\u0131\u00f1 \u00f6z medeniyetini \u00f6grenmek, \u00f6z yurtu, \u00f6z halq\u0131n\u0131\u00f1 vatanperveri olmas\u0131na siltemdir\u00bb","datePublished":"2013-11-26T18:17:00+00:00","dateModified":"2022-01-26T18:21:11+00:00","mainEntityOfPage":{"@id":"https:\/\/qtmm.org\/qt\/meclis-reisi-refat-cubarov-er-angi-yaris-balalarnin-oz-medeniyetini-ogrenmek-oz-yurtu-oz-halqinin-vatanperveri-olmasina-siltemdir\/"},"wordCount":500,"commentCount":0,"publisher":{"@id":"https:\/\/qtmm.org\/qt\/#organization"},"image":{"@id":"https:\/\/qtmm.org\/qt\/meclis-reisi-refat-cubarov-er-angi-yaris-balalarnin-oz-medeniyetini-ogrenmek-oz-yurtu-oz-halqinin-vatanperveri-olmasina-siltemdir\/#primaryimage"},"thumbnailUrl":"http:\/\/qtmm.org\/wp-content\/uploads\/2022\/01\/img_2865.jpeg","articleSection":["Haberler"],"inLanguage":"qt","potentialAction":[{"@type":"CommentAction","name":"Comment","target":["https:\/\/qtmm.org\/qt\/meclis-reisi-refat-cubarov-er-angi-yaris-balalarnin-oz-medeniyetini-ogrenmek-oz-yurtu-oz-halqinin-vatanperveri-olmasina-siltemdir\/#respond"]}]},{"@type":"WebPage","@id":"https:\/\/qtmm.org\/qt\/meclis-reisi-refat-cubarov-er-angi-yaris-balalarnin-oz-medeniyetini-ogrenmek-oz-yurtu-oz-halqinin-vatanperveri-olmasina-siltemdir\/","url":"https:\/\/qtmm.org\/qt\/meclis-reisi-refat-cubarov-er-angi-yaris-balalarnin-oz-medeniyetini-ogrenmek-oz-yurtu-oz-halqinin-vatanperveri-olmasina-siltemdir\/","name":"Meclis reisi Refat \u00c7ubarov: \u00abEr angi yar\u0131\u015f balalarn\u0131\u00f1 \u00f6z medeniyetini \u00f6grenmek, \u00f6z yurtu, \u00f6z halq\u0131n\u0131\u00f1 vatanperveri olmas\u0131na siltemdir\u00bb - \u041c\u0435\u0434\u0436\u043b\u0456\u0441","isPartOf":{"@id":"https:\/\/qtmm.org\/qt\/#website"},"primaryImageOfPage":{"@id":"https:\/\/qtmm.org\/qt\/meclis-reisi-refat-cubarov-er-angi-yaris-balalarnin-oz-medeniyetini-ogrenmek-oz-yurtu-oz-halqinin-vatanperveri-olmasina-siltemdir\/#primaryimage"},"image":{"@id":"https:\/\/qtmm.org\/qt\/meclis-reisi-refat-cubarov-er-angi-yaris-balalarnin-oz-medeniyetini-ogrenmek-oz-yurtu-oz-halqinin-vatanperveri-olmasina-siltemdir\/#primaryimage"},"thumbnailUrl":"http:\/\/qtmm.org\/wp-content\/uploads\/2022\/01\/img_2865.jpeg","datePublished":"2013-11-26T18:17:00+00:00","dateModified":"2022-01-26T18:21:11+00:00","breadcrumb":{"@id":"https:\/\/qtmm.org\/qt\/meclis-reisi-refat-cubarov-er-angi-yaris-balalarnin-oz-medeniyetini-ogrenmek-oz-yurtu-oz-halqinin-vatanperveri-olmasina-siltemdir\/#breadcrumb"},"inLanguage":"qt","potentialAction":[{"@type":"ReadAction","target":["https:\/\/qtmm.org\/qt\/meclis-reisi-refat-cubarov-er-angi-yaris-balalarnin-oz-medeniyetini-ogrenmek-oz-yurtu-oz-halqinin-vatanperveri-olmasina-siltemdir\/"]}]},{"@type":"ImageObject","inLanguage":"qt","@id":"https:\/\/qtmm.org\/qt\/meclis-reisi-refat-cubarov-er-angi-yaris-balalarnin-oz-medeniyetini-ogrenmek-oz-yurtu-oz-halqinin-vatanperveri-olmasina-siltemdir\/#primaryimage","url":"http:\/\/qtmm.org\/wp-content\/uploads\/2022\/01\/img_2865.jpeg","contentUrl":"http:\/\/qtmm.org\/wp-content\/uploads\/2022\/01\/img_2865.jpeg"},{"@type":"BreadcrumbList","@id":"https:\/\/qtmm.org\/qt\/meclis-reisi-refat-cubarov-er-angi-yaris-balalarnin-oz-medeniyetini-ogrenmek-oz-yurtu-oz-halqinin-vatanperveri-olmasina-siltemdir\/#breadcrumb","itemListElement":[{"@type":"ListItem","position":1,"name":"\u0413\u043e\u043b\u043e\u0432\u043d\u0430","item":"https:\/\/qtmm.org\/qt\/"},{"@type":"ListItem","position":2,"name":"Meclis reisi Refat \u00c7ubarov: \u00abEr angi yar\u0131\u015f balalarn\u0131\u00f1 \u00f6z medeniyetini \u00f6grenmek, \u00f6z yurtu, \u00f6z halq\u0131n\u0131\u00f1 vatanperveri olmas\u0131na siltemdir\u00bb"}]},{"@type":"WebSite","@id":"https:\/\/qtmm.org\/qt\/#website","url":"https:\/\/qtmm.org\/qt\/","name":"\u041c\u0435\u0434\u0436\u043b\u0456\u0441","description":"","publisher":{"@id":"https:\/\/qtmm.org\/qt\/#organization"},"potentialAction":[{"@type":"SearchAction","target":{"@type":"EntryPoint","urlTemplate":"https:\/\/qtmm.org\/qt\/?s={search_term_string}"},"query-input":{"@type":"PropertyValueSpecification","valueRequired":true,"valueName":"search_term_string"}}],"inLanguage":"qt"},{"@type":"Organization","@id":"https:\/\/qtmm.org\/qt\/#organization","name":"\u041c\u0435\u0434\u0436\u043b\u0456\u0441","url":"https:\/\/qtmm.org\/qt\/","logo":{"@type":"ImageObject","inLanguage":"qt","@id":"https:\/\/qtmm.org\/qt\/#\/schema\/logo\/image\/","url":"https:\/\/qtmm.org\/wp-content\/uploads\/2024\/12\/ua-mejlis-logo-rgb.svg","contentUrl":"https:\/\/qtmm.org\/wp-content\/uploads\/2024\/12\/ua-mejlis-logo-rgb.svg","caption":"\u041c\u0435\u0434\u0436\u043b\u0456\u0441"},"image":{"@id":"https:\/\/qtmm.org\/qt\/#\/schema\/logo\/image\/"},"sameAs":["https:\/\/www.facebook.com\/qtmm.info\/"]},{"@type":"Person","@id":"https:\/\/qtmm.org\/qt\/#\/schema\/person\/de562469f971dec226ac06e60bbf74a7","name":"Developer","image":{"@type":"ImageObject","inLanguage":"qt","@id":"https:\/\/secure.gravatar.com\/avatar\/392b4cc8fbfeb00b39dfeeab4ee6edded39ffd48e25858637e4765810300227e?s=96&d=mm&r=g","url":"https:\/\/secure.gravatar.com\/avatar\/392b4cc8fbfeb00b39dfeeab4ee6edded39ffd48e25858637e4765810300227e?s=96&d=mm&r=g","contentUrl":"https:\/\/secure.gravatar.com\/avatar\/392b4cc8fbfeb00b39dfeeab4ee6edded39ffd48e25858637e4765810300227e?s=96&d=mm&r=g","caption":"Developer"},"url":"https:\/\/qtmm.org\/qt\/author\/Developer\/"}]}},"_links":{"self":[{"href":"https:\/\/qtmm.org\/qt\/wp-json\/wp\/v2\/posts\/41079","targetHints":{"allow":["GET"]}}],"collection":[{"href":"https:\/\/qtmm.org\/qt\/wp-json\/wp\/v2\/posts"}],"about":[{"href":"https:\/\/qtmm.org\/qt\/wp-json\/wp\/v2\/types\/post"}],"author":[{"embeddable":true,"href":"https:\/\/qtmm.org\/qt\/wp-json\/wp\/v2\/users\/1"}],"replies":[{"embeddable":true,"href":"https:\/\/qtmm.org\/qt\/wp-json\/wp\/v2\/comments?post=41079"}],"version-history":[{"count":1,"href":"https:\/\/qtmm.org\/qt\/wp-json\/wp\/v2\/posts\/41079\/revisions"}],"predecessor-version":[{"id":41144,"href":"https:\/\/qtmm.org\/qt\/wp-json\/wp\/v2\/posts\/41079\/revisions\/41144"}],"wp:attachment":[{"href":"https:\/\/qtmm.org\/qt\/wp-json\/wp\/v2\/media?parent=41079"}],"wp:term":[{"taxonomy":"category","embeddable":true,"href":"https:\/\/qtmm.org\/qt\/wp-json\/wp\/v2\/categories?post=41079"},{"taxonomy":"post_tag","embeddable":true,"href":"https:\/\/qtmm.org\/qt\/wp-json\/wp\/v2\/tags?post=41079"}],"curies":[{"name":"wp","href":"https:\/\/api.w.org\/{rel}","templated":true}]}}