




{"id":41031,"date":"2013-11-26T21:11:00","date_gmt":"2013-11-26T18:11:00","guid":{"rendered":"http:\/\/qtmm.org\/?p=41031"},"modified":"2022-01-26T21:14:10","modified_gmt":"2022-01-26T18:14:10","slug":"meclis-reisi-refat-cubarov-qarasuvbazarda-cami-qurulacaq-yerni-ziyaret-etti","status":"publish","type":"post","link":"https:\/\/qtmm.org\/qt\/meclis-reisi-refat-cubarov-qarasuvbazarda-cami-qurulacaq-yerni-ziyaret-etti\/","title":{"rendered":"Meclis reisi Refat \u00c7ubarov Qarasuvbazarda cami qurulacaq yerni ziyaret etti"},"content":{"rendered":"\n<p>Q\u0131r\u0131mtatar halq\u0131 Meclisini\u00f1 reisi Refat \u00c7ubarov, Meclisni\u00f1 Q\u0131r\u0131mtatar tilinde tasil ve q\u0131r\u0131mtatar tilini Q\u0131r\u0131mn\u0131\u00f1 devlet ve cemaat \u00f6m\u00fcrini\u00f1 b\u00fct\u00fcn saalar\u0131na tadbiq et\u00fcv meseleleri boyunca idaresini\u00f1 ba\u015f\u0131 Emine Avamileva Bekir \u00c7oban zade fond\u0131n\u0131\u00f1 direktor\u0131, Qurultay delegat\u0131 Remzi Velil\u00e2yev ile birlikte Qarasuvbazarda cami qurulacaq yerni ziyaret ettiler.<\/p>\n\n\n\n<figure class=\"wp-block-image size-full\"><img loading=\"lazy\" decoding=\"async\" width=\"650\" height=\"487\" src=\"http:\/\/qtmm.org\/wp-content\/uploads\/2022\/01\/2_144.jpeg\" alt=\"\" class=\"wp-image-41046\" srcset=\"https:\/\/qtmm.org\/wp-content\/uploads\/2022\/01\/2_144.jpeg 650w, https:\/\/qtmm.org\/wp-content\/uploads\/2022\/01\/2_144-300x225.jpeg 300w\" sizes=\"auto, (max-width: 650px) 100vw, 650px\" \/><\/figure>\n\n\n\n<figure class=\"wp-block-image size-full\"><img loading=\"lazy\" decoding=\"async\" width=\"650\" height=\"487\" src=\"http:\/\/qtmm.org\/wp-content\/uploads\/2022\/01\/3_112.jpeg\" alt=\"\" class=\"wp-image-41050\" srcset=\"https:\/\/qtmm.org\/wp-content\/uploads\/2022\/01\/3_112.jpeg 650w, https:\/\/qtmm.org\/wp-content\/uploads\/2022\/01\/3_112-300x225.jpeg 300w\" sizes=\"auto, (max-width: 650px) 100vw, 650px\" \/><\/figure>\n\n\n\n<p>Qarasuvbazarda cami quruc\u0131l\u0131\u011f\u0131n\u0131\u00f1 te\u015febb\u00fcs\u00e7ilerinden biri Remzi Velil\u00e2yevni\u00f1 aytqan\u0131na k\u00f6re quruc\u0131l\u0131q surat\u0131 k\u00f6zde tutul\u011fan m\u00fcddetni ozmaqta.<\/p>\n\n\n\n<figure class=\"wp-block-image size-full\"><img loading=\"lazy\" decoding=\"async\" width=\"650\" height=\"487\" src=\"http:\/\/qtmm.org\/wp-content\/uploads\/2022\/01\/4_102.jpeg\" alt=\"\" class=\"wp-image-41054\" srcset=\"https:\/\/qtmm.org\/wp-content\/uploads\/2022\/01\/4_102.jpeg 650w, https:\/\/qtmm.org\/wp-content\/uploads\/2022\/01\/4_102-300x225.jpeg 300w\" sizes=\"auto, (max-width: 650px) 100vw, 650px\" \/><\/figure>\n\n\n\n<p>&#8220;Eger b\u00f6yle devam etecek olsa, cami 1,5 y\u0131l i\u00e7inde qurul\u0131r&#8221;, &#8211; dedi Remzi Velil\u00e2yev.<\/p>\n\n\n\n<figure class=\"wp-block-image size-full\"><img loading=\"lazy\" decoding=\"async\" width=\"650\" height=\"487\" src=\"http:\/\/qtmm.org\/wp-content\/uploads\/2022\/01\/5_62.jpeg\" alt=\"\" class=\"wp-image-41058\" srcset=\"https:\/\/qtmm.org\/wp-content\/uploads\/2022\/01\/5_62.jpeg 650w, https:\/\/qtmm.org\/wp-content\/uploads\/2022\/01\/5_62-300x225.jpeg 300w\" sizes=\"auto, (max-width: 650px) 100vw, 650px\" \/><\/figure>\n\n\n\n<p>Hat\u0131rlatam\u0131z ki,\u00a0<em>2013 senesi okt\u00e2br 16-da Qurban bayram\u0131n\u0131\u00f1 ekinci k\u00fcn\u00fc Qarasuvbazarda \u015feer camisi qurulacaq yerde Q\u0131r\u0131m musulmanlar\u0131n\u0131\u00f1 m\u00fcftisi ac\u0131 Emirali Ablayev, Meclis yolba\u015f\u00e7\u0131lar\u0131 i\u015ftirakinde ve q\u0131r\u0131mtatar cemaat\u00e7\u0131l\u0131\u011f\u0131, diaspora vekillerini\u00f1 de bulunuv\u0131nda tantanal\u0131 s\u00fcrette kapsula ve temel ta\u015f\u0131n\u0131 qoyuv merasimi ke\u00e7irildi<\/em><\/p>\n\n\n\n<figure class=\"wp-block-image size-full\"><img loading=\"lazy\" decoding=\"async\" width=\"650\" height=\"401\" src=\"http:\/\/qtmm.org\/wp-content\/uploads\/2022\/01\/6_45.jpeg\" alt=\"\" class=\"wp-image-41062\" srcset=\"https:\/\/qtmm.org\/wp-content\/uploads\/2022\/01\/6_45.jpeg 650w, https:\/\/qtmm.org\/wp-content\/uploads\/2022\/01\/6_45-300x185.jpeg 300w\" sizes=\"auto, (max-width: 650px) 100vw, 650px\" \/><\/figure>\n","protected":false},"excerpt":{"rendered":"<p>Q\u0131r\u0131mtatar halq\u0131 Meclisini\u00f1 reisi Refat \u00c7ubarov, Meclisni\u00f1 Q\u0131r\u0131mtatar tilinde tasil ve q\u0131r\u0131mtatar tilini Q\u0131r\u0131mn\u0131\u00f1 devlet ve cemaat \u00f6m\u00fcrini\u00f1 b\u00fct\u00fcn saalar\u0131na tadbiq et\u00fcv meseleleri boyunca idaresini\u00f1 ba\u015f\u0131 Emine Avamileva Bekir \u00c7oban zade fond\u0131n\u0131\u00f1 direktor\u0131, Qurultay delegat\u0131 Remzi Velil\u00e2yev ile birlikte Qarasuvbazarda cami qurulacaq yerni ziyaret ettiler. Qarasuvbazarda cami quruc\u0131l\u0131\u011f\u0131n\u0131\u00f1 te\u015febb\u00fcs\u00e7ilerinden biri Remzi Velil\u00e2yevni\u00f1 aytqan\u0131na k\u00f6re quruc\u0131l\u0131q [&hellip;]<\/p>\n","protected":false},"author":1,"featured_media":41036,"comment_status":"open","ping_status":"open","sticky":false,"template":"","format":"standard","meta":{"inline_featured_image":false,"footnotes":""},"categories":[265],"tags":[],"class_list":["post-41031","post","type-post","status-publish","format-standard","has-post-thumbnail","hentry","category-haberler"],"acf":[],"yoast_head":"<!-- This site is optimized with the Yoast SEO plugin v27.4 - https:\/\/yoast.com\/product\/yoast-seo-wordpress\/ -->\n<title>Meclis reisi Refat \u00c7ubarov Qarasuvbazarda cami qurulacaq yerni ziyaret etti - \u041c\u0435\u0434\u0436\u043b\u0456\u0441<\/title>\n<meta name=\"robots\" content=\"index, follow, max-snippet:-1, max-image-preview:large, max-video-preview:-1\" \/>\n<link rel=\"canonical\" href=\"https:\/\/qtmm.org\/qt\/meclis-reisi-refat-cubarov-qarasuvbazarda-cami-qurulacaq-yerni-ziyaret-etti\/\" \/>\n<meta property=\"og:locale\" content=\"en_US\" \/>\n<meta property=\"og:type\" content=\"article\" \/>\n<meta property=\"og:title\" content=\"Meclis reisi Refat \u00c7ubarov Qarasuvbazarda cami qurulacaq yerni ziyaret etti - \u041c\u0435\u0434\u0436\u043b\u0456\u0441\" \/>\n<meta property=\"og:description\" content=\"Q\u0131r\u0131mtatar halq\u0131 Meclisini\u00f1 reisi Refat \u00c7ubarov, Meclisni\u00f1 Q\u0131r\u0131mtatar tilinde tasil ve q\u0131r\u0131mtatar tilini Q\u0131r\u0131mn\u0131\u00f1 devlet ve cemaat \u00f6m\u00fcrini\u00f1 b\u00fct\u00fcn saalar\u0131na tadbiq et\u00fcv meseleleri boyunca idaresini\u00f1 ba\u015f\u0131 Emine Avamileva Bekir \u00c7oban zade fond\u0131n\u0131\u00f1 direktor\u0131, Qurultay delegat\u0131 Remzi Velil\u00e2yev ile birlikte Qarasuvbazarda cami qurulacaq yerni ziyaret ettiler. Qarasuvbazarda cami quruc\u0131l\u0131\u011f\u0131n\u0131\u00f1 te\u015febb\u00fcs\u00e7ilerinden biri Remzi Velil\u00e2yevni\u00f1 aytqan\u0131na k\u00f6re quruc\u0131l\u0131q [&hellip;]\" \/>\n<meta property=\"og:url\" content=\"https:\/\/qtmm.org\/qt\/meclis-reisi-refat-cubarov-qarasuvbazarda-cami-qurulacaq-yerni-ziyaret-etti\/\" \/>\n<meta property=\"og:site_name\" content=\"\u041c\u0435\u0434\u0436\u043b\u0456\u0441\" \/>\n<meta property=\"article:publisher\" content=\"https:\/\/www.facebook.com\/qtmm.info\/\" \/>\n<meta property=\"article:published_time\" content=\"2013-11-26T18:11:00+00:00\" \/>\n<meta property=\"article:modified_time\" content=\"2022-01-26T18:14:10+00:00\" \/>\n<meta property=\"og:image\" content=\"https:\/\/qtmm.org\/wp-content\/uploads\/2022\/01\/1_141.jpeg\" \/>\n\t<meta property=\"og:image:width\" content=\"650\" \/>\n\t<meta property=\"og:image:height\" content=\"487\" \/>\n\t<meta property=\"og:image:type\" content=\"image\/jpeg\" \/>\n<meta name=\"author\" content=\"Developer\" \/>\n<meta name=\"twitter:card\" content=\"summary_large_image\" \/>\n<meta name=\"twitter:label1\" content=\"Written by\" \/>\n\t<meta name=\"twitter:data1\" content=\"Developer\" \/>\n\t<meta name=\"twitter:label2\" content=\"Est. reading time\" \/>\n\t<meta name=\"twitter:data2\" content=\"1 minute\" \/>\n<script type=\"application\/ld+json\" class=\"yoast-schema-graph\">{\"@context\":\"https:\\\/\\\/schema.org\",\"@graph\":[{\"@type\":\"Article\",\"@id\":\"https:\\\/\\\/qtmm.org\\\/qt\\\/meclis-reisi-refat-cubarov-qarasuvbazarda-cami-qurulacaq-yerni-ziyaret-etti\\\/#article\",\"isPartOf\":{\"@id\":\"https:\\\/\\\/qtmm.org\\\/qt\\\/meclis-reisi-refat-cubarov-qarasuvbazarda-cami-qurulacaq-yerni-ziyaret-etti\\\/\"},\"author\":{\"name\":\"Developer\",\"@id\":\"https:\\\/\\\/qtmm.org\\\/qt\\\/#\\\/schema\\\/person\\\/de562469f971dec226ac06e60bbf74a7\"},\"headline\":\"Meclis reisi Refat \u00c7ubarov Qarasuvbazarda cami qurulacaq yerni ziyaret etti\",\"datePublished\":\"2013-11-26T18:11:00+00:00\",\"dateModified\":\"2022-01-26T18:14:10+00:00\",\"mainEntityOfPage\":{\"@id\":\"https:\\\/\\\/qtmm.org\\\/qt\\\/meclis-reisi-refat-cubarov-qarasuvbazarda-cami-qurulacaq-yerni-ziyaret-etti\\\/\"},\"wordCount\":173,\"commentCount\":0,\"publisher\":{\"@id\":\"https:\\\/\\\/qtmm.org\\\/qt\\\/#organization\"},\"image\":{\"@id\":\"https:\\\/\\\/qtmm.org\\\/qt\\\/meclis-reisi-refat-cubarov-qarasuvbazarda-cami-qurulacaq-yerni-ziyaret-etti\\\/#primaryimage\"},\"thumbnailUrl\":\"https:\\\/\\\/qtmm.org\\\/wp-content\\\/uploads\\\/2022\\\/01\\\/1_141.jpeg\",\"articleSection\":[\"Haberler\"],\"inLanguage\":\"qt\",\"potentialAction\":[{\"@type\":\"CommentAction\",\"name\":\"Comment\",\"target\":[\"https:\\\/\\\/qtmm.org\\\/qt\\\/meclis-reisi-refat-cubarov-qarasuvbazarda-cami-qurulacaq-yerni-ziyaret-etti\\\/#respond\"]}]},{\"@type\":\"WebPage\",\"@id\":\"https:\\\/\\\/qtmm.org\\\/qt\\\/meclis-reisi-refat-cubarov-qarasuvbazarda-cami-qurulacaq-yerni-ziyaret-etti\\\/\",\"url\":\"https:\\\/\\\/qtmm.org\\\/qt\\\/meclis-reisi-refat-cubarov-qarasuvbazarda-cami-qurulacaq-yerni-ziyaret-etti\\\/\",\"name\":\"Meclis reisi Refat \u00c7ubarov Qarasuvbazarda cami qurulacaq yerni ziyaret etti - \u041c\u0435\u0434\u0436\u043b\u0456\u0441\",\"isPartOf\":{\"@id\":\"https:\\\/\\\/qtmm.org\\\/qt\\\/#website\"},\"primaryImageOfPage\":{\"@id\":\"https:\\\/\\\/qtmm.org\\\/qt\\\/meclis-reisi-refat-cubarov-qarasuvbazarda-cami-qurulacaq-yerni-ziyaret-etti\\\/#primaryimage\"},\"image\":{\"@id\":\"https:\\\/\\\/qtmm.org\\\/qt\\\/meclis-reisi-refat-cubarov-qarasuvbazarda-cami-qurulacaq-yerni-ziyaret-etti\\\/#primaryimage\"},\"thumbnailUrl\":\"https:\\\/\\\/qtmm.org\\\/wp-content\\\/uploads\\\/2022\\\/01\\\/1_141.jpeg\",\"datePublished\":\"2013-11-26T18:11:00+00:00\",\"dateModified\":\"2022-01-26T18:14:10+00:00\",\"breadcrumb\":{\"@id\":\"https:\\\/\\\/qtmm.org\\\/qt\\\/meclis-reisi-refat-cubarov-qarasuvbazarda-cami-qurulacaq-yerni-ziyaret-etti\\\/#breadcrumb\"},\"inLanguage\":\"qt\",\"potentialAction\":[{\"@type\":\"ReadAction\",\"target\":[\"https:\\\/\\\/qtmm.org\\\/qt\\\/meclis-reisi-refat-cubarov-qarasuvbazarda-cami-qurulacaq-yerni-ziyaret-etti\\\/\"]}]},{\"@type\":\"ImageObject\",\"inLanguage\":\"qt\",\"@id\":\"https:\\\/\\\/qtmm.org\\\/qt\\\/meclis-reisi-refat-cubarov-qarasuvbazarda-cami-qurulacaq-yerni-ziyaret-etti\\\/#primaryimage\",\"url\":\"https:\\\/\\\/qtmm.org\\\/wp-content\\\/uploads\\\/2022\\\/01\\\/1_141.jpeg\",\"contentUrl\":\"https:\\\/\\\/qtmm.org\\\/wp-content\\\/uploads\\\/2022\\\/01\\\/1_141.jpeg\",\"width\":650,\"height\":487},{\"@type\":\"BreadcrumbList\",\"@id\":\"https:\\\/\\\/qtmm.org\\\/qt\\\/meclis-reisi-refat-cubarov-qarasuvbazarda-cami-qurulacaq-yerni-ziyaret-etti\\\/#breadcrumb\",\"itemListElement\":[{\"@type\":\"ListItem\",\"position\":1,\"name\":\"\u0413\u043e\u043b\u043e\u0432\u043d\u0430\",\"item\":\"https:\\\/\\\/qtmm.org\\\/qt\\\/\"},{\"@type\":\"ListItem\",\"position\":2,\"name\":\"Meclis reisi Refat \u00c7ubarov Qarasuvbazarda cami qurulacaq yerni ziyaret etti\"}]},{\"@type\":\"WebSite\",\"@id\":\"https:\\\/\\\/qtmm.org\\\/qt\\\/#website\",\"url\":\"https:\\\/\\\/qtmm.org\\\/qt\\\/\",\"name\":\"\u041c\u0435\u0434\u0436\u043b\u0456\u0441\",\"description\":\"\",\"publisher\":{\"@id\":\"https:\\\/\\\/qtmm.org\\\/qt\\\/#organization\"},\"potentialAction\":[{\"@type\":\"SearchAction\",\"target\":{\"@type\":\"EntryPoint\",\"urlTemplate\":\"https:\\\/\\\/qtmm.org\\\/qt\\\/?s={search_term_string}\"},\"query-input\":{\"@type\":\"PropertyValueSpecification\",\"valueRequired\":true,\"valueName\":\"search_term_string\"}}],\"inLanguage\":\"qt\"},{\"@type\":\"Organization\",\"@id\":\"https:\\\/\\\/qtmm.org\\\/qt\\\/#organization\",\"name\":\"\u041c\u0435\u0434\u0436\u043b\u0456\u0441\",\"url\":\"https:\\\/\\\/qtmm.org\\\/qt\\\/\",\"logo\":{\"@type\":\"ImageObject\",\"inLanguage\":\"qt\",\"@id\":\"https:\\\/\\\/qtmm.org\\\/qt\\\/#\\\/schema\\\/logo\\\/image\\\/\",\"url\":\"https:\\\/\\\/qtmm.org\\\/wp-content\\\/uploads\\\/2024\\\/12\\\/ua-mejlis-logo-rgb.svg\",\"contentUrl\":\"https:\\\/\\\/qtmm.org\\\/wp-content\\\/uploads\\\/2024\\\/12\\\/ua-mejlis-logo-rgb.svg\",\"caption\":\"\u041c\u0435\u0434\u0436\u043b\u0456\u0441\"},\"image\":{\"@id\":\"https:\\\/\\\/qtmm.org\\\/qt\\\/#\\\/schema\\\/logo\\\/image\\\/\"},\"sameAs\":[\"https:\\\/\\\/www.facebook.com\\\/qtmm.info\\\/\"]},{\"@type\":\"Person\",\"@id\":\"https:\\\/\\\/qtmm.org\\\/qt\\\/#\\\/schema\\\/person\\\/de562469f971dec226ac06e60bbf74a7\",\"name\":\"Developer\",\"image\":{\"@type\":\"ImageObject\",\"inLanguage\":\"qt\",\"@id\":\"https:\\\/\\\/secure.gravatar.com\\\/avatar\\\/392b4cc8fbfeb00b39dfeeab4ee6edded39ffd48e25858637e4765810300227e?s=96&d=mm&r=g\",\"url\":\"https:\\\/\\\/secure.gravatar.com\\\/avatar\\\/392b4cc8fbfeb00b39dfeeab4ee6edded39ffd48e25858637e4765810300227e?s=96&d=mm&r=g\",\"contentUrl\":\"https:\\\/\\\/secure.gravatar.com\\\/avatar\\\/392b4cc8fbfeb00b39dfeeab4ee6edded39ffd48e25858637e4765810300227e?s=96&d=mm&r=g\",\"caption\":\"Developer\"},\"url\":\"https:\\\/\\\/qtmm.org\\\/qt\\\/author\\\/Developer\\\/\"}]}<\/script>\n<!-- \/ Yoast SEO plugin. -->","yoast_head_json":{"title":"Meclis reisi Refat \u00c7ubarov Qarasuvbazarda cami qurulacaq yerni ziyaret etti - \u041c\u0435\u0434\u0436\u043b\u0456\u0441","robots":{"index":"index","follow":"follow","max-snippet":"max-snippet:-1","max-image-preview":"max-image-preview:large","max-video-preview":"max-video-preview:-1"},"canonical":"https:\/\/qtmm.org\/qt\/meclis-reisi-refat-cubarov-qarasuvbazarda-cami-qurulacaq-yerni-ziyaret-etti\/","og_locale":"en_US","og_type":"article","og_title":"Meclis reisi Refat \u00c7ubarov Qarasuvbazarda cami qurulacaq yerni ziyaret etti - \u041c\u0435\u0434\u0436\u043b\u0456\u0441","og_description":"Q\u0131r\u0131mtatar halq\u0131 Meclisini\u00f1 reisi Refat \u00c7ubarov, Meclisni\u00f1 Q\u0131r\u0131mtatar tilinde tasil ve q\u0131r\u0131mtatar tilini Q\u0131r\u0131mn\u0131\u00f1 devlet ve cemaat \u00f6m\u00fcrini\u00f1 b\u00fct\u00fcn saalar\u0131na tadbiq et\u00fcv meseleleri boyunca idaresini\u00f1 ba\u015f\u0131 Emine Avamileva Bekir \u00c7oban zade fond\u0131n\u0131\u00f1 direktor\u0131, Qurultay delegat\u0131 Remzi Velil\u00e2yev ile birlikte Qarasuvbazarda cami qurulacaq yerni ziyaret ettiler. Qarasuvbazarda cami quruc\u0131l\u0131\u011f\u0131n\u0131\u00f1 te\u015febb\u00fcs\u00e7ilerinden biri Remzi Velil\u00e2yevni\u00f1 aytqan\u0131na k\u00f6re quruc\u0131l\u0131q [&hellip;]","og_url":"https:\/\/qtmm.org\/qt\/meclis-reisi-refat-cubarov-qarasuvbazarda-cami-qurulacaq-yerni-ziyaret-etti\/","og_site_name":"\u041c\u0435\u0434\u0436\u043b\u0456\u0441","article_publisher":"https:\/\/www.facebook.com\/qtmm.info\/","article_published_time":"2013-11-26T18:11:00+00:00","article_modified_time":"2022-01-26T18:14:10+00:00","og_image":[{"width":650,"height":487,"url":"https:\/\/qtmm.org\/wp-content\/uploads\/2022\/01\/1_141.jpeg","type":"image\/jpeg"}],"author":"Developer","twitter_card":"summary_large_image","twitter_misc":{"Written by":"Developer","Est. reading time":"1 minute"},"schema":{"@context":"https:\/\/schema.org","@graph":[{"@type":"Article","@id":"https:\/\/qtmm.org\/qt\/meclis-reisi-refat-cubarov-qarasuvbazarda-cami-qurulacaq-yerni-ziyaret-etti\/#article","isPartOf":{"@id":"https:\/\/qtmm.org\/qt\/meclis-reisi-refat-cubarov-qarasuvbazarda-cami-qurulacaq-yerni-ziyaret-etti\/"},"author":{"name":"Developer","@id":"https:\/\/qtmm.org\/qt\/#\/schema\/person\/de562469f971dec226ac06e60bbf74a7"},"headline":"Meclis reisi Refat \u00c7ubarov Qarasuvbazarda cami qurulacaq yerni ziyaret etti","datePublished":"2013-11-26T18:11:00+00:00","dateModified":"2022-01-26T18:14:10+00:00","mainEntityOfPage":{"@id":"https:\/\/qtmm.org\/qt\/meclis-reisi-refat-cubarov-qarasuvbazarda-cami-qurulacaq-yerni-ziyaret-etti\/"},"wordCount":173,"commentCount":0,"publisher":{"@id":"https:\/\/qtmm.org\/qt\/#organization"},"image":{"@id":"https:\/\/qtmm.org\/qt\/meclis-reisi-refat-cubarov-qarasuvbazarda-cami-qurulacaq-yerni-ziyaret-etti\/#primaryimage"},"thumbnailUrl":"https:\/\/qtmm.org\/wp-content\/uploads\/2022\/01\/1_141.jpeg","articleSection":["Haberler"],"inLanguage":"qt","potentialAction":[{"@type":"CommentAction","name":"Comment","target":["https:\/\/qtmm.org\/qt\/meclis-reisi-refat-cubarov-qarasuvbazarda-cami-qurulacaq-yerni-ziyaret-etti\/#respond"]}]},{"@type":"WebPage","@id":"https:\/\/qtmm.org\/qt\/meclis-reisi-refat-cubarov-qarasuvbazarda-cami-qurulacaq-yerni-ziyaret-etti\/","url":"https:\/\/qtmm.org\/qt\/meclis-reisi-refat-cubarov-qarasuvbazarda-cami-qurulacaq-yerni-ziyaret-etti\/","name":"Meclis reisi Refat \u00c7ubarov Qarasuvbazarda cami qurulacaq yerni ziyaret etti - \u041c\u0435\u0434\u0436\u043b\u0456\u0441","isPartOf":{"@id":"https:\/\/qtmm.org\/qt\/#website"},"primaryImageOfPage":{"@id":"https:\/\/qtmm.org\/qt\/meclis-reisi-refat-cubarov-qarasuvbazarda-cami-qurulacaq-yerni-ziyaret-etti\/#primaryimage"},"image":{"@id":"https:\/\/qtmm.org\/qt\/meclis-reisi-refat-cubarov-qarasuvbazarda-cami-qurulacaq-yerni-ziyaret-etti\/#primaryimage"},"thumbnailUrl":"https:\/\/qtmm.org\/wp-content\/uploads\/2022\/01\/1_141.jpeg","datePublished":"2013-11-26T18:11:00+00:00","dateModified":"2022-01-26T18:14:10+00:00","breadcrumb":{"@id":"https:\/\/qtmm.org\/qt\/meclis-reisi-refat-cubarov-qarasuvbazarda-cami-qurulacaq-yerni-ziyaret-etti\/#breadcrumb"},"inLanguage":"qt","potentialAction":[{"@type":"ReadAction","target":["https:\/\/qtmm.org\/qt\/meclis-reisi-refat-cubarov-qarasuvbazarda-cami-qurulacaq-yerni-ziyaret-etti\/"]}]},{"@type":"ImageObject","inLanguage":"qt","@id":"https:\/\/qtmm.org\/qt\/meclis-reisi-refat-cubarov-qarasuvbazarda-cami-qurulacaq-yerni-ziyaret-etti\/#primaryimage","url":"https:\/\/qtmm.org\/wp-content\/uploads\/2022\/01\/1_141.jpeg","contentUrl":"https:\/\/qtmm.org\/wp-content\/uploads\/2022\/01\/1_141.jpeg","width":650,"height":487},{"@type":"BreadcrumbList","@id":"https:\/\/qtmm.org\/qt\/meclis-reisi-refat-cubarov-qarasuvbazarda-cami-qurulacaq-yerni-ziyaret-etti\/#breadcrumb","itemListElement":[{"@type":"ListItem","position":1,"name":"\u0413\u043e\u043b\u043e\u0432\u043d\u0430","item":"https:\/\/qtmm.org\/qt\/"},{"@type":"ListItem","position":2,"name":"Meclis reisi Refat \u00c7ubarov Qarasuvbazarda cami qurulacaq yerni ziyaret etti"}]},{"@type":"WebSite","@id":"https:\/\/qtmm.org\/qt\/#website","url":"https:\/\/qtmm.org\/qt\/","name":"\u041c\u0435\u0434\u0436\u043b\u0456\u0441","description":"","publisher":{"@id":"https:\/\/qtmm.org\/qt\/#organization"},"potentialAction":[{"@type":"SearchAction","target":{"@type":"EntryPoint","urlTemplate":"https:\/\/qtmm.org\/qt\/?s={search_term_string}"},"query-input":{"@type":"PropertyValueSpecification","valueRequired":true,"valueName":"search_term_string"}}],"inLanguage":"qt"},{"@type":"Organization","@id":"https:\/\/qtmm.org\/qt\/#organization","name":"\u041c\u0435\u0434\u0436\u043b\u0456\u0441","url":"https:\/\/qtmm.org\/qt\/","logo":{"@type":"ImageObject","inLanguage":"qt","@id":"https:\/\/qtmm.org\/qt\/#\/schema\/logo\/image\/","url":"https:\/\/qtmm.org\/wp-content\/uploads\/2024\/12\/ua-mejlis-logo-rgb.svg","contentUrl":"https:\/\/qtmm.org\/wp-content\/uploads\/2024\/12\/ua-mejlis-logo-rgb.svg","caption":"\u041c\u0435\u0434\u0436\u043b\u0456\u0441"},"image":{"@id":"https:\/\/qtmm.org\/qt\/#\/schema\/logo\/image\/"},"sameAs":["https:\/\/www.facebook.com\/qtmm.info\/"]},{"@type":"Person","@id":"https:\/\/qtmm.org\/qt\/#\/schema\/person\/de562469f971dec226ac06e60bbf74a7","name":"Developer","image":{"@type":"ImageObject","inLanguage":"qt","@id":"https:\/\/secure.gravatar.com\/avatar\/392b4cc8fbfeb00b39dfeeab4ee6edded39ffd48e25858637e4765810300227e?s=96&d=mm&r=g","url":"https:\/\/secure.gravatar.com\/avatar\/392b4cc8fbfeb00b39dfeeab4ee6edded39ffd48e25858637e4765810300227e?s=96&d=mm&r=g","contentUrl":"https:\/\/secure.gravatar.com\/avatar\/392b4cc8fbfeb00b39dfeeab4ee6edded39ffd48e25858637e4765810300227e?s=96&d=mm&r=g","caption":"Developer"},"url":"https:\/\/qtmm.org\/qt\/author\/Developer\/"}]}},"_links":{"self":[{"href":"https:\/\/qtmm.org\/qt\/wp-json\/wp\/v2\/posts\/41031","targetHints":{"allow":["GET"]}}],"collection":[{"href":"https:\/\/qtmm.org\/qt\/wp-json\/wp\/v2\/posts"}],"about":[{"href":"https:\/\/qtmm.org\/qt\/wp-json\/wp\/v2\/types\/post"}],"author":[{"embeddable":true,"href":"https:\/\/qtmm.org\/qt\/wp-json\/wp\/v2\/users\/1"}],"replies":[{"embeddable":true,"href":"https:\/\/qtmm.org\/qt\/wp-json\/wp\/v2\/comments?post=41031"}],"version-history":[{"count":1,"href":"https:\/\/qtmm.org\/qt\/wp-json\/wp\/v2\/posts\/41031\/revisions"}],"predecessor-version":[{"id":41066,"href":"https:\/\/qtmm.org\/qt\/wp-json\/wp\/v2\/posts\/41031\/revisions\/41066"}],"wp:featuredmedia":[{"embeddable":true,"href":"https:\/\/qtmm.org\/qt\/wp-json\/wp\/v2\/media\/41036"}],"wp:attachment":[{"href":"https:\/\/qtmm.org\/qt\/wp-json\/wp\/v2\/media?parent=41031"}],"wp:term":[{"taxonomy":"category","embeddable":true,"href":"https:\/\/qtmm.org\/qt\/wp-json\/wp\/v2\/categories?post=41031"},{"taxonomy":"post_tag","embeddable":true,"href":"https:\/\/qtmm.org\/qt\/wp-json\/wp\/v2\/tags?post=41031"}],"curies":[{"name":"wp","href":"https:\/\/api.w.org\/{rel}","templated":true}]}}