




{"id":41019,"date":"2013-11-25T21:10:00","date_gmt":"2013-11-25T18:10:00","guid":{"rendered":"http:\/\/qtmm.org\/?p=41019"},"modified":"2022-01-26T21:11:16","modified_gmt":"2022-01-26T18:11:16","slug":"ukraina-halq-deputati-mustafa-cemilev-surgun-etilgen-vatandaslarni-yerlestiruv-boyunca-devlet-programmasinin-edasi-kergin-alda-olganini-devlet-yolbascilari-ve-halqara-cemaatciliqqa-bildirmek-niyetinde","status":"publish","type":"post","link":"https:\/\/qtmm.org\/qt\/ukraina-halq-deputati-mustafa-cemilev-surgun-etilgen-vatandaslarni-yerlestiruv-boyunca-devlet-programmasinin-edasi-kergin-alda-olganini-devlet-yolbascilari-ve-halqara-cemaatciliqqa-bildirmek-niyetinde\/","title":{"rendered":"Ukraina halq deputat\u0131 Mustafa Cemilev S\u00fcrg\u00fcn etilgen vatanda\u015flarn\u0131 yerle\u015ftir\u00fcv boyunca devlet programmas\u0131n\u0131\u00f1 edas\u0131 kergin alda ol\u011fan\u0131n\u0131 devlet yolba\u015f\u00e7\u0131lar\u0131 ve halqara cemaat\u00e7\u0131l\u0131qqa bildirmek niyetinde"},"content":{"rendered":"\n<p>Ukraina halq deputat\u0131 Mustafa Cemilev S\u00fcrg\u00fcn etilgen vatanda\u015flarn\u0131 yerle\u015ftir\u00fcv boyunca devlet programmas\u0131n\u0131\u00f1 edas\u0131 kergin alda ol\u011fan\u0131n\u0131 devlet yolba\u015f\u00e7\u0131lar\u0131 ve halqara cemaat\u00e7\u0131l\u0131qqa bildirmek niyetinde<\/p>\n\n\n\n<p>Ukraina sotsial siyaset nazirligi Ukraina halq deputat\u0131 Mustafa Cemilevge on\u0131\u00f1 &#8220;S\u00fcrg\u00fcnlikten Ukraina\u011fa ya\u015fama\u011fa qayt\u0131p kelgen q\u0131r\u0131mtatarlar ve diger millet vekillerini yerle\u015ftir\u00fcv, olarn\u0131\u00f1 ukrain cemiyetine qat\u0131luv\u0131 boyunca 2015 senesine qadar devlet programmas\u0131&#8221;n\u0131\u00f1 2011-2013 senelerde edas\u0131 boyunca deputatl\u0131q sorav\u0131na cevap yollad\u0131. Bu aqta\u00a0halq deputat\u0131n\u0131\u00f1 resmiy sayt\u0131 bildire.<\/p>\n\n\n\n<p>Ukraina sotsial siyaset nazirligi taqdim etken\u00a0tablitsadan\u00a0Ukraina halq deputat\u0131 Mustafa Cemilev Devlet Programmas\u0131n\u0131\u00f1 edas\u0131n\u0131 Ukraina \u00fck\u00fcmeti tsifirge t\u00fc\u015f\u00fcrgen, degen hul\u00e2sa \u00e7\u0131qard\u0131. Al\u0131n\u011fan resmiy mal\u00fcmatlar\u011fa k\u00f6re Ukraina halq deputat\u0131 e\u00f1 yaq\u0131n zamanda nazirliklerni\u00f1 yolba\u015f\u00e7\u0131lar\u0131nen Programman\u0131 finansirlevni artt\u0131rmaq meselesini i\u015flemek i\u00e7\u00fcn k\u00f6r\u00fc\u015fip, ve devlet yolba\u015f\u00e7\u0131lar\u0131n\u0131 mezk\u00fcr problemni\u00f1 edas\u0131n\u0131\u00f1 kergin vaziyeti aqq\u0131nda haber bermek niyetinde.<\/p>\n","protected":false},"excerpt":{"rendered":"<p>Ukraina halq deputat\u0131 Mustafa Cemilev S\u00fcrg\u00fcn etilgen vatanda\u015flarn\u0131 yerle\u015ftir\u00fcv boyunca devlet programmas\u0131n\u0131\u00f1 edas\u0131 kergin alda ol\u011fan\u0131n\u0131 devlet yolba\u015f\u00e7\u0131lar\u0131 ve halqara cemaat\u00e7\u0131l\u0131qqa bildirmek niyetinde Ukraina sotsial siyaset nazirligi Ukraina halq deputat\u0131 Mustafa Cemilevge on\u0131\u00f1 &#8220;S\u00fcrg\u00fcnlikten Ukraina\u011fa ya\u015fama\u011fa qayt\u0131p kelgen q\u0131r\u0131mtatarlar ve diger millet vekillerini yerle\u015ftir\u00fcv, olarn\u0131\u00f1 ukrain cemiyetine qat\u0131luv\u0131 boyunca 2015 senesine qadar devlet programmas\u0131&#8221;n\u0131\u00f1 2011-2013 [&hellip;]<\/p>\n","protected":false},"author":1,"featured_media":41024,"comment_status":"open","ping_status":"open","sticky":false,"template":"","format":"standard","meta":{"inline_featured_image":false,"footnotes":""},"categories":[265],"tags":[],"class_list":["post-41019","post","type-post","status-publish","format-standard","has-post-thumbnail","hentry","category-haberler"],"acf":[],"yoast_head":"<!-- This site is optimized with the Yoast SEO plugin v27.4 - https:\/\/yoast.com\/product\/yoast-seo-wordpress\/ -->\n<title>Ukraina halq deputat\u0131 Mustafa Cemilev S\u00fcrg\u00fcn etilgen vatanda\u015flarn\u0131 yerle\u015ftir\u00fcv boyunca devlet programmas\u0131n\u0131\u00f1 edas\u0131 kergin alda ol\u011fan\u0131n\u0131 devlet yolba\u015f\u00e7\u0131lar\u0131 ve halqara cemaat\u00e7\u0131l\u0131qqa bildirmek niyetinde - \u041c\u0435\u0434\u0436\u043b\u0456\u0441<\/title>\n<meta name=\"robots\" content=\"index, follow, max-snippet:-1, max-image-preview:large, max-video-preview:-1\" \/>\n<link rel=\"canonical\" href=\"https:\/\/qtmm.org\/qt\/ukraina-halq-deputati-mustafa-cemilev-surgun-etilgen-vatandaslarni-yerlestiruv-boyunca-devlet-programmasinin-edasi-kergin-alda-olganini-devlet-yolbascilari-ve-halqara-cemaatciliqqa-bildirmek-niyetinde\/\" \/>\n<meta property=\"og:locale\" content=\"en_US\" \/>\n<meta property=\"og:type\" content=\"article\" \/>\n<meta property=\"og:title\" content=\"Ukraina halq deputat\u0131 Mustafa Cemilev S\u00fcrg\u00fcn etilgen vatanda\u015flarn\u0131 yerle\u015ftir\u00fcv boyunca devlet programmas\u0131n\u0131\u00f1 edas\u0131 kergin alda ol\u011fan\u0131n\u0131 devlet yolba\u015f\u00e7\u0131lar\u0131 ve halqara cemaat\u00e7\u0131l\u0131qqa bildirmek niyetinde - \u041c\u0435\u0434\u0436\u043b\u0456\u0441\" \/>\n<meta property=\"og:description\" content=\"Ukraina halq deputat\u0131 Mustafa Cemilev S\u00fcrg\u00fcn etilgen vatanda\u015flarn\u0131 yerle\u015ftir\u00fcv boyunca devlet programmas\u0131n\u0131\u00f1 edas\u0131 kergin alda ol\u011fan\u0131n\u0131 devlet yolba\u015f\u00e7\u0131lar\u0131 ve halqara cemaat\u00e7\u0131l\u0131qqa bildirmek niyetinde Ukraina sotsial siyaset nazirligi Ukraina halq deputat\u0131 Mustafa Cemilevge on\u0131\u00f1 &#8220;S\u00fcrg\u00fcnlikten Ukraina\u011fa ya\u015fama\u011fa qayt\u0131p kelgen q\u0131r\u0131mtatarlar ve diger millet vekillerini yerle\u015ftir\u00fcv, olarn\u0131\u00f1 ukrain cemiyetine qat\u0131luv\u0131 boyunca 2015 senesine qadar devlet programmas\u0131&#8221;n\u0131\u00f1 2011-2013 [&hellip;]\" \/>\n<meta property=\"og:url\" content=\"https:\/\/qtmm.org\/qt\/ukraina-halq-deputati-mustafa-cemilev-surgun-etilgen-vatandaslarni-yerlestiruv-boyunca-devlet-programmasinin-edasi-kergin-alda-olganini-devlet-yolbascilari-ve-halqara-cemaatciliqqa-bildirmek-niyetinde\/\" \/>\n<meta property=\"og:site_name\" content=\"\u041c\u0435\u0434\u0436\u043b\u0456\u0441\" \/>\n<meta property=\"article:publisher\" content=\"https:\/\/www.facebook.com\/qtmm.info\/\" \/>\n<meta property=\"article:published_time\" content=\"2013-11-25T18:10:00+00:00\" \/>\n<meta property=\"article:modified_time\" content=\"2022-01-26T18:11:16+00:00\" \/>\n<meta property=\"og:image\" content=\"https:\/\/qtmm.org\/wp-content\/uploads\/2022\/01\/nardep_dzhemilev.jpeg\" \/>\n\t<meta property=\"og:image:width\" content=\"670\" \/>\n\t<meta property=\"og:image:height\" content=\"310\" \/>\n\t<meta property=\"og:image:type\" content=\"image\/jpeg\" \/>\n<meta name=\"author\" content=\"Developer\" \/>\n<meta name=\"twitter:card\" content=\"summary_large_image\" \/>\n<meta name=\"twitter:label1\" content=\"Written by\" \/>\n\t<meta name=\"twitter:data1\" content=\"Developer\" \/>\n\t<meta name=\"twitter:label2\" content=\"Est. reading time\" \/>\n\t<meta name=\"twitter:data2\" content=\"1 minute\" \/>\n<script type=\"application\/ld+json\" class=\"yoast-schema-graph\">{\"@context\":\"https:\\\/\\\/schema.org\",\"@graph\":[{\"@type\":\"Article\",\"@id\":\"https:\\\/\\\/qtmm.org\\\/qt\\\/ukraina-halq-deputati-mustafa-cemilev-surgun-etilgen-vatandaslarni-yerlestiruv-boyunca-devlet-programmasinin-edasi-kergin-alda-olganini-devlet-yolbascilari-ve-halqara-cemaatciliqqa-bildirmek-niyetinde\\\/#article\",\"isPartOf\":{\"@id\":\"https:\\\/\\\/qtmm.org\\\/qt\\\/ukraina-halq-deputati-mustafa-cemilev-surgun-etilgen-vatandaslarni-yerlestiruv-boyunca-devlet-programmasinin-edasi-kergin-alda-olganini-devlet-yolbascilari-ve-halqara-cemaatciliqqa-bildirmek-niyetinde\\\/\"},\"author\":{\"name\":\"Developer\",\"@id\":\"https:\\\/\\\/qtmm.org\\\/qt\\\/#\\\/schema\\\/person\\\/de562469f971dec226ac06e60bbf74a7\"},\"headline\":\"Ukraina halq deputat\u0131 Mustafa Cemilev S\u00fcrg\u00fcn etilgen vatanda\u015flarn\u0131 yerle\u015ftir\u00fcv boyunca devlet programmas\u0131n\u0131\u00f1 edas\u0131 kergin alda ol\u011fan\u0131n\u0131 devlet yolba\u015f\u00e7\u0131lar\u0131 ve halqara cemaat\u00e7\u0131l\u0131qqa bildirmek niyetinde\",\"datePublished\":\"2013-11-25T18:10:00+00:00\",\"dateModified\":\"2022-01-26T18:11:16+00:00\",\"mainEntityOfPage\":{\"@id\":\"https:\\\/\\\/qtmm.org\\\/qt\\\/ukraina-halq-deputati-mustafa-cemilev-surgun-etilgen-vatandaslarni-yerlestiruv-boyunca-devlet-programmasinin-edasi-kergin-alda-olganini-devlet-yolbascilari-ve-halqara-cemaatciliqqa-bildirmek-niyetinde\\\/\"},\"wordCount\":204,\"commentCount\":0,\"publisher\":{\"@id\":\"https:\\\/\\\/qtmm.org\\\/qt\\\/#organization\"},\"image\":{\"@id\":\"https:\\\/\\\/qtmm.org\\\/qt\\\/ukraina-halq-deputati-mustafa-cemilev-surgun-etilgen-vatandaslarni-yerlestiruv-boyunca-devlet-programmasinin-edasi-kergin-alda-olganini-devlet-yolbascilari-ve-halqara-cemaatciliqqa-bildirmek-niyetinde\\\/#primaryimage\"},\"thumbnailUrl\":\"https:\\\/\\\/qtmm.org\\\/wp-content\\\/uploads\\\/2022\\\/01\\\/nardep_dzhemilev.jpeg\",\"articleSection\":[\"Haberler\"],\"inLanguage\":\"qt\",\"potentialAction\":[{\"@type\":\"CommentAction\",\"name\":\"Comment\",\"target\":[\"https:\\\/\\\/qtmm.org\\\/qt\\\/ukraina-halq-deputati-mustafa-cemilev-surgun-etilgen-vatandaslarni-yerlestiruv-boyunca-devlet-programmasinin-edasi-kergin-alda-olganini-devlet-yolbascilari-ve-halqara-cemaatciliqqa-bildirmek-niyetinde\\\/#respond\"]}]},{\"@type\":\"WebPage\",\"@id\":\"https:\\\/\\\/qtmm.org\\\/qt\\\/ukraina-halq-deputati-mustafa-cemilev-surgun-etilgen-vatandaslarni-yerlestiruv-boyunca-devlet-programmasinin-edasi-kergin-alda-olganini-devlet-yolbascilari-ve-halqara-cemaatciliqqa-bildirmek-niyetinde\\\/\",\"url\":\"https:\\\/\\\/qtmm.org\\\/qt\\\/ukraina-halq-deputati-mustafa-cemilev-surgun-etilgen-vatandaslarni-yerlestiruv-boyunca-devlet-programmasinin-edasi-kergin-alda-olganini-devlet-yolbascilari-ve-halqara-cemaatciliqqa-bildirmek-niyetinde\\\/\",\"name\":\"Ukraina halq deputat\u0131 Mustafa Cemilev S\u00fcrg\u00fcn etilgen vatanda\u015flarn\u0131 yerle\u015ftir\u00fcv boyunca devlet programmas\u0131n\u0131\u00f1 edas\u0131 kergin alda ol\u011fan\u0131n\u0131 devlet yolba\u015f\u00e7\u0131lar\u0131 ve halqara cemaat\u00e7\u0131l\u0131qqa bildirmek niyetinde - \u041c\u0435\u0434\u0436\u043b\u0456\u0441\",\"isPartOf\":{\"@id\":\"https:\\\/\\\/qtmm.org\\\/qt\\\/#website\"},\"primaryImageOfPage\":{\"@id\":\"https:\\\/\\\/qtmm.org\\\/qt\\\/ukraina-halq-deputati-mustafa-cemilev-surgun-etilgen-vatandaslarni-yerlestiruv-boyunca-devlet-programmasinin-edasi-kergin-alda-olganini-devlet-yolbascilari-ve-halqara-cemaatciliqqa-bildirmek-niyetinde\\\/#primaryimage\"},\"image\":{\"@id\":\"https:\\\/\\\/qtmm.org\\\/qt\\\/ukraina-halq-deputati-mustafa-cemilev-surgun-etilgen-vatandaslarni-yerlestiruv-boyunca-devlet-programmasinin-edasi-kergin-alda-olganini-devlet-yolbascilari-ve-halqara-cemaatciliqqa-bildirmek-niyetinde\\\/#primaryimage\"},\"thumbnailUrl\":\"https:\\\/\\\/qtmm.org\\\/wp-content\\\/uploads\\\/2022\\\/01\\\/nardep_dzhemilev.jpeg\",\"datePublished\":\"2013-11-25T18:10:00+00:00\",\"dateModified\":\"2022-01-26T18:11:16+00:00\",\"breadcrumb\":{\"@id\":\"https:\\\/\\\/qtmm.org\\\/qt\\\/ukraina-halq-deputati-mustafa-cemilev-surgun-etilgen-vatandaslarni-yerlestiruv-boyunca-devlet-programmasinin-edasi-kergin-alda-olganini-devlet-yolbascilari-ve-halqara-cemaatciliqqa-bildirmek-niyetinde\\\/#breadcrumb\"},\"inLanguage\":\"qt\",\"potentialAction\":[{\"@type\":\"ReadAction\",\"target\":[\"https:\\\/\\\/qtmm.org\\\/qt\\\/ukraina-halq-deputati-mustafa-cemilev-surgun-etilgen-vatandaslarni-yerlestiruv-boyunca-devlet-programmasinin-edasi-kergin-alda-olganini-devlet-yolbascilari-ve-halqara-cemaatciliqqa-bildirmek-niyetinde\\\/\"]}]},{\"@type\":\"ImageObject\",\"inLanguage\":\"qt\",\"@id\":\"https:\\\/\\\/qtmm.org\\\/qt\\\/ukraina-halq-deputati-mustafa-cemilev-surgun-etilgen-vatandaslarni-yerlestiruv-boyunca-devlet-programmasinin-edasi-kergin-alda-olganini-devlet-yolbascilari-ve-halqara-cemaatciliqqa-bildirmek-niyetinde\\\/#primaryimage\",\"url\":\"https:\\\/\\\/qtmm.org\\\/wp-content\\\/uploads\\\/2022\\\/01\\\/nardep_dzhemilev.jpeg\",\"contentUrl\":\"https:\\\/\\\/qtmm.org\\\/wp-content\\\/uploads\\\/2022\\\/01\\\/nardep_dzhemilev.jpeg\",\"width\":670,\"height\":310},{\"@type\":\"BreadcrumbList\",\"@id\":\"https:\\\/\\\/qtmm.org\\\/qt\\\/ukraina-halq-deputati-mustafa-cemilev-surgun-etilgen-vatandaslarni-yerlestiruv-boyunca-devlet-programmasinin-edasi-kergin-alda-olganini-devlet-yolbascilari-ve-halqara-cemaatciliqqa-bildirmek-niyetinde\\\/#breadcrumb\",\"itemListElement\":[{\"@type\":\"ListItem\",\"position\":1,\"name\":\"\u0413\u043e\u043b\u043e\u0432\u043d\u0430\",\"item\":\"https:\\\/\\\/qtmm.org\\\/qt\\\/\"},{\"@type\":\"ListItem\",\"position\":2,\"name\":\"Ukraina halq deputat\u0131 Mustafa Cemilev S\u00fcrg\u00fcn etilgen vatanda\u015flarn\u0131 yerle\u015ftir\u00fcv boyunca devlet programmas\u0131n\u0131\u00f1 edas\u0131 kergin alda ol\u011fan\u0131n\u0131 devlet yolba\u015f\u00e7\u0131lar\u0131 ve halqara cemaat\u00e7\u0131l\u0131qqa bildirmek niyetinde\"}]},{\"@type\":\"WebSite\",\"@id\":\"https:\\\/\\\/qtmm.org\\\/qt\\\/#website\",\"url\":\"https:\\\/\\\/qtmm.org\\\/qt\\\/\",\"name\":\"\u041c\u0435\u0434\u0436\u043b\u0456\u0441\",\"description\":\"\",\"publisher\":{\"@id\":\"https:\\\/\\\/qtmm.org\\\/qt\\\/#organization\"},\"potentialAction\":[{\"@type\":\"SearchAction\",\"target\":{\"@type\":\"EntryPoint\",\"urlTemplate\":\"https:\\\/\\\/qtmm.org\\\/qt\\\/?s={search_term_string}\"},\"query-input\":{\"@type\":\"PropertyValueSpecification\",\"valueRequired\":true,\"valueName\":\"search_term_string\"}}],\"inLanguage\":\"qt\"},{\"@type\":\"Organization\",\"@id\":\"https:\\\/\\\/qtmm.org\\\/qt\\\/#organization\",\"name\":\"\u041c\u0435\u0434\u0436\u043b\u0456\u0441\",\"url\":\"https:\\\/\\\/qtmm.org\\\/qt\\\/\",\"logo\":{\"@type\":\"ImageObject\",\"inLanguage\":\"qt\",\"@id\":\"https:\\\/\\\/qtmm.org\\\/qt\\\/#\\\/schema\\\/logo\\\/image\\\/\",\"url\":\"https:\\\/\\\/qtmm.org\\\/wp-content\\\/uploads\\\/2024\\\/12\\\/ua-mejlis-logo-rgb.svg\",\"contentUrl\":\"https:\\\/\\\/qtmm.org\\\/wp-content\\\/uploads\\\/2024\\\/12\\\/ua-mejlis-logo-rgb.svg\",\"caption\":\"\u041c\u0435\u0434\u0436\u043b\u0456\u0441\"},\"image\":{\"@id\":\"https:\\\/\\\/qtmm.org\\\/qt\\\/#\\\/schema\\\/logo\\\/image\\\/\"},\"sameAs\":[\"https:\\\/\\\/www.facebook.com\\\/qtmm.info\\\/\"]},{\"@type\":\"Person\",\"@id\":\"https:\\\/\\\/qtmm.org\\\/qt\\\/#\\\/schema\\\/person\\\/de562469f971dec226ac06e60bbf74a7\",\"name\":\"Developer\",\"image\":{\"@type\":\"ImageObject\",\"inLanguage\":\"qt\",\"@id\":\"https:\\\/\\\/secure.gravatar.com\\\/avatar\\\/392b4cc8fbfeb00b39dfeeab4ee6edded39ffd48e25858637e4765810300227e?s=96&d=mm&r=g\",\"url\":\"https:\\\/\\\/secure.gravatar.com\\\/avatar\\\/392b4cc8fbfeb00b39dfeeab4ee6edded39ffd48e25858637e4765810300227e?s=96&d=mm&r=g\",\"contentUrl\":\"https:\\\/\\\/secure.gravatar.com\\\/avatar\\\/392b4cc8fbfeb00b39dfeeab4ee6edded39ffd48e25858637e4765810300227e?s=96&d=mm&r=g\",\"caption\":\"Developer\"},\"url\":\"https:\\\/\\\/qtmm.org\\\/qt\\\/author\\\/Developer\\\/\"}]}<\/script>\n<!-- \/ Yoast SEO plugin. -->","yoast_head_json":{"title":"Ukraina halq deputat\u0131 Mustafa Cemilev S\u00fcrg\u00fcn etilgen vatanda\u015flarn\u0131 yerle\u015ftir\u00fcv boyunca devlet programmas\u0131n\u0131\u00f1 edas\u0131 kergin alda ol\u011fan\u0131n\u0131 devlet yolba\u015f\u00e7\u0131lar\u0131 ve halqara cemaat\u00e7\u0131l\u0131qqa bildirmek niyetinde - \u041c\u0435\u0434\u0436\u043b\u0456\u0441","robots":{"index":"index","follow":"follow","max-snippet":"max-snippet:-1","max-image-preview":"max-image-preview:large","max-video-preview":"max-video-preview:-1"},"canonical":"https:\/\/qtmm.org\/qt\/ukraina-halq-deputati-mustafa-cemilev-surgun-etilgen-vatandaslarni-yerlestiruv-boyunca-devlet-programmasinin-edasi-kergin-alda-olganini-devlet-yolbascilari-ve-halqara-cemaatciliqqa-bildirmek-niyetinde\/","og_locale":"en_US","og_type":"article","og_title":"Ukraina halq deputat\u0131 Mustafa Cemilev S\u00fcrg\u00fcn etilgen vatanda\u015flarn\u0131 yerle\u015ftir\u00fcv boyunca devlet programmas\u0131n\u0131\u00f1 edas\u0131 kergin alda ol\u011fan\u0131n\u0131 devlet yolba\u015f\u00e7\u0131lar\u0131 ve halqara cemaat\u00e7\u0131l\u0131qqa bildirmek niyetinde - \u041c\u0435\u0434\u0436\u043b\u0456\u0441","og_description":"Ukraina halq deputat\u0131 Mustafa Cemilev S\u00fcrg\u00fcn etilgen vatanda\u015flarn\u0131 yerle\u015ftir\u00fcv boyunca devlet programmas\u0131n\u0131\u00f1 edas\u0131 kergin alda ol\u011fan\u0131n\u0131 devlet yolba\u015f\u00e7\u0131lar\u0131 ve halqara cemaat\u00e7\u0131l\u0131qqa bildirmek niyetinde Ukraina sotsial siyaset nazirligi Ukraina halq deputat\u0131 Mustafa Cemilevge on\u0131\u00f1 &#8220;S\u00fcrg\u00fcnlikten Ukraina\u011fa ya\u015fama\u011fa qayt\u0131p kelgen q\u0131r\u0131mtatarlar ve diger millet vekillerini yerle\u015ftir\u00fcv, olarn\u0131\u00f1 ukrain cemiyetine qat\u0131luv\u0131 boyunca 2015 senesine qadar devlet programmas\u0131&#8221;n\u0131\u00f1 2011-2013 [&hellip;]","og_url":"https:\/\/qtmm.org\/qt\/ukraina-halq-deputati-mustafa-cemilev-surgun-etilgen-vatandaslarni-yerlestiruv-boyunca-devlet-programmasinin-edasi-kergin-alda-olganini-devlet-yolbascilari-ve-halqara-cemaatciliqqa-bildirmek-niyetinde\/","og_site_name":"\u041c\u0435\u0434\u0436\u043b\u0456\u0441","article_publisher":"https:\/\/www.facebook.com\/qtmm.info\/","article_published_time":"2013-11-25T18:10:00+00:00","article_modified_time":"2022-01-26T18:11:16+00:00","og_image":[{"width":670,"height":310,"url":"https:\/\/qtmm.org\/wp-content\/uploads\/2022\/01\/nardep_dzhemilev.jpeg","type":"image\/jpeg"}],"author":"Developer","twitter_card":"summary_large_image","twitter_misc":{"Written by":"Developer","Est. reading time":"1 minute"},"schema":{"@context":"https:\/\/schema.org","@graph":[{"@type":"Article","@id":"https:\/\/qtmm.org\/qt\/ukraina-halq-deputati-mustafa-cemilev-surgun-etilgen-vatandaslarni-yerlestiruv-boyunca-devlet-programmasinin-edasi-kergin-alda-olganini-devlet-yolbascilari-ve-halqara-cemaatciliqqa-bildirmek-niyetinde\/#article","isPartOf":{"@id":"https:\/\/qtmm.org\/qt\/ukraina-halq-deputati-mustafa-cemilev-surgun-etilgen-vatandaslarni-yerlestiruv-boyunca-devlet-programmasinin-edasi-kergin-alda-olganini-devlet-yolbascilari-ve-halqara-cemaatciliqqa-bildirmek-niyetinde\/"},"author":{"name":"Developer","@id":"https:\/\/qtmm.org\/qt\/#\/schema\/person\/de562469f971dec226ac06e60bbf74a7"},"headline":"Ukraina halq deputat\u0131 Mustafa Cemilev S\u00fcrg\u00fcn etilgen vatanda\u015flarn\u0131 yerle\u015ftir\u00fcv boyunca devlet programmas\u0131n\u0131\u00f1 edas\u0131 kergin alda ol\u011fan\u0131n\u0131 devlet yolba\u015f\u00e7\u0131lar\u0131 ve halqara cemaat\u00e7\u0131l\u0131qqa bildirmek niyetinde","datePublished":"2013-11-25T18:10:00+00:00","dateModified":"2022-01-26T18:11:16+00:00","mainEntityOfPage":{"@id":"https:\/\/qtmm.org\/qt\/ukraina-halq-deputati-mustafa-cemilev-surgun-etilgen-vatandaslarni-yerlestiruv-boyunca-devlet-programmasinin-edasi-kergin-alda-olganini-devlet-yolbascilari-ve-halqara-cemaatciliqqa-bildirmek-niyetinde\/"},"wordCount":204,"commentCount":0,"publisher":{"@id":"https:\/\/qtmm.org\/qt\/#organization"},"image":{"@id":"https:\/\/qtmm.org\/qt\/ukraina-halq-deputati-mustafa-cemilev-surgun-etilgen-vatandaslarni-yerlestiruv-boyunca-devlet-programmasinin-edasi-kergin-alda-olganini-devlet-yolbascilari-ve-halqara-cemaatciliqqa-bildirmek-niyetinde\/#primaryimage"},"thumbnailUrl":"https:\/\/qtmm.org\/wp-content\/uploads\/2022\/01\/nardep_dzhemilev.jpeg","articleSection":["Haberler"],"inLanguage":"qt","potentialAction":[{"@type":"CommentAction","name":"Comment","target":["https:\/\/qtmm.org\/qt\/ukraina-halq-deputati-mustafa-cemilev-surgun-etilgen-vatandaslarni-yerlestiruv-boyunca-devlet-programmasinin-edasi-kergin-alda-olganini-devlet-yolbascilari-ve-halqara-cemaatciliqqa-bildirmek-niyetinde\/#respond"]}]},{"@type":"WebPage","@id":"https:\/\/qtmm.org\/qt\/ukraina-halq-deputati-mustafa-cemilev-surgun-etilgen-vatandaslarni-yerlestiruv-boyunca-devlet-programmasinin-edasi-kergin-alda-olganini-devlet-yolbascilari-ve-halqara-cemaatciliqqa-bildirmek-niyetinde\/","url":"https:\/\/qtmm.org\/qt\/ukraina-halq-deputati-mustafa-cemilev-surgun-etilgen-vatandaslarni-yerlestiruv-boyunca-devlet-programmasinin-edasi-kergin-alda-olganini-devlet-yolbascilari-ve-halqara-cemaatciliqqa-bildirmek-niyetinde\/","name":"Ukraina halq deputat\u0131 Mustafa Cemilev S\u00fcrg\u00fcn etilgen vatanda\u015flarn\u0131 yerle\u015ftir\u00fcv boyunca devlet programmas\u0131n\u0131\u00f1 edas\u0131 kergin alda ol\u011fan\u0131n\u0131 devlet yolba\u015f\u00e7\u0131lar\u0131 ve halqara cemaat\u00e7\u0131l\u0131qqa bildirmek niyetinde - \u041c\u0435\u0434\u0436\u043b\u0456\u0441","isPartOf":{"@id":"https:\/\/qtmm.org\/qt\/#website"},"primaryImageOfPage":{"@id":"https:\/\/qtmm.org\/qt\/ukraina-halq-deputati-mustafa-cemilev-surgun-etilgen-vatandaslarni-yerlestiruv-boyunca-devlet-programmasinin-edasi-kergin-alda-olganini-devlet-yolbascilari-ve-halqara-cemaatciliqqa-bildirmek-niyetinde\/#primaryimage"},"image":{"@id":"https:\/\/qtmm.org\/qt\/ukraina-halq-deputati-mustafa-cemilev-surgun-etilgen-vatandaslarni-yerlestiruv-boyunca-devlet-programmasinin-edasi-kergin-alda-olganini-devlet-yolbascilari-ve-halqara-cemaatciliqqa-bildirmek-niyetinde\/#primaryimage"},"thumbnailUrl":"https:\/\/qtmm.org\/wp-content\/uploads\/2022\/01\/nardep_dzhemilev.jpeg","datePublished":"2013-11-25T18:10:00+00:00","dateModified":"2022-01-26T18:11:16+00:00","breadcrumb":{"@id":"https:\/\/qtmm.org\/qt\/ukraina-halq-deputati-mustafa-cemilev-surgun-etilgen-vatandaslarni-yerlestiruv-boyunca-devlet-programmasinin-edasi-kergin-alda-olganini-devlet-yolbascilari-ve-halqara-cemaatciliqqa-bildirmek-niyetinde\/#breadcrumb"},"inLanguage":"qt","potentialAction":[{"@type":"ReadAction","target":["https:\/\/qtmm.org\/qt\/ukraina-halq-deputati-mustafa-cemilev-surgun-etilgen-vatandaslarni-yerlestiruv-boyunca-devlet-programmasinin-edasi-kergin-alda-olganini-devlet-yolbascilari-ve-halqara-cemaatciliqqa-bildirmek-niyetinde\/"]}]},{"@type":"ImageObject","inLanguage":"qt","@id":"https:\/\/qtmm.org\/qt\/ukraina-halq-deputati-mustafa-cemilev-surgun-etilgen-vatandaslarni-yerlestiruv-boyunca-devlet-programmasinin-edasi-kergin-alda-olganini-devlet-yolbascilari-ve-halqara-cemaatciliqqa-bildirmek-niyetinde\/#primaryimage","url":"https:\/\/qtmm.org\/wp-content\/uploads\/2022\/01\/nardep_dzhemilev.jpeg","contentUrl":"https:\/\/qtmm.org\/wp-content\/uploads\/2022\/01\/nardep_dzhemilev.jpeg","width":670,"height":310},{"@type":"BreadcrumbList","@id":"https:\/\/qtmm.org\/qt\/ukraina-halq-deputati-mustafa-cemilev-surgun-etilgen-vatandaslarni-yerlestiruv-boyunca-devlet-programmasinin-edasi-kergin-alda-olganini-devlet-yolbascilari-ve-halqara-cemaatciliqqa-bildirmek-niyetinde\/#breadcrumb","itemListElement":[{"@type":"ListItem","position":1,"name":"\u0413\u043e\u043b\u043e\u0432\u043d\u0430","item":"https:\/\/qtmm.org\/qt\/"},{"@type":"ListItem","position":2,"name":"Ukraina halq deputat\u0131 Mustafa Cemilev S\u00fcrg\u00fcn etilgen vatanda\u015flarn\u0131 yerle\u015ftir\u00fcv boyunca devlet programmas\u0131n\u0131\u00f1 edas\u0131 kergin alda ol\u011fan\u0131n\u0131 devlet yolba\u015f\u00e7\u0131lar\u0131 ve halqara cemaat\u00e7\u0131l\u0131qqa bildirmek niyetinde"}]},{"@type":"WebSite","@id":"https:\/\/qtmm.org\/qt\/#website","url":"https:\/\/qtmm.org\/qt\/","name":"\u041c\u0435\u0434\u0436\u043b\u0456\u0441","description":"","publisher":{"@id":"https:\/\/qtmm.org\/qt\/#organization"},"potentialAction":[{"@type":"SearchAction","target":{"@type":"EntryPoint","urlTemplate":"https:\/\/qtmm.org\/qt\/?s={search_term_string}"},"query-input":{"@type":"PropertyValueSpecification","valueRequired":true,"valueName":"search_term_string"}}],"inLanguage":"qt"},{"@type":"Organization","@id":"https:\/\/qtmm.org\/qt\/#organization","name":"\u041c\u0435\u0434\u0436\u043b\u0456\u0441","url":"https:\/\/qtmm.org\/qt\/","logo":{"@type":"ImageObject","inLanguage":"qt","@id":"https:\/\/qtmm.org\/qt\/#\/schema\/logo\/image\/","url":"https:\/\/qtmm.org\/wp-content\/uploads\/2024\/12\/ua-mejlis-logo-rgb.svg","contentUrl":"https:\/\/qtmm.org\/wp-content\/uploads\/2024\/12\/ua-mejlis-logo-rgb.svg","caption":"\u041c\u0435\u0434\u0436\u043b\u0456\u0441"},"image":{"@id":"https:\/\/qtmm.org\/qt\/#\/schema\/logo\/image\/"},"sameAs":["https:\/\/www.facebook.com\/qtmm.info\/"]},{"@type":"Person","@id":"https:\/\/qtmm.org\/qt\/#\/schema\/person\/de562469f971dec226ac06e60bbf74a7","name":"Developer","image":{"@type":"ImageObject","inLanguage":"qt","@id":"https:\/\/secure.gravatar.com\/avatar\/392b4cc8fbfeb00b39dfeeab4ee6edded39ffd48e25858637e4765810300227e?s=96&d=mm&r=g","url":"https:\/\/secure.gravatar.com\/avatar\/392b4cc8fbfeb00b39dfeeab4ee6edded39ffd48e25858637e4765810300227e?s=96&d=mm&r=g","contentUrl":"https:\/\/secure.gravatar.com\/avatar\/392b4cc8fbfeb00b39dfeeab4ee6edded39ffd48e25858637e4765810300227e?s=96&d=mm&r=g","caption":"Developer"},"url":"https:\/\/qtmm.org\/qt\/author\/Developer\/"}]}},"_links":{"self":[{"href":"https:\/\/qtmm.org\/qt\/wp-json\/wp\/v2\/posts\/41019","targetHints":{"allow":["GET"]}}],"collection":[{"href":"https:\/\/qtmm.org\/qt\/wp-json\/wp\/v2\/posts"}],"about":[{"href":"https:\/\/qtmm.org\/qt\/wp-json\/wp\/v2\/types\/post"}],"author":[{"embeddable":true,"href":"https:\/\/qtmm.org\/qt\/wp-json\/wp\/v2\/users\/1"}],"replies":[{"embeddable":true,"href":"https:\/\/qtmm.org\/qt\/wp-json\/wp\/v2\/comments?post=41019"}],"version-history":[{"count":1,"href":"https:\/\/qtmm.org\/qt\/wp-json\/wp\/v2\/posts\/41019\/revisions"}],"predecessor-version":[{"id":41030,"href":"https:\/\/qtmm.org\/qt\/wp-json\/wp\/v2\/posts\/41019\/revisions\/41030"}],"wp:featuredmedia":[{"embeddable":true,"href":"https:\/\/qtmm.org\/qt\/wp-json\/wp\/v2\/media\/41024"}],"wp:attachment":[{"href":"https:\/\/qtmm.org\/qt\/wp-json\/wp\/v2\/media?parent=41019"}],"wp:term":[{"taxonomy":"category","embeddable":true,"href":"https:\/\/qtmm.org\/qt\/wp-json\/wp\/v2\/categories?post=41019"},{"taxonomy":"post_tag","embeddable":true,"href":"https:\/\/qtmm.org\/qt\/wp-json\/wp\/v2\/tags?post=41019"}],"curies":[{"name":"wp","href":"https:\/\/api.w.org\/{rel}","templated":true}]}}