




{"id":40975,"date":"2013-11-24T21:08:00","date_gmt":"2013-11-24T18:08:00","guid":{"rendered":"http:\/\/qtmm.org\/?p=40975"},"modified":"2022-01-26T21:10:09","modified_gmt":"2022-01-26T18:10:09","slug":"abduraman-egiz-avropa-yonelisi-ukraina-tis-siyasetinin-qanuninda-pekitilgen-yonelistir","status":"publish","type":"post","link":"https:\/\/qtmm.org\/qt\/abduraman-egiz-avropa-yonelisi-ukraina-tis-siyasetinin-qanuninda-pekitilgen-yonelistir\/","title":{"rendered":"Abduraman Egiz: Avropa y\u00f6neli\u015fi Ukraina t\u0131\u015f siyasetini\u00f1 qanun\u0131nda pekitilgen y\u00f6neli\u015ftir"},"content":{"rendered":"\n<p>Noyabr 24 k\u00fcn\u00fc Ukrainan\u0131\u00f1 bir \u00e7oq \u015feerlerinde, bun\u0131\u00f1 kibi de Aqmescitte &#8220;Avropa Ukrainas\u0131 i\u00e7\u00fcn&#8221; \u015fiar\u0131 alt\u0131nda halq naraz\u0131l\u0131\u011f\u0131 aktsiyalar\u0131 ke\u00e7irildi. Ukraina vatanda\u015flar\u0131 \u015feerlerni\u00f1 merkeziy meydanlar\u0131na \u00e7\u0131q\u0131p \u00fck\u00fcmetni\u00f1 Ukraina ve Avropa Birligi aras\u0131nda birle\u015fme imzalanmas\u0131n\u0131 toqtatmaq aqq\u0131ndaki qarar\u0131na qar\u015f\u0131 ol\u011fanlar\u0131n\u0131 numay\u0131\u015f ettiler.<\/p>\n\n\n\n<p>Ukrainadaki naraz\u0131l\u0131q aktsiyalar\u0131na d\u00fcnyan\u0131\u00f1 ukrain diasporas\u0131 ya\u015fa\u011fan onlarnen devletlerde qoltutalar.\u00a0<\/p>\n\n\n\n<figure class=\"wp-block-image size-full\"><img loading=\"lazy\" decoding=\"async\" width=\"800\" height=\"600\" src=\"http:\/\/qtmm.org\/wp-content\/uploads\/2022\/01\/6ec.jpeg\" alt=\"\" class=\"wp-image-40976\" srcset=\"https:\/\/qtmm.org\/wp-content\/uploads\/2022\/01\/6ec.jpeg 800w, https:\/\/qtmm.org\/wp-content\/uploads\/2022\/01\/6ec-300x225.jpeg 300w, https:\/\/qtmm.org\/wp-content\/uploads\/2022\/01\/6ec-768x576.jpeg 768w\" sizes=\"auto, (max-width: 800px) 100vw, 800px\" \/><\/figure>\n\n\n\n<p>Aqmesdcitte Q\u0131r\u0131m \u00fck\u00fcmeti binas\u0131n\u0131\u00f1 qar\u015f\u0131s\u0131nda 1000-den ziyade adam topla\u015f\u0131p, so\u00f1ra Ukraina Prezidentini\u00f1 Q\u0131r\u0131mdaki daimiy temsilciligi binas\u0131na taba yol ald\u0131lar.&nbsp;<\/p>\n\n\n\n<p>\u00c7oqmilletli Q\u0131r\u0131mn\u0131\u00f1 sakinleri ol\u011fan naraz\u0131l\u0131q aktsiya i\u015ftirak\u00e7ileri \u015feerlerni\u00f1 merkeziy meydanlar\u0131nda naraz\u0131l\u0131q numay\u0131\u015flar\u0131na \u00e7\u0131qmaq \u2013 bu, Ukraina vatanda\u015flar\u0131 qarar al\u011fanlar\u0131 ve bu qarar\u011fa munasip ol\u011fanlar\u0131n\u0131 kendileri ve d\u00fcnya\u011fa k\u00f6stermekni\u00f1 usul\u0131, dep sayalar. &#8220;Ukrainan\u0131\u00f1 Avropa Birligi ile a\u00f1la\u015fma\u011fa qoltutuv aktsiyas\u0131na qo\u015fulmaq epimiz i\u00e7\u00fcn ahl\u00e2qiy bir ad\u0131md\u0131r&#8221;, deyler naraz\u0131lar.<\/p>\n\n\n\n<figure class=\"wp-block-image size-full\"><img loading=\"lazy\" decoding=\"async\" width=\"800\" height=\"600\" src=\"http:\/\/qtmm.org\/wp-content\/uploads\/2022\/01\/1ec.jpeg\" alt=\"\" class=\"wp-image-41000\" srcset=\"https:\/\/qtmm.org\/wp-content\/uploads\/2022\/01\/1ec.jpeg 800w, https:\/\/qtmm.org\/wp-content\/uploads\/2022\/01\/1ec-300x225.jpeg 300w, https:\/\/qtmm.org\/wp-content\/uploads\/2022\/01\/1ec-768x576.jpeg 768w\" sizes=\"auto, (max-width: 800px) 100vw, 800px\" \/><\/figure>\n\n\n\n<p>\u00a0&#8220;Ukraina halqara meydanda mes\u00fcl bir ortaq olmal\u0131&#8221;, &#8211; dedi \u00f6z \u00e7\u0131q\u0131\u015f\u0131nda Aqmescitte Meclis azas\u0131 Abduraman Egiz. \u2013 T\u0131\u015f siyasetimiz a\u00e7\u0131q olmal\u0131, Avropa y\u00f6neli\u015fi Ukraina t\u0131\u015f siyasetini\u00f1 qanun\u0131nda pekitilgen y\u00f6neli\u015ftir&#8221;\u00a0<\/p>\n\n\n\n<figure class=\"wp-block-image size-full\"><img loading=\"lazy\" decoding=\"async\" width=\"800\" height=\"600\" src=\"http:\/\/qtmm.org\/wp-content\/uploads\/2022\/01\/4ec.jpeg\" alt=\"\" class=\"wp-image-41006\" srcset=\"https:\/\/qtmm.org\/wp-content\/uploads\/2022\/01\/4ec.jpeg 800w, https:\/\/qtmm.org\/wp-content\/uploads\/2022\/01\/4ec-300x225.jpeg 300w, https:\/\/qtmm.org\/wp-content\/uploads\/2022\/01\/4ec-768x576.jpeg 768w\" sizes=\"auto, (max-width: 800px) 100vw, 800px\" \/><\/figure>\n\n\n\n<p><strong>\u015eun\u0131 da qayd etmeli ki,<\/strong>&nbsp;<em>2013 senesi noyabr 19 k\u00fcn\u00fc Meclis azalar\u0131 Avropa Birligini\u00f1 azas\u0131 ol\u011fan devletlerni\u00f1 \u00fck\u00fcmetlerine, Ukraina Prezidenti ve Yuqar\u0131 \u015euras\u0131 ad\u0131na &#8220;Ukraina ve Avropa Birligi ile birle\u015fme aqq\u0131nda A\u00f1la\u015fma aqq\u0131nda&#8221; beyanatn\u0131 bira\u011f\u0131zdan qabul etip, Viln\u00fcs sammiti Ukraina ve Avropa Birligi aras\u0131nda birle\u015fme aqq\u0131ndaki a\u00f1la\u015fma imzalanmas\u0131nen yek\u00fcnlenmesi i\u00e7\u00fcn zarur er \u015feyni yapma\u011fa \u00e7a\u011f\u0131rd\u0131lar<\/em><\/p>\n\n\n\n<p><em>&#8220;Q\u0131r\u0131mtatar halq\u0131n\u0131\u00f1 Meclisi Ukraina ve Avropa Birligi aras\u0131nda birle\u015fme aqq\u0131nda temel muqaveleni\u00f1 imzalanmas\u0131 Ukraina ve Avropa Birligi aras\u0131nda munasebetlerni\u00f1 ya\u00f1\u0131 \u015fekiline esas olur, Ukrainada Avropa Birligi qaideleri ve standartlar\u0131na uy\u011fun \u015fekilde sistem uquqiy isl\u00e2at ve de\u00f1i\u015fmelerge yol a\u00e7ar&#8221;, &#8211; denile mezk\u00fcr beyanatta.<\/em><\/p>\n\n\n\n<figure class=\"wp-block-image size-full\"><img loading=\"lazy\" decoding=\"async\" width=\"800\" height=\"600\" src=\"http:\/\/qtmm.org\/wp-content\/uploads\/2022\/01\/2ec_1.jpeg\" alt=\"\" class=\"wp-image-41010\" srcset=\"https:\/\/qtmm.org\/wp-content\/uploads\/2022\/01\/2ec_1.jpeg 800w, https:\/\/qtmm.org\/wp-content\/uploads\/2022\/01\/2ec_1-300x225.jpeg 300w, https:\/\/qtmm.org\/wp-content\/uploads\/2022\/01\/2ec_1-768x576.jpeg 768w\" sizes=\"auto, (max-width: 800px) 100vw, 800px\" \/><\/figure>\n","protected":false},"excerpt":{"rendered":"<p>Noyabr 24 k\u00fcn\u00fc Ukrainan\u0131\u00f1 bir \u00e7oq \u015feerlerinde, bun\u0131\u00f1 kibi de Aqmescitte &#8220;Avropa Ukrainas\u0131 i\u00e7\u00fcn&#8221; \u015fiar\u0131 alt\u0131nda halq naraz\u0131l\u0131\u011f\u0131 aktsiyalar\u0131 ke\u00e7irildi. Ukraina vatanda\u015flar\u0131 \u015feerlerni\u00f1 merkeziy meydanlar\u0131na \u00e7\u0131q\u0131p \u00fck\u00fcmetni\u00f1 Ukraina ve Avropa Birligi aras\u0131nda birle\u015fme imzalanmas\u0131n\u0131 toqtatmaq aqq\u0131ndaki qarar\u0131na qar\u015f\u0131 ol\u011fanlar\u0131n\u0131 numay\u0131\u015f ettiler. Ukrainadaki naraz\u0131l\u0131q aktsiyalar\u0131na d\u00fcnyan\u0131\u00f1 ukrain diasporas\u0131 ya\u015fa\u011fan onlarnen devletlerde qoltutalar.\u00a0 Aqmesdcitte Q\u0131r\u0131m \u00fck\u00fcmeti binas\u0131n\u0131\u00f1 [&hellip;]<\/p>\n","protected":false},"author":1,"featured_media":0,"comment_status":"open","ping_status":"open","sticky":false,"template":"","format":"standard","meta":{"inline_featured_image":false,"footnotes":""},"categories":[265],"tags":[],"class_list":["post-40975","post","type-post","status-publish","format-standard","hentry","category-haberler"],"acf":[],"yoast_head":"<!-- This site is optimized with the Yoast SEO plugin v27.4 - https:\/\/yoast.com\/product\/yoast-seo-wordpress\/ -->\n<title>Abduraman Egiz: Avropa y\u00f6neli\u015fi Ukraina t\u0131\u015f siyasetini\u00f1 qanun\u0131nda pekitilgen y\u00f6neli\u015ftir - \u041c\u0435\u0434\u0436\u043b\u0456\u0441<\/title>\n<meta name=\"robots\" content=\"index, follow, max-snippet:-1, max-image-preview:large, max-video-preview:-1\" \/>\n<link rel=\"canonical\" href=\"https:\/\/qtmm.org\/qt\/abduraman-egiz-avropa-yonelisi-ukraina-tis-siyasetinin-qanuninda-pekitilgen-yonelistir\/\" \/>\n<meta property=\"og:locale\" content=\"en_US\" \/>\n<meta property=\"og:type\" content=\"article\" \/>\n<meta property=\"og:title\" content=\"Abduraman Egiz: Avropa y\u00f6neli\u015fi Ukraina t\u0131\u015f siyasetini\u00f1 qanun\u0131nda pekitilgen y\u00f6neli\u015ftir - \u041c\u0435\u0434\u0436\u043b\u0456\u0441\" \/>\n<meta property=\"og:description\" content=\"Noyabr 24 k\u00fcn\u00fc Ukrainan\u0131\u00f1 bir \u00e7oq \u015feerlerinde, bun\u0131\u00f1 kibi de Aqmescitte &#8220;Avropa Ukrainas\u0131 i\u00e7\u00fcn&#8221; \u015fiar\u0131 alt\u0131nda halq naraz\u0131l\u0131\u011f\u0131 aktsiyalar\u0131 ke\u00e7irildi. Ukraina vatanda\u015flar\u0131 \u015feerlerni\u00f1 merkeziy meydanlar\u0131na \u00e7\u0131q\u0131p \u00fck\u00fcmetni\u00f1 Ukraina ve Avropa Birligi aras\u0131nda birle\u015fme imzalanmas\u0131n\u0131 toqtatmaq aqq\u0131ndaki qarar\u0131na qar\u015f\u0131 ol\u011fanlar\u0131n\u0131 numay\u0131\u015f ettiler. Ukrainadaki naraz\u0131l\u0131q aktsiyalar\u0131na d\u00fcnyan\u0131\u00f1 ukrain diasporas\u0131 ya\u015fa\u011fan onlarnen devletlerde qoltutalar.\u00a0 Aqmesdcitte Q\u0131r\u0131m \u00fck\u00fcmeti binas\u0131n\u0131\u00f1 [&hellip;]\" \/>\n<meta property=\"og:url\" content=\"https:\/\/qtmm.org\/qt\/abduraman-egiz-avropa-yonelisi-ukraina-tis-siyasetinin-qanuninda-pekitilgen-yonelistir\/\" \/>\n<meta property=\"og:site_name\" content=\"\u041c\u0435\u0434\u0436\u043b\u0456\u0441\" \/>\n<meta property=\"article:publisher\" content=\"https:\/\/www.facebook.com\/qtmm.info\/\" \/>\n<meta property=\"article:published_time\" content=\"2013-11-24T18:08:00+00:00\" \/>\n<meta property=\"article:modified_time\" content=\"2022-01-26T18:10:09+00:00\" \/>\n<meta property=\"og:image\" content=\"https:\/\/qtmm.org\/wp-content\/uploads\/2022\/01\/6ec.jpeg\" \/>\n\t<meta property=\"og:image:width\" content=\"800\" \/>\n\t<meta property=\"og:image:height\" content=\"600\" \/>\n\t<meta property=\"og:image:type\" content=\"image\/jpeg\" \/>\n<meta name=\"author\" content=\"Developer\" \/>\n<meta name=\"twitter:card\" content=\"summary_large_image\" \/>\n<meta name=\"twitter:label1\" content=\"Written by\" \/>\n\t<meta name=\"twitter:data1\" content=\"Developer\" \/>\n\t<meta name=\"twitter:label2\" content=\"Est. reading time\" \/>\n\t<meta name=\"twitter:data2\" content=\"2 minutes\" \/>\n<script type=\"application\/ld+json\" class=\"yoast-schema-graph\">{\"@context\":\"https:\\\/\\\/schema.org\",\"@graph\":[{\"@type\":\"Article\",\"@id\":\"https:\\\/\\\/qtmm.org\\\/qt\\\/abduraman-egiz-avropa-yonelisi-ukraina-tis-siyasetinin-qanuninda-pekitilgen-yonelistir\\\/#article\",\"isPartOf\":{\"@id\":\"https:\\\/\\\/qtmm.org\\\/qt\\\/abduraman-egiz-avropa-yonelisi-ukraina-tis-siyasetinin-qanuninda-pekitilgen-yonelistir\\\/\"},\"author\":{\"name\":\"Developer\",\"@id\":\"https:\\\/\\\/qtmm.org\\\/qt\\\/#\\\/schema\\\/person\\\/de562469f971dec226ac06e60bbf74a7\"},\"headline\":\"Abduraman Egiz: Avropa y\u00f6neli\u015fi Ukraina t\u0131\u015f siyasetini\u00f1 qanun\u0131nda pekitilgen y\u00f6neli\u015ftir\",\"datePublished\":\"2013-11-24T18:08:00+00:00\",\"dateModified\":\"2022-01-26T18:10:09+00:00\",\"mainEntityOfPage\":{\"@id\":\"https:\\\/\\\/qtmm.org\\\/qt\\\/abduraman-egiz-avropa-yonelisi-ukraina-tis-siyasetinin-qanuninda-pekitilgen-yonelistir\\\/\"},\"wordCount\":362,\"commentCount\":0,\"publisher\":{\"@id\":\"https:\\\/\\\/qtmm.org\\\/qt\\\/#organization\"},\"image\":{\"@id\":\"https:\\\/\\\/qtmm.org\\\/qt\\\/abduraman-egiz-avropa-yonelisi-ukraina-tis-siyasetinin-qanuninda-pekitilgen-yonelistir\\\/#primaryimage\"},\"thumbnailUrl\":\"http:\\\/\\\/qtmm.org\\\/wp-content\\\/uploads\\\/2022\\\/01\\\/6ec.jpeg\",\"articleSection\":[\"Haberler\"],\"inLanguage\":\"qt\",\"potentialAction\":[{\"@type\":\"CommentAction\",\"name\":\"Comment\",\"target\":[\"https:\\\/\\\/qtmm.org\\\/qt\\\/abduraman-egiz-avropa-yonelisi-ukraina-tis-siyasetinin-qanuninda-pekitilgen-yonelistir\\\/#respond\"]}]},{\"@type\":\"WebPage\",\"@id\":\"https:\\\/\\\/qtmm.org\\\/qt\\\/abduraman-egiz-avropa-yonelisi-ukraina-tis-siyasetinin-qanuninda-pekitilgen-yonelistir\\\/\",\"url\":\"https:\\\/\\\/qtmm.org\\\/qt\\\/abduraman-egiz-avropa-yonelisi-ukraina-tis-siyasetinin-qanuninda-pekitilgen-yonelistir\\\/\",\"name\":\"Abduraman Egiz: Avropa y\u00f6neli\u015fi Ukraina t\u0131\u015f siyasetini\u00f1 qanun\u0131nda pekitilgen y\u00f6neli\u015ftir - \u041c\u0435\u0434\u0436\u043b\u0456\u0441\",\"isPartOf\":{\"@id\":\"https:\\\/\\\/qtmm.org\\\/qt\\\/#website\"},\"primaryImageOfPage\":{\"@id\":\"https:\\\/\\\/qtmm.org\\\/qt\\\/abduraman-egiz-avropa-yonelisi-ukraina-tis-siyasetinin-qanuninda-pekitilgen-yonelistir\\\/#primaryimage\"},\"image\":{\"@id\":\"https:\\\/\\\/qtmm.org\\\/qt\\\/abduraman-egiz-avropa-yonelisi-ukraina-tis-siyasetinin-qanuninda-pekitilgen-yonelistir\\\/#primaryimage\"},\"thumbnailUrl\":\"http:\\\/\\\/qtmm.org\\\/wp-content\\\/uploads\\\/2022\\\/01\\\/6ec.jpeg\",\"datePublished\":\"2013-11-24T18:08:00+00:00\",\"dateModified\":\"2022-01-26T18:10:09+00:00\",\"breadcrumb\":{\"@id\":\"https:\\\/\\\/qtmm.org\\\/qt\\\/abduraman-egiz-avropa-yonelisi-ukraina-tis-siyasetinin-qanuninda-pekitilgen-yonelistir\\\/#breadcrumb\"},\"inLanguage\":\"qt\",\"potentialAction\":[{\"@type\":\"ReadAction\",\"target\":[\"https:\\\/\\\/qtmm.org\\\/qt\\\/abduraman-egiz-avropa-yonelisi-ukraina-tis-siyasetinin-qanuninda-pekitilgen-yonelistir\\\/\"]}]},{\"@type\":\"ImageObject\",\"inLanguage\":\"qt\",\"@id\":\"https:\\\/\\\/qtmm.org\\\/qt\\\/abduraman-egiz-avropa-yonelisi-ukraina-tis-siyasetinin-qanuninda-pekitilgen-yonelistir\\\/#primaryimage\",\"url\":\"http:\\\/\\\/qtmm.org\\\/wp-content\\\/uploads\\\/2022\\\/01\\\/6ec.jpeg\",\"contentUrl\":\"http:\\\/\\\/qtmm.org\\\/wp-content\\\/uploads\\\/2022\\\/01\\\/6ec.jpeg\"},{\"@type\":\"BreadcrumbList\",\"@id\":\"https:\\\/\\\/qtmm.org\\\/qt\\\/abduraman-egiz-avropa-yonelisi-ukraina-tis-siyasetinin-qanuninda-pekitilgen-yonelistir\\\/#breadcrumb\",\"itemListElement\":[{\"@type\":\"ListItem\",\"position\":1,\"name\":\"\u0413\u043e\u043b\u043e\u0432\u043d\u0430\",\"item\":\"https:\\\/\\\/qtmm.org\\\/qt\\\/\"},{\"@type\":\"ListItem\",\"position\":2,\"name\":\"Abduraman Egiz: Avropa y\u00f6neli\u015fi Ukraina t\u0131\u015f siyasetini\u00f1 qanun\u0131nda pekitilgen y\u00f6neli\u015ftir\"}]},{\"@type\":\"WebSite\",\"@id\":\"https:\\\/\\\/qtmm.org\\\/qt\\\/#website\",\"url\":\"https:\\\/\\\/qtmm.org\\\/qt\\\/\",\"name\":\"\u041c\u0435\u0434\u0436\u043b\u0456\u0441\",\"description\":\"\",\"publisher\":{\"@id\":\"https:\\\/\\\/qtmm.org\\\/qt\\\/#organization\"},\"potentialAction\":[{\"@type\":\"SearchAction\",\"target\":{\"@type\":\"EntryPoint\",\"urlTemplate\":\"https:\\\/\\\/qtmm.org\\\/qt\\\/?s={search_term_string}\"},\"query-input\":{\"@type\":\"PropertyValueSpecification\",\"valueRequired\":true,\"valueName\":\"search_term_string\"}}],\"inLanguage\":\"qt\"},{\"@type\":\"Organization\",\"@id\":\"https:\\\/\\\/qtmm.org\\\/qt\\\/#organization\",\"name\":\"\u041c\u0435\u0434\u0436\u043b\u0456\u0441\",\"url\":\"https:\\\/\\\/qtmm.org\\\/qt\\\/\",\"logo\":{\"@type\":\"ImageObject\",\"inLanguage\":\"qt\",\"@id\":\"https:\\\/\\\/qtmm.org\\\/qt\\\/#\\\/schema\\\/logo\\\/image\\\/\",\"url\":\"https:\\\/\\\/qtmm.org\\\/wp-content\\\/uploads\\\/2024\\\/12\\\/ua-mejlis-logo-rgb.svg\",\"contentUrl\":\"https:\\\/\\\/qtmm.org\\\/wp-content\\\/uploads\\\/2024\\\/12\\\/ua-mejlis-logo-rgb.svg\",\"caption\":\"\u041c\u0435\u0434\u0436\u043b\u0456\u0441\"},\"image\":{\"@id\":\"https:\\\/\\\/qtmm.org\\\/qt\\\/#\\\/schema\\\/logo\\\/image\\\/\"},\"sameAs\":[\"https:\\\/\\\/www.facebook.com\\\/qtmm.info\\\/\"]},{\"@type\":\"Person\",\"@id\":\"https:\\\/\\\/qtmm.org\\\/qt\\\/#\\\/schema\\\/person\\\/de562469f971dec226ac06e60bbf74a7\",\"name\":\"Developer\",\"image\":{\"@type\":\"ImageObject\",\"inLanguage\":\"qt\",\"@id\":\"https:\\\/\\\/secure.gravatar.com\\\/avatar\\\/392b4cc8fbfeb00b39dfeeab4ee6edded39ffd48e25858637e4765810300227e?s=96&d=mm&r=g\",\"url\":\"https:\\\/\\\/secure.gravatar.com\\\/avatar\\\/392b4cc8fbfeb00b39dfeeab4ee6edded39ffd48e25858637e4765810300227e?s=96&d=mm&r=g\",\"contentUrl\":\"https:\\\/\\\/secure.gravatar.com\\\/avatar\\\/392b4cc8fbfeb00b39dfeeab4ee6edded39ffd48e25858637e4765810300227e?s=96&d=mm&r=g\",\"caption\":\"Developer\"},\"url\":\"https:\\\/\\\/qtmm.org\\\/qt\\\/author\\\/Developer\\\/\"}]}<\/script>\n<!-- \/ Yoast SEO plugin. -->","yoast_head_json":{"title":"Abduraman Egiz: Avropa y\u00f6neli\u015fi Ukraina t\u0131\u015f siyasetini\u00f1 qanun\u0131nda pekitilgen y\u00f6neli\u015ftir - \u041c\u0435\u0434\u0436\u043b\u0456\u0441","robots":{"index":"index","follow":"follow","max-snippet":"max-snippet:-1","max-image-preview":"max-image-preview:large","max-video-preview":"max-video-preview:-1"},"canonical":"https:\/\/qtmm.org\/qt\/abduraman-egiz-avropa-yonelisi-ukraina-tis-siyasetinin-qanuninda-pekitilgen-yonelistir\/","og_locale":"en_US","og_type":"article","og_title":"Abduraman Egiz: Avropa y\u00f6neli\u015fi Ukraina t\u0131\u015f siyasetini\u00f1 qanun\u0131nda pekitilgen y\u00f6neli\u015ftir - \u041c\u0435\u0434\u0436\u043b\u0456\u0441","og_description":"Noyabr 24 k\u00fcn\u00fc Ukrainan\u0131\u00f1 bir \u00e7oq \u015feerlerinde, bun\u0131\u00f1 kibi de Aqmescitte &#8220;Avropa Ukrainas\u0131 i\u00e7\u00fcn&#8221; \u015fiar\u0131 alt\u0131nda halq naraz\u0131l\u0131\u011f\u0131 aktsiyalar\u0131 ke\u00e7irildi. Ukraina vatanda\u015flar\u0131 \u015feerlerni\u00f1 merkeziy meydanlar\u0131na \u00e7\u0131q\u0131p \u00fck\u00fcmetni\u00f1 Ukraina ve Avropa Birligi aras\u0131nda birle\u015fme imzalanmas\u0131n\u0131 toqtatmaq aqq\u0131ndaki qarar\u0131na qar\u015f\u0131 ol\u011fanlar\u0131n\u0131 numay\u0131\u015f ettiler. Ukrainadaki naraz\u0131l\u0131q aktsiyalar\u0131na d\u00fcnyan\u0131\u00f1 ukrain diasporas\u0131 ya\u015fa\u011fan onlarnen devletlerde qoltutalar.\u00a0 Aqmesdcitte Q\u0131r\u0131m \u00fck\u00fcmeti binas\u0131n\u0131\u00f1 [&hellip;]","og_url":"https:\/\/qtmm.org\/qt\/abduraman-egiz-avropa-yonelisi-ukraina-tis-siyasetinin-qanuninda-pekitilgen-yonelistir\/","og_site_name":"\u041c\u0435\u0434\u0436\u043b\u0456\u0441","article_publisher":"https:\/\/www.facebook.com\/qtmm.info\/","article_published_time":"2013-11-24T18:08:00+00:00","article_modified_time":"2022-01-26T18:10:09+00:00","og_image":[{"width":800,"height":600,"url":"https:\/\/qtmm.org\/wp-content\/uploads\/2022\/01\/6ec.jpeg","type":"image\/jpeg"}],"author":"Developer","twitter_card":"summary_large_image","twitter_misc":{"Written by":"Developer","Est. reading time":"2 minutes"},"schema":{"@context":"https:\/\/schema.org","@graph":[{"@type":"Article","@id":"https:\/\/qtmm.org\/qt\/abduraman-egiz-avropa-yonelisi-ukraina-tis-siyasetinin-qanuninda-pekitilgen-yonelistir\/#article","isPartOf":{"@id":"https:\/\/qtmm.org\/qt\/abduraman-egiz-avropa-yonelisi-ukraina-tis-siyasetinin-qanuninda-pekitilgen-yonelistir\/"},"author":{"name":"Developer","@id":"https:\/\/qtmm.org\/qt\/#\/schema\/person\/de562469f971dec226ac06e60bbf74a7"},"headline":"Abduraman Egiz: Avropa y\u00f6neli\u015fi Ukraina t\u0131\u015f siyasetini\u00f1 qanun\u0131nda pekitilgen y\u00f6neli\u015ftir","datePublished":"2013-11-24T18:08:00+00:00","dateModified":"2022-01-26T18:10:09+00:00","mainEntityOfPage":{"@id":"https:\/\/qtmm.org\/qt\/abduraman-egiz-avropa-yonelisi-ukraina-tis-siyasetinin-qanuninda-pekitilgen-yonelistir\/"},"wordCount":362,"commentCount":0,"publisher":{"@id":"https:\/\/qtmm.org\/qt\/#organization"},"image":{"@id":"https:\/\/qtmm.org\/qt\/abduraman-egiz-avropa-yonelisi-ukraina-tis-siyasetinin-qanuninda-pekitilgen-yonelistir\/#primaryimage"},"thumbnailUrl":"http:\/\/qtmm.org\/wp-content\/uploads\/2022\/01\/6ec.jpeg","articleSection":["Haberler"],"inLanguage":"qt","potentialAction":[{"@type":"CommentAction","name":"Comment","target":["https:\/\/qtmm.org\/qt\/abduraman-egiz-avropa-yonelisi-ukraina-tis-siyasetinin-qanuninda-pekitilgen-yonelistir\/#respond"]}]},{"@type":"WebPage","@id":"https:\/\/qtmm.org\/qt\/abduraman-egiz-avropa-yonelisi-ukraina-tis-siyasetinin-qanuninda-pekitilgen-yonelistir\/","url":"https:\/\/qtmm.org\/qt\/abduraman-egiz-avropa-yonelisi-ukraina-tis-siyasetinin-qanuninda-pekitilgen-yonelistir\/","name":"Abduraman Egiz: Avropa y\u00f6neli\u015fi Ukraina t\u0131\u015f siyasetini\u00f1 qanun\u0131nda pekitilgen y\u00f6neli\u015ftir - \u041c\u0435\u0434\u0436\u043b\u0456\u0441","isPartOf":{"@id":"https:\/\/qtmm.org\/qt\/#website"},"primaryImageOfPage":{"@id":"https:\/\/qtmm.org\/qt\/abduraman-egiz-avropa-yonelisi-ukraina-tis-siyasetinin-qanuninda-pekitilgen-yonelistir\/#primaryimage"},"image":{"@id":"https:\/\/qtmm.org\/qt\/abduraman-egiz-avropa-yonelisi-ukraina-tis-siyasetinin-qanuninda-pekitilgen-yonelistir\/#primaryimage"},"thumbnailUrl":"http:\/\/qtmm.org\/wp-content\/uploads\/2022\/01\/6ec.jpeg","datePublished":"2013-11-24T18:08:00+00:00","dateModified":"2022-01-26T18:10:09+00:00","breadcrumb":{"@id":"https:\/\/qtmm.org\/qt\/abduraman-egiz-avropa-yonelisi-ukraina-tis-siyasetinin-qanuninda-pekitilgen-yonelistir\/#breadcrumb"},"inLanguage":"qt","potentialAction":[{"@type":"ReadAction","target":["https:\/\/qtmm.org\/qt\/abduraman-egiz-avropa-yonelisi-ukraina-tis-siyasetinin-qanuninda-pekitilgen-yonelistir\/"]}]},{"@type":"ImageObject","inLanguage":"qt","@id":"https:\/\/qtmm.org\/qt\/abduraman-egiz-avropa-yonelisi-ukraina-tis-siyasetinin-qanuninda-pekitilgen-yonelistir\/#primaryimage","url":"http:\/\/qtmm.org\/wp-content\/uploads\/2022\/01\/6ec.jpeg","contentUrl":"http:\/\/qtmm.org\/wp-content\/uploads\/2022\/01\/6ec.jpeg"},{"@type":"BreadcrumbList","@id":"https:\/\/qtmm.org\/qt\/abduraman-egiz-avropa-yonelisi-ukraina-tis-siyasetinin-qanuninda-pekitilgen-yonelistir\/#breadcrumb","itemListElement":[{"@type":"ListItem","position":1,"name":"\u0413\u043e\u043b\u043e\u0432\u043d\u0430","item":"https:\/\/qtmm.org\/qt\/"},{"@type":"ListItem","position":2,"name":"Abduraman Egiz: Avropa y\u00f6neli\u015fi Ukraina t\u0131\u015f siyasetini\u00f1 qanun\u0131nda pekitilgen y\u00f6neli\u015ftir"}]},{"@type":"WebSite","@id":"https:\/\/qtmm.org\/qt\/#website","url":"https:\/\/qtmm.org\/qt\/","name":"\u041c\u0435\u0434\u0436\u043b\u0456\u0441","description":"","publisher":{"@id":"https:\/\/qtmm.org\/qt\/#organization"},"potentialAction":[{"@type":"SearchAction","target":{"@type":"EntryPoint","urlTemplate":"https:\/\/qtmm.org\/qt\/?s={search_term_string}"},"query-input":{"@type":"PropertyValueSpecification","valueRequired":true,"valueName":"search_term_string"}}],"inLanguage":"qt"},{"@type":"Organization","@id":"https:\/\/qtmm.org\/qt\/#organization","name":"\u041c\u0435\u0434\u0436\u043b\u0456\u0441","url":"https:\/\/qtmm.org\/qt\/","logo":{"@type":"ImageObject","inLanguage":"qt","@id":"https:\/\/qtmm.org\/qt\/#\/schema\/logo\/image\/","url":"https:\/\/qtmm.org\/wp-content\/uploads\/2024\/12\/ua-mejlis-logo-rgb.svg","contentUrl":"https:\/\/qtmm.org\/wp-content\/uploads\/2024\/12\/ua-mejlis-logo-rgb.svg","caption":"\u041c\u0435\u0434\u0436\u043b\u0456\u0441"},"image":{"@id":"https:\/\/qtmm.org\/qt\/#\/schema\/logo\/image\/"},"sameAs":["https:\/\/www.facebook.com\/qtmm.info\/"]},{"@type":"Person","@id":"https:\/\/qtmm.org\/qt\/#\/schema\/person\/de562469f971dec226ac06e60bbf74a7","name":"Developer","image":{"@type":"ImageObject","inLanguage":"qt","@id":"https:\/\/secure.gravatar.com\/avatar\/392b4cc8fbfeb00b39dfeeab4ee6edded39ffd48e25858637e4765810300227e?s=96&d=mm&r=g","url":"https:\/\/secure.gravatar.com\/avatar\/392b4cc8fbfeb00b39dfeeab4ee6edded39ffd48e25858637e4765810300227e?s=96&d=mm&r=g","contentUrl":"https:\/\/secure.gravatar.com\/avatar\/392b4cc8fbfeb00b39dfeeab4ee6edded39ffd48e25858637e4765810300227e?s=96&d=mm&r=g","caption":"Developer"},"url":"https:\/\/qtmm.org\/qt\/author\/Developer\/"}]}},"_links":{"self":[{"href":"https:\/\/qtmm.org\/qt\/wp-json\/wp\/v2\/posts\/40975","targetHints":{"allow":["GET"]}}],"collection":[{"href":"https:\/\/qtmm.org\/qt\/wp-json\/wp\/v2\/posts"}],"about":[{"href":"https:\/\/qtmm.org\/qt\/wp-json\/wp\/v2\/types\/post"}],"author":[{"embeddable":true,"href":"https:\/\/qtmm.org\/qt\/wp-json\/wp\/v2\/users\/1"}],"replies":[{"embeddable":true,"href":"https:\/\/qtmm.org\/qt\/wp-json\/wp\/v2\/comments?post=40975"}],"version-history":[{"count":1,"href":"https:\/\/qtmm.org\/qt\/wp-json\/wp\/v2\/posts\/40975\/revisions"}],"predecessor-version":[{"id":41014,"href":"https:\/\/qtmm.org\/qt\/wp-json\/wp\/v2\/posts\/40975\/revisions\/41014"}],"wp:attachment":[{"href":"https:\/\/qtmm.org\/qt\/wp-json\/wp\/v2\/media?parent=40975"}],"wp:term":[{"taxonomy":"category","embeddable":true,"href":"https:\/\/qtmm.org\/qt\/wp-json\/wp\/v2\/categories?post=40975"},{"taxonomy":"post_tag","embeddable":true,"href":"https:\/\/qtmm.org\/qt\/wp-json\/wp\/v2\/tags?post=40975"}],"curies":[{"name":"wp","href":"https:\/\/api.w.org\/{rel}","templated":true}]}}