




{"id":40951,"date":"2013-11-23T21:07:00","date_gmt":"2013-11-23T18:07:00","guid":{"rendered":"http:\/\/qtmm.org\/?p=40951"},"modified":"2022-01-26T21:08:30","modified_gmt":"2022-01-26T18:08:30","slug":"aqmescitte-1932-1933-senelerdeki-acliq-qurbanlarinin-hatirasina-dua-ve-matem-mitingi-kecirildi","status":"publish","type":"post","link":"https:\/\/qtmm.org\/qt\/aqmescitte-1932-1933-senelerdeki-acliq-qurbanlarinin-hatirasina-dua-ve-matem-mitingi-kecirildi\/","title":{"rendered":"Aqmescitte 1932-1933 senelerdeki a\u00e7l\u0131q qurbanlar\u0131n\u0131\u00f1 hat\u0131ras\u0131na dua ve matem mitingi ke\u00e7irildi"},"content":{"rendered":"\n<p>A\u00e7l\u0131q qurbanlar\u0131n\u0131\u00f1 hat\u0131ras\u0131na ba\u011f\u0131\u015flan\u011fan miting noyabr 23 k\u00fcn\u00fc aziz Vladimir ve \u00d6lga kilsesi yan\u0131nda saat 16.00-de umummilliy suk\u00fcnet daqqas\u0131n\u0131 il\u00e2n etken \u00e7a\u00f1 sesinden ba\u015fland\u0131.<\/p>\n\n\n\n<p>Bundan evel Kiyev patriarhat\u0131 Q\u0131r\u0131m ukrain pravoslav kilsesini\u00f1 ba\u015f\u0131 Kliment A\u00e7l\u0131q qurbanlar\u0131n\u0131\u00f1 ruhuna dua oqud\u0131.<\/p>\n\n\n\n<p>Matem mitinginde Ukrain cemiyeti ile birlikte Milliy Meclis reisi Refat \u00c7ubarov, Qurultay delegatlar\u0131, q\u0131r\u0131mtatar halq\u0131 milliy areket veteranlar\u0131 i\u015ftirak ettiler.<\/p>\n\n\n\n<figure class=\"wp-block-image size-full\"><img loading=\"lazy\" decoding=\"async\" width=\"650\" height=\"338\" src=\"http:\/\/qtmm.org\/wp-content\/uploads\/2022\/01\/img_3488.jpeg\" alt=\"\" class=\"wp-image-40962\" srcset=\"https:\/\/qtmm.org\/wp-content\/uploads\/2022\/01\/img_3488.jpeg 650w, https:\/\/qtmm.org\/wp-content\/uploads\/2022\/01\/img_3488-300x156.jpeg 300w\" sizes=\"auto, (max-width: 650px) 100vw, 650px\" \/><\/figure>\n\n\n\n<p>\u00d6z \u00e7\u0131q\u0131\u015f\u0131nda Meclis reisi Refat \u00c7ubarov Q\u0131r\u0131mtatar halq\u0131n\u0131\u00f1 Meclisi ve \u015fahsen kendisini\u00f1 ad\u0131ndan ukrain cemaat\u0131na taziye bildirip, dua merasimini\u00f1 i\u015ftirak\u00e7ilerini Ukrainada demokratiya, serbestlik, insan ve halqlarn\u0131\u00f1 aqlar\u0131n\u0131 qor\u00e7alavda faal olma\u011fa \u00e7a\u011f\u0131rd\u0131.<\/p>\n\n\n\n<figure class=\"wp-block-image size-full\"><img loading=\"lazy\" decoding=\"async\" width=\"650\" height=\"358\" src=\"http:\/\/qtmm.org\/wp-content\/uploads\/2022\/01\/img_3430.jpeg\" alt=\"\" class=\"wp-image-40966\" srcset=\"https:\/\/qtmm.org\/wp-content\/uploads\/2022\/01\/img_3430.jpeg 650w, https:\/\/qtmm.org\/wp-content\/uploads\/2022\/01\/img_3430-300x165.jpeg 300w\" sizes=\"auto, (max-width: 650px) 100vw, 650px\" \/><\/figure>\n\n\n\n<figure class=\"wp-block-image size-full\"><img loading=\"lazy\" decoding=\"async\" width=\"650\" height=\"387\" src=\"http:\/\/qtmm.org\/wp-content\/uploads\/2022\/01\/img_3553.jpeg\" alt=\"\" class=\"wp-image-40970\" srcset=\"https:\/\/qtmm.org\/wp-content\/uploads\/2022\/01\/img_3553.jpeg 650w, https:\/\/qtmm.org\/wp-content\/uploads\/2022\/01\/img_3553-300x179.jpeg 300w\" sizes=\"auto, (max-width: 650px) 100vw, 650px\" \/><\/figure>\n","protected":false},"excerpt":{"rendered":"<p>A\u00e7l\u0131q qurbanlar\u0131n\u0131\u00f1 hat\u0131ras\u0131na ba\u011f\u0131\u015flan\u011fan miting noyabr 23 k\u00fcn\u00fc aziz Vladimir ve \u00d6lga kilsesi yan\u0131nda saat 16.00-de umummilliy suk\u00fcnet daqqas\u0131n\u0131 il\u00e2n etken \u00e7a\u00f1 sesinden ba\u015fland\u0131. Bundan evel Kiyev patriarhat\u0131 Q\u0131r\u0131m ukrain pravoslav kilsesini\u00f1 ba\u015f\u0131 Kliment A\u00e7l\u0131q qurbanlar\u0131n\u0131\u00f1 ruhuna dua oqud\u0131. Matem mitinginde Ukrain cemiyeti ile birlikte Milliy Meclis reisi Refat \u00c7ubarov, Qurultay delegatlar\u0131, q\u0131r\u0131mtatar halq\u0131 milliy [&hellip;]<\/p>\n","protected":false},"author":1,"featured_media":40957,"comment_status":"open","ping_status":"open","sticky":false,"template":"","format":"standard","meta":{"inline_featured_image":false,"footnotes":""},"categories":[265],"tags":[],"class_list":["post-40951","post","type-post","status-publish","format-standard","has-post-thumbnail","hentry","category-haberler"],"acf":[],"yoast_head":"<!-- This site is optimized with the Yoast SEO plugin v27.4 - https:\/\/yoast.com\/product\/yoast-seo-wordpress\/ -->\n<title>Aqmescitte 1932-1933 senelerdeki a\u00e7l\u0131q qurbanlar\u0131n\u0131\u00f1 hat\u0131ras\u0131na dua ve matem mitingi ke\u00e7irildi - \u041c\u0435\u0434\u0436\u043b\u0456\u0441<\/title>\n<meta name=\"robots\" content=\"index, follow, max-snippet:-1, max-image-preview:large, max-video-preview:-1\" \/>\n<link rel=\"canonical\" href=\"https:\/\/qtmm.org\/qt\/aqmescitte-1932-1933-senelerdeki-acliq-qurbanlarinin-hatirasina-dua-ve-matem-mitingi-kecirildi\/\" \/>\n<meta property=\"og:locale\" content=\"en_US\" \/>\n<meta property=\"og:type\" content=\"article\" \/>\n<meta property=\"og:title\" content=\"Aqmescitte 1932-1933 senelerdeki a\u00e7l\u0131q qurbanlar\u0131n\u0131\u00f1 hat\u0131ras\u0131na dua ve matem mitingi ke\u00e7irildi - \u041c\u0435\u0434\u0436\u043b\u0456\u0441\" \/>\n<meta property=\"og:description\" content=\"A\u00e7l\u0131q qurbanlar\u0131n\u0131\u00f1 hat\u0131ras\u0131na ba\u011f\u0131\u015flan\u011fan miting noyabr 23 k\u00fcn\u00fc aziz Vladimir ve \u00d6lga kilsesi yan\u0131nda saat 16.00-de umummilliy suk\u00fcnet daqqas\u0131n\u0131 il\u00e2n etken \u00e7a\u00f1 sesinden ba\u015fland\u0131. Bundan evel Kiyev patriarhat\u0131 Q\u0131r\u0131m ukrain pravoslav kilsesini\u00f1 ba\u015f\u0131 Kliment A\u00e7l\u0131q qurbanlar\u0131n\u0131\u00f1 ruhuna dua oqud\u0131. Matem mitinginde Ukrain cemiyeti ile birlikte Milliy Meclis reisi Refat \u00c7ubarov, Qurultay delegatlar\u0131, q\u0131r\u0131mtatar halq\u0131 milliy [&hellip;]\" \/>\n<meta property=\"og:url\" content=\"https:\/\/qtmm.org\/qt\/aqmescitte-1932-1933-senelerdeki-acliq-qurbanlarinin-hatirasina-dua-ve-matem-mitingi-kecirildi\/\" \/>\n<meta property=\"og:site_name\" content=\"\u041c\u0435\u0434\u0436\u043b\u0456\u0441\" \/>\n<meta property=\"article:publisher\" content=\"https:\/\/www.facebook.com\/qtmm.info\/\" \/>\n<meta property=\"article:published_time\" content=\"2013-11-23T18:07:00+00:00\" \/>\n<meta property=\"article:modified_time\" content=\"2022-01-26T18:08:30+00:00\" \/>\n<meta property=\"og:image\" content=\"https:\/\/qtmm.org\/wp-content\/uploads\/2022\/01\/img_3450.jpeg\" \/>\n\t<meta property=\"og:image:width\" content=\"650\" \/>\n\t<meta property=\"og:image:height\" content=\"409\" \/>\n\t<meta property=\"og:image:type\" content=\"image\/jpeg\" \/>\n<meta name=\"author\" content=\"Developer\" \/>\n<meta name=\"twitter:card\" content=\"summary_large_image\" \/>\n<meta name=\"twitter:label1\" content=\"Written by\" \/>\n\t<meta name=\"twitter:data1\" content=\"Developer\" \/>\n\t<meta name=\"twitter:label2\" content=\"Est. reading time\" \/>\n\t<meta name=\"twitter:data2\" content=\"1 minute\" \/>\n<script type=\"application\/ld+json\" class=\"yoast-schema-graph\">{\"@context\":\"https:\\\/\\\/schema.org\",\"@graph\":[{\"@type\":\"Article\",\"@id\":\"https:\\\/\\\/qtmm.org\\\/qt\\\/aqmescitte-1932-1933-senelerdeki-acliq-qurbanlarinin-hatirasina-dua-ve-matem-mitingi-kecirildi\\\/#article\",\"isPartOf\":{\"@id\":\"https:\\\/\\\/qtmm.org\\\/qt\\\/aqmescitte-1932-1933-senelerdeki-acliq-qurbanlarinin-hatirasina-dua-ve-matem-mitingi-kecirildi\\\/\"},\"author\":{\"name\":\"Developer\",\"@id\":\"https:\\\/\\\/qtmm.org\\\/qt\\\/#\\\/schema\\\/person\\\/de562469f971dec226ac06e60bbf74a7\"},\"headline\":\"Aqmescitte 1932-1933 senelerdeki a\u00e7l\u0131q qurbanlar\u0131n\u0131\u00f1 hat\u0131ras\u0131na dua ve matem mitingi ke\u00e7irildi\",\"datePublished\":\"2013-11-23T18:07:00+00:00\",\"dateModified\":\"2022-01-26T18:08:30+00:00\",\"mainEntityOfPage\":{\"@id\":\"https:\\\/\\\/qtmm.org\\\/qt\\\/aqmescitte-1932-1933-senelerdeki-acliq-qurbanlarinin-hatirasina-dua-ve-matem-mitingi-kecirildi\\\/\"},\"wordCount\":139,\"commentCount\":0,\"publisher\":{\"@id\":\"https:\\\/\\\/qtmm.org\\\/qt\\\/#organization\"},\"image\":{\"@id\":\"https:\\\/\\\/qtmm.org\\\/qt\\\/aqmescitte-1932-1933-senelerdeki-acliq-qurbanlarinin-hatirasina-dua-ve-matem-mitingi-kecirildi\\\/#primaryimage\"},\"thumbnailUrl\":\"https:\\\/\\\/qtmm.org\\\/wp-content\\\/uploads\\\/2022\\\/01\\\/img_3450.jpeg\",\"articleSection\":[\"Haberler\"],\"inLanguage\":\"qt\",\"potentialAction\":[{\"@type\":\"CommentAction\",\"name\":\"Comment\",\"target\":[\"https:\\\/\\\/qtmm.org\\\/qt\\\/aqmescitte-1932-1933-senelerdeki-acliq-qurbanlarinin-hatirasina-dua-ve-matem-mitingi-kecirildi\\\/#respond\"]}]},{\"@type\":\"WebPage\",\"@id\":\"https:\\\/\\\/qtmm.org\\\/qt\\\/aqmescitte-1932-1933-senelerdeki-acliq-qurbanlarinin-hatirasina-dua-ve-matem-mitingi-kecirildi\\\/\",\"url\":\"https:\\\/\\\/qtmm.org\\\/qt\\\/aqmescitte-1932-1933-senelerdeki-acliq-qurbanlarinin-hatirasina-dua-ve-matem-mitingi-kecirildi\\\/\",\"name\":\"Aqmescitte 1932-1933 senelerdeki a\u00e7l\u0131q qurbanlar\u0131n\u0131\u00f1 hat\u0131ras\u0131na dua ve matem mitingi ke\u00e7irildi - \u041c\u0435\u0434\u0436\u043b\u0456\u0441\",\"isPartOf\":{\"@id\":\"https:\\\/\\\/qtmm.org\\\/qt\\\/#website\"},\"primaryImageOfPage\":{\"@id\":\"https:\\\/\\\/qtmm.org\\\/qt\\\/aqmescitte-1932-1933-senelerdeki-acliq-qurbanlarinin-hatirasina-dua-ve-matem-mitingi-kecirildi\\\/#primaryimage\"},\"image\":{\"@id\":\"https:\\\/\\\/qtmm.org\\\/qt\\\/aqmescitte-1932-1933-senelerdeki-acliq-qurbanlarinin-hatirasina-dua-ve-matem-mitingi-kecirildi\\\/#primaryimage\"},\"thumbnailUrl\":\"https:\\\/\\\/qtmm.org\\\/wp-content\\\/uploads\\\/2022\\\/01\\\/img_3450.jpeg\",\"datePublished\":\"2013-11-23T18:07:00+00:00\",\"dateModified\":\"2022-01-26T18:08:30+00:00\",\"breadcrumb\":{\"@id\":\"https:\\\/\\\/qtmm.org\\\/qt\\\/aqmescitte-1932-1933-senelerdeki-acliq-qurbanlarinin-hatirasina-dua-ve-matem-mitingi-kecirildi\\\/#breadcrumb\"},\"inLanguage\":\"qt\",\"potentialAction\":[{\"@type\":\"ReadAction\",\"target\":[\"https:\\\/\\\/qtmm.org\\\/qt\\\/aqmescitte-1932-1933-senelerdeki-acliq-qurbanlarinin-hatirasina-dua-ve-matem-mitingi-kecirildi\\\/\"]}]},{\"@type\":\"ImageObject\",\"inLanguage\":\"qt\",\"@id\":\"https:\\\/\\\/qtmm.org\\\/qt\\\/aqmescitte-1932-1933-senelerdeki-acliq-qurbanlarinin-hatirasina-dua-ve-matem-mitingi-kecirildi\\\/#primaryimage\",\"url\":\"https:\\\/\\\/qtmm.org\\\/wp-content\\\/uploads\\\/2022\\\/01\\\/img_3450.jpeg\",\"contentUrl\":\"https:\\\/\\\/qtmm.org\\\/wp-content\\\/uploads\\\/2022\\\/01\\\/img_3450.jpeg\",\"width\":650,\"height\":409},{\"@type\":\"BreadcrumbList\",\"@id\":\"https:\\\/\\\/qtmm.org\\\/qt\\\/aqmescitte-1932-1933-senelerdeki-acliq-qurbanlarinin-hatirasina-dua-ve-matem-mitingi-kecirildi\\\/#breadcrumb\",\"itemListElement\":[{\"@type\":\"ListItem\",\"position\":1,\"name\":\"\u0413\u043e\u043b\u043e\u0432\u043d\u0430\",\"item\":\"https:\\\/\\\/qtmm.org\\\/qt\\\/\"},{\"@type\":\"ListItem\",\"position\":2,\"name\":\"Aqmescitte 1932-1933 senelerdeki a\u00e7l\u0131q qurbanlar\u0131n\u0131\u00f1 hat\u0131ras\u0131na dua ve matem mitingi ke\u00e7irildi\"}]},{\"@type\":\"WebSite\",\"@id\":\"https:\\\/\\\/qtmm.org\\\/qt\\\/#website\",\"url\":\"https:\\\/\\\/qtmm.org\\\/qt\\\/\",\"name\":\"\u041c\u0435\u0434\u0436\u043b\u0456\u0441\",\"description\":\"\",\"publisher\":{\"@id\":\"https:\\\/\\\/qtmm.org\\\/qt\\\/#organization\"},\"potentialAction\":[{\"@type\":\"SearchAction\",\"target\":{\"@type\":\"EntryPoint\",\"urlTemplate\":\"https:\\\/\\\/qtmm.org\\\/qt\\\/?s={search_term_string}\"},\"query-input\":{\"@type\":\"PropertyValueSpecification\",\"valueRequired\":true,\"valueName\":\"search_term_string\"}}],\"inLanguage\":\"qt\"},{\"@type\":\"Organization\",\"@id\":\"https:\\\/\\\/qtmm.org\\\/qt\\\/#organization\",\"name\":\"\u041c\u0435\u0434\u0436\u043b\u0456\u0441\",\"url\":\"https:\\\/\\\/qtmm.org\\\/qt\\\/\",\"logo\":{\"@type\":\"ImageObject\",\"inLanguage\":\"qt\",\"@id\":\"https:\\\/\\\/qtmm.org\\\/qt\\\/#\\\/schema\\\/logo\\\/image\\\/\",\"url\":\"https:\\\/\\\/qtmm.org\\\/wp-content\\\/uploads\\\/2024\\\/12\\\/ua-mejlis-logo-rgb.svg\",\"contentUrl\":\"https:\\\/\\\/qtmm.org\\\/wp-content\\\/uploads\\\/2024\\\/12\\\/ua-mejlis-logo-rgb.svg\",\"caption\":\"\u041c\u0435\u0434\u0436\u043b\u0456\u0441\"},\"image\":{\"@id\":\"https:\\\/\\\/qtmm.org\\\/qt\\\/#\\\/schema\\\/logo\\\/image\\\/\"},\"sameAs\":[\"https:\\\/\\\/www.facebook.com\\\/qtmm.info\\\/\"]},{\"@type\":\"Person\",\"@id\":\"https:\\\/\\\/qtmm.org\\\/qt\\\/#\\\/schema\\\/person\\\/de562469f971dec226ac06e60bbf74a7\",\"name\":\"Developer\",\"image\":{\"@type\":\"ImageObject\",\"inLanguage\":\"qt\",\"@id\":\"https:\\\/\\\/secure.gravatar.com\\\/avatar\\\/392b4cc8fbfeb00b39dfeeab4ee6edded39ffd48e25858637e4765810300227e?s=96&d=mm&r=g\",\"url\":\"https:\\\/\\\/secure.gravatar.com\\\/avatar\\\/392b4cc8fbfeb00b39dfeeab4ee6edded39ffd48e25858637e4765810300227e?s=96&d=mm&r=g\",\"contentUrl\":\"https:\\\/\\\/secure.gravatar.com\\\/avatar\\\/392b4cc8fbfeb00b39dfeeab4ee6edded39ffd48e25858637e4765810300227e?s=96&d=mm&r=g\",\"caption\":\"Developer\"},\"url\":\"https:\\\/\\\/qtmm.org\\\/qt\\\/author\\\/Developer\\\/\"}]}<\/script>\n<!-- \/ Yoast SEO plugin. -->","yoast_head_json":{"title":"Aqmescitte 1932-1933 senelerdeki a\u00e7l\u0131q qurbanlar\u0131n\u0131\u00f1 hat\u0131ras\u0131na dua ve matem mitingi ke\u00e7irildi - \u041c\u0435\u0434\u0436\u043b\u0456\u0441","robots":{"index":"index","follow":"follow","max-snippet":"max-snippet:-1","max-image-preview":"max-image-preview:large","max-video-preview":"max-video-preview:-1"},"canonical":"https:\/\/qtmm.org\/qt\/aqmescitte-1932-1933-senelerdeki-acliq-qurbanlarinin-hatirasina-dua-ve-matem-mitingi-kecirildi\/","og_locale":"en_US","og_type":"article","og_title":"Aqmescitte 1932-1933 senelerdeki a\u00e7l\u0131q qurbanlar\u0131n\u0131\u00f1 hat\u0131ras\u0131na dua ve matem mitingi ke\u00e7irildi - \u041c\u0435\u0434\u0436\u043b\u0456\u0441","og_description":"A\u00e7l\u0131q qurbanlar\u0131n\u0131\u00f1 hat\u0131ras\u0131na ba\u011f\u0131\u015flan\u011fan miting noyabr 23 k\u00fcn\u00fc aziz Vladimir ve \u00d6lga kilsesi yan\u0131nda saat 16.00-de umummilliy suk\u00fcnet daqqas\u0131n\u0131 il\u00e2n etken \u00e7a\u00f1 sesinden ba\u015fland\u0131. Bundan evel Kiyev patriarhat\u0131 Q\u0131r\u0131m ukrain pravoslav kilsesini\u00f1 ba\u015f\u0131 Kliment A\u00e7l\u0131q qurbanlar\u0131n\u0131\u00f1 ruhuna dua oqud\u0131. Matem mitinginde Ukrain cemiyeti ile birlikte Milliy Meclis reisi Refat \u00c7ubarov, Qurultay delegatlar\u0131, q\u0131r\u0131mtatar halq\u0131 milliy [&hellip;]","og_url":"https:\/\/qtmm.org\/qt\/aqmescitte-1932-1933-senelerdeki-acliq-qurbanlarinin-hatirasina-dua-ve-matem-mitingi-kecirildi\/","og_site_name":"\u041c\u0435\u0434\u0436\u043b\u0456\u0441","article_publisher":"https:\/\/www.facebook.com\/qtmm.info\/","article_published_time":"2013-11-23T18:07:00+00:00","article_modified_time":"2022-01-26T18:08:30+00:00","og_image":[{"width":650,"height":409,"url":"https:\/\/qtmm.org\/wp-content\/uploads\/2022\/01\/img_3450.jpeg","type":"image\/jpeg"}],"author":"Developer","twitter_card":"summary_large_image","twitter_misc":{"Written by":"Developer","Est. reading time":"1 minute"},"schema":{"@context":"https:\/\/schema.org","@graph":[{"@type":"Article","@id":"https:\/\/qtmm.org\/qt\/aqmescitte-1932-1933-senelerdeki-acliq-qurbanlarinin-hatirasina-dua-ve-matem-mitingi-kecirildi\/#article","isPartOf":{"@id":"https:\/\/qtmm.org\/qt\/aqmescitte-1932-1933-senelerdeki-acliq-qurbanlarinin-hatirasina-dua-ve-matem-mitingi-kecirildi\/"},"author":{"name":"Developer","@id":"https:\/\/qtmm.org\/qt\/#\/schema\/person\/de562469f971dec226ac06e60bbf74a7"},"headline":"Aqmescitte 1932-1933 senelerdeki a\u00e7l\u0131q qurbanlar\u0131n\u0131\u00f1 hat\u0131ras\u0131na dua ve matem mitingi ke\u00e7irildi","datePublished":"2013-11-23T18:07:00+00:00","dateModified":"2022-01-26T18:08:30+00:00","mainEntityOfPage":{"@id":"https:\/\/qtmm.org\/qt\/aqmescitte-1932-1933-senelerdeki-acliq-qurbanlarinin-hatirasina-dua-ve-matem-mitingi-kecirildi\/"},"wordCount":139,"commentCount":0,"publisher":{"@id":"https:\/\/qtmm.org\/qt\/#organization"},"image":{"@id":"https:\/\/qtmm.org\/qt\/aqmescitte-1932-1933-senelerdeki-acliq-qurbanlarinin-hatirasina-dua-ve-matem-mitingi-kecirildi\/#primaryimage"},"thumbnailUrl":"https:\/\/qtmm.org\/wp-content\/uploads\/2022\/01\/img_3450.jpeg","articleSection":["Haberler"],"inLanguage":"qt","potentialAction":[{"@type":"CommentAction","name":"Comment","target":["https:\/\/qtmm.org\/qt\/aqmescitte-1932-1933-senelerdeki-acliq-qurbanlarinin-hatirasina-dua-ve-matem-mitingi-kecirildi\/#respond"]}]},{"@type":"WebPage","@id":"https:\/\/qtmm.org\/qt\/aqmescitte-1932-1933-senelerdeki-acliq-qurbanlarinin-hatirasina-dua-ve-matem-mitingi-kecirildi\/","url":"https:\/\/qtmm.org\/qt\/aqmescitte-1932-1933-senelerdeki-acliq-qurbanlarinin-hatirasina-dua-ve-matem-mitingi-kecirildi\/","name":"Aqmescitte 1932-1933 senelerdeki a\u00e7l\u0131q qurbanlar\u0131n\u0131\u00f1 hat\u0131ras\u0131na dua ve matem mitingi ke\u00e7irildi - \u041c\u0435\u0434\u0436\u043b\u0456\u0441","isPartOf":{"@id":"https:\/\/qtmm.org\/qt\/#website"},"primaryImageOfPage":{"@id":"https:\/\/qtmm.org\/qt\/aqmescitte-1932-1933-senelerdeki-acliq-qurbanlarinin-hatirasina-dua-ve-matem-mitingi-kecirildi\/#primaryimage"},"image":{"@id":"https:\/\/qtmm.org\/qt\/aqmescitte-1932-1933-senelerdeki-acliq-qurbanlarinin-hatirasina-dua-ve-matem-mitingi-kecirildi\/#primaryimage"},"thumbnailUrl":"https:\/\/qtmm.org\/wp-content\/uploads\/2022\/01\/img_3450.jpeg","datePublished":"2013-11-23T18:07:00+00:00","dateModified":"2022-01-26T18:08:30+00:00","breadcrumb":{"@id":"https:\/\/qtmm.org\/qt\/aqmescitte-1932-1933-senelerdeki-acliq-qurbanlarinin-hatirasina-dua-ve-matem-mitingi-kecirildi\/#breadcrumb"},"inLanguage":"qt","potentialAction":[{"@type":"ReadAction","target":["https:\/\/qtmm.org\/qt\/aqmescitte-1932-1933-senelerdeki-acliq-qurbanlarinin-hatirasina-dua-ve-matem-mitingi-kecirildi\/"]}]},{"@type":"ImageObject","inLanguage":"qt","@id":"https:\/\/qtmm.org\/qt\/aqmescitte-1932-1933-senelerdeki-acliq-qurbanlarinin-hatirasina-dua-ve-matem-mitingi-kecirildi\/#primaryimage","url":"https:\/\/qtmm.org\/wp-content\/uploads\/2022\/01\/img_3450.jpeg","contentUrl":"https:\/\/qtmm.org\/wp-content\/uploads\/2022\/01\/img_3450.jpeg","width":650,"height":409},{"@type":"BreadcrumbList","@id":"https:\/\/qtmm.org\/qt\/aqmescitte-1932-1933-senelerdeki-acliq-qurbanlarinin-hatirasina-dua-ve-matem-mitingi-kecirildi\/#breadcrumb","itemListElement":[{"@type":"ListItem","position":1,"name":"\u0413\u043e\u043b\u043e\u0432\u043d\u0430","item":"https:\/\/qtmm.org\/qt\/"},{"@type":"ListItem","position":2,"name":"Aqmescitte 1932-1933 senelerdeki a\u00e7l\u0131q qurbanlar\u0131n\u0131\u00f1 hat\u0131ras\u0131na dua ve matem mitingi ke\u00e7irildi"}]},{"@type":"WebSite","@id":"https:\/\/qtmm.org\/qt\/#website","url":"https:\/\/qtmm.org\/qt\/","name":"\u041c\u0435\u0434\u0436\u043b\u0456\u0441","description":"","publisher":{"@id":"https:\/\/qtmm.org\/qt\/#organization"},"potentialAction":[{"@type":"SearchAction","target":{"@type":"EntryPoint","urlTemplate":"https:\/\/qtmm.org\/qt\/?s={search_term_string}"},"query-input":{"@type":"PropertyValueSpecification","valueRequired":true,"valueName":"search_term_string"}}],"inLanguage":"qt"},{"@type":"Organization","@id":"https:\/\/qtmm.org\/qt\/#organization","name":"\u041c\u0435\u0434\u0436\u043b\u0456\u0441","url":"https:\/\/qtmm.org\/qt\/","logo":{"@type":"ImageObject","inLanguage":"qt","@id":"https:\/\/qtmm.org\/qt\/#\/schema\/logo\/image\/","url":"https:\/\/qtmm.org\/wp-content\/uploads\/2024\/12\/ua-mejlis-logo-rgb.svg","contentUrl":"https:\/\/qtmm.org\/wp-content\/uploads\/2024\/12\/ua-mejlis-logo-rgb.svg","caption":"\u041c\u0435\u0434\u0436\u043b\u0456\u0441"},"image":{"@id":"https:\/\/qtmm.org\/qt\/#\/schema\/logo\/image\/"},"sameAs":["https:\/\/www.facebook.com\/qtmm.info\/"]},{"@type":"Person","@id":"https:\/\/qtmm.org\/qt\/#\/schema\/person\/de562469f971dec226ac06e60bbf74a7","name":"Developer","image":{"@type":"ImageObject","inLanguage":"qt","@id":"https:\/\/secure.gravatar.com\/avatar\/392b4cc8fbfeb00b39dfeeab4ee6edded39ffd48e25858637e4765810300227e?s=96&d=mm&r=g","url":"https:\/\/secure.gravatar.com\/avatar\/392b4cc8fbfeb00b39dfeeab4ee6edded39ffd48e25858637e4765810300227e?s=96&d=mm&r=g","contentUrl":"https:\/\/secure.gravatar.com\/avatar\/392b4cc8fbfeb00b39dfeeab4ee6edded39ffd48e25858637e4765810300227e?s=96&d=mm&r=g","caption":"Developer"},"url":"https:\/\/qtmm.org\/qt\/author\/Developer\/"}]}},"_links":{"self":[{"href":"https:\/\/qtmm.org\/qt\/wp-json\/wp\/v2\/posts\/40951","targetHints":{"allow":["GET"]}}],"collection":[{"href":"https:\/\/qtmm.org\/qt\/wp-json\/wp\/v2\/posts"}],"about":[{"href":"https:\/\/qtmm.org\/qt\/wp-json\/wp\/v2\/types\/post"}],"author":[{"embeddable":true,"href":"https:\/\/qtmm.org\/qt\/wp-json\/wp\/v2\/users\/1"}],"replies":[{"embeddable":true,"href":"https:\/\/qtmm.org\/qt\/wp-json\/wp\/v2\/comments?post=40951"}],"version-history":[{"count":1,"href":"https:\/\/qtmm.org\/qt\/wp-json\/wp\/v2\/posts\/40951\/revisions"}],"predecessor-version":[{"id":40974,"href":"https:\/\/qtmm.org\/qt\/wp-json\/wp\/v2\/posts\/40951\/revisions\/40974"}],"wp:featuredmedia":[{"embeddable":true,"href":"https:\/\/qtmm.org\/qt\/wp-json\/wp\/v2\/media\/40957"}],"wp:attachment":[{"href":"https:\/\/qtmm.org\/qt\/wp-json\/wp\/v2\/media?parent=40951"}],"wp:term":[{"taxonomy":"category","embeddable":true,"href":"https:\/\/qtmm.org\/qt\/wp-json\/wp\/v2\/categories?post=40951"},{"taxonomy":"post_tag","embeddable":true,"href":"https:\/\/qtmm.org\/qt\/wp-json\/wp\/v2\/tags?post=40951"}],"curies":[{"name":"wp","href":"https:\/\/api.w.org\/{rel}","templated":true}]}}