




{"id":40929,"date":"2013-11-22T21:05:00","date_gmt":"2013-11-22T18:05:00","guid":{"rendered":"http:\/\/qtmm.org\/?p=40929"},"modified":"2022-01-26T21:07:04","modified_gmt":"2022-01-26T18:07:04","slug":"aqmescitte-meclis-yolbascilarinin-regional-meclisler-reislerinen-birlikte-toplasuvi-kecirildi","status":"publish","type":"post","link":"https:\/\/qtmm.org\/qt\/aqmescitte-meclis-yolbascilarinin-regional-meclisler-reislerinen-birlikte-toplasuvi-kecirildi\/","title":{"rendered":"Aqmescitte Meclis yolba\u015f\u00e7\u0131lar\u0131n\u0131\u00f1 regional meclisler reislerinen birlikte topla\u015fuv\u0131 ke\u00e7irildi"},"content":{"rendered":"\n<p>K\u00f6r\u00fc\u015f\u00fcv Meclisni\u00f1 milliy idare organlar\u0131, QMC devlet icra akimiyeti, yerli idare organlar\u0131 ve b\u00fct\u00fcn seviyelerdeki \u015furalarn\u0131\u00f1 deputatlar\u0131 ile i\u015f boyunca idare taraf\u0131ndan te\u015fkil\u00e2tland\u0131r\u0131ld\u0131.<\/p>\n\n\n\n<figure class=\"wp-block-image size-full\"><img loading=\"lazy\" decoding=\"async\" width=\"650\" height=\"284\" src=\"http:\/\/qtmm.org\/wp-content\/uploads\/2022\/01\/img_2826.jpeg\" alt=\"\" class=\"wp-image-40931\" srcset=\"https:\/\/qtmm.org\/wp-content\/uploads\/2022\/01\/img_2826.jpeg 650w, https:\/\/qtmm.org\/wp-content\/uploads\/2022\/01\/img_2826-300x131.jpeg 300w\" sizes=\"auto, (max-width: 650px) 100vw, 650px\" \/><\/figure>\n\n\n\n<p>Topla\u015fuv devam\u0131nda Meclis idareleri ve regional meclislerni\u00f1 i\u015fbirligi, yerli milliy idare organlar\u0131nen ba\u011flanuv meseleleri baq\u0131ld\u0131. \u0130dareni\u00f1 ba\u015f\u0131 Zaur Smirnov regional meclislerni\u00f1 reislerine olarn\u0131\u00f1 i\u015fini sistemle\u015ftir\u00fcvni teklif etti. O, k\u00f6r\u00fc\u015f\u00fcv i\u015ftirak\u00e7ilerine idareni\u00f1 elektron adresi a\u00e7\u0131l\u011fan\u0131n\u0131 haber etip, er ay i\u015f plan\u0131n\u0131 yollamaq, so\u00f1ra ise er ayda esap bermek kerekligini aytt\u0131. Bun\u0131\u00f1nen birge o, cemi regional meclisler \u00f6z elektron adreslerini bildirmelerini tevsiye etti.<\/p>\n\n\n\n<figure class=\"wp-block-image size-full\"><img loading=\"lazy\" decoding=\"async\" width=\"650\" height=\"339\" src=\"http:\/\/qtmm.org\/wp-content\/uploads\/2022\/01\/img_2827.jpeg\" alt=\"\" class=\"wp-image-40936\" srcset=\"https:\/\/qtmm.org\/wp-content\/uploads\/2022\/01\/img_2827.jpeg 650w, https:\/\/qtmm.org\/wp-content\/uploads\/2022\/01\/img_2827-300x156.jpeg 300w\" sizes=\"auto, (max-width: 650px) 100vw, 650px\" \/><\/figure>\n\n\n\n<p>Q\u0131r\u0131mtatar tilinde tasil, q\u0131r\u0131mtatar tilini Q\u0131r\u0131mn\u0131\u00f1 devlet ve cemaat \u00f6m\u00fcrini\u00f1 b\u00fct\u00fcn saalar\u0131na tadbiq et\u00fcv idaresini\u00f1 ba\u015f\u0131 Emine Avamileva \u00f6z idaresini\u00f1 i\u015fi aqq\u0131nda mal\u00fcmat berdi. O, \u015fun\u0131 qayd etti ki, Meclisni\u00f1 er bir idaresi \u00f6z i\u015f plan\u0131n\u0131 az\u0131rlaycaq, regional meclislerni\u00f1 ait saa i\u00e7\u00fcn mes\u00fclietli ol\u011fan vekilleri \u015fu plan\u011fa k\u00f6re i\u015f al\u0131p baracaqlar. Emine Avamileva balalar\u0131n\u0131\u00f1 ana tilinde oqumas\u0131n\u0131 istegen ana-babalar mektepke yazacaq arizan\u0131\u00f1 n\u00fcm\u00fcnesini k\u00f6sterip, regional meclisler ana-babalarnen i\u015f al\u0131p barmaqn\u0131 ba\u015flamalar\u0131n\u0131 rica etti. Bu i\u015fni\u00f1 neticesi ise milliy s\u0131n\u0131flarn\u0131\u00f1 a\u00e7\u0131luv\u0131 olacaq.<\/p>\n\n\n\n<p>Milliy matbuat vastalarn\u0131\u00f1 inki\u015faf\u0131 boyunca idareni\u00f1 ba\u015f\u0131 Gayana Y\u00fcksel \u00f6z idaresi aqq\u0131nda ayt\u0131rken, q\u0131r\u0131mtatar medias\u0131n\u0131\u00f1 canlanmas\u0131 o\u011frunda er \u015fey yap\u0131laca\u011f\u0131n\u0131 i\u015fand\u0131rd\u0131. O, milliy matbuat vastalar\u0131na olduq\u00e7a \u00e7oq\u00e7a insanlar\u0131m\u0131zn\u0131 abune ettirmek teklifinde bulund\u0131.<\/p>\n\n\n\n<figure class=\"wp-block-image size-full\"><img loading=\"lazy\" decoding=\"async\" width=\"650\" height=\"299\" src=\"http:\/\/qtmm.org\/wp-content\/uploads\/2022\/01\/img_2834.jpeg\" alt=\"\" class=\"wp-image-40941\" srcset=\"https:\/\/qtmm.org\/wp-content\/uploads\/2022\/01\/img_2834.jpeg 650w, https:\/\/qtmm.org\/wp-content\/uploads\/2022\/01\/img_2834-300x138.jpeg 300w\" sizes=\"auto, (max-width: 650px) 100vw, 650px\" \/><\/figure>\n\n\n\n<p>Meclis azalar\u0131 ise bu i\u015fte ibret ol\u0131p, birinciler s\u0131ras\u0131nda abune olmaq kerekler. Bun\u0131\u00f1 kibi de o, regional meclislerni\u00f1 reislerini yerlerdeki vaqialar aqq\u0131nda acele haber etmege \u00e7a\u011f\u0131rd\u0131 ki, matbuat vastalar\u0131 yerli milliy idare organlar\u0131n\u0131\u00f1 i\u015fini tolu \u015fekilde ayd\u0131nlats\u0131n.<\/p>\n\n\n\n<p>Bun\u0131\u00f1 kibi de topla\u015fuvda dekabr 10 k\u00fcn\u00fc \u0130nsan aqlar\u0131 k\u00fcn\u00fcne ba\u011f\u0131\u015flan\u011fan mitingge az\u0131rl\u0131qn\u0131\u00f1 keti\u015fat\u0131 muzakere olund\u0131.<\/p>\n\n\n\n<p>Plan ve i\u015flemelerni\u00f1 episi 2013 senesi noyabr 30-da olacaq Milliy Meclis topla\u015fuv\u0131nda baq\u0131lacaq.<\/p>\n\n\n\n<figure class=\"wp-block-image size-full\"><img loading=\"lazy\" decoding=\"async\" width=\"650\" height=\"309\" src=\"http:\/\/qtmm.org\/wp-content\/uploads\/2022\/01\/img_2828.jpeg\" alt=\"\" class=\"wp-image-40946\" srcset=\"https:\/\/qtmm.org\/wp-content\/uploads\/2022\/01\/img_2828.jpeg 650w, https:\/\/qtmm.org\/wp-content\/uploads\/2022\/01\/img_2828-300x143.jpeg 300w\" sizes=\"auto, (max-width: 650px) 100vw, 650px\" \/><\/figure>\n","protected":false},"excerpt":{"rendered":"<p>K\u00f6r\u00fc\u015f\u00fcv Meclisni\u00f1 milliy idare organlar\u0131, QMC devlet icra akimiyeti, yerli idare organlar\u0131 ve b\u00fct\u00fcn seviyelerdeki \u015furalarn\u0131\u00f1 deputatlar\u0131 ile i\u015f boyunca idare taraf\u0131ndan te\u015fkil\u00e2tland\u0131r\u0131ld\u0131. Topla\u015fuv devam\u0131nda Meclis idareleri ve regional meclislerni\u00f1 i\u015fbirligi, yerli milliy idare organlar\u0131nen ba\u011flanuv meseleleri baq\u0131ld\u0131. \u0130dareni\u00f1 ba\u015f\u0131 Zaur Smirnov regional meclislerni\u00f1 reislerine olarn\u0131\u00f1 i\u015fini sistemle\u015ftir\u00fcvni teklif etti. O, k\u00f6r\u00fc\u015f\u00fcv i\u015ftirak\u00e7ilerine idareni\u00f1 elektron [&hellip;]<\/p>\n","protected":false},"author":1,"featured_media":0,"comment_status":"open","ping_status":"open","sticky":false,"template":"","format":"standard","meta":{"inline_featured_image":false,"footnotes":""},"categories":[265],"tags":[],"class_list":["post-40929","post","type-post","status-publish","format-standard","hentry","category-haberler"],"acf":[],"yoast_head":"<!-- This site is optimized with the Yoast SEO plugin v27.4 - https:\/\/yoast.com\/product\/yoast-seo-wordpress\/ -->\n<title>Aqmescitte Meclis yolba\u015f\u00e7\u0131lar\u0131n\u0131\u00f1 regional meclisler reislerinen birlikte topla\u015fuv\u0131 ke\u00e7irildi - \u041c\u0435\u0434\u0436\u043b\u0456\u0441<\/title>\n<meta name=\"robots\" content=\"index, follow, max-snippet:-1, max-image-preview:large, max-video-preview:-1\" \/>\n<link rel=\"canonical\" href=\"https:\/\/qtmm.org\/qt\/aqmescitte-meclis-yolbascilarinin-regional-meclisler-reislerinen-birlikte-toplasuvi-kecirildi\/\" \/>\n<meta property=\"og:locale\" content=\"en_US\" \/>\n<meta property=\"og:type\" content=\"article\" \/>\n<meta property=\"og:title\" content=\"Aqmescitte Meclis yolba\u015f\u00e7\u0131lar\u0131n\u0131\u00f1 regional meclisler reislerinen birlikte topla\u015fuv\u0131 ke\u00e7irildi - \u041c\u0435\u0434\u0436\u043b\u0456\u0441\" \/>\n<meta property=\"og:description\" content=\"K\u00f6r\u00fc\u015f\u00fcv Meclisni\u00f1 milliy idare organlar\u0131, QMC devlet icra akimiyeti, yerli idare organlar\u0131 ve b\u00fct\u00fcn seviyelerdeki \u015furalarn\u0131\u00f1 deputatlar\u0131 ile i\u015f boyunca idare taraf\u0131ndan te\u015fkil\u00e2tland\u0131r\u0131ld\u0131. Topla\u015fuv devam\u0131nda Meclis idareleri ve regional meclislerni\u00f1 i\u015fbirligi, yerli milliy idare organlar\u0131nen ba\u011flanuv meseleleri baq\u0131ld\u0131. \u0130dareni\u00f1 ba\u015f\u0131 Zaur Smirnov regional meclislerni\u00f1 reislerine olarn\u0131\u00f1 i\u015fini sistemle\u015ftir\u00fcvni teklif etti. O, k\u00f6r\u00fc\u015f\u00fcv i\u015ftirak\u00e7ilerine idareni\u00f1 elektron [&hellip;]\" \/>\n<meta property=\"og:url\" content=\"https:\/\/qtmm.org\/qt\/aqmescitte-meclis-yolbascilarinin-regional-meclisler-reislerinen-birlikte-toplasuvi-kecirildi\/\" \/>\n<meta property=\"og:site_name\" content=\"\u041c\u0435\u0434\u0436\u043b\u0456\u0441\" \/>\n<meta property=\"article:publisher\" content=\"https:\/\/www.facebook.com\/qtmm.info\/\" \/>\n<meta property=\"article:published_time\" content=\"2013-11-22T18:05:00+00:00\" \/>\n<meta property=\"article:modified_time\" content=\"2022-01-26T18:07:04+00:00\" \/>\n<meta property=\"og:image\" content=\"https:\/\/qtmm.org\/wp-content\/uploads\/2022\/01\/img_2826.jpeg\" \/>\n\t<meta property=\"og:image:width\" content=\"650\" \/>\n\t<meta property=\"og:image:height\" content=\"284\" \/>\n\t<meta property=\"og:image:type\" content=\"image\/jpeg\" \/>\n<meta name=\"author\" content=\"Developer\" \/>\n<meta name=\"twitter:card\" content=\"summary_large_image\" \/>\n<meta name=\"twitter:label1\" content=\"Written by\" \/>\n\t<meta name=\"twitter:data1\" content=\"Developer\" \/>\n\t<meta name=\"twitter:label2\" content=\"Est. reading time\" \/>\n\t<meta name=\"twitter:data2\" content=\"2 minutes\" \/>\n<script type=\"application\/ld+json\" class=\"yoast-schema-graph\">{\"@context\":\"https:\\\/\\\/schema.org\",\"@graph\":[{\"@type\":\"Article\",\"@id\":\"https:\\\/\\\/qtmm.org\\\/qt\\\/aqmescitte-meclis-yolbascilarinin-regional-meclisler-reislerinen-birlikte-toplasuvi-kecirildi\\\/#article\",\"isPartOf\":{\"@id\":\"https:\\\/\\\/qtmm.org\\\/qt\\\/aqmescitte-meclis-yolbascilarinin-regional-meclisler-reislerinen-birlikte-toplasuvi-kecirildi\\\/\"},\"author\":{\"name\":\"Developer\",\"@id\":\"https:\\\/\\\/qtmm.org\\\/qt\\\/#\\\/schema\\\/person\\\/de562469f971dec226ac06e60bbf74a7\"},\"headline\":\"Aqmescitte Meclis yolba\u015f\u00e7\u0131lar\u0131n\u0131\u00f1 regional meclisler reislerinen birlikte topla\u015fuv\u0131 ke\u00e7irildi\",\"datePublished\":\"2013-11-22T18:05:00+00:00\",\"dateModified\":\"2022-01-26T18:07:04+00:00\",\"mainEntityOfPage\":{\"@id\":\"https:\\\/\\\/qtmm.org\\\/qt\\\/aqmescitte-meclis-yolbascilarinin-regional-meclisler-reislerinen-birlikte-toplasuvi-kecirildi\\\/\"},\"wordCount\":376,\"commentCount\":0,\"publisher\":{\"@id\":\"https:\\\/\\\/qtmm.org\\\/qt\\\/#organization\"},\"image\":{\"@id\":\"https:\\\/\\\/qtmm.org\\\/qt\\\/aqmescitte-meclis-yolbascilarinin-regional-meclisler-reislerinen-birlikte-toplasuvi-kecirildi\\\/#primaryimage\"},\"thumbnailUrl\":\"http:\\\/\\\/qtmm.org\\\/wp-content\\\/uploads\\\/2022\\\/01\\\/img_2826.jpeg\",\"articleSection\":[\"Haberler\"],\"inLanguage\":\"qt\",\"potentialAction\":[{\"@type\":\"CommentAction\",\"name\":\"Comment\",\"target\":[\"https:\\\/\\\/qtmm.org\\\/qt\\\/aqmescitte-meclis-yolbascilarinin-regional-meclisler-reislerinen-birlikte-toplasuvi-kecirildi\\\/#respond\"]}]},{\"@type\":\"WebPage\",\"@id\":\"https:\\\/\\\/qtmm.org\\\/qt\\\/aqmescitte-meclis-yolbascilarinin-regional-meclisler-reislerinen-birlikte-toplasuvi-kecirildi\\\/\",\"url\":\"https:\\\/\\\/qtmm.org\\\/qt\\\/aqmescitte-meclis-yolbascilarinin-regional-meclisler-reislerinen-birlikte-toplasuvi-kecirildi\\\/\",\"name\":\"Aqmescitte Meclis yolba\u015f\u00e7\u0131lar\u0131n\u0131\u00f1 regional meclisler reislerinen birlikte topla\u015fuv\u0131 ke\u00e7irildi - \u041c\u0435\u0434\u0436\u043b\u0456\u0441\",\"isPartOf\":{\"@id\":\"https:\\\/\\\/qtmm.org\\\/qt\\\/#website\"},\"primaryImageOfPage\":{\"@id\":\"https:\\\/\\\/qtmm.org\\\/qt\\\/aqmescitte-meclis-yolbascilarinin-regional-meclisler-reislerinen-birlikte-toplasuvi-kecirildi\\\/#primaryimage\"},\"image\":{\"@id\":\"https:\\\/\\\/qtmm.org\\\/qt\\\/aqmescitte-meclis-yolbascilarinin-regional-meclisler-reislerinen-birlikte-toplasuvi-kecirildi\\\/#primaryimage\"},\"thumbnailUrl\":\"http:\\\/\\\/qtmm.org\\\/wp-content\\\/uploads\\\/2022\\\/01\\\/img_2826.jpeg\",\"datePublished\":\"2013-11-22T18:05:00+00:00\",\"dateModified\":\"2022-01-26T18:07:04+00:00\",\"breadcrumb\":{\"@id\":\"https:\\\/\\\/qtmm.org\\\/qt\\\/aqmescitte-meclis-yolbascilarinin-regional-meclisler-reislerinen-birlikte-toplasuvi-kecirildi\\\/#breadcrumb\"},\"inLanguage\":\"qt\",\"potentialAction\":[{\"@type\":\"ReadAction\",\"target\":[\"https:\\\/\\\/qtmm.org\\\/qt\\\/aqmescitte-meclis-yolbascilarinin-regional-meclisler-reislerinen-birlikte-toplasuvi-kecirildi\\\/\"]}]},{\"@type\":\"ImageObject\",\"inLanguage\":\"qt\",\"@id\":\"https:\\\/\\\/qtmm.org\\\/qt\\\/aqmescitte-meclis-yolbascilarinin-regional-meclisler-reislerinen-birlikte-toplasuvi-kecirildi\\\/#primaryimage\",\"url\":\"http:\\\/\\\/qtmm.org\\\/wp-content\\\/uploads\\\/2022\\\/01\\\/img_2826.jpeg\",\"contentUrl\":\"http:\\\/\\\/qtmm.org\\\/wp-content\\\/uploads\\\/2022\\\/01\\\/img_2826.jpeg\"},{\"@type\":\"BreadcrumbList\",\"@id\":\"https:\\\/\\\/qtmm.org\\\/qt\\\/aqmescitte-meclis-yolbascilarinin-regional-meclisler-reislerinen-birlikte-toplasuvi-kecirildi\\\/#breadcrumb\",\"itemListElement\":[{\"@type\":\"ListItem\",\"position\":1,\"name\":\"\u0413\u043e\u043b\u043e\u0432\u043d\u0430\",\"item\":\"https:\\\/\\\/qtmm.org\\\/qt\\\/\"},{\"@type\":\"ListItem\",\"position\":2,\"name\":\"Aqmescitte Meclis yolba\u015f\u00e7\u0131lar\u0131n\u0131\u00f1 regional meclisler reislerinen birlikte topla\u015fuv\u0131 ke\u00e7irildi\"}]},{\"@type\":\"WebSite\",\"@id\":\"https:\\\/\\\/qtmm.org\\\/qt\\\/#website\",\"url\":\"https:\\\/\\\/qtmm.org\\\/qt\\\/\",\"name\":\"\u041c\u0435\u0434\u0436\u043b\u0456\u0441\",\"description\":\"\",\"publisher\":{\"@id\":\"https:\\\/\\\/qtmm.org\\\/qt\\\/#organization\"},\"potentialAction\":[{\"@type\":\"SearchAction\",\"target\":{\"@type\":\"EntryPoint\",\"urlTemplate\":\"https:\\\/\\\/qtmm.org\\\/qt\\\/?s={search_term_string}\"},\"query-input\":{\"@type\":\"PropertyValueSpecification\",\"valueRequired\":true,\"valueName\":\"search_term_string\"}}],\"inLanguage\":\"qt\"},{\"@type\":\"Organization\",\"@id\":\"https:\\\/\\\/qtmm.org\\\/qt\\\/#organization\",\"name\":\"\u041c\u0435\u0434\u0436\u043b\u0456\u0441\",\"url\":\"https:\\\/\\\/qtmm.org\\\/qt\\\/\",\"logo\":{\"@type\":\"ImageObject\",\"inLanguage\":\"qt\",\"@id\":\"https:\\\/\\\/qtmm.org\\\/qt\\\/#\\\/schema\\\/logo\\\/image\\\/\",\"url\":\"https:\\\/\\\/qtmm.org\\\/wp-content\\\/uploads\\\/2024\\\/12\\\/ua-mejlis-logo-rgb.svg\",\"contentUrl\":\"https:\\\/\\\/qtmm.org\\\/wp-content\\\/uploads\\\/2024\\\/12\\\/ua-mejlis-logo-rgb.svg\",\"caption\":\"\u041c\u0435\u0434\u0436\u043b\u0456\u0441\"},\"image\":{\"@id\":\"https:\\\/\\\/qtmm.org\\\/qt\\\/#\\\/schema\\\/logo\\\/image\\\/\"},\"sameAs\":[\"https:\\\/\\\/www.facebook.com\\\/qtmm.info\\\/\"]},{\"@type\":\"Person\",\"@id\":\"https:\\\/\\\/qtmm.org\\\/qt\\\/#\\\/schema\\\/person\\\/de562469f971dec226ac06e60bbf74a7\",\"name\":\"Developer\",\"image\":{\"@type\":\"ImageObject\",\"inLanguage\":\"qt\",\"@id\":\"https:\\\/\\\/secure.gravatar.com\\\/avatar\\\/392b4cc8fbfeb00b39dfeeab4ee6edded39ffd48e25858637e4765810300227e?s=96&d=mm&r=g\",\"url\":\"https:\\\/\\\/secure.gravatar.com\\\/avatar\\\/392b4cc8fbfeb00b39dfeeab4ee6edded39ffd48e25858637e4765810300227e?s=96&d=mm&r=g\",\"contentUrl\":\"https:\\\/\\\/secure.gravatar.com\\\/avatar\\\/392b4cc8fbfeb00b39dfeeab4ee6edded39ffd48e25858637e4765810300227e?s=96&d=mm&r=g\",\"caption\":\"Developer\"},\"url\":\"https:\\\/\\\/qtmm.org\\\/qt\\\/author\\\/Developer\\\/\"}]}<\/script>\n<!-- \/ Yoast SEO plugin. -->","yoast_head_json":{"title":"Aqmescitte Meclis yolba\u015f\u00e7\u0131lar\u0131n\u0131\u00f1 regional meclisler reislerinen birlikte topla\u015fuv\u0131 ke\u00e7irildi - \u041c\u0435\u0434\u0436\u043b\u0456\u0441","robots":{"index":"index","follow":"follow","max-snippet":"max-snippet:-1","max-image-preview":"max-image-preview:large","max-video-preview":"max-video-preview:-1"},"canonical":"https:\/\/qtmm.org\/qt\/aqmescitte-meclis-yolbascilarinin-regional-meclisler-reislerinen-birlikte-toplasuvi-kecirildi\/","og_locale":"en_US","og_type":"article","og_title":"Aqmescitte Meclis yolba\u015f\u00e7\u0131lar\u0131n\u0131\u00f1 regional meclisler reislerinen birlikte topla\u015fuv\u0131 ke\u00e7irildi - \u041c\u0435\u0434\u0436\u043b\u0456\u0441","og_description":"K\u00f6r\u00fc\u015f\u00fcv Meclisni\u00f1 milliy idare organlar\u0131, QMC devlet icra akimiyeti, yerli idare organlar\u0131 ve b\u00fct\u00fcn seviyelerdeki \u015furalarn\u0131\u00f1 deputatlar\u0131 ile i\u015f boyunca idare taraf\u0131ndan te\u015fkil\u00e2tland\u0131r\u0131ld\u0131. Topla\u015fuv devam\u0131nda Meclis idareleri ve regional meclislerni\u00f1 i\u015fbirligi, yerli milliy idare organlar\u0131nen ba\u011flanuv meseleleri baq\u0131ld\u0131. \u0130dareni\u00f1 ba\u015f\u0131 Zaur Smirnov regional meclislerni\u00f1 reislerine olarn\u0131\u00f1 i\u015fini sistemle\u015ftir\u00fcvni teklif etti. O, k\u00f6r\u00fc\u015f\u00fcv i\u015ftirak\u00e7ilerine idareni\u00f1 elektron [&hellip;]","og_url":"https:\/\/qtmm.org\/qt\/aqmescitte-meclis-yolbascilarinin-regional-meclisler-reislerinen-birlikte-toplasuvi-kecirildi\/","og_site_name":"\u041c\u0435\u0434\u0436\u043b\u0456\u0441","article_publisher":"https:\/\/www.facebook.com\/qtmm.info\/","article_published_time":"2013-11-22T18:05:00+00:00","article_modified_time":"2022-01-26T18:07:04+00:00","og_image":[{"width":650,"height":284,"url":"https:\/\/qtmm.org\/wp-content\/uploads\/2022\/01\/img_2826.jpeg","type":"image\/jpeg"}],"author":"Developer","twitter_card":"summary_large_image","twitter_misc":{"Written by":"Developer","Est. reading time":"2 minutes"},"schema":{"@context":"https:\/\/schema.org","@graph":[{"@type":"Article","@id":"https:\/\/qtmm.org\/qt\/aqmescitte-meclis-yolbascilarinin-regional-meclisler-reislerinen-birlikte-toplasuvi-kecirildi\/#article","isPartOf":{"@id":"https:\/\/qtmm.org\/qt\/aqmescitte-meclis-yolbascilarinin-regional-meclisler-reislerinen-birlikte-toplasuvi-kecirildi\/"},"author":{"name":"Developer","@id":"https:\/\/qtmm.org\/qt\/#\/schema\/person\/de562469f971dec226ac06e60bbf74a7"},"headline":"Aqmescitte Meclis yolba\u015f\u00e7\u0131lar\u0131n\u0131\u00f1 regional meclisler reislerinen birlikte topla\u015fuv\u0131 ke\u00e7irildi","datePublished":"2013-11-22T18:05:00+00:00","dateModified":"2022-01-26T18:07:04+00:00","mainEntityOfPage":{"@id":"https:\/\/qtmm.org\/qt\/aqmescitte-meclis-yolbascilarinin-regional-meclisler-reislerinen-birlikte-toplasuvi-kecirildi\/"},"wordCount":376,"commentCount":0,"publisher":{"@id":"https:\/\/qtmm.org\/qt\/#organization"},"image":{"@id":"https:\/\/qtmm.org\/qt\/aqmescitte-meclis-yolbascilarinin-regional-meclisler-reislerinen-birlikte-toplasuvi-kecirildi\/#primaryimage"},"thumbnailUrl":"http:\/\/qtmm.org\/wp-content\/uploads\/2022\/01\/img_2826.jpeg","articleSection":["Haberler"],"inLanguage":"qt","potentialAction":[{"@type":"CommentAction","name":"Comment","target":["https:\/\/qtmm.org\/qt\/aqmescitte-meclis-yolbascilarinin-regional-meclisler-reislerinen-birlikte-toplasuvi-kecirildi\/#respond"]}]},{"@type":"WebPage","@id":"https:\/\/qtmm.org\/qt\/aqmescitte-meclis-yolbascilarinin-regional-meclisler-reislerinen-birlikte-toplasuvi-kecirildi\/","url":"https:\/\/qtmm.org\/qt\/aqmescitte-meclis-yolbascilarinin-regional-meclisler-reislerinen-birlikte-toplasuvi-kecirildi\/","name":"Aqmescitte Meclis yolba\u015f\u00e7\u0131lar\u0131n\u0131\u00f1 regional meclisler reislerinen birlikte topla\u015fuv\u0131 ke\u00e7irildi - \u041c\u0435\u0434\u0436\u043b\u0456\u0441","isPartOf":{"@id":"https:\/\/qtmm.org\/qt\/#website"},"primaryImageOfPage":{"@id":"https:\/\/qtmm.org\/qt\/aqmescitte-meclis-yolbascilarinin-regional-meclisler-reislerinen-birlikte-toplasuvi-kecirildi\/#primaryimage"},"image":{"@id":"https:\/\/qtmm.org\/qt\/aqmescitte-meclis-yolbascilarinin-regional-meclisler-reislerinen-birlikte-toplasuvi-kecirildi\/#primaryimage"},"thumbnailUrl":"http:\/\/qtmm.org\/wp-content\/uploads\/2022\/01\/img_2826.jpeg","datePublished":"2013-11-22T18:05:00+00:00","dateModified":"2022-01-26T18:07:04+00:00","breadcrumb":{"@id":"https:\/\/qtmm.org\/qt\/aqmescitte-meclis-yolbascilarinin-regional-meclisler-reislerinen-birlikte-toplasuvi-kecirildi\/#breadcrumb"},"inLanguage":"qt","potentialAction":[{"@type":"ReadAction","target":["https:\/\/qtmm.org\/qt\/aqmescitte-meclis-yolbascilarinin-regional-meclisler-reislerinen-birlikte-toplasuvi-kecirildi\/"]}]},{"@type":"ImageObject","inLanguage":"qt","@id":"https:\/\/qtmm.org\/qt\/aqmescitte-meclis-yolbascilarinin-regional-meclisler-reislerinen-birlikte-toplasuvi-kecirildi\/#primaryimage","url":"http:\/\/qtmm.org\/wp-content\/uploads\/2022\/01\/img_2826.jpeg","contentUrl":"http:\/\/qtmm.org\/wp-content\/uploads\/2022\/01\/img_2826.jpeg"},{"@type":"BreadcrumbList","@id":"https:\/\/qtmm.org\/qt\/aqmescitte-meclis-yolbascilarinin-regional-meclisler-reislerinen-birlikte-toplasuvi-kecirildi\/#breadcrumb","itemListElement":[{"@type":"ListItem","position":1,"name":"\u0413\u043e\u043b\u043e\u0432\u043d\u0430","item":"https:\/\/qtmm.org\/qt\/"},{"@type":"ListItem","position":2,"name":"Aqmescitte Meclis yolba\u015f\u00e7\u0131lar\u0131n\u0131\u00f1 regional meclisler reislerinen birlikte topla\u015fuv\u0131 ke\u00e7irildi"}]},{"@type":"WebSite","@id":"https:\/\/qtmm.org\/qt\/#website","url":"https:\/\/qtmm.org\/qt\/","name":"\u041c\u0435\u0434\u0436\u043b\u0456\u0441","description":"","publisher":{"@id":"https:\/\/qtmm.org\/qt\/#organization"},"potentialAction":[{"@type":"SearchAction","target":{"@type":"EntryPoint","urlTemplate":"https:\/\/qtmm.org\/qt\/?s={search_term_string}"},"query-input":{"@type":"PropertyValueSpecification","valueRequired":true,"valueName":"search_term_string"}}],"inLanguage":"qt"},{"@type":"Organization","@id":"https:\/\/qtmm.org\/qt\/#organization","name":"\u041c\u0435\u0434\u0436\u043b\u0456\u0441","url":"https:\/\/qtmm.org\/qt\/","logo":{"@type":"ImageObject","inLanguage":"qt","@id":"https:\/\/qtmm.org\/qt\/#\/schema\/logo\/image\/","url":"https:\/\/qtmm.org\/wp-content\/uploads\/2024\/12\/ua-mejlis-logo-rgb.svg","contentUrl":"https:\/\/qtmm.org\/wp-content\/uploads\/2024\/12\/ua-mejlis-logo-rgb.svg","caption":"\u041c\u0435\u0434\u0436\u043b\u0456\u0441"},"image":{"@id":"https:\/\/qtmm.org\/qt\/#\/schema\/logo\/image\/"},"sameAs":["https:\/\/www.facebook.com\/qtmm.info\/"]},{"@type":"Person","@id":"https:\/\/qtmm.org\/qt\/#\/schema\/person\/de562469f971dec226ac06e60bbf74a7","name":"Developer","image":{"@type":"ImageObject","inLanguage":"qt","@id":"https:\/\/secure.gravatar.com\/avatar\/392b4cc8fbfeb00b39dfeeab4ee6edded39ffd48e25858637e4765810300227e?s=96&d=mm&r=g","url":"https:\/\/secure.gravatar.com\/avatar\/392b4cc8fbfeb00b39dfeeab4ee6edded39ffd48e25858637e4765810300227e?s=96&d=mm&r=g","contentUrl":"https:\/\/secure.gravatar.com\/avatar\/392b4cc8fbfeb00b39dfeeab4ee6edded39ffd48e25858637e4765810300227e?s=96&d=mm&r=g","caption":"Developer"},"url":"https:\/\/qtmm.org\/qt\/author\/Developer\/"}]}},"_links":{"self":[{"href":"https:\/\/qtmm.org\/qt\/wp-json\/wp\/v2\/posts\/40929","targetHints":{"allow":["GET"]}}],"collection":[{"href":"https:\/\/qtmm.org\/qt\/wp-json\/wp\/v2\/posts"}],"about":[{"href":"https:\/\/qtmm.org\/qt\/wp-json\/wp\/v2\/types\/post"}],"author":[{"embeddable":true,"href":"https:\/\/qtmm.org\/qt\/wp-json\/wp\/v2\/users\/1"}],"replies":[{"embeddable":true,"href":"https:\/\/qtmm.org\/qt\/wp-json\/wp\/v2\/comments?post=40929"}],"version-history":[{"count":1,"href":"https:\/\/qtmm.org\/qt\/wp-json\/wp\/v2\/posts\/40929\/revisions"}],"predecessor-version":[{"id":40950,"href":"https:\/\/qtmm.org\/qt\/wp-json\/wp\/v2\/posts\/40929\/revisions\/40950"}],"wp:attachment":[{"href":"https:\/\/qtmm.org\/qt\/wp-json\/wp\/v2\/media?parent=40929"}],"wp:term":[{"taxonomy":"category","embeddable":true,"href":"https:\/\/qtmm.org\/qt\/wp-json\/wp\/v2\/categories?post=40929"},{"taxonomy":"post_tag","embeddable":true,"href":"https:\/\/qtmm.org\/qt\/wp-json\/wp\/v2\/tags?post=40929"}],"curies":[{"name":"wp","href":"https:\/\/api.w.org\/{rel}","templated":true}]}}