




{"id":40911,"date":"2013-11-21T21:02:00","date_gmt":"2013-11-21T18:02:00","guid":{"rendered":"http:\/\/qtmm.org\/?p=40911"},"modified":"2022-01-26T21:04:19","modified_gmt":"2022-01-26T18:04:19","slug":"mustafa-cemilev-boyle-korusuvler-qirimda-milletlerara-ve-dinlerara-kerginlikni-yimsata","status":"publish","type":"post","link":"https:\/\/qtmm.org\/qt\/mustafa-cemilev-boyle-korusuvler-qirimda-milletlerara-ve-dinlerara-kerginlikni-yimsata\/","title":{"rendered":"Mustafa Cemilev: B\u00f6yle k\u00f6r\u00fc\u015f\u00fcvler Q\u0131r\u0131mda milletlerara ve dinlerara kerginlikni y\u0131m\u015fata"},"content":{"rendered":"\n<p>Ukraina halq deputat\u0131, q\u0131r\u0131mtatar halq\u0131n\u0131\u00f1 lideri Mustafa Cemilev Meclis yolba\u015f\u00e7\u0131lar\u0131n\u0131\u00f1 diplomatik missiyalar ve Ukrainada akkreditatsiya etilgen halqara te\u015fkil\u00e2t yolba\u015f\u00e7\u0131lar\u0131 ile ery\u0131ll\u0131q 3-nci k\u00f6r\u00fc\u015f\u00fcvini a\u00e7\u0131p, b\u00f6yle dedi: &#8220;Belli ki, 2011 senesinden berli Q\u0131r\u0131mtatar halq\u0131n\u0131\u00f1 Meclisi diplomatik missiyalar ve Ukrainada akkreditatsiya etilgen halqara te\u015fkil\u00e2t yolba\u015f\u00e7\u0131lar\u0131 ile k\u00f6r\u00fc\u015f\u00fcvler ke\u00e7irmesinden esas maqsad olarn\u0131 q\u0131r\u0131mtatarlarn\u0131\u00f1 milliy meselesi \u00e7ezimini\u00f1 keti\u015fat\u0131 ve sovetler rejimi devrinde s\u00fcrg\u00fcn etilgen q\u0131r\u0131mtatar halq\u0131 ve diger halqlarn\u0131\u00f1 aqlar\u0131n\u0131 tiklevni\u00f1 vaziyeti aqq\u0131nda haberdar etmektir&#8221;.<\/p>\n\n\n\n<p>Bun\u0131\u00f1 kibi de o, qayd etti ki: &#8220;B\u00f6yle k\u00f6r\u00fc\u015f\u00fcvler pek m\u00fcim, \u00e7\u00fcnki olar q\u0131r\u0131mtatar halq\u0131n\u0131\u00f1 problemini halqara seviyege \u00e7\u0131qara ve bu problemni\u00f1 \u00e7ezimine siltem ola&#8221;.<\/p>\n\n\n\n<p>&#8220;E\u00f1 m\u00fcimi \u2013 olar Q\u0131r\u0131m yar\u0131madas\u0131nda milletlerara ve dinlerara kerginlikni y\u0131m\u015fata. Bu\u00f1a biz b\u00fcy\u00fck emiyet beremiz&#8221; , &#8211; dedi Cemilev. Mustafa Cemilev &#8220;evelki, 2011 ve 2012 senelerde ol\u011fan eki k\u00f6r\u00fc\u015f\u00fcvimizni\u00f1 neticelerinen pek memn\u00fcnim, \u00e7\u00fcnki olarn\u0131\u00f1 esas neticesi OSCE ve Avropa Birligi imayesinde Q\u0131r\u0131mtatar halq\u0131 ve diger s\u00fcrg\u00fcn etilgen milletlerni\u00f1 meselesi boyunca halqara forum ke\u00e7irilmesi boyunca qarar al\u011fan\u0131d\u0131r&#8221;.<\/p>\n\n\n\n<p>Bun\u0131\u00f1 kibi de, Mustafa Cemilev OSCE Milletlerni\u00f1 i\u015fleri boyunca Aliy komissariat ve \u015fahsen Knut Vollebekni q\u0131r\u0131mtatar halq\u0131 problemlerini\u00f1 b\u00fct\u00fcn ceetlerini \u00f6gren\u00fcv boyunca ekspert gruppas\u0131n\u0131 ve \u015fu problemlerni\u00f1 \u00e7ezimi boyunca yol haritas\u0131n\u0131 tizgeni i\u00e7\u00fcn te\u015fekk\u00fcr bildirdi. &#8220;\u00dcm\u00fct etemiz ki, halqara gruppa taraf\u0131ndan yap\u0131l\u011fan tedqiqatlar Avropa Birligi Aliy komissar\u0131 \u015etefan F\u00fcleni\u00f1 tevsiyesi boyunca q\u0131r\u0131mtatar halq\u0131 s\u00fcrg\u00fcnligini\u00f1 70 y\u0131ll\u0131\u011f\u0131 arfesinde yani kelecek seneni\u00f1 may\u0131s ay\u0131na qadar ke\u00e7irmek kerek olacaq Halqara forum\u011fa temel qoyar&#8221;, &#8211; dedi Cemilev.<\/p>\n\n\n\n<figure class=\"wp-block-image size-full\"><img loading=\"lazy\" decoding=\"async\" width=\"650\" height=\"287\" src=\"http:\/\/qtmm.org\/wp-content\/uploads\/2022\/01\/wss_3427.jpeg\" alt=\"\" class=\"wp-image-40918\" srcset=\"https:\/\/qtmm.org\/wp-content\/uploads\/2022\/01\/wss_3427.jpeg 650w, https:\/\/qtmm.org\/wp-content\/uploads\/2022\/01\/wss_3427-300x132.jpeg 300w\" sizes=\"auto, (max-width: 650px) 100vw, 650px\" \/><\/figure>\n\n\n\n<p>&#8220;K\u00f6r\u00fc\u015f\u00fcvimizni\u00f1 nevbetteki m\u00fcim vazifesi ke\u00e7ken devirdeki i\u015flerni\u00f1 keti\u015fat\u0131 aqq\u0131nlda mal\u00fcmat bermek ve bun\u0131\u00f1 kibi de Milliy Meclisni\u00f1 ya\u00f1\u0131 erk\u00e2n\u0131n\u0131 taqdim etmektir. Bilmegenler i\u00e7\u00fcn bildirem ki, \u00fc\u00e7 afta evelsi ol\u0131p ke\u00e7ken milliy qurultay\u0131m\u0131zda Meclisni\u00f1 ya\u00f1\u0131 erk\u00e2n\u0131 sayland\u0131. Meclisni\u00f1 ya\u00f1\u0131 reisi olaraq cenap \u00c7ubarov se\u00e7ildi&#8221;<\/p>\n\n\n\n<p>Hat\u0131rlatam\u0131z ki,&nbsp;<em>2013 senesi noyabr 21 k\u00fcn\u00fc Kiyevde Meclis yolba\u015f\u00e7\u0131lar\u0131n\u0131\u00f1 diplomatik missiyalar ve Ukrainada akkreditatsiya etilgen halqara te\u015fkil\u00e2t yolba\u015f\u00e7\u0131lar\u0131 ile ery\u0131ll\u0131q 3-nci k\u00f6r\u00fc\u015f\u00fcvi ol\u0131p ke\u00e7ti.<\/em><\/p>\n\n\n\n<p><em>K\u00f6r\u00fc\u015f\u00fcvde \u00e7et devlet el\u00e7ilikleri, BMT, Avropa Birligi kibi halqara te\u015fkil\u00e2tlar, Migratsiya boyunca halqara te\u015fkil\u00e2tn\u0131\u00f1 Ukrainadaki temsilciligi, BMT aliy komissar\u0131 idaresini\u00f1 Beyazrusiye, Moldova ve Ukraina boyunca temsilciligini\u00f1 30-dan ziyade vekilleri,<\/em><\/p>\n\n\n\n<p><em>K\u00f6r\u00fc\u015f\u00fcvni\u00f1 resmiy te\u015fkil\u00e2t\u00e7\u0131s\u0131 &#8220;Q\u0131r\u0131m inki\u015faf\u0131 fond\u0131&#8221; hayriye te\u015fkil\u00e2t\u0131, orta\u011f\u0131 ise &#8220;Q\u0131r\u0131m Halqara Biznes Birle\u015fmesi&#8221; old\u0131lar.<\/em><\/p>\n\n\n\n<figure class=\"wp-block-image size-full\"><img loading=\"lazy\" decoding=\"async\" width=\"650\" height=\"381\" src=\"http:\/\/qtmm.org\/wp-content\/uploads\/2022\/01\/wss_3429.jpeg\" alt=\"\" class=\"wp-image-40864\" srcset=\"https:\/\/qtmm.org\/wp-content\/uploads\/2022\/01\/wss_3429.jpeg 650w, https:\/\/qtmm.org\/wp-content\/uploads\/2022\/01\/wss_3429-300x176.jpeg 300w\" sizes=\"auto, (max-width: 650px) 100vw, 650px\" \/><\/figure>\n","protected":false},"excerpt":{"rendered":"<p>Ukraina halq deputat\u0131, q\u0131r\u0131mtatar halq\u0131n\u0131\u00f1 lideri Mustafa Cemilev Meclis yolba\u015f\u00e7\u0131lar\u0131n\u0131\u00f1 diplomatik missiyalar ve Ukrainada akkreditatsiya etilgen halqara te\u015fkil\u00e2t yolba\u015f\u00e7\u0131lar\u0131 ile ery\u0131ll\u0131q 3-nci k\u00f6r\u00fc\u015f\u00fcvini a\u00e7\u0131p, b\u00f6yle dedi: &#8220;Belli ki, 2011 senesinden berli Q\u0131r\u0131mtatar halq\u0131n\u0131\u00f1 Meclisi diplomatik missiyalar ve Ukrainada akkreditatsiya etilgen halqara te\u015fkil\u00e2t yolba\u015f\u00e7\u0131lar\u0131 ile k\u00f6r\u00fc\u015f\u00fcvler ke\u00e7irmesinden esas maqsad olarn\u0131 q\u0131r\u0131mtatarlarn\u0131\u00f1 milliy meselesi \u00e7ezimini\u00f1 keti\u015fat\u0131 ve [&hellip;]<\/p>\n","protected":false},"author":1,"featured_media":40913,"comment_status":"open","ping_status":"open","sticky":false,"template":"","format":"standard","meta":{"inline_featured_image":false,"footnotes":""},"categories":[265],"tags":[],"class_list":["post-40911","post","type-post","status-publish","format-standard","has-post-thumbnail","hentry","category-haberler"],"acf":[],"yoast_head":"<!-- This site is optimized with the Yoast SEO plugin v27.4 - https:\/\/yoast.com\/product\/yoast-seo-wordpress\/ -->\n<title>Mustafa Cemilev: B\u00f6yle k\u00f6r\u00fc\u015f\u00fcvler Q\u0131r\u0131mda milletlerara ve dinlerara kerginlikni y\u0131m\u015fata - \u041c\u0435\u0434\u0436\u043b\u0456\u0441<\/title>\n<meta name=\"robots\" content=\"index, follow, max-snippet:-1, max-image-preview:large, max-video-preview:-1\" \/>\n<link rel=\"canonical\" href=\"https:\/\/qtmm.org\/qt\/mustafa-cemilev-boyle-korusuvler-qirimda-milletlerara-ve-dinlerara-kerginlikni-yimsata\/\" \/>\n<meta property=\"og:locale\" content=\"en_US\" \/>\n<meta property=\"og:type\" content=\"article\" \/>\n<meta property=\"og:title\" content=\"Mustafa Cemilev: B\u00f6yle k\u00f6r\u00fc\u015f\u00fcvler Q\u0131r\u0131mda milletlerara ve dinlerara kerginlikni y\u0131m\u015fata - \u041c\u0435\u0434\u0436\u043b\u0456\u0441\" \/>\n<meta property=\"og:description\" content=\"Ukraina halq deputat\u0131, q\u0131r\u0131mtatar halq\u0131n\u0131\u00f1 lideri Mustafa Cemilev Meclis yolba\u015f\u00e7\u0131lar\u0131n\u0131\u00f1 diplomatik missiyalar ve Ukrainada akkreditatsiya etilgen halqara te\u015fkil\u00e2t yolba\u015f\u00e7\u0131lar\u0131 ile ery\u0131ll\u0131q 3-nci k\u00f6r\u00fc\u015f\u00fcvini a\u00e7\u0131p, b\u00f6yle dedi: &#8220;Belli ki, 2011 senesinden berli Q\u0131r\u0131mtatar halq\u0131n\u0131\u00f1 Meclisi diplomatik missiyalar ve Ukrainada akkreditatsiya etilgen halqara te\u015fkil\u00e2t yolba\u015f\u00e7\u0131lar\u0131 ile k\u00f6r\u00fc\u015f\u00fcvler ke\u00e7irmesinden esas maqsad olarn\u0131 q\u0131r\u0131mtatarlarn\u0131\u00f1 milliy meselesi \u00e7ezimini\u00f1 keti\u015fat\u0131 ve [&hellip;]\" \/>\n<meta property=\"og:url\" content=\"https:\/\/qtmm.org\/qt\/mustafa-cemilev-boyle-korusuvler-qirimda-milletlerara-ve-dinlerara-kerginlikni-yimsata\/\" \/>\n<meta property=\"og:site_name\" content=\"\u041c\u0435\u0434\u0436\u043b\u0456\u0441\" \/>\n<meta property=\"article:publisher\" content=\"https:\/\/www.facebook.com\/qtmm.info\/\" \/>\n<meta property=\"article:published_time\" content=\"2013-11-21T18:02:00+00:00\" \/>\n<meta property=\"article:modified_time\" content=\"2022-01-26T18:04:19+00:00\" \/>\n<meta property=\"og:image\" content=\"https:\/\/qtmm.org\/wp-content\/uploads\/2022\/01\/wss_3424.jpeg\" \/>\n\t<meta property=\"og:image:width\" content=\"650\" \/>\n\t<meta property=\"og:image:height\" content=\"428\" \/>\n\t<meta property=\"og:image:type\" content=\"image\/jpeg\" \/>\n<meta name=\"author\" content=\"Developer\" \/>\n<meta name=\"twitter:card\" content=\"summary_large_image\" \/>\n<meta name=\"twitter:label1\" content=\"Written by\" \/>\n\t<meta name=\"twitter:data1\" content=\"Developer\" \/>\n\t<meta name=\"twitter:label2\" content=\"Est. reading time\" \/>\n\t<meta name=\"twitter:data2\" content=\"2 minutes\" \/>\n<script type=\"application\/ld+json\" class=\"yoast-schema-graph\">{\"@context\":\"https:\\\/\\\/schema.org\",\"@graph\":[{\"@type\":\"Article\",\"@id\":\"https:\\\/\\\/qtmm.org\\\/qt\\\/mustafa-cemilev-boyle-korusuvler-qirimda-milletlerara-ve-dinlerara-kerginlikni-yimsata\\\/#article\",\"isPartOf\":{\"@id\":\"https:\\\/\\\/qtmm.org\\\/qt\\\/mustafa-cemilev-boyle-korusuvler-qirimda-milletlerara-ve-dinlerara-kerginlikni-yimsata\\\/\"},\"author\":{\"name\":\"Developer\",\"@id\":\"https:\\\/\\\/qtmm.org\\\/qt\\\/#\\\/schema\\\/person\\\/de562469f971dec226ac06e60bbf74a7\"},\"headline\":\"Mustafa Cemilev: B\u00f6yle k\u00f6r\u00fc\u015f\u00fcvler Q\u0131r\u0131mda milletlerara ve dinlerara kerginlikni y\u0131m\u015fata\",\"datePublished\":\"2013-11-21T18:02:00+00:00\",\"dateModified\":\"2022-01-26T18:04:19+00:00\",\"mainEntityOfPage\":{\"@id\":\"https:\\\/\\\/qtmm.org\\\/qt\\\/mustafa-cemilev-boyle-korusuvler-qirimda-milletlerara-ve-dinlerara-kerginlikni-yimsata\\\/\"},\"wordCount\":485,\"commentCount\":0,\"publisher\":{\"@id\":\"https:\\\/\\\/qtmm.org\\\/qt\\\/#organization\"},\"image\":{\"@id\":\"https:\\\/\\\/qtmm.org\\\/qt\\\/mustafa-cemilev-boyle-korusuvler-qirimda-milletlerara-ve-dinlerara-kerginlikni-yimsata\\\/#primaryimage\"},\"thumbnailUrl\":\"https:\\\/\\\/qtmm.org\\\/wp-content\\\/uploads\\\/2022\\\/01\\\/wss_3424.jpeg\",\"articleSection\":[\"Haberler\"],\"inLanguage\":\"qt\",\"potentialAction\":[{\"@type\":\"CommentAction\",\"name\":\"Comment\",\"target\":[\"https:\\\/\\\/qtmm.org\\\/qt\\\/mustafa-cemilev-boyle-korusuvler-qirimda-milletlerara-ve-dinlerara-kerginlikni-yimsata\\\/#respond\"]}]},{\"@type\":\"WebPage\",\"@id\":\"https:\\\/\\\/qtmm.org\\\/qt\\\/mustafa-cemilev-boyle-korusuvler-qirimda-milletlerara-ve-dinlerara-kerginlikni-yimsata\\\/\",\"url\":\"https:\\\/\\\/qtmm.org\\\/qt\\\/mustafa-cemilev-boyle-korusuvler-qirimda-milletlerara-ve-dinlerara-kerginlikni-yimsata\\\/\",\"name\":\"Mustafa Cemilev: B\u00f6yle k\u00f6r\u00fc\u015f\u00fcvler Q\u0131r\u0131mda milletlerara ve dinlerara kerginlikni y\u0131m\u015fata - \u041c\u0435\u0434\u0436\u043b\u0456\u0441\",\"isPartOf\":{\"@id\":\"https:\\\/\\\/qtmm.org\\\/qt\\\/#website\"},\"primaryImageOfPage\":{\"@id\":\"https:\\\/\\\/qtmm.org\\\/qt\\\/mustafa-cemilev-boyle-korusuvler-qirimda-milletlerara-ve-dinlerara-kerginlikni-yimsata\\\/#primaryimage\"},\"image\":{\"@id\":\"https:\\\/\\\/qtmm.org\\\/qt\\\/mustafa-cemilev-boyle-korusuvler-qirimda-milletlerara-ve-dinlerara-kerginlikni-yimsata\\\/#primaryimage\"},\"thumbnailUrl\":\"https:\\\/\\\/qtmm.org\\\/wp-content\\\/uploads\\\/2022\\\/01\\\/wss_3424.jpeg\",\"datePublished\":\"2013-11-21T18:02:00+00:00\",\"dateModified\":\"2022-01-26T18:04:19+00:00\",\"breadcrumb\":{\"@id\":\"https:\\\/\\\/qtmm.org\\\/qt\\\/mustafa-cemilev-boyle-korusuvler-qirimda-milletlerara-ve-dinlerara-kerginlikni-yimsata\\\/#breadcrumb\"},\"inLanguage\":\"qt\",\"potentialAction\":[{\"@type\":\"ReadAction\",\"target\":[\"https:\\\/\\\/qtmm.org\\\/qt\\\/mustafa-cemilev-boyle-korusuvler-qirimda-milletlerara-ve-dinlerara-kerginlikni-yimsata\\\/\"]}]},{\"@type\":\"ImageObject\",\"inLanguage\":\"qt\",\"@id\":\"https:\\\/\\\/qtmm.org\\\/qt\\\/mustafa-cemilev-boyle-korusuvler-qirimda-milletlerara-ve-dinlerara-kerginlikni-yimsata\\\/#primaryimage\",\"url\":\"https:\\\/\\\/qtmm.org\\\/wp-content\\\/uploads\\\/2022\\\/01\\\/wss_3424.jpeg\",\"contentUrl\":\"https:\\\/\\\/qtmm.org\\\/wp-content\\\/uploads\\\/2022\\\/01\\\/wss_3424.jpeg\",\"width\":650,\"height\":428},{\"@type\":\"BreadcrumbList\",\"@id\":\"https:\\\/\\\/qtmm.org\\\/qt\\\/mustafa-cemilev-boyle-korusuvler-qirimda-milletlerara-ve-dinlerara-kerginlikni-yimsata\\\/#breadcrumb\",\"itemListElement\":[{\"@type\":\"ListItem\",\"position\":1,\"name\":\"\u0413\u043e\u043b\u043e\u0432\u043d\u0430\",\"item\":\"https:\\\/\\\/qtmm.org\\\/qt\\\/\"},{\"@type\":\"ListItem\",\"position\":2,\"name\":\"Mustafa Cemilev: B\u00f6yle k\u00f6r\u00fc\u015f\u00fcvler Q\u0131r\u0131mda milletlerara ve dinlerara kerginlikni y\u0131m\u015fata\"}]},{\"@type\":\"WebSite\",\"@id\":\"https:\\\/\\\/qtmm.org\\\/qt\\\/#website\",\"url\":\"https:\\\/\\\/qtmm.org\\\/qt\\\/\",\"name\":\"\u041c\u0435\u0434\u0436\u043b\u0456\u0441\",\"description\":\"\",\"publisher\":{\"@id\":\"https:\\\/\\\/qtmm.org\\\/qt\\\/#organization\"},\"potentialAction\":[{\"@type\":\"SearchAction\",\"target\":{\"@type\":\"EntryPoint\",\"urlTemplate\":\"https:\\\/\\\/qtmm.org\\\/qt\\\/?s={search_term_string}\"},\"query-input\":{\"@type\":\"PropertyValueSpecification\",\"valueRequired\":true,\"valueName\":\"search_term_string\"}}],\"inLanguage\":\"qt\"},{\"@type\":\"Organization\",\"@id\":\"https:\\\/\\\/qtmm.org\\\/qt\\\/#organization\",\"name\":\"\u041c\u0435\u0434\u0436\u043b\u0456\u0441\",\"url\":\"https:\\\/\\\/qtmm.org\\\/qt\\\/\",\"logo\":{\"@type\":\"ImageObject\",\"inLanguage\":\"qt\",\"@id\":\"https:\\\/\\\/qtmm.org\\\/qt\\\/#\\\/schema\\\/logo\\\/image\\\/\",\"url\":\"https:\\\/\\\/qtmm.org\\\/wp-content\\\/uploads\\\/2024\\\/12\\\/ua-mejlis-logo-rgb.svg\",\"contentUrl\":\"https:\\\/\\\/qtmm.org\\\/wp-content\\\/uploads\\\/2024\\\/12\\\/ua-mejlis-logo-rgb.svg\",\"caption\":\"\u041c\u0435\u0434\u0436\u043b\u0456\u0441\"},\"image\":{\"@id\":\"https:\\\/\\\/qtmm.org\\\/qt\\\/#\\\/schema\\\/logo\\\/image\\\/\"},\"sameAs\":[\"https:\\\/\\\/www.facebook.com\\\/qtmm.info\\\/\"]},{\"@type\":\"Person\",\"@id\":\"https:\\\/\\\/qtmm.org\\\/qt\\\/#\\\/schema\\\/person\\\/de562469f971dec226ac06e60bbf74a7\",\"name\":\"Developer\",\"image\":{\"@type\":\"ImageObject\",\"inLanguage\":\"qt\",\"@id\":\"https:\\\/\\\/secure.gravatar.com\\\/avatar\\\/392b4cc8fbfeb00b39dfeeab4ee6edded39ffd48e25858637e4765810300227e?s=96&d=mm&r=g\",\"url\":\"https:\\\/\\\/secure.gravatar.com\\\/avatar\\\/392b4cc8fbfeb00b39dfeeab4ee6edded39ffd48e25858637e4765810300227e?s=96&d=mm&r=g\",\"contentUrl\":\"https:\\\/\\\/secure.gravatar.com\\\/avatar\\\/392b4cc8fbfeb00b39dfeeab4ee6edded39ffd48e25858637e4765810300227e?s=96&d=mm&r=g\",\"caption\":\"Developer\"},\"url\":\"https:\\\/\\\/qtmm.org\\\/qt\\\/author\\\/Developer\\\/\"}]}<\/script>\n<!-- \/ Yoast SEO plugin. -->","yoast_head_json":{"title":"Mustafa Cemilev: B\u00f6yle k\u00f6r\u00fc\u015f\u00fcvler Q\u0131r\u0131mda milletlerara ve dinlerara kerginlikni y\u0131m\u015fata - \u041c\u0435\u0434\u0436\u043b\u0456\u0441","robots":{"index":"index","follow":"follow","max-snippet":"max-snippet:-1","max-image-preview":"max-image-preview:large","max-video-preview":"max-video-preview:-1"},"canonical":"https:\/\/qtmm.org\/qt\/mustafa-cemilev-boyle-korusuvler-qirimda-milletlerara-ve-dinlerara-kerginlikni-yimsata\/","og_locale":"en_US","og_type":"article","og_title":"Mustafa Cemilev: B\u00f6yle k\u00f6r\u00fc\u015f\u00fcvler Q\u0131r\u0131mda milletlerara ve dinlerara kerginlikni y\u0131m\u015fata - \u041c\u0435\u0434\u0436\u043b\u0456\u0441","og_description":"Ukraina halq deputat\u0131, q\u0131r\u0131mtatar halq\u0131n\u0131\u00f1 lideri Mustafa Cemilev Meclis yolba\u015f\u00e7\u0131lar\u0131n\u0131\u00f1 diplomatik missiyalar ve Ukrainada akkreditatsiya etilgen halqara te\u015fkil\u00e2t yolba\u015f\u00e7\u0131lar\u0131 ile ery\u0131ll\u0131q 3-nci k\u00f6r\u00fc\u015f\u00fcvini a\u00e7\u0131p, b\u00f6yle dedi: &#8220;Belli ki, 2011 senesinden berli Q\u0131r\u0131mtatar halq\u0131n\u0131\u00f1 Meclisi diplomatik missiyalar ve Ukrainada akkreditatsiya etilgen halqara te\u015fkil\u00e2t yolba\u015f\u00e7\u0131lar\u0131 ile k\u00f6r\u00fc\u015f\u00fcvler ke\u00e7irmesinden esas maqsad olarn\u0131 q\u0131r\u0131mtatarlarn\u0131\u00f1 milliy meselesi \u00e7ezimini\u00f1 keti\u015fat\u0131 ve [&hellip;]","og_url":"https:\/\/qtmm.org\/qt\/mustafa-cemilev-boyle-korusuvler-qirimda-milletlerara-ve-dinlerara-kerginlikni-yimsata\/","og_site_name":"\u041c\u0435\u0434\u0436\u043b\u0456\u0441","article_publisher":"https:\/\/www.facebook.com\/qtmm.info\/","article_published_time":"2013-11-21T18:02:00+00:00","article_modified_time":"2022-01-26T18:04:19+00:00","og_image":[{"width":650,"height":428,"url":"https:\/\/qtmm.org\/wp-content\/uploads\/2022\/01\/wss_3424.jpeg","type":"image\/jpeg"}],"author":"Developer","twitter_card":"summary_large_image","twitter_misc":{"Written by":"Developer","Est. reading time":"2 minutes"},"schema":{"@context":"https:\/\/schema.org","@graph":[{"@type":"Article","@id":"https:\/\/qtmm.org\/qt\/mustafa-cemilev-boyle-korusuvler-qirimda-milletlerara-ve-dinlerara-kerginlikni-yimsata\/#article","isPartOf":{"@id":"https:\/\/qtmm.org\/qt\/mustafa-cemilev-boyle-korusuvler-qirimda-milletlerara-ve-dinlerara-kerginlikni-yimsata\/"},"author":{"name":"Developer","@id":"https:\/\/qtmm.org\/qt\/#\/schema\/person\/de562469f971dec226ac06e60bbf74a7"},"headline":"Mustafa Cemilev: B\u00f6yle k\u00f6r\u00fc\u015f\u00fcvler Q\u0131r\u0131mda milletlerara ve dinlerara kerginlikni y\u0131m\u015fata","datePublished":"2013-11-21T18:02:00+00:00","dateModified":"2022-01-26T18:04:19+00:00","mainEntityOfPage":{"@id":"https:\/\/qtmm.org\/qt\/mustafa-cemilev-boyle-korusuvler-qirimda-milletlerara-ve-dinlerara-kerginlikni-yimsata\/"},"wordCount":485,"commentCount":0,"publisher":{"@id":"https:\/\/qtmm.org\/qt\/#organization"},"image":{"@id":"https:\/\/qtmm.org\/qt\/mustafa-cemilev-boyle-korusuvler-qirimda-milletlerara-ve-dinlerara-kerginlikni-yimsata\/#primaryimage"},"thumbnailUrl":"https:\/\/qtmm.org\/wp-content\/uploads\/2022\/01\/wss_3424.jpeg","articleSection":["Haberler"],"inLanguage":"qt","potentialAction":[{"@type":"CommentAction","name":"Comment","target":["https:\/\/qtmm.org\/qt\/mustafa-cemilev-boyle-korusuvler-qirimda-milletlerara-ve-dinlerara-kerginlikni-yimsata\/#respond"]}]},{"@type":"WebPage","@id":"https:\/\/qtmm.org\/qt\/mustafa-cemilev-boyle-korusuvler-qirimda-milletlerara-ve-dinlerara-kerginlikni-yimsata\/","url":"https:\/\/qtmm.org\/qt\/mustafa-cemilev-boyle-korusuvler-qirimda-milletlerara-ve-dinlerara-kerginlikni-yimsata\/","name":"Mustafa Cemilev: B\u00f6yle k\u00f6r\u00fc\u015f\u00fcvler Q\u0131r\u0131mda milletlerara ve dinlerara kerginlikni y\u0131m\u015fata - \u041c\u0435\u0434\u0436\u043b\u0456\u0441","isPartOf":{"@id":"https:\/\/qtmm.org\/qt\/#website"},"primaryImageOfPage":{"@id":"https:\/\/qtmm.org\/qt\/mustafa-cemilev-boyle-korusuvler-qirimda-milletlerara-ve-dinlerara-kerginlikni-yimsata\/#primaryimage"},"image":{"@id":"https:\/\/qtmm.org\/qt\/mustafa-cemilev-boyle-korusuvler-qirimda-milletlerara-ve-dinlerara-kerginlikni-yimsata\/#primaryimage"},"thumbnailUrl":"https:\/\/qtmm.org\/wp-content\/uploads\/2022\/01\/wss_3424.jpeg","datePublished":"2013-11-21T18:02:00+00:00","dateModified":"2022-01-26T18:04:19+00:00","breadcrumb":{"@id":"https:\/\/qtmm.org\/qt\/mustafa-cemilev-boyle-korusuvler-qirimda-milletlerara-ve-dinlerara-kerginlikni-yimsata\/#breadcrumb"},"inLanguage":"qt","potentialAction":[{"@type":"ReadAction","target":["https:\/\/qtmm.org\/qt\/mustafa-cemilev-boyle-korusuvler-qirimda-milletlerara-ve-dinlerara-kerginlikni-yimsata\/"]}]},{"@type":"ImageObject","inLanguage":"qt","@id":"https:\/\/qtmm.org\/qt\/mustafa-cemilev-boyle-korusuvler-qirimda-milletlerara-ve-dinlerara-kerginlikni-yimsata\/#primaryimage","url":"https:\/\/qtmm.org\/wp-content\/uploads\/2022\/01\/wss_3424.jpeg","contentUrl":"https:\/\/qtmm.org\/wp-content\/uploads\/2022\/01\/wss_3424.jpeg","width":650,"height":428},{"@type":"BreadcrumbList","@id":"https:\/\/qtmm.org\/qt\/mustafa-cemilev-boyle-korusuvler-qirimda-milletlerara-ve-dinlerara-kerginlikni-yimsata\/#breadcrumb","itemListElement":[{"@type":"ListItem","position":1,"name":"\u0413\u043e\u043b\u043e\u0432\u043d\u0430","item":"https:\/\/qtmm.org\/qt\/"},{"@type":"ListItem","position":2,"name":"Mustafa Cemilev: B\u00f6yle k\u00f6r\u00fc\u015f\u00fcvler Q\u0131r\u0131mda milletlerara ve dinlerara kerginlikni y\u0131m\u015fata"}]},{"@type":"WebSite","@id":"https:\/\/qtmm.org\/qt\/#website","url":"https:\/\/qtmm.org\/qt\/","name":"\u041c\u0435\u0434\u0436\u043b\u0456\u0441","description":"","publisher":{"@id":"https:\/\/qtmm.org\/qt\/#organization"},"potentialAction":[{"@type":"SearchAction","target":{"@type":"EntryPoint","urlTemplate":"https:\/\/qtmm.org\/qt\/?s={search_term_string}"},"query-input":{"@type":"PropertyValueSpecification","valueRequired":true,"valueName":"search_term_string"}}],"inLanguage":"qt"},{"@type":"Organization","@id":"https:\/\/qtmm.org\/qt\/#organization","name":"\u041c\u0435\u0434\u0436\u043b\u0456\u0441","url":"https:\/\/qtmm.org\/qt\/","logo":{"@type":"ImageObject","inLanguage":"qt","@id":"https:\/\/qtmm.org\/qt\/#\/schema\/logo\/image\/","url":"https:\/\/qtmm.org\/wp-content\/uploads\/2024\/12\/ua-mejlis-logo-rgb.svg","contentUrl":"https:\/\/qtmm.org\/wp-content\/uploads\/2024\/12\/ua-mejlis-logo-rgb.svg","caption":"\u041c\u0435\u0434\u0436\u043b\u0456\u0441"},"image":{"@id":"https:\/\/qtmm.org\/qt\/#\/schema\/logo\/image\/"},"sameAs":["https:\/\/www.facebook.com\/qtmm.info\/"]},{"@type":"Person","@id":"https:\/\/qtmm.org\/qt\/#\/schema\/person\/de562469f971dec226ac06e60bbf74a7","name":"Developer","image":{"@type":"ImageObject","inLanguage":"qt","@id":"https:\/\/secure.gravatar.com\/avatar\/392b4cc8fbfeb00b39dfeeab4ee6edded39ffd48e25858637e4765810300227e?s=96&d=mm&r=g","url":"https:\/\/secure.gravatar.com\/avatar\/392b4cc8fbfeb00b39dfeeab4ee6edded39ffd48e25858637e4765810300227e?s=96&d=mm&r=g","contentUrl":"https:\/\/secure.gravatar.com\/avatar\/392b4cc8fbfeb00b39dfeeab4ee6edded39ffd48e25858637e4765810300227e?s=96&d=mm&r=g","caption":"Developer"},"url":"https:\/\/qtmm.org\/qt\/author\/Developer\/"}]}},"_links":{"self":[{"href":"https:\/\/qtmm.org\/qt\/wp-json\/wp\/v2\/posts\/40911","targetHints":{"allow":["GET"]}}],"collection":[{"href":"https:\/\/qtmm.org\/qt\/wp-json\/wp\/v2\/posts"}],"about":[{"href":"https:\/\/qtmm.org\/qt\/wp-json\/wp\/v2\/types\/post"}],"author":[{"embeddable":true,"href":"https:\/\/qtmm.org\/qt\/wp-json\/wp\/v2\/users\/1"}],"replies":[{"embeddable":true,"href":"https:\/\/qtmm.org\/qt\/wp-json\/wp\/v2\/comments?post=40911"}],"version-history":[{"count":1,"href":"https:\/\/qtmm.org\/qt\/wp-json\/wp\/v2\/posts\/40911\/revisions"}],"predecessor-version":[{"id":40924,"href":"https:\/\/qtmm.org\/qt\/wp-json\/wp\/v2\/posts\/40911\/revisions\/40924"}],"wp:featuredmedia":[{"embeddable":true,"href":"https:\/\/qtmm.org\/qt\/wp-json\/wp\/v2\/media\/40913"}],"wp:attachment":[{"href":"https:\/\/qtmm.org\/qt\/wp-json\/wp\/v2\/media?parent=40911"}],"wp:term":[{"taxonomy":"category","embeddable":true,"href":"https:\/\/qtmm.org\/qt\/wp-json\/wp\/v2\/categories?post=40911"},{"taxonomy":"post_tag","embeddable":true,"href":"https:\/\/qtmm.org\/qt\/wp-json\/wp\/v2\/tags?post=40911"}],"curies":[{"name":"wp","href":"https:\/\/api.w.org\/{rel}","templated":true}]}}