




{"id":40897,"date":"2013-11-21T21:01:00","date_gmt":"2013-11-21T18:01:00","guid":{"rendered":"http:\/\/qtmm.org\/?p=40897"},"modified":"2022-01-26T21:02:46","modified_gmt":"2022-01-26T18:02:46","slug":"valeriy-patskan-kuressiz-galebe-olmaz","status":"publish","type":"post","link":"https:\/\/qtmm.org\/qt\/valeriy-patskan-kuressiz-galebe-olmaz\/","title":{"rendered":"Valeriy Patskan: K\u00fcre\u015fsiz \u011falebe olmaz"},"content":{"rendered":"\n<p>Ukraina Yuqar\u0131 \u015euras\u0131n\u0131\u00f1 \u0130nsan, milliy azl\u0131qlar ve milletlerara munasebetler meseleleri boyunca komitet reisi, Ukraina halq deputat\u0131 Valeriy Patskan Q\u0131r\u0131mtatar halq\u0131 Meclisini\u00f1 ya\u00f1\u0131 reisi Refat \u00c7ubarov ve Meclisni\u00f1 ya\u00f1\u0131 erk\u00e2n\u0131n\u0131 saylan\u011fanlar\u0131 munasebetinen hay\u0131rlad\u0131.<\/p>\n\n\n\n<figure class=\"wp-block-image size-full\"><img loading=\"lazy\" decoding=\"async\" width=\"650\" height=\"501\" src=\"http:\/\/qtmm.org\/wp-content\/uploads\/2022\/01\/wss_3624.jpeg\" alt=\"\" class=\"wp-image-40899\" srcset=\"https:\/\/qtmm.org\/wp-content\/uploads\/2022\/01\/wss_3624.jpeg 650w, https:\/\/qtmm.org\/wp-content\/uploads\/2022\/01\/wss_3624-300x231.jpeg 300w\" sizes=\"auto, (max-width: 650px) 100vw, 650px\" \/><\/figure>\n\n\n\n<p>&#8220;Cenap reisni b\u00f6yle \u015ferefli, l\u00e2kin m\u00fcrekkep bir vazife ile hay\u0131rlay\u0131m&#8221;, &#8211; dedi Valeriy Patskan. \u2013 &#8220;Men Yuqar\u0131 \u015euran\u0131\u00f1 milliy azl\u0131qlar ve milletlerara munasebetlerni qor\u00e7ala\u011fan komitetni\u00f1 ba\u015f\u0131 ol\u011fan\u0131mn\u0131 bilesi\u00f1iz.<\/p>\n\n\n\n<p>Men q\u0131r\u0131mtatar halq\u0131n\u0131 pek \u00fcrmet etem, amma bizim devletimizdeki \u015fimdiki akimiyetke taba sizler ile beraberlikte yapma\u011fa t\u0131r\u0131\u015ft\u0131\u011f\u0131m\u0131z ad\u0131mlar sezilirli bir netice bermediler.<\/p>\n\n\n\n<p>Men bilem ki, yedinci \u00e7a\u011f\u0131r\u0131l\u0131\u015f Yuqar\u0131 \u015eurada bir s\u0131ra avaleler mevcut ki, angileri q\u0131r\u0131mtatar halq\u0131na medeniy, iqtisadiy seviyelerini k\u00f6termek imk\u00e2n\u0131n\u0131 berir ve umumen q\u0131r\u0131mtatar halq\u0131na ta qadim devirlerden berli ait ol\u011fan topraqta \u00fck\u00fcmranl\u0131q etmek imk\u00e2n\u0131n\u0131 berir.<\/p>\n\n\n\n<figure class=\"wp-block-image size-full\"><img loading=\"lazy\" decoding=\"async\" width=\"650\" height=\"345\" src=\"http:\/\/qtmm.org\/wp-content\/uploads\/2022\/01\/wss_3617.jpeg\" alt=\"\" class=\"wp-image-40904\" srcset=\"https:\/\/qtmm.org\/wp-content\/uploads\/2022\/01\/wss_3617.jpeg 650w, https:\/\/qtmm.org\/wp-content\/uploads\/2022\/01\/wss_3617-300x159.jpeg 300w\" sizes=\"auto, (max-width: 650px) 100vw, 650px\" \/><\/figure>\n\n\n\n<p>Bilem, pek a\u011f\u0131r, amma sizge kimse yengil olur, dep vade etmedi ki. Sizge \u015fun\u0131 aytmaq isteyim ki, k\u00fcre\u015fsiz \u011falebe olmaz&#8221;. Bun\u0131\u00f1 kibi de o, &#8220;q\u0131r\u0131mtatar halq\u0131nen ba\u011fl\u0131 b\u00fct\u00fcn meselelerni\u00f1 q\u0131sqa m\u00fcddet i\u00e7inde \u00e7ezilmesi i\u00e7\u00fcn komitet b\u00fct\u00fcn k\u00fc\u00e7-\u011fayretini i\u015fke qoyar&#8221;, dep i\u015fand\u0131rd\u0131.<br>&nbsp;<\/p>\n\n\n\n<p>Hat\u0131rlatam\u0131z ki,&nbsp;<em>2013 senesi noyabr 21 k\u00fcn\u00fc Kiyevde Meclis yolba\u015f\u00e7\u0131lar\u0131n\u0131\u00f1 diplomatik missiyalar ve Ukrainada akkreditatsiya etilgen halqara te\u015fkil\u00e2t yolba\u015f\u00e7\u0131lar\u0131 ile ery\u0131ll\u0131q 3-nci k\u00f6r\u00fc\u015f\u00fcvi ol\u0131p ke\u00e7ti.<\/em><\/p>\n\n\n\n<p><em>K\u00f6r\u00fc\u015f\u00fcvde \u00e7et devlet el\u00e7ilikleri, BMT, Avropa Birligi kibi halqara te\u015fkil\u00e2tlar, Migratsiya boyunca halqara te\u015fkil\u00e2tn\u0131\u00f1 Ukrainadaki temsilciligi, BMT aliy komissar\u0131 idaresini\u00f1 Beyazrusiye, Moldova ve Ukraina boyunca temsilciligini\u00f1 30-dan ziyade vekilleri,<br><br>K\u00f6r\u00fc\u015f\u00fcvni\u00f1 resmiy te\u015fkil\u00e2t\u00e7\u0131s\u0131 &#8220;Q\u0131r\u0131m inki\u015faf\u0131 fond\u0131&#8221; hayriye te\u015fkil\u00e2t\u0131, orta\u011f\u0131 ise &#8220;Q\u0131r\u0131m halqara biznes birle\u015fmesi&#8221; old\u0131lar.<\/em><\/p>\n","protected":false},"excerpt":{"rendered":"<p>Ukraina Yuqar\u0131 \u015euras\u0131n\u0131\u00f1 \u0130nsan, milliy azl\u0131qlar ve milletlerara munasebetler meseleleri boyunca komitet reisi, Ukraina halq deputat\u0131 Valeriy Patskan Q\u0131r\u0131mtatar halq\u0131 Meclisini\u00f1 ya\u00f1\u0131 reisi Refat \u00c7ubarov ve Meclisni\u00f1 ya\u00f1\u0131 erk\u00e2n\u0131n\u0131 saylan\u011fanlar\u0131 munasebetinen hay\u0131rlad\u0131. &#8220;Cenap reisni b\u00f6yle \u015ferefli, l\u00e2kin m\u00fcrekkep bir vazife ile hay\u0131rlay\u0131m&#8221;, &#8211; dedi Valeriy Patskan. \u2013 &#8220;Men Yuqar\u0131 \u015euran\u0131\u00f1 milliy azl\u0131qlar ve milletlerara munasebetlerni [&hellip;]<\/p>\n","protected":false},"author":1,"featured_media":0,"comment_status":"open","ping_status":"open","sticky":false,"template":"","format":"standard","meta":{"inline_featured_image":false,"footnotes":""},"categories":[265],"tags":[],"class_list":["post-40897","post","type-post","status-publish","format-standard","hentry","category-haberler"],"acf":[],"yoast_head":"<!-- This site is optimized with the Yoast SEO plugin v27.4 - https:\/\/yoast.com\/product\/yoast-seo-wordpress\/ -->\n<title>Valeriy Patskan: K\u00fcre\u015fsiz \u011falebe olmaz - \u041c\u0435\u0434\u0436\u043b\u0456\u0441<\/title>\n<meta name=\"robots\" content=\"index, follow, max-snippet:-1, max-image-preview:large, max-video-preview:-1\" \/>\n<link rel=\"canonical\" href=\"https:\/\/qtmm.org\/qt\/valeriy-patskan-kuressiz-galebe-olmaz\/\" \/>\n<meta property=\"og:locale\" content=\"en_US\" \/>\n<meta property=\"og:type\" content=\"article\" \/>\n<meta property=\"og:title\" content=\"Valeriy Patskan: K\u00fcre\u015fsiz \u011falebe olmaz - \u041c\u0435\u0434\u0436\u043b\u0456\u0441\" \/>\n<meta property=\"og:description\" content=\"Ukraina Yuqar\u0131 \u015euras\u0131n\u0131\u00f1 \u0130nsan, milliy azl\u0131qlar ve milletlerara munasebetler meseleleri boyunca komitet reisi, Ukraina halq deputat\u0131 Valeriy Patskan Q\u0131r\u0131mtatar halq\u0131 Meclisini\u00f1 ya\u00f1\u0131 reisi Refat \u00c7ubarov ve Meclisni\u00f1 ya\u00f1\u0131 erk\u00e2n\u0131n\u0131 saylan\u011fanlar\u0131 munasebetinen hay\u0131rlad\u0131. &#8220;Cenap reisni b\u00f6yle \u015ferefli, l\u00e2kin m\u00fcrekkep bir vazife ile hay\u0131rlay\u0131m&#8221;, &#8211; dedi Valeriy Patskan. \u2013 &#8220;Men Yuqar\u0131 \u015euran\u0131\u00f1 milliy azl\u0131qlar ve milletlerara munasebetlerni [&hellip;]\" \/>\n<meta property=\"og:url\" content=\"https:\/\/qtmm.org\/qt\/valeriy-patskan-kuressiz-galebe-olmaz\/\" \/>\n<meta property=\"og:site_name\" content=\"\u041c\u0435\u0434\u0436\u043b\u0456\u0441\" \/>\n<meta property=\"article:publisher\" content=\"https:\/\/www.facebook.com\/qtmm.info\/\" \/>\n<meta property=\"article:published_time\" content=\"2013-11-21T18:01:00+00:00\" \/>\n<meta property=\"article:modified_time\" content=\"2022-01-26T18:02:46+00:00\" \/>\n<meta property=\"og:image\" content=\"https:\/\/qtmm.org\/wp-content\/uploads\/2022\/01\/wss_3624.jpeg\" \/>\n\t<meta property=\"og:image:width\" content=\"650\" \/>\n\t<meta property=\"og:image:height\" content=\"501\" \/>\n\t<meta property=\"og:image:type\" content=\"image\/jpeg\" \/>\n<meta name=\"author\" content=\"Developer\" \/>\n<meta name=\"twitter:card\" content=\"summary_large_image\" \/>\n<meta name=\"twitter:label1\" content=\"Written by\" \/>\n\t<meta name=\"twitter:data1\" content=\"Developer\" \/>\n\t<meta name=\"twitter:label2\" content=\"Est. reading time\" \/>\n\t<meta name=\"twitter:data2\" content=\"2 minutes\" \/>\n<script type=\"application\/ld+json\" class=\"yoast-schema-graph\">{\"@context\":\"https:\\\/\\\/schema.org\",\"@graph\":[{\"@type\":\"Article\",\"@id\":\"https:\\\/\\\/qtmm.org\\\/qt\\\/valeriy-patskan-kuressiz-galebe-olmaz\\\/#article\",\"isPartOf\":{\"@id\":\"https:\\\/\\\/qtmm.org\\\/qt\\\/valeriy-patskan-kuressiz-galebe-olmaz\\\/\"},\"author\":{\"name\":\"Developer\",\"@id\":\"https:\\\/\\\/qtmm.org\\\/qt\\\/#\\\/schema\\\/person\\\/de562469f971dec226ac06e60bbf74a7\"},\"headline\":\"Valeriy Patskan: K\u00fcre\u015fsiz \u011falebe olmaz\",\"datePublished\":\"2013-11-21T18:01:00+00:00\",\"dateModified\":\"2022-01-26T18:02:46+00:00\",\"mainEntityOfPage\":{\"@id\":\"https:\\\/\\\/qtmm.org\\\/qt\\\/valeriy-patskan-kuressiz-galebe-olmaz\\\/\"},\"wordCount\":334,\"commentCount\":0,\"publisher\":{\"@id\":\"https:\\\/\\\/qtmm.org\\\/qt\\\/#organization\"},\"image\":{\"@id\":\"https:\\\/\\\/qtmm.org\\\/qt\\\/valeriy-patskan-kuressiz-galebe-olmaz\\\/#primaryimage\"},\"thumbnailUrl\":\"http:\\\/\\\/qtmm.org\\\/wp-content\\\/uploads\\\/2022\\\/01\\\/wss_3624.jpeg\",\"articleSection\":[\"Haberler\"],\"inLanguage\":\"qt\",\"potentialAction\":[{\"@type\":\"CommentAction\",\"name\":\"Comment\",\"target\":[\"https:\\\/\\\/qtmm.org\\\/qt\\\/valeriy-patskan-kuressiz-galebe-olmaz\\\/#respond\"]}]},{\"@type\":\"WebPage\",\"@id\":\"https:\\\/\\\/qtmm.org\\\/qt\\\/valeriy-patskan-kuressiz-galebe-olmaz\\\/\",\"url\":\"https:\\\/\\\/qtmm.org\\\/qt\\\/valeriy-patskan-kuressiz-galebe-olmaz\\\/\",\"name\":\"Valeriy Patskan: K\u00fcre\u015fsiz \u011falebe olmaz - \u041c\u0435\u0434\u0436\u043b\u0456\u0441\",\"isPartOf\":{\"@id\":\"https:\\\/\\\/qtmm.org\\\/qt\\\/#website\"},\"primaryImageOfPage\":{\"@id\":\"https:\\\/\\\/qtmm.org\\\/qt\\\/valeriy-patskan-kuressiz-galebe-olmaz\\\/#primaryimage\"},\"image\":{\"@id\":\"https:\\\/\\\/qtmm.org\\\/qt\\\/valeriy-patskan-kuressiz-galebe-olmaz\\\/#primaryimage\"},\"thumbnailUrl\":\"http:\\\/\\\/qtmm.org\\\/wp-content\\\/uploads\\\/2022\\\/01\\\/wss_3624.jpeg\",\"datePublished\":\"2013-11-21T18:01:00+00:00\",\"dateModified\":\"2022-01-26T18:02:46+00:00\",\"breadcrumb\":{\"@id\":\"https:\\\/\\\/qtmm.org\\\/qt\\\/valeriy-patskan-kuressiz-galebe-olmaz\\\/#breadcrumb\"},\"inLanguage\":\"qt\",\"potentialAction\":[{\"@type\":\"ReadAction\",\"target\":[\"https:\\\/\\\/qtmm.org\\\/qt\\\/valeriy-patskan-kuressiz-galebe-olmaz\\\/\"]}]},{\"@type\":\"ImageObject\",\"inLanguage\":\"qt\",\"@id\":\"https:\\\/\\\/qtmm.org\\\/qt\\\/valeriy-patskan-kuressiz-galebe-olmaz\\\/#primaryimage\",\"url\":\"http:\\\/\\\/qtmm.org\\\/wp-content\\\/uploads\\\/2022\\\/01\\\/wss_3624.jpeg\",\"contentUrl\":\"http:\\\/\\\/qtmm.org\\\/wp-content\\\/uploads\\\/2022\\\/01\\\/wss_3624.jpeg\"},{\"@type\":\"BreadcrumbList\",\"@id\":\"https:\\\/\\\/qtmm.org\\\/qt\\\/valeriy-patskan-kuressiz-galebe-olmaz\\\/#breadcrumb\",\"itemListElement\":[{\"@type\":\"ListItem\",\"position\":1,\"name\":\"\u0413\u043e\u043b\u043e\u0432\u043d\u0430\",\"item\":\"https:\\\/\\\/qtmm.org\\\/qt\\\/\"},{\"@type\":\"ListItem\",\"position\":2,\"name\":\"Valeriy Patskan: K\u00fcre\u015fsiz \u011falebe olmaz\"}]},{\"@type\":\"WebSite\",\"@id\":\"https:\\\/\\\/qtmm.org\\\/qt\\\/#website\",\"url\":\"https:\\\/\\\/qtmm.org\\\/qt\\\/\",\"name\":\"\u041c\u0435\u0434\u0436\u043b\u0456\u0441\",\"description\":\"\",\"publisher\":{\"@id\":\"https:\\\/\\\/qtmm.org\\\/qt\\\/#organization\"},\"potentialAction\":[{\"@type\":\"SearchAction\",\"target\":{\"@type\":\"EntryPoint\",\"urlTemplate\":\"https:\\\/\\\/qtmm.org\\\/qt\\\/?s={search_term_string}\"},\"query-input\":{\"@type\":\"PropertyValueSpecification\",\"valueRequired\":true,\"valueName\":\"search_term_string\"}}],\"inLanguage\":\"qt\"},{\"@type\":\"Organization\",\"@id\":\"https:\\\/\\\/qtmm.org\\\/qt\\\/#organization\",\"name\":\"\u041c\u0435\u0434\u0436\u043b\u0456\u0441\",\"url\":\"https:\\\/\\\/qtmm.org\\\/qt\\\/\",\"logo\":{\"@type\":\"ImageObject\",\"inLanguage\":\"qt\",\"@id\":\"https:\\\/\\\/qtmm.org\\\/qt\\\/#\\\/schema\\\/logo\\\/image\\\/\",\"url\":\"https:\\\/\\\/qtmm.org\\\/wp-content\\\/uploads\\\/2024\\\/12\\\/ua-mejlis-logo-rgb.svg\",\"contentUrl\":\"https:\\\/\\\/qtmm.org\\\/wp-content\\\/uploads\\\/2024\\\/12\\\/ua-mejlis-logo-rgb.svg\",\"caption\":\"\u041c\u0435\u0434\u0436\u043b\u0456\u0441\"},\"image\":{\"@id\":\"https:\\\/\\\/qtmm.org\\\/qt\\\/#\\\/schema\\\/logo\\\/image\\\/\"},\"sameAs\":[\"https:\\\/\\\/www.facebook.com\\\/qtmm.info\\\/\"]},{\"@type\":\"Person\",\"@id\":\"https:\\\/\\\/qtmm.org\\\/qt\\\/#\\\/schema\\\/person\\\/de562469f971dec226ac06e60bbf74a7\",\"name\":\"Developer\",\"image\":{\"@type\":\"ImageObject\",\"inLanguage\":\"qt\",\"@id\":\"https:\\\/\\\/secure.gravatar.com\\\/avatar\\\/392b4cc8fbfeb00b39dfeeab4ee6edded39ffd48e25858637e4765810300227e?s=96&d=mm&r=g\",\"url\":\"https:\\\/\\\/secure.gravatar.com\\\/avatar\\\/392b4cc8fbfeb00b39dfeeab4ee6edded39ffd48e25858637e4765810300227e?s=96&d=mm&r=g\",\"contentUrl\":\"https:\\\/\\\/secure.gravatar.com\\\/avatar\\\/392b4cc8fbfeb00b39dfeeab4ee6edded39ffd48e25858637e4765810300227e?s=96&d=mm&r=g\",\"caption\":\"Developer\"},\"url\":\"https:\\\/\\\/qtmm.org\\\/qt\\\/author\\\/Developer\\\/\"}]}<\/script>\n<!-- \/ Yoast SEO plugin. -->","yoast_head_json":{"title":"Valeriy Patskan: K\u00fcre\u015fsiz \u011falebe olmaz - \u041c\u0435\u0434\u0436\u043b\u0456\u0441","robots":{"index":"index","follow":"follow","max-snippet":"max-snippet:-1","max-image-preview":"max-image-preview:large","max-video-preview":"max-video-preview:-1"},"canonical":"https:\/\/qtmm.org\/qt\/valeriy-patskan-kuressiz-galebe-olmaz\/","og_locale":"en_US","og_type":"article","og_title":"Valeriy Patskan: K\u00fcre\u015fsiz \u011falebe olmaz - \u041c\u0435\u0434\u0436\u043b\u0456\u0441","og_description":"Ukraina Yuqar\u0131 \u015euras\u0131n\u0131\u00f1 \u0130nsan, milliy azl\u0131qlar ve milletlerara munasebetler meseleleri boyunca komitet reisi, Ukraina halq deputat\u0131 Valeriy Patskan Q\u0131r\u0131mtatar halq\u0131 Meclisini\u00f1 ya\u00f1\u0131 reisi Refat \u00c7ubarov ve Meclisni\u00f1 ya\u00f1\u0131 erk\u00e2n\u0131n\u0131 saylan\u011fanlar\u0131 munasebetinen hay\u0131rlad\u0131. &#8220;Cenap reisni b\u00f6yle \u015ferefli, l\u00e2kin m\u00fcrekkep bir vazife ile hay\u0131rlay\u0131m&#8221;, &#8211; dedi Valeriy Patskan. \u2013 &#8220;Men Yuqar\u0131 \u015euran\u0131\u00f1 milliy azl\u0131qlar ve milletlerara munasebetlerni [&hellip;]","og_url":"https:\/\/qtmm.org\/qt\/valeriy-patskan-kuressiz-galebe-olmaz\/","og_site_name":"\u041c\u0435\u0434\u0436\u043b\u0456\u0441","article_publisher":"https:\/\/www.facebook.com\/qtmm.info\/","article_published_time":"2013-11-21T18:01:00+00:00","article_modified_time":"2022-01-26T18:02:46+00:00","og_image":[{"width":650,"height":501,"url":"https:\/\/qtmm.org\/wp-content\/uploads\/2022\/01\/wss_3624.jpeg","type":"image\/jpeg"}],"author":"Developer","twitter_card":"summary_large_image","twitter_misc":{"Written by":"Developer","Est. reading time":"2 minutes"},"schema":{"@context":"https:\/\/schema.org","@graph":[{"@type":"Article","@id":"https:\/\/qtmm.org\/qt\/valeriy-patskan-kuressiz-galebe-olmaz\/#article","isPartOf":{"@id":"https:\/\/qtmm.org\/qt\/valeriy-patskan-kuressiz-galebe-olmaz\/"},"author":{"name":"Developer","@id":"https:\/\/qtmm.org\/qt\/#\/schema\/person\/de562469f971dec226ac06e60bbf74a7"},"headline":"Valeriy Patskan: K\u00fcre\u015fsiz \u011falebe olmaz","datePublished":"2013-11-21T18:01:00+00:00","dateModified":"2022-01-26T18:02:46+00:00","mainEntityOfPage":{"@id":"https:\/\/qtmm.org\/qt\/valeriy-patskan-kuressiz-galebe-olmaz\/"},"wordCount":334,"commentCount":0,"publisher":{"@id":"https:\/\/qtmm.org\/qt\/#organization"},"image":{"@id":"https:\/\/qtmm.org\/qt\/valeriy-patskan-kuressiz-galebe-olmaz\/#primaryimage"},"thumbnailUrl":"http:\/\/qtmm.org\/wp-content\/uploads\/2022\/01\/wss_3624.jpeg","articleSection":["Haberler"],"inLanguage":"qt","potentialAction":[{"@type":"CommentAction","name":"Comment","target":["https:\/\/qtmm.org\/qt\/valeriy-patskan-kuressiz-galebe-olmaz\/#respond"]}]},{"@type":"WebPage","@id":"https:\/\/qtmm.org\/qt\/valeriy-patskan-kuressiz-galebe-olmaz\/","url":"https:\/\/qtmm.org\/qt\/valeriy-patskan-kuressiz-galebe-olmaz\/","name":"Valeriy Patskan: K\u00fcre\u015fsiz \u011falebe olmaz - \u041c\u0435\u0434\u0436\u043b\u0456\u0441","isPartOf":{"@id":"https:\/\/qtmm.org\/qt\/#website"},"primaryImageOfPage":{"@id":"https:\/\/qtmm.org\/qt\/valeriy-patskan-kuressiz-galebe-olmaz\/#primaryimage"},"image":{"@id":"https:\/\/qtmm.org\/qt\/valeriy-patskan-kuressiz-galebe-olmaz\/#primaryimage"},"thumbnailUrl":"http:\/\/qtmm.org\/wp-content\/uploads\/2022\/01\/wss_3624.jpeg","datePublished":"2013-11-21T18:01:00+00:00","dateModified":"2022-01-26T18:02:46+00:00","breadcrumb":{"@id":"https:\/\/qtmm.org\/qt\/valeriy-patskan-kuressiz-galebe-olmaz\/#breadcrumb"},"inLanguage":"qt","potentialAction":[{"@type":"ReadAction","target":["https:\/\/qtmm.org\/qt\/valeriy-patskan-kuressiz-galebe-olmaz\/"]}]},{"@type":"ImageObject","inLanguage":"qt","@id":"https:\/\/qtmm.org\/qt\/valeriy-patskan-kuressiz-galebe-olmaz\/#primaryimage","url":"http:\/\/qtmm.org\/wp-content\/uploads\/2022\/01\/wss_3624.jpeg","contentUrl":"http:\/\/qtmm.org\/wp-content\/uploads\/2022\/01\/wss_3624.jpeg"},{"@type":"BreadcrumbList","@id":"https:\/\/qtmm.org\/qt\/valeriy-patskan-kuressiz-galebe-olmaz\/#breadcrumb","itemListElement":[{"@type":"ListItem","position":1,"name":"\u0413\u043e\u043b\u043e\u0432\u043d\u0430","item":"https:\/\/qtmm.org\/qt\/"},{"@type":"ListItem","position":2,"name":"Valeriy Patskan: K\u00fcre\u015fsiz \u011falebe olmaz"}]},{"@type":"WebSite","@id":"https:\/\/qtmm.org\/qt\/#website","url":"https:\/\/qtmm.org\/qt\/","name":"\u041c\u0435\u0434\u0436\u043b\u0456\u0441","description":"","publisher":{"@id":"https:\/\/qtmm.org\/qt\/#organization"},"potentialAction":[{"@type":"SearchAction","target":{"@type":"EntryPoint","urlTemplate":"https:\/\/qtmm.org\/qt\/?s={search_term_string}"},"query-input":{"@type":"PropertyValueSpecification","valueRequired":true,"valueName":"search_term_string"}}],"inLanguage":"qt"},{"@type":"Organization","@id":"https:\/\/qtmm.org\/qt\/#organization","name":"\u041c\u0435\u0434\u0436\u043b\u0456\u0441","url":"https:\/\/qtmm.org\/qt\/","logo":{"@type":"ImageObject","inLanguage":"qt","@id":"https:\/\/qtmm.org\/qt\/#\/schema\/logo\/image\/","url":"https:\/\/qtmm.org\/wp-content\/uploads\/2024\/12\/ua-mejlis-logo-rgb.svg","contentUrl":"https:\/\/qtmm.org\/wp-content\/uploads\/2024\/12\/ua-mejlis-logo-rgb.svg","caption":"\u041c\u0435\u0434\u0436\u043b\u0456\u0441"},"image":{"@id":"https:\/\/qtmm.org\/qt\/#\/schema\/logo\/image\/"},"sameAs":["https:\/\/www.facebook.com\/qtmm.info\/"]},{"@type":"Person","@id":"https:\/\/qtmm.org\/qt\/#\/schema\/person\/de562469f971dec226ac06e60bbf74a7","name":"Developer","image":{"@type":"ImageObject","inLanguage":"qt","@id":"https:\/\/secure.gravatar.com\/avatar\/392b4cc8fbfeb00b39dfeeab4ee6edded39ffd48e25858637e4765810300227e?s=96&d=mm&r=g","url":"https:\/\/secure.gravatar.com\/avatar\/392b4cc8fbfeb00b39dfeeab4ee6edded39ffd48e25858637e4765810300227e?s=96&d=mm&r=g","contentUrl":"https:\/\/secure.gravatar.com\/avatar\/392b4cc8fbfeb00b39dfeeab4ee6edded39ffd48e25858637e4765810300227e?s=96&d=mm&r=g","caption":"Developer"},"url":"https:\/\/qtmm.org\/qt\/author\/Developer\/"}]}},"_links":{"self":[{"href":"https:\/\/qtmm.org\/qt\/wp-json\/wp\/v2\/posts\/40897","targetHints":{"allow":["GET"]}}],"collection":[{"href":"https:\/\/qtmm.org\/qt\/wp-json\/wp\/v2\/posts"}],"about":[{"href":"https:\/\/qtmm.org\/qt\/wp-json\/wp\/v2\/types\/post"}],"author":[{"embeddable":true,"href":"https:\/\/qtmm.org\/qt\/wp-json\/wp\/v2\/users\/1"}],"replies":[{"embeddable":true,"href":"https:\/\/qtmm.org\/qt\/wp-json\/wp\/v2\/comments?post=40897"}],"version-history":[{"count":1,"href":"https:\/\/qtmm.org\/qt\/wp-json\/wp\/v2\/posts\/40897\/revisions"}],"predecessor-version":[{"id":40910,"href":"https:\/\/qtmm.org\/qt\/wp-json\/wp\/v2\/posts\/40897\/revisions\/40910"}],"wp:attachment":[{"href":"https:\/\/qtmm.org\/qt\/wp-json\/wp\/v2\/media?parent=40897"}],"wp:term":[{"taxonomy":"category","embeddable":true,"href":"https:\/\/qtmm.org\/qt\/wp-json\/wp\/v2\/categories?post=40897"},{"taxonomy":"post_tag","embeddable":true,"href":"https:\/\/qtmm.org\/qt\/wp-json\/wp\/v2\/tags?post=40897"}],"curies":[{"name":"wp","href":"https:\/\/api.w.org\/{rel}","templated":true}]}}