




{"id":40884,"date":"2013-11-21T21:00:00","date_gmt":"2013-11-21T18:00:00","guid":{"rendered":"http:\/\/qtmm.org\/?p=40884"},"modified":"2022-01-26T21:01:43","modified_gmt":"2022-01-26T18:01:43","slug":"mehmet-samsar-haqara-forum-kecirmek-gayesini-pek-faydali-dep-sayamiz","status":"publish","type":"post","link":"https:\/\/qtmm.org\/qt\/mehmet-samsar-haqara-forum-kecirmek-gayesini-pek-faydali-dep-sayamiz\/","title":{"rendered":"Mehmet Samsar: Haqara forum ke\u00e7irmek \u011fayesini pek faydal\u0131, dep sayam\u0131z!"},"content":{"rendered":"\n<p>T\u00fcrkiye Cumhuriyetini\u00f1 El\u00e7isi ba\u015fta Milliy Meclisni\u00f1 ya\u00f1\u0131 saylan\u011fan azalar\u0131n\u0131 hay\u0131rlad\u0131.<\/p>\n\n\n\n<p>O qayd etti ki, &#8220;q\u0131r\u0131mtatarlarnen i\u015fbirligimiz ep quvetle\u015fe ve mahsuldar olmaqta. T\u00fcrkiye q\u0131r\u0131mtatarlar\u0131 ile aqrabad\u0131r ve bundan da yaq\u0131nd\u0131r. Biz bu ba\u011flar\u0131m\u0131zn\u0131 T\u00fcrkiye ve Ukraina aras\u0131ndaki qaviy bir k\u00f6p\u00fcrdir, dep sayam\u0131z. Q\u0131r\u0131mtatarlar faqat Q\u0131r\u0131mn\u0131\u00f1 degil de, b\u00fct\u00fcn Ukraina medeniy bayl\u0131\u011f\u0131n\u0131\u00f1 vekilleridir&#8221;. On\u0131\u00f1 fikrince Ukraina akimiyeti q\u0131r\u0131mtatarlarn\u0131\u00f1 medeniy inki\u015fafqa qo\u015fqan issesini tan\u0131maqta.<\/p>\n\n\n\n<figure class=\"wp-block-image size-full\"><img loading=\"lazy\" decoding=\"async\" width=\"650\" height=\"567\" src=\"http:\/\/qtmm.org\/wp-content\/uploads\/2022\/01\/wss_3593.jpeg\" alt=\"\" class=\"wp-image-40885\" srcset=\"https:\/\/qtmm.org\/wp-content\/uploads\/2022\/01\/wss_3593.jpeg 650w, https:\/\/qtmm.org\/wp-content\/uploads\/2022\/01\/wss_3593-300x262.jpeg 300w\" sizes=\"auto, (max-width: 650px) 100vw, 650px\" \/><\/figure>\n\n\n\n<p>&#8220;Daa yaq\u0131n ke\u00e7mi\u015fte mustaqilligini elde etken Ukraina\u011fa Sovetler Birliginden asabal\u0131q olaraq diger problemlernen bir s\u0131rada q\u0131r\u0131mtatar halq\u0131n\u0131\u00f1 problemi de qald\u0131. Ve bu problemlerni bug\u00fcn \u00e7ezmek l\u00e2zim. Ukraina \u00fck\u00fcmeti q\u0131r\u0131mtatarlarn\u0131\u00f1 \u00f6z yurtuna qaytar\u0131lmas\u0131n\u0131\u00f1 zarurl\u0131\u011f\u0131n\u0131 a\u00f1lay. Halqara cemaat\u00e7\u0131l\u0131q, Avropa Birligi q\u0131r\u0131mtatarlarnen g\u00f6\u00f1\u00fclde\u015ftir&#8221;, &#8211; dedi cenap el\u00e7i.<\/p>\n\n\n\n<p>&#8220;Q\u0131r\u0131mtatarlarn\u0131\u00f1 qaytar\u0131lmas\u0131 ve yerle\u015fmesi i\u00e7\u00fcn Ukraina er \u015feyni yapa. Tahminen 260 bi\u00f1 q\u0131r\u0131mtatar qayt\u0131p keldi, biz q\u0131r\u0131mtatarlarn\u0131\u00f1 episi ukrain cemiyetine qat\u0131l\u011fan\u0131n\u0131 ister edik. Milliy mens\u00fcpligine k\u00f6re s\u00fcrg\u00fcn etilgen \u015fah\u0131slarn\u0131\u00f1 aqlar\u0131n\u0131 \u011fayr\u0131dan tiklegen ve Ukraina parlamentinde \u00e7oqluqn\u0131\u00f1 qoltutuv\u0131n\u0131 qazan\u011fan qanun leyhas\u0131na sevindik. Meclis ve \u00fck\u00fcmet aras\u0131nda a\u011f\u0131mdaki meselelerni\u00f1 \u00e7ezilmesi zarur ol\u011fan maqsadl\u0131 dialog da bizlerni sevindirdi. Sent\u00e2br 19 k\u00fcn\u00fc Aqmescitte t\u00f6gerek masa ke\u00e7irilmesi m\u00fcim vaqiad\u0131r ve biz 2014 senesi Halqara forum ke\u00e7irmek \u011fayesini pek faydal\u0131, dep sayam\u0131z. Ukraina i\u00e7\u00fcn bu daa bir muvafaqiyet tarih\u0131 olur&#8221;, &#8211; dedi Mehmet Samsar.<\/p>\n\n\n\n<p>El\u00e7i \u015fun\u0131 da qayd etti ki, T\u00fcrkiye Ukraina\u011fa q\u0131r\u0131mtatarlarn\u0131\u00f1 qanuniy status\u0131, mesken meselesini\u00f1 \u00e7ezimi, milliy yerli memuriyetlerde say\u0131s\u0131 artmas\u0131n\u0131, tasil programmalar\u0131n\u0131\u00f1 keni\u015fletilmesinde qoltutma\u011fa devam etecek. Halqara cemaat\u00e7\u0131l\u0131qn\u0131\u00f1 yard\u0131m\u0131 ile q\u0131r\u0131mtatarlarn\u0131\u00f1 meselesi \u00e7ezilecegine ve olar sotsial-iqtisadiy inki\u015fafn\u0131\u00f1 \u00f6g\u00fcnde olacaqlar\u0131na ker\u00e7ekten inanam&#8221;.<\/p>\n\n\n\n<p>Hat\u0131rlatam\u0131z ki,&nbsp;<em>2013 senesi noyabr 21 k\u00fcn\u00fc Kiyevde Meclis yolba\u015f\u00e7\u0131lar\u0131n\u0131\u00f1 diplomatik missiyalar ve Ukrainada akkreditatsiya etilgen halqara te\u015fkil\u00e2t yolba\u015f\u00e7\u0131lar\u0131 ile ery\u0131ll\u0131q 3-nci k\u00f6r\u00fc\u015f\u00fcvi ol\u0131p ke\u00e7ti.<\/em><\/p>\n\n\n\n<p><em>K\u00f6r\u00fc\u015f\u00fcvde \u00e7et devlet el\u00e7ilikleri, BMT, Avropa Birligi kibi halqara te\u015fkil\u00e2tlar, Migratsiya boyunca halqara te\u015fkil\u00e2tn\u0131\u00f1 Ukrainadaki temsilciligi, BMT aliy komissar\u0131 idaresini\u00f1 Beyazrusiye, Moldova ve Ukraina boyunca temsilciligini\u00f1 30-dan ziyade vekilleri,<\/em><\/p>\n\n\n\n<p><em>K\u00f6r\u00fc\u015f\u00fcvni\u00f1 resmiy te\u015fkil\u00e2t\u00e7\u0131s\u0131 &#8220;Q\u0131r\u0131m inki\u015faf\u0131 fond\u0131&#8221; hayriye te\u015fkil\u00e2t\u0131, orta\u011f\u0131 ise &#8220;Q\u0131r\u0131m Halqara Biznes Birle\u015fmesi&#8221; old\u0131lar.<\/em><\/p>\n\n\n\n<figure class=\"wp-block-image size-full\"><img loading=\"lazy\" decoding=\"async\" width=\"650\" height=\"381\" src=\"http:\/\/qtmm.org\/wp-content\/uploads\/2022\/01\/wss_3429.jpeg\" alt=\"\" class=\"wp-image-40864\" srcset=\"https:\/\/qtmm.org\/wp-content\/uploads\/2022\/01\/wss_3429.jpeg 650w, https:\/\/qtmm.org\/wp-content\/uploads\/2022\/01\/wss_3429-300x176.jpeg 300w\" sizes=\"auto, (max-width: 650px) 100vw, 650px\" \/><\/figure>\n","protected":false},"excerpt":{"rendered":"<p>T\u00fcrkiye Cumhuriyetini\u00f1 El\u00e7isi ba\u015fta Milliy Meclisni\u00f1 ya\u00f1\u0131 saylan\u011fan azalar\u0131n\u0131 hay\u0131rlad\u0131. O qayd etti ki, &#8220;q\u0131r\u0131mtatarlarnen i\u015fbirligimiz ep quvetle\u015fe ve mahsuldar olmaqta. T\u00fcrkiye q\u0131r\u0131mtatarlar\u0131 ile aqrabad\u0131r ve bundan da yaq\u0131nd\u0131r. Biz bu ba\u011flar\u0131m\u0131zn\u0131 T\u00fcrkiye ve Ukraina aras\u0131ndaki qaviy bir k\u00f6p\u00fcrdir, dep sayam\u0131z. Q\u0131r\u0131mtatarlar faqat Q\u0131r\u0131mn\u0131\u00f1 degil de, b\u00fct\u00fcn Ukraina medeniy bayl\u0131\u011f\u0131n\u0131\u00f1 vekilleridir&#8221;. On\u0131\u00f1 fikrince Ukraina akimiyeti [&hellip;]<\/p>\n","protected":false},"author":1,"featured_media":40890,"comment_status":"open","ping_status":"open","sticky":false,"template":"","format":"standard","meta":{"inline_featured_image":false,"footnotes":""},"categories":[265],"tags":[],"class_list":["post-40884","post","type-post","status-publish","format-standard","has-post-thumbnail","hentry","category-haberler"],"acf":[],"yoast_head":"<!-- This site is optimized with the Yoast SEO plugin v27.4 - https:\/\/yoast.com\/product\/yoast-seo-wordpress\/ -->\n<title>Mehmet Samsar: Haqara forum ke\u00e7irmek \u011fayesini pek faydal\u0131, dep sayam\u0131z! - \u041c\u0435\u0434\u0436\u043b\u0456\u0441<\/title>\n<meta name=\"robots\" content=\"index, follow, max-snippet:-1, max-image-preview:large, max-video-preview:-1\" \/>\n<link rel=\"canonical\" href=\"https:\/\/qtmm.org\/qt\/mehmet-samsar-haqara-forum-kecirmek-gayesini-pek-faydali-dep-sayamiz\/\" \/>\n<meta property=\"og:locale\" content=\"en_US\" \/>\n<meta property=\"og:type\" content=\"article\" \/>\n<meta property=\"og:title\" content=\"Mehmet Samsar: Haqara forum ke\u00e7irmek \u011fayesini pek faydal\u0131, dep sayam\u0131z! - \u041c\u0435\u0434\u0436\u043b\u0456\u0441\" \/>\n<meta property=\"og:description\" content=\"T\u00fcrkiye Cumhuriyetini\u00f1 El\u00e7isi ba\u015fta Milliy Meclisni\u00f1 ya\u00f1\u0131 saylan\u011fan azalar\u0131n\u0131 hay\u0131rlad\u0131. O qayd etti ki, &#8220;q\u0131r\u0131mtatarlarnen i\u015fbirligimiz ep quvetle\u015fe ve mahsuldar olmaqta. T\u00fcrkiye q\u0131r\u0131mtatarlar\u0131 ile aqrabad\u0131r ve bundan da yaq\u0131nd\u0131r. Biz bu ba\u011flar\u0131m\u0131zn\u0131 T\u00fcrkiye ve Ukraina aras\u0131ndaki qaviy bir k\u00f6p\u00fcrdir, dep sayam\u0131z. Q\u0131r\u0131mtatarlar faqat Q\u0131r\u0131mn\u0131\u00f1 degil de, b\u00fct\u00fcn Ukraina medeniy bayl\u0131\u011f\u0131n\u0131\u00f1 vekilleridir&#8221;. On\u0131\u00f1 fikrince Ukraina akimiyeti [&hellip;]\" \/>\n<meta property=\"og:url\" content=\"https:\/\/qtmm.org\/qt\/mehmet-samsar-haqara-forum-kecirmek-gayesini-pek-faydali-dep-sayamiz\/\" \/>\n<meta property=\"og:site_name\" content=\"\u041c\u0435\u0434\u0436\u043b\u0456\u0441\" \/>\n<meta property=\"article:publisher\" content=\"https:\/\/www.facebook.com\/qtmm.info\/\" \/>\n<meta property=\"article:published_time\" content=\"2013-11-21T18:00:00+00:00\" \/>\n<meta property=\"article:modified_time\" content=\"2022-01-26T18:01:43+00:00\" \/>\n<meta property=\"og:image\" content=\"https:\/\/qtmm.org\/wp-content\/uploads\/2022\/01\/wss_3589.jpeg\" \/>\n\t<meta property=\"og:image:width\" content=\"650\" \/>\n\t<meta property=\"og:image:height\" content=\"372\" \/>\n\t<meta property=\"og:image:type\" content=\"image\/jpeg\" \/>\n<meta name=\"author\" content=\"Developer\" \/>\n<meta name=\"twitter:card\" content=\"summary_large_image\" \/>\n<meta name=\"twitter:label1\" content=\"Written by\" \/>\n\t<meta name=\"twitter:data1\" content=\"Developer\" \/>\n\t<meta name=\"twitter:label2\" content=\"Est. reading time\" \/>\n\t<meta name=\"twitter:data2\" content=\"2 minutes\" \/>\n<script type=\"application\/ld+json\" class=\"yoast-schema-graph\">{\"@context\":\"https:\\\/\\\/schema.org\",\"@graph\":[{\"@type\":\"Article\",\"@id\":\"https:\\\/\\\/qtmm.org\\\/qt\\\/mehmet-samsar-haqara-forum-kecirmek-gayesini-pek-faydali-dep-sayamiz\\\/#article\",\"isPartOf\":{\"@id\":\"https:\\\/\\\/qtmm.org\\\/qt\\\/mehmet-samsar-haqara-forum-kecirmek-gayesini-pek-faydali-dep-sayamiz\\\/\"},\"author\":{\"name\":\"Developer\",\"@id\":\"https:\\\/\\\/qtmm.org\\\/qt\\\/#\\\/schema\\\/person\\\/de562469f971dec226ac06e60bbf74a7\"},\"headline\":\"Mehmet Samsar: Haqara forum ke\u00e7irmek \u011fayesini pek faydal\u0131, dep sayam\u0131z!\",\"datePublished\":\"2013-11-21T18:00:00+00:00\",\"dateModified\":\"2022-01-26T18:01:43+00:00\",\"mainEntityOfPage\":{\"@id\":\"https:\\\/\\\/qtmm.org\\\/qt\\\/mehmet-samsar-haqara-forum-kecirmek-gayesini-pek-faydali-dep-sayamiz\\\/\"},\"wordCount\":461,\"commentCount\":0,\"publisher\":{\"@id\":\"https:\\\/\\\/qtmm.org\\\/qt\\\/#organization\"},\"image\":{\"@id\":\"https:\\\/\\\/qtmm.org\\\/qt\\\/mehmet-samsar-haqara-forum-kecirmek-gayesini-pek-faydali-dep-sayamiz\\\/#primaryimage\"},\"thumbnailUrl\":\"https:\\\/\\\/qtmm.org\\\/wp-content\\\/uploads\\\/2022\\\/01\\\/wss_3589.jpeg\",\"articleSection\":[\"Haberler\"],\"inLanguage\":\"qt\",\"potentialAction\":[{\"@type\":\"CommentAction\",\"name\":\"Comment\",\"target\":[\"https:\\\/\\\/qtmm.org\\\/qt\\\/mehmet-samsar-haqara-forum-kecirmek-gayesini-pek-faydali-dep-sayamiz\\\/#respond\"]}]},{\"@type\":\"WebPage\",\"@id\":\"https:\\\/\\\/qtmm.org\\\/qt\\\/mehmet-samsar-haqara-forum-kecirmek-gayesini-pek-faydali-dep-sayamiz\\\/\",\"url\":\"https:\\\/\\\/qtmm.org\\\/qt\\\/mehmet-samsar-haqara-forum-kecirmek-gayesini-pek-faydali-dep-sayamiz\\\/\",\"name\":\"Mehmet Samsar: Haqara forum ke\u00e7irmek \u011fayesini pek faydal\u0131, dep sayam\u0131z! - \u041c\u0435\u0434\u0436\u043b\u0456\u0441\",\"isPartOf\":{\"@id\":\"https:\\\/\\\/qtmm.org\\\/qt\\\/#website\"},\"primaryImageOfPage\":{\"@id\":\"https:\\\/\\\/qtmm.org\\\/qt\\\/mehmet-samsar-haqara-forum-kecirmek-gayesini-pek-faydali-dep-sayamiz\\\/#primaryimage\"},\"image\":{\"@id\":\"https:\\\/\\\/qtmm.org\\\/qt\\\/mehmet-samsar-haqara-forum-kecirmek-gayesini-pek-faydali-dep-sayamiz\\\/#primaryimage\"},\"thumbnailUrl\":\"https:\\\/\\\/qtmm.org\\\/wp-content\\\/uploads\\\/2022\\\/01\\\/wss_3589.jpeg\",\"datePublished\":\"2013-11-21T18:00:00+00:00\",\"dateModified\":\"2022-01-26T18:01:43+00:00\",\"breadcrumb\":{\"@id\":\"https:\\\/\\\/qtmm.org\\\/qt\\\/mehmet-samsar-haqara-forum-kecirmek-gayesini-pek-faydali-dep-sayamiz\\\/#breadcrumb\"},\"inLanguage\":\"qt\",\"potentialAction\":[{\"@type\":\"ReadAction\",\"target\":[\"https:\\\/\\\/qtmm.org\\\/qt\\\/mehmet-samsar-haqara-forum-kecirmek-gayesini-pek-faydali-dep-sayamiz\\\/\"]}]},{\"@type\":\"ImageObject\",\"inLanguage\":\"qt\",\"@id\":\"https:\\\/\\\/qtmm.org\\\/qt\\\/mehmet-samsar-haqara-forum-kecirmek-gayesini-pek-faydali-dep-sayamiz\\\/#primaryimage\",\"url\":\"https:\\\/\\\/qtmm.org\\\/wp-content\\\/uploads\\\/2022\\\/01\\\/wss_3589.jpeg\",\"contentUrl\":\"https:\\\/\\\/qtmm.org\\\/wp-content\\\/uploads\\\/2022\\\/01\\\/wss_3589.jpeg\",\"width\":650,\"height\":372},{\"@type\":\"BreadcrumbList\",\"@id\":\"https:\\\/\\\/qtmm.org\\\/qt\\\/mehmet-samsar-haqara-forum-kecirmek-gayesini-pek-faydali-dep-sayamiz\\\/#breadcrumb\",\"itemListElement\":[{\"@type\":\"ListItem\",\"position\":1,\"name\":\"\u0413\u043e\u043b\u043e\u0432\u043d\u0430\",\"item\":\"https:\\\/\\\/qtmm.org\\\/qt\\\/\"},{\"@type\":\"ListItem\",\"position\":2,\"name\":\"Mehmet Samsar: Haqara forum ke\u00e7irmek \u011fayesini pek faydal\u0131, dep sayam\u0131z!\"}]},{\"@type\":\"WebSite\",\"@id\":\"https:\\\/\\\/qtmm.org\\\/qt\\\/#website\",\"url\":\"https:\\\/\\\/qtmm.org\\\/qt\\\/\",\"name\":\"\u041c\u0435\u0434\u0436\u043b\u0456\u0441\",\"description\":\"\",\"publisher\":{\"@id\":\"https:\\\/\\\/qtmm.org\\\/qt\\\/#organization\"},\"potentialAction\":[{\"@type\":\"SearchAction\",\"target\":{\"@type\":\"EntryPoint\",\"urlTemplate\":\"https:\\\/\\\/qtmm.org\\\/qt\\\/?s={search_term_string}\"},\"query-input\":{\"@type\":\"PropertyValueSpecification\",\"valueRequired\":true,\"valueName\":\"search_term_string\"}}],\"inLanguage\":\"qt\"},{\"@type\":\"Organization\",\"@id\":\"https:\\\/\\\/qtmm.org\\\/qt\\\/#organization\",\"name\":\"\u041c\u0435\u0434\u0436\u043b\u0456\u0441\",\"url\":\"https:\\\/\\\/qtmm.org\\\/qt\\\/\",\"logo\":{\"@type\":\"ImageObject\",\"inLanguage\":\"qt\",\"@id\":\"https:\\\/\\\/qtmm.org\\\/qt\\\/#\\\/schema\\\/logo\\\/image\\\/\",\"url\":\"https:\\\/\\\/qtmm.org\\\/wp-content\\\/uploads\\\/2024\\\/12\\\/ua-mejlis-logo-rgb.svg\",\"contentUrl\":\"https:\\\/\\\/qtmm.org\\\/wp-content\\\/uploads\\\/2024\\\/12\\\/ua-mejlis-logo-rgb.svg\",\"caption\":\"\u041c\u0435\u0434\u0436\u043b\u0456\u0441\"},\"image\":{\"@id\":\"https:\\\/\\\/qtmm.org\\\/qt\\\/#\\\/schema\\\/logo\\\/image\\\/\"},\"sameAs\":[\"https:\\\/\\\/www.facebook.com\\\/qtmm.info\\\/\"]},{\"@type\":\"Person\",\"@id\":\"https:\\\/\\\/qtmm.org\\\/qt\\\/#\\\/schema\\\/person\\\/de562469f971dec226ac06e60bbf74a7\",\"name\":\"Developer\",\"image\":{\"@type\":\"ImageObject\",\"inLanguage\":\"qt\",\"@id\":\"https:\\\/\\\/secure.gravatar.com\\\/avatar\\\/392b4cc8fbfeb00b39dfeeab4ee6edded39ffd48e25858637e4765810300227e?s=96&d=mm&r=g\",\"url\":\"https:\\\/\\\/secure.gravatar.com\\\/avatar\\\/392b4cc8fbfeb00b39dfeeab4ee6edded39ffd48e25858637e4765810300227e?s=96&d=mm&r=g\",\"contentUrl\":\"https:\\\/\\\/secure.gravatar.com\\\/avatar\\\/392b4cc8fbfeb00b39dfeeab4ee6edded39ffd48e25858637e4765810300227e?s=96&d=mm&r=g\",\"caption\":\"Developer\"},\"url\":\"https:\\\/\\\/qtmm.org\\\/qt\\\/author\\\/Developer\\\/\"}]}<\/script>\n<!-- \/ Yoast SEO plugin. -->","yoast_head_json":{"title":"Mehmet Samsar: Haqara forum ke\u00e7irmek \u011fayesini pek faydal\u0131, dep sayam\u0131z! - \u041c\u0435\u0434\u0436\u043b\u0456\u0441","robots":{"index":"index","follow":"follow","max-snippet":"max-snippet:-1","max-image-preview":"max-image-preview:large","max-video-preview":"max-video-preview:-1"},"canonical":"https:\/\/qtmm.org\/qt\/mehmet-samsar-haqara-forum-kecirmek-gayesini-pek-faydali-dep-sayamiz\/","og_locale":"en_US","og_type":"article","og_title":"Mehmet Samsar: Haqara forum ke\u00e7irmek \u011fayesini pek faydal\u0131, dep sayam\u0131z! - \u041c\u0435\u0434\u0436\u043b\u0456\u0441","og_description":"T\u00fcrkiye Cumhuriyetini\u00f1 El\u00e7isi ba\u015fta Milliy Meclisni\u00f1 ya\u00f1\u0131 saylan\u011fan azalar\u0131n\u0131 hay\u0131rlad\u0131. O qayd etti ki, &#8220;q\u0131r\u0131mtatarlarnen i\u015fbirligimiz ep quvetle\u015fe ve mahsuldar olmaqta. T\u00fcrkiye q\u0131r\u0131mtatarlar\u0131 ile aqrabad\u0131r ve bundan da yaq\u0131nd\u0131r. Biz bu ba\u011flar\u0131m\u0131zn\u0131 T\u00fcrkiye ve Ukraina aras\u0131ndaki qaviy bir k\u00f6p\u00fcrdir, dep sayam\u0131z. Q\u0131r\u0131mtatarlar faqat Q\u0131r\u0131mn\u0131\u00f1 degil de, b\u00fct\u00fcn Ukraina medeniy bayl\u0131\u011f\u0131n\u0131\u00f1 vekilleridir&#8221;. On\u0131\u00f1 fikrince Ukraina akimiyeti [&hellip;]","og_url":"https:\/\/qtmm.org\/qt\/mehmet-samsar-haqara-forum-kecirmek-gayesini-pek-faydali-dep-sayamiz\/","og_site_name":"\u041c\u0435\u0434\u0436\u043b\u0456\u0441","article_publisher":"https:\/\/www.facebook.com\/qtmm.info\/","article_published_time":"2013-11-21T18:00:00+00:00","article_modified_time":"2022-01-26T18:01:43+00:00","og_image":[{"width":650,"height":372,"url":"https:\/\/qtmm.org\/wp-content\/uploads\/2022\/01\/wss_3589.jpeg","type":"image\/jpeg"}],"author":"Developer","twitter_card":"summary_large_image","twitter_misc":{"Written by":"Developer","Est. reading time":"2 minutes"},"schema":{"@context":"https:\/\/schema.org","@graph":[{"@type":"Article","@id":"https:\/\/qtmm.org\/qt\/mehmet-samsar-haqara-forum-kecirmek-gayesini-pek-faydali-dep-sayamiz\/#article","isPartOf":{"@id":"https:\/\/qtmm.org\/qt\/mehmet-samsar-haqara-forum-kecirmek-gayesini-pek-faydali-dep-sayamiz\/"},"author":{"name":"Developer","@id":"https:\/\/qtmm.org\/qt\/#\/schema\/person\/de562469f971dec226ac06e60bbf74a7"},"headline":"Mehmet Samsar: Haqara forum ke\u00e7irmek \u011fayesini pek faydal\u0131, dep sayam\u0131z!","datePublished":"2013-11-21T18:00:00+00:00","dateModified":"2022-01-26T18:01:43+00:00","mainEntityOfPage":{"@id":"https:\/\/qtmm.org\/qt\/mehmet-samsar-haqara-forum-kecirmek-gayesini-pek-faydali-dep-sayamiz\/"},"wordCount":461,"commentCount":0,"publisher":{"@id":"https:\/\/qtmm.org\/qt\/#organization"},"image":{"@id":"https:\/\/qtmm.org\/qt\/mehmet-samsar-haqara-forum-kecirmek-gayesini-pek-faydali-dep-sayamiz\/#primaryimage"},"thumbnailUrl":"https:\/\/qtmm.org\/wp-content\/uploads\/2022\/01\/wss_3589.jpeg","articleSection":["Haberler"],"inLanguage":"qt","potentialAction":[{"@type":"CommentAction","name":"Comment","target":["https:\/\/qtmm.org\/qt\/mehmet-samsar-haqara-forum-kecirmek-gayesini-pek-faydali-dep-sayamiz\/#respond"]}]},{"@type":"WebPage","@id":"https:\/\/qtmm.org\/qt\/mehmet-samsar-haqara-forum-kecirmek-gayesini-pek-faydali-dep-sayamiz\/","url":"https:\/\/qtmm.org\/qt\/mehmet-samsar-haqara-forum-kecirmek-gayesini-pek-faydali-dep-sayamiz\/","name":"Mehmet Samsar: Haqara forum ke\u00e7irmek \u011fayesini pek faydal\u0131, dep sayam\u0131z! - \u041c\u0435\u0434\u0436\u043b\u0456\u0441","isPartOf":{"@id":"https:\/\/qtmm.org\/qt\/#website"},"primaryImageOfPage":{"@id":"https:\/\/qtmm.org\/qt\/mehmet-samsar-haqara-forum-kecirmek-gayesini-pek-faydali-dep-sayamiz\/#primaryimage"},"image":{"@id":"https:\/\/qtmm.org\/qt\/mehmet-samsar-haqara-forum-kecirmek-gayesini-pek-faydali-dep-sayamiz\/#primaryimage"},"thumbnailUrl":"https:\/\/qtmm.org\/wp-content\/uploads\/2022\/01\/wss_3589.jpeg","datePublished":"2013-11-21T18:00:00+00:00","dateModified":"2022-01-26T18:01:43+00:00","breadcrumb":{"@id":"https:\/\/qtmm.org\/qt\/mehmet-samsar-haqara-forum-kecirmek-gayesini-pek-faydali-dep-sayamiz\/#breadcrumb"},"inLanguage":"qt","potentialAction":[{"@type":"ReadAction","target":["https:\/\/qtmm.org\/qt\/mehmet-samsar-haqara-forum-kecirmek-gayesini-pek-faydali-dep-sayamiz\/"]}]},{"@type":"ImageObject","inLanguage":"qt","@id":"https:\/\/qtmm.org\/qt\/mehmet-samsar-haqara-forum-kecirmek-gayesini-pek-faydali-dep-sayamiz\/#primaryimage","url":"https:\/\/qtmm.org\/wp-content\/uploads\/2022\/01\/wss_3589.jpeg","contentUrl":"https:\/\/qtmm.org\/wp-content\/uploads\/2022\/01\/wss_3589.jpeg","width":650,"height":372},{"@type":"BreadcrumbList","@id":"https:\/\/qtmm.org\/qt\/mehmet-samsar-haqara-forum-kecirmek-gayesini-pek-faydali-dep-sayamiz\/#breadcrumb","itemListElement":[{"@type":"ListItem","position":1,"name":"\u0413\u043e\u043b\u043e\u0432\u043d\u0430","item":"https:\/\/qtmm.org\/qt\/"},{"@type":"ListItem","position":2,"name":"Mehmet Samsar: Haqara forum ke\u00e7irmek \u011fayesini pek faydal\u0131, dep sayam\u0131z!"}]},{"@type":"WebSite","@id":"https:\/\/qtmm.org\/qt\/#website","url":"https:\/\/qtmm.org\/qt\/","name":"\u041c\u0435\u0434\u0436\u043b\u0456\u0441","description":"","publisher":{"@id":"https:\/\/qtmm.org\/qt\/#organization"},"potentialAction":[{"@type":"SearchAction","target":{"@type":"EntryPoint","urlTemplate":"https:\/\/qtmm.org\/qt\/?s={search_term_string}"},"query-input":{"@type":"PropertyValueSpecification","valueRequired":true,"valueName":"search_term_string"}}],"inLanguage":"qt"},{"@type":"Organization","@id":"https:\/\/qtmm.org\/qt\/#organization","name":"\u041c\u0435\u0434\u0436\u043b\u0456\u0441","url":"https:\/\/qtmm.org\/qt\/","logo":{"@type":"ImageObject","inLanguage":"qt","@id":"https:\/\/qtmm.org\/qt\/#\/schema\/logo\/image\/","url":"https:\/\/qtmm.org\/wp-content\/uploads\/2024\/12\/ua-mejlis-logo-rgb.svg","contentUrl":"https:\/\/qtmm.org\/wp-content\/uploads\/2024\/12\/ua-mejlis-logo-rgb.svg","caption":"\u041c\u0435\u0434\u0436\u043b\u0456\u0441"},"image":{"@id":"https:\/\/qtmm.org\/qt\/#\/schema\/logo\/image\/"},"sameAs":["https:\/\/www.facebook.com\/qtmm.info\/"]},{"@type":"Person","@id":"https:\/\/qtmm.org\/qt\/#\/schema\/person\/de562469f971dec226ac06e60bbf74a7","name":"Developer","image":{"@type":"ImageObject","inLanguage":"qt","@id":"https:\/\/secure.gravatar.com\/avatar\/392b4cc8fbfeb00b39dfeeab4ee6edded39ffd48e25858637e4765810300227e?s=96&d=mm&r=g","url":"https:\/\/secure.gravatar.com\/avatar\/392b4cc8fbfeb00b39dfeeab4ee6edded39ffd48e25858637e4765810300227e?s=96&d=mm&r=g","contentUrl":"https:\/\/secure.gravatar.com\/avatar\/392b4cc8fbfeb00b39dfeeab4ee6edded39ffd48e25858637e4765810300227e?s=96&d=mm&r=g","caption":"Developer"},"url":"https:\/\/qtmm.org\/qt\/author\/Developer\/"}]}},"_links":{"self":[{"href":"https:\/\/qtmm.org\/qt\/wp-json\/wp\/v2\/posts\/40884","targetHints":{"allow":["GET"]}}],"collection":[{"href":"https:\/\/qtmm.org\/qt\/wp-json\/wp\/v2\/posts"}],"about":[{"href":"https:\/\/qtmm.org\/qt\/wp-json\/wp\/v2\/types\/post"}],"author":[{"embeddable":true,"href":"https:\/\/qtmm.org\/qt\/wp-json\/wp\/v2\/users\/1"}],"replies":[{"embeddable":true,"href":"https:\/\/qtmm.org\/qt\/wp-json\/wp\/v2\/comments?post=40884"}],"version-history":[{"count":1,"href":"https:\/\/qtmm.org\/qt\/wp-json\/wp\/v2\/posts\/40884\/revisions"}],"predecessor-version":[{"id":40896,"href":"https:\/\/qtmm.org\/qt\/wp-json\/wp\/v2\/posts\/40884\/revisions\/40896"}],"wp:featuredmedia":[{"embeddable":true,"href":"https:\/\/qtmm.org\/qt\/wp-json\/wp\/v2\/media\/40890"}],"wp:attachment":[{"href":"https:\/\/qtmm.org\/qt\/wp-json\/wp\/v2\/media?parent=40884"}],"wp:term":[{"taxonomy":"category","embeddable":true,"href":"https:\/\/qtmm.org\/qt\/wp-json\/wp\/v2\/categories?post=40884"},{"taxonomy":"post_tag","embeddable":true,"href":"https:\/\/qtmm.org\/qt\/wp-json\/wp\/v2\/tags?post=40884"}],"curies":[{"name":"wp","href":"https:\/\/api.w.org\/{rel}","templated":true}]}}