




{"id":40851,"date":"2013-11-21T20:57:00","date_gmt":"2013-11-21T17:57:00","guid":{"rendered":"http:\/\/qtmm.org\/?p=40851"},"modified":"2022-01-26T20:59:00","modified_gmt":"2022-01-26T17:59:00","slug":"zaur-smirnov-biz-em-ukraina-ukumeti-em-prezidentnin-avropa-integratsiyasina-dogru-areketlerine-qoltutmaga-azirmiz","status":"publish","type":"post","link":"https:\/\/qtmm.org\/qt\/zaur-smirnov-biz-em-ukraina-ukumeti-em-prezidentnin-avropa-integratsiyasina-dogru-areketlerine-qoltutmaga-azirmiz\/","title":{"rendered":"Zaur Smirnov: Biz em Ukraina \u00fck\u00fcmeti, em Prezidentni\u00f1 Avropa integratsiyas\u0131na do\u011fru areketlerine qoltutma\u011fa az\u0131rm\u0131z"},"content":{"rendered":"\n<p>Meclis reisini\u00f1 muavini Meclis yolba\u015f\u00e7\u0131lar\u0131n\u0131\u00f1 diplomatik missiyalar ve Ukrainada akkreditatsiya etilgen halqara te\u015fkil\u00e2t yolba\u015f\u00e7\u0131lar\u0131 ile ery\u0131ll\u0131q 3-nci k\u00f6r\u00fc\u015f\u00fcvinde Ukrainan\u0131\u00f1 Avropa integratsiyas\u0131na taba y\u00f6neli\u015fine qoltutqan\u0131n\u0131 bildirdi.<\/p>\n\n\n\n<figure class=\"wp-block-image size-full\"><img loading=\"lazy\" decoding=\"async\" width=\"650\" height=\"360\" src=\"http:\/\/qtmm.org\/wp-content\/uploads\/2022\/01\/wss_3658.jpeg\" alt=\"\" class=\"wp-image-40852\" srcset=\"https:\/\/qtmm.org\/wp-content\/uploads\/2022\/01\/wss_3658.jpeg 650w, https:\/\/qtmm.org\/wp-content\/uploads\/2022\/01\/wss_3658-300x166.jpeg 300w\" sizes=\"auto, (max-width: 650px) 100vw, 650px\" \/><\/figure>\n\n\n\n<p>&#8220;\u0130lk-evel\u00e2 men \u015fun\u0131 qayd etmek isterdim ki, biz Q\u0131r\u0131mtatar halq\u0131n\u0131\u00f1 Meclisi olaraq, halq olaraq Ukrainan\u0131\u00f1 Avropa Birliginen birle\u015fme aqq\u0131nda a\u00f1la\u015fma imzalanmas\u0131 etraf\u0131ndaki vaqialar i\u00e7\u00fcn Ukraina ile birlikte qasevet etemiz&#8221;, &#8211; dedi Meclis reisini\u00f1 muavini, Meclisni\u00f1 milliy idare organlar\u0131, QMC devlet icra akimiyeti, yerli idare organlar\u0131 ve b\u00fct\u00fcn seviyelerdeki \u015furalarn\u0131\u00f1 deputatlar\u0131 ile i\u015f boyunca idareni\u00f1 ba\u015f\u0131 Zaur Smirnov. \u2013 &#8220;Q\u0131r\u0131mtatar halq\u0131n\u0131\u00f1 Meclisi Ukrainan\u0131\u00f1 Avropa integratsiyas\u0131 y\u00f6neli\u015fi ve demokratik tedbirler tarafdar\u0131 olaraq, mezk\u00fcr leyhan\u0131\u00f1 ker\u00e7ekle\u015fmesine daima qoltutt\u0131&#8221;.<\/p>\n\n\n\n<p>&#8220;Q\u0131r\u0131mtatar meselesine kelsek, biz Avropa komissar\u0131 Aqmescitte sent\u00e2br 19 k\u00fcn\u00fc taqdim ettigi yol haritas\u0131n\u0131\u00f1 &#8211; em Halqara forum ke\u00e7irilmesine dair q\u0131sm\u0131, em akimiyet ile dialog, biz bu\u00f1a az\u0131rm\u0131z, q\u0131sm\u0131na, em milliy idare organlar\u0131m\u0131zn\u0131 inki\u015faf ettir\u00fcvge dair q\u0131sm\u0131n\u0131 amelge ke\u00e7irmege az\u0131rm\u0131z. Tabiiy ki, q\u0131r\u0131mtatar halq\u0131 s\u00fcrg\u00fcnligini\u00f1 70 y\u0131ll\u0131\u011f\u0131 arfesinde on\u0131\u00f1 aqlar\u0131n\u0131 \u011fayr\u0131dan tiklegen qanunn\u0131\u00f1 qabul etilmesine \u00fcm\u00fcdimiz b\u00fcy\u00fck. Men bellesem, bu meseleni muzakere etmekni\u00f1 bile aceti yoqt\u0131r, bunda i\u00e7 bir t\u00fcrl\u00fc siyaset yoq&#8221;.<\/p>\n\n\n\n<p>Hat\u0131rlatam\u0131z ki,&nbsp;<em>2013 senesi noyabr 21 k\u00fcn\u00fc Kiyevde Meclis yolba\u015f\u00e7\u0131lar\u0131n\u0131\u00f1 diplomatik missiyalar ve Ukrainada akkreditatsiya etilgen halqara te\u015fkil\u00e2t yolba\u015f\u00e7\u0131lar\u0131 ile ery\u0131ll\u0131q 3-nci k\u00f6r\u00fc\u015f\u00fcvi ol\u0131p ke\u00e7ti.<\/em><\/p>\n\n\n\n<p><em>K\u00f6r\u00fc\u015f\u00fcvde \u00e7et devlet el\u00e7ilikleri, BMT, Avropa Birligi kibi halqara te\u015fkil\u00e2tlar, Migratsiya boyunca halqara te\u015fkil\u00e2tn\u0131\u00f1 Ukrainadaki temsilciligi, BMT aliy komissar\u0131 idaresini\u00f1 Beyazrusiye, Moldova ve Ukraina boyunca temsilciligini\u00f1 30-dan ziyade vekilleri,<\/em><\/p>\n\n\n\n<p><em>K\u00f6r\u00fc\u015f\u00fcvni\u00f1 resmiy te\u015fkil\u00e2t\u00e7\u0131s\u0131 &#8220;Q\u0131r\u0131m inki\u015faf\u0131 fond\u0131&#8221; hayriye te\u015fkil\u00e2t\u0131, orta\u011f\u0131 ise &#8220;Q\u0131r\u0131m Halqara Biznes Birle\u015fmesi&#8221; old\u0131lar.<\/em><\/p>\n\n\n\n<figure class=\"wp-block-image size-full\"><img loading=\"lazy\" decoding=\"async\" width=\"650\" height=\"381\" src=\"http:\/\/qtmm.org\/wp-content\/uploads\/2022\/01\/wss_3429.jpeg\" alt=\"\" class=\"wp-image-40864\" srcset=\"https:\/\/qtmm.org\/wp-content\/uploads\/2022\/01\/wss_3429.jpeg 650w, https:\/\/qtmm.org\/wp-content\/uploads\/2022\/01\/wss_3429-300x176.jpeg 300w\" sizes=\"auto, (max-width: 650px) 100vw, 650px\" \/><\/figure>\n","protected":false},"excerpt":{"rendered":"<p>Meclis reisini\u00f1 muavini Meclis yolba\u015f\u00e7\u0131lar\u0131n\u0131\u00f1 diplomatik missiyalar ve Ukrainada akkreditatsiya etilgen halqara te\u015fkil\u00e2t yolba\u015f\u00e7\u0131lar\u0131 ile ery\u0131ll\u0131q 3-nci k\u00f6r\u00fc\u015f\u00fcvinde Ukrainan\u0131\u00f1 Avropa integratsiyas\u0131na taba y\u00f6neli\u015fine qoltutqan\u0131n\u0131 bildirdi. &#8220;\u0130lk-evel\u00e2 men \u015fun\u0131 qayd etmek isterdim ki, biz Q\u0131r\u0131mtatar halq\u0131n\u0131\u00f1 Meclisi olaraq, halq olaraq Ukrainan\u0131\u00f1 Avropa Birliginen birle\u015fme aqq\u0131nda a\u00f1la\u015fma imzalanmas\u0131 etraf\u0131ndaki vaqialar i\u00e7\u00fcn Ukraina ile birlikte qasevet etemiz&#8221;, &#8211; [&hellip;]<\/p>\n","protected":false},"author":1,"featured_media":40857,"comment_status":"open","ping_status":"open","sticky":false,"template":"","format":"standard","meta":{"inline_featured_image":false,"footnotes":""},"categories":[265],"tags":[],"class_list":["post-40851","post","type-post","status-publish","format-standard","has-post-thumbnail","hentry","category-haberler"],"acf":[],"yoast_head":"<!-- This site is optimized with the Yoast SEO plugin v27.4 - https:\/\/yoast.com\/product\/yoast-seo-wordpress\/ -->\n<title>Zaur Smirnov: Biz em Ukraina \u00fck\u00fcmeti, em Prezidentni\u00f1 Avropa integratsiyas\u0131na do\u011fru areketlerine qoltutma\u011fa az\u0131rm\u0131z - \u041c\u0435\u0434\u0436\u043b\u0456\u0441<\/title>\n<meta name=\"robots\" content=\"index, follow, max-snippet:-1, max-image-preview:large, max-video-preview:-1\" \/>\n<link rel=\"canonical\" href=\"https:\/\/qtmm.org\/qt\/zaur-smirnov-biz-em-ukraina-ukumeti-em-prezidentnin-avropa-integratsiyasina-dogru-areketlerine-qoltutmaga-azirmiz\/\" \/>\n<meta property=\"og:locale\" content=\"en_US\" \/>\n<meta property=\"og:type\" content=\"article\" \/>\n<meta property=\"og:title\" content=\"Zaur Smirnov: Biz em Ukraina \u00fck\u00fcmeti, em Prezidentni\u00f1 Avropa integratsiyas\u0131na do\u011fru areketlerine qoltutma\u011fa az\u0131rm\u0131z - \u041c\u0435\u0434\u0436\u043b\u0456\u0441\" \/>\n<meta property=\"og:description\" content=\"Meclis reisini\u00f1 muavini Meclis yolba\u015f\u00e7\u0131lar\u0131n\u0131\u00f1 diplomatik missiyalar ve Ukrainada akkreditatsiya etilgen halqara te\u015fkil\u00e2t yolba\u015f\u00e7\u0131lar\u0131 ile ery\u0131ll\u0131q 3-nci k\u00f6r\u00fc\u015f\u00fcvinde Ukrainan\u0131\u00f1 Avropa integratsiyas\u0131na taba y\u00f6neli\u015fine qoltutqan\u0131n\u0131 bildirdi. &#8220;\u0130lk-evel\u00e2 men \u015fun\u0131 qayd etmek isterdim ki, biz Q\u0131r\u0131mtatar halq\u0131n\u0131\u00f1 Meclisi olaraq, halq olaraq Ukrainan\u0131\u00f1 Avropa Birliginen birle\u015fme aqq\u0131nda a\u00f1la\u015fma imzalanmas\u0131 etraf\u0131ndaki vaqialar i\u00e7\u00fcn Ukraina ile birlikte qasevet etemiz&#8221;, &#8211; [&hellip;]\" \/>\n<meta property=\"og:url\" content=\"https:\/\/qtmm.org\/qt\/zaur-smirnov-biz-em-ukraina-ukumeti-em-prezidentnin-avropa-integratsiyasina-dogru-areketlerine-qoltutmaga-azirmiz\/\" \/>\n<meta property=\"og:site_name\" content=\"\u041c\u0435\u0434\u0436\u043b\u0456\u0441\" \/>\n<meta property=\"article:publisher\" content=\"https:\/\/www.facebook.com\/qtmm.info\/\" \/>\n<meta property=\"article:published_time\" content=\"2013-11-21T17:57:00+00:00\" \/>\n<meta property=\"article:modified_time\" content=\"2022-01-26T17:59:00+00:00\" \/>\n<meta property=\"og:image\" content=\"https:\/\/qtmm.org\/wp-content\/uploads\/2022\/01\/wss_3545.jpeg\" \/>\n\t<meta property=\"og:image:width\" content=\"650\" \/>\n\t<meta property=\"og:image:height\" content=\"385\" \/>\n\t<meta property=\"og:image:type\" content=\"image\/jpeg\" \/>\n<meta name=\"author\" content=\"Developer\" \/>\n<meta name=\"twitter:card\" content=\"summary_large_image\" \/>\n<meta name=\"twitter:label1\" content=\"Written by\" \/>\n\t<meta name=\"twitter:data1\" content=\"Developer\" \/>\n\t<meta name=\"twitter:label2\" content=\"Est. reading time\" \/>\n\t<meta name=\"twitter:data2\" content=\"2 minutes\" \/>\n<script type=\"application\/ld+json\" class=\"yoast-schema-graph\">{\"@context\":\"https:\\\/\\\/schema.org\",\"@graph\":[{\"@type\":\"Article\",\"@id\":\"https:\\\/\\\/qtmm.org\\\/qt\\\/zaur-smirnov-biz-em-ukraina-ukumeti-em-prezidentnin-avropa-integratsiyasina-dogru-areketlerine-qoltutmaga-azirmiz\\\/#article\",\"isPartOf\":{\"@id\":\"https:\\\/\\\/qtmm.org\\\/qt\\\/zaur-smirnov-biz-em-ukraina-ukumeti-em-prezidentnin-avropa-integratsiyasina-dogru-areketlerine-qoltutmaga-azirmiz\\\/\"},\"author\":{\"name\":\"Developer\",\"@id\":\"https:\\\/\\\/qtmm.org\\\/qt\\\/#\\\/schema\\\/person\\\/de562469f971dec226ac06e60bbf74a7\"},\"headline\":\"Zaur Smirnov: Biz em Ukraina \u00fck\u00fcmeti, em Prezidentni\u00f1 Avropa integratsiyas\u0131na do\u011fru areketlerine qoltutma\u011fa az\u0131rm\u0131z\",\"datePublished\":\"2013-11-21T17:57:00+00:00\",\"dateModified\":\"2022-01-26T17:59:00+00:00\",\"mainEntityOfPage\":{\"@id\":\"https:\\\/\\\/qtmm.org\\\/qt\\\/zaur-smirnov-biz-em-ukraina-ukumeti-em-prezidentnin-avropa-integratsiyasina-dogru-areketlerine-qoltutmaga-azirmiz\\\/\"},\"wordCount\":357,\"commentCount\":0,\"publisher\":{\"@id\":\"https:\\\/\\\/qtmm.org\\\/qt\\\/#organization\"},\"image\":{\"@id\":\"https:\\\/\\\/qtmm.org\\\/qt\\\/zaur-smirnov-biz-em-ukraina-ukumeti-em-prezidentnin-avropa-integratsiyasina-dogru-areketlerine-qoltutmaga-azirmiz\\\/#primaryimage\"},\"thumbnailUrl\":\"https:\\\/\\\/qtmm.org\\\/wp-content\\\/uploads\\\/2022\\\/01\\\/wss_3545.jpeg\",\"articleSection\":[\"Haberler\"],\"inLanguage\":\"qt\",\"potentialAction\":[{\"@type\":\"CommentAction\",\"name\":\"Comment\",\"target\":[\"https:\\\/\\\/qtmm.org\\\/qt\\\/zaur-smirnov-biz-em-ukraina-ukumeti-em-prezidentnin-avropa-integratsiyasina-dogru-areketlerine-qoltutmaga-azirmiz\\\/#respond\"]}]},{\"@type\":\"WebPage\",\"@id\":\"https:\\\/\\\/qtmm.org\\\/qt\\\/zaur-smirnov-biz-em-ukraina-ukumeti-em-prezidentnin-avropa-integratsiyasina-dogru-areketlerine-qoltutmaga-azirmiz\\\/\",\"url\":\"https:\\\/\\\/qtmm.org\\\/qt\\\/zaur-smirnov-biz-em-ukraina-ukumeti-em-prezidentnin-avropa-integratsiyasina-dogru-areketlerine-qoltutmaga-azirmiz\\\/\",\"name\":\"Zaur Smirnov: Biz em Ukraina \u00fck\u00fcmeti, em Prezidentni\u00f1 Avropa integratsiyas\u0131na do\u011fru areketlerine qoltutma\u011fa az\u0131rm\u0131z - \u041c\u0435\u0434\u0436\u043b\u0456\u0441\",\"isPartOf\":{\"@id\":\"https:\\\/\\\/qtmm.org\\\/qt\\\/#website\"},\"primaryImageOfPage\":{\"@id\":\"https:\\\/\\\/qtmm.org\\\/qt\\\/zaur-smirnov-biz-em-ukraina-ukumeti-em-prezidentnin-avropa-integratsiyasina-dogru-areketlerine-qoltutmaga-azirmiz\\\/#primaryimage\"},\"image\":{\"@id\":\"https:\\\/\\\/qtmm.org\\\/qt\\\/zaur-smirnov-biz-em-ukraina-ukumeti-em-prezidentnin-avropa-integratsiyasina-dogru-areketlerine-qoltutmaga-azirmiz\\\/#primaryimage\"},\"thumbnailUrl\":\"https:\\\/\\\/qtmm.org\\\/wp-content\\\/uploads\\\/2022\\\/01\\\/wss_3545.jpeg\",\"datePublished\":\"2013-11-21T17:57:00+00:00\",\"dateModified\":\"2022-01-26T17:59:00+00:00\",\"breadcrumb\":{\"@id\":\"https:\\\/\\\/qtmm.org\\\/qt\\\/zaur-smirnov-biz-em-ukraina-ukumeti-em-prezidentnin-avropa-integratsiyasina-dogru-areketlerine-qoltutmaga-azirmiz\\\/#breadcrumb\"},\"inLanguage\":\"qt\",\"potentialAction\":[{\"@type\":\"ReadAction\",\"target\":[\"https:\\\/\\\/qtmm.org\\\/qt\\\/zaur-smirnov-biz-em-ukraina-ukumeti-em-prezidentnin-avropa-integratsiyasina-dogru-areketlerine-qoltutmaga-azirmiz\\\/\"]}]},{\"@type\":\"ImageObject\",\"inLanguage\":\"qt\",\"@id\":\"https:\\\/\\\/qtmm.org\\\/qt\\\/zaur-smirnov-biz-em-ukraina-ukumeti-em-prezidentnin-avropa-integratsiyasina-dogru-areketlerine-qoltutmaga-azirmiz\\\/#primaryimage\",\"url\":\"https:\\\/\\\/qtmm.org\\\/wp-content\\\/uploads\\\/2022\\\/01\\\/wss_3545.jpeg\",\"contentUrl\":\"https:\\\/\\\/qtmm.org\\\/wp-content\\\/uploads\\\/2022\\\/01\\\/wss_3545.jpeg\",\"width\":650,\"height\":385},{\"@type\":\"BreadcrumbList\",\"@id\":\"https:\\\/\\\/qtmm.org\\\/qt\\\/zaur-smirnov-biz-em-ukraina-ukumeti-em-prezidentnin-avropa-integratsiyasina-dogru-areketlerine-qoltutmaga-azirmiz\\\/#breadcrumb\",\"itemListElement\":[{\"@type\":\"ListItem\",\"position\":1,\"name\":\"\u0413\u043e\u043b\u043e\u0432\u043d\u0430\",\"item\":\"https:\\\/\\\/qtmm.org\\\/qt\\\/\"},{\"@type\":\"ListItem\",\"position\":2,\"name\":\"Zaur Smirnov: Biz em Ukraina \u00fck\u00fcmeti, em Prezidentni\u00f1 Avropa integratsiyas\u0131na do\u011fru areketlerine qoltutma\u011fa az\u0131rm\u0131z\"}]},{\"@type\":\"WebSite\",\"@id\":\"https:\\\/\\\/qtmm.org\\\/qt\\\/#website\",\"url\":\"https:\\\/\\\/qtmm.org\\\/qt\\\/\",\"name\":\"\u041c\u0435\u0434\u0436\u043b\u0456\u0441\",\"description\":\"\",\"publisher\":{\"@id\":\"https:\\\/\\\/qtmm.org\\\/qt\\\/#organization\"},\"potentialAction\":[{\"@type\":\"SearchAction\",\"target\":{\"@type\":\"EntryPoint\",\"urlTemplate\":\"https:\\\/\\\/qtmm.org\\\/qt\\\/?s={search_term_string}\"},\"query-input\":{\"@type\":\"PropertyValueSpecification\",\"valueRequired\":true,\"valueName\":\"search_term_string\"}}],\"inLanguage\":\"qt\"},{\"@type\":\"Organization\",\"@id\":\"https:\\\/\\\/qtmm.org\\\/qt\\\/#organization\",\"name\":\"\u041c\u0435\u0434\u0436\u043b\u0456\u0441\",\"url\":\"https:\\\/\\\/qtmm.org\\\/qt\\\/\",\"logo\":{\"@type\":\"ImageObject\",\"inLanguage\":\"qt\",\"@id\":\"https:\\\/\\\/qtmm.org\\\/qt\\\/#\\\/schema\\\/logo\\\/image\\\/\",\"url\":\"https:\\\/\\\/qtmm.org\\\/wp-content\\\/uploads\\\/2024\\\/12\\\/ua-mejlis-logo-rgb.svg\",\"contentUrl\":\"https:\\\/\\\/qtmm.org\\\/wp-content\\\/uploads\\\/2024\\\/12\\\/ua-mejlis-logo-rgb.svg\",\"caption\":\"\u041c\u0435\u0434\u0436\u043b\u0456\u0441\"},\"image\":{\"@id\":\"https:\\\/\\\/qtmm.org\\\/qt\\\/#\\\/schema\\\/logo\\\/image\\\/\"},\"sameAs\":[\"https:\\\/\\\/www.facebook.com\\\/qtmm.info\\\/\"]},{\"@type\":\"Person\",\"@id\":\"https:\\\/\\\/qtmm.org\\\/qt\\\/#\\\/schema\\\/person\\\/de562469f971dec226ac06e60bbf74a7\",\"name\":\"Developer\",\"image\":{\"@type\":\"ImageObject\",\"inLanguage\":\"qt\",\"@id\":\"https:\\\/\\\/secure.gravatar.com\\\/avatar\\\/392b4cc8fbfeb00b39dfeeab4ee6edded39ffd48e25858637e4765810300227e?s=96&d=mm&r=g\",\"url\":\"https:\\\/\\\/secure.gravatar.com\\\/avatar\\\/392b4cc8fbfeb00b39dfeeab4ee6edded39ffd48e25858637e4765810300227e?s=96&d=mm&r=g\",\"contentUrl\":\"https:\\\/\\\/secure.gravatar.com\\\/avatar\\\/392b4cc8fbfeb00b39dfeeab4ee6edded39ffd48e25858637e4765810300227e?s=96&d=mm&r=g\",\"caption\":\"Developer\"},\"url\":\"https:\\\/\\\/qtmm.org\\\/qt\\\/author\\\/Developer\\\/\"}]}<\/script>\n<!-- \/ Yoast SEO plugin. -->","yoast_head_json":{"title":"Zaur Smirnov: Biz em Ukraina \u00fck\u00fcmeti, em Prezidentni\u00f1 Avropa integratsiyas\u0131na do\u011fru areketlerine qoltutma\u011fa az\u0131rm\u0131z - \u041c\u0435\u0434\u0436\u043b\u0456\u0441","robots":{"index":"index","follow":"follow","max-snippet":"max-snippet:-1","max-image-preview":"max-image-preview:large","max-video-preview":"max-video-preview:-1"},"canonical":"https:\/\/qtmm.org\/qt\/zaur-smirnov-biz-em-ukraina-ukumeti-em-prezidentnin-avropa-integratsiyasina-dogru-areketlerine-qoltutmaga-azirmiz\/","og_locale":"en_US","og_type":"article","og_title":"Zaur Smirnov: Biz em Ukraina \u00fck\u00fcmeti, em Prezidentni\u00f1 Avropa integratsiyas\u0131na do\u011fru areketlerine qoltutma\u011fa az\u0131rm\u0131z - \u041c\u0435\u0434\u0436\u043b\u0456\u0441","og_description":"Meclis reisini\u00f1 muavini Meclis yolba\u015f\u00e7\u0131lar\u0131n\u0131\u00f1 diplomatik missiyalar ve Ukrainada akkreditatsiya etilgen halqara te\u015fkil\u00e2t yolba\u015f\u00e7\u0131lar\u0131 ile ery\u0131ll\u0131q 3-nci k\u00f6r\u00fc\u015f\u00fcvinde Ukrainan\u0131\u00f1 Avropa integratsiyas\u0131na taba y\u00f6neli\u015fine qoltutqan\u0131n\u0131 bildirdi. &#8220;\u0130lk-evel\u00e2 men \u015fun\u0131 qayd etmek isterdim ki, biz Q\u0131r\u0131mtatar halq\u0131n\u0131\u00f1 Meclisi olaraq, halq olaraq Ukrainan\u0131\u00f1 Avropa Birliginen birle\u015fme aqq\u0131nda a\u00f1la\u015fma imzalanmas\u0131 etraf\u0131ndaki vaqialar i\u00e7\u00fcn Ukraina ile birlikte qasevet etemiz&#8221;, &#8211; [&hellip;]","og_url":"https:\/\/qtmm.org\/qt\/zaur-smirnov-biz-em-ukraina-ukumeti-em-prezidentnin-avropa-integratsiyasina-dogru-areketlerine-qoltutmaga-azirmiz\/","og_site_name":"\u041c\u0435\u0434\u0436\u043b\u0456\u0441","article_publisher":"https:\/\/www.facebook.com\/qtmm.info\/","article_published_time":"2013-11-21T17:57:00+00:00","article_modified_time":"2022-01-26T17:59:00+00:00","og_image":[{"width":650,"height":385,"url":"https:\/\/qtmm.org\/wp-content\/uploads\/2022\/01\/wss_3545.jpeg","type":"image\/jpeg"}],"author":"Developer","twitter_card":"summary_large_image","twitter_misc":{"Written by":"Developer","Est. reading time":"2 minutes"},"schema":{"@context":"https:\/\/schema.org","@graph":[{"@type":"Article","@id":"https:\/\/qtmm.org\/qt\/zaur-smirnov-biz-em-ukraina-ukumeti-em-prezidentnin-avropa-integratsiyasina-dogru-areketlerine-qoltutmaga-azirmiz\/#article","isPartOf":{"@id":"https:\/\/qtmm.org\/qt\/zaur-smirnov-biz-em-ukraina-ukumeti-em-prezidentnin-avropa-integratsiyasina-dogru-areketlerine-qoltutmaga-azirmiz\/"},"author":{"name":"Developer","@id":"https:\/\/qtmm.org\/qt\/#\/schema\/person\/de562469f971dec226ac06e60bbf74a7"},"headline":"Zaur Smirnov: Biz em Ukraina \u00fck\u00fcmeti, em Prezidentni\u00f1 Avropa integratsiyas\u0131na do\u011fru areketlerine qoltutma\u011fa az\u0131rm\u0131z","datePublished":"2013-11-21T17:57:00+00:00","dateModified":"2022-01-26T17:59:00+00:00","mainEntityOfPage":{"@id":"https:\/\/qtmm.org\/qt\/zaur-smirnov-biz-em-ukraina-ukumeti-em-prezidentnin-avropa-integratsiyasina-dogru-areketlerine-qoltutmaga-azirmiz\/"},"wordCount":357,"commentCount":0,"publisher":{"@id":"https:\/\/qtmm.org\/qt\/#organization"},"image":{"@id":"https:\/\/qtmm.org\/qt\/zaur-smirnov-biz-em-ukraina-ukumeti-em-prezidentnin-avropa-integratsiyasina-dogru-areketlerine-qoltutmaga-azirmiz\/#primaryimage"},"thumbnailUrl":"https:\/\/qtmm.org\/wp-content\/uploads\/2022\/01\/wss_3545.jpeg","articleSection":["Haberler"],"inLanguage":"qt","potentialAction":[{"@type":"CommentAction","name":"Comment","target":["https:\/\/qtmm.org\/qt\/zaur-smirnov-biz-em-ukraina-ukumeti-em-prezidentnin-avropa-integratsiyasina-dogru-areketlerine-qoltutmaga-azirmiz\/#respond"]}]},{"@type":"WebPage","@id":"https:\/\/qtmm.org\/qt\/zaur-smirnov-biz-em-ukraina-ukumeti-em-prezidentnin-avropa-integratsiyasina-dogru-areketlerine-qoltutmaga-azirmiz\/","url":"https:\/\/qtmm.org\/qt\/zaur-smirnov-biz-em-ukraina-ukumeti-em-prezidentnin-avropa-integratsiyasina-dogru-areketlerine-qoltutmaga-azirmiz\/","name":"Zaur Smirnov: Biz em Ukraina \u00fck\u00fcmeti, em Prezidentni\u00f1 Avropa integratsiyas\u0131na do\u011fru areketlerine qoltutma\u011fa az\u0131rm\u0131z - \u041c\u0435\u0434\u0436\u043b\u0456\u0441","isPartOf":{"@id":"https:\/\/qtmm.org\/qt\/#website"},"primaryImageOfPage":{"@id":"https:\/\/qtmm.org\/qt\/zaur-smirnov-biz-em-ukraina-ukumeti-em-prezidentnin-avropa-integratsiyasina-dogru-areketlerine-qoltutmaga-azirmiz\/#primaryimage"},"image":{"@id":"https:\/\/qtmm.org\/qt\/zaur-smirnov-biz-em-ukraina-ukumeti-em-prezidentnin-avropa-integratsiyasina-dogru-areketlerine-qoltutmaga-azirmiz\/#primaryimage"},"thumbnailUrl":"https:\/\/qtmm.org\/wp-content\/uploads\/2022\/01\/wss_3545.jpeg","datePublished":"2013-11-21T17:57:00+00:00","dateModified":"2022-01-26T17:59:00+00:00","breadcrumb":{"@id":"https:\/\/qtmm.org\/qt\/zaur-smirnov-biz-em-ukraina-ukumeti-em-prezidentnin-avropa-integratsiyasina-dogru-areketlerine-qoltutmaga-azirmiz\/#breadcrumb"},"inLanguage":"qt","potentialAction":[{"@type":"ReadAction","target":["https:\/\/qtmm.org\/qt\/zaur-smirnov-biz-em-ukraina-ukumeti-em-prezidentnin-avropa-integratsiyasina-dogru-areketlerine-qoltutmaga-azirmiz\/"]}]},{"@type":"ImageObject","inLanguage":"qt","@id":"https:\/\/qtmm.org\/qt\/zaur-smirnov-biz-em-ukraina-ukumeti-em-prezidentnin-avropa-integratsiyasina-dogru-areketlerine-qoltutmaga-azirmiz\/#primaryimage","url":"https:\/\/qtmm.org\/wp-content\/uploads\/2022\/01\/wss_3545.jpeg","contentUrl":"https:\/\/qtmm.org\/wp-content\/uploads\/2022\/01\/wss_3545.jpeg","width":650,"height":385},{"@type":"BreadcrumbList","@id":"https:\/\/qtmm.org\/qt\/zaur-smirnov-biz-em-ukraina-ukumeti-em-prezidentnin-avropa-integratsiyasina-dogru-areketlerine-qoltutmaga-azirmiz\/#breadcrumb","itemListElement":[{"@type":"ListItem","position":1,"name":"\u0413\u043e\u043b\u043e\u0432\u043d\u0430","item":"https:\/\/qtmm.org\/qt\/"},{"@type":"ListItem","position":2,"name":"Zaur Smirnov: Biz em Ukraina \u00fck\u00fcmeti, em Prezidentni\u00f1 Avropa integratsiyas\u0131na do\u011fru areketlerine qoltutma\u011fa az\u0131rm\u0131z"}]},{"@type":"WebSite","@id":"https:\/\/qtmm.org\/qt\/#website","url":"https:\/\/qtmm.org\/qt\/","name":"\u041c\u0435\u0434\u0436\u043b\u0456\u0441","description":"","publisher":{"@id":"https:\/\/qtmm.org\/qt\/#organization"},"potentialAction":[{"@type":"SearchAction","target":{"@type":"EntryPoint","urlTemplate":"https:\/\/qtmm.org\/qt\/?s={search_term_string}"},"query-input":{"@type":"PropertyValueSpecification","valueRequired":true,"valueName":"search_term_string"}}],"inLanguage":"qt"},{"@type":"Organization","@id":"https:\/\/qtmm.org\/qt\/#organization","name":"\u041c\u0435\u0434\u0436\u043b\u0456\u0441","url":"https:\/\/qtmm.org\/qt\/","logo":{"@type":"ImageObject","inLanguage":"qt","@id":"https:\/\/qtmm.org\/qt\/#\/schema\/logo\/image\/","url":"https:\/\/qtmm.org\/wp-content\/uploads\/2024\/12\/ua-mejlis-logo-rgb.svg","contentUrl":"https:\/\/qtmm.org\/wp-content\/uploads\/2024\/12\/ua-mejlis-logo-rgb.svg","caption":"\u041c\u0435\u0434\u0436\u043b\u0456\u0441"},"image":{"@id":"https:\/\/qtmm.org\/qt\/#\/schema\/logo\/image\/"},"sameAs":["https:\/\/www.facebook.com\/qtmm.info\/"]},{"@type":"Person","@id":"https:\/\/qtmm.org\/qt\/#\/schema\/person\/de562469f971dec226ac06e60bbf74a7","name":"Developer","image":{"@type":"ImageObject","inLanguage":"qt","@id":"https:\/\/secure.gravatar.com\/avatar\/392b4cc8fbfeb00b39dfeeab4ee6edded39ffd48e25858637e4765810300227e?s=96&d=mm&r=g","url":"https:\/\/secure.gravatar.com\/avatar\/392b4cc8fbfeb00b39dfeeab4ee6edded39ffd48e25858637e4765810300227e?s=96&d=mm&r=g","contentUrl":"https:\/\/secure.gravatar.com\/avatar\/392b4cc8fbfeb00b39dfeeab4ee6edded39ffd48e25858637e4765810300227e?s=96&d=mm&r=g","caption":"Developer"},"url":"https:\/\/qtmm.org\/qt\/author\/Developer\/"}]}},"_links":{"self":[{"href":"https:\/\/qtmm.org\/qt\/wp-json\/wp\/v2\/posts\/40851","targetHints":{"allow":["GET"]}}],"collection":[{"href":"https:\/\/qtmm.org\/qt\/wp-json\/wp\/v2\/posts"}],"about":[{"href":"https:\/\/qtmm.org\/qt\/wp-json\/wp\/v2\/types\/post"}],"author":[{"embeddable":true,"href":"https:\/\/qtmm.org\/qt\/wp-json\/wp\/v2\/users\/1"}],"replies":[{"embeddable":true,"href":"https:\/\/qtmm.org\/qt\/wp-json\/wp\/v2\/comments?post=40851"}],"version-history":[{"count":1,"href":"https:\/\/qtmm.org\/qt\/wp-json\/wp\/v2\/posts\/40851\/revisions"}],"predecessor-version":[{"id":40868,"href":"https:\/\/qtmm.org\/qt\/wp-json\/wp\/v2\/posts\/40851\/revisions\/40868"}],"wp:featuredmedia":[{"embeddable":true,"href":"https:\/\/qtmm.org\/qt\/wp-json\/wp\/v2\/media\/40857"}],"wp:attachment":[{"href":"https:\/\/qtmm.org\/qt\/wp-json\/wp\/v2\/media?parent=40851"}],"wp:term":[{"taxonomy":"category","embeddable":true,"href":"https:\/\/qtmm.org\/qt\/wp-json\/wp\/v2\/categories?post=40851"},{"taxonomy":"post_tag","embeddable":true,"href":"https:\/\/qtmm.org\/qt\/wp-json\/wp\/v2\/tags?post=40851"}],"curies":[{"name":"wp","href":"https:\/\/api.w.org\/{rel}","templated":true}]}}