




{"id":40834,"date":"2013-11-21T20:56:00","date_gmt":"2013-11-21T17:56:00","guid":{"rendered":"http:\/\/qtmm.org\/?p=40834"},"modified":"2022-01-26T20:57:20","modified_gmt":"2022-01-26T17:57:20","slug":"brus-donahyu-amerika-qosma-statlari-milliy-meclisnen-mahsuldar-munasebet-qurdi","status":"publish","type":"post","link":"https:\/\/qtmm.org\/qt\/brus-donahyu-amerika-qosma-statlari-milliy-meclisnen-mahsuldar-munasebet-qurdi\/","title":{"rendered":"Br\u00fcs Donahy\u00fc: Amerika Qo\u015fma \u015etatlar\u0131 Milliy Meclisnen mahsuldar munasebet qurd\u0131"},"content":{"rendered":"\n<p>&#8220;Biz Refat \u00c7ubarovn\u0131 Milliy Meclis reisi vazifesine saylan\u011fan\u0131nen hay\u0131rlaym\u0131z.<\/p>\n\n\n\n<p>Bun\u0131\u00f1 kibi de men cenap Cemilevge de reis vazifesinde yapqan i\u015fi i\u00e7\u00fcn te\u015fekk\u00fcr bildirmek isteyim. O, q\u0131r\u0131mtatar halq\u0131n\u0131 ukrain devletinde munasip temsil etti ve biz Meclisnen semereli al\u00e2qalar qurd\u0131q. Biz bu munasebetlerimizni devam ettirmek maqsad\u0131ndam\u0131z. Amerika Ukrainada ve b\u00fct\u00fcn d\u00fcnyada halqlar ailesine \u00f6z medeniyeti ve ananelerini saqlap qal\u011fan\u0131 alda qat\u0131luvnen ba\u011fl\u0131 areketkelerge qoltuta&#8221;.<\/p>\n\n\n\n<figure class=\"wp-block-image size-full\"><img loading=\"lazy\" decoding=\"async\" width=\"650\" height=\"550\" src=\"http:\/\/qtmm.org\/wp-content\/uploads\/2022\/01\/wss_3562.jpeg\" alt=\"\" class=\"wp-image-40836\" srcset=\"https:\/\/qtmm.org\/wp-content\/uploads\/2022\/01\/wss_3562.jpeg 650w, https:\/\/qtmm.org\/wp-content\/uploads\/2022\/01\/wss_3562-300x254.jpeg 300w\" sizes=\"auto, (max-width: 650px) 100vw, 650px\" \/><\/figure>\n\n\n\n<p>Bun\u0131\u00f1 kibi de o, qayd etti ki &#8220;halqara cemaat\u00e7\u0131l\u0131qnen b\u00f6yle dialog qurmaq g\u00fczel bir \u011faye ol\u011fan\u0131na inanam\u0131z, ve biz q\u0131r\u0131mtatar cemiyeti pozitiv inki\u015faf etmesini\u00f1 ya\u00f1\u0131 imk\u00e2nlar\u0131n\u0131 k\u00f6rmek isterdik.<\/p>\n\n\n\n<p>Bu, Ukraina inki\u015faf\u0131na salmaql\u0131 isse olur. Biz bug\u00fcn ayt\u0131l\u011fan er \u015feyge, q\u0131r\u0131mtatar halq\u0131n\u0131\u00f1 halqara cemaat\u00e7\u0131l\u0131qnen munasebetlerini\u00f1 inki\u015faf\u0131na dair ayt\u0131l\u011fan epsi fikirlerge qoltutmaq isterdik&#8221;.<\/p>\n\n\n\n<figure class=\"wp-block-image size-full\"><img loading=\"lazy\" decoding=\"async\" width=\"650\" height=\"355\" src=\"http:\/\/qtmm.org\/wp-content\/uploads\/2022\/01\/wss_3563.jpeg\" alt=\"\" class=\"wp-image-40840\" srcset=\"https:\/\/qtmm.org\/wp-content\/uploads\/2022\/01\/wss_3563.jpeg 650w, https:\/\/qtmm.org\/wp-content\/uploads\/2022\/01\/wss_3563-300x164.jpeg 300w\" sizes=\"auto, (max-width: 650px) 100vw, 650px\" \/><\/figure>\n\n\n\n<p>Hat\u0131rlatam\u0131z ki,&nbsp;<em>2013 senesi noyabr 21 k\u00fcn\u00fc Kiyevde Meclis yolba\u015f\u00e7\u0131lar\u0131n\u0131\u00f1 diplomatik missiyalar ve Ukrainada akkreditatsiya etilgen halqara te\u015fkil\u00e2t yolba\u015f\u00e7\u0131lar\u0131 ile ery\u0131ll\u0131q 3-nci k\u00f6r\u00fc\u015f\u00fcvi ol\u0131p ke\u00e7ti.<\/em><\/p>\n\n\n\n<p><em>K\u00f6r\u00fc\u015f\u00fcvde \u00e7et devlet el\u00e7ilikleri, BMT, Avropa Birligi kibi halqara te\u015fkil\u00e2tlar, Migratsiya boyunca halqara te\u015fkil\u00e2tn\u0131\u00f1 Ukrainadaki temsilciligi, BMT aliy komissar\u0131 idaresini\u00f1 Beyazrusiye, Moldova ve Ukraina boyunca temsilciligini\u00f1 30-dan ziyade vekilleri,<\/em><\/p>\n\n\n\n<p><em>K\u00f6r\u00fc\u015f\u00fcvni\u00f1 resmiy te\u015fkil\u00e2t\u00e7\u0131s\u0131 &#8220;Q\u0131r\u0131m inki\u015faf\u0131 fond\u0131&#8221; hayriye te\u015fkil\u00e2t\u0131, orta\u011f\u0131 ise &#8220;Q\u0131r\u0131m Halqara Biznes Birle\u015fmesi&#8221; old\u0131lar.<\/em><\/p>\n\n\n\n<figure class=\"wp-block-image size-full\"><img loading=\"lazy\" decoding=\"async\" width=\"656\" height=\"306\" src=\"http:\/\/qtmm.org\/wp-content\/uploads\/2022\/01\/wss_3465_1.jpeg\" alt=\"\" class=\"wp-image-40812\" srcset=\"https:\/\/qtmm.org\/wp-content\/uploads\/2022\/01\/wss_3465_1.jpeg 656w, https:\/\/qtmm.org\/wp-content\/uploads\/2022\/01\/wss_3465_1-300x140.jpeg 300w\" sizes=\"auto, (max-width: 656px) 100vw, 656px\" \/><\/figure>\n","protected":false},"excerpt":{"rendered":"<p>&#8220;Biz Refat \u00c7ubarovn\u0131 Milliy Meclis reisi vazifesine saylan\u011fan\u0131nen hay\u0131rlaym\u0131z. Bun\u0131\u00f1 kibi de men cenap Cemilevge de reis vazifesinde yapqan i\u015fi i\u00e7\u00fcn te\u015fekk\u00fcr bildirmek isteyim. O, q\u0131r\u0131mtatar halq\u0131n\u0131 ukrain devletinde munasip temsil etti ve biz Meclisnen semereli al\u00e2qalar qurd\u0131q. Biz bu munasebetlerimizni devam ettirmek maqsad\u0131ndam\u0131z. Amerika Ukrainada ve b\u00fct\u00fcn d\u00fcnyada halqlar ailesine \u00f6z medeniyeti ve ananelerini [&hellip;]<\/p>\n","protected":false},"author":1,"featured_media":0,"comment_status":"open","ping_status":"open","sticky":false,"template":"","format":"standard","meta":{"inline_featured_image":false,"footnotes":""},"categories":[265],"tags":[],"class_list":["post-40834","post","type-post","status-publish","format-standard","hentry","category-haberler"],"acf":[],"yoast_head":"<!-- This site is optimized with the Yoast SEO plugin v27.4 - https:\/\/yoast.com\/product\/yoast-seo-wordpress\/ -->\n<title>Br\u00fcs Donahy\u00fc: Amerika Qo\u015fma \u015etatlar\u0131 Milliy Meclisnen mahsuldar munasebet qurd\u0131 - \u041c\u0435\u0434\u0436\u043b\u0456\u0441<\/title>\n<meta name=\"robots\" content=\"index, follow, max-snippet:-1, max-image-preview:large, max-video-preview:-1\" \/>\n<link rel=\"canonical\" href=\"https:\/\/qtmm.org\/qt\/brus-donahyu-amerika-qosma-statlari-milliy-meclisnen-mahsuldar-munasebet-qurdi\/\" \/>\n<meta property=\"og:locale\" content=\"en_US\" \/>\n<meta property=\"og:type\" content=\"article\" \/>\n<meta property=\"og:title\" content=\"Br\u00fcs Donahy\u00fc: Amerika Qo\u015fma \u015etatlar\u0131 Milliy Meclisnen mahsuldar munasebet qurd\u0131 - \u041c\u0435\u0434\u0436\u043b\u0456\u0441\" \/>\n<meta property=\"og:description\" content=\"&#8220;Biz Refat \u00c7ubarovn\u0131 Milliy Meclis reisi vazifesine saylan\u011fan\u0131nen hay\u0131rlaym\u0131z. Bun\u0131\u00f1 kibi de men cenap Cemilevge de reis vazifesinde yapqan i\u015fi i\u00e7\u00fcn te\u015fekk\u00fcr bildirmek isteyim. O, q\u0131r\u0131mtatar halq\u0131n\u0131 ukrain devletinde munasip temsil etti ve biz Meclisnen semereli al\u00e2qalar qurd\u0131q. Biz bu munasebetlerimizni devam ettirmek maqsad\u0131ndam\u0131z. Amerika Ukrainada ve b\u00fct\u00fcn d\u00fcnyada halqlar ailesine \u00f6z medeniyeti ve ananelerini [&hellip;]\" \/>\n<meta property=\"og:url\" content=\"https:\/\/qtmm.org\/qt\/brus-donahyu-amerika-qosma-statlari-milliy-meclisnen-mahsuldar-munasebet-qurdi\/\" \/>\n<meta property=\"og:site_name\" content=\"\u041c\u0435\u0434\u0436\u043b\u0456\u0441\" \/>\n<meta property=\"article:publisher\" content=\"https:\/\/www.facebook.com\/qtmm.info\/\" \/>\n<meta property=\"article:published_time\" content=\"2013-11-21T17:56:00+00:00\" \/>\n<meta property=\"article:modified_time\" content=\"2022-01-26T17:57:20+00:00\" \/>\n<meta property=\"og:image\" content=\"https:\/\/qtmm.org\/wp-content\/uploads\/2022\/01\/wss_3562.jpeg\" \/>\n\t<meta property=\"og:image:width\" content=\"650\" \/>\n\t<meta property=\"og:image:height\" content=\"550\" \/>\n\t<meta property=\"og:image:type\" content=\"image\/jpeg\" \/>\n<meta name=\"author\" content=\"Developer\" \/>\n<meta name=\"twitter:card\" content=\"summary_large_image\" \/>\n<meta name=\"twitter:label1\" content=\"Written by\" \/>\n\t<meta name=\"twitter:data1\" content=\"Developer\" \/>\n\t<meta name=\"twitter:label2\" content=\"Est. reading time\" \/>\n\t<meta name=\"twitter:data2\" content=\"1 minute\" \/>\n<script type=\"application\/ld+json\" class=\"yoast-schema-graph\">{\"@context\":\"https:\\\/\\\/schema.org\",\"@graph\":[{\"@type\":\"Article\",\"@id\":\"https:\\\/\\\/qtmm.org\\\/qt\\\/brus-donahyu-amerika-qosma-statlari-milliy-meclisnen-mahsuldar-munasebet-qurdi\\\/#article\",\"isPartOf\":{\"@id\":\"https:\\\/\\\/qtmm.org\\\/qt\\\/brus-donahyu-amerika-qosma-statlari-milliy-meclisnen-mahsuldar-munasebet-qurdi\\\/\"},\"author\":{\"name\":\"Developer\",\"@id\":\"https:\\\/\\\/qtmm.org\\\/qt\\\/#\\\/schema\\\/person\\\/de562469f971dec226ac06e60bbf74a7\"},\"headline\":\"Br\u00fcs Donahy\u00fc: Amerika Qo\u015fma \u015etatlar\u0131 Milliy Meclisnen mahsuldar munasebet qurd\u0131\",\"datePublished\":\"2013-11-21T17:56:00+00:00\",\"dateModified\":\"2022-01-26T17:57:20+00:00\",\"mainEntityOfPage\":{\"@id\":\"https:\\\/\\\/qtmm.org\\\/qt\\\/brus-donahyu-amerika-qosma-statlari-milliy-meclisnen-mahsuldar-munasebet-qurdi\\\/\"},\"wordCount\":276,\"commentCount\":0,\"publisher\":{\"@id\":\"https:\\\/\\\/qtmm.org\\\/qt\\\/#organization\"},\"image\":{\"@id\":\"https:\\\/\\\/qtmm.org\\\/qt\\\/brus-donahyu-amerika-qosma-statlari-milliy-meclisnen-mahsuldar-munasebet-qurdi\\\/#primaryimage\"},\"thumbnailUrl\":\"http:\\\/\\\/qtmm.org\\\/wp-content\\\/uploads\\\/2022\\\/01\\\/wss_3562.jpeg\",\"articleSection\":[\"Haberler\"],\"inLanguage\":\"qt\",\"potentialAction\":[{\"@type\":\"CommentAction\",\"name\":\"Comment\",\"target\":[\"https:\\\/\\\/qtmm.org\\\/qt\\\/brus-donahyu-amerika-qosma-statlari-milliy-meclisnen-mahsuldar-munasebet-qurdi\\\/#respond\"]}]},{\"@type\":\"WebPage\",\"@id\":\"https:\\\/\\\/qtmm.org\\\/qt\\\/brus-donahyu-amerika-qosma-statlari-milliy-meclisnen-mahsuldar-munasebet-qurdi\\\/\",\"url\":\"https:\\\/\\\/qtmm.org\\\/qt\\\/brus-donahyu-amerika-qosma-statlari-milliy-meclisnen-mahsuldar-munasebet-qurdi\\\/\",\"name\":\"Br\u00fcs Donahy\u00fc: Amerika Qo\u015fma \u015etatlar\u0131 Milliy Meclisnen mahsuldar munasebet qurd\u0131 - \u041c\u0435\u0434\u0436\u043b\u0456\u0441\",\"isPartOf\":{\"@id\":\"https:\\\/\\\/qtmm.org\\\/qt\\\/#website\"},\"primaryImageOfPage\":{\"@id\":\"https:\\\/\\\/qtmm.org\\\/qt\\\/brus-donahyu-amerika-qosma-statlari-milliy-meclisnen-mahsuldar-munasebet-qurdi\\\/#primaryimage\"},\"image\":{\"@id\":\"https:\\\/\\\/qtmm.org\\\/qt\\\/brus-donahyu-amerika-qosma-statlari-milliy-meclisnen-mahsuldar-munasebet-qurdi\\\/#primaryimage\"},\"thumbnailUrl\":\"http:\\\/\\\/qtmm.org\\\/wp-content\\\/uploads\\\/2022\\\/01\\\/wss_3562.jpeg\",\"datePublished\":\"2013-11-21T17:56:00+00:00\",\"dateModified\":\"2022-01-26T17:57:20+00:00\",\"breadcrumb\":{\"@id\":\"https:\\\/\\\/qtmm.org\\\/qt\\\/brus-donahyu-amerika-qosma-statlari-milliy-meclisnen-mahsuldar-munasebet-qurdi\\\/#breadcrumb\"},\"inLanguage\":\"qt\",\"potentialAction\":[{\"@type\":\"ReadAction\",\"target\":[\"https:\\\/\\\/qtmm.org\\\/qt\\\/brus-donahyu-amerika-qosma-statlari-milliy-meclisnen-mahsuldar-munasebet-qurdi\\\/\"]}]},{\"@type\":\"ImageObject\",\"inLanguage\":\"qt\",\"@id\":\"https:\\\/\\\/qtmm.org\\\/qt\\\/brus-donahyu-amerika-qosma-statlari-milliy-meclisnen-mahsuldar-munasebet-qurdi\\\/#primaryimage\",\"url\":\"http:\\\/\\\/qtmm.org\\\/wp-content\\\/uploads\\\/2022\\\/01\\\/wss_3562.jpeg\",\"contentUrl\":\"http:\\\/\\\/qtmm.org\\\/wp-content\\\/uploads\\\/2022\\\/01\\\/wss_3562.jpeg\"},{\"@type\":\"BreadcrumbList\",\"@id\":\"https:\\\/\\\/qtmm.org\\\/qt\\\/brus-donahyu-amerika-qosma-statlari-milliy-meclisnen-mahsuldar-munasebet-qurdi\\\/#breadcrumb\",\"itemListElement\":[{\"@type\":\"ListItem\",\"position\":1,\"name\":\"\u0413\u043e\u043b\u043e\u0432\u043d\u0430\",\"item\":\"https:\\\/\\\/qtmm.org\\\/qt\\\/\"},{\"@type\":\"ListItem\",\"position\":2,\"name\":\"Br\u00fcs Donahy\u00fc: Amerika Qo\u015fma \u015etatlar\u0131 Milliy Meclisnen mahsuldar munasebet qurd\u0131\"}]},{\"@type\":\"WebSite\",\"@id\":\"https:\\\/\\\/qtmm.org\\\/qt\\\/#website\",\"url\":\"https:\\\/\\\/qtmm.org\\\/qt\\\/\",\"name\":\"\u041c\u0435\u0434\u0436\u043b\u0456\u0441\",\"description\":\"\",\"publisher\":{\"@id\":\"https:\\\/\\\/qtmm.org\\\/qt\\\/#organization\"},\"potentialAction\":[{\"@type\":\"SearchAction\",\"target\":{\"@type\":\"EntryPoint\",\"urlTemplate\":\"https:\\\/\\\/qtmm.org\\\/qt\\\/?s={search_term_string}\"},\"query-input\":{\"@type\":\"PropertyValueSpecification\",\"valueRequired\":true,\"valueName\":\"search_term_string\"}}],\"inLanguage\":\"qt\"},{\"@type\":\"Organization\",\"@id\":\"https:\\\/\\\/qtmm.org\\\/qt\\\/#organization\",\"name\":\"\u041c\u0435\u0434\u0436\u043b\u0456\u0441\",\"url\":\"https:\\\/\\\/qtmm.org\\\/qt\\\/\",\"logo\":{\"@type\":\"ImageObject\",\"inLanguage\":\"qt\",\"@id\":\"https:\\\/\\\/qtmm.org\\\/qt\\\/#\\\/schema\\\/logo\\\/image\\\/\",\"url\":\"https:\\\/\\\/qtmm.org\\\/wp-content\\\/uploads\\\/2024\\\/12\\\/ua-mejlis-logo-rgb.svg\",\"contentUrl\":\"https:\\\/\\\/qtmm.org\\\/wp-content\\\/uploads\\\/2024\\\/12\\\/ua-mejlis-logo-rgb.svg\",\"caption\":\"\u041c\u0435\u0434\u0436\u043b\u0456\u0441\"},\"image\":{\"@id\":\"https:\\\/\\\/qtmm.org\\\/qt\\\/#\\\/schema\\\/logo\\\/image\\\/\"},\"sameAs\":[\"https:\\\/\\\/www.facebook.com\\\/qtmm.info\\\/\"]},{\"@type\":\"Person\",\"@id\":\"https:\\\/\\\/qtmm.org\\\/qt\\\/#\\\/schema\\\/person\\\/de562469f971dec226ac06e60bbf74a7\",\"name\":\"Developer\",\"image\":{\"@type\":\"ImageObject\",\"inLanguage\":\"qt\",\"@id\":\"https:\\\/\\\/secure.gravatar.com\\\/avatar\\\/392b4cc8fbfeb00b39dfeeab4ee6edded39ffd48e25858637e4765810300227e?s=96&d=mm&r=g\",\"url\":\"https:\\\/\\\/secure.gravatar.com\\\/avatar\\\/392b4cc8fbfeb00b39dfeeab4ee6edded39ffd48e25858637e4765810300227e?s=96&d=mm&r=g\",\"contentUrl\":\"https:\\\/\\\/secure.gravatar.com\\\/avatar\\\/392b4cc8fbfeb00b39dfeeab4ee6edded39ffd48e25858637e4765810300227e?s=96&d=mm&r=g\",\"caption\":\"Developer\"},\"url\":\"https:\\\/\\\/qtmm.org\\\/qt\\\/author\\\/Developer\\\/\"}]}<\/script>\n<!-- \/ Yoast SEO plugin. -->","yoast_head_json":{"title":"Br\u00fcs Donahy\u00fc: Amerika Qo\u015fma \u015etatlar\u0131 Milliy Meclisnen mahsuldar munasebet qurd\u0131 - \u041c\u0435\u0434\u0436\u043b\u0456\u0441","robots":{"index":"index","follow":"follow","max-snippet":"max-snippet:-1","max-image-preview":"max-image-preview:large","max-video-preview":"max-video-preview:-1"},"canonical":"https:\/\/qtmm.org\/qt\/brus-donahyu-amerika-qosma-statlari-milliy-meclisnen-mahsuldar-munasebet-qurdi\/","og_locale":"en_US","og_type":"article","og_title":"Br\u00fcs Donahy\u00fc: Amerika Qo\u015fma \u015etatlar\u0131 Milliy Meclisnen mahsuldar munasebet qurd\u0131 - \u041c\u0435\u0434\u0436\u043b\u0456\u0441","og_description":"&#8220;Biz Refat \u00c7ubarovn\u0131 Milliy Meclis reisi vazifesine saylan\u011fan\u0131nen hay\u0131rlaym\u0131z. Bun\u0131\u00f1 kibi de men cenap Cemilevge de reis vazifesinde yapqan i\u015fi i\u00e7\u00fcn te\u015fekk\u00fcr bildirmek isteyim. O, q\u0131r\u0131mtatar halq\u0131n\u0131 ukrain devletinde munasip temsil etti ve biz Meclisnen semereli al\u00e2qalar qurd\u0131q. Biz bu munasebetlerimizni devam ettirmek maqsad\u0131ndam\u0131z. Amerika Ukrainada ve b\u00fct\u00fcn d\u00fcnyada halqlar ailesine \u00f6z medeniyeti ve ananelerini [&hellip;]","og_url":"https:\/\/qtmm.org\/qt\/brus-donahyu-amerika-qosma-statlari-milliy-meclisnen-mahsuldar-munasebet-qurdi\/","og_site_name":"\u041c\u0435\u0434\u0436\u043b\u0456\u0441","article_publisher":"https:\/\/www.facebook.com\/qtmm.info\/","article_published_time":"2013-11-21T17:56:00+00:00","article_modified_time":"2022-01-26T17:57:20+00:00","og_image":[{"width":650,"height":550,"url":"https:\/\/qtmm.org\/wp-content\/uploads\/2022\/01\/wss_3562.jpeg","type":"image\/jpeg"}],"author":"Developer","twitter_card":"summary_large_image","twitter_misc":{"Written by":"Developer","Est. reading time":"1 minute"},"schema":{"@context":"https:\/\/schema.org","@graph":[{"@type":"Article","@id":"https:\/\/qtmm.org\/qt\/brus-donahyu-amerika-qosma-statlari-milliy-meclisnen-mahsuldar-munasebet-qurdi\/#article","isPartOf":{"@id":"https:\/\/qtmm.org\/qt\/brus-donahyu-amerika-qosma-statlari-milliy-meclisnen-mahsuldar-munasebet-qurdi\/"},"author":{"name":"Developer","@id":"https:\/\/qtmm.org\/qt\/#\/schema\/person\/de562469f971dec226ac06e60bbf74a7"},"headline":"Br\u00fcs Donahy\u00fc: Amerika Qo\u015fma \u015etatlar\u0131 Milliy Meclisnen mahsuldar munasebet qurd\u0131","datePublished":"2013-11-21T17:56:00+00:00","dateModified":"2022-01-26T17:57:20+00:00","mainEntityOfPage":{"@id":"https:\/\/qtmm.org\/qt\/brus-donahyu-amerika-qosma-statlari-milliy-meclisnen-mahsuldar-munasebet-qurdi\/"},"wordCount":276,"commentCount":0,"publisher":{"@id":"https:\/\/qtmm.org\/qt\/#organization"},"image":{"@id":"https:\/\/qtmm.org\/qt\/brus-donahyu-amerika-qosma-statlari-milliy-meclisnen-mahsuldar-munasebet-qurdi\/#primaryimage"},"thumbnailUrl":"http:\/\/qtmm.org\/wp-content\/uploads\/2022\/01\/wss_3562.jpeg","articleSection":["Haberler"],"inLanguage":"qt","potentialAction":[{"@type":"CommentAction","name":"Comment","target":["https:\/\/qtmm.org\/qt\/brus-donahyu-amerika-qosma-statlari-milliy-meclisnen-mahsuldar-munasebet-qurdi\/#respond"]}]},{"@type":"WebPage","@id":"https:\/\/qtmm.org\/qt\/brus-donahyu-amerika-qosma-statlari-milliy-meclisnen-mahsuldar-munasebet-qurdi\/","url":"https:\/\/qtmm.org\/qt\/brus-donahyu-amerika-qosma-statlari-milliy-meclisnen-mahsuldar-munasebet-qurdi\/","name":"Br\u00fcs Donahy\u00fc: Amerika Qo\u015fma \u015etatlar\u0131 Milliy Meclisnen mahsuldar munasebet qurd\u0131 - \u041c\u0435\u0434\u0436\u043b\u0456\u0441","isPartOf":{"@id":"https:\/\/qtmm.org\/qt\/#website"},"primaryImageOfPage":{"@id":"https:\/\/qtmm.org\/qt\/brus-donahyu-amerika-qosma-statlari-milliy-meclisnen-mahsuldar-munasebet-qurdi\/#primaryimage"},"image":{"@id":"https:\/\/qtmm.org\/qt\/brus-donahyu-amerika-qosma-statlari-milliy-meclisnen-mahsuldar-munasebet-qurdi\/#primaryimage"},"thumbnailUrl":"http:\/\/qtmm.org\/wp-content\/uploads\/2022\/01\/wss_3562.jpeg","datePublished":"2013-11-21T17:56:00+00:00","dateModified":"2022-01-26T17:57:20+00:00","breadcrumb":{"@id":"https:\/\/qtmm.org\/qt\/brus-donahyu-amerika-qosma-statlari-milliy-meclisnen-mahsuldar-munasebet-qurdi\/#breadcrumb"},"inLanguage":"qt","potentialAction":[{"@type":"ReadAction","target":["https:\/\/qtmm.org\/qt\/brus-donahyu-amerika-qosma-statlari-milliy-meclisnen-mahsuldar-munasebet-qurdi\/"]}]},{"@type":"ImageObject","inLanguage":"qt","@id":"https:\/\/qtmm.org\/qt\/brus-donahyu-amerika-qosma-statlari-milliy-meclisnen-mahsuldar-munasebet-qurdi\/#primaryimage","url":"http:\/\/qtmm.org\/wp-content\/uploads\/2022\/01\/wss_3562.jpeg","contentUrl":"http:\/\/qtmm.org\/wp-content\/uploads\/2022\/01\/wss_3562.jpeg"},{"@type":"BreadcrumbList","@id":"https:\/\/qtmm.org\/qt\/brus-donahyu-amerika-qosma-statlari-milliy-meclisnen-mahsuldar-munasebet-qurdi\/#breadcrumb","itemListElement":[{"@type":"ListItem","position":1,"name":"\u0413\u043e\u043b\u043e\u0432\u043d\u0430","item":"https:\/\/qtmm.org\/qt\/"},{"@type":"ListItem","position":2,"name":"Br\u00fcs Donahy\u00fc: Amerika Qo\u015fma \u015etatlar\u0131 Milliy Meclisnen mahsuldar munasebet qurd\u0131"}]},{"@type":"WebSite","@id":"https:\/\/qtmm.org\/qt\/#website","url":"https:\/\/qtmm.org\/qt\/","name":"\u041c\u0435\u0434\u0436\u043b\u0456\u0441","description":"","publisher":{"@id":"https:\/\/qtmm.org\/qt\/#organization"},"potentialAction":[{"@type":"SearchAction","target":{"@type":"EntryPoint","urlTemplate":"https:\/\/qtmm.org\/qt\/?s={search_term_string}"},"query-input":{"@type":"PropertyValueSpecification","valueRequired":true,"valueName":"search_term_string"}}],"inLanguage":"qt"},{"@type":"Organization","@id":"https:\/\/qtmm.org\/qt\/#organization","name":"\u041c\u0435\u0434\u0436\u043b\u0456\u0441","url":"https:\/\/qtmm.org\/qt\/","logo":{"@type":"ImageObject","inLanguage":"qt","@id":"https:\/\/qtmm.org\/qt\/#\/schema\/logo\/image\/","url":"https:\/\/qtmm.org\/wp-content\/uploads\/2024\/12\/ua-mejlis-logo-rgb.svg","contentUrl":"https:\/\/qtmm.org\/wp-content\/uploads\/2024\/12\/ua-mejlis-logo-rgb.svg","caption":"\u041c\u0435\u0434\u0436\u043b\u0456\u0441"},"image":{"@id":"https:\/\/qtmm.org\/qt\/#\/schema\/logo\/image\/"},"sameAs":["https:\/\/www.facebook.com\/qtmm.info\/"]},{"@type":"Person","@id":"https:\/\/qtmm.org\/qt\/#\/schema\/person\/de562469f971dec226ac06e60bbf74a7","name":"Developer","image":{"@type":"ImageObject","inLanguage":"qt","@id":"https:\/\/secure.gravatar.com\/avatar\/392b4cc8fbfeb00b39dfeeab4ee6edded39ffd48e25858637e4765810300227e?s=96&d=mm&r=g","url":"https:\/\/secure.gravatar.com\/avatar\/392b4cc8fbfeb00b39dfeeab4ee6edded39ffd48e25858637e4765810300227e?s=96&d=mm&r=g","contentUrl":"https:\/\/secure.gravatar.com\/avatar\/392b4cc8fbfeb00b39dfeeab4ee6edded39ffd48e25858637e4765810300227e?s=96&d=mm&r=g","caption":"Developer"},"url":"https:\/\/qtmm.org\/qt\/author\/Developer\/"}]}},"_links":{"self":[{"href":"https:\/\/qtmm.org\/qt\/wp-json\/wp\/v2\/posts\/40834","targetHints":{"allow":["GET"]}}],"collection":[{"href":"https:\/\/qtmm.org\/qt\/wp-json\/wp\/v2\/posts"}],"about":[{"href":"https:\/\/qtmm.org\/qt\/wp-json\/wp\/v2\/types\/post"}],"author":[{"embeddable":true,"href":"https:\/\/qtmm.org\/qt\/wp-json\/wp\/v2\/users\/1"}],"replies":[{"embeddable":true,"href":"https:\/\/qtmm.org\/qt\/wp-json\/wp\/v2\/comments?post=40834"}],"version-history":[{"count":1,"href":"https:\/\/qtmm.org\/qt\/wp-json\/wp\/v2\/posts\/40834\/revisions"}],"predecessor-version":[{"id":40850,"href":"https:\/\/qtmm.org\/qt\/wp-json\/wp\/v2\/posts\/40834\/revisions\/40850"}],"wp:attachment":[{"href":"https:\/\/qtmm.org\/qt\/wp-json\/wp\/v2\/media?parent=40834"}],"wp:term":[{"taxonomy":"category","embeddable":true,"href":"https:\/\/qtmm.org\/qt\/wp-json\/wp\/v2\/categories?post=40834"},{"taxonomy":"post_tag","embeddable":true,"href":"https:\/\/qtmm.org\/qt\/wp-json\/wp\/v2\/tags?post=40834"}],"curies":[{"name":"wp","href":"https:\/\/api.w.org\/{rel}","templated":true}]}}