




{"id":40821,"date":"2013-11-21T20:54:00","date_gmt":"2013-11-21T17:54:00","guid":{"rendered":"http:\/\/qtmm.org\/?p=40821"},"modified":"2022-01-26T20:56:01","modified_gmt":"2022-01-26T17:56:01","slug":"eynulla-madatli-tamir-sakinler-oz-tuvgan-topraginin-qaytarilmasini-talap-etkenleri-tabiiydir","status":"publish","type":"post","link":"https:\/\/qtmm.org\/qt\/eynulla-madatli-tamir-sakinler-oz-tuvgan-topraginin-qaytarilmasini-talap-etkenleri-tabiiydir\/","title":{"rendered":"Eynulla Madatli: Tam\u0131r sakinler \u00f6z tuv\u011fan topra\u011f\u0131n\u0131\u00f1 qaytar\u0131lmas\u0131n\u0131 talap etkenleri tabiiydir"},"content":{"rendered":"\n<p>Azerbaycan Cumhuriyetini\u00f1 Ukrainadaki Vefqulade ve toluvek\u00e2letli el\u00e7isi Eynulla Madatli q\u0131r\u0131mtatarlarn\u0131\u00f1 \u00f6z Vatan\u0131 Q\u0131r\u0131mda inki\u015faf etmek ve ilerilemek istegine qoltutt\u0131.<\/p>\n\n\n\n<p>&#8220;Q\u0131r\u0131mtatar halq\u0131n\u0131\u00f1 Meclisini hay\u0131rlap, q\u0131r\u0131mtatar halq\u0131n\u0131\u00f1 inki\u015faf\u0131 ve ilerilemesi o\u011frundaki b\u00fct\u00fcn planlar\u0131\u00f1\u0131z amelge ke\u00e7mesini tileyim. \u015e\u00fcbesiz, Q\u0131r\u0131m Muhtar Cumhuriyeti Ukrainan\u0131\u00f1 ay\u0131r\u0131lmaz par\u00e7as\u0131d\u0131r ve tek o Q\u0131r\u0131mn\u0131\u00f1 inki\u015faf\u0131n\u0131 teminleyebilir. Q\u0131r\u0131mda ya\u015fa\u011fan cemi halqlar yah\u015f\u0131 ya\u015fay\u0131\u015fqa munasiptirler, dep sayam, \u00e7\u00fcnki olar sovet rejiminden er kesten ziyade zarar k\u00f6rdiler. Biz epimiz \u2013 \u00e7e\u00e7enler, ba\u015fq\u0131rtl\u0131r, af\u011fanlar ve q\u0131r\u0131mtatarlar, Q\u0131r\u0131mdaki diger millet vekilleri de azap \u00e7ektik&#8221;, &#8211; dedi cenap el\u00e7i.<\/p>\n\n\n\n<p>&#8220;Tam\u0131r sakinler ecdatlar\u0131 qoy\u011fan temelni pekitmege devam ettirmeleri i\u00e7\u00fcn \u00f6z tuv\u011fan topra\u011f\u0131n\u0131\u00f1 qaytar\u0131lmas\u0131n\u0131 talap etkenleri tabiiydir. Zan\u0131mca, diplomatik missiyalarn\u0131\u00f1 vekillerinen k\u00f6r\u00fc\u015f\u00fcv pek faydal\u0131d\u0131r ve regional akimlernen dialog, yah\u015f\u0131 ba\u011f ve muzakereni\u00f1 sezilirli yard\u0131m\u0131 olur&#8221;, &#8211; dep qayd etti Eynulla Madatli. \u2013 &#8220;Men defalarca Q\u0131r\u0131mda old\u0131m ve Q\u0131r\u0131m yolba\u015f\u00e7\u0131lar\u0131nen k\u00f6r\u00fc\u015fip, akimler t\u00fc\u015f\u00fcngeni, bir \u015feyler yapqan\u0131n\u0131\u00f1 \u015faat\u0131 old\u0131m. Tabiiy ki, bu i\u015flerge merkeziy akimiyet de qoltutmas\u0131 l\u00e2zimdir. Men epi\u00f1izge \u2013 q\u0131r\u0131mtatar halq\u0131na da, Q\u0131r\u0131mda ya\u015fa\u011fan diger millet mens\u00fcplerine de muvafaqiyet tileyim&#8221;<\/p>\n\n\n\n<figure class=\"wp-block-image size-full\"><img loading=\"lazy\" decoding=\"async\" width=\"650\" height=\"509\" src=\"http:\/\/qtmm.org\/wp-content\/uploads\/2022\/01\/wss_3615.jpeg\" alt=\"\" class=\"wp-image-40827\" srcset=\"https:\/\/qtmm.org\/wp-content\/uploads\/2022\/01\/wss_3615.jpeg 650w, https:\/\/qtmm.org\/wp-content\/uploads\/2022\/01\/wss_3615-300x235.jpeg 300w\" sizes=\"auto, (max-width: 650px) 100vw, 650px\" \/><\/figure>\n\n\n\n<p>Hat\u0131rlatam\u0131z ki,&nbsp;<em>2013 senesi noyabr 21 k\u00fcn\u00fc Kiyevde Meclis yolba\u015f\u00e7\u0131lar\u0131n\u0131\u00f1 diplomatik missiyalar ve Ukrainada akkreditatsiya etilgen halqara te\u015fkil\u00e2t yolba\u015f\u00e7\u0131lar\u0131 ile ery\u0131ll\u0131q 3-nci k\u00f6r\u00fc\u015f\u00fcvi ol\u0131p ke\u00e7ti.<\/em><\/p>\n\n\n\n<p><em>K\u00f6r\u00fc\u015f\u00fcvde \u00e7et devlet el\u00e7ilikleri, BMT, Avropa Birligi kibi halqara te\u015fkil\u00e2tlar, Migratsiya boyunca halqara te\u015fkil\u00e2tn\u0131\u00f1 Ukrainadaki temsilciligi, BMT aliy komissar\u0131 idaresini\u00f1 Beyazrusiye, Moldova ve Ukraina boyunca temsilciligini\u00f1 30-dan ziyade vekilleri,<\/em><\/p>\n\n\n\n<p><em>K\u00f6r\u00fc\u015f\u00fcvni\u00f1 resmiy te\u015fkil\u00e2t\u00e7\u0131s\u0131 &#8220;Q\u0131r\u0131m inki\u015faf\u0131 fond\u0131&#8221; hayriye te\u015fkil\u00e2t\u0131, orta\u011f\u0131 ise &#8220;Q\u0131r\u0131m Halqara Biznes Birle\u015fmesi&#8221; old\u0131lar.<\/em><\/p>\n\n\n\n<figure class=\"wp-block-image size-full\"><img loading=\"lazy\" decoding=\"async\" width=\"656\" height=\"306\" src=\"http:\/\/qtmm.org\/wp-content\/uploads\/2022\/01\/wss_3465_1.jpeg\" alt=\"\" class=\"wp-image-40812\" srcset=\"https:\/\/qtmm.org\/wp-content\/uploads\/2022\/01\/wss_3465_1.jpeg 656w, https:\/\/qtmm.org\/wp-content\/uploads\/2022\/01\/wss_3465_1-300x140.jpeg 300w\" sizes=\"auto, (max-width: 656px) 100vw, 656px\" \/><\/figure>\n","protected":false},"excerpt":{"rendered":"<p>Azerbaycan Cumhuriyetini\u00f1 Ukrainadaki Vefqulade ve toluvek\u00e2letli el\u00e7isi Eynulla Madatli q\u0131r\u0131mtatarlarn\u0131\u00f1 \u00f6z Vatan\u0131 Q\u0131r\u0131mda inki\u015faf etmek ve ilerilemek istegine qoltutt\u0131. &#8220;Q\u0131r\u0131mtatar halq\u0131n\u0131\u00f1 Meclisini hay\u0131rlap, q\u0131r\u0131mtatar halq\u0131n\u0131\u00f1 inki\u015faf\u0131 ve ilerilemesi o\u011frundaki b\u00fct\u00fcn planlar\u0131\u00f1\u0131z amelge ke\u00e7mesini tileyim. \u015e\u00fcbesiz, Q\u0131r\u0131m Muhtar Cumhuriyeti Ukrainan\u0131\u00f1 ay\u0131r\u0131lmaz par\u00e7as\u0131d\u0131r ve tek o Q\u0131r\u0131mn\u0131\u00f1 inki\u015faf\u0131n\u0131 teminleyebilir. Q\u0131r\u0131mda ya\u015fa\u011fan cemi halqlar yah\u015f\u0131 ya\u015fay\u0131\u015fqa munasiptirler, dep [&hellip;]<\/p>\n","protected":false},"author":1,"featured_media":40823,"comment_status":"open","ping_status":"open","sticky":false,"template":"","format":"standard","meta":{"inline_featured_image":false,"footnotes":""},"categories":[265],"tags":[],"class_list":["post-40821","post","type-post","status-publish","format-standard","has-post-thumbnail","hentry","category-haberler"],"acf":[],"yoast_head":"<!-- This site is optimized with the Yoast SEO plugin v27.4 - https:\/\/yoast.com\/product\/yoast-seo-wordpress\/ -->\n<title>Eynulla Madatli: Tam\u0131r sakinler \u00f6z tuv\u011fan topra\u011f\u0131n\u0131\u00f1 qaytar\u0131lmas\u0131n\u0131 talap etkenleri tabiiydir - \u041c\u0435\u0434\u0436\u043b\u0456\u0441<\/title>\n<meta name=\"robots\" content=\"index, follow, max-snippet:-1, max-image-preview:large, max-video-preview:-1\" \/>\n<link rel=\"canonical\" href=\"https:\/\/qtmm.org\/qt\/eynulla-madatli-tamir-sakinler-oz-tuvgan-topraginin-qaytarilmasini-talap-etkenleri-tabiiydir\/\" \/>\n<meta property=\"og:locale\" content=\"en_US\" \/>\n<meta property=\"og:type\" content=\"article\" \/>\n<meta property=\"og:title\" content=\"Eynulla Madatli: Tam\u0131r sakinler \u00f6z tuv\u011fan topra\u011f\u0131n\u0131\u00f1 qaytar\u0131lmas\u0131n\u0131 talap etkenleri tabiiydir - \u041c\u0435\u0434\u0436\u043b\u0456\u0441\" \/>\n<meta property=\"og:description\" content=\"Azerbaycan Cumhuriyetini\u00f1 Ukrainadaki Vefqulade ve toluvek\u00e2letli el\u00e7isi Eynulla Madatli q\u0131r\u0131mtatarlarn\u0131\u00f1 \u00f6z Vatan\u0131 Q\u0131r\u0131mda inki\u015faf etmek ve ilerilemek istegine qoltutt\u0131. &#8220;Q\u0131r\u0131mtatar halq\u0131n\u0131\u00f1 Meclisini hay\u0131rlap, q\u0131r\u0131mtatar halq\u0131n\u0131\u00f1 inki\u015faf\u0131 ve ilerilemesi o\u011frundaki b\u00fct\u00fcn planlar\u0131\u00f1\u0131z amelge ke\u00e7mesini tileyim. \u015e\u00fcbesiz, Q\u0131r\u0131m Muhtar Cumhuriyeti Ukrainan\u0131\u00f1 ay\u0131r\u0131lmaz par\u00e7as\u0131d\u0131r ve tek o Q\u0131r\u0131mn\u0131\u00f1 inki\u015faf\u0131n\u0131 teminleyebilir. Q\u0131r\u0131mda ya\u015fa\u011fan cemi halqlar yah\u015f\u0131 ya\u015fay\u0131\u015fqa munasiptirler, dep [&hellip;]\" \/>\n<meta property=\"og:url\" content=\"https:\/\/qtmm.org\/qt\/eynulla-madatli-tamir-sakinler-oz-tuvgan-topraginin-qaytarilmasini-talap-etkenleri-tabiiydir\/\" \/>\n<meta property=\"og:site_name\" content=\"\u041c\u0435\u0434\u0436\u043b\u0456\u0441\" \/>\n<meta property=\"article:publisher\" content=\"https:\/\/www.facebook.com\/qtmm.info\/\" \/>\n<meta property=\"article:published_time\" content=\"2013-11-21T17:54:00+00:00\" \/>\n<meta property=\"article:modified_time\" content=\"2022-01-26T17:56:01+00:00\" \/>\n<meta property=\"og:image\" content=\"https:\/\/qtmm.org\/wp-content\/uploads\/2022\/01\/wss_3607.jpeg\" \/>\n\t<meta property=\"og:image:width\" content=\"650\" \/>\n\t<meta property=\"og:image:height\" content=\"349\" \/>\n\t<meta property=\"og:image:type\" content=\"image\/jpeg\" \/>\n<meta name=\"author\" content=\"Developer\" \/>\n<meta name=\"twitter:card\" content=\"summary_large_image\" \/>\n<meta name=\"twitter:label1\" content=\"Written by\" \/>\n\t<meta name=\"twitter:data1\" content=\"Developer\" \/>\n\t<meta name=\"twitter:label2\" content=\"Est. reading time\" \/>\n\t<meta name=\"twitter:data2\" content=\"2 minutes\" \/>\n<script type=\"application\/ld+json\" class=\"yoast-schema-graph\">{\"@context\":\"https:\\\/\\\/schema.org\",\"@graph\":[{\"@type\":\"Article\",\"@id\":\"https:\\\/\\\/qtmm.org\\\/qt\\\/eynulla-madatli-tamir-sakinler-oz-tuvgan-topraginin-qaytarilmasini-talap-etkenleri-tabiiydir\\\/#article\",\"isPartOf\":{\"@id\":\"https:\\\/\\\/qtmm.org\\\/qt\\\/eynulla-madatli-tamir-sakinler-oz-tuvgan-topraginin-qaytarilmasini-talap-etkenleri-tabiiydir\\\/\"},\"author\":{\"name\":\"Developer\",\"@id\":\"https:\\\/\\\/qtmm.org\\\/qt\\\/#\\\/schema\\\/person\\\/de562469f971dec226ac06e60bbf74a7\"},\"headline\":\"Eynulla Madatli: Tam\u0131r sakinler \u00f6z tuv\u011fan topra\u011f\u0131n\u0131\u00f1 qaytar\u0131lmas\u0131n\u0131 talap etkenleri tabiiydir\",\"datePublished\":\"2013-11-21T17:54:00+00:00\",\"dateModified\":\"2022-01-26T17:56:01+00:00\",\"mainEntityOfPage\":{\"@id\":\"https:\\\/\\\/qtmm.org\\\/qt\\\/eynulla-madatli-tamir-sakinler-oz-tuvgan-topraginin-qaytarilmasini-talap-etkenleri-tabiiydir\\\/\"},\"wordCount\":363,\"commentCount\":0,\"publisher\":{\"@id\":\"https:\\\/\\\/qtmm.org\\\/qt\\\/#organization\"},\"image\":{\"@id\":\"https:\\\/\\\/qtmm.org\\\/qt\\\/eynulla-madatli-tamir-sakinler-oz-tuvgan-topraginin-qaytarilmasini-talap-etkenleri-tabiiydir\\\/#primaryimage\"},\"thumbnailUrl\":\"https:\\\/\\\/qtmm.org\\\/wp-content\\\/uploads\\\/2022\\\/01\\\/wss_3607.jpeg\",\"articleSection\":[\"Haberler\"],\"inLanguage\":\"qt\",\"potentialAction\":[{\"@type\":\"CommentAction\",\"name\":\"Comment\",\"target\":[\"https:\\\/\\\/qtmm.org\\\/qt\\\/eynulla-madatli-tamir-sakinler-oz-tuvgan-topraginin-qaytarilmasini-talap-etkenleri-tabiiydir\\\/#respond\"]}]},{\"@type\":\"WebPage\",\"@id\":\"https:\\\/\\\/qtmm.org\\\/qt\\\/eynulla-madatli-tamir-sakinler-oz-tuvgan-topraginin-qaytarilmasini-talap-etkenleri-tabiiydir\\\/\",\"url\":\"https:\\\/\\\/qtmm.org\\\/qt\\\/eynulla-madatli-tamir-sakinler-oz-tuvgan-topraginin-qaytarilmasini-talap-etkenleri-tabiiydir\\\/\",\"name\":\"Eynulla Madatli: Tam\u0131r sakinler \u00f6z tuv\u011fan topra\u011f\u0131n\u0131\u00f1 qaytar\u0131lmas\u0131n\u0131 talap etkenleri tabiiydir - \u041c\u0435\u0434\u0436\u043b\u0456\u0441\",\"isPartOf\":{\"@id\":\"https:\\\/\\\/qtmm.org\\\/qt\\\/#website\"},\"primaryImageOfPage\":{\"@id\":\"https:\\\/\\\/qtmm.org\\\/qt\\\/eynulla-madatli-tamir-sakinler-oz-tuvgan-topraginin-qaytarilmasini-talap-etkenleri-tabiiydir\\\/#primaryimage\"},\"image\":{\"@id\":\"https:\\\/\\\/qtmm.org\\\/qt\\\/eynulla-madatli-tamir-sakinler-oz-tuvgan-topraginin-qaytarilmasini-talap-etkenleri-tabiiydir\\\/#primaryimage\"},\"thumbnailUrl\":\"https:\\\/\\\/qtmm.org\\\/wp-content\\\/uploads\\\/2022\\\/01\\\/wss_3607.jpeg\",\"datePublished\":\"2013-11-21T17:54:00+00:00\",\"dateModified\":\"2022-01-26T17:56:01+00:00\",\"breadcrumb\":{\"@id\":\"https:\\\/\\\/qtmm.org\\\/qt\\\/eynulla-madatli-tamir-sakinler-oz-tuvgan-topraginin-qaytarilmasini-talap-etkenleri-tabiiydir\\\/#breadcrumb\"},\"inLanguage\":\"qt\",\"potentialAction\":[{\"@type\":\"ReadAction\",\"target\":[\"https:\\\/\\\/qtmm.org\\\/qt\\\/eynulla-madatli-tamir-sakinler-oz-tuvgan-topraginin-qaytarilmasini-talap-etkenleri-tabiiydir\\\/\"]}]},{\"@type\":\"ImageObject\",\"inLanguage\":\"qt\",\"@id\":\"https:\\\/\\\/qtmm.org\\\/qt\\\/eynulla-madatli-tamir-sakinler-oz-tuvgan-topraginin-qaytarilmasini-talap-etkenleri-tabiiydir\\\/#primaryimage\",\"url\":\"https:\\\/\\\/qtmm.org\\\/wp-content\\\/uploads\\\/2022\\\/01\\\/wss_3607.jpeg\",\"contentUrl\":\"https:\\\/\\\/qtmm.org\\\/wp-content\\\/uploads\\\/2022\\\/01\\\/wss_3607.jpeg\",\"width\":650,\"height\":349},{\"@type\":\"BreadcrumbList\",\"@id\":\"https:\\\/\\\/qtmm.org\\\/qt\\\/eynulla-madatli-tamir-sakinler-oz-tuvgan-topraginin-qaytarilmasini-talap-etkenleri-tabiiydir\\\/#breadcrumb\",\"itemListElement\":[{\"@type\":\"ListItem\",\"position\":1,\"name\":\"\u0413\u043e\u043b\u043e\u0432\u043d\u0430\",\"item\":\"https:\\\/\\\/qtmm.org\\\/qt\\\/\"},{\"@type\":\"ListItem\",\"position\":2,\"name\":\"Eynulla Madatli: Tam\u0131r sakinler \u00f6z tuv\u011fan topra\u011f\u0131n\u0131\u00f1 qaytar\u0131lmas\u0131n\u0131 talap etkenleri tabiiydir\"}]},{\"@type\":\"WebSite\",\"@id\":\"https:\\\/\\\/qtmm.org\\\/qt\\\/#website\",\"url\":\"https:\\\/\\\/qtmm.org\\\/qt\\\/\",\"name\":\"\u041c\u0435\u0434\u0436\u043b\u0456\u0441\",\"description\":\"\",\"publisher\":{\"@id\":\"https:\\\/\\\/qtmm.org\\\/qt\\\/#organization\"},\"potentialAction\":[{\"@type\":\"SearchAction\",\"target\":{\"@type\":\"EntryPoint\",\"urlTemplate\":\"https:\\\/\\\/qtmm.org\\\/qt\\\/?s={search_term_string}\"},\"query-input\":{\"@type\":\"PropertyValueSpecification\",\"valueRequired\":true,\"valueName\":\"search_term_string\"}}],\"inLanguage\":\"qt\"},{\"@type\":\"Organization\",\"@id\":\"https:\\\/\\\/qtmm.org\\\/qt\\\/#organization\",\"name\":\"\u041c\u0435\u0434\u0436\u043b\u0456\u0441\",\"url\":\"https:\\\/\\\/qtmm.org\\\/qt\\\/\",\"logo\":{\"@type\":\"ImageObject\",\"inLanguage\":\"qt\",\"@id\":\"https:\\\/\\\/qtmm.org\\\/qt\\\/#\\\/schema\\\/logo\\\/image\\\/\",\"url\":\"https:\\\/\\\/qtmm.org\\\/wp-content\\\/uploads\\\/2024\\\/12\\\/ua-mejlis-logo-rgb.svg\",\"contentUrl\":\"https:\\\/\\\/qtmm.org\\\/wp-content\\\/uploads\\\/2024\\\/12\\\/ua-mejlis-logo-rgb.svg\",\"caption\":\"\u041c\u0435\u0434\u0436\u043b\u0456\u0441\"},\"image\":{\"@id\":\"https:\\\/\\\/qtmm.org\\\/qt\\\/#\\\/schema\\\/logo\\\/image\\\/\"},\"sameAs\":[\"https:\\\/\\\/www.facebook.com\\\/qtmm.info\\\/\"]},{\"@type\":\"Person\",\"@id\":\"https:\\\/\\\/qtmm.org\\\/qt\\\/#\\\/schema\\\/person\\\/de562469f971dec226ac06e60bbf74a7\",\"name\":\"Developer\",\"image\":{\"@type\":\"ImageObject\",\"inLanguage\":\"qt\",\"@id\":\"https:\\\/\\\/secure.gravatar.com\\\/avatar\\\/392b4cc8fbfeb00b39dfeeab4ee6edded39ffd48e25858637e4765810300227e?s=96&d=mm&r=g\",\"url\":\"https:\\\/\\\/secure.gravatar.com\\\/avatar\\\/392b4cc8fbfeb00b39dfeeab4ee6edded39ffd48e25858637e4765810300227e?s=96&d=mm&r=g\",\"contentUrl\":\"https:\\\/\\\/secure.gravatar.com\\\/avatar\\\/392b4cc8fbfeb00b39dfeeab4ee6edded39ffd48e25858637e4765810300227e?s=96&d=mm&r=g\",\"caption\":\"Developer\"},\"url\":\"https:\\\/\\\/qtmm.org\\\/qt\\\/author\\\/Developer\\\/\"}]}<\/script>\n<!-- \/ Yoast SEO plugin. -->","yoast_head_json":{"title":"Eynulla Madatli: Tam\u0131r sakinler \u00f6z tuv\u011fan topra\u011f\u0131n\u0131\u00f1 qaytar\u0131lmas\u0131n\u0131 talap etkenleri tabiiydir - \u041c\u0435\u0434\u0436\u043b\u0456\u0441","robots":{"index":"index","follow":"follow","max-snippet":"max-snippet:-1","max-image-preview":"max-image-preview:large","max-video-preview":"max-video-preview:-1"},"canonical":"https:\/\/qtmm.org\/qt\/eynulla-madatli-tamir-sakinler-oz-tuvgan-topraginin-qaytarilmasini-talap-etkenleri-tabiiydir\/","og_locale":"en_US","og_type":"article","og_title":"Eynulla Madatli: Tam\u0131r sakinler \u00f6z tuv\u011fan topra\u011f\u0131n\u0131\u00f1 qaytar\u0131lmas\u0131n\u0131 talap etkenleri tabiiydir - \u041c\u0435\u0434\u0436\u043b\u0456\u0441","og_description":"Azerbaycan Cumhuriyetini\u00f1 Ukrainadaki Vefqulade ve toluvek\u00e2letli el\u00e7isi Eynulla Madatli q\u0131r\u0131mtatarlarn\u0131\u00f1 \u00f6z Vatan\u0131 Q\u0131r\u0131mda inki\u015faf etmek ve ilerilemek istegine qoltutt\u0131. &#8220;Q\u0131r\u0131mtatar halq\u0131n\u0131\u00f1 Meclisini hay\u0131rlap, q\u0131r\u0131mtatar halq\u0131n\u0131\u00f1 inki\u015faf\u0131 ve ilerilemesi o\u011frundaki b\u00fct\u00fcn planlar\u0131\u00f1\u0131z amelge ke\u00e7mesini tileyim. \u015e\u00fcbesiz, Q\u0131r\u0131m Muhtar Cumhuriyeti Ukrainan\u0131\u00f1 ay\u0131r\u0131lmaz par\u00e7as\u0131d\u0131r ve tek o Q\u0131r\u0131mn\u0131\u00f1 inki\u015faf\u0131n\u0131 teminleyebilir. Q\u0131r\u0131mda ya\u015fa\u011fan cemi halqlar yah\u015f\u0131 ya\u015fay\u0131\u015fqa munasiptirler, dep [&hellip;]","og_url":"https:\/\/qtmm.org\/qt\/eynulla-madatli-tamir-sakinler-oz-tuvgan-topraginin-qaytarilmasini-talap-etkenleri-tabiiydir\/","og_site_name":"\u041c\u0435\u0434\u0436\u043b\u0456\u0441","article_publisher":"https:\/\/www.facebook.com\/qtmm.info\/","article_published_time":"2013-11-21T17:54:00+00:00","article_modified_time":"2022-01-26T17:56:01+00:00","og_image":[{"width":650,"height":349,"url":"https:\/\/qtmm.org\/wp-content\/uploads\/2022\/01\/wss_3607.jpeg","type":"image\/jpeg"}],"author":"Developer","twitter_card":"summary_large_image","twitter_misc":{"Written by":"Developer","Est. reading time":"2 minutes"},"schema":{"@context":"https:\/\/schema.org","@graph":[{"@type":"Article","@id":"https:\/\/qtmm.org\/qt\/eynulla-madatli-tamir-sakinler-oz-tuvgan-topraginin-qaytarilmasini-talap-etkenleri-tabiiydir\/#article","isPartOf":{"@id":"https:\/\/qtmm.org\/qt\/eynulla-madatli-tamir-sakinler-oz-tuvgan-topraginin-qaytarilmasini-talap-etkenleri-tabiiydir\/"},"author":{"name":"Developer","@id":"https:\/\/qtmm.org\/qt\/#\/schema\/person\/de562469f971dec226ac06e60bbf74a7"},"headline":"Eynulla Madatli: Tam\u0131r sakinler \u00f6z tuv\u011fan topra\u011f\u0131n\u0131\u00f1 qaytar\u0131lmas\u0131n\u0131 talap etkenleri tabiiydir","datePublished":"2013-11-21T17:54:00+00:00","dateModified":"2022-01-26T17:56:01+00:00","mainEntityOfPage":{"@id":"https:\/\/qtmm.org\/qt\/eynulla-madatli-tamir-sakinler-oz-tuvgan-topraginin-qaytarilmasini-talap-etkenleri-tabiiydir\/"},"wordCount":363,"commentCount":0,"publisher":{"@id":"https:\/\/qtmm.org\/qt\/#organization"},"image":{"@id":"https:\/\/qtmm.org\/qt\/eynulla-madatli-tamir-sakinler-oz-tuvgan-topraginin-qaytarilmasini-talap-etkenleri-tabiiydir\/#primaryimage"},"thumbnailUrl":"https:\/\/qtmm.org\/wp-content\/uploads\/2022\/01\/wss_3607.jpeg","articleSection":["Haberler"],"inLanguage":"qt","potentialAction":[{"@type":"CommentAction","name":"Comment","target":["https:\/\/qtmm.org\/qt\/eynulla-madatli-tamir-sakinler-oz-tuvgan-topraginin-qaytarilmasini-talap-etkenleri-tabiiydir\/#respond"]}]},{"@type":"WebPage","@id":"https:\/\/qtmm.org\/qt\/eynulla-madatli-tamir-sakinler-oz-tuvgan-topraginin-qaytarilmasini-talap-etkenleri-tabiiydir\/","url":"https:\/\/qtmm.org\/qt\/eynulla-madatli-tamir-sakinler-oz-tuvgan-topraginin-qaytarilmasini-talap-etkenleri-tabiiydir\/","name":"Eynulla Madatli: Tam\u0131r sakinler \u00f6z tuv\u011fan topra\u011f\u0131n\u0131\u00f1 qaytar\u0131lmas\u0131n\u0131 talap etkenleri tabiiydir - \u041c\u0435\u0434\u0436\u043b\u0456\u0441","isPartOf":{"@id":"https:\/\/qtmm.org\/qt\/#website"},"primaryImageOfPage":{"@id":"https:\/\/qtmm.org\/qt\/eynulla-madatli-tamir-sakinler-oz-tuvgan-topraginin-qaytarilmasini-talap-etkenleri-tabiiydir\/#primaryimage"},"image":{"@id":"https:\/\/qtmm.org\/qt\/eynulla-madatli-tamir-sakinler-oz-tuvgan-topraginin-qaytarilmasini-talap-etkenleri-tabiiydir\/#primaryimage"},"thumbnailUrl":"https:\/\/qtmm.org\/wp-content\/uploads\/2022\/01\/wss_3607.jpeg","datePublished":"2013-11-21T17:54:00+00:00","dateModified":"2022-01-26T17:56:01+00:00","breadcrumb":{"@id":"https:\/\/qtmm.org\/qt\/eynulla-madatli-tamir-sakinler-oz-tuvgan-topraginin-qaytarilmasini-talap-etkenleri-tabiiydir\/#breadcrumb"},"inLanguage":"qt","potentialAction":[{"@type":"ReadAction","target":["https:\/\/qtmm.org\/qt\/eynulla-madatli-tamir-sakinler-oz-tuvgan-topraginin-qaytarilmasini-talap-etkenleri-tabiiydir\/"]}]},{"@type":"ImageObject","inLanguage":"qt","@id":"https:\/\/qtmm.org\/qt\/eynulla-madatli-tamir-sakinler-oz-tuvgan-topraginin-qaytarilmasini-talap-etkenleri-tabiiydir\/#primaryimage","url":"https:\/\/qtmm.org\/wp-content\/uploads\/2022\/01\/wss_3607.jpeg","contentUrl":"https:\/\/qtmm.org\/wp-content\/uploads\/2022\/01\/wss_3607.jpeg","width":650,"height":349},{"@type":"BreadcrumbList","@id":"https:\/\/qtmm.org\/qt\/eynulla-madatli-tamir-sakinler-oz-tuvgan-topraginin-qaytarilmasini-talap-etkenleri-tabiiydir\/#breadcrumb","itemListElement":[{"@type":"ListItem","position":1,"name":"\u0413\u043e\u043b\u043e\u0432\u043d\u0430","item":"https:\/\/qtmm.org\/qt\/"},{"@type":"ListItem","position":2,"name":"Eynulla Madatli: Tam\u0131r sakinler \u00f6z tuv\u011fan topra\u011f\u0131n\u0131\u00f1 qaytar\u0131lmas\u0131n\u0131 talap etkenleri tabiiydir"}]},{"@type":"WebSite","@id":"https:\/\/qtmm.org\/qt\/#website","url":"https:\/\/qtmm.org\/qt\/","name":"\u041c\u0435\u0434\u0436\u043b\u0456\u0441","description":"","publisher":{"@id":"https:\/\/qtmm.org\/qt\/#organization"},"potentialAction":[{"@type":"SearchAction","target":{"@type":"EntryPoint","urlTemplate":"https:\/\/qtmm.org\/qt\/?s={search_term_string}"},"query-input":{"@type":"PropertyValueSpecification","valueRequired":true,"valueName":"search_term_string"}}],"inLanguage":"qt"},{"@type":"Organization","@id":"https:\/\/qtmm.org\/qt\/#organization","name":"\u041c\u0435\u0434\u0436\u043b\u0456\u0441","url":"https:\/\/qtmm.org\/qt\/","logo":{"@type":"ImageObject","inLanguage":"qt","@id":"https:\/\/qtmm.org\/qt\/#\/schema\/logo\/image\/","url":"https:\/\/qtmm.org\/wp-content\/uploads\/2024\/12\/ua-mejlis-logo-rgb.svg","contentUrl":"https:\/\/qtmm.org\/wp-content\/uploads\/2024\/12\/ua-mejlis-logo-rgb.svg","caption":"\u041c\u0435\u0434\u0436\u043b\u0456\u0441"},"image":{"@id":"https:\/\/qtmm.org\/qt\/#\/schema\/logo\/image\/"},"sameAs":["https:\/\/www.facebook.com\/qtmm.info\/"]},{"@type":"Person","@id":"https:\/\/qtmm.org\/qt\/#\/schema\/person\/de562469f971dec226ac06e60bbf74a7","name":"Developer","image":{"@type":"ImageObject","inLanguage":"qt","@id":"https:\/\/secure.gravatar.com\/avatar\/392b4cc8fbfeb00b39dfeeab4ee6edded39ffd48e25858637e4765810300227e?s=96&d=mm&r=g","url":"https:\/\/secure.gravatar.com\/avatar\/392b4cc8fbfeb00b39dfeeab4ee6edded39ffd48e25858637e4765810300227e?s=96&d=mm&r=g","contentUrl":"https:\/\/secure.gravatar.com\/avatar\/392b4cc8fbfeb00b39dfeeab4ee6edded39ffd48e25858637e4765810300227e?s=96&d=mm&r=g","caption":"Developer"},"url":"https:\/\/qtmm.org\/qt\/author\/Developer\/"}]}},"_links":{"self":[{"href":"https:\/\/qtmm.org\/qt\/wp-json\/wp\/v2\/posts\/40821","targetHints":{"allow":["GET"]}}],"collection":[{"href":"https:\/\/qtmm.org\/qt\/wp-json\/wp\/v2\/posts"}],"about":[{"href":"https:\/\/qtmm.org\/qt\/wp-json\/wp\/v2\/types\/post"}],"author":[{"embeddable":true,"href":"https:\/\/qtmm.org\/qt\/wp-json\/wp\/v2\/users\/1"}],"replies":[{"embeddable":true,"href":"https:\/\/qtmm.org\/qt\/wp-json\/wp\/v2\/comments?post=40821"}],"version-history":[{"count":1,"href":"https:\/\/qtmm.org\/qt\/wp-json\/wp\/v2\/posts\/40821\/revisions"}],"predecessor-version":[{"id":40832,"href":"https:\/\/qtmm.org\/qt\/wp-json\/wp\/v2\/posts\/40821\/revisions\/40832"}],"wp:featuredmedia":[{"embeddable":true,"href":"https:\/\/qtmm.org\/qt\/wp-json\/wp\/v2\/media\/40823"}],"wp:attachment":[{"href":"https:\/\/qtmm.org\/qt\/wp-json\/wp\/v2\/media?parent=40821"}],"wp:term":[{"taxonomy":"category","embeddable":true,"href":"https:\/\/qtmm.org\/qt\/wp-json\/wp\/v2\/categories?post=40821"},{"taxonomy":"post_tag","embeddable":true,"href":"https:\/\/qtmm.org\/qt\/wp-json\/wp\/v2\/tags?post=40821"}],"curies":[{"name":"wp","href":"https:\/\/api.w.org\/{rel}","templated":true}]}}