




{"id":40806,"date":"2013-11-21T20:53:00","date_gmt":"2013-11-21T17:53:00","guid":{"rendered":"http:\/\/qtmm.org\/?p=40806"},"modified":"2022-01-26T20:54:06","modified_gmt":"2022-01-26T17:54:06","slug":"meclis-reisinin-muavini-aslan-omer-qirimli-emin-ki-qirimtatarlarnin-milliy-iqtisadiyatini-ileriletmek-kerek","status":"publish","type":"post","link":"https:\/\/qtmm.org\/qt\/meclis-reisinin-muavini-aslan-omer-qirimli-emin-ki-qirimtatarlarnin-milliy-iqtisadiyatini-ileriletmek-kerek\/","title":{"rendered":"Meclis reisini\u00f1 muavini Aslan \u00d6mer Q\u0131r\u0131ml\u0131 emin ki, q\u0131r\u0131mtatarlarn\u0131\u00f1 milliy iqtisadiyat\u0131n\u0131 ileriletmek kerek"},"content":{"rendered":"\n<p>&#8220;Meclisni\u00f1 ya\u00f1\u0131 \u015fekillendirilgen erk\u00e2n\u0131nda ma\u00f1a ya\u00f1\u0131 &#8220;T\u0131\u015fq\u0131 iqtisadiy al\u00e2qalar, yat\u0131r\u0131m ve milliy iqtisadiyat inki\u015faf\u0131n\u0131\u00f1 idaresi&#8221;ni meydan\u011fa ketirmek ve yolba\u015f\u00e7\u0131l\u0131q yapmaq avale etildi, &#8211; dedi Meclis reisini\u00f1 muavini Aslan \u00d6mer Q\u0131r\u0131ml\u0131 Meclisni\u00f1 Ukrainada akkreditatsiya etilgen diplomatik missiyalar ve halqara te\u015fkil\u00e2t vekillerinen ol\u0131p ke\u00e7ken er y\u0131ll\u0131q 3-nci k\u00f6r\u00fc\u015f\u00fcvinde yapqan \u00e7\u0131q\u0131\u015f\u0131nda.<\/p>\n\n\n\n<p>Bun\u0131\u00f1 kibi de o, evel Meclisni\u00f1 b\u00f6yle idaresi olma\u011fan\u0131 ve bu y\u00f6neli\u015fte faaliyet k\u00f6stermegenini qayd etti.<\/p>\n\n\n\n<p>Aslan \u00d6mer Q\u0131r\u0131ml\u0131 emin ki, q\u0131r\u0131mtatar halq\u0131n\u0131\u00f1 inki\u015faf\u0131 ille iqtisadiy meseleler, tedbik\u00e2rl\u0131q ve milliy iqtisadiyatn\u0131\u00f1 ilerilemesine ziyade diqqat ay\u0131rmaq kerek. &#8220;Biz Ukraina devletini\u00f1 bir q\u0131sm\u0131 olaraq halq\u0131m\u0131zn\u0131\u00f1 menfaatlar\u0131na uy\u011fun \u015fekilde inki\u015faf etmek ister edik, &#8211; qayd etti Q\u0131r\u0131ml\u0131. Bun\u0131\u00f1 i\u00e7\u00fcn on\u0131\u00f1 fikrince q\u0131r\u0131mtatar halq\u0131n\u0131\u00f1 iqtisadiy ihtiyaclar\u0131 meselesini etrafl\u0131ca \u00f6grenmek, cemiyet, Q\u0131r\u0131m ve Ukraina akimiyetine Q\u0131r\u0131m ealisini\u00f1 eyiligi o\u011frunda birlikteki i\u015fni\u00f1 semereli plan\u0131n\u0131 az\u0131rlamaq ve teklif etmek kerek.<\/p>\n\n\n\n<p>&#8220;Bizim i\u015f adamlar\u0131m\u0131z ve biznesmenler \u0130sl\u00e2m d\u00fcnyas\u0131, t\u00fcrk ve arap memleketlerinen s\u0131q\u0131 ba\u011fl\u0131d\u0131rlar, -devam etti Meclis reisini\u00f1 muavini. \u2013 Bu fakt em yat\u0131r\u0131mlarn\u0131 celp etmek noqtai nazar\u0131ndan, em de ukrain mallar\u0131 ve h\u0131zmetlerini ya\u00f1\u0131 bazar\u011fa \u00e7\u0131qarmaq taraf\u0131ndan da meraql\u0131d\u0131r&#8221;.<\/p>\n\n\n\n<p>Diplomatik korpus ve Ukrainada akkreditatsiya etilgen halqara te\u015fkil\u00e2t vekillerine h\u0131tap eterek Meclis reisini\u00f1 muavini, T\u0131\u015fq\u0131 iqtisadiy al\u00e2qalar, yat\u0131r\u0131m ve milliy iqtisadiyat inki\u015faf\u0131 idaresini\u00f1 ba\u015f\u0131 Aslan \u00d6mer Q\u0131r\u0131ml\u0131 eki taraflama elveri\u015fli i\u015fbirlik teklifi, ba\u011flarn\u0131\u00f1 daa ziyade inki\u015faf etmesi ve qaviyle\u015fmesine siltem olacaq konsultatsion ve te\u015fkil\u00e2tiy k\u00f6r\u00fc\u015f\u00fcv ke\u00e7irmek teklifinen \u00e7\u0131q\u0131\u015fta bulund\u0131.<\/p>\n\n\n\n<figure class=\"wp-block-image size-full\"><img loading=\"lazy\" decoding=\"async\" width=\"656\" height=\"306\" src=\"http:\/\/qtmm.org\/wp-content\/uploads\/2022\/01\/wss_3465_1.jpeg\" alt=\"\" class=\"wp-image-40812\" srcset=\"https:\/\/qtmm.org\/wp-content\/uploads\/2022\/01\/wss_3465_1.jpeg 656w, https:\/\/qtmm.org\/wp-content\/uploads\/2022\/01\/wss_3465_1-300x140.jpeg 300w\" sizes=\"auto, (max-width: 656px) 100vw, 656px\" \/><\/figure>\n\n\n\n<p>Hat\u0131rlatam\u0131z ki,&nbsp;<em>noyabr 21 k\u00fcn\u00fc Kiyevde Milliy Meclis yolba\u015f\u00e7\u0131lar\u0131n\u0131\u00f1 Ukrainada akkreditatsiya etilgen diplomatik missiyalar ve halqara te\u015fkil\u00e2t vekillerinen ol\u0131p ke\u00e7ken er y\u0131ll\u0131q 3-nci k\u00f6r\u00fc\u015f\u00fcvi ol\u0131p ke\u00e7ti.<\/em><\/p>\n\n\n\n<p><em>K\u00f6r\u00fc\u015f\u00fcvde \u00e7et devlet el\u00e7ilikleri, BMT, Avropa Birligi kibi halqara te\u015fkil\u00e2tlar, Migratsiya boyunca halqara te\u015fkil\u00e2tn\u0131\u00f1 Ukrainadaki temsilciligi, BMT aliy komissar\u0131 idaresini\u00f1 Beyazrusiye, Moldova ve Ukraina boyunca temsilciligini\u00f1 30-dan ziyade vekilleri, Milliy Meclisni\u00f1 b\u00fct\u00fcn azalar\u0131 ve Meclisni\u00f1 ya\u00f1\u0131 saylan\u011fan reisi Refat \u00c7ubarov i\u015ftirak ettiler.<\/em><\/p>\n\n\n\n<p><em>K\u00f6r\u00fc\u015f\u00fcvni\u00f1 resmiy te\u015fkil\u00e2t\u00e7\u0131s\u0131 &#8220;Q\u0131r\u0131m inki\u015faf\u0131 fond\u0131&#8221; hayriye te\u015fkil\u00e2t\u0131, orta\u011f\u0131 ise &#8220;Q\u0131r\u0131m halqara biznes birle\u015fmesi&#8221; old\u0131lar.<\/em><\/p>\n","protected":false},"excerpt":{"rendered":"<p>&#8220;Meclisni\u00f1 ya\u00f1\u0131 \u015fekillendirilgen erk\u00e2n\u0131nda ma\u00f1a ya\u00f1\u0131 &#8220;T\u0131\u015fq\u0131 iqtisadiy al\u00e2qalar, yat\u0131r\u0131m ve milliy iqtisadiyat inki\u015faf\u0131n\u0131\u00f1 idaresi&#8221;ni meydan\u011fa ketirmek ve yolba\u015f\u00e7\u0131l\u0131q yapmaq avale etildi, &#8211; dedi Meclis reisini\u00f1 muavini Aslan \u00d6mer Q\u0131r\u0131ml\u0131 Meclisni\u00f1 Ukrainada akkreditatsiya etilgen diplomatik missiyalar ve halqara te\u015fkil\u00e2t vekillerinen ol\u0131p ke\u00e7ken er y\u0131ll\u0131q 3-nci k\u00f6r\u00fc\u015f\u00fcvinde yapqan \u00e7\u0131q\u0131\u015f\u0131nda. Bun\u0131\u00f1 kibi de o, evel Meclisni\u00f1 b\u00f6yle [&hellip;]<\/p>\n","protected":false},"author":1,"featured_media":40808,"comment_status":"open","ping_status":"open","sticky":false,"template":"","format":"standard","meta":{"inline_featured_image":false,"footnotes":""},"categories":[265],"tags":[],"class_list":["post-40806","post","type-post","status-publish","format-standard","has-post-thumbnail","hentry","category-haberler"],"acf":[],"yoast_head":"<!-- This site is optimized with the Yoast SEO plugin v27.4 - https:\/\/yoast.com\/product\/yoast-seo-wordpress\/ -->\n<title>Meclis reisini\u00f1 muavini Aslan \u00d6mer Q\u0131r\u0131ml\u0131 emin ki, q\u0131r\u0131mtatarlarn\u0131\u00f1 milliy iqtisadiyat\u0131n\u0131 ileriletmek kerek - \u041c\u0435\u0434\u0436\u043b\u0456\u0441<\/title>\n<meta name=\"robots\" content=\"index, follow, max-snippet:-1, max-image-preview:large, max-video-preview:-1\" \/>\n<link rel=\"canonical\" href=\"https:\/\/qtmm.org\/qt\/meclis-reisinin-muavini-aslan-omer-qirimli-emin-ki-qirimtatarlarnin-milliy-iqtisadiyatini-ileriletmek-kerek\/\" \/>\n<meta property=\"og:locale\" content=\"en_US\" \/>\n<meta property=\"og:type\" content=\"article\" \/>\n<meta property=\"og:title\" content=\"Meclis reisini\u00f1 muavini Aslan \u00d6mer Q\u0131r\u0131ml\u0131 emin ki, q\u0131r\u0131mtatarlarn\u0131\u00f1 milliy iqtisadiyat\u0131n\u0131 ileriletmek kerek - \u041c\u0435\u0434\u0436\u043b\u0456\u0441\" \/>\n<meta property=\"og:description\" content=\"&#8220;Meclisni\u00f1 ya\u00f1\u0131 \u015fekillendirilgen erk\u00e2n\u0131nda ma\u00f1a ya\u00f1\u0131 &#8220;T\u0131\u015fq\u0131 iqtisadiy al\u00e2qalar, yat\u0131r\u0131m ve milliy iqtisadiyat inki\u015faf\u0131n\u0131\u00f1 idaresi&#8221;ni meydan\u011fa ketirmek ve yolba\u015f\u00e7\u0131l\u0131q yapmaq avale etildi, &#8211; dedi Meclis reisini\u00f1 muavini Aslan \u00d6mer Q\u0131r\u0131ml\u0131 Meclisni\u00f1 Ukrainada akkreditatsiya etilgen diplomatik missiyalar ve halqara te\u015fkil\u00e2t vekillerinen ol\u0131p ke\u00e7ken er y\u0131ll\u0131q 3-nci k\u00f6r\u00fc\u015f\u00fcvinde yapqan \u00e7\u0131q\u0131\u015f\u0131nda. Bun\u0131\u00f1 kibi de o, evel Meclisni\u00f1 b\u00f6yle [&hellip;]\" \/>\n<meta property=\"og:url\" content=\"https:\/\/qtmm.org\/qt\/meclis-reisinin-muavini-aslan-omer-qirimli-emin-ki-qirimtatarlarnin-milliy-iqtisadiyatini-ileriletmek-kerek\/\" \/>\n<meta property=\"og:site_name\" content=\"\u041c\u0435\u0434\u0436\u043b\u0456\u0441\" \/>\n<meta property=\"article:publisher\" content=\"https:\/\/www.facebook.com\/qtmm.info\/\" \/>\n<meta property=\"article:published_time\" content=\"2013-11-21T17:53:00+00:00\" \/>\n<meta property=\"article:modified_time\" content=\"2022-01-26T17:54:06+00:00\" \/>\n<meta property=\"og:image\" content=\"https:\/\/qtmm.org\/wp-content\/uploads\/2022\/01\/wss_3549.jpeg\" \/>\n\t<meta property=\"og:image:width\" content=\"650\" \/>\n\t<meta property=\"og:image:height\" content=\"389\" \/>\n\t<meta property=\"og:image:type\" content=\"image\/jpeg\" \/>\n<meta name=\"author\" content=\"Developer\" \/>\n<meta name=\"twitter:card\" content=\"summary_large_image\" \/>\n<meta name=\"twitter:label1\" content=\"Written by\" \/>\n\t<meta name=\"twitter:data1\" content=\"Developer\" \/>\n\t<meta name=\"twitter:label2\" content=\"Est. reading time\" \/>\n\t<meta name=\"twitter:data2\" content=\"2 minutes\" \/>\n<script type=\"application\/ld+json\" class=\"yoast-schema-graph\">{\"@context\":\"https:\\\/\\\/schema.org\",\"@graph\":[{\"@type\":\"Article\",\"@id\":\"https:\\\/\\\/qtmm.org\\\/qt\\\/meclis-reisinin-muavini-aslan-omer-qirimli-emin-ki-qirimtatarlarnin-milliy-iqtisadiyatini-ileriletmek-kerek\\\/#article\",\"isPartOf\":{\"@id\":\"https:\\\/\\\/qtmm.org\\\/qt\\\/meclis-reisinin-muavini-aslan-omer-qirimli-emin-ki-qirimtatarlarnin-milliy-iqtisadiyatini-ileriletmek-kerek\\\/\"},\"author\":{\"name\":\"Developer\",\"@id\":\"https:\\\/\\\/qtmm.org\\\/qt\\\/#\\\/schema\\\/person\\\/de562469f971dec226ac06e60bbf74a7\"},\"headline\":\"Meclis reisini\u00f1 muavini Aslan \u00d6mer Q\u0131r\u0131ml\u0131 emin ki, q\u0131r\u0131mtatarlarn\u0131\u00f1 milliy iqtisadiyat\u0131n\u0131 ileriletmek kerek\",\"datePublished\":\"2013-11-21T17:53:00+00:00\",\"dateModified\":\"2022-01-26T17:54:06+00:00\",\"mainEntityOfPage\":{\"@id\":\"https:\\\/\\\/qtmm.org\\\/qt\\\/meclis-reisinin-muavini-aslan-omer-qirimli-emin-ki-qirimtatarlarnin-milliy-iqtisadiyatini-ileriletmek-kerek\\\/\"},\"wordCount\":456,\"commentCount\":0,\"publisher\":{\"@id\":\"https:\\\/\\\/qtmm.org\\\/qt\\\/#organization\"},\"image\":{\"@id\":\"https:\\\/\\\/qtmm.org\\\/qt\\\/meclis-reisinin-muavini-aslan-omer-qirimli-emin-ki-qirimtatarlarnin-milliy-iqtisadiyatini-ileriletmek-kerek\\\/#primaryimage\"},\"thumbnailUrl\":\"https:\\\/\\\/qtmm.org\\\/wp-content\\\/uploads\\\/2022\\\/01\\\/wss_3549.jpeg\",\"articleSection\":[\"Haberler\"],\"inLanguage\":\"qt\",\"potentialAction\":[{\"@type\":\"CommentAction\",\"name\":\"Comment\",\"target\":[\"https:\\\/\\\/qtmm.org\\\/qt\\\/meclis-reisinin-muavini-aslan-omer-qirimli-emin-ki-qirimtatarlarnin-milliy-iqtisadiyatini-ileriletmek-kerek\\\/#respond\"]}]},{\"@type\":\"WebPage\",\"@id\":\"https:\\\/\\\/qtmm.org\\\/qt\\\/meclis-reisinin-muavini-aslan-omer-qirimli-emin-ki-qirimtatarlarnin-milliy-iqtisadiyatini-ileriletmek-kerek\\\/\",\"url\":\"https:\\\/\\\/qtmm.org\\\/qt\\\/meclis-reisinin-muavini-aslan-omer-qirimli-emin-ki-qirimtatarlarnin-milliy-iqtisadiyatini-ileriletmek-kerek\\\/\",\"name\":\"Meclis reisini\u00f1 muavini Aslan \u00d6mer Q\u0131r\u0131ml\u0131 emin ki, q\u0131r\u0131mtatarlarn\u0131\u00f1 milliy iqtisadiyat\u0131n\u0131 ileriletmek kerek - \u041c\u0435\u0434\u0436\u043b\u0456\u0441\",\"isPartOf\":{\"@id\":\"https:\\\/\\\/qtmm.org\\\/qt\\\/#website\"},\"primaryImageOfPage\":{\"@id\":\"https:\\\/\\\/qtmm.org\\\/qt\\\/meclis-reisinin-muavini-aslan-omer-qirimli-emin-ki-qirimtatarlarnin-milliy-iqtisadiyatini-ileriletmek-kerek\\\/#primaryimage\"},\"image\":{\"@id\":\"https:\\\/\\\/qtmm.org\\\/qt\\\/meclis-reisinin-muavini-aslan-omer-qirimli-emin-ki-qirimtatarlarnin-milliy-iqtisadiyatini-ileriletmek-kerek\\\/#primaryimage\"},\"thumbnailUrl\":\"https:\\\/\\\/qtmm.org\\\/wp-content\\\/uploads\\\/2022\\\/01\\\/wss_3549.jpeg\",\"datePublished\":\"2013-11-21T17:53:00+00:00\",\"dateModified\":\"2022-01-26T17:54:06+00:00\",\"breadcrumb\":{\"@id\":\"https:\\\/\\\/qtmm.org\\\/qt\\\/meclis-reisinin-muavini-aslan-omer-qirimli-emin-ki-qirimtatarlarnin-milliy-iqtisadiyatini-ileriletmek-kerek\\\/#breadcrumb\"},\"inLanguage\":\"qt\",\"potentialAction\":[{\"@type\":\"ReadAction\",\"target\":[\"https:\\\/\\\/qtmm.org\\\/qt\\\/meclis-reisinin-muavini-aslan-omer-qirimli-emin-ki-qirimtatarlarnin-milliy-iqtisadiyatini-ileriletmek-kerek\\\/\"]}]},{\"@type\":\"ImageObject\",\"inLanguage\":\"qt\",\"@id\":\"https:\\\/\\\/qtmm.org\\\/qt\\\/meclis-reisinin-muavini-aslan-omer-qirimli-emin-ki-qirimtatarlarnin-milliy-iqtisadiyatini-ileriletmek-kerek\\\/#primaryimage\",\"url\":\"https:\\\/\\\/qtmm.org\\\/wp-content\\\/uploads\\\/2022\\\/01\\\/wss_3549.jpeg\",\"contentUrl\":\"https:\\\/\\\/qtmm.org\\\/wp-content\\\/uploads\\\/2022\\\/01\\\/wss_3549.jpeg\",\"width\":650,\"height\":389},{\"@type\":\"BreadcrumbList\",\"@id\":\"https:\\\/\\\/qtmm.org\\\/qt\\\/meclis-reisinin-muavini-aslan-omer-qirimli-emin-ki-qirimtatarlarnin-milliy-iqtisadiyatini-ileriletmek-kerek\\\/#breadcrumb\",\"itemListElement\":[{\"@type\":\"ListItem\",\"position\":1,\"name\":\"\u0413\u043e\u043b\u043e\u0432\u043d\u0430\",\"item\":\"https:\\\/\\\/qtmm.org\\\/qt\\\/\"},{\"@type\":\"ListItem\",\"position\":2,\"name\":\"Meclis reisini\u00f1 muavini Aslan \u00d6mer Q\u0131r\u0131ml\u0131 emin ki, q\u0131r\u0131mtatarlarn\u0131\u00f1 milliy iqtisadiyat\u0131n\u0131 ileriletmek kerek\"}]},{\"@type\":\"WebSite\",\"@id\":\"https:\\\/\\\/qtmm.org\\\/qt\\\/#website\",\"url\":\"https:\\\/\\\/qtmm.org\\\/qt\\\/\",\"name\":\"\u041c\u0435\u0434\u0436\u043b\u0456\u0441\",\"description\":\"\",\"publisher\":{\"@id\":\"https:\\\/\\\/qtmm.org\\\/qt\\\/#organization\"},\"potentialAction\":[{\"@type\":\"SearchAction\",\"target\":{\"@type\":\"EntryPoint\",\"urlTemplate\":\"https:\\\/\\\/qtmm.org\\\/qt\\\/?s={search_term_string}\"},\"query-input\":{\"@type\":\"PropertyValueSpecification\",\"valueRequired\":true,\"valueName\":\"search_term_string\"}}],\"inLanguage\":\"qt\"},{\"@type\":\"Organization\",\"@id\":\"https:\\\/\\\/qtmm.org\\\/qt\\\/#organization\",\"name\":\"\u041c\u0435\u0434\u0436\u043b\u0456\u0441\",\"url\":\"https:\\\/\\\/qtmm.org\\\/qt\\\/\",\"logo\":{\"@type\":\"ImageObject\",\"inLanguage\":\"qt\",\"@id\":\"https:\\\/\\\/qtmm.org\\\/qt\\\/#\\\/schema\\\/logo\\\/image\\\/\",\"url\":\"https:\\\/\\\/qtmm.org\\\/wp-content\\\/uploads\\\/2024\\\/12\\\/ua-mejlis-logo-rgb.svg\",\"contentUrl\":\"https:\\\/\\\/qtmm.org\\\/wp-content\\\/uploads\\\/2024\\\/12\\\/ua-mejlis-logo-rgb.svg\",\"caption\":\"\u041c\u0435\u0434\u0436\u043b\u0456\u0441\"},\"image\":{\"@id\":\"https:\\\/\\\/qtmm.org\\\/qt\\\/#\\\/schema\\\/logo\\\/image\\\/\"},\"sameAs\":[\"https:\\\/\\\/www.facebook.com\\\/qtmm.info\\\/\"]},{\"@type\":\"Person\",\"@id\":\"https:\\\/\\\/qtmm.org\\\/qt\\\/#\\\/schema\\\/person\\\/de562469f971dec226ac06e60bbf74a7\",\"name\":\"Developer\",\"image\":{\"@type\":\"ImageObject\",\"inLanguage\":\"qt\",\"@id\":\"https:\\\/\\\/secure.gravatar.com\\\/avatar\\\/392b4cc8fbfeb00b39dfeeab4ee6edded39ffd48e25858637e4765810300227e?s=96&d=mm&r=g\",\"url\":\"https:\\\/\\\/secure.gravatar.com\\\/avatar\\\/392b4cc8fbfeb00b39dfeeab4ee6edded39ffd48e25858637e4765810300227e?s=96&d=mm&r=g\",\"contentUrl\":\"https:\\\/\\\/secure.gravatar.com\\\/avatar\\\/392b4cc8fbfeb00b39dfeeab4ee6edded39ffd48e25858637e4765810300227e?s=96&d=mm&r=g\",\"caption\":\"Developer\"},\"url\":\"https:\\\/\\\/qtmm.org\\\/qt\\\/author\\\/Developer\\\/\"}]}<\/script>\n<!-- \/ Yoast SEO plugin. -->","yoast_head_json":{"title":"Meclis reisini\u00f1 muavini Aslan \u00d6mer Q\u0131r\u0131ml\u0131 emin ki, q\u0131r\u0131mtatarlarn\u0131\u00f1 milliy iqtisadiyat\u0131n\u0131 ileriletmek kerek - \u041c\u0435\u0434\u0436\u043b\u0456\u0441","robots":{"index":"index","follow":"follow","max-snippet":"max-snippet:-1","max-image-preview":"max-image-preview:large","max-video-preview":"max-video-preview:-1"},"canonical":"https:\/\/qtmm.org\/qt\/meclis-reisinin-muavini-aslan-omer-qirimli-emin-ki-qirimtatarlarnin-milliy-iqtisadiyatini-ileriletmek-kerek\/","og_locale":"en_US","og_type":"article","og_title":"Meclis reisini\u00f1 muavini Aslan \u00d6mer Q\u0131r\u0131ml\u0131 emin ki, q\u0131r\u0131mtatarlarn\u0131\u00f1 milliy iqtisadiyat\u0131n\u0131 ileriletmek kerek - \u041c\u0435\u0434\u0436\u043b\u0456\u0441","og_description":"&#8220;Meclisni\u00f1 ya\u00f1\u0131 \u015fekillendirilgen erk\u00e2n\u0131nda ma\u00f1a ya\u00f1\u0131 &#8220;T\u0131\u015fq\u0131 iqtisadiy al\u00e2qalar, yat\u0131r\u0131m ve milliy iqtisadiyat inki\u015faf\u0131n\u0131\u00f1 idaresi&#8221;ni meydan\u011fa ketirmek ve yolba\u015f\u00e7\u0131l\u0131q yapmaq avale etildi, &#8211; dedi Meclis reisini\u00f1 muavini Aslan \u00d6mer Q\u0131r\u0131ml\u0131 Meclisni\u00f1 Ukrainada akkreditatsiya etilgen diplomatik missiyalar ve halqara te\u015fkil\u00e2t vekillerinen ol\u0131p ke\u00e7ken er y\u0131ll\u0131q 3-nci k\u00f6r\u00fc\u015f\u00fcvinde yapqan \u00e7\u0131q\u0131\u015f\u0131nda. Bun\u0131\u00f1 kibi de o, evel Meclisni\u00f1 b\u00f6yle [&hellip;]","og_url":"https:\/\/qtmm.org\/qt\/meclis-reisinin-muavini-aslan-omer-qirimli-emin-ki-qirimtatarlarnin-milliy-iqtisadiyatini-ileriletmek-kerek\/","og_site_name":"\u041c\u0435\u0434\u0436\u043b\u0456\u0441","article_publisher":"https:\/\/www.facebook.com\/qtmm.info\/","article_published_time":"2013-11-21T17:53:00+00:00","article_modified_time":"2022-01-26T17:54:06+00:00","og_image":[{"width":650,"height":389,"url":"https:\/\/qtmm.org\/wp-content\/uploads\/2022\/01\/wss_3549.jpeg","type":"image\/jpeg"}],"author":"Developer","twitter_card":"summary_large_image","twitter_misc":{"Written by":"Developer","Est. reading time":"2 minutes"},"schema":{"@context":"https:\/\/schema.org","@graph":[{"@type":"Article","@id":"https:\/\/qtmm.org\/qt\/meclis-reisinin-muavini-aslan-omer-qirimli-emin-ki-qirimtatarlarnin-milliy-iqtisadiyatini-ileriletmek-kerek\/#article","isPartOf":{"@id":"https:\/\/qtmm.org\/qt\/meclis-reisinin-muavini-aslan-omer-qirimli-emin-ki-qirimtatarlarnin-milliy-iqtisadiyatini-ileriletmek-kerek\/"},"author":{"name":"Developer","@id":"https:\/\/qtmm.org\/qt\/#\/schema\/person\/de562469f971dec226ac06e60bbf74a7"},"headline":"Meclis reisini\u00f1 muavini Aslan \u00d6mer Q\u0131r\u0131ml\u0131 emin ki, q\u0131r\u0131mtatarlarn\u0131\u00f1 milliy iqtisadiyat\u0131n\u0131 ileriletmek kerek","datePublished":"2013-11-21T17:53:00+00:00","dateModified":"2022-01-26T17:54:06+00:00","mainEntityOfPage":{"@id":"https:\/\/qtmm.org\/qt\/meclis-reisinin-muavini-aslan-omer-qirimli-emin-ki-qirimtatarlarnin-milliy-iqtisadiyatini-ileriletmek-kerek\/"},"wordCount":456,"commentCount":0,"publisher":{"@id":"https:\/\/qtmm.org\/qt\/#organization"},"image":{"@id":"https:\/\/qtmm.org\/qt\/meclis-reisinin-muavini-aslan-omer-qirimli-emin-ki-qirimtatarlarnin-milliy-iqtisadiyatini-ileriletmek-kerek\/#primaryimage"},"thumbnailUrl":"https:\/\/qtmm.org\/wp-content\/uploads\/2022\/01\/wss_3549.jpeg","articleSection":["Haberler"],"inLanguage":"qt","potentialAction":[{"@type":"CommentAction","name":"Comment","target":["https:\/\/qtmm.org\/qt\/meclis-reisinin-muavini-aslan-omer-qirimli-emin-ki-qirimtatarlarnin-milliy-iqtisadiyatini-ileriletmek-kerek\/#respond"]}]},{"@type":"WebPage","@id":"https:\/\/qtmm.org\/qt\/meclis-reisinin-muavini-aslan-omer-qirimli-emin-ki-qirimtatarlarnin-milliy-iqtisadiyatini-ileriletmek-kerek\/","url":"https:\/\/qtmm.org\/qt\/meclis-reisinin-muavini-aslan-omer-qirimli-emin-ki-qirimtatarlarnin-milliy-iqtisadiyatini-ileriletmek-kerek\/","name":"Meclis reisini\u00f1 muavini Aslan \u00d6mer Q\u0131r\u0131ml\u0131 emin ki, q\u0131r\u0131mtatarlarn\u0131\u00f1 milliy iqtisadiyat\u0131n\u0131 ileriletmek kerek - \u041c\u0435\u0434\u0436\u043b\u0456\u0441","isPartOf":{"@id":"https:\/\/qtmm.org\/qt\/#website"},"primaryImageOfPage":{"@id":"https:\/\/qtmm.org\/qt\/meclis-reisinin-muavini-aslan-omer-qirimli-emin-ki-qirimtatarlarnin-milliy-iqtisadiyatini-ileriletmek-kerek\/#primaryimage"},"image":{"@id":"https:\/\/qtmm.org\/qt\/meclis-reisinin-muavini-aslan-omer-qirimli-emin-ki-qirimtatarlarnin-milliy-iqtisadiyatini-ileriletmek-kerek\/#primaryimage"},"thumbnailUrl":"https:\/\/qtmm.org\/wp-content\/uploads\/2022\/01\/wss_3549.jpeg","datePublished":"2013-11-21T17:53:00+00:00","dateModified":"2022-01-26T17:54:06+00:00","breadcrumb":{"@id":"https:\/\/qtmm.org\/qt\/meclis-reisinin-muavini-aslan-omer-qirimli-emin-ki-qirimtatarlarnin-milliy-iqtisadiyatini-ileriletmek-kerek\/#breadcrumb"},"inLanguage":"qt","potentialAction":[{"@type":"ReadAction","target":["https:\/\/qtmm.org\/qt\/meclis-reisinin-muavini-aslan-omer-qirimli-emin-ki-qirimtatarlarnin-milliy-iqtisadiyatini-ileriletmek-kerek\/"]}]},{"@type":"ImageObject","inLanguage":"qt","@id":"https:\/\/qtmm.org\/qt\/meclis-reisinin-muavini-aslan-omer-qirimli-emin-ki-qirimtatarlarnin-milliy-iqtisadiyatini-ileriletmek-kerek\/#primaryimage","url":"https:\/\/qtmm.org\/wp-content\/uploads\/2022\/01\/wss_3549.jpeg","contentUrl":"https:\/\/qtmm.org\/wp-content\/uploads\/2022\/01\/wss_3549.jpeg","width":650,"height":389},{"@type":"BreadcrumbList","@id":"https:\/\/qtmm.org\/qt\/meclis-reisinin-muavini-aslan-omer-qirimli-emin-ki-qirimtatarlarnin-milliy-iqtisadiyatini-ileriletmek-kerek\/#breadcrumb","itemListElement":[{"@type":"ListItem","position":1,"name":"\u0413\u043e\u043b\u043e\u0432\u043d\u0430","item":"https:\/\/qtmm.org\/qt\/"},{"@type":"ListItem","position":2,"name":"Meclis reisini\u00f1 muavini Aslan \u00d6mer Q\u0131r\u0131ml\u0131 emin ki, q\u0131r\u0131mtatarlarn\u0131\u00f1 milliy iqtisadiyat\u0131n\u0131 ileriletmek kerek"}]},{"@type":"WebSite","@id":"https:\/\/qtmm.org\/qt\/#website","url":"https:\/\/qtmm.org\/qt\/","name":"\u041c\u0435\u0434\u0436\u043b\u0456\u0441","description":"","publisher":{"@id":"https:\/\/qtmm.org\/qt\/#organization"},"potentialAction":[{"@type":"SearchAction","target":{"@type":"EntryPoint","urlTemplate":"https:\/\/qtmm.org\/qt\/?s={search_term_string}"},"query-input":{"@type":"PropertyValueSpecification","valueRequired":true,"valueName":"search_term_string"}}],"inLanguage":"qt"},{"@type":"Organization","@id":"https:\/\/qtmm.org\/qt\/#organization","name":"\u041c\u0435\u0434\u0436\u043b\u0456\u0441","url":"https:\/\/qtmm.org\/qt\/","logo":{"@type":"ImageObject","inLanguage":"qt","@id":"https:\/\/qtmm.org\/qt\/#\/schema\/logo\/image\/","url":"https:\/\/qtmm.org\/wp-content\/uploads\/2024\/12\/ua-mejlis-logo-rgb.svg","contentUrl":"https:\/\/qtmm.org\/wp-content\/uploads\/2024\/12\/ua-mejlis-logo-rgb.svg","caption":"\u041c\u0435\u0434\u0436\u043b\u0456\u0441"},"image":{"@id":"https:\/\/qtmm.org\/qt\/#\/schema\/logo\/image\/"},"sameAs":["https:\/\/www.facebook.com\/qtmm.info\/"]},{"@type":"Person","@id":"https:\/\/qtmm.org\/qt\/#\/schema\/person\/de562469f971dec226ac06e60bbf74a7","name":"Developer","image":{"@type":"ImageObject","inLanguage":"qt","@id":"https:\/\/secure.gravatar.com\/avatar\/392b4cc8fbfeb00b39dfeeab4ee6edded39ffd48e25858637e4765810300227e?s=96&d=mm&r=g","url":"https:\/\/secure.gravatar.com\/avatar\/392b4cc8fbfeb00b39dfeeab4ee6edded39ffd48e25858637e4765810300227e?s=96&d=mm&r=g","contentUrl":"https:\/\/secure.gravatar.com\/avatar\/392b4cc8fbfeb00b39dfeeab4ee6edded39ffd48e25858637e4765810300227e?s=96&d=mm&r=g","caption":"Developer"},"url":"https:\/\/qtmm.org\/qt\/author\/Developer\/"}]}},"_links":{"self":[{"href":"https:\/\/qtmm.org\/qt\/wp-json\/wp\/v2\/posts\/40806","targetHints":{"allow":["GET"]}}],"collection":[{"href":"https:\/\/qtmm.org\/qt\/wp-json\/wp\/v2\/posts"}],"about":[{"href":"https:\/\/qtmm.org\/qt\/wp-json\/wp\/v2\/types\/post"}],"author":[{"embeddable":true,"href":"https:\/\/qtmm.org\/qt\/wp-json\/wp\/v2\/users\/1"}],"replies":[{"embeddable":true,"href":"https:\/\/qtmm.org\/qt\/wp-json\/wp\/v2\/comments?post=40806"}],"version-history":[{"count":1,"href":"https:\/\/qtmm.org\/qt\/wp-json\/wp\/v2\/posts\/40806\/revisions"}],"predecessor-version":[{"id":40816,"href":"https:\/\/qtmm.org\/qt\/wp-json\/wp\/v2\/posts\/40806\/revisions\/40816"}],"wp:featuredmedia":[{"embeddable":true,"href":"https:\/\/qtmm.org\/qt\/wp-json\/wp\/v2\/media\/40808"}],"wp:attachment":[{"href":"https:\/\/qtmm.org\/qt\/wp-json\/wp\/v2\/media?parent=40806"}],"wp:term":[{"taxonomy":"category","embeddable":true,"href":"https:\/\/qtmm.org\/qt\/wp-json\/wp\/v2\/categories?post=40806"},{"taxonomy":"post_tag","embeddable":true,"href":"https:\/\/qtmm.org\/qt\/wp-json\/wp\/v2\/tags?post=40806"}],"curies":[{"name":"wp","href":"https:\/\/api.w.org\/{rel}","templated":true}]}}