




{"id":40777,"date":"2013-11-21T20:50:00","date_gmt":"2013-11-21T17:50:00","guid":{"rendered":"http:\/\/qtmm.org\/?p=40777"},"modified":"2022-01-26T20:52:58","modified_gmt":"2022-01-26T17:52:58","slug":"meclis-yolbascilarinin-diplomatik-missiya-ve-ukrainada-akkreditatsiya-etilgen-halqara-teskilat-yolbascilari-ile-ucunci-er-yilliq-korusuvi-olip-kecti","status":"publish","type":"post","link":"https:\/\/qtmm.org\/qt\/meclis-yolbascilarinin-diplomatik-missiya-ve-ukrainada-akkreditatsiya-etilgen-halqara-teskilat-yolbascilari-ile-ucunci-er-yilliq-korusuvi-olip-kecti\/","title":{"rendered":"Meclis yolba\u015f\u00e7\u0131lar\u0131n\u0131\u00f1 diplomatik missiya ve Ukrainada akkreditatsiya etilgen halqara te\u015fkil\u00e2t yolba\u015f\u00e7\u0131lar\u0131 ile \u00fc\u00e7\u00fcnci er y\u0131ll\u0131q k\u00f6r\u00fc\u015f\u00fcvi ol\u0131p ke\u00e7ti"},"content":{"rendered":"\n<p>Noyabr 21 k\u00fcn\u00fc Kiyevde Milliy Meclis yolba\u015f\u00e7\u0131lar\u0131n\u0131\u00f1 Ukrainada akkreditatsiya etilgen diplomatik missiyalar ve halqara te\u015fkil\u00e2t vekillerinen ol\u0131p ke\u00e7ken er y\u0131ll\u0131q 3-nci k\u00f6r\u00fc\u015f\u00fcvi ol\u0131p ke\u00e7ti.<\/p>\n\n\n\n<figure class=\"wp-block-image size-full\"><img loading=\"lazy\" decoding=\"async\" width=\"656\" height=\"262\" src=\"http:\/\/qtmm.org\/wp-content\/uploads\/2022\/01\/wss_3465.jpeg\" alt=\"\" class=\"wp-image-40778\" srcset=\"https:\/\/qtmm.org\/wp-content\/uploads\/2022\/01\/wss_3465.jpeg 656w, https:\/\/qtmm.org\/wp-content\/uploads\/2022\/01\/wss_3465-300x120.jpeg 300w\" sizes=\"auto, (max-width: 656px) 100vw, 656px\" \/><\/figure>\n\n\n\n<p>K\u00f6r\u00fc\u015f\u00fcvde \u00e7et devlet el\u00e7ilikleri, BMT, Avropa Birligi kibi halqara te\u015fkil\u00e2tlar, Migratsiya boyunca halqara te\u015fkil\u00e2tn\u0131\u00f1 Ukrainadaki temsilciligi, BMT aliy komissar\u0131 idaresini\u00f1 Beyazrusiye, Moldova ve Ukraina boyunca temsilciligini\u00f1 30-dan ziyade vekilleri, Milliy Meclisni\u00f1 b\u00fct\u00fcn azalar\u0131 ve Meclisni\u00f1 ya\u00f1\u0131 saylan\u011fan reisi Refat \u00c7ubarov i\u015ftirak ettiler.<\/p>\n\n\n\n<figure class=\"wp-block-image size-full\"><img loading=\"lazy\" decoding=\"async\" width=\"650\" height=\"248\" src=\"http:\/\/qtmm.org\/wp-content\/uploads\/2022\/01\/wss_3433.jpeg\" alt=\"\" class=\"wp-image-40782\" srcset=\"https:\/\/qtmm.org\/wp-content\/uploads\/2022\/01\/wss_3433.jpeg 650w, https:\/\/qtmm.org\/wp-content\/uploads\/2022\/01\/wss_3433-300x114.jpeg 300w\" sizes=\"auto, (max-width: 650px) 100vw, 650px\" \/><\/figure>\n\n\n\n<p>K\u00f6r\u00fc\u015f\u00fcvni\u00f1 resmiy te\u015fkil\u00e2t\u00e7\u0131s\u0131 &#8220;Q\u0131r\u0131m inki\u015faf\u0131 fond\u0131&#8221; hayriye te\u015fkil\u00e2t\u0131, orta\u011f\u0131 ise &#8220;Q\u0131r\u0131m Halqara Biznes Birle\u015fmesi&#8221; old\u0131lar.<\/p>\n\n\n\n<p>Bundan da \u011fayr\u0131, er y\u0131ll\u0131q k\u00f6r\u00fc\u015f\u00fcv i\u015ftirak\u00e7ileri aras\u0131nda Ukraina nazirlikleri ve merkeziy akimiyet idarelerni\u00f1, Q\u0131r\u0131m akimiyeti organlar\u0131n\u0131\u00f1 vekilleri i\u015ftirak ettiler.<\/p>\n\n\n\n<figure class=\"wp-block-image size-full\"><img loading=\"lazy\" decoding=\"async\" width=\"650\" height=\"404\" src=\"http:\/\/qtmm.org\/wp-content\/uploads\/2022\/01\/wss_3537.jpeg\" alt=\"\" class=\"wp-image-40791\" srcset=\"https:\/\/qtmm.org\/wp-content\/uploads\/2022\/01\/wss_3537.jpeg 650w, https:\/\/qtmm.org\/wp-content\/uploads\/2022\/01\/wss_3537-300x186.jpeg 300w\" sizes=\"auto, (max-width: 650px) 100vw, 650px\" \/><\/figure>\n\n\n\n<p>Bu sene k\u00f6r\u00fc\u015f\u00fcvni\u00f1 ba\u015f mevzus\u0131 Ukrainan\u0131\u00f1 Avropa\u011fa qat\u0131luv niyetlerini ker\u00e7ekle\u015ftir\u00fcv \u00e7er\u00e7ivesinde q\u0131r\u0131mtatar problemini \u00e7ez\u00fcv yollar\u0131n\u0131\u00f1 muzakeresi old\u0131.<\/p>\n\n\n\n<p>T\u00f6gerek massa i\u015ftirak\u00e7ileri q\u0131r\u0131mtatar halq\u0131n\u0131\u00f1 qaytar\u0131lmas\u0131, yerle\u015ftirilmesi ve aqlar\u0131n\u0131\u00f1 \u011fayr\u0131dan tiklenilmesinen ba\u011fl\u0131 meselelerni, bun\u0131\u00f1 kibi de 2014 senesini\u00f1 birinci yar\u0131my\u0131ll\u0131\u011f\u0131nda q\u0131r\u0131mtatar halq\u0131 aqlar\u0131n\u0131\u00f1 \u011fayr\u0131dan tiklenmesi boyunca halqara forumn\u0131 ke\u00e7ir\u00fcv istiqballeri baq\u0131ld\u0131.<\/p>\n\n\n\n<figure class=\"wp-block-image size-full\"><img loading=\"lazy\" decoding=\"async\" width=\"656\" height=\"338\" src=\"http:\/\/qtmm.org\/wp-content\/uploads\/2022\/01\/wss_3434.jpeg\" alt=\"\" class=\"wp-image-40796\" srcset=\"https:\/\/qtmm.org\/wp-content\/uploads\/2022\/01\/wss_3434.jpeg 656w, https:\/\/qtmm.org\/wp-content\/uploads\/2022\/01\/wss_3434-300x155.jpeg 300w\" sizes=\"auto, (max-width: 656px) 100vw, 656px\" \/><\/figure>\n\n\n\n<p>K\u00f6r\u00fc\u015f\u00fcv devam\u0131nda Meclis yolba\u015f\u00e7\u0131lar\u0131 \u00e7etel diplomatik missiyalar ve halqara te\u015fkil\u00e2tlardan Ukrainada q\u0131r\u0131mtatar problemini\u00f1 \u00e7ezilmesi boyunca i\u015fbirlik meselesinde nelerni beklegenleri de muzakere etildi.<\/p>\n\n\n\n<p>&#8220;Biz halqara cemiyet vekillerine maqsad\u0131 Ukrainada q\u0131r\u0131mtatarlarn\u0131\u00f1 m\u00fcim meselesini \u00e7ezmek ol\u011fan umumavropa ve transatlantik dialogn\u0131 ke\u00e7ir\u00fcvge qoltutqanlar\u0131 i\u00e7\u00fcn te\u015fekk\u00fcrlerimizni bildiremiz.<\/p>\n\n\n\n<p>Ukraina Avropa Birliginen Birle\u015fme aqq\u0131nda a\u00f1la\u015fma imzalav kibi m\u00fcim vaqia arfesinde tur\u011fanda q\u0131r\u0131mtatarlarn\u0131\u00f1 meselesini \u00e7ezmek o\u011frunda k\u00fc\u00e7lerni birle\u015ftirmek pek m\u00fcimdir. \u00dcm\u00fct etemiz ki, ukrain akimiyeti vekilleri de bu dialog\u011fa qo\u015ful\u0131r ve q\u0131r\u0131mtatar halq\u0131n\u0131\u00f1 qaytmas\u0131, yerle\u015fmesi, bun\u0131\u00f1 kibi de tarihiy vatanlar\u0131nda aqlar\u0131n\u0131\u00f1 tiklenmesinen ba\u011fl\u0131 siyasiy-uquqiy meselelerni\u00f1 \u00e7ezimine yard\u0131m eterler&#8221;, &#8211; dedi Q\u0131r\u0131mtatar halq\u0131 Meclisini\u00f1 reisi Refat \u00c7ubarov.<\/p>\n\n\n\n<p>K\u00f6r\u00fc\u015f\u00fcv devam\u0131nda &#8220;Lari\u015fes&#8221; Q\u0131r\u0131m tarih\u0131 m\u00fczeyi taraf\u0131ndan az\u0131rlan\u011fan taqdimname ol\u0131p, on\u0131\u00f1 sayesinde i\u015ftirak\u00e7iler q\u0131r\u0131mtatarlarn\u0131\u00f1 diplomatik ve halqara al\u00e2qalar\u0131n\u0131\u00f1 tarih\u0131nen tan\u0131\u015f old\u0131lar.<\/p>\n\n\n\n<figure class=\"wp-block-image size-full\"><img loading=\"lazy\" decoding=\"async\" width=\"650\" height=\"339\" src=\"http:\/\/qtmm.org\/wp-content\/uploads\/2022\/01\/wss_3515.jpeg\" alt=\"\" class=\"wp-image-40800\" srcset=\"https:\/\/qtmm.org\/wp-content\/uploads\/2022\/01\/wss_3515.jpeg 650w, https:\/\/qtmm.org\/wp-content\/uploads\/2022\/01\/wss_3515-300x156.jpeg 300w\" sizes=\"auto, (max-width: 650px) 100vw, 650px\" \/><\/figure>\n","protected":false},"excerpt":{"rendered":"<p>Noyabr 21 k\u00fcn\u00fc Kiyevde Milliy Meclis yolba\u015f\u00e7\u0131lar\u0131n\u0131\u00f1 Ukrainada akkreditatsiya etilgen diplomatik missiyalar ve halqara te\u015fkil\u00e2t vekillerinen ol\u0131p ke\u00e7ken er y\u0131ll\u0131q 3-nci k\u00f6r\u00fc\u015f\u00fcvi ol\u0131p ke\u00e7ti. K\u00f6r\u00fc\u015f\u00fcvde \u00e7et devlet el\u00e7ilikleri, BMT, Avropa Birligi kibi halqara te\u015fkil\u00e2tlar, Migratsiya boyunca halqara te\u015fkil\u00e2tn\u0131\u00f1 Ukrainadaki temsilciligi, BMT aliy komissar\u0131 idaresini\u00f1 Beyazrusiye, Moldova ve Ukraina boyunca temsilciligini\u00f1 30-dan ziyade vekilleri, Milliy Meclisni\u00f1 [&hellip;]<\/p>\n","protected":false},"author":1,"featured_media":40786,"comment_status":"open","ping_status":"open","sticky":false,"template":"","format":"standard","meta":{"inline_featured_image":false,"footnotes":""},"categories":[265],"tags":[],"class_list":["post-40777","post","type-post","status-publish","format-standard","has-post-thumbnail","hentry","category-haberler"],"acf":[],"yoast_head":"<!-- This site is optimized with the Yoast SEO plugin v27.4 - https:\/\/yoast.com\/product\/yoast-seo-wordpress\/ -->\n<title>Meclis yolba\u015f\u00e7\u0131lar\u0131n\u0131\u00f1 diplomatik missiya ve Ukrainada akkreditatsiya etilgen halqara te\u015fkil\u00e2t yolba\u015f\u00e7\u0131lar\u0131 ile \u00fc\u00e7\u00fcnci er y\u0131ll\u0131q k\u00f6r\u00fc\u015f\u00fcvi ol\u0131p ke\u00e7ti - \u041c\u0435\u0434\u0436\u043b\u0456\u0441<\/title>\n<meta name=\"robots\" content=\"index, follow, max-snippet:-1, max-image-preview:large, max-video-preview:-1\" \/>\n<link rel=\"canonical\" href=\"https:\/\/qtmm.org\/qt\/meclis-yolbascilarinin-diplomatik-missiya-ve-ukrainada-akkreditatsiya-etilgen-halqara-teskilat-yolbascilari-ile-ucunci-er-yilliq-korusuvi-olip-kecti\/\" \/>\n<meta property=\"og:locale\" content=\"en_US\" \/>\n<meta property=\"og:type\" content=\"article\" \/>\n<meta property=\"og:title\" content=\"Meclis yolba\u015f\u00e7\u0131lar\u0131n\u0131\u00f1 diplomatik missiya ve Ukrainada akkreditatsiya etilgen halqara te\u015fkil\u00e2t yolba\u015f\u00e7\u0131lar\u0131 ile \u00fc\u00e7\u00fcnci er y\u0131ll\u0131q k\u00f6r\u00fc\u015f\u00fcvi ol\u0131p ke\u00e7ti - \u041c\u0435\u0434\u0436\u043b\u0456\u0441\" \/>\n<meta property=\"og:description\" content=\"Noyabr 21 k\u00fcn\u00fc Kiyevde Milliy Meclis yolba\u015f\u00e7\u0131lar\u0131n\u0131\u00f1 Ukrainada akkreditatsiya etilgen diplomatik missiyalar ve halqara te\u015fkil\u00e2t vekillerinen ol\u0131p ke\u00e7ken er y\u0131ll\u0131q 3-nci k\u00f6r\u00fc\u015f\u00fcvi ol\u0131p ke\u00e7ti. K\u00f6r\u00fc\u015f\u00fcvde \u00e7et devlet el\u00e7ilikleri, BMT, Avropa Birligi kibi halqara te\u015fkil\u00e2tlar, Migratsiya boyunca halqara te\u015fkil\u00e2tn\u0131\u00f1 Ukrainadaki temsilciligi, BMT aliy komissar\u0131 idaresini\u00f1 Beyazrusiye, Moldova ve Ukraina boyunca temsilciligini\u00f1 30-dan ziyade vekilleri, Milliy Meclisni\u00f1 [&hellip;]\" \/>\n<meta property=\"og:url\" content=\"https:\/\/qtmm.org\/qt\/meclis-yolbascilarinin-diplomatik-missiya-ve-ukrainada-akkreditatsiya-etilgen-halqara-teskilat-yolbascilari-ile-ucunci-er-yilliq-korusuvi-olip-kecti\/\" \/>\n<meta property=\"og:site_name\" content=\"\u041c\u0435\u0434\u0436\u043b\u0456\u0441\" \/>\n<meta property=\"article:publisher\" content=\"https:\/\/www.facebook.com\/qtmm.info\/\" \/>\n<meta property=\"article:published_time\" content=\"2013-11-21T17:50:00+00:00\" \/>\n<meta property=\"article:modified_time\" content=\"2022-01-26T17:52:58+00:00\" \/>\n<meta property=\"og:image\" content=\"https:\/\/qtmm.org\/wp-content\/uploads\/2022\/01\/wss_3318.jpeg\" \/>\n\t<meta property=\"og:image:width\" content=\"650\" \/>\n\t<meta property=\"og:image:height\" content=\"453\" \/>\n\t<meta property=\"og:image:type\" content=\"image\/jpeg\" \/>\n<meta name=\"author\" content=\"Developer\" \/>\n<meta name=\"twitter:card\" content=\"summary_large_image\" \/>\n<meta name=\"twitter:label1\" content=\"Written by\" \/>\n\t<meta name=\"twitter:data1\" content=\"Developer\" \/>\n\t<meta name=\"twitter:label2\" content=\"Est. reading time\" \/>\n\t<meta name=\"twitter:data2\" content=\"2 minutes\" \/>\n<script type=\"application\/ld+json\" class=\"yoast-schema-graph\">{\"@context\":\"https:\\\/\\\/schema.org\",\"@graph\":[{\"@type\":\"Article\",\"@id\":\"https:\\\/\\\/qtmm.org\\\/qt\\\/meclis-yolbascilarinin-diplomatik-missiya-ve-ukrainada-akkreditatsiya-etilgen-halqara-teskilat-yolbascilari-ile-ucunci-er-yilliq-korusuvi-olip-kecti\\\/#article\",\"isPartOf\":{\"@id\":\"https:\\\/\\\/qtmm.org\\\/qt\\\/meclis-yolbascilarinin-diplomatik-missiya-ve-ukrainada-akkreditatsiya-etilgen-halqara-teskilat-yolbascilari-ile-ucunci-er-yilliq-korusuvi-olip-kecti\\\/\"},\"author\":{\"name\":\"Developer\",\"@id\":\"https:\\\/\\\/qtmm.org\\\/qt\\\/#\\\/schema\\\/person\\\/de562469f971dec226ac06e60bbf74a7\"},\"headline\":\"Meclis yolba\u015f\u00e7\u0131lar\u0131n\u0131\u00f1 diplomatik missiya ve Ukrainada akkreditatsiya etilgen halqara te\u015fkil\u00e2t yolba\u015f\u00e7\u0131lar\u0131 ile \u00fc\u00e7\u00fcnci er y\u0131ll\u0131q k\u00f6r\u00fc\u015f\u00fcvi ol\u0131p ke\u00e7ti\",\"datePublished\":\"2013-11-21T17:50:00+00:00\",\"dateModified\":\"2022-01-26T17:52:58+00:00\",\"mainEntityOfPage\":{\"@id\":\"https:\\\/\\\/qtmm.org\\\/qt\\\/meclis-yolbascilarinin-diplomatik-missiya-ve-ukrainada-akkreditatsiya-etilgen-halqara-teskilat-yolbascilari-ile-ucunci-er-yilliq-korusuvi-olip-kecti\\\/\"},\"wordCount\":440,\"commentCount\":0,\"publisher\":{\"@id\":\"https:\\\/\\\/qtmm.org\\\/qt\\\/#organization\"},\"image\":{\"@id\":\"https:\\\/\\\/qtmm.org\\\/qt\\\/meclis-yolbascilarinin-diplomatik-missiya-ve-ukrainada-akkreditatsiya-etilgen-halqara-teskilat-yolbascilari-ile-ucunci-er-yilliq-korusuvi-olip-kecti\\\/#primaryimage\"},\"thumbnailUrl\":\"https:\\\/\\\/qtmm.org\\\/wp-content\\\/uploads\\\/2022\\\/01\\\/wss_3318.jpeg\",\"articleSection\":[\"Haberler\"],\"inLanguage\":\"qt\",\"potentialAction\":[{\"@type\":\"CommentAction\",\"name\":\"Comment\",\"target\":[\"https:\\\/\\\/qtmm.org\\\/qt\\\/meclis-yolbascilarinin-diplomatik-missiya-ve-ukrainada-akkreditatsiya-etilgen-halqara-teskilat-yolbascilari-ile-ucunci-er-yilliq-korusuvi-olip-kecti\\\/#respond\"]}]},{\"@type\":\"WebPage\",\"@id\":\"https:\\\/\\\/qtmm.org\\\/qt\\\/meclis-yolbascilarinin-diplomatik-missiya-ve-ukrainada-akkreditatsiya-etilgen-halqara-teskilat-yolbascilari-ile-ucunci-er-yilliq-korusuvi-olip-kecti\\\/\",\"url\":\"https:\\\/\\\/qtmm.org\\\/qt\\\/meclis-yolbascilarinin-diplomatik-missiya-ve-ukrainada-akkreditatsiya-etilgen-halqara-teskilat-yolbascilari-ile-ucunci-er-yilliq-korusuvi-olip-kecti\\\/\",\"name\":\"Meclis yolba\u015f\u00e7\u0131lar\u0131n\u0131\u00f1 diplomatik missiya ve Ukrainada akkreditatsiya etilgen halqara te\u015fkil\u00e2t yolba\u015f\u00e7\u0131lar\u0131 ile \u00fc\u00e7\u00fcnci er y\u0131ll\u0131q k\u00f6r\u00fc\u015f\u00fcvi ol\u0131p ke\u00e7ti - \u041c\u0435\u0434\u0436\u043b\u0456\u0441\",\"isPartOf\":{\"@id\":\"https:\\\/\\\/qtmm.org\\\/qt\\\/#website\"},\"primaryImageOfPage\":{\"@id\":\"https:\\\/\\\/qtmm.org\\\/qt\\\/meclis-yolbascilarinin-diplomatik-missiya-ve-ukrainada-akkreditatsiya-etilgen-halqara-teskilat-yolbascilari-ile-ucunci-er-yilliq-korusuvi-olip-kecti\\\/#primaryimage\"},\"image\":{\"@id\":\"https:\\\/\\\/qtmm.org\\\/qt\\\/meclis-yolbascilarinin-diplomatik-missiya-ve-ukrainada-akkreditatsiya-etilgen-halqara-teskilat-yolbascilari-ile-ucunci-er-yilliq-korusuvi-olip-kecti\\\/#primaryimage\"},\"thumbnailUrl\":\"https:\\\/\\\/qtmm.org\\\/wp-content\\\/uploads\\\/2022\\\/01\\\/wss_3318.jpeg\",\"datePublished\":\"2013-11-21T17:50:00+00:00\",\"dateModified\":\"2022-01-26T17:52:58+00:00\",\"breadcrumb\":{\"@id\":\"https:\\\/\\\/qtmm.org\\\/qt\\\/meclis-yolbascilarinin-diplomatik-missiya-ve-ukrainada-akkreditatsiya-etilgen-halqara-teskilat-yolbascilari-ile-ucunci-er-yilliq-korusuvi-olip-kecti\\\/#breadcrumb\"},\"inLanguage\":\"qt\",\"potentialAction\":[{\"@type\":\"ReadAction\",\"target\":[\"https:\\\/\\\/qtmm.org\\\/qt\\\/meclis-yolbascilarinin-diplomatik-missiya-ve-ukrainada-akkreditatsiya-etilgen-halqara-teskilat-yolbascilari-ile-ucunci-er-yilliq-korusuvi-olip-kecti\\\/\"]}]},{\"@type\":\"ImageObject\",\"inLanguage\":\"qt\",\"@id\":\"https:\\\/\\\/qtmm.org\\\/qt\\\/meclis-yolbascilarinin-diplomatik-missiya-ve-ukrainada-akkreditatsiya-etilgen-halqara-teskilat-yolbascilari-ile-ucunci-er-yilliq-korusuvi-olip-kecti\\\/#primaryimage\",\"url\":\"https:\\\/\\\/qtmm.org\\\/wp-content\\\/uploads\\\/2022\\\/01\\\/wss_3318.jpeg\",\"contentUrl\":\"https:\\\/\\\/qtmm.org\\\/wp-content\\\/uploads\\\/2022\\\/01\\\/wss_3318.jpeg\",\"width\":650,\"height\":453},{\"@type\":\"BreadcrumbList\",\"@id\":\"https:\\\/\\\/qtmm.org\\\/qt\\\/meclis-yolbascilarinin-diplomatik-missiya-ve-ukrainada-akkreditatsiya-etilgen-halqara-teskilat-yolbascilari-ile-ucunci-er-yilliq-korusuvi-olip-kecti\\\/#breadcrumb\",\"itemListElement\":[{\"@type\":\"ListItem\",\"position\":1,\"name\":\"\u0413\u043e\u043b\u043e\u0432\u043d\u0430\",\"item\":\"https:\\\/\\\/qtmm.org\\\/qt\\\/\"},{\"@type\":\"ListItem\",\"position\":2,\"name\":\"Meclis yolba\u015f\u00e7\u0131lar\u0131n\u0131\u00f1 diplomatik missiya ve Ukrainada akkreditatsiya etilgen halqara te\u015fkil\u00e2t yolba\u015f\u00e7\u0131lar\u0131 ile \u00fc\u00e7\u00fcnci er y\u0131ll\u0131q k\u00f6r\u00fc\u015f\u00fcvi ol\u0131p ke\u00e7ti\"}]},{\"@type\":\"WebSite\",\"@id\":\"https:\\\/\\\/qtmm.org\\\/qt\\\/#website\",\"url\":\"https:\\\/\\\/qtmm.org\\\/qt\\\/\",\"name\":\"\u041c\u0435\u0434\u0436\u043b\u0456\u0441\",\"description\":\"\",\"publisher\":{\"@id\":\"https:\\\/\\\/qtmm.org\\\/qt\\\/#organization\"},\"potentialAction\":[{\"@type\":\"SearchAction\",\"target\":{\"@type\":\"EntryPoint\",\"urlTemplate\":\"https:\\\/\\\/qtmm.org\\\/qt\\\/?s={search_term_string}\"},\"query-input\":{\"@type\":\"PropertyValueSpecification\",\"valueRequired\":true,\"valueName\":\"search_term_string\"}}],\"inLanguage\":\"qt\"},{\"@type\":\"Organization\",\"@id\":\"https:\\\/\\\/qtmm.org\\\/qt\\\/#organization\",\"name\":\"\u041c\u0435\u0434\u0436\u043b\u0456\u0441\",\"url\":\"https:\\\/\\\/qtmm.org\\\/qt\\\/\",\"logo\":{\"@type\":\"ImageObject\",\"inLanguage\":\"qt\",\"@id\":\"https:\\\/\\\/qtmm.org\\\/qt\\\/#\\\/schema\\\/logo\\\/image\\\/\",\"url\":\"https:\\\/\\\/qtmm.org\\\/wp-content\\\/uploads\\\/2024\\\/12\\\/ua-mejlis-logo-rgb.svg\",\"contentUrl\":\"https:\\\/\\\/qtmm.org\\\/wp-content\\\/uploads\\\/2024\\\/12\\\/ua-mejlis-logo-rgb.svg\",\"caption\":\"\u041c\u0435\u0434\u0436\u043b\u0456\u0441\"},\"image\":{\"@id\":\"https:\\\/\\\/qtmm.org\\\/qt\\\/#\\\/schema\\\/logo\\\/image\\\/\"},\"sameAs\":[\"https:\\\/\\\/www.facebook.com\\\/qtmm.info\\\/\"]},{\"@type\":\"Person\",\"@id\":\"https:\\\/\\\/qtmm.org\\\/qt\\\/#\\\/schema\\\/person\\\/de562469f971dec226ac06e60bbf74a7\",\"name\":\"Developer\",\"image\":{\"@type\":\"ImageObject\",\"inLanguage\":\"qt\",\"@id\":\"https:\\\/\\\/secure.gravatar.com\\\/avatar\\\/392b4cc8fbfeb00b39dfeeab4ee6edded39ffd48e25858637e4765810300227e?s=96&d=mm&r=g\",\"url\":\"https:\\\/\\\/secure.gravatar.com\\\/avatar\\\/392b4cc8fbfeb00b39dfeeab4ee6edded39ffd48e25858637e4765810300227e?s=96&d=mm&r=g\",\"contentUrl\":\"https:\\\/\\\/secure.gravatar.com\\\/avatar\\\/392b4cc8fbfeb00b39dfeeab4ee6edded39ffd48e25858637e4765810300227e?s=96&d=mm&r=g\",\"caption\":\"Developer\"},\"url\":\"https:\\\/\\\/qtmm.org\\\/qt\\\/author\\\/Developer\\\/\"}]}<\/script>\n<!-- \/ Yoast SEO plugin. -->","yoast_head_json":{"title":"Meclis yolba\u015f\u00e7\u0131lar\u0131n\u0131\u00f1 diplomatik missiya ve Ukrainada akkreditatsiya etilgen halqara te\u015fkil\u00e2t yolba\u015f\u00e7\u0131lar\u0131 ile \u00fc\u00e7\u00fcnci er y\u0131ll\u0131q k\u00f6r\u00fc\u015f\u00fcvi ol\u0131p ke\u00e7ti - \u041c\u0435\u0434\u0436\u043b\u0456\u0441","robots":{"index":"index","follow":"follow","max-snippet":"max-snippet:-1","max-image-preview":"max-image-preview:large","max-video-preview":"max-video-preview:-1"},"canonical":"https:\/\/qtmm.org\/qt\/meclis-yolbascilarinin-diplomatik-missiya-ve-ukrainada-akkreditatsiya-etilgen-halqara-teskilat-yolbascilari-ile-ucunci-er-yilliq-korusuvi-olip-kecti\/","og_locale":"en_US","og_type":"article","og_title":"Meclis yolba\u015f\u00e7\u0131lar\u0131n\u0131\u00f1 diplomatik missiya ve Ukrainada akkreditatsiya etilgen halqara te\u015fkil\u00e2t yolba\u015f\u00e7\u0131lar\u0131 ile \u00fc\u00e7\u00fcnci er y\u0131ll\u0131q k\u00f6r\u00fc\u015f\u00fcvi ol\u0131p ke\u00e7ti - \u041c\u0435\u0434\u0436\u043b\u0456\u0441","og_description":"Noyabr 21 k\u00fcn\u00fc Kiyevde Milliy Meclis yolba\u015f\u00e7\u0131lar\u0131n\u0131\u00f1 Ukrainada akkreditatsiya etilgen diplomatik missiyalar ve halqara te\u015fkil\u00e2t vekillerinen ol\u0131p ke\u00e7ken er y\u0131ll\u0131q 3-nci k\u00f6r\u00fc\u015f\u00fcvi ol\u0131p ke\u00e7ti. K\u00f6r\u00fc\u015f\u00fcvde \u00e7et devlet el\u00e7ilikleri, BMT, Avropa Birligi kibi halqara te\u015fkil\u00e2tlar, Migratsiya boyunca halqara te\u015fkil\u00e2tn\u0131\u00f1 Ukrainadaki temsilciligi, BMT aliy komissar\u0131 idaresini\u00f1 Beyazrusiye, Moldova ve Ukraina boyunca temsilciligini\u00f1 30-dan ziyade vekilleri, Milliy Meclisni\u00f1 [&hellip;]","og_url":"https:\/\/qtmm.org\/qt\/meclis-yolbascilarinin-diplomatik-missiya-ve-ukrainada-akkreditatsiya-etilgen-halqara-teskilat-yolbascilari-ile-ucunci-er-yilliq-korusuvi-olip-kecti\/","og_site_name":"\u041c\u0435\u0434\u0436\u043b\u0456\u0441","article_publisher":"https:\/\/www.facebook.com\/qtmm.info\/","article_published_time":"2013-11-21T17:50:00+00:00","article_modified_time":"2022-01-26T17:52:58+00:00","og_image":[{"width":650,"height":453,"url":"https:\/\/qtmm.org\/wp-content\/uploads\/2022\/01\/wss_3318.jpeg","type":"image\/jpeg"}],"author":"Developer","twitter_card":"summary_large_image","twitter_misc":{"Written by":"Developer","Est. reading time":"2 minutes"},"schema":{"@context":"https:\/\/schema.org","@graph":[{"@type":"Article","@id":"https:\/\/qtmm.org\/qt\/meclis-yolbascilarinin-diplomatik-missiya-ve-ukrainada-akkreditatsiya-etilgen-halqara-teskilat-yolbascilari-ile-ucunci-er-yilliq-korusuvi-olip-kecti\/#article","isPartOf":{"@id":"https:\/\/qtmm.org\/qt\/meclis-yolbascilarinin-diplomatik-missiya-ve-ukrainada-akkreditatsiya-etilgen-halqara-teskilat-yolbascilari-ile-ucunci-er-yilliq-korusuvi-olip-kecti\/"},"author":{"name":"Developer","@id":"https:\/\/qtmm.org\/qt\/#\/schema\/person\/de562469f971dec226ac06e60bbf74a7"},"headline":"Meclis yolba\u015f\u00e7\u0131lar\u0131n\u0131\u00f1 diplomatik missiya ve Ukrainada akkreditatsiya etilgen halqara te\u015fkil\u00e2t yolba\u015f\u00e7\u0131lar\u0131 ile \u00fc\u00e7\u00fcnci er y\u0131ll\u0131q k\u00f6r\u00fc\u015f\u00fcvi ol\u0131p ke\u00e7ti","datePublished":"2013-11-21T17:50:00+00:00","dateModified":"2022-01-26T17:52:58+00:00","mainEntityOfPage":{"@id":"https:\/\/qtmm.org\/qt\/meclis-yolbascilarinin-diplomatik-missiya-ve-ukrainada-akkreditatsiya-etilgen-halqara-teskilat-yolbascilari-ile-ucunci-er-yilliq-korusuvi-olip-kecti\/"},"wordCount":440,"commentCount":0,"publisher":{"@id":"https:\/\/qtmm.org\/qt\/#organization"},"image":{"@id":"https:\/\/qtmm.org\/qt\/meclis-yolbascilarinin-diplomatik-missiya-ve-ukrainada-akkreditatsiya-etilgen-halqara-teskilat-yolbascilari-ile-ucunci-er-yilliq-korusuvi-olip-kecti\/#primaryimage"},"thumbnailUrl":"https:\/\/qtmm.org\/wp-content\/uploads\/2022\/01\/wss_3318.jpeg","articleSection":["Haberler"],"inLanguage":"qt","potentialAction":[{"@type":"CommentAction","name":"Comment","target":["https:\/\/qtmm.org\/qt\/meclis-yolbascilarinin-diplomatik-missiya-ve-ukrainada-akkreditatsiya-etilgen-halqara-teskilat-yolbascilari-ile-ucunci-er-yilliq-korusuvi-olip-kecti\/#respond"]}]},{"@type":"WebPage","@id":"https:\/\/qtmm.org\/qt\/meclis-yolbascilarinin-diplomatik-missiya-ve-ukrainada-akkreditatsiya-etilgen-halqara-teskilat-yolbascilari-ile-ucunci-er-yilliq-korusuvi-olip-kecti\/","url":"https:\/\/qtmm.org\/qt\/meclis-yolbascilarinin-diplomatik-missiya-ve-ukrainada-akkreditatsiya-etilgen-halqara-teskilat-yolbascilari-ile-ucunci-er-yilliq-korusuvi-olip-kecti\/","name":"Meclis yolba\u015f\u00e7\u0131lar\u0131n\u0131\u00f1 diplomatik missiya ve Ukrainada akkreditatsiya etilgen halqara te\u015fkil\u00e2t yolba\u015f\u00e7\u0131lar\u0131 ile \u00fc\u00e7\u00fcnci er y\u0131ll\u0131q k\u00f6r\u00fc\u015f\u00fcvi ol\u0131p ke\u00e7ti - \u041c\u0435\u0434\u0436\u043b\u0456\u0441","isPartOf":{"@id":"https:\/\/qtmm.org\/qt\/#website"},"primaryImageOfPage":{"@id":"https:\/\/qtmm.org\/qt\/meclis-yolbascilarinin-diplomatik-missiya-ve-ukrainada-akkreditatsiya-etilgen-halqara-teskilat-yolbascilari-ile-ucunci-er-yilliq-korusuvi-olip-kecti\/#primaryimage"},"image":{"@id":"https:\/\/qtmm.org\/qt\/meclis-yolbascilarinin-diplomatik-missiya-ve-ukrainada-akkreditatsiya-etilgen-halqara-teskilat-yolbascilari-ile-ucunci-er-yilliq-korusuvi-olip-kecti\/#primaryimage"},"thumbnailUrl":"https:\/\/qtmm.org\/wp-content\/uploads\/2022\/01\/wss_3318.jpeg","datePublished":"2013-11-21T17:50:00+00:00","dateModified":"2022-01-26T17:52:58+00:00","breadcrumb":{"@id":"https:\/\/qtmm.org\/qt\/meclis-yolbascilarinin-diplomatik-missiya-ve-ukrainada-akkreditatsiya-etilgen-halqara-teskilat-yolbascilari-ile-ucunci-er-yilliq-korusuvi-olip-kecti\/#breadcrumb"},"inLanguage":"qt","potentialAction":[{"@type":"ReadAction","target":["https:\/\/qtmm.org\/qt\/meclis-yolbascilarinin-diplomatik-missiya-ve-ukrainada-akkreditatsiya-etilgen-halqara-teskilat-yolbascilari-ile-ucunci-er-yilliq-korusuvi-olip-kecti\/"]}]},{"@type":"ImageObject","inLanguage":"qt","@id":"https:\/\/qtmm.org\/qt\/meclis-yolbascilarinin-diplomatik-missiya-ve-ukrainada-akkreditatsiya-etilgen-halqara-teskilat-yolbascilari-ile-ucunci-er-yilliq-korusuvi-olip-kecti\/#primaryimage","url":"https:\/\/qtmm.org\/wp-content\/uploads\/2022\/01\/wss_3318.jpeg","contentUrl":"https:\/\/qtmm.org\/wp-content\/uploads\/2022\/01\/wss_3318.jpeg","width":650,"height":453},{"@type":"BreadcrumbList","@id":"https:\/\/qtmm.org\/qt\/meclis-yolbascilarinin-diplomatik-missiya-ve-ukrainada-akkreditatsiya-etilgen-halqara-teskilat-yolbascilari-ile-ucunci-er-yilliq-korusuvi-olip-kecti\/#breadcrumb","itemListElement":[{"@type":"ListItem","position":1,"name":"\u0413\u043e\u043b\u043e\u0432\u043d\u0430","item":"https:\/\/qtmm.org\/qt\/"},{"@type":"ListItem","position":2,"name":"Meclis yolba\u015f\u00e7\u0131lar\u0131n\u0131\u00f1 diplomatik missiya ve Ukrainada akkreditatsiya etilgen halqara te\u015fkil\u00e2t yolba\u015f\u00e7\u0131lar\u0131 ile \u00fc\u00e7\u00fcnci er y\u0131ll\u0131q k\u00f6r\u00fc\u015f\u00fcvi ol\u0131p ke\u00e7ti"}]},{"@type":"WebSite","@id":"https:\/\/qtmm.org\/qt\/#website","url":"https:\/\/qtmm.org\/qt\/","name":"\u041c\u0435\u0434\u0436\u043b\u0456\u0441","description":"","publisher":{"@id":"https:\/\/qtmm.org\/qt\/#organization"},"potentialAction":[{"@type":"SearchAction","target":{"@type":"EntryPoint","urlTemplate":"https:\/\/qtmm.org\/qt\/?s={search_term_string}"},"query-input":{"@type":"PropertyValueSpecification","valueRequired":true,"valueName":"search_term_string"}}],"inLanguage":"qt"},{"@type":"Organization","@id":"https:\/\/qtmm.org\/qt\/#organization","name":"\u041c\u0435\u0434\u0436\u043b\u0456\u0441","url":"https:\/\/qtmm.org\/qt\/","logo":{"@type":"ImageObject","inLanguage":"qt","@id":"https:\/\/qtmm.org\/qt\/#\/schema\/logo\/image\/","url":"https:\/\/qtmm.org\/wp-content\/uploads\/2024\/12\/ua-mejlis-logo-rgb.svg","contentUrl":"https:\/\/qtmm.org\/wp-content\/uploads\/2024\/12\/ua-mejlis-logo-rgb.svg","caption":"\u041c\u0435\u0434\u0436\u043b\u0456\u0441"},"image":{"@id":"https:\/\/qtmm.org\/qt\/#\/schema\/logo\/image\/"},"sameAs":["https:\/\/www.facebook.com\/qtmm.info\/"]},{"@type":"Person","@id":"https:\/\/qtmm.org\/qt\/#\/schema\/person\/de562469f971dec226ac06e60bbf74a7","name":"Developer","image":{"@type":"ImageObject","inLanguage":"qt","@id":"https:\/\/secure.gravatar.com\/avatar\/392b4cc8fbfeb00b39dfeeab4ee6edded39ffd48e25858637e4765810300227e?s=96&d=mm&r=g","url":"https:\/\/secure.gravatar.com\/avatar\/392b4cc8fbfeb00b39dfeeab4ee6edded39ffd48e25858637e4765810300227e?s=96&d=mm&r=g","contentUrl":"https:\/\/secure.gravatar.com\/avatar\/392b4cc8fbfeb00b39dfeeab4ee6edded39ffd48e25858637e4765810300227e?s=96&d=mm&r=g","caption":"Developer"},"url":"https:\/\/qtmm.org\/qt\/author\/Developer\/"}]}},"_links":{"self":[{"href":"https:\/\/qtmm.org\/qt\/wp-json\/wp\/v2\/posts\/40777","targetHints":{"allow":["GET"]}}],"collection":[{"href":"https:\/\/qtmm.org\/qt\/wp-json\/wp\/v2\/posts"}],"about":[{"href":"https:\/\/qtmm.org\/qt\/wp-json\/wp\/v2\/types\/post"}],"author":[{"embeddable":true,"href":"https:\/\/qtmm.org\/qt\/wp-json\/wp\/v2\/users\/1"}],"replies":[{"embeddable":true,"href":"https:\/\/qtmm.org\/qt\/wp-json\/wp\/v2\/comments?post=40777"}],"version-history":[{"count":1,"href":"https:\/\/qtmm.org\/qt\/wp-json\/wp\/v2\/posts\/40777\/revisions"}],"predecessor-version":[{"id":40804,"href":"https:\/\/qtmm.org\/qt\/wp-json\/wp\/v2\/posts\/40777\/revisions\/40804"}],"wp:featuredmedia":[{"embeddable":true,"href":"https:\/\/qtmm.org\/qt\/wp-json\/wp\/v2\/media\/40786"}],"wp:attachment":[{"href":"https:\/\/qtmm.org\/qt\/wp-json\/wp\/v2\/media?parent=40777"}],"wp:term":[{"taxonomy":"category","embeddable":true,"href":"https:\/\/qtmm.org\/qt\/wp-json\/wp\/v2\/categories?post=40777"},{"taxonomy":"post_tag","embeddable":true,"href":"https:\/\/qtmm.org\/qt\/wp-json\/wp\/v2\/tags?post=40777"}],"curies":[{"name":"wp","href":"https:\/\/api.w.org\/{rel}","templated":true}]}}