




{"id":40758,"date":"2013-11-19T20:49:00","date_gmt":"2013-11-19T17:49:00","guid":{"rendered":"http:\/\/qtmm.org\/?p=40758"},"modified":"2022-01-26T20:50:24","modified_gmt":"2022-01-26T17:50:24","slug":"milliy-meclis-ukraina-ve-avropa-birligi-arasinda-anlasma-imzalanacaginda-emin","status":"publish","type":"post","link":"https:\/\/qtmm.org\/qt\/milliy-meclis-ukraina-ve-avropa-birligi-arasinda-anlasma-imzalanacaginda-emin\/","title":{"rendered":"Milliy Meclis Ukraina ve Avropa Birligi aras\u0131nda a\u00f1la\u015fma imzalanaca\u011f\u0131nda emin"},"content":{"rendered":"\n<p>Q\u0131r\u0131mtatar halq\u0131 Meclisini\u00f1 2013 senesi noyabr 19 k\u00fcn\u00fc ol\u0131p ke\u00e7ken nevbetten t\u0131\u015f topla\u015fuv\u0131nda &#8220;Q\u0131r\u0131mtatar halq\u0131 Meclisini\u00f1 (Qurultay avaleleri \u00e7er\u00e7ivesinde) qararlar\u0131, beyanat ve muracaatlar\u0131 aqq\u0131nda&#8221; meselesi baq\u0131ld\u0131.<\/p>\n\n\n\n<figure class=\"wp-block-image size-full\"><img loading=\"lazy\" decoding=\"async\" width=\"650\" height=\"390\" src=\"http:\/\/qtmm.org\/wp-content\/uploads\/2022\/01\/1_138.jpeg\" alt=\"\" class=\"wp-image-40760\" srcset=\"https:\/\/qtmm.org\/wp-content\/uploads\/2022\/01\/1_138.jpeg 650w, https:\/\/qtmm.org\/wp-content\/uploads\/2022\/01\/1_138-300x180.jpeg 300w\" sizes=\"auto, (max-width: 650px) 100vw, 650px\" \/><\/figure>\n\n\n\n<p>Topla\u015fuvn\u0131\u00f1 ba\u015f\u0131nda Meclis azalar\u0131n\u0131 ke\u00e7enlerde Ba\u011f\u00e7asaray tarihiy-medeniy qoruqqa \u015fahsiy numizmatik kollektsiyas\u0131n\u0131 ediye etken Amerikadaki q\u0131r\u0131mtatar diasporas\u0131n\u0131\u00f1 vekili, belli kollektsionc\u0131 Abduraim Demirayaq sel\u00e2mlad\u0131 ve q\u0131r\u0131mtatarlarn\u0131\u00f1 vek\u00e2letli organ\u0131n\u0131\u00f1 azalar\u0131na halq o\u011frunda mahsuldar \u00e7al\u0131\u015fma ve do\u011fru qararlar al\u0131nmas\u0131n\u0131 tiledi.<\/p>\n\n\n\n<figure class=\"wp-block-image size-full\"><img loading=\"lazy\" decoding=\"async\" width=\"650\" height=\"334\" src=\"http:\/\/qtmm.org\/wp-content\/uploads\/2022\/01\/2_141.jpeg\" alt=\"\" class=\"wp-image-40764\" srcset=\"https:\/\/qtmm.org\/wp-content\/uploads\/2022\/01\/2_141.jpeg 650w, https:\/\/qtmm.org\/wp-content\/uploads\/2022\/01\/2_141-300x154.jpeg 300w\" sizes=\"auto, (max-width: 650px) 100vw, 650px\" \/><\/figure>\n\n\n\n<p>Topla\u015fuv devam\u0131nda Meclis azalar\u0131 Avropa Birligini\u00f1 aza devletleri \u00fck\u00fcmetlerini\u00f1 yolba\u015f\u00e7\u0131lar\u0131na, Ukraina Prezidenti ve Ukraina Yuqar\u0131 \u015euras\u0131n\u0131\u00f1 ad\u0131na &#8220;Ukraina ve Avropa birligi aras\u0131nda Birle\u015fme aqq\u0131ndaki A\u00f1la\u015fma aqq\u0131nda&#8221; beyanatn\u0131 qabul etip, onda \u015fu qal\u011fan bir qa\u00e7 k\u00fcn i\u00e7inde Viln\u00fcs sammiti Avropa Birligi ve Ukraina aras\u0131nda a\u00f1la\u015fma imzalanmas\u0131nen yek\u00fcnlenmesi i\u00e7\u00fcn zarur ol\u011fan er \u015feyni yapma\u011fa \u00e7a\u011f\u0131rd\u0131lar. Beyanatta denile ki, Meclis em Ukraina, em Avropa Birligi i\u00e7\u00fcn elveri\u015fli ol\u011fan Ukraina ve Avropa Birligi aras\u0131nda a\u00f1la\u015fma imzalanaca\u011f\u0131nda emindir.<\/p>\n\n\n\n<figure class=\"wp-block-image size-full\"><img loading=\"lazy\" decoding=\"async\" width=\"650\" height=\"331\" src=\"http:\/\/qtmm.org\/wp-content\/uploads\/2022\/01\/3_110.jpeg\" alt=\"\" class=\"wp-image-40768\" srcset=\"https:\/\/qtmm.org\/wp-content\/uploads\/2022\/01\/3_110.jpeg 650w, https:\/\/qtmm.org\/wp-content\/uploads\/2022\/01\/3_110-300x153.jpeg 300w\" sizes=\"auto, (max-width: 650px) 100vw, 650px\" \/><\/figure>\n\n\n\n<p>Meclis reisi Refat \u00c7ubarov mezk\u00fcr beyanat q\u0131r\u0131mtatarlar vek\u00e2letli organ\u0131n\u0131\u00f1 em halqara seviyedeki, em Ukraina i\u00e7ersindeki epsi ortaqlar\u0131 taraf\u0131ndan beklenilmekte. Bun\u0131\u00f1 kibi de topla\u015fuvda qabul etilgen &#8220;Q\u0131r\u0131mtatar halq\u0131 VI Qurultay\u0131n\u0131\u00f1 Ukraina Prezidenti Viktor Yanukovi\u00e7ni\u00f1 ad\u0131na muracaat\u0131&#8221;nda q\u0131r\u0131mtatar halq\u0131n\u0131\u00f1 \u00f6z Vatan\u0131nda aqlar\u0131n\u0131\u00f1 \u011fayr\u0131dan tiklenilmesi boyunca halqara forum ke\u00e7irilmesine qoltutma\u011fa \u00e7a\u011f\u0131r\u0131la.<\/p>\n\n\n\n<p>Muracaatta Ukraina Prezidenti Viktor Yanukovi\u00e7ke Halqara forumn\u0131 ke\u00e7irmek aqq\u0131nda qarar 2014 senesi aprel ay\u0131na qadar, q\u0131r\u0131mtatar halq\u0131 s\u00fcrg\u00fcnligini\u00f1 70 y\u0131ll\u0131\u011f\u0131 arfesinde al\u0131nmas\u0131 rica etile.<\/p>\n\n\n\n<figure class=\"wp-block-image size-full\"><img loading=\"lazy\" decoding=\"async\" width=\"650\" height=\"323\" src=\"http:\/\/qtmm.org\/wp-content\/uploads\/2022\/01\/4_100.jpeg\" alt=\"\" class=\"wp-image-40772\" srcset=\"https:\/\/qtmm.org\/wp-content\/uploads\/2022\/01\/4_100.jpeg 650w, https:\/\/qtmm.org\/wp-content\/uploads\/2022\/01\/4_100-300x149.jpeg 300w\" sizes=\"auto, (max-width: 650px) 100vw, 650px\" \/><\/figure>\n\n\n\n<p>Bun\u0131\u00f1 kibi de topla\u015fuvda noyabr 21 k\u00fcn\u00fc Meclis azalar\u0131n\u0131\u00f1 el\u00e7ilik yolba\u015f\u00e7\u0131lar\u0131 ve Ukrainada akkreditatsiya etilgen halqara te\u015fkil\u00e2t vekilleri ile k\u00f6r\u00fc\u015f\u00fcvi meselesi de muzakere etildi. \u00dc\u00e7\u00fcnci sefer ke\u00e7irilecek bu k\u00f6r\u00fc\u015f\u00fcvde birinci kere Meclisni\u00f1 erk\u00e2n\u0131 tolus\u0131nen i\u015ftirak etecek. Meclis reisini\u00f1 bildirgenine k\u00f6re k\u00f6r\u00fc\u015f\u00fcv devam\u0131nda halqara i\u015fbirlik ve q\u0131r\u0131mtatarlarn\u0131 qaytaruv, yerle\u015ftir\u00fcv ve aqlar\u0131n\u0131 tiklev i\u015finde Ukraina\u011fa yard\u0131m yollar\u0131n\u0131 muzakere etmek planla\u015ft\u0131r\u0131la.<\/p>\n\n\n\n<p>Meclis yolba\u015f\u00e7\u0131s\u0131 \u015fun\u0131 da seslendirdi ki, yaq\u0131n k\u00fcnlerde eki i\u015f topla\u015fuv ke\u00e7irilmesi qararla\u015ft\u0131r\u0131ld\u0131: noyabr 22 k\u00fcn\u00fc regional meclislerni\u00f1 reislerinen keni\u015fletilgen seminar topla\u015fuv ve noyabr 28-de Aqmescit regional meclisni\u00f1 keni\u015fletilgen topla\u015fuv\u0131 olacaq.<\/p>\n","protected":false},"excerpt":{"rendered":"<p>Q\u0131r\u0131mtatar halq\u0131 Meclisini\u00f1 2013 senesi noyabr 19 k\u00fcn\u00fc ol\u0131p ke\u00e7ken nevbetten t\u0131\u015f topla\u015fuv\u0131nda &#8220;Q\u0131r\u0131mtatar halq\u0131 Meclisini\u00f1 (Qurultay avaleleri \u00e7er\u00e7ivesinde) qararlar\u0131, beyanat ve muracaatlar\u0131 aqq\u0131nda&#8221; meselesi baq\u0131ld\u0131. Topla\u015fuvn\u0131\u00f1 ba\u015f\u0131nda Meclis azalar\u0131n\u0131 ke\u00e7enlerde Ba\u011f\u00e7asaray tarihiy-medeniy qoruqqa \u015fahsiy numizmatik kollektsiyas\u0131n\u0131 ediye etken Amerikadaki q\u0131r\u0131mtatar diasporas\u0131n\u0131\u00f1 vekili, belli kollektsionc\u0131 Abduraim Demirayaq sel\u00e2mlad\u0131 ve q\u0131r\u0131mtatarlarn\u0131\u00f1 vek\u00e2letli organ\u0131n\u0131\u00f1 azalar\u0131na halq o\u011frunda [&hellip;]<\/p>\n","protected":false},"author":1,"featured_media":0,"comment_status":"open","ping_status":"open","sticky":false,"template":"","format":"standard","meta":{"inline_featured_image":false,"footnotes":""},"categories":[265],"tags":[],"class_list":["post-40758","post","type-post","status-publish","format-standard","hentry","category-haberler"],"acf":[],"yoast_head":"<!-- This site is optimized with the Yoast SEO plugin v27.4 - https:\/\/yoast.com\/product\/yoast-seo-wordpress\/ -->\n<title>Milliy Meclis Ukraina ve Avropa Birligi aras\u0131nda a\u00f1la\u015fma imzalanaca\u011f\u0131nda emin - \u041c\u0435\u0434\u0436\u043b\u0456\u0441<\/title>\n<meta name=\"robots\" content=\"index, follow, max-snippet:-1, max-image-preview:large, max-video-preview:-1\" \/>\n<link rel=\"canonical\" href=\"https:\/\/qtmm.org\/qt\/milliy-meclis-ukraina-ve-avropa-birligi-arasinda-anlasma-imzalanacaginda-emin\/\" \/>\n<meta property=\"og:locale\" content=\"en_US\" \/>\n<meta property=\"og:type\" content=\"article\" \/>\n<meta property=\"og:title\" content=\"Milliy Meclis Ukraina ve Avropa Birligi aras\u0131nda a\u00f1la\u015fma imzalanaca\u011f\u0131nda emin - \u041c\u0435\u0434\u0436\u043b\u0456\u0441\" \/>\n<meta property=\"og:description\" content=\"Q\u0131r\u0131mtatar halq\u0131 Meclisini\u00f1 2013 senesi noyabr 19 k\u00fcn\u00fc ol\u0131p ke\u00e7ken nevbetten t\u0131\u015f topla\u015fuv\u0131nda &#8220;Q\u0131r\u0131mtatar halq\u0131 Meclisini\u00f1 (Qurultay avaleleri \u00e7er\u00e7ivesinde) qararlar\u0131, beyanat ve muracaatlar\u0131 aqq\u0131nda&#8221; meselesi baq\u0131ld\u0131. Topla\u015fuvn\u0131\u00f1 ba\u015f\u0131nda Meclis azalar\u0131n\u0131 ke\u00e7enlerde Ba\u011f\u00e7asaray tarihiy-medeniy qoruqqa \u015fahsiy numizmatik kollektsiyas\u0131n\u0131 ediye etken Amerikadaki q\u0131r\u0131mtatar diasporas\u0131n\u0131\u00f1 vekili, belli kollektsionc\u0131 Abduraim Demirayaq sel\u00e2mlad\u0131 ve q\u0131r\u0131mtatarlarn\u0131\u00f1 vek\u00e2letli organ\u0131n\u0131\u00f1 azalar\u0131na halq o\u011frunda [&hellip;]\" \/>\n<meta property=\"og:url\" content=\"https:\/\/qtmm.org\/qt\/milliy-meclis-ukraina-ve-avropa-birligi-arasinda-anlasma-imzalanacaginda-emin\/\" \/>\n<meta property=\"og:site_name\" content=\"\u041c\u0435\u0434\u0436\u043b\u0456\u0441\" \/>\n<meta property=\"article:publisher\" content=\"https:\/\/www.facebook.com\/qtmm.info\/\" \/>\n<meta property=\"article:published_time\" content=\"2013-11-19T17:49:00+00:00\" \/>\n<meta property=\"article:modified_time\" content=\"2022-01-26T17:50:24+00:00\" \/>\n<meta property=\"og:image\" content=\"https:\/\/qtmm.org\/wp-content\/uploads\/2022\/01\/1_138.jpeg\" \/>\n\t<meta property=\"og:image:width\" content=\"650\" \/>\n\t<meta property=\"og:image:height\" content=\"390\" \/>\n\t<meta property=\"og:image:type\" content=\"image\/jpeg\" \/>\n<meta name=\"author\" content=\"Developer\" \/>\n<meta name=\"twitter:card\" content=\"summary_large_image\" \/>\n<meta name=\"twitter:label1\" content=\"Written by\" \/>\n\t<meta name=\"twitter:data1\" content=\"Developer\" \/>\n\t<meta name=\"twitter:label2\" content=\"Est. reading time\" \/>\n\t<meta name=\"twitter:data2\" content=\"2 minutes\" \/>\n<script type=\"application\/ld+json\" class=\"yoast-schema-graph\">{\"@context\":\"https:\\\/\\\/schema.org\",\"@graph\":[{\"@type\":\"Article\",\"@id\":\"https:\\\/\\\/qtmm.org\\\/qt\\\/milliy-meclis-ukraina-ve-avropa-birligi-arasinda-anlasma-imzalanacaginda-emin\\\/#article\",\"isPartOf\":{\"@id\":\"https:\\\/\\\/qtmm.org\\\/qt\\\/milliy-meclis-ukraina-ve-avropa-birligi-arasinda-anlasma-imzalanacaginda-emin\\\/\"},\"author\":{\"name\":\"Developer\",\"@id\":\"https:\\\/\\\/qtmm.org\\\/qt\\\/#\\\/schema\\\/person\\\/de562469f971dec226ac06e60bbf74a7\"},\"headline\":\"Milliy Meclis Ukraina ve Avropa Birligi aras\u0131nda a\u00f1la\u015fma imzalanaca\u011f\u0131nda emin\",\"datePublished\":\"2013-11-19T17:49:00+00:00\",\"dateModified\":\"2022-01-26T17:50:24+00:00\",\"mainEntityOfPage\":{\"@id\":\"https:\\\/\\\/qtmm.org\\\/qt\\\/milliy-meclis-ukraina-ve-avropa-birligi-arasinda-anlasma-imzalanacaginda-emin\\\/\"},\"wordCount\":449,\"commentCount\":0,\"publisher\":{\"@id\":\"https:\\\/\\\/qtmm.org\\\/qt\\\/#organization\"},\"image\":{\"@id\":\"https:\\\/\\\/qtmm.org\\\/qt\\\/milliy-meclis-ukraina-ve-avropa-birligi-arasinda-anlasma-imzalanacaginda-emin\\\/#primaryimage\"},\"thumbnailUrl\":\"http:\\\/\\\/qtmm.org\\\/wp-content\\\/uploads\\\/2022\\\/01\\\/1_138.jpeg\",\"articleSection\":[\"Haberler\"],\"inLanguage\":\"qt\",\"potentialAction\":[{\"@type\":\"CommentAction\",\"name\":\"Comment\",\"target\":[\"https:\\\/\\\/qtmm.org\\\/qt\\\/milliy-meclis-ukraina-ve-avropa-birligi-arasinda-anlasma-imzalanacaginda-emin\\\/#respond\"]}]},{\"@type\":\"WebPage\",\"@id\":\"https:\\\/\\\/qtmm.org\\\/qt\\\/milliy-meclis-ukraina-ve-avropa-birligi-arasinda-anlasma-imzalanacaginda-emin\\\/\",\"url\":\"https:\\\/\\\/qtmm.org\\\/qt\\\/milliy-meclis-ukraina-ve-avropa-birligi-arasinda-anlasma-imzalanacaginda-emin\\\/\",\"name\":\"Milliy Meclis Ukraina ve Avropa Birligi aras\u0131nda a\u00f1la\u015fma imzalanaca\u011f\u0131nda emin - \u041c\u0435\u0434\u0436\u043b\u0456\u0441\",\"isPartOf\":{\"@id\":\"https:\\\/\\\/qtmm.org\\\/qt\\\/#website\"},\"primaryImageOfPage\":{\"@id\":\"https:\\\/\\\/qtmm.org\\\/qt\\\/milliy-meclis-ukraina-ve-avropa-birligi-arasinda-anlasma-imzalanacaginda-emin\\\/#primaryimage\"},\"image\":{\"@id\":\"https:\\\/\\\/qtmm.org\\\/qt\\\/milliy-meclis-ukraina-ve-avropa-birligi-arasinda-anlasma-imzalanacaginda-emin\\\/#primaryimage\"},\"thumbnailUrl\":\"http:\\\/\\\/qtmm.org\\\/wp-content\\\/uploads\\\/2022\\\/01\\\/1_138.jpeg\",\"datePublished\":\"2013-11-19T17:49:00+00:00\",\"dateModified\":\"2022-01-26T17:50:24+00:00\",\"breadcrumb\":{\"@id\":\"https:\\\/\\\/qtmm.org\\\/qt\\\/milliy-meclis-ukraina-ve-avropa-birligi-arasinda-anlasma-imzalanacaginda-emin\\\/#breadcrumb\"},\"inLanguage\":\"qt\",\"potentialAction\":[{\"@type\":\"ReadAction\",\"target\":[\"https:\\\/\\\/qtmm.org\\\/qt\\\/milliy-meclis-ukraina-ve-avropa-birligi-arasinda-anlasma-imzalanacaginda-emin\\\/\"]}]},{\"@type\":\"ImageObject\",\"inLanguage\":\"qt\",\"@id\":\"https:\\\/\\\/qtmm.org\\\/qt\\\/milliy-meclis-ukraina-ve-avropa-birligi-arasinda-anlasma-imzalanacaginda-emin\\\/#primaryimage\",\"url\":\"http:\\\/\\\/qtmm.org\\\/wp-content\\\/uploads\\\/2022\\\/01\\\/1_138.jpeg\",\"contentUrl\":\"http:\\\/\\\/qtmm.org\\\/wp-content\\\/uploads\\\/2022\\\/01\\\/1_138.jpeg\"},{\"@type\":\"BreadcrumbList\",\"@id\":\"https:\\\/\\\/qtmm.org\\\/qt\\\/milliy-meclis-ukraina-ve-avropa-birligi-arasinda-anlasma-imzalanacaginda-emin\\\/#breadcrumb\",\"itemListElement\":[{\"@type\":\"ListItem\",\"position\":1,\"name\":\"\u0413\u043e\u043b\u043e\u0432\u043d\u0430\",\"item\":\"https:\\\/\\\/qtmm.org\\\/qt\\\/\"},{\"@type\":\"ListItem\",\"position\":2,\"name\":\"Milliy Meclis Ukraina ve Avropa Birligi aras\u0131nda a\u00f1la\u015fma imzalanaca\u011f\u0131nda emin\"}]},{\"@type\":\"WebSite\",\"@id\":\"https:\\\/\\\/qtmm.org\\\/qt\\\/#website\",\"url\":\"https:\\\/\\\/qtmm.org\\\/qt\\\/\",\"name\":\"\u041c\u0435\u0434\u0436\u043b\u0456\u0441\",\"description\":\"\",\"publisher\":{\"@id\":\"https:\\\/\\\/qtmm.org\\\/qt\\\/#organization\"},\"potentialAction\":[{\"@type\":\"SearchAction\",\"target\":{\"@type\":\"EntryPoint\",\"urlTemplate\":\"https:\\\/\\\/qtmm.org\\\/qt\\\/?s={search_term_string}\"},\"query-input\":{\"@type\":\"PropertyValueSpecification\",\"valueRequired\":true,\"valueName\":\"search_term_string\"}}],\"inLanguage\":\"qt\"},{\"@type\":\"Organization\",\"@id\":\"https:\\\/\\\/qtmm.org\\\/qt\\\/#organization\",\"name\":\"\u041c\u0435\u0434\u0436\u043b\u0456\u0441\",\"url\":\"https:\\\/\\\/qtmm.org\\\/qt\\\/\",\"logo\":{\"@type\":\"ImageObject\",\"inLanguage\":\"qt\",\"@id\":\"https:\\\/\\\/qtmm.org\\\/qt\\\/#\\\/schema\\\/logo\\\/image\\\/\",\"url\":\"https:\\\/\\\/qtmm.org\\\/wp-content\\\/uploads\\\/2024\\\/12\\\/ua-mejlis-logo-rgb.svg\",\"contentUrl\":\"https:\\\/\\\/qtmm.org\\\/wp-content\\\/uploads\\\/2024\\\/12\\\/ua-mejlis-logo-rgb.svg\",\"caption\":\"\u041c\u0435\u0434\u0436\u043b\u0456\u0441\"},\"image\":{\"@id\":\"https:\\\/\\\/qtmm.org\\\/qt\\\/#\\\/schema\\\/logo\\\/image\\\/\"},\"sameAs\":[\"https:\\\/\\\/www.facebook.com\\\/qtmm.info\\\/\"]},{\"@type\":\"Person\",\"@id\":\"https:\\\/\\\/qtmm.org\\\/qt\\\/#\\\/schema\\\/person\\\/de562469f971dec226ac06e60bbf74a7\",\"name\":\"Developer\",\"image\":{\"@type\":\"ImageObject\",\"inLanguage\":\"qt\",\"@id\":\"https:\\\/\\\/secure.gravatar.com\\\/avatar\\\/392b4cc8fbfeb00b39dfeeab4ee6edded39ffd48e25858637e4765810300227e?s=96&d=mm&r=g\",\"url\":\"https:\\\/\\\/secure.gravatar.com\\\/avatar\\\/392b4cc8fbfeb00b39dfeeab4ee6edded39ffd48e25858637e4765810300227e?s=96&d=mm&r=g\",\"contentUrl\":\"https:\\\/\\\/secure.gravatar.com\\\/avatar\\\/392b4cc8fbfeb00b39dfeeab4ee6edded39ffd48e25858637e4765810300227e?s=96&d=mm&r=g\",\"caption\":\"Developer\"},\"url\":\"https:\\\/\\\/qtmm.org\\\/qt\\\/author\\\/Developer\\\/\"}]}<\/script>\n<!-- \/ Yoast SEO plugin. -->","yoast_head_json":{"title":"Milliy Meclis Ukraina ve Avropa Birligi aras\u0131nda a\u00f1la\u015fma imzalanaca\u011f\u0131nda emin - \u041c\u0435\u0434\u0436\u043b\u0456\u0441","robots":{"index":"index","follow":"follow","max-snippet":"max-snippet:-1","max-image-preview":"max-image-preview:large","max-video-preview":"max-video-preview:-1"},"canonical":"https:\/\/qtmm.org\/qt\/milliy-meclis-ukraina-ve-avropa-birligi-arasinda-anlasma-imzalanacaginda-emin\/","og_locale":"en_US","og_type":"article","og_title":"Milliy Meclis Ukraina ve Avropa Birligi aras\u0131nda a\u00f1la\u015fma imzalanaca\u011f\u0131nda emin - \u041c\u0435\u0434\u0436\u043b\u0456\u0441","og_description":"Q\u0131r\u0131mtatar halq\u0131 Meclisini\u00f1 2013 senesi noyabr 19 k\u00fcn\u00fc ol\u0131p ke\u00e7ken nevbetten t\u0131\u015f topla\u015fuv\u0131nda &#8220;Q\u0131r\u0131mtatar halq\u0131 Meclisini\u00f1 (Qurultay avaleleri \u00e7er\u00e7ivesinde) qararlar\u0131, beyanat ve muracaatlar\u0131 aqq\u0131nda&#8221; meselesi baq\u0131ld\u0131. Topla\u015fuvn\u0131\u00f1 ba\u015f\u0131nda Meclis azalar\u0131n\u0131 ke\u00e7enlerde Ba\u011f\u00e7asaray tarihiy-medeniy qoruqqa \u015fahsiy numizmatik kollektsiyas\u0131n\u0131 ediye etken Amerikadaki q\u0131r\u0131mtatar diasporas\u0131n\u0131\u00f1 vekili, belli kollektsionc\u0131 Abduraim Demirayaq sel\u00e2mlad\u0131 ve q\u0131r\u0131mtatarlarn\u0131\u00f1 vek\u00e2letli organ\u0131n\u0131\u00f1 azalar\u0131na halq o\u011frunda [&hellip;]","og_url":"https:\/\/qtmm.org\/qt\/milliy-meclis-ukraina-ve-avropa-birligi-arasinda-anlasma-imzalanacaginda-emin\/","og_site_name":"\u041c\u0435\u0434\u0436\u043b\u0456\u0441","article_publisher":"https:\/\/www.facebook.com\/qtmm.info\/","article_published_time":"2013-11-19T17:49:00+00:00","article_modified_time":"2022-01-26T17:50:24+00:00","og_image":[{"width":650,"height":390,"url":"https:\/\/qtmm.org\/wp-content\/uploads\/2022\/01\/1_138.jpeg","type":"image\/jpeg"}],"author":"Developer","twitter_card":"summary_large_image","twitter_misc":{"Written by":"Developer","Est. reading time":"2 minutes"},"schema":{"@context":"https:\/\/schema.org","@graph":[{"@type":"Article","@id":"https:\/\/qtmm.org\/qt\/milliy-meclis-ukraina-ve-avropa-birligi-arasinda-anlasma-imzalanacaginda-emin\/#article","isPartOf":{"@id":"https:\/\/qtmm.org\/qt\/milliy-meclis-ukraina-ve-avropa-birligi-arasinda-anlasma-imzalanacaginda-emin\/"},"author":{"name":"Developer","@id":"https:\/\/qtmm.org\/qt\/#\/schema\/person\/de562469f971dec226ac06e60bbf74a7"},"headline":"Milliy Meclis Ukraina ve Avropa Birligi aras\u0131nda a\u00f1la\u015fma imzalanaca\u011f\u0131nda emin","datePublished":"2013-11-19T17:49:00+00:00","dateModified":"2022-01-26T17:50:24+00:00","mainEntityOfPage":{"@id":"https:\/\/qtmm.org\/qt\/milliy-meclis-ukraina-ve-avropa-birligi-arasinda-anlasma-imzalanacaginda-emin\/"},"wordCount":449,"commentCount":0,"publisher":{"@id":"https:\/\/qtmm.org\/qt\/#organization"},"image":{"@id":"https:\/\/qtmm.org\/qt\/milliy-meclis-ukraina-ve-avropa-birligi-arasinda-anlasma-imzalanacaginda-emin\/#primaryimage"},"thumbnailUrl":"http:\/\/qtmm.org\/wp-content\/uploads\/2022\/01\/1_138.jpeg","articleSection":["Haberler"],"inLanguage":"qt","potentialAction":[{"@type":"CommentAction","name":"Comment","target":["https:\/\/qtmm.org\/qt\/milliy-meclis-ukraina-ve-avropa-birligi-arasinda-anlasma-imzalanacaginda-emin\/#respond"]}]},{"@type":"WebPage","@id":"https:\/\/qtmm.org\/qt\/milliy-meclis-ukraina-ve-avropa-birligi-arasinda-anlasma-imzalanacaginda-emin\/","url":"https:\/\/qtmm.org\/qt\/milliy-meclis-ukraina-ve-avropa-birligi-arasinda-anlasma-imzalanacaginda-emin\/","name":"Milliy Meclis Ukraina ve Avropa Birligi aras\u0131nda a\u00f1la\u015fma imzalanaca\u011f\u0131nda emin - \u041c\u0435\u0434\u0436\u043b\u0456\u0441","isPartOf":{"@id":"https:\/\/qtmm.org\/qt\/#website"},"primaryImageOfPage":{"@id":"https:\/\/qtmm.org\/qt\/milliy-meclis-ukraina-ve-avropa-birligi-arasinda-anlasma-imzalanacaginda-emin\/#primaryimage"},"image":{"@id":"https:\/\/qtmm.org\/qt\/milliy-meclis-ukraina-ve-avropa-birligi-arasinda-anlasma-imzalanacaginda-emin\/#primaryimage"},"thumbnailUrl":"http:\/\/qtmm.org\/wp-content\/uploads\/2022\/01\/1_138.jpeg","datePublished":"2013-11-19T17:49:00+00:00","dateModified":"2022-01-26T17:50:24+00:00","breadcrumb":{"@id":"https:\/\/qtmm.org\/qt\/milliy-meclis-ukraina-ve-avropa-birligi-arasinda-anlasma-imzalanacaginda-emin\/#breadcrumb"},"inLanguage":"qt","potentialAction":[{"@type":"ReadAction","target":["https:\/\/qtmm.org\/qt\/milliy-meclis-ukraina-ve-avropa-birligi-arasinda-anlasma-imzalanacaginda-emin\/"]}]},{"@type":"ImageObject","inLanguage":"qt","@id":"https:\/\/qtmm.org\/qt\/milliy-meclis-ukraina-ve-avropa-birligi-arasinda-anlasma-imzalanacaginda-emin\/#primaryimage","url":"http:\/\/qtmm.org\/wp-content\/uploads\/2022\/01\/1_138.jpeg","contentUrl":"http:\/\/qtmm.org\/wp-content\/uploads\/2022\/01\/1_138.jpeg"},{"@type":"BreadcrumbList","@id":"https:\/\/qtmm.org\/qt\/milliy-meclis-ukraina-ve-avropa-birligi-arasinda-anlasma-imzalanacaginda-emin\/#breadcrumb","itemListElement":[{"@type":"ListItem","position":1,"name":"\u0413\u043e\u043b\u043e\u0432\u043d\u0430","item":"https:\/\/qtmm.org\/qt\/"},{"@type":"ListItem","position":2,"name":"Milliy Meclis Ukraina ve Avropa Birligi aras\u0131nda a\u00f1la\u015fma imzalanaca\u011f\u0131nda emin"}]},{"@type":"WebSite","@id":"https:\/\/qtmm.org\/qt\/#website","url":"https:\/\/qtmm.org\/qt\/","name":"\u041c\u0435\u0434\u0436\u043b\u0456\u0441","description":"","publisher":{"@id":"https:\/\/qtmm.org\/qt\/#organization"},"potentialAction":[{"@type":"SearchAction","target":{"@type":"EntryPoint","urlTemplate":"https:\/\/qtmm.org\/qt\/?s={search_term_string}"},"query-input":{"@type":"PropertyValueSpecification","valueRequired":true,"valueName":"search_term_string"}}],"inLanguage":"qt"},{"@type":"Organization","@id":"https:\/\/qtmm.org\/qt\/#organization","name":"\u041c\u0435\u0434\u0436\u043b\u0456\u0441","url":"https:\/\/qtmm.org\/qt\/","logo":{"@type":"ImageObject","inLanguage":"qt","@id":"https:\/\/qtmm.org\/qt\/#\/schema\/logo\/image\/","url":"https:\/\/qtmm.org\/wp-content\/uploads\/2024\/12\/ua-mejlis-logo-rgb.svg","contentUrl":"https:\/\/qtmm.org\/wp-content\/uploads\/2024\/12\/ua-mejlis-logo-rgb.svg","caption":"\u041c\u0435\u0434\u0436\u043b\u0456\u0441"},"image":{"@id":"https:\/\/qtmm.org\/qt\/#\/schema\/logo\/image\/"},"sameAs":["https:\/\/www.facebook.com\/qtmm.info\/"]},{"@type":"Person","@id":"https:\/\/qtmm.org\/qt\/#\/schema\/person\/de562469f971dec226ac06e60bbf74a7","name":"Developer","image":{"@type":"ImageObject","inLanguage":"qt","@id":"https:\/\/secure.gravatar.com\/avatar\/392b4cc8fbfeb00b39dfeeab4ee6edded39ffd48e25858637e4765810300227e?s=96&d=mm&r=g","url":"https:\/\/secure.gravatar.com\/avatar\/392b4cc8fbfeb00b39dfeeab4ee6edded39ffd48e25858637e4765810300227e?s=96&d=mm&r=g","contentUrl":"https:\/\/secure.gravatar.com\/avatar\/392b4cc8fbfeb00b39dfeeab4ee6edded39ffd48e25858637e4765810300227e?s=96&d=mm&r=g","caption":"Developer"},"url":"https:\/\/qtmm.org\/qt\/author\/Developer\/"}]}},"_links":{"self":[{"href":"https:\/\/qtmm.org\/qt\/wp-json\/wp\/v2\/posts\/40758","targetHints":{"allow":["GET"]}}],"collection":[{"href":"https:\/\/qtmm.org\/qt\/wp-json\/wp\/v2\/posts"}],"about":[{"href":"https:\/\/qtmm.org\/qt\/wp-json\/wp\/v2\/types\/post"}],"author":[{"embeddable":true,"href":"https:\/\/qtmm.org\/qt\/wp-json\/wp\/v2\/users\/1"}],"replies":[{"embeddable":true,"href":"https:\/\/qtmm.org\/qt\/wp-json\/wp\/v2\/comments?post=40758"}],"version-history":[{"count":1,"href":"https:\/\/qtmm.org\/qt\/wp-json\/wp\/v2\/posts\/40758\/revisions"}],"predecessor-version":[{"id":40776,"href":"https:\/\/qtmm.org\/qt\/wp-json\/wp\/v2\/posts\/40758\/revisions\/40776"}],"wp:attachment":[{"href":"https:\/\/qtmm.org\/qt\/wp-json\/wp\/v2\/media?parent=40758"}],"wp:term":[{"taxonomy":"category","embeddable":true,"href":"https:\/\/qtmm.org\/qt\/wp-json\/wp\/v2\/categories?post=40758"},{"taxonomy":"post_tag","embeddable":true,"href":"https:\/\/qtmm.org\/qt\/wp-json\/wp\/v2\/tags?post=40758"}],"curies":[{"name":"wp","href":"https:\/\/api.w.org\/{rel}","templated":true}]}}