




{"id":40737,"date":"2013-11-19T20:47:00","date_gmt":"2013-11-19T17:47:00","guid":{"rendered":"http:\/\/qtmm.org\/?p=40737"},"modified":"2022-01-26T20:48:25","modified_gmt":"2022-01-26T17:48:25","slug":"aci-seitcelil-ibragimovnin-vefati-munasebetinen-qirimtatar-halqi-meclisi-ve-qirim-musulmanlari-diniy-idaresinin-taziyesi","status":"publish","type":"post","link":"https:\/\/qtmm.org\/qt\/aci-seitcelil-ibragimovnin-vefati-munasebetinen-qirimtatar-halqi-meclisi-ve-qirim-musulmanlari-diniy-idaresinin-taziyesi\/","title":{"rendered":"Ac\u0131 Seitcelil \u0130bragimovn\u0131\u00f1 vefat\u0131 munasebetinen Q\u0131r\u0131mtatar halq\u0131 Meclisi ve Q\u0131r\u0131m musulmanlar\u0131 diniy idaresini\u00f1 taziyesi"},"content":{"rendered":"\n<figure class=\"wp-block-image size-full\"><img loading=\"lazy\" decoding=\"async\" width=\"800\" height=\"382\" src=\"http:\/\/qtmm.org\/wp-content\/uploads\/2022\/01\/348ed9d8051d6be23c7b6f0296d2b739.jpeg\" alt=\"\" class=\"wp-image-40738\" srcset=\"https:\/\/qtmm.org\/wp-content\/uploads\/2022\/01\/348ed9d8051d6be23c7b6f0296d2b739.jpeg 800w, https:\/\/qtmm.org\/wp-content\/uploads\/2022\/01\/348ed9d8051d6be23c7b6f0296d2b739-300x143.jpeg 300w, https:\/\/qtmm.org\/wp-content\/uploads\/2022\/01\/348ed9d8051d6be23c7b6f0296d2b739-768x367.jpeg 768w\" sizes=\"auto, (max-width: 800px) 100vw, 800px\" \/><\/figure>\n\n\n\n<p class=\"has-text-align-center\"><strong>Bismill\u00e2hi\u2018r-rahmani\u2018r-rahim<\/strong><\/p>\n\n\n\n<p>1992-1995 senelerde q\u0131r\u0131mtatarlar Vatan\u011fa k\u00fctleviy qaytqan devirde Q\u0131r\u0131m musulmanlar\u0131n\u0131\u00f1 birinci saylan\u011fan m\u00fcftisi ac\u0131 Seitcelil \u0130bragimov devaml\u0131 a\u011f\u0131r hastal\u0131q neticesinde 2013 senesi noyabr 18-den 19-na ke\u00e7er gecesi Qazanda (Rusiye, Tatarstan) 53 ya\u015f\u0131nda vefat etti<\/p>\n\n\n\n<p>Ac\u0131 Seitcelil efendi M\u00fcftiligi Q\u0131r\u0131mn\u0131\u00f1 tam\u0131r halq\u0131 \u00f6z yurtuna qaytqan m\u00fcrekkep ve a\u011f\u0131r bir devirge rastkeldi. O, Q\u0131r\u0131mda \u0130sl\u00e2mn\u0131\u00f1 \u011fayr\u0131dan tiklenmesine, birinci musulman cemiyetlerni\u00f1 qurulmas\u0131na, \u00e7ekip al\u0131n\u011fan camilerni\u00f1 musulmanlar\u011fa qaytar\u0131lmas\u0131na, ya\u00f1\u0131 camiler, birinci diniy mektepler a\u00e7\u0131lmas\u0131na b\u00fcy\u00fckten-b\u00fcy\u00fck isse qo\u015ft\u0131, t\u00fckenmez \u011fayreti ve h\u0131zmetinen bularn\u0131\u00f1 episini\u00f1 ker\u00e7ekle\u015fmesini temin etti. \u0130sl\u00e2m\u011fa h\u0131zmeti ve yapqan hay\u0131rl\u0131 i\u015fleri Q\u0131r\u0131m musulmanlar\u0131n\u0131\u00f1 hat\u0131ras\u0131ndan i\u00e7 bir vaq\u0131t silinmez.<\/p>\n\n\n\n<p>Q\u0131r\u0131mtatar halq\u0131 Meclisi ve Q\u0131r\u0131m musulmanlar\u0131n\u0131\u00f1 diniy idaresi ac\u0131 Seitcelil \u0130bragimovn\u0131\u00f1 vefat\u0131 munasebetinen on\u0131\u00f1 aqrabalar\u0131 ve yaq\u0131nlar\u0131na, Q\u0131r\u0131m ve Tatarstan musulmanlar\u0131na teren taziyesini bildirip, ba\u015f sa\u011fl\u0131\u011f\u0131 tileyler.<\/p>\n\n\n\n<p>Ker\u00e7ekten de epimizni Y\u00fcce Allah yaratt\u0131 ve biz On\u0131\u00f1 qullar\u0131m\u0131z, ker\u00e7ekten de O\u00f1a qayt\u0131rm\u0131z. Emir Allahtand\u0131r. Alla qalpleri\u00f1izni sab\u0131r ile toldurs\u0131n.<\/p>\n\n\n\n<p><strong>Allah rahmet eylesin.<\/strong><br><br>Q\u0131r\u0131mtatar halq\u0131 Meclisini\u00f1 Reisi&nbsp;<strong>Refat \u00c7ubarov<\/strong><\/p>\n\n\n\n<p>Q\u0131r\u0131m musulmanlar\u0131n\u0131\u00f1 M\u00fcftisi ac\u0131&nbsp;<strong>Emirali Ablayev<\/strong><\/p>\n\n\n\n<p>Mal\u00fcmat:&nbsp;<em>1992 senesi Seitcelil \u0130bragimov Q\u0131r\u0131mn\u0131\u00f1 qad\u0131s\u0131 olaraq tayinlengen edi. 1994 senesini\u00f1 ba\u015f\u0131nda Q\u0131r\u0131m qad\u0131s\u0131 status\u0131 Q\u0131r\u0131m musulmanlar\u0131n\u0131\u00f1 m\u00fcftisi, dep adland\u0131r\u0131ld\u0131. M\u00fcftiy vazifesinde ac\u0131 Seitcelil efendi 1995 senesine qadar \u00e7al\u0131\u015ft\u0131. So\u00f1a Qazan\u011fa k\u00f6\u00e7ip ketti. Tatarstanda o, ocal\u0131q yapt\u0131. On\u0131\u00f1 qar\u0131s\u0131 ve 8 balas\u0131 qald\u0131.<\/em><\/p>\n","protected":false},"excerpt":{"rendered":"<p>Bismill\u00e2hi\u2018r-rahmani\u2018r-rahim 1992-1995 senelerde q\u0131r\u0131mtatarlar Vatan\u011fa k\u00fctleviy qaytqan devirde Q\u0131r\u0131m musulmanlar\u0131n\u0131\u00f1 birinci saylan\u011fan m\u00fcftisi ac\u0131 Seitcelil \u0130bragimov devaml\u0131 a\u011f\u0131r hastal\u0131q neticesinde 2013 senesi noyabr 18-den 19-na ke\u00e7er gecesi Qazanda (Rusiye, Tatarstan) 53 ya\u015f\u0131nda vefat etti Ac\u0131 Seitcelil efendi M\u00fcftiligi Q\u0131r\u0131mn\u0131\u00f1 tam\u0131r halq\u0131 \u00f6z yurtuna qaytqan m\u00fcrekkep ve a\u011f\u0131r bir devirge rastkeldi. O, Q\u0131r\u0131mda \u0130sl\u00e2mn\u0131\u00f1 \u011fayr\u0131dan tiklenmesine, [&hellip;]<\/p>\n","protected":false},"author":1,"featured_media":0,"comment_status":"open","ping_status":"open","sticky":false,"template":"","format":"standard","meta":{"inline_featured_image":false,"footnotes":""},"categories":[265],"tags":[],"class_list":["post-40737","post","type-post","status-publish","format-standard","hentry","category-haberler"],"acf":[],"yoast_head":"<!-- This site is optimized with the Yoast SEO plugin v27.4 - https:\/\/yoast.com\/product\/yoast-seo-wordpress\/ -->\n<title>Ac\u0131 Seitcelil \u0130bragimovn\u0131\u00f1 vefat\u0131 munasebetinen Q\u0131r\u0131mtatar halq\u0131 Meclisi ve Q\u0131r\u0131m musulmanlar\u0131 diniy idaresini\u00f1 taziyesi - \u041c\u0435\u0434\u0436\u043b\u0456\u0441<\/title>\n<meta name=\"robots\" content=\"index, follow, max-snippet:-1, max-image-preview:large, max-video-preview:-1\" \/>\n<link rel=\"canonical\" href=\"https:\/\/qtmm.org\/qt\/aci-seitcelil-ibragimovnin-vefati-munasebetinen-qirimtatar-halqi-meclisi-ve-qirim-musulmanlari-diniy-idaresinin-taziyesi\/\" \/>\n<meta property=\"og:locale\" content=\"en_US\" \/>\n<meta property=\"og:type\" content=\"article\" \/>\n<meta property=\"og:title\" content=\"Ac\u0131 Seitcelil \u0130bragimovn\u0131\u00f1 vefat\u0131 munasebetinen Q\u0131r\u0131mtatar halq\u0131 Meclisi ve Q\u0131r\u0131m musulmanlar\u0131 diniy idaresini\u00f1 taziyesi - \u041c\u0435\u0434\u0436\u043b\u0456\u0441\" \/>\n<meta property=\"og:description\" content=\"Bismill\u00e2hi\u2018r-rahmani\u2018r-rahim 1992-1995 senelerde q\u0131r\u0131mtatarlar Vatan\u011fa k\u00fctleviy qaytqan devirde Q\u0131r\u0131m musulmanlar\u0131n\u0131\u00f1 birinci saylan\u011fan m\u00fcftisi ac\u0131 Seitcelil \u0130bragimov devaml\u0131 a\u011f\u0131r hastal\u0131q neticesinde 2013 senesi noyabr 18-den 19-na ke\u00e7er gecesi Qazanda (Rusiye, Tatarstan) 53 ya\u015f\u0131nda vefat etti Ac\u0131 Seitcelil efendi M\u00fcftiligi Q\u0131r\u0131mn\u0131\u00f1 tam\u0131r halq\u0131 \u00f6z yurtuna qaytqan m\u00fcrekkep ve a\u011f\u0131r bir devirge rastkeldi. O, Q\u0131r\u0131mda \u0130sl\u00e2mn\u0131\u00f1 \u011fayr\u0131dan tiklenmesine, [&hellip;]\" \/>\n<meta property=\"og:url\" content=\"https:\/\/qtmm.org\/qt\/aci-seitcelil-ibragimovnin-vefati-munasebetinen-qirimtatar-halqi-meclisi-ve-qirim-musulmanlari-diniy-idaresinin-taziyesi\/\" \/>\n<meta property=\"og:site_name\" content=\"\u041c\u0435\u0434\u0436\u043b\u0456\u0441\" \/>\n<meta property=\"article:publisher\" content=\"https:\/\/www.facebook.com\/qtmm.info\/\" \/>\n<meta property=\"article:published_time\" content=\"2013-11-19T17:47:00+00:00\" \/>\n<meta property=\"article:modified_time\" content=\"2022-01-26T17:48:25+00:00\" \/>\n<meta property=\"og:image\" content=\"https:\/\/qtmm.org\/wp-content\/uploads\/2022\/01\/348ed9d8051d6be23c7b6f0296d2b739.jpeg\" \/>\n\t<meta property=\"og:image:width\" content=\"800\" \/>\n\t<meta property=\"og:image:height\" content=\"382\" \/>\n\t<meta property=\"og:image:type\" content=\"image\/jpeg\" \/>\n<meta name=\"author\" content=\"Developer\" \/>\n<meta name=\"twitter:card\" content=\"summary_large_image\" \/>\n<meta name=\"twitter:label1\" content=\"Written by\" \/>\n\t<meta name=\"twitter:data1\" content=\"Developer\" \/>\n\t<meta name=\"twitter:label2\" content=\"Est. reading time\" \/>\n\t<meta name=\"twitter:data2\" content=\"2 minutes\" \/>\n<script type=\"application\/ld+json\" class=\"yoast-schema-graph\">{\"@context\":\"https:\\\/\\\/schema.org\",\"@graph\":[{\"@type\":\"Article\",\"@id\":\"https:\\\/\\\/qtmm.org\\\/qt\\\/aci-seitcelil-ibragimovnin-vefati-munasebetinen-qirimtatar-halqi-meclisi-ve-qirim-musulmanlari-diniy-idaresinin-taziyesi\\\/#article\",\"isPartOf\":{\"@id\":\"https:\\\/\\\/qtmm.org\\\/qt\\\/aci-seitcelil-ibragimovnin-vefati-munasebetinen-qirimtatar-halqi-meclisi-ve-qirim-musulmanlari-diniy-idaresinin-taziyesi\\\/\"},\"author\":{\"name\":\"Developer\",\"@id\":\"https:\\\/\\\/qtmm.org\\\/qt\\\/#\\\/schema\\\/person\\\/de562469f971dec226ac06e60bbf74a7\"},\"headline\":\"Ac\u0131 Seitcelil \u0130bragimovn\u0131\u00f1 vefat\u0131 munasebetinen Q\u0131r\u0131mtatar halq\u0131 Meclisi ve Q\u0131r\u0131m musulmanlar\u0131 diniy idaresini\u00f1 taziyesi\",\"datePublished\":\"2013-11-19T17:47:00+00:00\",\"dateModified\":\"2022-01-26T17:48:25+00:00\",\"mainEntityOfPage\":{\"@id\":\"https:\\\/\\\/qtmm.org\\\/qt\\\/aci-seitcelil-ibragimovnin-vefati-munasebetinen-qirimtatar-halqi-meclisi-ve-qirim-musulmanlari-diniy-idaresinin-taziyesi\\\/\"},\"wordCount\":321,\"commentCount\":0,\"publisher\":{\"@id\":\"https:\\\/\\\/qtmm.org\\\/qt\\\/#organization\"},\"image\":{\"@id\":\"https:\\\/\\\/qtmm.org\\\/qt\\\/aci-seitcelil-ibragimovnin-vefati-munasebetinen-qirimtatar-halqi-meclisi-ve-qirim-musulmanlari-diniy-idaresinin-taziyesi\\\/#primaryimage\"},\"thumbnailUrl\":\"http:\\\/\\\/qtmm.org\\\/wp-content\\\/uploads\\\/2022\\\/01\\\/348ed9d8051d6be23c7b6f0296d2b739.jpeg\",\"articleSection\":[\"Haberler\"],\"inLanguage\":\"qt\",\"potentialAction\":[{\"@type\":\"CommentAction\",\"name\":\"Comment\",\"target\":[\"https:\\\/\\\/qtmm.org\\\/qt\\\/aci-seitcelil-ibragimovnin-vefati-munasebetinen-qirimtatar-halqi-meclisi-ve-qirim-musulmanlari-diniy-idaresinin-taziyesi\\\/#respond\"]}]},{\"@type\":\"WebPage\",\"@id\":\"https:\\\/\\\/qtmm.org\\\/qt\\\/aci-seitcelil-ibragimovnin-vefati-munasebetinen-qirimtatar-halqi-meclisi-ve-qirim-musulmanlari-diniy-idaresinin-taziyesi\\\/\",\"url\":\"https:\\\/\\\/qtmm.org\\\/qt\\\/aci-seitcelil-ibragimovnin-vefati-munasebetinen-qirimtatar-halqi-meclisi-ve-qirim-musulmanlari-diniy-idaresinin-taziyesi\\\/\",\"name\":\"Ac\u0131 Seitcelil \u0130bragimovn\u0131\u00f1 vefat\u0131 munasebetinen Q\u0131r\u0131mtatar halq\u0131 Meclisi ve Q\u0131r\u0131m musulmanlar\u0131 diniy idaresini\u00f1 taziyesi - \u041c\u0435\u0434\u0436\u043b\u0456\u0441\",\"isPartOf\":{\"@id\":\"https:\\\/\\\/qtmm.org\\\/qt\\\/#website\"},\"primaryImageOfPage\":{\"@id\":\"https:\\\/\\\/qtmm.org\\\/qt\\\/aci-seitcelil-ibragimovnin-vefati-munasebetinen-qirimtatar-halqi-meclisi-ve-qirim-musulmanlari-diniy-idaresinin-taziyesi\\\/#primaryimage\"},\"image\":{\"@id\":\"https:\\\/\\\/qtmm.org\\\/qt\\\/aci-seitcelil-ibragimovnin-vefati-munasebetinen-qirimtatar-halqi-meclisi-ve-qirim-musulmanlari-diniy-idaresinin-taziyesi\\\/#primaryimage\"},\"thumbnailUrl\":\"http:\\\/\\\/qtmm.org\\\/wp-content\\\/uploads\\\/2022\\\/01\\\/348ed9d8051d6be23c7b6f0296d2b739.jpeg\",\"datePublished\":\"2013-11-19T17:47:00+00:00\",\"dateModified\":\"2022-01-26T17:48:25+00:00\",\"breadcrumb\":{\"@id\":\"https:\\\/\\\/qtmm.org\\\/qt\\\/aci-seitcelil-ibragimovnin-vefati-munasebetinen-qirimtatar-halqi-meclisi-ve-qirim-musulmanlari-diniy-idaresinin-taziyesi\\\/#breadcrumb\"},\"inLanguage\":\"qt\",\"potentialAction\":[{\"@type\":\"ReadAction\",\"target\":[\"https:\\\/\\\/qtmm.org\\\/qt\\\/aci-seitcelil-ibragimovnin-vefati-munasebetinen-qirimtatar-halqi-meclisi-ve-qirim-musulmanlari-diniy-idaresinin-taziyesi\\\/\"]}]},{\"@type\":\"ImageObject\",\"inLanguage\":\"qt\",\"@id\":\"https:\\\/\\\/qtmm.org\\\/qt\\\/aci-seitcelil-ibragimovnin-vefati-munasebetinen-qirimtatar-halqi-meclisi-ve-qirim-musulmanlari-diniy-idaresinin-taziyesi\\\/#primaryimage\",\"url\":\"http:\\\/\\\/qtmm.org\\\/wp-content\\\/uploads\\\/2022\\\/01\\\/348ed9d8051d6be23c7b6f0296d2b739.jpeg\",\"contentUrl\":\"http:\\\/\\\/qtmm.org\\\/wp-content\\\/uploads\\\/2022\\\/01\\\/348ed9d8051d6be23c7b6f0296d2b739.jpeg\"},{\"@type\":\"BreadcrumbList\",\"@id\":\"https:\\\/\\\/qtmm.org\\\/qt\\\/aci-seitcelil-ibragimovnin-vefati-munasebetinen-qirimtatar-halqi-meclisi-ve-qirim-musulmanlari-diniy-idaresinin-taziyesi\\\/#breadcrumb\",\"itemListElement\":[{\"@type\":\"ListItem\",\"position\":1,\"name\":\"\u0413\u043e\u043b\u043e\u0432\u043d\u0430\",\"item\":\"https:\\\/\\\/qtmm.org\\\/qt\\\/\"},{\"@type\":\"ListItem\",\"position\":2,\"name\":\"Ac\u0131 Seitcelil \u0130bragimovn\u0131\u00f1 vefat\u0131 munasebetinen Q\u0131r\u0131mtatar halq\u0131 Meclisi ve Q\u0131r\u0131m musulmanlar\u0131 diniy idaresini\u00f1 taziyesi\"}]},{\"@type\":\"WebSite\",\"@id\":\"https:\\\/\\\/qtmm.org\\\/qt\\\/#website\",\"url\":\"https:\\\/\\\/qtmm.org\\\/qt\\\/\",\"name\":\"\u041c\u0435\u0434\u0436\u043b\u0456\u0441\",\"description\":\"\",\"publisher\":{\"@id\":\"https:\\\/\\\/qtmm.org\\\/qt\\\/#organization\"},\"potentialAction\":[{\"@type\":\"SearchAction\",\"target\":{\"@type\":\"EntryPoint\",\"urlTemplate\":\"https:\\\/\\\/qtmm.org\\\/qt\\\/?s={search_term_string}\"},\"query-input\":{\"@type\":\"PropertyValueSpecification\",\"valueRequired\":true,\"valueName\":\"search_term_string\"}}],\"inLanguage\":\"qt\"},{\"@type\":\"Organization\",\"@id\":\"https:\\\/\\\/qtmm.org\\\/qt\\\/#organization\",\"name\":\"\u041c\u0435\u0434\u0436\u043b\u0456\u0441\",\"url\":\"https:\\\/\\\/qtmm.org\\\/qt\\\/\",\"logo\":{\"@type\":\"ImageObject\",\"inLanguage\":\"qt\",\"@id\":\"https:\\\/\\\/qtmm.org\\\/qt\\\/#\\\/schema\\\/logo\\\/image\\\/\",\"url\":\"https:\\\/\\\/qtmm.org\\\/wp-content\\\/uploads\\\/2024\\\/12\\\/ua-mejlis-logo-rgb.svg\",\"contentUrl\":\"https:\\\/\\\/qtmm.org\\\/wp-content\\\/uploads\\\/2024\\\/12\\\/ua-mejlis-logo-rgb.svg\",\"caption\":\"\u041c\u0435\u0434\u0436\u043b\u0456\u0441\"},\"image\":{\"@id\":\"https:\\\/\\\/qtmm.org\\\/qt\\\/#\\\/schema\\\/logo\\\/image\\\/\"},\"sameAs\":[\"https:\\\/\\\/www.facebook.com\\\/qtmm.info\\\/\"]},{\"@type\":\"Person\",\"@id\":\"https:\\\/\\\/qtmm.org\\\/qt\\\/#\\\/schema\\\/person\\\/de562469f971dec226ac06e60bbf74a7\",\"name\":\"Developer\",\"image\":{\"@type\":\"ImageObject\",\"inLanguage\":\"qt\",\"@id\":\"https:\\\/\\\/secure.gravatar.com\\\/avatar\\\/392b4cc8fbfeb00b39dfeeab4ee6edded39ffd48e25858637e4765810300227e?s=96&d=mm&r=g\",\"url\":\"https:\\\/\\\/secure.gravatar.com\\\/avatar\\\/392b4cc8fbfeb00b39dfeeab4ee6edded39ffd48e25858637e4765810300227e?s=96&d=mm&r=g\",\"contentUrl\":\"https:\\\/\\\/secure.gravatar.com\\\/avatar\\\/392b4cc8fbfeb00b39dfeeab4ee6edded39ffd48e25858637e4765810300227e?s=96&d=mm&r=g\",\"caption\":\"Developer\"},\"url\":\"https:\\\/\\\/qtmm.org\\\/qt\\\/author\\\/Developer\\\/\"}]}<\/script>\n<!-- \/ Yoast SEO plugin. -->","yoast_head_json":{"title":"Ac\u0131 Seitcelil \u0130bragimovn\u0131\u00f1 vefat\u0131 munasebetinen Q\u0131r\u0131mtatar halq\u0131 Meclisi ve Q\u0131r\u0131m musulmanlar\u0131 diniy idaresini\u00f1 taziyesi - \u041c\u0435\u0434\u0436\u043b\u0456\u0441","robots":{"index":"index","follow":"follow","max-snippet":"max-snippet:-1","max-image-preview":"max-image-preview:large","max-video-preview":"max-video-preview:-1"},"canonical":"https:\/\/qtmm.org\/qt\/aci-seitcelil-ibragimovnin-vefati-munasebetinen-qirimtatar-halqi-meclisi-ve-qirim-musulmanlari-diniy-idaresinin-taziyesi\/","og_locale":"en_US","og_type":"article","og_title":"Ac\u0131 Seitcelil \u0130bragimovn\u0131\u00f1 vefat\u0131 munasebetinen Q\u0131r\u0131mtatar halq\u0131 Meclisi ve Q\u0131r\u0131m musulmanlar\u0131 diniy idaresini\u00f1 taziyesi - \u041c\u0435\u0434\u0436\u043b\u0456\u0441","og_description":"Bismill\u00e2hi\u2018r-rahmani\u2018r-rahim 1992-1995 senelerde q\u0131r\u0131mtatarlar Vatan\u011fa k\u00fctleviy qaytqan devirde Q\u0131r\u0131m musulmanlar\u0131n\u0131\u00f1 birinci saylan\u011fan m\u00fcftisi ac\u0131 Seitcelil \u0130bragimov devaml\u0131 a\u011f\u0131r hastal\u0131q neticesinde 2013 senesi noyabr 18-den 19-na ke\u00e7er gecesi Qazanda (Rusiye, Tatarstan) 53 ya\u015f\u0131nda vefat etti Ac\u0131 Seitcelil efendi M\u00fcftiligi Q\u0131r\u0131mn\u0131\u00f1 tam\u0131r halq\u0131 \u00f6z yurtuna qaytqan m\u00fcrekkep ve a\u011f\u0131r bir devirge rastkeldi. O, Q\u0131r\u0131mda \u0130sl\u00e2mn\u0131\u00f1 \u011fayr\u0131dan tiklenmesine, [&hellip;]","og_url":"https:\/\/qtmm.org\/qt\/aci-seitcelil-ibragimovnin-vefati-munasebetinen-qirimtatar-halqi-meclisi-ve-qirim-musulmanlari-diniy-idaresinin-taziyesi\/","og_site_name":"\u041c\u0435\u0434\u0436\u043b\u0456\u0441","article_publisher":"https:\/\/www.facebook.com\/qtmm.info\/","article_published_time":"2013-11-19T17:47:00+00:00","article_modified_time":"2022-01-26T17:48:25+00:00","og_image":[{"width":800,"height":382,"url":"https:\/\/qtmm.org\/wp-content\/uploads\/2022\/01\/348ed9d8051d6be23c7b6f0296d2b739.jpeg","type":"image\/jpeg"}],"author":"Developer","twitter_card":"summary_large_image","twitter_misc":{"Written by":"Developer","Est. reading time":"2 minutes"},"schema":{"@context":"https:\/\/schema.org","@graph":[{"@type":"Article","@id":"https:\/\/qtmm.org\/qt\/aci-seitcelil-ibragimovnin-vefati-munasebetinen-qirimtatar-halqi-meclisi-ve-qirim-musulmanlari-diniy-idaresinin-taziyesi\/#article","isPartOf":{"@id":"https:\/\/qtmm.org\/qt\/aci-seitcelil-ibragimovnin-vefati-munasebetinen-qirimtatar-halqi-meclisi-ve-qirim-musulmanlari-diniy-idaresinin-taziyesi\/"},"author":{"name":"Developer","@id":"https:\/\/qtmm.org\/qt\/#\/schema\/person\/de562469f971dec226ac06e60bbf74a7"},"headline":"Ac\u0131 Seitcelil \u0130bragimovn\u0131\u00f1 vefat\u0131 munasebetinen Q\u0131r\u0131mtatar halq\u0131 Meclisi ve Q\u0131r\u0131m musulmanlar\u0131 diniy idaresini\u00f1 taziyesi","datePublished":"2013-11-19T17:47:00+00:00","dateModified":"2022-01-26T17:48:25+00:00","mainEntityOfPage":{"@id":"https:\/\/qtmm.org\/qt\/aci-seitcelil-ibragimovnin-vefati-munasebetinen-qirimtatar-halqi-meclisi-ve-qirim-musulmanlari-diniy-idaresinin-taziyesi\/"},"wordCount":321,"commentCount":0,"publisher":{"@id":"https:\/\/qtmm.org\/qt\/#organization"},"image":{"@id":"https:\/\/qtmm.org\/qt\/aci-seitcelil-ibragimovnin-vefati-munasebetinen-qirimtatar-halqi-meclisi-ve-qirim-musulmanlari-diniy-idaresinin-taziyesi\/#primaryimage"},"thumbnailUrl":"http:\/\/qtmm.org\/wp-content\/uploads\/2022\/01\/348ed9d8051d6be23c7b6f0296d2b739.jpeg","articleSection":["Haberler"],"inLanguage":"qt","potentialAction":[{"@type":"CommentAction","name":"Comment","target":["https:\/\/qtmm.org\/qt\/aci-seitcelil-ibragimovnin-vefati-munasebetinen-qirimtatar-halqi-meclisi-ve-qirim-musulmanlari-diniy-idaresinin-taziyesi\/#respond"]}]},{"@type":"WebPage","@id":"https:\/\/qtmm.org\/qt\/aci-seitcelil-ibragimovnin-vefati-munasebetinen-qirimtatar-halqi-meclisi-ve-qirim-musulmanlari-diniy-idaresinin-taziyesi\/","url":"https:\/\/qtmm.org\/qt\/aci-seitcelil-ibragimovnin-vefati-munasebetinen-qirimtatar-halqi-meclisi-ve-qirim-musulmanlari-diniy-idaresinin-taziyesi\/","name":"Ac\u0131 Seitcelil \u0130bragimovn\u0131\u00f1 vefat\u0131 munasebetinen Q\u0131r\u0131mtatar halq\u0131 Meclisi ve Q\u0131r\u0131m musulmanlar\u0131 diniy idaresini\u00f1 taziyesi - \u041c\u0435\u0434\u0436\u043b\u0456\u0441","isPartOf":{"@id":"https:\/\/qtmm.org\/qt\/#website"},"primaryImageOfPage":{"@id":"https:\/\/qtmm.org\/qt\/aci-seitcelil-ibragimovnin-vefati-munasebetinen-qirimtatar-halqi-meclisi-ve-qirim-musulmanlari-diniy-idaresinin-taziyesi\/#primaryimage"},"image":{"@id":"https:\/\/qtmm.org\/qt\/aci-seitcelil-ibragimovnin-vefati-munasebetinen-qirimtatar-halqi-meclisi-ve-qirim-musulmanlari-diniy-idaresinin-taziyesi\/#primaryimage"},"thumbnailUrl":"http:\/\/qtmm.org\/wp-content\/uploads\/2022\/01\/348ed9d8051d6be23c7b6f0296d2b739.jpeg","datePublished":"2013-11-19T17:47:00+00:00","dateModified":"2022-01-26T17:48:25+00:00","breadcrumb":{"@id":"https:\/\/qtmm.org\/qt\/aci-seitcelil-ibragimovnin-vefati-munasebetinen-qirimtatar-halqi-meclisi-ve-qirim-musulmanlari-diniy-idaresinin-taziyesi\/#breadcrumb"},"inLanguage":"qt","potentialAction":[{"@type":"ReadAction","target":["https:\/\/qtmm.org\/qt\/aci-seitcelil-ibragimovnin-vefati-munasebetinen-qirimtatar-halqi-meclisi-ve-qirim-musulmanlari-diniy-idaresinin-taziyesi\/"]}]},{"@type":"ImageObject","inLanguage":"qt","@id":"https:\/\/qtmm.org\/qt\/aci-seitcelil-ibragimovnin-vefati-munasebetinen-qirimtatar-halqi-meclisi-ve-qirim-musulmanlari-diniy-idaresinin-taziyesi\/#primaryimage","url":"http:\/\/qtmm.org\/wp-content\/uploads\/2022\/01\/348ed9d8051d6be23c7b6f0296d2b739.jpeg","contentUrl":"http:\/\/qtmm.org\/wp-content\/uploads\/2022\/01\/348ed9d8051d6be23c7b6f0296d2b739.jpeg"},{"@type":"BreadcrumbList","@id":"https:\/\/qtmm.org\/qt\/aci-seitcelil-ibragimovnin-vefati-munasebetinen-qirimtatar-halqi-meclisi-ve-qirim-musulmanlari-diniy-idaresinin-taziyesi\/#breadcrumb","itemListElement":[{"@type":"ListItem","position":1,"name":"\u0413\u043e\u043b\u043e\u0432\u043d\u0430","item":"https:\/\/qtmm.org\/qt\/"},{"@type":"ListItem","position":2,"name":"Ac\u0131 Seitcelil \u0130bragimovn\u0131\u00f1 vefat\u0131 munasebetinen Q\u0131r\u0131mtatar halq\u0131 Meclisi ve Q\u0131r\u0131m musulmanlar\u0131 diniy idaresini\u00f1 taziyesi"}]},{"@type":"WebSite","@id":"https:\/\/qtmm.org\/qt\/#website","url":"https:\/\/qtmm.org\/qt\/","name":"\u041c\u0435\u0434\u0436\u043b\u0456\u0441","description":"","publisher":{"@id":"https:\/\/qtmm.org\/qt\/#organization"},"potentialAction":[{"@type":"SearchAction","target":{"@type":"EntryPoint","urlTemplate":"https:\/\/qtmm.org\/qt\/?s={search_term_string}"},"query-input":{"@type":"PropertyValueSpecification","valueRequired":true,"valueName":"search_term_string"}}],"inLanguage":"qt"},{"@type":"Organization","@id":"https:\/\/qtmm.org\/qt\/#organization","name":"\u041c\u0435\u0434\u0436\u043b\u0456\u0441","url":"https:\/\/qtmm.org\/qt\/","logo":{"@type":"ImageObject","inLanguage":"qt","@id":"https:\/\/qtmm.org\/qt\/#\/schema\/logo\/image\/","url":"https:\/\/qtmm.org\/wp-content\/uploads\/2024\/12\/ua-mejlis-logo-rgb.svg","contentUrl":"https:\/\/qtmm.org\/wp-content\/uploads\/2024\/12\/ua-mejlis-logo-rgb.svg","caption":"\u041c\u0435\u0434\u0436\u043b\u0456\u0441"},"image":{"@id":"https:\/\/qtmm.org\/qt\/#\/schema\/logo\/image\/"},"sameAs":["https:\/\/www.facebook.com\/qtmm.info\/"]},{"@type":"Person","@id":"https:\/\/qtmm.org\/qt\/#\/schema\/person\/de562469f971dec226ac06e60bbf74a7","name":"Developer","image":{"@type":"ImageObject","inLanguage":"qt","@id":"https:\/\/secure.gravatar.com\/avatar\/392b4cc8fbfeb00b39dfeeab4ee6edded39ffd48e25858637e4765810300227e?s=96&d=mm&r=g","url":"https:\/\/secure.gravatar.com\/avatar\/392b4cc8fbfeb00b39dfeeab4ee6edded39ffd48e25858637e4765810300227e?s=96&d=mm&r=g","contentUrl":"https:\/\/secure.gravatar.com\/avatar\/392b4cc8fbfeb00b39dfeeab4ee6edded39ffd48e25858637e4765810300227e?s=96&d=mm&r=g","caption":"Developer"},"url":"https:\/\/qtmm.org\/qt\/author\/Developer\/"}]}},"_links":{"self":[{"href":"https:\/\/qtmm.org\/qt\/wp-json\/wp\/v2\/posts\/40737","targetHints":{"allow":["GET"]}}],"collection":[{"href":"https:\/\/qtmm.org\/qt\/wp-json\/wp\/v2\/posts"}],"about":[{"href":"https:\/\/qtmm.org\/qt\/wp-json\/wp\/v2\/types\/post"}],"author":[{"embeddable":true,"href":"https:\/\/qtmm.org\/qt\/wp-json\/wp\/v2\/users\/1"}],"replies":[{"embeddable":true,"href":"https:\/\/qtmm.org\/qt\/wp-json\/wp\/v2\/comments?post=40737"}],"version-history":[{"count":1,"href":"https:\/\/qtmm.org\/qt\/wp-json\/wp\/v2\/posts\/40737\/revisions"}],"predecessor-version":[{"id":40746,"href":"https:\/\/qtmm.org\/qt\/wp-json\/wp\/v2\/posts\/40737\/revisions\/40746"}],"wp:attachment":[{"href":"https:\/\/qtmm.org\/qt\/wp-json\/wp\/v2\/media?parent=40737"}],"wp:term":[{"taxonomy":"category","embeddable":true,"href":"https:\/\/qtmm.org\/qt\/wp-json\/wp\/v2\/categories?post=40737"},{"taxonomy":"post_tag","embeddable":true,"href":"https:\/\/qtmm.org\/qt\/wp-json\/wp\/v2\/tags?post=40737"}],"curies":[{"name":"wp","href":"https:\/\/api.w.org\/{rel}","templated":true}]}}