




{"id":40627,"date":"2013-11-18T20:44:00","date_gmt":"2013-11-18T17:44:00","guid":{"rendered":"http:\/\/qtmm.org\/?p=40627"},"modified":"2022-01-26T20:47:38","modified_gmt":"2022-01-26T17:47:38","slug":"2013-senesi-noyabr-15-17-kunleri-milliy-meclis-reisi-refat-cubarov-is-ziyaretinen-turkiyede-bulundi","status":"publish","type":"post","link":"https:\/\/qtmm.org\/qt\/2013-senesi-noyabr-15-17-kunleri-milliy-meclis-reisi-refat-cubarov-is-ziyaretinen-turkiyede-bulundi\/","title":{"rendered":"2013 senesi noyabr 15- 17 k\u00fcnleri Milliy Meclis reisi Refat \u00c7ubarov i\u015f ziyaretinen T\u00fcrkiyede bulund\u0131"},"content":{"rendered":"\n<p>2013 senesi noyabr 15- 17 k\u00fcnleri Milliy Meclis reisi Refat \u00c7ubarov i\u015f ziyaretinen T\u00fcrkiyeni\u00f1 Eski\u015fehir \u015feerinde bulund\u0131.<\/p>\n\n\n\n<p>Q\u0131r\u0131m delegatsiyas\u0131na Ukraina halq deputat\u0131 Mustafa Cemilev, Meclis azalar\u0131 \u0130lmi \u00dcmerov, Gayana Y\u00fcksel, Ahtem \u00c7iygoz, Q\u0131r\u0131m musulmanlar\u0131n\u0131\u00f1 M\u00fcftisi hac\u0131 Emirali Ablayev, ATR telekanal\u0131n\u0131\u00f1 saibi Lenur \u0130sl\u00e2mov ve kanal hadimleri, QHA ba\u015f koordinator\u0131 \u0130smet Y\u00fcksel kirdiler.<\/p>\n\n\n\n<p>Noyabr 16-da k\u00fcnni\u00f1 birinci yar\u0131s\u0131nda Meclis reisi Refat \u00c7ubarov, Ukraina halq deputat\u0131 Mustafa Cemilev ve Q\u0131r\u0131m delegatsiyas\u0131n\u0131\u00f1 azalar\u0131n\u0131 Eski\u015fehir valisi G\u00fcng\u00f6r Azim Tuna ve Eski\u015fehir belediye ba\u015f\u0131 Y\u0131lmaz B\u00fcy\u00fcker\u015fen qabul ettiler. K\u00f6r\u00fc\u015f\u00fcvlerde Eski\u015fehir q\u0131r\u0131mtatar dernegini\u00f1 ba\u015f\u0131 Mesut Or ve Q\u0131r\u0131m dernekleri umumiy merkezni\u00f1 \u0130stanbul b\u00f6l\u00fcgini\u00f1 ba\u015f\u0131 Cel\u00e2l \u0130\u00e7ten de bulund\u0131lar.<\/p>\n\n\n\n<p>K\u00f6r\u00fc\u015f\u00fcvde Q\u0131r\u0131mdaki vaziyet boyunca fikir payla\u015f\u0131l\u0131p, neticede Q\u0131r\u0131mda q\u0131r\u0131mtatar tilinde oqut\u0131l\u011fan umumtasil mektepleri ve Eski\u015fehir oqullar\u0131 aras\u0131nda i\u015fbirlik aqq\u0131nda protokol imzaland\u0131.<\/p>\n\n\n\n<p>Muqaveleni Eski\u015fehir valisi G\u00fcng\u00f6r Azim Tuna, Q\u0131r\u0131mtatar halq\u0131 Meclisini\u00f1 reisi Refat \u00c7ubarov, q\u0131r\u0131mtatar halq\u0131n\u0131\u00f1 lideri Mustafa Cemilev, T\u00fcrkiye tasil nazirini\u00f1 muavini Orhan Erdem imzalad\u0131lar. Protokol imzalav merasiminde Ukrainan\u0131\u00f1 T\u00fcrkiyedeki ba\u015f konsul\u0131 Denis Zolotar\u00f6v da bulund\u0131.<\/p>\n\n\n\n<p>Meclis reisi R.\u00c7ubarov bildirgenine k\u00f6re, muqavelege binaen 13 q\u0131r\u0131mtatar mektebi T\u00fcrkiyede qarda\u015f oqullar\u0131n\u0131 buld\u0131lar. \u0130\u015fte, Ba\u011f\u00e7asaraydaki 5-nci mektep Anadolu Fatih litseyi, 2-nci mektep Anadolu Salih Zeki litseyinen, Aqmescitteki 5-nci umumtasil mektep ise Eski\u015fehir Anadolu litseyinen i\u015fbirlik quracaq. &#8220;Kelecekte i\u015fbirlik devam\u0131nda oca ve talebelernen alma\u015fuv, birlikte leyha ve tedbirler ke\u00e7irilmesi k\u00f6zde tutula&#8221;, &#8211; dedi R.\u00c7ubarov.<\/p>\n\n\n\n<p>Noyabr 16 k\u00fcn\u00fc aq\u015fam &#8220;Haytarma&#8221; birinci q\u0131r\u0131mtatar bediiy filmi k\u00f6sterildi. &#8220;Haytarma&#8221; filmini numay\u0131\u015f etmek te\u015febb\u00fcsinen Eski\u015fehir q\u0131r\u0131mtatar dernegini\u00f1 reisi Mesut Or \u00e7\u0131qt\u0131.<\/p>\n\n\n\n<p>Tedbirni Eski\u015fehir 2013 T\u00fcrk D\u00fcnyas\u0131 K\u00fclt\u00fcr Ba\u015fkenti Ajans\u0131 te\u015fkil\u00e2tland\u0131rd\u0131.<\/p>\n\n\n\n<p class=\"has-text-align-right\"><em><strong>Foto:\u00a0<a rel=\"noreferrer noopener\" href=\"http:\/\/qha.com.ua\/\" target=\"_blank\">&#8220;QHA&#8221;<\/a><\/strong><\/em><\/p>\n\n\n\n<figure class=\"wp-block-gallery columns-3 is-cropped wp-block-gallery-1 is-layout-flex wp-block-gallery-is-layout-flex\"><ul class=\"blocks-gallery-grid\"><li class=\"blocks-gallery-item\"><figure><a href=\"http:\/\/qtmm.org\/wp-content\/uploads\/2022\/01\/528ca825a10a6.jpeg\"><img loading=\"lazy\" decoding=\"async\" width=\"640\" height=\"480\" src=\"http:\/\/qtmm.org\/wp-content\/uploads\/2022\/01\/528ca825a10a6.jpeg\" alt=\"\" data-id=\"40650\" data-full-url=\"http:\/\/qtmm.org\/wp-content\/uploads\/2022\/01\/528ca825a10a6.jpeg\" data-link=\"http:\/\/qtmm.org\/qt\/?attachment_id=40650\" class=\"wp-image-40650\" srcset=\"https:\/\/qtmm.org\/wp-content\/uploads\/2022\/01\/528ca825a10a6.jpeg 640w, https:\/\/qtmm.org\/wp-content\/uploads\/2022\/01\/528ca825a10a6-300x225.jpeg 300w\" sizes=\"auto, (max-width: 640px) 100vw, 640px\" \/><\/a><\/figure><\/li><li class=\"blocks-gallery-item\"><figure><a href=\"http:\/\/qtmm.org\/wp-content\/uploads\/2022\/01\/528ca825b915c.jpeg\"><img loading=\"lazy\" decoding=\"async\" width=\"640\" height=\"480\" src=\"http:\/\/qtmm.org\/wp-content\/uploads\/2022\/01\/528ca825b915c.jpeg\" alt=\"\" data-id=\"40654\" data-full-url=\"http:\/\/qtmm.org\/wp-content\/uploads\/2022\/01\/528ca825b915c.jpeg\" data-link=\"http:\/\/qtmm.org\/qt\/?attachment_id=40654\" class=\"wp-image-40654\" srcset=\"https:\/\/qtmm.org\/wp-content\/uploads\/2022\/01\/528ca825b915c.jpeg 640w, https:\/\/qtmm.org\/wp-content\/uploads\/2022\/01\/528ca825b915c-300x225.jpeg 300w\" sizes=\"auto, (max-width: 640px) 100vw, 640px\" \/><\/a><\/figure><\/li><li class=\"blocks-gallery-item\"><figure><a href=\"http:\/\/qtmm.org\/wp-content\/uploads\/2022\/01\/528ca825dabd4.jpeg\"><img loading=\"lazy\" decoding=\"async\" width=\"640\" height=\"480\" src=\"http:\/\/qtmm.org\/wp-content\/uploads\/2022\/01\/528ca825dabd4.jpeg\" alt=\"\" data-id=\"40658\" data-full-url=\"http:\/\/qtmm.org\/wp-content\/uploads\/2022\/01\/528ca825dabd4.jpeg\" data-link=\"http:\/\/qtmm.org\/qt\/?attachment_id=40658\" class=\"wp-image-40658\" srcset=\"https:\/\/qtmm.org\/wp-content\/uploads\/2022\/01\/528ca825dabd4.jpeg 640w, https:\/\/qtmm.org\/wp-content\/uploads\/2022\/01\/528ca825dabd4-300x225.jpeg 300w\" sizes=\"auto, (max-width: 640px) 100vw, 640px\" \/><\/a><\/figure><\/li><li class=\"blocks-gallery-item\"><figure><a href=\"http:\/\/qtmm.org\/wp-content\/uploads\/2022\/01\/528ca825f2c49.jpeg\"><img loading=\"lazy\" decoding=\"async\" width=\"640\" height=\"480\" src=\"http:\/\/qtmm.org\/wp-content\/uploads\/2022\/01\/528ca825f2c49.jpeg\" alt=\"\" data-id=\"40662\" data-full-url=\"http:\/\/qtmm.org\/wp-content\/uploads\/2022\/01\/528ca825f2c49.jpeg\" data-link=\"http:\/\/qtmm.org\/qt\/?attachment_id=40662\" class=\"wp-image-40662\" srcset=\"https:\/\/qtmm.org\/wp-content\/uploads\/2022\/01\/528ca825f2c49.jpeg 640w, https:\/\/qtmm.org\/wp-content\/uploads\/2022\/01\/528ca825f2c49-300x225.jpeg 300w\" sizes=\"auto, (max-width: 640px) 100vw, 640px\" \/><\/a><\/figure><\/li><li class=\"blocks-gallery-item\"><figure><a href=\"http:\/\/qtmm.org\/wp-content\/uploads\/2022\/01\/528ca826a3ed3.jpeg\"><img loading=\"lazy\" decoding=\"async\" width=\"640\" height=\"480\" src=\"http:\/\/qtmm.org\/wp-content\/uploads\/2022\/01\/528ca826a3ed3.jpeg\" alt=\"\" data-id=\"40666\" data-full-url=\"http:\/\/qtmm.org\/wp-content\/uploads\/2022\/01\/528ca826a3ed3.jpeg\" data-link=\"http:\/\/qtmm.org\/qt\/?attachment_id=40666\" class=\"wp-image-40666\" srcset=\"https:\/\/qtmm.org\/wp-content\/uploads\/2022\/01\/528ca826a3ed3.jpeg 640w, https:\/\/qtmm.org\/wp-content\/uploads\/2022\/01\/528ca826a3ed3-300x225.jpeg 300w\" sizes=\"auto, (max-width: 640px) 100vw, 640px\" \/><\/a><\/figure><\/li><li class=\"blocks-gallery-item\"><figure><a href=\"http:\/\/qtmm.org\/wp-content\/uploads\/2022\/01\/528ca826b97a3.jpeg\"><img loading=\"lazy\" decoding=\"async\" width=\"640\" height=\"480\" src=\"http:\/\/qtmm.org\/wp-content\/uploads\/2022\/01\/528ca826b97a3.jpeg\" alt=\"\" data-id=\"40670\" data-full-url=\"http:\/\/qtmm.org\/wp-content\/uploads\/2022\/01\/528ca826b97a3.jpeg\" data-link=\"http:\/\/qtmm.org\/qt\/?attachment_id=40670\" class=\"wp-image-40670\" srcset=\"https:\/\/qtmm.org\/wp-content\/uploads\/2022\/01\/528ca826b97a3.jpeg 640w, https:\/\/qtmm.org\/wp-content\/uploads\/2022\/01\/528ca826b97a3-300x225.jpeg 300w\" sizes=\"auto, (max-width: 640px) 100vw, 640px\" \/><\/a><\/figure><\/li><li class=\"blocks-gallery-item\"><figure><a href=\"http:\/\/qtmm.org\/wp-content\/uploads\/2022\/01\/528ca826d16d8.jpeg\"><img loading=\"lazy\" decoding=\"async\" width=\"640\" height=\"480\" src=\"http:\/\/qtmm.org\/wp-content\/uploads\/2022\/01\/528ca826d16d8.jpeg\" alt=\"\" data-id=\"40674\" data-full-url=\"http:\/\/qtmm.org\/wp-content\/uploads\/2022\/01\/528ca826d16d8.jpeg\" data-link=\"http:\/\/qtmm.org\/qt\/?attachment_id=40674\" class=\"wp-image-40674\" srcset=\"https:\/\/qtmm.org\/wp-content\/uploads\/2022\/01\/528ca826d16d8.jpeg 640w, https:\/\/qtmm.org\/wp-content\/uploads\/2022\/01\/528ca826d16d8-300x225.jpeg 300w\" sizes=\"auto, (max-width: 640px) 100vw, 640px\" \/><\/a><\/figure><\/li><li class=\"blocks-gallery-item\"><figure><a href=\"http:\/\/qtmm.org\/wp-content\/uploads\/2022\/01\/528ca826e7126.jpeg\"><img loading=\"lazy\" decoding=\"async\" width=\"640\" height=\"480\" src=\"http:\/\/qtmm.org\/wp-content\/uploads\/2022\/01\/528ca826e7126.jpeg\" alt=\"\" data-id=\"40678\" data-full-url=\"http:\/\/qtmm.org\/wp-content\/uploads\/2022\/01\/528ca826e7126.jpeg\" data-link=\"http:\/\/qtmm.org\/qt\/?attachment_id=40678\" class=\"wp-image-40678\" srcset=\"https:\/\/qtmm.org\/wp-content\/uploads\/2022\/01\/528ca826e7126.jpeg 640w, https:\/\/qtmm.org\/wp-content\/uploads\/2022\/01\/528ca826e7126-300x225.jpeg 300w\" sizes=\"auto, (max-width: 640px) 100vw, 640px\" \/><\/a><\/figure><\/li><li class=\"blocks-gallery-item\"><figure><a href=\"http:\/\/qtmm.org\/wp-content\/uploads\/2022\/01\/528ca8262e347.jpeg\"><img loading=\"lazy\" decoding=\"async\" width=\"640\" height=\"480\" src=\"http:\/\/qtmm.org\/wp-content\/uploads\/2022\/01\/528ca8262e347.jpeg\" alt=\"\" data-id=\"40682\" data-full-url=\"http:\/\/qtmm.org\/wp-content\/uploads\/2022\/01\/528ca8262e347.jpeg\" data-link=\"http:\/\/qtmm.org\/qt\/?attachment_id=40682\" class=\"wp-image-40682\" srcset=\"https:\/\/qtmm.org\/wp-content\/uploads\/2022\/01\/528ca8262e347.jpeg 640w, https:\/\/qtmm.org\/wp-content\/uploads\/2022\/01\/528ca8262e347-300x225.jpeg 300w\" sizes=\"auto, (max-width: 640px) 100vw, 640px\" \/><\/a><\/figure><\/li><li class=\"blocks-gallery-item\"><figure><a href=\"http:\/\/qtmm.org\/wp-content\/uploads\/2022\/01\/528ca8265db84.jpeg\"><img loading=\"lazy\" decoding=\"async\" width=\"640\" height=\"480\" src=\"http:\/\/qtmm.org\/wp-content\/uploads\/2022\/01\/528ca8265db84.jpeg\" alt=\"\" data-id=\"40686\" data-full-url=\"http:\/\/qtmm.org\/wp-content\/uploads\/2022\/01\/528ca8265db84.jpeg\" data-link=\"http:\/\/qtmm.org\/qt\/?attachment_id=40686\" class=\"wp-image-40686\" srcset=\"https:\/\/qtmm.org\/wp-content\/uploads\/2022\/01\/528ca8265db84.jpeg 640w, https:\/\/qtmm.org\/wp-content\/uploads\/2022\/01\/528ca8265db84-300x225.jpeg 300w\" sizes=\"auto, (max-width: 640px) 100vw, 640px\" \/><\/a><\/figure><\/li><li class=\"blocks-gallery-item\"><figure><a href=\"http:\/\/qtmm.org\/wp-content\/uploads\/2022\/01\/528ca8268c982.jpeg\"><img loading=\"lazy\" decoding=\"async\" width=\"640\" height=\"480\" src=\"http:\/\/qtmm.org\/wp-content\/uploads\/2022\/01\/528ca8268c982.jpeg\" alt=\"\" data-id=\"40690\" data-full-url=\"http:\/\/qtmm.org\/wp-content\/uploads\/2022\/01\/528ca8268c982.jpeg\" data-link=\"http:\/\/qtmm.org\/qt\/?attachment_id=40690\" class=\"wp-image-40690\" srcset=\"https:\/\/qtmm.org\/wp-content\/uploads\/2022\/01\/528ca8268c982.jpeg 640w, https:\/\/qtmm.org\/wp-content\/uploads\/2022\/01\/528ca8268c982-300x225.jpeg 300w\" sizes=\"auto, (max-width: 640px) 100vw, 640px\" \/><\/a><\/figure><\/li><li class=\"blocks-gallery-item\"><figure><a href=\"http:\/\/qtmm.org\/wp-content\/uploads\/2022\/01\/528ca8271c538.jpeg\"><img loading=\"lazy\" decoding=\"async\" width=\"640\" height=\"480\" src=\"http:\/\/qtmm.org\/wp-content\/uploads\/2022\/01\/528ca8271c538.jpeg\" alt=\"\" data-id=\"40694\" data-full-url=\"http:\/\/qtmm.org\/wp-content\/uploads\/2022\/01\/528ca8271c538.jpeg\" data-link=\"http:\/\/qtmm.org\/qt\/?attachment_id=40694\" class=\"wp-image-40694\" srcset=\"https:\/\/qtmm.org\/wp-content\/uploads\/2022\/01\/528ca8271c538.jpeg 640w, https:\/\/qtmm.org\/wp-content\/uploads\/2022\/01\/528ca8271c538-300x225.jpeg 300w\" sizes=\"auto, (max-width: 640px) 100vw, 640px\" \/><\/a><\/figure><\/li><li class=\"blocks-gallery-item\"><figure><a href=\"http:\/\/qtmm.org\/wp-content\/uploads\/2022\/01\/528ca82557ade.jpeg\"><img loading=\"lazy\" decoding=\"async\" width=\"640\" height=\"480\" src=\"http:\/\/qtmm.org\/wp-content\/uploads\/2022\/01\/528ca82557ade.jpeg\" alt=\"\" data-id=\"40698\" data-full-url=\"http:\/\/qtmm.org\/wp-content\/uploads\/2022\/01\/528ca82557ade.jpeg\" data-link=\"http:\/\/qtmm.org\/qt\/?attachment_id=40698\" class=\"wp-image-40698\" srcset=\"https:\/\/qtmm.org\/wp-content\/uploads\/2022\/01\/528ca82557ade.jpeg 640w, https:\/\/qtmm.org\/wp-content\/uploads\/2022\/01\/528ca82557ade-300x225.jpeg 300w\" sizes=\"auto, (max-width: 640px) 100vw, 640px\" \/><\/a><\/figure><\/li><li class=\"blocks-gallery-item\"><figure><a href=\"http:\/\/qtmm.org\/wp-content\/uploads\/2022\/01\/528ca82588e5e.jpeg\"><img loading=\"lazy\" decoding=\"async\" width=\"640\" height=\"480\" src=\"http:\/\/qtmm.org\/wp-content\/uploads\/2022\/01\/528ca82588e5e.jpeg\" alt=\"\" data-id=\"40702\" data-full-url=\"http:\/\/qtmm.org\/wp-content\/uploads\/2022\/01\/528ca82588e5e.jpeg\" data-link=\"http:\/\/qtmm.org\/qt\/?attachment_id=40702\" class=\"wp-image-40702\" srcset=\"https:\/\/qtmm.org\/wp-content\/uploads\/2022\/01\/528ca82588e5e.jpeg 640w, https:\/\/qtmm.org\/wp-content\/uploads\/2022\/01\/528ca82588e5e-300x225.jpeg 300w\" sizes=\"auto, (max-width: 640px) 100vw, 640px\" \/><\/a><\/figure><\/li><li class=\"blocks-gallery-item\"><figure><a href=\"http:\/\/qtmm.org\/wp-content\/uploads\/2022\/01\/528ca82616a13.jpeg\"><img loading=\"lazy\" decoding=\"async\" width=\"640\" height=\"480\" src=\"http:\/\/qtmm.org\/wp-content\/uploads\/2022\/01\/528ca82616a13.jpeg\" alt=\"\" data-id=\"40706\" data-full-url=\"http:\/\/qtmm.org\/wp-content\/uploads\/2022\/01\/528ca82616a13.jpeg\" data-link=\"http:\/\/qtmm.org\/qt\/?attachment_id=40706\" class=\"wp-image-40706\" srcset=\"https:\/\/qtmm.org\/wp-content\/uploads\/2022\/01\/528ca82616a13.jpeg 640w, https:\/\/qtmm.org\/wp-content\/uploads\/2022\/01\/528ca82616a13-300x225.jpeg 300w\" sizes=\"auto, (max-width: 640px) 100vw, 640px\" \/><\/a><\/figure><\/li><li class=\"blocks-gallery-item\"><figure><a href=\"http:\/\/qtmm.org\/wp-content\/uploads\/2022\/01\/528ca827317b9.jpeg\"><img loading=\"lazy\" decoding=\"async\" width=\"640\" height=\"480\" src=\"http:\/\/qtmm.org\/wp-content\/uploads\/2022\/01\/528ca827317b9.jpeg\" alt=\"\" data-id=\"40710\" data-full-url=\"http:\/\/qtmm.org\/wp-content\/uploads\/2022\/01\/528ca827317b9.jpeg\" data-link=\"http:\/\/qtmm.org\/qt\/?attachment_id=40710\" class=\"wp-image-40710\" srcset=\"https:\/\/qtmm.org\/wp-content\/uploads\/2022\/01\/528ca827317b9.jpeg 640w, https:\/\/qtmm.org\/wp-content\/uploads\/2022\/01\/528ca827317b9-300x225.jpeg 300w\" sizes=\"auto, (max-width: 640px) 100vw, 640px\" \/><\/a><\/figure><\/li><li class=\"blocks-gallery-item\"><figure><a href=\"http:\/\/qtmm.org\/wp-content\/uploads\/2022\/01\/528ca8264578c.jpeg\"><img loading=\"lazy\" decoding=\"async\" width=\"640\" height=\"480\" src=\"http:\/\/qtmm.org\/wp-content\/uploads\/2022\/01\/528ca8264578c.jpeg\" alt=\"\" data-id=\"40714\" data-full-url=\"http:\/\/qtmm.org\/wp-content\/uploads\/2022\/01\/528ca8264578c.jpeg\" data-link=\"http:\/\/qtmm.org\/qt\/?attachment_id=40714\" class=\"wp-image-40714\" srcset=\"https:\/\/qtmm.org\/wp-content\/uploads\/2022\/01\/528ca8264578c.jpeg 640w, https:\/\/qtmm.org\/wp-content\/uploads\/2022\/01\/528ca8264578c-300x225.jpeg 300w\" sizes=\"auto, (max-width: 640px) 100vw, 640px\" \/><\/a><\/figure><\/li><li class=\"blocks-gallery-item\"><figure><a href=\"http:\/\/qtmm.org\/wp-content\/uploads\/2022\/01\/528ca82570809.jpeg\"><img loading=\"lazy\" decoding=\"async\" width=\"640\" height=\"480\" src=\"http:\/\/qtmm.org\/wp-content\/uploads\/2022\/01\/528ca82570809.jpeg\" alt=\"\" data-id=\"40718\" data-full-url=\"http:\/\/qtmm.org\/wp-content\/uploads\/2022\/01\/528ca82570809.jpeg\" data-link=\"http:\/\/qtmm.org\/qt\/?attachment_id=40718\" class=\"wp-image-40718\" srcset=\"https:\/\/qtmm.org\/wp-content\/uploads\/2022\/01\/528ca82570809.jpeg 640w, https:\/\/qtmm.org\/wp-content\/uploads\/2022\/01\/528ca82570809-300x225.jpeg 300w\" sizes=\"auto, (max-width: 640px) 100vw, 640px\" \/><\/a><\/figure><\/li><li class=\"blocks-gallery-item\"><figure><a href=\"http:\/\/qtmm.org\/wp-content\/uploads\/2022\/01\/528ca82675216.jpeg\"><img loading=\"lazy\" decoding=\"async\" width=\"640\" height=\"480\" src=\"http:\/\/qtmm.org\/wp-content\/uploads\/2022\/01\/528ca82675216.jpeg\" alt=\"\" data-id=\"40726\" data-full-url=\"http:\/\/qtmm.org\/wp-content\/uploads\/2022\/01\/528ca82675216.jpeg\" data-link=\"http:\/\/qtmm.org\/qt\/?attachment_id=40726\" class=\"wp-image-40726\" srcset=\"https:\/\/qtmm.org\/wp-content\/uploads\/2022\/01\/528ca82675216.jpeg 640w, https:\/\/qtmm.org\/wp-content\/uploads\/2022\/01\/528ca82675216-300x225.jpeg 300w\" sizes=\"auto, (max-width: 640px) 100vw, 640px\" \/><\/a><\/figure><\/li><li class=\"blocks-gallery-item\"><figure><a href=\"http:\/\/qtmm.org\/wp-content\/uploads\/2022\/01\/528ca82707490.jpeg\"><img loading=\"lazy\" decoding=\"async\" width=\"640\" height=\"480\" src=\"http:\/\/qtmm.org\/wp-content\/uploads\/2022\/01\/528ca82707490.jpeg\" alt=\"\" data-id=\"40730\" data-full-url=\"http:\/\/qtmm.org\/wp-content\/uploads\/2022\/01\/528ca82707490.jpeg\" data-link=\"http:\/\/qtmm.org\/qt\/?attachment_id=40730\" class=\"wp-image-40730\" srcset=\"https:\/\/qtmm.org\/wp-content\/uploads\/2022\/01\/528ca82707490.jpeg 640w, https:\/\/qtmm.org\/wp-content\/uploads\/2022\/01\/528ca82707490-300x225.jpeg 300w\" sizes=\"auto, (max-width: 640px) 100vw, 640px\" \/><\/a><\/figure><\/li><\/ul><\/figure>\n","protected":false},"excerpt":{"rendered":"<p>2013 senesi noyabr 15- 17 k\u00fcnleri Milliy Meclis reisi Refat \u00c7ubarov i\u015f ziyaretinen T\u00fcrkiyeni\u00f1 Eski\u015fehir \u015feerinde bulund\u0131. Q\u0131r\u0131m delegatsiyas\u0131na Ukraina halq deputat\u0131 Mustafa Cemilev, Meclis azalar\u0131 \u0130lmi \u00dcmerov, Gayana Y\u00fcksel, Ahtem \u00c7iygoz, Q\u0131r\u0131m musulmanlar\u0131n\u0131\u00f1 M\u00fcftisi hac\u0131 Emirali Ablayev, ATR telekanal\u0131n\u0131\u00f1 saibi Lenur \u0130sl\u00e2mov ve kanal hadimleri, QHA ba\u015f koordinator\u0131 \u0130smet Y\u00fcksel kirdiler. Noyabr 16-da k\u00fcnni\u00f1 [&hellip;]<\/p>\n","protected":false},"author":1,"featured_media":40629,"comment_status":"open","ping_status":"open","sticky":false,"template":"","format":"standard","meta":{"inline_featured_image":false,"footnotes":""},"categories":[265],"tags":[],"class_list":["post-40627","post","type-post","status-publish","format-standard","has-post-thumbnail","hentry","category-haberler"],"acf":[],"yoast_head":"<!-- This site is optimized with the Yoast SEO plugin v27.4 - https:\/\/yoast.com\/product\/yoast-seo-wordpress\/ -->\n<title>2013 senesi noyabr 15- 17 k\u00fcnleri Milliy Meclis reisi Refat \u00c7ubarov i\u015f ziyaretinen T\u00fcrkiyede bulund\u0131 - \u041c\u0435\u0434\u0436\u043b\u0456\u0441<\/title>\n<meta name=\"robots\" content=\"index, follow, max-snippet:-1, max-image-preview:large, max-video-preview:-1\" \/>\n<link rel=\"canonical\" href=\"https:\/\/qtmm.org\/qt\/2013-senesi-noyabr-15-17-kunleri-milliy-meclis-reisi-refat-cubarov-is-ziyaretinen-turkiyede-bulundi\/\" \/>\n<meta property=\"og:locale\" content=\"en_US\" \/>\n<meta property=\"og:type\" content=\"article\" \/>\n<meta property=\"og:title\" content=\"2013 senesi noyabr 15- 17 k\u00fcnleri Milliy Meclis reisi Refat \u00c7ubarov i\u015f ziyaretinen T\u00fcrkiyede bulund\u0131 - \u041c\u0435\u0434\u0436\u043b\u0456\u0441\" \/>\n<meta property=\"og:description\" content=\"2013 senesi noyabr 15- 17 k\u00fcnleri Milliy Meclis reisi Refat \u00c7ubarov i\u015f ziyaretinen T\u00fcrkiyeni\u00f1 Eski\u015fehir \u015feerinde bulund\u0131. Q\u0131r\u0131m delegatsiyas\u0131na Ukraina halq deputat\u0131 Mustafa Cemilev, Meclis azalar\u0131 \u0130lmi \u00dcmerov, Gayana Y\u00fcksel, Ahtem \u00c7iygoz, Q\u0131r\u0131m musulmanlar\u0131n\u0131\u00f1 M\u00fcftisi hac\u0131 Emirali Ablayev, ATR telekanal\u0131n\u0131\u00f1 saibi Lenur \u0130sl\u00e2mov ve kanal hadimleri, QHA ba\u015f koordinator\u0131 \u0130smet Y\u00fcksel kirdiler. Noyabr 16-da k\u00fcnni\u00f1 [&hellip;]\" \/>\n<meta property=\"og:url\" content=\"https:\/\/qtmm.org\/qt\/2013-senesi-noyabr-15-17-kunleri-milliy-meclis-reisi-refat-cubarov-is-ziyaretinen-turkiyede-bulundi\/\" \/>\n<meta property=\"og:site_name\" content=\"\u041c\u0435\u0434\u0436\u043b\u0456\u0441\" \/>\n<meta property=\"article:publisher\" content=\"https:\/\/www.facebook.com\/qtmm.info\/\" \/>\n<meta property=\"article:published_time\" content=\"2013-11-18T17:44:00+00:00\" \/>\n<meta property=\"article:modified_time\" content=\"2022-01-26T17:47:38+00:00\" \/>\n<meta property=\"og:image\" content=\"https:\/\/qtmm.org\/wp-content\/uploads\/2022\/01\/podpisanie_protokola_o_sotrudnichestve_text.jpeg\" \/>\n\t<meta property=\"og:image:width\" content=\"650\" \/>\n\t<meta property=\"og:image:height\" content=\"339\" \/>\n\t<meta property=\"og:image:type\" content=\"image\/jpeg\" \/>\n<meta name=\"author\" content=\"Developer\" \/>\n<meta name=\"twitter:card\" content=\"summary_large_image\" \/>\n<meta name=\"twitter:label1\" content=\"Written by\" \/>\n\t<meta name=\"twitter:data1\" content=\"Developer\" \/>\n\t<meta name=\"twitter:label2\" content=\"Est. reading time\" \/>\n\t<meta name=\"twitter:data2\" content=\"2 minutes\" \/>\n<script type=\"application\/ld+json\" class=\"yoast-schema-graph\">{\"@context\":\"https:\\\/\\\/schema.org\",\"@graph\":[{\"@type\":\"Article\",\"@id\":\"https:\\\/\\\/qtmm.org\\\/qt\\\/2013-senesi-noyabr-15-17-kunleri-milliy-meclis-reisi-refat-cubarov-is-ziyaretinen-turkiyede-bulundi\\\/#article\",\"isPartOf\":{\"@id\":\"https:\\\/\\\/qtmm.org\\\/qt\\\/2013-senesi-noyabr-15-17-kunleri-milliy-meclis-reisi-refat-cubarov-is-ziyaretinen-turkiyede-bulundi\\\/\"},\"author\":{\"name\":\"Developer\",\"@id\":\"https:\\\/\\\/qtmm.org\\\/qt\\\/#\\\/schema\\\/person\\\/de562469f971dec226ac06e60bbf74a7\"},\"headline\":\"2013 senesi noyabr 15- 17 k\u00fcnleri Milliy Meclis reisi Refat \u00c7ubarov i\u015f ziyaretinen T\u00fcrkiyede bulund\u0131\",\"datePublished\":\"2013-11-18T17:44:00+00:00\",\"dateModified\":\"2022-01-26T17:47:38+00:00\",\"mainEntityOfPage\":{\"@id\":\"https:\\\/\\\/qtmm.org\\\/qt\\\/2013-senesi-noyabr-15-17-kunleri-milliy-meclis-reisi-refat-cubarov-is-ziyaretinen-turkiyede-bulundi\\\/\"},\"wordCount\":358,\"commentCount\":0,\"publisher\":{\"@id\":\"https:\\\/\\\/qtmm.org\\\/qt\\\/#organization\"},\"image\":{\"@id\":\"https:\\\/\\\/qtmm.org\\\/qt\\\/2013-senesi-noyabr-15-17-kunleri-milliy-meclis-reisi-refat-cubarov-is-ziyaretinen-turkiyede-bulundi\\\/#primaryimage\"},\"thumbnailUrl\":\"https:\\\/\\\/qtmm.org\\\/wp-content\\\/uploads\\\/2022\\\/01\\\/podpisanie_protokola_o_sotrudnichestve_text.jpeg\",\"articleSection\":[\"Haberler\"],\"inLanguage\":\"qt\",\"potentialAction\":[{\"@type\":\"CommentAction\",\"name\":\"Comment\",\"target\":[\"https:\\\/\\\/qtmm.org\\\/qt\\\/2013-senesi-noyabr-15-17-kunleri-milliy-meclis-reisi-refat-cubarov-is-ziyaretinen-turkiyede-bulundi\\\/#respond\"]}]},{\"@type\":\"WebPage\",\"@id\":\"https:\\\/\\\/qtmm.org\\\/qt\\\/2013-senesi-noyabr-15-17-kunleri-milliy-meclis-reisi-refat-cubarov-is-ziyaretinen-turkiyede-bulundi\\\/\",\"url\":\"https:\\\/\\\/qtmm.org\\\/qt\\\/2013-senesi-noyabr-15-17-kunleri-milliy-meclis-reisi-refat-cubarov-is-ziyaretinen-turkiyede-bulundi\\\/\",\"name\":\"2013 senesi noyabr 15- 17 k\u00fcnleri Milliy Meclis reisi Refat \u00c7ubarov i\u015f ziyaretinen T\u00fcrkiyede bulund\u0131 - \u041c\u0435\u0434\u0436\u043b\u0456\u0441\",\"isPartOf\":{\"@id\":\"https:\\\/\\\/qtmm.org\\\/qt\\\/#website\"},\"primaryImageOfPage\":{\"@id\":\"https:\\\/\\\/qtmm.org\\\/qt\\\/2013-senesi-noyabr-15-17-kunleri-milliy-meclis-reisi-refat-cubarov-is-ziyaretinen-turkiyede-bulundi\\\/#primaryimage\"},\"image\":{\"@id\":\"https:\\\/\\\/qtmm.org\\\/qt\\\/2013-senesi-noyabr-15-17-kunleri-milliy-meclis-reisi-refat-cubarov-is-ziyaretinen-turkiyede-bulundi\\\/#primaryimage\"},\"thumbnailUrl\":\"https:\\\/\\\/qtmm.org\\\/wp-content\\\/uploads\\\/2022\\\/01\\\/podpisanie_protokola_o_sotrudnichestve_text.jpeg\",\"datePublished\":\"2013-11-18T17:44:00+00:00\",\"dateModified\":\"2022-01-26T17:47:38+00:00\",\"breadcrumb\":{\"@id\":\"https:\\\/\\\/qtmm.org\\\/qt\\\/2013-senesi-noyabr-15-17-kunleri-milliy-meclis-reisi-refat-cubarov-is-ziyaretinen-turkiyede-bulundi\\\/#breadcrumb\"},\"inLanguage\":\"qt\",\"potentialAction\":[{\"@type\":\"ReadAction\",\"target\":[\"https:\\\/\\\/qtmm.org\\\/qt\\\/2013-senesi-noyabr-15-17-kunleri-milliy-meclis-reisi-refat-cubarov-is-ziyaretinen-turkiyede-bulundi\\\/\"]}]},{\"@type\":\"ImageObject\",\"inLanguage\":\"qt\",\"@id\":\"https:\\\/\\\/qtmm.org\\\/qt\\\/2013-senesi-noyabr-15-17-kunleri-milliy-meclis-reisi-refat-cubarov-is-ziyaretinen-turkiyede-bulundi\\\/#primaryimage\",\"url\":\"https:\\\/\\\/qtmm.org\\\/wp-content\\\/uploads\\\/2022\\\/01\\\/podpisanie_protokola_o_sotrudnichestve_text.jpeg\",\"contentUrl\":\"https:\\\/\\\/qtmm.org\\\/wp-content\\\/uploads\\\/2022\\\/01\\\/podpisanie_protokola_o_sotrudnichestve_text.jpeg\",\"width\":650,\"height\":339},{\"@type\":\"BreadcrumbList\",\"@id\":\"https:\\\/\\\/qtmm.org\\\/qt\\\/2013-senesi-noyabr-15-17-kunleri-milliy-meclis-reisi-refat-cubarov-is-ziyaretinen-turkiyede-bulundi\\\/#breadcrumb\",\"itemListElement\":[{\"@type\":\"ListItem\",\"position\":1,\"name\":\"\u0413\u043e\u043b\u043e\u0432\u043d\u0430\",\"item\":\"https:\\\/\\\/qtmm.org\\\/qt\\\/\"},{\"@type\":\"ListItem\",\"position\":2,\"name\":\"2013 senesi noyabr 15- 17 k\u00fcnleri Milliy Meclis reisi Refat \u00c7ubarov i\u015f ziyaretinen T\u00fcrkiyede bulund\u0131\"}]},{\"@type\":\"WebSite\",\"@id\":\"https:\\\/\\\/qtmm.org\\\/qt\\\/#website\",\"url\":\"https:\\\/\\\/qtmm.org\\\/qt\\\/\",\"name\":\"\u041c\u0435\u0434\u0436\u043b\u0456\u0441\",\"description\":\"\",\"publisher\":{\"@id\":\"https:\\\/\\\/qtmm.org\\\/qt\\\/#organization\"},\"potentialAction\":[{\"@type\":\"SearchAction\",\"target\":{\"@type\":\"EntryPoint\",\"urlTemplate\":\"https:\\\/\\\/qtmm.org\\\/qt\\\/?s={search_term_string}\"},\"query-input\":{\"@type\":\"PropertyValueSpecification\",\"valueRequired\":true,\"valueName\":\"search_term_string\"}}],\"inLanguage\":\"qt\"},{\"@type\":\"Organization\",\"@id\":\"https:\\\/\\\/qtmm.org\\\/qt\\\/#organization\",\"name\":\"\u041c\u0435\u0434\u0436\u043b\u0456\u0441\",\"url\":\"https:\\\/\\\/qtmm.org\\\/qt\\\/\",\"logo\":{\"@type\":\"ImageObject\",\"inLanguage\":\"qt\",\"@id\":\"https:\\\/\\\/qtmm.org\\\/qt\\\/#\\\/schema\\\/logo\\\/image\\\/\",\"url\":\"https:\\\/\\\/qtmm.org\\\/wp-content\\\/uploads\\\/2024\\\/12\\\/ua-mejlis-logo-rgb.svg\",\"contentUrl\":\"https:\\\/\\\/qtmm.org\\\/wp-content\\\/uploads\\\/2024\\\/12\\\/ua-mejlis-logo-rgb.svg\",\"caption\":\"\u041c\u0435\u0434\u0436\u043b\u0456\u0441\"},\"image\":{\"@id\":\"https:\\\/\\\/qtmm.org\\\/qt\\\/#\\\/schema\\\/logo\\\/image\\\/\"},\"sameAs\":[\"https:\\\/\\\/www.facebook.com\\\/qtmm.info\\\/\"]},{\"@type\":\"Person\",\"@id\":\"https:\\\/\\\/qtmm.org\\\/qt\\\/#\\\/schema\\\/person\\\/de562469f971dec226ac06e60bbf74a7\",\"name\":\"Developer\",\"image\":{\"@type\":\"ImageObject\",\"inLanguage\":\"qt\",\"@id\":\"https:\\\/\\\/secure.gravatar.com\\\/avatar\\\/392b4cc8fbfeb00b39dfeeab4ee6edded39ffd48e25858637e4765810300227e?s=96&d=mm&r=g\",\"url\":\"https:\\\/\\\/secure.gravatar.com\\\/avatar\\\/392b4cc8fbfeb00b39dfeeab4ee6edded39ffd48e25858637e4765810300227e?s=96&d=mm&r=g\",\"contentUrl\":\"https:\\\/\\\/secure.gravatar.com\\\/avatar\\\/392b4cc8fbfeb00b39dfeeab4ee6edded39ffd48e25858637e4765810300227e?s=96&d=mm&r=g\",\"caption\":\"Developer\"},\"url\":\"https:\\\/\\\/qtmm.org\\\/qt\\\/author\\\/Developer\\\/\"}]}<\/script>\n<!-- \/ Yoast SEO plugin. -->","yoast_head_json":{"title":"2013 senesi noyabr 15- 17 k\u00fcnleri Milliy Meclis reisi Refat \u00c7ubarov i\u015f ziyaretinen T\u00fcrkiyede bulund\u0131 - \u041c\u0435\u0434\u0436\u043b\u0456\u0441","robots":{"index":"index","follow":"follow","max-snippet":"max-snippet:-1","max-image-preview":"max-image-preview:large","max-video-preview":"max-video-preview:-1"},"canonical":"https:\/\/qtmm.org\/qt\/2013-senesi-noyabr-15-17-kunleri-milliy-meclis-reisi-refat-cubarov-is-ziyaretinen-turkiyede-bulundi\/","og_locale":"en_US","og_type":"article","og_title":"2013 senesi noyabr 15- 17 k\u00fcnleri Milliy Meclis reisi Refat \u00c7ubarov i\u015f ziyaretinen T\u00fcrkiyede bulund\u0131 - \u041c\u0435\u0434\u0436\u043b\u0456\u0441","og_description":"2013 senesi noyabr 15- 17 k\u00fcnleri Milliy Meclis reisi Refat \u00c7ubarov i\u015f ziyaretinen T\u00fcrkiyeni\u00f1 Eski\u015fehir \u015feerinde bulund\u0131. Q\u0131r\u0131m delegatsiyas\u0131na Ukraina halq deputat\u0131 Mustafa Cemilev, Meclis azalar\u0131 \u0130lmi \u00dcmerov, Gayana Y\u00fcksel, Ahtem \u00c7iygoz, Q\u0131r\u0131m musulmanlar\u0131n\u0131\u00f1 M\u00fcftisi hac\u0131 Emirali Ablayev, ATR telekanal\u0131n\u0131\u00f1 saibi Lenur \u0130sl\u00e2mov ve kanal hadimleri, QHA ba\u015f koordinator\u0131 \u0130smet Y\u00fcksel kirdiler. Noyabr 16-da k\u00fcnni\u00f1 [&hellip;]","og_url":"https:\/\/qtmm.org\/qt\/2013-senesi-noyabr-15-17-kunleri-milliy-meclis-reisi-refat-cubarov-is-ziyaretinen-turkiyede-bulundi\/","og_site_name":"\u041c\u0435\u0434\u0436\u043b\u0456\u0441","article_publisher":"https:\/\/www.facebook.com\/qtmm.info\/","article_published_time":"2013-11-18T17:44:00+00:00","article_modified_time":"2022-01-26T17:47:38+00:00","og_image":[{"width":650,"height":339,"url":"https:\/\/qtmm.org\/wp-content\/uploads\/2022\/01\/podpisanie_protokola_o_sotrudnichestve_text.jpeg","type":"image\/jpeg"}],"author":"Developer","twitter_card":"summary_large_image","twitter_misc":{"Written by":"Developer","Est. reading time":"2 minutes"},"schema":{"@context":"https:\/\/schema.org","@graph":[{"@type":"Article","@id":"https:\/\/qtmm.org\/qt\/2013-senesi-noyabr-15-17-kunleri-milliy-meclis-reisi-refat-cubarov-is-ziyaretinen-turkiyede-bulundi\/#article","isPartOf":{"@id":"https:\/\/qtmm.org\/qt\/2013-senesi-noyabr-15-17-kunleri-milliy-meclis-reisi-refat-cubarov-is-ziyaretinen-turkiyede-bulundi\/"},"author":{"name":"Developer","@id":"https:\/\/qtmm.org\/qt\/#\/schema\/person\/de562469f971dec226ac06e60bbf74a7"},"headline":"2013 senesi noyabr 15- 17 k\u00fcnleri Milliy Meclis reisi Refat \u00c7ubarov i\u015f ziyaretinen T\u00fcrkiyede bulund\u0131","datePublished":"2013-11-18T17:44:00+00:00","dateModified":"2022-01-26T17:47:38+00:00","mainEntityOfPage":{"@id":"https:\/\/qtmm.org\/qt\/2013-senesi-noyabr-15-17-kunleri-milliy-meclis-reisi-refat-cubarov-is-ziyaretinen-turkiyede-bulundi\/"},"wordCount":358,"commentCount":0,"publisher":{"@id":"https:\/\/qtmm.org\/qt\/#organization"},"image":{"@id":"https:\/\/qtmm.org\/qt\/2013-senesi-noyabr-15-17-kunleri-milliy-meclis-reisi-refat-cubarov-is-ziyaretinen-turkiyede-bulundi\/#primaryimage"},"thumbnailUrl":"https:\/\/qtmm.org\/wp-content\/uploads\/2022\/01\/podpisanie_protokola_o_sotrudnichestve_text.jpeg","articleSection":["Haberler"],"inLanguage":"qt","potentialAction":[{"@type":"CommentAction","name":"Comment","target":["https:\/\/qtmm.org\/qt\/2013-senesi-noyabr-15-17-kunleri-milliy-meclis-reisi-refat-cubarov-is-ziyaretinen-turkiyede-bulundi\/#respond"]}]},{"@type":"WebPage","@id":"https:\/\/qtmm.org\/qt\/2013-senesi-noyabr-15-17-kunleri-milliy-meclis-reisi-refat-cubarov-is-ziyaretinen-turkiyede-bulundi\/","url":"https:\/\/qtmm.org\/qt\/2013-senesi-noyabr-15-17-kunleri-milliy-meclis-reisi-refat-cubarov-is-ziyaretinen-turkiyede-bulundi\/","name":"2013 senesi noyabr 15- 17 k\u00fcnleri Milliy Meclis reisi Refat \u00c7ubarov i\u015f ziyaretinen T\u00fcrkiyede bulund\u0131 - \u041c\u0435\u0434\u0436\u043b\u0456\u0441","isPartOf":{"@id":"https:\/\/qtmm.org\/qt\/#website"},"primaryImageOfPage":{"@id":"https:\/\/qtmm.org\/qt\/2013-senesi-noyabr-15-17-kunleri-milliy-meclis-reisi-refat-cubarov-is-ziyaretinen-turkiyede-bulundi\/#primaryimage"},"image":{"@id":"https:\/\/qtmm.org\/qt\/2013-senesi-noyabr-15-17-kunleri-milliy-meclis-reisi-refat-cubarov-is-ziyaretinen-turkiyede-bulundi\/#primaryimage"},"thumbnailUrl":"https:\/\/qtmm.org\/wp-content\/uploads\/2022\/01\/podpisanie_protokola_o_sotrudnichestve_text.jpeg","datePublished":"2013-11-18T17:44:00+00:00","dateModified":"2022-01-26T17:47:38+00:00","breadcrumb":{"@id":"https:\/\/qtmm.org\/qt\/2013-senesi-noyabr-15-17-kunleri-milliy-meclis-reisi-refat-cubarov-is-ziyaretinen-turkiyede-bulundi\/#breadcrumb"},"inLanguage":"qt","potentialAction":[{"@type":"ReadAction","target":["https:\/\/qtmm.org\/qt\/2013-senesi-noyabr-15-17-kunleri-milliy-meclis-reisi-refat-cubarov-is-ziyaretinen-turkiyede-bulundi\/"]}]},{"@type":"ImageObject","inLanguage":"qt","@id":"https:\/\/qtmm.org\/qt\/2013-senesi-noyabr-15-17-kunleri-milliy-meclis-reisi-refat-cubarov-is-ziyaretinen-turkiyede-bulundi\/#primaryimage","url":"https:\/\/qtmm.org\/wp-content\/uploads\/2022\/01\/podpisanie_protokola_o_sotrudnichestve_text.jpeg","contentUrl":"https:\/\/qtmm.org\/wp-content\/uploads\/2022\/01\/podpisanie_protokola_o_sotrudnichestve_text.jpeg","width":650,"height":339},{"@type":"BreadcrumbList","@id":"https:\/\/qtmm.org\/qt\/2013-senesi-noyabr-15-17-kunleri-milliy-meclis-reisi-refat-cubarov-is-ziyaretinen-turkiyede-bulundi\/#breadcrumb","itemListElement":[{"@type":"ListItem","position":1,"name":"\u0413\u043e\u043b\u043e\u0432\u043d\u0430","item":"https:\/\/qtmm.org\/qt\/"},{"@type":"ListItem","position":2,"name":"2013 senesi noyabr 15- 17 k\u00fcnleri Milliy Meclis reisi Refat \u00c7ubarov i\u015f ziyaretinen T\u00fcrkiyede bulund\u0131"}]},{"@type":"WebSite","@id":"https:\/\/qtmm.org\/qt\/#website","url":"https:\/\/qtmm.org\/qt\/","name":"\u041c\u0435\u0434\u0436\u043b\u0456\u0441","description":"","publisher":{"@id":"https:\/\/qtmm.org\/qt\/#organization"},"potentialAction":[{"@type":"SearchAction","target":{"@type":"EntryPoint","urlTemplate":"https:\/\/qtmm.org\/qt\/?s={search_term_string}"},"query-input":{"@type":"PropertyValueSpecification","valueRequired":true,"valueName":"search_term_string"}}],"inLanguage":"qt"},{"@type":"Organization","@id":"https:\/\/qtmm.org\/qt\/#organization","name":"\u041c\u0435\u0434\u0436\u043b\u0456\u0441","url":"https:\/\/qtmm.org\/qt\/","logo":{"@type":"ImageObject","inLanguage":"qt","@id":"https:\/\/qtmm.org\/qt\/#\/schema\/logo\/image\/","url":"https:\/\/qtmm.org\/wp-content\/uploads\/2024\/12\/ua-mejlis-logo-rgb.svg","contentUrl":"https:\/\/qtmm.org\/wp-content\/uploads\/2024\/12\/ua-mejlis-logo-rgb.svg","caption":"\u041c\u0435\u0434\u0436\u043b\u0456\u0441"},"image":{"@id":"https:\/\/qtmm.org\/qt\/#\/schema\/logo\/image\/"},"sameAs":["https:\/\/www.facebook.com\/qtmm.info\/"]},{"@type":"Person","@id":"https:\/\/qtmm.org\/qt\/#\/schema\/person\/de562469f971dec226ac06e60bbf74a7","name":"Developer","image":{"@type":"ImageObject","inLanguage":"qt","@id":"https:\/\/secure.gravatar.com\/avatar\/392b4cc8fbfeb00b39dfeeab4ee6edded39ffd48e25858637e4765810300227e?s=96&d=mm&r=g","url":"https:\/\/secure.gravatar.com\/avatar\/392b4cc8fbfeb00b39dfeeab4ee6edded39ffd48e25858637e4765810300227e?s=96&d=mm&r=g","contentUrl":"https:\/\/secure.gravatar.com\/avatar\/392b4cc8fbfeb00b39dfeeab4ee6edded39ffd48e25858637e4765810300227e?s=96&d=mm&r=g","caption":"Developer"},"url":"https:\/\/qtmm.org\/qt\/author\/Developer\/"}]}},"_links":{"self":[{"href":"https:\/\/qtmm.org\/qt\/wp-json\/wp\/v2\/posts\/40627","targetHints":{"allow":["GET"]}}],"collection":[{"href":"https:\/\/qtmm.org\/qt\/wp-json\/wp\/v2\/posts"}],"about":[{"href":"https:\/\/qtmm.org\/qt\/wp-json\/wp\/v2\/types\/post"}],"author":[{"embeddable":true,"href":"https:\/\/qtmm.org\/qt\/wp-json\/wp\/v2\/users\/1"}],"replies":[{"embeddable":true,"href":"https:\/\/qtmm.org\/qt\/wp-json\/wp\/v2\/comments?post=40627"}],"version-history":[{"count":1,"href":"https:\/\/qtmm.org\/qt\/wp-json\/wp\/v2\/posts\/40627\/revisions"}],"predecessor-version":[{"id":40734,"href":"https:\/\/qtmm.org\/qt\/wp-json\/wp\/v2\/posts\/40627\/revisions\/40734"}],"wp:featuredmedia":[{"embeddable":true,"href":"https:\/\/qtmm.org\/qt\/wp-json\/wp\/v2\/media\/40629"}],"wp:attachment":[{"href":"https:\/\/qtmm.org\/qt\/wp-json\/wp\/v2\/media?parent=40627"}],"wp:term":[{"taxonomy":"category","embeddable":true,"href":"https:\/\/qtmm.org\/qt\/wp-json\/wp\/v2\/categories?post=40627"},{"taxonomy":"post_tag","embeddable":true,"href":"https:\/\/qtmm.org\/qt\/wp-json\/wp\/v2\/tags?post=40627"}],"curies":[{"name":"wp","href":"https:\/\/api.w.org\/{rel}","templated":true}]}}