




{"id":40579,"date":"2013-11-18T20:42:00","date_gmt":"2013-11-18T17:42:00","guid":{"rendered":"http:\/\/qtmm.org\/?p=40579"},"modified":"2022-01-26T20:44:45","modified_gmt":"2022-01-26T17:44:45","slug":"meclis-reisi-refat-cubarov-abduraim-demirayaqnin-sahsiy-numizmatik-kollektsionini-bagcasaray-qorugina-bagislav-merasiminde-istirak-etti","status":"publish","type":"post","link":"https:\/\/qtmm.org\/qt\/meclis-reisi-refat-cubarov-abduraim-demirayaqnin-sahsiy-numizmatik-kollektsionini-bagcasaray-qorugina-bagislav-merasiminde-istirak-etti\/","title":{"rendered":"Meclis reisi Refat \u00c7ubarov Abduraim Demirayaqn\u0131\u00f1 \u015fahsiy numizmatik kollektsion\u0131n\u0131 Ba\u011f\u00e7asaray qoru\u011f\u0131na ba\u011f\u0131\u015flav merasiminde i\u015ftirak etti"},"content":{"rendered":"\n<p>2013 senesi noyabr 18 k\u00fcn\u00fc Ba\u011f\u00e7asarayda Hansarayda Abduraim Demirayaq \u015fahsiy numizmatik kollektsion\u0131n\u0131 Ba\u011f\u00e7asaray qoru\u011f\u0131na ba\u011f\u0131\u015flav merasimi ol\u0131p ke\u00e7ti.<\/p>\n\n\n\n<figure class=\"wp-block-image size-full\"><img loading=\"lazy\" decoding=\"async\" width=\"650\" height=\"351\" src=\"http:\/\/qtmm.org\/wp-content\/uploads\/2022\/01\/arvi0073.jpeg\" alt=\"\" class=\"wp-image-40582\" srcset=\"https:\/\/qtmm.org\/wp-content\/uploads\/2022\/01\/arvi0073.jpeg 650w, https:\/\/qtmm.org\/wp-content\/uploads\/2022\/01\/arvi0073-300x162.jpeg 300w\" sizes=\"auto, (max-width: 650px) 100vw, 650px\" \/><\/figure>\n\n\n\n<p>Numizmat, arheolog ve hay\u0131rsever Abduraim Demirayaq 60 y\u0131l devam\u0131nda topla\u011fan q\u0131ymeti \u00f6l\u00e7\u00fcsiz paralar kollektsion\u0131n\u0131 Ba\u011f\u00e7asaray qoru\u011f\u0131na ediye etti. Demirayaqn\u0131\u00f1 aytqan\u0131na k\u00f6re kollektsion\u011fa 137 kapik kire, olarn\u0131\u00f1 aras\u0131nda Q\u0131r\u0131m hanl\u0131\u011f\u0131n\u0131\u00f1 unikal kapikleri, bun\u0131\u00f1 kibi de diger qadimiy devletler, c\u00fcmleden Q\u0131tayn\u0131\u00f1 Min s\u00fcl\u00e2lesini\u00f1 tek Britaniya m\u00fczeyinde bulun\u011fan kapikleri de bar.<\/p>\n\n\n\n<figure class=\"wp-block-image size-full\"><img loading=\"lazy\" decoding=\"async\" width=\"650\" height=\"345\" src=\"http:\/\/qtmm.org\/wp-content\/uploads\/2022\/01\/arvi0092.jpeg\" alt=\"\" class=\"wp-image-40586\" srcset=\"https:\/\/qtmm.org\/wp-content\/uploads\/2022\/01\/arvi0092.jpeg 650w, https:\/\/qtmm.org\/wp-content\/uploads\/2022\/01\/arvi0092-300x159.jpeg 300w\" sizes=\"auto, (max-width: 650px) 100vw, 650px\" \/><\/figure>\n\n\n\n<p>Kollektsionn\u0131\u00f1 \u0130ndstan q\u0131sm\u0131 unikal ve d\u00fcnyada eq ufaq alt\u0131n kapikler, bun\u0131\u00f1 kibi de Ulu Mo\u011follar devrine ait kapiklerden ibarettir. Kollektsionc\u0131 qoruqqa \u00f6z kollektsion\u0131n\u0131\u00f1 \u011furur\u0131 ol\u011fan 2400 y\u0131ll\u0131q fars tun\u00e7 kapigini de berdi. Kapik \u00fczerinde padi\u015fa Dariy elinde mizraq ile tasvirlengen.<\/p>\n\n\n\n<figure class=\"wp-block-image size-full\"><img loading=\"lazy\" decoding=\"async\" width=\"650\" height=\"403\" src=\"http:\/\/qtmm.org\/wp-content\/uploads\/2022\/01\/arvi0103.jpeg\" alt=\"\" class=\"wp-image-40591\" srcset=\"https:\/\/qtmm.org\/wp-content\/uploads\/2022\/01\/arvi0103.jpeg 650w, https:\/\/qtmm.org\/wp-content\/uploads\/2022\/01\/arvi0103-300x186.jpeg 300w\" sizes=\"auto, (max-width: 650px) 100vw, 650px\" \/><\/figure>\n\n\n\n<p>Tantanal\u0131 merasimde Milliy Meclis reisi Refat \u00c7ubarov, Ba\u011f\u00e7asaray rayon devlet memuriyetini\u00f1 ba\u015f\u0131, Meclis azas\u0131 \u0130lmiy \u00dcmerov, Ba\u011f\u00e7asaray tarihiy-medeniy qoruqn\u0131\u00f1 ba\u015f direktor\u0131 Valeriy Naumenko, QMPU rektor\u0131 Fevzi Yaqubov, Ba\u011f\u00e7asaray rayon \u015furas\u0131n\u0131\u00f1 reisi Valentina Kra\u015fkina, Q\u0131r\u0131m Medeniyet nazirligi vekilleri ve Ba\u011f\u00e7asaray qoru\u011f\u0131n\u0131\u00f1 hadimleri, cemaat\u00e7\u0131l\u0131q i\u015ftirak ettiler.<\/p>\n\n\n\n<figure class=\"wp-block-image size-full\"><img loading=\"lazy\" decoding=\"async\" width=\"650\" height=\"372\" src=\"http:\/\/qtmm.org\/wp-content\/uploads\/2022\/01\/arvi0116.jpeg\" alt=\"\" class=\"wp-image-40596\" srcset=\"https:\/\/qtmm.org\/wp-content\/uploads\/2022\/01\/arvi0116.jpeg 650w, https:\/\/qtmm.org\/wp-content\/uploads\/2022\/01\/arvi0116-300x172.jpeg 300w\" sizes=\"auto, (max-width: 650px) 100vw, 650px\" \/><\/figure>\n\n\n\n<p>Hat\u0131rlatam\u0131z ki, 1997 senesi Ba\u011f\u00e7asaray m\u00fczeyini\u00f1 80 y\u0131ll\u0131\u011f\u0131na Abduraim Demirayaq qoruqqa 195 nesne: Q\u0131r\u0131m hanl\u0131\u011f\u0131, Alt\u0131n Orda devrine ait kapikler kollektsion\u0131 ve avropa medallerini bah\u015f\u0131\u015f etken edi.<\/p>\n\n\n\n<figure class=\"wp-block-image size-full\"><img loading=\"lazy\" decoding=\"async\" width=\"650\" height=\"446\" src=\"http:\/\/qtmm.org\/wp-content\/uploads\/2022\/01\/arvi0128.jpeg\" alt=\"\" class=\"wp-image-40601\" srcset=\"https:\/\/qtmm.org\/wp-content\/uploads\/2022\/01\/arvi0128.jpeg 650w, https:\/\/qtmm.org\/wp-content\/uploads\/2022\/01\/arvi0128-300x206.jpeg 300w\" sizes=\"auto, (max-width: 650px) 100vw, 650px\" \/><\/figure>\n\n\n\n<figure class=\"wp-block-image size-full\"><img loading=\"lazy\" decoding=\"async\" width=\"650\" height=\"391\" src=\"http:\/\/qtmm.org\/wp-content\/uploads\/2022\/01\/arvi0132.jpeg\" alt=\"\" class=\"wp-image-40605\" srcset=\"https:\/\/qtmm.org\/wp-content\/uploads\/2022\/01\/arvi0132.jpeg 650w, https:\/\/qtmm.org\/wp-content\/uploads\/2022\/01\/arvi0132-300x180.jpeg 300w\" sizes=\"auto, (max-width: 650px) 100vw, 650px\" \/><\/figure>\n\n\n\n<figure class=\"wp-block-image size-full\"><img loading=\"lazy\" decoding=\"async\" width=\"650\" height=\"379\" src=\"http:\/\/qtmm.org\/wp-content\/uploads\/2022\/01\/arvi0152.jpeg\" alt=\"\" class=\"wp-image-40610\" srcset=\"https:\/\/qtmm.org\/wp-content\/uploads\/2022\/01\/arvi0152.jpeg 650w, https:\/\/qtmm.org\/wp-content\/uploads\/2022\/01\/arvi0152-300x175.jpeg 300w\" sizes=\"auto, (max-width: 650px) 100vw, 650px\" \/><\/figure>\n\n\n\n<figure class=\"wp-block-image size-full\"><img loading=\"lazy\" decoding=\"async\" width=\"650\" height=\"373\" src=\"http:\/\/qtmm.org\/wp-content\/uploads\/2022\/01\/arvi0155.jpeg\" alt=\"\" class=\"wp-image-40614\" srcset=\"https:\/\/qtmm.org\/wp-content\/uploads\/2022\/01\/arvi0155.jpeg 650w, https:\/\/qtmm.org\/wp-content\/uploads\/2022\/01\/arvi0155-300x172.jpeg 300w\" sizes=\"auto, (max-width: 650px) 100vw, 650px\" \/><\/figure>\n\n\n\n<p class=\"has-text-align-right\"><em><strong>Foto: Arvidas \u015eEMETASn\u0131\u00f1<\/strong><\/em><\/p>\n","protected":false},"excerpt":{"rendered":"<p>2013 senesi noyabr 18 k\u00fcn\u00fc Ba\u011f\u00e7asarayda Hansarayda Abduraim Demirayaq \u015fahsiy numizmatik kollektsion\u0131n\u0131 Ba\u011f\u00e7asaray qoru\u011f\u0131na ba\u011f\u0131\u015flav merasimi ol\u0131p ke\u00e7ti. Numizmat, arheolog ve hay\u0131rsever Abduraim Demirayaq 60 y\u0131l devam\u0131nda topla\u011fan q\u0131ymeti \u00f6l\u00e7\u00fcsiz paralar kollektsion\u0131n\u0131 Ba\u011f\u00e7asaray qoru\u011f\u0131na ediye etti. Demirayaqn\u0131\u00f1 aytqan\u0131na k\u00f6re kollektsion\u011fa 137 kapik kire, olarn\u0131\u00f1 aras\u0131nda Q\u0131r\u0131m hanl\u0131\u011f\u0131n\u0131\u00f1 unikal kapikleri, bun\u0131\u00f1 kibi de diger qadimiy devletler, [&hellip;]<\/p>\n","protected":false},"author":1,"featured_media":0,"comment_status":"open","ping_status":"open","sticky":false,"template":"","format":"standard","meta":{"inline_featured_image":false,"footnotes":""},"categories":[265],"tags":[],"class_list":["post-40579","post","type-post","status-publish","format-standard","hentry","category-haberler"],"acf":[],"yoast_head":"<!-- This site is optimized with the Yoast SEO plugin v27.4 - https:\/\/yoast.com\/product\/yoast-seo-wordpress\/ -->\n<title>Meclis reisi Refat \u00c7ubarov Abduraim Demirayaqn\u0131\u00f1 \u015fahsiy numizmatik kollektsion\u0131n\u0131 Ba\u011f\u00e7asaray qoru\u011f\u0131na ba\u011f\u0131\u015flav merasiminde i\u015ftirak etti - \u041c\u0435\u0434\u0436\u043b\u0456\u0441<\/title>\n<meta name=\"robots\" content=\"index, follow, max-snippet:-1, max-image-preview:large, max-video-preview:-1\" \/>\n<link rel=\"canonical\" href=\"https:\/\/qtmm.org\/qt\/meclis-reisi-refat-cubarov-abduraim-demirayaqnin-sahsiy-numizmatik-kollektsionini-bagcasaray-qorugina-bagislav-merasiminde-istirak-etti\/\" \/>\n<meta property=\"og:locale\" content=\"en_US\" \/>\n<meta property=\"og:type\" content=\"article\" \/>\n<meta property=\"og:title\" content=\"Meclis reisi Refat \u00c7ubarov Abduraim Demirayaqn\u0131\u00f1 \u015fahsiy numizmatik kollektsion\u0131n\u0131 Ba\u011f\u00e7asaray qoru\u011f\u0131na ba\u011f\u0131\u015flav merasiminde i\u015ftirak etti - \u041c\u0435\u0434\u0436\u043b\u0456\u0441\" \/>\n<meta property=\"og:description\" content=\"2013 senesi noyabr 18 k\u00fcn\u00fc Ba\u011f\u00e7asarayda Hansarayda Abduraim Demirayaq \u015fahsiy numizmatik kollektsion\u0131n\u0131 Ba\u011f\u00e7asaray qoru\u011f\u0131na ba\u011f\u0131\u015flav merasimi ol\u0131p ke\u00e7ti. Numizmat, arheolog ve hay\u0131rsever Abduraim Demirayaq 60 y\u0131l devam\u0131nda topla\u011fan q\u0131ymeti \u00f6l\u00e7\u00fcsiz paralar kollektsion\u0131n\u0131 Ba\u011f\u00e7asaray qoru\u011f\u0131na ediye etti. Demirayaqn\u0131\u00f1 aytqan\u0131na k\u00f6re kollektsion\u011fa 137 kapik kire, olarn\u0131\u00f1 aras\u0131nda Q\u0131r\u0131m hanl\u0131\u011f\u0131n\u0131\u00f1 unikal kapikleri, bun\u0131\u00f1 kibi de diger qadimiy devletler, [&hellip;]\" \/>\n<meta property=\"og:url\" content=\"https:\/\/qtmm.org\/qt\/meclis-reisi-refat-cubarov-abduraim-demirayaqnin-sahsiy-numizmatik-kollektsionini-bagcasaray-qorugina-bagislav-merasiminde-istirak-etti\/\" \/>\n<meta property=\"og:site_name\" content=\"\u041c\u0435\u0434\u0436\u043b\u0456\u0441\" \/>\n<meta property=\"article:publisher\" content=\"https:\/\/www.facebook.com\/qtmm.info\/\" \/>\n<meta property=\"article:published_time\" content=\"2013-11-18T17:42:00+00:00\" \/>\n<meta property=\"article:modified_time\" content=\"2022-01-26T17:44:45+00:00\" \/>\n<meta property=\"og:image\" content=\"https:\/\/qtmm.org\/wp-content\/uploads\/2022\/01\/arvi0073.jpeg\" \/>\n\t<meta property=\"og:image:width\" content=\"650\" \/>\n\t<meta property=\"og:image:height\" content=\"351\" \/>\n\t<meta property=\"og:image:type\" content=\"image\/jpeg\" \/>\n<meta name=\"author\" content=\"Developer\" \/>\n<meta name=\"twitter:card\" content=\"summary_large_image\" \/>\n<meta name=\"twitter:label1\" content=\"Written by\" \/>\n\t<meta name=\"twitter:data1\" content=\"Developer\" \/>\n\t<meta name=\"twitter:label2\" content=\"Est. reading time\" \/>\n\t<meta name=\"twitter:data2\" content=\"1 minute\" \/>\n<script type=\"application\/ld+json\" class=\"yoast-schema-graph\">{\"@context\":\"https:\\\/\\\/schema.org\",\"@graph\":[{\"@type\":\"Article\",\"@id\":\"https:\\\/\\\/qtmm.org\\\/qt\\\/meclis-reisi-refat-cubarov-abduraim-demirayaqnin-sahsiy-numizmatik-kollektsionini-bagcasaray-qorugina-bagislav-merasiminde-istirak-etti\\\/#article\",\"isPartOf\":{\"@id\":\"https:\\\/\\\/qtmm.org\\\/qt\\\/meclis-reisi-refat-cubarov-abduraim-demirayaqnin-sahsiy-numizmatik-kollektsionini-bagcasaray-qorugina-bagislav-merasiminde-istirak-etti\\\/\"},\"author\":{\"name\":\"Developer\",\"@id\":\"https:\\\/\\\/qtmm.org\\\/qt\\\/#\\\/schema\\\/person\\\/de562469f971dec226ac06e60bbf74a7\"},\"headline\":\"Meclis reisi Refat \u00c7ubarov Abduraim Demirayaqn\u0131\u00f1 \u015fahsiy numizmatik kollektsion\u0131n\u0131 Ba\u011f\u00e7asaray qoru\u011f\u0131na ba\u011f\u0131\u015flav merasiminde i\u015ftirak etti\",\"datePublished\":\"2013-11-18T17:42:00+00:00\",\"dateModified\":\"2022-01-26T17:44:45+00:00\",\"mainEntityOfPage\":{\"@id\":\"https:\\\/\\\/qtmm.org\\\/qt\\\/meclis-reisi-refat-cubarov-abduraim-demirayaqnin-sahsiy-numizmatik-kollektsionini-bagcasaray-qorugina-bagislav-merasiminde-istirak-etti\\\/\"},\"wordCount\":252,\"commentCount\":0,\"publisher\":{\"@id\":\"https:\\\/\\\/qtmm.org\\\/qt\\\/#organization\"},\"image\":{\"@id\":\"https:\\\/\\\/qtmm.org\\\/qt\\\/meclis-reisi-refat-cubarov-abduraim-demirayaqnin-sahsiy-numizmatik-kollektsionini-bagcasaray-qorugina-bagislav-merasiminde-istirak-etti\\\/#primaryimage\"},\"thumbnailUrl\":\"http:\\\/\\\/qtmm.org\\\/wp-content\\\/uploads\\\/2022\\\/01\\\/arvi0073.jpeg\",\"articleSection\":[\"Haberler\"],\"inLanguage\":\"qt\",\"potentialAction\":[{\"@type\":\"CommentAction\",\"name\":\"Comment\",\"target\":[\"https:\\\/\\\/qtmm.org\\\/qt\\\/meclis-reisi-refat-cubarov-abduraim-demirayaqnin-sahsiy-numizmatik-kollektsionini-bagcasaray-qorugina-bagislav-merasiminde-istirak-etti\\\/#respond\"]}]},{\"@type\":\"WebPage\",\"@id\":\"https:\\\/\\\/qtmm.org\\\/qt\\\/meclis-reisi-refat-cubarov-abduraim-demirayaqnin-sahsiy-numizmatik-kollektsionini-bagcasaray-qorugina-bagislav-merasiminde-istirak-etti\\\/\",\"url\":\"https:\\\/\\\/qtmm.org\\\/qt\\\/meclis-reisi-refat-cubarov-abduraim-demirayaqnin-sahsiy-numizmatik-kollektsionini-bagcasaray-qorugina-bagislav-merasiminde-istirak-etti\\\/\",\"name\":\"Meclis reisi Refat \u00c7ubarov Abduraim Demirayaqn\u0131\u00f1 \u015fahsiy numizmatik kollektsion\u0131n\u0131 Ba\u011f\u00e7asaray qoru\u011f\u0131na ba\u011f\u0131\u015flav merasiminde i\u015ftirak etti - \u041c\u0435\u0434\u0436\u043b\u0456\u0441\",\"isPartOf\":{\"@id\":\"https:\\\/\\\/qtmm.org\\\/qt\\\/#website\"},\"primaryImageOfPage\":{\"@id\":\"https:\\\/\\\/qtmm.org\\\/qt\\\/meclis-reisi-refat-cubarov-abduraim-demirayaqnin-sahsiy-numizmatik-kollektsionini-bagcasaray-qorugina-bagislav-merasiminde-istirak-etti\\\/#primaryimage\"},\"image\":{\"@id\":\"https:\\\/\\\/qtmm.org\\\/qt\\\/meclis-reisi-refat-cubarov-abduraim-demirayaqnin-sahsiy-numizmatik-kollektsionini-bagcasaray-qorugina-bagislav-merasiminde-istirak-etti\\\/#primaryimage\"},\"thumbnailUrl\":\"http:\\\/\\\/qtmm.org\\\/wp-content\\\/uploads\\\/2022\\\/01\\\/arvi0073.jpeg\",\"datePublished\":\"2013-11-18T17:42:00+00:00\",\"dateModified\":\"2022-01-26T17:44:45+00:00\",\"breadcrumb\":{\"@id\":\"https:\\\/\\\/qtmm.org\\\/qt\\\/meclis-reisi-refat-cubarov-abduraim-demirayaqnin-sahsiy-numizmatik-kollektsionini-bagcasaray-qorugina-bagislav-merasiminde-istirak-etti\\\/#breadcrumb\"},\"inLanguage\":\"qt\",\"potentialAction\":[{\"@type\":\"ReadAction\",\"target\":[\"https:\\\/\\\/qtmm.org\\\/qt\\\/meclis-reisi-refat-cubarov-abduraim-demirayaqnin-sahsiy-numizmatik-kollektsionini-bagcasaray-qorugina-bagislav-merasiminde-istirak-etti\\\/\"]}]},{\"@type\":\"ImageObject\",\"inLanguage\":\"qt\",\"@id\":\"https:\\\/\\\/qtmm.org\\\/qt\\\/meclis-reisi-refat-cubarov-abduraim-demirayaqnin-sahsiy-numizmatik-kollektsionini-bagcasaray-qorugina-bagislav-merasiminde-istirak-etti\\\/#primaryimage\",\"url\":\"http:\\\/\\\/qtmm.org\\\/wp-content\\\/uploads\\\/2022\\\/01\\\/arvi0073.jpeg\",\"contentUrl\":\"http:\\\/\\\/qtmm.org\\\/wp-content\\\/uploads\\\/2022\\\/01\\\/arvi0073.jpeg\"},{\"@type\":\"BreadcrumbList\",\"@id\":\"https:\\\/\\\/qtmm.org\\\/qt\\\/meclis-reisi-refat-cubarov-abduraim-demirayaqnin-sahsiy-numizmatik-kollektsionini-bagcasaray-qorugina-bagislav-merasiminde-istirak-etti\\\/#breadcrumb\",\"itemListElement\":[{\"@type\":\"ListItem\",\"position\":1,\"name\":\"\u0413\u043e\u043b\u043e\u0432\u043d\u0430\",\"item\":\"https:\\\/\\\/qtmm.org\\\/qt\\\/\"},{\"@type\":\"ListItem\",\"position\":2,\"name\":\"Meclis reisi Refat \u00c7ubarov Abduraim Demirayaqn\u0131\u00f1 \u015fahsiy numizmatik kollektsion\u0131n\u0131 Ba\u011f\u00e7asaray qoru\u011f\u0131na ba\u011f\u0131\u015flav merasiminde i\u015ftirak etti\"}]},{\"@type\":\"WebSite\",\"@id\":\"https:\\\/\\\/qtmm.org\\\/qt\\\/#website\",\"url\":\"https:\\\/\\\/qtmm.org\\\/qt\\\/\",\"name\":\"\u041c\u0435\u0434\u0436\u043b\u0456\u0441\",\"description\":\"\",\"publisher\":{\"@id\":\"https:\\\/\\\/qtmm.org\\\/qt\\\/#organization\"},\"potentialAction\":[{\"@type\":\"SearchAction\",\"target\":{\"@type\":\"EntryPoint\",\"urlTemplate\":\"https:\\\/\\\/qtmm.org\\\/qt\\\/?s={search_term_string}\"},\"query-input\":{\"@type\":\"PropertyValueSpecification\",\"valueRequired\":true,\"valueName\":\"search_term_string\"}}],\"inLanguage\":\"qt\"},{\"@type\":\"Organization\",\"@id\":\"https:\\\/\\\/qtmm.org\\\/qt\\\/#organization\",\"name\":\"\u041c\u0435\u0434\u0436\u043b\u0456\u0441\",\"url\":\"https:\\\/\\\/qtmm.org\\\/qt\\\/\",\"logo\":{\"@type\":\"ImageObject\",\"inLanguage\":\"qt\",\"@id\":\"https:\\\/\\\/qtmm.org\\\/qt\\\/#\\\/schema\\\/logo\\\/image\\\/\",\"url\":\"https:\\\/\\\/qtmm.org\\\/wp-content\\\/uploads\\\/2024\\\/12\\\/ua-mejlis-logo-rgb.svg\",\"contentUrl\":\"https:\\\/\\\/qtmm.org\\\/wp-content\\\/uploads\\\/2024\\\/12\\\/ua-mejlis-logo-rgb.svg\",\"caption\":\"\u041c\u0435\u0434\u0436\u043b\u0456\u0441\"},\"image\":{\"@id\":\"https:\\\/\\\/qtmm.org\\\/qt\\\/#\\\/schema\\\/logo\\\/image\\\/\"},\"sameAs\":[\"https:\\\/\\\/www.facebook.com\\\/qtmm.info\\\/\"]},{\"@type\":\"Person\",\"@id\":\"https:\\\/\\\/qtmm.org\\\/qt\\\/#\\\/schema\\\/person\\\/de562469f971dec226ac06e60bbf74a7\",\"name\":\"Developer\",\"image\":{\"@type\":\"ImageObject\",\"inLanguage\":\"qt\",\"@id\":\"https:\\\/\\\/secure.gravatar.com\\\/avatar\\\/392b4cc8fbfeb00b39dfeeab4ee6edded39ffd48e25858637e4765810300227e?s=96&d=mm&r=g\",\"url\":\"https:\\\/\\\/secure.gravatar.com\\\/avatar\\\/392b4cc8fbfeb00b39dfeeab4ee6edded39ffd48e25858637e4765810300227e?s=96&d=mm&r=g\",\"contentUrl\":\"https:\\\/\\\/secure.gravatar.com\\\/avatar\\\/392b4cc8fbfeb00b39dfeeab4ee6edded39ffd48e25858637e4765810300227e?s=96&d=mm&r=g\",\"caption\":\"Developer\"},\"url\":\"https:\\\/\\\/qtmm.org\\\/qt\\\/author\\\/Developer\\\/\"}]}<\/script>\n<!-- \/ Yoast SEO plugin. -->","yoast_head_json":{"title":"Meclis reisi Refat \u00c7ubarov Abduraim Demirayaqn\u0131\u00f1 \u015fahsiy numizmatik kollektsion\u0131n\u0131 Ba\u011f\u00e7asaray qoru\u011f\u0131na ba\u011f\u0131\u015flav merasiminde i\u015ftirak etti - \u041c\u0435\u0434\u0436\u043b\u0456\u0441","robots":{"index":"index","follow":"follow","max-snippet":"max-snippet:-1","max-image-preview":"max-image-preview:large","max-video-preview":"max-video-preview:-1"},"canonical":"https:\/\/qtmm.org\/qt\/meclis-reisi-refat-cubarov-abduraim-demirayaqnin-sahsiy-numizmatik-kollektsionini-bagcasaray-qorugina-bagislav-merasiminde-istirak-etti\/","og_locale":"en_US","og_type":"article","og_title":"Meclis reisi Refat \u00c7ubarov Abduraim Demirayaqn\u0131\u00f1 \u015fahsiy numizmatik kollektsion\u0131n\u0131 Ba\u011f\u00e7asaray qoru\u011f\u0131na ba\u011f\u0131\u015flav merasiminde i\u015ftirak etti - \u041c\u0435\u0434\u0436\u043b\u0456\u0441","og_description":"2013 senesi noyabr 18 k\u00fcn\u00fc Ba\u011f\u00e7asarayda Hansarayda Abduraim Demirayaq \u015fahsiy numizmatik kollektsion\u0131n\u0131 Ba\u011f\u00e7asaray qoru\u011f\u0131na ba\u011f\u0131\u015flav merasimi ol\u0131p ke\u00e7ti. Numizmat, arheolog ve hay\u0131rsever Abduraim Demirayaq 60 y\u0131l devam\u0131nda topla\u011fan q\u0131ymeti \u00f6l\u00e7\u00fcsiz paralar kollektsion\u0131n\u0131 Ba\u011f\u00e7asaray qoru\u011f\u0131na ediye etti. Demirayaqn\u0131\u00f1 aytqan\u0131na k\u00f6re kollektsion\u011fa 137 kapik kire, olarn\u0131\u00f1 aras\u0131nda Q\u0131r\u0131m hanl\u0131\u011f\u0131n\u0131\u00f1 unikal kapikleri, bun\u0131\u00f1 kibi de diger qadimiy devletler, [&hellip;]","og_url":"https:\/\/qtmm.org\/qt\/meclis-reisi-refat-cubarov-abduraim-demirayaqnin-sahsiy-numizmatik-kollektsionini-bagcasaray-qorugina-bagislav-merasiminde-istirak-etti\/","og_site_name":"\u041c\u0435\u0434\u0436\u043b\u0456\u0441","article_publisher":"https:\/\/www.facebook.com\/qtmm.info\/","article_published_time":"2013-11-18T17:42:00+00:00","article_modified_time":"2022-01-26T17:44:45+00:00","og_image":[{"width":650,"height":351,"url":"https:\/\/qtmm.org\/wp-content\/uploads\/2022\/01\/arvi0073.jpeg","type":"image\/jpeg"}],"author":"Developer","twitter_card":"summary_large_image","twitter_misc":{"Written by":"Developer","Est. reading time":"1 minute"},"schema":{"@context":"https:\/\/schema.org","@graph":[{"@type":"Article","@id":"https:\/\/qtmm.org\/qt\/meclis-reisi-refat-cubarov-abduraim-demirayaqnin-sahsiy-numizmatik-kollektsionini-bagcasaray-qorugina-bagislav-merasiminde-istirak-etti\/#article","isPartOf":{"@id":"https:\/\/qtmm.org\/qt\/meclis-reisi-refat-cubarov-abduraim-demirayaqnin-sahsiy-numizmatik-kollektsionini-bagcasaray-qorugina-bagislav-merasiminde-istirak-etti\/"},"author":{"name":"Developer","@id":"https:\/\/qtmm.org\/qt\/#\/schema\/person\/de562469f971dec226ac06e60bbf74a7"},"headline":"Meclis reisi Refat \u00c7ubarov Abduraim Demirayaqn\u0131\u00f1 \u015fahsiy numizmatik kollektsion\u0131n\u0131 Ba\u011f\u00e7asaray qoru\u011f\u0131na ba\u011f\u0131\u015flav merasiminde i\u015ftirak etti","datePublished":"2013-11-18T17:42:00+00:00","dateModified":"2022-01-26T17:44:45+00:00","mainEntityOfPage":{"@id":"https:\/\/qtmm.org\/qt\/meclis-reisi-refat-cubarov-abduraim-demirayaqnin-sahsiy-numizmatik-kollektsionini-bagcasaray-qorugina-bagislav-merasiminde-istirak-etti\/"},"wordCount":252,"commentCount":0,"publisher":{"@id":"https:\/\/qtmm.org\/qt\/#organization"},"image":{"@id":"https:\/\/qtmm.org\/qt\/meclis-reisi-refat-cubarov-abduraim-demirayaqnin-sahsiy-numizmatik-kollektsionini-bagcasaray-qorugina-bagislav-merasiminde-istirak-etti\/#primaryimage"},"thumbnailUrl":"http:\/\/qtmm.org\/wp-content\/uploads\/2022\/01\/arvi0073.jpeg","articleSection":["Haberler"],"inLanguage":"qt","potentialAction":[{"@type":"CommentAction","name":"Comment","target":["https:\/\/qtmm.org\/qt\/meclis-reisi-refat-cubarov-abduraim-demirayaqnin-sahsiy-numizmatik-kollektsionini-bagcasaray-qorugina-bagislav-merasiminde-istirak-etti\/#respond"]}]},{"@type":"WebPage","@id":"https:\/\/qtmm.org\/qt\/meclis-reisi-refat-cubarov-abduraim-demirayaqnin-sahsiy-numizmatik-kollektsionini-bagcasaray-qorugina-bagislav-merasiminde-istirak-etti\/","url":"https:\/\/qtmm.org\/qt\/meclis-reisi-refat-cubarov-abduraim-demirayaqnin-sahsiy-numizmatik-kollektsionini-bagcasaray-qorugina-bagislav-merasiminde-istirak-etti\/","name":"Meclis reisi Refat \u00c7ubarov Abduraim Demirayaqn\u0131\u00f1 \u015fahsiy numizmatik kollektsion\u0131n\u0131 Ba\u011f\u00e7asaray qoru\u011f\u0131na ba\u011f\u0131\u015flav merasiminde i\u015ftirak etti - \u041c\u0435\u0434\u0436\u043b\u0456\u0441","isPartOf":{"@id":"https:\/\/qtmm.org\/qt\/#website"},"primaryImageOfPage":{"@id":"https:\/\/qtmm.org\/qt\/meclis-reisi-refat-cubarov-abduraim-demirayaqnin-sahsiy-numizmatik-kollektsionini-bagcasaray-qorugina-bagislav-merasiminde-istirak-etti\/#primaryimage"},"image":{"@id":"https:\/\/qtmm.org\/qt\/meclis-reisi-refat-cubarov-abduraim-demirayaqnin-sahsiy-numizmatik-kollektsionini-bagcasaray-qorugina-bagislav-merasiminde-istirak-etti\/#primaryimage"},"thumbnailUrl":"http:\/\/qtmm.org\/wp-content\/uploads\/2022\/01\/arvi0073.jpeg","datePublished":"2013-11-18T17:42:00+00:00","dateModified":"2022-01-26T17:44:45+00:00","breadcrumb":{"@id":"https:\/\/qtmm.org\/qt\/meclis-reisi-refat-cubarov-abduraim-demirayaqnin-sahsiy-numizmatik-kollektsionini-bagcasaray-qorugina-bagislav-merasiminde-istirak-etti\/#breadcrumb"},"inLanguage":"qt","potentialAction":[{"@type":"ReadAction","target":["https:\/\/qtmm.org\/qt\/meclis-reisi-refat-cubarov-abduraim-demirayaqnin-sahsiy-numizmatik-kollektsionini-bagcasaray-qorugina-bagislav-merasiminde-istirak-etti\/"]}]},{"@type":"ImageObject","inLanguage":"qt","@id":"https:\/\/qtmm.org\/qt\/meclis-reisi-refat-cubarov-abduraim-demirayaqnin-sahsiy-numizmatik-kollektsionini-bagcasaray-qorugina-bagislav-merasiminde-istirak-etti\/#primaryimage","url":"http:\/\/qtmm.org\/wp-content\/uploads\/2022\/01\/arvi0073.jpeg","contentUrl":"http:\/\/qtmm.org\/wp-content\/uploads\/2022\/01\/arvi0073.jpeg"},{"@type":"BreadcrumbList","@id":"https:\/\/qtmm.org\/qt\/meclis-reisi-refat-cubarov-abduraim-demirayaqnin-sahsiy-numizmatik-kollektsionini-bagcasaray-qorugina-bagislav-merasiminde-istirak-etti\/#breadcrumb","itemListElement":[{"@type":"ListItem","position":1,"name":"\u0413\u043e\u043b\u043e\u0432\u043d\u0430","item":"https:\/\/qtmm.org\/qt\/"},{"@type":"ListItem","position":2,"name":"Meclis reisi Refat \u00c7ubarov Abduraim Demirayaqn\u0131\u00f1 \u015fahsiy numizmatik kollektsion\u0131n\u0131 Ba\u011f\u00e7asaray qoru\u011f\u0131na ba\u011f\u0131\u015flav merasiminde i\u015ftirak etti"}]},{"@type":"WebSite","@id":"https:\/\/qtmm.org\/qt\/#website","url":"https:\/\/qtmm.org\/qt\/","name":"\u041c\u0435\u0434\u0436\u043b\u0456\u0441","description":"","publisher":{"@id":"https:\/\/qtmm.org\/qt\/#organization"},"potentialAction":[{"@type":"SearchAction","target":{"@type":"EntryPoint","urlTemplate":"https:\/\/qtmm.org\/qt\/?s={search_term_string}"},"query-input":{"@type":"PropertyValueSpecification","valueRequired":true,"valueName":"search_term_string"}}],"inLanguage":"qt"},{"@type":"Organization","@id":"https:\/\/qtmm.org\/qt\/#organization","name":"\u041c\u0435\u0434\u0436\u043b\u0456\u0441","url":"https:\/\/qtmm.org\/qt\/","logo":{"@type":"ImageObject","inLanguage":"qt","@id":"https:\/\/qtmm.org\/qt\/#\/schema\/logo\/image\/","url":"https:\/\/qtmm.org\/wp-content\/uploads\/2024\/12\/ua-mejlis-logo-rgb.svg","contentUrl":"https:\/\/qtmm.org\/wp-content\/uploads\/2024\/12\/ua-mejlis-logo-rgb.svg","caption":"\u041c\u0435\u0434\u0436\u043b\u0456\u0441"},"image":{"@id":"https:\/\/qtmm.org\/qt\/#\/schema\/logo\/image\/"},"sameAs":["https:\/\/www.facebook.com\/qtmm.info\/"]},{"@type":"Person","@id":"https:\/\/qtmm.org\/qt\/#\/schema\/person\/de562469f971dec226ac06e60bbf74a7","name":"Developer","image":{"@type":"ImageObject","inLanguage":"qt","@id":"https:\/\/secure.gravatar.com\/avatar\/392b4cc8fbfeb00b39dfeeab4ee6edded39ffd48e25858637e4765810300227e?s=96&d=mm&r=g","url":"https:\/\/secure.gravatar.com\/avatar\/392b4cc8fbfeb00b39dfeeab4ee6edded39ffd48e25858637e4765810300227e?s=96&d=mm&r=g","contentUrl":"https:\/\/secure.gravatar.com\/avatar\/392b4cc8fbfeb00b39dfeeab4ee6edded39ffd48e25858637e4765810300227e?s=96&d=mm&r=g","caption":"Developer"},"url":"https:\/\/qtmm.org\/qt\/author\/Developer\/"}]}},"_links":{"self":[{"href":"https:\/\/qtmm.org\/qt\/wp-json\/wp\/v2\/posts\/40579","targetHints":{"allow":["GET"]}}],"collection":[{"href":"https:\/\/qtmm.org\/qt\/wp-json\/wp\/v2\/posts"}],"about":[{"href":"https:\/\/qtmm.org\/qt\/wp-json\/wp\/v2\/types\/post"}],"author":[{"embeddable":true,"href":"https:\/\/qtmm.org\/qt\/wp-json\/wp\/v2\/users\/1"}],"replies":[{"embeddable":true,"href":"https:\/\/qtmm.org\/qt\/wp-json\/wp\/v2\/comments?post=40579"}],"version-history":[{"count":1,"href":"https:\/\/qtmm.org\/qt\/wp-json\/wp\/v2\/posts\/40579\/revisions"}],"predecessor-version":[{"id":40622,"href":"https:\/\/qtmm.org\/qt\/wp-json\/wp\/v2\/posts\/40579\/revisions\/40622"}],"wp:attachment":[{"href":"https:\/\/qtmm.org\/qt\/wp-json\/wp\/v2\/media?parent=40579"}],"wp:term":[{"taxonomy":"category","embeddable":true,"href":"https:\/\/qtmm.org\/qt\/wp-json\/wp\/v2\/categories?post=40579"},{"taxonomy":"post_tag","embeddable":true,"href":"https:\/\/qtmm.org\/qt\/wp-json\/wp\/v2\/tags?post=40579"}],"curies":[{"name":"wp","href":"https:\/\/api.w.org\/{rel}","templated":true}]}}