




{"id":40573,"date":"2013-11-18T20:42:00","date_gmt":"2013-11-18T17:42:00","guid":{"rendered":"http:\/\/qtmm.org\/?p=40573"},"modified":"2022-01-26T20:42:23","modified_gmt":"2022-01-26T17:42:23","slug":"meclis-reisi-refat-cubarov-tatarstan-prezidenti-rustam-minnihanovga-taziye-bildirdi","status":"publish","type":"post","link":"https:\/\/qtmm.org\/qt\/meclis-reisi-refat-cubarov-tatarstan-prezidenti-rustam-minnihanovga-taziye-bildirdi\/","title":{"rendered":"Meclis reisi Refat \u00c7ubarov Tatarstan Prezidenti Rustam Minnihanov\u011fa taziye bildirdi"},"content":{"rendered":"\n<p>Q\u0131r\u0131mtatar halq\u0131 Meclisini\u00f1 reisi &nbsp;Refat \u00c7ubarov Tatarstan Prezidenti Rustam Minnihanov\u011fa, noyabr 17 k\u00fcn\u00fc aq\u015fam Qazan ava liman\u0131nda &nbsp;u\u00e7aq qonma\u011fa az\u0131rlan\u011fanda y\u00fcz bergen qaza aqibetinde el\u00e2k ol\u011fan insanlarn\u0131\u00f1 ailesi ve aqrabalar\u0131na taziye bildirdi.<\/p>\n\n\n\n<p>&#8220;Ba\u015f\u0131\u00f1\u0131z\u011fa kelgen b\u00fcy\u00fck yan\u0131q \u2013 aviaqaza\u011fa o\u011fra\u011fan u\u00e7aqta ba\u015fqa yolcularnen beraber bulun\u011fan o\u011flu\u00f1\u0131z \u0130rekni\u00f1 &nbsp;el\u00e2k\u0131 bizlerni de kederlendirdi. Siz ve aile\u00f1iz ile beraber yan\u0131qlaym\u0131z, &#8211; denile &nbsp;Meclisni\u00f1 taziyesinde. &nbsp;\u2013 Y\u00fcce Allah Sizge ve aile\u00f1izge, el\u00e2k ol\u011fanlarn\u0131\u00f1 ailelerine bu a\u011f\u0131r k\u00fcnlerde sab\u0131r ve taqat bersin&#8221;.<\/p>\n\n\n\n<p>Mal\u00fcmat: &nbsp;<em>2013 senesi noyabr 17 k\u00fcn\u00fc aq\u015fam &nbsp;&#8220;Qazan&#8221; ava liman\u0131nda &nbsp;qonma\u011fa al\u00e7al\u011fan &nbsp;&#8220;Boing 737&#8221; u\u00e7a\u011f\u0131 patlad\u0131. U\u00e7aqta 44 yolcu ve ekipajn\u0131\u00f1 6 azas\u0131 bar edi. &nbsp;Al-az\u0131rda &nbsp;ara\u015ft\u0131ruv-qurta<\/em><em>ruv i\u015fleri al\u0131p bar\u0131la. &#8220;Tatarstan&#8221; aviakompaniyas\u0131<\/em><em>na ait &nbsp;u\u00e7aq Moskvan\u0131\u00f1 &#8220;Domodedovo&#8221; ava liman\u0131ndan u\u00e7\u0131p kelmekte edi.<\/em><\/p>\n","protected":false},"excerpt":{"rendered":"<p>Q\u0131r\u0131mtatar halq\u0131 Meclisini\u00f1 reisi &nbsp;Refat \u00c7ubarov Tatarstan Prezidenti Rustam Minnihanov\u011fa, noyabr 17 k\u00fcn\u00fc aq\u015fam Qazan ava liman\u0131nda &nbsp;u\u00e7aq qonma\u011fa az\u0131rlan\u011fanda y\u00fcz bergen qaza aqibetinde el\u00e2k ol\u011fan insanlarn\u0131\u00f1 ailesi ve aqrabalar\u0131na taziye bildirdi. &#8220;Ba\u015f\u0131\u00f1\u0131z\u011fa kelgen b\u00fcy\u00fck yan\u0131q \u2013 aviaqaza\u011fa o\u011fra\u011fan u\u00e7aqta ba\u015fqa yolcularnen beraber bulun\u011fan o\u011flu\u00f1\u0131z \u0130rekni\u00f1 &nbsp;el\u00e2k\u0131 bizlerni de kederlendirdi. Siz ve aile\u00f1iz ile beraber [&hellip;]<\/p>\n","protected":false},"author":1,"featured_media":0,"comment_status":"open","ping_status":"open","sticky":false,"template":"","format":"standard","meta":{"inline_featured_image":false,"footnotes":""},"categories":[265],"tags":[],"class_list":["post-40573","post","type-post","status-publish","format-standard","hentry","category-haberler"],"acf":[],"yoast_head":"<!-- This site is optimized with the Yoast SEO plugin v27.4 - https:\/\/yoast.com\/product\/yoast-seo-wordpress\/ -->\n<title>Meclis reisi Refat \u00c7ubarov Tatarstan Prezidenti Rustam Minnihanov\u011fa taziye bildirdi - \u041c\u0435\u0434\u0436\u043b\u0456\u0441<\/title>\n<meta name=\"robots\" content=\"index, follow, max-snippet:-1, max-image-preview:large, max-video-preview:-1\" \/>\n<link rel=\"canonical\" href=\"https:\/\/qtmm.org\/qt\/meclis-reisi-refat-cubarov-tatarstan-prezidenti-rustam-minnihanovga-taziye-bildirdi\/\" \/>\n<meta property=\"og:locale\" content=\"en_US\" \/>\n<meta property=\"og:type\" content=\"article\" \/>\n<meta property=\"og:title\" content=\"Meclis reisi Refat \u00c7ubarov Tatarstan Prezidenti Rustam Minnihanov\u011fa taziye bildirdi - \u041c\u0435\u0434\u0436\u043b\u0456\u0441\" \/>\n<meta property=\"og:description\" content=\"Q\u0131r\u0131mtatar halq\u0131 Meclisini\u00f1 reisi &nbsp;Refat \u00c7ubarov Tatarstan Prezidenti Rustam Minnihanov\u011fa, noyabr 17 k\u00fcn\u00fc aq\u015fam Qazan ava liman\u0131nda &nbsp;u\u00e7aq qonma\u011fa az\u0131rlan\u011fanda y\u00fcz bergen qaza aqibetinde el\u00e2k ol\u011fan insanlarn\u0131\u00f1 ailesi ve aqrabalar\u0131na taziye bildirdi. &#8220;Ba\u015f\u0131\u00f1\u0131z\u011fa kelgen b\u00fcy\u00fck yan\u0131q \u2013 aviaqaza\u011fa o\u011fra\u011fan u\u00e7aqta ba\u015fqa yolcularnen beraber bulun\u011fan o\u011flu\u00f1\u0131z \u0130rekni\u00f1 &nbsp;el\u00e2k\u0131 bizlerni de kederlendirdi. Siz ve aile\u00f1iz ile beraber [&hellip;]\" \/>\n<meta property=\"og:url\" content=\"https:\/\/qtmm.org\/qt\/meclis-reisi-refat-cubarov-tatarstan-prezidenti-rustam-minnihanovga-taziye-bildirdi\/\" \/>\n<meta property=\"og:site_name\" content=\"\u041c\u0435\u0434\u0436\u043b\u0456\u0441\" \/>\n<meta property=\"article:publisher\" content=\"https:\/\/www.facebook.com\/qtmm.info\/\" \/>\n<meta property=\"article:published_time\" content=\"2013-11-18T17:42:00+00:00\" \/>\n<meta property=\"article:modified_time\" content=\"2022-01-26T17:42:23+00:00\" \/>\n<meta name=\"author\" content=\"Developer\" \/>\n<meta name=\"twitter:card\" content=\"summary_large_image\" \/>\n<meta name=\"twitter:label1\" content=\"Written by\" \/>\n\t<meta name=\"twitter:data1\" content=\"Developer\" \/>\n\t<meta name=\"twitter:label2\" content=\"Est. reading time\" \/>\n\t<meta name=\"twitter:data2\" content=\"1 minute\" \/>\n<script type=\"application\/ld+json\" class=\"yoast-schema-graph\">{\"@context\":\"https:\\\/\\\/schema.org\",\"@graph\":[{\"@type\":\"Article\",\"@id\":\"https:\\\/\\\/qtmm.org\\\/qt\\\/meclis-reisi-refat-cubarov-tatarstan-prezidenti-rustam-minnihanovga-taziye-bildirdi\\\/#article\",\"isPartOf\":{\"@id\":\"https:\\\/\\\/qtmm.org\\\/qt\\\/meclis-reisi-refat-cubarov-tatarstan-prezidenti-rustam-minnihanovga-taziye-bildirdi\\\/\"},\"author\":{\"name\":\"Developer\",\"@id\":\"https:\\\/\\\/qtmm.org\\\/qt\\\/#\\\/schema\\\/person\\\/de562469f971dec226ac06e60bbf74a7\"},\"headline\":\"Meclis reisi Refat \u00c7ubarov Tatarstan Prezidenti Rustam Minnihanov\u011fa taziye bildirdi\",\"datePublished\":\"2013-11-18T17:42:00+00:00\",\"dateModified\":\"2022-01-26T17:42:23+00:00\",\"mainEntityOfPage\":{\"@id\":\"https:\\\/\\\/qtmm.org\\\/qt\\\/meclis-reisi-refat-cubarov-tatarstan-prezidenti-rustam-minnihanovga-taziye-bildirdi\\\/\"},\"wordCount\":190,\"commentCount\":0,\"publisher\":{\"@id\":\"https:\\\/\\\/qtmm.org\\\/qt\\\/#organization\"},\"articleSection\":[\"Haberler\"],\"inLanguage\":\"qt\",\"potentialAction\":[{\"@type\":\"CommentAction\",\"name\":\"Comment\",\"target\":[\"https:\\\/\\\/qtmm.org\\\/qt\\\/meclis-reisi-refat-cubarov-tatarstan-prezidenti-rustam-minnihanovga-taziye-bildirdi\\\/#respond\"]}]},{\"@type\":\"WebPage\",\"@id\":\"https:\\\/\\\/qtmm.org\\\/qt\\\/meclis-reisi-refat-cubarov-tatarstan-prezidenti-rustam-minnihanovga-taziye-bildirdi\\\/\",\"url\":\"https:\\\/\\\/qtmm.org\\\/qt\\\/meclis-reisi-refat-cubarov-tatarstan-prezidenti-rustam-minnihanovga-taziye-bildirdi\\\/\",\"name\":\"Meclis reisi Refat \u00c7ubarov Tatarstan Prezidenti Rustam Minnihanov\u011fa taziye bildirdi - \u041c\u0435\u0434\u0436\u043b\u0456\u0441\",\"isPartOf\":{\"@id\":\"https:\\\/\\\/qtmm.org\\\/qt\\\/#website\"},\"datePublished\":\"2013-11-18T17:42:00+00:00\",\"dateModified\":\"2022-01-26T17:42:23+00:00\",\"breadcrumb\":{\"@id\":\"https:\\\/\\\/qtmm.org\\\/qt\\\/meclis-reisi-refat-cubarov-tatarstan-prezidenti-rustam-minnihanovga-taziye-bildirdi\\\/#breadcrumb\"},\"inLanguage\":\"qt\",\"potentialAction\":[{\"@type\":\"ReadAction\",\"target\":[\"https:\\\/\\\/qtmm.org\\\/qt\\\/meclis-reisi-refat-cubarov-tatarstan-prezidenti-rustam-minnihanovga-taziye-bildirdi\\\/\"]}]},{\"@type\":\"BreadcrumbList\",\"@id\":\"https:\\\/\\\/qtmm.org\\\/qt\\\/meclis-reisi-refat-cubarov-tatarstan-prezidenti-rustam-minnihanovga-taziye-bildirdi\\\/#breadcrumb\",\"itemListElement\":[{\"@type\":\"ListItem\",\"position\":1,\"name\":\"\u0413\u043e\u043b\u043e\u0432\u043d\u0430\",\"item\":\"https:\\\/\\\/qtmm.org\\\/qt\\\/\"},{\"@type\":\"ListItem\",\"position\":2,\"name\":\"Meclis reisi Refat \u00c7ubarov Tatarstan Prezidenti Rustam Minnihanov\u011fa taziye bildirdi\"}]},{\"@type\":\"WebSite\",\"@id\":\"https:\\\/\\\/qtmm.org\\\/qt\\\/#website\",\"url\":\"https:\\\/\\\/qtmm.org\\\/qt\\\/\",\"name\":\"\u041c\u0435\u0434\u0436\u043b\u0456\u0441\",\"description\":\"\",\"publisher\":{\"@id\":\"https:\\\/\\\/qtmm.org\\\/qt\\\/#organization\"},\"potentialAction\":[{\"@type\":\"SearchAction\",\"target\":{\"@type\":\"EntryPoint\",\"urlTemplate\":\"https:\\\/\\\/qtmm.org\\\/qt\\\/?s={search_term_string}\"},\"query-input\":{\"@type\":\"PropertyValueSpecification\",\"valueRequired\":true,\"valueName\":\"search_term_string\"}}],\"inLanguage\":\"qt\"},{\"@type\":\"Organization\",\"@id\":\"https:\\\/\\\/qtmm.org\\\/qt\\\/#organization\",\"name\":\"\u041c\u0435\u0434\u0436\u043b\u0456\u0441\",\"url\":\"https:\\\/\\\/qtmm.org\\\/qt\\\/\",\"logo\":{\"@type\":\"ImageObject\",\"inLanguage\":\"qt\",\"@id\":\"https:\\\/\\\/qtmm.org\\\/qt\\\/#\\\/schema\\\/logo\\\/image\\\/\",\"url\":\"https:\\\/\\\/qtmm.org\\\/wp-content\\\/uploads\\\/2024\\\/12\\\/ua-mejlis-logo-rgb.svg\",\"contentUrl\":\"https:\\\/\\\/qtmm.org\\\/wp-content\\\/uploads\\\/2024\\\/12\\\/ua-mejlis-logo-rgb.svg\",\"caption\":\"\u041c\u0435\u0434\u0436\u043b\u0456\u0441\"},\"image\":{\"@id\":\"https:\\\/\\\/qtmm.org\\\/qt\\\/#\\\/schema\\\/logo\\\/image\\\/\"},\"sameAs\":[\"https:\\\/\\\/www.facebook.com\\\/qtmm.info\\\/\"]},{\"@type\":\"Person\",\"@id\":\"https:\\\/\\\/qtmm.org\\\/qt\\\/#\\\/schema\\\/person\\\/de562469f971dec226ac06e60bbf74a7\",\"name\":\"Developer\",\"image\":{\"@type\":\"ImageObject\",\"inLanguage\":\"qt\",\"@id\":\"https:\\\/\\\/secure.gravatar.com\\\/avatar\\\/392b4cc8fbfeb00b39dfeeab4ee6edded39ffd48e25858637e4765810300227e?s=96&d=mm&r=g\",\"url\":\"https:\\\/\\\/secure.gravatar.com\\\/avatar\\\/392b4cc8fbfeb00b39dfeeab4ee6edded39ffd48e25858637e4765810300227e?s=96&d=mm&r=g\",\"contentUrl\":\"https:\\\/\\\/secure.gravatar.com\\\/avatar\\\/392b4cc8fbfeb00b39dfeeab4ee6edded39ffd48e25858637e4765810300227e?s=96&d=mm&r=g\",\"caption\":\"Developer\"},\"url\":\"https:\\\/\\\/qtmm.org\\\/qt\\\/author\\\/Developer\\\/\"}]}<\/script>\n<!-- \/ Yoast SEO plugin. -->","yoast_head_json":{"title":"Meclis reisi Refat \u00c7ubarov Tatarstan Prezidenti Rustam Minnihanov\u011fa taziye bildirdi - \u041c\u0435\u0434\u0436\u043b\u0456\u0441","robots":{"index":"index","follow":"follow","max-snippet":"max-snippet:-1","max-image-preview":"max-image-preview:large","max-video-preview":"max-video-preview:-1"},"canonical":"https:\/\/qtmm.org\/qt\/meclis-reisi-refat-cubarov-tatarstan-prezidenti-rustam-minnihanovga-taziye-bildirdi\/","og_locale":"en_US","og_type":"article","og_title":"Meclis reisi Refat \u00c7ubarov Tatarstan Prezidenti Rustam Minnihanov\u011fa taziye bildirdi - \u041c\u0435\u0434\u0436\u043b\u0456\u0441","og_description":"Q\u0131r\u0131mtatar halq\u0131 Meclisini\u00f1 reisi &nbsp;Refat \u00c7ubarov Tatarstan Prezidenti Rustam Minnihanov\u011fa, noyabr 17 k\u00fcn\u00fc aq\u015fam Qazan ava liman\u0131nda &nbsp;u\u00e7aq qonma\u011fa az\u0131rlan\u011fanda y\u00fcz bergen qaza aqibetinde el\u00e2k ol\u011fan insanlarn\u0131\u00f1 ailesi ve aqrabalar\u0131na taziye bildirdi. &#8220;Ba\u015f\u0131\u00f1\u0131z\u011fa kelgen b\u00fcy\u00fck yan\u0131q \u2013 aviaqaza\u011fa o\u011fra\u011fan u\u00e7aqta ba\u015fqa yolcularnen beraber bulun\u011fan o\u011flu\u00f1\u0131z \u0130rekni\u00f1 &nbsp;el\u00e2k\u0131 bizlerni de kederlendirdi. Siz ve aile\u00f1iz ile beraber [&hellip;]","og_url":"https:\/\/qtmm.org\/qt\/meclis-reisi-refat-cubarov-tatarstan-prezidenti-rustam-minnihanovga-taziye-bildirdi\/","og_site_name":"\u041c\u0435\u0434\u0436\u043b\u0456\u0441","article_publisher":"https:\/\/www.facebook.com\/qtmm.info\/","article_published_time":"2013-11-18T17:42:00+00:00","article_modified_time":"2022-01-26T17:42:23+00:00","author":"Developer","twitter_card":"summary_large_image","twitter_misc":{"Written by":"Developer","Est. reading time":"1 minute"},"schema":{"@context":"https:\/\/schema.org","@graph":[{"@type":"Article","@id":"https:\/\/qtmm.org\/qt\/meclis-reisi-refat-cubarov-tatarstan-prezidenti-rustam-minnihanovga-taziye-bildirdi\/#article","isPartOf":{"@id":"https:\/\/qtmm.org\/qt\/meclis-reisi-refat-cubarov-tatarstan-prezidenti-rustam-minnihanovga-taziye-bildirdi\/"},"author":{"name":"Developer","@id":"https:\/\/qtmm.org\/qt\/#\/schema\/person\/de562469f971dec226ac06e60bbf74a7"},"headline":"Meclis reisi Refat \u00c7ubarov Tatarstan Prezidenti Rustam Minnihanov\u011fa taziye bildirdi","datePublished":"2013-11-18T17:42:00+00:00","dateModified":"2022-01-26T17:42:23+00:00","mainEntityOfPage":{"@id":"https:\/\/qtmm.org\/qt\/meclis-reisi-refat-cubarov-tatarstan-prezidenti-rustam-minnihanovga-taziye-bildirdi\/"},"wordCount":190,"commentCount":0,"publisher":{"@id":"https:\/\/qtmm.org\/qt\/#organization"},"articleSection":["Haberler"],"inLanguage":"qt","potentialAction":[{"@type":"CommentAction","name":"Comment","target":["https:\/\/qtmm.org\/qt\/meclis-reisi-refat-cubarov-tatarstan-prezidenti-rustam-minnihanovga-taziye-bildirdi\/#respond"]}]},{"@type":"WebPage","@id":"https:\/\/qtmm.org\/qt\/meclis-reisi-refat-cubarov-tatarstan-prezidenti-rustam-minnihanovga-taziye-bildirdi\/","url":"https:\/\/qtmm.org\/qt\/meclis-reisi-refat-cubarov-tatarstan-prezidenti-rustam-minnihanovga-taziye-bildirdi\/","name":"Meclis reisi Refat \u00c7ubarov Tatarstan Prezidenti Rustam Minnihanov\u011fa taziye bildirdi - \u041c\u0435\u0434\u0436\u043b\u0456\u0441","isPartOf":{"@id":"https:\/\/qtmm.org\/qt\/#website"},"datePublished":"2013-11-18T17:42:00+00:00","dateModified":"2022-01-26T17:42:23+00:00","breadcrumb":{"@id":"https:\/\/qtmm.org\/qt\/meclis-reisi-refat-cubarov-tatarstan-prezidenti-rustam-minnihanovga-taziye-bildirdi\/#breadcrumb"},"inLanguage":"qt","potentialAction":[{"@type":"ReadAction","target":["https:\/\/qtmm.org\/qt\/meclis-reisi-refat-cubarov-tatarstan-prezidenti-rustam-minnihanovga-taziye-bildirdi\/"]}]},{"@type":"BreadcrumbList","@id":"https:\/\/qtmm.org\/qt\/meclis-reisi-refat-cubarov-tatarstan-prezidenti-rustam-minnihanovga-taziye-bildirdi\/#breadcrumb","itemListElement":[{"@type":"ListItem","position":1,"name":"\u0413\u043e\u043b\u043e\u0432\u043d\u0430","item":"https:\/\/qtmm.org\/qt\/"},{"@type":"ListItem","position":2,"name":"Meclis reisi Refat \u00c7ubarov Tatarstan Prezidenti Rustam Minnihanov\u011fa taziye bildirdi"}]},{"@type":"WebSite","@id":"https:\/\/qtmm.org\/qt\/#website","url":"https:\/\/qtmm.org\/qt\/","name":"\u041c\u0435\u0434\u0436\u043b\u0456\u0441","description":"","publisher":{"@id":"https:\/\/qtmm.org\/qt\/#organization"},"potentialAction":[{"@type":"SearchAction","target":{"@type":"EntryPoint","urlTemplate":"https:\/\/qtmm.org\/qt\/?s={search_term_string}"},"query-input":{"@type":"PropertyValueSpecification","valueRequired":true,"valueName":"search_term_string"}}],"inLanguage":"qt"},{"@type":"Organization","@id":"https:\/\/qtmm.org\/qt\/#organization","name":"\u041c\u0435\u0434\u0436\u043b\u0456\u0441","url":"https:\/\/qtmm.org\/qt\/","logo":{"@type":"ImageObject","inLanguage":"qt","@id":"https:\/\/qtmm.org\/qt\/#\/schema\/logo\/image\/","url":"https:\/\/qtmm.org\/wp-content\/uploads\/2024\/12\/ua-mejlis-logo-rgb.svg","contentUrl":"https:\/\/qtmm.org\/wp-content\/uploads\/2024\/12\/ua-mejlis-logo-rgb.svg","caption":"\u041c\u0435\u0434\u0436\u043b\u0456\u0441"},"image":{"@id":"https:\/\/qtmm.org\/qt\/#\/schema\/logo\/image\/"},"sameAs":["https:\/\/www.facebook.com\/qtmm.info\/"]},{"@type":"Person","@id":"https:\/\/qtmm.org\/qt\/#\/schema\/person\/de562469f971dec226ac06e60bbf74a7","name":"Developer","image":{"@type":"ImageObject","inLanguage":"qt","@id":"https:\/\/secure.gravatar.com\/avatar\/392b4cc8fbfeb00b39dfeeab4ee6edded39ffd48e25858637e4765810300227e?s=96&d=mm&r=g","url":"https:\/\/secure.gravatar.com\/avatar\/392b4cc8fbfeb00b39dfeeab4ee6edded39ffd48e25858637e4765810300227e?s=96&d=mm&r=g","contentUrl":"https:\/\/secure.gravatar.com\/avatar\/392b4cc8fbfeb00b39dfeeab4ee6edded39ffd48e25858637e4765810300227e?s=96&d=mm&r=g","caption":"Developer"},"url":"https:\/\/qtmm.org\/qt\/author\/Developer\/"}]}},"_links":{"self":[{"href":"https:\/\/qtmm.org\/qt\/wp-json\/wp\/v2\/posts\/40573","targetHints":{"allow":["GET"]}}],"collection":[{"href":"https:\/\/qtmm.org\/qt\/wp-json\/wp\/v2\/posts"}],"about":[{"href":"https:\/\/qtmm.org\/qt\/wp-json\/wp\/v2\/types\/post"}],"author":[{"embeddable":true,"href":"https:\/\/qtmm.org\/qt\/wp-json\/wp\/v2\/users\/1"}],"replies":[{"embeddable":true,"href":"https:\/\/qtmm.org\/qt\/wp-json\/wp\/v2\/comments?post=40573"}],"version-history":[{"count":1,"href":"https:\/\/qtmm.org\/qt\/wp-json\/wp\/v2\/posts\/40573\/revisions"}],"predecessor-version":[{"id":40578,"href":"https:\/\/qtmm.org\/qt\/wp-json\/wp\/v2\/posts\/40573\/revisions\/40578"}],"wp:attachment":[{"href":"https:\/\/qtmm.org\/qt\/wp-json\/wp\/v2\/media?parent=40573"}],"wp:term":[{"taxonomy":"category","embeddable":true,"href":"https:\/\/qtmm.org\/qt\/wp-json\/wp\/v2\/categories?post=40573"},{"taxonomy":"post_tag","embeddable":true,"href":"https:\/\/qtmm.org\/qt\/wp-json\/wp\/v2\/tags?post=40573"}],"curies":[{"name":"wp","href":"https:\/\/api.w.org\/{rel}","templated":true}]}}