




{"id":40537,"date":"2013-11-15T20:39:00","date_gmt":"2013-11-15T17:39:00","guid":{"rendered":"http:\/\/qtmm.org\/?p=40537"},"modified":"2022-01-26T20:41:55","modified_gmt":"2022-01-26T17:41:55","slug":"aqmecit-rayoni-qunan-koyunde-cami-acildi","status":"publish","type":"post","link":"https:\/\/qtmm.org\/qt\/aqmecit-rayoni-qunan-koyunde-cami-acildi\/","title":{"rendered":"Aqme\u00e7it rayon\u0131 Qunan k\u00f6y\u00fcnde cami a\u00e7\u0131ld\u0131"},"content":{"rendered":"\n<p>Q\u0131r\u0131mda noyabr 15 k\u00fcn\u00fc Aqme\u00e7it rayon\u0131 Qunan k\u00f6y\u00fcnde tantanal\u0131 s\u00fcrette ya\u00f1\u0131 cami a\u00e7\u0131ld\u0131.<\/p>\n\n\n\n<figure class=\"wp-block-image size-full\"><img loading=\"lazy\" decoding=\"async\" width=\"650\" height=\"360\" src=\"http:\/\/qtmm.org\/wp-content\/uploads\/2022\/01\/qunancami06.jpeg\" alt=\"\" class=\"wp-image-40538\" srcset=\"https:\/\/qtmm.org\/wp-content\/uploads\/2022\/01\/qunancami06.jpeg 650w, https:\/\/qtmm.org\/wp-content\/uploads\/2022\/01\/qunancami06-300x166.jpeg 300w\" sizes=\"auto, (max-width: 650px) 100vw, 650px\" \/><\/figure>\n\n\n\n<p>Camini\u00f1 tantanal\u0131 a\u00e7\u0131l\u0131\u015f merasiminde Q\u0131r\u0131m musulmanlar\u0131 m\u00fcftisini\u00f1 muavini ac\u0131 Esadullah Bairov, Meclis reisini\u00f1 muavinleri Zaur Smirnov ve Ayder Acimambetov, &#8220;Alraid&#8221; birle\u015fmesini\u00f1 reisi Muhammed Taha, Aqme\u00e7it region\u0131n\u0131\u00f1 ba\u015f imam\u0131 Leman Abduramanov, Aqme\u00e7it regional meclis reisi \u015eevket Smailov, k\u00f6y sakinleri ve musafirleri i\u015ftirak ettiler.<\/p>\n\n\n\n<figure class=\"wp-block-image size-full\"><img loading=\"lazy\" decoding=\"async\" width=\"650\" height=\"450\" src=\"http:\/\/qtmm.org\/wp-content\/uploads\/2022\/01\/qunancami01.jpeg\" alt=\"\" class=\"wp-image-40546\" srcset=\"https:\/\/qtmm.org\/wp-content\/uploads\/2022\/01\/qunancami01.jpeg 650w, https:\/\/qtmm.org\/wp-content\/uploads\/2022\/01\/qunancami01-300x208.jpeg 300w\" sizes=\"auto, (max-width: 650px) 100vw, 650px\" \/><\/figure>\n\n\n\n<p>100 musulmann\u0131 s\u0131\u011fd\u0131r\u011fan ya\u00f1\u0131 cami Quveytteki &#8220;Beyt az-Zak\u00e2t&#8221; hayriye te\u015fkil\u00e2t\u0131n\u0131\u00f1 maddiy yard\u0131m\u0131, Q\u0131r\u0131m musulmanlar\u0131 diniy idaresi ve &#8220;Alraid&#8221; birle\u015fmesini\u00f1 qoltutuv\u0131nda quruld\u0131. Quruc\u0131l\u0131q i\u015fleri bir y\u0131l qadar devam etip, 800 bi\u00f1 grivn\u00e2 menimesildi.<\/p>\n\n\n\n<p>Qunan k\u00f6y\u00fcni\u00f1 musulmanlar\u0131n\u0131 Q\u0131r\u0131m M\u00fcftisi Emirali Ablayevni\u00f1 ad\u0131ndan ac\u0131 Edullah Bairov, Meclis reis Refat \u00c7ubarovn\u0131\u00f1 ad\u0131ndan ise Zaur Smirnov hay\u0131rlap, cami a\u00e7\u0131l\u0131\u015f\u0131 munasebetinen bah\u015f\u0131\u015flar taqdim ettiler.<\/p>\n\n\n\n<p>Bun\u0131\u00f1 kibi de k\u00f6yl\u00fclerni Muhammed Taha, \u015eevket Smailov ve Leman Abduramanov hay\u0131rlad\u0131lar.<\/p>\n\n\n\n<figure class=\"wp-block-image size-full\"><img loading=\"lazy\" decoding=\"async\" width=\"650\" height=\"377\" src=\"http:\/\/qtmm.org\/wp-content\/uploads\/2022\/01\/qunancami11.jpeg\" alt=\"\" class=\"wp-image-40558\" srcset=\"https:\/\/qtmm.org\/wp-content\/uploads\/2022\/01\/qunancami11.jpeg 650w, https:\/\/qtmm.org\/wp-content\/uploads\/2022\/01\/qunancami11-300x174.jpeg 300w\" sizes=\"auto, (max-width: 650px) 100vw, 650px\" \/><\/figure>\n\n\n\n<p>Yerli musulman cemiyetini\u00f1 azalar\u0131 Muhammed Taha\u011fa te\u015fekk\u00fcr bildirerek, qalpaq ba\u011f\u0131\u015flad\u0131lar.<\/p>\n\n\n\n<p>Camini\u00f1 tantanal\u0131 a\u00e7\u0131l\u0131\u015f\u0131ndan so\u00f1 musulmanlar cuma namaz\u0131n\u0131 q\u0131ld\u0131lar. Qunan k\u00f6y\u00fc sakinleri i\u00e7\u00fcn bayram sofras\u0131 donat\u0131ld\u0131.<\/p>\n\n\n\n<div class=\"wp-block-image\"><figure class=\"aligncenter size-full\"><img loading=\"lazy\" decoding=\"async\" width=\"650\" height=\"685\" src=\"http:\/\/qtmm.org\/wp-content\/uploads\/2022\/01\/qunancami16.jpeg\" alt=\"\" class=\"wp-image-40563\" srcset=\"https:\/\/qtmm.org\/wp-content\/uploads\/2022\/01\/qunancami16.jpeg 650w, https:\/\/qtmm.org\/wp-content\/uploads\/2022\/01\/qunancami16-285x300.jpeg 285w\" sizes=\"auto, (max-width: 650px) 100vw, 650px\" \/><\/figure><\/div>\n\n\n\n<p class=\"has-text-align-right\"><em><strong>Foto<\/strong>:\u00a0Q\u0131r\u0131m musulmanlar\u0131 diniy idaresini\u00f1 matbuat h\u0131zmeti<\/em><\/p>\n","protected":false},"excerpt":{"rendered":"<p>Q\u0131r\u0131mda noyabr 15 k\u00fcn\u00fc Aqme\u00e7it rayon\u0131 Qunan k\u00f6y\u00fcnde tantanal\u0131 s\u00fcrette ya\u00f1\u0131 cami a\u00e7\u0131ld\u0131. Camini\u00f1 tantanal\u0131 a\u00e7\u0131l\u0131\u015f merasiminde Q\u0131r\u0131m musulmanlar\u0131 m\u00fcftisini\u00f1 muavini ac\u0131 Esadullah Bairov, Meclis reisini\u00f1 muavinleri Zaur Smirnov ve Ayder Acimambetov, &#8220;Alraid&#8221; birle\u015fmesini\u00f1 reisi Muhammed Taha, Aqme\u00e7it region\u0131n\u0131\u00f1 ba\u015f imam\u0131 Leman Abduramanov, Aqme\u00e7it regional meclis reisi \u015eevket Smailov, k\u00f6y sakinleri ve musafirleri i\u015ftirak ettiler. [&hellip;]<\/p>\n","protected":false},"author":1,"featured_media":40550,"comment_status":"open","ping_status":"open","sticky":false,"template":"","format":"standard","meta":{"inline_featured_image":false,"footnotes":""},"categories":[265],"tags":[],"class_list":["post-40537","post","type-post","status-publish","format-standard","has-post-thumbnail","hentry","category-haberler"],"acf":[],"yoast_head":"<!-- This site is optimized with the Yoast SEO plugin v27.4 - https:\/\/yoast.com\/product\/yoast-seo-wordpress\/ -->\n<title>Aqme\u00e7it rayon\u0131 Qunan k\u00f6y\u00fcnde cami a\u00e7\u0131ld\u0131 - \u041c\u0435\u0434\u0436\u043b\u0456\u0441<\/title>\n<meta name=\"robots\" content=\"index, follow, max-snippet:-1, max-image-preview:large, max-video-preview:-1\" \/>\n<link rel=\"canonical\" href=\"https:\/\/qtmm.org\/qt\/aqmecit-rayoni-qunan-koyunde-cami-acildi\/\" \/>\n<meta property=\"og:locale\" content=\"en_US\" \/>\n<meta property=\"og:type\" content=\"article\" \/>\n<meta property=\"og:title\" content=\"Aqme\u00e7it rayon\u0131 Qunan k\u00f6y\u00fcnde cami a\u00e7\u0131ld\u0131 - \u041c\u0435\u0434\u0436\u043b\u0456\u0441\" \/>\n<meta property=\"og:description\" content=\"Q\u0131r\u0131mda noyabr 15 k\u00fcn\u00fc Aqme\u00e7it rayon\u0131 Qunan k\u00f6y\u00fcnde tantanal\u0131 s\u00fcrette ya\u00f1\u0131 cami a\u00e7\u0131ld\u0131. Camini\u00f1 tantanal\u0131 a\u00e7\u0131l\u0131\u015f merasiminde Q\u0131r\u0131m musulmanlar\u0131 m\u00fcftisini\u00f1 muavini ac\u0131 Esadullah Bairov, Meclis reisini\u00f1 muavinleri Zaur Smirnov ve Ayder Acimambetov, &#8220;Alraid&#8221; birle\u015fmesini\u00f1 reisi Muhammed Taha, Aqme\u00e7it region\u0131n\u0131\u00f1 ba\u015f imam\u0131 Leman Abduramanov, Aqme\u00e7it regional meclis reisi \u015eevket Smailov, k\u00f6y sakinleri ve musafirleri i\u015ftirak ettiler. [&hellip;]\" \/>\n<meta property=\"og:url\" content=\"https:\/\/qtmm.org\/qt\/aqmecit-rayoni-qunan-koyunde-cami-acildi\/\" \/>\n<meta property=\"og:site_name\" content=\"\u041c\u0435\u0434\u0436\u043b\u0456\u0441\" \/>\n<meta property=\"article:publisher\" content=\"https:\/\/www.facebook.com\/qtmm.info\/\" \/>\n<meta property=\"article:published_time\" content=\"2013-11-15T17:39:00+00:00\" \/>\n<meta property=\"article:modified_time\" content=\"2022-01-26T17:41:55+00:00\" \/>\n<meta property=\"og:image\" content=\"https:\/\/qtmm.org\/wp-content\/uploads\/2022\/01\/qunancami09.jpeg\" \/>\n\t<meta property=\"og:image:width\" content=\"650\" \/>\n\t<meta property=\"og:image:height\" content=\"461\" \/>\n\t<meta property=\"og:image:type\" content=\"image\/jpeg\" \/>\n<meta name=\"author\" content=\"Developer\" \/>\n<meta name=\"twitter:card\" content=\"summary_large_image\" \/>\n<meta name=\"twitter:label1\" content=\"Written by\" \/>\n\t<meta name=\"twitter:data1\" content=\"Developer\" \/>\n\t<meta name=\"twitter:label2\" content=\"Est. reading time\" \/>\n\t<meta name=\"twitter:data2\" content=\"1 minute\" \/>\n<script type=\"application\/ld+json\" class=\"yoast-schema-graph\">{\"@context\":\"https:\\\/\\\/schema.org\",\"@graph\":[{\"@type\":\"Article\",\"@id\":\"https:\\\/\\\/qtmm.org\\\/qt\\\/aqmecit-rayoni-qunan-koyunde-cami-acildi\\\/#article\",\"isPartOf\":{\"@id\":\"https:\\\/\\\/qtmm.org\\\/qt\\\/aqmecit-rayoni-qunan-koyunde-cami-acildi\\\/\"},\"author\":{\"name\":\"Developer\",\"@id\":\"https:\\\/\\\/qtmm.org\\\/qt\\\/#\\\/schema\\\/person\\\/de562469f971dec226ac06e60bbf74a7\"},\"headline\":\"Aqme\u00e7it rayon\u0131 Qunan k\u00f6y\u00fcnde cami a\u00e7\u0131ld\u0131\",\"datePublished\":\"2013-11-15T17:39:00+00:00\",\"dateModified\":\"2022-01-26T17:41:55+00:00\",\"mainEntityOfPage\":{\"@id\":\"https:\\\/\\\/qtmm.org\\\/qt\\\/aqmecit-rayoni-qunan-koyunde-cami-acildi\\\/\"},\"wordCount\":229,\"commentCount\":0,\"publisher\":{\"@id\":\"https:\\\/\\\/qtmm.org\\\/qt\\\/#organization\"},\"image\":{\"@id\":\"https:\\\/\\\/qtmm.org\\\/qt\\\/aqmecit-rayoni-qunan-koyunde-cami-acildi\\\/#primaryimage\"},\"thumbnailUrl\":\"https:\\\/\\\/qtmm.org\\\/wp-content\\\/uploads\\\/2022\\\/01\\\/qunancami09.jpeg\",\"articleSection\":[\"Haberler\"],\"inLanguage\":\"qt\",\"potentialAction\":[{\"@type\":\"CommentAction\",\"name\":\"Comment\",\"target\":[\"https:\\\/\\\/qtmm.org\\\/qt\\\/aqmecit-rayoni-qunan-koyunde-cami-acildi\\\/#respond\"]}]},{\"@type\":\"WebPage\",\"@id\":\"https:\\\/\\\/qtmm.org\\\/qt\\\/aqmecit-rayoni-qunan-koyunde-cami-acildi\\\/\",\"url\":\"https:\\\/\\\/qtmm.org\\\/qt\\\/aqmecit-rayoni-qunan-koyunde-cami-acildi\\\/\",\"name\":\"Aqme\u00e7it rayon\u0131 Qunan k\u00f6y\u00fcnde cami a\u00e7\u0131ld\u0131 - \u041c\u0435\u0434\u0436\u043b\u0456\u0441\",\"isPartOf\":{\"@id\":\"https:\\\/\\\/qtmm.org\\\/qt\\\/#website\"},\"primaryImageOfPage\":{\"@id\":\"https:\\\/\\\/qtmm.org\\\/qt\\\/aqmecit-rayoni-qunan-koyunde-cami-acildi\\\/#primaryimage\"},\"image\":{\"@id\":\"https:\\\/\\\/qtmm.org\\\/qt\\\/aqmecit-rayoni-qunan-koyunde-cami-acildi\\\/#primaryimage\"},\"thumbnailUrl\":\"https:\\\/\\\/qtmm.org\\\/wp-content\\\/uploads\\\/2022\\\/01\\\/qunancami09.jpeg\",\"datePublished\":\"2013-11-15T17:39:00+00:00\",\"dateModified\":\"2022-01-26T17:41:55+00:00\",\"breadcrumb\":{\"@id\":\"https:\\\/\\\/qtmm.org\\\/qt\\\/aqmecit-rayoni-qunan-koyunde-cami-acildi\\\/#breadcrumb\"},\"inLanguage\":\"qt\",\"potentialAction\":[{\"@type\":\"ReadAction\",\"target\":[\"https:\\\/\\\/qtmm.org\\\/qt\\\/aqmecit-rayoni-qunan-koyunde-cami-acildi\\\/\"]}]},{\"@type\":\"ImageObject\",\"inLanguage\":\"qt\",\"@id\":\"https:\\\/\\\/qtmm.org\\\/qt\\\/aqmecit-rayoni-qunan-koyunde-cami-acildi\\\/#primaryimage\",\"url\":\"https:\\\/\\\/qtmm.org\\\/wp-content\\\/uploads\\\/2022\\\/01\\\/qunancami09.jpeg\",\"contentUrl\":\"https:\\\/\\\/qtmm.org\\\/wp-content\\\/uploads\\\/2022\\\/01\\\/qunancami09.jpeg\",\"width\":650,\"height\":461},{\"@type\":\"BreadcrumbList\",\"@id\":\"https:\\\/\\\/qtmm.org\\\/qt\\\/aqmecit-rayoni-qunan-koyunde-cami-acildi\\\/#breadcrumb\",\"itemListElement\":[{\"@type\":\"ListItem\",\"position\":1,\"name\":\"\u0413\u043e\u043b\u043e\u0432\u043d\u0430\",\"item\":\"https:\\\/\\\/qtmm.org\\\/qt\\\/\"},{\"@type\":\"ListItem\",\"position\":2,\"name\":\"Aqme\u00e7it rayon\u0131 Qunan k\u00f6y\u00fcnde cami a\u00e7\u0131ld\u0131\"}]},{\"@type\":\"WebSite\",\"@id\":\"https:\\\/\\\/qtmm.org\\\/qt\\\/#website\",\"url\":\"https:\\\/\\\/qtmm.org\\\/qt\\\/\",\"name\":\"\u041c\u0435\u0434\u0436\u043b\u0456\u0441\",\"description\":\"\",\"publisher\":{\"@id\":\"https:\\\/\\\/qtmm.org\\\/qt\\\/#organization\"},\"potentialAction\":[{\"@type\":\"SearchAction\",\"target\":{\"@type\":\"EntryPoint\",\"urlTemplate\":\"https:\\\/\\\/qtmm.org\\\/qt\\\/?s={search_term_string}\"},\"query-input\":{\"@type\":\"PropertyValueSpecification\",\"valueRequired\":true,\"valueName\":\"search_term_string\"}}],\"inLanguage\":\"qt\"},{\"@type\":\"Organization\",\"@id\":\"https:\\\/\\\/qtmm.org\\\/qt\\\/#organization\",\"name\":\"\u041c\u0435\u0434\u0436\u043b\u0456\u0441\",\"url\":\"https:\\\/\\\/qtmm.org\\\/qt\\\/\",\"logo\":{\"@type\":\"ImageObject\",\"inLanguage\":\"qt\",\"@id\":\"https:\\\/\\\/qtmm.org\\\/qt\\\/#\\\/schema\\\/logo\\\/image\\\/\",\"url\":\"https:\\\/\\\/qtmm.org\\\/wp-content\\\/uploads\\\/2024\\\/12\\\/ua-mejlis-logo-rgb.svg\",\"contentUrl\":\"https:\\\/\\\/qtmm.org\\\/wp-content\\\/uploads\\\/2024\\\/12\\\/ua-mejlis-logo-rgb.svg\",\"caption\":\"\u041c\u0435\u0434\u0436\u043b\u0456\u0441\"},\"image\":{\"@id\":\"https:\\\/\\\/qtmm.org\\\/qt\\\/#\\\/schema\\\/logo\\\/image\\\/\"},\"sameAs\":[\"https:\\\/\\\/www.facebook.com\\\/qtmm.info\\\/\"]},{\"@type\":\"Person\",\"@id\":\"https:\\\/\\\/qtmm.org\\\/qt\\\/#\\\/schema\\\/person\\\/de562469f971dec226ac06e60bbf74a7\",\"name\":\"Developer\",\"image\":{\"@type\":\"ImageObject\",\"inLanguage\":\"qt\",\"@id\":\"https:\\\/\\\/secure.gravatar.com\\\/avatar\\\/392b4cc8fbfeb00b39dfeeab4ee6edded39ffd48e25858637e4765810300227e?s=96&d=mm&r=g\",\"url\":\"https:\\\/\\\/secure.gravatar.com\\\/avatar\\\/392b4cc8fbfeb00b39dfeeab4ee6edded39ffd48e25858637e4765810300227e?s=96&d=mm&r=g\",\"contentUrl\":\"https:\\\/\\\/secure.gravatar.com\\\/avatar\\\/392b4cc8fbfeb00b39dfeeab4ee6edded39ffd48e25858637e4765810300227e?s=96&d=mm&r=g\",\"caption\":\"Developer\"},\"url\":\"https:\\\/\\\/qtmm.org\\\/qt\\\/author\\\/Developer\\\/\"}]}<\/script>\n<!-- \/ Yoast SEO plugin. -->","yoast_head_json":{"title":"Aqme\u00e7it rayon\u0131 Qunan k\u00f6y\u00fcnde cami a\u00e7\u0131ld\u0131 - \u041c\u0435\u0434\u0436\u043b\u0456\u0441","robots":{"index":"index","follow":"follow","max-snippet":"max-snippet:-1","max-image-preview":"max-image-preview:large","max-video-preview":"max-video-preview:-1"},"canonical":"https:\/\/qtmm.org\/qt\/aqmecit-rayoni-qunan-koyunde-cami-acildi\/","og_locale":"en_US","og_type":"article","og_title":"Aqme\u00e7it rayon\u0131 Qunan k\u00f6y\u00fcnde cami a\u00e7\u0131ld\u0131 - \u041c\u0435\u0434\u0436\u043b\u0456\u0441","og_description":"Q\u0131r\u0131mda noyabr 15 k\u00fcn\u00fc Aqme\u00e7it rayon\u0131 Qunan k\u00f6y\u00fcnde tantanal\u0131 s\u00fcrette ya\u00f1\u0131 cami a\u00e7\u0131ld\u0131. Camini\u00f1 tantanal\u0131 a\u00e7\u0131l\u0131\u015f merasiminde Q\u0131r\u0131m musulmanlar\u0131 m\u00fcftisini\u00f1 muavini ac\u0131 Esadullah Bairov, Meclis reisini\u00f1 muavinleri Zaur Smirnov ve Ayder Acimambetov, &#8220;Alraid&#8221; birle\u015fmesini\u00f1 reisi Muhammed Taha, Aqme\u00e7it region\u0131n\u0131\u00f1 ba\u015f imam\u0131 Leman Abduramanov, Aqme\u00e7it regional meclis reisi \u015eevket Smailov, k\u00f6y sakinleri ve musafirleri i\u015ftirak ettiler. [&hellip;]","og_url":"https:\/\/qtmm.org\/qt\/aqmecit-rayoni-qunan-koyunde-cami-acildi\/","og_site_name":"\u041c\u0435\u0434\u0436\u043b\u0456\u0441","article_publisher":"https:\/\/www.facebook.com\/qtmm.info\/","article_published_time":"2013-11-15T17:39:00+00:00","article_modified_time":"2022-01-26T17:41:55+00:00","og_image":[{"width":650,"height":461,"url":"https:\/\/qtmm.org\/wp-content\/uploads\/2022\/01\/qunancami09.jpeg","type":"image\/jpeg"}],"author":"Developer","twitter_card":"summary_large_image","twitter_misc":{"Written by":"Developer","Est. reading time":"1 minute"},"schema":{"@context":"https:\/\/schema.org","@graph":[{"@type":"Article","@id":"https:\/\/qtmm.org\/qt\/aqmecit-rayoni-qunan-koyunde-cami-acildi\/#article","isPartOf":{"@id":"https:\/\/qtmm.org\/qt\/aqmecit-rayoni-qunan-koyunde-cami-acildi\/"},"author":{"name":"Developer","@id":"https:\/\/qtmm.org\/qt\/#\/schema\/person\/de562469f971dec226ac06e60bbf74a7"},"headline":"Aqme\u00e7it rayon\u0131 Qunan k\u00f6y\u00fcnde cami a\u00e7\u0131ld\u0131","datePublished":"2013-11-15T17:39:00+00:00","dateModified":"2022-01-26T17:41:55+00:00","mainEntityOfPage":{"@id":"https:\/\/qtmm.org\/qt\/aqmecit-rayoni-qunan-koyunde-cami-acildi\/"},"wordCount":229,"commentCount":0,"publisher":{"@id":"https:\/\/qtmm.org\/qt\/#organization"},"image":{"@id":"https:\/\/qtmm.org\/qt\/aqmecit-rayoni-qunan-koyunde-cami-acildi\/#primaryimage"},"thumbnailUrl":"https:\/\/qtmm.org\/wp-content\/uploads\/2022\/01\/qunancami09.jpeg","articleSection":["Haberler"],"inLanguage":"qt","potentialAction":[{"@type":"CommentAction","name":"Comment","target":["https:\/\/qtmm.org\/qt\/aqmecit-rayoni-qunan-koyunde-cami-acildi\/#respond"]}]},{"@type":"WebPage","@id":"https:\/\/qtmm.org\/qt\/aqmecit-rayoni-qunan-koyunde-cami-acildi\/","url":"https:\/\/qtmm.org\/qt\/aqmecit-rayoni-qunan-koyunde-cami-acildi\/","name":"Aqme\u00e7it rayon\u0131 Qunan k\u00f6y\u00fcnde cami a\u00e7\u0131ld\u0131 - \u041c\u0435\u0434\u0436\u043b\u0456\u0441","isPartOf":{"@id":"https:\/\/qtmm.org\/qt\/#website"},"primaryImageOfPage":{"@id":"https:\/\/qtmm.org\/qt\/aqmecit-rayoni-qunan-koyunde-cami-acildi\/#primaryimage"},"image":{"@id":"https:\/\/qtmm.org\/qt\/aqmecit-rayoni-qunan-koyunde-cami-acildi\/#primaryimage"},"thumbnailUrl":"https:\/\/qtmm.org\/wp-content\/uploads\/2022\/01\/qunancami09.jpeg","datePublished":"2013-11-15T17:39:00+00:00","dateModified":"2022-01-26T17:41:55+00:00","breadcrumb":{"@id":"https:\/\/qtmm.org\/qt\/aqmecit-rayoni-qunan-koyunde-cami-acildi\/#breadcrumb"},"inLanguage":"qt","potentialAction":[{"@type":"ReadAction","target":["https:\/\/qtmm.org\/qt\/aqmecit-rayoni-qunan-koyunde-cami-acildi\/"]}]},{"@type":"ImageObject","inLanguage":"qt","@id":"https:\/\/qtmm.org\/qt\/aqmecit-rayoni-qunan-koyunde-cami-acildi\/#primaryimage","url":"https:\/\/qtmm.org\/wp-content\/uploads\/2022\/01\/qunancami09.jpeg","contentUrl":"https:\/\/qtmm.org\/wp-content\/uploads\/2022\/01\/qunancami09.jpeg","width":650,"height":461},{"@type":"BreadcrumbList","@id":"https:\/\/qtmm.org\/qt\/aqmecit-rayoni-qunan-koyunde-cami-acildi\/#breadcrumb","itemListElement":[{"@type":"ListItem","position":1,"name":"\u0413\u043e\u043b\u043e\u0432\u043d\u0430","item":"https:\/\/qtmm.org\/qt\/"},{"@type":"ListItem","position":2,"name":"Aqme\u00e7it rayon\u0131 Qunan k\u00f6y\u00fcnde cami a\u00e7\u0131ld\u0131"}]},{"@type":"WebSite","@id":"https:\/\/qtmm.org\/qt\/#website","url":"https:\/\/qtmm.org\/qt\/","name":"\u041c\u0435\u0434\u0436\u043b\u0456\u0441","description":"","publisher":{"@id":"https:\/\/qtmm.org\/qt\/#organization"},"potentialAction":[{"@type":"SearchAction","target":{"@type":"EntryPoint","urlTemplate":"https:\/\/qtmm.org\/qt\/?s={search_term_string}"},"query-input":{"@type":"PropertyValueSpecification","valueRequired":true,"valueName":"search_term_string"}}],"inLanguage":"qt"},{"@type":"Organization","@id":"https:\/\/qtmm.org\/qt\/#organization","name":"\u041c\u0435\u0434\u0436\u043b\u0456\u0441","url":"https:\/\/qtmm.org\/qt\/","logo":{"@type":"ImageObject","inLanguage":"qt","@id":"https:\/\/qtmm.org\/qt\/#\/schema\/logo\/image\/","url":"https:\/\/qtmm.org\/wp-content\/uploads\/2024\/12\/ua-mejlis-logo-rgb.svg","contentUrl":"https:\/\/qtmm.org\/wp-content\/uploads\/2024\/12\/ua-mejlis-logo-rgb.svg","caption":"\u041c\u0435\u0434\u0436\u043b\u0456\u0441"},"image":{"@id":"https:\/\/qtmm.org\/qt\/#\/schema\/logo\/image\/"},"sameAs":["https:\/\/www.facebook.com\/qtmm.info\/"]},{"@type":"Person","@id":"https:\/\/qtmm.org\/qt\/#\/schema\/person\/de562469f971dec226ac06e60bbf74a7","name":"Developer","image":{"@type":"ImageObject","inLanguage":"qt","@id":"https:\/\/secure.gravatar.com\/avatar\/392b4cc8fbfeb00b39dfeeab4ee6edded39ffd48e25858637e4765810300227e?s=96&d=mm&r=g","url":"https:\/\/secure.gravatar.com\/avatar\/392b4cc8fbfeb00b39dfeeab4ee6edded39ffd48e25858637e4765810300227e?s=96&d=mm&r=g","contentUrl":"https:\/\/secure.gravatar.com\/avatar\/392b4cc8fbfeb00b39dfeeab4ee6edded39ffd48e25858637e4765810300227e?s=96&d=mm&r=g","caption":"Developer"},"url":"https:\/\/qtmm.org\/qt\/author\/Developer\/"}]}},"_links":{"self":[{"href":"https:\/\/qtmm.org\/qt\/wp-json\/wp\/v2\/posts\/40537","targetHints":{"allow":["GET"]}}],"collection":[{"href":"https:\/\/qtmm.org\/qt\/wp-json\/wp\/v2\/posts"}],"about":[{"href":"https:\/\/qtmm.org\/qt\/wp-json\/wp\/v2\/types\/post"}],"author":[{"embeddable":true,"href":"https:\/\/qtmm.org\/qt\/wp-json\/wp\/v2\/users\/1"}],"replies":[{"embeddable":true,"href":"https:\/\/qtmm.org\/qt\/wp-json\/wp\/v2\/comments?post=40537"}],"version-history":[{"count":1,"href":"https:\/\/qtmm.org\/qt\/wp-json\/wp\/v2\/posts\/40537\/revisions"}],"predecessor-version":[{"id":40568,"href":"https:\/\/qtmm.org\/qt\/wp-json\/wp\/v2\/posts\/40537\/revisions\/40568"}],"wp:featuredmedia":[{"embeddable":true,"href":"https:\/\/qtmm.org\/qt\/wp-json\/wp\/v2\/media\/40550"}],"wp:attachment":[{"href":"https:\/\/qtmm.org\/qt\/wp-json\/wp\/v2\/media?parent=40537"}],"wp:term":[{"taxonomy":"category","embeddable":true,"href":"https:\/\/qtmm.org\/qt\/wp-json\/wp\/v2\/categories?post=40537"},{"taxonomy":"post_tag","embeddable":true,"href":"https:\/\/qtmm.org\/qt\/wp-json\/wp\/v2\/tags?post=40537"}],"curies":[{"name":"wp","href":"https:\/\/api.w.org\/{rel}","templated":true}]}}