




{"id":40519,"date":"2013-11-15T20:38:00","date_gmt":"2013-11-15T17:38:00","guid":{"rendered":"http:\/\/qtmm.org\/?p=40519"},"modified":"2022-01-26T20:39:43","modified_gmt":"2022-01-26T17:39:43","slug":"buyuk-ozenbas-koyunin-musulman-cemiyeti-tarihiy-camini-tamir-etmek-niyetinde","status":"publish","type":"post","link":"https:\/\/qtmm.org\/qt\/buyuk-ozenbas-koyunin-musulman-cemiyeti-tarihiy-camini-tamir-etmek-niyetinde\/","title":{"rendered":"B\u00fcy\u00fck \u00d6zenba\u015f k\u00f6y\u00fcni\u00f1 musulman cemiyeti tarihiy camini tamir etmek niyetinde"},"content":{"rendered":"\n<p>B\u00fcy\u00fck \u00d6zenba\u015f k\u00f6y\u00fcni\u00f1 musulman cemiyeti arhiv mal\u00fcmatlar\u0131na k\u00f6re 300 y\u0131ll\u0131q tarih\u0131 ol\u011fan camini\u00f1 rekonstruktsiyas\u0131n\u0131 ke\u00e7irmek niyetinde.<\/p>\n\n\n\n<figure class=\"wp-block-image size-full\"><img loading=\"lazy\" decoding=\"async\" width=\"800\" height=\"536\" src=\"http:\/\/qtmm.org\/wp-content\/uploads\/2022\/01\/ozenbashcami1.jpeg\" alt=\"\" class=\"wp-image-40520\" srcset=\"https:\/\/qtmm.org\/wp-content\/uploads\/2022\/01\/ozenbashcami1.jpeg 800w, https:\/\/qtmm.org\/wp-content\/uploads\/2022\/01\/ozenbashcami1-300x201.jpeg 300w, https:\/\/qtmm.org\/wp-content\/uploads\/2022\/01\/ozenbashcami1-768x515.jpeg 768w\" sizes=\"auto, (max-width: 800px) 100vw, 800px\" \/><\/figure>\n\n\n\n<p>Bu aqta Meclis reisini\u00f1 muavini Ayder Acimambetov Q\u0131r\u0131m musulmanlar\u0131n\u0131\u00f1 m\u00fcftisi ac\u0131 Emirali Ablayev ile birlikte B\u00fcy\u00fck \u00d6zenba\u015f k\u00f6y\u00fcne i\u015f ziyareti neticelerinden so\u00f1 bildirdi.<\/p>\n\n\n\n<figure class=\"wp-block-image size-full\"><img loading=\"lazy\" decoding=\"async\" width=\"800\" height=\"536\" src=\"http:\/\/qtmm.org\/wp-content\/uploads\/2022\/01\/ozenbashcami3.jpeg\" alt=\"\" class=\"wp-image-40524\" srcset=\"https:\/\/qtmm.org\/wp-content\/uploads\/2022\/01\/ozenbashcami3.jpeg 800w, https:\/\/qtmm.org\/wp-content\/uploads\/2022\/01\/ozenbashcami3-300x201.jpeg 300w, https:\/\/qtmm.org\/wp-content\/uploads\/2022\/01\/ozenbashcami3-768x515.jpeg 768w\" sizes=\"auto, (max-width: 800px) 100vw, 800px\" \/><\/figure>\n\n\n\n<p>Cami tamiri meseleleri k\u00f6y musulman cemiyeti azalar\u0131nen k\u00f6r\u00fc\u015f\u00fcvde muzakere etildi. Acimambetov Q\u0131r\u0131m musulmanlar\u0131n\u0131\u00f1 m\u00fcftisi ac\u0131 Emirali Ablayev q\u0131r\u0131mtatar mimarl\u0131\u011f\u0131n\u0131\u00f1 yadik\u00e2rl\u0131\u011f\u0131 ol\u011fan tarihiy camini\u00f1 \u011fayr\u0131dan tiklenilmesinde k\u00f6y musulmanlar\u0131na yard\u0131m etmek i\u00e7\u00fcn sermiya q\u0131d\u0131rmaq kerekligini qayd etti.<\/p>\n\n\n\n<figure class=\"wp-block-image size-full\"><img loading=\"lazy\" decoding=\"async\" width=\"800\" height=\"536\" src=\"http:\/\/qtmm.org\/wp-content\/uploads\/2022\/01\/ozenbashcami4.jpeg\" alt=\"\" class=\"wp-image-40528\" srcset=\"https:\/\/qtmm.org\/wp-content\/uploads\/2022\/01\/ozenbashcami4.jpeg 800w, https:\/\/qtmm.org\/wp-content\/uploads\/2022\/01\/ozenbashcami4-300x201.jpeg 300w, https:\/\/qtmm.org\/wp-content\/uploads\/2022\/01\/ozenbashcami4-768x515.jpeg 768w\" sizes=\"auto, (max-width: 800px) 100vw, 800px\" \/><\/figure>\n\n\n\n<p>B\u00fcy\u00fck \u00d6zenba\u015f k\u00f6y\u00fcni\u00f1 musulman cemiyeti \u00f6z nevbetinde M\u00fcftiy ve Meclis reisini\u00f1 muavinine ziyaretleri i\u00e7\u00fcn te\u015fekk\u00fcr bildirip, e\u00f1 yaq\u0131n zamanda cami kene evelki s\u0131fat\u0131n\u0131 tikleycegine \u00fcm\u00fct etkenlerini aytt\u0131lar.<br>&nbsp;<\/p>\n\n\n\n<p class=\"has-text-align-right\"><em>Foto: Q\u0131r\u0131m musulmanlar\u0131 diniy idaresini\u00f1 matbuat h\u0131zmeti<\/em><\/p>\n","protected":false},"excerpt":{"rendered":"<p>B\u00fcy\u00fck \u00d6zenba\u015f k\u00f6y\u00fcni\u00f1 musulman cemiyeti arhiv mal\u00fcmatlar\u0131na k\u00f6re 300 y\u0131ll\u0131q tarih\u0131 ol\u011fan camini\u00f1 rekonstruktsiyas\u0131n\u0131 ke\u00e7irmek niyetinde. Bu aqta Meclis reisini\u00f1 muavini Ayder Acimambetov Q\u0131r\u0131m musulmanlar\u0131n\u0131\u00f1 m\u00fcftisi ac\u0131 Emirali Ablayev ile birlikte B\u00fcy\u00fck \u00d6zenba\u015f k\u00f6y\u00fcne i\u015f ziyareti neticelerinden so\u00f1 bildirdi. Cami tamiri meseleleri k\u00f6y musulman cemiyeti azalar\u0131nen k\u00f6r\u00fc\u015f\u00fcvde muzakere etildi. Acimambetov Q\u0131r\u0131m musulmanlar\u0131n\u0131\u00f1 m\u00fcftisi ac\u0131 Emirali [&hellip;]<\/p>\n","protected":false},"author":1,"featured_media":0,"comment_status":"open","ping_status":"open","sticky":false,"template":"","format":"standard","meta":{"inline_featured_image":false,"footnotes":""},"categories":[265],"tags":[],"class_list":["post-40519","post","type-post","status-publish","format-standard","hentry","category-haberler"],"acf":[],"yoast_head":"<!-- This site is optimized with the Yoast SEO plugin v27.4 - https:\/\/yoast.com\/product\/yoast-seo-wordpress\/ -->\n<title>B\u00fcy\u00fck \u00d6zenba\u015f k\u00f6y\u00fcni\u00f1 musulman cemiyeti tarihiy camini tamir etmek niyetinde - \u041c\u0435\u0434\u0436\u043b\u0456\u0441<\/title>\n<meta name=\"robots\" content=\"index, follow, max-snippet:-1, max-image-preview:large, max-video-preview:-1\" \/>\n<link rel=\"canonical\" href=\"https:\/\/qtmm.org\/qt\/buyuk-ozenbas-koyunin-musulman-cemiyeti-tarihiy-camini-tamir-etmek-niyetinde\/\" \/>\n<meta property=\"og:locale\" content=\"en_US\" \/>\n<meta property=\"og:type\" content=\"article\" \/>\n<meta property=\"og:title\" content=\"B\u00fcy\u00fck \u00d6zenba\u015f k\u00f6y\u00fcni\u00f1 musulman cemiyeti tarihiy camini tamir etmek niyetinde - \u041c\u0435\u0434\u0436\u043b\u0456\u0441\" \/>\n<meta property=\"og:description\" content=\"B\u00fcy\u00fck \u00d6zenba\u015f k\u00f6y\u00fcni\u00f1 musulman cemiyeti arhiv mal\u00fcmatlar\u0131na k\u00f6re 300 y\u0131ll\u0131q tarih\u0131 ol\u011fan camini\u00f1 rekonstruktsiyas\u0131n\u0131 ke\u00e7irmek niyetinde. Bu aqta Meclis reisini\u00f1 muavini Ayder Acimambetov Q\u0131r\u0131m musulmanlar\u0131n\u0131\u00f1 m\u00fcftisi ac\u0131 Emirali Ablayev ile birlikte B\u00fcy\u00fck \u00d6zenba\u015f k\u00f6y\u00fcne i\u015f ziyareti neticelerinden so\u00f1 bildirdi. Cami tamiri meseleleri k\u00f6y musulman cemiyeti azalar\u0131nen k\u00f6r\u00fc\u015f\u00fcvde muzakere etildi. Acimambetov Q\u0131r\u0131m musulmanlar\u0131n\u0131\u00f1 m\u00fcftisi ac\u0131 Emirali [&hellip;]\" \/>\n<meta property=\"og:url\" content=\"https:\/\/qtmm.org\/qt\/buyuk-ozenbas-koyunin-musulman-cemiyeti-tarihiy-camini-tamir-etmek-niyetinde\/\" \/>\n<meta property=\"og:site_name\" content=\"\u041c\u0435\u0434\u0436\u043b\u0456\u0441\" \/>\n<meta property=\"article:publisher\" content=\"https:\/\/www.facebook.com\/qtmm.info\/\" \/>\n<meta property=\"article:published_time\" content=\"2013-11-15T17:38:00+00:00\" \/>\n<meta property=\"article:modified_time\" content=\"2022-01-26T17:39:43+00:00\" \/>\n<meta property=\"og:image\" content=\"https:\/\/qtmm.org\/wp-content\/uploads\/2022\/01\/ozenbashcami1.jpeg\" \/>\n\t<meta property=\"og:image:width\" content=\"800\" \/>\n\t<meta property=\"og:image:height\" content=\"536\" \/>\n\t<meta property=\"og:image:type\" content=\"image\/jpeg\" \/>\n<meta name=\"author\" content=\"Developer\" \/>\n<meta name=\"twitter:card\" content=\"summary_large_image\" \/>\n<meta name=\"twitter:label1\" content=\"Written by\" \/>\n\t<meta name=\"twitter:data1\" content=\"Developer\" \/>\n\t<meta name=\"twitter:label2\" content=\"Est. reading time\" \/>\n\t<meta name=\"twitter:data2\" content=\"1 minute\" \/>\n<script type=\"application\/ld+json\" class=\"yoast-schema-graph\">{\"@context\":\"https:\\\/\\\/schema.org\",\"@graph\":[{\"@type\":\"Article\",\"@id\":\"https:\\\/\\\/qtmm.org\\\/qt\\\/buyuk-ozenbas-koyunin-musulman-cemiyeti-tarihiy-camini-tamir-etmek-niyetinde\\\/#article\",\"isPartOf\":{\"@id\":\"https:\\\/\\\/qtmm.org\\\/qt\\\/buyuk-ozenbas-koyunin-musulman-cemiyeti-tarihiy-camini-tamir-etmek-niyetinde\\\/\"},\"author\":{\"name\":\"Developer\",\"@id\":\"https:\\\/\\\/qtmm.org\\\/qt\\\/#\\\/schema\\\/person\\\/de562469f971dec226ac06e60bbf74a7\"},\"headline\":\"B\u00fcy\u00fck \u00d6zenba\u015f k\u00f6y\u00fcni\u00f1 musulman cemiyeti tarihiy camini tamir etmek niyetinde\",\"datePublished\":\"2013-11-15T17:38:00+00:00\",\"dateModified\":\"2022-01-26T17:39:43+00:00\",\"mainEntityOfPage\":{\"@id\":\"https:\\\/\\\/qtmm.org\\\/qt\\\/buyuk-ozenbas-koyunin-musulman-cemiyeti-tarihiy-camini-tamir-etmek-niyetinde\\\/\"},\"wordCount\":178,\"commentCount\":0,\"publisher\":{\"@id\":\"https:\\\/\\\/qtmm.org\\\/qt\\\/#organization\"},\"image\":{\"@id\":\"https:\\\/\\\/qtmm.org\\\/qt\\\/buyuk-ozenbas-koyunin-musulman-cemiyeti-tarihiy-camini-tamir-etmek-niyetinde\\\/#primaryimage\"},\"thumbnailUrl\":\"http:\\\/\\\/qtmm.org\\\/wp-content\\\/uploads\\\/2022\\\/01\\\/ozenbashcami1.jpeg\",\"articleSection\":[\"Haberler\"],\"inLanguage\":\"qt\",\"potentialAction\":[{\"@type\":\"CommentAction\",\"name\":\"Comment\",\"target\":[\"https:\\\/\\\/qtmm.org\\\/qt\\\/buyuk-ozenbas-koyunin-musulman-cemiyeti-tarihiy-camini-tamir-etmek-niyetinde\\\/#respond\"]}]},{\"@type\":\"WebPage\",\"@id\":\"https:\\\/\\\/qtmm.org\\\/qt\\\/buyuk-ozenbas-koyunin-musulman-cemiyeti-tarihiy-camini-tamir-etmek-niyetinde\\\/\",\"url\":\"https:\\\/\\\/qtmm.org\\\/qt\\\/buyuk-ozenbas-koyunin-musulman-cemiyeti-tarihiy-camini-tamir-etmek-niyetinde\\\/\",\"name\":\"B\u00fcy\u00fck \u00d6zenba\u015f k\u00f6y\u00fcni\u00f1 musulman cemiyeti tarihiy camini tamir etmek niyetinde - \u041c\u0435\u0434\u0436\u043b\u0456\u0441\",\"isPartOf\":{\"@id\":\"https:\\\/\\\/qtmm.org\\\/qt\\\/#website\"},\"primaryImageOfPage\":{\"@id\":\"https:\\\/\\\/qtmm.org\\\/qt\\\/buyuk-ozenbas-koyunin-musulman-cemiyeti-tarihiy-camini-tamir-etmek-niyetinde\\\/#primaryimage\"},\"image\":{\"@id\":\"https:\\\/\\\/qtmm.org\\\/qt\\\/buyuk-ozenbas-koyunin-musulman-cemiyeti-tarihiy-camini-tamir-etmek-niyetinde\\\/#primaryimage\"},\"thumbnailUrl\":\"http:\\\/\\\/qtmm.org\\\/wp-content\\\/uploads\\\/2022\\\/01\\\/ozenbashcami1.jpeg\",\"datePublished\":\"2013-11-15T17:38:00+00:00\",\"dateModified\":\"2022-01-26T17:39:43+00:00\",\"breadcrumb\":{\"@id\":\"https:\\\/\\\/qtmm.org\\\/qt\\\/buyuk-ozenbas-koyunin-musulman-cemiyeti-tarihiy-camini-tamir-etmek-niyetinde\\\/#breadcrumb\"},\"inLanguage\":\"qt\",\"potentialAction\":[{\"@type\":\"ReadAction\",\"target\":[\"https:\\\/\\\/qtmm.org\\\/qt\\\/buyuk-ozenbas-koyunin-musulman-cemiyeti-tarihiy-camini-tamir-etmek-niyetinde\\\/\"]}]},{\"@type\":\"ImageObject\",\"inLanguage\":\"qt\",\"@id\":\"https:\\\/\\\/qtmm.org\\\/qt\\\/buyuk-ozenbas-koyunin-musulman-cemiyeti-tarihiy-camini-tamir-etmek-niyetinde\\\/#primaryimage\",\"url\":\"http:\\\/\\\/qtmm.org\\\/wp-content\\\/uploads\\\/2022\\\/01\\\/ozenbashcami1.jpeg\",\"contentUrl\":\"http:\\\/\\\/qtmm.org\\\/wp-content\\\/uploads\\\/2022\\\/01\\\/ozenbashcami1.jpeg\"},{\"@type\":\"BreadcrumbList\",\"@id\":\"https:\\\/\\\/qtmm.org\\\/qt\\\/buyuk-ozenbas-koyunin-musulman-cemiyeti-tarihiy-camini-tamir-etmek-niyetinde\\\/#breadcrumb\",\"itemListElement\":[{\"@type\":\"ListItem\",\"position\":1,\"name\":\"\u0413\u043e\u043b\u043e\u0432\u043d\u0430\",\"item\":\"https:\\\/\\\/qtmm.org\\\/qt\\\/\"},{\"@type\":\"ListItem\",\"position\":2,\"name\":\"B\u00fcy\u00fck \u00d6zenba\u015f k\u00f6y\u00fcni\u00f1 musulman cemiyeti tarihiy camini tamir etmek niyetinde\"}]},{\"@type\":\"WebSite\",\"@id\":\"https:\\\/\\\/qtmm.org\\\/qt\\\/#website\",\"url\":\"https:\\\/\\\/qtmm.org\\\/qt\\\/\",\"name\":\"\u041c\u0435\u0434\u0436\u043b\u0456\u0441\",\"description\":\"\",\"publisher\":{\"@id\":\"https:\\\/\\\/qtmm.org\\\/qt\\\/#organization\"},\"potentialAction\":[{\"@type\":\"SearchAction\",\"target\":{\"@type\":\"EntryPoint\",\"urlTemplate\":\"https:\\\/\\\/qtmm.org\\\/qt\\\/?s={search_term_string}\"},\"query-input\":{\"@type\":\"PropertyValueSpecification\",\"valueRequired\":true,\"valueName\":\"search_term_string\"}}],\"inLanguage\":\"qt\"},{\"@type\":\"Organization\",\"@id\":\"https:\\\/\\\/qtmm.org\\\/qt\\\/#organization\",\"name\":\"\u041c\u0435\u0434\u0436\u043b\u0456\u0441\",\"url\":\"https:\\\/\\\/qtmm.org\\\/qt\\\/\",\"logo\":{\"@type\":\"ImageObject\",\"inLanguage\":\"qt\",\"@id\":\"https:\\\/\\\/qtmm.org\\\/qt\\\/#\\\/schema\\\/logo\\\/image\\\/\",\"url\":\"https:\\\/\\\/qtmm.org\\\/wp-content\\\/uploads\\\/2024\\\/12\\\/ua-mejlis-logo-rgb.svg\",\"contentUrl\":\"https:\\\/\\\/qtmm.org\\\/wp-content\\\/uploads\\\/2024\\\/12\\\/ua-mejlis-logo-rgb.svg\",\"caption\":\"\u041c\u0435\u0434\u0436\u043b\u0456\u0441\"},\"image\":{\"@id\":\"https:\\\/\\\/qtmm.org\\\/qt\\\/#\\\/schema\\\/logo\\\/image\\\/\"},\"sameAs\":[\"https:\\\/\\\/www.facebook.com\\\/qtmm.info\\\/\"]},{\"@type\":\"Person\",\"@id\":\"https:\\\/\\\/qtmm.org\\\/qt\\\/#\\\/schema\\\/person\\\/de562469f971dec226ac06e60bbf74a7\",\"name\":\"Developer\",\"image\":{\"@type\":\"ImageObject\",\"inLanguage\":\"qt\",\"@id\":\"https:\\\/\\\/secure.gravatar.com\\\/avatar\\\/392b4cc8fbfeb00b39dfeeab4ee6edded39ffd48e25858637e4765810300227e?s=96&d=mm&r=g\",\"url\":\"https:\\\/\\\/secure.gravatar.com\\\/avatar\\\/392b4cc8fbfeb00b39dfeeab4ee6edded39ffd48e25858637e4765810300227e?s=96&d=mm&r=g\",\"contentUrl\":\"https:\\\/\\\/secure.gravatar.com\\\/avatar\\\/392b4cc8fbfeb00b39dfeeab4ee6edded39ffd48e25858637e4765810300227e?s=96&d=mm&r=g\",\"caption\":\"Developer\"},\"url\":\"https:\\\/\\\/qtmm.org\\\/qt\\\/author\\\/Developer\\\/\"}]}<\/script>\n<!-- \/ Yoast SEO plugin. -->","yoast_head_json":{"title":"B\u00fcy\u00fck \u00d6zenba\u015f k\u00f6y\u00fcni\u00f1 musulman cemiyeti tarihiy camini tamir etmek niyetinde - \u041c\u0435\u0434\u0436\u043b\u0456\u0441","robots":{"index":"index","follow":"follow","max-snippet":"max-snippet:-1","max-image-preview":"max-image-preview:large","max-video-preview":"max-video-preview:-1"},"canonical":"https:\/\/qtmm.org\/qt\/buyuk-ozenbas-koyunin-musulman-cemiyeti-tarihiy-camini-tamir-etmek-niyetinde\/","og_locale":"en_US","og_type":"article","og_title":"B\u00fcy\u00fck \u00d6zenba\u015f k\u00f6y\u00fcni\u00f1 musulman cemiyeti tarihiy camini tamir etmek niyetinde - \u041c\u0435\u0434\u0436\u043b\u0456\u0441","og_description":"B\u00fcy\u00fck \u00d6zenba\u015f k\u00f6y\u00fcni\u00f1 musulman cemiyeti arhiv mal\u00fcmatlar\u0131na k\u00f6re 300 y\u0131ll\u0131q tarih\u0131 ol\u011fan camini\u00f1 rekonstruktsiyas\u0131n\u0131 ke\u00e7irmek niyetinde. Bu aqta Meclis reisini\u00f1 muavini Ayder Acimambetov Q\u0131r\u0131m musulmanlar\u0131n\u0131\u00f1 m\u00fcftisi ac\u0131 Emirali Ablayev ile birlikte B\u00fcy\u00fck \u00d6zenba\u015f k\u00f6y\u00fcne i\u015f ziyareti neticelerinden so\u00f1 bildirdi. Cami tamiri meseleleri k\u00f6y musulman cemiyeti azalar\u0131nen k\u00f6r\u00fc\u015f\u00fcvde muzakere etildi. Acimambetov Q\u0131r\u0131m musulmanlar\u0131n\u0131\u00f1 m\u00fcftisi ac\u0131 Emirali [&hellip;]","og_url":"https:\/\/qtmm.org\/qt\/buyuk-ozenbas-koyunin-musulman-cemiyeti-tarihiy-camini-tamir-etmek-niyetinde\/","og_site_name":"\u041c\u0435\u0434\u0436\u043b\u0456\u0441","article_publisher":"https:\/\/www.facebook.com\/qtmm.info\/","article_published_time":"2013-11-15T17:38:00+00:00","article_modified_time":"2022-01-26T17:39:43+00:00","og_image":[{"width":800,"height":536,"url":"https:\/\/qtmm.org\/wp-content\/uploads\/2022\/01\/ozenbashcami1.jpeg","type":"image\/jpeg"}],"author":"Developer","twitter_card":"summary_large_image","twitter_misc":{"Written by":"Developer","Est. reading time":"1 minute"},"schema":{"@context":"https:\/\/schema.org","@graph":[{"@type":"Article","@id":"https:\/\/qtmm.org\/qt\/buyuk-ozenbas-koyunin-musulman-cemiyeti-tarihiy-camini-tamir-etmek-niyetinde\/#article","isPartOf":{"@id":"https:\/\/qtmm.org\/qt\/buyuk-ozenbas-koyunin-musulman-cemiyeti-tarihiy-camini-tamir-etmek-niyetinde\/"},"author":{"name":"Developer","@id":"https:\/\/qtmm.org\/qt\/#\/schema\/person\/de562469f971dec226ac06e60bbf74a7"},"headline":"B\u00fcy\u00fck \u00d6zenba\u015f k\u00f6y\u00fcni\u00f1 musulman cemiyeti tarihiy camini tamir etmek niyetinde","datePublished":"2013-11-15T17:38:00+00:00","dateModified":"2022-01-26T17:39:43+00:00","mainEntityOfPage":{"@id":"https:\/\/qtmm.org\/qt\/buyuk-ozenbas-koyunin-musulman-cemiyeti-tarihiy-camini-tamir-etmek-niyetinde\/"},"wordCount":178,"commentCount":0,"publisher":{"@id":"https:\/\/qtmm.org\/qt\/#organization"},"image":{"@id":"https:\/\/qtmm.org\/qt\/buyuk-ozenbas-koyunin-musulman-cemiyeti-tarihiy-camini-tamir-etmek-niyetinde\/#primaryimage"},"thumbnailUrl":"http:\/\/qtmm.org\/wp-content\/uploads\/2022\/01\/ozenbashcami1.jpeg","articleSection":["Haberler"],"inLanguage":"qt","potentialAction":[{"@type":"CommentAction","name":"Comment","target":["https:\/\/qtmm.org\/qt\/buyuk-ozenbas-koyunin-musulman-cemiyeti-tarihiy-camini-tamir-etmek-niyetinde\/#respond"]}]},{"@type":"WebPage","@id":"https:\/\/qtmm.org\/qt\/buyuk-ozenbas-koyunin-musulman-cemiyeti-tarihiy-camini-tamir-etmek-niyetinde\/","url":"https:\/\/qtmm.org\/qt\/buyuk-ozenbas-koyunin-musulman-cemiyeti-tarihiy-camini-tamir-etmek-niyetinde\/","name":"B\u00fcy\u00fck \u00d6zenba\u015f k\u00f6y\u00fcni\u00f1 musulman cemiyeti tarihiy camini tamir etmek niyetinde - \u041c\u0435\u0434\u0436\u043b\u0456\u0441","isPartOf":{"@id":"https:\/\/qtmm.org\/qt\/#website"},"primaryImageOfPage":{"@id":"https:\/\/qtmm.org\/qt\/buyuk-ozenbas-koyunin-musulman-cemiyeti-tarihiy-camini-tamir-etmek-niyetinde\/#primaryimage"},"image":{"@id":"https:\/\/qtmm.org\/qt\/buyuk-ozenbas-koyunin-musulman-cemiyeti-tarihiy-camini-tamir-etmek-niyetinde\/#primaryimage"},"thumbnailUrl":"http:\/\/qtmm.org\/wp-content\/uploads\/2022\/01\/ozenbashcami1.jpeg","datePublished":"2013-11-15T17:38:00+00:00","dateModified":"2022-01-26T17:39:43+00:00","breadcrumb":{"@id":"https:\/\/qtmm.org\/qt\/buyuk-ozenbas-koyunin-musulman-cemiyeti-tarihiy-camini-tamir-etmek-niyetinde\/#breadcrumb"},"inLanguage":"qt","potentialAction":[{"@type":"ReadAction","target":["https:\/\/qtmm.org\/qt\/buyuk-ozenbas-koyunin-musulman-cemiyeti-tarihiy-camini-tamir-etmek-niyetinde\/"]}]},{"@type":"ImageObject","inLanguage":"qt","@id":"https:\/\/qtmm.org\/qt\/buyuk-ozenbas-koyunin-musulman-cemiyeti-tarihiy-camini-tamir-etmek-niyetinde\/#primaryimage","url":"http:\/\/qtmm.org\/wp-content\/uploads\/2022\/01\/ozenbashcami1.jpeg","contentUrl":"http:\/\/qtmm.org\/wp-content\/uploads\/2022\/01\/ozenbashcami1.jpeg"},{"@type":"BreadcrumbList","@id":"https:\/\/qtmm.org\/qt\/buyuk-ozenbas-koyunin-musulman-cemiyeti-tarihiy-camini-tamir-etmek-niyetinde\/#breadcrumb","itemListElement":[{"@type":"ListItem","position":1,"name":"\u0413\u043e\u043b\u043e\u0432\u043d\u0430","item":"https:\/\/qtmm.org\/qt\/"},{"@type":"ListItem","position":2,"name":"B\u00fcy\u00fck \u00d6zenba\u015f k\u00f6y\u00fcni\u00f1 musulman cemiyeti tarihiy camini tamir etmek niyetinde"}]},{"@type":"WebSite","@id":"https:\/\/qtmm.org\/qt\/#website","url":"https:\/\/qtmm.org\/qt\/","name":"\u041c\u0435\u0434\u0436\u043b\u0456\u0441","description":"","publisher":{"@id":"https:\/\/qtmm.org\/qt\/#organization"},"potentialAction":[{"@type":"SearchAction","target":{"@type":"EntryPoint","urlTemplate":"https:\/\/qtmm.org\/qt\/?s={search_term_string}"},"query-input":{"@type":"PropertyValueSpecification","valueRequired":true,"valueName":"search_term_string"}}],"inLanguage":"qt"},{"@type":"Organization","@id":"https:\/\/qtmm.org\/qt\/#organization","name":"\u041c\u0435\u0434\u0436\u043b\u0456\u0441","url":"https:\/\/qtmm.org\/qt\/","logo":{"@type":"ImageObject","inLanguage":"qt","@id":"https:\/\/qtmm.org\/qt\/#\/schema\/logo\/image\/","url":"https:\/\/qtmm.org\/wp-content\/uploads\/2024\/12\/ua-mejlis-logo-rgb.svg","contentUrl":"https:\/\/qtmm.org\/wp-content\/uploads\/2024\/12\/ua-mejlis-logo-rgb.svg","caption":"\u041c\u0435\u0434\u0436\u043b\u0456\u0441"},"image":{"@id":"https:\/\/qtmm.org\/qt\/#\/schema\/logo\/image\/"},"sameAs":["https:\/\/www.facebook.com\/qtmm.info\/"]},{"@type":"Person","@id":"https:\/\/qtmm.org\/qt\/#\/schema\/person\/de562469f971dec226ac06e60bbf74a7","name":"Developer","image":{"@type":"ImageObject","inLanguage":"qt","@id":"https:\/\/secure.gravatar.com\/avatar\/392b4cc8fbfeb00b39dfeeab4ee6edded39ffd48e25858637e4765810300227e?s=96&d=mm&r=g","url":"https:\/\/secure.gravatar.com\/avatar\/392b4cc8fbfeb00b39dfeeab4ee6edded39ffd48e25858637e4765810300227e?s=96&d=mm&r=g","contentUrl":"https:\/\/secure.gravatar.com\/avatar\/392b4cc8fbfeb00b39dfeeab4ee6edded39ffd48e25858637e4765810300227e?s=96&d=mm&r=g","caption":"Developer"},"url":"https:\/\/qtmm.org\/qt\/author\/Developer\/"}]}},"_links":{"self":[{"href":"https:\/\/qtmm.org\/qt\/wp-json\/wp\/v2\/posts\/40519","targetHints":{"allow":["GET"]}}],"collection":[{"href":"https:\/\/qtmm.org\/qt\/wp-json\/wp\/v2\/posts"}],"about":[{"href":"https:\/\/qtmm.org\/qt\/wp-json\/wp\/v2\/types\/post"}],"author":[{"embeddable":true,"href":"https:\/\/qtmm.org\/qt\/wp-json\/wp\/v2\/users\/1"}],"replies":[{"embeddable":true,"href":"https:\/\/qtmm.org\/qt\/wp-json\/wp\/v2\/comments?post=40519"}],"version-history":[{"count":1,"href":"https:\/\/qtmm.org\/qt\/wp-json\/wp\/v2\/posts\/40519\/revisions"}],"predecessor-version":[{"id":40536,"href":"https:\/\/qtmm.org\/qt\/wp-json\/wp\/v2\/posts\/40519\/revisions\/40536"}],"wp:attachment":[{"href":"https:\/\/qtmm.org\/qt\/wp-json\/wp\/v2\/media?parent=40519"}],"wp:term":[{"taxonomy":"category","embeddable":true,"href":"https:\/\/qtmm.org\/qt\/wp-json\/wp\/v2\/categories?post=40519"},{"taxonomy":"post_tag","embeddable":true,"href":"https:\/\/qtmm.org\/qt\/wp-json\/wp\/v2\/tags?post=40519"}],"curies":[{"name":"wp","href":"https:\/\/api.w.org\/{rel}","templated":true}]}}