




{"id":40517,"date":"2013-11-15T20:37:00","date_gmt":"2013-11-15T17:37:00","guid":{"rendered":"http:\/\/qtmm.org\/?p=40517"},"modified":"2022-01-26T20:38:11","modified_gmt":"2022-01-26T17:38:11","slug":"noyabr-15-ten-17-sine-qadar-meclis-reisi-refat-cubarov-is-ziyaretinen-qirimnin-tisinda-bulunmaqta","status":"publish","type":"post","link":"https:\/\/qtmm.org\/qt\/noyabr-15-ten-17-sine-qadar-meclis-reisi-refat-cubarov-is-ziyaretinen-qirimnin-tisinda-bulunmaqta\/","title":{"rendered":"Noyabr 15-ten 17 \u2013sine qadar Meclis reisi Refat \u00c7ubarov i\u015f ziyaretinen Q\u0131r\u0131mn\u0131\u00f1 t\u0131\u015f\u0131nda bulunmaqta"},"content":{"rendered":"\n<p>Noyabr 15-ten 17 \u2013sine qadar Meclis reisi Refat \u00c7ubarov i\u015f ziyaretinen Q\u0131r\u0131mn\u0131\u00f1 t\u0131\u015f\u0131nda bulunmaqta<br><br>\u0130\u015f ziyaretinen Q\u0131r\u0131mn\u0131\u00f1 t\u0131\u015f\u0131nda bulun\u011fan\u0131 munasebeti ve Q\u0131r\u0131mtatar halq\u0131n\u0131\u00f1 Meclisi aqq\u0131ndaki Nizamnameni\u00f1 4.4 maddesine binaen Meclis reisi Refat \u00c7ubarov \u2116 002-r &#8220;Q\u0131r\u0131mtatar halq\u0131 Meclisini\u00f1 vazifesini eda et\u00fcv aqq\u0131nda&#8221; emir berdi.<\/p>\n\n\n\n<p>Emir boyunca Q\u0131r\u0131mtatar halq\u0131 Meclisi vazifesini\u00f1 edas\u0131 noyabr 15-ten 17-sine qadar reis muavini Zaur Smirnov\u011fa avale etildi.<\/p>\n","protected":false},"excerpt":{"rendered":"<p>Noyabr 15-ten 17 \u2013sine qadar Meclis reisi Refat \u00c7ubarov i\u015f ziyaretinen Q\u0131r\u0131mn\u0131\u00f1 t\u0131\u015f\u0131nda bulunmaqta \u0130\u015f ziyaretinen Q\u0131r\u0131mn\u0131\u00f1 t\u0131\u015f\u0131nda bulun\u011fan\u0131 munasebeti ve Q\u0131r\u0131mtatar halq\u0131n\u0131\u00f1 Meclisi aqq\u0131ndaki Nizamnameni\u00f1 4.4 maddesine binaen Meclis reisi Refat \u00c7ubarov \u2116 002-r &#8220;Q\u0131r\u0131mtatar halq\u0131 Meclisini\u00f1 vazifesini eda et\u00fcv aqq\u0131nda&#8221; emir berdi. Emir boyunca Q\u0131r\u0131mtatar halq\u0131 Meclisi vazifesini\u00f1 edas\u0131 noyabr 15-ten 17-sine qadar [&hellip;]<\/p>\n","protected":false},"author":1,"featured_media":0,"comment_status":"open","ping_status":"open","sticky":false,"template":"","format":"standard","meta":{"inline_featured_image":false,"footnotes":""},"categories":[265],"tags":[],"class_list":["post-40517","post","type-post","status-publish","format-standard","hentry","category-haberler"],"acf":[],"yoast_head":"<!-- This site is optimized with the Yoast SEO plugin v27.4 - https:\/\/yoast.com\/product\/yoast-seo-wordpress\/ -->\n<title>Noyabr 15-ten 17 \u2013sine qadar Meclis reisi Refat \u00c7ubarov i\u015f ziyaretinen Q\u0131r\u0131mn\u0131\u00f1 t\u0131\u015f\u0131nda bulunmaqta - \u041c\u0435\u0434\u0436\u043b\u0456\u0441<\/title>\n<meta name=\"robots\" content=\"index, follow, max-snippet:-1, max-image-preview:large, max-video-preview:-1\" \/>\n<link rel=\"canonical\" href=\"https:\/\/qtmm.org\/qt\/noyabr-15-ten-17-sine-qadar-meclis-reisi-refat-cubarov-is-ziyaretinen-qirimnin-tisinda-bulunmaqta\/\" \/>\n<meta property=\"og:locale\" content=\"en_US\" \/>\n<meta property=\"og:type\" content=\"article\" \/>\n<meta property=\"og:title\" content=\"Noyabr 15-ten 17 \u2013sine qadar Meclis reisi Refat \u00c7ubarov i\u015f ziyaretinen Q\u0131r\u0131mn\u0131\u00f1 t\u0131\u015f\u0131nda bulunmaqta - \u041c\u0435\u0434\u0436\u043b\u0456\u0441\" \/>\n<meta property=\"og:description\" content=\"Noyabr 15-ten 17 \u2013sine qadar Meclis reisi Refat \u00c7ubarov i\u015f ziyaretinen Q\u0131r\u0131mn\u0131\u00f1 t\u0131\u015f\u0131nda bulunmaqta \u0130\u015f ziyaretinen Q\u0131r\u0131mn\u0131\u00f1 t\u0131\u015f\u0131nda bulun\u011fan\u0131 munasebeti ve Q\u0131r\u0131mtatar halq\u0131n\u0131\u00f1 Meclisi aqq\u0131ndaki Nizamnameni\u00f1 4.4 maddesine binaen Meclis reisi Refat \u00c7ubarov \u2116 002-r &#8220;Q\u0131r\u0131mtatar halq\u0131 Meclisini\u00f1 vazifesini eda et\u00fcv aqq\u0131nda&#8221; emir berdi. Emir boyunca Q\u0131r\u0131mtatar halq\u0131 Meclisi vazifesini\u00f1 edas\u0131 noyabr 15-ten 17-sine qadar [&hellip;]\" \/>\n<meta property=\"og:url\" content=\"https:\/\/qtmm.org\/qt\/noyabr-15-ten-17-sine-qadar-meclis-reisi-refat-cubarov-is-ziyaretinen-qirimnin-tisinda-bulunmaqta\/\" \/>\n<meta property=\"og:site_name\" content=\"\u041c\u0435\u0434\u0436\u043b\u0456\u0441\" \/>\n<meta property=\"article:publisher\" content=\"https:\/\/www.facebook.com\/qtmm.info\/\" \/>\n<meta property=\"article:published_time\" content=\"2013-11-15T17:37:00+00:00\" \/>\n<meta property=\"article:modified_time\" content=\"2022-01-26T17:38:11+00:00\" \/>\n<meta name=\"author\" content=\"Developer\" \/>\n<meta name=\"twitter:card\" content=\"summary_large_image\" \/>\n<meta name=\"twitter:label1\" content=\"Written by\" \/>\n\t<meta name=\"twitter:data1\" content=\"Developer\" \/>\n<script type=\"application\/ld+json\" class=\"yoast-schema-graph\">{\"@context\":\"https:\\\/\\\/schema.org\",\"@graph\":[{\"@type\":\"Article\",\"@id\":\"https:\\\/\\\/qtmm.org\\\/qt\\\/noyabr-15-ten-17-sine-qadar-meclis-reisi-refat-cubarov-is-ziyaretinen-qirimnin-tisinda-bulunmaqta\\\/#article\",\"isPartOf\":{\"@id\":\"https:\\\/\\\/qtmm.org\\\/qt\\\/noyabr-15-ten-17-sine-qadar-meclis-reisi-refat-cubarov-is-ziyaretinen-qirimnin-tisinda-bulunmaqta\\\/\"},\"author\":{\"name\":\"Developer\",\"@id\":\"https:\\\/\\\/qtmm.org\\\/qt\\\/#\\\/schema\\\/person\\\/de562469f971dec226ac06e60bbf74a7\"},\"headline\":\"Noyabr 15-ten 17 \u2013sine qadar Meclis reisi Refat \u00c7ubarov i\u015f ziyaretinen Q\u0131r\u0131mn\u0131\u00f1 t\u0131\u015f\u0131nda bulunmaqta\",\"datePublished\":\"2013-11-15T17:37:00+00:00\",\"dateModified\":\"2022-01-26T17:38:11+00:00\",\"mainEntityOfPage\":{\"@id\":\"https:\\\/\\\/qtmm.org\\\/qt\\\/noyabr-15-ten-17-sine-qadar-meclis-reisi-refat-cubarov-is-ziyaretinen-qirimnin-tisinda-bulunmaqta\\\/\"},\"wordCount\":91,\"commentCount\":0,\"publisher\":{\"@id\":\"https:\\\/\\\/qtmm.org\\\/qt\\\/#organization\"},\"articleSection\":[\"Haberler\"],\"inLanguage\":\"qt\",\"potentialAction\":[{\"@type\":\"CommentAction\",\"name\":\"Comment\",\"target\":[\"https:\\\/\\\/qtmm.org\\\/qt\\\/noyabr-15-ten-17-sine-qadar-meclis-reisi-refat-cubarov-is-ziyaretinen-qirimnin-tisinda-bulunmaqta\\\/#respond\"]}]},{\"@type\":\"WebPage\",\"@id\":\"https:\\\/\\\/qtmm.org\\\/qt\\\/noyabr-15-ten-17-sine-qadar-meclis-reisi-refat-cubarov-is-ziyaretinen-qirimnin-tisinda-bulunmaqta\\\/\",\"url\":\"https:\\\/\\\/qtmm.org\\\/qt\\\/noyabr-15-ten-17-sine-qadar-meclis-reisi-refat-cubarov-is-ziyaretinen-qirimnin-tisinda-bulunmaqta\\\/\",\"name\":\"Noyabr 15-ten 17 \u2013sine qadar Meclis reisi Refat \u00c7ubarov i\u015f ziyaretinen Q\u0131r\u0131mn\u0131\u00f1 t\u0131\u015f\u0131nda bulunmaqta - \u041c\u0435\u0434\u0436\u043b\u0456\u0441\",\"isPartOf\":{\"@id\":\"https:\\\/\\\/qtmm.org\\\/qt\\\/#website\"},\"datePublished\":\"2013-11-15T17:37:00+00:00\",\"dateModified\":\"2022-01-26T17:38:11+00:00\",\"breadcrumb\":{\"@id\":\"https:\\\/\\\/qtmm.org\\\/qt\\\/noyabr-15-ten-17-sine-qadar-meclis-reisi-refat-cubarov-is-ziyaretinen-qirimnin-tisinda-bulunmaqta\\\/#breadcrumb\"},\"inLanguage\":\"qt\",\"potentialAction\":[{\"@type\":\"ReadAction\",\"target\":[\"https:\\\/\\\/qtmm.org\\\/qt\\\/noyabr-15-ten-17-sine-qadar-meclis-reisi-refat-cubarov-is-ziyaretinen-qirimnin-tisinda-bulunmaqta\\\/\"]}]},{\"@type\":\"BreadcrumbList\",\"@id\":\"https:\\\/\\\/qtmm.org\\\/qt\\\/noyabr-15-ten-17-sine-qadar-meclis-reisi-refat-cubarov-is-ziyaretinen-qirimnin-tisinda-bulunmaqta\\\/#breadcrumb\",\"itemListElement\":[{\"@type\":\"ListItem\",\"position\":1,\"name\":\"\u0413\u043e\u043b\u043e\u0432\u043d\u0430\",\"item\":\"https:\\\/\\\/qtmm.org\\\/qt\\\/\"},{\"@type\":\"ListItem\",\"position\":2,\"name\":\"Noyabr 15-ten 17 \u2013sine qadar Meclis reisi Refat \u00c7ubarov i\u015f ziyaretinen Q\u0131r\u0131mn\u0131\u00f1 t\u0131\u015f\u0131nda bulunmaqta\"}]},{\"@type\":\"WebSite\",\"@id\":\"https:\\\/\\\/qtmm.org\\\/qt\\\/#website\",\"url\":\"https:\\\/\\\/qtmm.org\\\/qt\\\/\",\"name\":\"\u041c\u0435\u0434\u0436\u043b\u0456\u0441\",\"description\":\"\",\"publisher\":{\"@id\":\"https:\\\/\\\/qtmm.org\\\/qt\\\/#organization\"},\"potentialAction\":[{\"@type\":\"SearchAction\",\"target\":{\"@type\":\"EntryPoint\",\"urlTemplate\":\"https:\\\/\\\/qtmm.org\\\/qt\\\/?s={search_term_string}\"},\"query-input\":{\"@type\":\"PropertyValueSpecification\",\"valueRequired\":true,\"valueName\":\"search_term_string\"}}],\"inLanguage\":\"qt\"},{\"@type\":\"Organization\",\"@id\":\"https:\\\/\\\/qtmm.org\\\/qt\\\/#organization\",\"name\":\"\u041c\u0435\u0434\u0436\u043b\u0456\u0441\",\"url\":\"https:\\\/\\\/qtmm.org\\\/qt\\\/\",\"logo\":{\"@type\":\"ImageObject\",\"inLanguage\":\"qt\",\"@id\":\"https:\\\/\\\/qtmm.org\\\/qt\\\/#\\\/schema\\\/logo\\\/image\\\/\",\"url\":\"https:\\\/\\\/qtmm.org\\\/wp-content\\\/uploads\\\/2024\\\/12\\\/ua-mejlis-logo-rgb.svg\",\"contentUrl\":\"https:\\\/\\\/qtmm.org\\\/wp-content\\\/uploads\\\/2024\\\/12\\\/ua-mejlis-logo-rgb.svg\",\"caption\":\"\u041c\u0435\u0434\u0436\u043b\u0456\u0441\"},\"image\":{\"@id\":\"https:\\\/\\\/qtmm.org\\\/qt\\\/#\\\/schema\\\/logo\\\/image\\\/\"},\"sameAs\":[\"https:\\\/\\\/www.facebook.com\\\/qtmm.info\\\/\"]},{\"@type\":\"Person\",\"@id\":\"https:\\\/\\\/qtmm.org\\\/qt\\\/#\\\/schema\\\/person\\\/de562469f971dec226ac06e60bbf74a7\",\"name\":\"Developer\",\"image\":{\"@type\":\"ImageObject\",\"inLanguage\":\"qt\",\"@id\":\"https:\\\/\\\/secure.gravatar.com\\\/avatar\\\/392b4cc8fbfeb00b39dfeeab4ee6edded39ffd48e25858637e4765810300227e?s=96&d=mm&r=g\",\"url\":\"https:\\\/\\\/secure.gravatar.com\\\/avatar\\\/392b4cc8fbfeb00b39dfeeab4ee6edded39ffd48e25858637e4765810300227e?s=96&d=mm&r=g\",\"contentUrl\":\"https:\\\/\\\/secure.gravatar.com\\\/avatar\\\/392b4cc8fbfeb00b39dfeeab4ee6edded39ffd48e25858637e4765810300227e?s=96&d=mm&r=g\",\"caption\":\"Developer\"},\"url\":\"https:\\\/\\\/qtmm.org\\\/qt\\\/author\\\/Developer\\\/\"}]}<\/script>\n<!-- \/ Yoast SEO plugin. -->","yoast_head_json":{"title":"Noyabr 15-ten 17 \u2013sine qadar Meclis reisi Refat \u00c7ubarov i\u015f ziyaretinen Q\u0131r\u0131mn\u0131\u00f1 t\u0131\u015f\u0131nda bulunmaqta - \u041c\u0435\u0434\u0436\u043b\u0456\u0441","robots":{"index":"index","follow":"follow","max-snippet":"max-snippet:-1","max-image-preview":"max-image-preview:large","max-video-preview":"max-video-preview:-1"},"canonical":"https:\/\/qtmm.org\/qt\/noyabr-15-ten-17-sine-qadar-meclis-reisi-refat-cubarov-is-ziyaretinen-qirimnin-tisinda-bulunmaqta\/","og_locale":"en_US","og_type":"article","og_title":"Noyabr 15-ten 17 \u2013sine qadar Meclis reisi Refat \u00c7ubarov i\u015f ziyaretinen Q\u0131r\u0131mn\u0131\u00f1 t\u0131\u015f\u0131nda bulunmaqta - \u041c\u0435\u0434\u0436\u043b\u0456\u0441","og_description":"Noyabr 15-ten 17 \u2013sine qadar Meclis reisi Refat \u00c7ubarov i\u015f ziyaretinen Q\u0131r\u0131mn\u0131\u00f1 t\u0131\u015f\u0131nda bulunmaqta \u0130\u015f ziyaretinen Q\u0131r\u0131mn\u0131\u00f1 t\u0131\u015f\u0131nda bulun\u011fan\u0131 munasebeti ve Q\u0131r\u0131mtatar halq\u0131n\u0131\u00f1 Meclisi aqq\u0131ndaki Nizamnameni\u00f1 4.4 maddesine binaen Meclis reisi Refat \u00c7ubarov \u2116 002-r &#8220;Q\u0131r\u0131mtatar halq\u0131 Meclisini\u00f1 vazifesini eda et\u00fcv aqq\u0131nda&#8221; emir berdi. Emir boyunca Q\u0131r\u0131mtatar halq\u0131 Meclisi vazifesini\u00f1 edas\u0131 noyabr 15-ten 17-sine qadar [&hellip;]","og_url":"https:\/\/qtmm.org\/qt\/noyabr-15-ten-17-sine-qadar-meclis-reisi-refat-cubarov-is-ziyaretinen-qirimnin-tisinda-bulunmaqta\/","og_site_name":"\u041c\u0435\u0434\u0436\u043b\u0456\u0441","article_publisher":"https:\/\/www.facebook.com\/qtmm.info\/","article_published_time":"2013-11-15T17:37:00+00:00","article_modified_time":"2022-01-26T17:38:11+00:00","author":"Developer","twitter_card":"summary_large_image","twitter_misc":{"Written by":"Developer"},"schema":{"@context":"https:\/\/schema.org","@graph":[{"@type":"Article","@id":"https:\/\/qtmm.org\/qt\/noyabr-15-ten-17-sine-qadar-meclis-reisi-refat-cubarov-is-ziyaretinen-qirimnin-tisinda-bulunmaqta\/#article","isPartOf":{"@id":"https:\/\/qtmm.org\/qt\/noyabr-15-ten-17-sine-qadar-meclis-reisi-refat-cubarov-is-ziyaretinen-qirimnin-tisinda-bulunmaqta\/"},"author":{"name":"Developer","@id":"https:\/\/qtmm.org\/qt\/#\/schema\/person\/de562469f971dec226ac06e60bbf74a7"},"headline":"Noyabr 15-ten 17 \u2013sine qadar Meclis reisi Refat \u00c7ubarov i\u015f ziyaretinen Q\u0131r\u0131mn\u0131\u00f1 t\u0131\u015f\u0131nda bulunmaqta","datePublished":"2013-11-15T17:37:00+00:00","dateModified":"2022-01-26T17:38:11+00:00","mainEntityOfPage":{"@id":"https:\/\/qtmm.org\/qt\/noyabr-15-ten-17-sine-qadar-meclis-reisi-refat-cubarov-is-ziyaretinen-qirimnin-tisinda-bulunmaqta\/"},"wordCount":91,"commentCount":0,"publisher":{"@id":"https:\/\/qtmm.org\/qt\/#organization"},"articleSection":["Haberler"],"inLanguage":"qt","potentialAction":[{"@type":"CommentAction","name":"Comment","target":["https:\/\/qtmm.org\/qt\/noyabr-15-ten-17-sine-qadar-meclis-reisi-refat-cubarov-is-ziyaretinen-qirimnin-tisinda-bulunmaqta\/#respond"]}]},{"@type":"WebPage","@id":"https:\/\/qtmm.org\/qt\/noyabr-15-ten-17-sine-qadar-meclis-reisi-refat-cubarov-is-ziyaretinen-qirimnin-tisinda-bulunmaqta\/","url":"https:\/\/qtmm.org\/qt\/noyabr-15-ten-17-sine-qadar-meclis-reisi-refat-cubarov-is-ziyaretinen-qirimnin-tisinda-bulunmaqta\/","name":"Noyabr 15-ten 17 \u2013sine qadar Meclis reisi Refat \u00c7ubarov i\u015f ziyaretinen Q\u0131r\u0131mn\u0131\u00f1 t\u0131\u015f\u0131nda bulunmaqta - \u041c\u0435\u0434\u0436\u043b\u0456\u0441","isPartOf":{"@id":"https:\/\/qtmm.org\/qt\/#website"},"datePublished":"2013-11-15T17:37:00+00:00","dateModified":"2022-01-26T17:38:11+00:00","breadcrumb":{"@id":"https:\/\/qtmm.org\/qt\/noyabr-15-ten-17-sine-qadar-meclis-reisi-refat-cubarov-is-ziyaretinen-qirimnin-tisinda-bulunmaqta\/#breadcrumb"},"inLanguage":"qt","potentialAction":[{"@type":"ReadAction","target":["https:\/\/qtmm.org\/qt\/noyabr-15-ten-17-sine-qadar-meclis-reisi-refat-cubarov-is-ziyaretinen-qirimnin-tisinda-bulunmaqta\/"]}]},{"@type":"BreadcrumbList","@id":"https:\/\/qtmm.org\/qt\/noyabr-15-ten-17-sine-qadar-meclis-reisi-refat-cubarov-is-ziyaretinen-qirimnin-tisinda-bulunmaqta\/#breadcrumb","itemListElement":[{"@type":"ListItem","position":1,"name":"\u0413\u043e\u043b\u043e\u0432\u043d\u0430","item":"https:\/\/qtmm.org\/qt\/"},{"@type":"ListItem","position":2,"name":"Noyabr 15-ten 17 \u2013sine qadar Meclis reisi Refat \u00c7ubarov i\u015f ziyaretinen Q\u0131r\u0131mn\u0131\u00f1 t\u0131\u015f\u0131nda bulunmaqta"}]},{"@type":"WebSite","@id":"https:\/\/qtmm.org\/qt\/#website","url":"https:\/\/qtmm.org\/qt\/","name":"\u041c\u0435\u0434\u0436\u043b\u0456\u0441","description":"","publisher":{"@id":"https:\/\/qtmm.org\/qt\/#organization"},"potentialAction":[{"@type":"SearchAction","target":{"@type":"EntryPoint","urlTemplate":"https:\/\/qtmm.org\/qt\/?s={search_term_string}"},"query-input":{"@type":"PropertyValueSpecification","valueRequired":true,"valueName":"search_term_string"}}],"inLanguage":"qt"},{"@type":"Organization","@id":"https:\/\/qtmm.org\/qt\/#organization","name":"\u041c\u0435\u0434\u0436\u043b\u0456\u0441","url":"https:\/\/qtmm.org\/qt\/","logo":{"@type":"ImageObject","inLanguage":"qt","@id":"https:\/\/qtmm.org\/qt\/#\/schema\/logo\/image\/","url":"https:\/\/qtmm.org\/wp-content\/uploads\/2024\/12\/ua-mejlis-logo-rgb.svg","contentUrl":"https:\/\/qtmm.org\/wp-content\/uploads\/2024\/12\/ua-mejlis-logo-rgb.svg","caption":"\u041c\u0435\u0434\u0436\u043b\u0456\u0441"},"image":{"@id":"https:\/\/qtmm.org\/qt\/#\/schema\/logo\/image\/"},"sameAs":["https:\/\/www.facebook.com\/qtmm.info\/"]},{"@type":"Person","@id":"https:\/\/qtmm.org\/qt\/#\/schema\/person\/de562469f971dec226ac06e60bbf74a7","name":"Developer","image":{"@type":"ImageObject","inLanguage":"qt","@id":"https:\/\/secure.gravatar.com\/avatar\/392b4cc8fbfeb00b39dfeeab4ee6edded39ffd48e25858637e4765810300227e?s=96&d=mm&r=g","url":"https:\/\/secure.gravatar.com\/avatar\/392b4cc8fbfeb00b39dfeeab4ee6edded39ffd48e25858637e4765810300227e?s=96&d=mm&r=g","contentUrl":"https:\/\/secure.gravatar.com\/avatar\/392b4cc8fbfeb00b39dfeeab4ee6edded39ffd48e25858637e4765810300227e?s=96&d=mm&r=g","caption":"Developer"},"url":"https:\/\/qtmm.org\/qt\/author\/Developer\/"}]}},"_links":{"self":[{"href":"https:\/\/qtmm.org\/qt\/wp-json\/wp\/v2\/posts\/40517","targetHints":{"allow":["GET"]}}],"collection":[{"href":"https:\/\/qtmm.org\/qt\/wp-json\/wp\/v2\/posts"}],"about":[{"href":"https:\/\/qtmm.org\/qt\/wp-json\/wp\/v2\/types\/post"}],"author":[{"embeddable":true,"href":"https:\/\/qtmm.org\/qt\/wp-json\/wp\/v2\/users\/1"}],"replies":[{"embeddable":true,"href":"https:\/\/qtmm.org\/qt\/wp-json\/wp\/v2\/comments?post=40517"}],"version-history":[{"count":1,"href":"https:\/\/qtmm.org\/qt\/wp-json\/wp\/v2\/posts\/40517\/revisions"}],"predecessor-version":[{"id":40518,"href":"https:\/\/qtmm.org\/qt\/wp-json\/wp\/v2\/posts\/40517\/revisions\/40518"}],"wp:attachment":[{"href":"https:\/\/qtmm.org\/qt\/wp-json\/wp\/v2\/media?parent=40517"}],"wp:term":[{"taxonomy":"category","embeddable":true,"href":"https:\/\/qtmm.org\/qt\/wp-json\/wp\/v2\/categories?post=40517"},{"taxonomy":"post_tag","embeddable":true,"href":"https:\/\/qtmm.org\/qt\/wp-json\/wp\/v2\/tags?post=40517"}],"curies":[{"name":"wp","href":"https:\/\/api.w.org\/{rel}","templated":true}]}}