




{"id":40475,"date":"2013-11-14T20:34:00","date_gmt":"2013-11-14T17:34:00","guid":{"rendered":"http:\/\/qtmm.org\/?p=40475"},"modified":"2022-01-26T20:37:40","modified_gmt":"2022-01-26T17:37:40","slug":"meclis-reisi-emin-ki-yalta-akimleri-filologiya-ilimleri-doktori-professor-adile-emirovaga-yaltanin-fahriy-vatandasi-unvanini-bermek-kerekler","status":"publish","type":"post","link":"https:\/\/qtmm.org\/qt\/meclis-reisi-emin-ki-yalta-akimleri-filologiya-ilimleri-doktori-professor-adile-emirovaga-yaltanin-fahriy-vatandasi-unvanini-bermek-kerekler\/","title":{"rendered":"Meclis reisi emin ki, Yalta akimleri filologiya ilimleri doktor\u0131, professor Adile Emirova\u011fa \u00abYaltan\u0131\u00f1 fahriy vatanda\u015f\u0131\u00bb unvan\u0131n\u0131 bermek kerekler"},"content":{"rendered":"\n<p>2013 senesi noyabr 14 k\u00fcn\u00fc QMPUda filologiya ilimleri doktor\u0131, professor Adile Emirovan\u0131\u00f1 80 y\u0131ll\u0131\u011f\u0131na ba\u011f\u0131\u015flan\u011fan &#8220;Zemaneviy filologiya: problemler ve istiqballer&#8221; mevzus\u0131nda halqara ilmiy konferentsiya ol\u0131p ke\u00e7t.<\/p>\n\n\n\n<p>Konferentsiya a\u00e7\u0131l\u0131\u015f\u0131da Q\u0131r\u0131mtatar halq\u0131 Meclisini\u00f1 reisi Refat \u00c7ubarov, Meclisni\u00f1 q\u0131r\u0131mtatar tilinde tasil, q\u0131r\u0131mtatar tilini Q\u0131r\u0131mn\u0131\u00f1 devlet ve cemaat \u00f6m\u00fcrini\u00f1 b\u00fct\u00fcn saalar\u0131na tadbiq et\u00fcv meseleleri idaresini\u00f1 ba\u015f\u0131 Emine Avamileva, Meclis azalar\u0131 \u015eevket Qaybullayev ve \u0130braim \u00c7egertma, Q\u0131r\u0131m tasil nazirini\u00f1 q\u0131r\u0131mtatar tilinde tasil meselelerini idare etken muavini Lemara Selendili, Q\u0131r\u0131m Nazirler \u015euras\u0131 yan\u0131nda Ekspert ke\u00f1e\u015fni\u00f1 reisi Aleksandr Forman\u00e7uk, QMPU ve V.\u0130. Vernadskiy ad\u0131na TMU professor-ocalar erk\u00e2nlar\u0131, Adile Emirovan\u0131\u00f1 sab\u0131q talebeleri ve studentler i\u015ftirak ettiler.<\/p>\n\n\n\n<figure class=\"wp-block-image size-full\"><img loading=\"lazy\" decoding=\"async\" width=\"651\" height=\"446\" src=\"http:\/\/qtmm.org\/wp-content\/uploads\/2022\/01\/img_2708.jpeg\" alt=\"\" class=\"wp-image-40480\" srcset=\"https:\/\/qtmm.org\/wp-content\/uploads\/2022\/01\/img_2708.jpeg 651w, https:\/\/qtmm.org\/wp-content\/uploads\/2022\/01\/img_2708-300x206.jpeg 300w\" sizes=\"auto, (max-width: 651px) 100vw, 651px\" \/><\/figure>\n\n\n\n<p>Adile Emirovan\u0131 do\u011f\u011fan k\u00fcn\u00fc ile on\u0131\u00f1 \u00e7oqtan-\u00e7oq dostlar\u0131, zenaatda\u015flar\u0131 ve talebeleri hay\u0131rlad\u0131lar. QMPUn\u0131\u00f1 &#8220;Selsebil&#8221; kemaneciler ansambli klassik ve milliy avalarn\u0131 \u00e7ald\u0131, so\u00f1ra tedbirde \u015fahsen i\u015ftirak etip olama\u011fan QMPU rektor\u0131, tehnika ilimleri doktor\u0131, professor Fevzi Yaqubovn\u0131\u00f1 hay\u0131rlav mekt\u00fcbi oquld\u0131.<\/p>\n\n\n\n<figure class=\"wp-block-image size-full\"><img loading=\"lazy\" decoding=\"async\" width=\"650\" height=\"299\" src=\"http:\/\/qtmm.org\/wp-content\/uploads\/2022\/01\/img_2710.jpeg\" alt=\"\" class=\"wp-image-40484\" srcset=\"https:\/\/qtmm.org\/wp-content\/uploads\/2022\/01\/img_2710.jpeg 650w, https:\/\/qtmm.org\/wp-content\/uploads\/2022\/01\/img_2710-300x138.jpeg 300w\" sizes=\"auto, (max-width: 650px) 100vw, 650px\" \/><\/figure>\n\n\n\n<p>Filologiya ilimleri doktor\u0131, Ukraina ilim ve tehnika saas\u0131nda nam qazan\u011fan erbab\u0131, Ukraina yaz\u0131c\u0131lar\u0131 milliy birligini\u00f1 azas\u0131 Adile Emirova\u011fa hay\u0131rlav s\u00f6zleri ile Meclis reisi Refat \u00c7ubarov h\u0131tap etti.<\/p>\n\n\n\n<figure class=\"wp-block-image size-full\"><img loading=\"lazy\" decoding=\"async\" width=\"650\" height=\"373\" src=\"http:\/\/qtmm.org\/wp-content\/uploads\/2022\/01\/img_2715.jpeg\" alt=\"\" class=\"wp-image-40488\" srcset=\"https:\/\/qtmm.org\/wp-content\/uploads\/2022\/01\/img_2715.jpeg 650w, https:\/\/qtmm.org\/wp-content\/uploads\/2022\/01\/img_2715-300x172.jpeg 300w\" sizes=\"auto, (max-width: 650px) 100vw, 650px\" \/><\/figure>\n\n\n\n<p>&#8220;\u00d6yle bir insanlar bar ki, olarn\u0131 sevmemek, olar ile dostla\u015fmamaq m\u00fcmk\u00fcn degil. Adile han\u0131m b\u00f6yle insanlardand\u0131r. Adile han\u0131m 1957 senesi Samarqandda universitet bitirdi, men ise o senesi d\u00fcnya\u011fa keldim. Endi bizge baq\u0131\u00f1\u0131z da, s\u00f6yle\u00f1iz, angi birimiz 80 ya\u015f\u0131n\u0131 toldurd\u0131q? Baq\u0131\u00f1\u0131z, bizim professor\u0131m\u0131z ne qadar ya\u015f ve d\u00fclber.<\/p>\n\n\n\n<figure class=\"wp-block-image size-full\"><img loading=\"lazy\" decoding=\"async\" width=\"650\" height=\"361\" src=\"http:\/\/qtmm.org\/wp-content\/uploads\/2022\/01\/img_2727.jpeg\" alt=\"\" class=\"wp-image-40492\" srcset=\"https:\/\/qtmm.org\/wp-content\/uploads\/2022\/01\/img_2727.jpeg 650w, https:\/\/qtmm.org\/wp-content\/uploads\/2022\/01\/img_2727-300x167.jpeg 300w\" sizes=\"auto, (max-width: 650px) 100vw, 650px\" \/><\/figure>\n\n\n\n<p>Say\u011f\u0131l\u0131 dostlar, \u00fcrmetli professor, doktor\u0131m\u0131z Adile han\u0131m kibi insanlar sayesinde halq\u0131m\u0131z \u011fayr\u0131dan tiklenmekte, ayaqta qalmaqta, \u00e7\u00fcnki on\u0131\u00f1 tili, edebiyat\u0131, medeniyeti kene canlanaca\u011f\u0131 ve as\u0131rlarca saqlan\u0131p qalaca\u011f\u0131nda emindir&#8221;, &#8211; dedi R. \u00c7ubarov.<\/p>\n\n\n\n<p>Meclis reisi ve konferentsiyada i\u015ftirak etken Meclis azalar\u0131 yubil\u00e2r\u011fa Milliy Meclis ad\u0131ndan q\u0131r\u0131mtatar tilini\u00f1 inki\u015faf\u0131na qo\u015fqan salmaql\u0131 issesi i\u00e7\u00fcn \u015eeref yarl\u0131\u011f\u0131 ve bir sepet g\u00fcl taqdim ettiler. Bun\u0131\u00f1 kibi de Refat \u00c7ubarov filologiya ilimleri doktor\u0131, professor Adile Emirova\u011fa &#8220;Yaltan\u0131\u00f1 fahriy vatanda\u015f\u0131&#8221; unvan\u0131n\u0131 bermekni teklif etti.<\/p>\n\n\n\n<figure class=\"wp-block-image size-full\"><img loading=\"lazy\" decoding=\"async\" width=\"650\" height=\"356\" src=\"http:\/\/qtmm.org\/wp-content\/uploads\/2022\/01\/img_2721.jpeg\" alt=\"\" class=\"wp-image-40496\" srcset=\"https:\/\/qtmm.org\/wp-content\/uploads\/2022\/01\/img_2721.jpeg 650w, https:\/\/qtmm.org\/wp-content\/uploads\/2022\/01\/img_2721-300x164.jpeg 300w\" sizes=\"auto, (max-width: 650px) 100vw, 650px\" \/><\/figure>\n\n\n\n<p>&#8220;Men pek \u00fcm\u00fct etem ki, Adile han\u0131m do\u011fd\u0131\u011f\u0131 Yalta \u015feerini\u00f1 akimleri s\u0131q-s\u0131q de\u00f1i\u015fip tur\u011fanlar\u0131na baqmadan o\u00f1a &#8220;Yaltan\u0131\u00f1 fahriy vatanda\u015f\u0131&#8221; unvan\u0131n\u0131 bermek imk\u00e2n\u0131n\u0131 bul\u0131rlar. Adile han\u0131m tek q\u0131r\u0131mtatar cemiyetini\u00f1 inki\u015faf\u0131 ve tilini\u00f1 saqlan\u0131p qalmas\u0131na degil de, Q\u0131r\u0131mn\u0131\u00f1 kelecegine de qo\u015fqan issesi ne qadar emiyetli ve salmaql\u0131 ol\u011fan\u0131n\u0131 yah\u015f\u0131 bilemiz. Zan\u0131mca, Yalta akimiyeti e\u00f1 yaq\u0131n zamanda ve bug\u00fcn konferentsiyada bulun\u011fan akimiyet vekillerini\u00f1 qoltutuv\u0131nda m\u00fcsbet qarar al\u0131rlar ve balal\u0131\u011f\u0131nda s\u00fcrg\u00fcn etilip, de\u015fetli s\u0131navlardan ke\u00e7erek b\u00f6yle y\u00fcksekliklerge iri\u015fken insan\u011fa Yaltan\u0131\u00f1 fahriy vatanda\u015f\u0131, degen unvan berirler. Bu Q\u0131r\u0131m ayaqta tik qal\u011fan\u0131, q\u0131r\u0131mtatar halq\u0131 ayaqta tik qal\u011fan\u0131n\u0131\u00f1 timsali, Q\u0131r\u0131m nas\u0131l olmaq kerekligini\u00f1 \u00f6rnegi olur. Q\u0131r\u0131m topra\u011f\u0131 \u00f6z insanlar\u0131n\u0131\u00f1 q\u0131ymetini bilmek kerek&#8221;, &#8211; dedi eminliknen R. \u00c7ubarov.<\/p>\n\n\n\n<figure class=\"wp-block-image size-full\"><img loading=\"lazy\" decoding=\"async\" width=\"650\" height=\"297\" src=\"http:\/\/qtmm.org\/wp-content\/uploads\/2022\/01\/img_2723.jpeg\" alt=\"\" class=\"wp-image-40500\" srcset=\"https:\/\/qtmm.org\/wp-content\/uploads\/2022\/01\/img_2723.jpeg 650w, https:\/\/qtmm.org\/wp-content\/uploads\/2022\/01\/img_2723-300x137.jpeg 300w\" sizes=\"auto, (max-width: 650px) 100vw, 650px\" \/><\/figure>\n\n\n\n<p>So\u00f1ra Q\u0131r\u0131m Yuqar\u0131 \u015euras\u0131n\u0131\u00f1 reisi Vladimir Konstantinovdan kelgen hay\u0131rlav mekt\u00fcbi seslendirildi.<\/p>\n\n\n\n<p>Q\u0131r\u0131m Tasil nazirini\u00f1 muavini Lemara Selendili Q\u0131r\u0131m tasil naziri Natalya Gon\u00e7arova ad\u0131ndan Adile Emirovan\u0131 do\u011f\u011fan k\u00fcn\u00fc ile hay\u0131rlap, o\u00f1a qaviy sa\u011fl\u0131q tiledi. \u015eahsen kendisi ad\u0131ndan ise yubil\u00e2r\u011fa tasilge qo\u015fqan b\u00fcy\u00fck issesi i\u00e7\u00fcn te\u015fekk\u00fcr bildirdi.<\/p>\n\n\n\n<figure class=\"wp-block-image size-full\"><img loading=\"lazy\" decoding=\"async\" width=\"650\" height=\"371\" src=\"http:\/\/qtmm.org\/wp-content\/uploads\/2022\/01\/img_2730.jpeg\" alt=\"\" class=\"wp-image-40504\" srcset=\"https:\/\/qtmm.org\/wp-content\/uploads\/2022\/01\/img_2730.jpeg 650w, https:\/\/qtmm.org\/wp-content\/uploads\/2022\/01\/img_2730-300x171.jpeg 300w\" sizes=\"auto, (max-width: 650px) 100vw, 650px\" \/><\/figure>\n\n\n\n<p>\u00d6z nevbetinde Adile Emirova er keske samimiy s\u00f6z ve tilekler i\u00e7\u00fcn minnetdarl\u0131q bildirip, q\u0131r\u0131mtatar ve ukrain halqlar\u0131na h\u0131zmet etmekni devam etkenini bildirdi.<\/p>\n\n\n\n<figure class=\"wp-block-image size-full\"><img loading=\"lazy\" decoding=\"async\" width=\"650\" height=\"409\" src=\"http:\/\/qtmm.org\/wp-content\/uploads\/2022\/01\/img_2737.jpeg\" alt=\"\" class=\"wp-image-40508\" srcset=\"https:\/\/qtmm.org\/wp-content\/uploads\/2022\/01\/img_2737.jpeg 650w, https:\/\/qtmm.org\/wp-content\/uploads\/2022\/01\/img_2737-300x189.jpeg 300w\" sizes=\"auto, (max-width: 650px) 100vw, 650px\" \/><\/figure>\n\n\n\n<p>Tantanal\u0131 q\u0131s\u0131mdan so\u00f1 &#8220;Zemaneviy filologiya: problemler ve istiqballer&#8221; mevzus\u0131nda halqara ilmiy konferentsiya \u00f6z i\u015fini ba\u015flad\u0131. Konferentsiya \u00e7er\u00e7ivesinde 6 sektsiyada munaqa\u015falar old\u0131: 1-nci sektsiya &#8220;Zemaneviy ilmiy paradigmalar:k\u00f6gnitiv lingvistika, lingvokulturologiya, gender lingvistika&#8221;, 2-nci sektsiya \u2013 &#8220;T\u00fcrk\u015f\u0131nasl\u0131qn\u0131\u00f1 aktual meseleleri&#8221;, 3-nci sektsiya \u2013 &#8220;Q\u0131r\u0131mtatar filologiyas\u0131 : t\u00fcnevin, bug\u00fcn, yar\u0131n&#8221;, 4-nci sektsiya \u2013 &#8220;Te\u00f1e\u015ftir\u00fcv lingvistika (resp. kontrastiv leksikologiya ve frazeologiya)&#8221;, 5-nci sektsiya \u2013 &#8220;Frazeologiya milliy medeniyetni\u00f1 k\u00fczg\u00fcsi s\u0131fat\u0131nda&#8221;, 6-nc\u0131 sektsiya &#8211; &#8220;Bediiy s\u00f6z zemaneviy filologiyan\u0131\u00f1 obyekti olaraq&#8221;.<\/p>\n\n\n\n<figure class=\"wp-block-image size-full\"><img loading=\"lazy\" decoding=\"async\" width=\"650\" height=\"379\" src=\"http:\/\/qtmm.org\/wp-content\/uploads\/2022\/01\/img_2741_3.jpeg\" alt=\"\" class=\"wp-image-40512\" srcset=\"https:\/\/qtmm.org\/wp-content\/uploads\/2022\/01\/img_2741_3.jpeg 650w, https:\/\/qtmm.org\/wp-content\/uploads\/2022\/01\/img_2741_3-300x175.jpeg 300w\" sizes=\"auto, (max-width: 650px) 100vw, 650px\" \/><\/figure>\n\n\n\n<p><em><strong>Mal\u00fcmat<\/strong><\/em>:&nbsp;&nbsp;<em>Adile Emirova 1933 senesi noyabr 10 k\u00fcn\u00fc Q\u0131r\u0131mn\u0131\u00f1 Yalta \u015feerinde do\u011fd\u0131.<\/em><\/p>\n\n\n\n<p><em>Professor Emirova Mustaql devlet birligi devletlerinde ve yurt t\u0131\u015f\u0131nda rus frazeologiyas\u0131 boyunca yetek\u00e7i m\u00fctehass\u0131slar biri say\u0131la. O, Q\u0131r\u0131mda birinci olaraq sotsiolingvistikan\u0131\u00f1 \u00e7oqmilletli Q\u0131r\u0131m ve Ukraina i\u00e7\u00fcn aktual meselelerini i\u015flep ba\u015flad\u0131. Bug\u00fcnde-bug\u00fcn o QMPU da \u00e7al\u0131\u015fa, esas fenler boyunca lektsiyalar oquy\u0131, rus ve q\u0131r\u0131mtatar tili boyunca kurs, diplom ve dissertatsiya i\u015flerine yolba\u015f\u00e7\u0131l\u0131q yapa.<\/em><\/p>\n","protected":false},"excerpt":{"rendered":"<p>2013 senesi noyabr 14 k\u00fcn\u00fc QMPUda filologiya ilimleri doktor\u0131, professor Adile Emirovan\u0131\u00f1 80 y\u0131ll\u0131\u011f\u0131na ba\u011f\u0131\u015flan\u011fan &#8220;Zemaneviy filologiya: problemler ve istiqballer&#8221; mevzus\u0131nda halqara ilmiy konferentsiya ol\u0131p ke\u00e7t. Konferentsiya a\u00e7\u0131l\u0131\u015f\u0131da Q\u0131r\u0131mtatar halq\u0131 Meclisini\u00f1 reisi Refat \u00c7ubarov, Meclisni\u00f1 q\u0131r\u0131mtatar tilinde tasil, q\u0131r\u0131mtatar tilini Q\u0131r\u0131mn\u0131\u00f1 devlet ve cemaat \u00f6m\u00fcrini\u00f1 b\u00fct\u00fcn saalar\u0131na tadbiq et\u00fcv meseleleri idaresini\u00f1 ba\u015f\u0131 Emine Avamileva, Meclis [&hellip;]<\/p>\n","protected":false},"author":1,"featured_media":40476,"comment_status":"open","ping_status":"open","sticky":false,"template":"","format":"standard","meta":{"inline_featured_image":false,"footnotes":""},"categories":[265],"tags":[],"class_list":["post-40475","post","type-post","status-publish","format-standard","has-post-thumbnail","hentry","category-haberler"],"acf":[],"yoast_head":"<!-- This site is optimized with the Yoast SEO plugin v27.4 - https:\/\/yoast.com\/product\/yoast-seo-wordpress\/ -->\n<title>Meclis reisi emin ki, Yalta akimleri filologiya ilimleri doktor\u0131, professor Adile Emirova\u011fa \u00abYaltan\u0131\u00f1 fahriy vatanda\u015f\u0131\u00bb unvan\u0131n\u0131 bermek kerekler - \u041c\u0435\u0434\u0436\u043b\u0456\u0441<\/title>\n<meta name=\"robots\" content=\"index, follow, max-snippet:-1, max-image-preview:large, max-video-preview:-1\" \/>\n<link rel=\"canonical\" href=\"https:\/\/qtmm.org\/qt\/meclis-reisi-emin-ki-yalta-akimleri-filologiya-ilimleri-doktori-professor-adile-emirovaga-yaltanin-fahriy-vatandasi-unvanini-bermek-kerekler\/\" \/>\n<meta property=\"og:locale\" content=\"en_US\" \/>\n<meta property=\"og:type\" content=\"article\" \/>\n<meta property=\"og:title\" content=\"Meclis reisi emin ki, Yalta akimleri filologiya ilimleri doktor\u0131, professor Adile Emirova\u011fa \u00abYaltan\u0131\u00f1 fahriy vatanda\u015f\u0131\u00bb unvan\u0131n\u0131 bermek kerekler - \u041c\u0435\u0434\u0436\u043b\u0456\u0441\" \/>\n<meta property=\"og:description\" content=\"2013 senesi noyabr 14 k\u00fcn\u00fc QMPUda filologiya ilimleri doktor\u0131, professor Adile Emirovan\u0131\u00f1 80 y\u0131ll\u0131\u011f\u0131na ba\u011f\u0131\u015flan\u011fan &#8220;Zemaneviy filologiya: problemler ve istiqballer&#8221; mevzus\u0131nda halqara ilmiy konferentsiya ol\u0131p ke\u00e7t. Konferentsiya a\u00e7\u0131l\u0131\u015f\u0131da Q\u0131r\u0131mtatar halq\u0131 Meclisini\u00f1 reisi Refat \u00c7ubarov, Meclisni\u00f1 q\u0131r\u0131mtatar tilinde tasil, q\u0131r\u0131mtatar tilini Q\u0131r\u0131mn\u0131\u00f1 devlet ve cemaat \u00f6m\u00fcrini\u00f1 b\u00fct\u00fcn saalar\u0131na tadbiq et\u00fcv meseleleri idaresini\u00f1 ba\u015f\u0131 Emine Avamileva, Meclis [&hellip;]\" \/>\n<meta property=\"og:url\" content=\"https:\/\/qtmm.org\/qt\/meclis-reisi-emin-ki-yalta-akimleri-filologiya-ilimleri-doktori-professor-adile-emirovaga-yaltanin-fahriy-vatandasi-unvanini-bermek-kerekler\/\" \/>\n<meta property=\"og:site_name\" content=\"\u041c\u0435\u0434\u0436\u043b\u0456\u0441\" \/>\n<meta property=\"article:publisher\" content=\"https:\/\/www.facebook.com\/qtmm.info\/\" \/>\n<meta property=\"article:published_time\" content=\"2013-11-14T17:34:00+00:00\" \/>\n<meta property=\"article:modified_time\" content=\"2022-01-26T17:37:40+00:00\" \/>\n<meta property=\"og:image\" content=\"https:\/\/qtmm.org\/wp-content\/uploads\/2022\/01\/img_2698.jpeg\" \/>\n\t<meta property=\"og:image:width\" content=\"650\" \/>\n\t<meta property=\"og:image:height\" content=\"385\" \/>\n\t<meta property=\"og:image:type\" content=\"image\/jpeg\" \/>\n<meta name=\"author\" content=\"Developer\" \/>\n<meta name=\"twitter:card\" content=\"summary_large_image\" \/>\n<meta name=\"twitter:label1\" content=\"Written by\" \/>\n\t<meta name=\"twitter:data1\" content=\"Developer\" \/>\n\t<meta name=\"twitter:label2\" content=\"Est. reading time\" \/>\n\t<meta name=\"twitter:data2\" content=\"4 minutes\" \/>\n<script type=\"application\/ld+json\" class=\"yoast-schema-graph\">{\"@context\":\"https:\\\/\\\/schema.org\",\"@graph\":[{\"@type\":\"Article\",\"@id\":\"https:\\\/\\\/qtmm.org\\\/qt\\\/meclis-reisi-emin-ki-yalta-akimleri-filologiya-ilimleri-doktori-professor-adile-emirovaga-yaltanin-fahriy-vatandasi-unvanini-bermek-kerekler\\\/#article\",\"isPartOf\":{\"@id\":\"https:\\\/\\\/qtmm.org\\\/qt\\\/meclis-reisi-emin-ki-yalta-akimleri-filologiya-ilimleri-doktori-professor-adile-emirovaga-yaltanin-fahriy-vatandasi-unvanini-bermek-kerekler\\\/\"},\"author\":{\"name\":\"Developer\",\"@id\":\"https:\\\/\\\/qtmm.org\\\/qt\\\/#\\\/schema\\\/person\\\/de562469f971dec226ac06e60bbf74a7\"},\"headline\":\"Meclis reisi emin ki, Yalta akimleri filologiya ilimleri doktor\u0131, professor Adile Emirova\u011fa \u00abYaltan\u0131\u00f1 fahriy vatanda\u015f\u0131\u00bb unvan\u0131n\u0131 bermek kerekler\",\"datePublished\":\"2013-11-14T17:34:00+00:00\",\"dateModified\":\"2022-01-26T17:37:40+00:00\",\"mainEntityOfPage\":{\"@id\":\"https:\\\/\\\/qtmm.org\\\/qt\\\/meclis-reisi-emin-ki-yalta-akimleri-filologiya-ilimleri-doktori-professor-adile-emirovaga-yaltanin-fahriy-vatandasi-unvanini-bermek-kerekler\\\/\"},\"wordCount\":845,\"commentCount\":0,\"publisher\":{\"@id\":\"https:\\\/\\\/qtmm.org\\\/qt\\\/#organization\"},\"image\":{\"@id\":\"https:\\\/\\\/qtmm.org\\\/qt\\\/meclis-reisi-emin-ki-yalta-akimleri-filologiya-ilimleri-doktori-professor-adile-emirovaga-yaltanin-fahriy-vatandasi-unvanini-bermek-kerekler\\\/#primaryimage\"},\"thumbnailUrl\":\"https:\\\/\\\/qtmm.org\\\/wp-content\\\/uploads\\\/2022\\\/01\\\/img_2698.jpeg\",\"articleSection\":[\"Haberler\"],\"inLanguage\":\"qt\",\"potentialAction\":[{\"@type\":\"CommentAction\",\"name\":\"Comment\",\"target\":[\"https:\\\/\\\/qtmm.org\\\/qt\\\/meclis-reisi-emin-ki-yalta-akimleri-filologiya-ilimleri-doktori-professor-adile-emirovaga-yaltanin-fahriy-vatandasi-unvanini-bermek-kerekler\\\/#respond\"]}]},{\"@type\":\"WebPage\",\"@id\":\"https:\\\/\\\/qtmm.org\\\/qt\\\/meclis-reisi-emin-ki-yalta-akimleri-filologiya-ilimleri-doktori-professor-adile-emirovaga-yaltanin-fahriy-vatandasi-unvanini-bermek-kerekler\\\/\",\"url\":\"https:\\\/\\\/qtmm.org\\\/qt\\\/meclis-reisi-emin-ki-yalta-akimleri-filologiya-ilimleri-doktori-professor-adile-emirovaga-yaltanin-fahriy-vatandasi-unvanini-bermek-kerekler\\\/\",\"name\":\"Meclis reisi emin ki, Yalta akimleri filologiya ilimleri doktor\u0131, professor Adile Emirova\u011fa \u00abYaltan\u0131\u00f1 fahriy vatanda\u015f\u0131\u00bb unvan\u0131n\u0131 bermek kerekler - \u041c\u0435\u0434\u0436\u043b\u0456\u0441\",\"isPartOf\":{\"@id\":\"https:\\\/\\\/qtmm.org\\\/qt\\\/#website\"},\"primaryImageOfPage\":{\"@id\":\"https:\\\/\\\/qtmm.org\\\/qt\\\/meclis-reisi-emin-ki-yalta-akimleri-filologiya-ilimleri-doktori-professor-adile-emirovaga-yaltanin-fahriy-vatandasi-unvanini-bermek-kerekler\\\/#primaryimage\"},\"image\":{\"@id\":\"https:\\\/\\\/qtmm.org\\\/qt\\\/meclis-reisi-emin-ki-yalta-akimleri-filologiya-ilimleri-doktori-professor-adile-emirovaga-yaltanin-fahriy-vatandasi-unvanini-bermek-kerekler\\\/#primaryimage\"},\"thumbnailUrl\":\"https:\\\/\\\/qtmm.org\\\/wp-content\\\/uploads\\\/2022\\\/01\\\/img_2698.jpeg\",\"datePublished\":\"2013-11-14T17:34:00+00:00\",\"dateModified\":\"2022-01-26T17:37:40+00:00\",\"breadcrumb\":{\"@id\":\"https:\\\/\\\/qtmm.org\\\/qt\\\/meclis-reisi-emin-ki-yalta-akimleri-filologiya-ilimleri-doktori-professor-adile-emirovaga-yaltanin-fahriy-vatandasi-unvanini-bermek-kerekler\\\/#breadcrumb\"},\"inLanguage\":\"qt\",\"potentialAction\":[{\"@type\":\"ReadAction\",\"target\":[\"https:\\\/\\\/qtmm.org\\\/qt\\\/meclis-reisi-emin-ki-yalta-akimleri-filologiya-ilimleri-doktori-professor-adile-emirovaga-yaltanin-fahriy-vatandasi-unvanini-bermek-kerekler\\\/\"]}]},{\"@type\":\"ImageObject\",\"inLanguage\":\"qt\",\"@id\":\"https:\\\/\\\/qtmm.org\\\/qt\\\/meclis-reisi-emin-ki-yalta-akimleri-filologiya-ilimleri-doktori-professor-adile-emirovaga-yaltanin-fahriy-vatandasi-unvanini-bermek-kerekler\\\/#primaryimage\",\"url\":\"https:\\\/\\\/qtmm.org\\\/wp-content\\\/uploads\\\/2022\\\/01\\\/img_2698.jpeg\",\"contentUrl\":\"https:\\\/\\\/qtmm.org\\\/wp-content\\\/uploads\\\/2022\\\/01\\\/img_2698.jpeg\",\"width\":650,\"height\":385},{\"@type\":\"BreadcrumbList\",\"@id\":\"https:\\\/\\\/qtmm.org\\\/qt\\\/meclis-reisi-emin-ki-yalta-akimleri-filologiya-ilimleri-doktori-professor-adile-emirovaga-yaltanin-fahriy-vatandasi-unvanini-bermek-kerekler\\\/#breadcrumb\",\"itemListElement\":[{\"@type\":\"ListItem\",\"position\":1,\"name\":\"\u0413\u043e\u043b\u043e\u0432\u043d\u0430\",\"item\":\"https:\\\/\\\/qtmm.org\\\/qt\\\/\"},{\"@type\":\"ListItem\",\"position\":2,\"name\":\"Meclis reisi emin ki, Yalta akimleri filologiya ilimleri doktor\u0131, professor Adile Emirova\u011fa \u00abYaltan\u0131\u00f1 fahriy vatanda\u015f\u0131\u00bb unvan\u0131n\u0131 bermek kerekler\"}]},{\"@type\":\"WebSite\",\"@id\":\"https:\\\/\\\/qtmm.org\\\/qt\\\/#website\",\"url\":\"https:\\\/\\\/qtmm.org\\\/qt\\\/\",\"name\":\"\u041c\u0435\u0434\u0436\u043b\u0456\u0441\",\"description\":\"\",\"publisher\":{\"@id\":\"https:\\\/\\\/qtmm.org\\\/qt\\\/#organization\"},\"potentialAction\":[{\"@type\":\"SearchAction\",\"target\":{\"@type\":\"EntryPoint\",\"urlTemplate\":\"https:\\\/\\\/qtmm.org\\\/qt\\\/?s={search_term_string}\"},\"query-input\":{\"@type\":\"PropertyValueSpecification\",\"valueRequired\":true,\"valueName\":\"search_term_string\"}}],\"inLanguage\":\"qt\"},{\"@type\":\"Organization\",\"@id\":\"https:\\\/\\\/qtmm.org\\\/qt\\\/#organization\",\"name\":\"\u041c\u0435\u0434\u0436\u043b\u0456\u0441\",\"url\":\"https:\\\/\\\/qtmm.org\\\/qt\\\/\",\"logo\":{\"@type\":\"ImageObject\",\"inLanguage\":\"qt\",\"@id\":\"https:\\\/\\\/qtmm.org\\\/qt\\\/#\\\/schema\\\/logo\\\/image\\\/\",\"url\":\"https:\\\/\\\/qtmm.org\\\/wp-content\\\/uploads\\\/2024\\\/12\\\/ua-mejlis-logo-rgb.svg\",\"contentUrl\":\"https:\\\/\\\/qtmm.org\\\/wp-content\\\/uploads\\\/2024\\\/12\\\/ua-mejlis-logo-rgb.svg\",\"caption\":\"\u041c\u0435\u0434\u0436\u043b\u0456\u0441\"},\"image\":{\"@id\":\"https:\\\/\\\/qtmm.org\\\/qt\\\/#\\\/schema\\\/logo\\\/image\\\/\"},\"sameAs\":[\"https:\\\/\\\/www.facebook.com\\\/qtmm.info\\\/\"]},{\"@type\":\"Person\",\"@id\":\"https:\\\/\\\/qtmm.org\\\/qt\\\/#\\\/schema\\\/person\\\/de562469f971dec226ac06e60bbf74a7\",\"name\":\"Developer\",\"image\":{\"@type\":\"ImageObject\",\"inLanguage\":\"qt\",\"@id\":\"https:\\\/\\\/secure.gravatar.com\\\/avatar\\\/392b4cc8fbfeb00b39dfeeab4ee6edded39ffd48e25858637e4765810300227e?s=96&d=mm&r=g\",\"url\":\"https:\\\/\\\/secure.gravatar.com\\\/avatar\\\/392b4cc8fbfeb00b39dfeeab4ee6edded39ffd48e25858637e4765810300227e?s=96&d=mm&r=g\",\"contentUrl\":\"https:\\\/\\\/secure.gravatar.com\\\/avatar\\\/392b4cc8fbfeb00b39dfeeab4ee6edded39ffd48e25858637e4765810300227e?s=96&d=mm&r=g\",\"caption\":\"Developer\"},\"url\":\"https:\\\/\\\/qtmm.org\\\/qt\\\/author\\\/Developer\\\/\"}]}<\/script>\n<!-- \/ Yoast SEO plugin. -->","yoast_head_json":{"title":"Meclis reisi emin ki, Yalta akimleri filologiya ilimleri doktor\u0131, professor Adile Emirova\u011fa \u00abYaltan\u0131\u00f1 fahriy vatanda\u015f\u0131\u00bb unvan\u0131n\u0131 bermek kerekler - \u041c\u0435\u0434\u0436\u043b\u0456\u0441","robots":{"index":"index","follow":"follow","max-snippet":"max-snippet:-1","max-image-preview":"max-image-preview:large","max-video-preview":"max-video-preview:-1"},"canonical":"https:\/\/qtmm.org\/qt\/meclis-reisi-emin-ki-yalta-akimleri-filologiya-ilimleri-doktori-professor-adile-emirovaga-yaltanin-fahriy-vatandasi-unvanini-bermek-kerekler\/","og_locale":"en_US","og_type":"article","og_title":"Meclis reisi emin ki, Yalta akimleri filologiya ilimleri doktor\u0131, professor Adile Emirova\u011fa \u00abYaltan\u0131\u00f1 fahriy vatanda\u015f\u0131\u00bb unvan\u0131n\u0131 bermek kerekler - \u041c\u0435\u0434\u0436\u043b\u0456\u0441","og_description":"2013 senesi noyabr 14 k\u00fcn\u00fc QMPUda filologiya ilimleri doktor\u0131, professor Adile Emirovan\u0131\u00f1 80 y\u0131ll\u0131\u011f\u0131na ba\u011f\u0131\u015flan\u011fan &#8220;Zemaneviy filologiya: problemler ve istiqballer&#8221; mevzus\u0131nda halqara ilmiy konferentsiya ol\u0131p ke\u00e7t. Konferentsiya a\u00e7\u0131l\u0131\u015f\u0131da Q\u0131r\u0131mtatar halq\u0131 Meclisini\u00f1 reisi Refat \u00c7ubarov, Meclisni\u00f1 q\u0131r\u0131mtatar tilinde tasil, q\u0131r\u0131mtatar tilini Q\u0131r\u0131mn\u0131\u00f1 devlet ve cemaat \u00f6m\u00fcrini\u00f1 b\u00fct\u00fcn saalar\u0131na tadbiq et\u00fcv meseleleri idaresini\u00f1 ba\u015f\u0131 Emine Avamileva, Meclis [&hellip;]","og_url":"https:\/\/qtmm.org\/qt\/meclis-reisi-emin-ki-yalta-akimleri-filologiya-ilimleri-doktori-professor-adile-emirovaga-yaltanin-fahriy-vatandasi-unvanini-bermek-kerekler\/","og_site_name":"\u041c\u0435\u0434\u0436\u043b\u0456\u0441","article_publisher":"https:\/\/www.facebook.com\/qtmm.info\/","article_published_time":"2013-11-14T17:34:00+00:00","article_modified_time":"2022-01-26T17:37:40+00:00","og_image":[{"width":650,"height":385,"url":"https:\/\/qtmm.org\/wp-content\/uploads\/2022\/01\/img_2698.jpeg","type":"image\/jpeg"}],"author":"Developer","twitter_card":"summary_large_image","twitter_misc":{"Written by":"Developer","Est. reading time":"4 minutes"},"schema":{"@context":"https:\/\/schema.org","@graph":[{"@type":"Article","@id":"https:\/\/qtmm.org\/qt\/meclis-reisi-emin-ki-yalta-akimleri-filologiya-ilimleri-doktori-professor-adile-emirovaga-yaltanin-fahriy-vatandasi-unvanini-bermek-kerekler\/#article","isPartOf":{"@id":"https:\/\/qtmm.org\/qt\/meclis-reisi-emin-ki-yalta-akimleri-filologiya-ilimleri-doktori-professor-adile-emirovaga-yaltanin-fahriy-vatandasi-unvanini-bermek-kerekler\/"},"author":{"name":"Developer","@id":"https:\/\/qtmm.org\/qt\/#\/schema\/person\/de562469f971dec226ac06e60bbf74a7"},"headline":"Meclis reisi emin ki, Yalta akimleri filologiya ilimleri doktor\u0131, professor Adile Emirova\u011fa \u00abYaltan\u0131\u00f1 fahriy vatanda\u015f\u0131\u00bb unvan\u0131n\u0131 bermek kerekler","datePublished":"2013-11-14T17:34:00+00:00","dateModified":"2022-01-26T17:37:40+00:00","mainEntityOfPage":{"@id":"https:\/\/qtmm.org\/qt\/meclis-reisi-emin-ki-yalta-akimleri-filologiya-ilimleri-doktori-professor-adile-emirovaga-yaltanin-fahriy-vatandasi-unvanini-bermek-kerekler\/"},"wordCount":845,"commentCount":0,"publisher":{"@id":"https:\/\/qtmm.org\/qt\/#organization"},"image":{"@id":"https:\/\/qtmm.org\/qt\/meclis-reisi-emin-ki-yalta-akimleri-filologiya-ilimleri-doktori-professor-adile-emirovaga-yaltanin-fahriy-vatandasi-unvanini-bermek-kerekler\/#primaryimage"},"thumbnailUrl":"https:\/\/qtmm.org\/wp-content\/uploads\/2022\/01\/img_2698.jpeg","articleSection":["Haberler"],"inLanguage":"qt","potentialAction":[{"@type":"CommentAction","name":"Comment","target":["https:\/\/qtmm.org\/qt\/meclis-reisi-emin-ki-yalta-akimleri-filologiya-ilimleri-doktori-professor-adile-emirovaga-yaltanin-fahriy-vatandasi-unvanini-bermek-kerekler\/#respond"]}]},{"@type":"WebPage","@id":"https:\/\/qtmm.org\/qt\/meclis-reisi-emin-ki-yalta-akimleri-filologiya-ilimleri-doktori-professor-adile-emirovaga-yaltanin-fahriy-vatandasi-unvanini-bermek-kerekler\/","url":"https:\/\/qtmm.org\/qt\/meclis-reisi-emin-ki-yalta-akimleri-filologiya-ilimleri-doktori-professor-adile-emirovaga-yaltanin-fahriy-vatandasi-unvanini-bermek-kerekler\/","name":"Meclis reisi emin ki, Yalta akimleri filologiya ilimleri doktor\u0131, professor Adile Emirova\u011fa \u00abYaltan\u0131\u00f1 fahriy vatanda\u015f\u0131\u00bb unvan\u0131n\u0131 bermek kerekler - \u041c\u0435\u0434\u0436\u043b\u0456\u0441","isPartOf":{"@id":"https:\/\/qtmm.org\/qt\/#website"},"primaryImageOfPage":{"@id":"https:\/\/qtmm.org\/qt\/meclis-reisi-emin-ki-yalta-akimleri-filologiya-ilimleri-doktori-professor-adile-emirovaga-yaltanin-fahriy-vatandasi-unvanini-bermek-kerekler\/#primaryimage"},"image":{"@id":"https:\/\/qtmm.org\/qt\/meclis-reisi-emin-ki-yalta-akimleri-filologiya-ilimleri-doktori-professor-adile-emirovaga-yaltanin-fahriy-vatandasi-unvanini-bermek-kerekler\/#primaryimage"},"thumbnailUrl":"https:\/\/qtmm.org\/wp-content\/uploads\/2022\/01\/img_2698.jpeg","datePublished":"2013-11-14T17:34:00+00:00","dateModified":"2022-01-26T17:37:40+00:00","breadcrumb":{"@id":"https:\/\/qtmm.org\/qt\/meclis-reisi-emin-ki-yalta-akimleri-filologiya-ilimleri-doktori-professor-adile-emirovaga-yaltanin-fahriy-vatandasi-unvanini-bermek-kerekler\/#breadcrumb"},"inLanguage":"qt","potentialAction":[{"@type":"ReadAction","target":["https:\/\/qtmm.org\/qt\/meclis-reisi-emin-ki-yalta-akimleri-filologiya-ilimleri-doktori-professor-adile-emirovaga-yaltanin-fahriy-vatandasi-unvanini-bermek-kerekler\/"]}]},{"@type":"ImageObject","inLanguage":"qt","@id":"https:\/\/qtmm.org\/qt\/meclis-reisi-emin-ki-yalta-akimleri-filologiya-ilimleri-doktori-professor-adile-emirovaga-yaltanin-fahriy-vatandasi-unvanini-bermek-kerekler\/#primaryimage","url":"https:\/\/qtmm.org\/wp-content\/uploads\/2022\/01\/img_2698.jpeg","contentUrl":"https:\/\/qtmm.org\/wp-content\/uploads\/2022\/01\/img_2698.jpeg","width":650,"height":385},{"@type":"BreadcrumbList","@id":"https:\/\/qtmm.org\/qt\/meclis-reisi-emin-ki-yalta-akimleri-filologiya-ilimleri-doktori-professor-adile-emirovaga-yaltanin-fahriy-vatandasi-unvanini-bermek-kerekler\/#breadcrumb","itemListElement":[{"@type":"ListItem","position":1,"name":"\u0413\u043e\u043b\u043e\u0432\u043d\u0430","item":"https:\/\/qtmm.org\/qt\/"},{"@type":"ListItem","position":2,"name":"Meclis reisi emin ki, Yalta akimleri filologiya ilimleri doktor\u0131, professor Adile Emirova\u011fa \u00abYaltan\u0131\u00f1 fahriy vatanda\u015f\u0131\u00bb unvan\u0131n\u0131 bermek kerekler"}]},{"@type":"WebSite","@id":"https:\/\/qtmm.org\/qt\/#website","url":"https:\/\/qtmm.org\/qt\/","name":"\u041c\u0435\u0434\u0436\u043b\u0456\u0441","description":"","publisher":{"@id":"https:\/\/qtmm.org\/qt\/#organization"},"potentialAction":[{"@type":"SearchAction","target":{"@type":"EntryPoint","urlTemplate":"https:\/\/qtmm.org\/qt\/?s={search_term_string}"},"query-input":{"@type":"PropertyValueSpecification","valueRequired":true,"valueName":"search_term_string"}}],"inLanguage":"qt"},{"@type":"Organization","@id":"https:\/\/qtmm.org\/qt\/#organization","name":"\u041c\u0435\u0434\u0436\u043b\u0456\u0441","url":"https:\/\/qtmm.org\/qt\/","logo":{"@type":"ImageObject","inLanguage":"qt","@id":"https:\/\/qtmm.org\/qt\/#\/schema\/logo\/image\/","url":"https:\/\/qtmm.org\/wp-content\/uploads\/2024\/12\/ua-mejlis-logo-rgb.svg","contentUrl":"https:\/\/qtmm.org\/wp-content\/uploads\/2024\/12\/ua-mejlis-logo-rgb.svg","caption":"\u041c\u0435\u0434\u0436\u043b\u0456\u0441"},"image":{"@id":"https:\/\/qtmm.org\/qt\/#\/schema\/logo\/image\/"},"sameAs":["https:\/\/www.facebook.com\/qtmm.info\/"]},{"@type":"Person","@id":"https:\/\/qtmm.org\/qt\/#\/schema\/person\/de562469f971dec226ac06e60bbf74a7","name":"Developer","image":{"@type":"ImageObject","inLanguage":"qt","@id":"https:\/\/secure.gravatar.com\/avatar\/392b4cc8fbfeb00b39dfeeab4ee6edded39ffd48e25858637e4765810300227e?s=96&d=mm&r=g","url":"https:\/\/secure.gravatar.com\/avatar\/392b4cc8fbfeb00b39dfeeab4ee6edded39ffd48e25858637e4765810300227e?s=96&d=mm&r=g","contentUrl":"https:\/\/secure.gravatar.com\/avatar\/392b4cc8fbfeb00b39dfeeab4ee6edded39ffd48e25858637e4765810300227e?s=96&d=mm&r=g","caption":"Developer"},"url":"https:\/\/qtmm.org\/qt\/author\/Developer\/"}]}},"_links":{"self":[{"href":"https:\/\/qtmm.org\/qt\/wp-json\/wp\/v2\/posts\/40475","targetHints":{"allow":["GET"]}}],"collection":[{"href":"https:\/\/qtmm.org\/qt\/wp-json\/wp\/v2\/posts"}],"about":[{"href":"https:\/\/qtmm.org\/qt\/wp-json\/wp\/v2\/types\/post"}],"author":[{"embeddable":true,"href":"https:\/\/qtmm.org\/qt\/wp-json\/wp\/v2\/users\/1"}],"replies":[{"embeddable":true,"href":"https:\/\/qtmm.org\/qt\/wp-json\/wp\/v2\/comments?post=40475"}],"version-history":[{"count":1,"href":"https:\/\/qtmm.org\/qt\/wp-json\/wp\/v2\/posts\/40475\/revisions"}],"predecessor-version":[{"id":40516,"href":"https:\/\/qtmm.org\/qt\/wp-json\/wp\/v2\/posts\/40475\/revisions\/40516"}],"wp:featuredmedia":[{"embeddable":true,"href":"https:\/\/qtmm.org\/qt\/wp-json\/wp\/v2\/media\/40476"}],"wp:attachment":[{"href":"https:\/\/qtmm.org\/qt\/wp-json\/wp\/v2\/media?parent=40475"}],"wp:term":[{"taxonomy":"category","embeddable":true,"href":"https:\/\/qtmm.org\/qt\/wp-json\/wp\/v2\/categories?post=40475"},{"taxonomy":"post_tag","embeddable":true,"href":"https:\/\/qtmm.org\/qt\/wp-json\/wp\/v2\/tags?post=40475"}],"curies":[{"name":"wp","href":"https:\/\/api.w.org\/{rel}","templated":true}]}}