




{"id":40424,"date":"2013-11-13T20:25:00","date_gmt":"2013-11-13T17:25:00","guid":{"rendered":"http:\/\/qtmm.org\/?p=40424"},"modified":"2022-01-26T20:34:22","modified_gmt":"2022-01-26T17:34:22","slug":"meclis-reisi-refat-cubarov-latviya-mustaqilliginin-95-yilligina-bagislangan-fotosergini-ziyaret-etti","status":"publish","type":"post","link":"https:\/\/qtmm.org\/qt\/meclis-reisi-refat-cubarov-latviya-mustaqilliginin-95-yilligina-bagislangan-fotosergini-ziyaret-etti\/","title":{"rendered":"Meclis reisi Refat \u00c7ubarov Latviya mustaqilligini\u00f1 95 y\u0131ll\u0131\u011f\u0131na ba\u011f\u0131\u015flan\u011fan fotosergini ziyaret etti"},"content":{"rendered":"\n<p>2013 senesi noyabr 13 k\u00fcn\u00fc Tavrida Merkeziy m\u00fczeyinde Latviyan\u0131\u00f1 Ukrainadaki Vefqulade ve Toluvek\u00e2letli El\u00e7isi Argita Daudze &#8220;Mustaqillikke yolum\u0131z&#8221; fotosergini a\u00e7t\u0131.<\/p>\n\n\n\n<figure class=\"wp-block-image size-full\"><img loading=\"lazy\" decoding=\"async\" width=\"650\" height=\"327\" src=\"http:\/\/qtmm.org\/wp-content\/uploads\/2022\/01\/1_137.jpeg\" alt=\"\" class=\"wp-image-40425\" srcset=\"https:\/\/qtmm.org\/wp-content\/uploads\/2022\/01\/1_137.jpeg 650w, https:\/\/qtmm.org\/wp-content\/uploads\/2022\/01\/1_137-300x151.jpeg 300w\" sizes=\"auto, (max-width: 650px) 100vw, 650px\" \/><\/figure>\n\n\n\n<p>Fotosergi Latviya Cumhuriyeti T\u0131\u015f i\u015fler nazirligi taraf\u0131ndan fotograf\u00e7\u0131 \u0130lmars Znot\u0131n\u0131\u015f ile birlikte az\u0131rlan\u0131p, Latviya mustaqilligi il\u00e2n etilgenini\u00f1 95 y\u0131ll\u0131\u011f\u0131na ba\u011f\u0131\u015fland\u0131.<\/p>\n\n\n\n<p>Sergini\u00f1 tantanal\u0131 a\u00e7\u0131l\u0131\u015f\u0131nda Q\u0131r\u0131mtatar halq\u0131 Meclisini\u00f1 reisi Refat \u00c7ubarov, Q\u0131r\u0131m Yuqar\u0131 \u015euras\u0131n\u0131\u00f1 reisi Vladimir Konstantinov, Ukraina Prezidentini\u00f1 Q\u0131r\u0131mdaki daimiy temsilcisi Viktor Plakida, Q\u0131r\u0131m milletlerara munasebetler ve s\u00fcrg\u00fcn etilgen grajdanlarn\u0131\u00f1 i\u015fleri boyunca cumhuriyet komitetini\u00f1 reisi Refat Kenjaliyev, Tavrida Merkeziy m\u00fczeyini\u00f1 ba\u015f direktor\u0131 Andrey Malgin i\u015ftirak ettiler.<\/p>\n\n\n\n<figure class=\"wp-block-image size-full\"><img loading=\"lazy\" decoding=\"async\" width=\"650\" height=\"323\" src=\"http:\/\/qtmm.org\/wp-content\/uploads\/2022\/01\/2_140.jpeg\" alt=\"\" class=\"wp-image-40429\" srcset=\"https:\/\/qtmm.org\/wp-content\/uploads\/2022\/01\/2_140.jpeg 650w, https:\/\/qtmm.org\/wp-content\/uploads\/2022\/01\/2_140-300x149.jpeg 300w\" sizes=\"auto, (max-width: 650px) 100vw, 650px\" \/><\/figure>\n\n\n\n<p>Resmiy q\u0131s\u0131mn\u0131 Andrey Malgin a\u00e7\u0131p, lat\u0131\u015f halq\u0131 i\u00e7\u00fcn m\u00fcim ve emiyetli vaqita ile er kesni hay\u0131rlad\u0131. Latviyan\u0131\u00f1 Ukrainadaki Vefqulade ve Toluvek\u00e2letli El\u00e7isi Argita Daudze lat\u0131\u015f halq\u0131n\u0131\u00f1 \u00f6z mustaqilligi i\u00e7\u00fcn k\u00fcre\u015fini\u00f1 tarih\u0131n\u0131 q\u0131sqadan tarif etip, Q\u0131r\u0131mn\u0131\u00f1 resmiy akimiyeti ve cemaat\u00e7\u0131l\u0131qqa sergige diqqat ay\u0131r\u011fanlar\u0131 i\u00e7\u00fcn te\u015fekk\u00fcr bildirdi.<\/p>\n\n\n\n<figure class=\"wp-block-image size-full\"><img loading=\"lazy\" decoding=\"async\" width=\"650\" height=\"399\" src=\"http:\/\/qtmm.org\/wp-content\/uploads\/2022\/01\/img_2473.jpeg\" alt=\"\" class=\"wp-image-40433\" srcset=\"https:\/\/qtmm.org\/wp-content\/uploads\/2022\/01\/img_2473.jpeg 650w, https:\/\/qtmm.org\/wp-content\/uploads\/2022\/01\/img_2473-300x184.jpeg 300w\" sizes=\"auto, (max-width: 650px) 100vw, 650px\" \/><\/figure>\n\n\n\n<p>&#8220;Men sergini te\u015fkil et\u00fcvde yard\u0131mc\u0131 ol\u011fanlarn\u0131\u00f1 episine, \u015fahsen sizge, cenap Malgin, T\u0131\u015f i\u015fler nazirligi, Q\u0131r\u0131m akimlerine minnetlarl\u0131\u011f\u0131mn\u0131 bildirmek isteyim. Aram\u0131zda em Aqmescit, em de ba\u015fqa \u015feerlerden kelgen insanlarn\u0131 k\u00f6rmekten pek memn\u00fcnim. Tabiiy ki,q\u0131r\u0131mtatar halq\u0131n\u0131 temsil etken ve Latviyada o devirdeki vaqialarn\u0131\u00f1 \u015faat\u0131 ol\u011fan cenap Refat \u00c7ubarovn\u0131 da m\u0131nda k\u00f6rgenime pek sevindim&#8221;, &#8211; dep qayd etti El\u00e7i.<\/p>\n\n\n\n<p>&#8220;Lat\u0131\u015f tilinde \u011fayet m\u00fcndericeli bir s\u00f6z bar \u2013 &#8220;Atmoda&#8221;. Bu &#8220;uyanuv&#8221; demektir &#8211; dep ba\u015flad\u0131 \u00f6z \u00e7\u0131q\u0131\u015f\u0131n\u0131 Meclis reisi Refat \u00c7ubarov. \u2013 Mustaqilligi yolunda lat\u0131\u015f halq\u0131 pek \u00e7oq q\u0131y\u0131nl\u0131qlar\u011fa rastkeldi, l\u00e2kin i\u00e7 bir zaman serbestlik ruhu ve devlet\u00e7iligini qurma\u011fa t\u0131r\u0131\u015fuv istegini coymad\u0131&#8221;.<\/p>\n\n\n\n<figure class=\"wp-block-image size-full\"><img loading=\"lazy\" decoding=\"async\" width=\"650\" height=\"423\" src=\"http:\/\/qtmm.org\/wp-content\/uploads\/2022\/01\/3_109.jpeg\" alt=\"\" class=\"wp-image-40437\" srcset=\"https:\/\/qtmm.org\/wp-content\/uploads\/2022\/01\/3_109.jpeg 650w, https:\/\/qtmm.org\/wp-content\/uploads\/2022\/01\/3_109-300x195.jpeg 300w\" sizes=\"auto, (max-width: 650px) 100vw, 650px\" \/><\/figure>\n\n\n\n<p>Refat \u00c7ubarov \u00f6m\u00fcrini\u00f1 Latviya ve lat\u0131\u015f halq\u0131nen ba\u011fl\u0131 q\u0131sm\u0131 \u00fc\u00e7\u00fcnci, neticesinde Latviya \u00f6z mustaqilligini elde ettigi, Atmoda devrine do\u011fru kelgeninden bahtl\u0131 ol\u011fan\u0131n\u0131 qayd etti.<\/p>\n\n\n\n<figure class=\"wp-block-image size-full\"><img loading=\"lazy\" decoding=\"async\" width=\"650\" height=\"358\" src=\"http:\/\/qtmm.org\/wp-content\/uploads\/2022\/01\/4_99.jpeg\" alt=\"\" class=\"wp-image-40441\" srcset=\"https:\/\/qtmm.org\/wp-content\/uploads\/2022\/01\/4_99.jpeg 650w, https:\/\/qtmm.org\/wp-content\/uploads\/2022\/01\/4_99-300x165.jpeg 300w\" sizes=\"auto, (max-width: 650px) 100vw, 650px\" \/><\/figure>\n\n\n\n<p>&#8220;Menim lat\u0131\u015f qarda\u015flar\u0131mn\u0131\u00f1 yan\u0131nda bulunmaq ve \u00e7arem ol\u011fan\u0131 qadar Latviya mustaqilligini\u00f1 \u011fayr\u0131dan tiklenmesine yard\u0131m etmek \u015ferefine nail old\u0131m&#8221;, &#8211; dedi Refat \u00c7ubarov.<\/p>\n\n\n\n<figure class=\"wp-block-image size-full\"><img loading=\"lazy\" decoding=\"async\" width=\"650\" height=\"355\" src=\"http:\/\/qtmm.org\/wp-content\/uploads\/2022\/01\/5_59.jpeg\" alt=\"\" class=\"wp-image-40445\" srcset=\"https:\/\/qtmm.org\/wp-content\/uploads\/2022\/01\/5_59.jpeg 650w, https:\/\/qtmm.org\/wp-content\/uploads\/2022\/01\/5_59-300x164.jpeg 300w\" sizes=\"auto, (max-width: 650px) 100vw, 650px\" \/><\/figure>\n\n\n\n<p>\u00d6z \u00e7\u0131q\u0131\u015f\u0131n\u0131 o, XIX as\u0131rn\u0131\u00f1 so\u00f1u ve \u0425\u0425 as\u0131rn\u0131\u00f1 ba\u015f\u0131nda ya\u015fa\u011fan, angilerini\u00f1 ki vasiyetleri bug\u00fcn de pek aktual ol\u011fan eki ulu insan Yanis Raynis ve \u0130smail Gasprinskiyni\u00f1 s\u00f6zlerinen yek\u00fcnledi.<\/p>\n\n\n\n<p>&#8220;Biri-birimizge qar\u015f\u0131 degil, beraberlikte zulmetke qar\u015f\u0131&#8221; (&#8220;Ne viens pret otru , bet kop\u0101 &#8211; pret tumsu!&#8221;) &#8211; dep vasiyet etti bizge ulu Yanis Raynis!<br><br>&#8220;Tilde, fikirde,i\u015fte birlik&#8221; tekrarlaym\u0131z biz Q\u0131r\u0131m topra\u011f\u0131n\u0131\u00f1 \u015fanl\u0131 evl\u00e2d\u0131 \u0130smail Gasprinskiyni\u00f1 \u00f6g\u00fctini.<\/p>\n\n\n\n<figure class=\"wp-block-image size-full\"><img loading=\"lazy\" decoding=\"async\" width=\"650\" height=\"377\" src=\"http:\/\/qtmm.org\/wp-content\/uploads\/2022\/01\/img_2492.jpeg\" alt=\"\" class=\"wp-image-40449\" srcset=\"https:\/\/qtmm.org\/wp-content\/uploads\/2022\/01\/img_2492.jpeg 650w, https:\/\/qtmm.org\/wp-content\/uploads\/2022\/01\/img_2492-300x174.jpeg 300w\" sizes=\"auto, (max-width: 650px) 100vw, 650px\" \/><\/figure>\n\n\n\n<p>Sergini\u00f1 a\u00e7\u0131l\u0131\u015f merasiminden so\u00f1 Latviyan\u0131\u00f1 Ukrainadaki Vefqulade ve Toluvek\u00e2letli El\u00e7isi Argita Daudze tedbir i\u015ftirak\u00e7ilerini fotostendlerde yerle\u015ftirilgen er bir foto ile \u015fahsen tan\u0131\u015f etti.<\/p>\n\n\n\n<figure class=\"wp-block-image size-full\"><img loading=\"lazy\" decoding=\"async\" width=\"650\" height=\"384\" src=\"http:\/\/qtmm.org\/wp-content\/uploads\/2022\/01\/img_2505.jpeg\" alt=\"\" class=\"wp-image-40453\" srcset=\"https:\/\/qtmm.org\/wp-content\/uploads\/2022\/01\/img_2505.jpeg 650w, https:\/\/qtmm.org\/wp-content\/uploads\/2022\/01\/img_2505-300x177.jpeg 300w\" sizes=\"auto, (max-width: 650px) 100vw, 650px\" \/><\/figure>\n\n\n\n<figure class=\"wp-block-image size-full\"><img loading=\"lazy\" decoding=\"async\" width=\"650\" height=\"430\" src=\"http:\/\/qtmm.org\/wp-content\/uploads\/2022\/01\/9_13.jpeg\" alt=\"\" class=\"wp-image-40457\" srcset=\"https:\/\/qtmm.org\/wp-content\/uploads\/2022\/01\/9_13.jpeg 650w, https:\/\/qtmm.org\/wp-content\/uploads\/2022\/01\/9_13-300x198.jpeg 300w\" sizes=\"auto, (max-width: 650px) 100vw, 650px\" \/><\/figure>\n\n\n\n<figure class=\"wp-block-image size-full\"><img loading=\"lazy\" decoding=\"async\" width=\"650\" height=\"492\" src=\"http:\/\/qtmm.org\/wp-content\/uploads\/2022\/01\/11_4.jpeg\" alt=\"\" class=\"wp-image-40465\" srcset=\"https:\/\/qtmm.org\/wp-content\/uploads\/2022\/01\/11_4.jpeg 650w, https:\/\/qtmm.org\/wp-content\/uploads\/2022\/01\/11_4-300x227.jpeg 300w\" sizes=\"auto, (max-width: 650px) 100vw, 650px\" \/><\/figure>\n\n\n\n<figure class=\"wp-block-image size-full\"><img loading=\"lazy\" decoding=\"async\" width=\"650\" height=\"492\" src=\"http:\/\/qtmm.org\/wp-content\/uploads\/2022\/01\/12_3.jpeg\" alt=\"\" class=\"wp-image-40469\" srcset=\"https:\/\/qtmm.org\/wp-content\/uploads\/2022\/01\/12_3.jpeg 650w, https:\/\/qtmm.org\/wp-content\/uploads\/2022\/01\/12_3-300x227.jpeg 300w\" sizes=\"auto, (max-width: 650px) 100vw, 650px\" \/><\/figure>\n","protected":false},"excerpt":{"rendered":"<p>2013 senesi noyabr 13 k\u00fcn\u00fc Tavrida Merkeziy m\u00fczeyinde Latviyan\u0131\u00f1 Ukrainadaki Vefqulade ve Toluvek\u00e2letli El\u00e7isi Argita Daudze &#8220;Mustaqillikke yolum\u0131z&#8221; fotosergini a\u00e7t\u0131. Fotosergi Latviya Cumhuriyeti T\u0131\u015f i\u015fler nazirligi taraf\u0131ndan fotograf\u00e7\u0131 \u0130lmars Znot\u0131n\u0131\u015f ile birlikte az\u0131rlan\u0131p, Latviya mustaqilligi il\u00e2n etilgenini\u00f1 95 y\u0131ll\u0131\u011f\u0131na ba\u011f\u0131\u015fland\u0131. Sergini\u00f1 tantanal\u0131 a\u00e7\u0131l\u0131\u015f\u0131nda Q\u0131r\u0131mtatar halq\u0131 Meclisini\u00f1 reisi Refat \u00c7ubarov, Q\u0131r\u0131m Yuqar\u0131 \u015euras\u0131n\u0131\u00f1 reisi Vladimir Konstantinov, [&hellip;]<\/p>\n","protected":false},"author":1,"featured_media":0,"comment_status":"open","ping_status":"open","sticky":false,"template":"","format":"standard","meta":{"inline_featured_image":false,"footnotes":""},"categories":[265],"tags":[],"class_list":["post-40424","post","type-post","status-publish","format-standard","hentry","category-haberler"],"acf":[],"yoast_head":"<!-- This site is optimized with the Yoast SEO plugin v27.4 - https:\/\/yoast.com\/product\/yoast-seo-wordpress\/ -->\n<title>Meclis reisi Refat \u00c7ubarov Latviya mustaqilligini\u00f1 95 y\u0131ll\u0131\u011f\u0131na ba\u011f\u0131\u015flan\u011fan fotosergini ziyaret etti - \u041c\u0435\u0434\u0436\u043b\u0456\u0441<\/title>\n<meta name=\"robots\" content=\"index, follow, max-snippet:-1, max-image-preview:large, max-video-preview:-1\" \/>\n<link rel=\"canonical\" href=\"https:\/\/qtmm.org\/qt\/meclis-reisi-refat-cubarov-latviya-mustaqilliginin-95-yilligina-bagislangan-fotosergini-ziyaret-etti\/\" \/>\n<meta property=\"og:locale\" content=\"en_US\" \/>\n<meta property=\"og:type\" content=\"article\" \/>\n<meta property=\"og:title\" content=\"Meclis reisi Refat \u00c7ubarov Latviya mustaqilligini\u00f1 95 y\u0131ll\u0131\u011f\u0131na ba\u011f\u0131\u015flan\u011fan fotosergini ziyaret etti - \u041c\u0435\u0434\u0436\u043b\u0456\u0441\" \/>\n<meta property=\"og:description\" content=\"2013 senesi noyabr 13 k\u00fcn\u00fc Tavrida Merkeziy m\u00fczeyinde Latviyan\u0131\u00f1 Ukrainadaki Vefqulade ve Toluvek\u00e2letli El\u00e7isi Argita Daudze &#8220;Mustaqillikke yolum\u0131z&#8221; fotosergini a\u00e7t\u0131. Fotosergi Latviya Cumhuriyeti T\u0131\u015f i\u015fler nazirligi taraf\u0131ndan fotograf\u00e7\u0131 \u0130lmars Znot\u0131n\u0131\u015f ile birlikte az\u0131rlan\u0131p, Latviya mustaqilligi il\u00e2n etilgenini\u00f1 95 y\u0131ll\u0131\u011f\u0131na ba\u011f\u0131\u015fland\u0131. Sergini\u00f1 tantanal\u0131 a\u00e7\u0131l\u0131\u015f\u0131nda Q\u0131r\u0131mtatar halq\u0131 Meclisini\u00f1 reisi Refat \u00c7ubarov, Q\u0131r\u0131m Yuqar\u0131 \u015euras\u0131n\u0131\u00f1 reisi Vladimir Konstantinov, [&hellip;]\" \/>\n<meta property=\"og:url\" content=\"https:\/\/qtmm.org\/qt\/meclis-reisi-refat-cubarov-latviya-mustaqilliginin-95-yilligina-bagislangan-fotosergini-ziyaret-etti\/\" \/>\n<meta property=\"og:site_name\" content=\"\u041c\u0435\u0434\u0436\u043b\u0456\u0441\" \/>\n<meta property=\"article:publisher\" content=\"https:\/\/www.facebook.com\/qtmm.info\/\" \/>\n<meta property=\"article:published_time\" content=\"2013-11-13T17:25:00+00:00\" \/>\n<meta property=\"article:modified_time\" content=\"2022-01-26T17:34:22+00:00\" \/>\n<meta property=\"og:image\" content=\"https:\/\/qtmm.org\/wp-content\/uploads\/2022\/01\/1_137.jpeg\" \/>\n\t<meta property=\"og:image:width\" content=\"650\" \/>\n\t<meta property=\"og:image:height\" content=\"327\" \/>\n\t<meta property=\"og:image:type\" content=\"image\/jpeg\" \/>\n<meta name=\"author\" content=\"Developer\" \/>\n<meta name=\"twitter:card\" content=\"summary_large_image\" \/>\n<meta name=\"twitter:label1\" content=\"Written by\" \/>\n\t<meta name=\"twitter:data1\" content=\"Developer\" \/>\n\t<meta name=\"twitter:label2\" content=\"Est. reading time\" \/>\n\t<meta name=\"twitter:data2\" content=\"2 minutes\" \/>\n<script type=\"application\/ld+json\" class=\"yoast-schema-graph\">{\"@context\":\"https:\\\/\\\/schema.org\",\"@graph\":[{\"@type\":\"Article\",\"@id\":\"https:\\\/\\\/qtmm.org\\\/qt\\\/meclis-reisi-refat-cubarov-latviya-mustaqilliginin-95-yilligina-bagislangan-fotosergini-ziyaret-etti\\\/#article\",\"isPartOf\":{\"@id\":\"https:\\\/\\\/qtmm.org\\\/qt\\\/meclis-reisi-refat-cubarov-latviya-mustaqilliginin-95-yilligina-bagislangan-fotosergini-ziyaret-etti\\\/\"},\"author\":{\"name\":\"Developer\",\"@id\":\"https:\\\/\\\/qtmm.org\\\/qt\\\/#\\\/schema\\\/person\\\/de562469f971dec226ac06e60bbf74a7\"},\"headline\":\"Meclis reisi Refat \u00c7ubarov Latviya mustaqilligini\u00f1 95 y\u0131ll\u0131\u011f\u0131na ba\u011f\u0131\u015flan\u011fan fotosergini ziyaret etti\",\"datePublished\":\"2013-11-13T17:25:00+00:00\",\"dateModified\":\"2022-01-26T17:34:22+00:00\",\"mainEntityOfPage\":{\"@id\":\"https:\\\/\\\/qtmm.org\\\/qt\\\/meclis-reisi-refat-cubarov-latviya-mustaqilliginin-95-yilligina-bagislangan-fotosergini-ziyaret-etti\\\/\"},\"wordCount\":587,\"commentCount\":0,\"publisher\":{\"@id\":\"https:\\\/\\\/qtmm.org\\\/qt\\\/#organization\"},\"image\":{\"@id\":\"https:\\\/\\\/qtmm.org\\\/qt\\\/meclis-reisi-refat-cubarov-latviya-mustaqilliginin-95-yilligina-bagislangan-fotosergini-ziyaret-etti\\\/#primaryimage\"},\"thumbnailUrl\":\"http:\\\/\\\/qtmm.org\\\/wp-content\\\/uploads\\\/2022\\\/01\\\/1_137.jpeg\",\"articleSection\":[\"Haberler\"],\"inLanguage\":\"qt\",\"potentialAction\":[{\"@type\":\"CommentAction\",\"name\":\"Comment\",\"target\":[\"https:\\\/\\\/qtmm.org\\\/qt\\\/meclis-reisi-refat-cubarov-latviya-mustaqilliginin-95-yilligina-bagislangan-fotosergini-ziyaret-etti\\\/#respond\"]}]},{\"@type\":\"WebPage\",\"@id\":\"https:\\\/\\\/qtmm.org\\\/qt\\\/meclis-reisi-refat-cubarov-latviya-mustaqilliginin-95-yilligina-bagislangan-fotosergini-ziyaret-etti\\\/\",\"url\":\"https:\\\/\\\/qtmm.org\\\/qt\\\/meclis-reisi-refat-cubarov-latviya-mustaqilliginin-95-yilligina-bagislangan-fotosergini-ziyaret-etti\\\/\",\"name\":\"Meclis reisi Refat \u00c7ubarov Latviya mustaqilligini\u00f1 95 y\u0131ll\u0131\u011f\u0131na ba\u011f\u0131\u015flan\u011fan fotosergini ziyaret etti - \u041c\u0435\u0434\u0436\u043b\u0456\u0441\",\"isPartOf\":{\"@id\":\"https:\\\/\\\/qtmm.org\\\/qt\\\/#website\"},\"primaryImageOfPage\":{\"@id\":\"https:\\\/\\\/qtmm.org\\\/qt\\\/meclis-reisi-refat-cubarov-latviya-mustaqilliginin-95-yilligina-bagislangan-fotosergini-ziyaret-etti\\\/#primaryimage\"},\"image\":{\"@id\":\"https:\\\/\\\/qtmm.org\\\/qt\\\/meclis-reisi-refat-cubarov-latviya-mustaqilliginin-95-yilligina-bagislangan-fotosergini-ziyaret-etti\\\/#primaryimage\"},\"thumbnailUrl\":\"http:\\\/\\\/qtmm.org\\\/wp-content\\\/uploads\\\/2022\\\/01\\\/1_137.jpeg\",\"datePublished\":\"2013-11-13T17:25:00+00:00\",\"dateModified\":\"2022-01-26T17:34:22+00:00\",\"breadcrumb\":{\"@id\":\"https:\\\/\\\/qtmm.org\\\/qt\\\/meclis-reisi-refat-cubarov-latviya-mustaqilliginin-95-yilligina-bagislangan-fotosergini-ziyaret-etti\\\/#breadcrumb\"},\"inLanguage\":\"qt\",\"potentialAction\":[{\"@type\":\"ReadAction\",\"target\":[\"https:\\\/\\\/qtmm.org\\\/qt\\\/meclis-reisi-refat-cubarov-latviya-mustaqilliginin-95-yilligina-bagislangan-fotosergini-ziyaret-etti\\\/\"]}]},{\"@type\":\"ImageObject\",\"inLanguage\":\"qt\",\"@id\":\"https:\\\/\\\/qtmm.org\\\/qt\\\/meclis-reisi-refat-cubarov-latviya-mustaqilliginin-95-yilligina-bagislangan-fotosergini-ziyaret-etti\\\/#primaryimage\",\"url\":\"http:\\\/\\\/qtmm.org\\\/wp-content\\\/uploads\\\/2022\\\/01\\\/1_137.jpeg\",\"contentUrl\":\"http:\\\/\\\/qtmm.org\\\/wp-content\\\/uploads\\\/2022\\\/01\\\/1_137.jpeg\"},{\"@type\":\"BreadcrumbList\",\"@id\":\"https:\\\/\\\/qtmm.org\\\/qt\\\/meclis-reisi-refat-cubarov-latviya-mustaqilliginin-95-yilligina-bagislangan-fotosergini-ziyaret-etti\\\/#breadcrumb\",\"itemListElement\":[{\"@type\":\"ListItem\",\"position\":1,\"name\":\"\u0413\u043e\u043b\u043e\u0432\u043d\u0430\",\"item\":\"https:\\\/\\\/qtmm.org\\\/qt\\\/\"},{\"@type\":\"ListItem\",\"position\":2,\"name\":\"Meclis reisi Refat \u00c7ubarov Latviya mustaqilligini\u00f1 95 y\u0131ll\u0131\u011f\u0131na ba\u011f\u0131\u015flan\u011fan fotosergini ziyaret etti\"}]},{\"@type\":\"WebSite\",\"@id\":\"https:\\\/\\\/qtmm.org\\\/qt\\\/#website\",\"url\":\"https:\\\/\\\/qtmm.org\\\/qt\\\/\",\"name\":\"\u041c\u0435\u0434\u0436\u043b\u0456\u0441\",\"description\":\"\",\"publisher\":{\"@id\":\"https:\\\/\\\/qtmm.org\\\/qt\\\/#organization\"},\"potentialAction\":[{\"@type\":\"SearchAction\",\"target\":{\"@type\":\"EntryPoint\",\"urlTemplate\":\"https:\\\/\\\/qtmm.org\\\/qt\\\/?s={search_term_string}\"},\"query-input\":{\"@type\":\"PropertyValueSpecification\",\"valueRequired\":true,\"valueName\":\"search_term_string\"}}],\"inLanguage\":\"qt\"},{\"@type\":\"Organization\",\"@id\":\"https:\\\/\\\/qtmm.org\\\/qt\\\/#organization\",\"name\":\"\u041c\u0435\u0434\u0436\u043b\u0456\u0441\",\"url\":\"https:\\\/\\\/qtmm.org\\\/qt\\\/\",\"logo\":{\"@type\":\"ImageObject\",\"inLanguage\":\"qt\",\"@id\":\"https:\\\/\\\/qtmm.org\\\/qt\\\/#\\\/schema\\\/logo\\\/image\\\/\",\"url\":\"https:\\\/\\\/qtmm.org\\\/wp-content\\\/uploads\\\/2024\\\/12\\\/ua-mejlis-logo-rgb.svg\",\"contentUrl\":\"https:\\\/\\\/qtmm.org\\\/wp-content\\\/uploads\\\/2024\\\/12\\\/ua-mejlis-logo-rgb.svg\",\"caption\":\"\u041c\u0435\u0434\u0436\u043b\u0456\u0441\"},\"image\":{\"@id\":\"https:\\\/\\\/qtmm.org\\\/qt\\\/#\\\/schema\\\/logo\\\/image\\\/\"},\"sameAs\":[\"https:\\\/\\\/www.facebook.com\\\/qtmm.info\\\/\"]},{\"@type\":\"Person\",\"@id\":\"https:\\\/\\\/qtmm.org\\\/qt\\\/#\\\/schema\\\/person\\\/de562469f971dec226ac06e60bbf74a7\",\"name\":\"Developer\",\"image\":{\"@type\":\"ImageObject\",\"inLanguage\":\"qt\",\"@id\":\"https:\\\/\\\/secure.gravatar.com\\\/avatar\\\/392b4cc8fbfeb00b39dfeeab4ee6edded39ffd48e25858637e4765810300227e?s=96&d=mm&r=g\",\"url\":\"https:\\\/\\\/secure.gravatar.com\\\/avatar\\\/392b4cc8fbfeb00b39dfeeab4ee6edded39ffd48e25858637e4765810300227e?s=96&d=mm&r=g\",\"contentUrl\":\"https:\\\/\\\/secure.gravatar.com\\\/avatar\\\/392b4cc8fbfeb00b39dfeeab4ee6edded39ffd48e25858637e4765810300227e?s=96&d=mm&r=g\",\"caption\":\"Developer\"},\"url\":\"https:\\\/\\\/qtmm.org\\\/qt\\\/author\\\/Developer\\\/\"}]}<\/script>\n<!-- \/ Yoast SEO plugin. -->","yoast_head_json":{"title":"Meclis reisi Refat \u00c7ubarov Latviya mustaqilligini\u00f1 95 y\u0131ll\u0131\u011f\u0131na ba\u011f\u0131\u015flan\u011fan fotosergini ziyaret etti - \u041c\u0435\u0434\u0436\u043b\u0456\u0441","robots":{"index":"index","follow":"follow","max-snippet":"max-snippet:-1","max-image-preview":"max-image-preview:large","max-video-preview":"max-video-preview:-1"},"canonical":"https:\/\/qtmm.org\/qt\/meclis-reisi-refat-cubarov-latviya-mustaqilliginin-95-yilligina-bagislangan-fotosergini-ziyaret-etti\/","og_locale":"en_US","og_type":"article","og_title":"Meclis reisi Refat \u00c7ubarov Latviya mustaqilligini\u00f1 95 y\u0131ll\u0131\u011f\u0131na ba\u011f\u0131\u015flan\u011fan fotosergini ziyaret etti - \u041c\u0435\u0434\u0436\u043b\u0456\u0441","og_description":"2013 senesi noyabr 13 k\u00fcn\u00fc Tavrida Merkeziy m\u00fczeyinde Latviyan\u0131\u00f1 Ukrainadaki Vefqulade ve Toluvek\u00e2letli El\u00e7isi Argita Daudze &#8220;Mustaqillikke yolum\u0131z&#8221; fotosergini a\u00e7t\u0131. Fotosergi Latviya Cumhuriyeti T\u0131\u015f i\u015fler nazirligi taraf\u0131ndan fotograf\u00e7\u0131 \u0130lmars Znot\u0131n\u0131\u015f ile birlikte az\u0131rlan\u0131p, Latviya mustaqilligi il\u00e2n etilgenini\u00f1 95 y\u0131ll\u0131\u011f\u0131na ba\u011f\u0131\u015fland\u0131. Sergini\u00f1 tantanal\u0131 a\u00e7\u0131l\u0131\u015f\u0131nda Q\u0131r\u0131mtatar halq\u0131 Meclisini\u00f1 reisi Refat \u00c7ubarov, Q\u0131r\u0131m Yuqar\u0131 \u015euras\u0131n\u0131\u00f1 reisi Vladimir Konstantinov, [&hellip;]","og_url":"https:\/\/qtmm.org\/qt\/meclis-reisi-refat-cubarov-latviya-mustaqilliginin-95-yilligina-bagislangan-fotosergini-ziyaret-etti\/","og_site_name":"\u041c\u0435\u0434\u0436\u043b\u0456\u0441","article_publisher":"https:\/\/www.facebook.com\/qtmm.info\/","article_published_time":"2013-11-13T17:25:00+00:00","article_modified_time":"2022-01-26T17:34:22+00:00","og_image":[{"width":650,"height":327,"url":"https:\/\/qtmm.org\/wp-content\/uploads\/2022\/01\/1_137.jpeg","type":"image\/jpeg"}],"author":"Developer","twitter_card":"summary_large_image","twitter_misc":{"Written by":"Developer","Est. reading time":"2 minutes"},"schema":{"@context":"https:\/\/schema.org","@graph":[{"@type":"Article","@id":"https:\/\/qtmm.org\/qt\/meclis-reisi-refat-cubarov-latviya-mustaqilliginin-95-yilligina-bagislangan-fotosergini-ziyaret-etti\/#article","isPartOf":{"@id":"https:\/\/qtmm.org\/qt\/meclis-reisi-refat-cubarov-latviya-mustaqilliginin-95-yilligina-bagislangan-fotosergini-ziyaret-etti\/"},"author":{"name":"Developer","@id":"https:\/\/qtmm.org\/qt\/#\/schema\/person\/de562469f971dec226ac06e60bbf74a7"},"headline":"Meclis reisi Refat \u00c7ubarov Latviya mustaqilligini\u00f1 95 y\u0131ll\u0131\u011f\u0131na ba\u011f\u0131\u015flan\u011fan fotosergini ziyaret etti","datePublished":"2013-11-13T17:25:00+00:00","dateModified":"2022-01-26T17:34:22+00:00","mainEntityOfPage":{"@id":"https:\/\/qtmm.org\/qt\/meclis-reisi-refat-cubarov-latviya-mustaqilliginin-95-yilligina-bagislangan-fotosergini-ziyaret-etti\/"},"wordCount":587,"commentCount":0,"publisher":{"@id":"https:\/\/qtmm.org\/qt\/#organization"},"image":{"@id":"https:\/\/qtmm.org\/qt\/meclis-reisi-refat-cubarov-latviya-mustaqilliginin-95-yilligina-bagislangan-fotosergini-ziyaret-etti\/#primaryimage"},"thumbnailUrl":"http:\/\/qtmm.org\/wp-content\/uploads\/2022\/01\/1_137.jpeg","articleSection":["Haberler"],"inLanguage":"qt","potentialAction":[{"@type":"CommentAction","name":"Comment","target":["https:\/\/qtmm.org\/qt\/meclis-reisi-refat-cubarov-latviya-mustaqilliginin-95-yilligina-bagislangan-fotosergini-ziyaret-etti\/#respond"]}]},{"@type":"WebPage","@id":"https:\/\/qtmm.org\/qt\/meclis-reisi-refat-cubarov-latviya-mustaqilliginin-95-yilligina-bagislangan-fotosergini-ziyaret-etti\/","url":"https:\/\/qtmm.org\/qt\/meclis-reisi-refat-cubarov-latviya-mustaqilliginin-95-yilligina-bagislangan-fotosergini-ziyaret-etti\/","name":"Meclis reisi Refat \u00c7ubarov Latviya mustaqilligini\u00f1 95 y\u0131ll\u0131\u011f\u0131na ba\u011f\u0131\u015flan\u011fan fotosergini ziyaret etti - \u041c\u0435\u0434\u0436\u043b\u0456\u0441","isPartOf":{"@id":"https:\/\/qtmm.org\/qt\/#website"},"primaryImageOfPage":{"@id":"https:\/\/qtmm.org\/qt\/meclis-reisi-refat-cubarov-latviya-mustaqilliginin-95-yilligina-bagislangan-fotosergini-ziyaret-etti\/#primaryimage"},"image":{"@id":"https:\/\/qtmm.org\/qt\/meclis-reisi-refat-cubarov-latviya-mustaqilliginin-95-yilligina-bagislangan-fotosergini-ziyaret-etti\/#primaryimage"},"thumbnailUrl":"http:\/\/qtmm.org\/wp-content\/uploads\/2022\/01\/1_137.jpeg","datePublished":"2013-11-13T17:25:00+00:00","dateModified":"2022-01-26T17:34:22+00:00","breadcrumb":{"@id":"https:\/\/qtmm.org\/qt\/meclis-reisi-refat-cubarov-latviya-mustaqilliginin-95-yilligina-bagislangan-fotosergini-ziyaret-etti\/#breadcrumb"},"inLanguage":"qt","potentialAction":[{"@type":"ReadAction","target":["https:\/\/qtmm.org\/qt\/meclis-reisi-refat-cubarov-latviya-mustaqilliginin-95-yilligina-bagislangan-fotosergini-ziyaret-etti\/"]}]},{"@type":"ImageObject","inLanguage":"qt","@id":"https:\/\/qtmm.org\/qt\/meclis-reisi-refat-cubarov-latviya-mustaqilliginin-95-yilligina-bagislangan-fotosergini-ziyaret-etti\/#primaryimage","url":"http:\/\/qtmm.org\/wp-content\/uploads\/2022\/01\/1_137.jpeg","contentUrl":"http:\/\/qtmm.org\/wp-content\/uploads\/2022\/01\/1_137.jpeg"},{"@type":"BreadcrumbList","@id":"https:\/\/qtmm.org\/qt\/meclis-reisi-refat-cubarov-latviya-mustaqilliginin-95-yilligina-bagislangan-fotosergini-ziyaret-etti\/#breadcrumb","itemListElement":[{"@type":"ListItem","position":1,"name":"\u0413\u043e\u043b\u043e\u0432\u043d\u0430","item":"https:\/\/qtmm.org\/qt\/"},{"@type":"ListItem","position":2,"name":"Meclis reisi Refat \u00c7ubarov Latviya mustaqilligini\u00f1 95 y\u0131ll\u0131\u011f\u0131na ba\u011f\u0131\u015flan\u011fan fotosergini ziyaret etti"}]},{"@type":"WebSite","@id":"https:\/\/qtmm.org\/qt\/#website","url":"https:\/\/qtmm.org\/qt\/","name":"\u041c\u0435\u0434\u0436\u043b\u0456\u0441","description":"","publisher":{"@id":"https:\/\/qtmm.org\/qt\/#organization"},"potentialAction":[{"@type":"SearchAction","target":{"@type":"EntryPoint","urlTemplate":"https:\/\/qtmm.org\/qt\/?s={search_term_string}"},"query-input":{"@type":"PropertyValueSpecification","valueRequired":true,"valueName":"search_term_string"}}],"inLanguage":"qt"},{"@type":"Organization","@id":"https:\/\/qtmm.org\/qt\/#organization","name":"\u041c\u0435\u0434\u0436\u043b\u0456\u0441","url":"https:\/\/qtmm.org\/qt\/","logo":{"@type":"ImageObject","inLanguage":"qt","@id":"https:\/\/qtmm.org\/qt\/#\/schema\/logo\/image\/","url":"https:\/\/qtmm.org\/wp-content\/uploads\/2024\/12\/ua-mejlis-logo-rgb.svg","contentUrl":"https:\/\/qtmm.org\/wp-content\/uploads\/2024\/12\/ua-mejlis-logo-rgb.svg","caption":"\u041c\u0435\u0434\u0436\u043b\u0456\u0441"},"image":{"@id":"https:\/\/qtmm.org\/qt\/#\/schema\/logo\/image\/"},"sameAs":["https:\/\/www.facebook.com\/qtmm.info\/"]},{"@type":"Person","@id":"https:\/\/qtmm.org\/qt\/#\/schema\/person\/de562469f971dec226ac06e60bbf74a7","name":"Developer","image":{"@type":"ImageObject","inLanguage":"qt","@id":"https:\/\/secure.gravatar.com\/avatar\/392b4cc8fbfeb00b39dfeeab4ee6edded39ffd48e25858637e4765810300227e?s=96&d=mm&r=g","url":"https:\/\/secure.gravatar.com\/avatar\/392b4cc8fbfeb00b39dfeeab4ee6edded39ffd48e25858637e4765810300227e?s=96&d=mm&r=g","contentUrl":"https:\/\/secure.gravatar.com\/avatar\/392b4cc8fbfeb00b39dfeeab4ee6edded39ffd48e25858637e4765810300227e?s=96&d=mm&r=g","caption":"Developer"},"url":"https:\/\/qtmm.org\/qt\/author\/Developer\/"}]}},"_links":{"self":[{"href":"https:\/\/qtmm.org\/qt\/wp-json\/wp\/v2\/posts\/40424","targetHints":{"allow":["GET"]}}],"collection":[{"href":"https:\/\/qtmm.org\/qt\/wp-json\/wp\/v2\/posts"}],"about":[{"href":"https:\/\/qtmm.org\/qt\/wp-json\/wp\/v2\/types\/post"}],"author":[{"embeddable":true,"href":"https:\/\/qtmm.org\/qt\/wp-json\/wp\/v2\/users\/1"}],"replies":[{"embeddable":true,"href":"https:\/\/qtmm.org\/qt\/wp-json\/wp\/v2\/comments?post=40424"}],"version-history":[{"count":1,"href":"https:\/\/qtmm.org\/qt\/wp-json\/wp\/v2\/posts\/40424\/revisions"}],"predecessor-version":[{"id":40473,"href":"https:\/\/qtmm.org\/qt\/wp-json\/wp\/v2\/posts\/40424\/revisions\/40473"}],"wp:attachment":[{"href":"https:\/\/qtmm.org\/qt\/wp-json\/wp\/v2\/media?parent=40424"}],"wp:term":[{"taxonomy":"category","embeddable":true,"href":"https:\/\/qtmm.org\/qt\/wp-json\/wp\/v2\/categories?post=40424"},{"taxonomy":"post_tag","embeddable":true,"href":"https:\/\/qtmm.org\/qt\/wp-json\/wp\/v2\/tags?post=40424"}],"curies":[{"name":"wp","href":"https:\/\/api.w.org\/{rel}","templated":true}]}}