




{"id":40422,"date":"2013-11-13T20:24:00","date_gmt":"2013-11-13T17:24:00","guid":{"rendered":"http:\/\/qtmm.org\/?p=40422"},"modified":"2022-01-26T20:25:03","modified_gmt":"2022-01-26T17:25:03","slug":"meclis-reisi-refat-cubarov-meclis-yolbascilari-ve-meclis-idare-reberleri-tarafindan-vatandaslarni-qabul-etuvni-teskilatlandiruv-aqqinda-emir-berdi","status":"publish","type":"post","link":"https:\/\/qtmm.org\/qt\/meclis-reisi-refat-cubarov-meclis-yolbascilari-ve-meclis-idare-reberleri-tarafindan-vatandaslarni-qabul-etuvni-teskilatlandiruv-aqqinda-emir-berdi\/","title":{"rendered":"Meclis reisi Refat \u00c7ubarov Meclis yolba\u015f\u00e7\u0131lar\u0131 ve Meclis idare reberleri taraf\u0131ndan vatanda\u015flarn\u0131 qabul et\u00fcvni te\u015fkil\u00e2tland\u0131ruv aqq\u0131nda emir berdi"},"content":{"rendered":"\n<p>2013 senesi noyabr 13 k\u00fcn\u00fc Milliy Meclis reisi Refat \u00c7ubarov &#8220;Meclis yolba\u015f\u00e7\u0131lar\u0131 ve Meclis idare reberleri taraf\u0131ndan vatanda\u015flarn\u0131 qabul et\u00fcvni te\u015fkil\u00e2tland\u0131ruv aqq\u0131nda&#8221; \u2116001-r emir berdi<\/p>\n\n\n\n<p>&#8220;Vatanda\u015flarn\u0131\u00f1 \u015fahsiy meselelerini \u00e7ez\u00fcvde olduq\u00e7a \u00e7oq\u00e7a yard\u0131m etmek, daimiy dialog ve cemaat ile s\u0131q\u0131 ba\u011f qurmaq maqsad\u0131nda Meclis yolba\u015f\u00e7\u0131lar\u0131 ve Meclis idare reberleri taraf\u0131ndan vatanda\u015flarn\u0131 \u015fahsiy meseleler boyunca qabul et\u00fcv cedvelini tizmek qarar\u0131 al\u0131nd\u0131, &#8211; denile Meclis reisini\u00f1 emirinde.<\/p>\n\n\n\n<figure class=\"wp-block-table\"><table><tbody><tr><td><strong>\u2116<\/strong><\/td><td><strong>Ad\u0131, soyad\u0131<\/strong><\/td><td><strong>Vazifesi<\/strong><\/td><td><strong>Qabul k\u00fcn\u00fc ve vaqt\u0131<\/strong><\/td><td><strong>Qabul et\u00fcv yeri<\/strong><\/td><\/tr><tr><td>1.<\/td><td><strong>Refat \u00c7ubarov<\/strong><\/td><td>Meclis reisi<\/td><td>Ayn\u0131\u00f1er 1-nci ve 4-nci bazarertesi saat 9.00-den 13.00-gece<\/td><td>Aqmescit \u015f.\u015emidt soqa\u011f\u0131, 2<br>tel. (0652)27-35-26<\/td><\/tr><tr><td>2.<\/td><td><strong>Ayder Acimambetov<\/strong><\/td><td>Meclis reisini\u00f1 muavini, Q\u0131r\u0131mtatar milliy areket veteranlar\u0131, cemaat te\u015fkil\u00e2tlar\u0131 ile ba\u011flanuv idaresini\u00f1 ba\u015f\u0131<\/td><td>Ayn\u0131\u00f1er 1-nci ve 4-nci bazarertesi saat 9.00-den 13.00-gece<\/td><td>Aqmescit \u015f.\u015emidt soqa\u011f\u0131, 2<br>tel. (0652)27-35-26<\/td><\/tr><tr><td>3.<\/td><td><strong>Nariman Cel\u00e2lov<\/strong><\/td><td>Meclis reisini\u00f1 muavini, informatsion-analitik idaresini\u00f1 ba\u015f\u0131<\/td><td>Ayn\u0131\u00f1er 1-nci ve 4-nci bazarertesi saat 9.00-den 13.00-gece<\/td><td>Aqmescit \u015f.\u015emidt soqa\u011f\u0131, 2<br>tel. (0652)27-35-26<\/td><\/tr><tr><td>4.<\/td><td><strong>Zaur Smirnov<\/strong><\/td><td>Meclis reisini\u00f1 muavini, milliy idare, QMC devlet ve icra akimiyeti organlar\u0131, yerli idare organlar\u0131, b\u00fct\u00fcn seviyedeki \u015furalar deputatlar\u0131 ile \u00e7al\u0131\u015fuv idaresini\u00f1 ba\u015f\u0131<\/td><td>Ayn\u0131\u00f1er 1-nci ve 4-nci bazarertesi saat 9.00-den 13.00-gece<\/td><td>Aqmescit \u015f.\u015emidt soqa\u011f\u0131, 2<br>tel. (0652)27-35-26<\/td><\/tr><tr><td>5.<\/td><td><strong>Aslan \u00d6mer K\u0131r\u0131ml<\/strong><\/td><td>Meclis reisini\u00f1 muavini, t\u0131\u015f iqtisadiy al\u00e2qalar, yat\u0131r\u0131mlar, milliy iqtisadiyat inki\u015faf\u0131 idaresini\u00f1 ba\u015f\u0131<\/td><td>Ayn\u0131\u00f1er 1-nci ve 4-nci bazarertesi saat 9.00-den 13.00-gece<\/td><td>Aqmescit \u015f.\u015emidt soqa\u011f\u0131, 2<br>tel. (0652)27-35-26<\/td><\/tr><tr><td>6.<\/td><td><strong>\u00c7iygoz Ahtem<\/strong><\/td><td>Meclis reisini\u00f1 muavini Ayn\u0131\u00f1 er 1-nci ve 4-nci bazarertesi<\/td><td>Ayn\u0131\u00f1er 1-nci ve 4-nci bazarertesi saat 9.00-den 13.00-gece<\/td><td>Aqmescit \u015f.\u015emidt soqa\u011f\u0131, 2<br>tel. (0652)27-35-26<\/td><\/tr><tr><td>7.<\/td><td><strong>Dil\u00e2ver Akiyev<\/strong><\/td><td>Meclis K\u00e2tibiyetini\u00f1 ba\u015f\u0131<\/td><td>Ayn\u0131\u00f1er 1-nci ve 4-nci bazarertesi saat 9.00-den 16.00-gece<\/td><td>Aqmescit \u015f.\u015emidt soqa\u011f\u0131, 2<br>tel. (0652)27-35-26<\/td><\/tr><tr><td>8.<\/td><td><strong>Emine Avamileva<\/strong><\/td><td>Q\u0131r\u0131mtatar tilinde tasil ve q\u0131r\u0131mtatar tilini Q\u0131r\u0131mn\u0131\u00f1 devlet ve cemaat ayat\u0131n\u0131\u00f1 epsi saalar\u0131na tadbiq et\u00fcv idaresini\u00f1 ba\u015f<\/td><td>Ayn\u0131\u00f1er 1-nci ve 4-nci cuma saat 9.00-den 16.00-gece<\/td><td>Aqmescit \u015f.\u015emidt soqa\u011f\u0131, 2<br>tel. (0652)27-35-26<\/td><\/tr><tr><td>9.<\/td><td><strong>Ali Hamzin<\/strong><\/td><td>T\u0131\u015f al\u00e2qalar idaresini\u00f1 ba\u015f\u0131<\/td><td>Ayn\u0131\u00f1er 1-nci ve 4-nci bazarertesi saat 9.00-den 16.00-gece<\/td><td>Aqmescit \u015f.\u015emidt soqa\u011f\u0131, 2<br>tel. (0652)27-35-26<\/td><\/tr><tr><td>10.<\/td><td><strong>Gayana Y\u00fcksel<\/strong><\/td><td>Q\u0131r\u0131mtatar k\u00fctleviy matbuat vastalar\u0131 inki\u015faf\u0131 idaresini\u00f1 ba\u015f\u0131<\/td><td>Ayn\u0131\u00f1er 1-nci ve 3-nci \u00e7ar\u015fenbesi saat 9.00-den 12.00-gece<\/td><td>Aqmescit \u015f.Sevastopolskaya soqa\u011f\u0131, 30\/2, ofis 9<br>tel. (0625)25-53-56<\/td><\/tr><tr><td>11.<\/td><td><strong>Bekir Mamutov<\/strong><\/td><td>Medeniyet, tarih ve maneviy \u00f6m\u00fcr meseleleri idaresini\u00f1 ba\u015f\u0131<\/td><td>Ayn\u0131\u00f1er 1-nci ve 3-nci sal\u0131 saat 14.00-den 16.00-gece&nbsp;<\/td><td>Aqmescit \u015f.Karl Libkneht soqa\u011f\u0131, 14\/4. tel. (0625)50-42-51<\/td><\/tr><tr><td>12.<\/td><td><strong>Seydamet Ya\u011fyayev<\/strong><\/td><td>Sport ve gen\u00e7lik siyaseti idaresini\u00f1 ba\u015f\u0131<\/td><td>Ayn\u0131\u00f1er 1-nci ve 3-nci \u00e7ar\u015fenbesi saat 9.00-den 18.00-gece<\/td><td>Aqmescit \u015f.Sevastopolskaya soqa\u011f\u0131, 156. tel. (0625)49-38-87<\/td><\/tr><tr><td>13.<\/td><td><strong>Teyfuq \u011eafarov<\/strong><\/td><td>Adliye idaresini\u00f1 ba\u015f\u0131<\/td><td>Er k\u00fcn: bazarertesi-cuma. saat 9.00-den 18.00-gece<\/td><td>Aqmescit \u015f.Karl Marks soqa\u011f\u0131, 14\/9. ofis Tel.(099)-915-49-88<\/td><\/tr><\/tbody><\/table><\/figure>\n","protected":false},"excerpt":{"rendered":"<p>2013 senesi noyabr 13 k\u00fcn\u00fc Milliy Meclis reisi Refat \u00c7ubarov &#8220;Meclis yolba\u015f\u00e7\u0131lar\u0131 ve Meclis idare reberleri taraf\u0131ndan vatanda\u015flarn\u0131 qabul et\u00fcvni te\u015fkil\u00e2tland\u0131ruv aqq\u0131nda&#8221; \u2116001-r emir berdi &#8220;Vatanda\u015flarn\u0131\u00f1 \u015fahsiy meselelerini \u00e7ez\u00fcvde olduq\u00e7a \u00e7oq\u00e7a yard\u0131m etmek, daimiy dialog ve cemaat ile s\u0131q\u0131 ba\u011f qurmaq maqsad\u0131nda Meclis yolba\u015f\u00e7\u0131lar\u0131 ve Meclis idare reberleri taraf\u0131ndan vatanda\u015flarn\u0131 \u015fahsiy meseleler boyunca qabul et\u00fcv [&hellip;]<\/p>\n","protected":false},"author":1,"featured_media":0,"comment_status":"open","ping_status":"open","sticky":false,"template":"","format":"standard","meta":{"inline_featured_image":false,"footnotes":""},"categories":[265],"tags":[],"class_list":["post-40422","post","type-post","status-publish","format-standard","hentry","category-haberler"],"acf":[],"yoast_head":"<!-- This site is optimized with the Yoast SEO plugin v27.4 - https:\/\/yoast.com\/product\/yoast-seo-wordpress\/ -->\n<title>Meclis reisi Refat \u00c7ubarov Meclis yolba\u015f\u00e7\u0131lar\u0131 ve Meclis idare reberleri taraf\u0131ndan vatanda\u015flarn\u0131 qabul et\u00fcvni te\u015fkil\u00e2tland\u0131ruv aqq\u0131nda emir berdi - \u041c\u0435\u0434\u0436\u043b\u0456\u0441<\/title>\n<meta name=\"robots\" content=\"index, follow, max-snippet:-1, max-image-preview:large, max-video-preview:-1\" \/>\n<link rel=\"canonical\" href=\"https:\/\/qtmm.org\/qt\/meclis-reisi-refat-cubarov-meclis-yolbascilari-ve-meclis-idare-reberleri-tarafindan-vatandaslarni-qabul-etuvni-teskilatlandiruv-aqqinda-emir-berdi\/\" \/>\n<meta property=\"og:locale\" content=\"en_US\" \/>\n<meta property=\"og:type\" content=\"article\" \/>\n<meta property=\"og:title\" content=\"Meclis reisi Refat \u00c7ubarov Meclis yolba\u015f\u00e7\u0131lar\u0131 ve Meclis idare reberleri taraf\u0131ndan vatanda\u015flarn\u0131 qabul et\u00fcvni te\u015fkil\u00e2tland\u0131ruv aqq\u0131nda emir berdi - \u041c\u0435\u0434\u0436\u043b\u0456\u0441\" \/>\n<meta property=\"og:description\" content=\"2013 senesi noyabr 13 k\u00fcn\u00fc Milliy Meclis reisi Refat \u00c7ubarov &#8220;Meclis yolba\u015f\u00e7\u0131lar\u0131 ve Meclis idare reberleri taraf\u0131ndan vatanda\u015flarn\u0131 qabul et\u00fcvni te\u015fkil\u00e2tland\u0131ruv aqq\u0131nda&#8221; \u2116001-r emir berdi &#8220;Vatanda\u015flarn\u0131\u00f1 \u015fahsiy meselelerini \u00e7ez\u00fcvde olduq\u00e7a \u00e7oq\u00e7a yard\u0131m etmek, daimiy dialog ve cemaat ile s\u0131q\u0131 ba\u011f qurmaq maqsad\u0131nda Meclis yolba\u015f\u00e7\u0131lar\u0131 ve Meclis idare reberleri taraf\u0131ndan vatanda\u015flarn\u0131 \u015fahsiy meseleler boyunca qabul et\u00fcv [&hellip;]\" \/>\n<meta property=\"og:url\" content=\"https:\/\/qtmm.org\/qt\/meclis-reisi-refat-cubarov-meclis-yolbascilari-ve-meclis-idare-reberleri-tarafindan-vatandaslarni-qabul-etuvni-teskilatlandiruv-aqqinda-emir-berdi\/\" \/>\n<meta property=\"og:site_name\" content=\"\u041c\u0435\u0434\u0436\u043b\u0456\u0441\" \/>\n<meta property=\"article:publisher\" content=\"https:\/\/www.facebook.com\/qtmm.info\/\" \/>\n<meta property=\"article:published_time\" content=\"2013-11-13T17:24:00+00:00\" \/>\n<meta property=\"article:modified_time\" content=\"2022-01-26T17:25:03+00:00\" \/>\n<meta name=\"author\" content=\"Developer\" \/>\n<meta name=\"twitter:card\" content=\"summary_large_image\" \/>\n<meta name=\"twitter:label1\" content=\"Written by\" \/>\n\t<meta name=\"twitter:data1\" content=\"Developer\" \/>\n\t<meta name=\"twitter:label2\" content=\"Est. reading time\" \/>\n\t<meta name=\"twitter:data2\" content=\"2 minutes\" \/>\n<script type=\"application\/ld+json\" class=\"yoast-schema-graph\">{\"@context\":\"https:\\\/\\\/schema.org\",\"@graph\":[{\"@type\":\"Article\",\"@id\":\"https:\\\/\\\/qtmm.org\\\/qt\\\/meclis-reisi-refat-cubarov-meclis-yolbascilari-ve-meclis-idare-reberleri-tarafindan-vatandaslarni-qabul-etuvni-teskilatlandiruv-aqqinda-emir-berdi\\\/#article\",\"isPartOf\":{\"@id\":\"https:\\\/\\\/qtmm.org\\\/qt\\\/meclis-reisi-refat-cubarov-meclis-yolbascilari-ve-meclis-idare-reberleri-tarafindan-vatandaslarni-qabul-etuvni-teskilatlandiruv-aqqinda-emir-berdi\\\/\"},\"author\":{\"name\":\"Developer\",\"@id\":\"https:\\\/\\\/qtmm.org\\\/qt\\\/#\\\/schema\\\/person\\\/de562469f971dec226ac06e60bbf74a7\"},\"headline\":\"Meclis reisi Refat \u00c7ubarov Meclis yolba\u015f\u00e7\u0131lar\u0131 ve Meclis idare reberleri taraf\u0131ndan vatanda\u015flarn\u0131 qabul et\u00fcvni te\u015fkil\u00e2tland\u0131ruv aqq\u0131nda emir berdi\",\"datePublished\":\"2013-11-13T17:24:00+00:00\",\"dateModified\":\"2022-01-26T17:25:03+00:00\",\"mainEntityOfPage\":{\"@id\":\"https:\\\/\\\/qtmm.org\\\/qt\\\/meclis-reisi-refat-cubarov-meclis-yolbascilari-ve-meclis-idare-reberleri-tarafindan-vatandaslarni-qabul-etuvni-teskilatlandiruv-aqqinda-emir-berdi\\\/\"},\"wordCount\":496,\"commentCount\":0,\"publisher\":{\"@id\":\"https:\\\/\\\/qtmm.org\\\/qt\\\/#organization\"},\"articleSection\":[\"Haberler\"],\"inLanguage\":\"qt\",\"potentialAction\":[{\"@type\":\"CommentAction\",\"name\":\"Comment\",\"target\":[\"https:\\\/\\\/qtmm.org\\\/qt\\\/meclis-reisi-refat-cubarov-meclis-yolbascilari-ve-meclis-idare-reberleri-tarafindan-vatandaslarni-qabul-etuvni-teskilatlandiruv-aqqinda-emir-berdi\\\/#respond\"]}]},{\"@type\":\"WebPage\",\"@id\":\"https:\\\/\\\/qtmm.org\\\/qt\\\/meclis-reisi-refat-cubarov-meclis-yolbascilari-ve-meclis-idare-reberleri-tarafindan-vatandaslarni-qabul-etuvni-teskilatlandiruv-aqqinda-emir-berdi\\\/\",\"url\":\"https:\\\/\\\/qtmm.org\\\/qt\\\/meclis-reisi-refat-cubarov-meclis-yolbascilari-ve-meclis-idare-reberleri-tarafindan-vatandaslarni-qabul-etuvni-teskilatlandiruv-aqqinda-emir-berdi\\\/\",\"name\":\"Meclis reisi Refat \u00c7ubarov Meclis yolba\u015f\u00e7\u0131lar\u0131 ve Meclis idare reberleri taraf\u0131ndan vatanda\u015flarn\u0131 qabul et\u00fcvni te\u015fkil\u00e2tland\u0131ruv aqq\u0131nda emir berdi - \u041c\u0435\u0434\u0436\u043b\u0456\u0441\",\"isPartOf\":{\"@id\":\"https:\\\/\\\/qtmm.org\\\/qt\\\/#website\"},\"datePublished\":\"2013-11-13T17:24:00+00:00\",\"dateModified\":\"2022-01-26T17:25:03+00:00\",\"breadcrumb\":{\"@id\":\"https:\\\/\\\/qtmm.org\\\/qt\\\/meclis-reisi-refat-cubarov-meclis-yolbascilari-ve-meclis-idare-reberleri-tarafindan-vatandaslarni-qabul-etuvni-teskilatlandiruv-aqqinda-emir-berdi\\\/#breadcrumb\"},\"inLanguage\":\"qt\",\"potentialAction\":[{\"@type\":\"ReadAction\",\"target\":[\"https:\\\/\\\/qtmm.org\\\/qt\\\/meclis-reisi-refat-cubarov-meclis-yolbascilari-ve-meclis-idare-reberleri-tarafindan-vatandaslarni-qabul-etuvni-teskilatlandiruv-aqqinda-emir-berdi\\\/\"]}]},{\"@type\":\"BreadcrumbList\",\"@id\":\"https:\\\/\\\/qtmm.org\\\/qt\\\/meclis-reisi-refat-cubarov-meclis-yolbascilari-ve-meclis-idare-reberleri-tarafindan-vatandaslarni-qabul-etuvni-teskilatlandiruv-aqqinda-emir-berdi\\\/#breadcrumb\",\"itemListElement\":[{\"@type\":\"ListItem\",\"position\":1,\"name\":\"\u0413\u043e\u043b\u043e\u0432\u043d\u0430\",\"item\":\"https:\\\/\\\/qtmm.org\\\/qt\\\/\"},{\"@type\":\"ListItem\",\"position\":2,\"name\":\"Meclis reisi Refat \u00c7ubarov Meclis yolba\u015f\u00e7\u0131lar\u0131 ve Meclis idare reberleri taraf\u0131ndan vatanda\u015flarn\u0131 qabul et\u00fcvni te\u015fkil\u00e2tland\u0131ruv aqq\u0131nda emir berdi\"}]},{\"@type\":\"WebSite\",\"@id\":\"https:\\\/\\\/qtmm.org\\\/qt\\\/#website\",\"url\":\"https:\\\/\\\/qtmm.org\\\/qt\\\/\",\"name\":\"\u041c\u0435\u0434\u0436\u043b\u0456\u0441\",\"description\":\"\",\"publisher\":{\"@id\":\"https:\\\/\\\/qtmm.org\\\/qt\\\/#organization\"},\"potentialAction\":[{\"@type\":\"SearchAction\",\"target\":{\"@type\":\"EntryPoint\",\"urlTemplate\":\"https:\\\/\\\/qtmm.org\\\/qt\\\/?s={search_term_string}\"},\"query-input\":{\"@type\":\"PropertyValueSpecification\",\"valueRequired\":true,\"valueName\":\"search_term_string\"}}],\"inLanguage\":\"qt\"},{\"@type\":\"Organization\",\"@id\":\"https:\\\/\\\/qtmm.org\\\/qt\\\/#organization\",\"name\":\"\u041c\u0435\u0434\u0436\u043b\u0456\u0441\",\"url\":\"https:\\\/\\\/qtmm.org\\\/qt\\\/\",\"logo\":{\"@type\":\"ImageObject\",\"inLanguage\":\"qt\",\"@id\":\"https:\\\/\\\/qtmm.org\\\/qt\\\/#\\\/schema\\\/logo\\\/image\\\/\",\"url\":\"https:\\\/\\\/qtmm.org\\\/wp-content\\\/uploads\\\/2024\\\/12\\\/ua-mejlis-logo-rgb.svg\",\"contentUrl\":\"https:\\\/\\\/qtmm.org\\\/wp-content\\\/uploads\\\/2024\\\/12\\\/ua-mejlis-logo-rgb.svg\",\"caption\":\"\u041c\u0435\u0434\u0436\u043b\u0456\u0441\"},\"image\":{\"@id\":\"https:\\\/\\\/qtmm.org\\\/qt\\\/#\\\/schema\\\/logo\\\/image\\\/\"},\"sameAs\":[\"https:\\\/\\\/www.facebook.com\\\/qtmm.info\\\/\"]},{\"@type\":\"Person\",\"@id\":\"https:\\\/\\\/qtmm.org\\\/qt\\\/#\\\/schema\\\/person\\\/de562469f971dec226ac06e60bbf74a7\",\"name\":\"Developer\",\"image\":{\"@type\":\"ImageObject\",\"inLanguage\":\"qt\",\"@id\":\"https:\\\/\\\/secure.gravatar.com\\\/avatar\\\/392b4cc8fbfeb00b39dfeeab4ee6edded39ffd48e25858637e4765810300227e?s=96&d=mm&r=g\",\"url\":\"https:\\\/\\\/secure.gravatar.com\\\/avatar\\\/392b4cc8fbfeb00b39dfeeab4ee6edded39ffd48e25858637e4765810300227e?s=96&d=mm&r=g\",\"contentUrl\":\"https:\\\/\\\/secure.gravatar.com\\\/avatar\\\/392b4cc8fbfeb00b39dfeeab4ee6edded39ffd48e25858637e4765810300227e?s=96&d=mm&r=g\",\"caption\":\"Developer\"},\"url\":\"https:\\\/\\\/qtmm.org\\\/qt\\\/author\\\/Developer\\\/\"}]}<\/script>\n<!-- \/ Yoast SEO plugin. -->","yoast_head_json":{"title":"Meclis reisi Refat \u00c7ubarov Meclis yolba\u015f\u00e7\u0131lar\u0131 ve Meclis idare reberleri taraf\u0131ndan vatanda\u015flarn\u0131 qabul et\u00fcvni te\u015fkil\u00e2tland\u0131ruv aqq\u0131nda emir berdi - \u041c\u0435\u0434\u0436\u043b\u0456\u0441","robots":{"index":"index","follow":"follow","max-snippet":"max-snippet:-1","max-image-preview":"max-image-preview:large","max-video-preview":"max-video-preview:-1"},"canonical":"https:\/\/qtmm.org\/qt\/meclis-reisi-refat-cubarov-meclis-yolbascilari-ve-meclis-idare-reberleri-tarafindan-vatandaslarni-qabul-etuvni-teskilatlandiruv-aqqinda-emir-berdi\/","og_locale":"en_US","og_type":"article","og_title":"Meclis reisi Refat \u00c7ubarov Meclis yolba\u015f\u00e7\u0131lar\u0131 ve Meclis idare reberleri taraf\u0131ndan vatanda\u015flarn\u0131 qabul et\u00fcvni te\u015fkil\u00e2tland\u0131ruv aqq\u0131nda emir berdi - \u041c\u0435\u0434\u0436\u043b\u0456\u0441","og_description":"2013 senesi noyabr 13 k\u00fcn\u00fc Milliy Meclis reisi Refat \u00c7ubarov &#8220;Meclis yolba\u015f\u00e7\u0131lar\u0131 ve Meclis idare reberleri taraf\u0131ndan vatanda\u015flarn\u0131 qabul et\u00fcvni te\u015fkil\u00e2tland\u0131ruv aqq\u0131nda&#8221; \u2116001-r emir berdi &#8220;Vatanda\u015flarn\u0131\u00f1 \u015fahsiy meselelerini \u00e7ez\u00fcvde olduq\u00e7a \u00e7oq\u00e7a yard\u0131m etmek, daimiy dialog ve cemaat ile s\u0131q\u0131 ba\u011f qurmaq maqsad\u0131nda Meclis yolba\u015f\u00e7\u0131lar\u0131 ve Meclis idare reberleri taraf\u0131ndan vatanda\u015flarn\u0131 \u015fahsiy meseleler boyunca qabul et\u00fcv [&hellip;]","og_url":"https:\/\/qtmm.org\/qt\/meclis-reisi-refat-cubarov-meclis-yolbascilari-ve-meclis-idare-reberleri-tarafindan-vatandaslarni-qabul-etuvni-teskilatlandiruv-aqqinda-emir-berdi\/","og_site_name":"\u041c\u0435\u0434\u0436\u043b\u0456\u0441","article_publisher":"https:\/\/www.facebook.com\/qtmm.info\/","article_published_time":"2013-11-13T17:24:00+00:00","article_modified_time":"2022-01-26T17:25:03+00:00","author":"Developer","twitter_card":"summary_large_image","twitter_misc":{"Written by":"Developer","Est. reading time":"2 minutes"},"schema":{"@context":"https:\/\/schema.org","@graph":[{"@type":"Article","@id":"https:\/\/qtmm.org\/qt\/meclis-reisi-refat-cubarov-meclis-yolbascilari-ve-meclis-idare-reberleri-tarafindan-vatandaslarni-qabul-etuvni-teskilatlandiruv-aqqinda-emir-berdi\/#article","isPartOf":{"@id":"https:\/\/qtmm.org\/qt\/meclis-reisi-refat-cubarov-meclis-yolbascilari-ve-meclis-idare-reberleri-tarafindan-vatandaslarni-qabul-etuvni-teskilatlandiruv-aqqinda-emir-berdi\/"},"author":{"name":"Developer","@id":"https:\/\/qtmm.org\/qt\/#\/schema\/person\/de562469f971dec226ac06e60bbf74a7"},"headline":"Meclis reisi Refat \u00c7ubarov Meclis yolba\u015f\u00e7\u0131lar\u0131 ve Meclis idare reberleri taraf\u0131ndan vatanda\u015flarn\u0131 qabul et\u00fcvni te\u015fkil\u00e2tland\u0131ruv aqq\u0131nda emir berdi","datePublished":"2013-11-13T17:24:00+00:00","dateModified":"2022-01-26T17:25:03+00:00","mainEntityOfPage":{"@id":"https:\/\/qtmm.org\/qt\/meclis-reisi-refat-cubarov-meclis-yolbascilari-ve-meclis-idare-reberleri-tarafindan-vatandaslarni-qabul-etuvni-teskilatlandiruv-aqqinda-emir-berdi\/"},"wordCount":496,"commentCount":0,"publisher":{"@id":"https:\/\/qtmm.org\/qt\/#organization"},"articleSection":["Haberler"],"inLanguage":"qt","potentialAction":[{"@type":"CommentAction","name":"Comment","target":["https:\/\/qtmm.org\/qt\/meclis-reisi-refat-cubarov-meclis-yolbascilari-ve-meclis-idare-reberleri-tarafindan-vatandaslarni-qabul-etuvni-teskilatlandiruv-aqqinda-emir-berdi\/#respond"]}]},{"@type":"WebPage","@id":"https:\/\/qtmm.org\/qt\/meclis-reisi-refat-cubarov-meclis-yolbascilari-ve-meclis-idare-reberleri-tarafindan-vatandaslarni-qabul-etuvni-teskilatlandiruv-aqqinda-emir-berdi\/","url":"https:\/\/qtmm.org\/qt\/meclis-reisi-refat-cubarov-meclis-yolbascilari-ve-meclis-idare-reberleri-tarafindan-vatandaslarni-qabul-etuvni-teskilatlandiruv-aqqinda-emir-berdi\/","name":"Meclis reisi Refat \u00c7ubarov Meclis yolba\u015f\u00e7\u0131lar\u0131 ve Meclis idare reberleri taraf\u0131ndan vatanda\u015flarn\u0131 qabul et\u00fcvni te\u015fkil\u00e2tland\u0131ruv aqq\u0131nda emir berdi - \u041c\u0435\u0434\u0436\u043b\u0456\u0441","isPartOf":{"@id":"https:\/\/qtmm.org\/qt\/#website"},"datePublished":"2013-11-13T17:24:00+00:00","dateModified":"2022-01-26T17:25:03+00:00","breadcrumb":{"@id":"https:\/\/qtmm.org\/qt\/meclis-reisi-refat-cubarov-meclis-yolbascilari-ve-meclis-idare-reberleri-tarafindan-vatandaslarni-qabul-etuvni-teskilatlandiruv-aqqinda-emir-berdi\/#breadcrumb"},"inLanguage":"qt","potentialAction":[{"@type":"ReadAction","target":["https:\/\/qtmm.org\/qt\/meclis-reisi-refat-cubarov-meclis-yolbascilari-ve-meclis-idare-reberleri-tarafindan-vatandaslarni-qabul-etuvni-teskilatlandiruv-aqqinda-emir-berdi\/"]}]},{"@type":"BreadcrumbList","@id":"https:\/\/qtmm.org\/qt\/meclis-reisi-refat-cubarov-meclis-yolbascilari-ve-meclis-idare-reberleri-tarafindan-vatandaslarni-qabul-etuvni-teskilatlandiruv-aqqinda-emir-berdi\/#breadcrumb","itemListElement":[{"@type":"ListItem","position":1,"name":"\u0413\u043e\u043b\u043e\u0432\u043d\u0430","item":"https:\/\/qtmm.org\/qt\/"},{"@type":"ListItem","position":2,"name":"Meclis reisi Refat \u00c7ubarov Meclis yolba\u015f\u00e7\u0131lar\u0131 ve Meclis idare reberleri taraf\u0131ndan vatanda\u015flarn\u0131 qabul et\u00fcvni te\u015fkil\u00e2tland\u0131ruv aqq\u0131nda emir berdi"}]},{"@type":"WebSite","@id":"https:\/\/qtmm.org\/qt\/#website","url":"https:\/\/qtmm.org\/qt\/","name":"\u041c\u0435\u0434\u0436\u043b\u0456\u0441","description":"","publisher":{"@id":"https:\/\/qtmm.org\/qt\/#organization"},"potentialAction":[{"@type":"SearchAction","target":{"@type":"EntryPoint","urlTemplate":"https:\/\/qtmm.org\/qt\/?s={search_term_string}"},"query-input":{"@type":"PropertyValueSpecification","valueRequired":true,"valueName":"search_term_string"}}],"inLanguage":"qt"},{"@type":"Organization","@id":"https:\/\/qtmm.org\/qt\/#organization","name":"\u041c\u0435\u0434\u0436\u043b\u0456\u0441","url":"https:\/\/qtmm.org\/qt\/","logo":{"@type":"ImageObject","inLanguage":"qt","@id":"https:\/\/qtmm.org\/qt\/#\/schema\/logo\/image\/","url":"https:\/\/qtmm.org\/wp-content\/uploads\/2024\/12\/ua-mejlis-logo-rgb.svg","contentUrl":"https:\/\/qtmm.org\/wp-content\/uploads\/2024\/12\/ua-mejlis-logo-rgb.svg","caption":"\u041c\u0435\u0434\u0436\u043b\u0456\u0441"},"image":{"@id":"https:\/\/qtmm.org\/qt\/#\/schema\/logo\/image\/"},"sameAs":["https:\/\/www.facebook.com\/qtmm.info\/"]},{"@type":"Person","@id":"https:\/\/qtmm.org\/qt\/#\/schema\/person\/de562469f971dec226ac06e60bbf74a7","name":"Developer","image":{"@type":"ImageObject","inLanguage":"qt","@id":"https:\/\/secure.gravatar.com\/avatar\/392b4cc8fbfeb00b39dfeeab4ee6edded39ffd48e25858637e4765810300227e?s=96&d=mm&r=g","url":"https:\/\/secure.gravatar.com\/avatar\/392b4cc8fbfeb00b39dfeeab4ee6edded39ffd48e25858637e4765810300227e?s=96&d=mm&r=g","contentUrl":"https:\/\/secure.gravatar.com\/avatar\/392b4cc8fbfeb00b39dfeeab4ee6edded39ffd48e25858637e4765810300227e?s=96&d=mm&r=g","caption":"Developer"},"url":"https:\/\/qtmm.org\/qt\/author\/Developer\/"}]}},"_links":{"self":[{"href":"https:\/\/qtmm.org\/qt\/wp-json\/wp\/v2\/posts\/40422","targetHints":{"allow":["GET"]}}],"collection":[{"href":"https:\/\/qtmm.org\/qt\/wp-json\/wp\/v2\/posts"}],"about":[{"href":"https:\/\/qtmm.org\/qt\/wp-json\/wp\/v2\/types\/post"}],"author":[{"embeddable":true,"href":"https:\/\/qtmm.org\/qt\/wp-json\/wp\/v2\/users\/1"}],"replies":[{"embeddable":true,"href":"https:\/\/qtmm.org\/qt\/wp-json\/wp\/v2\/comments?post=40422"}],"version-history":[{"count":1,"href":"https:\/\/qtmm.org\/qt\/wp-json\/wp\/v2\/posts\/40422\/revisions"}],"predecessor-version":[{"id":40423,"href":"https:\/\/qtmm.org\/qt\/wp-json\/wp\/v2\/posts\/40422\/revisions\/40423"}],"wp:attachment":[{"href":"https:\/\/qtmm.org\/qt\/wp-json\/wp\/v2\/media?parent=40422"}],"wp:term":[{"taxonomy":"category","embeddable":true,"href":"https:\/\/qtmm.org\/qt\/wp-json\/wp\/v2\/categories?post=40422"},{"taxonomy":"post_tag","embeddable":true,"href":"https:\/\/qtmm.org\/qt\/wp-json\/wp\/v2\/tags?post=40422"}],"curies":[{"name":"wp","href":"https:\/\/api.w.org\/{rel}","templated":true}]}}