




{"id":40410,"date":"2013-11-13T20:22:00","date_gmt":"2013-11-13T17:22:00","guid":{"rendered":"http:\/\/qtmm.org\/?p=40410"},"modified":"2022-01-26T20:23:40","modified_gmt":"2022-01-26T17:23:40","slug":"qirimtatar-halqinin-lideri-mustafa-cemilev-70-yasini-toldurdi","status":"publish","type":"post","link":"https:\/\/qtmm.org\/qt\/qirimtatar-halqinin-lideri-mustafa-cemilev-70-yasini-toldurdi\/","title":{"rendered":"Q\u0131r\u0131mtatar halq\u0131n\u0131\u00f1 lideri Mustafa CEM\u0130LEV 70 ya\u015f\u0131n\u0131 toldurd\u0131"},"content":{"rendered":"\n<p>Bug\u00fcn, 2013 senesi noyabr 13 k\u00fcn\u00fc SSSRde insan aqlar\u0131n\u0131 qor\u00e7alav te\u015febb\u00fcs\u00e7i gruppas\u0131n\u0131\u00f1 esas\u00e7\u0131lar\u0131ndan ve azalar\u0131ndan biri, sovet kamplar\u0131n\u0131\u00f1 mahb\u00fcsi, Birle\u015fken Mlletler Te\u015fkil\u00e2t\u0131 qa\u00e7aqlarn\u0131\u00f1 i\u015fleri boyunca Aliy komissarn\u0131\u00f1 &#8220;Nansen muk\u00e2fat\u0131&#8221;n\u0131\u00f1 saibi, Q\u0131r\u0131mtatar halq\u0131 Meclisini\u00f1 1991-2013 senelerde Reisi, Ukraina halq deputat\u0131 Mustafa CEM\u0130LEV 70 ya\u015f\u0131n\u0131 toldurd\u0131.\u00a0<\/p>\n\n\n\n<figure class=\"wp-block-image size-full\"><img loading=\"lazy\" decoding=\"async\" width=\"800\" height=\"533\" src=\"http:\/\/qtmm.org\/wp-content\/uploads\/2022\/01\/photo_39_1.jpeg\" alt=\"\" class=\"wp-image-40411\" srcset=\"https:\/\/qtmm.org\/wp-content\/uploads\/2022\/01\/photo_39_1.jpeg 800w, https:\/\/qtmm.org\/wp-content\/uploads\/2022\/01\/photo_39_1-300x200.jpeg 300w, https:\/\/qtmm.org\/wp-content\/uploads\/2022\/01\/photo_39_1-768x512.jpeg 768w\" sizes=\"auto, (max-width: 800px) 100vw, 800px\" \/><\/figure>\n\n\n\n<p>Meclis azalar\u0131 Mustafa CEM\u0130LEVge qaviy sa\u011fl\u0131q, t\u00fckenmez k\u00fc\u00e7-\u011fayret ve aileviy baht tileyler.<\/p>\n\n\n\n<div class=\"wp-block-image\"><figure class=\"aligncenter size-full\"><img loading=\"lazy\" decoding=\"async\" width=\"533\" height=\"800\" src=\"http:\/\/qtmm.org\/wp-content\/uploads\/2022\/01\/photo_45_1.jpeg\" alt=\"\" class=\"wp-image-40415\" srcset=\"https:\/\/qtmm.org\/wp-content\/uploads\/2022\/01\/photo_45_1.jpeg 533w, https:\/\/qtmm.org\/wp-content\/uploads\/2022\/01\/photo_45_1-200x300.jpeg 200w\" sizes=\"auto, (max-width: 533px) 100vw, 533px\" \/><\/figure><\/div>\n\n\n\n<p>&#8220;\u00d6z cesareti, ikmeti ve ces\u00fcrliginen Mustafa Cemilev q\u0131r\u0131mtatarlarn\u0131 ve daa \u00e7oqtan-\u00e7oq mazlum halqlarn\u0131 tarihiy adaletsizlikke qar\u015f\u0131 k\u00fcre\u015fke ilhamland\u0131rd\u0131. On\u0131\u00f1 itibar\u0131 ve insan aqlar\u0131 ve serbestligi, milliy degerligini qor\u00e7alavdaki tecribesi q\u0131r\u0131mtatar halq\u0131 aqlar\u0131n\u0131\u00f1 \u011fayr\u0131dan tiklev areketini\u00f1 ay\u0131r\u0131lmaz q\u0131sm\u0131d\u0131r&#8221;, &#8211; dep qayd eteler Q\u0131r\u0131mtatar halq\u0131 Meclisini\u00f1 azalar\u0131<\/p>\n\n\n\n<p>Yubil\u00e2rn\u0131 hay\u0131rlav merasimi &#8220;Marakand&#8221; kompleksinde saat 15.00-de ba\u015flanacaq<\/p>\n","protected":false},"excerpt":{"rendered":"<p>Bug\u00fcn, 2013 senesi noyabr 13 k\u00fcn\u00fc SSSRde insan aqlar\u0131n\u0131 qor\u00e7alav te\u015febb\u00fcs\u00e7i gruppas\u0131n\u0131\u00f1 esas\u00e7\u0131lar\u0131ndan ve azalar\u0131ndan biri, sovet kamplar\u0131n\u0131\u00f1 mahb\u00fcsi, Birle\u015fken Mlletler Te\u015fkil\u00e2t\u0131 qa\u00e7aqlarn\u0131\u00f1 i\u015fleri boyunca Aliy komissarn\u0131\u00f1 &#8220;Nansen muk\u00e2fat\u0131&#8221;n\u0131\u00f1 saibi, Q\u0131r\u0131mtatar halq\u0131 Meclisini\u00f1 1991-2013 senelerde Reisi, Ukraina halq deputat\u0131 Mustafa CEM\u0130LEV 70 ya\u015f\u0131n\u0131 toldurd\u0131.\u00a0 Meclis azalar\u0131 Mustafa CEM\u0130LEVge qaviy sa\u011fl\u0131q, t\u00fckenmez k\u00fc\u00e7-\u011fayret ve aileviy baht [&hellip;]<\/p>\n","protected":false},"author":1,"featured_media":0,"comment_status":"open","ping_status":"open","sticky":false,"template":"","format":"standard","meta":{"inline_featured_image":false,"footnotes":""},"categories":[265],"tags":[],"class_list":["post-40410","post","type-post","status-publish","format-standard","hentry","category-haberler"],"acf":[],"yoast_head":"<!-- This site is optimized with the Yoast SEO plugin v27.4 - https:\/\/yoast.com\/product\/yoast-seo-wordpress\/ -->\n<title>Q\u0131r\u0131mtatar halq\u0131n\u0131\u00f1 lideri Mustafa CEM\u0130LEV 70 ya\u015f\u0131n\u0131 toldurd\u0131 - \u041c\u0435\u0434\u0436\u043b\u0456\u0441<\/title>\n<meta name=\"robots\" content=\"index, follow, max-snippet:-1, max-image-preview:large, max-video-preview:-1\" \/>\n<link rel=\"canonical\" href=\"https:\/\/qtmm.org\/qt\/qirimtatar-halqinin-lideri-mustafa-cemilev-70-yasini-toldurdi\/\" \/>\n<meta property=\"og:locale\" content=\"en_US\" \/>\n<meta property=\"og:type\" content=\"article\" \/>\n<meta property=\"og:title\" content=\"Q\u0131r\u0131mtatar halq\u0131n\u0131\u00f1 lideri Mustafa CEM\u0130LEV 70 ya\u015f\u0131n\u0131 toldurd\u0131 - \u041c\u0435\u0434\u0436\u043b\u0456\u0441\" \/>\n<meta property=\"og:description\" content=\"Bug\u00fcn, 2013 senesi noyabr 13 k\u00fcn\u00fc SSSRde insan aqlar\u0131n\u0131 qor\u00e7alav te\u015febb\u00fcs\u00e7i gruppas\u0131n\u0131\u00f1 esas\u00e7\u0131lar\u0131ndan ve azalar\u0131ndan biri, sovet kamplar\u0131n\u0131\u00f1 mahb\u00fcsi, Birle\u015fken Mlletler Te\u015fkil\u00e2t\u0131 qa\u00e7aqlarn\u0131\u00f1 i\u015fleri boyunca Aliy komissarn\u0131\u00f1 &#8220;Nansen muk\u00e2fat\u0131&#8221;n\u0131\u00f1 saibi, Q\u0131r\u0131mtatar halq\u0131 Meclisini\u00f1 1991-2013 senelerde Reisi, Ukraina halq deputat\u0131 Mustafa CEM\u0130LEV 70 ya\u015f\u0131n\u0131 toldurd\u0131.\u00a0 Meclis azalar\u0131 Mustafa CEM\u0130LEVge qaviy sa\u011fl\u0131q, t\u00fckenmez k\u00fc\u00e7-\u011fayret ve aileviy baht [&hellip;]\" \/>\n<meta property=\"og:url\" content=\"https:\/\/qtmm.org\/qt\/qirimtatar-halqinin-lideri-mustafa-cemilev-70-yasini-toldurdi\/\" \/>\n<meta property=\"og:site_name\" content=\"\u041c\u0435\u0434\u0436\u043b\u0456\u0441\" \/>\n<meta property=\"article:publisher\" content=\"https:\/\/www.facebook.com\/qtmm.info\/\" \/>\n<meta property=\"article:published_time\" content=\"2013-11-13T17:22:00+00:00\" \/>\n<meta property=\"article:modified_time\" content=\"2022-01-26T17:23:40+00:00\" \/>\n<meta property=\"og:image\" content=\"https:\/\/qtmm.org\/wp-content\/uploads\/2022\/01\/photo_39_1.jpeg\" \/>\n\t<meta property=\"og:image:width\" content=\"800\" \/>\n\t<meta property=\"og:image:height\" content=\"533\" \/>\n\t<meta property=\"og:image:type\" content=\"image\/jpeg\" \/>\n<meta name=\"author\" content=\"Developer\" \/>\n<meta name=\"twitter:card\" content=\"summary_large_image\" \/>\n<meta name=\"twitter:label1\" content=\"Written by\" \/>\n\t<meta name=\"twitter:data1\" content=\"Developer\" \/>\n\t<meta name=\"twitter:label2\" content=\"Est. reading time\" \/>\n\t<meta name=\"twitter:data2\" content=\"1 minute\" \/>\n<script type=\"application\/ld+json\" class=\"yoast-schema-graph\">{\"@context\":\"https:\\\/\\\/schema.org\",\"@graph\":[{\"@type\":\"Article\",\"@id\":\"https:\\\/\\\/qtmm.org\\\/qt\\\/qirimtatar-halqinin-lideri-mustafa-cemilev-70-yasini-toldurdi\\\/#article\",\"isPartOf\":{\"@id\":\"https:\\\/\\\/qtmm.org\\\/qt\\\/qirimtatar-halqinin-lideri-mustafa-cemilev-70-yasini-toldurdi\\\/\"},\"author\":{\"name\":\"Developer\",\"@id\":\"https:\\\/\\\/qtmm.org\\\/qt\\\/#\\\/schema\\\/person\\\/de562469f971dec226ac06e60bbf74a7\"},\"headline\":\"Q\u0131r\u0131mtatar halq\u0131n\u0131\u00f1 lideri Mustafa CEM\u0130LEV 70 ya\u015f\u0131n\u0131 toldurd\u0131\",\"datePublished\":\"2013-11-13T17:22:00+00:00\",\"dateModified\":\"2022-01-26T17:23:40+00:00\",\"mainEntityOfPage\":{\"@id\":\"https:\\\/\\\/qtmm.org\\\/qt\\\/qirimtatar-halqinin-lideri-mustafa-cemilev-70-yasini-toldurdi\\\/\"},\"wordCount\":170,\"commentCount\":0,\"publisher\":{\"@id\":\"https:\\\/\\\/qtmm.org\\\/qt\\\/#organization\"},\"image\":{\"@id\":\"https:\\\/\\\/qtmm.org\\\/qt\\\/qirimtatar-halqinin-lideri-mustafa-cemilev-70-yasini-toldurdi\\\/#primaryimage\"},\"thumbnailUrl\":\"http:\\\/\\\/qtmm.org\\\/wp-content\\\/uploads\\\/2022\\\/01\\\/photo_39_1.jpeg\",\"articleSection\":[\"Haberler\"],\"inLanguage\":\"qt\",\"potentialAction\":[{\"@type\":\"CommentAction\",\"name\":\"Comment\",\"target\":[\"https:\\\/\\\/qtmm.org\\\/qt\\\/qirimtatar-halqinin-lideri-mustafa-cemilev-70-yasini-toldurdi\\\/#respond\"]}]},{\"@type\":\"WebPage\",\"@id\":\"https:\\\/\\\/qtmm.org\\\/qt\\\/qirimtatar-halqinin-lideri-mustafa-cemilev-70-yasini-toldurdi\\\/\",\"url\":\"https:\\\/\\\/qtmm.org\\\/qt\\\/qirimtatar-halqinin-lideri-mustafa-cemilev-70-yasini-toldurdi\\\/\",\"name\":\"Q\u0131r\u0131mtatar halq\u0131n\u0131\u00f1 lideri Mustafa CEM\u0130LEV 70 ya\u015f\u0131n\u0131 toldurd\u0131 - \u041c\u0435\u0434\u0436\u043b\u0456\u0441\",\"isPartOf\":{\"@id\":\"https:\\\/\\\/qtmm.org\\\/qt\\\/#website\"},\"primaryImageOfPage\":{\"@id\":\"https:\\\/\\\/qtmm.org\\\/qt\\\/qirimtatar-halqinin-lideri-mustafa-cemilev-70-yasini-toldurdi\\\/#primaryimage\"},\"image\":{\"@id\":\"https:\\\/\\\/qtmm.org\\\/qt\\\/qirimtatar-halqinin-lideri-mustafa-cemilev-70-yasini-toldurdi\\\/#primaryimage\"},\"thumbnailUrl\":\"http:\\\/\\\/qtmm.org\\\/wp-content\\\/uploads\\\/2022\\\/01\\\/photo_39_1.jpeg\",\"datePublished\":\"2013-11-13T17:22:00+00:00\",\"dateModified\":\"2022-01-26T17:23:40+00:00\",\"breadcrumb\":{\"@id\":\"https:\\\/\\\/qtmm.org\\\/qt\\\/qirimtatar-halqinin-lideri-mustafa-cemilev-70-yasini-toldurdi\\\/#breadcrumb\"},\"inLanguage\":\"qt\",\"potentialAction\":[{\"@type\":\"ReadAction\",\"target\":[\"https:\\\/\\\/qtmm.org\\\/qt\\\/qirimtatar-halqinin-lideri-mustafa-cemilev-70-yasini-toldurdi\\\/\"]}]},{\"@type\":\"ImageObject\",\"inLanguage\":\"qt\",\"@id\":\"https:\\\/\\\/qtmm.org\\\/qt\\\/qirimtatar-halqinin-lideri-mustafa-cemilev-70-yasini-toldurdi\\\/#primaryimage\",\"url\":\"http:\\\/\\\/qtmm.org\\\/wp-content\\\/uploads\\\/2022\\\/01\\\/photo_39_1.jpeg\",\"contentUrl\":\"http:\\\/\\\/qtmm.org\\\/wp-content\\\/uploads\\\/2022\\\/01\\\/photo_39_1.jpeg\"},{\"@type\":\"BreadcrumbList\",\"@id\":\"https:\\\/\\\/qtmm.org\\\/qt\\\/qirimtatar-halqinin-lideri-mustafa-cemilev-70-yasini-toldurdi\\\/#breadcrumb\",\"itemListElement\":[{\"@type\":\"ListItem\",\"position\":1,\"name\":\"\u0413\u043e\u043b\u043e\u0432\u043d\u0430\",\"item\":\"https:\\\/\\\/qtmm.org\\\/qt\\\/\"},{\"@type\":\"ListItem\",\"position\":2,\"name\":\"Q\u0131r\u0131mtatar halq\u0131n\u0131\u00f1 lideri Mustafa CEM\u0130LEV 70 ya\u015f\u0131n\u0131 toldurd\u0131\"}]},{\"@type\":\"WebSite\",\"@id\":\"https:\\\/\\\/qtmm.org\\\/qt\\\/#website\",\"url\":\"https:\\\/\\\/qtmm.org\\\/qt\\\/\",\"name\":\"\u041c\u0435\u0434\u0436\u043b\u0456\u0441\",\"description\":\"\",\"publisher\":{\"@id\":\"https:\\\/\\\/qtmm.org\\\/qt\\\/#organization\"},\"potentialAction\":[{\"@type\":\"SearchAction\",\"target\":{\"@type\":\"EntryPoint\",\"urlTemplate\":\"https:\\\/\\\/qtmm.org\\\/qt\\\/?s={search_term_string}\"},\"query-input\":{\"@type\":\"PropertyValueSpecification\",\"valueRequired\":true,\"valueName\":\"search_term_string\"}}],\"inLanguage\":\"qt\"},{\"@type\":\"Organization\",\"@id\":\"https:\\\/\\\/qtmm.org\\\/qt\\\/#organization\",\"name\":\"\u041c\u0435\u0434\u0436\u043b\u0456\u0441\",\"url\":\"https:\\\/\\\/qtmm.org\\\/qt\\\/\",\"logo\":{\"@type\":\"ImageObject\",\"inLanguage\":\"qt\",\"@id\":\"https:\\\/\\\/qtmm.org\\\/qt\\\/#\\\/schema\\\/logo\\\/image\\\/\",\"url\":\"https:\\\/\\\/qtmm.org\\\/wp-content\\\/uploads\\\/2024\\\/12\\\/ua-mejlis-logo-rgb.svg\",\"contentUrl\":\"https:\\\/\\\/qtmm.org\\\/wp-content\\\/uploads\\\/2024\\\/12\\\/ua-mejlis-logo-rgb.svg\",\"caption\":\"\u041c\u0435\u0434\u0436\u043b\u0456\u0441\"},\"image\":{\"@id\":\"https:\\\/\\\/qtmm.org\\\/qt\\\/#\\\/schema\\\/logo\\\/image\\\/\"},\"sameAs\":[\"https:\\\/\\\/www.facebook.com\\\/qtmm.info\\\/\"]},{\"@type\":\"Person\",\"@id\":\"https:\\\/\\\/qtmm.org\\\/qt\\\/#\\\/schema\\\/person\\\/de562469f971dec226ac06e60bbf74a7\",\"name\":\"Developer\",\"image\":{\"@type\":\"ImageObject\",\"inLanguage\":\"qt\",\"@id\":\"https:\\\/\\\/secure.gravatar.com\\\/avatar\\\/392b4cc8fbfeb00b39dfeeab4ee6edded39ffd48e25858637e4765810300227e?s=96&d=mm&r=g\",\"url\":\"https:\\\/\\\/secure.gravatar.com\\\/avatar\\\/392b4cc8fbfeb00b39dfeeab4ee6edded39ffd48e25858637e4765810300227e?s=96&d=mm&r=g\",\"contentUrl\":\"https:\\\/\\\/secure.gravatar.com\\\/avatar\\\/392b4cc8fbfeb00b39dfeeab4ee6edded39ffd48e25858637e4765810300227e?s=96&d=mm&r=g\",\"caption\":\"Developer\"},\"url\":\"https:\\\/\\\/qtmm.org\\\/qt\\\/author\\\/Developer\\\/\"}]}<\/script>\n<!-- \/ Yoast SEO plugin. -->","yoast_head_json":{"title":"Q\u0131r\u0131mtatar halq\u0131n\u0131\u00f1 lideri Mustafa CEM\u0130LEV 70 ya\u015f\u0131n\u0131 toldurd\u0131 - \u041c\u0435\u0434\u0436\u043b\u0456\u0441","robots":{"index":"index","follow":"follow","max-snippet":"max-snippet:-1","max-image-preview":"max-image-preview:large","max-video-preview":"max-video-preview:-1"},"canonical":"https:\/\/qtmm.org\/qt\/qirimtatar-halqinin-lideri-mustafa-cemilev-70-yasini-toldurdi\/","og_locale":"en_US","og_type":"article","og_title":"Q\u0131r\u0131mtatar halq\u0131n\u0131\u00f1 lideri Mustafa CEM\u0130LEV 70 ya\u015f\u0131n\u0131 toldurd\u0131 - \u041c\u0435\u0434\u0436\u043b\u0456\u0441","og_description":"Bug\u00fcn, 2013 senesi noyabr 13 k\u00fcn\u00fc SSSRde insan aqlar\u0131n\u0131 qor\u00e7alav te\u015febb\u00fcs\u00e7i gruppas\u0131n\u0131\u00f1 esas\u00e7\u0131lar\u0131ndan ve azalar\u0131ndan biri, sovet kamplar\u0131n\u0131\u00f1 mahb\u00fcsi, Birle\u015fken Mlletler Te\u015fkil\u00e2t\u0131 qa\u00e7aqlarn\u0131\u00f1 i\u015fleri boyunca Aliy komissarn\u0131\u00f1 &#8220;Nansen muk\u00e2fat\u0131&#8221;n\u0131\u00f1 saibi, Q\u0131r\u0131mtatar halq\u0131 Meclisini\u00f1 1991-2013 senelerde Reisi, Ukraina halq deputat\u0131 Mustafa CEM\u0130LEV 70 ya\u015f\u0131n\u0131 toldurd\u0131.\u00a0 Meclis azalar\u0131 Mustafa CEM\u0130LEVge qaviy sa\u011fl\u0131q, t\u00fckenmez k\u00fc\u00e7-\u011fayret ve aileviy baht [&hellip;]","og_url":"https:\/\/qtmm.org\/qt\/qirimtatar-halqinin-lideri-mustafa-cemilev-70-yasini-toldurdi\/","og_site_name":"\u041c\u0435\u0434\u0436\u043b\u0456\u0441","article_publisher":"https:\/\/www.facebook.com\/qtmm.info\/","article_published_time":"2013-11-13T17:22:00+00:00","article_modified_time":"2022-01-26T17:23:40+00:00","og_image":[{"width":800,"height":533,"url":"https:\/\/qtmm.org\/wp-content\/uploads\/2022\/01\/photo_39_1.jpeg","type":"image\/jpeg"}],"author":"Developer","twitter_card":"summary_large_image","twitter_misc":{"Written by":"Developer","Est. reading time":"1 minute"},"schema":{"@context":"https:\/\/schema.org","@graph":[{"@type":"Article","@id":"https:\/\/qtmm.org\/qt\/qirimtatar-halqinin-lideri-mustafa-cemilev-70-yasini-toldurdi\/#article","isPartOf":{"@id":"https:\/\/qtmm.org\/qt\/qirimtatar-halqinin-lideri-mustafa-cemilev-70-yasini-toldurdi\/"},"author":{"name":"Developer","@id":"https:\/\/qtmm.org\/qt\/#\/schema\/person\/de562469f971dec226ac06e60bbf74a7"},"headline":"Q\u0131r\u0131mtatar halq\u0131n\u0131\u00f1 lideri Mustafa CEM\u0130LEV 70 ya\u015f\u0131n\u0131 toldurd\u0131","datePublished":"2013-11-13T17:22:00+00:00","dateModified":"2022-01-26T17:23:40+00:00","mainEntityOfPage":{"@id":"https:\/\/qtmm.org\/qt\/qirimtatar-halqinin-lideri-mustafa-cemilev-70-yasini-toldurdi\/"},"wordCount":170,"commentCount":0,"publisher":{"@id":"https:\/\/qtmm.org\/qt\/#organization"},"image":{"@id":"https:\/\/qtmm.org\/qt\/qirimtatar-halqinin-lideri-mustafa-cemilev-70-yasini-toldurdi\/#primaryimage"},"thumbnailUrl":"http:\/\/qtmm.org\/wp-content\/uploads\/2022\/01\/photo_39_1.jpeg","articleSection":["Haberler"],"inLanguage":"qt","potentialAction":[{"@type":"CommentAction","name":"Comment","target":["https:\/\/qtmm.org\/qt\/qirimtatar-halqinin-lideri-mustafa-cemilev-70-yasini-toldurdi\/#respond"]}]},{"@type":"WebPage","@id":"https:\/\/qtmm.org\/qt\/qirimtatar-halqinin-lideri-mustafa-cemilev-70-yasini-toldurdi\/","url":"https:\/\/qtmm.org\/qt\/qirimtatar-halqinin-lideri-mustafa-cemilev-70-yasini-toldurdi\/","name":"Q\u0131r\u0131mtatar halq\u0131n\u0131\u00f1 lideri Mustafa CEM\u0130LEV 70 ya\u015f\u0131n\u0131 toldurd\u0131 - \u041c\u0435\u0434\u0436\u043b\u0456\u0441","isPartOf":{"@id":"https:\/\/qtmm.org\/qt\/#website"},"primaryImageOfPage":{"@id":"https:\/\/qtmm.org\/qt\/qirimtatar-halqinin-lideri-mustafa-cemilev-70-yasini-toldurdi\/#primaryimage"},"image":{"@id":"https:\/\/qtmm.org\/qt\/qirimtatar-halqinin-lideri-mustafa-cemilev-70-yasini-toldurdi\/#primaryimage"},"thumbnailUrl":"http:\/\/qtmm.org\/wp-content\/uploads\/2022\/01\/photo_39_1.jpeg","datePublished":"2013-11-13T17:22:00+00:00","dateModified":"2022-01-26T17:23:40+00:00","breadcrumb":{"@id":"https:\/\/qtmm.org\/qt\/qirimtatar-halqinin-lideri-mustafa-cemilev-70-yasini-toldurdi\/#breadcrumb"},"inLanguage":"qt","potentialAction":[{"@type":"ReadAction","target":["https:\/\/qtmm.org\/qt\/qirimtatar-halqinin-lideri-mustafa-cemilev-70-yasini-toldurdi\/"]}]},{"@type":"ImageObject","inLanguage":"qt","@id":"https:\/\/qtmm.org\/qt\/qirimtatar-halqinin-lideri-mustafa-cemilev-70-yasini-toldurdi\/#primaryimage","url":"http:\/\/qtmm.org\/wp-content\/uploads\/2022\/01\/photo_39_1.jpeg","contentUrl":"http:\/\/qtmm.org\/wp-content\/uploads\/2022\/01\/photo_39_1.jpeg"},{"@type":"BreadcrumbList","@id":"https:\/\/qtmm.org\/qt\/qirimtatar-halqinin-lideri-mustafa-cemilev-70-yasini-toldurdi\/#breadcrumb","itemListElement":[{"@type":"ListItem","position":1,"name":"\u0413\u043e\u043b\u043e\u0432\u043d\u0430","item":"https:\/\/qtmm.org\/qt\/"},{"@type":"ListItem","position":2,"name":"Q\u0131r\u0131mtatar halq\u0131n\u0131\u00f1 lideri Mustafa CEM\u0130LEV 70 ya\u015f\u0131n\u0131 toldurd\u0131"}]},{"@type":"WebSite","@id":"https:\/\/qtmm.org\/qt\/#website","url":"https:\/\/qtmm.org\/qt\/","name":"\u041c\u0435\u0434\u0436\u043b\u0456\u0441","description":"","publisher":{"@id":"https:\/\/qtmm.org\/qt\/#organization"},"potentialAction":[{"@type":"SearchAction","target":{"@type":"EntryPoint","urlTemplate":"https:\/\/qtmm.org\/qt\/?s={search_term_string}"},"query-input":{"@type":"PropertyValueSpecification","valueRequired":true,"valueName":"search_term_string"}}],"inLanguage":"qt"},{"@type":"Organization","@id":"https:\/\/qtmm.org\/qt\/#organization","name":"\u041c\u0435\u0434\u0436\u043b\u0456\u0441","url":"https:\/\/qtmm.org\/qt\/","logo":{"@type":"ImageObject","inLanguage":"qt","@id":"https:\/\/qtmm.org\/qt\/#\/schema\/logo\/image\/","url":"https:\/\/qtmm.org\/wp-content\/uploads\/2024\/12\/ua-mejlis-logo-rgb.svg","contentUrl":"https:\/\/qtmm.org\/wp-content\/uploads\/2024\/12\/ua-mejlis-logo-rgb.svg","caption":"\u041c\u0435\u0434\u0436\u043b\u0456\u0441"},"image":{"@id":"https:\/\/qtmm.org\/qt\/#\/schema\/logo\/image\/"},"sameAs":["https:\/\/www.facebook.com\/qtmm.info\/"]},{"@type":"Person","@id":"https:\/\/qtmm.org\/qt\/#\/schema\/person\/de562469f971dec226ac06e60bbf74a7","name":"Developer","image":{"@type":"ImageObject","inLanguage":"qt","@id":"https:\/\/secure.gravatar.com\/avatar\/392b4cc8fbfeb00b39dfeeab4ee6edded39ffd48e25858637e4765810300227e?s=96&d=mm&r=g","url":"https:\/\/secure.gravatar.com\/avatar\/392b4cc8fbfeb00b39dfeeab4ee6edded39ffd48e25858637e4765810300227e?s=96&d=mm&r=g","contentUrl":"https:\/\/secure.gravatar.com\/avatar\/392b4cc8fbfeb00b39dfeeab4ee6edded39ffd48e25858637e4765810300227e?s=96&d=mm&r=g","caption":"Developer"},"url":"https:\/\/qtmm.org\/qt\/author\/Developer\/"}]}},"_links":{"self":[{"href":"https:\/\/qtmm.org\/qt\/wp-json\/wp\/v2\/posts\/40410","targetHints":{"allow":["GET"]}}],"collection":[{"href":"https:\/\/qtmm.org\/qt\/wp-json\/wp\/v2\/posts"}],"about":[{"href":"https:\/\/qtmm.org\/qt\/wp-json\/wp\/v2\/types\/post"}],"author":[{"embeddable":true,"href":"https:\/\/qtmm.org\/qt\/wp-json\/wp\/v2\/users\/1"}],"replies":[{"embeddable":true,"href":"https:\/\/qtmm.org\/qt\/wp-json\/wp\/v2\/comments?post=40410"}],"version-history":[{"count":1,"href":"https:\/\/qtmm.org\/qt\/wp-json\/wp\/v2\/posts\/40410\/revisions"}],"predecessor-version":[{"id":40419,"href":"https:\/\/qtmm.org\/qt\/wp-json\/wp\/v2\/posts\/40410\/revisions\/40419"}],"wp:attachment":[{"href":"https:\/\/qtmm.org\/qt\/wp-json\/wp\/v2\/media?parent=40410"}],"wp:term":[{"taxonomy":"category","embeddable":true,"href":"https:\/\/qtmm.org\/qt\/wp-json\/wp\/v2\/categories?post=40410"},{"taxonomy":"post_tag","embeddable":true,"href":"https:\/\/qtmm.org\/qt\/wp-json\/wp\/v2\/tags?post=40410"}],"curies":[{"name":"wp","href":"https:\/\/api.w.org\/{rel}","templated":true}]}}