




{"id":40404,"date":"2013-11-12T20:21:00","date_gmt":"2013-11-12T17:21:00","guid":{"rendered":"http:\/\/qtmm.org\/?p=40404"},"modified":"2022-01-26T20:22:27","modified_gmt":"2022-01-26T17:22:27","slug":"meganom-firmasi-aqmescitteki-jigulina-rosca-maallesinde-naraziliq-tarlasini-tutip-alacaq-oldi","status":"publish","type":"post","link":"https:\/\/qtmm.org\/qt\/meganom-firmasi-aqmescitteki-jigulina-rosca-maallesinde-naraziliq-tarlasini-tutip-alacaq-oldi\/","title":{"rendered":"\u00abMeganom\u00bb firmas\u0131 Aqmescitteki \u00abJigulina Ro\u015f\u00e7a\u00bb maallesinde naraz\u0131l\u0131q tarlas\u0131n\u0131 tut\u0131p alacaq old\u0131"},"content":{"rendered":"\n<p>Jigulina Ro\u015f\u00e7a maallesindeki t\u0131n\u00e7 naraz\u0131l\u0131q aktsiyas\u0131n\u0131\u00f1 i\u015ftirak\u00e7ileri habet etkenlerine k\u00f6re noyabr 12 k\u00fcn\u00fc &#8220;Meganom&#8221; firmas\u0131n\u0131\u00f1 vekilleri izin bergen vesiqalar\u0131 olmadan topraq damart\u0131larn\u0131\u00f1 bir q\u0131sm\u0131n\u0131 qoralad\u0131lar. Mezk\u00fcr firma evel bu topraqn\u0131 almaq meram\u0131n\u0131 bildirmegen edi.<\/p>\n\n\n\n<p>Naraz\u0131l\u0131q aktsiyas\u0131n\u0131\u00f1 100-den ziyade i\u015ftirak\u00e7isi &#8220;Meganom&#8221; firmas\u0131n\u0131\u00f1 b\u00f6ylece i\u015f\u011faline bir kereden seslendi. Bundan da \u011fayr\u0131, tart\u0131\u015fma \u00e7\u0131qqan yerge Aqmescit regional meclis reisi Lemar Yunusov, QMC Nazirler \u015furas\u0131 yan\u0131nda topraq komissiyas\u0131n\u0131\u00f1 azas\u0131 Zevcet Qurt\u00fcmerov ve uquqqoruv organlar\u0131 ile yerli akimiyet organlar\u0131n\u0131\u00f1 vekilleri de yeti\u015fip keldiler.<br>Uzun subetlerden so\u00f1 dava yat\u0131\u015ft\u0131r\u0131ld\u0131, l\u00e2kin &#8220;Meganom&#8221; firmas\u0131n\u0131\u00f1 vekilleri qoran\u0131 al\u0131p ta\u015flamaqtan ba\u015f \u00e7ektiler. Neticede naraz\u0131l\u0131q aktsiyas\u0131n\u0131\u00f1<\/p>\n\n\n\n<p>i\u015ftirak\u00e7ileri qoran\u0131 \u00f6zleri y\u0131qmaq zoruna qald\u0131lar. \u00c7at\u0131\u015fma aqibetinde aktsiya i\u015ftirak\u00e7ilerinden birini\u00f1 eli yaraland\u0131. QMC Nazirler \u015furas\u0131 yan\u0131nda topraq komissiyas\u0131n\u0131\u00f1 azas\u0131 Zevcet Qurt\u00fcmerov bildirgenine k\u00f6re mezk\u00fcr hududn\u0131 yal\u0131\u00f1\u0131z Aqmescit rayon devlet memuriyeti idare etmege aql\u0131, \u00e7\u00fcnki bu topraq Mirnoye qasabas\u0131 s\u0131\u00f1\u0131r\u0131n\u0131\u00f1 t\u0131\u015f\u0131ndad\u0131r.<\/p>\n\n\n\n<p>Yerli sakinlerni\u00f1 bergen mal\u00fcmat\u0131na k\u00f6re &#8220;Meganom&#8221; firmas\u0131n\u0131\u00f1 vekilleri naraz\u0131l\u0131q tarlas\u0131n\u0131\u00f1 i\u015ftirak\u00e7ilerinen k\u00f6r\u00fc\u015fip, bu topraqtan vazge\u00e7melerini teklif etip, yerine ba\u015fqa massivden topraq bermekni i\u015fand\u0131r\u011fanlar. Neticede 12 adam bu \u015fartlar\u011fa raz\u0131 old\u0131. Amma &#8220;Meganom&#8221; firmas\u0131 qorala\u011fan yer baya\u011f\u0131 \u00e7oq\u00e7a damart\u0131larn\u0131 s\u0131\u011fd\u0131ra.<\/p>\n\n\n\n<p>Mesele a\u00e7\u0131q qal\u011fan\u0131 sebebinden noyabr 12 k\u00fcn\u00fc QMC Nazirler \u015furas\u0131 yan\u0131nda topraq komissiyas\u0131n\u0131\u00f1 azas\u0131 Zevcet Qurt\u00fcmerov Mirn\u0131y k\u00f6y \u015furas\u0131 icra komiteti reisini\u00f1 muavini Vasiliy Kurz\u00e2ba ile k\u00f6r\u00fc\u015fti.<\/p>\n\n\n\n<p>K\u00f6r\u00fc\u015f\u00fcvde Z. Qurt\u00fcmerov dedi ki, cenap Kurz\u00e2ban\u0131\u00f1 Jigulina Ro\u015f\u00e7a maallesinde bulund\u0131\u011f\u0131 as\u0131l\u0131nda naraz\u0131l\u0131q tarla i\u015ftirak\u00e7ilerini\u00f1 topra\u011f\u0131 i\u015f\u011fal etilmesine ve bu maallede naraz\u0131l\u0131q aktsiyas\u0131n\u0131 ke\u00e7ir\u00fcv boyunca a\u00f1la\u015fman\u0131\u00f1 bozulmas\u0131na siltem old\u0131.<\/p>\n\n\n\n<figure class=\"wp-block-image size-full\"><img loading=\"lazy\" decoding=\"async\" width=\"650\" height=\"333\" src=\"http:\/\/qtmm.org\/wp-content\/uploads\/2022\/01\/photo_4.jpeg\" alt=\"\" class=\"wp-image-40405\" srcset=\"https:\/\/qtmm.org\/wp-content\/uploads\/2022\/01\/photo_4.jpeg 650w, https:\/\/qtmm.org\/wp-content\/uploads\/2022\/01\/photo_4-300x154.jpeg 300w\" sizes=\"auto, (max-width: 650px) 100vw, 650px\" \/><\/figure>\n\n\n\n<p>Meclis reisi Refat \u00c7ubarov naraz\u0131l\u0131q tarlas\u0131 vekillerinen k\u00f6r\u00fc\u015ferek telefon vastas\u0131nen Q\u0131r\u0131m Nazirler \u015euras\u0131 Topraq komissiyas\u0131n\u0131\u00f1 ba\u015f\u0131 Georgiy Psar\u00f6v ile ba\u011fland\u0131 ve naraz\u0131l\u0131q tarlas\u0131nda ol\u0131p ke\u00e7ken provokatsion areketler aqq\u0131nda haber etti. R.\u00c7ubarov G.Psar\u00f6vdan noyabr 18 k\u00fcn\u00fc bazarertesi mezk\u00fcr vaaziyet boyunca Q\u0131r\u0131m Nazirler \u015euras\u0131 Topraq komissiyas\u0131n\u0131\u00f1 topla\u015fuv\u0131n\u0131 ke\u00e7irmesini rica etti.<\/p>\n\n\n\n<p>\u00d6z nevbetinde naraz\u0131l\u0131q aktsiyas\u0131 i\u015ftirak\u00e7ileri bug\u00fcnden itibaren Jigulina Ro\u015f\u00e7a mallesinde nevbet\u00e7ilik yap\u0131p ba\u015flad\u0131lar. Meclis reisi Refat \u00c7ubarov naraz\u0131l\u0131q aktsiyas\u0131 i\u015ftirak\u00e7ilerinen k\u00f6r\u00fc\u015fip, k\u00fcn devam\u0131nda akimiyet vekillerinen ba\u011f tutqan\u0131n\u0131 bildirdi. Bun\u0131\u00f1 kibi de o dedi ki, \u015fu anda Q\u0131r\u0131mn\u0131\u00f1 t\u0131\u015f\u0131nda ol\u011fan Q\u0131r\u0131m Nazirler \u015euras\u0131 reisini\u00f1 muavini, Topraq komissiyas\u0131n\u0131\u00f1 ba\u015f\u0131 Georgiy Psar\u00f6v qayt\u0131p kelgeninen Jigulina Ro\u015f\u00e7a mallesindeki vaziyet Topraq komissiyas\u0131 topla\u015fuv\u0131nda muzakere etilecek.<\/p>\n\n\n\n<p><em><strong>Mal\u00fcmat i\u00e7\u00fcn:<\/strong><\/em>&nbsp;<em>2006 senesinden ba\u015flap Mirn\u0131y k\u00f6y \u015furas\u0131n\u0131\u00f1 hudud\u0131nda topraq damart\u0131lar\u0131n\u0131 ay\u0131ruv boyunca t\u0131n\u00e7 naraz\u0131l\u0131q aktsiyas\u0131 areket etmekte. Aktsiyada i\u015ftirak etken 391 insan aras\u0131nda em q\u0131r\u0131mtatar, em slav\u00e2n ealisi vekilleri bar. \u00c7oqlar\u0131 endi m\u0131nda eV qurd\u0131lar.<\/em><\/p>\n","protected":false},"excerpt":{"rendered":"<p>Jigulina Ro\u015f\u00e7a maallesindeki t\u0131n\u00e7 naraz\u0131l\u0131q aktsiyas\u0131n\u0131\u00f1 i\u015ftirak\u00e7ileri habet etkenlerine k\u00f6re noyabr 12 k\u00fcn\u00fc &#8220;Meganom&#8221; firmas\u0131n\u0131\u00f1 vekilleri izin bergen vesiqalar\u0131 olmadan topraq damart\u0131larn\u0131\u00f1 bir q\u0131sm\u0131n\u0131 qoralad\u0131lar. Mezk\u00fcr firma evel bu topraqn\u0131 almaq meram\u0131n\u0131 bildirmegen edi. Naraz\u0131l\u0131q aktsiyas\u0131n\u0131\u00f1 100-den ziyade i\u015ftirak\u00e7isi &#8220;Meganom&#8221; firmas\u0131n\u0131\u00f1 b\u00f6ylece i\u015f\u011faline bir kereden seslendi. Bundan da \u011fayr\u0131, tart\u0131\u015fma \u00e7\u0131qqan yerge Aqmescit regional meclis [&hellip;]<\/p>\n","protected":false},"author":1,"featured_media":0,"comment_status":"open","ping_status":"open","sticky":false,"template":"","format":"standard","meta":{"inline_featured_image":false,"footnotes":""},"categories":[265],"tags":[],"class_list":["post-40404","post","type-post","status-publish","format-standard","hentry","category-haberler"],"acf":[],"yoast_head":"<!-- This site is optimized with the Yoast SEO plugin v27.4 - https:\/\/yoast.com\/product\/yoast-seo-wordpress\/ -->\n<title>\u00abMeganom\u00bb firmas\u0131 Aqmescitteki \u00abJigulina Ro\u015f\u00e7a\u00bb maallesinde naraz\u0131l\u0131q tarlas\u0131n\u0131 tut\u0131p alacaq old\u0131 - \u041c\u0435\u0434\u0436\u043b\u0456\u0441<\/title>\n<meta name=\"robots\" content=\"index, follow, max-snippet:-1, max-image-preview:large, max-video-preview:-1\" \/>\n<link rel=\"canonical\" href=\"https:\/\/qtmm.org\/qt\/meganom-firmasi-aqmescitteki-jigulina-rosca-maallesinde-naraziliq-tarlasini-tutip-alacaq-oldi\/\" \/>\n<meta property=\"og:locale\" content=\"en_US\" \/>\n<meta property=\"og:type\" content=\"article\" \/>\n<meta property=\"og:title\" content=\"\u00abMeganom\u00bb firmas\u0131 Aqmescitteki \u00abJigulina Ro\u015f\u00e7a\u00bb maallesinde naraz\u0131l\u0131q tarlas\u0131n\u0131 tut\u0131p alacaq old\u0131 - \u041c\u0435\u0434\u0436\u043b\u0456\u0441\" \/>\n<meta property=\"og:description\" content=\"Jigulina Ro\u015f\u00e7a maallesindeki t\u0131n\u00e7 naraz\u0131l\u0131q aktsiyas\u0131n\u0131\u00f1 i\u015ftirak\u00e7ileri habet etkenlerine k\u00f6re noyabr 12 k\u00fcn\u00fc &#8220;Meganom&#8221; firmas\u0131n\u0131\u00f1 vekilleri izin bergen vesiqalar\u0131 olmadan topraq damart\u0131larn\u0131\u00f1 bir q\u0131sm\u0131n\u0131 qoralad\u0131lar. Mezk\u00fcr firma evel bu topraqn\u0131 almaq meram\u0131n\u0131 bildirmegen edi. Naraz\u0131l\u0131q aktsiyas\u0131n\u0131\u00f1 100-den ziyade i\u015ftirak\u00e7isi &#8220;Meganom&#8221; firmas\u0131n\u0131\u00f1 b\u00f6ylece i\u015f\u011faline bir kereden seslendi. Bundan da \u011fayr\u0131, tart\u0131\u015fma \u00e7\u0131qqan yerge Aqmescit regional meclis [&hellip;]\" \/>\n<meta property=\"og:url\" content=\"https:\/\/qtmm.org\/qt\/meganom-firmasi-aqmescitteki-jigulina-rosca-maallesinde-naraziliq-tarlasini-tutip-alacaq-oldi\/\" \/>\n<meta property=\"og:site_name\" content=\"\u041c\u0435\u0434\u0436\u043b\u0456\u0441\" \/>\n<meta property=\"article:publisher\" content=\"https:\/\/www.facebook.com\/qtmm.info\/\" \/>\n<meta property=\"article:published_time\" content=\"2013-11-12T17:21:00+00:00\" \/>\n<meta property=\"article:modified_time\" content=\"2022-01-26T17:22:27+00:00\" \/>\n<meta property=\"og:image\" content=\"https:\/\/qtmm.org\/wp-content\/uploads\/2022\/01\/photo_4.jpeg\" \/>\n\t<meta property=\"og:image:width\" content=\"650\" \/>\n\t<meta property=\"og:image:height\" content=\"333\" \/>\n\t<meta property=\"og:image:type\" content=\"image\/jpeg\" \/>\n<meta name=\"author\" content=\"Developer\" \/>\n<meta name=\"twitter:card\" content=\"summary_large_image\" \/>\n<meta name=\"twitter:label1\" content=\"Written by\" \/>\n\t<meta name=\"twitter:data1\" content=\"Developer\" \/>\n\t<meta name=\"twitter:label2\" content=\"Est. reading time\" \/>\n\t<meta name=\"twitter:data2\" content=\"3 minutes\" \/>\n<script type=\"application\/ld+json\" class=\"yoast-schema-graph\">{\"@context\":\"https:\\\/\\\/schema.org\",\"@graph\":[{\"@type\":\"Article\",\"@id\":\"https:\\\/\\\/qtmm.org\\\/qt\\\/meganom-firmasi-aqmescitteki-jigulina-rosca-maallesinde-naraziliq-tarlasini-tutip-alacaq-oldi\\\/#article\",\"isPartOf\":{\"@id\":\"https:\\\/\\\/qtmm.org\\\/qt\\\/meganom-firmasi-aqmescitteki-jigulina-rosca-maallesinde-naraziliq-tarlasini-tutip-alacaq-oldi\\\/\"},\"author\":{\"name\":\"Developer\",\"@id\":\"https:\\\/\\\/qtmm.org\\\/qt\\\/#\\\/schema\\\/person\\\/de562469f971dec226ac06e60bbf74a7\"},\"headline\":\"\u00abMeganom\u00bb firmas\u0131 Aqmescitteki \u00abJigulina Ro\u015f\u00e7a\u00bb maallesinde naraz\u0131l\u0131q tarlas\u0131n\u0131 tut\u0131p alacaq old\u0131\",\"datePublished\":\"2013-11-12T17:21:00+00:00\",\"dateModified\":\"2022-01-26T17:22:27+00:00\",\"mainEntityOfPage\":{\"@id\":\"https:\\\/\\\/qtmm.org\\\/qt\\\/meganom-firmasi-aqmescitteki-jigulina-rosca-maallesinde-naraziliq-tarlasini-tutip-alacaq-oldi\\\/\"},\"wordCount\":574,\"commentCount\":0,\"publisher\":{\"@id\":\"https:\\\/\\\/qtmm.org\\\/qt\\\/#organization\"},\"image\":{\"@id\":\"https:\\\/\\\/qtmm.org\\\/qt\\\/meganom-firmasi-aqmescitteki-jigulina-rosca-maallesinde-naraziliq-tarlasini-tutip-alacaq-oldi\\\/#primaryimage\"},\"thumbnailUrl\":\"http:\\\/\\\/qtmm.org\\\/wp-content\\\/uploads\\\/2022\\\/01\\\/photo_4.jpeg\",\"articleSection\":[\"Haberler\"],\"inLanguage\":\"qt\",\"potentialAction\":[{\"@type\":\"CommentAction\",\"name\":\"Comment\",\"target\":[\"https:\\\/\\\/qtmm.org\\\/qt\\\/meganom-firmasi-aqmescitteki-jigulina-rosca-maallesinde-naraziliq-tarlasini-tutip-alacaq-oldi\\\/#respond\"]}]},{\"@type\":\"WebPage\",\"@id\":\"https:\\\/\\\/qtmm.org\\\/qt\\\/meganom-firmasi-aqmescitteki-jigulina-rosca-maallesinde-naraziliq-tarlasini-tutip-alacaq-oldi\\\/\",\"url\":\"https:\\\/\\\/qtmm.org\\\/qt\\\/meganom-firmasi-aqmescitteki-jigulina-rosca-maallesinde-naraziliq-tarlasini-tutip-alacaq-oldi\\\/\",\"name\":\"\u00abMeganom\u00bb firmas\u0131 Aqmescitteki \u00abJigulina Ro\u015f\u00e7a\u00bb maallesinde naraz\u0131l\u0131q tarlas\u0131n\u0131 tut\u0131p alacaq old\u0131 - \u041c\u0435\u0434\u0436\u043b\u0456\u0441\",\"isPartOf\":{\"@id\":\"https:\\\/\\\/qtmm.org\\\/qt\\\/#website\"},\"primaryImageOfPage\":{\"@id\":\"https:\\\/\\\/qtmm.org\\\/qt\\\/meganom-firmasi-aqmescitteki-jigulina-rosca-maallesinde-naraziliq-tarlasini-tutip-alacaq-oldi\\\/#primaryimage\"},\"image\":{\"@id\":\"https:\\\/\\\/qtmm.org\\\/qt\\\/meganom-firmasi-aqmescitteki-jigulina-rosca-maallesinde-naraziliq-tarlasini-tutip-alacaq-oldi\\\/#primaryimage\"},\"thumbnailUrl\":\"http:\\\/\\\/qtmm.org\\\/wp-content\\\/uploads\\\/2022\\\/01\\\/photo_4.jpeg\",\"datePublished\":\"2013-11-12T17:21:00+00:00\",\"dateModified\":\"2022-01-26T17:22:27+00:00\",\"breadcrumb\":{\"@id\":\"https:\\\/\\\/qtmm.org\\\/qt\\\/meganom-firmasi-aqmescitteki-jigulina-rosca-maallesinde-naraziliq-tarlasini-tutip-alacaq-oldi\\\/#breadcrumb\"},\"inLanguage\":\"qt\",\"potentialAction\":[{\"@type\":\"ReadAction\",\"target\":[\"https:\\\/\\\/qtmm.org\\\/qt\\\/meganom-firmasi-aqmescitteki-jigulina-rosca-maallesinde-naraziliq-tarlasini-tutip-alacaq-oldi\\\/\"]}]},{\"@type\":\"ImageObject\",\"inLanguage\":\"qt\",\"@id\":\"https:\\\/\\\/qtmm.org\\\/qt\\\/meganom-firmasi-aqmescitteki-jigulina-rosca-maallesinde-naraziliq-tarlasini-tutip-alacaq-oldi\\\/#primaryimage\",\"url\":\"http:\\\/\\\/qtmm.org\\\/wp-content\\\/uploads\\\/2022\\\/01\\\/photo_4.jpeg\",\"contentUrl\":\"http:\\\/\\\/qtmm.org\\\/wp-content\\\/uploads\\\/2022\\\/01\\\/photo_4.jpeg\"},{\"@type\":\"BreadcrumbList\",\"@id\":\"https:\\\/\\\/qtmm.org\\\/qt\\\/meganom-firmasi-aqmescitteki-jigulina-rosca-maallesinde-naraziliq-tarlasini-tutip-alacaq-oldi\\\/#breadcrumb\",\"itemListElement\":[{\"@type\":\"ListItem\",\"position\":1,\"name\":\"\u0413\u043e\u043b\u043e\u0432\u043d\u0430\",\"item\":\"https:\\\/\\\/qtmm.org\\\/qt\\\/\"},{\"@type\":\"ListItem\",\"position\":2,\"name\":\"\u00abMeganom\u00bb firmas\u0131 Aqmescitteki \u00abJigulina Ro\u015f\u00e7a\u00bb maallesinde naraz\u0131l\u0131q tarlas\u0131n\u0131 tut\u0131p alacaq old\u0131\"}]},{\"@type\":\"WebSite\",\"@id\":\"https:\\\/\\\/qtmm.org\\\/qt\\\/#website\",\"url\":\"https:\\\/\\\/qtmm.org\\\/qt\\\/\",\"name\":\"\u041c\u0435\u0434\u0436\u043b\u0456\u0441\",\"description\":\"\",\"publisher\":{\"@id\":\"https:\\\/\\\/qtmm.org\\\/qt\\\/#organization\"},\"potentialAction\":[{\"@type\":\"SearchAction\",\"target\":{\"@type\":\"EntryPoint\",\"urlTemplate\":\"https:\\\/\\\/qtmm.org\\\/qt\\\/?s={search_term_string}\"},\"query-input\":{\"@type\":\"PropertyValueSpecification\",\"valueRequired\":true,\"valueName\":\"search_term_string\"}}],\"inLanguage\":\"qt\"},{\"@type\":\"Organization\",\"@id\":\"https:\\\/\\\/qtmm.org\\\/qt\\\/#organization\",\"name\":\"\u041c\u0435\u0434\u0436\u043b\u0456\u0441\",\"url\":\"https:\\\/\\\/qtmm.org\\\/qt\\\/\",\"logo\":{\"@type\":\"ImageObject\",\"inLanguage\":\"qt\",\"@id\":\"https:\\\/\\\/qtmm.org\\\/qt\\\/#\\\/schema\\\/logo\\\/image\\\/\",\"url\":\"https:\\\/\\\/qtmm.org\\\/wp-content\\\/uploads\\\/2024\\\/12\\\/ua-mejlis-logo-rgb.svg\",\"contentUrl\":\"https:\\\/\\\/qtmm.org\\\/wp-content\\\/uploads\\\/2024\\\/12\\\/ua-mejlis-logo-rgb.svg\",\"caption\":\"\u041c\u0435\u0434\u0436\u043b\u0456\u0441\"},\"image\":{\"@id\":\"https:\\\/\\\/qtmm.org\\\/qt\\\/#\\\/schema\\\/logo\\\/image\\\/\"},\"sameAs\":[\"https:\\\/\\\/www.facebook.com\\\/qtmm.info\\\/\"]},{\"@type\":\"Person\",\"@id\":\"https:\\\/\\\/qtmm.org\\\/qt\\\/#\\\/schema\\\/person\\\/de562469f971dec226ac06e60bbf74a7\",\"name\":\"Developer\",\"image\":{\"@type\":\"ImageObject\",\"inLanguage\":\"qt\",\"@id\":\"https:\\\/\\\/secure.gravatar.com\\\/avatar\\\/392b4cc8fbfeb00b39dfeeab4ee6edded39ffd48e25858637e4765810300227e?s=96&d=mm&r=g\",\"url\":\"https:\\\/\\\/secure.gravatar.com\\\/avatar\\\/392b4cc8fbfeb00b39dfeeab4ee6edded39ffd48e25858637e4765810300227e?s=96&d=mm&r=g\",\"contentUrl\":\"https:\\\/\\\/secure.gravatar.com\\\/avatar\\\/392b4cc8fbfeb00b39dfeeab4ee6edded39ffd48e25858637e4765810300227e?s=96&d=mm&r=g\",\"caption\":\"Developer\"},\"url\":\"https:\\\/\\\/qtmm.org\\\/qt\\\/author\\\/Developer\\\/\"}]}<\/script>\n<!-- \/ Yoast SEO plugin. -->","yoast_head_json":{"title":"\u00abMeganom\u00bb firmas\u0131 Aqmescitteki \u00abJigulina Ro\u015f\u00e7a\u00bb maallesinde naraz\u0131l\u0131q tarlas\u0131n\u0131 tut\u0131p alacaq old\u0131 - \u041c\u0435\u0434\u0436\u043b\u0456\u0441","robots":{"index":"index","follow":"follow","max-snippet":"max-snippet:-1","max-image-preview":"max-image-preview:large","max-video-preview":"max-video-preview:-1"},"canonical":"https:\/\/qtmm.org\/qt\/meganom-firmasi-aqmescitteki-jigulina-rosca-maallesinde-naraziliq-tarlasini-tutip-alacaq-oldi\/","og_locale":"en_US","og_type":"article","og_title":"\u00abMeganom\u00bb firmas\u0131 Aqmescitteki \u00abJigulina Ro\u015f\u00e7a\u00bb maallesinde naraz\u0131l\u0131q tarlas\u0131n\u0131 tut\u0131p alacaq old\u0131 - \u041c\u0435\u0434\u0436\u043b\u0456\u0441","og_description":"Jigulina Ro\u015f\u00e7a maallesindeki t\u0131n\u00e7 naraz\u0131l\u0131q aktsiyas\u0131n\u0131\u00f1 i\u015ftirak\u00e7ileri habet etkenlerine k\u00f6re noyabr 12 k\u00fcn\u00fc &#8220;Meganom&#8221; firmas\u0131n\u0131\u00f1 vekilleri izin bergen vesiqalar\u0131 olmadan topraq damart\u0131larn\u0131\u00f1 bir q\u0131sm\u0131n\u0131 qoralad\u0131lar. Mezk\u00fcr firma evel bu topraqn\u0131 almaq meram\u0131n\u0131 bildirmegen edi. Naraz\u0131l\u0131q aktsiyas\u0131n\u0131\u00f1 100-den ziyade i\u015ftirak\u00e7isi &#8220;Meganom&#8221; firmas\u0131n\u0131\u00f1 b\u00f6ylece i\u015f\u011faline bir kereden seslendi. Bundan da \u011fayr\u0131, tart\u0131\u015fma \u00e7\u0131qqan yerge Aqmescit regional meclis [&hellip;]","og_url":"https:\/\/qtmm.org\/qt\/meganom-firmasi-aqmescitteki-jigulina-rosca-maallesinde-naraziliq-tarlasini-tutip-alacaq-oldi\/","og_site_name":"\u041c\u0435\u0434\u0436\u043b\u0456\u0441","article_publisher":"https:\/\/www.facebook.com\/qtmm.info\/","article_published_time":"2013-11-12T17:21:00+00:00","article_modified_time":"2022-01-26T17:22:27+00:00","og_image":[{"width":650,"height":333,"url":"https:\/\/qtmm.org\/wp-content\/uploads\/2022\/01\/photo_4.jpeg","type":"image\/jpeg"}],"author":"Developer","twitter_card":"summary_large_image","twitter_misc":{"Written by":"Developer","Est. reading time":"3 minutes"},"schema":{"@context":"https:\/\/schema.org","@graph":[{"@type":"Article","@id":"https:\/\/qtmm.org\/qt\/meganom-firmasi-aqmescitteki-jigulina-rosca-maallesinde-naraziliq-tarlasini-tutip-alacaq-oldi\/#article","isPartOf":{"@id":"https:\/\/qtmm.org\/qt\/meganom-firmasi-aqmescitteki-jigulina-rosca-maallesinde-naraziliq-tarlasini-tutip-alacaq-oldi\/"},"author":{"name":"Developer","@id":"https:\/\/qtmm.org\/qt\/#\/schema\/person\/de562469f971dec226ac06e60bbf74a7"},"headline":"\u00abMeganom\u00bb firmas\u0131 Aqmescitteki \u00abJigulina Ro\u015f\u00e7a\u00bb maallesinde naraz\u0131l\u0131q tarlas\u0131n\u0131 tut\u0131p alacaq old\u0131","datePublished":"2013-11-12T17:21:00+00:00","dateModified":"2022-01-26T17:22:27+00:00","mainEntityOfPage":{"@id":"https:\/\/qtmm.org\/qt\/meganom-firmasi-aqmescitteki-jigulina-rosca-maallesinde-naraziliq-tarlasini-tutip-alacaq-oldi\/"},"wordCount":574,"commentCount":0,"publisher":{"@id":"https:\/\/qtmm.org\/qt\/#organization"},"image":{"@id":"https:\/\/qtmm.org\/qt\/meganom-firmasi-aqmescitteki-jigulina-rosca-maallesinde-naraziliq-tarlasini-tutip-alacaq-oldi\/#primaryimage"},"thumbnailUrl":"http:\/\/qtmm.org\/wp-content\/uploads\/2022\/01\/photo_4.jpeg","articleSection":["Haberler"],"inLanguage":"qt","potentialAction":[{"@type":"CommentAction","name":"Comment","target":["https:\/\/qtmm.org\/qt\/meganom-firmasi-aqmescitteki-jigulina-rosca-maallesinde-naraziliq-tarlasini-tutip-alacaq-oldi\/#respond"]}]},{"@type":"WebPage","@id":"https:\/\/qtmm.org\/qt\/meganom-firmasi-aqmescitteki-jigulina-rosca-maallesinde-naraziliq-tarlasini-tutip-alacaq-oldi\/","url":"https:\/\/qtmm.org\/qt\/meganom-firmasi-aqmescitteki-jigulina-rosca-maallesinde-naraziliq-tarlasini-tutip-alacaq-oldi\/","name":"\u00abMeganom\u00bb firmas\u0131 Aqmescitteki \u00abJigulina Ro\u015f\u00e7a\u00bb maallesinde naraz\u0131l\u0131q tarlas\u0131n\u0131 tut\u0131p alacaq old\u0131 - \u041c\u0435\u0434\u0436\u043b\u0456\u0441","isPartOf":{"@id":"https:\/\/qtmm.org\/qt\/#website"},"primaryImageOfPage":{"@id":"https:\/\/qtmm.org\/qt\/meganom-firmasi-aqmescitteki-jigulina-rosca-maallesinde-naraziliq-tarlasini-tutip-alacaq-oldi\/#primaryimage"},"image":{"@id":"https:\/\/qtmm.org\/qt\/meganom-firmasi-aqmescitteki-jigulina-rosca-maallesinde-naraziliq-tarlasini-tutip-alacaq-oldi\/#primaryimage"},"thumbnailUrl":"http:\/\/qtmm.org\/wp-content\/uploads\/2022\/01\/photo_4.jpeg","datePublished":"2013-11-12T17:21:00+00:00","dateModified":"2022-01-26T17:22:27+00:00","breadcrumb":{"@id":"https:\/\/qtmm.org\/qt\/meganom-firmasi-aqmescitteki-jigulina-rosca-maallesinde-naraziliq-tarlasini-tutip-alacaq-oldi\/#breadcrumb"},"inLanguage":"qt","potentialAction":[{"@type":"ReadAction","target":["https:\/\/qtmm.org\/qt\/meganom-firmasi-aqmescitteki-jigulina-rosca-maallesinde-naraziliq-tarlasini-tutip-alacaq-oldi\/"]}]},{"@type":"ImageObject","inLanguage":"qt","@id":"https:\/\/qtmm.org\/qt\/meganom-firmasi-aqmescitteki-jigulina-rosca-maallesinde-naraziliq-tarlasini-tutip-alacaq-oldi\/#primaryimage","url":"http:\/\/qtmm.org\/wp-content\/uploads\/2022\/01\/photo_4.jpeg","contentUrl":"http:\/\/qtmm.org\/wp-content\/uploads\/2022\/01\/photo_4.jpeg"},{"@type":"BreadcrumbList","@id":"https:\/\/qtmm.org\/qt\/meganom-firmasi-aqmescitteki-jigulina-rosca-maallesinde-naraziliq-tarlasini-tutip-alacaq-oldi\/#breadcrumb","itemListElement":[{"@type":"ListItem","position":1,"name":"\u0413\u043e\u043b\u043e\u0432\u043d\u0430","item":"https:\/\/qtmm.org\/qt\/"},{"@type":"ListItem","position":2,"name":"\u00abMeganom\u00bb firmas\u0131 Aqmescitteki \u00abJigulina Ro\u015f\u00e7a\u00bb maallesinde naraz\u0131l\u0131q tarlas\u0131n\u0131 tut\u0131p alacaq old\u0131"}]},{"@type":"WebSite","@id":"https:\/\/qtmm.org\/qt\/#website","url":"https:\/\/qtmm.org\/qt\/","name":"\u041c\u0435\u0434\u0436\u043b\u0456\u0441","description":"","publisher":{"@id":"https:\/\/qtmm.org\/qt\/#organization"},"potentialAction":[{"@type":"SearchAction","target":{"@type":"EntryPoint","urlTemplate":"https:\/\/qtmm.org\/qt\/?s={search_term_string}"},"query-input":{"@type":"PropertyValueSpecification","valueRequired":true,"valueName":"search_term_string"}}],"inLanguage":"qt"},{"@type":"Organization","@id":"https:\/\/qtmm.org\/qt\/#organization","name":"\u041c\u0435\u0434\u0436\u043b\u0456\u0441","url":"https:\/\/qtmm.org\/qt\/","logo":{"@type":"ImageObject","inLanguage":"qt","@id":"https:\/\/qtmm.org\/qt\/#\/schema\/logo\/image\/","url":"https:\/\/qtmm.org\/wp-content\/uploads\/2024\/12\/ua-mejlis-logo-rgb.svg","contentUrl":"https:\/\/qtmm.org\/wp-content\/uploads\/2024\/12\/ua-mejlis-logo-rgb.svg","caption":"\u041c\u0435\u0434\u0436\u043b\u0456\u0441"},"image":{"@id":"https:\/\/qtmm.org\/qt\/#\/schema\/logo\/image\/"},"sameAs":["https:\/\/www.facebook.com\/qtmm.info\/"]},{"@type":"Person","@id":"https:\/\/qtmm.org\/qt\/#\/schema\/person\/de562469f971dec226ac06e60bbf74a7","name":"Developer","image":{"@type":"ImageObject","inLanguage":"qt","@id":"https:\/\/secure.gravatar.com\/avatar\/392b4cc8fbfeb00b39dfeeab4ee6edded39ffd48e25858637e4765810300227e?s=96&d=mm&r=g","url":"https:\/\/secure.gravatar.com\/avatar\/392b4cc8fbfeb00b39dfeeab4ee6edded39ffd48e25858637e4765810300227e?s=96&d=mm&r=g","contentUrl":"https:\/\/secure.gravatar.com\/avatar\/392b4cc8fbfeb00b39dfeeab4ee6edded39ffd48e25858637e4765810300227e?s=96&d=mm&r=g","caption":"Developer"},"url":"https:\/\/qtmm.org\/qt\/author\/Developer\/"}]}},"_links":{"self":[{"href":"https:\/\/qtmm.org\/qt\/wp-json\/wp\/v2\/posts\/40404","targetHints":{"allow":["GET"]}}],"collection":[{"href":"https:\/\/qtmm.org\/qt\/wp-json\/wp\/v2\/posts"}],"about":[{"href":"https:\/\/qtmm.org\/qt\/wp-json\/wp\/v2\/types\/post"}],"author":[{"embeddable":true,"href":"https:\/\/qtmm.org\/qt\/wp-json\/wp\/v2\/users\/1"}],"replies":[{"embeddable":true,"href":"https:\/\/qtmm.org\/qt\/wp-json\/wp\/v2\/comments?post=40404"}],"version-history":[{"count":1,"href":"https:\/\/qtmm.org\/qt\/wp-json\/wp\/v2\/posts\/40404\/revisions"}],"predecessor-version":[{"id":40409,"href":"https:\/\/qtmm.org\/qt\/wp-json\/wp\/v2\/posts\/40404\/revisions\/40409"}],"wp:attachment":[{"href":"https:\/\/qtmm.org\/qt\/wp-json\/wp\/v2\/media?parent=40404"}],"wp:term":[{"taxonomy":"category","embeddable":true,"href":"https:\/\/qtmm.org\/qt\/wp-json\/wp\/v2\/categories?post=40404"},{"taxonomy":"post_tag","embeddable":true,"href":"https:\/\/qtmm.org\/qt\/wp-json\/wp\/v2\/tags?post=40404"}],"curies":[{"name":"wp","href":"https:\/\/api.w.org\/{rel}","templated":true}]}}