




{"id":40394,"date":"2013-11-12T20:19:00","date_gmt":"2013-11-12T17:19:00","guid":{"rendered":"http:\/\/qtmm.org\/?p=40394"},"modified":"2022-01-26T20:21:22","modified_gmt":"2022-01-26T17:21:22","slug":"meclis-azasi-emine-avamileva-qirimli-blogerlernen-korusti","status":"publish","type":"post","link":"https:\/\/qtmm.org\/qt\/meclis-azasi-emine-avamileva-qirimli-blogerlernen-korusti\/","title":{"rendered":"Meclis azas\u0131 Emine Avamileva q\u0131r\u0131ml\u0131 blogerlernen k\u00f6r\u00fc\u015fti"},"content":{"rendered":"\n<p>Ke\u00e7ken afta Aqmescitte Q\u0131r\u0131mtatar halq\u0131 Meclisini\u00f1 azas\u0131, q\u0131r\u0131mtatar tilinde tasil ve q\u0131r\u0131mtatar tilini Q\u0131r\u0131mn\u0131\u00f1 devlet ve cemaat \u00f6m\u00fcrini\u00f1 b\u00fct\u00fcn saalar\u0131na tadbiq et\u00fcv meseleleri boyunca idareni\u00f1 ba\u015f\u0131 Emine Avamileva q\u0131r\u0131ml\u0131 blogerlernen k\u00f6r\u00fc\u015fti.<\/p>\n\n\n\n<p>K\u00f6r\u00fc\u015f\u00fcvni AQ\u015en\u0131\u00f1 Ukrainadaki el\u00e7iligi qoltutuv\u0131nda ker\u00e7ekle\u015fken leyha \u00e7er\u00e7ivesinde Q\u0131r\u0131m mustaqil siyasiy tedqiqat\u00e7\u0131lar ve jurnalistlerni\u00f1 merkezi taraf\u0131ndan te\u015fkil\u00e2tland\u0131r\u0131l\u011fan &#8220;Yerli problemler aqq\u0131nda nas\u0131l etip meraql\u0131 yazmaq kerek?&#8221; mevzus\u0131ndaki trening \u00e7er\u00e7ivesinde ke\u00e7irildi, dep haber ete\u00a0&#8220;Krimskotatarske pitann\u00e2 online&#8221;<\/p>\n\n\n\n<figure class=\"wp-block-image size-full\"><img loading=\"lazy\" decoding=\"async\" width=\"650\" height=\"464\" src=\"http:\/\/qtmm.org\/wp-content\/uploads\/2022\/01\/3_108.jpeg\" alt=\"\" class=\"wp-image-40395\" srcset=\"https:\/\/qtmm.org\/wp-content\/uploads\/2022\/01\/3_108.jpeg 650w, https:\/\/qtmm.org\/wp-content\/uploads\/2022\/01\/3_108-300x214.jpeg 300w\" sizes=\"auto, (max-width: 650px) 100vw, 650px\" \/><\/figure>\n\n\n\n<p>K\u00f6r\u00fc\u015f\u00fcv devam\u0131nda Emine Avamileva, c\u00fcmleden q\u0131r\u0131mtatarlarn\u0131\u00f1 milliy idare qurum\u0131n\u0131\u00f1 meydan\u011fa ketirilmesi ve inki\u015faf\u0131 , q\u0131r\u0131mtatar cemiyeti, q\u0131r\u0131mtatar tilini saqlap qalmaq i\u00e7\u00fcn \u00fc\u00e7 tilli tasil istiqballeri aqq\u0131nda ik\u00e2ye etti. Trening i\u015ftirak\u00e7ileri olarn\u0131 meraqland\u0131r\u011fan suallerni bermek ve Meclisni\u00f1 milliy tasil meselelerini idare etken azas\u0131nen \u015fahsen qonu\u015fmaq imk\u00e2n\u0131na malik old\u0131lar. Trening neticelerine k\u00f6re on\u0131\u00f1 i\u015ftirak\u00e7ileri Emine Avamileva ile k\u00f6r\u00fc\u015f\u00fcvni \u00f6z bloglar\u0131nda yay\u0131nlad\u0131lar.<\/p>\n\n\n\n<p>Tedbirni\u00f1 treneri Q\u0131r\u0131mda nam qazan\u011fan jurnalist, dotsent, i\u00e7timaiy kommunikatsiyalar boyunca ilim namzeti, Tavriya Milliy universiteti Slav\u00e2n filologiyas\u0131 ve jurnalistika fakulteti tillerara ba\u011flar ve jurnalistika kafedras\u0131n\u0131\u00f1 ocas\u0131 \u00d6lga Volod\u00e7enko ol\u0131p, o\u00f1a Q\u0131r\u0131mda matbuat serbestligi monitoringi boyunca komitet reisi, &#8220;Krimskotatarske pitann\u00e2&#8221; internet ne\u015firini\u00f1 muarriri, &#8220;Azatl\u0131q radios\u0131n\u0131\u00f1&#8221; jurnalisti Vladimir Pritula, &#8220;Krimskotatarske pitann\u00e2 online&#8221; portal\u0131n\u0131\u00f1 muarriri Svetlana Yere\u015f\u00e7enko yard\u0131m ettiler.<\/p>\n\n\n\n<figure class=\"wp-block-image size-full\"><img loading=\"lazy\" decoding=\"async\" width=\"650\" height=\"327\" src=\"http:\/\/qtmm.org\/wp-content\/uploads\/2022\/01\/img_2252.jpeg\" alt=\"\" class=\"wp-image-40399\" srcset=\"https:\/\/qtmm.org\/wp-content\/uploads\/2022\/01\/img_2252.jpeg 650w, https:\/\/qtmm.org\/wp-content\/uploads\/2022\/01\/img_2252-300x151.jpeg 300w\" sizes=\"auto, (max-width: 650px) 100vw, 650px\" \/><\/figure>\n\n\n\n<p>Trening devam\u0131nda Q\u0131r\u0131mn\u0131\u00f1 Cank\u00f6y, Qarasuvbazar, Yalta, Alu\u015fta, Kezlev, Aqmescit regionlar\u0131nda kelgen i\u015ftirak\u00e7iler bloglarda haberlerni yay\u0131nlamaq usullar\u0131, haber menbalar\u0131nen \u00e7al\u0131\u015fuv ve haber yazmaq tehnologiyas\u0131 ile tan\u0131\u015f old\u0131lar. Bundan da \u011fayr\u0131 trening i\u015ftirak\u00e7ileri \u0130nternet a\u011flar\u0131nda qonu\u015fuv ve bloglarn\u0131 al\u0131p baruv printsiplerini\u00f1 manifestini imzalad\u0131lar.<\/p>\n\n\n\n<p class=\"has-text-align-right\"><em>Foto: &#8220;Krimskotatarske pitann\u00e2 online&#8221;<\/em><\/p>\n","protected":false},"excerpt":{"rendered":"<p>Ke\u00e7ken afta Aqmescitte Q\u0131r\u0131mtatar halq\u0131 Meclisini\u00f1 azas\u0131, q\u0131r\u0131mtatar tilinde tasil ve q\u0131r\u0131mtatar tilini Q\u0131r\u0131mn\u0131\u00f1 devlet ve cemaat \u00f6m\u00fcrini\u00f1 b\u00fct\u00fcn saalar\u0131na tadbiq et\u00fcv meseleleri boyunca idareni\u00f1 ba\u015f\u0131 Emine Avamileva q\u0131r\u0131ml\u0131 blogerlernen k\u00f6r\u00fc\u015fti. K\u00f6r\u00fc\u015f\u00fcvni AQ\u015en\u0131\u00f1 Ukrainadaki el\u00e7iligi qoltutuv\u0131nda ker\u00e7ekle\u015fken leyha \u00e7er\u00e7ivesinde Q\u0131r\u0131m mustaqil siyasiy tedqiqat\u00e7\u0131lar ve jurnalistlerni\u00f1 merkezi taraf\u0131ndan te\u015fkil\u00e2tland\u0131r\u0131l\u011fan &#8220;Yerli problemler aqq\u0131nda nas\u0131l etip meraql\u0131 yazmaq [&hellip;]<\/p>\n","protected":false},"author":1,"featured_media":0,"comment_status":"open","ping_status":"open","sticky":false,"template":"","format":"standard","meta":{"inline_featured_image":false,"footnotes":""},"categories":[265],"tags":[],"class_list":["post-40394","post","type-post","status-publish","format-standard","hentry","category-haberler"],"acf":[],"yoast_head":"<!-- This site is optimized with the Yoast SEO plugin v27.4 - https:\/\/yoast.com\/product\/yoast-seo-wordpress\/ -->\n<title>Meclis azas\u0131 Emine Avamileva q\u0131r\u0131ml\u0131 blogerlernen k\u00f6r\u00fc\u015fti - \u041c\u0435\u0434\u0436\u043b\u0456\u0441<\/title>\n<meta name=\"robots\" content=\"index, follow, max-snippet:-1, max-image-preview:large, max-video-preview:-1\" \/>\n<link rel=\"canonical\" href=\"https:\/\/qtmm.org\/qt\/meclis-azasi-emine-avamileva-qirimli-blogerlernen-korusti\/\" \/>\n<meta property=\"og:locale\" content=\"en_US\" \/>\n<meta property=\"og:type\" content=\"article\" \/>\n<meta property=\"og:title\" content=\"Meclis azas\u0131 Emine Avamileva q\u0131r\u0131ml\u0131 blogerlernen k\u00f6r\u00fc\u015fti - \u041c\u0435\u0434\u0436\u043b\u0456\u0441\" \/>\n<meta property=\"og:description\" content=\"Ke\u00e7ken afta Aqmescitte Q\u0131r\u0131mtatar halq\u0131 Meclisini\u00f1 azas\u0131, q\u0131r\u0131mtatar tilinde tasil ve q\u0131r\u0131mtatar tilini Q\u0131r\u0131mn\u0131\u00f1 devlet ve cemaat \u00f6m\u00fcrini\u00f1 b\u00fct\u00fcn saalar\u0131na tadbiq et\u00fcv meseleleri boyunca idareni\u00f1 ba\u015f\u0131 Emine Avamileva q\u0131r\u0131ml\u0131 blogerlernen k\u00f6r\u00fc\u015fti. K\u00f6r\u00fc\u015f\u00fcvni AQ\u015en\u0131\u00f1 Ukrainadaki el\u00e7iligi qoltutuv\u0131nda ker\u00e7ekle\u015fken leyha \u00e7er\u00e7ivesinde Q\u0131r\u0131m mustaqil siyasiy tedqiqat\u00e7\u0131lar ve jurnalistlerni\u00f1 merkezi taraf\u0131ndan te\u015fkil\u00e2tland\u0131r\u0131l\u011fan &#8220;Yerli problemler aqq\u0131nda nas\u0131l etip meraql\u0131 yazmaq [&hellip;]\" \/>\n<meta property=\"og:url\" content=\"https:\/\/qtmm.org\/qt\/meclis-azasi-emine-avamileva-qirimli-blogerlernen-korusti\/\" \/>\n<meta property=\"og:site_name\" content=\"\u041c\u0435\u0434\u0436\u043b\u0456\u0441\" \/>\n<meta property=\"article:publisher\" content=\"https:\/\/www.facebook.com\/qtmm.info\/\" \/>\n<meta property=\"article:published_time\" content=\"2013-11-12T17:19:00+00:00\" \/>\n<meta property=\"article:modified_time\" content=\"2022-01-26T17:21:22+00:00\" \/>\n<meta property=\"og:image\" content=\"https:\/\/qtmm.org\/wp-content\/uploads\/2022\/01\/3_108.jpeg\" \/>\n\t<meta property=\"og:image:width\" content=\"650\" \/>\n\t<meta property=\"og:image:height\" content=\"464\" \/>\n\t<meta property=\"og:image:type\" content=\"image\/jpeg\" \/>\n<meta name=\"author\" content=\"Developer\" \/>\n<meta name=\"twitter:card\" content=\"summary_large_image\" \/>\n<meta name=\"twitter:label1\" content=\"Written by\" \/>\n\t<meta name=\"twitter:data1\" content=\"Developer\" \/>\n\t<meta name=\"twitter:label2\" content=\"Est. reading time\" \/>\n\t<meta name=\"twitter:data2\" content=\"2 minutes\" \/>\n<script type=\"application\/ld+json\" class=\"yoast-schema-graph\">{\"@context\":\"https:\\\/\\\/schema.org\",\"@graph\":[{\"@type\":\"Article\",\"@id\":\"https:\\\/\\\/qtmm.org\\\/qt\\\/meclis-azasi-emine-avamileva-qirimli-blogerlernen-korusti\\\/#article\",\"isPartOf\":{\"@id\":\"https:\\\/\\\/qtmm.org\\\/qt\\\/meclis-azasi-emine-avamileva-qirimli-blogerlernen-korusti\\\/\"},\"author\":{\"name\":\"Developer\",\"@id\":\"https:\\\/\\\/qtmm.org\\\/qt\\\/#\\\/schema\\\/person\\\/de562469f971dec226ac06e60bbf74a7\"},\"headline\":\"Meclis azas\u0131 Emine Avamileva q\u0131r\u0131ml\u0131 blogerlernen k\u00f6r\u00fc\u015fti\",\"datePublished\":\"2013-11-12T17:19:00+00:00\",\"dateModified\":\"2022-01-26T17:21:22+00:00\",\"mainEntityOfPage\":{\"@id\":\"https:\\\/\\\/qtmm.org\\\/qt\\\/meclis-azasi-emine-avamileva-qirimli-blogerlernen-korusti\\\/\"},\"wordCount\":345,\"commentCount\":0,\"publisher\":{\"@id\":\"https:\\\/\\\/qtmm.org\\\/qt\\\/#organization\"},\"image\":{\"@id\":\"https:\\\/\\\/qtmm.org\\\/qt\\\/meclis-azasi-emine-avamileva-qirimli-blogerlernen-korusti\\\/#primaryimage\"},\"thumbnailUrl\":\"http:\\\/\\\/qtmm.org\\\/wp-content\\\/uploads\\\/2022\\\/01\\\/3_108.jpeg\",\"articleSection\":[\"Haberler\"],\"inLanguage\":\"qt\",\"potentialAction\":[{\"@type\":\"CommentAction\",\"name\":\"Comment\",\"target\":[\"https:\\\/\\\/qtmm.org\\\/qt\\\/meclis-azasi-emine-avamileva-qirimli-blogerlernen-korusti\\\/#respond\"]}]},{\"@type\":\"WebPage\",\"@id\":\"https:\\\/\\\/qtmm.org\\\/qt\\\/meclis-azasi-emine-avamileva-qirimli-blogerlernen-korusti\\\/\",\"url\":\"https:\\\/\\\/qtmm.org\\\/qt\\\/meclis-azasi-emine-avamileva-qirimli-blogerlernen-korusti\\\/\",\"name\":\"Meclis azas\u0131 Emine Avamileva q\u0131r\u0131ml\u0131 blogerlernen k\u00f6r\u00fc\u015fti - \u041c\u0435\u0434\u0436\u043b\u0456\u0441\",\"isPartOf\":{\"@id\":\"https:\\\/\\\/qtmm.org\\\/qt\\\/#website\"},\"primaryImageOfPage\":{\"@id\":\"https:\\\/\\\/qtmm.org\\\/qt\\\/meclis-azasi-emine-avamileva-qirimli-blogerlernen-korusti\\\/#primaryimage\"},\"image\":{\"@id\":\"https:\\\/\\\/qtmm.org\\\/qt\\\/meclis-azasi-emine-avamileva-qirimli-blogerlernen-korusti\\\/#primaryimage\"},\"thumbnailUrl\":\"http:\\\/\\\/qtmm.org\\\/wp-content\\\/uploads\\\/2022\\\/01\\\/3_108.jpeg\",\"datePublished\":\"2013-11-12T17:19:00+00:00\",\"dateModified\":\"2022-01-26T17:21:22+00:00\",\"breadcrumb\":{\"@id\":\"https:\\\/\\\/qtmm.org\\\/qt\\\/meclis-azasi-emine-avamileva-qirimli-blogerlernen-korusti\\\/#breadcrumb\"},\"inLanguage\":\"qt\",\"potentialAction\":[{\"@type\":\"ReadAction\",\"target\":[\"https:\\\/\\\/qtmm.org\\\/qt\\\/meclis-azasi-emine-avamileva-qirimli-blogerlernen-korusti\\\/\"]}]},{\"@type\":\"ImageObject\",\"inLanguage\":\"qt\",\"@id\":\"https:\\\/\\\/qtmm.org\\\/qt\\\/meclis-azasi-emine-avamileva-qirimli-blogerlernen-korusti\\\/#primaryimage\",\"url\":\"http:\\\/\\\/qtmm.org\\\/wp-content\\\/uploads\\\/2022\\\/01\\\/3_108.jpeg\",\"contentUrl\":\"http:\\\/\\\/qtmm.org\\\/wp-content\\\/uploads\\\/2022\\\/01\\\/3_108.jpeg\"},{\"@type\":\"BreadcrumbList\",\"@id\":\"https:\\\/\\\/qtmm.org\\\/qt\\\/meclis-azasi-emine-avamileva-qirimli-blogerlernen-korusti\\\/#breadcrumb\",\"itemListElement\":[{\"@type\":\"ListItem\",\"position\":1,\"name\":\"\u0413\u043e\u043b\u043e\u0432\u043d\u0430\",\"item\":\"https:\\\/\\\/qtmm.org\\\/qt\\\/\"},{\"@type\":\"ListItem\",\"position\":2,\"name\":\"Meclis azas\u0131 Emine Avamileva q\u0131r\u0131ml\u0131 blogerlernen k\u00f6r\u00fc\u015fti\"}]},{\"@type\":\"WebSite\",\"@id\":\"https:\\\/\\\/qtmm.org\\\/qt\\\/#website\",\"url\":\"https:\\\/\\\/qtmm.org\\\/qt\\\/\",\"name\":\"\u041c\u0435\u0434\u0436\u043b\u0456\u0441\",\"description\":\"\",\"publisher\":{\"@id\":\"https:\\\/\\\/qtmm.org\\\/qt\\\/#organization\"},\"potentialAction\":[{\"@type\":\"SearchAction\",\"target\":{\"@type\":\"EntryPoint\",\"urlTemplate\":\"https:\\\/\\\/qtmm.org\\\/qt\\\/?s={search_term_string}\"},\"query-input\":{\"@type\":\"PropertyValueSpecification\",\"valueRequired\":true,\"valueName\":\"search_term_string\"}}],\"inLanguage\":\"qt\"},{\"@type\":\"Organization\",\"@id\":\"https:\\\/\\\/qtmm.org\\\/qt\\\/#organization\",\"name\":\"\u041c\u0435\u0434\u0436\u043b\u0456\u0441\",\"url\":\"https:\\\/\\\/qtmm.org\\\/qt\\\/\",\"logo\":{\"@type\":\"ImageObject\",\"inLanguage\":\"qt\",\"@id\":\"https:\\\/\\\/qtmm.org\\\/qt\\\/#\\\/schema\\\/logo\\\/image\\\/\",\"url\":\"https:\\\/\\\/qtmm.org\\\/wp-content\\\/uploads\\\/2024\\\/12\\\/ua-mejlis-logo-rgb.svg\",\"contentUrl\":\"https:\\\/\\\/qtmm.org\\\/wp-content\\\/uploads\\\/2024\\\/12\\\/ua-mejlis-logo-rgb.svg\",\"caption\":\"\u041c\u0435\u0434\u0436\u043b\u0456\u0441\"},\"image\":{\"@id\":\"https:\\\/\\\/qtmm.org\\\/qt\\\/#\\\/schema\\\/logo\\\/image\\\/\"},\"sameAs\":[\"https:\\\/\\\/www.facebook.com\\\/qtmm.info\\\/\"]},{\"@type\":\"Person\",\"@id\":\"https:\\\/\\\/qtmm.org\\\/qt\\\/#\\\/schema\\\/person\\\/de562469f971dec226ac06e60bbf74a7\",\"name\":\"Developer\",\"image\":{\"@type\":\"ImageObject\",\"inLanguage\":\"qt\",\"@id\":\"https:\\\/\\\/secure.gravatar.com\\\/avatar\\\/392b4cc8fbfeb00b39dfeeab4ee6edded39ffd48e25858637e4765810300227e?s=96&d=mm&r=g\",\"url\":\"https:\\\/\\\/secure.gravatar.com\\\/avatar\\\/392b4cc8fbfeb00b39dfeeab4ee6edded39ffd48e25858637e4765810300227e?s=96&d=mm&r=g\",\"contentUrl\":\"https:\\\/\\\/secure.gravatar.com\\\/avatar\\\/392b4cc8fbfeb00b39dfeeab4ee6edded39ffd48e25858637e4765810300227e?s=96&d=mm&r=g\",\"caption\":\"Developer\"},\"url\":\"https:\\\/\\\/qtmm.org\\\/qt\\\/author\\\/Developer\\\/\"}]}<\/script>\n<!-- \/ Yoast SEO plugin. -->","yoast_head_json":{"title":"Meclis azas\u0131 Emine Avamileva q\u0131r\u0131ml\u0131 blogerlernen k\u00f6r\u00fc\u015fti - \u041c\u0435\u0434\u0436\u043b\u0456\u0441","robots":{"index":"index","follow":"follow","max-snippet":"max-snippet:-1","max-image-preview":"max-image-preview:large","max-video-preview":"max-video-preview:-1"},"canonical":"https:\/\/qtmm.org\/qt\/meclis-azasi-emine-avamileva-qirimli-blogerlernen-korusti\/","og_locale":"en_US","og_type":"article","og_title":"Meclis azas\u0131 Emine Avamileva q\u0131r\u0131ml\u0131 blogerlernen k\u00f6r\u00fc\u015fti - \u041c\u0435\u0434\u0436\u043b\u0456\u0441","og_description":"Ke\u00e7ken afta Aqmescitte Q\u0131r\u0131mtatar halq\u0131 Meclisini\u00f1 azas\u0131, q\u0131r\u0131mtatar tilinde tasil ve q\u0131r\u0131mtatar tilini Q\u0131r\u0131mn\u0131\u00f1 devlet ve cemaat \u00f6m\u00fcrini\u00f1 b\u00fct\u00fcn saalar\u0131na tadbiq et\u00fcv meseleleri boyunca idareni\u00f1 ba\u015f\u0131 Emine Avamileva q\u0131r\u0131ml\u0131 blogerlernen k\u00f6r\u00fc\u015fti. K\u00f6r\u00fc\u015f\u00fcvni AQ\u015en\u0131\u00f1 Ukrainadaki el\u00e7iligi qoltutuv\u0131nda ker\u00e7ekle\u015fken leyha \u00e7er\u00e7ivesinde Q\u0131r\u0131m mustaqil siyasiy tedqiqat\u00e7\u0131lar ve jurnalistlerni\u00f1 merkezi taraf\u0131ndan te\u015fkil\u00e2tland\u0131r\u0131l\u011fan &#8220;Yerli problemler aqq\u0131nda nas\u0131l etip meraql\u0131 yazmaq [&hellip;]","og_url":"https:\/\/qtmm.org\/qt\/meclis-azasi-emine-avamileva-qirimli-blogerlernen-korusti\/","og_site_name":"\u041c\u0435\u0434\u0436\u043b\u0456\u0441","article_publisher":"https:\/\/www.facebook.com\/qtmm.info\/","article_published_time":"2013-11-12T17:19:00+00:00","article_modified_time":"2022-01-26T17:21:22+00:00","og_image":[{"width":650,"height":464,"url":"https:\/\/qtmm.org\/wp-content\/uploads\/2022\/01\/3_108.jpeg","type":"image\/jpeg"}],"author":"Developer","twitter_card":"summary_large_image","twitter_misc":{"Written by":"Developer","Est. reading time":"2 minutes"},"schema":{"@context":"https:\/\/schema.org","@graph":[{"@type":"Article","@id":"https:\/\/qtmm.org\/qt\/meclis-azasi-emine-avamileva-qirimli-blogerlernen-korusti\/#article","isPartOf":{"@id":"https:\/\/qtmm.org\/qt\/meclis-azasi-emine-avamileva-qirimli-blogerlernen-korusti\/"},"author":{"name":"Developer","@id":"https:\/\/qtmm.org\/qt\/#\/schema\/person\/de562469f971dec226ac06e60bbf74a7"},"headline":"Meclis azas\u0131 Emine Avamileva q\u0131r\u0131ml\u0131 blogerlernen k\u00f6r\u00fc\u015fti","datePublished":"2013-11-12T17:19:00+00:00","dateModified":"2022-01-26T17:21:22+00:00","mainEntityOfPage":{"@id":"https:\/\/qtmm.org\/qt\/meclis-azasi-emine-avamileva-qirimli-blogerlernen-korusti\/"},"wordCount":345,"commentCount":0,"publisher":{"@id":"https:\/\/qtmm.org\/qt\/#organization"},"image":{"@id":"https:\/\/qtmm.org\/qt\/meclis-azasi-emine-avamileva-qirimli-blogerlernen-korusti\/#primaryimage"},"thumbnailUrl":"http:\/\/qtmm.org\/wp-content\/uploads\/2022\/01\/3_108.jpeg","articleSection":["Haberler"],"inLanguage":"qt","potentialAction":[{"@type":"CommentAction","name":"Comment","target":["https:\/\/qtmm.org\/qt\/meclis-azasi-emine-avamileva-qirimli-blogerlernen-korusti\/#respond"]}]},{"@type":"WebPage","@id":"https:\/\/qtmm.org\/qt\/meclis-azasi-emine-avamileva-qirimli-blogerlernen-korusti\/","url":"https:\/\/qtmm.org\/qt\/meclis-azasi-emine-avamileva-qirimli-blogerlernen-korusti\/","name":"Meclis azas\u0131 Emine Avamileva q\u0131r\u0131ml\u0131 blogerlernen k\u00f6r\u00fc\u015fti - \u041c\u0435\u0434\u0436\u043b\u0456\u0441","isPartOf":{"@id":"https:\/\/qtmm.org\/qt\/#website"},"primaryImageOfPage":{"@id":"https:\/\/qtmm.org\/qt\/meclis-azasi-emine-avamileva-qirimli-blogerlernen-korusti\/#primaryimage"},"image":{"@id":"https:\/\/qtmm.org\/qt\/meclis-azasi-emine-avamileva-qirimli-blogerlernen-korusti\/#primaryimage"},"thumbnailUrl":"http:\/\/qtmm.org\/wp-content\/uploads\/2022\/01\/3_108.jpeg","datePublished":"2013-11-12T17:19:00+00:00","dateModified":"2022-01-26T17:21:22+00:00","breadcrumb":{"@id":"https:\/\/qtmm.org\/qt\/meclis-azasi-emine-avamileva-qirimli-blogerlernen-korusti\/#breadcrumb"},"inLanguage":"qt","potentialAction":[{"@type":"ReadAction","target":["https:\/\/qtmm.org\/qt\/meclis-azasi-emine-avamileva-qirimli-blogerlernen-korusti\/"]}]},{"@type":"ImageObject","inLanguage":"qt","@id":"https:\/\/qtmm.org\/qt\/meclis-azasi-emine-avamileva-qirimli-blogerlernen-korusti\/#primaryimage","url":"http:\/\/qtmm.org\/wp-content\/uploads\/2022\/01\/3_108.jpeg","contentUrl":"http:\/\/qtmm.org\/wp-content\/uploads\/2022\/01\/3_108.jpeg"},{"@type":"BreadcrumbList","@id":"https:\/\/qtmm.org\/qt\/meclis-azasi-emine-avamileva-qirimli-blogerlernen-korusti\/#breadcrumb","itemListElement":[{"@type":"ListItem","position":1,"name":"\u0413\u043e\u043b\u043e\u0432\u043d\u0430","item":"https:\/\/qtmm.org\/qt\/"},{"@type":"ListItem","position":2,"name":"Meclis azas\u0131 Emine Avamileva q\u0131r\u0131ml\u0131 blogerlernen k\u00f6r\u00fc\u015fti"}]},{"@type":"WebSite","@id":"https:\/\/qtmm.org\/qt\/#website","url":"https:\/\/qtmm.org\/qt\/","name":"\u041c\u0435\u0434\u0436\u043b\u0456\u0441","description":"","publisher":{"@id":"https:\/\/qtmm.org\/qt\/#organization"},"potentialAction":[{"@type":"SearchAction","target":{"@type":"EntryPoint","urlTemplate":"https:\/\/qtmm.org\/qt\/?s={search_term_string}"},"query-input":{"@type":"PropertyValueSpecification","valueRequired":true,"valueName":"search_term_string"}}],"inLanguage":"qt"},{"@type":"Organization","@id":"https:\/\/qtmm.org\/qt\/#organization","name":"\u041c\u0435\u0434\u0436\u043b\u0456\u0441","url":"https:\/\/qtmm.org\/qt\/","logo":{"@type":"ImageObject","inLanguage":"qt","@id":"https:\/\/qtmm.org\/qt\/#\/schema\/logo\/image\/","url":"https:\/\/qtmm.org\/wp-content\/uploads\/2024\/12\/ua-mejlis-logo-rgb.svg","contentUrl":"https:\/\/qtmm.org\/wp-content\/uploads\/2024\/12\/ua-mejlis-logo-rgb.svg","caption":"\u041c\u0435\u0434\u0436\u043b\u0456\u0441"},"image":{"@id":"https:\/\/qtmm.org\/qt\/#\/schema\/logo\/image\/"},"sameAs":["https:\/\/www.facebook.com\/qtmm.info\/"]},{"@type":"Person","@id":"https:\/\/qtmm.org\/qt\/#\/schema\/person\/de562469f971dec226ac06e60bbf74a7","name":"Developer","image":{"@type":"ImageObject","inLanguage":"qt","@id":"https:\/\/secure.gravatar.com\/avatar\/392b4cc8fbfeb00b39dfeeab4ee6edded39ffd48e25858637e4765810300227e?s=96&d=mm&r=g","url":"https:\/\/secure.gravatar.com\/avatar\/392b4cc8fbfeb00b39dfeeab4ee6edded39ffd48e25858637e4765810300227e?s=96&d=mm&r=g","contentUrl":"https:\/\/secure.gravatar.com\/avatar\/392b4cc8fbfeb00b39dfeeab4ee6edded39ffd48e25858637e4765810300227e?s=96&d=mm&r=g","caption":"Developer"},"url":"https:\/\/qtmm.org\/qt\/author\/Developer\/"}]}},"_links":{"self":[{"href":"https:\/\/qtmm.org\/qt\/wp-json\/wp\/v2\/posts\/40394","targetHints":{"allow":["GET"]}}],"collection":[{"href":"https:\/\/qtmm.org\/qt\/wp-json\/wp\/v2\/posts"}],"about":[{"href":"https:\/\/qtmm.org\/qt\/wp-json\/wp\/v2\/types\/post"}],"author":[{"embeddable":true,"href":"https:\/\/qtmm.org\/qt\/wp-json\/wp\/v2\/users\/1"}],"replies":[{"embeddable":true,"href":"https:\/\/qtmm.org\/qt\/wp-json\/wp\/v2\/comments?post=40394"}],"version-history":[{"count":1,"href":"https:\/\/qtmm.org\/qt\/wp-json\/wp\/v2\/posts\/40394\/revisions"}],"predecessor-version":[{"id":40403,"href":"https:\/\/qtmm.org\/qt\/wp-json\/wp\/v2\/posts\/40394\/revisions\/40403"}],"wp:attachment":[{"href":"https:\/\/qtmm.org\/qt\/wp-json\/wp\/v2\/media?parent=40394"}],"wp:term":[{"taxonomy":"category","embeddable":true,"href":"https:\/\/qtmm.org\/qt\/wp-json\/wp\/v2\/categories?post=40394"},{"taxonomy":"post_tag","embeddable":true,"href":"https:\/\/qtmm.org\/qt\/wp-json\/wp\/v2\/tags?post=40394"}],"curies":[{"name":"wp","href":"https:\/\/api.w.org\/{rel}","templated":true}]}}