




{"id":40309,"date":"2013-11-11T01:03:00","date_gmt":"2013-11-10T22:03:00","guid":{"rendered":"http:\/\/qtmm.org\/?p=40309"},"modified":"2022-01-26T01:04:45","modified_gmt":"2022-01-25T22:04:45","slug":"refat-cubarov-camilerni-yaqmaq-ve-ukraina-halq-deputatinin-arabasina-ucum-etmeknin-bir-maqsadi-bar-fesat-ciqarmaq","status":"publish","type":"post","link":"https:\/\/qtmm.org\/qt\/refat-cubarov-camilerni-yaqmaq-ve-ukraina-halq-deputatinin-arabasina-ucum-etmeknin-bir-maqsadi-bar-fesat-ciqarmaq\/","title":{"rendered":"Refat \u00c7ubarov: Camilerni yaqmaq ve Ukraina halq deputat\u0131n\u0131\u00f1 arabas\u0131na \u00fcc\u00fcm etmekni\u00f1 bir maqsad\u0131 bar \u2013 fesat \u00e7\u0131qarmaq"},"content":{"rendered":"\n<p>Meclis reisi Refat \u00c7ubarov Ukraina halq deputat\u0131 Mustafa Cemilevni\u00f1 arabas\u0131na \u00fcc\u00fcm et\u00fcv ve Q\u0131r\u0131m camilerini\u00f1 yaq\u0131lmas\u0131 bir z\u0131nc\u0131rn\u0131\u00f1 alqalar\u0131d\u0131r, dep saya. On\u0131\u00f1 fikrince, bu cinayetlikler Q\u0131r\u0131mda vaziyetni kerginle\u015ftirmek maqsad\u0131nda yap\u0131lmaqta. Bu aqta o k\u00fctleviy&nbsp;<a href=\"http:\/\/crimea.comments.ua\/\" target=\"_blank\" rel=\"noreferrer noopener\">matbuat vastalar\u0131na izaatlar\u0131nda<\/a>&nbsp;bildirdi.<\/p>\n\n\n\n<p>Refat \u00c7ubarovn\u0131\u00f1 s\u00f6ylegenine k\u00f6re, q\u0131r\u0131mtatarlar\u0131na ve musulman degerliklerine qar\u015f\u0131 yap\u0131l\u011fan i\u00e7 bir cinayetlikni\u00f1 \u00fcst\u00fc a\u00e7\u0131lmad\u0131.<\/p>\n\n\n\n<p>&#8220;Bu cinayetliklerni\u00f1 i\u00e7 birisi a\u00e7\u0131lmad\u0131. Ne s\u0131mar\u0131\u015f\u00e7\u0131lar\u0131 belli, ne de icrac\u0131lar\u0131. Demek, olarn\u0131\u00f1 episi bir z\u0131nc\u0131rn\u0131\u00f1 alqalar\u0131d\u0131r, diyebilemiz&#8221;, &#8211; dedi \u00c7ubarov.<\/p>\n\n\n\n<p>Bun\u0131\u00f1 kibi de o, qayd etti ki, bu cinayetliklerni\u00f1 maqsad\u0131 cemaat t\u0131n\u00e7l\u0131\u011f\u0131n\u0131 bozmaq, milletler, dinlerara nefret qoz\u011famaqt\u0131r.<\/p>\n\n\n\n<p>&#8220;Menim fikrimce, camilerni yaqmaq, halq deputat\u0131n\u0131\u00f1 arabas\u0131na \u00fcc\u00fcm etmek kibi cinayetliklerni bir maqsad ba\u011flay \u2013 fesat \u00e7\u0131qarmaq&#8221;, dedi R. \u00c7ubarov.<br><br>\u00c7ubarov \u015fun\u0131 da il\u00e2ve etti ki, Cemilevni\u00f1 arabas\u0131na \u00fcc\u00fcm etkenler de diger cinayetliklerni yapqanlar kibi tap\u0131lmaz&#8221;, dedi o. &#8220;Bu cinayetlikte qabaatl\u0131larn\u0131\u00f1 tap\u0131laca\u011f\u0131na \u00fcm\u00fct etmek \u00e7oq zor&#8221;, dedi Meclis reisi.<\/p>\n\n\n\n<p><em>Hat\u0131rlatam\u0131z ki. Aqmescitte\u00a0bellisiz \u015fah\u0131slar Ukraina halq deputat\u0131 Mustafa Cemilevni\u00f1 arabas\u0131n\u0131\u00f1 penceresini ta\u015fnen ur\u0131p q\u0131rd\u0131lar. Adise noyabr 10 gecesi halq deputat\u0131n\u0131\u00f1 ofisi yerle\u015fken \u015emidt soqa\u011f\u0131 2-nci binada y\u00fcz berdi. Cemilev bu vaq\u0131tta \u00f6z kabinetinde eken Aqmescit \u015feer Kiyev rayon militsiyas\u0131n\u0131\u00f1 b\u00f6l\u00fcgi bu fakt boyunca taqiqat i\u015flerini al\u0131p bara.<\/em><\/p>\n","protected":false},"excerpt":{"rendered":"<p>Meclis reisi Refat \u00c7ubarov Ukraina halq deputat\u0131 Mustafa Cemilevni\u00f1 arabas\u0131na \u00fcc\u00fcm et\u00fcv ve Q\u0131r\u0131m camilerini\u00f1 yaq\u0131lmas\u0131 bir z\u0131nc\u0131rn\u0131\u00f1 alqalar\u0131d\u0131r, dep saya. On\u0131\u00f1 fikrince, bu cinayetlikler Q\u0131r\u0131mda vaziyetni kerginle\u015ftirmek maqsad\u0131nda yap\u0131lmaqta. Bu aqta o k\u00fctleviy&nbsp;matbuat vastalar\u0131na izaatlar\u0131nda&nbsp;bildirdi. Refat \u00c7ubarovn\u0131\u00f1 s\u00f6ylegenine k\u00f6re, q\u0131r\u0131mtatarlar\u0131na ve musulman degerliklerine qar\u015f\u0131 yap\u0131l\u011fan i\u00e7 bir cinayetlikni\u00f1 \u00fcst\u00fc a\u00e7\u0131lmad\u0131. &#8220;Bu cinayetliklerni\u00f1 i\u00e7 birisi [&hellip;]<\/p>\n","protected":false},"author":1,"featured_media":0,"comment_status":"open","ping_status":"open","sticky":false,"template":"","format":"standard","meta":{"inline_featured_image":false,"footnotes":""},"categories":[265],"tags":[],"class_list":["post-40309","post","type-post","status-publish","format-standard","hentry","category-haberler"],"acf":[],"yoast_head":"<!-- This site is optimized with the Yoast SEO plugin v27.4 - https:\/\/yoast.com\/product\/yoast-seo-wordpress\/ -->\n<title>Refat \u00c7ubarov: Camilerni yaqmaq ve Ukraina halq deputat\u0131n\u0131\u00f1 arabas\u0131na \u00fcc\u00fcm etmekni\u00f1 bir maqsad\u0131 bar \u2013 fesat \u00e7\u0131qarmaq - \u041c\u0435\u0434\u0436\u043b\u0456\u0441<\/title>\n<meta name=\"robots\" content=\"index, follow, max-snippet:-1, max-image-preview:large, max-video-preview:-1\" \/>\n<link rel=\"canonical\" href=\"https:\/\/qtmm.org\/qt\/refat-cubarov-camilerni-yaqmaq-ve-ukraina-halq-deputatinin-arabasina-ucum-etmeknin-bir-maqsadi-bar-fesat-ciqarmaq\/\" \/>\n<meta property=\"og:locale\" content=\"en_US\" \/>\n<meta property=\"og:type\" content=\"article\" \/>\n<meta property=\"og:title\" content=\"Refat \u00c7ubarov: Camilerni yaqmaq ve Ukraina halq deputat\u0131n\u0131\u00f1 arabas\u0131na \u00fcc\u00fcm etmekni\u00f1 bir maqsad\u0131 bar \u2013 fesat \u00e7\u0131qarmaq - \u041c\u0435\u0434\u0436\u043b\u0456\u0441\" \/>\n<meta property=\"og:description\" content=\"Meclis reisi Refat \u00c7ubarov Ukraina halq deputat\u0131 Mustafa Cemilevni\u00f1 arabas\u0131na \u00fcc\u00fcm et\u00fcv ve Q\u0131r\u0131m camilerini\u00f1 yaq\u0131lmas\u0131 bir z\u0131nc\u0131rn\u0131\u00f1 alqalar\u0131d\u0131r, dep saya. On\u0131\u00f1 fikrince, bu cinayetlikler Q\u0131r\u0131mda vaziyetni kerginle\u015ftirmek maqsad\u0131nda yap\u0131lmaqta. Bu aqta o k\u00fctleviy&nbsp;matbuat vastalar\u0131na izaatlar\u0131nda&nbsp;bildirdi. Refat \u00c7ubarovn\u0131\u00f1 s\u00f6ylegenine k\u00f6re, q\u0131r\u0131mtatarlar\u0131na ve musulman degerliklerine qar\u015f\u0131 yap\u0131l\u011fan i\u00e7 bir cinayetlikni\u00f1 \u00fcst\u00fc a\u00e7\u0131lmad\u0131. &#8220;Bu cinayetliklerni\u00f1 i\u00e7 birisi [&hellip;]\" \/>\n<meta property=\"og:url\" content=\"https:\/\/qtmm.org\/qt\/refat-cubarov-camilerni-yaqmaq-ve-ukraina-halq-deputatinin-arabasina-ucum-etmeknin-bir-maqsadi-bar-fesat-ciqarmaq\/\" \/>\n<meta property=\"og:site_name\" content=\"\u041c\u0435\u0434\u0436\u043b\u0456\u0441\" \/>\n<meta property=\"article:publisher\" content=\"https:\/\/www.facebook.com\/qtmm.info\/\" \/>\n<meta property=\"article:published_time\" content=\"2013-11-10T22:03:00+00:00\" \/>\n<meta property=\"article:modified_time\" content=\"2022-01-25T22:04:45+00:00\" \/>\n<meta name=\"author\" content=\"Developer\" \/>\n<meta name=\"twitter:card\" content=\"summary_large_image\" \/>\n<meta name=\"twitter:label1\" content=\"Written by\" \/>\n\t<meta name=\"twitter:data1\" content=\"Developer\" \/>\n\t<meta name=\"twitter:label2\" content=\"Est. reading time\" \/>\n\t<meta name=\"twitter:data2\" content=\"1 minute\" \/>\n<script type=\"application\/ld+json\" class=\"yoast-schema-graph\">{\"@context\":\"https:\\\/\\\/schema.org\",\"@graph\":[{\"@type\":\"Article\",\"@id\":\"https:\\\/\\\/qtmm.org\\\/qt\\\/refat-cubarov-camilerni-yaqmaq-ve-ukraina-halq-deputatinin-arabasina-ucum-etmeknin-bir-maqsadi-bar-fesat-ciqarmaq\\\/#article\",\"isPartOf\":{\"@id\":\"https:\\\/\\\/qtmm.org\\\/qt\\\/refat-cubarov-camilerni-yaqmaq-ve-ukraina-halq-deputatinin-arabasina-ucum-etmeknin-bir-maqsadi-bar-fesat-ciqarmaq\\\/\"},\"author\":{\"name\":\"Developer\",\"@id\":\"https:\\\/\\\/qtmm.org\\\/qt\\\/#\\\/schema\\\/person\\\/de562469f971dec226ac06e60bbf74a7\"},\"headline\":\"Refat \u00c7ubarov: Camilerni yaqmaq ve Ukraina halq deputat\u0131n\u0131\u00f1 arabas\u0131na \u00fcc\u00fcm etmekni\u00f1 bir maqsad\u0131 bar \u2013 fesat \u00e7\u0131qarmaq\",\"datePublished\":\"2013-11-10T22:03:00+00:00\",\"dateModified\":\"2022-01-25T22:04:45+00:00\",\"mainEntityOfPage\":{\"@id\":\"https:\\\/\\\/qtmm.org\\\/qt\\\/refat-cubarov-camilerni-yaqmaq-ve-ukraina-halq-deputatinin-arabasina-ucum-etmeknin-bir-maqsadi-bar-fesat-ciqarmaq\\\/\"},\"wordCount\":275,\"commentCount\":0,\"publisher\":{\"@id\":\"https:\\\/\\\/qtmm.org\\\/qt\\\/#organization\"},\"articleSection\":[\"Haberler\"],\"inLanguage\":\"qt\",\"potentialAction\":[{\"@type\":\"CommentAction\",\"name\":\"Comment\",\"target\":[\"https:\\\/\\\/qtmm.org\\\/qt\\\/refat-cubarov-camilerni-yaqmaq-ve-ukraina-halq-deputatinin-arabasina-ucum-etmeknin-bir-maqsadi-bar-fesat-ciqarmaq\\\/#respond\"]}]},{\"@type\":\"WebPage\",\"@id\":\"https:\\\/\\\/qtmm.org\\\/qt\\\/refat-cubarov-camilerni-yaqmaq-ve-ukraina-halq-deputatinin-arabasina-ucum-etmeknin-bir-maqsadi-bar-fesat-ciqarmaq\\\/\",\"url\":\"https:\\\/\\\/qtmm.org\\\/qt\\\/refat-cubarov-camilerni-yaqmaq-ve-ukraina-halq-deputatinin-arabasina-ucum-etmeknin-bir-maqsadi-bar-fesat-ciqarmaq\\\/\",\"name\":\"Refat \u00c7ubarov: Camilerni yaqmaq ve Ukraina halq deputat\u0131n\u0131\u00f1 arabas\u0131na \u00fcc\u00fcm etmekni\u00f1 bir maqsad\u0131 bar \u2013 fesat \u00e7\u0131qarmaq - \u041c\u0435\u0434\u0436\u043b\u0456\u0441\",\"isPartOf\":{\"@id\":\"https:\\\/\\\/qtmm.org\\\/qt\\\/#website\"},\"datePublished\":\"2013-11-10T22:03:00+00:00\",\"dateModified\":\"2022-01-25T22:04:45+00:00\",\"breadcrumb\":{\"@id\":\"https:\\\/\\\/qtmm.org\\\/qt\\\/refat-cubarov-camilerni-yaqmaq-ve-ukraina-halq-deputatinin-arabasina-ucum-etmeknin-bir-maqsadi-bar-fesat-ciqarmaq\\\/#breadcrumb\"},\"inLanguage\":\"qt\",\"potentialAction\":[{\"@type\":\"ReadAction\",\"target\":[\"https:\\\/\\\/qtmm.org\\\/qt\\\/refat-cubarov-camilerni-yaqmaq-ve-ukraina-halq-deputatinin-arabasina-ucum-etmeknin-bir-maqsadi-bar-fesat-ciqarmaq\\\/\"]}]},{\"@type\":\"BreadcrumbList\",\"@id\":\"https:\\\/\\\/qtmm.org\\\/qt\\\/refat-cubarov-camilerni-yaqmaq-ve-ukraina-halq-deputatinin-arabasina-ucum-etmeknin-bir-maqsadi-bar-fesat-ciqarmaq\\\/#breadcrumb\",\"itemListElement\":[{\"@type\":\"ListItem\",\"position\":1,\"name\":\"\u0413\u043e\u043b\u043e\u0432\u043d\u0430\",\"item\":\"https:\\\/\\\/qtmm.org\\\/qt\\\/\"},{\"@type\":\"ListItem\",\"position\":2,\"name\":\"Refat \u00c7ubarov: Camilerni yaqmaq ve Ukraina halq deputat\u0131n\u0131\u00f1 arabas\u0131na \u00fcc\u00fcm etmekni\u00f1 bir maqsad\u0131 bar \u2013 fesat \u00e7\u0131qarmaq\"}]},{\"@type\":\"WebSite\",\"@id\":\"https:\\\/\\\/qtmm.org\\\/qt\\\/#website\",\"url\":\"https:\\\/\\\/qtmm.org\\\/qt\\\/\",\"name\":\"\u041c\u0435\u0434\u0436\u043b\u0456\u0441\",\"description\":\"\",\"publisher\":{\"@id\":\"https:\\\/\\\/qtmm.org\\\/qt\\\/#organization\"},\"potentialAction\":[{\"@type\":\"SearchAction\",\"target\":{\"@type\":\"EntryPoint\",\"urlTemplate\":\"https:\\\/\\\/qtmm.org\\\/qt\\\/?s={search_term_string}\"},\"query-input\":{\"@type\":\"PropertyValueSpecification\",\"valueRequired\":true,\"valueName\":\"search_term_string\"}}],\"inLanguage\":\"qt\"},{\"@type\":\"Organization\",\"@id\":\"https:\\\/\\\/qtmm.org\\\/qt\\\/#organization\",\"name\":\"\u041c\u0435\u0434\u0436\u043b\u0456\u0441\",\"url\":\"https:\\\/\\\/qtmm.org\\\/qt\\\/\",\"logo\":{\"@type\":\"ImageObject\",\"inLanguage\":\"qt\",\"@id\":\"https:\\\/\\\/qtmm.org\\\/qt\\\/#\\\/schema\\\/logo\\\/image\\\/\",\"url\":\"https:\\\/\\\/qtmm.org\\\/wp-content\\\/uploads\\\/2024\\\/12\\\/ua-mejlis-logo-rgb.svg\",\"contentUrl\":\"https:\\\/\\\/qtmm.org\\\/wp-content\\\/uploads\\\/2024\\\/12\\\/ua-mejlis-logo-rgb.svg\",\"caption\":\"\u041c\u0435\u0434\u0436\u043b\u0456\u0441\"},\"image\":{\"@id\":\"https:\\\/\\\/qtmm.org\\\/qt\\\/#\\\/schema\\\/logo\\\/image\\\/\"},\"sameAs\":[\"https:\\\/\\\/www.facebook.com\\\/qtmm.info\\\/\"]},{\"@type\":\"Person\",\"@id\":\"https:\\\/\\\/qtmm.org\\\/qt\\\/#\\\/schema\\\/person\\\/de562469f971dec226ac06e60bbf74a7\",\"name\":\"Developer\",\"image\":{\"@type\":\"ImageObject\",\"inLanguage\":\"qt\",\"@id\":\"https:\\\/\\\/secure.gravatar.com\\\/avatar\\\/392b4cc8fbfeb00b39dfeeab4ee6edded39ffd48e25858637e4765810300227e?s=96&d=mm&r=g\",\"url\":\"https:\\\/\\\/secure.gravatar.com\\\/avatar\\\/392b4cc8fbfeb00b39dfeeab4ee6edded39ffd48e25858637e4765810300227e?s=96&d=mm&r=g\",\"contentUrl\":\"https:\\\/\\\/secure.gravatar.com\\\/avatar\\\/392b4cc8fbfeb00b39dfeeab4ee6edded39ffd48e25858637e4765810300227e?s=96&d=mm&r=g\",\"caption\":\"Developer\"},\"url\":\"https:\\\/\\\/qtmm.org\\\/qt\\\/author\\\/Developer\\\/\"}]}<\/script>\n<!-- \/ Yoast SEO plugin. -->","yoast_head_json":{"title":"Refat \u00c7ubarov: Camilerni yaqmaq ve Ukraina halq deputat\u0131n\u0131\u00f1 arabas\u0131na \u00fcc\u00fcm etmekni\u00f1 bir maqsad\u0131 bar \u2013 fesat \u00e7\u0131qarmaq - \u041c\u0435\u0434\u0436\u043b\u0456\u0441","robots":{"index":"index","follow":"follow","max-snippet":"max-snippet:-1","max-image-preview":"max-image-preview:large","max-video-preview":"max-video-preview:-1"},"canonical":"https:\/\/qtmm.org\/qt\/refat-cubarov-camilerni-yaqmaq-ve-ukraina-halq-deputatinin-arabasina-ucum-etmeknin-bir-maqsadi-bar-fesat-ciqarmaq\/","og_locale":"en_US","og_type":"article","og_title":"Refat \u00c7ubarov: Camilerni yaqmaq ve Ukraina halq deputat\u0131n\u0131\u00f1 arabas\u0131na \u00fcc\u00fcm etmekni\u00f1 bir maqsad\u0131 bar \u2013 fesat \u00e7\u0131qarmaq - \u041c\u0435\u0434\u0436\u043b\u0456\u0441","og_description":"Meclis reisi Refat \u00c7ubarov Ukraina halq deputat\u0131 Mustafa Cemilevni\u00f1 arabas\u0131na \u00fcc\u00fcm et\u00fcv ve Q\u0131r\u0131m camilerini\u00f1 yaq\u0131lmas\u0131 bir z\u0131nc\u0131rn\u0131\u00f1 alqalar\u0131d\u0131r, dep saya. On\u0131\u00f1 fikrince, bu cinayetlikler Q\u0131r\u0131mda vaziyetni kerginle\u015ftirmek maqsad\u0131nda yap\u0131lmaqta. Bu aqta o k\u00fctleviy&nbsp;matbuat vastalar\u0131na izaatlar\u0131nda&nbsp;bildirdi. Refat \u00c7ubarovn\u0131\u00f1 s\u00f6ylegenine k\u00f6re, q\u0131r\u0131mtatarlar\u0131na ve musulman degerliklerine qar\u015f\u0131 yap\u0131l\u011fan i\u00e7 bir cinayetlikni\u00f1 \u00fcst\u00fc a\u00e7\u0131lmad\u0131. &#8220;Bu cinayetliklerni\u00f1 i\u00e7 birisi [&hellip;]","og_url":"https:\/\/qtmm.org\/qt\/refat-cubarov-camilerni-yaqmaq-ve-ukraina-halq-deputatinin-arabasina-ucum-etmeknin-bir-maqsadi-bar-fesat-ciqarmaq\/","og_site_name":"\u041c\u0435\u0434\u0436\u043b\u0456\u0441","article_publisher":"https:\/\/www.facebook.com\/qtmm.info\/","article_published_time":"2013-11-10T22:03:00+00:00","article_modified_time":"2022-01-25T22:04:45+00:00","author":"Developer","twitter_card":"summary_large_image","twitter_misc":{"Written by":"Developer","Est. reading time":"1 minute"},"schema":{"@context":"https:\/\/schema.org","@graph":[{"@type":"Article","@id":"https:\/\/qtmm.org\/qt\/refat-cubarov-camilerni-yaqmaq-ve-ukraina-halq-deputatinin-arabasina-ucum-etmeknin-bir-maqsadi-bar-fesat-ciqarmaq\/#article","isPartOf":{"@id":"https:\/\/qtmm.org\/qt\/refat-cubarov-camilerni-yaqmaq-ve-ukraina-halq-deputatinin-arabasina-ucum-etmeknin-bir-maqsadi-bar-fesat-ciqarmaq\/"},"author":{"name":"Developer","@id":"https:\/\/qtmm.org\/qt\/#\/schema\/person\/de562469f971dec226ac06e60bbf74a7"},"headline":"Refat \u00c7ubarov: Camilerni yaqmaq ve Ukraina halq deputat\u0131n\u0131\u00f1 arabas\u0131na \u00fcc\u00fcm etmekni\u00f1 bir maqsad\u0131 bar \u2013 fesat \u00e7\u0131qarmaq","datePublished":"2013-11-10T22:03:00+00:00","dateModified":"2022-01-25T22:04:45+00:00","mainEntityOfPage":{"@id":"https:\/\/qtmm.org\/qt\/refat-cubarov-camilerni-yaqmaq-ve-ukraina-halq-deputatinin-arabasina-ucum-etmeknin-bir-maqsadi-bar-fesat-ciqarmaq\/"},"wordCount":275,"commentCount":0,"publisher":{"@id":"https:\/\/qtmm.org\/qt\/#organization"},"articleSection":["Haberler"],"inLanguage":"qt","potentialAction":[{"@type":"CommentAction","name":"Comment","target":["https:\/\/qtmm.org\/qt\/refat-cubarov-camilerni-yaqmaq-ve-ukraina-halq-deputatinin-arabasina-ucum-etmeknin-bir-maqsadi-bar-fesat-ciqarmaq\/#respond"]}]},{"@type":"WebPage","@id":"https:\/\/qtmm.org\/qt\/refat-cubarov-camilerni-yaqmaq-ve-ukraina-halq-deputatinin-arabasina-ucum-etmeknin-bir-maqsadi-bar-fesat-ciqarmaq\/","url":"https:\/\/qtmm.org\/qt\/refat-cubarov-camilerni-yaqmaq-ve-ukraina-halq-deputatinin-arabasina-ucum-etmeknin-bir-maqsadi-bar-fesat-ciqarmaq\/","name":"Refat \u00c7ubarov: Camilerni yaqmaq ve Ukraina halq deputat\u0131n\u0131\u00f1 arabas\u0131na \u00fcc\u00fcm etmekni\u00f1 bir maqsad\u0131 bar \u2013 fesat \u00e7\u0131qarmaq - \u041c\u0435\u0434\u0436\u043b\u0456\u0441","isPartOf":{"@id":"https:\/\/qtmm.org\/qt\/#website"},"datePublished":"2013-11-10T22:03:00+00:00","dateModified":"2022-01-25T22:04:45+00:00","breadcrumb":{"@id":"https:\/\/qtmm.org\/qt\/refat-cubarov-camilerni-yaqmaq-ve-ukraina-halq-deputatinin-arabasina-ucum-etmeknin-bir-maqsadi-bar-fesat-ciqarmaq\/#breadcrumb"},"inLanguage":"qt","potentialAction":[{"@type":"ReadAction","target":["https:\/\/qtmm.org\/qt\/refat-cubarov-camilerni-yaqmaq-ve-ukraina-halq-deputatinin-arabasina-ucum-etmeknin-bir-maqsadi-bar-fesat-ciqarmaq\/"]}]},{"@type":"BreadcrumbList","@id":"https:\/\/qtmm.org\/qt\/refat-cubarov-camilerni-yaqmaq-ve-ukraina-halq-deputatinin-arabasina-ucum-etmeknin-bir-maqsadi-bar-fesat-ciqarmaq\/#breadcrumb","itemListElement":[{"@type":"ListItem","position":1,"name":"\u0413\u043e\u043b\u043e\u0432\u043d\u0430","item":"https:\/\/qtmm.org\/qt\/"},{"@type":"ListItem","position":2,"name":"Refat \u00c7ubarov: Camilerni yaqmaq ve Ukraina halq deputat\u0131n\u0131\u00f1 arabas\u0131na \u00fcc\u00fcm etmekni\u00f1 bir maqsad\u0131 bar \u2013 fesat \u00e7\u0131qarmaq"}]},{"@type":"WebSite","@id":"https:\/\/qtmm.org\/qt\/#website","url":"https:\/\/qtmm.org\/qt\/","name":"\u041c\u0435\u0434\u0436\u043b\u0456\u0441","description":"","publisher":{"@id":"https:\/\/qtmm.org\/qt\/#organization"},"potentialAction":[{"@type":"SearchAction","target":{"@type":"EntryPoint","urlTemplate":"https:\/\/qtmm.org\/qt\/?s={search_term_string}"},"query-input":{"@type":"PropertyValueSpecification","valueRequired":true,"valueName":"search_term_string"}}],"inLanguage":"qt"},{"@type":"Organization","@id":"https:\/\/qtmm.org\/qt\/#organization","name":"\u041c\u0435\u0434\u0436\u043b\u0456\u0441","url":"https:\/\/qtmm.org\/qt\/","logo":{"@type":"ImageObject","inLanguage":"qt","@id":"https:\/\/qtmm.org\/qt\/#\/schema\/logo\/image\/","url":"https:\/\/qtmm.org\/wp-content\/uploads\/2024\/12\/ua-mejlis-logo-rgb.svg","contentUrl":"https:\/\/qtmm.org\/wp-content\/uploads\/2024\/12\/ua-mejlis-logo-rgb.svg","caption":"\u041c\u0435\u0434\u0436\u043b\u0456\u0441"},"image":{"@id":"https:\/\/qtmm.org\/qt\/#\/schema\/logo\/image\/"},"sameAs":["https:\/\/www.facebook.com\/qtmm.info\/"]},{"@type":"Person","@id":"https:\/\/qtmm.org\/qt\/#\/schema\/person\/de562469f971dec226ac06e60bbf74a7","name":"Developer","image":{"@type":"ImageObject","inLanguage":"qt","@id":"https:\/\/secure.gravatar.com\/avatar\/392b4cc8fbfeb00b39dfeeab4ee6edded39ffd48e25858637e4765810300227e?s=96&d=mm&r=g","url":"https:\/\/secure.gravatar.com\/avatar\/392b4cc8fbfeb00b39dfeeab4ee6edded39ffd48e25858637e4765810300227e?s=96&d=mm&r=g","contentUrl":"https:\/\/secure.gravatar.com\/avatar\/392b4cc8fbfeb00b39dfeeab4ee6edded39ffd48e25858637e4765810300227e?s=96&d=mm&r=g","caption":"Developer"},"url":"https:\/\/qtmm.org\/qt\/author\/Developer\/"}]}},"_links":{"self":[{"href":"https:\/\/qtmm.org\/qt\/wp-json\/wp\/v2\/posts\/40309","targetHints":{"allow":["GET"]}}],"collection":[{"href":"https:\/\/qtmm.org\/qt\/wp-json\/wp\/v2\/posts"}],"about":[{"href":"https:\/\/qtmm.org\/qt\/wp-json\/wp\/v2\/types\/post"}],"author":[{"embeddable":true,"href":"https:\/\/qtmm.org\/qt\/wp-json\/wp\/v2\/users\/1"}],"replies":[{"embeddable":true,"href":"https:\/\/qtmm.org\/qt\/wp-json\/wp\/v2\/comments?post=40309"}],"version-history":[{"count":1,"href":"https:\/\/qtmm.org\/qt\/wp-json\/wp\/v2\/posts\/40309\/revisions"}],"predecessor-version":[{"id":40310,"href":"https:\/\/qtmm.org\/qt\/wp-json\/wp\/v2\/posts\/40309\/revisions\/40310"}],"wp:attachment":[{"href":"https:\/\/qtmm.org\/qt\/wp-json\/wp\/v2\/media?parent=40309"}],"wp:term":[{"taxonomy":"category","embeddable":true,"href":"https:\/\/qtmm.org\/qt\/wp-json\/wp\/v2\/categories?post=40309"},{"taxonomy":"post_tag","embeddable":true,"href":"https:\/\/qtmm.org\/qt\/wp-json\/wp\/v2\/tags?post=40309"}],"curies":[{"name":"wp","href":"https:\/\/api.w.org\/{rel}","templated":true}]}}