




{"id":40299,"date":"2013-11-08T01:02:00","date_gmt":"2013-11-07T22:02:00","guid":{"rendered":"http:\/\/qtmm.org\/?p=40299"},"modified":"2022-01-26T01:03:21","modified_gmt":"2022-01-25T22:03:21","slug":"turkiye-tis-isleri-naziri-ahmet-davutoglu-refat-cubarovni-meclis-reisi-vazifesine-saylangani-ile-hayirladi","status":"publish","type":"post","link":"https:\/\/qtmm.org\/qt\/turkiye-tis-isleri-naziri-ahmet-davutoglu-refat-cubarovni-meclis-reisi-vazifesine-saylangani-ile-hayirladi\/","title":{"rendered":"T\u00fcrkiye T\u0131\u015f i\u015fleri naziri Ahmet Davuto\u011flu Refat \u00c7ubarovn\u0131 Meclis reisi vazifesine saylan\u011fan\u0131 ile hay\u0131rlad\u0131"},"content":{"rendered":"\n<p>&#8220;Sizni 2013 senesi okt\u00e2br 26-27 k\u00fcnlerde ol\u0131p ke\u00e7ken Q\u0131r\u0131mtatar halq\u0131 qurultay\u0131nda ol\u011fan saylavlar neticesinde Meclis reisi olaraq se\u00e7ilgeni\u00f1iz ile samimiy hay\u0131rlay\u0131m&#8221;, &#8211; dep yaza \u00f6z resmiy mekt\u00fcbinde T\u00fcrkiye T\u0131\u015f i\u015fleri naziri Ahmet DAVUTO\u011eLU.<\/p>\n\n\n\n<p>\u00d6z mekt\u00fcbinde T\u00fcrkiye T\u0131\u015f i\u015fleri naziri Ahmet DAVUTO\u011eLU \u015fun\u0131 da qayd ete ki, qarda\u015f q\u0131r\u0131mtatar halq\u0131 T\u00fcrkiyeni\u00f1 strategik orta\u011f\u0131 Ukraina ile h\u0131zl\u0131 \u015fekilde inki\u015faf etken munasebetlerinde eki devlet aras\u0131ndaki dostluq ve emekda\u015fl\u0131qn\u0131 pekitken bir temeldir.<\/p>\n\n\n\n<p>&#8220;Bizim e\u00f1 b\u00fcy\u00fck istegimiz qarda\u015f q\u0131r\u0131mtatar halq\u0131n\u0131 \u00f6z aqlar\u0131na iri\u015fken, sotsial ve iqtisadiy saalarda ilerilegen, kendi medeniy \u00f6zg\u00fcnligini saqlap qal\u011fan ve qarda\u015f ukrain halq\u0131nen yan-yana\u015fa ya\u015fa\u011fan mustaqil Ukrainan\u0131\u00f1 tarafdar\u0131 olaraq k\u00f6rmektir.<\/p>\n\n\n\n<p>Ayn\u0131 \u015fu maqsad ile T\u00fcrkiye Cumhuriyeti Ukraina \u00fck\u00fcmetini\u00f1 samimiy vn yarat\u0131c\u0131 areketlerine qoltutacaq, &#8211; dep qayd ete T\u00fcrkiye T\u0131\u015f i\u015fleri naziri.<\/p>\n\n\n\n<p>T\u00fcrkiye T\u0131\u015f i\u015fleri naziri Ahmet DAVUTO\u011eLU Meclis reisi Refat \u00c7ubarov\u011fa ya\u00f1\u0131 vazifede muvafaqiyetler, qarda\u015f q\u0131r\u0131mtatar halq\u0131na ise eyiall\u0131l\u0131q tiledi.<\/p>\n\n\n\n<p>&#8220;Sizge q\u0131r\u0131mtatar halq\u0131n\u0131\u00f1 efsaneviy o\u011flu Mustafa Cemilevden ke\u00e7ken vazifeni munasip eda etecegi\u00f1izge i\u00e7 \u015f\u00fcbem yoqt\u0131r, &#8211; dep yaza T\u00fcrkiye T\u0131\u015f i\u015fleri naziri Ahmet DAVUTO\u011eLU.<\/p>\n\n\n\n<p>Hay\u0131rlavlar\u011fa T\u00fcrkiyeni\u00f1 Odessadaki Ba\u015f konsul\u0131 Nur SAGMAN da qo\u015fuld\u0131<\/p>\n\n\n\n<figure class=\"wp-block-image size-full\"><img loading=\"lazy\" decoding=\"async\" width=\"650\" height=\"783\" src=\"http:\/\/qtmm.org\/wp-content\/uploads\/2022\/01\/ahmet_davutoglu.jpeg\" alt=\"\" class=\"wp-image-40304\" srcset=\"https:\/\/qtmm.org\/wp-content\/uploads\/2022\/01\/ahmet_davutoglu.jpeg 650w, https:\/\/qtmm.org\/wp-content\/uploads\/2022\/01\/ahmet_davutoglu-249x300.jpeg 249w\" sizes=\"auto, (max-width: 650px) 100vw, 650px\" \/><\/figure>\n","protected":false},"excerpt":{"rendered":"<p>&#8220;Sizni 2013 senesi okt\u00e2br 26-27 k\u00fcnlerde ol\u0131p ke\u00e7ken Q\u0131r\u0131mtatar halq\u0131 qurultay\u0131nda ol\u011fan saylavlar neticesinde Meclis reisi olaraq se\u00e7ilgeni\u00f1iz ile samimiy hay\u0131rlay\u0131m&#8221;, &#8211; dep yaza \u00f6z resmiy mekt\u00fcbinde T\u00fcrkiye T\u0131\u015f i\u015fleri naziri Ahmet DAVUTO\u011eLU. \u00d6z mekt\u00fcbinde T\u00fcrkiye T\u0131\u015f i\u015fleri naziri Ahmet DAVUTO\u011eLU \u015fun\u0131 da qayd ete ki, qarda\u015f q\u0131r\u0131mtatar halq\u0131 T\u00fcrkiyeni\u00f1 strategik orta\u011f\u0131 Ukraina ile h\u0131zl\u0131 [&hellip;]<\/p>\n","protected":false},"author":1,"featured_media":40300,"comment_status":"open","ping_status":"open","sticky":false,"template":"","format":"standard","meta":{"inline_featured_image":false,"footnotes":""},"categories":[265],"tags":[],"class_list":["post-40299","post","type-post","status-publish","format-standard","has-post-thumbnail","hentry","category-haberler"],"acf":[],"yoast_head":"<!-- This site is optimized with the Yoast SEO plugin v27.4 - https:\/\/yoast.com\/product\/yoast-seo-wordpress\/ -->\n<title>T\u00fcrkiye T\u0131\u015f i\u015fleri naziri Ahmet Davuto\u011flu Refat \u00c7ubarovn\u0131 Meclis reisi vazifesine saylan\u011fan\u0131 ile hay\u0131rlad\u0131 - \u041c\u0435\u0434\u0436\u043b\u0456\u0441<\/title>\n<meta name=\"robots\" content=\"index, follow, max-snippet:-1, max-image-preview:large, max-video-preview:-1\" \/>\n<link rel=\"canonical\" href=\"https:\/\/qtmm.org\/qt\/turkiye-tis-isleri-naziri-ahmet-davutoglu-refat-cubarovni-meclis-reisi-vazifesine-saylangani-ile-hayirladi\/\" \/>\n<meta property=\"og:locale\" content=\"en_US\" \/>\n<meta property=\"og:type\" content=\"article\" \/>\n<meta property=\"og:title\" content=\"T\u00fcrkiye T\u0131\u015f i\u015fleri naziri Ahmet Davuto\u011flu Refat \u00c7ubarovn\u0131 Meclis reisi vazifesine saylan\u011fan\u0131 ile hay\u0131rlad\u0131 - \u041c\u0435\u0434\u0436\u043b\u0456\u0441\" \/>\n<meta property=\"og:description\" content=\"&#8220;Sizni 2013 senesi okt\u00e2br 26-27 k\u00fcnlerde ol\u0131p ke\u00e7ken Q\u0131r\u0131mtatar halq\u0131 qurultay\u0131nda ol\u011fan saylavlar neticesinde Meclis reisi olaraq se\u00e7ilgeni\u00f1iz ile samimiy hay\u0131rlay\u0131m&#8221;, &#8211; dep yaza \u00f6z resmiy mekt\u00fcbinde T\u00fcrkiye T\u0131\u015f i\u015fleri naziri Ahmet DAVUTO\u011eLU. \u00d6z mekt\u00fcbinde T\u00fcrkiye T\u0131\u015f i\u015fleri naziri Ahmet DAVUTO\u011eLU \u015fun\u0131 da qayd ete ki, qarda\u015f q\u0131r\u0131mtatar halq\u0131 T\u00fcrkiyeni\u00f1 strategik orta\u011f\u0131 Ukraina ile h\u0131zl\u0131 [&hellip;]\" \/>\n<meta property=\"og:url\" content=\"https:\/\/qtmm.org\/qt\/turkiye-tis-isleri-naziri-ahmet-davutoglu-refat-cubarovni-meclis-reisi-vazifesine-saylangani-ile-hayirladi\/\" \/>\n<meta property=\"og:site_name\" content=\"\u041c\u0435\u0434\u0436\u043b\u0456\u0441\" \/>\n<meta property=\"article:publisher\" content=\"https:\/\/www.facebook.com\/qtmm.info\/\" \/>\n<meta property=\"article:published_time\" content=\"2013-11-07T22:02:00+00:00\" \/>\n<meta property=\"article:modified_time\" content=\"2022-01-25T22:03:21+00:00\" \/>\n<meta property=\"og:image\" content=\"https:\/\/qtmm.org\/wp-content\/uploads\/2022\/01\/ahmet_davutoglu_text.jpeg\" \/>\n\t<meta property=\"og:image:width\" content=\"650\" \/>\n\t<meta property=\"og:image:height\" content=\"460\" \/>\n\t<meta property=\"og:image:type\" content=\"image\/jpeg\" \/>\n<meta name=\"author\" content=\"Developer\" \/>\n<meta name=\"twitter:card\" content=\"summary_large_image\" \/>\n<meta name=\"twitter:label1\" content=\"Written by\" \/>\n\t<meta name=\"twitter:data1\" content=\"Developer\" \/>\n\t<meta name=\"twitter:label2\" content=\"Est. reading time\" \/>\n\t<meta name=\"twitter:data2\" content=\"1 minute\" \/>\n<script type=\"application\/ld+json\" class=\"yoast-schema-graph\">{\"@context\":\"https:\\\/\\\/schema.org\",\"@graph\":[{\"@type\":\"Article\",\"@id\":\"https:\\\/\\\/qtmm.org\\\/qt\\\/turkiye-tis-isleri-naziri-ahmet-davutoglu-refat-cubarovni-meclis-reisi-vazifesine-saylangani-ile-hayirladi\\\/#article\",\"isPartOf\":{\"@id\":\"https:\\\/\\\/qtmm.org\\\/qt\\\/turkiye-tis-isleri-naziri-ahmet-davutoglu-refat-cubarovni-meclis-reisi-vazifesine-saylangani-ile-hayirladi\\\/\"},\"author\":{\"name\":\"Developer\",\"@id\":\"https:\\\/\\\/qtmm.org\\\/qt\\\/#\\\/schema\\\/person\\\/de562469f971dec226ac06e60bbf74a7\"},\"headline\":\"T\u00fcrkiye T\u0131\u015f i\u015fleri naziri Ahmet Davuto\u011flu Refat \u00c7ubarovn\u0131 Meclis reisi vazifesine saylan\u011fan\u0131 ile hay\u0131rlad\u0131\",\"datePublished\":\"2013-11-07T22:02:00+00:00\",\"dateModified\":\"2022-01-25T22:03:21+00:00\",\"mainEntityOfPage\":{\"@id\":\"https:\\\/\\\/qtmm.org\\\/qt\\\/turkiye-tis-isleri-naziri-ahmet-davutoglu-refat-cubarovni-meclis-reisi-vazifesine-saylangani-ile-hayirladi\\\/\"},\"wordCount\":260,\"commentCount\":0,\"publisher\":{\"@id\":\"https:\\\/\\\/qtmm.org\\\/qt\\\/#organization\"},\"image\":{\"@id\":\"https:\\\/\\\/qtmm.org\\\/qt\\\/turkiye-tis-isleri-naziri-ahmet-davutoglu-refat-cubarovni-meclis-reisi-vazifesine-saylangani-ile-hayirladi\\\/#primaryimage\"},\"thumbnailUrl\":\"https:\\\/\\\/qtmm.org\\\/wp-content\\\/uploads\\\/2022\\\/01\\\/ahmet_davutoglu_text.jpeg\",\"articleSection\":[\"Haberler\"],\"inLanguage\":\"qt\",\"potentialAction\":[{\"@type\":\"CommentAction\",\"name\":\"Comment\",\"target\":[\"https:\\\/\\\/qtmm.org\\\/qt\\\/turkiye-tis-isleri-naziri-ahmet-davutoglu-refat-cubarovni-meclis-reisi-vazifesine-saylangani-ile-hayirladi\\\/#respond\"]}]},{\"@type\":\"WebPage\",\"@id\":\"https:\\\/\\\/qtmm.org\\\/qt\\\/turkiye-tis-isleri-naziri-ahmet-davutoglu-refat-cubarovni-meclis-reisi-vazifesine-saylangani-ile-hayirladi\\\/\",\"url\":\"https:\\\/\\\/qtmm.org\\\/qt\\\/turkiye-tis-isleri-naziri-ahmet-davutoglu-refat-cubarovni-meclis-reisi-vazifesine-saylangani-ile-hayirladi\\\/\",\"name\":\"T\u00fcrkiye T\u0131\u015f i\u015fleri naziri Ahmet Davuto\u011flu Refat \u00c7ubarovn\u0131 Meclis reisi vazifesine saylan\u011fan\u0131 ile hay\u0131rlad\u0131 - \u041c\u0435\u0434\u0436\u043b\u0456\u0441\",\"isPartOf\":{\"@id\":\"https:\\\/\\\/qtmm.org\\\/qt\\\/#website\"},\"primaryImageOfPage\":{\"@id\":\"https:\\\/\\\/qtmm.org\\\/qt\\\/turkiye-tis-isleri-naziri-ahmet-davutoglu-refat-cubarovni-meclis-reisi-vazifesine-saylangani-ile-hayirladi\\\/#primaryimage\"},\"image\":{\"@id\":\"https:\\\/\\\/qtmm.org\\\/qt\\\/turkiye-tis-isleri-naziri-ahmet-davutoglu-refat-cubarovni-meclis-reisi-vazifesine-saylangani-ile-hayirladi\\\/#primaryimage\"},\"thumbnailUrl\":\"https:\\\/\\\/qtmm.org\\\/wp-content\\\/uploads\\\/2022\\\/01\\\/ahmet_davutoglu_text.jpeg\",\"datePublished\":\"2013-11-07T22:02:00+00:00\",\"dateModified\":\"2022-01-25T22:03:21+00:00\",\"breadcrumb\":{\"@id\":\"https:\\\/\\\/qtmm.org\\\/qt\\\/turkiye-tis-isleri-naziri-ahmet-davutoglu-refat-cubarovni-meclis-reisi-vazifesine-saylangani-ile-hayirladi\\\/#breadcrumb\"},\"inLanguage\":\"qt\",\"potentialAction\":[{\"@type\":\"ReadAction\",\"target\":[\"https:\\\/\\\/qtmm.org\\\/qt\\\/turkiye-tis-isleri-naziri-ahmet-davutoglu-refat-cubarovni-meclis-reisi-vazifesine-saylangani-ile-hayirladi\\\/\"]}]},{\"@type\":\"ImageObject\",\"inLanguage\":\"qt\",\"@id\":\"https:\\\/\\\/qtmm.org\\\/qt\\\/turkiye-tis-isleri-naziri-ahmet-davutoglu-refat-cubarovni-meclis-reisi-vazifesine-saylangani-ile-hayirladi\\\/#primaryimage\",\"url\":\"https:\\\/\\\/qtmm.org\\\/wp-content\\\/uploads\\\/2022\\\/01\\\/ahmet_davutoglu_text.jpeg\",\"contentUrl\":\"https:\\\/\\\/qtmm.org\\\/wp-content\\\/uploads\\\/2022\\\/01\\\/ahmet_davutoglu_text.jpeg\",\"width\":650,\"height\":460},{\"@type\":\"BreadcrumbList\",\"@id\":\"https:\\\/\\\/qtmm.org\\\/qt\\\/turkiye-tis-isleri-naziri-ahmet-davutoglu-refat-cubarovni-meclis-reisi-vazifesine-saylangani-ile-hayirladi\\\/#breadcrumb\",\"itemListElement\":[{\"@type\":\"ListItem\",\"position\":1,\"name\":\"\u0413\u043e\u043b\u043e\u0432\u043d\u0430\",\"item\":\"https:\\\/\\\/qtmm.org\\\/qt\\\/\"},{\"@type\":\"ListItem\",\"position\":2,\"name\":\"T\u00fcrkiye T\u0131\u015f i\u015fleri naziri Ahmet Davuto\u011flu Refat \u00c7ubarovn\u0131 Meclis reisi vazifesine saylan\u011fan\u0131 ile hay\u0131rlad\u0131\"}]},{\"@type\":\"WebSite\",\"@id\":\"https:\\\/\\\/qtmm.org\\\/qt\\\/#website\",\"url\":\"https:\\\/\\\/qtmm.org\\\/qt\\\/\",\"name\":\"\u041c\u0435\u0434\u0436\u043b\u0456\u0441\",\"description\":\"\",\"publisher\":{\"@id\":\"https:\\\/\\\/qtmm.org\\\/qt\\\/#organization\"},\"potentialAction\":[{\"@type\":\"SearchAction\",\"target\":{\"@type\":\"EntryPoint\",\"urlTemplate\":\"https:\\\/\\\/qtmm.org\\\/qt\\\/?s={search_term_string}\"},\"query-input\":{\"@type\":\"PropertyValueSpecification\",\"valueRequired\":true,\"valueName\":\"search_term_string\"}}],\"inLanguage\":\"qt\"},{\"@type\":\"Organization\",\"@id\":\"https:\\\/\\\/qtmm.org\\\/qt\\\/#organization\",\"name\":\"\u041c\u0435\u0434\u0436\u043b\u0456\u0441\",\"url\":\"https:\\\/\\\/qtmm.org\\\/qt\\\/\",\"logo\":{\"@type\":\"ImageObject\",\"inLanguage\":\"qt\",\"@id\":\"https:\\\/\\\/qtmm.org\\\/qt\\\/#\\\/schema\\\/logo\\\/image\\\/\",\"url\":\"https:\\\/\\\/qtmm.org\\\/wp-content\\\/uploads\\\/2024\\\/12\\\/ua-mejlis-logo-rgb.svg\",\"contentUrl\":\"https:\\\/\\\/qtmm.org\\\/wp-content\\\/uploads\\\/2024\\\/12\\\/ua-mejlis-logo-rgb.svg\",\"caption\":\"\u041c\u0435\u0434\u0436\u043b\u0456\u0441\"},\"image\":{\"@id\":\"https:\\\/\\\/qtmm.org\\\/qt\\\/#\\\/schema\\\/logo\\\/image\\\/\"},\"sameAs\":[\"https:\\\/\\\/www.facebook.com\\\/qtmm.info\\\/\"]},{\"@type\":\"Person\",\"@id\":\"https:\\\/\\\/qtmm.org\\\/qt\\\/#\\\/schema\\\/person\\\/de562469f971dec226ac06e60bbf74a7\",\"name\":\"Developer\",\"image\":{\"@type\":\"ImageObject\",\"inLanguage\":\"qt\",\"@id\":\"https:\\\/\\\/secure.gravatar.com\\\/avatar\\\/392b4cc8fbfeb00b39dfeeab4ee6edded39ffd48e25858637e4765810300227e?s=96&d=mm&r=g\",\"url\":\"https:\\\/\\\/secure.gravatar.com\\\/avatar\\\/392b4cc8fbfeb00b39dfeeab4ee6edded39ffd48e25858637e4765810300227e?s=96&d=mm&r=g\",\"contentUrl\":\"https:\\\/\\\/secure.gravatar.com\\\/avatar\\\/392b4cc8fbfeb00b39dfeeab4ee6edded39ffd48e25858637e4765810300227e?s=96&d=mm&r=g\",\"caption\":\"Developer\"},\"url\":\"https:\\\/\\\/qtmm.org\\\/qt\\\/author\\\/Developer\\\/\"}]}<\/script>\n<!-- \/ Yoast SEO plugin. -->","yoast_head_json":{"title":"T\u00fcrkiye T\u0131\u015f i\u015fleri naziri Ahmet Davuto\u011flu Refat \u00c7ubarovn\u0131 Meclis reisi vazifesine saylan\u011fan\u0131 ile hay\u0131rlad\u0131 - \u041c\u0435\u0434\u0436\u043b\u0456\u0441","robots":{"index":"index","follow":"follow","max-snippet":"max-snippet:-1","max-image-preview":"max-image-preview:large","max-video-preview":"max-video-preview:-1"},"canonical":"https:\/\/qtmm.org\/qt\/turkiye-tis-isleri-naziri-ahmet-davutoglu-refat-cubarovni-meclis-reisi-vazifesine-saylangani-ile-hayirladi\/","og_locale":"en_US","og_type":"article","og_title":"T\u00fcrkiye T\u0131\u015f i\u015fleri naziri Ahmet Davuto\u011flu Refat \u00c7ubarovn\u0131 Meclis reisi vazifesine saylan\u011fan\u0131 ile hay\u0131rlad\u0131 - \u041c\u0435\u0434\u0436\u043b\u0456\u0441","og_description":"&#8220;Sizni 2013 senesi okt\u00e2br 26-27 k\u00fcnlerde ol\u0131p ke\u00e7ken Q\u0131r\u0131mtatar halq\u0131 qurultay\u0131nda ol\u011fan saylavlar neticesinde Meclis reisi olaraq se\u00e7ilgeni\u00f1iz ile samimiy hay\u0131rlay\u0131m&#8221;, &#8211; dep yaza \u00f6z resmiy mekt\u00fcbinde T\u00fcrkiye T\u0131\u015f i\u015fleri naziri Ahmet DAVUTO\u011eLU. \u00d6z mekt\u00fcbinde T\u00fcrkiye T\u0131\u015f i\u015fleri naziri Ahmet DAVUTO\u011eLU \u015fun\u0131 da qayd ete ki, qarda\u015f q\u0131r\u0131mtatar halq\u0131 T\u00fcrkiyeni\u00f1 strategik orta\u011f\u0131 Ukraina ile h\u0131zl\u0131 [&hellip;]","og_url":"https:\/\/qtmm.org\/qt\/turkiye-tis-isleri-naziri-ahmet-davutoglu-refat-cubarovni-meclis-reisi-vazifesine-saylangani-ile-hayirladi\/","og_site_name":"\u041c\u0435\u0434\u0436\u043b\u0456\u0441","article_publisher":"https:\/\/www.facebook.com\/qtmm.info\/","article_published_time":"2013-11-07T22:02:00+00:00","article_modified_time":"2022-01-25T22:03:21+00:00","og_image":[{"width":650,"height":460,"url":"https:\/\/qtmm.org\/wp-content\/uploads\/2022\/01\/ahmet_davutoglu_text.jpeg","type":"image\/jpeg"}],"author":"Developer","twitter_card":"summary_large_image","twitter_misc":{"Written by":"Developer","Est. reading time":"1 minute"},"schema":{"@context":"https:\/\/schema.org","@graph":[{"@type":"Article","@id":"https:\/\/qtmm.org\/qt\/turkiye-tis-isleri-naziri-ahmet-davutoglu-refat-cubarovni-meclis-reisi-vazifesine-saylangani-ile-hayirladi\/#article","isPartOf":{"@id":"https:\/\/qtmm.org\/qt\/turkiye-tis-isleri-naziri-ahmet-davutoglu-refat-cubarovni-meclis-reisi-vazifesine-saylangani-ile-hayirladi\/"},"author":{"name":"Developer","@id":"https:\/\/qtmm.org\/qt\/#\/schema\/person\/de562469f971dec226ac06e60bbf74a7"},"headline":"T\u00fcrkiye T\u0131\u015f i\u015fleri naziri Ahmet Davuto\u011flu Refat \u00c7ubarovn\u0131 Meclis reisi vazifesine saylan\u011fan\u0131 ile hay\u0131rlad\u0131","datePublished":"2013-11-07T22:02:00+00:00","dateModified":"2022-01-25T22:03:21+00:00","mainEntityOfPage":{"@id":"https:\/\/qtmm.org\/qt\/turkiye-tis-isleri-naziri-ahmet-davutoglu-refat-cubarovni-meclis-reisi-vazifesine-saylangani-ile-hayirladi\/"},"wordCount":260,"commentCount":0,"publisher":{"@id":"https:\/\/qtmm.org\/qt\/#organization"},"image":{"@id":"https:\/\/qtmm.org\/qt\/turkiye-tis-isleri-naziri-ahmet-davutoglu-refat-cubarovni-meclis-reisi-vazifesine-saylangani-ile-hayirladi\/#primaryimage"},"thumbnailUrl":"https:\/\/qtmm.org\/wp-content\/uploads\/2022\/01\/ahmet_davutoglu_text.jpeg","articleSection":["Haberler"],"inLanguage":"qt","potentialAction":[{"@type":"CommentAction","name":"Comment","target":["https:\/\/qtmm.org\/qt\/turkiye-tis-isleri-naziri-ahmet-davutoglu-refat-cubarovni-meclis-reisi-vazifesine-saylangani-ile-hayirladi\/#respond"]}]},{"@type":"WebPage","@id":"https:\/\/qtmm.org\/qt\/turkiye-tis-isleri-naziri-ahmet-davutoglu-refat-cubarovni-meclis-reisi-vazifesine-saylangani-ile-hayirladi\/","url":"https:\/\/qtmm.org\/qt\/turkiye-tis-isleri-naziri-ahmet-davutoglu-refat-cubarovni-meclis-reisi-vazifesine-saylangani-ile-hayirladi\/","name":"T\u00fcrkiye T\u0131\u015f i\u015fleri naziri Ahmet Davuto\u011flu Refat \u00c7ubarovn\u0131 Meclis reisi vazifesine saylan\u011fan\u0131 ile hay\u0131rlad\u0131 - \u041c\u0435\u0434\u0436\u043b\u0456\u0441","isPartOf":{"@id":"https:\/\/qtmm.org\/qt\/#website"},"primaryImageOfPage":{"@id":"https:\/\/qtmm.org\/qt\/turkiye-tis-isleri-naziri-ahmet-davutoglu-refat-cubarovni-meclis-reisi-vazifesine-saylangani-ile-hayirladi\/#primaryimage"},"image":{"@id":"https:\/\/qtmm.org\/qt\/turkiye-tis-isleri-naziri-ahmet-davutoglu-refat-cubarovni-meclis-reisi-vazifesine-saylangani-ile-hayirladi\/#primaryimage"},"thumbnailUrl":"https:\/\/qtmm.org\/wp-content\/uploads\/2022\/01\/ahmet_davutoglu_text.jpeg","datePublished":"2013-11-07T22:02:00+00:00","dateModified":"2022-01-25T22:03:21+00:00","breadcrumb":{"@id":"https:\/\/qtmm.org\/qt\/turkiye-tis-isleri-naziri-ahmet-davutoglu-refat-cubarovni-meclis-reisi-vazifesine-saylangani-ile-hayirladi\/#breadcrumb"},"inLanguage":"qt","potentialAction":[{"@type":"ReadAction","target":["https:\/\/qtmm.org\/qt\/turkiye-tis-isleri-naziri-ahmet-davutoglu-refat-cubarovni-meclis-reisi-vazifesine-saylangani-ile-hayirladi\/"]}]},{"@type":"ImageObject","inLanguage":"qt","@id":"https:\/\/qtmm.org\/qt\/turkiye-tis-isleri-naziri-ahmet-davutoglu-refat-cubarovni-meclis-reisi-vazifesine-saylangani-ile-hayirladi\/#primaryimage","url":"https:\/\/qtmm.org\/wp-content\/uploads\/2022\/01\/ahmet_davutoglu_text.jpeg","contentUrl":"https:\/\/qtmm.org\/wp-content\/uploads\/2022\/01\/ahmet_davutoglu_text.jpeg","width":650,"height":460},{"@type":"BreadcrumbList","@id":"https:\/\/qtmm.org\/qt\/turkiye-tis-isleri-naziri-ahmet-davutoglu-refat-cubarovni-meclis-reisi-vazifesine-saylangani-ile-hayirladi\/#breadcrumb","itemListElement":[{"@type":"ListItem","position":1,"name":"\u0413\u043e\u043b\u043e\u0432\u043d\u0430","item":"https:\/\/qtmm.org\/qt\/"},{"@type":"ListItem","position":2,"name":"T\u00fcrkiye T\u0131\u015f i\u015fleri naziri Ahmet Davuto\u011flu Refat \u00c7ubarovn\u0131 Meclis reisi vazifesine saylan\u011fan\u0131 ile hay\u0131rlad\u0131"}]},{"@type":"WebSite","@id":"https:\/\/qtmm.org\/qt\/#website","url":"https:\/\/qtmm.org\/qt\/","name":"\u041c\u0435\u0434\u0436\u043b\u0456\u0441","description":"","publisher":{"@id":"https:\/\/qtmm.org\/qt\/#organization"},"potentialAction":[{"@type":"SearchAction","target":{"@type":"EntryPoint","urlTemplate":"https:\/\/qtmm.org\/qt\/?s={search_term_string}"},"query-input":{"@type":"PropertyValueSpecification","valueRequired":true,"valueName":"search_term_string"}}],"inLanguage":"qt"},{"@type":"Organization","@id":"https:\/\/qtmm.org\/qt\/#organization","name":"\u041c\u0435\u0434\u0436\u043b\u0456\u0441","url":"https:\/\/qtmm.org\/qt\/","logo":{"@type":"ImageObject","inLanguage":"qt","@id":"https:\/\/qtmm.org\/qt\/#\/schema\/logo\/image\/","url":"https:\/\/qtmm.org\/wp-content\/uploads\/2024\/12\/ua-mejlis-logo-rgb.svg","contentUrl":"https:\/\/qtmm.org\/wp-content\/uploads\/2024\/12\/ua-mejlis-logo-rgb.svg","caption":"\u041c\u0435\u0434\u0436\u043b\u0456\u0441"},"image":{"@id":"https:\/\/qtmm.org\/qt\/#\/schema\/logo\/image\/"},"sameAs":["https:\/\/www.facebook.com\/qtmm.info\/"]},{"@type":"Person","@id":"https:\/\/qtmm.org\/qt\/#\/schema\/person\/de562469f971dec226ac06e60bbf74a7","name":"Developer","image":{"@type":"ImageObject","inLanguage":"qt","@id":"https:\/\/secure.gravatar.com\/avatar\/392b4cc8fbfeb00b39dfeeab4ee6edded39ffd48e25858637e4765810300227e?s=96&d=mm&r=g","url":"https:\/\/secure.gravatar.com\/avatar\/392b4cc8fbfeb00b39dfeeab4ee6edded39ffd48e25858637e4765810300227e?s=96&d=mm&r=g","contentUrl":"https:\/\/secure.gravatar.com\/avatar\/392b4cc8fbfeb00b39dfeeab4ee6edded39ffd48e25858637e4765810300227e?s=96&d=mm&r=g","caption":"Developer"},"url":"https:\/\/qtmm.org\/qt\/author\/Developer\/"}]}},"_links":{"self":[{"href":"https:\/\/qtmm.org\/qt\/wp-json\/wp\/v2\/posts\/40299","targetHints":{"allow":["GET"]}}],"collection":[{"href":"https:\/\/qtmm.org\/qt\/wp-json\/wp\/v2\/posts"}],"about":[{"href":"https:\/\/qtmm.org\/qt\/wp-json\/wp\/v2\/types\/post"}],"author":[{"embeddable":true,"href":"https:\/\/qtmm.org\/qt\/wp-json\/wp\/v2\/users\/1"}],"replies":[{"embeddable":true,"href":"https:\/\/qtmm.org\/qt\/wp-json\/wp\/v2\/comments?post=40299"}],"version-history":[{"count":1,"href":"https:\/\/qtmm.org\/qt\/wp-json\/wp\/v2\/posts\/40299\/revisions"}],"predecessor-version":[{"id":40308,"href":"https:\/\/qtmm.org\/qt\/wp-json\/wp\/v2\/posts\/40299\/revisions\/40308"}],"wp:featuredmedia":[{"embeddable":true,"href":"https:\/\/qtmm.org\/qt\/wp-json\/wp\/v2\/media\/40300"}],"wp:attachment":[{"href":"https:\/\/qtmm.org\/qt\/wp-json\/wp\/v2\/media?parent=40299"}],"wp:term":[{"taxonomy":"category","embeddable":true,"href":"https:\/\/qtmm.org\/qt\/wp-json\/wp\/v2\/categories?post=40299"},{"taxonomy":"post_tag","embeddable":true,"href":"https:\/\/qtmm.org\/qt\/wp-json\/wp\/v2\/tags?post=40299"}],"curies":[{"name":"wp","href":"https:\/\/api.w.org\/{rel}","templated":true}]}}