




{"id":40285,"date":"2013-11-08T01:00:00","date_gmt":"2013-11-07T22:00:00","guid":{"rendered":"http:\/\/qtmm.org\/?p=40285"},"modified":"2022-01-26T01:02:07","modified_gmt":"2022-01-25T22:02:07","slug":"niderland-ukumeti-qirimtatar-meselesine-diqqat-ayirmaqni-devam-etmek-meraminda","status":"publish","type":"post","link":"https:\/\/qtmm.org\/qt\/niderland-ukumeti-qirimtatar-meselesine-diqqat-ayirmaqni-devam-etmek-meraminda\/","title":{"rendered":"Niderland \u00fck\u00fcmeti q\u0131r\u0131mtatar meselesine diqqat ay\u0131rmaqn\u0131 devam etmek meram\u0131nda"},"content":{"rendered":"\n<p>2013 senesii noyabr 8 k\u00fcn\u00fc Milliy Meclis reisi Refat \u00c7UBAROV Niderlandn\u0131\u00f1 Ukrainadaki El\u00e7iligini\u00f1 1-nci k\u00e2tibi Marisiya PEHA\u00c7EK ile k\u00f6r\u00fc\u015fti. K\u00f6r\u00fc\u015f\u00fcvde bun\u0131\u00f1 kibi de Meclisni\u00f1 t\u0131\u015f al\u00e2qalar b\u00f6l\u00fcgini\u00f1 ba\u015f\u0131 Ali Hamzin ve K\u00e2tibiyetni\u00f1 ba\u015f\u0131 Dil\u00e2ver Akiyev i\u015ftirak ettiler.<\/p>\n\n\n\n<p>Bu, Peha\u00e7ek han\u0131mn\u0131\u00f1 Niderlandn\u0131\u00f1 Ukrainadaki El\u00e7iligini\u00f1 1-nci k\u00e2tibi s\u0131fat\u0131nda birinci i\u015f ziyaretidir. O, Refat \u00c7ubarovn\u0131 Meclis reisi vazifesine saylan\u011fan\u0131 ile hay\u0131rlap, on\u0131\u00f1 \u00e7oqy\u0131ll\u0131q professional tecribesi k\u00f6z \u00f6g\u00fcne al\u0131n\u011fan\u0131 alda i\u015fan\u0131l\u011fan vazifeni muvafaqiyetli eda etecegine eminlik bildirdi.<\/p>\n\n\n\n<p>&#8220;Niderland \u00fck\u00fcmeti q\u0131r\u0131mtatarlarn\u0131\u00f1 \u00f6z Vatan\u0131na qayt\u0131p ba\u015fla\u011fan ilk k\u00fcnlerinden q\u0131r\u0131mtatarlarn\u0131\u00f1 aqlar\u0131 tiklenilmesi ve yerle\u015ftirilmesine ayr\u0131ca emiyet bergen \u00fck\u00fcmetlerden biridir&#8221;, &#8211; dedi Meclis reisi Peha\u00e7ek han\u0131m ile subet vaqt\u0131nda.<\/p>\n\n\n\n<p>Refat \u00c7ubarov bun\u0131\u00f1 kibi de Peha\u00e7ek han\u0131m y\u00fcz\u00fcnde Niderland \u00fck\u00fcmetine Q\u0131r\u0131mda amelge ke\u00e7irilgen bir s\u0131ra leyhalar, \u015fu c\u00fcmleden bug\u00fcnde-bug\u00fcn \u0130smail Gasprinskiy k\u00fct\u00fcphanesi yerle\u015fken Ru\u015fdiye medresesini\u00f1 rekonstruktsiyas\u0131 i\u00e7\u00fcn minnetdarl\u0131q bildirdi. Meclis ba\u015fqan\u0131 R.\u00c7ubarov \u015fun\u0131 da qayd etti ki, Meclis yolba\u015f\u00e7\u0131lar\u0131 Niderlandn\u0131\u00f1 Ukrainadaki El\u00e7isini Kiyevde noyabr 21-de el\u00e7ihanelerni\u00f1 reberleri ve Ukrainada akkreditatsiya etilgen halqara te\u015fkil\u00e2t yolba\u015f\u00e7\u0131lar\u0131nen olacaq er y\u0131ll\u0131q \u00fc\u00e7\u00fcnci k\u00f6r\u00fc\u015f\u00fcvde k\u00f6rmekten \u015feref duyacaqlar.<\/p>\n\n\n\n<p>Taraflar bun\u0131\u00f1 kibi Q\u0131r\u0131mda a\u011f\u0131mdaki vaziyetni muzakere etip, q\u0131r\u0131mtatar halq\u0131 problemlerini\u00f1 \u00e7ezil\u00fcv keti\u015fat\u0131, ilerideki ortaql\u0131q meselelerine de toqund\u0131lar. Q\u0131r\u0131mtatarlarn\u0131\u00f1 aqlar\u0131n\u0131 tiklev boyunca halqara forum ke\u00e7irmek istiqbali, Niderland \u00fck\u00fcmetinen muntazam ve faal i\u015fbirlik meselesi ayr\u0131ca baq\u0131ld\u0131.<\/p>\n\n\n\n<figure class=\"wp-block-image size-full\"><img loading=\"lazy\" decoding=\"async\" width=\"650\" height=\"349\" src=\"http:\/\/qtmm.org\/wp-content\/uploads\/2022\/01\/photo_3_3.jpeg\" alt=\"\" class=\"wp-image-40290\" srcset=\"https:\/\/qtmm.org\/wp-content\/uploads\/2022\/01\/photo_3_3.jpeg 650w, https:\/\/qtmm.org\/wp-content\/uploads\/2022\/01\/photo_3_3-300x161.jpeg 300w\" sizes=\"auto, (max-width: 650px) 100vw, 650px\" \/><\/figure>\n\n\n\n<p>Bu munasebetnen Meclis reisi Refat \u00c7ubarov\u011fa q\u0131r\u0131mtatar halq\u0131 problemlerni\u00f1 \u00e7ezimi meselesi aqq\u0131nda Niderland T\u0131\u015f i\u015fleri naziri Frans Timmermans ile qonu\u015fmaq teklif etildi. Nazir Kiyevde dekabr 5-6 k\u00fcnleriUkraina reisliginde ke\u00e7irilecek \u00d6S\u0421E nazirler sammitinde i\u015ftirak etecek.&nbsp;<\/p>\n\n\n\n<p>&#8220;Planla\u015ft\u0131r\u0131l\u011fan bu sammitni\u00f1 k\u00fcn tertibinde milliy azl\u0131qlarn\u0131\u00f1 meselesi m\u0131tlaqa qoyulacaq, &#8211; dedi Niderlandn\u0131\u00f1 Ukrainadaki El\u00e7iligini\u00f1 1-nci k\u00e2tibi Marisiya PEHA\u00c7EK. \u2013 Eminim ki, Niderland T\u0131\u015f i\u015fleri naziri, \u00f6z vaqt\u0131nda Avropa i\u015fleri nazirini\u00f1 muavini ol\u011fanda milliy azl\u0131qlarn\u0131\u00f1 meselelerinen o\u011fra\u015fqan ve q\u0131r\u0131mtatar problemine ayr\u0131ca diqqat bergen Frans Timmermans ile k\u00f6r\u00fc\u015f\u00fcvni\u00f1 Halqara forum ke\u00e7irilmesi i\u00e7\u00fcn pek faydal\u0131 olur&#8221;<\/p>\n\n\n\n<p>Bundan da \u011fayr\u0131 Niderlandn\u0131\u00f1 Ukrainadaki El\u00e7iligini\u00f1 1-nci k\u00e2tibi Marisiya PEHA\u00c7EKni\u00f1 s\u00f6ylegenine k\u00f6re Niderland \u00fck\u00fcmeti Q\u0131r\u0131mdaki vaziyetni diqqatnen k\u00f6zete ve \u00d6S\u0421E Aliy komissar\u0131n\u0131\u00f1 ofisinen daimiy dialogda bulunmaqta.<\/p>\n\n\n\n<p>&#8220;Biz Knut Vollebek ofisi taraf\u0131ndan az\u0131rlan\u011fan &#8220;Q\u0131r\u0131mda, Ukrainada evel s\u00fcrg\u00fcn etilgenlerni\u00f1 qat\u0131luv\u0131&#8221; esabatn\u0131 tafsil\u00e2tl\u0131 \u00f6grenip \u00e7\u0131qt\u0131q, &#8211; devam etti Peha\u00e7ek han\u0131m. \u2013 ve 2014 senesi Q\u0131r\u0131mtatar halq\u0131n\u0131\u00f1 aqlar\u0131n\u0131 \u011fayr\u0131dan tiklev boyunca halqara forum ke\u00e7irilmesi zarurl\u0131\u011f\u0131n\u0131 k\u00f6remiz&#8221;.<\/p>\n\n\n\n<p>K\u00f6r\u00fc\u015f\u00fcvni\u00f1 so\u00f1unda taraflar birlikteki emekda\u015fl\u0131qn\u0131 keni\u015fletmekni devam etmege a\u00f1la\u015ft\u0131lar. Niderlandn\u0131\u00f1 Ukrainadaki El\u00e7iligini\u00f1 1-nci k\u00e2tibi Marisiya PEHA\u00c7EKni\u00f1 aytqan\u0131na k\u00f6re Niderland \u00fck\u00fcmeti q\u0131r\u0131mtatar problemine diqqat ay\u0131rmaqn\u0131 devam etmek meram\u0131nda. Refat \u00c7ubarov bun\u0131\u00f1 kibi de Peha\u00e7ek han\u0131m y\u00fcz\u00fcnde Niderland \u00fck\u00fcmetine Q\u0131r\u0131mda amelge ke\u00e7irilgen bir s\u0131ra leyhalar, \u015fu c\u00fcmleden bug\u00fcnde-bug\u00fcn \u0130smail Gasprinskiy k\u00fct\u00fcphanesi yerle\u015fken Ru\u015fdiye medresesini\u00f1 rekonstruktsiyas\u0131 i\u00e7\u00fcn minnetdarl\u0131q bildird.<\/p>\n\n\n\n<figure class=\"wp-block-image size-full\"><img loading=\"lazy\" decoding=\"async\" width=\"800\" height=\"600\" src=\"http:\/\/qtmm.org\/wp-content\/uploads\/2022\/01\/img_2427.jpeg\" alt=\"\" class=\"wp-image-40294\" srcset=\"https:\/\/qtmm.org\/wp-content\/uploads\/2022\/01\/img_2427.jpeg 800w, https:\/\/qtmm.org\/wp-content\/uploads\/2022\/01\/img_2427-300x225.jpeg 300w, https:\/\/qtmm.org\/wp-content\/uploads\/2022\/01\/img_2427-768x576.jpeg 768w\" sizes=\"auto, (max-width: 800px) 100vw, 800px\" \/><\/figure>\n","protected":false},"excerpt":{"rendered":"<p>2013 senesii noyabr 8 k\u00fcn\u00fc Milliy Meclis reisi Refat \u00c7UBAROV Niderlandn\u0131\u00f1 Ukrainadaki El\u00e7iligini\u00f1 1-nci k\u00e2tibi Marisiya PEHA\u00c7EK ile k\u00f6r\u00fc\u015fti. K\u00f6r\u00fc\u015f\u00fcvde bun\u0131\u00f1 kibi de Meclisni\u00f1 t\u0131\u015f al\u00e2qalar b\u00f6l\u00fcgini\u00f1 ba\u015f\u0131 Ali Hamzin ve K\u00e2tibiyetni\u00f1 ba\u015f\u0131 Dil\u00e2ver Akiyev i\u015ftirak ettiler. Bu, Peha\u00e7ek han\u0131mn\u0131\u00f1 Niderlandn\u0131\u00f1 Ukrainadaki El\u00e7iligini\u00f1 1-nci k\u00e2tibi s\u0131fat\u0131nda birinci i\u015f ziyaretidir. O, Refat \u00c7ubarovn\u0131 Meclis reisi vazifesine [&hellip;]<\/p>\n","protected":false},"author":1,"featured_media":40286,"comment_status":"open","ping_status":"open","sticky":false,"template":"","format":"standard","meta":{"inline_featured_image":false,"footnotes":""},"categories":[265],"tags":[],"class_list":["post-40285","post","type-post","status-publish","format-standard","has-post-thumbnail","hentry","category-haberler"],"acf":[],"yoast_head":"<!-- This site is optimized with the Yoast SEO plugin v27.4 - https:\/\/yoast.com\/product\/yoast-seo-wordpress\/ -->\n<title>Niderland \u00fck\u00fcmeti q\u0131r\u0131mtatar meselesine diqqat ay\u0131rmaqn\u0131 devam etmek meram\u0131nda - \u041c\u0435\u0434\u0436\u043b\u0456\u0441<\/title>\n<meta name=\"robots\" content=\"index, follow, max-snippet:-1, max-image-preview:large, max-video-preview:-1\" \/>\n<link rel=\"canonical\" href=\"https:\/\/qtmm.org\/qt\/niderland-ukumeti-qirimtatar-meselesine-diqqat-ayirmaqni-devam-etmek-meraminda\/\" \/>\n<meta property=\"og:locale\" content=\"en_US\" \/>\n<meta property=\"og:type\" content=\"article\" \/>\n<meta property=\"og:title\" content=\"Niderland \u00fck\u00fcmeti q\u0131r\u0131mtatar meselesine diqqat ay\u0131rmaqn\u0131 devam etmek meram\u0131nda - \u041c\u0435\u0434\u0436\u043b\u0456\u0441\" \/>\n<meta property=\"og:description\" content=\"2013 senesii noyabr 8 k\u00fcn\u00fc Milliy Meclis reisi Refat \u00c7UBAROV Niderlandn\u0131\u00f1 Ukrainadaki El\u00e7iligini\u00f1 1-nci k\u00e2tibi Marisiya PEHA\u00c7EK ile k\u00f6r\u00fc\u015fti. K\u00f6r\u00fc\u015f\u00fcvde bun\u0131\u00f1 kibi de Meclisni\u00f1 t\u0131\u015f al\u00e2qalar b\u00f6l\u00fcgini\u00f1 ba\u015f\u0131 Ali Hamzin ve K\u00e2tibiyetni\u00f1 ba\u015f\u0131 Dil\u00e2ver Akiyev i\u015ftirak ettiler. Bu, Peha\u00e7ek han\u0131mn\u0131\u00f1 Niderlandn\u0131\u00f1 Ukrainadaki El\u00e7iligini\u00f1 1-nci k\u00e2tibi s\u0131fat\u0131nda birinci i\u015f ziyaretidir. O, Refat \u00c7ubarovn\u0131 Meclis reisi vazifesine [&hellip;]\" \/>\n<meta property=\"og:url\" content=\"https:\/\/qtmm.org\/qt\/niderland-ukumeti-qirimtatar-meselesine-diqqat-ayirmaqni-devam-etmek-meraminda\/\" \/>\n<meta property=\"og:site_name\" content=\"\u041c\u0435\u0434\u0436\u043b\u0456\u0441\" \/>\n<meta property=\"article:publisher\" content=\"https:\/\/www.facebook.com\/qtmm.info\/\" \/>\n<meta property=\"article:published_time\" content=\"2013-11-07T22:00:00+00:00\" \/>\n<meta property=\"article:modified_time\" content=\"2022-01-25T22:02:07+00:00\" \/>\n<meta property=\"og:image\" content=\"https:\/\/qtmm.org\/wp-content\/uploads\/2022\/01\/img_2425.jpeg\" \/>\n\t<meta property=\"og:image:width\" content=\"800\" \/>\n\t<meta property=\"og:image:height\" content=\"600\" \/>\n\t<meta property=\"og:image:type\" content=\"image\/jpeg\" \/>\n<meta name=\"author\" content=\"Developer\" \/>\n<meta name=\"twitter:card\" content=\"summary_large_image\" \/>\n<meta name=\"twitter:label1\" content=\"Written by\" \/>\n\t<meta name=\"twitter:data1\" content=\"Developer\" \/>\n\t<meta name=\"twitter:label2\" content=\"Est. reading time\" \/>\n\t<meta name=\"twitter:data2\" content=\"3 minutes\" \/>\n<script type=\"application\/ld+json\" class=\"yoast-schema-graph\">{\"@context\":\"https:\\\/\\\/schema.org\",\"@graph\":[{\"@type\":\"Article\",\"@id\":\"https:\\\/\\\/qtmm.org\\\/qt\\\/niderland-ukumeti-qirimtatar-meselesine-diqqat-ayirmaqni-devam-etmek-meraminda\\\/#article\",\"isPartOf\":{\"@id\":\"https:\\\/\\\/qtmm.org\\\/qt\\\/niderland-ukumeti-qirimtatar-meselesine-diqqat-ayirmaqni-devam-etmek-meraminda\\\/\"},\"author\":{\"name\":\"Developer\",\"@id\":\"https:\\\/\\\/qtmm.org\\\/qt\\\/#\\\/schema\\\/person\\\/de562469f971dec226ac06e60bbf74a7\"},\"headline\":\"Niderland \u00fck\u00fcmeti q\u0131r\u0131mtatar meselesine diqqat ay\u0131rmaqn\u0131 devam etmek meram\u0131nda\",\"datePublished\":\"2013-11-07T22:00:00+00:00\",\"dateModified\":\"2022-01-25T22:02:07+00:00\",\"mainEntityOfPage\":{\"@id\":\"https:\\\/\\\/qtmm.org\\\/qt\\\/niderland-ukumeti-qirimtatar-meselesine-diqqat-ayirmaqni-devam-etmek-meraminda\\\/\"},\"wordCount\":673,\"commentCount\":0,\"publisher\":{\"@id\":\"https:\\\/\\\/qtmm.org\\\/qt\\\/#organization\"},\"image\":{\"@id\":\"https:\\\/\\\/qtmm.org\\\/qt\\\/niderland-ukumeti-qirimtatar-meselesine-diqqat-ayirmaqni-devam-etmek-meraminda\\\/#primaryimage\"},\"thumbnailUrl\":\"https:\\\/\\\/qtmm.org\\\/wp-content\\\/uploads\\\/2022\\\/01\\\/img_2425.jpeg\",\"articleSection\":[\"Haberler\"],\"inLanguage\":\"qt\",\"potentialAction\":[{\"@type\":\"CommentAction\",\"name\":\"Comment\",\"target\":[\"https:\\\/\\\/qtmm.org\\\/qt\\\/niderland-ukumeti-qirimtatar-meselesine-diqqat-ayirmaqni-devam-etmek-meraminda\\\/#respond\"]}]},{\"@type\":\"WebPage\",\"@id\":\"https:\\\/\\\/qtmm.org\\\/qt\\\/niderland-ukumeti-qirimtatar-meselesine-diqqat-ayirmaqni-devam-etmek-meraminda\\\/\",\"url\":\"https:\\\/\\\/qtmm.org\\\/qt\\\/niderland-ukumeti-qirimtatar-meselesine-diqqat-ayirmaqni-devam-etmek-meraminda\\\/\",\"name\":\"Niderland \u00fck\u00fcmeti q\u0131r\u0131mtatar meselesine diqqat ay\u0131rmaqn\u0131 devam etmek meram\u0131nda - \u041c\u0435\u0434\u0436\u043b\u0456\u0441\",\"isPartOf\":{\"@id\":\"https:\\\/\\\/qtmm.org\\\/qt\\\/#website\"},\"primaryImageOfPage\":{\"@id\":\"https:\\\/\\\/qtmm.org\\\/qt\\\/niderland-ukumeti-qirimtatar-meselesine-diqqat-ayirmaqni-devam-etmek-meraminda\\\/#primaryimage\"},\"image\":{\"@id\":\"https:\\\/\\\/qtmm.org\\\/qt\\\/niderland-ukumeti-qirimtatar-meselesine-diqqat-ayirmaqni-devam-etmek-meraminda\\\/#primaryimage\"},\"thumbnailUrl\":\"https:\\\/\\\/qtmm.org\\\/wp-content\\\/uploads\\\/2022\\\/01\\\/img_2425.jpeg\",\"datePublished\":\"2013-11-07T22:00:00+00:00\",\"dateModified\":\"2022-01-25T22:02:07+00:00\",\"breadcrumb\":{\"@id\":\"https:\\\/\\\/qtmm.org\\\/qt\\\/niderland-ukumeti-qirimtatar-meselesine-diqqat-ayirmaqni-devam-etmek-meraminda\\\/#breadcrumb\"},\"inLanguage\":\"qt\",\"potentialAction\":[{\"@type\":\"ReadAction\",\"target\":[\"https:\\\/\\\/qtmm.org\\\/qt\\\/niderland-ukumeti-qirimtatar-meselesine-diqqat-ayirmaqni-devam-etmek-meraminda\\\/\"]}]},{\"@type\":\"ImageObject\",\"inLanguage\":\"qt\",\"@id\":\"https:\\\/\\\/qtmm.org\\\/qt\\\/niderland-ukumeti-qirimtatar-meselesine-diqqat-ayirmaqni-devam-etmek-meraminda\\\/#primaryimage\",\"url\":\"https:\\\/\\\/qtmm.org\\\/wp-content\\\/uploads\\\/2022\\\/01\\\/img_2425.jpeg\",\"contentUrl\":\"https:\\\/\\\/qtmm.org\\\/wp-content\\\/uploads\\\/2022\\\/01\\\/img_2425.jpeg\",\"width\":800,\"height\":600},{\"@type\":\"BreadcrumbList\",\"@id\":\"https:\\\/\\\/qtmm.org\\\/qt\\\/niderland-ukumeti-qirimtatar-meselesine-diqqat-ayirmaqni-devam-etmek-meraminda\\\/#breadcrumb\",\"itemListElement\":[{\"@type\":\"ListItem\",\"position\":1,\"name\":\"\u0413\u043e\u043b\u043e\u0432\u043d\u0430\",\"item\":\"https:\\\/\\\/qtmm.org\\\/qt\\\/\"},{\"@type\":\"ListItem\",\"position\":2,\"name\":\"Niderland \u00fck\u00fcmeti q\u0131r\u0131mtatar meselesine diqqat ay\u0131rmaqn\u0131 devam etmek meram\u0131nda\"}]},{\"@type\":\"WebSite\",\"@id\":\"https:\\\/\\\/qtmm.org\\\/qt\\\/#website\",\"url\":\"https:\\\/\\\/qtmm.org\\\/qt\\\/\",\"name\":\"\u041c\u0435\u0434\u0436\u043b\u0456\u0441\",\"description\":\"\",\"publisher\":{\"@id\":\"https:\\\/\\\/qtmm.org\\\/qt\\\/#organization\"},\"potentialAction\":[{\"@type\":\"SearchAction\",\"target\":{\"@type\":\"EntryPoint\",\"urlTemplate\":\"https:\\\/\\\/qtmm.org\\\/qt\\\/?s={search_term_string}\"},\"query-input\":{\"@type\":\"PropertyValueSpecification\",\"valueRequired\":true,\"valueName\":\"search_term_string\"}}],\"inLanguage\":\"qt\"},{\"@type\":\"Organization\",\"@id\":\"https:\\\/\\\/qtmm.org\\\/qt\\\/#organization\",\"name\":\"\u041c\u0435\u0434\u0436\u043b\u0456\u0441\",\"url\":\"https:\\\/\\\/qtmm.org\\\/qt\\\/\",\"logo\":{\"@type\":\"ImageObject\",\"inLanguage\":\"qt\",\"@id\":\"https:\\\/\\\/qtmm.org\\\/qt\\\/#\\\/schema\\\/logo\\\/image\\\/\",\"url\":\"https:\\\/\\\/qtmm.org\\\/wp-content\\\/uploads\\\/2024\\\/12\\\/ua-mejlis-logo-rgb.svg\",\"contentUrl\":\"https:\\\/\\\/qtmm.org\\\/wp-content\\\/uploads\\\/2024\\\/12\\\/ua-mejlis-logo-rgb.svg\",\"caption\":\"\u041c\u0435\u0434\u0436\u043b\u0456\u0441\"},\"image\":{\"@id\":\"https:\\\/\\\/qtmm.org\\\/qt\\\/#\\\/schema\\\/logo\\\/image\\\/\"},\"sameAs\":[\"https:\\\/\\\/www.facebook.com\\\/qtmm.info\\\/\"]},{\"@type\":\"Person\",\"@id\":\"https:\\\/\\\/qtmm.org\\\/qt\\\/#\\\/schema\\\/person\\\/de562469f971dec226ac06e60bbf74a7\",\"name\":\"Developer\",\"image\":{\"@type\":\"ImageObject\",\"inLanguage\":\"qt\",\"@id\":\"https:\\\/\\\/secure.gravatar.com\\\/avatar\\\/392b4cc8fbfeb00b39dfeeab4ee6edded39ffd48e25858637e4765810300227e?s=96&d=mm&r=g\",\"url\":\"https:\\\/\\\/secure.gravatar.com\\\/avatar\\\/392b4cc8fbfeb00b39dfeeab4ee6edded39ffd48e25858637e4765810300227e?s=96&d=mm&r=g\",\"contentUrl\":\"https:\\\/\\\/secure.gravatar.com\\\/avatar\\\/392b4cc8fbfeb00b39dfeeab4ee6edded39ffd48e25858637e4765810300227e?s=96&d=mm&r=g\",\"caption\":\"Developer\"},\"url\":\"https:\\\/\\\/qtmm.org\\\/qt\\\/author\\\/Developer\\\/\"}]}<\/script>\n<!-- \/ Yoast SEO plugin. -->","yoast_head_json":{"title":"Niderland \u00fck\u00fcmeti q\u0131r\u0131mtatar meselesine diqqat ay\u0131rmaqn\u0131 devam etmek meram\u0131nda - \u041c\u0435\u0434\u0436\u043b\u0456\u0441","robots":{"index":"index","follow":"follow","max-snippet":"max-snippet:-1","max-image-preview":"max-image-preview:large","max-video-preview":"max-video-preview:-1"},"canonical":"https:\/\/qtmm.org\/qt\/niderland-ukumeti-qirimtatar-meselesine-diqqat-ayirmaqni-devam-etmek-meraminda\/","og_locale":"en_US","og_type":"article","og_title":"Niderland \u00fck\u00fcmeti q\u0131r\u0131mtatar meselesine diqqat ay\u0131rmaqn\u0131 devam etmek meram\u0131nda - \u041c\u0435\u0434\u0436\u043b\u0456\u0441","og_description":"2013 senesii noyabr 8 k\u00fcn\u00fc Milliy Meclis reisi Refat \u00c7UBAROV Niderlandn\u0131\u00f1 Ukrainadaki El\u00e7iligini\u00f1 1-nci k\u00e2tibi Marisiya PEHA\u00c7EK ile k\u00f6r\u00fc\u015fti. K\u00f6r\u00fc\u015f\u00fcvde bun\u0131\u00f1 kibi de Meclisni\u00f1 t\u0131\u015f al\u00e2qalar b\u00f6l\u00fcgini\u00f1 ba\u015f\u0131 Ali Hamzin ve K\u00e2tibiyetni\u00f1 ba\u015f\u0131 Dil\u00e2ver Akiyev i\u015ftirak ettiler. Bu, Peha\u00e7ek han\u0131mn\u0131\u00f1 Niderlandn\u0131\u00f1 Ukrainadaki El\u00e7iligini\u00f1 1-nci k\u00e2tibi s\u0131fat\u0131nda birinci i\u015f ziyaretidir. O, Refat \u00c7ubarovn\u0131 Meclis reisi vazifesine [&hellip;]","og_url":"https:\/\/qtmm.org\/qt\/niderland-ukumeti-qirimtatar-meselesine-diqqat-ayirmaqni-devam-etmek-meraminda\/","og_site_name":"\u041c\u0435\u0434\u0436\u043b\u0456\u0441","article_publisher":"https:\/\/www.facebook.com\/qtmm.info\/","article_published_time":"2013-11-07T22:00:00+00:00","article_modified_time":"2022-01-25T22:02:07+00:00","og_image":[{"width":800,"height":600,"url":"https:\/\/qtmm.org\/wp-content\/uploads\/2022\/01\/img_2425.jpeg","type":"image\/jpeg"}],"author":"Developer","twitter_card":"summary_large_image","twitter_misc":{"Written by":"Developer","Est. reading time":"3 minutes"},"schema":{"@context":"https:\/\/schema.org","@graph":[{"@type":"Article","@id":"https:\/\/qtmm.org\/qt\/niderland-ukumeti-qirimtatar-meselesine-diqqat-ayirmaqni-devam-etmek-meraminda\/#article","isPartOf":{"@id":"https:\/\/qtmm.org\/qt\/niderland-ukumeti-qirimtatar-meselesine-diqqat-ayirmaqni-devam-etmek-meraminda\/"},"author":{"name":"Developer","@id":"https:\/\/qtmm.org\/qt\/#\/schema\/person\/de562469f971dec226ac06e60bbf74a7"},"headline":"Niderland \u00fck\u00fcmeti q\u0131r\u0131mtatar meselesine diqqat ay\u0131rmaqn\u0131 devam etmek meram\u0131nda","datePublished":"2013-11-07T22:00:00+00:00","dateModified":"2022-01-25T22:02:07+00:00","mainEntityOfPage":{"@id":"https:\/\/qtmm.org\/qt\/niderland-ukumeti-qirimtatar-meselesine-diqqat-ayirmaqni-devam-etmek-meraminda\/"},"wordCount":673,"commentCount":0,"publisher":{"@id":"https:\/\/qtmm.org\/qt\/#organization"},"image":{"@id":"https:\/\/qtmm.org\/qt\/niderland-ukumeti-qirimtatar-meselesine-diqqat-ayirmaqni-devam-etmek-meraminda\/#primaryimage"},"thumbnailUrl":"https:\/\/qtmm.org\/wp-content\/uploads\/2022\/01\/img_2425.jpeg","articleSection":["Haberler"],"inLanguage":"qt","potentialAction":[{"@type":"CommentAction","name":"Comment","target":["https:\/\/qtmm.org\/qt\/niderland-ukumeti-qirimtatar-meselesine-diqqat-ayirmaqni-devam-etmek-meraminda\/#respond"]}]},{"@type":"WebPage","@id":"https:\/\/qtmm.org\/qt\/niderland-ukumeti-qirimtatar-meselesine-diqqat-ayirmaqni-devam-etmek-meraminda\/","url":"https:\/\/qtmm.org\/qt\/niderland-ukumeti-qirimtatar-meselesine-diqqat-ayirmaqni-devam-etmek-meraminda\/","name":"Niderland \u00fck\u00fcmeti q\u0131r\u0131mtatar meselesine diqqat ay\u0131rmaqn\u0131 devam etmek meram\u0131nda - \u041c\u0435\u0434\u0436\u043b\u0456\u0441","isPartOf":{"@id":"https:\/\/qtmm.org\/qt\/#website"},"primaryImageOfPage":{"@id":"https:\/\/qtmm.org\/qt\/niderland-ukumeti-qirimtatar-meselesine-diqqat-ayirmaqni-devam-etmek-meraminda\/#primaryimage"},"image":{"@id":"https:\/\/qtmm.org\/qt\/niderland-ukumeti-qirimtatar-meselesine-diqqat-ayirmaqni-devam-etmek-meraminda\/#primaryimage"},"thumbnailUrl":"https:\/\/qtmm.org\/wp-content\/uploads\/2022\/01\/img_2425.jpeg","datePublished":"2013-11-07T22:00:00+00:00","dateModified":"2022-01-25T22:02:07+00:00","breadcrumb":{"@id":"https:\/\/qtmm.org\/qt\/niderland-ukumeti-qirimtatar-meselesine-diqqat-ayirmaqni-devam-etmek-meraminda\/#breadcrumb"},"inLanguage":"qt","potentialAction":[{"@type":"ReadAction","target":["https:\/\/qtmm.org\/qt\/niderland-ukumeti-qirimtatar-meselesine-diqqat-ayirmaqni-devam-etmek-meraminda\/"]}]},{"@type":"ImageObject","inLanguage":"qt","@id":"https:\/\/qtmm.org\/qt\/niderland-ukumeti-qirimtatar-meselesine-diqqat-ayirmaqni-devam-etmek-meraminda\/#primaryimage","url":"https:\/\/qtmm.org\/wp-content\/uploads\/2022\/01\/img_2425.jpeg","contentUrl":"https:\/\/qtmm.org\/wp-content\/uploads\/2022\/01\/img_2425.jpeg","width":800,"height":600},{"@type":"BreadcrumbList","@id":"https:\/\/qtmm.org\/qt\/niderland-ukumeti-qirimtatar-meselesine-diqqat-ayirmaqni-devam-etmek-meraminda\/#breadcrumb","itemListElement":[{"@type":"ListItem","position":1,"name":"\u0413\u043e\u043b\u043e\u0432\u043d\u0430","item":"https:\/\/qtmm.org\/qt\/"},{"@type":"ListItem","position":2,"name":"Niderland \u00fck\u00fcmeti q\u0131r\u0131mtatar meselesine diqqat ay\u0131rmaqn\u0131 devam etmek meram\u0131nda"}]},{"@type":"WebSite","@id":"https:\/\/qtmm.org\/qt\/#website","url":"https:\/\/qtmm.org\/qt\/","name":"\u041c\u0435\u0434\u0436\u043b\u0456\u0441","description":"","publisher":{"@id":"https:\/\/qtmm.org\/qt\/#organization"},"potentialAction":[{"@type":"SearchAction","target":{"@type":"EntryPoint","urlTemplate":"https:\/\/qtmm.org\/qt\/?s={search_term_string}"},"query-input":{"@type":"PropertyValueSpecification","valueRequired":true,"valueName":"search_term_string"}}],"inLanguage":"qt"},{"@type":"Organization","@id":"https:\/\/qtmm.org\/qt\/#organization","name":"\u041c\u0435\u0434\u0436\u043b\u0456\u0441","url":"https:\/\/qtmm.org\/qt\/","logo":{"@type":"ImageObject","inLanguage":"qt","@id":"https:\/\/qtmm.org\/qt\/#\/schema\/logo\/image\/","url":"https:\/\/qtmm.org\/wp-content\/uploads\/2024\/12\/ua-mejlis-logo-rgb.svg","contentUrl":"https:\/\/qtmm.org\/wp-content\/uploads\/2024\/12\/ua-mejlis-logo-rgb.svg","caption":"\u041c\u0435\u0434\u0436\u043b\u0456\u0441"},"image":{"@id":"https:\/\/qtmm.org\/qt\/#\/schema\/logo\/image\/"},"sameAs":["https:\/\/www.facebook.com\/qtmm.info\/"]},{"@type":"Person","@id":"https:\/\/qtmm.org\/qt\/#\/schema\/person\/de562469f971dec226ac06e60bbf74a7","name":"Developer","image":{"@type":"ImageObject","inLanguage":"qt","@id":"https:\/\/secure.gravatar.com\/avatar\/392b4cc8fbfeb00b39dfeeab4ee6edded39ffd48e25858637e4765810300227e?s=96&d=mm&r=g","url":"https:\/\/secure.gravatar.com\/avatar\/392b4cc8fbfeb00b39dfeeab4ee6edded39ffd48e25858637e4765810300227e?s=96&d=mm&r=g","contentUrl":"https:\/\/secure.gravatar.com\/avatar\/392b4cc8fbfeb00b39dfeeab4ee6edded39ffd48e25858637e4765810300227e?s=96&d=mm&r=g","caption":"Developer"},"url":"https:\/\/qtmm.org\/qt\/author\/Developer\/"}]}},"_links":{"self":[{"href":"https:\/\/qtmm.org\/qt\/wp-json\/wp\/v2\/posts\/40285","targetHints":{"allow":["GET"]}}],"collection":[{"href":"https:\/\/qtmm.org\/qt\/wp-json\/wp\/v2\/posts"}],"about":[{"href":"https:\/\/qtmm.org\/qt\/wp-json\/wp\/v2\/types\/post"}],"author":[{"embeddable":true,"href":"https:\/\/qtmm.org\/qt\/wp-json\/wp\/v2\/users\/1"}],"replies":[{"embeddable":true,"href":"https:\/\/qtmm.org\/qt\/wp-json\/wp\/v2\/comments?post=40285"}],"version-history":[{"count":1,"href":"https:\/\/qtmm.org\/qt\/wp-json\/wp\/v2\/posts\/40285\/revisions"}],"predecessor-version":[{"id":40298,"href":"https:\/\/qtmm.org\/qt\/wp-json\/wp\/v2\/posts\/40285\/revisions\/40298"}],"wp:featuredmedia":[{"embeddable":true,"href":"https:\/\/qtmm.org\/qt\/wp-json\/wp\/v2\/media\/40286"}],"wp:attachment":[{"href":"https:\/\/qtmm.org\/qt\/wp-json\/wp\/v2\/media?parent=40285"}],"wp:term":[{"taxonomy":"category","embeddable":true,"href":"https:\/\/qtmm.org\/qt\/wp-json\/wp\/v2\/categories?post=40285"},{"taxonomy":"post_tag","embeddable":true,"href":"https:\/\/qtmm.org\/qt\/wp-json\/wp\/v2\/tags?post=40285"}],"curies":[{"name":"wp","href":"https:\/\/api.w.org\/{rel}","templated":true}]}}