




{"id":40269,"date":"2013-11-08T00:58:00","date_gmt":"2013-11-07T21:58:00","guid":{"rendered":"http:\/\/qtmm.org\/?p=40269"},"modified":"2022-01-26T00:59:38","modified_gmt":"2022-01-25T21:59:38","slug":"osse-milliy-azliqlarnin-meseleleri-boyunca-aliy-komissar-astrid-tors-refat-cubarovni-meclis-reisi-vazifesine-saylangani-ile-hayirladi","status":"publish","type":"post","link":"https:\/\/qtmm.org\/qt\/osse-milliy-azliqlarnin-meseleleri-boyunca-aliy-komissar-astrid-tors-refat-cubarovni-meclis-reisi-vazifesine-saylangani-ile-hayirladi\/","title":{"rendered":"OSSE milliy azl\u0131qlarn\u0131\u00f1 meseleleri boyunca aliy komissar Astrid TORS Refat \u00c7ubarovn\u0131 Meclis reisi vazifesine saylan\u011fan\u0131 ile hay\u0131rlad\u0131"},"content":{"rendered":"\n<p>&#8220;Say\u011f\u0131l\u0131 cenap \u00c7ubarov, Siz Q\u0131r\u0131mtatar halq\u0131 meclisini\u00f1 reisi olaraq saylan\u011fan\u0131\u00f1\u0131znen samimiy hay\u0131rlaym\u0131z, &#8211; dep yaza \u00f6z mekt\u00fcbinde\u00a0 OSSE milliy azl\u0131qlarn\u0131\u00f1 meseleleri boyunca aliy komissar Astrid TORS. Liderni de\u00f1i\u015ftir\u00fcv kibi tarihiy vaqia m\u00fcrekkep bir devirde old\u0131&#8221;.<\/p>\n\n\n\n<figure class=\"wp-block-image size-full\"><img loading=\"lazy\" decoding=\"async\" width=\"650\" height=\"422\" src=\"http:\/\/qtmm.org\/wp-content\/uploads\/2022\/01\/thors_and_chubarov_to_text.jpeg\" alt=\"\" class=\"wp-image-40270\" srcset=\"https:\/\/qtmm.org\/wp-content\/uploads\/2022\/01\/thors_and_chubarov_to_text.jpeg 650w, https:\/\/qtmm.org\/wp-content\/uploads\/2022\/01\/thors_and_chubarov_to_text-300x195.jpeg 300w\" sizes=\"auto, (max-width: 650px) 100vw, 650px\" \/><\/figure>\n\n\n\n<p>Meclis reisi R. \u00c7ubarov ad\u0131na yaz\u011fan mekt\u00fcbinde Aliy komissar \u015fun\u0131 da haber ete ki, bir qa\u00e7 afta evelsi eki cami yaq\u0131nla\u011fan\u0131 aqq\u0131ndaki haberni b\u00fcy\u00fck keder ile qabul eti. &#8220;Men \u00fck\u00fcmetni bu adiselerni qaralamaq ve qabaatl\u0131larn\u0131 olduq\u00e7a tez tapmaga \u00e7a\u011f\u0131rd\u0131m, &#8211; dep qayd ete Tors han\u0131m. \u2013 Men Meclisni\u00f1 bu fesatqa berilmemek, Q\u0131r\u0131mdaki vaziyetni kerginle\u015ftirebilecek er angi ad\u0131mdan vazge\u00e7mek qarar\u0131n\u0131 maqulleyim. \u015eu munasebetnen Sizi\u00f1 Q\u0131r\u0131m akimlerinen dialog qurma\u011fa az\u0131rl\u0131\u011f\u0131\u00f1\u0131zn\u0131 taqdir etem&#8221;.<\/p>\n\n\n\n<p>Aliy komissar Astrid Tors s\u00f6ylegenine k\u00f6re o, e\u00f1 yaq\u0131n zamanda &#8220;Q\u0131r\u0131mda s\u00fcrg\u00fcn eilgenlerni\u00f1 qat\u0131luv\u0131&#8221; maruzas\u0131 ile ba\u011fl\u0131 areketlerni muzakere etmek maqsad\u0131nda&nbsp; Aqmescitni ziyaret etecek. Maruzan\u0131&nbsp; evelki aliy komissar Knut Vollebek derc etti.<\/p>\n\n\n\n<p>OSSE milliy azl\u0131qlarn\u0131\u00f1 meseleleri boyunca aliy komissar Astrid TORS\u00a0 Meclis reisi Refat \u00c7ubarov\u011fa muvafaqiyet tilep, Meclisni\u00f1 ya\u00f1\u0131 reisinen birlikte semereli \u00e7al\u0131\u015faca\u011f\u0131na\u00a0 \u00fcm\u00fct bildirdi.<\/p>\n\n\n\n<figure class=\"wp-block-image size-full\"><img loading=\"lazy\" decoding=\"async\" width=\"650\" height=\"1015\" src=\"http:\/\/qtmm.org\/wp-content\/uploads\/2022\/01\/obse.jpeg\" alt=\"\" class=\"wp-image-40274\" srcset=\"https:\/\/qtmm.org\/wp-content\/uploads\/2022\/01\/obse.jpeg 650w, https:\/\/qtmm.org\/wp-content\/uploads\/2022\/01\/obse-192x300.jpeg 192w\" sizes=\"auto, (max-width: 650px) 100vw, 650px\" \/><\/figure>\n","protected":false},"excerpt":{"rendered":"<p>&#8220;Say\u011f\u0131l\u0131 cenap \u00c7ubarov, Siz Q\u0131r\u0131mtatar halq\u0131 meclisini\u00f1 reisi olaraq saylan\u011fan\u0131\u00f1\u0131znen samimiy hay\u0131rlaym\u0131z, &#8211; dep yaza \u00f6z mekt\u00fcbinde\u00a0 OSSE milliy azl\u0131qlarn\u0131\u00f1 meseleleri boyunca aliy komissar Astrid TORS. Liderni de\u00f1i\u015ftir\u00fcv kibi tarihiy vaqia m\u00fcrekkep bir devirde old\u0131&#8221;. Meclis reisi R. \u00c7ubarov ad\u0131na yaz\u011fan mekt\u00fcbinde Aliy komissar \u015fun\u0131 da haber ete ki, bir qa\u00e7 afta evelsi eki cami [&hellip;]<\/p>\n","protected":false},"author":1,"featured_media":0,"comment_status":"open","ping_status":"open","sticky":false,"template":"","format":"standard","meta":{"inline_featured_image":false,"footnotes":""},"categories":[265],"tags":[],"class_list":["post-40269","post","type-post","status-publish","format-standard","hentry","category-haberler"],"acf":[],"yoast_head":"<!-- This site is optimized with the Yoast SEO plugin v27.4 - https:\/\/yoast.com\/product\/yoast-seo-wordpress\/ -->\n<title>OSSE milliy azl\u0131qlarn\u0131\u00f1 meseleleri boyunca aliy komissar Astrid TORS Refat \u00c7ubarovn\u0131 Meclis reisi vazifesine saylan\u011fan\u0131 ile hay\u0131rlad\u0131 - \u041c\u0435\u0434\u0436\u043b\u0456\u0441<\/title>\n<meta name=\"robots\" content=\"index, follow, max-snippet:-1, max-image-preview:large, max-video-preview:-1\" \/>\n<link rel=\"canonical\" href=\"https:\/\/qtmm.org\/qt\/osse-milliy-azliqlarnin-meseleleri-boyunca-aliy-komissar-astrid-tors-refat-cubarovni-meclis-reisi-vazifesine-saylangani-ile-hayirladi\/\" \/>\n<meta property=\"og:locale\" content=\"en_US\" \/>\n<meta property=\"og:type\" content=\"article\" \/>\n<meta property=\"og:title\" content=\"OSSE milliy azl\u0131qlarn\u0131\u00f1 meseleleri boyunca aliy komissar Astrid TORS Refat \u00c7ubarovn\u0131 Meclis reisi vazifesine saylan\u011fan\u0131 ile hay\u0131rlad\u0131 - \u041c\u0435\u0434\u0436\u043b\u0456\u0441\" \/>\n<meta property=\"og:description\" content=\"&#8220;Say\u011f\u0131l\u0131 cenap \u00c7ubarov, Siz Q\u0131r\u0131mtatar halq\u0131 meclisini\u00f1 reisi olaraq saylan\u011fan\u0131\u00f1\u0131znen samimiy hay\u0131rlaym\u0131z, &#8211; dep yaza \u00f6z mekt\u00fcbinde\u00a0 OSSE milliy azl\u0131qlarn\u0131\u00f1 meseleleri boyunca aliy komissar Astrid TORS. Liderni de\u00f1i\u015ftir\u00fcv kibi tarihiy vaqia m\u00fcrekkep bir devirde old\u0131&#8221;. Meclis reisi R. \u00c7ubarov ad\u0131na yaz\u011fan mekt\u00fcbinde Aliy komissar \u015fun\u0131 da haber ete ki, bir qa\u00e7 afta evelsi eki cami [&hellip;]\" \/>\n<meta property=\"og:url\" content=\"https:\/\/qtmm.org\/qt\/osse-milliy-azliqlarnin-meseleleri-boyunca-aliy-komissar-astrid-tors-refat-cubarovni-meclis-reisi-vazifesine-saylangani-ile-hayirladi\/\" \/>\n<meta property=\"og:site_name\" content=\"\u041c\u0435\u0434\u0436\u043b\u0456\u0441\" \/>\n<meta property=\"article:publisher\" content=\"https:\/\/www.facebook.com\/qtmm.info\/\" \/>\n<meta property=\"article:published_time\" content=\"2013-11-07T21:58:00+00:00\" \/>\n<meta property=\"article:modified_time\" content=\"2022-01-25T21:59:38+00:00\" \/>\n<meta property=\"og:image\" content=\"https:\/\/qtmm.org\/wp-content\/uploads\/2022\/01\/thors_and_chubarov_to_text.jpeg\" \/>\n\t<meta property=\"og:image:width\" content=\"650\" \/>\n\t<meta property=\"og:image:height\" content=\"422\" \/>\n\t<meta property=\"og:image:type\" content=\"image\/jpeg\" \/>\n<meta name=\"author\" content=\"Developer\" \/>\n<meta name=\"twitter:card\" content=\"summary_large_image\" \/>\n<meta name=\"twitter:label1\" content=\"Written by\" \/>\n\t<meta name=\"twitter:data1\" content=\"Developer\" \/>\n\t<meta name=\"twitter:label2\" content=\"Est. reading time\" \/>\n\t<meta name=\"twitter:data2\" content=\"1 minute\" \/>\n<script type=\"application\/ld+json\" class=\"yoast-schema-graph\">{\"@context\":\"https:\\\/\\\/schema.org\",\"@graph\":[{\"@type\":\"Article\",\"@id\":\"https:\\\/\\\/qtmm.org\\\/qt\\\/osse-milliy-azliqlarnin-meseleleri-boyunca-aliy-komissar-astrid-tors-refat-cubarovni-meclis-reisi-vazifesine-saylangani-ile-hayirladi\\\/#article\",\"isPartOf\":{\"@id\":\"https:\\\/\\\/qtmm.org\\\/qt\\\/osse-milliy-azliqlarnin-meseleleri-boyunca-aliy-komissar-astrid-tors-refat-cubarovni-meclis-reisi-vazifesine-saylangani-ile-hayirladi\\\/\"},\"author\":{\"name\":\"Developer\",\"@id\":\"https:\\\/\\\/qtmm.org\\\/qt\\\/#\\\/schema\\\/person\\\/de562469f971dec226ac06e60bbf74a7\"},\"headline\":\"OSSE milliy azl\u0131qlarn\u0131\u00f1 meseleleri boyunca aliy komissar Astrid TORS Refat \u00c7ubarovn\u0131 Meclis reisi vazifesine saylan\u011fan\u0131 ile hay\u0131rlad\u0131\",\"datePublished\":\"2013-11-07T21:58:00+00:00\",\"dateModified\":\"2022-01-25T21:59:38+00:00\",\"mainEntityOfPage\":{\"@id\":\"https:\\\/\\\/qtmm.org\\\/qt\\\/osse-milliy-azliqlarnin-meseleleri-boyunca-aliy-komissar-astrid-tors-refat-cubarovni-meclis-reisi-vazifesine-saylangani-ile-hayirladi\\\/\"},\"wordCount\":234,\"commentCount\":0,\"publisher\":{\"@id\":\"https:\\\/\\\/qtmm.org\\\/qt\\\/#organization\"},\"image\":{\"@id\":\"https:\\\/\\\/qtmm.org\\\/qt\\\/osse-milliy-azliqlarnin-meseleleri-boyunca-aliy-komissar-astrid-tors-refat-cubarovni-meclis-reisi-vazifesine-saylangani-ile-hayirladi\\\/#primaryimage\"},\"thumbnailUrl\":\"http:\\\/\\\/qtmm.org\\\/wp-content\\\/uploads\\\/2022\\\/01\\\/thors_and_chubarov_to_text.jpeg\",\"articleSection\":[\"Haberler\"],\"inLanguage\":\"qt\",\"potentialAction\":[{\"@type\":\"CommentAction\",\"name\":\"Comment\",\"target\":[\"https:\\\/\\\/qtmm.org\\\/qt\\\/osse-milliy-azliqlarnin-meseleleri-boyunca-aliy-komissar-astrid-tors-refat-cubarovni-meclis-reisi-vazifesine-saylangani-ile-hayirladi\\\/#respond\"]}]},{\"@type\":\"WebPage\",\"@id\":\"https:\\\/\\\/qtmm.org\\\/qt\\\/osse-milliy-azliqlarnin-meseleleri-boyunca-aliy-komissar-astrid-tors-refat-cubarovni-meclis-reisi-vazifesine-saylangani-ile-hayirladi\\\/\",\"url\":\"https:\\\/\\\/qtmm.org\\\/qt\\\/osse-milliy-azliqlarnin-meseleleri-boyunca-aliy-komissar-astrid-tors-refat-cubarovni-meclis-reisi-vazifesine-saylangani-ile-hayirladi\\\/\",\"name\":\"OSSE milliy azl\u0131qlarn\u0131\u00f1 meseleleri boyunca aliy komissar Astrid TORS Refat \u00c7ubarovn\u0131 Meclis reisi vazifesine saylan\u011fan\u0131 ile hay\u0131rlad\u0131 - \u041c\u0435\u0434\u0436\u043b\u0456\u0441\",\"isPartOf\":{\"@id\":\"https:\\\/\\\/qtmm.org\\\/qt\\\/#website\"},\"primaryImageOfPage\":{\"@id\":\"https:\\\/\\\/qtmm.org\\\/qt\\\/osse-milliy-azliqlarnin-meseleleri-boyunca-aliy-komissar-astrid-tors-refat-cubarovni-meclis-reisi-vazifesine-saylangani-ile-hayirladi\\\/#primaryimage\"},\"image\":{\"@id\":\"https:\\\/\\\/qtmm.org\\\/qt\\\/osse-milliy-azliqlarnin-meseleleri-boyunca-aliy-komissar-astrid-tors-refat-cubarovni-meclis-reisi-vazifesine-saylangani-ile-hayirladi\\\/#primaryimage\"},\"thumbnailUrl\":\"http:\\\/\\\/qtmm.org\\\/wp-content\\\/uploads\\\/2022\\\/01\\\/thors_and_chubarov_to_text.jpeg\",\"datePublished\":\"2013-11-07T21:58:00+00:00\",\"dateModified\":\"2022-01-25T21:59:38+00:00\",\"breadcrumb\":{\"@id\":\"https:\\\/\\\/qtmm.org\\\/qt\\\/osse-milliy-azliqlarnin-meseleleri-boyunca-aliy-komissar-astrid-tors-refat-cubarovni-meclis-reisi-vazifesine-saylangani-ile-hayirladi\\\/#breadcrumb\"},\"inLanguage\":\"qt\",\"potentialAction\":[{\"@type\":\"ReadAction\",\"target\":[\"https:\\\/\\\/qtmm.org\\\/qt\\\/osse-milliy-azliqlarnin-meseleleri-boyunca-aliy-komissar-astrid-tors-refat-cubarovni-meclis-reisi-vazifesine-saylangani-ile-hayirladi\\\/\"]}]},{\"@type\":\"ImageObject\",\"inLanguage\":\"qt\",\"@id\":\"https:\\\/\\\/qtmm.org\\\/qt\\\/osse-milliy-azliqlarnin-meseleleri-boyunca-aliy-komissar-astrid-tors-refat-cubarovni-meclis-reisi-vazifesine-saylangani-ile-hayirladi\\\/#primaryimage\",\"url\":\"http:\\\/\\\/qtmm.org\\\/wp-content\\\/uploads\\\/2022\\\/01\\\/thors_and_chubarov_to_text.jpeg\",\"contentUrl\":\"http:\\\/\\\/qtmm.org\\\/wp-content\\\/uploads\\\/2022\\\/01\\\/thors_and_chubarov_to_text.jpeg\"},{\"@type\":\"BreadcrumbList\",\"@id\":\"https:\\\/\\\/qtmm.org\\\/qt\\\/osse-milliy-azliqlarnin-meseleleri-boyunca-aliy-komissar-astrid-tors-refat-cubarovni-meclis-reisi-vazifesine-saylangani-ile-hayirladi\\\/#breadcrumb\",\"itemListElement\":[{\"@type\":\"ListItem\",\"position\":1,\"name\":\"\u0413\u043e\u043b\u043e\u0432\u043d\u0430\",\"item\":\"https:\\\/\\\/qtmm.org\\\/qt\\\/\"},{\"@type\":\"ListItem\",\"position\":2,\"name\":\"OSSE milliy azl\u0131qlarn\u0131\u00f1 meseleleri boyunca aliy komissar Astrid TORS Refat \u00c7ubarovn\u0131 Meclis reisi vazifesine saylan\u011fan\u0131 ile hay\u0131rlad\u0131\"}]},{\"@type\":\"WebSite\",\"@id\":\"https:\\\/\\\/qtmm.org\\\/qt\\\/#website\",\"url\":\"https:\\\/\\\/qtmm.org\\\/qt\\\/\",\"name\":\"\u041c\u0435\u0434\u0436\u043b\u0456\u0441\",\"description\":\"\",\"publisher\":{\"@id\":\"https:\\\/\\\/qtmm.org\\\/qt\\\/#organization\"},\"potentialAction\":[{\"@type\":\"SearchAction\",\"target\":{\"@type\":\"EntryPoint\",\"urlTemplate\":\"https:\\\/\\\/qtmm.org\\\/qt\\\/?s={search_term_string}\"},\"query-input\":{\"@type\":\"PropertyValueSpecification\",\"valueRequired\":true,\"valueName\":\"search_term_string\"}}],\"inLanguage\":\"qt\"},{\"@type\":\"Organization\",\"@id\":\"https:\\\/\\\/qtmm.org\\\/qt\\\/#organization\",\"name\":\"\u041c\u0435\u0434\u0436\u043b\u0456\u0441\",\"url\":\"https:\\\/\\\/qtmm.org\\\/qt\\\/\",\"logo\":{\"@type\":\"ImageObject\",\"inLanguage\":\"qt\",\"@id\":\"https:\\\/\\\/qtmm.org\\\/qt\\\/#\\\/schema\\\/logo\\\/image\\\/\",\"url\":\"https:\\\/\\\/qtmm.org\\\/wp-content\\\/uploads\\\/2024\\\/12\\\/ua-mejlis-logo-rgb.svg\",\"contentUrl\":\"https:\\\/\\\/qtmm.org\\\/wp-content\\\/uploads\\\/2024\\\/12\\\/ua-mejlis-logo-rgb.svg\",\"caption\":\"\u041c\u0435\u0434\u0436\u043b\u0456\u0441\"},\"image\":{\"@id\":\"https:\\\/\\\/qtmm.org\\\/qt\\\/#\\\/schema\\\/logo\\\/image\\\/\"},\"sameAs\":[\"https:\\\/\\\/www.facebook.com\\\/qtmm.info\\\/\"]},{\"@type\":\"Person\",\"@id\":\"https:\\\/\\\/qtmm.org\\\/qt\\\/#\\\/schema\\\/person\\\/de562469f971dec226ac06e60bbf74a7\",\"name\":\"Developer\",\"image\":{\"@type\":\"ImageObject\",\"inLanguage\":\"qt\",\"@id\":\"https:\\\/\\\/secure.gravatar.com\\\/avatar\\\/392b4cc8fbfeb00b39dfeeab4ee6edded39ffd48e25858637e4765810300227e?s=96&d=mm&r=g\",\"url\":\"https:\\\/\\\/secure.gravatar.com\\\/avatar\\\/392b4cc8fbfeb00b39dfeeab4ee6edded39ffd48e25858637e4765810300227e?s=96&d=mm&r=g\",\"contentUrl\":\"https:\\\/\\\/secure.gravatar.com\\\/avatar\\\/392b4cc8fbfeb00b39dfeeab4ee6edded39ffd48e25858637e4765810300227e?s=96&d=mm&r=g\",\"caption\":\"Developer\"},\"url\":\"https:\\\/\\\/qtmm.org\\\/qt\\\/author\\\/Developer\\\/\"}]}<\/script>\n<!-- \/ Yoast SEO plugin. -->","yoast_head_json":{"title":"OSSE milliy azl\u0131qlarn\u0131\u00f1 meseleleri boyunca aliy komissar Astrid TORS Refat \u00c7ubarovn\u0131 Meclis reisi vazifesine saylan\u011fan\u0131 ile hay\u0131rlad\u0131 - \u041c\u0435\u0434\u0436\u043b\u0456\u0441","robots":{"index":"index","follow":"follow","max-snippet":"max-snippet:-1","max-image-preview":"max-image-preview:large","max-video-preview":"max-video-preview:-1"},"canonical":"https:\/\/qtmm.org\/qt\/osse-milliy-azliqlarnin-meseleleri-boyunca-aliy-komissar-astrid-tors-refat-cubarovni-meclis-reisi-vazifesine-saylangani-ile-hayirladi\/","og_locale":"en_US","og_type":"article","og_title":"OSSE milliy azl\u0131qlarn\u0131\u00f1 meseleleri boyunca aliy komissar Astrid TORS Refat \u00c7ubarovn\u0131 Meclis reisi vazifesine saylan\u011fan\u0131 ile hay\u0131rlad\u0131 - \u041c\u0435\u0434\u0436\u043b\u0456\u0441","og_description":"&#8220;Say\u011f\u0131l\u0131 cenap \u00c7ubarov, Siz Q\u0131r\u0131mtatar halq\u0131 meclisini\u00f1 reisi olaraq saylan\u011fan\u0131\u00f1\u0131znen samimiy hay\u0131rlaym\u0131z, &#8211; dep yaza \u00f6z mekt\u00fcbinde\u00a0 OSSE milliy azl\u0131qlarn\u0131\u00f1 meseleleri boyunca aliy komissar Astrid TORS. Liderni de\u00f1i\u015ftir\u00fcv kibi tarihiy vaqia m\u00fcrekkep bir devirde old\u0131&#8221;. Meclis reisi R. \u00c7ubarov ad\u0131na yaz\u011fan mekt\u00fcbinde Aliy komissar \u015fun\u0131 da haber ete ki, bir qa\u00e7 afta evelsi eki cami [&hellip;]","og_url":"https:\/\/qtmm.org\/qt\/osse-milliy-azliqlarnin-meseleleri-boyunca-aliy-komissar-astrid-tors-refat-cubarovni-meclis-reisi-vazifesine-saylangani-ile-hayirladi\/","og_site_name":"\u041c\u0435\u0434\u0436\u043b\u0456\u0441","article_publisher":"https:\/\/www.facebook.com\/qtmm.info\/","article_published_time":"2013-11-07T21:58:00+00:00","article_modified_time":"2022-01-25T21:59:38+00:00","og_image":[{"width":650,"height":422,"url":"https:\/\/qtmm.org\/wp-content\/uploads\/2022\/01\/thors_and_chubarov_to_text.jpeg","type":"image\/jpeg"}],"author":"Developer","twitter_card":"summary_large_image","twitter_misc":{"Written by":"Developer","Est. reading time":"1 minute"},"schema":{"@context":"https:\/\/schema.org","@graph":[{"@type":"Article","@id":"https:\/\/qtmm.org\/qt\/osse-milliy-azliqlarnin-meseleleri-boyunca-aliy-komissar-astrid-tors-refat-cubarovni-meclis-reisi-vazifesine-saylangani-ile-hayirladi\/#article","isPartOf":{"@id":"https:\/\/qtmm.org\/qt\/osse-milliy-azliqlarnin-meseleleri-boyunca-aliy-komissar-astrid-tors-refat-cubarovni-meclis-reisi-vazifesine-saylangani-ile-hayirladi\/"},"author":{"name":"Developer","@id":"https:\/\/qtmm.org\/qt\/#\/schema\/person\/de562469f971dec226ac06e60bbf74a7"},"headline":"OSSE milliy azl\u0131qlarn\u0131\u00f1 meseleleri boyunca aliy komissar Astrid TORS Refat \u00c7ubarovn\u0131 Meclis reisi vazifesine saylan\u011fan\u0131 ile hay\u0131rlad\u0131","datePublished":"2013-11-07T21:58:00+00:00","dateModified":"2022-01-25T21:59:38+00:00","mainEntityOfPage":{"@id":"https:\/\/qtmm.org\/qt\/osse-milliy-azliqlarnin-meseleleri-boyunca-aliy-komissar-astrid-tors-refat-cubarovni-meclis-reisi-vazifesine-saylangani-ile-hayirladi\/"},"wordCount":234,"commentCount":0,"publisher":{"@id":"https:\/\/qtmm.org\/qt\/#organization"},"image":{"@id":"https:\/\/qtmm.org\/qt\/osse-milliy-azliqlarnin-meseleleri-boyunca-aliy-komissar-astrid-tors-refat-cubarovni-meclis-reisi-vazifesine-saylangani-ile-hayirladi\/#primaryimage"},"thumbnailUrl":"http:\/\/qtmm.org\/wp-content\/uploads\/2022\/01\/thors_and_chubarov_to_text.jpeg","articleSection":["Haberler"],"inLanguage":"qt","potentialAction":[{"@type":"CommentAction","name":"Comment","target":["https:\/\/qtmm.org\/qt\/osse-milliy-azliqlarnin-meseleleri-boyunca-aliy-komissar-astrid-tors-refat-cubarovni-meclis-reisi-vazifesine-saylangani-ile-hayirladi\/#respond"]}]},{"@type":"WebPage","@id":"https:\/\/qtmm.org\/qt\/osse-milliy-azliqlarnin-meseleleri-boyunca-aliy-komissar-astrid-tors-refat-cubarovni-meclis-reisi-vazifesine-saylangani-ile-hayirladi\/","url":"https:\/\/qtmm.org\/qt\/osse-milliy-azliqlarnin-meseleleri-boyunca-aliy-komissar-astrid-tors-refat-cubarovni-meclis-reisi-vazifesine-saylangani-ile-hayirladi\/","name":"OSSE milliy azl\u0131qlarn\u0131\u00f1 meseleleri boyunca aliy komissar Astrid TORS Refat \u00c7ubarovn\u0131 Meclis reisi vazifesine saylan\u011fan\u0131 ile hay\u0131rlad\u0131 - \u041c\u0435\u0434\u0436\u043b\u0456\u0441","isPartOf":{"@id":"https:\/\/qtmm.org\/qt\/#website"},"primaryImageOfPage":{"@id":"https:\/\/qtmm.org\/qt\/osse-milliy-azliqlarnin-meseleleri-boyunca-aliy-komissar-astrid-tors-refat-cubarovni-meclis-reisi-vazifesine-saylangani-ile-hayirladi\/#primaryimage"},"image":{"@id":"https:\/\/qtmm.org\/qt\/osse-milliy-azliqlarnin-meseleleri-boyunca-aliy-komissar-astrid-tors-refat-cubarovni-meclis-reisi-vazifesine-saylangani-ile-hayirladi\/#primaryimage"},"thumbnailUrl":"http:\/\/qtmm.org\/wp-content\/uploads\/2022\/01\/thors_and_chubarov_to_text.jpeg","datePublished":"2013-11-07T21:58:00+00:00","dateModified":"2022-01-25T21:59:38+00:00","breadcrumb":{"@id":"https:\/\/qtmm.org\/qt\/osse-milliy-azliqlarnin-meseleleri-boyunca-aliy-komissar-astrid-tors-refat-cubarovni-meclis-reisi-vazifesine-saylangani-ile-hayirladi\/#breadcrumb"},"inLanguage":"qt","potentialAction":[{"@type":"ReadAction","target":["https:\/\/qtmm.org\/qt\/osse-milliy-azliqlarnin-meseleleri-boyunca-aliy-komissar-astrid-tors-refat-cubarovni-meclis-reisi-vazifesine-saylangani-ile-hayirladi\/"]}]},{"@type":"ImageObject","inLanguage":"qt","@id":"https:\/\/qtmm.org\/qt\/osse-milliy-azliqlarnin-meseleleri-boyunca-aliy-komissar-astrid-tors-refat-cubarovni-meclis-reisi-vazifesine-saylangani-ile-hayirladi\/#primaryimage","url":"http:\/\/qtmm.org\/wp-content\/uploads\/2022\/01\/thors_and_chubarov_to_text.jpeg","contentUrl":"http:\/\/qtmm.org\/wp-content\/uploads\/2022\/01\/thors_and_chubarov_to_text.jpeg"},{"@type":"BreadcrumbList","@id":"https:\/\/qtmm.org\/qt\/osse-milliy-azliqlarnin-meseleleri-boyunca-aliy-komissar-astrid-tors-refat-cubarovni-meclis-reisi-vazifesine-saylangani-ile-hayirladi\/#breadcrumb","itemListElement":[{"@type":"ListItem","position":1,"name":"\u0413\u043e\u043b\u043e\u0432\u043d\u0430","item":"https:\/\/qtmm.org\/qt\/"},{"@type":"ListItem","position":2,"name":"OSSE milliy azl\u0131qlarn\u0131\u00f1 meseleleri boyunca aliy komissar Astrid TORS Refat \u00c7ubarovn\u0131 Meclis reisi vazifesine saylan\u011fan\u0131 ile hay\u0131rlad\u0131"}]},{"@type":"WebSite","@id":"https:\/\/qtmm.org\/qt\/#website","url":"https:\/\/qtmm.org\/qt\/","name":"\u041c\u0435\u0434\u0436\u043b\u0456\u0441","description":"","publisher":{"@id":"https:\/\/qtmm.org\/qt\/#organization"},"potentialAction":[{"@type":"SearchAction","target":{"@type":"EntryPoint","urlTemplate":"https:\/\/qtmm.org\/qt\/?s={search_term_string}"},"query-input":{"@type":"PropertyValueSpecification","valueRequired":true,"valueName":"search_term_string"}}],"inLanguage":"qt"},{"@type":"Organization","@id":"https:\/\/qtmm.org\/qt\/#organization","name":"\u041c\u0435\u0434\u0436\u043b\u0456\u0441","url":"https:\/\/qtmm.org\/qt\/","logo":{"@type":"ImageObject","inLanguage":"qt","@id":"https:\/\/qtmm.org\/qt\/#\/schema\/logo\/image\/","url":"https:\/\/qtmm.org\/wp-content\/uploads\/2024\/12\/ua-mejlis-logo-rgb.svg","contentUrl":"https:\/\/qtmm.org\/wp-content\/uploads\/2024\/12\/ua-mejlis-logo-rgb.svg","caption":"\u041c\u0435\u0434\u0436\u043b\u0456\u0441"},"image":{"@id":"https:\/\/qtmm.org\/qt\/#\/schema\/logo\/image\/"},"sameAs":["https:\/\/www.facebook.com\/qtmm.info\/"]},{"@type":"Person","@id":"https:\/\/qtmm.org\/qt\/#\/schema\/person\/de562469f971dec226ac06e60bbf74a7","name":"Developer","image":{"@type":"ImageObject","inLanguage":"qt","@id":"https:\/\/secure.gravatar.com\/avatar\/392b4cc8fbfeb00b39dfeeab4ee6edded39ffd48e25858637e4765810300227e?s=96&d=mm&r=g","url":"https:\/\/secure.gravatar.com\/avatar\/392b4cc8fbfeb00b39dfeeab4ee6edded39ffd48e25858637e4765810300227e?s=96&d=mm&r=g","contentUrl":"https:\/\/secure.gravatar.com\/avatar\/392b4cc8fbfeb00b39dfeeab4ee6edded39ffd48e25858637e4765810300227e?s=96&d=mm&r=g","caption":"Developer"},"url":"https:\/\/qtmm.org\/qt\/author\/Developer\/"}]}},"_links":{"self":[{"href":"https:\/\/qtmm.org\/qt\/wp-json\/wp\/v2\/posts\/40269","targetHints":{"allow":["GET"]}}],"collection":[{"href":"https:\/\/qtmm.org\/qt\/wp-json\/wp\/v2\/posts"}],"about":[{"href":"https:\/\/qtmm.org\/qt\/wp-json\/wp\/v2\/types\/post"}],"author":[{"embeddable":true,"href":"https:\/\/qtmm.org\/qt\/wp-json\/wp\/v2\/users\/1"}],"replies":[{"embeddable":true,"href":"https:\/\/qtmm.org\/qt\/wp-json\/wp\/v2\/comments?post=40269"}],"version-history":[{"count":1,"href":"https:\/\/qtmm.org\/qt\/wp-json\/wp\/v2\/posts\/40269\/revisions"}],"predecessor-version":[{"id":40278,"href":"https:\/\/qtmm.org\/qt\/wp-json\/wp\/v2\/posts\/40269\/revisions\/40278"}],"wp:attachment":[{"href":"https:\/\/qtmm.org\/qt\/wp-json\/wp\/v2\/media?parent=40269"}],"wp:term":[{"taxonomy":"category","embeddable":true,"href":"https:\/\/qtmm.org\/qt\/wp-json\/wp\/v2\/categories?post=40269"},{"taxonomy":"post_tag","embeddable":true,"href":"https:\/\/qtmm.org\/qt\/wp-json\/wp\/v2\/tags?post=40269"}],"curies":[{"name":"wp","href":"https:\/\/api.w.org\/{rel}","templated":true}]}}